{"id":35916,"date":"2026-09-03T10:58:48","date_gmt":"2026-09-03T08:58:48","guid":{"rendered":"https:\/\/www.protect-the-planet.de\/?p=35916"},"modified":"2026-09-03T10:59:34","modified_gmt":"2026-09-03T08:59:34","slug":"auszeichnung-fuer-dr-roda-verheyen-recht-so","status":"publish","type":"post","link":"https:\/\/www.protect-the-planet.de\/en\/auszeichnung-fuer-dr-roda-verheyen-recht-so\/","title":{"rendered":"Auszeichnung f\u00fcr Dr. Roda Verheyen &#8211; Recht so!\u00a0"},"content":{"rendered":"\n<p class=\"wp-block-paragraph\"><em>Ein Kommentar von Markus Raschke, Gesch\u00e4ftsf\u00fchrung Protect the Planet<\/em><\/p>\n\n\n\n<p class=\"wp-block-paragraph\">Es gibt Menschen, die man wegen ihrer einnehmenden Art sofort ins Herz schlie\u00dft. Und es gibt Menschen, die scheinbar ganz unterschiedliche Aufgaben gleichzeitig bew\u00e4ltigen k\u00f6nnen. Roda Verheyen ist beides.<\/p>\n\n\n\n<p class=\"wp-block-paragraph\">Bei meinem ersten Besuch erlebte ich die unpr\u00e4tenti\u00f6se Powerfrau aus Hamburg gleichzeitig beim Kuchenbacken, beim Schreiben einer Einkaufsliste, im Telefonat mit ihrer Kanzlei und beim Helfen bei den Hausaufgaben ihrer Tochter. Und irgendwie wirkte nichts davon zu viel.<\/p>\n\n\n\n<p class=\"wp-block-paragraph\">Roda Verheyen bringt glaubw\u00fcrdig r\u00fcber, dass es ihr als Juristin tats\u00e4chlich um Gerechtigkeit geht. Naiv ist sie dabei nicht \u2013 sondern strategisch, analytisch und dabei empathisch und ungeheuer klar. Ich erinnere mich noch gut an unsere erste Begegnung im Dezember 2017 mit weitreichenden Folgen.<\/p>\n\n\n\n<p class=\"wp-block-paragraph\">Mit Roda Verheyen kann man den Verbrechen an unserer Zukunft im Gerichtssaal begegnen. Etwa mit dem \u201e<a href=\"https:\/\/www.protect-the-planet.de\/peoples-climate-case\/\">People&#8217;s Climate Case<\/a>&#8220;, der ersten europ\u00e4ischen Klimaklage gegen die unzureichenden Klimaziele der EU, die auf eine Initiative unserer <a href=\"https:\/\/www.protect-the-planet.de\/stiftung\/\">Stifterin Dorothea Sick-Thies<\/a> zur\u00fcckgeht und die wir von Protect the Planet gemeinsam mit ihr auf den Weg gebracht haben, damals noch unter der Leitung von Markus Gohr, der heute der Sick-Umweltstiftung vorsteht.<\/p>\n\n\n\n<p class=\"wp-block-paragraph\">Kl\u00e4gerfamilien von Jokkmokk in Nordschweden bis Badan Rero in der kenianischen W\u00fcste forderten darin den Schutz ihrer Menschenrechte \u2013 und waren mit Roda Verheyen bestens vertreten. Aus dieser gemeinsamen Arbeit entstand auch die erfolgreiche Verfassungsbeschwerde gegen das deutsche Klimaschutzgesetz, die Roda u. a. mit Germanwatch und Greenpeace voranbrachte. Der historische Klimabeschluss von 2021 machte deutlich: Der Staat darf Klimaschutz nicht immer weiter in die Zukunft verschieben und damit die Freiheitsrechte junger und kommender Generationen beschneiden.<\/p>\n\n\n\n<p class=\"wp-block-paragraph\">Im Verfahren des peruanischen Bauern und Bergf\u00fchrers Sa\u00fal Luciano Lliuya gegen RWE konnten wir Roda live im Gerichtssaal erleben \u2013 2025 stellte das Oberlandesgericht Hamm grunds\u00e4tzlich fest, dass gro\u00dfe Emittenten f\u00fcr konkrete Folgen der Klimakrise direkt haftbar gemacht werden k\u00f6nnen. Ein Meilenstein f\u00fcr k\u00fcnftige Verfahren gegen fossile Gro\u00dfemittenten.<\/p>\n\n\n\n<p class=\"wp-block-paragraph\">Roda Verheyen hat entscheidend dazu beigetragen, die Klimafrage aus wissenschaftlichen Berichten und politischen Sonntagsreden in die Gerichtss\u00e4le zu bringen. Nicht, weil Gerichte die bessere Klimapolitik machen sollen. Sondern weil die Politik ihre Verantwortung immer wieder verweigert \u2013 und Recht dort gebraucht wird, wo Macht begrenzt und Verantwortung eingefordert werden muss.<\/p>\n\n\n\n<p class=\"wp-block-paragraph\">Heute ist Roda eine der bekanntesten Umweltanw\u00e4lt*innen Deutschlands und Richterin am Hamburgischen Verfassungsgericht \u2013 bei vollst\u00e4ndiger Bodenhaftung.<\/p>\n\n\n\n<p class=\"wp-block-paragraph\">Wir bei Protect the Planet d\u00fcrfen seit vielen Jahren mit ihr zusammenarbeiten. Immer wieder beeindrucken uns ihre juristische Klarheit, ihre Beharrlichkeit und ihre F\u00e4higkeit, hochkomplexe Fragen f\u00fcr Laien verst\u00e4ndlich auf den Punkt zu bringen.<\/p>\n\n\n\n<p class=\"wp-block-paragraph\">Dass Roda nun mit dem <a href=\"https:\/\/www.dbu.de\/news\/deutscher-umweltpreis-der-dbu-fuer-roda-verheyen-und-klaus-vossenkaul\/\">Deutschen Umweltpreis<\/a> ausgezeichnet und durch den Bundespr\u00e4sidenten geehrt wird, hat sie sich redlich verdient. Mit dieser Auszeichnung wird nicht nur eine herausragende Juristin geehrt. Ausgezeichnet wird eine Frau, die das Umwelt- und Klimarecht ver\u00e4ndert, neue Wege ge\u00f6ffnet und vielen Menschen gezeigt hat: Man muss Macht und Verantwortungslosigkeit nicht einfach hinnehmen. Man kann sich wehren.<\/p>\n\n\n\n<p class=\"wp-block-paragraph\">Wir sind stolz auf unsere gemeinsame Arbeit und dankbar, Roda als Menschen zu kennen.<\/p>\n\n\n\n<p class=\"wp-block-paragraph\">Liebe Roda, wir gratulieren dir von Herzen \u2013 und freuen uns auf alles, was wir gemeinsam noch in Bewegung bringen werden.<\/p>\n\n\n\n<p class=\"wp-block-paragraph\"><\/p>\n","protected":false},"excerpt":{"rendered":"<p>Deutscher Umweltpreis der DBU f\u00fcr Umweltjuristin Dr. Roda Verheyen. Wir gratulieren und bedanken uns f\u00fcr die langj\u00e4hrige Zusammenarbeit.<\/p>\n","protected":false},"author":10,"featured_media":35917,"comment_status":"closed","ping_status":"closed","sticky":false,"template":"","format":"standard","meta":{"_acf_changed":false,"footnotes":""},"categories":[729],"tags":[1166,1745,710],"class_list":["post-35916","post","type-post","status-publish","format-standard","has-post-thumbnail","hentry","category-news","tag-dr-roda-verheyen-en","tag-klimarecht-en","tag-klimaschutz-en"],"acf":[],"yoast_head":"<!-- This site is optimized with the Yoast SEO plugin v28.4 - https:\/\/yoast.com\/product\/yoast-seo-wordpress\/ -->\n<title>Auszeichnung f\u00fcr Dr. Roda Verheyen - Recht so!\u00a0 - Protect the Planet<\/title>\n<meta name=\"description\" content=\"Deutscher Umweltpreis der DBU f\u00fcr Umweltjuristin Dr. Roda Verheyen. Wir gratulieren und bedanken uns f\u00fcr die langj\u00e4hrige Zusammenarbeit.\" \/>\n<meta name=\"robots\" content=\"index, follow, max-snippet:-1, max-image-preview:large, max-video-preview:-1\" \/>\n<link rel=\"canonical\" href=\"https:\/\/www.protect-the-planet.de\/en\/auszeichnung-fuer-dr-roda-verheyen-recht-so\/\" \/>\n<meta property=\"og:locale\" content=\"en_US\" \/>\n<meta property=\"og:type\" content=\"article\" \/>\n<meta property=\"og:title\" content=\"Auszeichnung f\u00fcr Dr. Roda Verheyen - Recht so!\u00a0 - Protect the Planet\" \/>\n<meta property=\"og:description\" content=\"Deutscher Umweltpreis der DBU f\u00fcr Umweltjuristin Dr. Roda Verheyen. Wir gratulieren und bedanken uns f\u00fcr die langj\u00e4hrige Zusammenarbeit.\" \/>\n<meta property=\"og:url\" content=\"https:\/\/www.protect-the-planet.de\/en\/auszeichnung-fuer-dr-roda-verheyen-recht-so\/\" \/>\n<meta property=\"og:site_name\" content=\"Protect the Planet\" \/>\n<meta property=\"article:publisher\" content=\"https:\/\/www.facebook.com\/protecttheplanetDE\/\" \/>\n<meta property=\"article:published_time\" content=\"2026-09-03T08:58:48+00:00\" \/>\n<meta property=\"article:modified_time\" content=\"2026-09-03T08:59:34+00:00\" \/>\n<meta property=\"og:image\" content=\"https:\/\/www.protect-the-planet.de\/wp-content\/uploads\/2026\/09\/Dr.-Roda-Verheyen-Deutscher-Umweltpreis.png\" \/>\n\t<meta property=\"og:image:width\" content=\"900\" \/>\n\t<meta property=\"og:image:height\" content=\"550\" \/>\n\t<meta property=\"og:image:type\" content=\"image\/png\" \/>\n<meta name=\"author\" content=\"Marlene Schorr\" \/>\n<meta name=\"twitter:card\" content=\"summary_large_image\" \/>\n<meta name=\"twitter:creator\" content=\"@PtP_de\" \/>\n<meta name=\"twitter:site\" content=\"@PtP_de\" \/>\n<meta name=\"twitter:label1\" content=\"Written by\" \/>\n\t<meta name=\"twitter:data1\" content=\"Marlene Schorr\" \/>\n\t<meta name=\"twitter:label2\" content=\"Est. reading time\" \/>\n\t<meta name=\"twitter:data2\" content=\"3 minutes\" \/>\n<script type=\"application\/ld+json\" class=\"yoast-schema-graph\">{\"@context\":\"https:\\\/\\\/schema.org\",\"@graph\":[{\"@type\":\"Article\",\"@id\":\"https:\\\/\\\/www.protect-the-planet.de\\\/en\\\/auszeichnung-fuer-dr-roda-verheyen-recht-so\\\/#article\",\"isPartOf\":{\"@id\":\"https:\\\/\\\/www.protect-the-planet.de\\\/en\\\/auszeichnung-fuer-dr-roda-verheyen-recht-so\\\/\"},\"author\":{\"name\":\"Marlene Schorr\",\"@id\":\"https:\\\/\\\/www.protect-the-planet.de\\\/en\\\/#\\\/schema\\\/person\\\/c5f68fff219fefde61da571621343455\"},\"headline\":\"Auszeichnung f\u00fcr Dr. Roda Verheyen &#8211; Recht so!\u00a0\",\"datePublished\":\"2026-09-03T08:58:48+00:00\",\"dateModified\":\"2026-09-03T08:59:34+00:00\",\"mainEntityOfPage\":{\"@id\":\"https:\\\/\\\/www.protect-the-planet.de\\\/en\\\/auszeichnung-fuer-dr-roda-verheyen-recht-so\\\/\"},\"wordCount\":539,\"publisher\":{\"@id\":\"https:\\\/\\\/www.protect-the-planet.de\\\/en\\\/#organization\"},\"image\":{\"@id\":\"https:\\\/\\\/www.protect-the-planet.de\\\/en\\\/auszeichnung-fuer-dr-roda-verheyen-recht-so\\\/#primaryimage\"},\"thumbnailUrl\":\"https:\\\/\\\/www.protect-the-planet.de\\\/wp-content\\\/uploads\\\/2026\\\/09\\\/Dr.-Roda-Verheyen-Deutscher-Umweltpreis.png\",\"keywords\":[\"Dr. Roda Verheyen\",\"Klimarecht\",\"Klimaschutz\"],\"articleSection\":[\"News\"],\"inLanguage\":\"en-US\"},{\"@type\":\"WebPage\",\"@id\":\"https:\\\/\\\/www.protect-the-planet.de\\\/en\\\/auszeichnung-fuer-dr-roda-verheyen-recht-so\\\/\",\"url\":\"https:\\\/\\\/www.protect-the-planet.de\\\/en\\\/auszeichnung-fuer-dr-roda-verheyen-recht-so\\\/\",\"name\":\"Auszeichnung f\u00fcr Dr. Roda Verheyen - Recht so!\u00a0 - Protect the Planet\",\"isPartOf\":{\"@id\":\"https:\\\/\\\/www.protect-the-planet.de\\\/en\\\/#website\"},\"primaryImageOfPage\":{\"@id\":\"https:\\\/\\\/www.protect-the-planet.de\\\/en\\\/auszeichnung-fuer-dr-roda-verheyen-recht-so\\\/#primaryimage\"},\"image\":{\"@id\":\"https:\\\/\\\/www.protect-the-planet.de\\\/en\\\/auszeichnung-fuer-dr-roda-verheyen-recht-so\\\/#primaryimage\"},\"thumbnailUrl\":\"https:\\\/\\\/www.protect-the-planet.de\\\/wp-content\\\/uploads\\\/2026\\\/09\\\/Dr.-Roda-Verheyen-Deutscher-Umweltpreis.png\",\"datePublished\":\"2026-09-03T08:58:48+00:00\",\"dateModified\":\"2026-09-03T08:59:34+00:00\",\"description\":\"Deutscher Umweltpreis der DBU f\u00fcr Umweltjuristin Dr. Roda Verheyen. Wir gratulieren und bedanken uns f\u00fcr die langj\u00e4hrige Zusammenarbeit.\",\"breadcrumb\":{\"@id\":\"https:\\\/\\\/www.protect-the-planet.de\\\/en\\\/auszeichnung-fuer-dr-roda-verheyen-recht-so\\\/#breadcrumb\"},\"inLanguage\":\"en-US\",\"potentialAction\":[{\"@type\":\"ReadAction\",\"target\":[\"https:\\\/\\\/www.protect-the-planet.de\\\/en\\\/auszeichnung-fuer-dr-roda-verheyen-recht-so\\\/\"]}]},{\"@type\":\"ImageObject\",\"inLanguage\":\"en-US\",\"@id\":\"https:\\\/\\\/www.protect-the-planet.de\\\/en\\\/auszeichnung-fuer-dr-roda-verheyen-recht-so\\\/#primaryimage\",\"url\":\"https:\\\/\\\/www.protect-the-planet.de\\\/wp-content\\\/uploads\\\/2026\\\/09\\\/Dr.-Roda-Verheyen-Deutscher-Umweltpreis.png\",\"contentUrl\":\"https:\\\/\\\/www.protect-the-planet.de\\\/wp-content\\\/uploads\\\/2026\\\/09\\\/Dr.-Roda-Verheyen-Deutscher-Umweltpreis.png\",\"width\":900,\"height\":550},{\"@type\":\"BreadcrumbList\",\"@id\":\"https:\\\/\\\/www.protect-the-planet.de\\\/en\\\/auszeichnung-fuer-dr-roda-verheyen-recht-so\\\/#breadcrumb\",\"itemListElement\":[{\"@type\":\"ListItem\",\"position\":1,\"name\":\"Startseite\",\"item\":\"https:\\\/\\\/www.protect-the-planet.de\\\/en\\\/home\\\/\"},{\"@type\":\"ListItem\",\"position\":2,\"name\":\"Auszeichnung f\u00fcr Dr. Roda Verheyen &#8211; Recht so!\u00a0\"}]},{\"@type\":\"WebSite\",\"@id\":\"https:\\\/\\\/www.protect-the-planet.de\\\/en\\\/#website\",\"url\":\"https:\\\/\\\/www.protect-the-planet.de\\\/en\\\/\",\"name\":\"Protect the Planet\",\"description\":\"If we don&#039;t change, the climate will.\",\"publisher\":{\"@id\":\"https:\\\/\\\/www.protect-the-planet.de\\\/en\\\/#organization\"},\"alternateName\":\"Protect the Panet gGmbH\",\"potentialAction\":[{\"@type\":\"SearchAction\",\"target\":{\"@type\":\"EntryPoint\",\"urlTemplate\":\"https:\\\/\\\/www.protect-the-planet.de\\\/en\\\/?s={search_term_string}\"},\"query-input\":{\"@type\":\"PropertyValueSpecification\",\"valueRequired\":true,\"valueName\":\"search_term_string\"}}],\"inLanguage\":\"en-US\"},{\"@type\":\"Organization\",\"@id\":\"https:\\\/\\\/www.protect-the-planet.de\\\/en\\\/#organization\",\"name\":\"Protect the Planet\",\"url\":\"https:\\\/\\\/www.protect-the-planet.de\\\/en\\\/\",\"logo\":{\"@type\":\"ImageObject\",\"inLanguage\":\"en-US\",\"@id\":\"https:\\\/\\\/www.protect-the-planet.de\\\/en\\\/#\\\/schema\\\/logo\\\/image\\\/\",\"url\":\"https:\\\/\\\/www.protect-the-planet.de\\\/wp-content\\\/uploads\\\/2023\\\/09\\\/LOGO-positiv_transparent-klein.png\",\"contentUrl\":\"https:\\\/\\\/www.protect-the-planet.de\\\/wp-content\\\/uploads\\\/2023\\\/09\\\/LOGO-positiv_transparent-klein.png\",\"width\":123,\"height\":68,\"caption\":\"Protect the Planet\"},\"image\":{\"@id\":\"https:\\\/\\\/www.protect-the-planet.de\\\/en\\\/#\\\/schema\\\/logo\\\/image\\\/\"},\"sameAs\":[\"https:\\\/\\\/www.facebook.com\\\/protecttheplanetDE\\\/\",\"https:\\\/\\\/x.com\\\/PtP_de\",\"https:\\\/\\\/www.instagram.com\\\/protecttheplanetorg\\\/\",\"https:\\\/\\\/www.linkedin.com\\\/company\\\/protect-the-planet\",\"https:\\\/\\\/www.youtube.com\\\/@protecttheplanet\"]},{\"@type\":\"Person\",\"@id\":\"https:\\\/\\\/www.protect-the-planet.de\\\/en\\\/#\\\/schema\\\/person\\\/c5f68fff219fefde61da571621343455\",\"name\":\"Marlene Schorr\",\"image\":{\"@type\":\"ImageObject\",\"inLanguage\":\"en-US\",\"@id\":\"https:\\\/\\\/secure.gravatar.com\\\/avatar\\\/78d101b05e6da18a98f007d6ad5f076a6c8fc0dcc2e943f6e304d20caf0c1806?s=96&d=mm&r=g\",\"url\":\"https:\\\/\\\/secure.gravatar.com\\\/avatar\\\/78d101b05e6da18a98f007d6ad5f076a6c8fc0dcc2e943f6e304d20caf0c1806?s=96&d=mm&r=g\",\"contentUrl\":\"https:\\\/\\\/secure.gravatar.com\\\/avatar\\\/78d101b05e6da18a98f007d6ad5f076a6c8fc0dcc2e943f6e304d20caf0c1806?s=96&d=mm&r=g\",\"caption\":\"Marlene Schorr\"},\"url\":\"https:\\\/\\\/www.protect-the-planet.de\\\/en\\\/author\\\/marlene-schorr\\\/\"}]}<\/script>\n<!-- \/ Yoast SEO plugin. -->","yoast_head_json":{"title":"Auszeichnung f\u00fcr Dr. Roda Verheyen - Recht so!\u00a0 - Protect the Planet","description":"Deutscher Umweltpreis der DBU f\u00fcr Umweltjuristin Dr. Roda Verheyen. Wir gratulieren und bedanken uns f\u00fcr die langj\u00e4hrige Zusammenarbeit.","robots":{"index":"index","follow":"follow","max-snippet":"max-snippet:-1","max-image-preview":"max-image-preview:large","max-video-preview":"max-video-preview:-1"},"canonical":"https:\/\/www.protect-the-planet.de\/en\/auszeichnung-fuer-dr-roda-verheyen-recht-so\/","og_locale":"en_US","og_type":"article","og_title":"Auszeichnung f\u00fcr Dr. Roda Verheyen - Recht so!\u00a0 - Protect the Planet","og_description":"Deutscher Umweltpreis der DBU f\u00fcr Umweltjuristin Dr. Roda Verheyen. Wir gratulieren und bedanken uns f\u00fcr die langj\u00e4hrige Zusammenarbeit.","og_url":"https:\/\/www.protect-the-planet.de\/en\/auszeichnung-fuer-dr-roda-verheyen-recht-so\/","og_site_name":"Protect the Planet","article_publisher":"https:\/\/www.facebook.com\/protecttheplanetDE\/","article_published_time":"2026-09-03T08:58:48+00:00","article_modified_time":"2026-09-03T08:59:34+00:00","og_image":[{"width":900,"height":550,"url":"https:\/\/www.protect-the-planet.de\/wp-content\/uploads\/2026\/09\/Dr.-Roda-Verheyen-Deutscher-Umweltpreis.png","type":"image\/png"}],"author":"Marlene Schorr","twitter_card":"summary_large_image","twitter_creator":"@PtP_de","twitter_site":"@PtP_de","twitter_misc":{"Written by":"Marlene Schorr","Est. reading time":"3 minutes"},"schema":{"@context":"https:\/\/schema.org","@graph":[{"@type":"Article","@id":"https:\/\/www.protect-the-planet.de\/en\/auszeichnung-fuer-dr-roda-verheyen-recht-so\/#article","isPartOf":{"@id":"https:\/\/www.protect-the-planet.de\/en\/auszeichnung-fuer-dr-roda-verheyen-recht-so\/"},"author":{"name":"Marlene Schorr","@id":"https:\/\/www.protect-the-planet.de\/en\/#\/schema\/person\/c5f68fff219fefde61da571621343455"},"headline":"Auszeichnung f\u00fcr Dr. Roda Verheyen &#8211; Recht so!\u00a0","datePublished":"2026-09-03T08:58:48+00:00","dateModified":"2026-09-03T08:59:34+00:00","mainEntityOfPage":{"@id":"https:\/\/www.protect-the-planet.de\/en\/auszeichnung-fuer-dr-roda-verheyen-recht-so\/"},"wordCount":539,"publisher":{"@id":"https:\/\/www.protect-the-planet.de\/en\/#organization"},"image":{"@id":"https:\/\/www.protect-the-planet.de\/en\/auszeichnung-fuer-dr-roda-verheyen-recht-so\/#primaryimage"},"thumbnailUrl":"https:\/\/www.protect-the-planet.de\/wp-content\/uploads\/2026\/09\/Dr.-Roda-Verheyen-Deutscher-Umweltpreis.png","keywords":["Dr. Roda Verheyen","Klimarecht","Klimaschutz"],"articleSection":["News"],"inLanguage":"en-US"},{"@type":"WebPage","@id":"https:\/\/www.protect-the-planet.de\/en\/auszeichnung-fuer-dr-roda-verheyen-recht-so\/","url":"https:\/\/www.protect-the-planet.de\/en\/auszeichnung-fuer-dr-roda-verheyen-recht-so\/","name":"Auszeichnung f\u00fcr Dr. Roda Verheyen - Recht so!\u00a0 - Protect the Planet","isPartOf":{"@id":"https:\/\/www.protect-the-planet.de\/en\/#website"},"primaryImageOfPage":{"@id":"https:\/\/www.protect-the-planet.de\/en\/auszeichnung-fuer-dr-roda-verheyen-recht-so\/#primaryimage"},"image":{"@id":"https:\/\/www.protect-the-planet.de\/en\/auszeichnung-fuer-dr-roda-verheyen-recht-so\/#primaryimage"},"thumbnailUrl":"https:\/\/www.protect-the-planet.de\/wp-content\/uploads\/2026\/09\/Dr.-Roda-Verheyen-Deutscher-Umweltpreis.png","datePublished":"2026-09-03T08:58:48+00:00","dateModified":"2026-09-03T08:59:34+00:00","description":"Deutscher Umweltpreis der DBU f\u00fcr Umweltjuristin Dr. Roda Verheyen. Wir gratulieren und bedanken uns f\u00fcr die langj\u00e4hrige Zusammenarbeit.","breadcrumb":{"@id":"https:\/\/www.protect-the-planet.de\/en\/auszeichnung-fuer-dr-roda-verheyen-recht-so\/#breadcrumb"},"inLanguage":"en-US","potentialAction":[{"@type":"ReadAction","target":["https:\/\/www.protect-the-planet.de\/en\/auszeichnung-fuer-dr-roda-verheyen-recht-so\/"]}]},{"@type":"ImageObject","inLanguage":"en-US","@id":"https:\/\/www.protect-the-planet.de\/en\/auszeichnung-fuer-dr-roda-verheyen-recht-so\/#primaryimage","url":"https:\/\/www.protect-the-planet.de\/wp-content\/uploads\/2026\/09\/Dr.-Roda-Verheyen-Deutscher-Umweltpreis.png","contentUrl":"https:\/\/www.protect-the-planet.de\/wp-content\/uploads\/2026\/09\/Dr.-Roda-Verheyen-Deutscher-Umweltpreis.png","width":900,"height":550},{"@type":"BreadcrumbList","@id":"https:\/\/www.protect-the-planet.de\/en\/auszeichnung-fuer-dr-roda-verheyen-recht-so\/#breadcrumb","itemListElement":[{"@type":"ListItem","position":1,"name":"Startseite","item":"https:\/\/www.protect-the-planet.de\/en\/home\/"},{"@type":"ListItem","position":2,"name":"Auszeichnung f\u00fcr Dr. Roda Verheyen &#8211; Recht so!\u00a0"}]},{"@type":"WebSite","@id":"https:\/\/www.protect-the-planet.de\/en\/#website","url":"https:\/\/www.protect-the-planet.de\/en\/","name":"Protect the Planet","description":"If we don&#039;t change, the climate will.","publisher":{"@id":"https:\/\/www.protect-the-planet.de\/en\/#organization"},"alternateName":"Protect the Panet gGmbH","potentialAction":[{"@type":"SearchAction","target":{"@type":"EntryPoint","urlTemplate":"https:\/\/www.protect-the-planet.de\/en\/?s={search_term_string}"},"query-input":{"@type":"PropertyValueSpecification","valueRequired":true,"valueName":"search_term_string"}}],"inLanguage":"en-US"},{"@type":"Organization","@id":"https:\/\/www.protect-the-planet.de\/en\/#organization","name":"Protect the Planet","url":"https:\/\/www.protect-the-planet.de\/en\/","logo":{"@type":"ImageObject","inLanguage":"en-US","@id":"https:\/\/www.protect-the-planet.de\/en\/#\/schema\/logo\/image\/","url":"https:\/\/www.protect-the-planet.de\/wp-content\/uploads\/2023\/09\/LOGO-positiv_transparent-klein.png","contentUrl":"https:\/\/www.protect-the-planet.de\/wp-content\/uploads\/2023\/09\/LOGO-positiv_transparent-klein.png","width":123,"height":68,"caption":"Protect the Planet"},"image":{"@id":"https:\/\/www.protect-the-planet.de\/en\/#\/schema\/logo\/image\/"},"sameAs":["https:\/\/www.facebook.com\/protecttheplanetDE\/","https:\/\/x.com\/PtP_de","https:\/\/www.instagram.com\/protecttheplanetorg\/","https:\/\/www.linkedin.com\/company\/protect-the-planet","https:\/\/www.youtube.com\/@protecttheplanet"]},{"@type":"Person","@id":"https:\/\/www.protect-the-planet.de\/en\/#\/schema\/person\/c5f68fff219fefde61da571621343455","name":"Marlene Schorr","image":{"@type":"ImageObject","inLanguage":"en-US","@id":"https:\/\/secure.gravatar.com\/avatar\/78d101b05e6da18a98f007d6ad5f076a6c8fc0dcc2e943f6e304d20caf0c1806?s=96&d=mm&r=g","url":"https:\/\/secure.gravatar.com\/avatar\/78d101b05e6da18a98f007d6ad5f076a6c8fc0dcc2e943f6e304d20caf0c1806?s=96&d=mm&r=g","contentUrl":"https:\/\/secure.gravatar.com\/avatar\/78d101b05e6da18a98f007d6ad5f076a6c8fc0dcc2e943f6e304d20caf0c1806?s=96&d=mm&r=g","caption":"Marlene Schorr"},"url":"https:\/\/www.protect-the-planet.de\/en\/author\/marlene-schorr\/"}]}},"_links":{"self":[{"href":"https:\/\/www.protect-the-planet.de\/en\/wp-json\/wp\/v2\/posts\/35916","targetHints":{"allow":["GET"]}}],"collection":[{"href":"https:\/\/www.protect-the-planet.de\/en\/wp-json\/wp\/v2\/posts"}],"about":[{"href":"https:\/\/www.protect-the-planet.de\/en\/wp-json\/wp\/v2\/types\/post"}],"author":[{"embeddable":true,"href":"https:\/\/www.protect-the-planet.de\/en\/wp-json\/wp\/v2\/users\/10"}],"replies":[{"embeddable":true,"href":"https:\/\/www.protect-the-planet.de\/en\/wp-json\/wp\/v2\/comments?post=35916"}],"version-history":[{"count":1,"href":"https:\/\/www.protect-the-planet.de\/en\/wp-json\/wp\/v2\/posts\/35916\/revisions"}],"predecessor-version":[{"id":35918,"href":"https:\/\/www.protect-the-planet.de\/en\/wp-json\/wp\/v2\/posts\/35916\/revisions\/35918"}],"wp:featuredmedia":[{"embeddable":true,"href":"https:\/\/www.protect-the-planet.de\/en\/wp-json\/wp\/v2\/media\/35917"}],"wp:attachment":[{"href":"https:\/\/www.protect-the-planet.de\/en\/wp-json\/wp\/v2\/media?parent=35916"}],"wp:term":[{"taxonomy":"category","embeddable":true,"href":"https:\/\/www.protect-the-planet.de\/en\/wp-json\/wp\/v2\/categories?post=35916"},{"taxonomy":"post_tag","embeddable":true,"href":"https:\/\/www.protect-the-planet.de\/en\/wp-json\/wp\/v2\/tags?post=35916"}],"curies":[{"name":"wp","href":"https:\/\/api.w.org\/{rel}","templated":true}]}}