{"id":35909,"date":"2026-09-03T09:33:46","date_gmt":"2026-09-03T07:33:46","guid":{"rendered":"https:\/\/www.protect-the-planet.de\/hitzeappell-an-die-bundesregierung\/"},"modified":"2026-09-03T10:02:18","modified_gmt":"2026-09-03T08:02:18","slug":"hitzeappell-an-die-bundesregierung","status":"publish","type":"post","link":"https:\/\/www.protect-the-planet.de\/en\/hitzeappell-an-die-bundesregierung\/","title":{"rendered":"Hitzeappell an die Bundesregierung: Jetzt gegen Extremwetter wappnen"},"content":{"rendered":"\t\t<div data-elementor-type=\"wp-post\" data-elementor-id=\"35909\" class=\"elementor elementor-35909 elementor-35899\" data-elementor-post-type=\"post\">\n\t\t\t\t<div class=\"elementor-element elementor-element-28f8948 e-flex e-con-boxed e-con e-parent\" data-id=\"28f8948\" data-element_type=\"container\" data-e-type=\"container\">\n\t\t\t\t\t<div class=\"e-con-inner\">\n\t\t\t\t<div class=\"elementor-element elementor-element-646568ce elementor-widget elementor-widget-text-editor\" data-id=\"646568ce\" data-element_type=\"widget\" data-e-type=\"widget\" data-widget_type=\"text-editor.default\">\n\t\t\t\t<div class=\"elementor-widget-container\">\n\t\t\t\t\t\t\t\t\t\n<p><strong>Der Rekord-Hitzesommer darf nicht ohne politische Konsequenzen bleiben. Gemeinsam mit einem breiten B\u00fcndnis unterst\u00fctzt Protect the Planet einen neuen Appell an die Bundesregierung: Deutschland muss beim Hitzeschutz, bei der Klimaanpassung und beim Klimaschutz endlich entschlossener handeln.<\/strong><\/p>\n\n<p>Bereits vor vier Wochen hatten zahlreiche Verb\u00e4nde und Organisationen in einem\u00a0<a href=\"https:\/\/www.protect-the-planet.de\/hitzegipfel-jetzt-hitzeschutz-und-klimaanpassung\/\">5-Punkte-Plan<\/a>\u00a0einen Hitzegipfel der Bundesregierung gefordert. Protect the Planet geh\u00f6rte zu den Unterzeichner*innen. Die zentrale Botschaft: Die Politik muss den Schutz der Menschen vor zunehmender Hitze und anderen Folgen der Klimakrise zur Priorit\u00e4t machen.<\/p>\n\n<p>Jetzt legt ein breites B\u00fcndnis aus Organisationen aus den Bereichen Klima, Umwelt und Soziales gemeinsam mit Gewerkschaften und dem Deutschen Naturschutzring (DNR) nach. Mit dem Appell <strong>\u201eRekord-Hitze, Rekord-Vers\u00e4umnisse \u2013 jetzt gegen Extremwetter wappnen\u201c<\/strong>\u00a0fordern die Unterzeichnenden konkrete politische Ma\u00dfnahmen.<\/p>\n\n<h2 class=\"wp-block-heading\"><strong>Hitzeschutz, Klimaanpassung und Klimaschutz geh\u00f6ren zusammen<\/strong><\/h2>\n\n<p>Deutschland muss sich besser auf Hitze, D\u00fcrre und Starkregen vorbereiten. Daf\u00fcr braucht es einen verbindlichen Hitzeschutz, klare Zust\u00e4ndigkeiten zwischen Bund, L\u00e4ndern und Kommunen sowie bessere Warn- und Vorsorgesysteme. Besonders vulnerable Gruppen m\u00fcssen besser gesch\u00fctzt werden.<\/p>\n\n<p>Gleichzeitig reicht Anpassung allein nicht aus. Wenn die Klimakrise immer weiter eskaliert, werden wir uns nicht mehr anpassen k\u00f6nnen. Deshalb m\u00fcssen Klimaschutz und Klimaanpassung zusammen gedacht werden.\u00a0<\/p>\n\n<p>Der Appell fordert deshalb ein umfassendes Vorsorge-Paket f\u00fcr \u201e<strong>Klimaschutz, Anpassung Natur\u201c<\/strong>. Dazu geh\u00f6ren auch mehr Investitionen in klimaresiliente St\u00e4dte und Gemeinden, der Schutz nat\u00fcrlicher \u00d6kosysteme, eine konsequente Abkehr von fossilen Energien\u00a0und eine konsequente Beschleunigung des Ausbaus erneuerbarer Energien.<\/p>\n\n<h2 class=\"wp-block-heading\"><strong>Kommunen brauchen Unterst\u00fctzung<\/strong><\/h2>\n\n<p>Viele der notwendigen Ma\u00dfnahmen werden von St\u00e4dten und Gemeinden umgesetzt. Doch gerade Kommunen verf\u00fcgen h\u00e4ufig nicht \u00fcber ausreichende finanzielle Mittel.<\/p>\n\n<p>Deshalb fordert der Hitzeappell:\u00a0<strong>Jetzt investieren statt k\u00fcrzen.<\/strong>\u00a0Kommunen und soziale Einrichtungen wie Pflegeheime und Kitas brauchen verl\u00e4ssliche Unterst\u00fctzung, um Geb\u00e4ude und \u00f6ffentliche R\u00e4ume besser gegen Hitze zu sch\u00fctzen.<\/p>\n\n<p>Vorsorge kostet Geld \u2013 Nichtstun aber langfristig noch viel mehr.<\/p>\n\t\t\t\t\t\t\t\t<\/div>\n\t\t\t\t<\/div>\n\t\t\t\t<div class=\"elementor-element elementor-element-74e063e elementor-align-center elementor-widget elementor-widget-button\" data-id=\"74e063e\" data-element_type=\"widget\" data-e-type=\"widget\" data-widget_type=\"button.default\">\n\t\t\t\t<div class=\"elementor-widget-container\">\n\t\t\t\t\t\t\t\t\t<div class=\"elementor-button-wrapper\">\n\t\t\t\t\t<a class=\"elementor-button elementor-button-link elementor-size-sm\" href=\"https:\/\/www.protect-the-planet.de\/wp-content\/uploads\/2026\/09\/03092026_Forderungspapier_Rekord_Hitze_Rekord_Versaeumnisse.pdf\">\n\t\t\t\t\t\t<span class=\"elementor-button-content-wrapper\">\n\t\t\t\t\t\t\t\t\t<span class=\"elementor-button-text\">Hier geht's zum Forderungspapier (PDF)<\/span>\n\t\t\t\t\t<\/span>\n\t\t\t\t\t<\/a>\n\t\t\t\t<\/div>\n\t\t\t\t\t\t\t\t<\/div>\n\t\t\t\t<\/div>\n\t\t\t\t<div class=\"elementor-element elementor-element-e65e69b elementor-widget elementor-widget-text-editor\" data-id=\"e65e69b\" data-element_type=\"widget\" data-e-type=\"widget\" data-widget_type=\"text-editor.default\">\n\t\t\t\t<div class=\"elementor-widget-container\">\n\t\t\t\t\t\t\t\t\t<h2 class=\"wp-block-heading\"><strong>Jetzt m\u00fcssen Taten folgen<\/strong><\/h2>\n<p><\/p>\n<p>Die Folgen der Klimakrise sind l\u00e4ngst Realit\u00e4t. Hitze und andere Extremwetterereignisse betreffen Menschen schon heute.<\/p>\n<p><\/p>\n<p>Der Rekord-Hitzesommer darf deshalb nicht ohne Konsequenzen bleiben. Es braucht konkrete Ma\u00dfnahmen, ausreichend finanzielle Mittel und eine Politik, die Klimaschutz und Klimaanpassung gemeinsam voranbringt.<\/p>\n<p><\/p>\n<h3 class=\"wp-block-heading\">Zum Weiterlesen:<\/h3>\t\t\t\t\t\t\t\t<\/div>\n\t\t\t\t<\/div>\n\t\t\t\t\t<\/div>\n\t\t\t\t<\/div>\n\t\t<div class=\"elementor-element elementor-element-a873bc9 e-flex e-con-boxed e-con e-parent\" data-id=\"a873bc9\" data-element_type=\"container\" data-e-type=\"container\">\n\t\t\t\t\t<div class=\"e-con-inner\">\n\t\t\t\t\t<\/div>\n\t\t\t\t<\/div>\n\t\t<div class=\"elementor-element elementor-element-00a3eac e-flex e-con-boxed e-con e-parent\" data-id=\"00a3eac\" data-element_type=\"container\" data-e-type=\"container\">\n\t\t\t\t\t<div class=\"e-con-inner\">\n\t\t\t\t\t<\/div>\n\t\t\t\t<\/div>\n\t\t\t\t<\/div>\n\t\t","protected":false},"excerpt":{"rendered":"<p>Protect the Planet unterst\u00fctzt den neuen Hitzeappell an die Bundesregierung. Gefordert werden mehr Klimaschutz, Klimaanpassung und Investitionen zum Schutz vor Hitze und Extremwetter.<\/p>\n","protected":false},"author":4,"featured_media":35911,"comment_status":"closed","ping_status":"closed","sticky":false,"template":"","format":"standard","meta":{"_acf_changed":false,"footnotes":""},"categories":[729],"tags":[772,1791],"class_list":["post-35909","post","type-post","status-publish","format-standard","has-post-thumbnail","hentry","category-news","tag-bundesregierung-en","tag-hitzeappell"],"acf":[],"yoast_head":"<!-- This site is optimized with the Yoast SEO plugin v28.4 - https:\/\/yoast.com\/product\/yoast-seo-wordpress\/ -->\n<title>Hitzeappell an die Bundesregierung: Jetzt gegen Extremwetter wappnen - Protect the Planet<\/title>\n<meta name=\"description\" content=\"Protect the Planet unterst\u00fctzt den neuen Hitzeappell an die Bundesregierung. Gefordert werden mehr Klimaschutz, Klimaanpassung und Investitionen zum Schutz vor Hitze und Extremwetter.\" \/>\n<meta name=\"robots\" content=\"index, follow, max-snippet:-1, max-image-preview:large, max-video-preview:-1\" \/>\n<link rel=\"canonical\" href=\"https:\/\/www.protect-the-planet.de\/en\/hitzeappell-an-die-bundesregierung\/\" \/>\n<meta property=\"og:locale\" content=\"en_US\" \/>\n<meta property=\"og:type\" content=\"article\" \/>\n<meta property=\"og:title\" content=\"Hitzeappell an die Bundesregierung: Jetzt gegen Extremwetter wappnen - Protect the Planet\" \/>\n<meta property=\"og:description\" content=\"Protect the Planet unterst\u00fctzt den neuen Hitzeappell an die Bundesregierung. Gefordert werden mehr Klimaschutz, Klimaanpassung und Investitionen zum Schutz vor Hitze und Extremwetter.\" \/>\n<meta property=\"og:url\" content=\"https:\/\/www.protect-the-planet.de\/en\/hitzeappell-an-die-bundesregierung\/\" \/>\n<meta property=\"og:site_name\" content=\"Protect the Planet\" \/>\n<meta property=\"article:publisher\" content=\"https:\/\/www.facebook.com\/protecttheplanetDE\/\" \/>\n<meta property=\"article:published_time\" content=\"2026-09-03T07:33:46+00:00\" \/>\n<meta property=\"article:modified_time\" content=\"2026-09-03T08:02:18+00:00\" \/>\n<meta property=\"og:image\" content=\"https:\/\/www.protect-the-planet.de\/wp-content\/uploads\/2026\/09\/2026_09_03-Hitzeappell.png\" \/>\n\t<meta property=\"og:image:width\" content=\"900\" \/>\n\t<meta property=\"og:image:height\" content=\"550\" \/>\n\t<meta property=\"og:image:type\" content=\"image\/png\" \/>\n<meta name=\"author\" content=\"Jana H\u00e4fner\" \/>\n<meta name=\"twitter:card\" content=\"summary_large_image\" \/>\n<meta name=\"twitter:creator\" content=\"@PtP_de\" \/>\n<meta name=\"twitter:site\" content=\"@PtP_de\" \/>\n<meta name=\"twitter:label1\" content=\"Written by\" \/>\n\t<meta name=\"twitter:data1\" content=\"Jana H\u00e4fner\" \/>\n\t<meta name=\"twitter:label2\" content=\"Est. reading time\" \/>\n\t<meta name=\"twitter:data2\" content=\"3 minutes\" \/>\n<script type=\"application\/ld+json\" class=\"yoast-schema-graph\">{\"@context\":\"https:\\\/\\\/schema.org\",\"@graph\":[{\"@type\":\"Article\",\"@id\":\"https:\\\/\\\/www.protect-the-planet.de\\\/en\\\/hitzeappell-an-die-bundesregierung\\\/#article\",\"isPartOf\":{\"@id\":\"https:\\\/\\\/www.protect-the-planet.de\\\/en\\\/hitzeappell-an-die-bundesregierung\\\/\"},\"author\":{\"name\":\"Jana H\u00e4fner\",\"@id\":\"https:\\\/\\\/www.protect-the-planet.de\\\/en\\\/#\\\/schema\\\/person\\\/94315f5fbca131d26764146a638b8fc6\"},\"headline\":\"Hitzeappell an die Bundesregierung: Jetzt gegen Extremwetter wappnen\",\"datePublished\":\"2026-09-03T07:33:46+00:00\",\"dateModified\":\"2026-09-03T08:02:18+00:00\",\"mainEntityOfPage\":{\"@id\":\"https:\\\/\\\/www.protect-the-planet.de\\\/en\\\/hitzeappell-an-die-bundesregierung\\\/\"},\"wordCount\":383,\"publisher\":{\"@id\":\"https:\\\/\\\/www.protect-the-planet.de\\\/en\\\/#organization\"},\"image\":{\"@id\":\"https:\\\/\\\/www.protect-the-planet.de\\\/en\\\/hitzeappell-an-die-bundesregierung\\\/#primaryimage\"},\"thumbnailUrl\":\"https:\\\/\\\/www.protect-the-planet.de\\\/wp-content\\\/uploads\\\/2026\\\/09\\\/2026_09_03-Hitzeappell.png\",\"keywords\":[\"bundesregierung\",\"Hitzeappell\"],\"articleSection\":[\"News\"],\"inLanguage\":\"en-US\"},{\"@type\":\"WebPage\",\"@id\":\"https:\\\/\\\/www.protect-the-planet.de\\\/en\\\/hitzeappell-an-die-bundesregierung\\\/\",\"url\":\"https:\\\/\\\/www.protect-the-planet.de\\\/en\\\/hitzeappell-an-die-bundesregierung\\\/\",\"name\":\"Hitzeappell an die Bundesregierung: Jetzt gegen Extremwetter wappnen - Protect the Planet\",\"isPartOf\":{\"@id\":\"https:\\\/\\\/www.protect-the-planet.de\\\/en\\\/#website\"},\"primaryImageOfPage\":{\"@id\":\"https:\\\/\\\/www.protect-the-planet.de\\\/en\\\/hitzeappell-an-die-bundesregierung\\\/#primaryimage\"},\"image\":{\"@id\":\"https:\\\/\\\/www.protect-the-planet.de\\\/en\\\/hitzeappell-an-die-bundesregierung\\\/#primaryimage\"},\"thumbnailUrl\":\"https:\\\/\\\/www.protect-the-planet.de\\\/wp-content\\\/uploads\\\/2026\\\/09\\\/2026_09_03-Hitzeappell.png\",\"datePublished\":\"2026-09-03T07:33:46+00:00\",\"dateModified\":\"2026-09-03T08:02:18+00:00\",\"description\":\"Protect the Planet unterst\u00fctzt den neuen Hitzeappell an die Bundesregierung. Gefordert werden mehr Klimaschutz, Klimaanpassung und Investitionen zum Schutz vor Hitze und Extremwetter.\",\"breadcrumb\":{\"@id\":\"https:\\\/\\\/www.protect-the-planet.de\\\/en\\\/hitzeappell-an-die-bundesregierung\\\/#breadcrumb\"},\"inLanguage\":\"en-US\",\"potentialAction\":[{\"@type\":\"ReadAction\",\"target\":[\"https:\\\/\\\/www.protect-the-planet.de\\\/en\\\/hitzeappell-an-die-bundesregierung\\\/\"]}]},{\"@type\":\"ImageObject\",\"inLanguage\":\"en-US\",\"@id\":\"https:\\\/\\\/www.protect-the-planet.de\\\/en\\\/hitzeappell-an-die-bundesregierung\\\/#primaryimage\",\"url\":\"https:\\\/\\\/www.protect-the-planet.de\\\/wp-content\\\/uploads\\\/2026\\\/09\\\/2026_09_03-Hitzeappell.png\",\"contentUrl\":\"https:\\\/\\\/www.protect-the-planet.de\\\/wp-content\\\/uploads\\\/2026\\\/09\\\/2026_09_03-Hitzeappell.png\",\"width\":900,\"height\":550,\"caption\":\"Beitragsbild mit dem Text \\\"Hitzeappell an die Bundesregierung: Jetzt gegen Extremwetter wappnen!\\\"\"},{\"@type\":\"BreadcrumbList\",\"@id\":\"https:\\\/\\\/www.protect-the-planet.de\\\/en\\\/hitzeappell-an-die-bundesregierung\\\/#breadcrumb\",\"itemListElement\":[{\"@type\":\"ListItem\",\"position\":1,\"name\":\"Startseite\",\"item\":\"https:\\\/\\\/www.protect-the-planet.de\\\/en\\\/home\\\/\"},{\"@type\":\"ListItem\",\"position\":2,\"name\":\"Hitzeappell an die Bundesregierung: Jetzt gegen Extremwetter wappnen\"}]},{\"@type\":\"WebSite\",\"@id\":\"https:\\\/\\\/www.protect-the-planet.de\\\/en\\\/#website\",\"url\":\"https:\\\/\\\/www.protect-the-planet.de\\\/en\\\/\",\"name\":\"Protect the Planet\",\"description\":\"If we don&#039;t change, the climate will.\",\"publisher\":{\"@id\":\"https:\\\/\\\/www.protect-the-planet.de\\\/en\\\/#organization\"},\"alternateName\":\"Protect the Panet gGmbH\",\"potentialAction\":[{\"@type\":\"SearchAction\",\"target\":{\"@type\":\"EntryPoint\",\"urlTemplate\":\"https:\\\/\\\/www.protect-the-planet.de\\\/en\\\/?s={search_term_string}\"},\"query-input\":{\"@type\":\"PropertyValueSpecification\",\"valueRequired\":true,\"valueName\":\"search_term_string\"}}],\"inLanguage\":\"en-US\"},{\"@type\":\"Organization\",\"@id\":\"https:\\\/\\\/www.protect-the-planet.de\\\/en\\\/#organization\",\"name\":\"Protect the Planet\",\"url\":\"https:\\\/\\\/www.protect-the-planet.de\\\/en\\\/\",\"logo\":{\"@type\":\"ImageObject\",\"inLanguage\":\"en-US\",\"@id\":\"https:\\\/\\\/www.protect-the-planet.de\\\/en\\\/#\\\/schema\\\/logo\\\/image\\\/\",\"url\":\"https:\\\/\\\/www.protect-the-planet.de\\\/wp-content\\\/uploads\\\/2023\\\/09\\\/LOGO-positiv_transparent-klein.png\",\"contentUrl\":\"https:\\\/\\\/www.protect-the-planet.de\\\/wp-content\\\/uploads\\\/2023\\\/09\\\/LOGO-positiv_transparent-klein.png\",\"width\":123,\"height\":68,\"caption\":\"Protect the Planet\"},\"image\":{\"@id\":\"https:\\\/\\\/www.protect-the-planet.de\\\/en\\\/#\\\/schema\\\/logo\\\/image\\\/\"},\"sameAs\":[\"https:\\\/\\\/www.facebook.com\\\/protecttheplanetDE\\\/\",\"https:\\\/\\\/x.com\\\/PtP_de\",\"https:\\\/\\\/www.instagram.com\\\/protecttheplanetorg\\\/\",\"https:\\\/\\\/www.linkedin.com\\\/company\\\/protect-the-planet\",\"https:\\\/\\\/www.youtube.com\\\/@protecttheplanet\"]},{\"@type\":\"Person\",\"@id\":\"https:\\\/\\\/www.protect-the-planet.de\\\/en\\\/#\\\/schema\\\/person\\\/94315f5fbca131d26764146a638b8fc6\",\"name\":\"Jana H\u00e4fner\",\"image\":{\"@type\":\"ImageObject\",\"inLanguage\":\"en-US\",\"@id\":\"https:\\\/\\\/www.protect-the-planet.de\\\/wp-content\\\/uploads\\\/2024\\\/04\\\/cropped-2310_ProtectThePlanet_206-96x96.jpg\",\"url\":\"https:\\\/\\\/www.protect-the-planet.de\\\/wp-content\\\/uploads\\\/2024\\\/04\\\/cropped-2310_ProtectThePlanet_206-96x96.jpg\",\"contentUrl\":\"https:\\\/\\\/www.protect-the-planet.de\\\/wp-content\\\/uploads\\\/2024\\\/04\\\/cropped-2310_ProtectThePlanet_206-96x96.jpg\",\"caption\":\"Jana H\u00e4fner\"},\"description\":\"jana.haefner@protect-the-planet.de +49 152 53089270\",\"url\":\"https:\\\/\\\/www.protect-the-planet.de\\\/en\\\/author\\\/jana-haefner\\\/\"}]}<\/script>\n<!-- \/ Yoast SEO plugin. -->","yoast_head_json":{"title":"Hitzeappell an die Bundesregierung: Jetzt gegen Extremwetter wappnen - Protect the Planet","description":"Protect the Planet unterst\u00fctzt den neuen Hitzeappell an die Bundesregierung. Gefordert werden mehr Klimaschutz, Klimaanpassung und Investitionen zum Schutz vor Hitze und Extremwetter.","robots":{"index":"index","follow":"follow","max-snippet":"max-snippet:-1","max-image-preview":"max-image-preview:large","max-video-preview":"max-video-preview:-1"},"canonical":"https:\/\/www.protect-the-planet.de\/en\/hitzeappell-an-die-bundesregierung\/","og_locale":"en_US","og_type":"article","og_title":"Hitzeappell an die Bundesregierung: Jetzt gegen Extremwetter wappnen - Protect the Planet","og_description":"Protect the Planet unterst\u00fctzt den neuen Hitzeappell an die Bundesregierung. Gefordert werden mehr Klimaschutz, Klimaanpassung und Investitionen zum Schutz vor Hitze und Extremwetter.","og_url":"https:\/\/www.protect-the-planet.de\/en\/hitzeappell-an-die-bundesregierung\/","og_site_name":"Protect the Planet","article_publisher":"https:\/\/www.facebook.com\/protecttheplanetDE\/","article_published_time":"2026-09-03T07:33:46+00:00","article_modified_time":"2026-09-03T08:02:18+00:00","og_image":[{"width":900,"height":550,"url":"https:\/\/www.protect-the-planet.de\/wp-content\/uploads\/2026\/09\/2026_09_03-Hitzeappell.png","type":"image\/png"}],"author":"Jana H\u00e4fner","twitter_card":"summary_large_image","twitter_creator":"@PtP_de","twitter_site":"@PtP_de","twitter_misc":{"Written by":"Jana H\u00e4fner","Est. reading time":"3 minutes"},"schema":{"@context":"https:\/\/schema.org","@graph":[{"@type":"Article","@id":"https:\/\/www.protect-the-planet.de\/en\/hitzeappell-an-die-bundesregierung\/#article","isPartOf":{"@id":"https:\/\/www.protect-the-planet.de\/en\/hitzeappell-an-die-bundesregierung\/"},"author":{"name":"Jana H\u00e4fner","@id":"https:\/\/www.protect-the-planet.de\/en\/#\/schema\/person\/94315f5fbca131d26764146a638b8fc6"},"headline":"Hitzeappell an die Bundesregierung: Jetzt gegen Extremwetter wappnen","datePublished":"2026-09-03T07:33:46+00:00","dateModified":"2026-09-03T08:02:18+00:00","mainEntityOfPage":{"@id":"https:\/\/www.protect-the-planet.de\/en\/hitzeappell-an-die-bundesregierung\/"},"wordCount":383,"publisher":{"@id":"https:\/\/www.protect-the-planet.de\/en\/#organization"},"image":{"@id":"https:\/\/www.protect-the-planet.de\/en\/hitzeappell-an-die-bundesregierung\/#primaryimage"},"thumbnailUrl":"https:\/\/www.protect-the-planet.de\/wp-content\/uploads\/2026\/09\/2026_09_03-Hitzeappell.png","keywords":["bundesregierung","Hitzeappell"],"articleSection":["News"],"inLanguage":"en-US"},{"@type":"WebPage","@id":"https:\/\/www.protect-the-planet.de\/en\/hitzeappell-an-die-bundesregierung\/","url":"https:\/\/www.protect-the-planet.de\/en\/hitzeappell-an-die-bundesregierung\/","name":"Hitzeappell an die Bundesregierung: Jetzt gegen Extremwetter wappnen - Protect the Planet","isPartOf":{"@id":"https:\/\/www.protect-the-planet.de\/en\/#website"},"primaryImageOfPage":{"@id":"https:\/\/www.protect-the-planet.de\/en\/hitzeappell-an-die-bundesregierung\/#primaryimage"},"image":{"@id":"https:\/\/www.protect-the-planet.de\/en\/hitzeappell-an-die-bundesregierung\/#primaryimage"},"thumbnailUrl":"https:\/\/www.protect-the-planet.de\/wp-content\/uploads\/2026\/09\/2026_09_03-Hitzeappell.png","datePublished":"2026-09-03T07:33:46+00:00","dateModified":"2026-09-03T08:02:18+00:00","description":"Protect the Planet unterst\u00fctzt den neuen Hitzeappell an die Bundesregierung. Gefordert werden mehr Klimaschutz, Klimaanpassung und Investitionen zum Schutz vor Hitze und Extremwetter.","breadcrumb":{"@id":"https:\/\/www.protect-the-planet.de\/en\/hitzeappell-an-die-bundesregierung\/#breadcrumb"},"inLanguage":"en-US","potentialAction":[{"@type":"ReadAction","target":["https:\/\/www.protect-the-planet.de\/en\/hitzeappell-an-die-bundesregierung\/"]}]},{"@type":"ImageObject","inLanguage":"en-US","@id":"https:\/\/www.protect-the-planet.de\/en\/hitzeappell-an-die-bundesregierung\/#primaryimage","url":"https:\/\/www.protect-the-planet.de\/wp-content\/uploads\/2026\/09\/2026_09_03-Hitzeappell.png","contentUrl":"https:\/\/www.protect-the-planet.de\/wp-content\/uploads\/2026\/09\/2026_09_03-Hitzeappell.png","width":900,"height":550,"caption":"Beitragsbild mit dem Text \"Hitzeappell an die Bundesregierung: Jetzt gegen Extremwetter wappnen!\""},{"@type":"BreadcrumbList","@id":"https:\/\/www.protect-the-planet.de\/en\/hitzeappell-an-die-bundesregierung\/#breadcrumb","itemListElement":[{"@type":"ListItem","position":1,"name":"Startseite","item":"https:\/\/www.protect-the-planet.de\/en\/home\/"},{"@type":"ListItem","position":2,"name":"Hitzeappell an die Bundesregierung: Jetzt gegen Extremwetter wappnen"}]},{"@type":"WebSite","@id":"https:\/\/www.protect-the-planet.de\/en\/#website","url":"https:\/\/www.protect-the-planet.de\/en\/","name":"Protect the Planet","description":"If we don&#039;t change, the climate will.","publisher":{"@id":"https:\/\/www.protect-the-planet.de\/en\/#organization"},"alternateName":"Protect the Panet gGmbH","potentialAction":[{"@type":"SearchAction","target":{"@type":"EntryPoint","urlTemplate":"https:\/\/www.protect-the-planet.de\/en\/?s={search_term_string}"},"query-input":{"@type":"PropertyValueSpecification","valueRequired":true,"valueName":"search_term_string"}}],"inLanguage":"en-US"},{"@type":"Organization","@id":"https:\/\/www.protect-the-planet.de\/en\/#organization","name":"Protect the Planet","url":"https:\/\/www.protect-the-planet.de\/en\/","logo":{"@type":"ImageObject","inLanguage":"en-US","@id":"https:\/\/www.protect-the-planet.de\/en\/#\/schema\/logo\/image\/","url":"https:\/\/www.protect-the-planet.de\/wp-content\/uploads\/2023\/09\/LOGO-positiv_transparent-klein.png","contentUrl":"https:\/\/www.protect-the-planet.de\/wp-content\/uploads\/2023\/09\/LOGO-positiv_transparent-klein.png","width":123,"height":68,"caption":"Protect the Planet"},"image":{"@id":"https:\/\/www.protect-the-planet.de\/en\/#\/schema\/logo\/image\/"},"sameAs":["https:\/\/www.facebook.com\/protecttheplanetDE\/","https:\/\/x.com\/PtP_de","https:\/\/www.instagram.com\/protecttheplanetorg\/","https:\/\/www.linkedin.com\/company\/protect-the-planet","https:\/\/www.youtube.com\/@protecttheplanet"]},{"@type":"Person","@id":"https:\/\/www.protect-the-planet.de\/en\/#\/schema\/person\/94315f5fbca131d26764146a638b8fc6","name":"Jana H\u00e4fner","image":{"@type":"ImageObject","inLanguage":"en-US","@id":"https:\/\/www.protect-the-planet.de\/wp-content\/uploads\/2024\/04\/cropped-2310_ProtectThePlanet_206-96x96.jpg","url":"https:\/\/www.protect-the-planet.de\/wp-content\/uploads\/2024\/04\/cropped-2310_ProtectThePlanet_206-96x96.jpg","contentUrl":"https:\/\/www.protect-the-planet.de\/wp-content\/uploads\/2024\/04\/cropped-2310_ProtectThePlanet_206-96x96.jpg","caption":"Jana H\u00e4fner"},"description":"jana.haefner@protect-the-planet.de +49 152 53089270","url":"https:\/\/www.protect-the-planet.de\/en\/author\/jana-haefner\/"}]}},"_links":{"self":[{"href":"https:\/\/www.protect-the-planet.de\/en\/wp-json\/wp\/v2\/posts\/35909","targetHints":{"allow":["GET"]}}],"collection":[{"href":"https:\/\/www.protect-the-planet.de\/en\/wp-json\/wp\/v2\/posts"}],"about":[{"href":"https:\/\/www.protect-the-planet.de\/en\/wp-json\/wp\/v2\/types\/post"}],"author":[{"embeddable":true,"href":"https:\/\/www.protect-the-planet.de\/en\/wp-json\/wp\/v2\/users\/4"}],"replies":[{"embeddable":true,"href":"https:\/\/www.protect-the-planet.de\/en\/wp-json\/wp\/v2\/comments?post=35909"}],"version-history":[{"count":1,"href":"https:\/\/www.protect-the-planet.de\/en\/wp-json\/wp\/v2\/posts\/35909\/revisions"}],"predecessor-version":[{"id":35912,"href":"https:\/\/www.protect-the-planet.de\/en\/wp-json\/wp\/v2\/posts\/35909\/revisions\/35912"}],"wp:featuredmedia":[{"embeddable":true,"href":"https:\/\/www.protect-the-planet.de\/en\/wp-json\/wp\/v2\/media\/35911"}],"wp:attachment":[{"href":"https:\/\/www.protect-the-planet.de\/en\/wp-json\/wp\/v2\/media?parent=35909"}],"wp:term":[{"taxonomy":"category","embeddable":true,"href":"https:\/\/www.protect-the-planet.de\/en\/wp-json\/wp\/v2\/categories?post=35909"},{"taxonomy":"post_tag","embeddable":true,"href":"https:\/\/www.protect-the-planet.de\/en\/wp-json\/wp\/v2\/tags?post=35909"}],"curies":[{"name":"wp","href":"https:\/\/api.w.org\/{rel}","templated":true}]}}