{"id":35004,"date":"2026-04-28T16:11:42","date_gmt":"2026-04-28T14:11:42","guid":{"rendered":"https:\/\/www.protect-the-planet.de\/?p=35004"},"modified":"2026-04-28T16:12:15","modified_gmt":"2026-04-28T14:12:15","slug":"sami-in-muenchen-was-schwedische-rentiere-mit-den-swm-zu-tun-haben-und-warum-uns-das-was-angehen-sollte","status":"publish","type":"post","link":"https:\/\/www.protect-the-planet.de\/en\/sami-in-muenchen-was-schwedische-rentiere-mit-den-swm-zu-tun-haben-und-warum-uns-das-was-angehen-sollte\/","title":{"rendered":"S\u00e1mi in M\u00fcnchen: Was schwedische Rentiere mit den SWM zu tun haben, und warum uns das was angehen sollte"},"content":{"rendered":"\n<h3 class=\"wp-block-heading\"><\/h3>\n\n\n\n<p>Im Mai wird es in M\u00fcnchen ein <a href=\"https:\/\/klimaguerilla.noblogs.org\/post\/2026\/04\/22\/swm-raus-aus-sapmi-erneuerbare-regional-gegen-gruenen-kolonialismus\/\" target=\"_blank\" rel=\"noreferrer noopener\">Protestcamp und Events<\/a> gemeinsam mit Delegierten des indigenen Volkes der S\u00e1mi geben. Dabei werden politische Panels, Diskussionen und Ausstellungen organisiert, die sich mit den sozialen und \u00f6kologischen Auswirkungen der Energiewende auseinandersetzen. Im Mittelpunkt steht die Frage, wie Klimaschutzma\u00dfnahmen umgesetzt werden k\u00f6nnen, ohne die Rechte indigener Gemeinschaften zu verletzen.<\/p>\n\n\n\n<p>Hintergrund der Veranstaltungen ist die wachsende Kritik an internationalen Energieprojekten europ\u00e4ischer Akteure. Auch die&nbsp;<a href=\"https:\/\/www.swm.de\/lp\/sp\/display?mtm_source=google&amp;mtm_medium=sea_brand&amp;mtm_campaign=seabyregio_conv_strom_stromaktion&amp;mtm_content=765911308960&amp;mtm_kwd=swm&amp;cid=22037194555&amp;gad_source=1&amp;gad_campaignid=22037194555&amp;gbraid=0AAAAAD2XO3ENEJUoDevEy9m4j6_CNl5Kf&amp;gclid=Cj0KCQjwkrzPBhCqARIsAJN460lrC4Uo3HeELVKPJcLTdzhui5hUqSP1VFONIBMCF4oFnJRZ85usqx0aAmtcEALw_wcB\">Stadtwerke M\u00fcnchen&nbsp;(SWM) <\/a>stehen in diesem Zusammenhang in der Diskussion. Ihnen wird vorgeworfen, ihre Klimaziele unter anderem durch Investitionen in Windparks im Ausland zu erreichen, w\u00e4hrend lokale Ausbaupotenziale begrenzt genutzt werden. Besonders umstritten sind Projekte in S\u00e1pmi, dem traditionellen Siedlungsgebiet der S\u00e1mi in Nordskandinavien. Dort k\u00f6nnen Eingriffe in die Landschaft Auswirkungen auf die Rentierhaltung und damit auf zentrale Bestandteile der samischen Lebensweise haben.<\/p>\n\n\n\n<h3 class=\"wp-block-heading\">Peoples Climate Case<\/h3>\n\n\n\n<p>Der&nbsp;<strong><a href=\"https:\/\/peoplesclimatecase.caneurope.org\/de\/\">People\u2019s Climate Case<\/a><\/strong>&nbsp;ist eine der bekanntesten Klimaklagen in Europa. Im Mai 2018 haben sich zehn Familien aus Europa, Kenia und Fidschi sowie ein samischer Jugendverband zusammengeschlossen, um vor dem Europ\u00e4ischen Gericht (EuG) gegen die EU zu klagen. Sie argumentierten, dass die damaligen EU-Klimaziele nicht ausreichen, um ihre Grundrechte \u2013 etwa auf Leben, Gesundheit und Eigentum \u2013 angesichts der Klimakrise zu sch\u00fctzen. Deshalb forderten sie eine deutlich st\u00e4rkere Reduktion der Treibhausgasemissionen bis 2030 und eine entsprechende Anpassung der EU-Klimapolitik durch das Europ\u00e4ische Parlament und den Rat der EU. <\/p>\n\n\n\n<p>Im <a href=\"https:\/\/www.protect-the-planet.de\/en\/peoples-climate-case\/\">Jahr 2018 war auch Markus Raschke, Gesch\u00e4ftsf\u00fchrer von Protect the Planet, bei den S\u00e1mi vor Ort<\/a> und hat sich mit <a href=\"https:\/\/caneurope.org\/\">CAN Europe<\/a> f\u00fcr den <a href=\"https:\/\/peoplesclimatecase.caneurope.org\/de\/\">Peoples Climate Case<\/a> eingesetzt. <\/p>\n\n\n\n<p>Das Gericht wies die Klage im April 2021 jedoch ab. Die Begr\u00fcndung: Die Kl\u00e4ger*innen seien nicht unmittelbar und individuell genug betroffen, um vor dem EU-Gericht klageberechtigt zu sein. Damit wurde der Fall in dieser Instanz zwar beendet, hat aber dennoch gro\u00dfe Aufmerksamkeit f\u00fcr Klimagerechtigkeit und die Frage nach rechtlichem Klimaschutz in Europa geschaffen.<\/p>\n\n\n\n<p> <div class=\"brlbs-cmpnt-container brlbs-cmpnt-content-blocker brlbs-cmpnt-with-individual-styles\" data-borlabs-cookie-content-blocker-id=\"youtube-content-blocker\" data-borlabs-cookie-content=\"PGlmcmFtZSB3aWR0aD0iNTYwIiBoZWlnaHQ9IjMxNSIgc3JjPSJodHRwczovL3d3dy55b3V0dWJlLW5vY29va2llLmNvbS9lbWJlZC8xeUd5Wk9BeDhHdz9zaT04cEpnVUx2ZVJiVHhDZGd3IiB0aXRsZT0iWW91VHViZSB2aWRlbyBwbGF5ZXIiIGZyYW1lYm9yZGVyPSIwIiBhbGxvdz0iYWNjZWxlcm9tZXRlcjsgYXV0b3BsYXk7IGNsaXBib2FyZC13cml0ZTsgZW5jcnlwdGVkLW1lZGlhOyBneXJvc2NvcGU7IHBpY3R1cmUtaW4tcGljdHVyZTsgd2ViLXNoYXJlIiByZWZlcnJlcnBvbGljeT0ic3RyaWN0LW9yaWdpbi13aGVuLWNyb3NzLW9yaWdpbiIgYWxsb3dmdWxsc2NyZWVuPSIiPjwvaWZyYW1lPg==\"><div class=\"brlbs-cmpnt-cb-preset-c brlbs-cmpnt-cb-youtube\"> <div class=\"brlbs-cmpnt-cb-thumbnail\" style=\"background-image: url('https:\/\/www.protect-the-planet.de\/wp-content\/uploads\/borlabs-cookie\/1\/yt_1yGyZOAx8Gw_hqdefault.jpg')\"><\/div> <div class=\"brlbs-cmpnt-cb-main\"> <div class=\"brlbs-cmpnt-cb-play-button\"><\/div> <div class=\"brlbs-cmpnt-cb-content\"> <p class=\"brlbs-cmpnt-cb-description\">You are currently viewing a placeholder content from <strong>YouTube<\/strong>. To access the actual content, click the button below. Please note that doing so will share data with third-party providers.<\/p> <a class=\"brlbs-cmpnt-cb-provider-toggle\" href=\"#\" data-borlabs-cookie-show-provider-information role=\"button\">More Information<\/a> <\/div> <div class=\"brlbs-cmpnt-cb-buttons\"> <a class=\"brlbs-cmpnt-cb-btn\" href=\"#\" data-borlabs-cookie-unblock role=\"button\">Unblock content<\/a> <a class=\"brlbs-cmpnt-cb-btn\" href=\"#\" data-borlabs-cookie-accept-service role=\"button\" style=\"display: inherit\">Accept required service and unblock content<\/a> <\/div> <\/div> <\/div><\/div><\/p>\n\n\n\n<h3 class=\"wp-block-heading\">Wie die S\u00e1mi vom Klimawandel betroffen sind<\/h3>\n\n\n\n<p>Im&nbsp;People\u2019s Climate Case&nbsp;spielte Schweden insbesondere durch die Beteiligung einer samischen Jugendorganisation eine wichtige Rolle. Die&nbsp;S\u00e1mi&nbsp;sind die indigene Bev\u00f6lkerung Nordskandinaviens und leben in Norwegen, Schweden, Finnland und Russland. In Schweden geh\u00f6ren sie zu den besonders stark vom Klimawandel betroffenen Gruppen.<\/p>\n\n\n\n<p>Im Verfahren war unter anderem der<a href=\"https:\/\/www.saminuorra.org\/who-are-saminuorra\/\">&nbsp;<strong>S\u00e1mi Youth Association S\u00e1minuorra<\/strong>&nbsp;<\/a>beteiligt. Die S\u00e1mi begr\u00fcndeten ihre Klage damit, dass der Klimawandel ihre Lebensweise direkt bedroht. Besonders betroffen ist die traditionelle&nbsp;Rentierhaltung, die stark von stabilen Schnee- und Eisbedingungen abh\u00e4ngt. Durch steigende Temperaturen ver\u00e4ndern sich Weidefl\u00e4chen, Eisdecken brechen fr\u00fcher auf oder werden unberechenbar, was die Wanderungen der Rentiere erschwert und die Existenzgrundlage vieler samischer Familien gef\u00e4hrdet.<\/p>\n\n\n\n<p>F\u00fcr die S\u00e1mi ist der Klimawandel damit nicht nur eine Umweltfrage, sondern auch eine Frage von kulturellem \u00dcberleben und indigener Rechtewahrung. Ihre Beteiligung am People\u2019s Climate Case hat die Klage besonders symboltr\u00e4chtig gemacht, weil sie zeigt, dass die Folgen der Klimakrise ungleich verteilt sind und indigene Gemeinschaften in der Arktis zu den am st\u00e4rksten betroffenen geh\u00f6ren.<\/p>\n\n\n\n<h3 class=\"wp-block-heading\">Protest gegen gr\u00fcnen Kolonialismus in M\u00fcnchen <\/h3>\n\n\n\n<p>Ein zentraler Vorwurf gegen die Stadtwerke M\u00fcnchen (SWM) betreffen die Projekte in S\u00e1pmi, dem Siedlungsgebiet der indigenen S\u00e1mi in Nordskandinavien. Dort sind die SWM unter anderem an Windparks wie Fosen beteiligt. Diese stehen seit Jahren in der Kritik, da sie Auswirkungen auf die traditionelle Rentierhaltung haben k\u00f6nnen \u2013 eine zentrale Lebensgrundlage der S\u00e1mi. Insbesondere wird argumentiert, dass Windkraftanlagen Wanderwege von Rentieren beeinflussen und damit wirtschaftliche sowie kulturelle Praktiken der indigenen Bev\u00f6lkerung beeintr\u00e4chtigen.<\/p>\n\n\n\n<p>Vom 20.-23. Im Mai veranstalten Aktivist*innen ein <a href=\"https:\/\/klimaguerilla.noblogs.org\/post\/2026\/04\/22\/swm-raus-aus-sapmi-erneuerbare-regional-gegen-gruenen-kolonialismus\/\" target=\"_blank\" rel=\"noreferrer noopener\">Protestcamp und mehrere Events in M\u00fcnchen<\/a>, um auf das Thema aufmerksam zu machen:<\/p>\n\n\n\n<p><strong>Mittwoch, 20.05.2026<\/strong><\/p>\n\n\n\n<ul class=\"wp-block-list\">\n<li>Aufbau Camp auf dem Tunix-Gel\u00e4nde\/K\u00f6nigsplatz + Ausstellung Electric Lies im Eine-Welt-Haus<\/li>\n\n\n\n<li>19:00 Kennenlernen im Camp<\/li>\n<\/ul>\n\n\n\n<p><\/p>\n\n\n\n<p><strong>Donnerstag, 21.05.2026<\/strong><\/p>\n\n\n\n<ul class=\"wp-block-list\">\n<li>10:00 Gespr\u00e4ch zwischen S\u00e1mi-Delegierten &amp; M\u00fcnchner Politiker:innen im Rathaus<\/li>\n\n\n\n<li>Camp + Basteln im Camp<\/li>\n\n\n\n<li>18:00 Panel \u201eGreen colonisation in S\u00e1pmi &amp; German Involvement\u201c, Eine-Welt-Haus (EWH)<\/li>\n\n\n\n<li>20:00 S\u00e1mi Performance, EWH<\/li>\n\n\n\n<li>21:30 Soziales &amp; DJ, EWH<\/li>\n<\/ul>\n\n\n\n<p><\/p>\n\n\n\n<p><strong>Freitag, 22.05.2026<\/strong><\/p>\n\n\n\n<ul class=\"wp-block-list\">\n<li>CAMP<\/li>\n\n\n\n<li>16:00 Demo<\/li>\n\n\n\n<li>18:00 Panel, EWH<\/li>\n\n\n\n<li>19:30 S\u00e1mi Performance \u201cShow S\u00e1mi Spirit-Let the mountain live\u201c @EWH<\/li>\n\n\n\n<li>21:00 letztes soziales Get-Together + arktischer DJ<\/li>\n<\/ul>\n\n\n\n<p><\/p>\n","protected":false},"excerpt":{"rendered":"<p>Vom 20.-23. Mai Protestcamp in M\u00fcnchen: Veranstaltungen mit S\u00e1mi-Delegierten beleuchten Konflikte um Windenergie, Klimagerechtigkeit und die Rolle der Stadtwerke M\u00fcnchen.<\/p>\n","protected":false},"author":10,"featured_media":35005,"comment_status":"closed","ping_status":"closed","sticky":false,"template":"","format":"standard","meta":{"footnotes":""},"categories":[729],"tags":[710,753],"class_list":["post-35004","post","type-post","status-publish","format-standard","has-post-thumbnail","hentry","category-news","tag-klimaschutz-en","tag-muenchen-en"],"yoast_head":"<!-- This site is optimized with the Yoast SEO plugin v27.5 - https:\/\/yoast.com\/product\/yoast-seo-wordpress\/ -->\n<title>S\u00e1mi in M\u00fcnchen: Was schwedische Rentiere mit den SWM zu tun haben, und warum uns das was angehen sollte - Protect the Planet<\/title>\n<meta name=\"description\" content=\"Protestcamp in M\u00fcnchen: Veranstaltungen mit S\u00e1mi-Delegierten beleuchten Konflikte um Klimagerechtigkeit und die Rolle der SWM.\" \/>\n<meta name=\"robots\" content=\"index, follow, max-snippet:-1, max-image-preview:large, max-video-preview:-1\" \/>\n<link rel=\"canonical\" href=\"https:\/\/www.protect-the-planet.de\/en\/sami-in-muenchen-was-schwedische-rentiere-mit-den-swm-zu-tun-haben-und-warum-uns-das-was-angehen-sollte\/\" \/>\n<meta property=\"og:locale\" content=\"en_US\" \/>\n<meta property=\"og:type\" content=\"article\" \/>\n<meta property=\"og:title\" content=\"S\u00e1mi in M\u00fcnchen: Was schwedische Rentiere mit den SWM zu tun haben, und warum uns das was angehen sollte - Protect the Planet\" \/>\n<meta property=\"og:description\" content=\"Protestcamp in M\u00fcnchen: Veranstaltungen mit S\u00e1mi-Delegierten beleuchten Konflikte um Klimagerechtigkeit und die Rolle der SWM.\" \/>\n<meta property=\"og:url\" content=\"https:\/\/www.protect-the-planet.de\/en\/sami-in-muenchen-was-schwedische-rentiere-mit-den-swm-zu-tun-haben-und-warum-uns-das-was-angehen-sollte\/\" \/>\n<meta property=\"og:site_name\" content=\"Protect the Planet\" \/>\n<meta property=\"article:publisher\" content=\"https:\/\/www.facebook.com\/protecttheplanetDE\/\" \/>\n<meta property=\"article:published_time\" content=\"2026-04-28T14:11:42+00:00\" \/>\n<meta property=\"article:modified_time\" content=\"2026-04-28T14:12:15+00:00\" \/>\n<meta property=\"og:image\" content=\"https:\/\/www.protect-the-planet.de\/wp-content\/uploads\/2026\/04\/Beitrag-Sami.png\" \/>\n\t<meta property=\"og:image:width\" content=\"900\" \/>\n\t<meta property=\"og:image:height\" content=\"550\" \/>\n\t<meta property=\"og:image:type\" content=\"image\/png\" \/>\n<meta name=\"author\" content=\"Marlene Schorr\" \/>\n<meta name=\"twitter:card\" content=\"summary_large_image\" \/>\n<meta name=\"twitter:creator\" content=\"@PtP_de\" \/>\n<meta name=\"twitter:site\" content=\"@PtP_de\" \/>\n<meta name=\"twitter:label1\" content=\"Written by\" \/>\n\t<meta name=\"twitter:data1\" content=\"Marlene Schorr\" \/>\n\t<meta name=\"twitter:label2\" content=\"Est. reading time\" \/>\n\t<meta name=\"twitter:data2\" content=\"4 minutes\" \/>\n<script type=\"application\/ld+json\" class=\"yoast-schema-graph\">{\"@context\":\"https:\\\/\\\/schema.org\",\"@graph\":[{\"@type\":\"Article\",\"@id\":\"https:\\\/\\\/www.protect-the-planet.de\\\/en\\\/sami-in-muenchen-was-schwedische-rentiere-mit-den-swm-zu-tun-haben-und-warum-uns-das-was-angehen-sollte\\\/#article\",\"isPartOf\":{\"@id\":\"https:\\\/\\\/www.protect-the-planet.de\\\/en\\\/sami-in-muenchen-was-schwedische-rentiere-mit-den-swm-zu-tun-haben-und-warum-uns-das-was-angehen-sollte\\\/\"},\"author\":{\"name\":\"Marlene Schorr\",\"@id\":\"https:\\\/\\\/www.protect-the-planet.de\\\/en\\\/#\\\/schema\\\/person\\\/c5f68fff219fefde61da571621343455\"},\"headline\":\"S\u00e1mi in M\u00fcnchen: Was schwedische Rentiere mit den SWM zu tun haben, und warum uns das was angehen sollte\",\"datePublished\":\"2026-04-28T14:11:42+00:00\",\"dateModified\":\"2026-04-28T14:12:15+00:00\",\"mainEntityOfPage\":{\"@id\":\"https:\\\/\\\/www.protect-the-planet.de\\\/en\\\/sami-in-muenchen-was-schwedische-rentiere-mit-den-swm-zu-tun-haben-und-warum-uns-das-was-angehen-sollte\\\/\"},\"wordCount\":728,\"publisher\":{\"@id\":\"https:\\\/\\\/www.protect-the-planet.de\\\/en\\\/#organization\"},\"image\":{\"@id\":\"https:\\\/\\\/www.protect-the-planet.de\\\/en\\\/sami-in-muenchen-was-schwedische-rentiere-mit-den-swm-zu-tun-haben-und-warum-uns-das-was-angehen-sollte\\\/#primaryimage\"},\"thumbnailUrl\":\"https:\\\/\\\/www.protect-the-planet.de\\\/wp-content\\\/uploads\\\/2026\\\/04\\\/Beitrag-Sami.png\",\"keywords\":[\"Klimaschutz\",\"M\u00fcnchen\"],\"articleSection\":[\"News\"],\"inLanguage\":\"en-US\"},{\"@type\":\"WebPage\",\"@id\":\"https:\\\/\\\/www.protect-the-planet.de\\\/en\\\/sami-in-muenchen-was-schwedische-rentiere-mit-den-swm-zu-tun-haben-und-warum-uns-das-was-angehen-sollte\\\/\",\"url\":\"https:\\\/\\\/www.protect-the-planet.de\\\/en\\\/sami-in-muenchen-was-schwedische-rentiere-mit-den-swm-zu-tun-haben-und-warum-uns-das-was-angehen-sollte\\\/\",\"name\":\"S\u00e1mi in M\u00fcnchen: Was schwedische Rentiere mit den SWM zu tun haben, und warum uns das was angehen sollte - Protect the Planet\",\"isPartOf\":{\"@id\":\"https:\\\/\\\/www.protect-the-planet.de\\\/en\\\/#website\"},\"primaryImageOfPage\":{\"@id\":\"https:\\\/\\\/www.protect-the-planet.de\\\/en\\\/sami-in-muenchen-was-schwedische-rentiere-mit-den-swm-zu-tun-haben-und-warum-uns-das-was-angehen-sollte\\\/#primaryimage\"},\"image\":{\"@id\":\"https:\\\/\\\/www.protect-the-planet.de\\\/en\\\/sami-in-muenchen-was-schwedische-rentiere-mit-den-swm-zu-tun-haben-und-warum-uns-das-was-angehen-sollte\\\/#primaryimage\"},\"thumbnailUrl\":\"https:\\\/\\\/www.protect-the-planet.de\\\/wp-content\\\/uploads\\\/2026\\\/04\\\/Beitrag-Sami.png\",\"datePublished\":\"2026-04-28T14:11:42+00:00\",\"dateModified\":\"2026-04-28T14:12:15+00:00\",\"description\":\"Protestcamp in M\u00fcnchen: Veranstaltungen mit S\u00e1mi-Delegierten beleuchten Konflikte um Klimagerechtigkeit und die Rolle der SWM.\",\"breadcrumb\":{\"@id\":\"https:\\\/\\\/www.protect-the-planet.de\\\/en\\\/sami-in-muenchen-was-schwedische-rentiere-mit-den-swm-zu-tun-haben-und-warum-uns-das-was-angehen-sollte\\\/#breadcrumb\"},\"inLanguage\":\"en-US\",\"potentialAction\":[{\"@type\":\"ReadAction\",\"target\":[\"https:\\\/\\\/www.protect-the-planet.de\\\/en\\\/sami-in-muenchen-was-schwedische-rentiere-mit-den-swm-zu-tun-haben-und-warum-uns-das-was-angehen-sollte\\\/\"]}]},{\"@type\":\"ImageObject\",\"inLanguage\":\"en-US\",\"@id\":\"https:\\\/\\\/www.protect-the-planet.de\\\/en\\\/sami-in-muenchen-was-schwedische-rentiere-mit-den-swm-zu-tun-haben-und-warum-uns-das-was-angehen-sollte\\\/#primaryimage\",\"url\":\"https:\\\/\\\/www.protect-the-planet.de\\\/wp-content\\\/uploads\\\/2026\\\/04\\\/Beitrag-Sami.png\",\"contentUrl\":\"https:\\\/\\\/www.protect-the-planet.de\\\/wp-content\\\/uploads\\\/2026\\\/04\\\/Beitrag-Sami.png\",\"width\":900,\"height\":550,\"caption\":\"Auf dem Bild sind die Rentiere der S\u00e1mi zu sehen.\"},{\"@type\":\"BreadcrumbList\",\"@id\":\"https:\\\/\\\/www.protect-the-planet.de\\\/en\\\/sami-in-muenchen-was-schwedische-rentiere-mit-den-swm-zu-tun-haben-und-warum-uns-das-was-angehen-sollte\\\/#breadcrumb\",\"itemListElement\":[{\"@type\":\"ListItem\",\"position\":1,\"name\":\"Startseite\",\"item\":\"https:\\\/\\\/www.protect-the-planet.de\\\/en\\\/home\\\/\"},{\"@type\":\"ListItem\",\"position\":2,\"name\":\"S\u00e1mi in M\u00fcnchen: Was schwedische Rentiere mit den SWM zu tun haben, und warum uns das was angehen sollte\"}]},{\"@type\":\"WebSite\",\"@id\":\"https:\\\/\\\/www.protect-the-planet.de\\\/en\\\/#website\",\"url\":\"https:\\\/\\\/www.protect-the-planet.de\\\/en\\\/\",\"name\":\"Protect the Planet\",\"description\":\"If we don&#039;t change, the climate will.\",\"publisher\":{\"@id\":\"https:\\\/\\\/www.protect-the-planet.de\\\/en\\\/#organization\"},\"alternateName\":\"Protect the Panet gGmbH\",\"potentialAction\":[{\"@type\":\"SearchAction\",\"target\":{\"@type\":\"EntryPoint\",\"urlTemplate\":\"https:\\\/\\\/www.protect-the-planet.de\\\/en\\\/?s={search_term_string}\"},\"query-input\":{\"@type\":\"PropertyValueSpecification\",\"valueRequired\":true,\"valueName\":\"search_term_string\"}}],\"inLanguage\":\"en-US\"},{\"@type\":\"Organization\",\"@id\":\"https:\\\/\\\/www.protect-the-planet.de\\\/en\\\/#organization\",\"name\":\"Protect the Planet\",\"url\":\"https:\\\/\\\/www.protect-the-planet.de\\\/en\\\/\",\"logo\":{\"@type\":\"ImageObject\",\"inLanguage\":\"en-US\",\"@id\":\"https:\\\/\\\/www.protect-the-planet.de\\\/en\\\/#\\\/schema\\\/logo\\\/image\\\/\",\"url\":\"https:\\\/\\\/www.protect-the-planet.de\\\/wp-content\\\/uploads\\\/2023\\\/09\\\/LOGO-positiv_transparent-klein.png\",\"contentUrl\":\"https:\\\/\\\/www.protect-the-planet.de\\\/wp-content\\\/uploads\\\/2023\\\/09\\\/LOGO-positiv_transparent-klein.png\",\"width\":123,\"height\":68,\"caption\":\"Protect the Planet\"},\"image\":{\"@id\":\"https:\\\/\\\/www.protect-the-planet.de\\\/en\\\/#\\\/schema\\\/logo\\\/image\\\/\"},\"sameAs\":[\"https:\\\/\\\/www.facebook.com\\\/protecttheplanetDE\\\/\",\"https:\\\/\\\/x.com\\\/PtP_de\",\"https:\\\/\\\/www.instagram.com\\\/protecttheplanetorg\\\/\",\"https:\\\/\\\/www.linkedin.com\\\/company\\\/protect-the-planet\",\"https:\\\/\\\/www.youtube.com\\\/@protecttheplanet\"]},{\"@type\":\"Person\",\"@id\":\"https:\\\/\\\/www.protect-the-planet.de\\\/en\\\/#\\\/schema\\\/person\\\/c5f68fff219fefde61da571621343455\",\"name\":\"Marlene Schorr\",\"image\":{\"@type\":\"ImageObject\",\"inLanguage\":\"en-US\",\"@id\":\"https:\\\/\\\/secure.gravatar.com\\\/avatar\\\/78d101b05e6da18a98f007d6ad5f076a6c8fc0dcc2e943f6e304d20caf0c1806?s=96&d=mm&r=g\",\"url\":\"https:\\\/\\\/secure.gravatar.com\\\/avatar\\\/78d101b05e6da18a98f007d6ad5f076a6c8fc0dcc2e943f6e304d20caf0c1806?s=96&d=mm&r=g\",\"contentUrl\":\"https:\\\/\\\/secure.gravatar.com\\\/avatar\\\/78d101b05e6da18a98f007d6ad5f076a6c8fc0dcc2e943f6e304d20caf0c1806?s=96&d=mm&r=g\",\"caption\":\"Marlene Schorr\"},\"url\":\"https:\\\/\\\/www.protect-the-planet.de\\\/en\\\/author\\\/marlene-schorr\\\/\"}]}<\/script>\n<!-- \/ Yoast SEO plugin. -->","yoast_head_json":{"title":"S\u00e1mi in M\u00fcnchen: Was schwedische Rentiere mit den SWM zu tun haben, und warum uns das was angehen sollte - Protect the Planet","description":"Protestcamp in M\u00fcnchen: Veranstaltungen mit S\u00e1mi-Delegierten beleuchten Konflikte um Klimagerechtigkeit und die Rolle der SWM.","robots":{"index":"index","follow":"follow","max-snippet":"max-snippet:-1","max-image-preview":"max-image-preview:large","max-video-preview":"max-video-preview:-1"},"canonical":"https:\/\/www.protect-the-planet.de\/en\/sami-in-muenchen-was-schwedische-rentiere-mit-den-swm-zu-tun-haben-und-warum-uns-das-was-angehen-sollte\/","og_locale":"en_US","og_type":"article","og_title":"S\u00e1mi in M\u00fcnchen: Was schwedische Rentiere mit den SWM zu tun haben, und warum uns das was angehen sollte - Protect the Planet","og_description":"Protestcamp in M\u00fcnchen: Veranstaltungen mit S\u00e1mi-Delegierten beleuchten Konflikte um Klimagerechtigkeit und die Rolle der SWM.","og_url":"https:\/\/www.protect-the-planet.de\/en\/sami-in-muenchen-was-schwedische-rentiere-mit-den-swm-zu-tun-haben-und-warum-uns-das-was-angehen-sollte\/","og_site_name":"Protect the Planet","article_publisher":"https:\/\/www.facebook.com\/protecttheplanetDE\/","article_published_time":"2026-04-28T14:11:42+00:00","article_modified_time":"2026-04-28T14:12:15+00:00","og_image":[{"width":900,"height":550,"url":"https:\/\/www.protect-the-planet.de\/wp-content\/uploads\/2026\/04\/Beitrag-Sami.png","type":"image\/png"}],"author":"Marlene Schorr","twitter_card":"summary_large_image","twitter_creator":"@PtP_de","twitter_site":"@PtP_de","twitter_misc":{"Written by":"Marlene Schorr","Est. reading time":"4 minutes"},"schema":{"@context":"https:\/\/schema.org","@graph":[{"@type":"Article","@id":"https:\/\/www.protect-the-planet.de\/en\/sami-in-muenchen-was-schwedische-rentiere-mit-den-swm-zu-tun-haben-und-warum-uns-das-was-angehen-sollte\/#article","isPartOf":{"@id":"https:\/\/www.protect-the-planet.de\/en\/sami-in-muenchen-was-schwedische-rentiere-mit-den-swm-zu-tun-haben-und-warum-uns-das-was-angehen-sollte\/"},"author":{"name":"Marlene Schorr","@id":"https:\/\/www.protect-the-planet.de\/en\/#\/schema\/person\/c5f68fff219fefde61da571621343455"},"headline":"S\u00e1mi in M\u00fcnchen: Was schwedische Rentiere mit den SWM zu tun haben, und warum uns das was angehen sollte","datePublished":"2026-04-28T14:11:42+00:00","dateModified":"2026-04-28T14:12:15+00:00","mainEntityOfPage":{"@id":"https:\/\/www.protect-the-planet.de\/en\/sami-in-muenchen-was-schwedische-rentiere-mit-den-swm-zu-tun-haben-und-warum-uns-das-was-angehen-sollte\/"},"wordCount":728,"publisher":{"@id":"https:\/\/www.protect-the-planet.de\/en\/#organization"},"image":{"@id":"https:\/\/www.protect-the-planet.de\/en\/sami-in-muenchen-was-schwedische-rentiere-mit-den-swm-zu-tun-haben-und-warum-uns-das-was-angehen-sollte\/#primaryimage"},"thumbnailUrl":"https:\/\/www.protect-the-planet.de\/wp-content\/uploads\/2026\/04\/Beitrag-Sami.png","keywords":["Klimaschutz","M\u00fcnchen"],"articleSection":["News"],"inLanguage":"en-US"},{"@type":"WebPage","@id":"https:\/\/www.protect-the-planet.de\/en\/sami-in-muenchen-was-schwedische-rentiere-mit-den-swm-zu-tun-haben-und-warum-uns-das-was-angehen-sollte\/","url":"https:\/\/www.protect-the-planet.de\/en\/sami-in-muenchen-was-schwedische-rentiere-mit-den-swm-zu-tun-haben-und-warum-uns-das-was-angehen-sollte\/","name":"S\u00e1mi in M\u00fcnchen: Was schwedische Rentiere mit den SWM zu tun haben, und warum uns das was angehen sollte - Protect the Planet","isPartOf":{"@id":"https:\/\/www.protect-the-planet.de\/en\/#website"},"primaryImageOfPage":{"@id":"https:\/\/www.protect-the-planet.de\/en\/sami-in-muenchen-was-schwedische-rentiere-mit-den-swm-zu-tun-haben-und-warum-uns-das-was-angehen-sollte\/#primaryimage"},"image":{"@id":"https:\/\/www.protect-the-planet.de\/en\/sami-in-muenchen-was-schwedische-rentiere-mit-den-swm-zu-tun-haben-und-warum-uns-das-was-angehen-sollte\/#primaryimage"},"thumbnailUrl":"https:\/\/www.protect-the-planet.de\/wp-content\/uploads\/2026\/04\/Beitrag-Sami.png","datePublished":"2026-04-28T14:11:42+00:00","dateModified":"2026-04-28T14:12:15+00:00","description":"Protestcamp in M\u00fcnchen: Veranstaltungen mit S\u00e1mi-Delegierten beleuchten Konflikte um Klimagerechtigkeit und die Rolle der SWM.","breadcrumb":{"@id":"https:\/\/www.protect-the-planet.de\/en\/sami-in-muenchen-was-schwedische-rentiere-mit-den-swm-zu-tun-haben-und-warum-uns-das-was-angehen-sollte\/#breadcrumb"},"inLanguage":"en-US","potentialAction":[{"@type":"ReadAction","target":["https:\/\/www.protect-the-planet.de\/en\/sami-in-muenchen-was-schwedische-rentiere-mit-den-swm-zu-tun-haben-und-warum-uns-das-was-angehen-sollte\/"]}]},{"@type":"ImageObject","inLanguage":"en-US","@id":"https:\/\/www.protect-the-planet.de\/en\/sami-in-muenchen-was-schwedische-rentiere-mit-den-swm-zu-tun-haben-und-warum-uns-das-was-angehen-sollte\/#primaryimage","url":"https:\/\/www.protect-the-planet.de\/wp-content\/uploads\/2026\/04\/Beitrag-Sami.png","contentUrl":"https:\/\/www.protect-the-planet.de\/wp-content\/uploads\/2026\/04\/Beitrag-Sami.png","width":900,"height":550,"caption":"Auf dem Bild sind die Rentiere der S\u00e1mi zu sehen."},{"@type":"BreadcrumbList","@id":"https:\/\/www.protect-the-planet.de\/en\/sami-in-muenchen-was-schwedische-rentiere-mit-den-swm-zu-tun-haben-und-warum-uns-das-was-angehen-sollte\/#breadcrumb","itemListElement":[{"@type":"ListItem","position":1,"name":"Startseite","item":"https:\/\/www.protect-the-planet.de\/en\/home\/"},{"@type":"ListItem","position":2,"name":"S\u00e1mi in M\u00fcnchen: Was schwedische Rentiere mit den SWM zu tun haben, und warum uns das was angehen sollte"}]},{"@type":"WebSite","@id":"https:\/\/www.protect-the-planet.de\/en\/#website","url":"https:\/\/www.protect-the-planet.de\/en\/","name":"Protect the Planet","description":"If we don&#039;t change, the climate will.","publisher":{"@id":"https:\/\/www.protect-the-planet.de\/en\/#organization"},"alternateName":"Protect the Panet gGmbH","potentialAction":[{"@type":"SearchAction","target":{"@type":"EntryPoint","urlTemplate":"https:\/\/www.protect-the-planet.de\/en\/?s={search_term_string}"},"query-input":{"@type":"PropertyValueSpecification","valueRequired":true,"valueName":"search_term_string"}}],"inLanguage":"en-US"},{"@type":"Organization","@id":"https:\/\/www.protect-the-planet.de\/en\/#organization","name":"Protect the Planet","url":"https:\/\/www.protect-the-planet.de\/en\/","logo":{"@type":"ImageObject","inLanguage":"en-US","@id":"https:\/\/www.protect-the-planet.de\/en\/#\/schema\/logo\/image\/","url":"https:\/\/www.protect-the-planet.de\/wp-content\/uploads\/2023\/09\/LOGO-positiv_transparent-klein.png","contentUrl":"https:\/\/www.protect-the-planet.de\/wp-content\/uploads\/2023\/09\/LOGO-positiv_transparent-klein.png","width":123,"height":68,"caption":"Protect the Planet"},"image":{"@id":"https:\/\/www.protect-the-planet.de\/en\/#\/schema\/logo\/image\/"},"sameAs":["https:\/\/www.facebook.com\/protecttheplanetDE\/","https:\/\/x.com\/PtP_de","https:\/\/www.instagram.com\/protecttheplanetorg\/","https:\/\/www.linkedin.com\/company\/protect-the-planet","https:\/\/www.youtube.com\/@protecttheplanet"]},{"@type":"Person","@id":"https:\/\/www.protect-the-planet.de\/en\/#\/schema\/person\/c5f68fff219fefde61da571621343455","name":"Marlene Schorr","image":{"@type":"ImageObject","inLanguage":"en-US","@id":"https:\/\/secure.gravatar.com\/avatar\/78d101b05e6da18a98f007d6ad5f076a6c8fc0dcc2e943f6e304d20caf0c1806?s=96&d=mm&r=g","url":"https:\/\/secure.gravatar.com\/avatar\/78d101b05e6da18a98f007d6ad5f076a6c8fc0dcc2e943f6e304d20caf0c1806?s=96&d=mm&r=g","contentUrl":"https:\/\/secure.gravatar.com\/avatar\/78d101b05e6da18a98f007d6ad5f076a6c8fc0dcc2e943f6e304d20caf0c1806?s=96&d=mm&r=g","caption":"Marlene Schorr"},"url":"https:\/\/www.protect-the-planet.de\/en\/author\/marlene-schorr\/"}]}},"_links":{"self":[{"href":"https:\/\/www.protect-the-planet.de\/en\/wp-json\/wp\/v2\/posts\/35004","targetHints":{"allow":["GET"]}}],"collection":[{"href":"https:\/\/www.protect-the-planet.de\/en\/wp-json\/wp\/v2\/posts"}],"about":[{"href":"https:\/\/www.protect-the-planet.de\/en\/wp-json\/wp\/v2\/types\/post"}],"author":[{"embeddable":true,"href":"https:\/\/www.protect-the-planet.de\/en\/wp-json\/wp\/v2\/users\/10"}],"replies":[{"embeddable":true,"href":"https:\/\/www.protect-the-planet.de\/en\/wp-json\/wp\/v2\/comments?post=35004"}],"version-history":[{"count":4,"href":"https:\/\/www.protect-the-planet.de\/en\/wp-json\/wp\/v2\/posts\/35004\/revisions"}],"predecessor-version":[{"id":35012,"href":"https:\/\/www.protect-the-planet.de\/en\/wp-json\/wp\/v2\/posts\/35004\/revisions\/35012"}],"wp:featuredmedia":[{"embeddable":true,"href":"https:\/\/www.protect-the-planet.de\/en\/wp-json\/wp\/v2\/media\/35005"}],"wp:attachment":[{"href":"https:\/\/www.protect-the-planet.de\/en\/wp-json\/wp\/v2\/media?parent=35004"}],"wp:term":[{"taxonomy":"category","embeddable":true,"href":"https:\/\/www.protect-the-planet.de\/en\/wp-json\/wp\/v2\/categories?post=35004"},{"taxonomy":"post_tag","embeddable":true,"href":"https:\/\/www.protect-the-planet.de\/en\/wp-json\/wp\/v2\/tags?post=35004"}],"curies":[{"name":"wp","href":"https:\/\/api.w.org\/{rel}","templated":true}]}}