{"id":34868,"date":"2026-04-14T11:00:00","date_gmt":"2026-04-14T09:00:00","guid":{"rendered":"https:\/\/www.protect-the-planet.de\/vom-fussabdruck-zum-handabdruck-wie-kann-ich-als-christin-fuer-klimagerechtigkeit-einstehen\/"},"modified":"2026-04-27T14:18:10","modified_gmt":"2026-04-27T12:18:10","slug":"vom-fussabdruck-zum-handabdruck-wie-kann-ich-als-christin-fuer-klimagerechtigkeit-einstehen","status":"publish","type":"post","link":"https:\/\/www.protect-the-planet.de\/en\/vom-fussabdruck-zum-handabdruck-wie-kann-ich-als-christin-fuer-klimagerechtigkeit-einstehen\/","title":{"rendered":"Vom Fu\u00dfabdruck zum Handabdruck \u2013 Wie kann ich als Christ*in f\u00fcr Klimagerechtigkeit einstehen?"},"content":{"rendered":"\n<h3 class=\"wp-block-heading\">Glaubenssache: Klima<\/h3>\n\n\n\n<p>Die Welt ver\u00e4ndert sich \u2013 und M\u00fcnchen auch. Gerade jetzt braucht es Menschen, die hinschauen, Fragen stellen und Verantwortung \u00fcbernehmen: f\u00fcr ihre Umwelt und ihre Mitmenschen.<\/p>\n\n\n\n<p>Auch Glaube kann politisch sein und dabei Kraft geben, neue Perspektiven auf die gro\u00dfen Fragen unserer Zeit er\u00f6ffnen. Mit \u201eGlaubenssache: Klima\u201c haben sich christliche Initiativen aus M\u00fcnchen gemeinsam mit der NGO Protect the Planet zusammengeschlossen. <\/p>\n\n\n\n<p>Entstanden ist ein dreiteiliges Eventformat, das informiert, inspiriert und zum Handeln motiviert.<br><em>Auch Glaube kann politisch sein, Kraft geben und neue Perspektiven auf die gro\u00dfen Fragen unserer Zeit er\u00f6ffnen. \/ <\/em>Auch Glaube kann politisch sein und dabei Kraft geben, neue Perspektiven auf die gro\u00dfen Fragen unserer Zeit zu er\u00f6ffnen.<\/p>\n\n\n\n<p><strong>Offen f\u00fcr alle<\/strong><\/p>\n\n\n\n<p>Die Workshops sind offen f\u00fcr jede*n &#8211; egal ob gl\u00e4ubig, nicht-gl\u00e4ubig, schon aktiv oder nie wirklich \u00fcber Klimawandel nachgedacht. Was z\u00e4hlt, ist deine Neugier auf die Themen und die Lust, dir mit anderen Gedanken \u00fcber Klimagerechtigkeit zu machen. Die drei Workshops kann man unabh\u00e4ngig voneinander besuchen.<\/p>\n\n\n\n<h2 class=\"wp-block-heading\">Vom Fu\u00dfabdruck zum Handabdruck \u2013 Wie kann ich als Christ*in f\u00fcr Klimagerechtigkeit einstehen?<\/h2>\n\n\n\n<p>Der Abend l\u00e4dt dazu ein, Klimagerechtigkeit aus einer neuen Perspektive zu betrachten: Der Fokus liegt dabei nicht nur auf dem, was wir vermeiden, sondern auf dem, was wir bewirken k\u00f6nnen.<br>Wir reflektieren praxisnah pers\u00f6nliche Handlungsm\u00f6glichkeiten, Wege des gesellschaftlichen Engagements und gelebten Glaubens. Die Veranstaltung bringt Menschen, Initiativen und Perspektiven in einem interaktiven Workshop zusammen:<\/p>\n\n\n\n<p><strong>Im Mittelpunkt stehen Fragen wie:<\/strong><\/p>\n\n\n\n<ul class=\"wp-block-list\">\n<li>Was ist der \u00f6kologische Handabdruck und was hat das mit mir und meinem Glauben zu tun?&nbsp;<\/li>\n\n\n\n<li>Wo und wie kann ich mich engagieren?<\/li>\n\n\n\n<li>Wo sto\u00dfe ich als Einzelne*r an Grenzen \u2013 und wo beginnt kollektives Handeln?<\/li>\n\n\n\n<li>Wie kann mein Glaube mich motivieren, aktiv zu werden?<\/li>\n<\/ul>\n\n\n\n<p>Der Abend richtet sich an alle, die ihren Glauben mit konkretem Engagement f\u00fcr Klimagerechtigkeit verbinden m\u00f6chten \u2013 egal, ob du erste Impulse suchst oder schon aktiv bist.<\/p>\n\n\n\n<p><strong>Beginn:<\/strong>&nbsp;19:00 Uhr<\/p>\n\n\n\n<p><strong>Ende:<\/strong>&nbsp;ca. 21:30 Uhr<\/p>\n\n\n\n<p><strong>Kosten: <\/strong>Kostenfrei<\/p>\n\n\n\n<hr class=\"wp-block-separator has-alpha-channel-opacity\"\/>\n\n\n\n<p class=\"has-text-align-center\"><strong>Die Veranstalter<\/strong>:<\/p>\n\n\n\n<p class=\"has-text-align-center\"><a href=\"https:\/\/christians4future.de\/\">Christians for Future M\u00fcnchen<\/a><\/p>\n\n\n\n<p class=\"has-text-align-center\"><a href=\"https:\/\/christliche-initiative-klimagerechtigkeit.de\/\">Christliche Initiative Klimagerechtigkeit e.V.<\/a><\/p>\n\n\n\n<p class=\"has-text-align-center\"><a href=\"https:\/\/www.protect-the-planet.de\/\">Protect the Planet<\/a><\/p>\n\n\n\n<p class=\"has-text-align-center\"><a href=\"https:\/\/munich-church-refresh.de\/\">Munich Church Refresh&nbsp;<\/a><\/p>\n\n\n\n<p class=\"has-text-align-center\"><a href=\"https:\/\/www.stadtakademie-muenchen.de\/just\/\">Junge Stadtakademie M\u00fcnchen<\/a><\/p>\n\n\n\n<p class=\"has-text-align-center\"><a href=\"https:\/\/www.ej-muenchen.de\/\">Evangelische Jugend M\u00fcnchen<\/a><\/p>\n\n\n\n<p class=\"has-text-align-center\"><strong>in Kooperation mit: <\/strong><\/p>\n\n\n\n<p class=\"has-text-align-center\"><a href=\"https:\/\/netzwerk-klimaherbst.de\/\" target=\"_blank\" rel=\"noreferrer noopener\">Klimaherbst <\/a><\/p>\n","protected":false},"excerpt":{"rendered":"<p>Der Abend richtet sich an alle, die ihren Glauben mit konkretem Engagement f\u00fcr Klimagerechtigkeit verbinden m\u00f6chten \u2013 egal, ob du erste Impulse suchst oder schon aktiv bist. <\/p>\n","protected":false},"author":10,"featured_media":34869,"comment_status":"closed","ping_status":"closed","sticky":false,"template":"","format":"standard","meta":{"footnotes":""},"categories":[1508],"tags":[710,753,702],"class_list":["post-34868","post","type-post","status-publish","format-standard","has-post-thumbnail","hentry","category-events","tag-klimaschutz-en","tag-muenchen-en","tag-vortrag-en"],"yoast_head":"<!-- This site is optimized with the Yoast SEO plugin v27.5 - https:\/\/yoast.com\/product\/yoast-seo-wordpress\/ -->\n<title>Vom Fu\u00dfabdruck zum Handabdruck \u2013 Wie kann ich als Christ*in f\u00fcr Klimagerechtigkeit einstehen? - Protect the Planet<\/title>\n<meta name=\"description\" content=\"\u201eGlaubenssache: Klima\u201c bringt Glaube und Klimakrise zusammen und schafft ein Format, das informiert und inspiriert.\" \/>\n<meta name=\"robots\" content=\"index, follow, max-snippet:-1, max-image-preview:large, max-video-preview:-1\" \/>\n<link rel=\"canonical\" href=\"https:\/\/www.protect-the-planet.de\/en\/vom-fussabdruck-zum-handabdruck-wie-kann-ich-als-christin-fuer-klimagerechtigkeit-einstehen\/\" \/>\n<meta property=\"og:locale\" content=\"en_US\" \/>\n<meta property=\"og:type\" content=\"article\" \/>\n<meta property=\"og:title\" content=\"Vom Fu\u00dfabdruck zum Handabdruck \u2013 Wie kann ich als Christ*in f\u00fcr Klimagerechtigkeit einstehen? - Protect the Planet\" \/>\n<meta property=\"og:description\" content=\"\u201eGlaubenssache: Klima\u201c bringt Glaube und Klimakrise zusammen und schafft ein Format, das informiert und inspiriert.\" \/>\n<meta property=\"og:url\" content=\"https:\/\/www.protect-the-planet.de\/en\/vom-fussabdruck-zum-handabdruck-wie-kann-ich-als-christin-fuer-klimagerechtigkeit-einstehen\/\" \/>\n<meta property=\"og:site_name\" content=\"Protect the Planet\" \/>\n<meta property=\"article:publisher\" content=\"https:\/\/www.facebook.com\/protecttheplanetDE\/\" \/>\n<meta property=\"article:published_time\" content=\"2026-04-14T09:00:00+00:00\" \/>\n<meta property=\"article:modified_time\" content=\"2026-04-27T12:18:10+00:00\" \/>\n<meta property=\"og:image\" content=\"https:\/\/www.protect-the-planet.de\/wp-content\/uploads\/2026\/04\/17.06.-2026-\u2013-Glaubenssache_-Klima-2_3.png\" \/>\n\t<meta property=\"og:image:width\" content=\"900\" \/>\n\t<meta property=\"og:image:height\" content=\"550\" \/>\n\t<meta property=\"og:image:type\" content=\"image\/png\" \/>\n<meta name=\"author\" content=\"Marlene Schorr\" \/>\n<meta name=\"twitter:card\" content=\"summary_large_image\" \/>\n<meta name=\"twitter:creator\" content=\"@PtP_de\" \/>\n<meta name=\"twitter:site\" content=\"@PtP_de\" \/>\n<meta name=\"twitter:label1\" content=\"Written by\" \/>\n\t<meta name=\"twitter:data1\" content=\"Marlene Schorr\" \/>\n\t<meta name=\"twitter:label2\" content=\"Est. reading time\" \/>\n\t<meta name=\"twitter:data2\" content=\"3 minutes\" \/>\n<script type=\"application\/ld+json\" class=\"yoast-schema-graph\">{\"@context\":\"https:\\\/\\\/schema.org\",\"@graph\":[{\"@type\":\"Article\",\"@id\":\"https:\\\/\\\/www.protect-the-planet.de\\\/en\\\/vom-fussabdruck-zum-handabdruck-wie-kann-ich-als-christin-fuer-klimagerechtigkeit-einstehen\\\/#article\",\"isPartOf\":{\"@id\":\"https:\\\/\\\/www.protect-the-planet.de\\\/en\\\/vom-fussabdruck-zum-handabdruck-wie-kann-ich-als-christin-fuer-klimagerechtigkeit-einstehen\\\/\"},\"author\":{\"name\":\"Marlene Schorr\",\"@id\":\"https:\\\/\\\/www.protect-the-planet.de\\\/en\\\/#\\\/schema\\\/person\\\/c5f68fff219fefde61da571621343455\"},\"headline\":\"Vom Fu\u00dfabdruck zum Handabdruck \u2013 Wie kann ich als Christ*in f\u00fcr Klimagerechtigkeit einstehen?\",\"datePublished\":\"2026-04-14T09:00:00+00:00\",\"dateModified\":\"2026-04-27T12:18:10+00:00\",\"mainEntityOfPage\":{\"@id\":\"https:\\\/\\\/www.protect-the-planet.de\\\/en\\\/vom-fussabdruck-zum-handabdruck-wie-kann-ich-als-christin-fuer-klimagerechtigkeit-einstehen\\\/\"},\"wordCount\":384,\"publisher\":{\"@id\":\"https:\\\/\\\/www.protect-the-planet.de\\\/en\\\/#organization\"},\"image\":{\"@id\":\"https:\\\/\\\/www.protect-the-planet.de\\\/en\\\/vom-fussabdruck-zum-handabdruck-wie-kann-ich-als-christin-fuer-klimagerechtigkeit-einstehen\\\/#primaryimage\"},\"thumbnailUrl\":\"https:\\\/\\\/www.protect-the-planet.de\\\/wp-content\\\/uploads\\\/2026\\\/04\\\/17.06.-2026-\u2013-Glaubenssache_-Klima-2_3.png\",\"keywords\":[\"Klimaschutz\",\"M\u00fcnchen\",\"Vortrag\"],\"articleSection\":[\"events\"],\"inLanguage\":\"en-US\"},{\"@type\":\"WebPage\",\"@id\":\"https:\\\/\\\/www.protect-the-planet.de\\\/en\\\/vom-fussabdruck-zum-handabdruck-wie-kann-ich-als-christin-fuer-klimagerechtigkeit-einstehen\\\/\",\"url\":\"https:\\\/\\\/www.protect-the-planet.de\\\/en\\\/vom-fussabdruck-zum-handabdruck-wie-kann-ich-als-christin-fuer-klimagerechtigkeit-einstehen\\\/\",\"name\":\"Vom Fu\u00dfabdruck zum Handabdruck \u2013 Wie kann ich als Christ*in f\u00fcr Klimagerechtigkeit einstehen? - Protect the Planet\",\"isPartOf\":{\"@id\":\"https:\\\/\\\/www.protect-the-planet.de\\\/en\\\/#website\"},\"primaryImageOfPage\":{\"@id\":\"https:\\\/\\\/www.protect-the-planet.de\\\/en\\\/vom-fussabdruck-zum-handabdruck-wie-kann-ich-als-christin-fuer-klimagerechtigkeit-einstehen\\\/#primaryimage\"},\"image\":{\"@id\":\"https:\\\/\\\/www.protect-the-planet.de\\\/en\\\/vom-fussabdruck-zum-handabdruck-wie-kann-ich-als-christin-fuer-klimagerechtigkeit-einstehen\\\/#primaryimage\"},\"thumbnailUrl\":\"https:\\\/\\\/www.protect-the-planet.de\\\/wp-content\\\/uploads\\\/2026\\\/04\\\/17.06.-2026-\u2013-Glaubenssache_-Klima-2_3.png\",\"datePublished\":\"2026-04-14T09:00:00+00:00\",\"dateModified\":\"2026-04-27T12:18:10+00:00\",\"description\":\"\u201eGlaubenssache: Klima\u201c bringt Glaube und Klimakrise zusammen und schafft ein Format, das informiert und inspiriert.\",\"breadcrumb\":{\"@id\":\"https:\\\/\\\/www.protect-the-planet.de\\\/en\\\/vom-fussabdruck-zum-handabdruck-wie-kann-ich-als-christin-fuer-klimagerechtigkeit-einstehen\\\/#breadcrumb\"},\"inLanguage\":\"en-US\",\"potentialAction\":[{\"@type\":\"ReadAction\",\"target\":[\"https:\\\/\\\/www.protect-the-planet.de\\\/en\\\/vom-fussabdruck-zum-handabdruck-wie-kann-ich-als-christin-fuer-klimagerechtigkeit-einstehen\\\/\"]}]},{\"@type\":\"ImageObject\",\"inLanguage\":\"en-US\",\"@id\":\"https:\\\/\\\/www.protect-the-planet.de\\\/en\\\/vom-fussabdruck-zum-handabdruck-wie-kann-ich-als-christin-fuer-klimagerechtigkeit-einstehen\\\/#primaryimage\",\"url\":\"https:\\\/\\\/www.protect-the-planet.de\\\/wp-content\\\/uploads\\\/2026\\\/04\\\/17.06.-2026-\u2013-Glaubenssache_-Klima-2_3.png\",\"contentUrl\":\"https:\\\/\\\/www.protect-the-planet.de\\\/wp-content\\\/uploads\\\/2026\\\/04\\\/17.06.-2026-\u2013-Glaubenssache_-Klima-2_3.png\",\"width\":900,\"height\":550},{\"@type\":\"BreadcrumbList\",\"@id\":\"https:\\\/\\\/www.protect-the-planet.de\\\/en\\\/vom-fussabdruck-zum-handabdruck-wie-kann-ich-als-christin-fuer-klimagerechtigkeit-einstehen\\\/#breadcrumb\",\"itemListElement\":[{\"@type\":\"ListItem\",\"position\":1,\"name\":\"Startseite\",\"item\":\"https:\\\/\\\/www.protect-the-planet.de\\\/en\\\/home\\\/\"},{\"@type\":\"ListItem\",\"position\":2,\"name\":\"Vom Fu\u00dfabdruck zum Handabdruck \u2013 Wie kann ich als Christ*in f\u00fcr Klimagerechtigkeit einstehen?\"}]},{\"@type\":\"WebSite\",\"@id\":\"https:\\\/\\\/www.protect-the-planet.de\\\/en\\\/#website\",\"url\":\"https:\\\/\\\/www.protect-the-planet.de\\\/en\\\/\",\"name\":\"Protect the Planet\",\"description\":\"If we don&#039;t change, the climate will.\",\"publisher\":{\"@id\":\"https:\\\/\\\/www.protect-the-planet.de\\\/en\\\/#organization\"},\"alternateName\":\"Protect the Panet gGmbH\",\"potentialAction\":[{\"@type\":\"SearchAction\",\"target\":{\"@type\":\"EntryPoint\",\"urlTemplate\":\"https:\\\/\\\/www.protect-the-planet.de\\\/en\\\/?s={search_term_string}\"},\"query-input\":{\"@type\":\"PropertyValueSpecification\",\"valueRequired\":true,\"valueName\":\"search_term_string\"}}],\"inLanguage\":\"en-US\"},{\"@type\":\"Organization\",\"@id\":\"https:\\\/\\\/www.protect-the-planet.de\\\/en\\\/#organization\",\"name\":\"Protect the Planet\",\"url\":\"https:\\\/\\\/www.protect-the-planet.de\\\/en\\\/\",\"logo\":{\"@type\":\"ImageObject\",\"inLanguage\":\"en-US\",\"@id\":\"https:\\\/\\\/www.protect-the-planet.de\\\/en\\\/#\\\/schema\\\/logo\\\/image\\\/\",\"url\":\"https:\\\/\\\/www.protect-the-planet.de\\\/wp-content\\\/uploads\\\/2023\\\/09\\\/LOGO-positiv_transparent-klein.png\",\"contentUrl\":\"https:\\\/\\\/www.protect-the-planet.de\\\/wp-content\\\/uploads\\\/2023\\\/09\\\/LOGO-positiv_transparent-klein.png\",\"width\":123,\"height\":68,\"caption\":\"Protect the Planet\"},\"image\":{\"@id\":\"https:\\\/\\\/www.protect-the-planet.de\\\/en\\\/#\\\/schema\\\/logo\\\/image\\\/\"},\"sameAs\":[\"https:\\\/\\\/www.facebook.com\\\/protecttheplanetDE\\\/\",\"https:\\\/\\\/x.com\\\/PtP_de\",\"https:\\\/\\\/www.instagram.com\\\/protecttheplanetorg\\\/\",\"https:\\\/\\\/www.linkedin.com\\\/company\\\/protect-the-planet\",\"https:\\\/\\\/www.youtube.com\\\/@protecttheplanet\"]},{\"@type\":\"Person\",\"@id\":\"https:\\\/\\\/www.protect-the-planet.de\\\/en\\\/#\\\/schema\\\/person\\\/c5f68fff219fefde61da571621343455\",\"name\":\"Marlene Schorr\",\"image\":{\"@type\":\"ImageObject\",\"inLanguage\":\"en-US\",\"@id\":\"https:\\\/\\\/secure.gravatar.com\\\/avatar\\\/78d101b05e6da18a98f007d6ad5f076a6c8fc0dcc2e943f6e304d20caf0c1806?s=96&d=mm&r=g\",\"url\":\"https:\\\/\\\/secure.gravatar.com\\\/avatar\\\/78d101b05e6da18a98f007d6ad5f076a6c8fc0dcc2e943f6e304d20caf0c1806?s=96&d=mm&r=g\",\"contentUrl\":\"https:\\\/\\\/secure.gravatar.com\\\/avatar\\\/78d101b05e6da18a98f007d6ad5f076a6c8fc0dcc2e943f6e304d20caf0c1806?s=96&d=mm&r=g\",\"caption\":\"Marlene Schorr\"},\"url\":\"https:\\\/\\\/www.protect-the-planet.de\\\/en\\\/author\\\/marlene-schorr\\\/\"}]}<\/script>\n<!-- \/ Yoast SEO plugin. -->","yoast_head_json":{"title":"Vom Fu\u00dfabdruck zum Handabdruck \u2013 Wie kann ich als Christ*in f\u00fcr Klimagerechtigkeit einstehen? - Protect the Planet","description":"\u201eGlaubenssache: Klima\u201c bringt Glaube und Klimakrise zusammen und schafft ein Format, das informiert und inspiriert.","robots":{"index":"index","follow":"follow","max-snippet":"max-snippet:-1","max-image-preview":"max-image-preview:large","max-video-preview":"max-video-preview:-1"},"canonical":"https:\/\/www.protect-the-planet.de\/en\/vom-fussabdruck-zum-handabdruck-wie-kann-ich-als-christin-fuer-klimagerechtigkeit-einstehen\/","og_locale":"en_US","og_type":"article","og_title":"Vom Fu\u00dfabdruck zum Handabdruck \u2013 Wie kann ich als Christ*in f\u00fcr Klimagerechtigkeit einstehen? - Protect the Planet","og_description":"\u201eGlaubenssache: Klima\u201c bringt Glaube und Klimakrise zusammen und schafft ein Format, das informiert und inspiriert.","og_url":"https:\/\/www.protect-the-planet.de\/en\/vom-fussabdruck-zum-handabdruck-wie-kann-ich-als-christin-fuer-klimagerechtigkeit-einstehen\/","og_site_name":"Protect the Planet","article_publisher":"https:\/\/www.facebook.com\/protecttheplanetDE\/","article_published_time":"2026-04-14T09:00:00+00:00","article_modified_time":"2026-04-27T12:18:10+00:00","og_image":[{"width":900,"height":550,"url":"https:\/\/www.protect-the-planet.de\/wp-content\/uploads\/2026\/04\/17.06.-2026-\u2013-Glaubenssache_-Klima-2_3.png","type":"image\/png"}],"author":"Marlene Schorr","twitter_card":"summary_large_image","twitter_creator":"@PtP_de","twitter_site":"@PtP_de","twitter_misc":{"Written by":"Marlene Schorr","Est. reading time":"3 minutes"},"schema":{"@context":"https:\/\/schema.org","@graph":[{"@type":"Article","@id":"https:\/\/www.protect-the-planet.de\/en\/vom-fussabdruck-zum-handabdruck-wie-kann-ich-als-christin-fuer-klimagerechtigkeit-einstehen\/#article","isPartOf":{"@id":"https:\/\/www.protect-the-planet.de\/en\/vom-fussabdruck-zum-handabdruck-wie-kann-ich-als-christin-fuer-klimagerechtigkeit-einstehen\/"},"author":{"name":"Marlene Schorr","@id":"https:\/\/www.protect-the-planet.de\/en\/#\/schema\/person\/c5f68fff219fefde61da571621343455"},"headline":"Vom Fu\u00dfabdruck zum Handabdruck \u2013 Wie kann ich als Christ*in f\u00fcr Klimagerechtigkeit einstehen?","datePublished":"2026-04-14T09:00:00+00:00","dateModified":"2026-04-27T12:18:10+00:00","mainEntityOfPage":{"@id":"https:\/\/www.protect-the-planet.de\/en\/vom-fussabdruck-zum-handabdruck-wie-kann-ich-als-christin-fuer-klimagerechtigkeit-einstehen\/"},"wordCount":384,"publisher":{"@id":"https:\/\/www.protect-the-planet.de\/en\/#organization"},"image":{"@id":"https:\/\/www.protect-the-planet.de\/en\/vom-fussabdruck-zum-handabdruck-wie-kann-ich-als-christin-fuer-klimagerechtigkeit-einstehen\/#primaryimage"},"thumbnailUrl":"https:\/\/www.protect-the-planet.de\/wp-content\/uploads\/2026\/04\/17.06.-2026-\u2013-Glaubenssache_-Klima-2_3.png","keywords":["Klimaschutz","M\u00fcnchen","Vortrag"],"articleSection":["events"],"inLanguage":"en-US"},{"@type":"WebPage","@id":"https:\/\/www.protect-the-planet.de\/en\/vom-fussabdruck-zum-handabdruck-wie-kann-ich-als-christin-fuer-klimagerechtigkeit-einstehen\/","url":"https:\/\/www.protect-the-planet.de\/en\/vom-fussabdruck-zum-handabdruck-wie-kann-ich-als-christin-fuer-klimagerechtigkeit-einstehen\/","name":"Vom Fu\u00dfabdruck zum Handabdruck \u2013 Wie kann ich als Christ*in f\u00fcr Klimagerechtigkeit einstehen? - Protect the Planet","isPartOf":{"@id":"https:\/\/www.protect-the-planet.de\/en\/#website"},"primaryImageOfPage":{"@id":"https:\/\/www.protect-the-planet.de\/en\/vom-fussabdruck-zum-handabdruck-wie-kann-ich-als-christin-fuer-klimagerechtigkeit-einstehen\/#primaryimage"},"image":{"@id":"https:\/\/www.protect-the-planet.de\/en\/vom-fussabdruck-zum-handabdruck-wie-kann-ich-als-christin-fuer-klimagerechtigkeit-einstehen\/#primaryimage"},"thumbnailUrl":"https:\/\/www.protect-the-planet.de\/wp-content\/uploads\/2026\/04\/17.06.-2026-\u2013-Glaubenssache_-Klima-2_3.png","datePublished":"2026-04-14T09:00:00+00:00","dateModified":"2026-04-27T12:18:10+00:00","description":"\u201eGlaubenssache: Klima\u201c bringt Glaube und Klimakrise zusammen und schafft ein Format, das informiert und inspiriert.","breadcrumb":{"@id":"https:\/\/www.protect-the-planet.de\/en\/vom-fussabdruck-zum-handabdruck-wie-kann-ich-als-christin-fuer-klimagerechtigkeit-einstehen\/#breadcrumb"},"inLanguage":"en-US","potentialAction":[{"@type":"ReadAction","target":["https:\/\/www.protect-the-planet.de\/en\/vom-fussabdruck-zum-handabdruck-wie-kann-ich-als-christin-fuer-klimagerechtigkeit-einstehen\/"]}]},{"@type":"ImageObject","inLanguage":"en-US","@id":"https:\/\/www.protect-the-planet.de\/en\/vom-fussabdruck-zum-handabdruck-wie-kann-ich-als-christin-fuer-klimagerechtigkeit-einstehen\/#primaryimage","url":"https:\/\/www.protect-the-planet.de\/wp-content\/uploads\/2026\/04\/17.06.-2026-\u2013-Glaubenssache_-Klima-2_3.png","contentUrl":"https:\/\/www.protect-the-planet.de\/wp-content\/uploads\/2026\/04\/17.06.-2026-\u2013-Glaubenssache_-Klima-2_3.png","width":900,"height":550},{"@type":"BreadcrumbList","@id":"https:\/\/www.protect-the-planet.de\/en\/vom-fussabdruck-zum-handabdruck-wie-kann-ich-als-christin-fuer-klimagerechtigkeit-einstehen\/#breadcrumb","itemListElement":[{"@type":"ListItem","position":1,"name":"Startseite","item":"https:\/\/www.protect-the-planet.de\/en\/home\/"},{"@type":"ListItem","position":2,"name":"Vom Fu\u00dfabdruck zum Handabdruck \u2013 Wie kann ich als Christ*in f\u00fcr Klimagerechtigkeit einstehen?"}]},{"@type":"WebSite","@id":"https:\/\/www.protect-the-planet.de\/en\/#website","url":"https:\/\/www.protect-the-planet.de\/en\/","name":"Protect the Planet","description":"If we don&#039;t change, the climate will.","publisher":{"@id":"https:\/\/www.protect-the-planet.de\/en\/#organization"},"alternateName":"Protect the Panet gGmbH","potentialAction":[{"@type":"SearchAction","target":{"@type":"EntryPoint","urlTemplate":"https:\/\/www.protect-the-planet.de\/en\/?s={search_term_string}"},"query-input":{"@type":"PropertyValueSpecification","valueRequired":true,"valueName":"search_term_string"}}],"inLanguage":"en-US"},{"@type":"Organization","@id":"https:\/\/www.protect-the-planet.de\/en\/#organization","name":"Protect the Planet","url":"https:\/\/www.protect-the-planet.de\/en\/","logo":{"@type":"ImageObject","inLanguage":"en-US","@id":"https:\/\/www.protect-the-planet.de\/en\/#\/schema\/logo\/image\/","url":"https:\/\/www.protect-the-planet.de\/wp-content\/uploads\/2023\/09\/LOGO-positiv_transparent-klein.png","contentUrl":"https:\/\/www.protect-the-planet.de\/wp-content\/uploads\/2023\/09\/LOGO-positiv_transparent-klein.png","width":123,"height":68,"caption":"Protect the Planet"},"image":{"@id":"https:\/\/www.protect-the-planet.de\/en\/#\/schema\/logo\/image\/"},"sameAs":["https:\/\/www.facebook.com\/protecttheplanetDE\/","https:\/\/x.com\/PtP_de","https:\/\/www.instagram.com\/protecttheplanetorg\/","https:\/\/www.linkedin.com\/company\/protect-the-planet","https:\/\/www.youtube.com\/@protecttheplanet"]},{"@type":"Person","@id":"https:\/\/www.protect-the-planet.de\/en\/#\/schema\/person\/c5f68fff219fefde61da571621343455","name":"Marlene Schorr","image":{"@type":"ImageObject","inLanguage":"en-US","@id":"https:\/\/secure.gravatar.com\/avatar\/78d101b05e6da18a98f007d6ad5f076a6c8fc0dcc2e943f6e304d20caf0c1806?s=96&d=mm&r=g","url":"https:\/\/secure.gravatar.com\/avatar\/78d101b05e6da18a98f007d6ad5f076a6c8fc0dcc2e943f6e304d20caf0c1806?s=96&d=mm&r=g","contentUrl":"https:\/\/secure.gravatar.com\/avatar\/78d101b05e6da18a98f007d6ad5f076a6c8fc0dcc2e943f6e304d20caf0c1806?s=96&d=mm&r=g","caption":"Marlene Schorr"},"url":"https:\/\/www.protect-the-planet.de\/en\/author\/marlene-schorr\/"}]}},"_links":{"self":[{"href":"https:\/\/www.protect-the-planet.de\/en\/wp-json\/wp\/v2\/posts\/34868","targetHints":{"allow":["GET"]}}],"collection":[{"href":"https:\/\/www.protect-the-planet.de\/en\/wp-json\/wp\/v2\/posts"}],"about":[{"href":"https:\/\/www.protect-the-planet.de\/en\/wp-json\/wp\/v2\/types\/post"}],"author":[{"embeddable":true,"href":"https:\/\/www.protect-the-planet.de\/en\/wp-json\/wp\/v2\/users\/10"}],"replies":[{"embeddable":true,"href":"https:\/\/www.protect-the-planet.de\/en\/wp-json\/wp\/v2\/comments?post=34868"}],"version-history":[{"count":2,"href":"https:\/\/www.protect-the-planet.de\/en\/wp-json\/wp\/v2\/posts\/34868\/revisions"}],"predecessor-version":[{"id":34999,"href":"https:\/\/www.protect-the-planet.de\/en\/wp-json\/wp\/v2\/posts\/34868\/revisions\/34999"}],"wp:featuredmedia":[{"embeddable":true,"href":"https:\/\/www.protect-the-planet.de\/en\/wp-json\/wp\/v2\/media\/34869"}],"wp:attachment":[{"href":"https:\/\/www.protect-the-planet.de\/en\/wp-json\/wp\/v2\/media?parent=34868"}],"wp:term":[{"taxonomy":"category","embeddable":true,"href":"https:\/\/www.protect-the-planet.de\/en\/wp-json\/wp\/v2\/categories?post=34868"},{"taxonomy":"post_tag","embeddable":true,"href":"https:\/\/www.protect-the-planet.de\/en\/wp-json\/wp\/v2\/tags?post=34868"}],"curies":[{"name":"wp","href":"https:\/\/api.w.org\/{rel}","templated":true}]}}