{"id":34403,"date":"2026-01-20T10:48:15","date_gmt":"2026-01-20T09:48:15","guid":{"rendered":"https:\/\/www.protect-the-planet.de\/?p=34403"},"modified":"2026-01-21T14:38:33","modified_gmt":"2026-01-21T13:38:33","slug":"kommunalwahl-mehr-als-80-organisationen-muenchens-fordern-eine-stadt-fuer-alle","status":"publish","type":"post","link":"https:\/\/www.protect-the-planet.de\/en\/kommunalwahl-mehr-als-80-organisationen-muenchens-fordern-eine-stadt-fuer-alle\/","title":{"rendered":"Kommunalwahl: Mehr als 80 Organisationen M\u00fcnchens\u00a0fordern eine Stadt f\u00fcr Alle!"},"content":{"rendered":"\n<p><strong>Gemeinsame Pressemeldung<\/strong><\/p>\n\n\n\n<p>Netzwerk Klimaherbst e.V., Protect the Planet, BUND Naturschutz M\u00fcnchen, M\u00fcnchner Initiative\u00a0Nachhaltigkeit (MIN), Radentscheid M\u00fcnchen, Green City und Foodsharing M\u00fcnchen organisieren ein\u00a0gro\u00dfes B\u00fcndnis zur Kommunalwahl<\/p>\n\n\n\n<p><strong>M\u00fcnchen, 20. Januar 2026 \u2013 Bei einer Pressekonferenz im Werksviertel stellt das\u00a0 B\u00fcndnis \u201c<a href=\"https:\/\/stadtfueralle.org\" type=\"link\" id=\"https:\/\/stadtfueralle.org\" target=\"_blank\" rel=\"noreferrer noopener\">Stadt f\u00fcr Alle<\/a>\u201d gemeinsame Forderungen f\u00fcr ein soziales, klimagerechtes\u00a0 M\u00fcnchen zur Kommunalwahl vor. Mehr als 80 M\u00fcnchner Organisationen haben sich im\u00a0 B\u00fcndnis zusammengeschlossen. Die Forderungen richten sich an den zuk\u00fcnftigen\u00a0 Stadtrat und sollen \u00fcber die gesamte Amtsperiode begleitet werden. Das B\u00fcndnis baut\u00a0seine Arbeit auf eine gemeinsame, klare Vision f\u00fcr die Zukunft: Ein lebenswertes\u00a0M\u00fcnchen f\u00fcr alle.<\/strong><\/p>\n\n\n\n<h3 class=\"wp-block-heading\">Breites B\u00fcndnis mit gemeinsamer Stimme&nbsp;<\/h3>\n\n\n\n<p>Das B\u00fcndnis \u201e<a href=\"https:\/\/stadtfueralle.org\" target=\"_blank\" rel=\"noreferrer noopener\">Stadt f\u00fcr Alle<\/a>\u201c vereint <strong>80 Organisationen, Initiativen und Verb\u00e4nde <\/strong>aus\u00a0unterschiedlichen Bereichen des M\u00fcnchner Stadtlebens \u2013 von Umwelt- und Klimaschutz \u00fcber\u00a0soziale Initiativen bis hin zu Mobilit\u00e4t und Ern\u00e4hrung. Entstanden ist das B\u00fcndnis vor dem\u00a0Hintergrund wachsender sozialer Ungleichheit, steigender Mieten und der Klimakrise.\u00a0 Gemeinsam wollen die Beteiligten konstruktiv in den <strong>Dialog mit Stadtpolitik und\u00a0Verwaltung <\/strong>treten und deutlich machen, dass Nachhaltigkeit und soziale Gerechtigkeit zentrale Themen der Kommunalwahl sind. Sie m\u00fcssen in der gesamten Amtszeit eine wichtige\u00a0Rolle spielen.\u00a0<\/p>\n\n\n\n<h3 class=\"wp-block-heading\">Konkrete Forderungen f\u00fcr die Stadtpolitik&nbsp;<\/h3>\n\n\n\n<p>Der Forderungskatalog wurde in einem kollaborativen Prozess mit vielen beteiligten&nbsp; Organisationen erarbeitet und in mehreren Abstimmungsrunden gesch\u00e4rft. Er umfasst <strong>sechs Themenbereiche<\/strong>: <\/p>\n\n\n\n<ul class=\"wp-block-list\">\n<li>Wohnen und Bauen<\/li>\n\n\n\n<li>Stadtplanung<\/li>\n\n\n\n<li>Energie <\/li>\n\n\n\n<li>Freifl\u00e4chen, Naturschutz&nbsp; und Biodiversit\u00e4t <\/li>\n\n\n\n<li>Ern\u00e4hrung und Konsum <\/li>\n\n\n\n<li>Mobilit\u00e4t.&nbsp;<\/li>\n<\/ul>\n\n\n\n<div style=\"height:30px\" aria-hidden=\"true\" class=\"wp-block-spacer\"><\/div>\n\n\n\n<p>Die Forderungen sind praxisnah, orientieren sich an Beispielen aus dem Stadtleben und sind\u00a0 kommunal umsetzbar. Zu den zentralen Anliegen geh\u00f6ren u. a. der Erhalt und die Aktivierung\u00a0 bestehenden Wohnraums, eine klimaresiliente Stadtplanung mit mehr Gr\u00fcn und Schatten, der\u00a0Ausbau erneuerbarer Energien sowie sichere und bezahlbare Mobilit\u00e4t f\u00fcr alle. Die\u00a0 Forderungen sollen nach der Wahl in <strong>Gespr\u00e4che mit der Stadtpolitik <\/strong>eingebracht und \u00fcber\u00a0die gesamte Amtsperiode begleitet werden.\u00a0<\/p>\n\n\n\n<h3 class=\"wp-block-heading\">Die Vision: Ein lebenswertes M\u00fcnchen&nbsp;<\/h3>\n\n\n\n<p>Das B\u00fcndnis verbindet seine Forderungen mit einer klaren Vision f\u00fcr M\u00fcnchen: In sechs Jahren\u00a0soll sich die Stadt <strong>ruhiger, gr\u00fcner und sozialer <\/strong>anf\u00fchlen. Wohnen soll bezahlbar und sicher\u00a0 sein, Quartiere sollen Begegnung erm\u00f6glichen, Stadtnatur soll gesch\u00fctzt und erlebbar sein.\u00a0Ern\u00e4hrung, Energie und Mobilit\u00e4t sollen Gesundheit, Klimaschutz und soziale Teilhabe f\u00f6rdern. \u201eStadt f\u00fcr Alle\u201c versteht diese Vision als <strong>positiven Impuls <\/strong>f\u00fcr die Stadtpolitik \u2013 f\u00fcr eine\u00a0Zukunft, die nicht laut sein muss, um sp\u00fcrbar zu sein.<\/p>\n\n\n\n<p><\/p>\n\n\n\n<h3 class=\"wp-block-heading\"><strong>Zitate<\/strong><\/h3>\n\n\n\n<p><strong>Jana H\u00e4fner<\/strong>, Fridays for Future M\u00fcnchen, Steuerungskreis des B\u00fcndnisses:&nbsp;<\/p>\n\n\n\n<p>\u201eMit dem B\u00fcndnis \u2018Stadt f\u00fcr Alle\u2019 zeigen \u00fcber 80 Organisationen, dass soziale Gerechtigkeit,\u00a0Klimaschutz und Lebensqualit\u00e4t in M\u00fcnchen zusammengeh\u00f6ren. Unsere Forderungen machen\u00a0deutlich, dass diese Themen in der Kommunalwahl 2026 eine zentrale Rolle spielen m\u00fcssen.\u201c\u00a0<\/p>\n\n\n\n<p><strong>Fenya Kirst<\/strong>, Protect the Planet, Sprecherin des B\u00fcndnisses:&nbsp;<\/p>\n\n\n\n<p>\u201eDie M\u00fcnchnerinnen und M\u00fcnchner wissen am besten, was sich in ihrer Stadt ver\u00e4ndern muss,\u00a0damit sie langfristig lebenswert f\u00fcr alle ist. Unsere Forderungen sind konkret, umsetzbar und realistisch: M\u00fcnchen hat so viel Potenzial, das m\u00fcssen wir nutzen!\u201c\u00a0<\/p>\n\n\n\n<p><strong>Sabine Krieger<\/strong>, BUND Naturschutz M\u00fcnchen, Sprecherin des B\u00fcndnisses: <\/p>\n\n\n\n<p>\u201eWir arbeiten auf ein M\u00fcnchen hin, das sich sicher und menschlich anf\u00fchlt. Eine Stadt mit mehr Gr\u00fcn, bezahlbarem Wohnen und Raum f\u00fcr Begegnung. Fortschritt muss nicht laut sein, um\u00a0sp\u00fcrbar zu sein.\u201c\u00a0<\/p>\n\n\n\n<hr class=\"wp-block-separator has-alpha-channel-opacity\"\/>\n\n\n\n<h3 class=\"wp-block-heading\"><strong>Digitale Pressemappe&nbsp;<\/strong><\/h3>\n\n\n\n<p>\u2022 Fotomaterial der Pressekonferenz zur Verwendung (\u00a9 Yavor Lalev \/ Stadt f\u00fcr alle) <\/p>\n\n\n\n<p>\u2022 Visualisierungen der Vision \u201elebenswertes M\u00fcnchen\u201d (\u00a9 Stadt f\u00fcr Alle \u2013 KI-generierte&nbsp; Illustration)&nbsp;<\/p>\n\n\n\n<p>\u2022 Pressemeldung als PDF&nbsp;<\/p>\n\n\n\n<p>\u2022 Forderungen als PDF&nbsp;<\/p>\n\n\n\n<p>\u2022 Forderungen im Detail mit Unterforderungen und Beispielen als PDF \u2022 Texte zur Vision \u201eLebenswertes M\u00fcnchen\u201d als PDF&nbsp;<\/p>\n\n\n\n<p>\u2022 Kontaktdaten von Stadt f\u00fcr Alle und den Sprecherinnen&nbsp;<\/p>\n\n\n\n<p>\u2022 Aktuelle Liste aller Organisationen und Unternehmen im B\u00fcndniskreis <\/p>\n\n\n\n<div style=\"height:30px\" aria-hidden=\"true\" class=\"wp-block-spacer\"><\/div>\n\n\n\n<div class=\"wp-block-buttons is-content-justification-center is-layout-flex wp-container-core-buttons-is-layout-a89b3969 wp-block-buttons-is-layout-flex\">\n<div class=\"wp-block-button\"><a class=\"wp-block-button__link has-white-color has-black-background-color has-text-color has-background has-link-color wp-element-button\" href=\"https:\/\/drive.google.com\/drive\/folders\/1LK14bTQYZ05YRu7ugvzhBQYwgRCRLSW6?usp=share _link\">Digitale Pressemappe<\/a><\/div>\n<\/div>\n\n\n\n<div style=\"height:30px\" aria-hidden=\"true\" class=\"wp-block-spacer\"><\/div>\n\n\n\n<p><strong>Pressekontakt f\u00fcr R\u00fcckfragen: <\/strong>info@stadtfueralle.org&nbsp;<\/p>\n\n\n\n<div style=\"height:30px\" aria-hidden=\"true\" class=\"wp-block-spacer\"><\/div>\n\n\n\n<hr class=\"wp-block-separator has-alpha-channel-opacity\"\/>\n\n\n\n<h2 class=\"wp-block-heading\"><strong>Sprecherinnen des B\u00fcndnisses<\/strong><\/h2>\n\n\n\n<p><strong>Sabine Krieger:<\/strong><\/p>\n\n\n\n<ul class=\"wp-block-list\">\n<li>sabine.krieger@bn-muenchen.de, Tel.: +49 171 2881805 <\/li>\n<\/ul>\n\n\n\n<div style=\"height:30px\" aria-hidden=\"true\" class=\"wp-block-spacer\"><\/div>\n\n\n\n<p><strong>Fenya Kirst:<\/strong> <\/p>\n\n\n\n<ul class=\"wp-block-list\">\n<li>fenya.kirst@protect-the-planet.de, Tel.: +49 162 9085805<\/li>\n<\/ul>\n\n\n\n<div style=\"height:30px\" aria-hidden=\"true\" class=\"wp-block-spacer\"><\/div>\n\n\n\n<p><strong>Helena Gei\u00dfler<\/strong>:<\/p>\n\n\n\n<ul class=\"wp-block-list\">\n<li>helena.geissler@klimaherbst.de, Tel.: +49 172 8630399\u00a0<\/li>\n<\/ul>\n\n\n\n<p><\/p>\n\n\n\n<div style=\"height:30px\" aria-hidden=\"true\" class=\"wp-block-spacer\"><\/div>\n\n\n\n<p>Bei Ver\u00f6ffentlichung freuen wir uns \u00fcber ein Belegexemplar bzw. Link \/ Informationen an info@stadtfueralle.org. <\/p>\n\n\n\n<p>Herzlichen Dank!&nbsp;<\/p>\n\n\n\n<h3 class=\"wp-block-heading\"><strong>\u00dcber Stadt f\u00fcr Alle&nbsp;<\/strong><\/h3>\n\n\n\n<p>Stadt f\u00fcr Alle ist ein breites zivilgesellschaftliches B\u00fcndnis, bestehend aus <strong>\u00fcber\u00a080 Partner*innen<\/strong> aus verschiedenen Bereichen des M\u00fcnchner Lebens. Die beteiligten Orga nisationen und Initiativen haben sich zusammengeschlossen, um zentrale Forderungen f\u00fcr eine\u00a0 soziale, gerechte und zukunftsf\u00e4hige Stadtentwicklung sichtbar zu machen. Das B\u00fcndnis setzt\u00a0ein starkes Zeichen daf\u00fcr, dass Nachhaltigkeit und soziale Gerechtigkeit in M\u00fcnchen keine\u00a0 Nischenthemen sind, sondern im Zentrum der diesj\u00e4hrigen Kommunalwahl stehen sollten.<\/p>\n\n\n\n<p><a href=\"https:\/\/stadtfueralle.org\/\"><strong>Website<\/strong><\/a><\/p>\n\n\n\n<p><a href=\"https:\/\/www.instagram.com\/stadtfueralle_muenchen\/\"><strong>Instagram<\/strong><\/a><\/p>\n\n\n\n<div style=\"height:30px\" aria-hidden=\"true\" class=\"wp-block-spacer\"><\/div>\n\n\n\n<hr class=\"wp-block-separator has-alpha-channel-opacity\"\/>\n\n\n\n<h2 class=\"wp-block-heading\">Galerie<\/h2>\n\n\n\n<p> (c) Yavor Lalev \/ Stadt f\u00fcr Alle <\/p>\n\n\n\n<div class=\"wp-block-columns is-layout-flex wp-container-core-columns-is-layout-28f84493 wp-block-columns-is-layout-flex\">\n<div class=\"wp-block-column is-layout-flow wp-block-column-is-layout-flow\">\n<figure class=\"wp-block-image size-large\"><img fetchpriority=\"high\" decoding=\"async\" width=\"1024\" height=\"682\" src=\"https:\/\/www.protect-the-planet.de\/wp-content\/uploads\/2026\/01\/Sabine-Krieger_Jana-Haefner_Fenya-Kirst_Joeline-Schulz_20-01-26_Muenchen-1-1024x682.jpg\" alt=\"\" class=\"wp-image-34375\" srcset=\"https:\/\/www.protect-the-planet.de\/wp-content\/uploads\/2026\/01\/Sabine-Krieger_Jana-Haefner_Fenya-Kirst_Joeline-Schulz_20-01-26_Muenchen-1-1024x682.jpg 1024w, https:\/\/www.protect-the-planet.de\/wp-content\/uploads\/2026\/01\/Sabine-Krieger_Jana-Haefner_Fenya-Kirst_Joeline-Schulz_20-01-26_Muenchen-1-300x200.jpg 300w, https:\/\/www.protect-the-planet.de\/wp-content\/uploads\/2026\/01\/Sabine-Krieger_Jana-Haefner_Fenya-Kirst_Joeline-Schulz_20-01-26_Muenchen-1-768x511.jpg 768w, https:\/\/www.protect-the-planet.de\/wp-content\/uploads\/2026\/01\/Sabine-Krieger_Jana-Haefner_Fenya-Kirst_Joeline-Schulz_20-01-26_Muenchen-1-1536x1022.jpg 1536w, https:\/\/www.protect-the-planet.de\/wp-content\/uploads\/2026\/01\/Sabine-Krieger_Jana-Haefner_Fenya-Kirst_Joeline-Schulz_20-01-26_Muenchen-1.jpg 2048w\" sizes=\"(max-width: 1024px) 100vw, 1024px\" \/><\/figure>\n<\/div>\n\n\n\n<div class=\"wp-block-column is-layout-flow wp-block-column-is-layout-flow\">\n<figure class=\"wp-block-image size-large\"><img decoding=\"async\" width=\"1024\" height=\"682\" src=\"https:\/\/www.protect-the-planet.de\/wp-content\/uploads\/2026\/01\/Joeline-Schulz_Fenya-Kirst_Jana-Haefner_Sabine-Krieger_20-01-26_Muenchen-5-1-1024x682.jpg\" alt=\"\" class=\"wp-image-34377\" srcset=\"https:\/\/www.protect-the-planet.de\/wp-content\/uploads\/2026\/01\/Joeline-Schulz_Fenya-Kirst_Jana-Haefner_Sabine-Krieger_20-01-26_Muenchen-5-1-1024x682.jpg 1024w, https:\/\/www.protect-the-planet.de\/wp-content\/uploads\/2026\/01\/Joeline-Schulz_Fenya-Kirst_Jana-Haefner_Sabine-Krieger_20-01-26_Muenchen-5-1-300x200.jpg 300w, https:\/\/www.protect-the-planet.de\/wp-content\/uploads\/2026\/01\/Joeline-Schulz_Fenya-Kirst_Jana-Haefner_Sabine-Krieger_20-01-26_Muenchen-5-1-768x511.jpg 768w, https:\/\/www.protect-the-planet.de\/wp-content\/uploads\/2026\/01\/Joeline-Schulz_Fenya-Kirst_Jana-Haefner_Sabine-Krieger_20-01-26_Muenchen-5-1-1536x1022.jpg 1536w, https:\/\/www.protect-the-planet.de\/wp-content\/uploads\/2026\/01\/Joeline-Schulz_Fenya-Kirst_Jana-Haefner_Sabine-Krieger_20-01-26_Muenchen-5-1.jpg 2048w\" sizes=\"(max-width: 1024px) 100vw, 1024px\" \/><\/figure>\n<\/div>\n\n\n\n<div class=\"wp-block-column is-layout-flow wp-block-column-is-layout-flow\">\n<figure class=\"wp-block-image size-large\"><img decoding=\"async\" width=\"1024\" height=\"682\" src=\"https:\/\/www.protect-the-planet.de\/wp-content\/uploads\/2026\/01\/Joeline-Schulz_Fenya-Kirst_Jana-Haefner_Sabine-Krieger_20-01-26_Muenchen-3-1-1024x682.jpg\" alt=\"\" class=\"wp-image-34379\" srcset=\"https:\/\/www.protect-the-planet.de\/wp-content\/uploads\/2026\/01\/Joeline-Schulz_Fenya-Kirst_Jana-Haefner_Sabine-Krieger_20-01-26_Muenchen-3-1-1024x682.jpg 1024w, https:\/\/www.protect-the-planet.de\/wp-content\/uploads\/2026\/01\/Joeline-Schulz_Fenya-Kirst_Jana-Haefner_Sabine-Krieger_20-01-26_Muenchen-3-1-300x200.jpg 300w, https:\/\/www.protect-the-planet.de\/wp-content\/uploads\/2026\/01\/Joeline-Schulz_Fenya-Kirst_Jana-Haefner_Sabine-Krieger_20-01-26_Muenchen-3-1-768x511.jpg 768w, https:\/\/www.protect-the-planet.de\/wp-content\/uploads\/2026\/01\/Joeline-Schulz_Fenya-Kirst_Jana-Haefner_Sabine-Krieger_20-01-26_Muenchen-3-1-1536x1022.jpg 1536w, https:\/\/www.protect-the-planet.de\/wp-content\/uploads\/2026\/01\/Joeline-Schulz_Fenya-Kirst_Jana-Haefner_Sabine-Krieger_20-01-26_Muenchen-3-1.jpg 2048w\" sizes=\"(max-width: 1024px) 100vw, 1024px\" \/><\/figure>\n<\/div>\n<\/div>\n\n\n\n<div class=\"wp-block-columns is-layout-flex wp-container-core-columns-is-layout-28f84493 wp-block-columns-is-layout-flex\">\n<div class=\"wp-block-column is-layout-flow wp-block-column-is-layout-flow\">\n<figure class=\"wp-block-image size-large\"><img loading=\"lazy\" decoding=\"async\" width=\"1024\" height=\"682\" src=\"https:\/\/www.protect-the-planet.de\/wp-content\/uploads\/2026\/01\/Joeline-Schulz_Fenya-Kirst_20-01-26_Muenchen-2-1024x682.jpg\" alt=\"\" class=\"wp-image-34381\" srcset=\"https:\/\/www.protect-the-planet.de\/wp-content\/uploads\/2026\/01\/Joeline-Schulz_Fenya-Kirst_20-01-26_Muenchen-2-1024x682.jpg 1024w, https:\/\/www.protect-the-planet.de\/wp-content\/uploads\/2026\/01\/Joeline-Schulz_Fenya-Kirst_20-01-26_Muenchen-2-300x200.jpg 300w, https:\/\/www.protect-the-planet.de\/wp-content\/uploads\/2026\/01\/Joeline-Schulz_Fenya-Kirst_20-01-26_Muenchen-2-768x511.jpg 768w, https:\/\/www.protect-the-planet.de\/wp-content\/uploads\/2026\/01\/Joeline-Schulz_Fenya-Kirst_20-01-26_Muenchen-2-1536x1022.jpg 1536w, https:\/\/www.protect-the-planet.de\/wp-content\/uploads\/2026\/01\/Joeline-Schulz_Fenya-Kirst_20-01-26_Muenchen-2.jpg 2048w\" sizes=\"(max-width: 1024px) 100vw, 1024px\" \/><\/figure>\n<\/div>\n\n\n\n<div class=\"wp-block-column is-layout-flow wp-block-column-is-layout-flow\">\n<figure class=\"wp-block-image size-large\"><img loading=\"lazy\" decoding=\"async\" width=\"1024\" height=\"682\" src=\"https:\/\/www.protect-the-planet.de\/wp-content\/uploads\/2026\/01\/Jana-Haefner_Sabine-Krieger_Fenya-Kirst_20-01-26_Muenchen-3-1-1024x682.jpg\" alt=\"\" class=\"wp-image-34383\" srcset=\"https:\/\/www.protect-the-planet.de\/wp-content\/uploads\/2026\/01\/Jana-Haefner_Sabine-Krieger_Fenya-Kirst_20-01-26_Muenchen-3-1-1024x682.jpg 1024w, https:\/\/www.protect-the-planet.de\/wp-content\/uploads\/2026\/01\/Jana-Haefner_Sabine-Krieger_Fenya-Kirst_20-01-26_Muenchen-3-1-300x200.jpg 300w, https:\/\/www.protect-the-planet.de\/wp-content\/uploads\/2026\/01\/Jana-Haefner_Sabine-Krieger_Fenya-Kirst_20-01-26_Muenchen-3-1-768x511.jpg 768w, https:\/\/www.protect-the-planet.de\/wp-content\/uploads\/2026\/01\/Jana-Haefner_Sabine-Krieger_Fenya-Kirst_20-01-26_Muenchen-3-1-1536x1022.jpg 1536w, https:\/\/www.protect-the-planet.de\/wp-content\/uploads\/2026\/01\/Jana-Haefner_Sabine-Krieger_Fenya-Kirst_20-01-26_Muenchen-3-1.jpg 2048w\" sizes=\"(max-width: 1024px) 100vw, 1024px\" \/><\/figure>\n<\/div>\n\n\n\n<div class=\"wp-block-column is-layout-flow wp-block-column-is-layout-flow\">\n<figure class=\"wp-block-image size-large\"><img loading=\"lazy\" decoding=\"async\" width=\"1024\" height=\"682\" src=\"https:\/\/www.protect-the-planet.de\/wp-content\/uploads\/2026\/01\/Jana-Haefner_Sabine-Krieger_20-01-26_Muenchen-1024x682.jpg\" alt=\"\" class=\"wp-image-34385\" srcset=\"https:\/\/www.protect-the-planet.de\/wp-content\/uploads\/2026\/01\/Jana-Haefner_Sabine-Krieger_20-01-26_Muenchen-1024x682.jpg 1024w, https:\/\/www.protect-the-planet.de\/wp-content\/uploads\/2026\/01\/Jana-Haefner_Sabine-Krieger_20-01-26_Muenchen-300x200.jpg 300w, https:\/\/www.protect-the-planet.de\/wp-content\/uploads\/2026\/01\/Jana-Haefner_Sabine-Krieger_20-01-26_Muenchen-768x511.jpg 768w, https:\/\/www.protect-the-planet.de\/wp-content\/uploads\/2026\/01\/Jana-Haefner_Sabine-Krieger_20-01-26_Muenchen-1536x1022.jpg 1536w, https:\/\/www.protect-the-planet.de\/wp-content\/uploads\/2026\/01\/Jana-Haefner_Sabine-Krieger_20-01-26_Muenchen.jpg 2048w\" sizes=\"(max-width: 1024px) 100vw, 1024px\" \/><\/figure>\n<\/div>\n<\/div>\n\n\n\n<div class=\"wp-block-columns is-layout-flex wp-container-core-columns-is-layout-28f84493 wp-block-columns-is-layout-flex\">\n<div class=\"wp-block-column is-layout-flow wp-block-column-is-layout-flow\">\n<div class=\"wp-block-columns is-layout-flex wp-container-core-columns-is-layout-28f84493 wp-block-columns-is-layout-flex\">\n<div class=\"wp-block-column is-layout-flow wp-block-column-is-layout-flow\">\n<figure class=\"wp-block-image size-large\"><img loading=\"lazy\" decoding=\"async\" width=\"1024\" height=\"682\" src=\"https:\/\/www.protect-the-planet.de\/wp-content\/uploads\/2026\/01\/Gruppenbild_Buendnisvertreter-innen_Stadt-fuer-Alle_20-01-26_Muenchen-2-1024x682.jpg\" alt=\"\" class=\"wp-image-34387\" srcset=\"https:\/\/www.protect-the-planet.de\/wp-content\/uploads\/2026\/01\/Gruppenbild_Buendnisvertreter-innen_Stadt-fuer-Alle_20-01-26_Muenchen-2-1024x682.jpg 1024w, https:\/\/www.protect-the-planet.de\/wp-content\/uploads\/2026\/01\/Gruppenbild_Buendnisvertreter-innen_Stadt-fuer-Alle_20-01-26_Muenchen-2-300x200.jpg 300w, https:\/\/www.protect-the-planet.de\/wp-content\/uploads\/2026\/01\/Gruppenbild_Buendnisvertreter-innen_Stadt-fuer-Alle_20-01-26_Muenchen-2-768x511.jpg 768w, https:\/\/www.protect-the-planet.de\/wp-content\/uploads\/2026\/01\/Gruppenbild_Buendnisvertreter-innen_Stadt-fuer-Alle_20-01-26_Muenchen-2-1536x1022.jpg 1536w, https:\/\/www.protect-the-planet.de\/wp-content\/uploads\/2026\/01\/Gruppenbild_Buendnisvertreter-innen_Stadt-fuer-Alle_20-01-26_Muenchen-2.jpg 2048w\" sizes=\"(max-width: 1024px) 100vw, 1024px\" \/><\/figure>\n<\/div>\n<\/div>\n<\/div>\n\n\n\n<div class=\"wp-block-column is-layout-flow wp-block-column-is-layout-flow\">\n<figure class=\"wp-block-image size-large\"><img loading=\"lazy\" decoding=\"async\" width=\"1024\" height=\"682\" src=\"https:\/\/www.protect-the-planet.de\/wp-content\/uploads\/2026\/01\/Stadt-fuer-Alle_20-01-26_Muenchen-1-1024x682.jpg\" alt=\"\" class=\"wp-image-34389\" srcset=\"https:\/\/www.protect-the-planet.de\/wp-content\/uploads\/2026\/01\/Stadt-fuer-Alle_20-01-26_Muenchen-1-1024x682.jpg 1024w, https:\/\/www.protect-the-planet.de\/wp-content\/uploads\/2026\/01\/Stadt-fuer-Alle_20-01-26_Muenchen-1-300x200.jpg 300w, https:\/\/www.protect-the-planet.de\/wp-content\/uploads\/2026\/01\/Stadt-fuer-Alle_20-01-26_Muenchen-1-768x511.jpg 768w, https:\/\/www.protect-the-planet.de\/wp-content\/uploads\/2026\/01\/Stadt-fuer-Alle_20-01-26_Muenchen-1-1536x1022.jpg 1536w, https:\/\/www.protect-the-planet.de\/wp-content\/uploads\/2026\/01\/Stadt-fuer-Alle_20-01-26_Muenchen-1.jpg 2048w\" sizes=\"(max-width: 1024px) 100vw, 1024px\" \/><\/figure>\n<\/div>\n\n\n\n<div class=\"wp-block-column is-layout-flow wp-block-column-is-layout-flow\">\n<figure class=\"wp-block-image size-large\"><img loading=\"lazy\" decoding=\"async\" width=\"1024\" height=\"682\" src=\"https:\/\/www.protect-the-planet.de\/wp-content\/uploads\/2026\/01\/Fenya-Kirst_Stadt-fuer-Alle_20-01-26_Muenchen-1-1-1024x682.jpg\" alt=\"\" class=\"wp-image-34391\" srcset=\"https:\/\/www.protect-the-planet.de\/wp-content\/uploads\/2026\/01\/Fenya-Kirst_Stadt-fuer-Alle_20-01-26_Muenchen-1-1-1024x682.jpg 1024w, https:\/\/www.protect-the-planet.de\/wp-content\/uploads\/2026\/01\/Fenya-Kirst_Stadt-fuer-Alle_20-01-26_Muenchen-1-1-300x200.jpg 300w, https:\/\/www.protect-the-planet.de\/wp-content\/uploads\/2026\/01\/Fenya-Kirst_Stadt-fuer-Alle_20-01-26_Muenchen-1-1-768x511.jpg 768w, https:\/\/www.protect-the-planet.de\/wp-content\/uploads\/2026\/01\/Fenya-Kirst_Stadt-fuer-Alle_20-01-26_Muenchen-1-1-1536x1022.jpg 1536w, https:\/\/www.protect-the-planet.de\/wp-content\/uploads\/2026\/01\/Fenya-Kirst_Stadt-fuer-Alle_20-01-26_Muenchen-1-1.jpg 2048w\" sizes=\"(max-width: 1024px) 100vw, 1024px\" \/><\/figure>\n<\/div>\n<\/div>\n\n\n\n<div style=\"height:30px\" aria-hidden=\"true\" class=\"wp-block-spacer\"><\/div>\n\n\n\n<hr class=\"wp-block-separator has-alpha-channel-opacity\"\/>\n\n\n\n<h2 class=\"wp-block-heading\">Visualisierungen<\/h2>\n\n\n\n<p>Visualisierung der Vision Eine lebenswerte Stadt f\u00fcr alle (c) Stadt f\u00fcr Alle \u2013 KI-generierte Illustration<\/p>\n\n\n\n<div class=\"wp-block-columns is-layout-flex wp-container-core-columns-is-layout-28f84493 wp-block-columns-is-layout-flex\">\n<div class=\"wp-block-column is-layout-flow wp-block-column-is-layout-flow\">\n<figure class=\"wp-block-image size-large\"><img loading=\"lazy\" decoding=\"async\" width=\"683\" height=\"1024\" src=\"https:\/\/www.protect-the-planet.de\/wp-content\/uploads\/2026\/01\/Superblocks-Hochformat-1-683x1024.jpg\" alt=\"\" class=\"wp-image-34393\" srcset=\"https:\/\/www.protect-the-planet.de\/wp-content\/uploads\/2026\/01\/Superblocks-Hochformat-1-683x1024.jpg 683w, https:\/\/www.protect-the-planet.de\/wp-content\/uploads\/2026\/01\/Superblocks-Hochformat-1-200x300.jpg 200w, https:\/\/www.protect-the-planet.de\/wp-content\/uploads\/2026\/01\/Superblocks-Hochformat-1-768x1152.jpg 768w, https:\/\/www.protect-the-planet.de\/wp-content\/uploads\/2026\/01\/Superblocks-Hochformat-1.jpg 1024w\" sizes=\"(max-width: 683px) 100vw, 683px\" \/><\/figure>\n<\/div>\n\n\n\n<div class=\"wp-block-column is-layout-flow wp-block-column-is-layout-flow\">\n<figure class=\"wp-block-image size-large\"><img loading=\"lazy\" decoding=\"async\" width=\"683\" height=\"1024\" src=\"https:\/\/www.protect-the-planet.de\/wp-content\/uploads\/2026\/01\/Wohnen-Hochformat-1-683x1024.jpg\" alt=\"\" class=\"wp-image-34395\" srcset=\"https:\/\/www.protect-the-planet.de\/wp-content\/uploads\/2026\/01\/Wohnen-Hochformat-1-683x1024.jpg 683w, https:\/\/www.protect-the-planet.de\/wp-content\/uploads\/2026\/01\/Wohnen-Hochformat-1-200x300.jpg 200w, https:\/\/www.protect-the-planet.de\/wp-content\/uploads\/2026\/01\/Wohnen-Hochformat-1-768x1152.jpg 768w, https:\/\/www.protect-the-planet.de\/wp-content\/uploads\/2026\/01\/Wohnen-Hochformat-1.jpg 1024w\" sizes=\"(max-width: 683px) 100vw, 683px\" \/><\/figure>\n<\/div>\n<\/div>\n\n\n\n<div class=\"wp-block-columns is-layout-flex wp-container-core-columns-is-layout-28f84493 wp-block-columns-is-layout-flex\">\n<div class=\"wp-block-column is-layout-flow wp-block-column-is-layout-flow\">\n<figure class=\"wp-block-image size-large\"><img loading=\"lazy\" decoding=\"async\" width=\"1024\" height=\"683\" src=\"https:\/\/www.protect-the-planet.de\/wp-content\/uploads\/2026\/01\/Superblocks-mit-Essbare-Stadt-Querformat-1-1024x683.jpg\" alt=\"\" class=\"wp-image-34397\" srcset=\"https:\/\/www.protect-the-planet.de\/wp-content\/uploads\/2026\/01\/Superblocks-mit-Essbare-Stadt-Querformat-1-1024x683.jpg 1024w, https:\/\/www.protect-the-planet.de\/wp-content\/uploads\/2026\/01\/Superblocks-mit-Essbare-Stadt-Querformat-1-300x200.jpg 300w, https:\/\/www.protect-the-planet.de\/wp-content\/uploads\/2026\/01\/Superblocks-mit-Essbare-Stadt-Querformat-1-768x512.jpg 768w, https:\/\/www.protect-the-planet.de\/wp-content\/uploads\/2026\/01\/Superblocks-mit-Essbare-Stadt-Querformat-1.jpg 1536w\" sizes=\"(max-width: 1024px) 100vw, 1024px\" \/><\/figure>\n<\/div>\n\n\n\n<div class=\"wp-block-column is-layout-flow wp-block-column-is-layout-flow\">\n<figure class=\"wp-block-image size-large\"><img loading=\"lazy\" decoding=\"async\" width=\"1024\" height=\"683\" src=\"https:\/\/www.protect-the-planet.de\/wp-content\/uploads\/2026\/01\/Wohnen-und-Naturschutz-und-Gruen-Querformat-1-1024x683.jpg\" alt=\"\" class=\"wp-image-34401\" srcset=\"https:\/\/www.protect-the-planet.de\/wp-content\/uploads\/2026\/01\/Wohnen-und-Naturschutz-und-Gruen-Querformat-1-1024x683.jpg 1024w, https:\/\/www.protect-the-planet.de\/wp-content\/uploads\/2026\/01\/Wohnen-und-Naturschutz-und-Gruen-Querformat-1-300x200.jpg 300w, https:\/\/www.protect-the-planet.de\/wp-content\/uploads\/2026\/01\/Wohnen-und-Naturschutz-und-Gruen-Querformat-1-768x512.jpg 768w, https:\/\/www.protect-the-planet.de\/wp-content\/uploads\/2026\/01\/Wohnen-und-Naturschutz-und-Gruen-Querformat-1.jpg 1536w\" sizes=\"(max-width: 1024px) 100vw, 1024px\" \/><\/figure>\n<\/div>\n<\/div>\n","protected":false},"excerpt":{"rendered":"<p>PM: M\u00fcnchen, 20. Januar 2026 \u2013 Bei einer Pressekonferenz im Werksviertel stellt das\u00a0 B\u00fcndnis \u201cStadt f\u00fcr Alle\u201d gemeinsame Forderungen f\u00fcr ein soziales, klimagerechtes\u00a0 M\u00fcnchen zur Kommunalwahl vor. <\/p>\n","protected":false},"author":10,"featured_media":34416,"comment_status":"closed","ping_status":"closed","sticky":false,"template":"","format":"standard","meta":{"footnotes":""},"categories":[729,730],"tags":[821,710,753,1700],"class_list":["post-34403","post","type-post","status-publish","format-standard","has-post-thumbnail","hentry","category-news","category-pressemitteilungen-en","tag-demokratie-en","tag-klimaschutz-en","tag-muenchen-en","tag-stadt-fuer-alle-en"],"yoast_head":"<!-- This site is optimized with the Yoast SEO plugin v27.5 - https:\/\/yoast.com\/product\/yoast-seo-wordpress\/ -->\n<title>Kommunalwahl: Mehr als 80 Organisationen M\u00fcnchens\u00a0fordern eine Stadt f\u00fcr Alle! - Protect the Planet<\/title>\n<meta name=\"description\" content=\"Bei einer Pressekonferenz stellt das\u00a0 B\u00fcndnis \u201cStadt f\u00fcr Alle\u201d die Forderungen f\u00fcr ein soziales, klimagerechtes\u00a0 M\u00fcnchen zur Kommunalwahl vor.\" \/>\n<meta name=\"robots\" content=\"index, follow, max-snippet:-1, max-image-preview:large, max-video-preview:-1\" \/>\n<link rel=\"canonical\" href=\"https:\/\/www.protect-the-planet.de\/en\/kommunalwahl-mehr-als-80-organisationen-muenchens-fordern-eine-stadt-fuer-alle\/\" \/>\n<meta property=\"og:locale\" content=\"en_US\" \/>\n<meta property=\"og:type\" content=\"article\" \/>\n<meta property=\"og:title\" content=\"Kommunalwahl: Mehr als 80 Organisationen M\u00fcnchens\u00a0fordern eine Stadt f\u00fcr Alle! - Protect the Planet\" \/>\n<meta property=\"og:description\" content=\"Bei einer Pressekonferenz stellt das\u00a0 B\u00fcndnis \u201cStadt f\u00fcr Alle\u201d die Forderungen f\u00fcr ein soziales, klimagerechtes\u00a0 M\u00fcnchen zur Kommunalwahl vor.\" \/>\n<meta property=\"og:url\" content=\"https:\/\/www.protect-the-planet.de\/en\/kommunalwahl-mehr-als-80-organisationen-muenchens-fordern-eine-stadt-fuer-alle\/\" \/>\n<meta property=\"og:site_name\" content=\"Protect the Planet\" \/>\n<meta property=\"article:publisher\" content=\"https:\/\/www.facebook.com\/protecttheplanetDE\/\" \/>\n<meta property=\"article:published_time\" content=\"2026-01-20T09:48:15+00:00\" \/>\n<meta property=\"article:modified_time\" content=\"2026-01-21T13:38:33+00:00\" \/>\n<meta property=\"og:image\" content=\"https:\/\/www.protect-the-planet.de\/wp-content\/uploads\/2026\/01\/21.01.2026-\u2013-PM-Stadt-fuer-alle-1-1.png\" \/>\n\t<meta property=\"og:image:width\" content=\"900\" \/>\n\t<meta property=\"og:image:height\" content=\"550\" \/>\n\t<meta property=\"og:image:type\" content=\"image\/png\" \/>\n<meta name=\"author\" content=\"Marlene Schorr\" \/>\n<meta name=\"twitter:card\" content=\"summary_large_image\" \/>\n<meta name=\"twitter:creator\" content=\"@PtP_de\" \/>\n<meta name=\"twitter:site\" content=\"@PtP_de\" \/>\n<meta name=\"twitter:label1\" content=\"Written by\" \/>\n\t<meta name=\"twitter:data1\" content=\"Marlene Schorr\" \/>\n\t<meta name=\"twitter:label2\" content=\"Est. reading time\" \/>\n\t<meta name=\"twitter:data2\" content=\"7 minutes\" \/>\n<script type=\"application\/ld+json\" class=\"yoast-schema-graph\">{\"@context\":\"https:\\\/\\\/schema.org\",\"@graph\":[{\"@type\":\"Article\",\"@id\":\"https:\\\/\\\/www.protect-the-planet.de\\\/en\\\/kommunalwahl-mehr-als-80-organisationen-muenchens-fordern-eine-stadt-fuer-alle\\\/#article\",\"isPartOf\":{\"@id\":\"https:\\\/\\\/www.protect-the-planet.de\\\/en\\\/kommunalwahl-mehr-als-80-organisationen-muenchens-fordern-eine-stadt-fuer-alle\\\/\"},\"author\":{\"name\":\"Marlene Schorr\",\"@id\":\"https:\\\/\\\/www.protect-the-planet.de\\\/en\\\/#\\\/schema\\\/person\\\/c5f68fff219fefde61da571621343455\"},\"headline\":\"Kommunalwahl: Mehr als 80 Organisationen M\u00fcnchens\u00a0fordern eine Stadt f\u00fcr Alle!\",\"datePublished\":\"2026-01-20T09:48:15+00:00\",\"dateModified\":\"2026-01-21T13:38:33+00:00\",\"mainEntityOfPage\":{\"@id\":\"https:\\\/\\\/www.protect-the-planet.de\\\/en\\\/kommunalwahl-mehr-als-80-organisationen-muenchens-fordern-eine-stadt-fuer-alle\\\/\"},\"wordCount\":826,\"publisher\":{\"@id\":\"https:\\\/\\\/www.protect-the-planet.de\\\/en\\\/#organization\"},\"image\":{\"@id\":\"https:\\\/\\\/www.protect-the-planet.de\\\/en\\\/kommunalwahl-mehr-als-80-organisationen-muenchens-fordern-eine-stadt-fuer-alle\\\/#primaryimage\"},\"thumbnailUrl\":\"https:\\\/\\\/www.protect-the-planet.de\\\/wp-content\\\/uploads\\\/2026\\\/01\\\/21.01.2026-\u2013-PM-Stadt-fuer-alle-1-1.png\",\"keywords\":[\"Demokratie\",\"Klimaschutz\",\"M\u00fcnchen\",\"Stadt f\u00fcr Alle\"],\"articleSection\":[\"News\",\"Pressemitteilungen\"],\"inLanguage\":\"en-US\"},{\"@type\":\"WebPage\",\"@id\":\"https:\\\/\\\/www.protect-the-planet.de\\\/en\\\/kommunalwahl-mehr-als-80-organisationen-muenchens-fordern-eine-stadt-fuer-alle\\\/\",\"url\":\"https:\\\/\\\/www.protect-the-planet.de\\\/en\\\/kommunalwahl-mehr-als-80-organisationen-muenchens-fordern-eine-stadt-fuer-alle\\\/\",\"name\":\"Kommunalwahl: Mehr als 80 Organisationen M\u00fcnchens\u00a0fordern eine Stadt f\u00fcr Alle! - Protect the Planet\",\"isPartOf\":{\"@id\":\"https:\\\/\\\/www.protect-the-planet.de\\\/en\\\/#website\"},\"primaryImageOfPage\":{\"@id\":\"https:\\\/\\\/www.protect-the-planet.de\\\/en\\\/kommunalwahl-mehr-als-80-organisationen-muenchens-fordern-eine-stadt-fuer-alle\\\/#primaryimage\"},\"image\":{\"@id\":\"https:\\\/\\\/www.protect-the-planet.de\\\/en\\\/kommunalwahl-mehr-als-80-organisationen-muenchens-fordern-eine-stadt-fuer-alle\\\/#primaryimage\"},\"thumbnailUrl\":\"https:\\\/\\\/www.protect-the-planet.de\\\/wp-content\\\/uploads\\\/2026\\\/01\\\/21.01.2026-\u2013-PM-Stadt-fuer-alle-1-1.png\",\"datePublished\":\"2026-01-20T09:48:15+00:00\",\"dateModified\":\"2026-01-21T13:38:33+00:00\",\"description\":\"Bei einer Pressekonferenz stellt das\u00a0 B\u00fcndnis \u201cStadt f\u00fcr Alle\u201d die Forderungen f\u00fcr ein soziales, klimagerechtes\u00a0 M\u00fcnchen zur Kommunalwahl vor.\",\"breadcrumb\":{\"@id\":\"https:\\\/\\\/www.protect-the-planet.de\\\/en\\\/kommunalwahl-mehr-als-80-organisationen-muenchens-fordern-eine-stadt-fuer-alle\\\/#breadcrumb\"},\"inLanguage\":\"en-US\",\"potentialAction\":[{\"@type\":\"ReadAction\",\"target\":[\"https:\\\/\\\/www.protect-the-planet.de\\\/en\\\/kommunalwahl-mehr-als-80-organisationen-muenchens-fordern-eine-stadt-fuer-alle\\\/\"]}]},{\"@type\":\"ImageObject\",\"inLanguage\":\"en-US\",\"@id\":\"https:\\\/\\\/www.protect-the-planet.de\\\/en\\\/kommunalwahl-mehr-als-80-organisationen-muenchens-fordern-eine-stadt-fuer-alle\\\/#primaryimage\",\"url\":\"https:\\\/\\\/www.protect-the-planet.de\\\/wp-content\\\/uploads\\\/2026\\\/01\\\/21.01.2026-\u2013-PM-Stadt-fuer-alle-1-1.png\",\"contentUrl\":\"https:\\\/\\\/www.protect-the-planet.de\\\/wp-content\\\/uploads\\\/2026\\\/01\\\/21.01.2026-\u2013-PM-Stadt-fuer-alle-1-1.png\",\"width\":900,\"height\":550,\"caption\":\"Auf dem Bild sind die B\u00fcndnismitglieder von Stadt f\u00fcr Alle zu sehen. Die Pressemitteilung fand im Werksviertel statt.\"},{\"@type\":\"BreadcrumbList\",\"@id\":\"https:\\\/\\\/www.protect-the-planet.de\\\/en\\\/kommunalwahl-mehr-als-80-organisationen-muenchens-fordern-eine-stadt-fuer-alle\\\/#breadcrumb\",\"itemListElement\":[{\"@type\":\"ListItem\",\"position\":1,\"name\":\"Startseite\",\"item\":\"https:\\\/\\\/www.protect-the-planet.de\\\/en\\\/home\\\/\"},{\"@type\":\"ListItem\",\"position\":2,\"name\":\"Kommunalwahl: Mehr als 80 Organisationen M\u00fcnchens\u00a0fordern eine Stadt f\u00fcr Alle!\"}]},{\"@type\":\"WebSite\",\"@id\":\"https:\\\/\\\/www.protect-the-planet.de\\\/en\\\/#website\",\"url\":\"https:\\\/\\\/www.protect-the-planet.de\\\/en\\\/\",\"name\":\"Protect the Planet\",\"description\":\"If we don&#039;t change, the climate will.\",\"publisher\":{\"@id\":\"https:\\\/\\\/www.protect-the-planet.de\\\/en\\\/#organization\"},\"alternateName\":\"Protect the Panet gGmbH\",\"potentialAction\":[{\"@type\":\"SearchAction\",\"target\":{\"@type\":\"EntryPoint\",\"urlTemplate\":\"https:\\\/\\\/www.protect-the-planet.de\\\/en\\\/?s={search_term_string}\"},\"query-input\":{\"@type\":\"PropertyValueSpecification\",\"valueRequired\":true,\"valueName\":\"search_term_string\"}}],\"inLanguage\":\"en-US\"},{\"@type\":\"Organization\",\"@id\":\"https:\\\/\\\/www.protect-the-planet.de\\\/en\\\/#organization\",\"name\":\"Protect the Planet\",\"url\":\"https:\\\/\\\/www.protect-the-planet.de\\\/en\\\/\",\"logo\":{\"@type\":\"ImageObject\",\"inLanguage\":\"en-US\",\"@id\":\"https:\\\/\\\/www.protect-the-planet.de\\\/en\\\/#\\\/schema\\\/logo\\\/image\\\/\",\"url\":\"https:\\\/\\\/www.protect-the-planet.de\\\/wp-content\\\/uploads\\\/2023\\\/09\\\/LOGO-positiv_transparent-klein.png\",\"contentUrl\":\"https:\\\/\\\/www.protect-the-planet.de\\\/wp-content\\\/uploads\\\/2023\\\/09\\\/LOGO-positiv_transparent-klein.png\",\"width\":123,\"height\":68,\"caption\":\"Protect the Planet\"},\"image\":{\"@id\":\"https:\\\/\\\/www.protect-the-planet.de\\\/en\\\/#\\\/schema\\\/logo\\\/image\\\/\"},\"sameAs\":[\"https:\\\/\\\/www.facebook.com\\\/protecttheplanetDE\\\/\",\"https:\\\/\\\/x.com\\\/PtP_de\",\"https:\\\/\\\/www.instagram.com\\\/protecttheplanetorg\\\/\",\"https:\\\/\\\/www.linkedin.com\\\/company\\\/protect-the-planet\",\"https:\\\/\\\/www.youtube.com\\\/@protecttheplanet\"]},{\"@type\":\"Person\",\"@id\":\"https:\\\/\\\/www.protect-the-planet.de\\\/en\\\/#\\\/schema\\\/person\\\/c5f68fff219fefde61da571621343455\",\"name\":\"Marlene Schorr\",\"image\":{\"@type\":\"ImageObject\",\"inLanguage\":\"en-US\",\"@id\":\"https:\\\/\\\/secure.gravatar.com\\\/avatar\\\/78d101b05e6da18a98f007d6ad5f076a6c8fc0dcc2e943f6e304d20caf0c1806?s=96&d=mm&r=g\",\"url\":\"https:\\\/\\\/secure.gravatar.com\\\/avatar\\\/78d101b05e6da18a98f007d6ad5f076a6c8fc0dcc2e943f6e304d20caf0c1806?s=96&d=mm&r=g\",\"contentUrl\":\"https:\\\/\\\/secure.gravatar.com\\\/avatar\\\/78d101b05e6da18a98f007d6ad5f076a6c8fc0dcc2e943f6e304d20caf0c1806?s=96&d=mm&r=g\",\"caption\":\"Marlene Schorr\"},\"url\":\"https:\\\/\\\/www.protect-the-planet.de\\\/en\\\/author\\\/marlene-schorr\\\/\"}]}<\/script>\n<!-- \/ Yoast SEO plugin. -->","yoast_head_json":{"title":"Kommunalwahl: Mehr als 80 Organisationen M\u00fcnchens\u00a0fordern eine Stadt f\u00fcr Alle! - Protect the Planet","description":"Bei einer Pressekonferenz stellt das\u00a0 B\u00fcndnis \u201cStadt f\u00fcr Alle\u201d die Forderungen f\u00fcr ein soziales, klimagerechtes\u00a0 M\u00fcnchen zur Kommunalwahl vor.","robots":{"index":"index","follow":"follow","max-snippet":"max-snippet:-1","max-image-preview":"max-image-preview:large","max-video-preview":"max-video-preview:-1"},"canonical":"https:\/\/www.protect-the-planet.de\/en\/kommunalwahl-mehr-als-80-organisationen-muenchens-fordern-eine-stadt-fuer-alle\/","og_locale":"en_US","og_type":"article","og_title":"Kommunalwahl: Mehr als 80 Organisationen M\u00fcnchens\u00a0fordern eine Stadt f\u00fcr Alle! - Protect the Planet","og_description":"Bei einer Pressekonferenz stellt das\u00a0 B\u00fcndnis \u201cStadt f\u00fcr Alle\u201d die Forderungen f\u00fcr ein soziales, klimagerechtes\u00a0 M\u00fcnchen zur Kommunalwahl vor.","og_url":"https:\/\/www.protect-the-planet.de\/en\/kommunalwahl-mehr-als-80-organisationen-muenchens-fordern-eine-stadt-fuer-alle\/","og_site_name":"Protect the Planet","article_publisher":"https:\/\/www.facebook.com\/protecttheplanetDE\/","article_published_time":"2026-01-20T09:48:15+00:00","article_modified_time":"2026-01-21T13:38:33+00:00","og_image":[{"width":900,"height":550,"url":"https:\/\/www.protect-the-planet.de\/wp-content\/uploads\/2026\/01\/21.01.2026-\u2013-PM-Stadt-fuer-alle-1-1.png","type":"image\/png"}],"author":"Marlene Schorr","twitter_card":"summary_large_image","twitter_creator":"@PtP_de","twitter_site":"@PtP_de","twitter_misc":{"Written by":"Marlene Schorr","Est. reading time":"7 minutes"},"schema":{"@context":"https:\/\/schema.org","@graph":[{"@type":"Article","@id":"https:\/\/www.protect-the-planet.de\/en\/kommunalwahl-mehr-als-80-organisationen-muenchens-fordern-eine-stadt-fuer-alle\/#article","isPartOf":{"@id":"https:\/\/www.protect-the-planet.de\/en\/kommunalwahl-mehr-als-80-organisationen-muenchens-fordern-eine-stadt-fuer-alle\/"},"author":{"name":"Marlene Schorr","@id":"https:\/\/www.protect-the-planet.de\/en\/#\/schema\/person\/c5f68fff219fefde61da571621343455"},"headline":"Kommunalwahl: Mehr als 80 Organisationen M\u00fcnchens\u00a0fordern eine Stadt f\u00fcr Alle!","datePublished":"2026-01-20T09:48:15+00:00","dateModified":"2026-01-21T13:38:33+00:00","mainEntityOfPage":{"@id":"https:\/\/www.protect-the-planet.de\/en\/kommunalwahl-mehr-als-80-organisationen-muenchens-fordern-eine-stadt-fuer-alle\/"},"wordCount":826,"publisher":{"@id":"https:\/\/www.protect-the-planet.de\/en\/#organization"},"image":{"@id":"https:\/\/www.protect-the-planet.de\/en\/kommunalwahl-mehr-als-80-organisationen-muenchens-fordern-eine-stadt-fuer-alle\/#primaryimage"},"thumbnailUrl":"https:\/\/www.protect-the-planet.de\/wp-content\/uploads\/2026\/01\/21.01.2026-\u2013-PM-Stadt-fuer-alle-1-1.png","keywords":["Demokratie","Klimaschutz","M\u00fcnchen","Stadt f\u00fcr Alle"],"articleSection":["News","Pressemitteilungen"],"inLanguage":"en-US"},{"@type":"WebPage","@id":"https:\/\/www.protect-the-planet.de\/en\/kommunalwahl-mehr-als-80-organisationen-muenchens-fordern-eine-stadt-fuer-alle\/","url":"https:\/\/www.protect-the-planet.de\/en\/kommunalwahl-mehr-als-80-organisationen-muenchens-fordern-eine-stadt-fuer-alle\/","name":"Kommunalwahl: Mehr als 80 Organisationen M\u00fcnchens\u00a0fordern eine Stadt f\u00fcr Alle! - Protect the Planet","isPartOf":{"@id":"https:\/\/www.protect-the-planet.de\/en\/#website"},"primaryImageOfPage":{"@id":"https:\/\/www.protect-the-planet.de\/en\/kommunalwahl-mehr-als-80-organisationen-muenchens-fordern-eine-stadt-fuer-alle\/#primaryimage"},"image":{"@id":"https:\/\/www.protect-the-planet.de\/en\/kommunalwahl-mehr-als-80-organisationen-muenchens-fordern-eine-stadt-fuer-alle\/#primaryimage"},"thumbnailUrl":"https:\/\/www.protect-the-planet.de\/wp-content\/uploads\/2026\/01\/21.01.2026-\u2013-PM-Stadt-fuer-alle-1-1.png","datePublished":"2026-01-20T09:48:15+00:00","dateModified":"2026-01-21T13:38:33+00:00","description":"Bei einer Pressekonferenz stellt das\u00a0 B\u00fcndnis \u201cStadt f\u00fcr Alle\u201d die Forderungen f\u00fcr ein soziales, klimagerechtes\u00a0 M\u00fcnchen zur Kommunalwahl vor.","breadcrumb":{"@id":"https:\/\/www.protect-the-planet.de\/en\/kommunalwahl-mehr-als-80-organisationen-muenchens-fordern-eine-stadt-fuer-alle\/#breadcrumb"},"inLanguage":"en-US","potentialAction":[{"@type":"ReadAction","target":["https:\/\/www.protect-the-planet.de\/en\/kommunalwahl-mehr-als-80-organisationen-muenchens-fordern-eine-stadt-fuer-alle\/"]}]},{"@type":"ImageObject","inLanguage":"en-US","@id":"https:\/\/www.protect-the-planet.de\/en\/kommunalwahl-mehr-als-80-organisationen-muenchens-fordern-eine-stadt-fuer-alle\/#primaryimage","url":"https:\/\/www.protect-the-planet.de\/wp-content\/uploads\/2026\/01\/21.01.2026-\u2013-PM-Stadt-fuer-alle-1-1.png","contentUrl":"https:\/\/www.protect-the-planet.de\/wp-content\/uploads\/2026\/01\/21.01.2026-\u2013-PM-Stadt-fuer-alle-1-1.png","width":900,"height":550,"caption":"Auf dem Bild sind die B\u00fcndnismitglieder von Stadt f\u00fcr Alle zu sehen. Die Pressemitteilung fand im Werksviertel statt."},{"@type":"BreadcrumbList","@id":"https:\/\/www.protect-the-planet.de\/en\/kommunalwahl-mehr-als-80-organisationen-muenchens-fordern-eine-stadt-fuer-alle\/#breadcrumb","itemListElement":[{"@type":"ListItem","position":1,"name":"Startseite","item":"https:\/\/www.protect-the-planet.de\/en\/home\/"},{"@type":"ListItem","position":2,"name":"Kommunalwahl: Mehr als 80 Organisationen M\u00fcnchens\u00a0fordern eine Stadt f\u00fcr Alle!"}]},{"@type":"WebSite","@id":"https:\/\/www.protect-the-planet.de\/en\/#website","url":"https:\/\/www.protect-the-planet.de\/en\/","name":"Protect the Planet","description":"If we don&#039;t change, the climate will.","publisher":{"@id":"https:\/\/www.protect-the-planet.de\/en\/#organization"},"alternateName":"Protect the Panet gGmbH","potentialAction":[{"@type":"SearchAction","target":{"@type":"EntryPoint","urlTemplate":"https:\/\/www.protect-the-planet.de\/en\/?s={search_term_string}"},"query-input":{"@type":"PropertyValueSpecification","valueRequired":true,"valueName":"search_term_string"}}],"inLanguage":"en-US"},{"@type":"Organization","@id":"https:\/\/www.protect-the-planet.de\/en\/#organization","name":"Protect the Planet","url":"https:\/\/www.protect-the-planet.de\/en\/","logo":{"@type":"ImageObject","inLanguage":"en-US","@id":"https:\/\/www.protect-the-planet.de\/en\/#\/schema\/logo\/image\/","url":"https:\/\/www.protect-the-planet.de\/wp-content\/uploads\/2023\/09\/LOGO-positiv_transparent-klein.png","contentUrl":"https:\/\/www.protect-the-planet.de\/wp-content\/uploads\/2023\/09\/LOGO-positiv_transparent-klein.png","width":123,"height":68,"caption":"Protect the Planet"},"image":{"@id":"https:\/\/www.protect-the-planet.de\/en\/#\/schema\/logo\/image\/"},"sameAs":["https:\/\/www.facebook.com\/protecttheplanetDE\/","https:\/\/x.com\/PtP_de","https:\/\/www.instagram.com\/protecttheplanetorg\/","https:\/\/www.linkedin.com\/company\/protect-the-planet","https:\/\/www.youtube.com\/@protecttheplanet"]},{"@type":"Person","@id":"https:\/\/www.protect-the-planet.de\/en\/#\/schema\/person\/c5f68fff219fefde61da571621343455","name":"Marlene Schorr","image":{"@type":"ImageObject","inLanguage":"en-US","@id":"https:\/\/secure.gravatar.com\/avatar\/78d101b05e6da18a98f007d6ad5f076a6c8fc0dcc2e943f6e304d20caf0c1806?s=96&d=mm&r=g","url":"https:\/\/secure.gravatar.com\/avatar\/78d101b05e6da18a98f007d6ad5f076a6c8fc0dcc2e943f6e304d20caf0c1806?s=96&d=mm&r=g","contentUrl":"https:\/\/secure.gravatar.com\/avatar\/78d101b05e6da18a98f007d6ad5f076a6c8fc0dcc2e943f6e304d20caf0c1806?s=96&d=mm&r=g","caption":"Marlene Schorr"},"url":"https:\/\/www.protect-the-planet.de\/en\/author\/marlene-schorr\/"}]}},"_links":{"self":[{"href":"https:\/\/www.protect-the-planet.de\/en\/wp-json\/wp\/v2\/posts\/34403","targetHints":{"allow":["GET"]}}],"collection":[{"href":"https:\/\/www.protect-the-planet.de\/en\/wp-json\/wp\/v2\/posts"}],"about":[{"href":"https:\/\/www.protect-the-planet.de\/en\/wp-json\/wp\/v2\/types\/post"}],"author":[{"embeddable":true,"href":"https:\/\/www.protect-the-planet.de\/en\/wp-json\/wp\/v2\/users\/10"}],"replies":[{"embeddable":true,"href":"https:\/\/www.protect-the-planet.de\/en\/wp-json\/wp\/v2\/comments?post=34403"}],"version-history":[{"count":4,"href":"https:\/\/www.protect-the-planet.de\/en\/wp-json\/wp\/v2\/posts\/34403\/revisions"}],"predecessor-version":[{"id":34418,"href":"https:\/\/www.protect-the-planet.de\/en\/wp-json\/wp\/v2\/posts\/34403\/revisions\/34418"}],"wp:featuredmedia":[{"embeddable":true,"href":"https:\/\/www.protect-the-planet.de\/en\/wp-json\/wp\/v2\/media\/34416"}],"wp:attachment":[{"href":"https:\/\/www.protect-the-planet.de\/en\/wp-json\/wp\/v2\/media?parent=34403"}],"wp:term":[{"taxonomy":"category","embeddable":true,"href":"https:\/\/www.protect-the-planet.de\/en\/wp-json\/wp\/v2\/categories?post=34403"},{"taxonomy":"post_tag","embeddable":true,"href":"https:\/\/www.protect-the-planet.de\/en\/wp-json\/wp\/v2\/tags?post=34403"}],"curies":[{"name":"wp","href":"https:\/\/api.w.org\/{rel}","templated":true}]}}