{"id":34235,"date":"2021-04-22T19:00:00","date_gmt":"2021-04-22T17:00:00","guid":{"rendered":"https:\/\/www.protect-the-planet.de\/?p=34235"},"modified":"2026-02-12T11:42:49","modified_gmt":"2026-02-12T10:42:49","slug":"raus-aus-der-kohle-und-nicht-rein-ins-erdgas","status":"publish","type":"post","link":"https:\/\/www.protect-the-planet.de\/en\/raus-aus-der-kohle-und-nicht-rein-ins-erdgas\/","title":{"rendered":"Raus aus der Kohle und Nicht rein ins Erdgas"},"content":{"rendered":"\n<p class=\"has-text-align-center\"><strong>In der Veranstaltungsreihe <strong>\u201eKlimanotstand\u201c und \u201eM\u00fcnchen klimaneutral bis 2035\u201c<\/strong><\/strong><\/p>\n\n\n\n<h2 class=\"wp-block-heading has-text-align-center\">Markus Raschke<\/h2>\n\n\n\n<p class=\"has-text-align-center\">Raus-aus-der-Steinkohle M\u00fcnchen, Protect the Planet, Bezirksrat (\u00d6DP)<\/p>\n\n\n\n<p class=\"has-text-align-center\"><strong>und<\/strong><\/p>\n\n\n\n<h2 class=\"wp-block-heading has-text-align-center\">Johannes Mecke<\/h2>\n\n\n\n<p class=\"has-text-align-center\">BI Raus-aus-der-Steinkohle Unterf\u00f6hring, 3. B\u00fcrgermeister in Unterf\u00f6hring (GR\u00dcNE)<\/p>\n\n\n\n<p class=\"has-text-align-center\"><strong>und<\/strong><\/p>\n\n\n\n<h2 class=\"wp-block-heading has-text-align-center\">Georg Sauerwein<\/h2>\n\n\n\n<p class=\"has-text-align-center\">Fossil Free M\u00fcnchen<\/p>\n\n\n\n<div style=\"height:30px\" aria-hidden=\"true\" class=\"wp-block-spacer\"><\/div>\n\n\n\n<hr class=\"wp-block-separator has-alpha-channel-opacity\"\/>\n\n\n\n<div style=\"height:30px\" aria-hidden=\"true\" class=\"wp-block-spacer\"><\/div>\n\n\n\n<p class=\"has-text-align-center\"><a href=\"https:\/\/www.protect-the-planet.de\/wp-content\/uploads\/2023\/10\/2021_04_22-Einladungstext-Kohle_Erdgas.pdf\" target=\"_blank\" rel=\"noreferrer noopener\"><strong>Event-Info PDF | Dr. Helmut Paschlau<\/strong><\/a><\/p>\n\n\n\n <div class=\"brlbs-cmpnt-container brlbs-cmpnt-content-blocker brlbs-cmpnt-with-individual-styles\" data-borlabs-cookie-content-blocker-id=\"youtube-content-blocker\" data-borlabs-cookie-content=\"PGlmcmFtZSB3aWR0aD0iNTYwIiBoZWlnaHQ9IjMxNSIgc3JjPSJodHRwczovL3d3dy55b3V0dWJlLW5vY29va2llLmNvbS9lbWJlZC9jejE2NGR4dGM3MD9zaT1MZDVPU2E3MEQwVGh1Y1dhIiB0aXRsZT0iWW91VHViZSB2aWRlbyBwbGF5ZXIiIGZyYW1lYm9yZGVyPSIwIiBhbGxvdz0iYWNjZWxlcm9tZXRlcjsgYXV0b3BsYXk7IGNsaXBib2FyZC13cml0ZTsgZW5jcnlwdGVkLW1lZGlhOyBneXJvc2NvcGU7IHBpY3R1cmUtaW4tcGljdHVyZTsgd2ViLXNoYXJlIiByZWZlcnJlcnBvbGljeT0ic3RyaWN0LW9yaWdpbi13aGVuLWNyb3NzLW9yaWdpbiIgYWxsb3dmdWxsc2NyZWVuPjwvaWZyYW1lPg==\"><div class=\"brlbs-cmpnt-cb-preset-c brlbs-cmpnt-cb-youtube\"> <div class=\"brlbs-cmpnt-cb-thumbnail\" style=\"background-image: url('https:\/\/www.protect-the-planet.de\/wp-content\/uploads\/borlabs-cookie\/1\/yt_cz164dxtc70_hqdefault.jpg')\"><\/div> <div class=\"brlbs-cmpnt-cb-main\"> <div class=\"brlbs-cmpnt-cb-play-button\"><\/div> <div class=\"brlbs-cmpnt-cb-content\"> <p class=\"brlbs-cmpnt-cb-description\">You are currently viewing a placeholder content from <strong>YouTube<\/strong>. To access the actual content, click the button below. Please note that doing so will share data with third-party providers.<\/p> <a class=\"brlbs-cmpnt-cb-provider-toggle\" href=\"#\" data-borlabs-cookie-show-provider-information role=\"button\">More Information<\/a> <\/div> <div class=\"brlbs-cmpnt-cb-buttons\"> <a class=\"brlbs-cmpnt-cb-btn\" href=\"#\" data-borlabs-cookie-unblock role=\"button\">Unblock content<\/a> <a class=\"brlbs-cmpnt-cb-btn\" href=\"#\" data-borlabs-cookie-accept-service role=\"button\" style=\"display: inherit\">Accept required service and unblock content<\/a> <\/div> <\/div> <\/div><\/div>\n\n\n\n<p class=\"has-text-align-center\"><br><strong><a href=\"https:\/\/www.protect-the-planet.de\/wp-content\/uploads\/2023\/10\/2021_04_22-Vortrag-Markus-Raschke-Kohleausstieg.pdf\" target=\"_blank\" rel=\"noreferrer noopener\">Vortragsfolien PDF | Markus Raschke<\/a><\/strong><\/p>\n\n\n\n<p class=\"has-text-align-center\"><strong><a href=\"https:\/\/www.protect-the-planet.de\/wp-content\/uploads\/2023\/10\/2021_04_22-Vortrag-Joh-Mecke-GuD3.pdf\" target=\"_blank\" rel=\"noreferrer noopener\">Vortragsfolien PDF | Johannes Mecke<\/a><\/strong><\/p>\n\n\n\n<p class=\"has-text-align-center\"><strong><a href=\"https:\/\/www.protect-the-planet.de\/wp-content\/uploads\/2023\/10\/2021_04_22-Vortrag-Georg-Sauerwein-Spirit-Energy.pdf\" target=\"_blank\" rel=\"noreferrer noopener\">Vortragsfolien PDF | Georg Sauerwein<\/a><\/strong><\/p>\n\n\n\n<div style=\"height:30px\" aria-hidden=\"true\" class=\"wp-block-spacer\"><\/div>\n\n\n\n<p>Im B\u00fcrgerentscheid Raus-aus-der-Steinkohle am 05.11.2017 hat die B\u00fcrgerschaft M\u00fcnchens <strong>aus Klimaschutzgr\u00fcnden mit gro\u00dfer Mehrheit entschieden, dass die Kohleverbrennung im HKW Nord bis Ende 2022 beendet werden muss.<\/strong> Der Kohleausstieg ist aber aktuell aus rechtlichen Gr\u00fcnden nicht m\u00f6glich, da die zust\u00e4ndige Bundesnetzagentur den Kohleblock als \u201esystemrelevant\u201c f\u00fcr die \u00fcber\u00f6rtliche Stromversorgung eingestuft hat \u2013 allerdings nur bis 2024.<\/p>\n\n\n\n<p>Trotzdem will die Mehrheit im Stadtrat die Verbrennung fossiler Brennstoffe in Gro\u00dfkraftwerken nicht beenden: <strong>F\u00fcr Errichtung und Betrieb einer neuen, ausschlie\u00dflich Erdgas-betriebenen \u201eGas- und Dampfturbinenanlage\u201c am HKW Nord (GuD3), haben die Stadtwerke M\u00fcnchen (SWM) ein Genehmigungsverfahren eingeleitet.<\/strong> Diese neue Anlage wird fr\u00fchestens 2030 in Betrieb gehen k\u00f6nnen und dann bis in die 2060er Jahre \u2013 mit oder ohne Beimischung von \u201egr\u00fcnem\u201c Wasserstoff \u2013 erhebliche Tonnagen an klimasch\u00e4dlichem CO2 emittieren: <strong>Allein die GuD3 wird \u00fcber 22 Mio. Tonnen CO2 emittieren \u2013 und damit 35% des ganz M\u00fcnchen noch verbleibenden \u201eCO2-Budgets\u201c bis zum \u00dcberschreiten des +1,5o-Ziels \u201everbrauchen\u201c.<\/strong><\/p>\n\n\n\n<p>Ebenfalls alles andere als klimafreundlich: Weltweit wird gefordert, dass 80% der aktuell bekannten \u00d6l- und Gas-Vorkommen aus Klimaschutzgr\u00fcnden unverbrannt im Boden bleiben m\u00fcssen! Doch <strong>die SWM f\u00f6rdern mit ihrer Beteiligungsgesellschaft Spirit Energy Erd\u00f6l- und Erdgas in der Nordsee und f\u00fchren gar Erkundungsbohrungen in der Arktis durch;<\/strong> und dies mit hohen Verlusten (-320 Mio. Euro in 2019). Bezogen auf ihren Anteil (31%) und die bekannten F\u00f6rderreserven von Spirit Energy bedeutet das: Weitere <strong>32 Mio. t CO2 aus der Verbrennung von SWM-Erd\u00f6l und Erdgas!<\/strong><\/p>\n\n\n\n<p>Zusammen machen diese beiden SWM-Projekte Erdgas-GuD3 und Spirit Energy <strong>85% des f\u00fcr ganz M\u00fcnchen noch zur Verf\u00fcgung stehenden CO2-Budgets bis zum \u00dcberschreiten des +1,5-Grad-Ziels aus! Das widerspricht eklatant den Stadtratsbeschl\u00fcssen \u201eKlimaneutralit\u00e4t M\u00fcnchen 2035\u201c, der globalen Klimagerechtigkeit und \u201eParis 2015\u201c und den Forderungen insbesondere aus der j\u00fcngeren Generation.<\/strong> Verantwortlich ist hierf\u00fcr einzig und allein der Stadtrat der Landeshauptstadt M\u00fcnchen!<\/p>\n\n\n\n<p><\/p>\n\n\n\n<p><strong>Moderation: Helmut Paschlau<\/strong><br><\/p>\n\n\n\n<div style=\"height:30px\" aria-hidden=\"true\" class=\"wp-block-spacer\"><\/div>\n\n\n\n<hr class=\"wp-block-separator has-alpha-channel-opacity\"\/>\n\n\n\n<div style=\"height:30px\" aria-hidden=\"true\" class=\"wp-block-spacer\"><\/div>\n\n\n\n<p class=\"has-text-align-center\"><strong>Die Veranstalter<\/strong>:<\/p>\n\n\n\n<p class=\"has-text-align-center\"><a href=\"https:\/\/twitter.com\/ptp_de\/\">Protect the Planet<\/a>, <a href=\"https:\/\/twitter.com\/munichdivest?lang=de\">Fossil Free M\u00fcnchen<\/a>, <a href=\"https:\/\/twitter.com\/fff_muc\">Fridays for Future M\u00fcnchen<\/a>, <a href=\"https:\/\/twitter.com\/foes_news\/\">Forum \u00d6kologisch-Soziale Marktwirtschaft<\/a>, <a href=\"https:\/\/twitter.com\/stu4future_muc\">Students4Future M\u00fcnchen,<\/a> <a href=\"https:\/\/twitter.com\/Parents4futureM\">Parents4Future M\u00fcnchen<\/a>, <a href=\"http:\/\/bn-muenchen.de\/\">Bund Naturschutz in Bayern Kreisgruppe M\u00fcnchen<\/a>.<\/p>\n\n\n\n<p class=\"has-text-align-left\"><\/p>\n\n\n\n<div style=\"height:30px\" aria-hidden=\"true\" class=\"wp-block-spacer\"><\/div>\n\n\n\n<p><\/p>\n","protected":false},"excerpt":{"rendered":"<p>Markus Raschke (Protect the Planet), Johannes Mecke (GR\u00dcNE), Georg Sauerwein (Fossil Free M\u00fcnchen)<\/p>\n","protected":false},"author":10,"featured_media":21935,"comment_status":"closed","ping_status":"closed","sticky":false,"template":"","format":"standard","meta":{"footnotes":""},"categories":[1552,1509,1637],"tags":[1688,753,1748,702],"class_list":["post-34235","post","type-post","status-publish","format-standard","has-post-thumbnail","hentry","category-energie-heizen-bauen-en","category-event-archive","category-muenchen-llokales-en","tag-erdgas-en","tag-muenchen-en","tag-raus-aus-der-steinkohle-en","tag-vortrag-en"],"yoast_head":"<!-- This site is optimized with the Yoast SEO plugin v27.5 - https:\/\/yoast.com\/product\/yoast-seo-wordpress\/ -->\n<title>Raus aus der Kohle und Nicht rein ins Erdgas - Protect the Planet<\/title>\n<meta name=\"description\" content=\"ausf\u00fcllen\" \/>\n<meta name=\"robots\" content=\"index, follow, max-snippet:-1, max-image-preview:large, max-video-preview:-1\" \/>\n<link rel=\"canonical\" href=\"https:\/\/www.protect-the-planet.de\/en\/raus-aus-der-kohle-und-nicht-rein-ins-erdgas\/\" \/>\n<meta property=\"og:locale\" content=\"en_US\" \/>\n<meta property=\"og:type\" content=\"article\" \/>\n<meta property=\"og:title\" content=\"Raus aus der Kohle und Nicht rein ins Erdgas - Protect the Planet\" \/>\n<meta property=\"og:description\" content=\"ausf\u00fcllen\" \/>\n<meta property=\"og:url\" content=\"https:\/\/www.protect-the-planet.de\/en\/raus-aus-der-kohle-und-nicht-rein-ins-erdgas\/\" \/>\n<meta property=\"og:site_name\" content=\"Protect the Planet\" \/>\n<meta property=\"article:publisher\" content=\"https:\/\/www.facebook.com\/protecttheplanetDE\/\" \/>\n<meta property=\"article:published_time\" content=\"2021-04-22T17:00:00+00:00\" \/>\n<meta property=\"article:modified_time\" content=\"2026-02-12T10:42:49+00:00\" \/>\n<meta property=\"og:image\" content=\"https:\/\/www.protect-the-planet.de\/wp-content\/uploads\/2021\/04\/2021_04_22-Raschke-Sauerwein-Mecke-RadS-GasExit-200x118-1.png\" \/>\n\t<meta property=\"og:image:width\" content=\"200\" \/>\n\t<meta property=\"og:image:height\" content=\"118\" \/>\n\t<meta property=\"og:image:type\" content=\"image\/png\" \/>\n<meta name=\"author\" content=\"Marlene Schorr\" \/>\n<meta name=\"twitter:card\" content=\"summary_large_image\" \/>\n<meta name=\"twitter:creator\" content=\"@PtP_de\" \/>\n<meta name=\"twitter:site\" content=\"@PtP_de\" \/>\n<meta name=\"twitter:label1\" content=\"Written by\" \/>\n\t<meta name=\"twitter:data1\" content=\"Marlene Schorr\" \/>\n\t<meta name=\"twitter:label2\" content=\"Est. reading time\" \/>\n\t<meta name=\"twitter:data2\" content=\"1 minute\" \/>\n<script type=\"application\/ld+json\" class=\"yoast-schema-graph\">{\"@context\":\"https:\\\/\\\/schema.org\",\"@graph\":[{\"@type\":\"Article\",\"@id\":\"https:\\\/\\\/www.protect-the-planet.de\\\/en\\\/raus-aus-der-kohle-und-nicht-rein-ins-erdgas\\\/#article\",\"isPartOf\":{\"@id\":\"https:\\\/\\\/www.protect-the-planet.de\\\/en\\\/raus-aus-der-kohle-und-nicht-rein-ins-erdgas\\\/\"},\"author\":{\"name\":\"Marlene Schorr\",\"@id\":\"https:\\\/\\\/www.protect-the-planet.de\\\/en\\\/#\\\/schema\\\/person\\\/c5f68fff219fefde61da571621343455\"},\"headline\":\"Raus aus der Kohle und Nicht rein ins Erdgas\",\"datePublished\":\"2021-04-22T17:00:00+00:00\",\"dateModified\":\"2026-02-12T10:42:49+00:00\",\"mainEntityOfPage\":{\"@id\":\"https:\\\/\\\/www.protect-the-planet.de\\\/en\\\/raus-aus-der-kohle-und-nicht-rein-ins-erdgas\\\/\"},\"wordCount\":412,\"publisher\":{\"@id\":\"https:\\\/\\\/www.protect-the-planet.de\\\/en\\\/#organization\"},\"image\":{\"@id\":\"https:\\\/\\\/www.protect-the-planet.de\\\/en\\\/raus-aus-der-kohle-und-nicht-rein-ins-erdgas\\\/#primaryimage\"},\"thumbnailUrl\":\"https:\\\/\\\/www.protect-the-planet.de\\\/wp-content\\\/uploads\\\/2021\\\/04\\\/2021_04_22-Raschke-Sauerwein-Mecke-RadS-GasExit-200x118-1.png\",\"keywords\":[\"Erdgas\",\"M\u00fcnchen\",\"Raus aus der Steinkohle\",\"Vortrag\"],\"articleSection\":[\"Energie, Heizen, Bauen\",\"Event archive\",\"M\u00fcnchen &amp; Lokales\"],\"inLanguage\":\"en-US\"},{\"@type\":\"WebPage\",\"@id\":\"https:\\\/\\\/www.protect-the-planet.de\\\/en\\\/raus-aus-der-kohle-und-nicht-rein-ins-erdgas\\\/\",\"url\":\"https:\\\/\\\/www.protect-the-planet.de\\\/en\\\/raus-aus-der-kohle-und-nicht-rein-ins-erdgas\\\/\",\"name\":\"Raus aus der Kohle und Nicht rein ins Erdgas - Protect the Planet\",\"isPartOf\":{\"@id\":\"https:\\\/\\\/www.protect-the-planet.de\\\/en\\\/#website\"},\"primaryImageOfPage\":{\"@id\":\"https:\\\/\\\/www.protect-the-planet.de\\\/en\\\/raus-aus-der-kohle-und-nicht-rein-ins-erdgas\\\/#primaryimage\"},\"image\":{\"@id\":\"https:\\\/\\\/www.protect-the-planet.de\\\/en\\\/raus-aus-der-kohle-und-nicht-rein-ins-erdgas\\\/#primaryimage\"},\"thumbnailUrl\":\"https:\\\/\\\/www.protect-the-planet.de\\\/wp-content\\\/uploads\\\/2021\\\/04\\\/2021_04_22-Raschke-Sauerwein-Mecke-RadS-GasExit-200x118-1.png\",\"datePublished\":\"2021-04-22T17:00:00+00:00\",\"dateModified\":\"2026-02-12T10:42:49+00:00\",\"description\":\"ausf\u00fcllen\",\"breadcrumb\":{\"@id\":\"https:\\\/\\\/www.protect-the-planet.de\\\/en\\\/raus-aus-der-kohle-und-nicht-rein-ins-erdgas\\\/#breadcrumb\"},\"inLanguage\":\"en-US\",\"potentialAction\":[{\"@type\":\"ReadAction\",\"target\":[\"https:\\\/\\\/www.protect-the-planet.de\\\/en\\\/raus-aus-der-kohle-und-nicht-rein-ins-erdgas\\\/\"]}]},{\"@type\":\"ImageObject\",\"inLanguage\":\"en-US\",\"@id\":\"https:\\\/\\\/www.protect-the-planet.de\\\/en\\\/raus-aus-der-kohle-und-nicht-rein-ins-erdgas\\\/#primaryimage\",\"url\":\"https:\\\/\\\/www.protect-the-planet.de\\\/wp-content\\\/uploads\\\/2021\\\/04\\\/2021_04_22-Raschke-Sauerwein-Mecke-RadS-GasExit-200x118-1.png\",\"contentUrl\":\"https:\\\/\\\/www.protect-the-planet.de\\\/wp-content\\\/uploads\\\/2021\\\/04\\\/2021_04_22-Raschke-Sauerwein-Mecke-RadS-GasExit-200x118-1.png\",\"width\":200,\"height\":118,\"caption\":\"21\\\/04\\\/22 Vortrag RadS und NriE\"},{\"@type\":\"BreadcrumbList\",\"@id\":\"https:\\\/\\\/www.protect-the-planet.de\\\/en\\\/raus-aus-der-kohle-und-nicht-rein-ins-erdgas\\\/#breadcrumb\",\"itemListElement\":[{\"@type\":\"ListItem\",\"position\":1,\"name\":\"Startseite\",\"item\":\"https:\\\/\\\/www.protect-the-planet.de\\\/en\\\/home\\\/\"},{\"@type\":\"ListItem\",\"position\":2,\"name\":\"Raus aus der Kohle und Nicht rein ins Erdgas\"}]},{\"@type\":\"WebSite\",\"@id\":\"https:\\\/\\\/www.protect-the-planet.de\\\/en\\\/#website\",\"url\":\"https:\\\/\\\/www.protect-the-planet.de\\\/en\\\/\",\"name\":\"Protect the Planet\",\"description\":\"If we don&#039;t change, the climate will.\",\"publisher\":{\"@id\":\"https:\\\/\\\/www.protect-the-planet.de\\\/en\\\/#organization\"},\"alternateName\":\"Protect the Panet gGmbH\",\"potentialAction\":[{\"@type\":\"SearchAction\",\"target\":{\"@type\":\"EntryPoint\",\"urlTemplate\":\"https:\\\/\\\/www.protect-the-planet.de\\\/en\\\/?s={search_term_string}\"},\"query-input\":{\"@type\":\"PropertyValueSpecification\",\"valueRequired\":true,\"valueName\":\"search_term_string\"}}],\"inLanguage\":\"en-US\"},{\"@type\":\"Organization\",\"@id\":\"https:\\\/\\\/www.protect-the-planet.de\\\/en\\\/#organization\",\"name\":\"Protect the Planet\",\"url\":\"https:\\\/\\\/www.protect-the-planet.de\\\/en\\\/\",\"logo\":{\"@type\":\"ImageObject\",\"inLanguage\":\"en-US\",\"@id\":\"https:\\\/\\\/www.protect-the-planet.de\\\/en\\\/#\\\/schema\\\/logo\\\/image\\\/\",\"url\":\"https:\\\/\\\/www.protect-the-planet.de\\\/wp-content\\\/uploads\\\/2023\\\/09\\\/LOGO-positiv_transparent-klein.png\",\"contentUrl\":\"https:\\\/\\\/www.protect-the-planet.de\\\/wp-content\\\/uploads\\\/2023\\\/09\\\/LOGO-positiv_transparent-klein.png\",\"width\":123,\"height\":68,\"caption\":\"Protect the Planet\"},\"image\":{\"@id\":\"https:\\\/\\\/www.protect-the-planet.de\\\/en\\\/#\\\/schema\\\/logo\\\/image\\\/\"},\"sameAs\":[\"https:\\\/\\\/www.facebook.com\\\/protecttheplanetDE\\\/\",\"https:\\\/\\\/x.com\\\/PtP_de\",\"https:\\\/\\\/www.instagram.com\\\/protecttheplanetorg\\\/\",\"https:\\\/\\\/www.linkedin.com\\\/company\\\/protect-the-planet\",\"https:\\\/\\\/www.youtube.com\\\/@protecttheplanet\"]},{\"@type\":\"Person\",\"@id\":\"https:\\\/\\\/www.protect-the-planet.de\\\/en\\\/#\\\/schema\\\/person\\\/c5f68fff219fefde61da571621343455\",\"name\":\"Marlene Schorr\",\"image\":{\"@type\":\"ImageObject\",\"inLanguage\":\"en-US\",\"@id\":\"https:\\\/\\\/secure.gravatar.com\\\/avatar\\\/78d101b05e6da18a98f007d6ad5f076a6c8fc0dcc2e943f6e304d20caf0c1806?s=96&d=mm&r=g\",\"url\":\"https:\\\/\\\/secure.gravatar.com\\\/avatar\\\/78d101b05e6da18a98f007d6ad5f076a6c8fc0dcc2e943f6e304d20caf0c1806?s=96&d=mm&r=g\",\"contentUrl\":\"https:\\\/\\\/secure.gravatar.com\\\/avatar\\\/78d101b05e6da18a98f007d6ad5f076a6c8fc0dcc2e943f6e304d20caf0c1806?s=96&d=mm&r=g\",\"caption\":\"Marlene Schorr\"},\"url\":\"https:\\\/\\\/www.protect-the-planet.de\\\/en\\\/author\\\/marlene-schorr\\\/\"}]}<\/script>\n<!-- \/ Yoast SEO plugin. -->","yoast_head_json":{"title":"Raus aus der Kohle und Nicht rein ins Erdgas - Protect the Planet","description":"ausf\u00fcllen","robots":{"index":"index","follow":"follow","max-snippet":"max-snippet:-1","max-image-preview":"max-image-preview:large","max-video-preview":"max-video-preview:-1"},"canonical":"https:\/\/www.protect-the-planet.de\/en\/raus-aus-der-kohle-und-nicht-rein-ins-erdgas\/","og_locale":"en_US","og_type":"article","og_title":"Raus aus der Kohle und Nicht rein ins Erdgas - Protect the Planet","og_description":"ausf\u00fcllen","og_url":"https:\/\/www.protect-the-planet.de\/en\/raus-aus-der-kohle-und-nicht-rein-ins-erdgas\/","og_site_name":"Protect the Planet","article_publisher":"https:\/\/www.facebook.com\/protecttheplanetDE\/","article_published_time":"2021-04-22T17:00:00+00:00","article_modified_time":"2026-02-12T10:42:49+00:00","og_image":[{"width":200,"height":118,"url":"https:\/\/www.protect-the-planet.de\/wp-content\/uploads\/2021\/04\/2021_04_22-Raschke-Sauerwein-Mecke-RadS-GasExit-200x118-1.png","type":"image\/png"}],"author":"Marlene Schorr","twitter_card":"summary_large_image","twitter_creator":"@PtP_de","twitter_site":"@PtP_de","twitter_misc":{"Written by":"Marlene Schorr","Est. reading time":"1 minute"},"schema":{"@context":"https:\/\/schema.org","@graph":[{"@type":"Article","@id":"https:\/\/www.protect-the-planet.de\/en\/raus-aus-der-kohle-und-nicht-rein-ins-erdgas\/#article","isPartOf":{"@id":"https:\/\/www.protect-the-planet.de\/en\/raus-aus-der-kohle-und-nicht-rein-ins-erdgas\/"},"author":{"name":"Marlene Schorr","@id":"https:\/\/www.protect-the-planet.de\/en\/#\/schema\/person\/c5f68fff219fefde61da571621343455"},"headline":"Raus aus der Kohle und Nicht rein ins Erdgas","datePublished":"2021-04-22T17:00:00+00:00","dateModified":"2026-02-12T10:42:49+00:00","mainEntityOfPage":{"@id":"https:\/\/www.protect-the-planet.de\/en\/raus-aus-der-kohle-und-nicht-rein-ins-erdgas\/"},"wordCount":412,"publisher":{"@id":"https:\/\/www.protect-the-planet.de\/en\/#organization"},"image":{"@id":"https:\/\/www.protect-the-planet.de\/en\/raus-aus-der-kohle-und-nicht-rein-ins-erdgas\/#primaryimage"},"thumbnailUrl":"https:\/\/www.protect-the-planet.de\/wp-content\/uploads\/2021\/04\/2021_04_22-Raschke-Sauerwein-Mecke-RadS-GasExit-200x118-1.png","keywords":["Erdgas","M\u00fcnchen","Raus aus der Steinkohle","Vortrag"],"articleSection":["Energie, Heizen, Bauen","Event archive","M\u00fcnchen &amp; Lokales"],"inLanguage":"en-US"},{"@type":"WebPage","@id":"https:\/\/www.protect-the-planet.de\/en\/raus-aus-der-kohle-und-nicht-rein-ins-erdgas\/","url":"https:\/\/www.protect-the-planet.de\/en\/raus-aus-der-kohle-und-nicht-rein-ins-erdgas\/","name":"Raus aus der Kohle und Nicht rein ins Erdgas - Protect the Planet","isPartOf":{"@id":"https:\/\/www.protect-the-planet.de\/en\/#website"},"primaryImageOfPage":{"@id":"https:\/\/www.protect-the-planet.de\/en\/raus-aus-der-kohle-und-nicht-rein-ins-erdgas\/#primaryimage"},"image":{"@id":"https:\/\/www.protect-the-planet.de\/en\/raus-aus-der-kohle-und-nicht-rein-ins-erdgas\/#primaryimage"},"thumbnailUrl":"https:\/\/www.protect-the-planet.de\/wp-content\/uploads\/2021\/04\/2021_04_22-Raschke-Sauerwein-Mecke-RadS-GasExit-200x118-1.png","datePublished":"2021-04-22T17:00:00+00:00","dateModified":"2026-02-12T10:42:49+00:00","description":"ausf\u00fcllen","breadcrumb":{"@id":"https:\/\/www.protect-the-planet.de\/en\/raus-aus-der-kohle-und-nicht-rein-ins-erdgas\/#breadcrumb"},"inLanguage":"en-US","potentialAction":[{"@type":"ReadAction","target":["https:\/\/www.protect-the-planet.de\/en\/raus-aus-der-kohle-und-nicht-rein-ins-erdgas\/"]}]},{"@type":"ImageObject","inLanguage":"en-US","@id":"https:\/\/www.protect-the-planet.de\/en\/raus-aus-der-kohle-und-nicht-rein-ins-erdgas\/#primaryimage","url":"https:\/\/www.protect-the-planet.de\/wp-content\/uploads\/2021\/04\/2021_04_22-Raschke-Sauerwein-Mecke-RadS-GasExit-200x118-1.png","contentUrl":"https:\/\/www.protect-the-planet.de\/wp-content\/uploads\/2021\/04\/2021_04_22-Raschke-Sauerwein-Mecke-RadS-GasExit-200x118-1.png","width":200,"height":118,"caption":"21\/04\/22 Vortrag RadS und NriE"},{"@type":"BreadcrumbList","@id":"https:\/\/www.protect-the-planet.de\/en\/raus-aus-der-kohle-und-nicht-rein-ins-erdgas\/#breadcrumb","itemListElement":[{"@type":"ListItem","position":1,"name":"Startseite","item":"https:\/\/www.protect-the-planet.de\/en\/home\/"},{"@type":"ListItem","position":2,"name":"Raus aus der Kohle und Nicht rein ins Erdgas"}]},{"@type":"WebSite","@id":"https:\/\/www.protect-the-planet.de\/en\/#website","url":"https:\/\/www.protect-the-planet.de\/en\/","name":"Protect the Planet","description":"If we don&#039;t change, the climate will.","publisher":{"@id":"https:\/\/www.protect-the-planet.de\/en\/#organization"},"alternateName":"Protect the Panet gGmbH","potentialAction":[{"@type":"SearchAction","target":{"@type":"EntryPoint","urlTemplate":"https:\/\/www.protect-the-planet.de\/en\/?s={search_term_string}"},"query-input":{"@type":"PropertyValueSpecification","valueRequired":true,"valueName":"search_term_string"}}],"inLanguage":"en-US"},{"@type":"Organization","@id":"https:\/\/www.protect-the-planet.de\/en\/#organization","name":"Protect the Planet","url":"https:\/\/www.protect-the-planet.de\/en\/","logo":{"@type":"ImageObject","inLanguage":"en-US","@id":"https:\/\/www.protect-the-planet.de\/en\/#\/schema\/logo\/image\/","url":"https:\/\/www.protect-the-planet.de\/wp-content\/uploads\/2023\/09\/LOGO-positiv_transparent-klein.png","contentUrl":"https:\/\/www.protect-the-planet.de\/wp-content\/uploads\/2023\/09\/LOGO-positiv_transparent-klein.png","width":123,"height":68,"caption":"Protect the Planet"},"image":{"@id":"https:\/\/www.protect-the-planet.de\/en\/#\/schema\/logo\/image\/"},"sameAs":["https:\/\/www.facebook.com\/protecttheplanetDE\/","https:\/\/x.com\/PtP_de","https:\/\/www.instagram.com\/protecttheplanetorg\/","https:\/\/www.linkedin.com\/company\/protect-the-planet","https:\/\/www.youtube.com\/@protecttheplanet"]},{"@type":"Person","@id":"https:\/\/www.protect-the-planet.de\/en\/#\/schema\/person\/c5f68fff219fefde61da571621343455","name":"Marlene Schorr","image":{"@type":"ImageObject","inLanguage":"en-US","@id":"https:\/\/secure.gravatar.com\/avatar\/78d101b05e6da18a98f007d6ad5f076a6c8fc0dcc2e943f6e304d20caf0c1806?s=96&d=mm&r=g","url":"https:\/\/secure.gravatar.com\/avatar\/78d101b05e6da18a98f007d6ad5f076a6c8fc0dcc2e943f6e304d20caf0c1806?s=96&d=mm&r=g","contentUrl":"https:\/\/secure.gravatar.com\/avatar\/78d101b05e6da18a98f007d6ad5f076a6c8fc0dcc2e943f6e304d20caf0c1806?s=96&d=mm&r=g","caption":"Marlene Schorr"},"url":"https:\/\/www.protect-the-planet.de\/en\/author\/marlene-schorr\/"}]}},"_links":{"self":[{"href":"https:\/\/www.protect-the-planet.de\/en\/wp-json\/wp\/v2\/posts\/34235","targetHints":{"allow":["GET"]}}],"collection":[{"href":"https:\/\/www.protect-the-planet.de\/en\/wp-json\/wp\/v2\/posts"}],"about":[{"href":"https:\/\/www.protect-the-planet.de\/en\/wp-json\/wp\/v2\/types\/post"}],"author":[{"embeddable":true,"href":"https:\/\/www.protect-the-planet.de\/en\/wp-json\/wp\/v2\/users\/10"}],"replies":[{"embeddable":true,"href":"https:\/\/www.protect-the-planet.de\/en\/wp-json\/wp\/v2\/comments?post=34235"}],"version-history":[{"count":3,"href":"https:\/\/www.protect-the-planet.de\/en\/wp-json\/wp\/v2\/posts\/34235\/revisions"}],"predecessor-version":[{"id":34522,"href":"https:\/\/www.protect-the-planet.de\/en\/wp-json\/wp\/v2\/posts\/34235\/revisions\/34522"}],"wp:featuredmedia":[{"embeddable":true,"href":"https:\/\/www.protect-the-planet.de\/en\/wp-json\/wp\/v2\/media\/21935"}],"wp:attachment":[{"href":"https:\/\/www.protect-the-planet.de\/en\/wp-json\/wp\/v2\/media?parent=34235"}],"wp:term":[{"taxonomy":"category","embeddable":true,"href":"https:\/\/www.protect-the-planet.de\/en\/wp-json\/wp\/v2\/categories?post=34235"},{"taxonomy":"post_tag","embeddable":true,"href":"https:\/\/www.protect-the-planet.de\/en\/wp-json\/wp\/v2\/tags?post=34235"}],"curies":[{"name":"wp","href":"https:\/\/api.w.org\/{rel}","templated":true}]}}