{"id":34203,"date":"2021-06-29T19:00:00","date_gmt":"2021-06-29T17:00:00","guid":{"rendered":"https:\/\/www.protect-the-planet.de\/?p=34203"},"modified":"2026-02-12T11:45:47","modified_gmt":"2026-02-12T10:45:47","slug":"2021-06-29-george-engelhaupt-klimaneutralitaet-bei-invest-und-geld","status":"publish","type":"post","link":"https:\/\/www.protect-the-planet.de\/en\/2021-06-29-george-engelhaupt-klimaneutralitaet-bei-invest-und-geld\/","title":{"rendered":"Klimaneutralit\u00e4t bei Invest und Geld"},"content":{"rendered":"\n<p class=\"has-text-align-center\"><strong>In der Veranstaltungsreihe <strong>\u201eKlimanotstand jetzt!\u201c <\/strong><\/strong><\/p>\n\n\n\n<h2 class=\"wp-block-heading has-text-align-center\"><strong>Katja George<\/strong><\/h2>\n\n\n\n<p class=\"has-text-align-center\">350. org, Berlin<\/p>\n\n\n\n<p class=\"has-text-align-center\">und<\/p>\n\n\n\n<h2 class=\"wp-block-heading has-text-align-center\"><strong><strong>Johannes Engelhaupt<\/strong><\/strong><\/h2>\n\n\n\n<p class=\"has-text-align-center\"> Fossil Free, M\u00fcnchen<\/p>\n\n\n\n<div style=\"height:30px\" aria-hidden=\"true\" class=\"wp-block-spacer\"><\/div>\n\n\n\n<hr class=\"wp-block-separator has-alpha-channel-opacity\"\/>\n\n\n\n<div style=\"height:30px\" aria-hidden=\"true\" class=\"wp-block-spacer\"><\/div>\n\n\n\n<p class=\"has-text-align-center\"><a href=\"https:\/\/www.protect-the-planet.de\/wp-content\/uploads\/2023\/10\/2021_06_29-Einladungstext-Divest.pdf\" target=\"_blank\" rel=\"noreferrer noopener\"><strong>Event-Info PDF | Dr. Helmut Paschlau<\/strong><\/a><\/p>\n\n\n\n <div class=\"brlbs-cmpnt-container brlbs-cmpnt-content-blocker brlbs-cmpnt-with-individual-styles\" data-borlabs-cookie-content-blocker-id=\"youtube-content-blocker\" data-borlabs-cookie-content=\"PGlmcmFtZSB3aWR0aD0iNTYwIiBoZWlnaHQ9IjMxNSIgc3JjPSJodHRwczovL3d3dy55b3V0dWJlLW5vY29va2llLmNvbS9lbWJlZC9sTWJybnRvb3F4ND9zaT03bVZucVZLMXJyc2dLaE1IIiB0aXRsZT0iWW91VHViZSB2aWRlbyBwbGF5ZXIiIGZyYW1lYm9yZGVyPSIwIiBhbGxvdz0iYWNjZWxlcm9tZXRlcjsgYXV0b3BsYXk7IGNsaXBib2FyZC13cml0ZTsgZW5jcnlwdGVkLW1lZGlhOyBneXJvc2NvcGU7IHBpY3R1cmUtaW4tcGljdHVyZTsgd2ViLXNoYXJlIiByZWZlcnJlcnBvbGljeT0ic3RyaWN0LW9yaWdpbi13aGVuLWNyb3NzLW9yaWdpbiIgYWxsb3dmdWxsc2NyZWVuPjwvaWZyYW1lPg==\"><div class=\"brlbs-cmpnt-cb-preset-c brlbs-cmpnt-cb-youtube\"> <div class=\"brlbs-cmpnt-cb-thumbnail\" style=\"background-image: url('https:\/\/www.protect-the-planet.de\/wp-content\/uploads\/borlabs-cookie\/1\/yt_lMbrntooqx4_hqdefault.jpg')\"><\/div> <div class=\"brlbs-cmpnt-cb-main\"> <div class=\"brlbs-cmpnt-cb-play-button\"><\/div> <div class=\"brlbs-cmpnt-cb-content\"> <p class=\"brlbs-cmpnt-cb-description\">You are currently viewing a placeholder content from <strong>YouTube<\/strong>. To access the actual content, click the button below. Please note that doing so will share data with third-party providers.<\/p> <a class=\"brlbs-cmpnt-cb-provider-toggle\" href=\"#\" data-borlabs-cookie-show-provider-information role=\"button\">More Information<\/a> <\/div> <div class=\"brlbs-cmpnt-cb-buttons\"> <a class=\"brlbs-cmpnt-cb-btn\" href=\"#\" data-borlabs-cookie-unblock role=\"button\">Unblock content<\/a> <a class=\"brlbs-cmpnt-cb-btn\" href=\"#\" data-borlabs-cookie-accept-service role=\"button\" style=\"display: inherit\">Accept required service and unblock content<\/a> <\/div> <\/div> <\/div><\/div>\n\n\n\n<p class=\"has-text-align-center\"><br><strong><a href=\"https:\/\/www.protect-the-planet.de\/wp-content\/uploads\/2023\/10\/2021_06_29-Vortrag-Katja-George-Die-Divestmentbewegung.pdf\" target=\"_blank\" rel=\"noreferrer noopener\">Vortragsfolien PDF | Katja George<\/a><\/strong><\/p>\n\n\n\n<p class=\"has-text-align-center\"><strong><a href=\"https:\/\/www.protect-the-planet.de\/wp-content\/uploads\/2023\/10\/2021_06_29-Johannes-Engelhaupt-Divestment.pdf\" target=\"_blank\" rel=\"noreferrer noopener\">Vortragsfolien PDF | Johannes Engelhaupt<\/a><\/strong><\/p>\n\n\n\n<div style=\"height:30px\" aria-hidden=\"true\" class=\"wp-block-spacer\"><\/div>\n\n\n\n<p>Im internationalen Klimavertrag \u201eParis\u201c, 2015, haben die Staaten der Welt das Ziel vereinbart, dass die Erderhitzung nicht \u00fcber +1,5<sup>o<\/sup>C gegen\u00fcber vorindustriellen Zeiten steigen solle. Dazu sind global \u2013 aber auch in M\u00fcnchen \u2013 erhebliche Anstrengungen von N\u00f6ten.<\/p>\n\n\n\n<p>Die internationale Divest-Bewegung hat l\u00e4ngst Staaten, Universit\u00e4ten, St\u00e4dte ergriffen \u2013 sie alle reduzieren ihre CO<sub>2<\/sub>-Emissionen erheblich. Doch was tut M\u00fcnchen? Investiert in gr\u00f6\u00dftm\u00f6gliche CO<sub>2<\/sub>-Schleudern, etwa bei der Erd\u00f6l-\/Erdgas-F\u00f6rderung in der Nordsee oder ein neues Erdgas-Gro\u00dfkraftwerk im HKW Nord \u2013 zusammen sind das 85% des ganz M\u00fcnchen noch zur Verf\u00fcgung stehenden \u201eCO<sub>2<\/sub>-Budgets\u201c. Und beim Geld? Jetzt wird eine neue \u201eNachhaltigkeitsanleihe\u201c der Stadt aufgelegt \u2013 ohne Zweckbindung f\u00fcr Nachhaltigkeits- oder Klima-Projekte, ohne Klimaneutralit\u00e4tspr\u00fcfung, f\u00fcr institutionelle Gro\u00dfanleger. Nichts anderes als zus\u00e4tzliches Geld f\u00fcr den allgemeinen st\u00e4dtischen Haushalt \u2013 klassisches \u201eGreenwashing\u201c also.<\/p>\n\n\n\n<div style=\"height:24px\" aria-hidden=\"true\" class=\"wp-block-spacer\"><\/div>\n\n\n\n<h3 class=\"wp-block-heading\"><strong>Zum Weiterlesen:<\/strong><\/h3>\n\n\n\n<ul class=\"wp-block-list\">\n<li><a href=\"https:\/\/de.wikipedia.org\/wiki\/Divestment_%28fossile_Energien%29\">Divestment (Wikipedia)<\/a><\/li>\n\n\n\n<li><a href=\"https:\/\/www.spiegel.de\/wirtschaft\/unternehmen\/allianz-versichert-keine-kohlekraftwerke-mehr-a-1206149.html\">Spiegel Artikel: Kohlekraftwerker nicht mehr versichert<\/a><\/li>\n\n\n\n<li><a href=\"https:\/\/350.org\/de\/\">350.org<\/a><\/li>\n\n\n\n<li><a href=\"https:\/\/www.youtube.com\/watch?v=G9e5R1VcTck\">Fossil Free Deutschland<\/a><\/li>\n\n\n\n<li><a href=\"https:\/\/fossilfreemunich.wixsite.com\/home\">Fossil Free M\u00fcnchen<\/a><\/li>\n<\/ul>\n\n\n\n<div style=\"height:30px\" aria-hidden=\"true\" class=\"wp-block-spacer\"><\/div>\n\n\n\n<hr class=\"wp-block-separator has-alpha-channel-opacity\"\/>\n\n\n\n<div style=\"height:30px\" aria-hidden=\"true\" class=\"wp-block-spacer\"><\/div>\n\n\n\n<p class=\"has-text-align-center\"><strong>Die Veranstalter<\/strong>:<\/p>\n\n\n\n<p class=\"has-text-align-center\"><a href=\"https:\/\/twitter.com\/ptp_de\/\">Protect the Planet<\/a>, <a href=\"https:\/\/twitter.com\/munichdivest?lang=de\">Fossil Free M\u00fcnchen<\/a>, <a href=\"https:\/\/twitter.com\/fff_muc\">Fridays for Future M\u00fcnchen<\/a>, <a href=\"https:\/\/twitter.com\/stu4future_muc\">Students4Future M\u00fcnchen,<\/a> <a href=\"https:\/\/twitter.com\/Parents4futureM\">Parents4Future M\u00fcnchen<\/a>, <a href=\"http:\/\/bn-muenchen.de\/\">Bund Naturschutz in Bayern Kreisgruppe M\u00fcnchen, <\/a><a href=\"http:\/\/www.raus-aus-der-steinkohle.de\">Raus-aus-der-Steinkohle M\u00fcnchen,<\/a> <a href=\"http:\/\/forum-csr.net\/\">forum Nachhaltig Wirtschaften<\/a><\/p>\n\n\n\n<p><br><\/p>\n","protected":false},"excerpt":{"rendered":"<p>Katja George (350 org., Berlin) und Johannes Engelhaupt (Fossil Free M\u00fcnchen) <\/p>\n","protected":false},"author":10,"featured_media":21915,"comment_status":"closed","ping_status":"closed","sticky":false,"template":"","format":"standard","meta":{"footnotes":""},"categories":[1509,1545,1637],"tags":[1247,733,1746,710,753,702,703],"class_list":["post-34203","post","type-post","status-publish","format-standard","has-post-thumbnail","hentry","category-event-archive","category-gesellschaft-wirtschaft-politik-2-en","category-muenchen-llokales-en","tag-geld-und-wirtschaft-en","tag-klimakrise-en","tag-klimaneutral-investieren-en","tag-klimaschutz-en","tag-muenchen-en","tag-vortrag-en","tag-vortragsreihe-en"],"yoast_head":"<!-- This site is optimized with the Yoast SEO plugin v27.5 - https:\/\/yoast.com\/product\/yoast-seo-wordpress\/ -->\n<title>Klimaneutralit\u00e4t bei Invest und Geld - Protect the Planet<\/title>\n<meta name=\"description\" content=\"Vortrag von Katja George (350 org.) und Johannes Engelhaupt (Fossil Free M\u00fcnchen) zum Thema &quot;Klimaneutralit\u00e4t bei Invest und Geld&quot;\" \/>\n<meta name=\"robots\" content=\"index, follow, max-snippet:-1, max-image-preview:large, max-video-preview:-1\" \/>\n<link rel=\"canonical\" href=\"https:\/\/www.protect-the-planet.de\/en\/2021-06-29-george-engelhaupt-klimaneutralitaet-bei-invest-und-geld\/\" \/>\n<meta property=\"og:locale\" content=\"en_US\" \/>\n<meta property=\"og:type\" content=\"article\" \/>\n<meta property=\"og:title\" content=\"Klimaneutralit\u00e4t bei Invest und Geld - Protect the Planet\" \/>\n<meta property=\"og:description\" content=\"Vortrag von Katja George (350 org.) und Johannes Engelhaupt (Fossil Free M\u00fcnchen) zum Thema &quot;Klimaneutralit\u00e4t bei Invest und Geld&quot;\" \/>\n<meta property=\"og:url\" content=\"https:\/\/www.protect-the-planet.de\/en\/2021-06-29-george-engelhaupt-klimaneutralitaet-bei-invest-und-geld\/\" \/>\n<meta property=\"og:site_name\" content=\"Protect the Planet\" \/>\n<meta property=\"article:publisher\" content=\"https:\/\/www.facebook.com\/protecttheplanetDE\/\" \/>\n<meta property=\"article:published_time\" content=\"2021-06-29T17:00:00+00:00\" \/>\n<meta property=\"article:modified_time\" content=\"2026-02-12T10:45:47+00:00\" \/>\n<meta property=\"og:image\" content=\"https:\/\/www.protect-the-planet.de\/wp-content\/uploads\/2021\/05\/2021_06_29-Englhaupt-und-George-Divestment.png\" \/>\n\t<meta property=\"og:image:width\" content=\"1848\" \/>\n\t<meta property=\"og:image:height\" content=\"1188\" \/>\n\t<meta property=\"og:image:type\" content=\"image\/png\" \/>\n<meta name=\"author\" content=\"Marlene Schorr\" \/>\n<meta name=\"twitter:card\" content=\"summary_large_image\" \/>\n<meta name=\"twitter:creator\" content=\"@PtP_de\" \/>\n<meta name=\"twitter:site\" content=\"@PtP_de\" \/>\n<meta name=\"twitter:label1\" content=\"Written by\" \/>\n\t<meta name=\"twitter:data1\" content=\"Marlene Schorr\" \/>\n\t<meta name=\"twitter:label2\" content=\"Est. reading time\" \/>\n\t<meta name=\"twitter:data2\" content=\"2 minutes\" \/>\n<script type=\"application\/ld+json\" class=\"yoast-schema-graph\">{\"@context\":\"https:\\\/\\\/schema.org\",\"@graph\":[{\"@type\":\"Article\",\"@id\":\"https:\\\/\\\/www.protect-the-planet.de\\\/en\\\/2021-06-29-george-engelhaupt-klimaneutralitaet-bei-invest-und-geld\\\/#article\",\"isPartOf\":{\"@id\":\"https:\\\/\\\/www.protect-the-planet.de\\\/en\\\/2021-06-29-george-engelhaupt-klimaneutralitaet-bei-invest-und-geld\\\/\"},\"author\":{\"name\":\"Marlene Schorr\",\"@id\":\"https:\\\/\\\/www.protect-the-planet.de\\\/en\\\/#\\\/schema\\\/person\\\/c5f68fff219fefde61da571621343455\"},\"headline\":\"Klimaneutralit\u00e4t bei Invest und Geld\",\"datePublished\":\"2021-06-29T17:00:00+00:00\",\"dateModified\":\"2026-02-12T10:45:47+00:00\",\"mainEntityOfPage\":{\"@id\":\"https:\\\/\\\/www.protect-the-planet.de\\\/en\\\/2021-06-29-george-engelhaupt-klimaneutralitaet-bei-invest-und-geld\\\/\"},\"wordCount\":231,\"publisher\":{\"@id\":\"https:\\\/\\\/www.protect-the-planet.de\\\/en\\\/#organization\"},\"image\":{\"@id\":\"https:\\\/\\\/www.protect-the-planet.de\\\/en\\\/2021-06-29-george-engelhaupt-klimaneutralitaet-bei-invest-und-geld\\\/#primaryimage\"},\"thumbnailUrl\":\"https:\\\/\\\/www.protect-the-planet.de\\\/wp-content\\\/uploads\\\/2021\\\/05\\\/2021_06_29-Englhaupt-und-George-Divestment.png\",\"keywords\":[\"Geld und Wirtschaft\",\"Klimakrise\",\"Klimaneutral investieren\",\"Klimaschutz\",\"M\u00fcnchen\",\"Vortrag\",\"Vortragsreihe\"],\"articleSection\":[\"Event archive\",\"Gesellschaft, Wirtschaft, Politik\",\"M\u00fcnchen &amp; Lokales\"],\"inLanguage\":\"en-US\"},{\"@type\":\"WebPage\",\"@id\":\"https:\\\/\\\/www.protect-the-planet.de\\\/en\\\/2021-06-29-george-engelhaupt-klimaneutralitaet-bei-invest-und-geld\\\/\",\"url\":\"https:\\\/\\\/www.protect-the-planet.de\\\/en\\\/2021-06-29-george-engelhaupt-klimaneutralitaet-bei-invest-und-geld\\\/\",\"name\":\"Klimaneutralit\u00e4t bei Invest und Geld - Protect the Planet\",\"isPartOf\":{\"@id\":\"https:\\\/\\\/www.protect-the-planet.de\\\/en\\\/#website\"},\"primaryImageOfPage\":{\"@id\":\"https:\\\/\\\/www.protect-the-planet.de\\\/en\\\/2021-06-29-george-engelhaupt-klimaneutralitaet-bei-invest-und-geld\\\/#primaryimage\"},\"image\":{\"@id\":\"https:\\\/\\\/www.protect-the-planet.de\\\/en\\\/2021-06-29-george-engelhaupt-klimaneutralitaet-bei-invest-und-geld\\\/#primaryimage\"},\"thumbnailUrl\":\"https:\\\/\\\/www.protect-the-planet.de\\\/wp-content\\\/uploads\\\/2021\\\/05\\\/2021_06_29-Englhaupt-und-George-Divestment.png\",\"datePublished\":\"2021-06-29T17:00:00+00:00\",\"dateModified\":\"2026-02-12T10:45:47+00:00\",\"description\":\"Vortrag von Katja George (350 org.) und Johannes Engelhaupt (Fossil Free M\u00fcnchen) zum Thema \\\"Klimaneutralit\u00e4t bei Invest und Geld\\\"\",\"breadcrumb\":{\"@id\":\"https:\\\/\\\/www.protect-the-planet.de\\\/en\\\/2021-06-29-george-engelhaupt-klimaneutralitaet-bei-invest-und-geld\\\/#breadcrumb\"},\"inLanguage\":\"en-US\",\"potentialAction\":[{\"@type\":\"ReadAction\",\"target\":[\"https:\\\/\\\/www.protect-the-planet.de\\\/en\\\/2021-06-29-george-engelhaupt-klimaneutralitaet-bei-invest-und-geld\\\/\"]}]},{\"@type\":\"ImageObject\",\"inLanguage\":\"en-US\",\"@id\":\"https:\\\/\\\/www.protect-the-planet.de\\\/en\\\/2021-06-29-george-engelhaupt-klimaneutralitaet-bei-invest-und-geld\\\/#primaryimage\",\"url\":\"https:\\\/\\\/www.protect-the-planet.de\\\/wp-content\\\/uploads\\\/2021\\\/05\\\/2021_06_29-Englhaupt-und-George-Divestment.png\",\"contentUrl\":\"https:\\\/\\\/www.protect-the-planet.de\\\/wp-content\\\/uploads\\\/2021\\\/05\\\/2021_06_29-Englhaupt-und-George-Divestment.png\",\"width\":1848,\"height\":1188,\"caption\":\"2021\\\/06\\\/29 Vortrag Klimaneutralit\u00e4t auch bei Invest und Geld?!\"},{\"@type\":\"BreadcrumbList\",\"@id\":\"https:\\\/\\\/www.protect-the-planet.de\\\/en\\\/2021-06-29-george-engelhaupt-klimaneutralitaet-bei-invest-und-geld\\\/#breadcrumb\",\"itemListElement\":[{\"@type\":\"ListItem\",\"position\":1,\"name\":\"Startseite\",\"item\":\"https:\\\/\\\/www.protect-the-planet.de\\\/en\\\/home\\\/\"},{\"@type\":\"ListItem\",\"position\":2,\"name\":\"Klimaneutralit\u00e4t bei Invest und Geld\"}]},{\"@type\":\"WebSite\",\"@id\":\"https:\\\/\\\/www.protect-the-planet.de\\\/en\\\/#website\",\"url\":\"https:\\\/\\\/www.protect-the-planet.de\\\/en\\\/\",\"name\":\"Protect the Planet\",\"description\":\"If we don&#039;t change, the climate will.\",\"publisher\":{\"@id\":\"https:\\\/\\\/www.protect-the-planet.de\\\/en\\\/#organization\"},\"alternateName\":\"Protect the Panet gGmbH\",\"potentialAction\":[{\"@type\":\"SearchAction\",\"target\":{\"@type\":\"EntryPoint\",\"urlTemplate\":\"https:\\\/\\\/www.protect-the-planet.de\\\/en\\\/?s={search_term_string}\"},\"query-input\":{\"@type\":\"PropertyValueSpecification\",\"valueRequired\":true,\"valueName\":\"search_term_string\"}}],\"inLanguage\":\"en-US\"},{\"@type\":\"Organization\",\"@id\":\"https:\\\/\\\/www.protect-the-planet.de\\\/en\\\/#organization\",\"name\":\"Protect the Planet\",\"url\":\"https:\\\/\\\/www.protect-the-planet.de\\\/en\\\/\",\"logo\":{\"@type\":\"ImageObject\",\"inLanguage\":\"en-US\",\"@id\":\"https:\\\/\\\/www.protect-the-planet.de\\\/en\\\/#\\\/schema\\\/logo\\\/image\\\/\",\"url\":\"https:\\\/\\\/www.protect-the-planet.de\\\/wp-content\\\/uploads\\\/2023\\\/09\\\/LOGO-positiv_transparent-klein.png\",\"contentUrl\":\"https:\\\/\\\/www.protect-the-planet.de\\\/wp-content\\\/uploads\\\/2023\\\/09\\\/LOGO-positiv_transparent-klein.png\",\"width\":123,\"height\":68,\"caption\":\"Protect the Planet\"},\"image\":{\"@id\":\"https:\\\/\\\/www.protect-the-planet.de\\\/en\\\/#\\\/schema\\\/logo\\\/image\\\/\"},\"sameAs\":[\"https:\\\/\\\/www.facebook.com\\\/protecttheplanetDE\\\/\",\"https:\\\/\\\/x.com\\\/PtP_de\",\"https:\\\/\\\/www.instagram.com\\\/protecttheplanetorg\\\/\",\"https:\\\/\\\/www.linkedin.com\\\/company\\\/protect-the-planet\",\"https:\\\/\\\/www.youtube.com\\\/@protecttheplanet\"]},{\"@type\":\"Person\",\"@id\":\"https:\\\/\\\/www.protect-the-planet.de\\\/en\\\/#\\\/schema\\\/person\\\/c5f68fff219fefde61da571621343455\",\"name\":\"Marlene Schorr\",\"image\":{\"@type\":\"ImageObject\",\"inLanguage\":\"en-US\",\"@id\":\"https:\\\/\\\/secure.gravatar.com\\\/avatar\\\/78d101b05e6da18a98f007d6ad5f076a6c8fc0dcc2e943f6e304d20caf0c1806?s=96&d=mm&r=g\",\"url\":\"https:\\\/\\\/secure.gravatar.com\\\/avatar\\\/78d101b05e6da18a98f007d6ad5f076a6c8fc0dcc2e943f6e304d20caf0c1806?s=96&d=mm&r=g\",\"contentUrl\":\"https:\\\/\\\/secure.gravatar.com\\\/avatar\\\/78d101b05e6da18a98f007d6ad5f076a6c8fc0dcc2e943f6e304d20caf0c1806?s=96&d=mm&r=g\",\"caption\":\"Marlene Schorr\"},\"url\":\"https:\\\/\\\/www.protect-the-planet.de\\\/en\\\/author\\\/marlene-schorr\\\/\"}]}<\/script>\n<!-- \/ Yoast SEO plugin. -->","yoast_head_json":{"title":"Klimaneutralit\u00e4t bei Invest und Geld - Protect the Planet","description":"Vortrag von Katja George (350 org.) und Johannes Engelhaupt (Fossil Free M\u00fcnchen) zum Thema \"Klimaneutralit\u00e4t bei Invest und Geld\"","robots":{"index":"index","follow":"follow","max-snippet":"max-snippet:-1","max-image-preview":"max-image-preview:large","max-video-preview":"max-video-preview:-1"},"canonical":"https:\/\/www.protect-the-planet.de\/en\/2021-06-29-george-engelhaupt-klimaneutralitaet-bei-invest-und-geld\/","og_locale":"en_US","og_type":"article","og_title":"Klimaneutralit\u00e4t bei Invest und Geld - Protect the Planet","og_description":"Vortrag von Katja George (350 org.) und Johannes Engelhaupt (Fossil Free M\u00fcnchen) zum Thema \"Klimaneutralit\u00e4t bei Invest und Geld\"","og_url":"https:\/\/www.protect-the-planet.de\/en\/2021-06-29-george-engelhaupt-klimaneutralitaet-bei-invest-und-geld\/","og_site_name":"Protect the Planet","article_publisher":"https:\/\/www.facebook.com\/protecttheplanetDE\/","article_published_time":"2021-06-29T17:00:00+00:00","article_modified_time":"2026-02-12T10:45:47+00:00","og_image":[{"width":1848,"height":1188,"url":"https:\/\/www.protect-the-planet.de\/wp-content\/uploads\/2021\/05\/2021_06_29-Englhaupt-und-George-Divestment.png","type":"image\/png"}],"author":"Marlene Schorr","twitter_card":"summary_large_image","twitter_creator":"@PtP_de","twitter_site":"@PtP_de","twitter_misc":{"Written by":"Marlene Schorr","Est. reading time":"2 minutes"},"schema":{"@context":"https:\/\/schema.org","@graph":[{"@type":"Article","@id":"https:\/\/www.protect-the-planet.de\/en\/2021-06-29-george-engelhaupt-klimaneutralitaet-bei-invest-und-geld\/#article","isPartOf":{"@id":"https:\/\/www.protect-the-planet.de\/en\/2021-06-29-george-engelhaupt-klimaneutralitaet-bei-invest-und-geld\/"},"author":{"name":"Marlene Schorr","@id":"https:\/\/www.protect-the-planet.de\/en\/#\/schema\/person\/c5f68fff219fefde61da571621343455"},"headline":"Klimaneutralit\u00e4t bei Invest und Geld","datePublished":"2021-06-29T17:00:00+00:00","dateModified":"2026-02-12T10:45:47+00:00","mainEntityOfPage":{"@id":"https:\/\/www.protect-the-planet.de\/en\/2021-06-29-george-engelhaupt-klimaneutralitaet-bei-invest-und-geld\/"},"wordCount":231,"publisher":{"@id":"https:\/\/www.protect-the-planet.de\/en\/#organization"},"image":{"@id":"https:\/\/www.protect-the-planet.de\/en\/2021-06-29-george-engelhaupt-klimaneutralitaet-bei-invest-und-geld\/#primaryimage"},"thumbnailUrl":"https:\/\/www.protect-the-planet.de\/wp-content\/uploads\/2021\/05\/2021_06_29-Englhaupt-und-George-Divestment.png","keywords":["Geld und Wirtschaft","Klimakrise","Klimaneutral investieren","Klimaschutz","M\u00fcnchen","Vortrag","Vortragsreihe"],"articleSection":["Event archive","Gesellschaft, Wirtschaft, Politik","M\u00fcnchen &amp; Lokales"],"inLanguage":"en-US"},{"@type":"WebPage","@id":"https:\/\/www.protect-the-planet.de\/en\/2021-06-29-george-engelhaupt-klimaneutralitaet-bei-invest-und-geld\/","url":"https:\/\/www.protect-the-planet.de\/en\/2021-06-29-george-engelhaupt-klimaneutralitaet-bei-invest-und-geld\/","name":"Klimaneutralit\u00e4t bei Invest und Geld - Protect the Planet","isPartOf":{"@id":"https:\/\/www.protect-the-planet.de\/en\/#website"},"primaryImageOfPage":{"@id":"https:\/\/www.protect-the-planet.de\/en\/2021-06-29-george-engelhaupt-klimaneutralitaet-bei-invest-und-geld\/#primaryimage"},"image":{"@id":"https:\/\/www.protect-the-planet.de\/en\/2021-06-29-george-engelhaupt-klimaneutralitaet-bei-invest-und-geld\/#primaryimage"},"thumbnailUrl":"https:\/\/www.protect-the-planet.de\/wp-content\/uploads\/2021\/05\/2021_06_29-Englhaupt-und-George-Divestment.png","datePublished":"2021-06-29T17:00:00+00:00","dateModified":"2026-02-12T10:45:47+00:00","description":"Vortrag von Katja George (350 org.) und Johannes Engelhaupt (Fossil Free M\u00fcnchen) zum Thema \"Klimaneutralit\u00e4t bei Invest und Geld\"","breadcrumb":{"@id":"https:\/\/www.protect-the-planet.de\/en\/2021-06-29-george-engelhaupt-klimaneutralitaet-bei-invest-und-geld\/#breadcrumb"},"inLanguage":"en-US","potentialAction":[{"@type":"ReadAction","target":["https:\/\/www.protect-the-planet.de\/en\/2021-06-29-george-engelhaupt-klimaneutralitaet-bei-invest-und-geld\/"]}]},{"@type":"ImageObject","inLanguage":"en-US","@id":"https:\/\/www.protect-the-planet.de\/en\/2021-06-29-george-engelhaupt-klimaneutralitaet-bei-invest-und-geld\/#primaryimage","url":"https:\/\/www.protect-the-planet.de\/wp-content\/uploads\/2021\/05\/2021_06_29-Englhaupt-und-George-Divestment.png","contentUrl":"https:\/\/www.protect-the-planet.de\/wp-content\/uploads\/2021\/05\/2021_06_29-Englhaupt-und-George-Divestment.png","width":1848,"height":1188,"caption":"2021\/06\/29 Vortrag Klimaneutralit\u00e4t auch bei Invest und Geld?!"},{"@type":"BreadcrumbList","@id":"https:\/\/www.protect-the-planet.de\/en\/2021-06-29-george-engelhaupt-klimaneutralitaet-bei-invest-und-geld\/#breadcrumb","itemListElement":[{"@type":"ListItem","position":1,"name":"Startseite","item":"https:\/\/www.protect-the-planet.de\/en\/home\/"},{"@type":"ListItem","position":2,"name":"Klimaneutralit\u00e4t bei Invest und Geld"}]},{"@type":"WebSite","@id":"https:\/\/www.protect-the-planet.de\/en\/#website","url":"https:\/\/www.protect-the-planet.de\/en\/","name":"Protect the Planet","description":"If we don&#039;t change, the climate will.","publisher":{"@id":"https:\/\/www.protect-the-planet.de\/en\/#organization"},"alternateName":"Protect the Panet gGmbH","potentialAction":[{"@type":"SearchAction","target":{"@type":"EntryPoint","urlTemplate":"https:\/\/www.protect-the-planet.de\/en\/?s={search_term_string}"},"query-input":{"@type":"PropertyValueSpecification","valueRequired":true,"valueName":"search_term_string"}}],"inLanguage":"en-US"},{"@type":"Organization","@id":"https:\/\/www.protect-the-planet.de\/en\/#organization","name":"Protect the Planet","url":"https:\/\/www.protect-the-planet.de\/en\/","logo":{"@type":"ImageObject","inLanguage":"en-US","@id":"https:\/\/www.protect-the-planet.de\/en\/#\/schema\/logo\/image\/","url":"https:\/\/www.protect-the-planet.de\/wp-content\/uploads\/2023\/09\/LOGO-positiv_transparent-klein.png","contentUrl":"https:\/\/www.protect-the-planet.de\/wp-content\/uploads\/2023\/09\/LOGO-positiv_transparent-klein.png","width":123,"height":68,"caption":"Protect the Planet"},"image":{"@id":"https:\/\/www.protect-the-planet.de\/en\/#\/schema\/logo\/image\/"},"sameAs":["https:\/\/www.facebook.com\/protecttheplanetDE\/","https:\/\/x.com\/PtP_de","https:\/\/www.instagram.com\/protecttheplanetorg\/","https:\/\/www.linkedin.com\/company\/protect-the-planet","https:\/\/www.youtube.com\/@protecttheplanet"]},{"@type":"Person","@id":"https:\/\/www.protect-the-planet.de\/en\/#\/schema\/person\/c5f68fff219fefde61da571621343455","name":"Marlene Schorr","image":{"@type":"ImageObject","inLanguage":"en-US","@id":"https:\/\/secure.gravatar.com\/avatar\/78d101b05e6da18a98f007d6ad5f076a6c8fc0dcc2e943f6e304d20caf0c1806?s=96&d=mm&r=g","url":"https:\/\/secure.gravatar.com\/avatar\/78d101b05e6da18a98f007d6ad5f076a6c8fc0dcc2e943f6e304d20caf0c1806?s=96&d=mm&r=g","contentUrl":"https:\/\/secure.gravatar.com\/avatar\/78d101b05e6da18a98f007d6ad5f076a6c8fc0dcc2e943f6e304d20caf0c1806?s=96&d=mm&r=g","caption":"Marlene Schorr"},"url":"https:\/\/www.protect-the-planet.de\/en\/author\/marlene-schorr\/"}]}},"_links":{"self":[{"href":"https:\/\/www.protect-the-planet.de\/en\/wp-json\/wp\/v2\/posts\/34203","targetHints":{"allow":["GET"]}}],"collection":[{"href":"https:\/\/www.protect-the-planet.de\/en\/wp-json\/wp\/v2\/posts"}],"about":[{"href":"https:\/\/www.protect-the-planet.de\/en\/wp-json\/wp\/v2\/types\/post"}],"author":[{"embeddable":true,"href":"https:\/\/www.protect-the-planet.de\/en\/wp-json\/wp\/v2\/users\/10"}],"replies":[{"embeddable":true,"href":"https:\/\/www.protect-the-planet.de\/en\/wp-json\/wp\/v2\/comments?post=34203"}],"version-history":[{"count":4,"href":"https:\/\/www.protect-the-planet.de\/en\/wp-json\/wp\/v2\/posts\/34203\/revisions"}],"predecessor-version":[{"id":34525,"href":"https:\/\/www.protect-the-planet.de\/en\/wp-json\/wp\/v2\/posts\/34203\/revisions\/34525"}],"wp:featuredmedia":[{"embeddable":true,"href":"https:\/\/www.protect-the-planet.de\/en\/wp-json\/wp\/v2\/media\/21915"}],"wp:attachment":[{"href":"https:\/\/www.protect-the-planet.de\/en\/wp-json\/wp\/v2\/media?parent=34203"}],"wp:term":[{"taxonomy":"category","embeddable":true,"href":"https:\/\/www.protect-the-planet.de\/en\/wp-json\/wp\/v2\/categories?post=34203"},{"taxonomy":"post_tag","embeddable":true,"href":"https:\/\/www.protect-the-planet.de\/en\/wp-json\/wp\/v2\/tags?post=34203"}],"curies":[{"name":"wp","href":"https:\/\/api.w.org\/{rel}","templated":true}]}}