{"id":33820,"date":"2022-03-30T19:00:00","date_gmt":"2022-03-30T17:00:00","guid":{"rendered":"https:\/\/www.protect-the-planet.de\/?p=33820"},"modified":"2026-02-11T14:24:58","modified_gmt":"2026-02-11T13:24:58","slug":"2022-03-30-bluehdorn-wohlfahrtskapitalismus","status":"publish","type":"post","link":"https:\/\/www.protect-the-planet.de\/en\/2022-03-30-bluehdorn-wohlfahrtskapitalismus\/","title":{"rendered":"Eingerichtet im Wohlfahrtskapitalismus? &#8211; Stolpersteine auf dem Weg zu mehr Nachhaltigkeit"},"content":{"rendered":"\n<p class=\"has-text-align-center\"><strong>In unserer Reihe <\/strong><\/p>\n\n\n\n<p class=\"has-text-align-center\">&#8220;Nachhaltigkeit_Sozial-\u00f6kologische Transformation&#8221;:<\/p>\n\n\n\n<h2 class=\"wp-block-heading has-text-align-center\">Prof. Dr. Ingolfur Bl\u00fchdorn<\/h2>\n\n\n\n<p class=\"has-text-align-center\">Wirtschaftsuniversit\u00e4t Wien,<br>Institut f\u00fcr Gesellschaftswandel und Nachhaltigkeit (IGN)<\/p>\n\n\n\n<p class=\"has-text-align-center\"><\/p>\n\n\n\n<div style=\"height:30px\" aria-hidden=\"true\" class=\"wp-block-spacer\"><\/div>\n\n\n\n<hr class=\"wp-block-separator has-alpha-channel-opacity\"\/>\n\n\n\n<div style=\"height:30px\" aria-hidden=\"true\" class=\"wp-block-spacer\"><\/div>\n\n\n\n<p class=\"has-text-align-center\"><a href=\"https:\/\/www.protect-the-planet.de\/wp-content\/uploads\/2023\/10\/2022_03_30-Bluehdorn-Einladungstext.pdf\" target=\"_blank\" rel=\"noreferrer noopener\"><strong>Event-Info | Dr. Helmut Paschlau<\/strong><\/a><\/p>\n\n\n\n<p> <div class=\"brlbs-cmpnt-container brlbs-cmpnt-content-blocker brlbs-cmpnt-with-individual-styles\" data-borlabs-cookie-content-blocker-id=\"youtube-content-blocker\" data-borlabs-cookie-content=\"PGlmcmFtZSB3aWR0aD0iNTYwIiBoZWlnaHQ9IjMxNSIgc3JjPSJodHRwczovL3d3dy55b3V0dWJlLW5vY29va2llLmNvbS9lbWJlZC9hUTlVZ2thMGZEUT9zaT1mWGwtakk4YjJ1dWFCS1M4IiB0aXRsZT0iWW91VHViZSB2aWRlbyBwbGF5ZXIiIGZyYW1lYm9yZGVyPSIwIiBhbGxvdz0iYWNjZWxlcm9tZXRlcjsgYXV0b3BsYXk7IGNsaXBib2FyZC13cml0ZTsgZW5jcnlwdGVkLW1lZGlhOyBneXJvc2NvcGU7IHBpY3R1cmUtaW4tcGljdHVyZTsgd2ViLXNoYXJlIiByZWZlcnJlcnBvbGljeT0ic3RyaWN0LW9yaWdpbi13aGVuLWNyb3NzLW9yaWdpbiIgYWxsb3dmdWxsc2NyZWVuPSIiPjwvaWZyYW1lPg==\"><div class=\"brlbs-cmpnt-cb-preset-c brlbs-cmpnt-cb-youtube\"> <div class=\"brlbs-cmpnt-cb-thumbnail\" style=\"background-image: url('https:\/\/www.protect-the-planet.de\/wp-content\/uploads\/borlabs-cookie\/1\/yt_aQ9Ugka0fDQ_hqdefault.jpg')\"><\/div> <div class=\"brlbs-cmpnt-cb-main\"> <div class=\"brlbs-cmpnt-cb-play-button\"><\/div> <div class=\"brlbs-cmpnt-cb-content\"> <p class=\"brlbs-cmpnt-cb-description\">You are currently viewing a placeholder content from <strong>YouTube<\/strong>. To access the actual content, click the button below. Please note that doing so will share data with third-party providers.<\/p> <a class=\"brlbs-cmpnt-cb-provider-toggle\" href=\"#\" data-borlabs-cookie-show-provider-information role=\"button\">More Information<\/a> <\/div> <div class=\"brlbs-cmpnt-cb-buttons\"> <a class=\"brlbs-cmpnt-cb-btn\" href=\"#\" data-borlabs-cookie-unblock role=\"button\">Unblock content<\/a> <a class=\"brlbs-cmpnt-cb-btn\" href=\"#\" data-borlabs-cookie-accept-service role=\"button\" style=\"display: inherit\">Accept required service and unblock content<\/a> <\/div> <\/div> <\/div><\/div><\/p>\n\n\n\n<p><\/p>\n\n\n\n<p class=\"has-text-align-center\"><a href=\"https:\/\/www.protect-the-planet.de\/wp-content\/uploads\/2023\/10\/Bluehdorn-Eingerichtet-im-Wohlfahrtskapitalismus-Stolpersteine-auf-dem-Weg-zu-mehr-Nachhaltigkeit.pdf\" target=\"_blank\" rel=\"noreferrer noopener\"><strong>Vortragsfolien PDF | Prof. Dr. Ingolfur Bl\u00fchdorn<\/strong><\/a><\/p>\n\n\n\n<div style=\"height:30px\" aria-hidden=\"true\" class=\"wp-block-spacer\"><\/div>\n\n\n\n<p class=\"has-text-align-left\"><strong>Keine Nachhaltigkeit, keine Transformation \u2013 kein gutes Leben f\u00fcr alle?<\/strong><br>Auch wenn die&nbsp;<strong>Dringlichkeit einer sozial-\u00f6kologischen Transformation<\/strong>&nbsp;hin zu (mehr) Nachhaltigkeit l\u00e4ngst von nahezu allen Seiten anerkannt ist:&nbsp;<strong>Moderne westliche Gesellschaften verteidigen ihren exklusiven Wohlstand<\/strong>&nbsp;und ihren (mehrere Globen verbrauchenden) Lebensstil entschiedener denn je. Daf\u00fcr sind&nbsp;<strong>Unterbezahlung, Ausbeutung und Ungleichheit<\/strong>&nbsp;\u2013 hier und im globalen S\u00fcden \u2013 unverzichtbar, ebenso wie die Globalisierung der M\u00e4rkte, die ausbeuterische internationale Arbeitsteilung, die Entsolidarisierung. Dass die \u201e<strong>planetaren Grenzen<\/strong>\u201c l\u00e4ngst erreicht, teilweise \u00fcberschritten, sind, wissen wir seit Jahrzehnten; dass die menschengemachte Klimakrise f\u00fcr viele unmittelbar die&nbsp;<strong>Lebensgrundlagen bedroht<\/strong>, auch.<\/p>\n\n\n\n<p>Trotzdem gelingt es offenbar nicht, die<strong>&nbsp;sozial und \u00f6kologisch zerst\u00f6rerische Politik der Nicht-Nachhaltigkeit<\/strong>&nbsp;zu \u00fcberwinden. Nicht nur die<br>Konjunktur des Rechtspopulismus signalisiert, wie sehr das \u201eprotestantisch-b\u00fcrgerlich-\u00f6kologische Vernunfts-Projekt\u201c vergangener Jahrzehnte br\u00fcchig geworden ist. Gerade in Zeiten zunehmender Unsicherheiten und verbreiteter Orientierungslosigkeit zeigen sich verfestigte&nbsp;<strong>Gesellschafts- strukturen, Machtverh\u00e4ltnisse und Wertepr\u00e4ferenzen<\/strong>: \u201eKlimaneutralit\u00e4t und Umweltschutz\u201c, aber ja doch, und selbstverst\u00e4ndlich \u2013 aber bitte nur solange \u201eWachstum\u201c, Wohlstand und Lebensstil nicht gef\u00e4hrdet sind.<\/p>\n\n\n\n<p>Letztlich gilt es, diese&nbsp;<strong>Politik der nachhaltigen Nicht-Nachhaltigkeit<\/strong>&nbsp;zu&nbsp;<strong>durchbrechen<\/strong>&nbsp;und die M\u00f6glichkeiten der Re-Politisierung zugunsten eines \u201eguten Lebens f\u00fcr alle\u201c auszusch\u00f6pfen.<\/p>\n\n\n\n<p>Doch&nbsp;<strong>moralisierende Aufrufe zur \u201ekollektiven Selbstbegrenzung\u201c<\/strong>&nbsp;und Appelle, dass \u201ewir nun aber endlich gemeinsam den Kampf f\u00fcr unser aller Zukunft in die Hand nehmen\u201c m\u00fcssten, sind strukturell ungeeignet, wirklich transformativ zu werden. Um das zu verstehen, m\u00fcssen wir genauer hinschauen, brauchen wir eine Soziologie der Nicht-Nachhaltigkeit. Die wiederum l\u00f6st mitunter Abwehrreaktionen aus. Nicht verwunderlich, denn sie bedeutet erhebliche Zumutungen. Wenn aber die dringlich erforderliche sozial- \u00f6kologische Transformation \u00fcberhaupt gelingen soll, ist ein solch genaueres Hinschauen eine unverzichtbare Voraussetzung.<\/p>\n\n\n\n<p><strong>Zum Weiterlesen:<\/strong><\/p>\n\n\n\n<ul class=\"wp-block-list\">\n<li><a href=\"https:\/\/de.wikipedia.org\/wiki\/Ziele_f%C3%BCr_nachhaltige_Entwicklung\">Ziele nachhaltiger Entwicklung<\/a>, Vereinte Nationen 2015:<\/li>\n\n\n\n<li>Bl\u00fchdorn, Ingolfur (Hrsg.); \u201eNachhaltige Nicht-Nachhaltigkeit. Warum die \u00f6kologische Transformation der Gesellschaft nicht stattfindet\u201c; 2020<\/li>\n\n\n\n<li>Bl\u00fchdorn, Ingolfur; \u201eSimulative Demokratie &#8211; Neue Politik nach der postdemokratischen Wende\u201c; 2013<\/li>\n\n\n\n<li>Was ist\u00a0<a href=\"https:\/\/de.wikipedia.org\/wiki\/Nachhaltigkeit\">Nachhaltigkeit<\/a>?<\/li>\n<\/ul>\n\n\n\n<div style=\"height:30px\" aria-hidden=\"true\" class=\"wp-block-spacer\"><\/div>\n\n\n\n<div style=\"height:30px\" aria-hidden=\"true\" class=\"wp-block-spacer\"><\/div>\n\n\n\n<hr class=\"wp-block-separator has-alpha-channel-opacity\"\/>\n\n\n\n<div style=\"height:30px\" aria-hidden=\"true\" class=\"wp-block-spacer\"><\/div>\n\n\n\n<p class=\"has-text-align-center\"><strong>Die Veranstalter<\/strong>:<\/p>\n\n\n\n<p class=\"has-text-align-center\"><a href=\"https:\/\/twitter.com\/ptp_de\/\">Protect the Planet<\/a><\/p>\n\n\n\n<p class=\"has-text-align-center\">und Partnerorganisationen:\u00a0<a href=\"https:\/\/twitter.com\/fff_muc\">Fridays for Future M\u00fcnchen<\/a><a href=\"https:\/\/www.mvhs.de\/\">,\u00a0<\/a><a href=\"https:\/\/twitter.com\/stu4future_muc\">Students4Future M\u00fcnchen,<\/a>\u00a0<a href=\"https:\/\/twitter.com\/Parents4futureM\">Parents4Future M\u00fcnchen<\/a><a href=\"https:\/\/www.mvhs.de\/\">,\u00a0<\/a><a href=\"http:\/\/bn-muenchen.de\/\">Bund Naturschutz in Bayern e.V. Kreisgruppe M\u00fcnchen<\/a><a href=\"https:\/\/www.mvhs.de\/\">,\u00a0<\/a><a href=\"http:\/\/forum-csr.net\/\">forum Nachhaltig Wirtschaften<\/a><a href=\"https:\/\/www.mvhs.de\/\">,\u00a0<\/a><a href=\"https:\/\/www.greencity.de\/verein\/\">Greencity \u2013 der Verein<\/a><a href=\"https:\/\/www.mvhs.de\/\">,\u00a0<\/a><a href=\"https:\/\/www.m-i-n.net\/\">M\u00fcnchner Initiative Nachhaltigkeit,<\/a><a href=\"https:\/\/twitter.com\/Kohleausstieg_M\">\u00a0Raus-aus-der-Steinkohle M\u00fcnchen<\/a><a href=\"https:\/\/www.mvhs.de\/\">,\u00a0<\/a><a href=\"https:\/\/fossilfreemunich.wixsite.com\/home\">Fossil Free M\u00fcnchen<\/a><a href=\"https:\/\/www.mvhs.de\/\">,\u00a0<\/a><a href=\"https:\/\/muenchen.scientists4future.org\/\">Scientists4Future M\u00fcnchen<\/a><a href=\"https:\/\/www.mvhs.de\/\">,\u00a0<\/a><a href=\"https:\/\/oekom-verein.de\/\">oekom e.V.,\u00a0<\/a><a href=\"https:\/\/www.google.com\/url?sa=t&amp;rct=j&amp;q=&amp;esrc=s&amp;source=web&amp;cd=&amp;cad=rja&amp;uact=8&amp;ved=2ahUKEwjqx_6r6_nzAhX3_rsIHYs5AYIQFnoECAQQAQ&amp;url=https%3A%2F%2Fwww.raus-aus-der-steinkohle.de%2Fwer-macht-mit%2F&amp;usg=AOvVaw3EF0W38zwWPTRrBslQu3WM\">Netzwerk Saubere Energie M\u00fcnchen<\/a><\/p>\n\n\n\n<div style=\"height:30px\" aria-hidden=\"true\" class=\"wp-block-spacer\"><\/div>\n\n\n\n<p><\/p>\n","protected":false},"excerpt":{"rendered":"<p>Prof. Dr. Ingolfur Bl\u00fchdorn, (Wirtschaftsuniversit\u00e4t Wien,<br \/>\nInstitut f\u00fcr Gesellschaftswandel und Nachhaltigkeit (IGN))<\/p>\n","protected":false},"author":10,"featured_media":21904,"comment_status":"closed","ping_status":"closed","sticky":false,"template":"","format":"standard","meta":{"footnotes":""},"categories":[1509,1545],"tags":[1715,921,1716,1717,973,1201,702,1718],"class_list":["post-33820","post","type-post","status-publish","format-standard","has-post-thumbnail","hentry","category-event-archive","category-gesellschaft-wirtschaft-politik-2-en","tag-kapitalismus-en","tag-nachhaltigkeit-en","tag-raschke-en","tag-sustainability-en","tag-transformation-en","tag-veranstaltung-en","tag-vortrag-en","tag-wirtschaftsuniversitaet-wien-en"],"yoast_head":"<!-- This site is optimized with the Yoast SEO plugin v27.5 - https:\/\/yoast.com\/product\/yoast-seo-wordpress\/ -->\n<title>Eingerichtet im Wohlfahrtskapitalismus? - Stolpersteine auf dem Weg zu mehr Nachhaltigkeit - Protect the Planet<\/title>\n<meta name=\"description\" content=\"Am 30. M\u00e4rz 2022 diskutierte Prof. Dr. Ingolfur Bl\u00fchdorn, wie nachhaltige Transformation wirklich gelingen kann.\" \/>\n<meta name=\"robots\" content=\"index, follow, max-snippet:-1, max-image-preview:large, max-video-preview:-1\" \/>\n<link rel=\"canonical\" href=\"https:\/\/www.protect-the-planet.de\/en\/2022-03-30-bluehdorn-wohlfahrtskapitalismus\/\" \/>\n<meta property=\"og:locale\" content=\"en_US\" \/>\n<meta property=\"og:type\" content=\"article\" \/>\n<meta property=\"og:title\" content=\"Eingerichtet im Wohlfahrtskapitalismus? - Stolpersteine auf dem Weg zu mehr Nachhaltigkeit - Protect the Planet\" \/>\n<meta property=\"og:description\" content=\"Am 30. M\u00e4rz 2022 diskutierte Prof. Dr. Ingolfur Bl\u00fchdorn, wie nachhaltige Transformation wirklich gelingen kann.\" \/>\n<meta property=\"og:url\" content=\"https:\/\/www.protect-the-planet.de\/en\/2022-03-30-bluehdorn-wohlfahrtskapitalismus\/\" \/>\n<meta property=\"og:site_name\" content=\"Protect the Planet\" \/>\n<meta property=\"article:publisher\" content=\"https:\/\/www.facebook.com\/protecttheplanetDE\/\" \/>\n<meta property=\"article:published_time\" content=\"2022-03-30T17:00:00+00:00\" \/>\n<meta property=\"article:modified_time\" content=\"2026-02-11T13:24:58+00:00\" \/>\n<meta property=\"og:image\" content=\"https:\/\/www.protect-the-planet.de\/wp-content\/uploads\/2022\/02\/2022_03_30-Bluehdorn.png\" \/>\n\t<meta property=\"og:image:width\" content=\"1600\" \/>\n\t<meta property=\"og:image:height\" content=\"900\" \/>\n\t<meta property=\"og:image:type\" content=\"image\/png\" \/>\n<meta name=\"author\" content=\"Marlene Schorr\" \/>\n<meta name=\"twitter:card\" content=\"summary_large_image\" \/>\n<meta name=\"twitter:creator\" content=\"@PtP_de\" \/>\n<meta name=\"twitter:site\" content=\"@PtP_de\" \/>\n<meta name=\"twitter:label1\" content=\"Written by\" \/>\n\t<meta name=\"twitter:data1\" content=\"Marlene Schorr\" \/>\n\t<meta name=\"twitter:label2\" content=\"Est. reading time\" \/>\n\t<meta name=\"twitter:data2\" content=\"3 minutes\" \/>\n<script type=\"application\/ld+json\" class=\"yoast-schema-graph\">{\"@context\":\"https:\\\/\\\/schema.org\",\"@graph\":[{\"@type\":\"Article\",\"@id\":\"https:\\\/\\\/www.protect-the-planet.de\\\/en\\\/2022-03-30-bluehdorn-wohlfahrtskapitalismus\\\/#article\",\"isPartOf\":{\"@id\":\"https:\\\/\\\/www.protect-the-planet.de\\\/en\\\/2022-03-30-bluehdorn-wohlfahrtskapitalismus\\\/\"},\"author\":{\"name\":\"Marlene Schorr\",\"@id\":\"https:\\\/\\\/www.protect-the-planet.de\\\/en\\\/#\\\/schema\\\/person\\\/c5f68fff219fefde61da571621343455\"},\"headline\":\"Eingerichtet im Wohlfahrtskapitalismus? &#8211; Stolpersteine auf dem Weg zu mehr Nachhaltigkeit\",\"datePublished\":\"2022-03-30T17:00:00+00:00\",\"dateModified\":\"2026-02-11T13:24:58+00:00\",\"mainEntityOfPage\":{\"@id\":\"https:\\\/\\\/www.protect-the-planet.de\\\/en\\\/2022-03-30-bluehdorn-wohlfahrtskapitalismus\\\/\"},\"wordCount\":435,\"publisher\":{\"@id\":\"https:\\\/\\\/www.protect-the-planet.de\\\/en\\\/#organization\"},\"image\":{\"@id\":\"https:\\\/\\\/www.protect-the-planet.de\\\/en\\\/2022-03-30-bluehdorn-wohlfahrtskapitalismus\\\/#primaryimage\"},\"thumbnailUrl\":\"https:\\\/\\\/www.protect-the-planet.de\\\/wp-content\\\/uploads\\\/2022\\\/02\\\/2022_03_30-Bluehdorn.png\",\"keywords\":[\"Kapitalismus\",\"Nachhaltigkeit\",\"Raschke\",\"Sustainability\",\"Transformation\",\"veranstaltung\",\"Vortrag\",\"Wirtschaftsuniversit\u00e4t Wien\"],\"articleSection\":[\"Event archive\",\"Gesellschaft, Wirtschaft, Politik\"],\"inLanguage\":\"en-US\"},{\"@type\":\"WebPage\",\"@id\":\"https:\\\/\\\/www.protect-the-planet.de\\\/en\\\/2022-03-30-bluehdorn-wohlfahrtskapitalismus\\\/\",\"url\":\"https:\\\/\\\/www.protect-the-planet.de\\\/en\\\/2022-03-30-bluehdorn-wohlfahrtskapitalismus\\\/\",\"name\":\"Eingerichtet im Wohlfahrtskapitalismus? - Stolpersteine auf dem Weg zu mehr Nachhaltigkeit - Protect the Planet\",\"isPartOf\":{\"@id\":\"https:\\\/\\\/www.protect-the-planet.de\\\/en\\\/#website\"},\"primaryImageOfPage\":{\"@id\":\"https:\\\/\\\/www.protect-the-planet.de\\\/en\\\/2022-03-30-bluehdorn-wohlfahrtskapitalismus\\\/#primaryimage\"},\"image\":{\"@id\":\"https:\\\/\\\/www.protect-the-planet.de\\\/en\\\/2022-03-30-bluehdorn-wohlfahrtskapitalismus\\\/#primaryimage\"},\"thumbnailUrl\":\"https:\\\/\\\/www.protect-the-planet.de\\\/wp-content\\\/uploads\\\/2022\\\/02\\\/2022_03_30-Bluehdorn.png\",\"datePublished\":\"2022-03-30T17:00:00+00:00\",\"dateModified\":\"2026-02-11T13:24:58+00:00\",\"description\":\"Am 30. M\u00e4rz 2022 diskutierte Prof. Dr. Ingolfur Bl\u00fchdorn, wie nachhaltige Transformation wirklich gelingen kann.\",\"breadcrumb\":{\"@id\":\"https:\\\/\\\/www.protect-the-planet.de\\\/en\\\/2022-03-30-bluehdorn-wohlfahrtskapitalismus\\\/#breadcrumb\"},\"inLanguage\":\"en-US\",\"potentialAction\":[{\"@type\":\"ReadAction\",\"target\":[\"https:\\\/\\\/www.protect-the-planet.de\\\/en\\\/2022-03-30-bluehdorn-wohlfahrtskapitalismus\\\/\"]}]},{\"@type\":\"ImageObject\",\"inLanguage\":\"en-US\",\"@id\":\"https:\\\/\\\/www.protect-the-planet.de\\\/en\\\/2022-03-30-bluehdorn-wohlfahrtskapitalismus\\\/#primaryimage\",\"url\":\"https:\\\/\\\/www.protect-the-planet.de\\\/wp-content\\\/uploads\\\/2022\\\/02\\\/2022_03_30-Bluehdorn.png\",\"contentUrl\":\"https:\\\/\\\/www.protect-the-planet.de\\\/wp-content\\\/uploads\\\/2022\\\/02\\\/2022_03_30-Bluehdorn.png\",\"width\":1600,\"height\":900,\"caption\":\"22\\\/03\\\/30 Vortrag Wohlfahrtskapitalismus\"},{\"@type\":\"BreadcrumbList\",\"@id\":\"https:\\\/\\\/www.protect-the-planet.de\\\/en\\\/2022-03-30-bluehdorn-wohlfahrtskapitalismus\\\/#breadcrumb\",\"itemListElement\":[{\"@type\":\"ListItem\",\"position\":1,\"name\":\"Startseite\",\"item\":\"https:\\\/\\\/www.protect-the-planet.de\\\/en\\\/home\\\/\"},{\"@type\":\"ListItem\",\"position\":2,\"name\":\"Eingerichtet im Wohlfahrtskapitalismus? &#8211; Stolpersteine auf dem Weg zu mehr Nachhaltigkeit\"}]},{\"@type\":\"WebSite\",\"@id\":\"https:\\\/\\\/www.protect-the-planet.de\\\/en\\\/#website\",\"url\":\"https:\\\/\\\/www.protect-the-planet.de\\\/en\\\/\",\"name\":\"Protect the Planet\",\"description\":\"If we don&#039;t change, the climate will.\",\"publisher\":{\"@id\":\"https:\\\/\\\/www.protect-the-planet.de\\\/en\\\/#organization\"},\"alternateName\":\"Protect the Panet gGmbH\",\"potentialAction\":[{\"@type\":\"SearchAction\",\"target\":{\"@type\":\"EntryPoint\",\"urlTemplate\":\"https:\\\/\\\/www.protect-the-planet.de\\\/en\\\/?s={search_term_string}\"},\"query-input\":{\"@type\":\"PropertyValueSpecification\",\"valueRequired\":true,\"valueName\":\"search_term_string\"}}],\"inLanguage\":\"en-US\"},{\"@type\":\"Organization\",\"@id\":\"https:\\\/\\\/www.protect-the-planet.de\\\/en\\\/#organization\",\"name\":\"Protect the Planet\",\"url\":\"https:\\\/\\\/www.protect-the-planet.de\\\/en\\\/\",\"logo\":{\"@type\":\"ImageObject\",\"inLanguage\":\"en-US\",\"@id\":\"https:\\\/\\\/www.protect-the-planet.de\\\/en\\\/#\\\/schema\\\/logo\\\/image\\\/\",\"url\":\"https:\\\/\\\/www.protect-the-planet.de\\\/wp-content\\\/uploads\\\/2023\\\/09\\\/LOGO-positiv_transparent-klein.png\",\"contentUrl\":\"https:\\\/\\\/www.protect-the-planet.de\\\/wp-content\\\/uploads\\\/2023\\\/09\\\/LOGO-positiv_transparent-klein.png\",\"width\":123,\"height\":68,\"caption\":\"Protect the Planet\"},\"image\":{\"@id\":\"https:\\\/\\\/www.protect-the-planet.de\\\/en\\\/#\\\/schema\\\/logo\\\/image\\\/\"},\"sameAs\":[\"https:\\\/\\\/www.facebook.com\\\/protecttheplanetDE\\\/\",\"https:\\\/\\\/x.com\\\/PtP_de\",\"https:\\\/\\\/www.instagram.com\\\/protecttheplanetorg\\\/\",\"https:\\\/\\\/www.linkedin.com\\\/company\\\/protect-the-planet\",\"https:\\\/\\\/www.youtube.com\\\/@protecttheplanet\"]},{\"@type\":\"Person\",\"@id\":\"https:\\\/\\\/www.protect-the-planet.de\\\/en\\\/#\\\/schema\\\/person\\\/c5f68fff219fefde61da571621343455\",\"name\":\"Marlene Schorr\",\"image\":{\"@type\":\"ImageObject\",\"inLanguage\":\"en-US\",\"@id\":\"https:\\\/\\\/secure.gravatar.com\\\/avatar\\\/78d101b05e6da18a98f007d6ad5f076a6c8fc0dcc2e943f6e304d20caf0c1806?s=96&d=mm&r=g\",\"url\":\"https:\\\/\\\/secure.gravatar.com\\\/avatar\\\/78d101b05e6da18a98f007d6ad5f076a6c8fc0dcc2e943f6e304d20caf0c1806?s=96&d=mm&r=g\",\"contentUrl\":\"https:\\\/\\\/secure.gravatar.com\\\/avatar\\\/78d101b05e6da18a98f007d6ad5f076a6c8fc0dcc2e943f6e304d20caf0c1806?s=96&d=mm&r=g\",\"caption\":\"Marlene Schorr\"},\"url\":\"https:\\\/\\\/www.protect-the-planet.de\\\/en\\\/author\\\/marlene-schorr\\\/\"}]}<\/script>\n<!-- \/ Yoast SEO plugin. -->","yoast_head_json":{"title":"Eingerichtet im Wohlfahrtskapitalismus? - Stolpersteine auf dem Weg zu mehr Nachhaltigkeit - Protect the Planet","description":"Am 30. M\u00e4rz 2022 diskutierte Prof. Dr. Ingolfur Bl\u00fchdorn, wie nachhaltige Transformation wirklich gelingen kann.","robots":{"index":"index","follow":"follow","max-snippet":"max-snippet:-1","max-image-preview":"max-image-preview:large","max-video-preview":"max-video-preview:-1"},"canonical":"https:\/\/www.protect-the-planet.de\/en\/2022-03-30-bluehdorn-wohlfahrtskapitalismus\/","og_locale":"en_US","og_type":"article","og_title":"Eingerichtet im Wohlfahrtskapitalismus? - Stolpersteine auf dem Weg zu mehr Nachhaltigkeit - Protect the Planet","og_description":"Am 30. M\u00e4rz 2022 diskutierte Prof. Dr. Ingolfur Bl\u00fchdorn, wie nachhaltige Transformation wirklich gelingen kann.","og_url":"https:\/\/www.protect-the-planet.de\/en\/2022-03-30-bluehdorn-wohlfahrtskapitalismus\/","og_site_name":"Protect the Planet","article_publisher":"https:\/\/www.facebook.com\/protecttheplanetDE\/","article_published_time":"2022-03-30T17:00:00+00:00","article_modified_time":"2026-02-11T13:24:58+00:00","og_image":[{"width":1600,"height":900,"url":"https:\/\/www.protect-the-planet.de\/wp-content\/uploads\/2022\/02\/2022_03_30-Bluehdorn.png","type":"image\/png"}],"author":"Marlene Schorr","twitter_card":"summary_large_image","twitter_creator":"@PtP_de","twitter_site":"@PtP_de","twitter_misc":{"Written by":"Marlene Schorr","Est. reading time":"3 minutes"},"schema":{"@context":"https:\/\/schema.org","@graph":[{"@type":"Article","@id":"https:\/\/www.protect-the-planet.de\/en\/2022-03-30-bluehdorn-wohlfahrtskapitalismus\/#article","isPartOf":{"@id":"https:\/\/www.protect-the-planet.de\/en\/2022-03-30-bluehdorn-wohlfahrtskapitalismus\/"},"author":{"name":"Marlene Schorr","@id":"https:\/\/www.protect-the-planet.de\/en\/#\/schema\/person\/c5f68fff219fefde61da571621343455"},"headline":"Eingerichtet im Wohlfahrtskapitalismus? &#8211; Stolpersteine auf dem Weg zu mehr Nachhaltigkeit","datePublished":"2022-03-30T17:00:00+00:00","dateModified":"2026-02-11T13:24:58+00:00","mainEntityOfPage":{"@id":"https:\/\/www.protect-the-planet.de\/en\/2022-03-30-bluehdorn-wohlfahrtskapitalismus\/"},"wordCount":435,"publisher":{"@id":"https:\/\/www.protect-the-planet.de\/en\/#organization"},"image":{"@id":"https:\/\/www.protect-the-planet.de\/en\/2022-03-30-bluehdorn-wohlfahrtskapitalismus\/#primaryimage"},"thumbnailUrl":"https:\/\/www.protect-the-planet.de\/wp-content\/uploads\/2022\/02\/2022_03_30-Bluehdorn.png","keywords":["Kapitalismus","Nachhaltigkeit","Raschke","Sustainability","Transformation","veranstaltung","Vortrag","Wirtschaftsuniversit\u00e4t Wien"],"articleSection":["Event archive","Gesellschaft, Wirtschaft, Politik"],"inLanguage":"en-US"},{"@type":"WebPage","@id":"https:\/\/www.protect-the-planet.de\/en\/2022-03-30-bluehdorn-wohlfahrtskapitalismus\/","url":"https:\/\/www.protect-the-planet.de\/en\/2022-03-30-bluehdorn-wohlfahrtskapitalismus\/","name":"Eingerichtet im Wohlfahrtskapitalismus? - Stolpersteine auf dem Weg zu mehr Nachhaltigkeit - Protect the Planet","isPartOf":{"@id":"https:\/\/www.protect-the-planet.de\/en\/#website"},"primaryImageOfPage":{"@id":"https:\/\/www.protect-the-planet.de\/en\/2022-03-30-bluehdorn-wohlfahrtskapitalismus\/#primaryimage"},"image":{"@id":"https:\/\/www.protect-the-planet.de\/en\/2022-03-30-bluehdorn-wohlfahrtskapitalismus\/#primaryimage"},"thumbnailUrl":"https:\/\/www.protect-the-planet.de\/wp-content\/uploads\/2022\/02\/2022_03_30-Bluehdorn.png","datePublished":"2022-03-30T17:00:00+00:00","dateModified":"2026-02-11T13:24:58+00:00","description":"Am 30. M\u00e4rz 2022 diskutierte Prof. Dr. Ingolfur Bl\u00fchdorn, wie nachhaltige Transformation wirklich gelingen kann.","breadcrumb":{"@id":"https:\/\/www.protect-the-planet.de\/en\/2022-03-30-bluehdorn-wohlfahrtskapitalismus\/#breadcrumb"},"inLanguage":"en-US","potentialAction":[{"@type":"ReadAction","target":["https:\/\/www.protect-the-planet.de\/en\/2022-03-30-bluehdorn-wohlfahrtskapitalismus\/"]}]},{"@type":"ImageObject","inLanguage":"en-US","@id":"https:\/\/www.protect-the-planet.de\/en\/2022-03-30-bluehdorn-wohlfahrtskapitalismus\/#primaryimage","url":"https:\/\/www.protect-the-planet.de\/wp-content\/uploads\/2022\/02\/2022_03_30-Bluehdorn.png","contentUrl":"https:\/\/www.protect-the-planet.de\/wp-content\/uploads\/2022\/02\/2022_03_30-Bluehdorn.png","width":1600,"height":900,"caption":"22\/03\/30 Vortrag Wohlfahrtskapitalismus"},{"@type":"BreadcrumbList","@id":"https:\/\/www.protect-the-planet.de\/en\/2022-03-30-bluehdorn-wohlfahrtskapitalismus\/#breadcrumb","itemListElement":[{"@type":"ListItem","position":1,"name":"Startseite","item":"https:\/\/www.protect-the-planet.de\/en\/home\/"},{"@type":"ListItem","position":2,"name":"Eingerichtet im Wohlfahrtskapitalismus? &#8211; Stolpersteine auf dem Weg zu mehr Nachhaltigkeit"}]},{"@type":"WebSite","@id":"https:\/\/www.protect-the-planet.de\/en\/#website","url":"https:\/\/www.protect-the-planet.de\/en\/","name":"Protect the Planet","description":"If we don&#039;t change, the climate will.","publisher":{"@id":"https:\/\/www.protect-the-planet.de\/en\/#organization"},"alternateName":"Protect the Panet gGmbH","potentialAction":[{"@type":"SearchAction","target":{"@type":"EntryPoint","urlTemplate":"https:\/\/www.protect-the-planet.de\/en\/?s={search_term_string}"},"query-input":{"@type":"PropertyValueSpecification","valueRequired":true,"valueName":"search_term_string"}}],"inLanguage":"en-US"},{"@type":"Organization","@id":"https:\/\/www.protect-the-planet.de\/en\/#organization","name":"Protect the Planet","url":"https:\/\/www.protect-the-planet.de\/en\/","logo":{"@type":"ImageObject","inLanguage":"en-US","@id":"https:\/\/www.protect-the-planet.de\/en\/#\/schema\/logo\/image\/","url":"https:\/\/www.protect-the-planet.de\/wp-content\/uploads\/2023\/09\/LOGO-positiv_transparent-klein.png","contentUrl":"https:\/\/www.protect-the-planet.de\/wp-content\/uploads\/2023\/09\/LOGO-positiv_transparent-klein.png","width":123,"height":68,"caption":"Protect the Planet"},"image":{"@id":"https:\/\/www.protect-the-planet.de\/en\/#\/schema\/logo\/image\/"},"sameAs":["https:\/\/www.facebook.com\/protecttheplanetDE\/","https:\/\/x.com\/PtP_de","https:\/\/www.instagram.com\/protecttheplanetorg\/","https:\/\/www.linkedin.com\/company\/protect-the-planet","https:\/\/www.youtube.com\/@protecttheplanet"]},{"@type":"Person","@id":"https:\/\/www.protect-the-planet.de\/en\/#\/schema\/person\/c5f68fff219fefde61da571621343455","name":"Marlene Schorr","image":{"@type":"ImageObject","inLanguage":"en-US","@id":"https:\/\/secure.gravatar.com\/avatar\/78d101b05e6da18a98f007d6ad5f076a6c8fc0dcc2e943f6e304d20caf0c1806?s=96&d=mm&r=g","url":"https:\/\/secure.gravatar.com\/avatar\/78d101b05e6da18a98f007d6ad5f076a6c8fc0dcc2e943f6e304d20caf0c1806?s=96&d=mm&r=g","contentUrl":"https:\/\/secure.gravatar.com\/avatar\/78d101b05e6da18a98f007d6ad5f076a6c8fc0dcc2e943f6e304d20caf0c1806?s=96&d=mm&r=g","caption":"Marlene Schorr"},"url":"https:\/\/www.protect-the-planet.de\/en\/author\/marlene-schorr\/"}]}},"_links":{"self":[{"href":"https:\/\/www.protect-the-planet.de\/en\/wp-json\/wp\/v2\/posts\/33820","targetHints":{"allow":["GET"]}}],"collection":[{"href":"https:\/\/www.protect-the-planet.de\/en\/wp-json\/wp\/v2\/posts"}],"about":[{"href":"https:\/\/www.protect-the-planet.de\/en\/wp-json\/wp\/v2\/types\/post"}],"author":[{"embeddable":true,"href":"https:\/\/www.protect-the-planet.de\/en\/wp-json\/wp\/v2\/users\/10"}],"replies":[{"embeddable":true,"href":"https:\/\/www.protect-the-planet.de\/en\/wp-json\/wp\/v2\/comments?post=33820"}],"version-history":[{"count":3,"href":"https:\/\/www.protect-the-planet.de\/en\/wp-json\/wp\/v2\/posts\/33820\/revisions"}],"predecessor-version":[{"id":34126,"href":"https:\/\/www.protect-the-planet.de\/en\/wp-json\/wp\/v2\/posts\/33820\/revisions\/34126"}],"wp:featuredmedia":[{"embeddable":true,"href":"https:\/\/www.protect-the-planet.de\/en\/wp-json\/wp\/v2\/media\/21904"}],"wp:attachment":[{"href":"https:\/\/www.protect-the-planet.de\/en\/wp-json\/wp\/v2\/media?parent=33820"}],"wp:term":[{"taxonomy":"category","embeddable":true,"href":"https:\/\/www.protect-the-planet.de\/en\/wp-json\/wp\/v2\/categories?post=33820"},{"taxonomy":"post_tag","embeddable":true,"href":"https:\/\/www.protect-the-planet.de\/en\/wp-json\/wp\/v2\/tags?post=33820"}],"curies":[{"name":"wp","href":"https:\/\/api.w.org\/{rel}","templated":true}]}}