{"id":33742,"date":"2022-10-06T09:44:00","date_gmt":"2022-10-06T07:44:00","guid":{"rendered":"https:\/\/www.protect-the-planet.de\/2022-10-06-buergermeister-kemmelmeyer-hkw-nord\/"},"modified":"2025-11-18T16:53:25","modified_gmt":"2025-11-18T15:53:25","slug":"2022-10-06-buergermeister-kemmelmeyer-hkw-nord","status":"publish","type":"post","link":"https:\/\/www.protect-the-planet.de\/en\/2022-10-06-buergermeister-kemmelmeyer-hkw-nord\/","title":{"rendered":"\u201eHKW Nord: Fossile Kraftwerke \u2013 oder doch lieber Erneuerbare Energien?\u201c"},"content":{"rendered":"\n<p class=\"has-text-align-center\"><strong>In unserer Reihe &#8220;Klimastrategie M\u00fcnchen \/ Lebensraum Stadt&#8221;:<\/strong><\/p>\n\n\n\n<h2 class=\"wp-block-heading has-text-align-center\">Andreas Kemmelmeyer<\/h2>\n\n\n\n<p class=\"has-text-align-center\">1. B\u00fcrgermeister der Gemeinde Unterf\u00f6hring<\/p>\n\n\n\n<div style=\"height:30px\" aria-hidden=\"true\" class=\"wp-block-spacer\"><\/div>\n\n\n\n<hr class=\"wp-block-separator has-alpha-channel-opacity\"\/>\n\n\n\n<div style=\"height:30px\" aria-hidden=\"true\" class=\"wp-block-spacer\"><\/div>\n\n\n\n<p class=\"has-text-align-center\"><a href=\"https:\/\/www.protect-the-planet.de\/wp-content\/uploads\/2023\/09\/NEU-2022_10_06-Einladungstext-Kemmelmeyer.pdf\"><strong>Event-Info PDF | Dr. Helmut Paschlau<\/strong><\/a><\/p>\n\n\n\n <div class=\"brlbs-cmpnt-container brlbs-cmpnt-content-blocker brlbs-cmpnt-with-individual-styles\" data-borlabs-cookie-content-blocker-id=\"youtube-content-blocker\" data-borlabs-cookie-content=\"PGlmcmFtZSB3aWR0aD0iNTYwIiBoZWlnaHQ9IjMxNSIgc3JjPSJodHRwczovL3d3dy55b3V0dWJlLW5vY29va2llLmNvbS9lbWJlZC9WVzV5bHNKeWJFYz9zaT1DMkp3dElrbF9vb2hQLUszIiB0aXRsZT0iWW91VHViZSB2aWRlbyBwbGF5ZXIiIGZyYW1lYm9yZGVyPSIwIiBhbGxvdz0iYWNjZWxlcm9tZXRlcjsgYXV0b3BsYXk7IGNsaXBib2FyZC13cml0ZTsgZW5jcnlwdGVkLW1lZGlhOyBneXJvc2NvcGU7IHBpY3R1cmUtaW4tcGljdHVyZTsgd2ViLXNoYXJlIiByZWZlcnJlcnBvbGljeT0ic3RyaWN0LW9yaWdpbi13aGVuLWNyb3NzLW9yaWdpbiIgYWxsb3dmdWxsc2NyZWVuPjwvaWZyYW1lPg==\"><div class=\"brlbs-cmpnt-cb-preset-c brlbs-cmpnt-cb-youtube\"> <div class=\"brlbs-cmpnt-cb-thumbnail\" style=\"background-image: url('https:\/\/www.protect-the-planet.de\/wp-content\/uploads\/borlabs-cookie\/1\/yt_VW5ylsJybEc_hqdefault.jpg')\"><\/div> <div class=\"brlbs-cmpnt-cb-main\"> <div class=\"brlbs-cmpnt-cb-play-button\"><\/div> <div class=\"brlbs-cmpnt-cb-content\"> <p class=\"brlbs-cmpnt-cb-description\">You are currently viewing a placeholder content from <strong>YouTube<\/strong>. To access the actual content, click the button below. Please note that doing so will share data with third-party providers.<\/p> <a class=\"brlbs-cmpnt-cb-provider-toggle\" href=\"#\" data-borlabs-cookie-show-provider-information role=\"button\">More Information<\/a> <\/div> <div class=\"brlbs-cmpnt-cb-buttons\"> <a class=\"brlbs-cmpnt-cb-btn\" href=\"#\" data-borlabs-cookie-unblock role=\"button\">Unblock content<\/a> <a class=\"brlbs-cmpnt-cb-btn\" href=\"#\" data-borlabs-cookie-accept-service role=\"button\" style=\"display: inherit\">Accept required service and unblock content<\/a> <\/div> <\/div> <\/div><\/div>\n\n\n\n<p class=\"has-text-align-center\"><br><strong><a href=\"https:\/\/www.protect-the-planet.de\/wp-content\/uploads\/2023\/09\/2022_10_06-PPP-Klimavortrag-Buergermeister-Kemmelmeyer.pdf\">Vortragsfolien PDF | Andreas Kemmelmeyer<\/a><\/strong><\/p>\n\n\n\n<div style=\"height:30px\" aria-hidden=\"true\" class=\"wp-block-spacer\"><\/div>\n\n\n\n<p>Das \u201eHeizkraftwerk Nord\u201c: M\u00fcllverbrennung, Kohleblock, neues Erdgas-Kraftwerk&#8230; Doch: Unser HKW Nord liegt gar nicht in M\u00fcnchen, sondern in der Nachbargemeinde Unterf\u00f6hring. Deshalb ist der dortige Gemeinderat immer wenn es um die \u201ekommunale Selbstverwaltung\u201c und die gemeindliche Entwicklung geht und auch in Sachen Klimaschutz zust\u00e4ndig. Stets einstimmig hat der Gemeinderat Unterf\u00f6hrings beschlossen, dass \u201eaus Gr\u00fcnden der Nachhaltigkeit und des Klimaschutzes\u201c im HKW Nord k\u00fcnftig nur noch Erneuerbare-Energien-Anlagen gebaut und betrieben werden d\u00fcrfen, und den \u00f6rtlichen Bebauungsplan entsprechend festgesetzt. Warum das f\u00fcr uns alle wichtig ist, wird der 1. B\u00fcrgermeister von Unterf\u00f6hring mit uns M\u00fcnchner:innen diskutieren.<\/p>\n\n\n\n<h3 class=\"wp-block-heading\"><strong>Zum Weiterlesen:<\/strong><\/h3>\n\n\n\n<ul class=\"wp-block-list\">\n<li><a href=\"http:\/\/www.ris.komuna.net\/unterfoehring\/Document.mvc\/List\/26735986\">Beschluss des Gemeinderats \u201eNachhaltigkeit und Klimaschutz\u201c, 08.10.2020\u00a0<\/a> dort GR 07.10.2020 Nr. 7<\/li>\n\n\n\n<li>TOP 80 Aufstellungsbeschluss Gemeiderat Unterf\u00f6hring, 07.04.2022 <a href=\"https:\/\/www.unterfoehring.de\/bauen-wirtschaft\/bauen\/bauleitplanung.html\">Auslegung Bebauungsplan \u201eEnergieerzeugung Unterf\u00f6hring S\u00fcd\u201c<\/a><\/li>\n<\/ul>\n\n\n\n<div style=\"height:30px\" aria-hidden=\"true\" class=\"wp-block-spacer\"><\/div>\n\n\n\n<hr class=\"wp-block-separator has-alpha-channel-opacity\"\/>\n\n\n\n<div style=\"height:30px\" aria-hidden=\"true\" class=\"wp-block-spacer\"><\/div>\n\n\n\n<p class=\"has-text-align-center\"><strong>Die Veranstalter<\/strong>:<\/p>\n\n\n\n<p class=\"has-text-align-center\"><a href=\"https:\/\/twitter.com\/ptp_de\/\">Protect the Planet<\/a> und Partnerorganisationen: <a href=\"https:\/\/twitter.com\/fff_muc\">Fridays for Future M\u00fcnchen<\/a><a href=\"https:\/\/www.mvhs.de\/\">, <\/a><a href=\"https:\/\/twitter.com\/stu4future_muc\">Students4Future M\u00fcnchen,<\/a><a href=\"https:\/\/twitter.com\/Parents4futureM\">Parents4Future M\u00fcnchen<\/a><a href=\"https:\/\/www.mvhs.de\/\">, <\/a><a href=\"http:\/\/bn-muenchen.de\/\">Bund Naturschutz in Bayern e.V. Kreisgruppe M\u00fcnchen<\/a><a href=\"https:\/\/www.mvhs.de\/\">, <\/a><a href=\"http:\/\/forum-csr.net\/\">forum Nachhaltig Wirtschaften<\/a><a href=\"https:\/\/www.mvhs.de\/\">, <\/a><a href=\"https:\/\/www.greencity.de\/verein\/\">Greencity \u2013 der Verein<\/a><a href=\"https:\/\/www.mvhs.de\/\">, <\/a><a href=\"https:\/\/www.m-i-n.net\/\">M\u00fcnchner Initiative Nachhaltigkeit,<\/a><a href=\"https:\/\/twitter.com\/Kohleausstieg_M\"> Raus-aus-der-Steinkohle M\u00fcnchen<\/a><a href=\"https:\/\/www.mvhs.de\/\">, <\/a><a href=\"https:\/\/fossilfreemunich.wixsite.com\/home\">Fossil Free M\u00fcnchen<\/a><a href=\"https:\/\/www.mvhs.de\/\">, <\/a><a href=\"https:\/\/muenchen.scientists4future.org\/\">Scientists4Future M\u00fcnchen<\/a><a href=\"https:\/\/www.mvhs.de\/\">, <\/a><a href=\"https:\/\/oekom-verein.de\/\">oekom e.V., <\/a><a href=\"https:\/\/www.google.com\/url?sa=t&amp;rct=j&amp;q=&amp;esrc=s&amp;source=web&amp;cd=&amp;cad=rja&amp;uact=8&amp;ved=2ahUKEwjqx_6r6_nzAhX3_rsIHYs5AYIQFnoECAQQAQ&amp;url=https%3A%2F%2Fwww.raus-aus-der-steinkohle.de%2Fwer-macht-mit%2F&amp;usg=AOvVaw3EF0W38zwWPTRrBslQu3WM\">Netzwerk Saubere Energie M\u00fcnchen<\/a><a href=\"https:\/\/klimaherbst.de\/\">, <\/a><a href=\"https:\/\/twitter.com\/klimaherbst\">eine Veranstaltung im Rahmen des <\/a><a href=\"https:\/\/klimaherbst.de\/\">Klimaherbst M\u00fcnchen<\/a><\/p>\n\n\n\n<div style=\"height:30px\" aria-hidden=\"true\" class=\"wp-block-spacer\"><\/div>\n\n\n\n<p><\/p>\n","protected":false},"excerpt":{"rendered":"<p>Andreas Kemmelmeyer (1. B\u00fcrgermeister der Gemeinde Unterf\u00f6hring)<\/p>\n","protected":false},"author":4,"featured_media":21897,"comment_status":"closed","ping_status":"closed","sticky":false,"template":"","format":"standard","meta":{"footnotes":""},"categories":[1552,1509,1640,1637],"tags":[],"class_list":["post-33742","post","type-post","status-publish","format-standard","has-post-thumbnail","hentry","category-energie-heizen-bauen-en","category-event-archive","category-klimaherbst-en","category-muenchen-llokales-en"],"yoast_head":"<!-- This site is optimized with the Yoast SEO plugin v27.5 - https:\/\/yoast.com\/product\/yoast-seo-wordpress\/ -->\n<title>\u201eHKW Nord: Fossile Kraftwerke \u2013 oder doch lieber Erneuerbare Energien?\u201c - Protect the Planet<\/title>\n<meta name=\"description\" content=\"Hybrid-Vortrag: B\u00fcrgermeister Andreas Kemmelmeyer: \u201eHKW Nord: Fossile Kraftwerke \u2013 oder doch lieber Erneuerbare Energien?\u201c\" \/>\n<meta name=\"robots\" content=\"index, follow, max-snippet:-1, max-image-preview:large, max-video-preview:-1\" \/>\n<link rel=\"canonical\" href=\"https:\/\/www.protect-the-planet.de\/en\/2022-10-06-buergermeister-kemmelmeyer-hkw-nord\/\" \/>\n<meta property=\"og:locale\" content=\"en_US\" \/>\n<meta property=\"og:type\" content=\"article\" \/>\n<meta property=\"og:title\" content=\"\u201eHKW Nord: Fossile Kraftwerke \u2013 oder doch lieber Erneuerbare Energien?\u201c - Protect the Planet\" \/>\n<meta property=\"og:description\" content=\"Hybrid-Vortrag: B\u00fcrgermeister Andreas Kemmelmeyer: \u201eHKW Nord: Fossile Kraftwerke \u2013 oder doch lieber Erneuerbare Energien?\u201c\" \/>\n<meta property=\"og:url\" content=\"https:\/\/www.protect-the-planet.de\/en\/2022-10-06-buergermeister-kemmelmeyer-hkw-nord\/\" \/>\n<meta property=\"og:site_name\" content=\"Protect the Planet\" \/>\n<meta property=\"article:publisher\" content=\"https:\/\/www.facebook.com\/protecttheplanetDE\/\" \/>\n<meta property=\"article:published_time\" content=\"2022-10-06T07:44:00+00:00\" \/>\n<meta property=\"article:modified_time\" content=\"2025-11-18T15:53:25+00:00\" \/>\n<meta property=\"og:image\" content=\"https:\/\/www.protect-the-planet.de\/wp-content\/uploads\/2022\/07\/homepage-fb-li-3.png\" \/>\n\t<meta property=\"og:image:width\" content=\"1920\" \/>\n\t<meta property=\"og:image:height\" content=\"1080\" \/>\n\t<meta property=\"og:image:type\" content=\"image\/png\" \/>\n<meta name=\"author\" content=\"Jana H\u00e4fner\" \/>\n<meta name=\"twitter:card\" content=\"summary_large_image\" \/>\n<meta name=\"twitter:creator\" content=\"@PtP_de\" \/>\n<meta name=\"twitter:site\" content=\"@PtP_de\" \/>\n<meta name=\"twitter:label1\" content=\"Written by\" \/>\n\t<meta name=\"twitter:data1\" content=\"Jana H\u00e4fner\" \/>\n\t<meta name=\"twitter:label2\" content=\"Est. reading time\" \/>\n\t<meta name=\"twitter:data2\" content=\"2 minutes\" \/>\n<script type=\"application\/ld+json\" class=\"yoast-schema-graph\">{\"@context\":\"https:\\\/\\\/schema.org\",\"@graph\":[{\"@type\":\"Article\",\"@id\":\"https:\\\/\\\/www.protect-the-planet.de\\\/en\\\/2022-10-06-buergermeister-kemmelmeyer-hkw-nord\\\/#article\",\"isPartOf\":{\"@id\":\"https:\\\/\\\/www.protect-the-planet.de\\\/en\\\/2022-10-06-buergermeister-kemmelmeyer-hkw-nord\\\/\"},\"author\":{\"name\":\"Jana H\u00e4fner\",\"@id\":\"https:\\\/\\\/www.protect-the-planet.de\\\/en\\\/#\\\/schema\\\/person\\\/94315f5fbca131d26764146a638b8fc6\"},\"headline\":\"\u201eHKW Nord: Fossile Kraftwerke \u2013 oder doch lieber Erneuerbare Energien?\u201c\",\"datePublished\":\"2022-10-06T07:44:00+00:00\",\"dateModified\":\"2025-11-18T15:53:25+00:00\",\"mainEntityOfPage\":{\"@id\":\"https:\\\/\\\/www.protect-the-planet.de\\\/en\\\/2022-10-06-buergermeister-kemmelmeyer-hkw-nord\\\/\"},\"wordCount\":229,\"publisher\":{\"@id\":\"https:\\\/\\\/www.protect-the-planet.de\\\/en\\\/#organization\"},\"image\":{\"@id\":\"https:\\\/\\\/www.protect-the-planet.de\\\/en\\\/2022-10-06-buergermeister-kemmelmeyer-hkw-nord\\\/#primaryimage\"},\"thumbnailUrl\":\"https:\\\/\\\/www.protect-the-planet.de\\\/wp-content\\\/uploads\\\/2022\\\/07\\\/homepage-fb-li-3.png\",\"articleSection\":[\"Energie, Heizen, Bauen\",\"Event archive\",\"Klimaherbst\",\"M\u00fcnchen &amp; Lokales\"],\"inLanguage\":\"en-US\"},{\"@type\":\"WebPage\",\"@id\":\"https:\\\/\\\/www.protect-the-planet.de\\\/en\\\/2022-10-06-buergermeister-kemmelmeyer-hkw-nord\\\/\",\"url\":\"https:\\\/\\\/www.protect-the-planet.de\\\/en\\\/2022-10-06-buergermeister-kemmelmeyer-hkw-nord\\\/\",\"name\":\"\u201eHKW Nord: Fossile Kraftwerke \u2013 oder doch lieber Erneuerbare Energien?\u201c - Protect the Planet\",\"isPartOf\":{\"@id\":\"https:\\\/\\\/www.protect-the-planet.de\\\/en\\\/#website\"},\"primaryImageOfPage\":{\"@id\":\"https:\\\/\\\/www.protect-the-planet.de\\\/en\\\/2022-10-06-buergermeister-kemmelmeyer-hkw-nord\\\/#primaryimage\"},\"image\":{\"@id\":\"https:\\\/\\\/www.protect-the-planet.de\\\/en\\\/2022-10-06-buergermeister-kemmelmeyer-hkw-nord\\\/#primaryimage\"},\"thumbnailUrl\":\"https:\\\/\\\/www.protect-the-planet.de\\\/wp-content\\\/uploads\\\/2022\\\/07\\\/homepage-fb-li-3.png\",\"datePublished\":\"2022-10-06T07:44:00+00:00\",\"dateModified\":\"2025-11-18T15:53:25+00:00\",\"description\":\"Hybrid-Vortrag: B\u00fcrgermeister Andreas Kemmelmeyer: \u201eHKW Nord: Fossile Kraftwerke \u2013 oder doch lieber Erneuerbare Energien?\u201c\",\"breadcrumb\":{\"@id\":\"https:\\\/\\\/www.protect-the-planet.de\\\/en\\\/2022-10-06-buergermeister-kemmelmeyer-hkw-nord\\\/#breadcrumb\"},\"inLanguage\":\"en-US\",\"potentialAction\":[{\"@type\":\"ReadAction\",\"target\":[\"https:\\\/\\\/www.protect-the-planet.de\\\/en\\\/2022-10-06-buergermeister-kemmelmeyer-hkw-nord\\\/\"]}]},{\"@type\":\"ImageObject\",\"inLanguage\":\"en-US\",\"@id\":\"https:\\\/\\\/www.protect-the-planet.de\\\/en\\\/2022-10-06-buergermeister-kemmelmeyer-hkw-nord\\\/#primaryimage\",\"url\":\"https:\\\/\\\/www.protect-the-planet.de\\\/wp-content\\\/uploads\\\/2022\\\/07\\\/homepage-fb-li-3.png\",\"contentUrl\":\"https:\\\/\\\/www.protect-the-planet.de\\\/wp-content\\\/uploads\\\/2022\\\/07\\\/homepage-fb-li-3.png\",\"width\":1920,\"height\":1080,\"caption\":\"22\\\/10\\\/06 Vortrag HKW Nord\"},{\"@type\":\"BreadcrumbList\",\"@id\":\"https:\\\/\\\/www.protect-the-planet.de\\\/en\\\/2022-10-06-buergermeister-kemmelmeyer-hkw-nord\\\/#breadcrumb\",\"itemListElement\":[{\"@type\":\"ListItem\",\"position\":1,\"name\":\"Startseite\",\"item\":\"https:\\\/\\\/www.protect-the-planet.de\\\/en\\\/home\\\/\"},{\"@type\":\"ListItem\",\"position\":2,\"name\":\"\u201eHKW Nord: Fossile Kraftwerke \u2013 oder doch lieber Erneuerbare Energien?\u201c\"}]},{\"@type\":\"WebSite\",\"@id\":\"https:\\\/\\\/www.protect-the-planet.de\\\/en\\\/#website\",\"url\":\"https:\\\/\\\/www.protect-the-planet.de\\\/en\\\/\",\"name\":\"Protect the Planet\",\"description\":\"If we don&#039;t change, the climate will.\",\"publisher\":{\"@id\":\"https:\\\/\\\/www.protect-the-planet.de\\\/en\\\/#organization\"},\"alternateName\":\"Protect the Panet gGmbH\",\"potentialAction\":[{\"@type\":\"SearchAction\",\"target\":{\"@type\":\"EntryPoint\",\"urlTemplate\":\"https:\\\/\\\/www.protect-the-planet.de\\\/en\\\/?s={search_term_string}\"},\"query-input\":{\"@type\":\"PropertyValueSpecification\",\"valueRequired\":true,\"valueName\":\"search_term_string\"}}],\"inLanguage\":\"en-US\"},{\"@type\":\"Organization\",\"@id\":\"https:\\\/\\\/www.protect-the-planet.de\\\/en\\\/#organization\",\"name\":\"Protect the Planet\",\"url\":\"https:\\\/\\\/www.protect-the-planet.de\\\/en\\\/\",\"logo\":{\"@type\":\"ImageObject\",\"inLanguage\":\"en-US\",\"@id\":\"https:\\\/\\\/www.protect-the-planet.de\\\/en\\\/#\\\/schema\\\/logo\\\/image\\\/\",\"url\":\"https:\\\/\\\/www.protect-the-planet.de\\\/wp-content\\\/uploads\\\/2023\\\/09\\\/LOGO-positiv_transparent-klein.png\",\"contentUrl\":\"https:\\\/\\\/www.protect-the-planet.de\\\/wp-content\\\/uploads\\\/2023\\\/09\\\/LOGO-positiv_transparent-klein.png\",\"width\":123,\"height\":68,\"caption\":\"Protect the Planet\"},\"image\":{\"@id\":\"https:\\\/\\\/www.protect-the-planet.de\\\/en\\\/#\\\/schema\\\/logo\\\/image\\\/\"},\"sameAs\":[\"https:\\\/\\\/www.facebook.com\\\/protecttheplanetDE\\\/\",\"https:\\\/\\\/x.com\\\/PtP_de\",\"https:\\\/\\\/www.instagram.com\\\/protecttheplanetorg\\\/\",\"https:\\\/\\\/www.linkedin.com\\\/company\\\/protect-the-planet\",\"https:\\\/\\\/www.youtube.com\\\/@protecttheplanet\"]},{\"@type\":\"Person\",\"@id\":\"https:\\\/\\\/www.protect-the-planet.de\\\/en\\\/#\\\/schema\\\/person\\\/94315f5fbca131d26764146a638b8fc6\",\"name\":\"Jana H\u00e4fner\",\"image\":{\"@type\":\"ImageObject\",\"inLanguage\":\"en-US\",\"@id\":\"https:\\\/\\\/www.protect-the-planet.de\\\/wp-content\\\/uploads\\\/2024\\\/04\\\/cropped-2310_ProtectThePlanet_206-96x96.jpg\",\"url\":\"https:\\\/\\\/www.protect-the-planet.de\\\/wp-content\\\/uploads\\\/2024\\\/04\\\/cropped-2310_ProtectThePlanet_206-96x96.jpg\",\"contentUrl\":\"https:\\\/\\\/www.protect-the-planet.de\\\/wp-content\\\/uploads\\\/2024\\\/04\\\/cropped-2310_ProtectThePlanet_206-96x96.jpg\",\"caption\":\"Jana H\u00e4fner\"},\"description\":\"jana.haefner@protect-the-planet.de +49 152 53089270\",\"url\":\"https:\\\/\\\/www.protect-the-planet.de\\\/en\\\/author\\\/jana-haefner\\\/\"}]}<\/script>\n<!-- \/ Yoast SEO plugin. -->","yoast_head_json":{"title":"\u201eHKW Nord: Fossile Kraftwerke \u2013 oder doch lieber Erneuerbare Energien?\u201c - Protect the Planet","description":"Hybrid-Vortrag: B\u00fcrgermeister Andreas Kemmelmeyer: \u201eHKW Nord: Fossile Kraftwerke \u2013 oder doch lieber Erneuerbare Energien?\u201c","robots":{"index":"index","follow":"follow","max-snippet":"max-snippet:-1","max-image-preview":"max-image-preview:large","max-video-preview":"max-video-preview:-1"},"canonical":"https:\/\/www.protect-the-planet.de\/en\/2022-10-06-buergermeister-kemmelmeyer-hkw-nord\/","og_locale":"en_US","og_type":"article","og_title":"\u201eHKW Nord: Fossile Kraftwerke \u2013 oder doch lieber Erneuerbare Energien?\u201c - Protect the Planet","og_description":"Hybrid-Vortrag: B\u00fcrgermeister Andreas Kemmelmeyer: \u201eHKW Nord: Fossile Kraftwerke \u2013 oder doch lieber Erneuerbare Energien?\u201c","og_url":"https:\/\/www.protect-the-planet.de\/en\/2022-10-06-buergermeister-kemmelmeyer-hkw-nord\/","og_site_name":"Protect the Planet","article_publisher":"https:\/\/www.facebook.com\/protecttheplanetDE\/","article_published_time":"2022-10-06T07:44:00+00:00","article_modified_time":"2025-11-18T15:53:25+00:00","og_image":[{"width":1920,"height":1080,"url":"https:\/\/www.protect-the-planet.de\/wp-content\/uploads\/2022\/07\/homepage-fb-li-3.png","type":"image\/png"}],"author":"Jana H\u00e4fner","twitter_card":"summary_large_image","twitter_creator":"@PtP_de","twitter_site":"@PtP_de","twitter_misc":{"Written by":"Jana H\u00e4fner","Est. reading time":"2 minutes"},"schema":{"@context":"https:\/\/schema.org","@graph":[{"@type":"Article","@id":"https:\/\/www.protect-the-planet.de\/en\/2022-10-06-buergermeister-kemmelmeyer-hkw-nord\/#article","isPartOf":{"@id":"https:\/\/www.protect-the-planet.de\/en\/2022-10-06-buergermeister-kemmelmeyer-hkw-nord\/"},"author":{"name":"Jana H\u00e4fner","@id":"https:\/\/www.protect-the-planet.de\/en\/#\/schema\/person\/94315f5fbca131d26764146a638b8fc6"},"headline":"\u201eHKW Nord: Fossile Kraftwerke \u2013 oder doch lieber Erneuerbare Energien?\u201c","datePublished":"2022-10-06T07:44:00+00:00","dateModified":"2025-11-18T15:53:25+00:00","mainEntityOfPage":{"@id":"https:\/\/www.protect-the-planet.de\/en\/2022-10-06-buergermeister-kemmelmeyer-hkw-nord\/"},"wordCount":229,"publisher":{"@id":"https:\/\/www.protect-the-planet.de\/en\/#organization"},"image":{"@id":"https:\/\/www.protect-the-planet.de\/en\/2022-10-06-buergermeister-kemmelmeyer-hkw-nord\/#primaryimage"},"thumbnailUrl":"https:\/\/www.protect-the-planet.de\/wp-content\/uploads\/2022\/07\/homepage-fb-li-3.png","articleSection":["Energie, Heizen, Bauen","Event archive","Klimaherbst","M\u00fcnchen &amp; Lokales"],"inLanguage":"en-US"},{"@type":"WebPage","@id":"https:\/\/www.protect-the-planet.de\/en\/2022-10-06-buergermeister-kemmelmeyer-hkw-nord\/","url":"https:\/\/www.protect-the-planet.de\/en\/2022-10-06-buergermeister-kemmelmeyer-hkw-nord\/","name":"\u201eHKW Nord: Fossile Kraftwerke \u2013 oder doch lieber Erneuerbare Energien?\u201c - Protect the Planet","isPartOf":{"@id":"https:\/\/www.protect-the-planet.de\/en\/#website"},"primaryImageOfPage":{"@id":"https:\/\/www.protect-the-planet.de\/en\/2022-10-06-buergermeister-kemmelmeyer-hkw-nord\/#primaryimage"},"image":{"@id":"https:\/\/www.protect-the-planet.de\/en\/2022-10-06-buergermeister-kemmelmeyer-hkw-nord\/#primaryimage"},"thumbnailUrl":"https:\/\/www.protect-the-planet.de\/wp-content\/uploads\/2022\/07\/homepage-fb-li-3.png","datePublished":"2022-10-06T07:44:00+00:00","dateModified":"2025-11-18T15:53:25+00:00","description":"Hybrid-Vortrag: B\u00fcrgermeister Andreas Kemmelmeyer: \u201eHKW Nord: Fossile Kraftwerke \u2013 oder doch lieber Erneuerbare Energien?\u201c","breadcrumb":{"@id":"https:\/\/www.protect-the-planet.de\/en\/2022-10-06-buergermeister-kemmelmeyer-hkw-nord\/#breadcrumb"},"inLanguage":"en-US","potentialAction":[{"@type":"ReadAction","target":["https:\/\/www.protect-the-planet.de\/en\/2022-10-06-buergermeister-kemmelmeyer-hkw-nord\/"]}]},{"@type":"ImageObject","inLanguage":"en-US","@id":"https:\/\/www.protect-the-planet.de\/en\/2022-10-06-buergermeister-kemmelmeyer-hkw-nord\/#primaryimage","url":"https:\/\/www.protect-the-planet.de\/wp-content\/uploads\/2022\/07\/homepage-fb-li-3.png","contentUrl":"https:\/\/www.protect-the-planet.de\/wp-content\/uploads\/2022\/07\/homepage-fb-li-3.png","width":1920,"height":1080,"caption":"22\/10\/06 Vortrag HKW Nord"},{"@type":"BreadcrumbList","@id":"https:\/\/www.protect-the-planet.de\/en\/2022-10-06-buergermeister-kemmelmeyer-hkw-nord\/#breadcrumb","itemListElement":[{"@type":"ListItem","position":1,"name":"Startseite","item":"https:\/\/www.protect-the-planet.de\/en\/home\/"},{"@type":"ListItem","position":2,"name":"\u201eHKW Nord: Fossile Kraftwerke \u2013 oder doch lieber Erneuerbare Energien?\u201c"}]},{"@type":"WebSite","@id":"https:\/\/www.protect-the-planet.de\/en\/#website","url":"https:\/\/www.protect-the-planet.de\/en\/","name":"Protect the Planet","description":"If we don&#039;t change, the climate will.","publisher":{"@id":"https:\/\/www.protect-the-planet.de\/en\/#organization"},"alternateName":"Protect the Panet gGmbH","potentialAction":[{"@type":"SearchAction","target":{"@type":"EntryPoint","urlTemplate":"https:\/\/www.protect-the-planet.de\/en\/?s={search_term_string}"},"query-input":{"@type":"PropertyValueSpecification","valueRequired":true,"valueName":"search_term_string"}}],"inLanguage":"en-US"},{"@type":"Organization","@id":"https:\/\/www.protect-the-planet.de\/en\/#organization","name":"Protect the Planet","url":"https:\/\/www.protect-the-planet.de\/en\/","logo":{"@type":"ImageObject","inLanguage":"en-US","@id":"https:\/\/www.protect-the-planet.de\/en\/#\/schema\/logo\/image\/","url":"https:\/\/www.protect-the-planet.de\/wp-content\/uploads\/2023\/09\/LOGO-positiv_transparent-klein.png","contentUrl":"https:\/\/www.protect-the-planet.de\/wp-content\/uploads\/2023\/09\/LOGO-positiv_transparent-klein.png","width":123,"height":68,"caption":"Protect the Planet"},"image":{"@id":"https:\/\/www.protect-the-planet.de\/en\/#\/schema\/logo\/image\/"},"sameAs":["https:\/\/www.facebook.com\/protecttheplanetDE\/","https:\/\/x.com\/PtP_de","https:\/\/www.instagram.com\/protecttheplanetorg\/","https:\/\/www.linkedin.com\/company\/protect-the-planet","https:\/\/www.youtube.com\/@protecttheplanet"]},{"@type":"Person","@id":"https:\/\/www.protect-the-planet.de\/en\/#\/schema\/person\/94315f5fbca131d26764146a638b8fc6","name":"Jana H\u00e4fner","image":{"@type":"ImageObject","inLanguage":"en-US","@id":"https:\/\/www.protect-the-planet.de\/wp-content\/uploads\/2024\/04\/cropped-2310_ProtectThePlanet_206-96x96.jpg","url":"https:\/\/www.protect-the-planet.de\/wp-content\/uploads\/2024\/04\/cropped-2310_ProtectThePlanet_206-96x96.jpg","contentUrl":"https:\/\/www.protect-the-planet.de\/wp-content\/uploads\/2024\/04\/cropped-2310_ProtectThePlanet_206-96x96.jpg","caption":"Jana H\u00e4fner"},"description":"jana.haefner@protect-the-planet.de +49 152 53089270","url":"https:\/\/www.protect-the-planet.de\/en\/author\/jana-haefner\/"}]}},"_links":{"self":[{"href":"https:\/\/www.protect-the-planet.de\/en\/wp-json\/wp\/v2\/posts\/33742","targetHints":{"allow":["GET"]}}],"collection":[{"href":"https:\/\/www.protect-the-planet.de\/en\/wp-json\/wp\/v2\/posts"}],"about":[{"href":"https:\/\/www.protect-the-planet.de\/en\/wp-json\/wp\/v2\/types\/post"}],"author":[{"embeddable":true,"href":"https:\/\/www.protect-the-planet.de\/en\/wp-json\/wp\/v2\/users\/4"}],"replies":[{"embeddable":true,"href":"https:\/\/www.protect-the-planet.de\/en\/wp-json\/wp\/v2\/comments?post=33742"}],"version-history":[{"count":1,"href":"https:\/\/www.protect-the-planet.de\/en\/wp-json\/wp\/v2\/posts\/33742\/revisions"}],"predecessor-version":[{"id":33743,"href":"https:\/\/www.protect-the-planet.de\/en\/wp-json\/wp\/v2\/posts\/33742\/revisions\/33743"}],"wp:featuredmedia":[{"embeddable":true,"href":"https:\/\/www.protect-the-planet.de\/en\/wp-json\/wp\/v2\/media\/21897"}],"wp:attachment":[{"href":"https:\/\/www.protect-the-planet.de\/en\/wp-json\/wp\/v2\/media?parent=33742"}],"wp:term":[{"taxonomy":"category","embeddable":true,"href":"https:\/\/www.protect-the-planet.de\/en\/wp-json\/wp\/v2\/categories?post=33742"},{"taxonomy":"post_tag","embeddable":true,"href":"https:\/\/www.protect-the-planet.de\/en\/wp-json\/wp\/v2\/tags?post=33742"}],"curies":[{"name":"wp","href":"https:\/\/api.w.org\/{rel}","templated":true}]}}