{"id":33739,"date":"2023-09-19T15:49:00","date_gmt":"2023-09-19T13:49:00","guid":{"rendered":"https:\/\/www.protect-the-planet.de\/2023-09-19-kowalzig-wer-zahlt\/"},"modified":"2025-12-03T17:07:22","modified_gmt":"2025-12-03T16:07:22","slug":"2023-09-19-kowalzig-wer-zahlt","status":"publish","type":"post","link":"https:\/\/www.protect-the-planet.de\/en\/2023-09-19-kowalzig-wer-zahlt\/","title":{"rendered":"\u201eIhr Leid, unsere Schuld: Wer zahlt eigentlich die Klima-Rechnung?\u201c"},"content":{"rendered":"\n<p class=\"has-text-align-center\"><strong>In unserer Reihe zum M\u00fcnchner Klimaherbst 2023 &#8220;Klimagerechtigkeit&#8221;<\/strong><\/p>\n\n\n\n<h2 class=\"wp-block-heading has-text-align-center\">Jan Kowalzig<\/h2>\n\n\n\n<p class=\"has-text-align-center\">Senior Policy Adviser Climate Change bei Oxfam Deutschland e.V.<\/p>\n\n\n\n<div style=\"height:30px\" aria-hidden=\"true\" class=\"wp-block-spacer\"><\/div>\n\n\n\n<hr class=\"wp-block-separator has-alpha-channel-opacity\"\/>\n\n\n\n<div style=\"height:30px\" aria-hidden=\"true\" class=\"wp-block-spacer\"><\/div>\n\n\n\n<p class=\"has-text-align-center\"><a href=\"https:\/\/www.protect-the-planet.de\/wp-content\/uploads\/2023\/09\/Einladungstext-Kowalzig-2023_09_19.pdf\"><strong>Event-Info PDF | Dr. Helmut Paschlau<\/strong><\/a><\/p>\n\n\n\n <div class=\"brlbs-cmpnt-container brlbs-cmpnt-content-blocker brlbs-cmpnt-with-individual-styles\" data-borlabs-cookie-content-blocker-id=\"youtube-content-blocker\" data-borlabs-cookie-content=\"PGlmcmFtZSB0aXRsZT0iWW91VHViZSB2aWRlbyBwbGF5ZXIiIHNyYz0iaHR0cHM6Ly93d3cueW91dHViZS1ub2Nvb2tpZS5jb20vZW1iZWQvOExQTl9kMEdWeTQ\/c2k9bW5kR0t5S2hHcTlwZzVNSyIgd2lkdGg9IjU2MCIgaGVpZ2h0PSIzMTUiIGZyYW1lYm9yZGVyPSIwIiBhbGxvd2Z1bGxzY3JlZW49ImFsbG93ZnVsbHNjcmVlbiI+PC9pZnJhbWU+\"><div class=\"brlbs-cmpnt-cb-preset-c brlbs-cmpnt-cb-youtube\"> <div class=\"brlbs-cmpnt-cb-thumbnail\" style=\"background-image: url('https:\/\/www.protect-the-planet.de\/wp-content\/uploads\/borlabs-cookie\/1\/yt_8LPN_d0GVy4_hqdefault.jpg')\"><\/div> <div class=\"brlbs-cmpnt-cb-main\"> <div class=\"brlbs-cmpnt-cb-play-button\"><\/div> <div class=\"brlbs-cmpnt-cb-content\"> <p class=\"brlbs-cmpnt-cb-description\">You are currently viewing a placeholder content from <strong>YouTube<\/strong>. To access the actual content, click the button below. Please note that doing so will share data with third-party providers.<\/p> <a class=\"brlbs-cmpnt-cb-provider-toggle\" href=\"#\" data-borlabs-cookie-show-provider-information role=\"button\">More Information<\/a> <\/div> <div class=\"brlbs-cmpnt-cb-buttons\"> <a class=\"brlbs-cmpnt-cb-btn\" href=\"#\" data-borlabs-cookie-unblock role=\"button\">Unblock content<\/a> <a class=\"brlbs-cmpnt-cb-btn\" href=\"#\" data-borlabs-cookie-accept-service role=\"button\" style=\"display: inherit\">Accept required service and unblock content<\/a> <\/div> <\/div> <\/div><\/div>\n\n\n\n<p><\/p>\n\n\n\n<p class=\"has-text-align-center\"><strong><a href=\"https:\/\/www.protect-the-planet.de\/wp-content\/uploads\/2023\/09\/Ihr-Leid-unsere-Schuld-Wer-zahlt-eigentlich-die-Klima-Rechnung-September-Muenchen.pdf\">Vortragsfolien PDF | Jan Kowalzig<\/a><\/strong><\/p>\n\n\n\n<div style=\"height:30px\" aria-hidden=\"true\" class=\"wp-block-spacer\"><\/div>\n\n\n\n<p>Allein Europa und Nordamerika sind historisch f\u00fcr rund die H\u00e4lfte der Treibhausgase (THG) verantwortlich, die seit der Industrialisierung in die Atmosph\u00e4re emittiert wurden. Wenn die f\u00fcr eine Erderw\u00e4rmung von maximal 1,5\u00b0C heute noch \u201ezul\u00e4ssigen\u201c Treibhausgase auf die Welt \u201epro Kopf\u201c verteilt werden, stammen \u00fcber 90 Prozent aus den Industriel\u00e4ndern.&nbsp;<strong>Die reichsten 10 Prozent der Weltbev\u00f6lkerung verantworten etwa ebenso viel Treibhausgase wie die \u00fcbrigen 90 Prozent.<\/strong>&nbsp;Gleichwohl zwingt die Klimakrise die einkommensschwachen L\u00e4nder des Globalen S\u00fcdens zu erheblichen Anstrengungen:&nbsp;<strong>Ernteausf\u00e4lle, Sch\u00e4den an der Infrastruktur, Landverlust, gesundheitliche Beeintr\u00e4chtigungen.<\/strong>&nbsp;Das internationale Pariser Abkommen (2015) verpflichtet die Industriel\u00e4nder zur finanziellen Unterst\u00fctzung der einkommensschwachen L\u00e4nder; <strong>schon 2009 versprachen die Industriel\u00e4nder, 2020 ein Niveau von j\u00e4hrlich mindestens 100 Milliarden US-Dollar Unterst\u00fctzung<\/strong>&nbsp;\u2013 bis heute haben sie ihre Zusagen nicht erf\u00fcllt.&nbsp;<strong>Unser Experte Jan Kowalzig, Senior Policy Adviser Climate Change von Oxfam&nbsp;<\/strong>erkl\u00e4rt, wer nun eigentlich die Rechnung zahlt. Wir sind gespannt!<\/p>\n\n\n\n<h3 class=\"wp-block-heading\"><strong>Zum Weiterlesen:<\/strong><\/h3>\n\n\n\n<ul class=\"wp-block-list\">\n<li><a href=\"http:\/\/www.wikipedia.org\/wiki\/Klimafinanzierung\" target=\"_blank\" rel=\"noreferrer noopener\">Klimarahmenkonvention der Vereinten Natonen, s.u.a.<\/a><\/li>\n\n\n\n<li><a href=\"http:\/\/www.deutscheklimafinanzierung.de\/\" target=\"_blank\" rel=\"noreferrer noopener\">Brot-f\u00fcr-die-Welt, Heinrich-B\u00f6ll-Stiftung u.a.: Deutsche Klima-Finanzierung<\/a><\/li>\n\n\n\n<li><a href=\"http:\/\/www.oxfam.de\/\" target=\"_blank\" rel=\"noreferrer noopener\">Oxfam Deutschland e.V.<\/a><\/li>\n\n\n\n<li><a href=\"http:\/\/www.oxfam.org\/en\/research\/climate-finance-shadow-report\" target=\"_blank\" rel=\"noreferrer noopener\">Oxfam Climate Finance Shadow Reports<\/a><\/li>\n<\/ul>\n\n\n\n<div style=\"height:30px\" aria-hidden=\"true\" class=\"wp-block-spacer\"><\/div>\n\n\n\n<hr class=\"wp-block-separator has-alpha-channel-opacity\"\/>\n\n\n\n<div style=\"height:30px\" aria-hidden=\"true\" class=\"wp-block-spacer\"><\/div>\n\n\n\n<p class=\"has-text-align-center\"><strong>Die Veranstalter<\/strong>:<\/p>\n\n\n\n<p class=\"has-text-align-center\"><a href=\"https:\/\/energienetzwerk-muc.de\/\" target=\"_blank\" rel=\"noreferrer noopener\">Saubere Energie M\u00fcnchen e.V.<\/a> und <a href=\"https:\/\/twitter.com\/ptp_de\/\">Protect the Planet<\/a><\/p>\n\n\n\n<p class=\"has-text-align-left\"><strong>Event-Kooperationspartner:<\/strong><\/p>\n\n\n\n<ul class=\"wp-block-list\">\n<li><a href=\"https:\/\/twitter.com\/fff_muc\" target=\"_blank\" rel=\"noreferrer noopener\">Fridays for Future M\u00fcnchen<\/a><\/li>\n\n\n\n<li><a href=\"http:\/\/bn-muenchen.de\/\" target=\"_blank\" rel=\"noreferrer noopener\">Bund Naturschutz in Bayern e.V. Kreisgruppe M\u00fcnchen<\/a><\/li>\n\n\n\n<li><a href=\"https:\/\/www.greencity.de\/verein\/\" target=\"_blank\" rel=\"noreferrer noopener\">Greencity \u2013 der Verein<\/a><\/li>\n\n\n\n<li><a href=\"https:\/\/www.m-i-n.net\/\" target=\"_blank\" rel=\"noreferrer noopener\">M\u00fcnchner Initiative Nachhaltigkeit<\/a><\/li>\n\n\n\n<li><a href=\"https:\/\/twitter.com\/Kohleausstieg_M\" target=\"_blank\" rel=\"noreferrer noopener\">Raus-aus-der-Steinkohle M\u00fcnchen<\/a><\/li>\n\n\n\n<li><a href=\"https:\/\/fossilfreemunich.wixsite.com\/home\" target=\"_blank\" rel=\"noreferrer noopener\">Fossil Free M\u00fcnchen<\/a><\/li>\n\n\n\n<li><a href=\"https:\/\/muenchen.scientists4future.org\/\" target=\"_blank\" rel=\"noreferrer noopener\">Scientists4Future M\u00fcnchen<\/a><\/li>\n\n\n\n<li><a href=\"https:\/\/oekom-verein.de\/\" target=\"_blank\" rel=\"noreferrer noopener\">oekom e.V.<\/a><\/li>\n\n\n\n<li><a href=\"https:\/\/www.bene-muenchen.de\/\" target=\"_blank\" rel=\"noreferrer noopener\">BenE M\u00fcnchen<\/a><\/li>\n<\/ul>\n\n\n\n<p><strong><br>Medienpartner:<\/strong><\/p>\n\n\n\n<ul class=\"wp-block-list\">\n<li><a href=\"https:\/\/lora924.de\/\" target=\"_blank\" rel=\"noreferrer noopener\">Radio Lora 92.4<\/a><\/li>\n\n\n\n<li><a href=\"https:\/\/www.forum-csr.net\/\" target=\"_blank\" rel=\"noreferrer noopener\">forum nachhaltig wirtschaften<\/a><\/li>\n<\/ul>\n\n\n\n<p><br><strong>Diese Veranstaltung wird gef\u00f6rdert von:<\/strong><\/p>\n\n\n\n<ul class=\"wp-block-list\">\n<li><a href=\"https:\/\/www.sparda-m.de\/gemeinwohl-unsere-gemeinwohl-bilanz\/\" target=\"_blank\" rel=\"noreferrer noopener\">Sparda-Bank M\u00fcnchen, Deutschlands erste Gemeinwohl-Bank<\/a><\/li>\n<\/ul>\n\n\n\n<div style=\"height:30px\" aria-hidden=\"true\" class=\"wp-block-spacer\"><\/div>\n\n\n\n<p><\/p>\n","protected":false},"excerpt":{"rendered":"<p>Jan Kowalzig (Oxfam Deutschland e.V.)<\/p>\n","protected":false},"author":4,"featured_media":21783,"comment_status":"closed","ping_status":"closed","sticky":false,"template":"","format":"standard","meta":{"footnotes":""},"categories":[1509,1543],"tags":[1423,698,1424,716,855,1407,710,1425,1426,1427,1428,1429,702,703,712],"class_list":["post-33739","post","type-post","status-publish","format-standard","has-post-thumbnail","hentry","category-event-archive","category-klima-recht-gerechtigkeit-en","tag-ausgleichszahlungen-en","tag-dr-helmut-paschlau-en","tag-klima-rechnung-en","tag-klimaberater-en","tag-klimaherbst-en","tag-klimaherbst-2023-en","tag-klimaschutz-en","tag-muenchner-zukunftssalon-en","tag-oxfam-en","tag-oxfam-e-v-en","tag-pariser-abkommen-en","tag-schuldfrage-en","tag-vortrag-en","tag-vortragsreihe-en","tag-zukunftssalon-en"],"yoast_head":"<!-- This site is optimized with the Yoast SEO plugin v27.5 - https:\/\/yoast.com\/product\/yoast-seo-wordpress\/ -->\n<title>\u201eIhr Leid, unsere Schuld: Wer zahlt eigentlich die Klima-Rechnung?\u201c - Protect the Planet<\/title>\n<meta name=\"description\" content=\"Die reichsten 10 Prozent der Weltbev\u00f6lkerung verantworten etwa ebenso viel Treibhausgase wie die \u00fcbrigen 90 Prozent. Gleichwohl zwingt die Klimakrise die einkommensschwachen L\u00e4nder des Globalen S\u00fcdens zu erheblichen Anstrengungen. Das internationale Pariser Abkommen (2015) verpflichtet die Industriel\u00e4nder zur finanziellen Unterst\u00fctzung der einkommensschwachen L\u00e4nde - bis heute haben sie ihre Zusagen nicht erf\u00fcllt.\" \/>\n<meta name=\"robots\" content=\"index, follow, max-snippet:-1, max-image-preview:large, max-video-preview:-1\" \/>\n<link rel=\"canonical\" href=\"https:\/\/www.protect-the-planet.de\/en\/2023-09-19-kowalzig-wer-zahlt\/\" \/>\n<meta property=\"og:locale\" content=\"en_US\" \/>\n<meta property=\"og:type\" content=\"article\" \/>\n<meta property=\"og:title\" content=\"\u201eIhr Leid, unsere Schuld: Wer zahlt eigentlich die Klima-Rechnung?\u201c - Protect the Planet\" \/>\n<meta property=\"og:description\" content=\"Die reichsten 10 Prozent der Weltbev\u00f6lkerung verantworten etwa ebenso viel Treibhausgase wie die \u00fcbrigen 90 Prozent. Gleichwohl zwingt die Klimakrise die einkommensschwachen L\u00e4nder des Globalen S\u00fcdens zu erheblichen Anstrengungen. Das internationale Pariser Abkommen (2015) verpflichtet die Industriel\u00e4nder zur finanziellen Unterst\u00fctzung der einkommensschwachen L\u00e4nde - bis heute haben sie ihre Zusagen nicht erf\u00fcllt.\" \/>\n<meta property=\"og:url\" content=\"https:\/\/www.protect-the-planet.de\/en\/2023-09-19-kowalzig-wer-zahlt\/\" \/>\n<meta property=\"og:site_name\" content=\"Protect the Planet\" \/>\n<meta property=\"article:publisher\" content=\"https:\/\/www.facebook.com\/protecttheplanetDE\/\" \/>\n<meta property=\"article:published_time\" content=\"2023-09-19T13:49:00+00:00\" \/>\n<meta property=\"article:modified_time\" content=\"2025-12-03T16:07:22+00:00\" \/>\n<meta property=\"og:image\" content=\"https:\/\/www.protect-the-planet.de\/wp-content\/uploads\/2023\/08\/kowalzig-hp-li-fb.jpg\" \/>\n\t<meta property=\"og:image:width\" content=\"1920\" \/>\n\t<meta property=\"og:image:height\" content=\"1080\" \/>\n\t<meta property=\"og:image:type\" content=\"image\/jpeg\" \/>\n<meta name=\"author\" content=\"Jana H\u00e4fner\" \/>\n<meta name=\"twitter:card\" content=\"summary_large_image\" \/>\n<meta name=\"twitter:creator\" content=\"@PtP_de\" \/>\n<meta name=\"twitter:site\" content=\"@PtP_de\" \/>\n<meta name=\"twitter:label1\" content=\"Written by\" \/>\n\t<meta name=\"twitter:data1\" content=\"Jana H\u00e4fner\" \/>\n\t<meta name=\"twitter:label2\" content=\"Est. reading time\" \/>\n\t<meta name=\"twitter:data2\" content=\"2 minutes\" \/>\n<script type=\"application\/ld+json\" class=\"yoast-schema-graph\">{\"@context\":\"https:\\\/\\\/schema.org\",\"@graph\":[{\"@type\":\"Article\",\"@id\":\"https:\\\/\\\/www.protect-the-planet.de\\\/en\\\/2023-09-19-kowalzig-wer-zahlt\\\/#article\",\"isPartOf\":{\"@id\":\"https:\\\/\\\/www.protect-the-planet.de\\\/en\\\/2023-09-19-kowalzig-wer-zahlt\\\/\"},\"author\":{\"name\":\"Jana H\u00e4fner\",\"@id\":\"https:\\\/\\\/www.protect-the-planet.de\\\/en\\\/#\\\/schema\\\/person\\\/94315f5fbca131d26764146a638b8fc6\"},\"headline\":\"\u201eIhr Leid, unsere Schuld: Wer zahlt eigentlich die Klima-Rechnung?\u201c\",\"datePublished\":\"2023-09-19T13:49:00+00:00\",\"dateModified\":\"2025-12-03T16:07:22+00:00\",\"mainEntityOfPage\":{\"@id\":\"https:\\\/\\\/www.protect-the-planet.de\\\/en\\\/2023-09-19-kowalzig-wer-zahlt\\\/\"},\"wordCount\":298,\"publisher\":{\"@id\":\"https:\\\/\\\/www.protect-the-planet.de\\\/en\\\/#organization\"},\"image\":{\"@id\":\"https:\\\/\\\/www.protect-the-planet.de\\\/en\\\/2023-09-19-kowalzig-wer-zahlt\\\/#primaryimage\"},\"thumbnailUrl\":\"https:\\\/\\\/www.protect-the-planet.de\\\/wp-content\\\/uploads\\\/2023\\\/08\\\/kowalzig-hp-li-fb.jpg\",\"keywords\":[\"Ausgleichszahlungen\",\"Dr. Helmut Paschlau\",\"Klima-Rechnung\",\"Klimaberater\",\"Klimaherbst\",\"Klimaherbst 2023\",\"Klimaschutz\",\"M\u00fcnchner Zukunftssalon\",\"Oxfam\",\"Oxfam e.V.\",\"Pariser Abkommen\",\"Schuldfrage\",\"Vortrag\",\"Vortragsreihe\",\"Zukunftssalon\"],\"articleSection\":[\"Event archive\",\"Klima-Recht &amp; Gerechtigkeit\"],\"inLanguage\":\"en-US\"},{\"@type\":\"WebPage\",\"@id\":\"https:\\\/\\\/www.protect-the-planet.de\\\/en\\\/2023-09-19-kowalzig-wer-zahlt\\\/\",\"url\":\"https:\\\/\\\/www.protect-the-planet.de\\\/en\\\/2023-09-19-kowalzig-wer-zahlt\\\/\",\"name\":\"\u201eIhr Leid, unsere Schuld: Wer zahlt eigentlich die Klima-Rechnung?\u201c - Protect the Planet\",\"isPartOf\":{\"@id\":\"https:\\\/\\\/www.protect-the-planet.de\\\/en\\\/#website\"},\"primaryImageOfPage\":{\"@id\":\"https:\\\/\\\/www.protect-the-planet.de\\\/en\\\/2023-09-19-kowalzig-wer-zahlt\\\/#primaryimage\"},\"image\":{\"@id\":\"https:\\\/\\\/www.protect-the-planet.de\\\/en\\\/2023-09-19-kowalzig-wer-zahlt\\\/#primaryimage\"},\"thumbnailUrl\":\"https:\\\/\\\/www.protect-the-planet.de\\\/wp-content\\\/uploads\\\/2023\\\/08\\\/kowalzig-hp-li-fb.jpg\",\"datePublished\":\"2023-09-19T13:49:00+00:00\",\"dateModified\":\"2025-12-03T16:07:22+00:00\",\"description\":\"Die reichsten 10 Prozent der Weltbev\u00f6lkerung verantworten etwa ebenso viel Treibhausgase wie die \u00fcbrigen 90 Prozent. Gleichwohl zwingt die Klimakrise die einkommensschwachen L\u00e4nder des Globalen S\u00fcdens zu erheblichen Anstrengungen. Das internationale Pariser Abkommen (2015) verpflichtet die Industriel\u00e4nder zur finanziellen Unterst\u00fctzung der einkommensschwachen L\u00e4nde - bis heute haben sie ihre Zusagen nicht erf\u00fcllt.\",\"breadcrumb\":{\"@id\":\"https:\\\/\\\/www.protect-the-planet.de\\\/en\\\/2023-09-19-kowalzig-wer-zahlt\\\/#breadcrumb\"},\"inLanguage\":\"en-US\",\"potentialAction\":[{\"@type\":\"ReadAction\",\"target\":[\"https:\\\/\\\/www.protect-the-planet.de\\\/en\\\/2023-09-19-kowalzig-wer-zahlt\\\/\"]}]},{\"@type\":\"ImageObject\",\"inLanguage\":\"en-US\",\"@id\":\"https:\\\/\\\/www.protect-the-planet.de\\\/en\\\/2023-09-19-kowalzig-wer-zahlt\\\/#primaryimage\",\"url\":\"https:\\\/\\\/www.protect-the-planet.de\\\/wp-content\\\/uploads\\\/2023\\\/08\\\/kowalzig-hp-li-fb.jpg\",\"contentUrl\":\"https:\\\/\\\/www.protect-the-planet.de\\\/wp-content\\\/uploads\\\/2023\\\/08\\\/kowalzig-hp-li-fb.jpg\",\"width\":1920,\"height\":1080,\"caption\":\"23\\\/09\\\/19 Veranstaltung Kowalzig\"},{\"@type\":\"BreadcrumbList\",\"@id\":\"https:\\\/\\\/www.protect-the-planet.de\\\/en\\\/2023-09-19-kowalzig-wer-zahlt\\\/#breadcrumb\",\"itemListElement\":[{\"@type\":\"ListItem\",\"position\":1,\"name\":\"Startseite\",\"item\":\"https:\\\/\\\/www.protect-the-planet.de\\\/en\\\/home\\\/\"},{\"@type\":\"ListItem\",\"position\":2,\"name\":\"\u201eIhr Leid, unsere Schuld: Wer zahlt eigentlich die Klima-Rechnung?\u201c\"}]},{\"@type\":\"WebSite\",\"@id\":\"https:\\\/\\\/www.protect-the-planet.de\\\/en\\\/#website\",\"url\":\"https:\\\/\\\/www.protect-the-planet.de\\\/en\\\/\",\"name\":\"Protect the Planet\",\"description\":\"If we don&#039;t change, the climate will.\",\"publisher\":{\"@id\":\"https:\\\/\\\/www.protect-the-planet.de\\\/en\\\/#organization\"},\"alternateName\":\"Protect the Panet gGmbH\",\"potentialAction\":[{\"@type\":\"SearchAction\",\"target\":{\"@type\":\"EntryPoint\",\"urlTemplate\":\"https:\\\/\\\/www.protect-the-planet.de\\\/en\\\/?s={search_term_string}\"},\"query-input\":{\"@type\":\"PropertyValueSpecification\",\"valueRequired\":true,\"valueName\":\"search_term_string\"}}],\"inLanguage\":\"en-US\"},{\"@type\":\"Organization\",\"@id\":\"https:\\\/\\\/www.protect-the-planet.de\\\/en\\\/#organization\",\"name\":\"Protect the Planet\",\"url\":\"https:\\\/\\\/www.protect-the-planet.de\\\/en\\\/\",\"logo\":{\"@type\":\"ImageObject\",\"inLanguage\":\"en-US\",\"@id\":\"https:\\\/\\\/www.protect-the-planet.de\\\/en\\\/#\\\/schema\\\/logo\\\/image\\\/\",\"url\":\"https:\\\/\\\/www.protect-the-planet.de\\\/wp-content\\\/uploads\\\/2023\\\/09\\\/LOGO-positiv_transparent-klein.png\",\"contentUrl\":\"https:\\\/\\\/www.protect-the-planet.de\\\/wp-content\\\/uploads\\\/2023\\\/09\\\/LOGO-positiv_transparent-klein.png\",\"width\":123,\"height\":68,\"caption\":\"Protect the Planet\"},\"image\":{\"@id\":\"https:\\\/\\\/www.protect-the-planet.de\\\/en\\\/#\\\/schema\\\/logo\\\/image\\\/\"},\"sameAs\":[\"https:\\\/\\\/www.facebook.com\\\/protecttheplanetDE\\\/\",\"https:\\\/\\\/x.com\\\/PtP_de\",\"https:\\\/\\\/www.instagram.com\\\/protecttheplanetorg\\\/\",\"https:\\\/\\\/www.linkedin.com\\\/company\\\/protect-the-planet\",\"https:\\\/\\\/www.youtube.com\\\/@protecttheplanet\"]},{\"@type\":\"Person\",\"@id\":\"https:\\\/\\\/www.protect-the-planet.de\\\/en\\\/#\\\/schema\\\/person\\\/94315f5fbca131d26764146a638b8fc6\",\"name\":\"Jana H\u00e4fner\",\"image\":{\"@type\":\"ImageObject\",\"inLanguage\":\"en-US\",\"@id\":\"https:\\\/\\\/www.protect-the-planet.de\\\/wp-content\\\/uploads\\\/2024\\\/04\\\/cropped-2310_ProtectThePlanet_206-96x96.jpg\",\"url\":\"https:\\\/\\\/www.protect-the-planet.de\\\/wp-content\\\/uploads\\\/2024\\\/04\\\/cropped-2310_ProtectThePlanet_206-96x96.jpg\",\"contentUrl\":\"https:\\\/\\\/www.protect-the-planet.de\\\/wp-content\\\/uploads\\\/2024\\\/04\\\/cropped-2310_ProtectThePlanet_206-96x96.jpg\",\"caption\":\"Jana H\u00e4fner\"},\"description\":\"jana.haefner@protect-the-planet.de +49 152 53089270\",\"url\":\"https:\\\/\\\/www.protect-the-planet.de\\\/en\\\/author\\\/jana-haefner\\\/\"}]}<\/script>\n<!-- \/ Yoast SEO plugin. -->","yoast_head_json":{"title":"\u201eIhr Leid, unsere Schuld: Wer zahlt eigentlich die Klima-Rechnung?\u201c - Protect the Planet","description":"Die reichsten 10 Prozent der Weltbev\u00f6lkerung verantworten etwa ebenso viel Treibhausgase wie die \u00fcbrigen 90 Prozent. Gleichwohl zwingt die Klimakrise die einkommensschwachen L\u00e4nder des Globalen S\u00fcdens zu erheblichen Anstrengungen. Das internationale Pariser Abkommen (2015) verpflichtet die Industriel\u00e4nder zur finanziellen Unterst\u00fctzung der einkommensschwachen L\u00e4nde - bis heute haben sie ihre Zusagen nicht erf\u00fcllt.","robots":{"index":"index","follow":"follow","max-snippet":"max-snippet:-1","max-image-preview":"max-image-preview:large","max-video-preview":"max-video-preview:-1"},"canonical":"https:\/\/www.protect-the-planet.de\/en\/2023-09-19-kowalzig-wer-zahlt\/","og_locale":"en_US","og_type":"article","og_title":"\u201eIhr Leid, unsere Schuld: Wer zahlt eigentlich die Klima-Rechnung?\u201c - Protect the Planet","og_description":"Die reichsten 10 Prozent der Weltbev\u00f6lkerung verantworten etwa ebenso viel Treibhausgase wie die \u00fcbrigen 90 Prozent. Gleichwohl zwingt die Klimakrise die einkommensschwachen L\u00e4nder des Globalen S\u00fcdens zu erheblichen Anstrengungen. Das internationale Pariser Abkommen (2015) verpflichtet die Industriel\u00e4nder zur finanziellen Unterst\u00fctzung der einkommensschwachen L\u00e4nde - bis heute haben sie ihre Zusagen nicht erf\u00fcllt.","og_url":"https:\/\/www.protect-the-planet.de\/en\/2023-09-19-kowalzig-wer-zahlt\/","og_site_name":"Protect the Planet","article_publisher":"https:\/\/www.facebook.com\/protecttheplanetDE\/","article_published_time":"2023-09-19T13:49:00+00:00","article_modified_time":"2025-12-03T16:07:22+00:00","og_image":[{"width":1920,"height":1080,"url":"https:\/\/www.protect-the-planet.de\/wp-content\/uploads\/2023\/08\/kowalzig-hp-li-fb.jpg","type":"image\/jpeg"}],"author":"Jana H\u00e4fner","twitter_card":"summary_large_image","twitter_creator":"@PtP_de","twitter_site":"@PtP_de","twitter_misc":{"Written by":"Jana H\u00e4fner","Est. reading time":"2 minutes"},"schema":{"@context":"https:\/\/schema.org","@graph":[{"@type":"Article","@id":"https:\/\/www.protect-the-planet.de\/en\/2023-09-19-kowalzig-wer-zahlt\/#article","isPartOf":{"@id":"https:\/\/www.protect-the-planet.de\/en\/2023-09-19-kowalzig-wer-zahlt\/"},"author":{"name":"Jana H\u00e4fner","@id":"https:\/\/www.protect-the-planet.de\/en\/#\/schema\/person\/94315f5fbca131d26764146a638b8fc6"},"headline":"\u201eIhr Leid, unsere Schuld: Wer zahlt eigentlich die Klima-Rechnung?\u201c","datePublished":"2023-09-19T13:49:00+00:00","dateModified":"2025-12-03T16:07:22+00:00","mainEntityOfPage":{"@id":"https:\/\/www.protect-the-planet.de\/en\/2023-09-19-kowalzig-wer-zahlt\/"},"wordCount":298,"publisher":{"@id":"https:\/\/www.protect-the-planet.de\/en\/#organization"},"image":{"@id":"https:\/\/www.protect-the-planet.de\/en\/2023-09-19-kowalzig-wer-zahlt\/#primaryimage"},"thumbnailUrl":"https:\/\/www.protect-the-planet.de\/wp-content\/uploads\/2023\/08\/kowalzig-hp-li-fb.jpg","keywords":["Ausgleichszahlungen","Dr. Helmut Paschlau","Klima-Rechnung","Klimaberater","Klimaherbst","Klimaherbst 2023","Klimaschutz","M\u00fcnchner Zukunftssalon","Oxfam","Oxfam e.V.","Pariser Abkommen","Schuldfrage","Vortrag","Vortragsreihe","Zukunftssalon"],"articleSection":["Event archive","Klima-Recht &amp; Gerechtigkeit"],"inLanguage":"en-US"},{"@type":"WebPage","@id":"https:\/\/www.protect-the-planet.de\/en\/2023-09-19-kowalzig-wer-zahlt\/","url":"https:\/\/www.protect-the-planet.de\/en\/2023-09-19-kowalzig-wer-zahlt\/","name":"\u201eIhr Leid, unsere Schuld: Wer zahlt eigentlich die Klima-Rechnung?\u201c - Protect the Planet","isPartOf":{"@id":"https:\/\/www.protect-the-planet.de\/en\/#website"},"primaryImageOfPage":{"@id":"https:\/\/www.protect-the-planet.de\/en\/2023-09-19-kowalzig-wer-zahlt\/#primaryimage"},"image":{"@id":"https:\/\/www.protect-the-planet.de\/en\/2023-09-19-kowalzig-wer-zahlt\/#primaryimage"},"thumbnailUrl":"https:\/\/www.protect-the-planet.de\/wp-content\/uploads\/2023\/08\/kowalzig-hp-li-fb.jpg","datePublished":"2023-09-19T13:49:00+00:00","dateModified":"2025-12-03T16:07:22+00:00","description":"Die reichsten 10 Prozent der Weltbev\u00f6lkerung verantworten etwa ebenso viel Treibhausgase wie die \u00fcbrigen 90 Prozent. Gleichwohl zwingt die Klimakrise die einkommensschwachen L\u00e4nder des Globalen S\u00fcdens zu erheblichen Anstrengungen. Das internationale Pariser Abkommen (2015) verpflichtet die Industriel\u00e4nder zur finanziellen Unterst\u00fctzung der einkommensschwachen L\u00e4nde - bis heute haben sie ihre Zusagen nicht erf\u00fcllt.","breadcrumb":{"@id":"https:\/\/www.protect-the-planet.de\/en\/2023-09-19-kowalzig-wer-zahlt\/#breadcrumb"},"inLanguage":"en-US","potentialAction":[{"@type":"ReadAction","target":["https:\/\/www.protect-the-planet.de\/en\/2023-09-19-kowalzig-wer-zahlt\/"]}]},{"@type":"ImageObject","inLanguage":"en-US","@id":"https:\/\/www.protect-the-planet.de\/en\/2023-09-19-kowalzig-wer-zahlt\/#primaryimage","url":"https:\/\/www.protect-the-planet.de\/wp-content\/uploads\/2023\/08\/kowalzig-hp-li-fb.jpg","contentUrl":"https:\/\/www.protect-the-planet.de\/wp-content\/uploads\/2023\/08\/kowalzig-hp-li-fb.jpg","width":1920,"height":1080,"caption":"23\/09\/19 Veranstaltung Kowalzig"},{"@type":"BreadcrumbList","@id":"https:\/\/www.protect-the-planet.de\/en\/2023-09-19-kowalzig-wer-zahlt\/#breadcrumb","itemListElement":[{"@type":"ListItem","position":1,"name":"Startseite","item":"https:\/\/www.protect-the-planet.de\/en\/home\/"},{"@type":"ListItem","position":2,"name":"\u201eIhr Leid, unsere Schuld: Wer zahlt eigentlich die Klima-Rechnung?\u201c"}]},{"@type":"WebSite","@id":"https:\/\/www.protect-the-planet.de\/en\/#website","url":"https:\/\/www.protect-the-planet.de\/en\/","name":"Protect the Planet","description":"If we don&#039;t change, the climate will.","publisher":{"@id":"https:\/\/www.protect-the-planet.de\/en\/#organization"},"alternateName":"Protect the Panet gGmbH","potentialAction":[{"@type":"SearchAction","target":{"@type":"EntryPoint","urlTemplate":"https:\/\/www.protect-the-planet.de\/en\/?s={search_term_string}"},"query-input":{"@type":"PropertyValueSpecification","valueRequired":true,"valueName":"search_term_string"}}],"inLanguage":"en-US"},{"@type":"Organization","@id":"https:\/\/www.protect-the-planet.de\/en\/#organization","name":"Protect the Planet","url":"https:\/\/www.protect-the-planet.de\/en\/","logo":{"@type":"ImageObject","inLanguage":"en-US","@id":"https:\/\/www.protect-the-planet.de\/en\/#\/schema\/logo\/image\/","url":"https:\/\/www.protect-the-planet.de\/wp-content\/uploads\/2023\/09\/LOGO-positiv_transparent-klein.png","contentUrl":"https:\/\/www.protect-the-planet.de\/wp-content\/uploads\/2023\/09\/LOGO-positiv_transparent-klein.png","width":123,"height":68,"caption":"Protect the Planet"},"image":{"@id":"https:\/\/www.protect-the-planet.de\/en\/#\/schema\/logo\/image\/"},"sameAs":["https:\/\/www.facebook.com\/protecttheplanetDE\/","https:\/\/x.com\/PtP_de","https:\/\/www.instagram.com\/protecttheplanetorg\/","https:\/\/www.linkedin.com\/company\/protect-the-planet","https:\/\/www.youtube.com\/@protecttheplanet"]},{"@type":"Person","@id":"https:\/\/www.protect-the-planet.de\/en\/#\/schema\/person\/94315f5fbca131d26764146a638b8fc6","name":"Jana H\u00e4fner","image":{"@type":"ImageObject","inLanguage":"en-US","@id":"https:\/\/www.protect-the-planet.de\/wp-content\/uploads\/2024\/04\/cropped-2310_ProtectThePlanet_206-96x96.jpg","url":"https:\/\/www.protect-the-planet.de\/wp-content\/uploads\/2024\/04\/cropped-2310_ProtectThePlanet_206-96x96.jpg","contentUrl":"https:\/\/www.protect-the-planet.de\/wp-content\/uploads\/2024\/04\/cropped-2310_ProtectThePlanet_206-96x96.jpg","caption":"Jana H\u00e4fner"},"description":"jana.haefner@protect-the-planet.de +49 152 53089270","url":"https:\/\/www.protect-the-planet.de\/en\/author\/jana-haefner\/"}]}},"_links":{"self":[{"href":"https:\/\/www.protect-the-planet.de\/en\/wp-json\/wp\/v2\/posts\/33739","targetHints":{"allow":["GET"]}}],"collection":[{"href":"https:\/\/www.protect-the-planet.de\/en\/wp-json\/wp\/v2\/posts"}],"about":[{"href":"https:\/\/www.protect-the-planet.de\/en\/wp-json\/wp\/v2\/types\/post"}],"author":[{"embeddable":true,"href":"https:\/\/www.protect-the-planet.de\/en\/wp-json\/wp\/v2\/users\/4"}],"replies":[{"embeddable":true,"href":"https:\/\/www.protect-the-planet.de\/en\/wp-json\/wp\/v2\/comments?post=33739"}],"version-history":[{"count":2,"href":"https:\/\/www.protect-the-planet.de\/en\/wp-json\/wp\/v2\/posts\/33739\/revisions"}],"predecessor-version":[{"id":33894,"href":"https:\/\/www.protect-the-planet.de\/en\/wp-json\/wp\/v2\/posts\/33739\/revisions\/33894"}],"wp:featuredmedia":[{"embeddable":true,"href":"https:\/\/www.protect-the-planet.de\/en\/wp-json\/wp\/v2\/media\/21783"}],"wp:attachment":[{"href":"https:\/\/www.protect-the-planet.de\/en\/wp-json\/wp\/v2\/media?parent=33739"}],"wp:term":[{"taxonomy":"category","embeddable":true,"href":"https:\/\/www.protect-the-planet.de\/en\/wp-json\/wp\/v2\/categories?post=33739"},{"taxonomy":"post_tag","embeddable":true,"href":"https:\/\/www.protect-the-planet.de\/en\/wp-json\/wp\/v2\/tags?post=33739"}],"curies":[{"name":"wp","href":"https:\/\/api.w.org\/{rel}","templated":true}]}}