{"id":33680,"date":"2024-02-15T19:34:00","date_gmt":"2024-02-15T18:34:00","guid":{"rendered":"https:\/\/www.protect-the-planet.de\/2024-02-15-muenchen-wird-solar-photovoltaik-light-nicht-nur-auf-dach-und-balkon\/"},"modified":"2025-11-18T16:50:10","modified_gmt":"2025-11-18T15:50:10","slug":"2024-02-15-muenchen-wird-solar-photovoltaik-light-nicht-nur-auf-dach-und-balkon","status":"publish","type":"post","link":"https:\/\/www.protect-the-planet.de\/en\/2024-02-15-muenchen-wird-solar-photovoltaik-light-nicht-nur-auf-dach-und-balkon\/","title":{"rendered":"&#8220;M\u00fcnchen wird Solar: Photovoltaik light \u2013 nicht nur auf Dach und Balkon!&#8221;"},"content":{"rendered":"\n<p class=\"has-text-align-center\"><strong>In unserer Reihe \u201eKlima \u2013 neue Heizung? Was geht mich das an?\u201c<\/strong><\/p>\n\n\n\n<h2 class=\"wp-block-heading has-text-align-center\">ALFRED B\u00c4DER<\/h2>\n\n\n\n<p class=\"has-text-align-center\">Solarteur, Energieberater (HWK), Berater f\u00fcr E-Mobilit\u00e4t<\/p>\n\n\n\n<div style=\"height:30px\" aria-hidden=\"true\" class=\"wp-block-spacer\"><\/div>\n\n\n\n<hr class=\"wp-block-separator has-alpha-channel-opacity\"\/>\n\n\n\n<div style=\"height:30px\" aria-hidden=\"true\" class=\"wp-block-spacer\"><\/div>\n\n\n\n<p class=\"has-text-align-center\"> <a href=\"https:\/\/www.protect-the-planet.de\/wp-content\/uploads\/2024\/01\/Einladungstext-Baeder-15.02.2024.pdf\"><strong>Event-Info PDF | Dr. Helmut Paschlau<\/strong><\/a><\/p>\n\n\n\n <div class=\"brlbs-cmpnt-container brlbs-cmpnt-content-blocker brlbs-cmpnt-with-individual-styles\" data-borlabs-cookie-content-blocker-id=\"youtube-content-blocker\" data-borlabs-cookie-content=\"PGlmcmFtZSB3aWR0aD0iNTYwIiBoZWlnaHQ9IjMxNSIgc3JjPSJodHRwczovL3d3dy55b3V0dWJlLW5vY29va2llLmNvbS9lbWJlZC9jVG81VkFCSmYwND9zaT1tS1lsb3ZrNi1rRFNJcEdzIiB0aXRsZT0iWW91VHViZSB2aWRlbyBwbGF5ZXIiIGZyYW1lYm9yZGVyPSIwIiBhbGxvdz0iYWNjZWxlcm9tZXRlcjsgYXV0b3BsYXk7IGNsaXBib2FyZC13cml0ZTsgZW5jcnlwdGVkLW1lZGlhOyBneXJvc2NvcGU7IHBpY3R1cmUtaW4tcGljdHVyZTsgd2ViLXNoYXJlIiByZWZlcnJlcnBvbGljeT0ic3RyaWN0LW9yaWdpbi13aGVuLWNyb3NzLW9yaWdpbiIgYWxsb3dmdWxsc2NyZWVuPjwvaWZyYW1lPg==\"><div class=\"brlbs-cmpnt-cb-preset-c brlbs-cmpnt-cb-youtube\"> <div class=\"brlbs-cmpnt-cb-thumbnail\" style=\"background-image: url('https:\/\/www.protect-the-planet.de\/wp-content\/uploads\/borlabs-cookie\/1\/yt_cTo5VABJf04_hqdefault.jpg')\"><\/div> <div class=\"brlbs-cmpnt-cb-main\"> <div class=\"brlbs-cmpnt-cb-play-button\"><\/div> <div class=\"brlbs-cmpnt-cb-content\"> <p class=\"brlbs-cmpnt-cb-description\">You are currently viewing a placeholder content from <strong>YouTube<\/strong>. To access the actual content, click the button below. Please note that doing so will share data with third-party providers.<\/p> <a class=\"brlbs-cmpnt-cb-provider-toggle\" href=\"#\" data-borlabs-cookie-show-provider-information role=\"button\">More Information<\/a> <\/div> <div class=\"brlbs-cmpnt-cb-buttons\"> <a class=\"brlbs-cmpnt-cb-btn\" href=\"#\" data-borlabs-cookie-unblock role=\"button\">Unblock content<\/a> <a class=\"brlbs-cmpnt-cb-btn\" href=\"#\" data-borlabs-cookie-accept-service role=\"button\" style=\"display: inherit\">Accept required service and unblock content<\/a> <\/div> <\/div> <\/div><\/div>\n\n\n\n<div style=\"height:30px\" aria-hidden=\"true\" class=\"wp-block-spacer\"><\/div>\n\n\n\n<p class=\"has-text-align-center\"> <a href=\"https:\/\/www.protect-the-planet.de\/wp-content\/uploads\/2024\/02\/Baeder_Muenchen-Solar_PV-light_Nicht-nur-auf-Dach-und-Balkon.pdf\"><strong>Vortragsfolien PDF | Alfred B\u00e4der<\/strong><\/a><\/p>\n\n\n\n<div style=\"height:30px\" aria-hidden=\"true\" class=\"wp-block-spacer\"><\/div>\n\n\n\n<p>Der Vortrag erl\u00e4utert anschaulich die notwendigen technischen Voraussetzungen und Qualit\u00e4tskriterien von PV-Anlagen und die je nach Zielsetzung weiteren Faustregeln zur Dimensionierung der Solarmodule und optionaler Speicher, etwa f\u00fcr hohe Wirtschaftlichkeit oder gr\u00f6\u00dftm\u00f6gliche Autarkie. Dargestellt werden auch die verschiedenen Ladesysteme f\u00fcr Elektroautos und \u2013 nicht zuletzt \u2013 die F\u00f6rderprogramme f\u00fcr Photovoltaik, Ladeinfrastruktur und elektrisch betriebene Leichtfahrzeuge wie etwa Lastenfahrr\u00e4der. Denn PV-Anlagen auf Dach, Carport, im Garten, an der Fassade und am Balkon werden in M\u00fcnchen k\u00fcnftig ein wesentliches Element der (eigenen) Stromversorgung darstellen \u2013 und etwas zur Entsch\u00e4rfung der Klimakrise beitragen. So vermittelt der Referent, wie Sie in Ihrem Eigenheim, aber auch in der Miet- oder Eigentumswohnung, mittels Photovoltaik Strom erzeugen k\u00f6nnen und so nicht nur was Gutes f\u00fcr\u2019s Klima, sondern auch f\u00fcr Ihren Geldbeutel tun k\u00f6nnen. Alfred B\u00e4der ist zertifizierter Solarteur und Energieberater und kennt alle Praxis-Kniffs nicht nur bei der st\u00e4dtischen F\u00f6rderung.<\/p>\n\n\n\n<h3 class=\"wp-block-heading\"><strong>Zum Weiterlesen:<\/strong><\/h3>\n\n\n\n<ul class=\"wp-block-list\">\n<li>\u201eMasterplan Solares M\u00fcnchen\u201c soll Photovoltaik-Ausbau beschleunigen:<a href=\"https:\/\/stadt.muenchen.de\/news\/masterplan-solares-muenchen-.html\">\u00a0www.stadt.muenchen.de\/news\/masterplan-solares- muenchen-.html<\/a><\/li>\n\n\n\n<li>F\u00f6rderprogramme Klimaneutrale Geb\u00e4ude (FKG) und Klimaneutrale Antriebe (FKA): <a href=\"http:\/\/www.umweltpakt.bayern.de\/energie_klima\/aktuelles\/3639\/fkg-fka-landeshauptstadt-muenchen-foerdert-klimaneutralitaet\">www.umweltpakt.bayern.de\/energie_klima\/aktuelles\/3639\/fkg-fka-landeshauptstadt-muenchen-foerdert-klimaneutralitaet<\/a>\u00a0(Achtung: Zum Zeitpunkt der Drucklegung dieses Textes ist wegen der Probleme rund um den Bundeshaushalt das st\u00e4dtische F\u00f6rderprogramm FKG ausgesetzt; es wird aber erwartet, dass dies nur eng befristet der Fall sein wird).<\/li>\n\n\n\n<li><a href=\"https:\/\/www.boell.de\/sites\/default\/files\/2021-03\/BoellFakten_Waermewende.pdf\">Heinrich\u00adB\u00f6ll\u00adStiftung e. V.: Besser wohnen mit Klimaschutz. 17 Fakten zur W\u00e4rmewende, 2021.<\/a><\/li>\n<\/ul>\n\n\n\n<div style=\"height:30px\" aria-hidden=\"true\" class=\"wp-block-spacer\"><\/div>\n\n\n\n<hr class=\"wp-block-separator has-alpha-channel-opacity\"\/>\n\n\n\n<div style=\"height:30px\" aria-hidden=\"true\" class=\"wp-block-spacer\"><\/div>\n\n\n\n<p class=\"has-text-align-center\"><strong>Die Veranstalter<\/strong>:<\/p>\n\n\n\n<p class=\"has-text-align-center\"><a href=\"https:\/\/energienetzwerk-muc.de\/\" target=\"_blank\" rel=\"noreferrer noopener\">Saubere Energie M\u00fcnchen e.V.<\/a> und <a href=\"https:\/\/www.protect-the-planet.de\/en\/\">Protect the Planet<\/a><\/p>\n\n\n\n<p class=\"has-text-align-left\"><strong>Event-Kooperationspartner:<\/strong><\/p>\n\n\n\n<ul class=\"wp-block-list\">\n<li><a href=\"https:\/\/twitter.com\/fff_muc\">Fridays for Future M\u00fcnchen<\/a><\/li>\n\n\n\n<li><a href=\"http:\/\/bn-muenchen.de\/\">Bund Naturschutz in Bayern e.V. Kreisgruppe M\u00fcnchen<\/a><\/li>\n\n\n\n<li><a href=\"https:\/\/www.greencity.de\/verein\/\">Greencity \u2013 der Verein<\/a><\/li>\n\n\n\n<li><a href=\"https:\/\/twitter.com\/Kohleausstieg_M\">Raus-aus-der-Steinkohle M\u00fcnchen<\/a><\/li>\n\n\n\n<li><a href=\"https:\/\/fossilfreemunich.wixsite.com\/home\">Fossil Free M\u00fcnchen<\/a><\/li>\n\n\n\n<li><a href=\"https:\/\/muenchen.scientists4future.org\/\">Scientists4Future M\u00fcnchen<\/a><\/li>\n\n\n\n<li><a href=\"https:\/\/oekom-verein.de\/\">oekom e.V.<\/a><\/li>\n\n\n\n<li><a href=\"https:\/\/www.bene-muenchen.de\/\">BenE M\u00fcnchen<\/a><\/li>\n\n\n\n<li><a href=\"https:\/\/germanzero.de\/\">M\u00fcnchen Zero<\/a><\/li>\n\n\n\n<li><a href=\"https:\/\/umwelt.asta.tum.de\/\">Studentische Vertretung der TUM \u2013 Referat f\u00fcr Umwelt<\/a><\/li>\n\n\n\n<li><a href=\"https:\/\/nachhaltigkeit-ev.de\">Verein f\u00fcr Nachhaltigkeit e.V.<\/a><\/li>\n\n\n\n<li><a href=\"https:\/\/www.dgs.de\/dgs\/organisation\/sektionen\/muenchen\/\">Deutsche Gesellschaft f\u00fcr Sonnenenergie e.V., Sektion M\u00fcnchen\/Oberbayern<\/a><\/li>\n<\/ul>\n\n\n\n<p><\/p>\n\n\n\n<p><strong>Medienpartner:<\/strong><\/p>\n\n\n\n<ul class=\"wp-block-list\">\n<li><a href=\"https:\/\/lora924.de\/\" target=\"_blank\" rel=\"noreferrer noopener\">Radio Lora 92.4<\/a><\/li>\n\n\n\n<li><a href=\"https:\/\/www.forum-csr.net\/\" target=\"_blank\" rel=\"noreferrer noopener\">forum nachhaltig wirtschaften<\/a><\/li>\n<\/ul>\n\n\n\n<div style=\"height:30px\" aria-hidden=\"true\" class=\"wp-block-spacer\"><\/div>\n\n\n\n<p><\/p>\n","protected":false},"excerpt":{"rendered":"<p>Alfred B\u00e4der (Solarteur, Energieberater HWK, Berater f\u00fcr E-Mobilit\u00e4t)<\/p>\n","protected":false},"author":6,"featured_media":24386,"comment_status":"closed","ping_status":"closed","sticky":false,"template":"","format":"standard","meta":{"footnotes":""},"categories":[1509,1637],"tags":[978,698,979,941,949,840,753,980,981,982,703,712],"class_list":["post-33680","post","type-post","status-publish","format-standard","has-post-thumbnail","hentry","category-event-archive","category-muenchen-llokales-en","tag-alfred-baeder-en","tag-dr-helmut-paschlau-en","tag-e-auto-en","tag-heizung-en","tag-heizungsinnung-en","tag-medien-en","tag-muenchen-en","tag-photovoltaik-en","tag-pv-en","tag-solar-en","tag-vortragsreihe-en","tag-zukunftssalon-en"],"yoast_head":"<!-- This site is optimized with the Yoast SEO plugin v27.5 - https:\/\/yoast.com\/product\/yoast-seo-wordpress\/ -->\n<title>&quot;M\u00fcnchen wird Solar: Photovoltaik light \u2013 nicht nur auf Dach und Balkon!&quot; - Protect the Planet<\/title>\n<meta name=\"description\" content=\"Der Vortrag erl\u00e4utert technische Voraussetzungen und Qualit\u00e4tskriterien von PV-Anlagen und weitere Faustregeln f\u00fcr Solarmodule und Speicher.\" \/>\n<meta name=\"robots\" content=\"index, follow, max-snippet:-1, max-image-preview:large, max-video-preview:-1\" \/>\n<link rel=\"canonical\" href=\"https:\/\/www.protect-the-planet.de\/en\/2024-02-15-muenchen-wird-solar-photovoltaik-light-nicht-nur-auf-dach-und-balkon\/\" \/>\n<meta property=\"og:locale\" content=\"en_US\" \/>\n<meta property=\"og:type\" content=\"article\" \/>\n<meta property=\"og:title\" content=\"&quot;M\u00fcnchen wird Solar: Photovoltaik light \u2013 nicht nur auf Dach und Balkon!&quot; - Protect the Planet\" \/>\n<meta property=\"og:description\" content=\"Der Vortrag erl\u00e4utert technische Voraussetzungen und Qualit\u00e4tskriterien von PV-Anlagen und weitere Faustregeln f\u00fcr Solarmodule und Speicher.\" \/>\n<meta property=\"og:url\" content=\"https:\/\/www.protect-the-planet.de\/en\/2024-02-15-muenchen-wird-solar-photovoltaik-light-nicht-nur-auf-dach-und-balkon\/\" \/>\n<meta property=\"og:site_name\" content=\"Protect the Planet\" \/>\n<meta property=\"article:publisher\" content=\"https:\/\/www.facebook.com\/protecttheplanetDE\/\" \/>\n<meta property=\"article:published_time\" content=\"2024-02-15T18:34:00+00:00\" \/>\n<meta property=\"article:modified_time\" content=\"2025-11-18T15:50:10+00:00\" \/>\n<meta property=\"og:image\" content=\"https:\/\/www.protect-the-planet.de\/wp-content\/uploads\/2023\/12\/Baeder-hp-fb-linkedin-1.jpg\" \/>\n\t<meta property=\"og:image:width\" content=\"1920\" \/>\n\t<meta property=\"og:image:height\" content=\"1080\" \/>\n\t<meta property=\"og:image:type\" content=\"image\/jpeg\" \/>\n<meta name=\"author\" content=\"Fenya Kirst\" \/>\n<meta name=\"twitter:card\" content=\"summary_large_image\" \/>\n<meta name=\"twitter:creator\" content=\"@PtP_de\" \/>\n<meta name=\"twitter:site\" content=\"@PtP_de\" \/>\n<meta name=\"twitter:label1\" content=\"Written by\" \/>\n\t<meta name=\"twitter:data1\" content=\"Fenya Kirst\" \/>\n\t<meta name=\"twitter:label2\" content=\"Est. reading time\" \/>\n\t<meta name=\"twitter:data2\" content=\"2 minutes\" \/>\n<script type=\"application\/ld+json\" class=\"yoast-schema-graph\">{\"@context\":\"https:\\\/\\\/schema.org\",\"@graph\":[{\"@type\":\"Article\",\"@id\":\"https:\\\/\\\/www.protect-the-planet.de\\\/en\\\/2024-02-15-muenchen-wird-solar-photovoltaik-light-nicht-nur-auf-dach-und-balkon\\\/#article\",\"isPartOf\":{\"@id\":\"https:\\\/\\\/www.protect-the-planet.de\\\/en\\\/2024-02-15-muenchen-wird-solar-photovoltaik-light-nicht-nur-auf-dach-und-balkon\\\/\"},\"author\":{\"name\":\"Fenya Kirst\",\"@id\":\"https:\\\/\\\/www.protect-the-planet.de\\\/en\\\/#\\\/schema\\\/person\\\/34a10854efaaf0bf11a3b6fbe966fcd0\"},\"headline\":\"&#8220;M\u00fcnchen wird Solar: Photovoltaik light \u2013 nicht nur auf Dach und Balkon!&#8221;\",\"datePublished\":\"2024-02-15T18:34:00+00:00\",\"dateModified\":\"2025-11-18T15:50:10+00:00\",\"mainEntityOfPage\":{\"@id\":\"https:\\\/\\\/www.protect-the-planet.de\\\/en\\\/2024-02-15-muenchen-wird-solar-photovoltaik-light-nicht-nur-auf-dach-und-balkon\\\/\"},\"wordCount\":369,\"publisher\":{\"@id\":\"https:\\\/\\\/www.protect-the-planet.de\\\/en\\\/#organization\"},\"image\":{\"@id\":\"https:\\\/\\\/www.protect-the-planet.de\\\/en\\\/2024-02-15-muenchen-wird-solar-photovoltaik-light-nicht-nur-auf-dach-und-balkon\\\/#primaryimage\"},\"thumbnailUrl\":\"https:\\\/\\\/www.protect-the-planet.de\\\/wp-content\\\/uploads\\\/2023\\\/12\\\/Baeder-hp-fb-linkedin-1.jpg\",\"keywords\":[\"Alfred B\u00e4der\",\"Dr. Helmut Paschlau\",\"E-Auto\",\"Heizung\",\"Heizungsinnung\",\"Medien\",\"M\u00fcnchen\",\"Photovoltaik\",\"PV\",\"Solar\",\"Vortragsreihe\",\"Zukunftssalon\"],\"articleSection\":[\"Event archive\",\"M\u00fcnchen &amp; Lokales\"],\"inLanguage\":\"en-US\"},{\"@type\":\"WebPage\",\"@id\":\"https:\\\/\\\/www.protect-the-planet.de\\\/en\\\/2024-02-15-muenchen-wird-solar-photovoltaik-light-nicht-nur-auf-dach-und-balkon\\\/\",\"url\":\"https:\\\/\\\/www.protect-the-planet.de\\\/en\\\/2024-02-15-muenchen-wird-solar-photovoltaik-light-nicht-nur-auf-dach-und-balkon\\\/\",\"name\":\"\\\"M\u00fcnchen wird Solar: Photovoltaik light \u2013 nicht nur auf Dach und Balkon!\\\" - Protect the Planet\",\"isPartOf\":{\"@id\":\"https:\\\/\\\/www.protect-the-planet.de\\\/en\\\/#website\"},\"primaryImageOfPage\":{\"@id\":\"https:\\\/\\\/www.protect-the-planet.de\\\/en\\\/2024-02-15-muenchen-wird-solar-photovoltaik-light-nicht-nur-auf-dach-und-balkon\\\/#primaryimage\"},\"image\":{\"@id\":\"https:\\\/\\\/www.protect-the-planet.de\\\/en\\\/2024-02-15-muenchen-wird-solar-photovoltaik-light-nicht-nur-auf-dach-und-balkon\\\/#primaryimage\"},\"thumbnailUrl\":\"https:\\\/\\\/www.protect-the-planet.de\\\/wp-content\\\/uploads\\\/2023\\\/12\\\/Baeder-hp-fb-linkedin-1.jpg\",\"datePublished\":\"2024-02-15T18:34:00+00:00\",\"dateModified\":\"2025-11-18T15:50:10+00:00\",\"description\":\"Der Vortrag erl\u00e4utert technische Voraussetzungen und Qualit\u00e4tskriterien von PV-Anlagen und weitere Faustregeln f\u00fcr Solarmodule und Speicher.\",\"breadcrumb\":{\"@id\":\"https:\\\/\\\/www.protect-the-planet.de\\\/en\\\/2024-02-15-muenchen-wird-solar-photovoltaik-light-nicht-nur-auf-dach-und-balkon\\\/#breadcrumb\"},\"inLanguage\":\"en-US\",\"potentialAction\":[{\"@type\":\"ReadAction\",\"target\":[\"https:\\\/\\\/www.protect-the-planet.de\\\/en\\\/2024-02-15-muenchen-wird-solar-photovoltaik-light-nicht-nur-auf-dach-und-balkon\\\/\"]}]},{\"@type\":\"ImageObject\",\"inLanguage\":\"en-US\",\"@id\":\"https:\\\/\\\/www.protect-the-planet.de\\\/en\\\/2024-02-15-muenchen-wird-solar-photovoltaik-light-nicht-nur-auf-dach-und-balkon\\\/#primaryimage\",\"url\":\"https:\\\/\\\/www.protect-the-planet.de\\\/wp-content\\\/uploads\\\/2023\\\/12\\\/Baeder-hp-fb-linkedin-1.jpg\",\"contentUrl\":\"https:\\\/\\\/www.protect-the-planet.de\\\/wp-content\\\/uploads\\\/2023\\\/12\\\/Baeder-hp-fb-linkedin-1.jpg\",\"width\":1920,\"height\":1080},{\"@type\":\"BreadcrumbList\",\"@id\":\"https:\\\/\\\/www.protect-the-planet.de\\\/en\\\/2024-02-15-muenchen-wird-solar-photovoltaik-light-nicht-nur-auf-dach-und-balkon\\\/#breadcrumb\",\"itemListElement\":[{\"@type\":\"ListItem\",\"position\":1,\"name\":\"Startseite\",\"item\":\"https:\\\/\\\/www.protect-the-planet.de\\\/en\\\/home\\\/\"},{\"@type\":\"ListItem\",\"position\":2,\"name\":\"&#8222;M\u00fcnchen wird Solar: Photovoltaik light \u2013 nicht nur auf Dach und Balkon!&#8220;\"}]},{\"@type\":\"WebSite\",\"@id\":\"https:\\\/\\\/www.protect-the-planet.de\\\/en\\\/#website\",\"url\":\"https:\\\/\\\/www.protect-the-planet.de\\\/en\\\/\",\"name\":\"Protect the Planet\",\"description\":\"If we don&#039;t change, the climate will.\",\"publisher\":{\"@id\":\"https:\\\/\\\/www.protect-the-planet.de\\\/en\\\/#organization\"},\"alternateName\":\"Protect the Panet gGmbH\",\"potentialAction\":[{\"@type\":\"SearchAction\",\"target\":{\"@type\":\"EntryPoint\",\"urlTemplate\":\"https:\\\/\\\/www.protect-the-planet.de\\\/en\\\/?s={search_term_string}\"},\"query-input\":{\"@type\":\"PropertyValueSpecification\",\"valueRequired\":true,\"valueName\":\"search_term_string\"}}],\"inLanguage\":\"en-US\"},{\"@type\":\"Organization\",\"@id\":\"https:\\\/\\\/www.protect-the-planet.de\\\/en\\\/#organization\",\"name\":\"Protect the Planet\",\"url\":\"https:\\\/\\\/www.protect-the-planet.de\\\/en\\\/\",\"logo\":{\"@type\":\"ImageObject\",\"inLanguage\":\"en-US\",\"@id\":\"https:\\\/\\\/www.protect-the-planet.de\\\/en\\\/#\\\/schema\\\/logo\\\/image\\\/\",\"url\":\"https:\\\/\\\/www.protect-the-planet.de\\\/wp-content\\\/uploads\\\/2023\\\/09\\\/LOGO-positiv_transparent-klein.png\",\"contentUrl\":\"https:\\\/\\\/www.protect-the-planet.de\\\/wp-content\\\/uploads\\\/2023\\\/09\\\/LOGO-positiv_transparent-klein.png\",\"width\":123,\"height\":68,\"caption\":\"Protect the Planet\"},\"image\":{\"@id\":\"https:\\\/\\\/www.protect-the-planet.de\\\/en\\\/#\\\/schema\\\/logo\\\/image\\\/\"},\"sameAs\":[\"https:\\\/\\\/www.facebook.com\\\/protecttheplanetDE\\\/\",\"https:\\\/\\\/x.com\\\/PtP_de\",\"https:\\\/\\\/www.instagram.com\\\/protecttheplanetorg\\\/\",\"https:\\\/\\\/www.linkedin.com\\\/company\\\/protect-the-planet\",\"https:\\\/\\\/www.youtube.com\\\/@protecttheplanet\"]},{\"@type\":\"Person\",\"@id\":\"https:\\\/\\\/www.protect-the-planet.de\\\/en\\\/#\\\/schema\\\/person\\\/34a10854efaaf0bf11a3b6fbe966fcd0\",\"name\":\"Fenya Kirst\",\"image\":{\"@type\":\"ImageObject\",\"inLanguage\":\"en-US\",\"@id\":\"https:\\\/\\\/www.protect-the-planet.de\\\/wp-content\\\/uploads\\\/2024\\\/03\\\/cropped-2310_ProtectThePlanet_Portraet-Fenya-quadr-scaled-1-96x96.jpg\",\"url\":\"https:\\\/\\\/www.protect-the-planet.de\\\/wp-content\\\/uploads\\\/2024\\\/03\\\/cropped-2310_ProtectThePlanet_Portraet-Fenya-quadr-scaled-1-96x96.jpg\",\"contentUrl\":\"https:\\\/\\\/www.protect-the-planet.de\\\/wp-content\\\/uploads\\\/2024\\\/03\\\/cropped-2310_ProtectThePlanet_Portraet-Fenya-quadr-scaled-1-96x96.jpg\",\"caption\":\"Fenya Kirst\"},\"description\":\"fenya.kirst@protect-the-planet.de +49 162 9085805\",\"url\":\"https:\\\/\\\/www.protect-the-planet.de\\\/en\\\/author\\\/fenya-kirst\\\/\"}]}<\/script>\n<!-- \/ Yoast SEO plugin. -->","yoast_head_json":{"title":"\"M\u00fcnchen wird Solar: Photovoltaik light \u2013 nicht nur auf Dach und Balkon!\" - Protect the Planet","description":"Der Vortrag erl\u00e4utert technische Voraussetzungen und Qualit\u00e4tskriterien von PV-Anlagen und weitere Faustregeln f\u00fcr Solarmodule und Speicher.","robots":{"index":"index","follow":"follow","max-snippet":"max-snippet:-1","max-image-preview":"max-image-preview:large","max-video-preview":"max-video-preview:-1"},"canonical":"https:\/\/www.protect-the-planet.de\/en\/2024-02-15-muenchen-wird-solar-photovoltaik-light-nicht-nur-auf-dach-und-balkon\/","og_locale":"en_US","og_type":"article","og_title":"\"M\u00fcnchen wird Solar: Photovoltaik light \u2013 nicht nur auf Dach und Balkon!\" - Protect the Planet","og_description":"Der Vortrag erl\u00e4utert technische Voraussetzungen und Qualit\u00e4tskriterien von PV-Anlagen und weitere Faustregeln f\u00fcr Solarmodule und Speicher.","og_url":"https:\/\/www.protect-the-planet.de\/en\/2024-02-15-muenchen-wird-solar-photovoltaik-light-nicht-nur-auf-dach-und-balkon\/","og_site_name":"Protect the Planet","article_publisher":"https:\/\/www.facebook.com\/protecttheplanetDE\/","article_published_time":"2024-02-15T18:34:00+00:00","article_modified_time":"2025-11-18T15:50:10+00:00","og_image":[{"width":1920,"height":1080,"url":"https:\/\/www.protect-the-planet.de\/wp-content\/uploads\/2023\/12\/Baeder-hp-fb-linkedin-1.jpg","type":"image\/jpeg"}],"author":"Fenya Kirst","twitter_card":"summary_large_image","twitter_creator":"@PtP_de","twitter_site":"@PtP_de","twitter_misc":{"Written by":"Fenya Kirst","Est. reading time":"2 minutes"},"schema":{"@context":"https:\/\/schema.org","@graph":[{"@type":"Article","@id":"https:\/\/www.protect-the-planet.de\/en\/2024-02-15-muenchen-wird-solar-photovoltaik-light-nicht-nur-auf-dach-und-balkon\/#article","isPartOf":{"@id":"https:\/\/www.protect-the-planet.de\/en\/2024-02-15-muenchen-wird-solar-photovoltaik-light-nicht-nur-auf-dach-und-balkon\/"},"author":{"name":"Fenya Kirst","@id":"https:\/\/www.protect-the-planet.de\/en\/#\/schema\/person\/34a10854efaaf0bf11a3b6fbe966fcd0"},"headline":"&#8220;M\u00fcnchen wird Solar: Photovoltaik light \u2013 nicht nur auf Dach und Balkon!&#8221;","datePublished":"2024-02-15T18:34:00+00:00","dateModified":"2025-11-18T15:50:10+00:00","mainEntityOfPage":{"@id":"https:\/\/www.protect-the-planet.de\/en\/2024-02-15-muenchen-wird-solar-photovoltaik-light-nicht-nur-auf-dach-und-balkon\/"},"wordCount":369,"publisher":{"@id":"https:\/\/www.protect-the-planet.de\/en\/#organization"},"image":{"@id":"https:\/\/www.protect-the-planet.de\/en\/2024-02-15-muenchen-wird-solar-photovoltaik-light-nicht-nur-auf-dach-und-balkon\/#primaryimage"},"thumbnailUrl":"https:\/\/www.protect-the-planet.de\/wp-content\/uploads\/2023\/12\/Baeder-hp-fb-linkedin-1.jpg","keywords":["Alfred B\u00e4der","Dr. Helmut Paschlau","E-Auto","Heizung","Heizungsinnung","Medien","M\u00fcnchen","Photovoltaik","PV","Solar","Vortragsreihe","Zukunftssalon"],"articleSection":["Event archive","M\u00fcnchen &amp; Lokales"],"inLanguage":"en-US"},{"@type":"WebPage","@id":"https:\/\/www.protect-the-planet.de\/en\/2024-02-15-muenchen-wird-solar-photovoltaik-light-nicht-nur-auf-dach-und-balkon\/","url":"https:\/\/www.protect-the-planet.de\/en\/2024-02-15-muenchen-wird-solar-photovoltaik-light-nicht-nur-auf-dach-und-balkon\/","name":"\"M\u00fcnchen wird Solar: Photovoltaik light \u2013 nicht nur auf Dach und Balkon!\" - Protect the Planet","isPartOf":{"@id":"https:\/\/www.protect-the-planet.de\/en\/#website"},"primaryImageOfPage":{"@id":"https:\/\/www.protect-the-planet.de\/en\/2024-02-15-muenchen-wird-solar-photovoltaik-light-nicht-nur-auf-dach-und-balkon\/#primaryimage"},"image":{"@id":"https:\/\/www.protect-the-planet.de\/en\/2024-02-15-muenchen-wird-solar-photovoltaik-light-nicht-nur-auf-dach-und-balkon\/#primaryimage"},"thumbnailUrl":"https:\/\/www.protect-the-planet.de\/wp-content\/uploads\/2023\/12\/Baeder-hp-fb-linkedin-1.jpg","datePublished":"2024-02-15T18:34:00+00:00","dateModified":"2025-11-18T15:50:10+00:00","description":"Der Vortrag erl\u00e4utert technische Voraussetzungen und Qualit\u00e4tskriterien von PV-Anlagen und weitere Faustregeln f\u00fcr Solarmodule und Speicher.","breadcrumb":{"@id":"https:\/\/www.protect-the-planet.de\/en\/2024-02-15-muenchen-wird-solar-photovoltaik-light-nicht-nur-auf-dach-und-balkon\/#breadcrumb"},"inLanguage":"en-US","potentialAction":[{"@type":"ReadAction","target":["https:\/\/www.protect-the-planet.de\/en\/2024-02-15-muenchen-wird-solar-photovoltaik-light-nicht-nur-auf-dach-und-balkon\/"]}]},{"@type":"ImageObject","inLanguage":"en-US","@id":"https:\/\/www.protect-the-planet.de\/en\/2024-02-15-muenchen-wird-solar-photovoltaik-light-nicht-nur-auf-dach-und-balkon\/#primaryimage","url":"https:\/\/www.protect-the-planet.de\/wp-content\/uploads\/2023\/12\/Baeder-hp-fb-linkedin-1.jpg","contentUrl":"https:\/\/www.protect-the-planet.de\/wp-content\/uploads\/2023\/12\/Baeder-hp-fb-linkedin-1.jpg","width":1920,"height":1080},{"@type":"BreadcrumbList","@id":"https:\/\/www.protect-the-planet.de\/en\/2024-02-15-muenchen-wird-solar-photovoltaik-light-nicht-nur-auf-dach-und-balkon\/#breadcrumb","itemListElement":[{"@type":"ListItem","position":1,"name":"Startseite","item":"https:\/\/www.protect-the-planet.de\/en\/home\/"},{"@type":"ListItem","position":2,"name":"&#8222;M\u00fcnchen wird Solar: Photovoltaik light \u2013 nicht nur auf Dach und Balkon!&#8220;"}]},{"@type":"WebSite","@id":"https:\/\/www.protect-the-planet.de\/en\/#website","url":"https:\/\/www.protect-the-planet.de\/en\/","name":"Protect the Planet","description":"If we don&#039;t change, the climate will.","publisher":{"@id":"https:\/\/www.protect-the-planet.de\/en\/#organization"},"alternateName":"Protect the Panet gGmbH","potentialAction":[{"@type":"SearchAction","target":{"@type":"EntryPoint","urlTemplate":"https:\/\/www.protect-the-planet.de\/en\/?s={search_term_string}"},"query-input":{"@type":"PropertyValueSpecification","valueRequired":true,"valueName":"search_term_string"}}],"inLanguage":"en-US"},{"@type":"Organization","@id":"https:\/\/www.protect-the-planet.de\/en\/#organization","name":"Protect the Planet","url":"https:\/\/www.protect-the-planet.de\/en\/","logo":{"@type":"ImageObject","inLanguage":"en-US","@id":"https:\/\/www.protect-the-planet.de\/en\/#\/schema\/logo\/image\/","url":"https:\/\/www.protect-the-planet.de\/wp-content\/uploads\/2023\/09\/LOGO-positiv_transparent-klein.png","contentUrl":"https:\/\/www.protect-the-planet.de\/wp-content\/uploads\/2023\/09\/LOGO-positiv_transparent-klein.png","width":123,"height":68,"caption":"Protect the Planet"},"image":{"@id":"https:\/\/www.protect-the-planet.de\/en\/#\/schema\/logo\/image\/"},"sameAs":["https:\/\/www.facebook.com\/protecttheplanetDE\/","https:\/\/x.com\/PtP_de","https:\/\/www.instagram.com\/protecttheplanetorg\/","https:\/\/www.linkedin.com\/company\/protect-the-planet","https:\/\/www.youtube.com\/@protecttheplanet"]},{"@type":"Person","@id":"https:\/\/www.protect-the-planet.de\/en\/#\/schema\/person\/34a10854efaaf0bf11a3b6fbe966fcd0","name":"Fenya Kirst","image":{"@type":"ImageObject","inLanguage":"en-US","@id":"https:\/\/www.protect-the-planet.de\/wp-content\/uploads\/2024\/03\/cropped-2310_ProtectThePlanet_Portraet-Fenya-quadr-scaled-1-96x96.jpg","url":"https:\/\/www.protect-the-planet.de\/wp-content\/uploads\/2024\/03\/cropped-2310_ProtectThePlanet_Portraet-Fenya-quadr-scaled-1-96x96.jpg","contentUrl":"https:\/\/www.protect-the-planet.de\/wp-content\/uploads\/2024\/03\/cropped-2310_ProtectThePlanet_Portraet-Fenya-quadr-scaled-1-96x96.jpg","caption":"Fenya Kirst"},"description":"fenya.kirst@protect-the-planet.de +49 162 9085805","url":"https:\/\/www.protect-the-planet.de\/en\/author\/fenya-kirst\/"}]}},"_links":{"self":[{"href":"https:\/\/www.protect-the-planet.de\/en\/wp-json\/wp\/v2\/posts\/33680","targetHints":{"allow":["GET"]}}],"collection":[{"href":"https:\/\/www.protect-the-planet.de\/en\/wp-json\/wp\/v2\/posts"}],"about":[{"href":"https:\/\/www.protect-the-planet.de\/en\/wp-json\/wp\/v2\/types\/post"}],"author":[{"embeddable":true,"href":"https:\/\/www.protect-the-planet.de\/en\/wp-json\/wp\/v2\/users\/6"}],"replies":[{"embeddable":true,"href":"https:\/\/www.protect-the-planet.de\/en\/wp-json\/wp\/v2\/comments?post=33680"}],"version-history":[{"count":1,"href":"https:\/\/www.protect-the-planet.de\/en\/wp-json\/wp\/v2\/posts\/33680\/revisions"}],"predecessor-version":[{"id":33713,"href":"https:\/\/www.protect-the-planet.de\/en\/wp-json\/wp\/v2\/posts\/33680\/revisions\/33713"}],"wp:featuredmedia":[{"embeddable":true,"href":"https:\/\/www.protect-the-planet.de\/en\/wp-json\/wp\/v2\/media\/24386"}],"wp:attachment":[{"href":"https:\/\/www.protect-the-planet.de\/en\/wp-json\/wp\/v2\/media?parent=33680"}],"wp:term":[{"taxonomy":"category","embeddable":true,"href":"https:\/\/www.protect-the-planet.de\/en\/wp-json\/wp\/v2\/categories?post=33680"},{"taxonomy":"post_tag","embeddable":true,"href":"https:\/\/www.protect-the-planet.de\/en\/wp-json\/wp\/v2\/tags?post=33680"}],"curies":[{"name":"wp","href":"https:\/\/api.w.org\/{rel}","templated":true}]}}