{"id":33679,"date":"2024-02-29T17:01:00","date_gmt":"2024-02-29T16:01:00","guid":{"rendered":"https:\/\/www.protect-the-planet.de\/2024-02-29-prof-dr-hirschl-vom-consumer-zum-prosumer\/"},"modified":"2025-11-18T16:50:09","modified_gmt":"2025-11-18T15:50:09","slug":"2024-02-29-prof-dr-hirschl-vom-consumer-zum-prosumer","status":"publish","type":"post","link":"https:\/\/www.protect-the-planet.de\/en\/2024-02-29-prof-dr-hirschl-vom-consumer-zum-prosumer\/","title":{"rendered":"&#8220;Energiewende in Eigenheim und Wohnung &#8211; vom ConSUMER zum PROsumer&#8221;"},"content":{"rendered":"\n<p class=\"has-text-align-center\"><strong>In unserer Reihe &#8220;Klima \u2013 neue Heizung? Was geht mich das an?&#8221;<\/strong><\/p>\n\n\n\n<h2 class=\"wp-block-heading has-text-align-center\">Prof. Dr. Bernd Hirschl<\/h2>\n\n\n\n<p class=\"has-text-align-center\">Institut f\u00fcr \u00f6kologische Wirtschaftsforschung (I\u00d6W), Berlin Leiter Forschungsfeld Nachhaltige Energiewirtschaft und Klimaschutz<\/p>\n\n\n\n<div style=\"height:30px\" aria-hidden=\"true\" class=\"wp-block-spacer\"><\/div>\n\n\n\n<hr class=\"wp-block-separator has-alpha-channel-opacity\"\/>\n\n\n\n<div style=\"height:30px\" aria-hidden=\"true\" class=\"wp-block-spacer\"><\/div>\n\n\n\n<p class=\"has-text-align-center\"><strong><a href=\"https:\/\/www.protect-the-planet.de\/wp-content\/uploads\/2024\/01\/Einladungstext-Hirschl-2024_02_29.pdf\">Event-Info PDF | Dr. Helmut Paschlau<\/a><\/strong><\/p>\n\n\n<p> <div class=\"brlbs-cmpnt-container brlbs-cmpnt-content-blocker brlbs-cmpnt-with-individual-styles\" data-borlabs-cookie-content-blocker-id=\"youtube-content-blocker\" data-borlabs-cookie-content=\"PGlmcmFtZSB0aXRsZT0iWW91VHViZSB2aWRlbyBwbGF5ZXIiIHNyYz0iaHR0cHM6Ly93d3cueW91dHViZS1ub2Nvb2tpZS5jb20vZW1iZWQvMTJySG9uemkzeUk\/c2k9SUlMUDBORWxma0lUdFR6QSIgd2lkdGg9IjU2MCIgaGVpZ2h0PSIzMTUiIGZyYW1lYm9yZGVyPSIwIiBhbGxvd2Z1bGxzY3JlZW49ImFsbG93ZnVsbHNjcmVlbiI+PC9pZnJhbWU+\"><div class=\"brlbs-cmpnt-cb-preset-c brlbs-cmpnt-cb-youtube\"> <div class=\"brlbs-cmpnt-cb-thumbnail\" style=\"background-image: url('https:\/\/www.protect-the-planet.de\/wp-content\/uploads\/borlabs-cookie\/1\/yt_12rHonzi3yI_hqdefault.jpg')\"><\/div> <div class=\"brlbs-cmpnt-cb-main\"> <div class=\"brlbs-cmpnt-cb-play-button\"><\/div> <div class=\"brlbs-cmpnt-cb-content\"> <p class=\"brlbs-cmpnt-cb-description\">You are currently viewing a placeholder content from <strong>YouTube<\/strong>. To access the actual content, click the button below. Please note that doing so will share data with third-party providers.<\/p> <a class=\"brlbs-cmpnt-cb-provider-toggle\" href=\"#\" data-borlabs-cookie-show-provider-information role=\"button\">More Information<\/a> <\/div> <div class=\"brlbs-cmpnt-cb-buttons\"> <a class=\"brlbs-cmpnt-cb-btn\" href=\"#\" data-borlabs-cookie-unblock role=\"button\">Unblock content<\/a> <a class=\"brlbs-cmpnt-cb-btn\" href=\"#\" data-borlabs-cookie-accept-service role=\"button\" style=\"display: inherit\">Accept required service and unblock content<\/a> <\/div> <\/div> <\/div><\/div><\/p>\n\n\n<p><\/p>\n\n\n\n<p class=\"has-text-align-center\"><a href=\"https:\/\/www.protect-the-planet.de\/wp-content\/uploads\/2024\/03\/240229_Hirschl_Prosuming.pdf\"><strong>Vortragsfolien PDF | Prof. Dr. Bernd Hirschl<\/strong><\/a><\/p>\n\n\n\n<div style=\"height:30px\" aria-hidden=\"true\" class=\"wp-block-spacer\"><\/div>\n\n\n\n<p>Private Haushalte als neue Schl\u00fcsselakteure einer Transformation des Energiesystems \u2013 wenn das nichts ist! Der heutige Referent, Prof. Hirschl, vom Institut f\u00fcr \u00f6kologische Wirtschaftsforschung I\u00d6W wird \u00fcber den Stand der Erkenntnisse des \u00dcbergangs vom CONsumenten zum PROsumenten berichten: Rund um die Stichworte Dach-\/Balkon-PV, Batterie-Speicher, W\u00e4rmepumpe, E-Mobilit\u00e4t, Smart-Metering\u2026 zuhause, in der Energiegenossenschaft, im Gewerbebetrieb. Was das technisch bedeutet, was die Investitionen kosten, was es bringt f\u00fcr Klima und Geldbeutel\u2026?! Denn lange Zeit waren private Haushalte, Gewerbebetriebe und B\u00fcrger:innen ausschlie\u00dflich Nachfrager auf den Energiem\u00e4rkten von Strom und W\u00e4rme, zunehmend treten sie aber auch als Anbieter insbesondere von innovativ und klimafreundlich gewandeltem Strom auf. Und das hat Auswirkungen, nicht nur auf das eigene private oder betriebliche Energie-Verhalten, sondern hinsichtlich bestimmter Netz- und Systemdienstleistungen auch auf das Gesamtsystem. Anregungen zum Mit-Machen!<\/p>\n\n\n\n<h3 class=\"wp-block-heading\"><strong>Zum Weiterlesen:<\/strong><\/h3>\n\n\n\n<ul class=\"wp-block-list\">\n<li>I\u00d6W \u2013 Forschen f\u00fcr nachhaltiges Wirtschaften <a href=\"http:\/\/www.ioew.de\/das-ioew\">www.ioew.de\/das-ioew<\/a><\/li>\n\n\n\n<li>Hirschl, B., et. al Private Haushalte als Schl\u00fcsselakteure einer Transformation des Energiesystems <a href=\"http:\/\/www.ioew.de\/publikation\/private_haushalte_als_neue_schluesselakteure_einer_transformation_des_energiesystems\">www.ioew.de\/publikation\/private_haushalte_als_neue_schluesselakteure_einer_transformation_des_energiesystems<\/a><\/li>\n\n\n\n<li>Weitere Ver\u00f6ffentlichungen im I\u00d6W:\n<ul class=\"wp-block-list\">\n<li><a href=\"https:\/\/www.ioew.de\/publikation\/vorschlaege_fuer_einen_klimagerechten_ausbau_der_photovoltaik_und_windenergie\">www.ioew.de\/publikation\/vorschlaege_fuer_einen_klimagerechten_ausbau_der_photovoltaik_und_windenergie<\/a><\/li>\n<\/ul>\n<\/li>\n\n\n\n<li>Infos diverser Technik- und Info-Anbieter:\n<ul class=\"wp-block-list\">\n<li>Solarenergie: <a href=\"http:\/\/www.solarenergie.de\/hintergrundwissen\/erneuerbare-energien\/prosumer\">www.solarenergie.de\/hintergrundwissen\/erneuerbare-energien\/prosumer<\/a><\/li>\n\n\n\n<li>Fa. Lichtblick: <a href=\"http:\/\/www.lichtblick.de\/prosumer2022\/\">www.lichtblick.de\/prosumer2022\/<\/a> mit j\u00e4hrlichem Prosumer-Index<\/li>\n\n\n\n<li>Prosumery GmbH, Strom f\u00fcr Mieter: <a href=\"http:\/\/www.prosumergy.de\/\">www.prosumergy.de\/<\/a><\/li>\n\n\n\n<li>Th\u00fcringisches Stadtwerk th\u00fcga: <a href=\"http:\/\/www.thuega.de\/stadtwerke-der-zukunft\/schoene-neue-prosumerwelt\/\">www.thuega.de\/stadtwerke-der-zukunft\/schoene-neue-prosumerwelt\/<\/a><\/li>\n<\/ul>\n<\/li>\n\n\n\n<li><a href=\"https:\/\/www.boell.de\/sites\/default\/files\/2021-03\/BoellFakten_Waermewende.pdf\">Heinrich\u00adB\u00f6ll\u00adStiftung e. V.: Besser wohnen mit Klimaschutz. 17 Fakten zur W\u00e4rmewende, 2021.<\/a><\/li>\n<\/ul>\n\n\n\n<div style=\"height:30px\" aria-hidden=\"true\" class=\"wp-block-spacer\"><\/div>\n\n\n\n<hr class=\"wp-block-separator has-alpha-channel-opacity\"\/>\n\n\n\n<div style=\"height:30px\" aria-hidden=\"true\" class=\"wp-block-spacer\"><\/div>\n\n\n\n<p class=\"has-text-align-center\"><strong>Die Veranstalter<\/strong>:<\/p>\n\n\n\n<p class=\"has-text-align-center\"><a href=\"https:\/\/energienetzwerk-muc.de\/\">Saubere Energie M\u00fcnchen e.V.<\/a> und <a href=\"https:\/\/twitter.com\/ptp_de\/\">Protect the Planet<\/a><\/p>\n\n\n\n<p class=\"has-text-align-left\"><strong>Event-Kooperationspartner:<\/strong><\/p>\n\n\n\n<ul class=\"wp-block-list\">\n<li><a href=\"https:\/\/twitter.com\/fff_muc\">Fridays for Future M\u00fcnchen<\/a><\/li>\n\n\n\n<li><a href=\"http:\/\/bn-muenchen.de\/\">Bund Naturschutz in Bayern e.V. Kreisgruppe M\u00fcnchen<\/a><\/li>\n\n\n\n<li><a href=\"https:\/\/www.greencity.de\/verein\/\">Greencity \u2013 der Verein<\/a><\/li>\n\n\n\n<li><a href=\"https:\/\/twitter.com\/Kohleausstieg_M\">Raus-aus-der-Steinkohle M\u00fcnchen<\/a><\/li>\n\n\n\n<li><a href=\"https:\/\/fossilfreemunich.wixsite.com\/home\">Fossil Free M\u00fcnchen<\/a><\/li>\n\n\n\n<li><a href=\"https:\/\/muenchen.scientists4future.org\/\">Scientists4Future M\u00fcnchen<\/a><\/li>\n\n\n\n<li><a href=\"https:\/\/oekom-verein.de\/\">oekom e.V.<\/a><\/li>\n\n\n\n<li><a href=\"https:\/\/www.bene-muenchen.de\/\">BenE M\u00fcnchen<\/a><\/li>\n\n\n\n<li><a href=\"https:\/\/germanzero.de\/\">M\u00fcnchen Zero<\/a><\/li>\n\n\n\n<li><a href=\"https:\/\/umwelt.asta.tum.de\/\">Studentische Vertretung der TUM &#8211; Referat f\u00fcr Umwelt<\/a><\/li>\n\n\n\n<li><a href=\"https:\/\/nachhaltigkeit-ev.de\">Verein f\u00fcr Nachhaltigkeit e.V.<\/a><\/li>\n\n\n\n<li><a href=\"https:\/\/www.dgs.de\/dgs\/organisation\/sektionen\/muenchen\/\">Deutsche Gesellschaft f\u00fcr Sonnenenergie e.V., Sektion M\u00fcnchen\/Oberbayern<\/a><\/li>\n<\/ul>\n\n\n\n<p><strong><br>Medienpartner:<\/strong><\/p>\n\n\n\n<ul class=\"wp-block-list\">\n<li><a href=\"https:\/\/lora924.de\/\" target=\"_blank\" rel=\"noreferrer noopener\">Radio Lora 92.4<\/a><\/li>\n\n\n\n<li><a href=\"https:\/\/www.forum-csr.net\/\" target=\"_blank\" rel=\"noreferrer noopener\">forum nachhaltig wirtschaften<\/a><\/li>\n<\/ul>\n\n\n\n<p><\/p>\n\n\n\n<p class=\"has-text-align-left\"><\/p>\n\n\n\n<div style=\"height:30px\" aria-hidden=\"true\" class=\"wp-block-spacer\"><\/div>\n\n\n\n<p><\/p>\n","protected":false},"excerpt":{"rendered":"<p>Prof. Dr. Bernd Hirschl (Institut f\u00fcr \u00f6kologische Wirtschaftsforschung (I\u00d6W), Berlin Leiter Forschungsfeld Nachhaltige Energiewirtschaft und Klimaschutz)<\/p>\n","protected":false},"author":4,"featured_media":24186,"comment_status":"closed","ping_status":"closed","sticky":false,"template":"","format":"standard","meta":{"footnotes":""},"categories":[1552,1509],"tags":[1575,939,698,940,800,1557,941,1706,733,942,702,703,1383],"class_list":["post-33679","post","type-post","status-publish","format-standard","has-post-thumbnail","hentry","category-energie-heizen-bauen-en","category-event-archive","tag-bauen-und-eigenheim-en","tag-com-consumer-zum-prosumer-en","tag-dr-helmut-paschlau-en","tag-eigenheim-en","tag-energiewende-en","tag-energiewende-und-erneuerbare-en","tag-heizung-en","tag-klima-neue-heizung-was-geht-mich-das-an-en","tag-klimakrise-en","tag-prof-hirschl-en","tag-vortrag-en","tag-vortragsreihe-en","tag-waermewende-en"],"yoast_head":"<!-- This site is optimized with the Yoast SEO plugin v27.5 - https:\/\/yoast.com\/product\/yoast-seo-wordpress\/ -->\n<title>&quot;Energiewende in Eigenheim und Wohnung - vom ConSUMER zum PROsumer&quot; - Protect the Planet<\/title>\n<meta name=\"description\" content=\"Prof. Dr. Bernd Hirschl: \u201eKlima \u2013 neue Heizung? Was geht das mich an?\u201c: Energiewende in Eigenheim und Wohnung \u2013 vom ConSUMER zum PROsumer\" \/>\n<meta name=\"robots\" content=\"index, follow, max-snippet:-1, max-image-preview:large, max-video-preview:-1\" \/>\n<link rel=\"canonical\" href=\"https:\/\/www.protect-the-planet.de\/en\/2024-02-29-prof-dr-hirschl-vom-consumer-zum-prosumer\/\" \/>\n<meta property=\"og:locale\" content=\"en_US\" \/>\n<meta property=\"og:type\" content=\"article\" \/>\n<meta property=\"og:title\" content=\"&quot;Energiewende in Eigenheim und Wohnung - vom ConSUMER zum PROsumer&quot; - Protect the Planet\" \/>\n<meta property=\"og:description\" content=\"Prof. Dr. Bernd Hirschl: \u201eKlima \u2013 neue Heizung? Was geht das mich an?\u201c: Energiewende in Eigenheim und Wohnung \u2013 vom ConSUMER zum PROsumer\" \/>\n<meta property=\"og:url\" content=\"https:\/\/www.protect-the-planet.de\/en\/2024-02-29-prof-dr-hirschl-vom-consumer-zum-prosumer\/\" \/>\n<meta property=\"og:site_name\" content=\"Protect the Planet\" \/>\n<meta property=\"article:publisher\" content=\"https:\/\/www.facebook.com\/protecttheplanetDE\/\" \/>\n<meta property=\"article:published_time\" content=\"2024-02-29T16:01:00+00:00\" \/>\n<meta property=\"article:modified_time\" content=\"2025-11-18T15:50:09+00:00\" \/>\n<meta property=\"og:image\" content=\"https:\/\/www.protect-the-planet.de\/wp-content\/uploads\/2023\/12\/Hirschl-YouTube-Miniatur.jpg\" \/>\n\t<meta property=\"og:image:width\" content=\"1280\" \/>\n\t<meta property=\"og:image:height\" content=\"720\" \/>\n\t<meta property=\"og:image:type\" content=\"image\/jpeg\" \/>\n<meta name=\"author\" content=\"Jana H\u00e4fner\" \/>\n<meta name=\"twitter:card\" content=\"summary_large_image\" \/>\n<meta name=\"twitter:creator\" content=\"@PtP_de\" \/>\n<meta name=\"twitter:site\" content=\"@PtP_de\" \/>\n<meta name=\"twitter:label1\" content=\"Written by\" \/>\n\t<meta name=\"twitter:data1\" content=\"Jana H\u00e4fner\" \/>\n\t<meta name=\"twitter:label2\" content=\"Est. reading time\" \/>\n\t<meta name=\"twitter:data2\" content=\"2 minutes\" \/>\n<script type=\"application\/ld+json\" class=\"yoast-schema-graph\">{\"@context\":\"https:\\\/\\\/schema.org\",\"@graph\":[{\"@type\":\"Article\",\"@id\":\"https:\\\/\\\/www.protect-the-planet.de\\\/en\\\/2024-02-29-prof-dr-hirschl-vom-consumer-zum-prosumer\\\/#article\",\"isPartOf\":{\"@id\":\"https:\\\/\\\/www.protect-the-planet.de\\\/en\\\/2024-02-29-prof-dr-hirschl-vom-consumer-zum-prosumer\\\/\"},\"author\":{\"name\":\"Jana H\u00e4fner\",\"@id\":\"https:\\\/\\\/www.protect-the-planet.de\\\/en\\\/#\\\/schema\\\/person\\\/94315f5fbca131d26764146a638b8fc6\"},\"headline\":\"&#8220;Energiewende in Eigenheim und Wohnung &#8211; vom ConSUMER zum PROsumer&#8221;\",\"datePublished\":\"2024-02-29T16:01:00+00:00\",\"dateModified\":\"2025-11-18T15:50:09+00:00\",\"mainEntityOfPage\":{\"@id\":\"https:\\\/\\\/www.protect-the-planet.de\\\/en\\\/2024-02-29-prof-dr-hirschl-vom-consumer-zum-prosumer\\\/\"},\"wordCount\":383,\"publisher\":{\"@id\":\"https:\\\/\\\/www.protect-the-planet.de\\\/en\\\/#organization\"},\"image\":{\"@id\":\"https:\\\/\\\/www.protect-the-planet.de\\\/en\\\/2024-02-29-prof-dr-hirschl-vom-consumer-zum-prosumer\\\/#primaryimage\"},\"thumbnailUrl\":\"https:\\\/\\\/www.protect-the-planet.de\\\/wp-content\\\/uploads\\\/2023\\\/12\\\/Hirschl-YouTube-Miniatur.jpg\",\"keywords\":[\"Bauen und Eigenheim\",\"com ConSUMER zum PROsumer\",\"Dr. Helmut Paschlau\",\"Eigenheim\",\"Energiewende\",\"Energiewende und Erneuerbare\",\"Heizung\",\"Klima &#8211; neue Heizung? Was geht mich das an?\",\"Klimakrise\",\"Prof. Hirschl\",\"Vortrag\",\"Vortragsreihe\",\"W\u00e4rmewende\"],\"articleSection\":[\"Energie, Heizen, Bauen\",\"Event archive\"],\"inLanguage\":\"en-US\"},{\"@type\":\"WebPage\",\"@id\":\"https:\\\/\\\/www.protect-the-planet.de\\\/en\\\/2024-02-29-prof-dr-hirschl-vom-consumer-zum-prosumer\\\/\",\"url\":\"https:\\\/\\\/www.protect-the-planet.de\\\/en\\\/2024-02-29-prof-dr-hirschl-vom-consumer-zum-prosumer\\\/\",\"name\":\"\\\"Energiewende in Eigenheim und Wohnung - vom ConSUMER zum PROsumer\\\" - Protect the Planet\",\"isPartOf\":{\"@id\":\"https:\\\/\\\/www.protect-the-planet.de\\\/en\\\/#website\"},\"primaryImageOfPage\":{\"@id\":\"https:\\\/\\\/www.protect-the-planet.de\\\/en\\\/2024-02-29-prof-dr-hirschl-vom-consumer-zum-prosumer\\\/#primaryimage\"},\"image\":{\"@id\":\"https:\\\/\\\/www.protect-the-planet.de\\\/en\\\/2024-02-29-prof-dr-hirschl-vom-consumer-zum-prosumer\\\/#primaryimage\"},\"thumbnailUrl\":\"https:\\\/\\\/www.protect-the-planet.de\\\/wp-content\\\/uploads\\\/2023\\\/12\\\/Hirschl-YouTube-Miniatur.jpg\",\"datePublished\":\"2024-02-29T16:01:00+00:00\",\"dateModified\":\"2025-11-18T15:50:09+00:00\",\"description\":\"Prof. Dr. Bernd Hirschl: \u201eKlima \u2013 neue Heizung? Was geht das mich an?\u201c: Energiewende in Eigenheim und Wohnung \u2013 vom ConSUMER zum PROsumer\",\"breadcrumb\":{\"@id\":\"https:\\\/\\\/www.protect-the-planet.de\\\/en\\\/2024-02-29-prof-dr-hirschl-vom-consumer-zum-prosumer\\\/#breadcrumb\"},\"inLanguage\":\"en-US\",\"potentialAction\":[{\"@type\":\"ReadAction\",\"target\":[\"https:\\\/\\\/www.protect-the-planet.de\\\/en\\\/2024-02-29-prof-dr-hirschl-vom-consumer-zum-prosumer\\\/\"]}]},{\"@type\":\"ImageObject\",\"inLanguage\":\"en-US\",\"@id\":\"https:\\\/\\\/www.protect-the-planet.de\\\/en\\\/2024-02-29-prof-dr-hirschl-vom-consumer-zum-prosumer\\\/#primaryimage\",\"url\":\"https:\\\/\\\/www.protect-the-planet.de\\\/wp-content\\\/uploads\\\/2023\\\/12\\\/Hirschl-YouTube-Miniatur.jpg\",\"contentUrl\":\"https:\\\/\\\/www.protect-the-planet.de\\\/wp-content\\\/uploads\\\/2023\\\/12\\\/Hirschl-YouTube-Miniatur.jpg\",\"width\":1280,\"height\":720},{\"@type\":\"BreadcrumbList\",\"@id\":\"https:\\\/\\\/www.protect-the-planet.de\\\/en\\\/2024-02-29-prof-dr-hirschl-vom-consumer-zum-prosumer\\\/#breadcrumb\",\"itemListElement\":[{\"@type\":\"ListItem\",\"position\":1,\"name\":\"Startseite\",\"item\":\"https:\\\/\\\/www.protect-the-planet.de\\\/en\\\/home\\\/\"},{\"@type\":\"ListItem\",\"position\":2,\"name\":\"&#8222;Energiewende in Eigenheim und Wohnung &#8211; vom ConSUMER zum PROsumer&#8220;\"}]},{\"@type\":\"WebSite\",\"@id\":\"https:\\\/\\\/www.protect-the-planet.de\\\/en\\\/#website\",\"url\":\"https:\\\/\\\/www.protect-the-planet.de\\\/en\\\/\",\"name\":\"Protect the Planet\",\"description\":\"If we don&#039;t change, the climate will.\",\"publisher\":{\"@id\":\"https:\\\/\\\/www.protect-the-planet.de\\\/en\\\/#organization\"},\"alternateName\":\"Protect the Panet gGmbH\",\"potentialAction\":[{\"@type\":\"SearchAction\",\"target\":{\"@type\":\"EntryPoint\",\"urlTemplate\":\"https:\\\/\\\/www.protect-the-planet.de\\\/en\\\/?s={search_term_string}\"},\"query-input\":{\"@type\":\"PropertyValueSpecification\",\"valueRequired\":true,\"valueName\":\"search_term_string\"}}],\"inLanguage\":\"en-US\"},{\"@type\":\"Organization\",\"@id\":\"https:\\\/\\\/www.protect-the-planet.de\\\/en\\\/#organization\",\"name\":\"Protect the Planet\",\"url\":\"https:\\\/\\\/www.protect-the-planet.de\\\/en\\\/\",\"logo\":{\"@type\":\"ImageObject\",\"inLanguage\":\"en-US\",\"@id\":\"https:\\\/\\\/www.protect-the-planet.de\\\/en\\\/#\\\/schema\\\/logo\\\/image\\\/\",\"url\":\"https:\\\/\\\/www.protect-the-planet.de\\\/wp-content\\\/uploads\\\/2023\\\/09\\\/LOGO-positiv_transparent-klein.png\",\"contentUrl\":\"https:\\\/\\\/www.protect-the-planet.de\\\/wp-content\\\/uploads\\\/2023\\\/09\\\/LOGO-positiv_transparent-klein.png\",\"width\":123,\"height\":68,\"caption\":\"Protect the Planet\"},\"image\":{\"@id\":\"https:\\\/\\\/www.protect-the-planet.de\\\/en\\\/#\\\/schema\\\/logo\\\/image\\\/\"},\"sameAs\":[\"https:\\\/\\\/www.facebook.com\\\/protecttheplanetDE\\\/\",\"https:\\\/\\\/x.com\\\/PtP_de\",\"https:\\\/\\\/www.instagram.com\\\/protecttheplanetorg\\\/\",\"https:\\\/\\\/www.linkedin.com\\\/company\\\/protect-the-planet\",\"https:\\\/\\\/www.youtube.com\\\/@protecttheplanet\"]},{\"@type\":\"Person\",\"@id\":\"https:\\\/\\\/www.protect-the-planet.de\\\/en\\\/#\\\/schema\\\/person\\\/94315f5fbca131d26764146a638b8fc6\",\"name\":\"Jana H\u00e4fner\",\"image\":{\"@type\":\"ImageObject\",\"inLanguage\":\"en-US\",\"@id\":\"https:\\\/\\\/www.protect-the-planet.de\\\/wp-content\\\/uploads\\\/2024\\\/04\\\/cropped-2310_ProtectThePlanet_206-96x96.jpg\",\"url\":\"https:\\\/\\\/www.protect-the-planet.de\\\/wp-content\\\/uploads\\\/2024\\\/04\\\/cropped-2310_ProtectThePlanet_206-96x96.jpg\",\"contentUrl\":\"https:\\\/\\\/www.protect-the-planet.de\\\/wp-content\\\/uploads\\\/2024\\\/04\\\/cropped-2310_ProtectThePlanet_206-96x96.jpg\",\"caption\":\"Jana H\u00e4fner\"},\"description\":\"jana.haefner@protect-the-planet.de +49 152 53089270\",\"url\":\"https:\\\/\\\/www.protect-the-planet.de\\\/en\\\/author\\\/jana-haefner\\\/\"}]}<\/script>\n<!-- \/ Yoast SEO plugin. -->","yoast_head_json":{"title":"\"Energiewende in Eigenheim und Wohnung - vom ConSUMER zum PROsumer\" - Protect the Planet","description":"Prof. Dr. Bernd Hirschl: \u201eKlima \u2013 neue Heizung? Was geht das mich an?\u201c: Energiewende in Eigenheim und Wohnung \u2013 vom ConSUMER zum PROsumer","robots":{"index":"index","follow":"follow","max-snippet":"max-snippet:-1","max-image-preview":"max-image-preview:large","max-video-preview":"max-video-preview:-1"},"canonical":"https:\/\/www.protect-the-planet.de\/en\/2024-02-29-prof-dr-hirschl-vom-consumer-zum-prosumer\/","og_locale":"en_US","og_type":"article","og_title":"\"Energiewende in Eigenheim und Wohnung - vom ConSUMER zum PROsumer\" - Protect the Planet","og_description":"Prof. Dr. Bernd Hirschl: \u201eKlima \u2013 neue Heizung? Was geht das mich an?\u201c: Energiewende in Eigenheim und Wohnung \u2013 vom ConSUMER zum PROsumer","og_url":"https:\/\/www.protect-the-planet.de\/en\/2024-02-29-prof-dr-hirschl-vom-consumer-zum-prosumer\/","og_site_name":"Protect the Planet","article_publisher":"https:\/\/www.facebook.com\/protecttheplanetDE\/","article_published_time":"2024-02-29T16:01:00+00:00","article_modified_time":"2025-11-18T15:50:09+00:00","og_image":[{"width":1280,"height":720,"url":"https:\/\/www.protect-the-planet.de\/wp-content\/uploads\/2023\/12\/Hirschl-YouTube-Miniatur.jpg","type":"image\/jpeg"}],"author":"Jana H\u00e4fner","twitter_card":"summary_large_image","twitter_creator":"@PtP_de","twitter_site":"@PtP_de","twitter_misc":{"Written by":"Jana H\u00e4fner","Est. reading time":"2 minutes"},"schema":{"@context":"https:\/\/schema.org","@graph":[{"@type":"Article","@id":"https:\/\/www.protect-the-planet.de\/en\/2024-02-29-prof-dr-hirschl-vom-consumer-zum-prosumer\/#article","isPartOf":{"@id":"https:\/\/www.protect-the-planet.de\/en\/2024-02-29-prof-dr-hirschl-vom-consumer-zum-prosumer\/"},"author":{"name":"Jana H\u00e4fner","@id":"https:\/\/www.protect-the-planet.de\/en\/#\/schema\/person\/94315f5fbca131d26764146a638b8fc6"},"headline":"&#8220;Energiewende in Eigenheim und Wohnung &#8211; vom ConSUMER zum PROsumer&#8221;","datePublished":"2024-02-29T16:01:00+00:00","dateModified":"2025-11-18T15:50:09+00:00","mainEntityOfPage":{"@id":"https:\/\/www.protect-the-planet.de\/en\/2024-02-29-prof-dr-hirschl-vom-consumer-zum-prosumer\/"},"wordCount":383,"publisher":{"@id":"https:\/\/www.protect-the-planet.de\/en\/#organization"},"image":{"@id":"https:\/\/www.protect-the-planet.de\/en\/2024-02-29-prof-dr-hirschl-vom-consumer-zum-prosumer\/#primaryimage"},"thumbnailUrl":"https:\/\/www.protect-the-planet.de\/wp-content\/uploads\/2023\/12\/Hirschl-YouTube-Miniatur.jpg","keywords":["Bauen und Eigenheim","com ConSUMER zum PROsumer","Dr. Helmut Paschlau","Eigenheim","Energiewende","Energiewende und Erneuerbare","Heizung","Klima &#8211; neue Heizung? Was geht mich das an?","Klimakrise","Prof. Hirschl","Vortrag","Vortragsreihe","W\u00e4rmewende"],"articleSection":["Energie, Heizen, Bauen","Event archive"],"inLanguage":"en-US"},{"@type":"WebPage","@id":"https:\/\/www.protect-the-planet.de\/en\/2024-02-29-prof-dr-hirschl-vom-consumer-zum-prosumer\/","url":"https:\/\/www.protect-the-planet.de\/en\/2024-02-29-prof-dr-hirschl-vom-consumer-zum-prosumer\/","name":"\"Energiewende in Eigenheim und Wohnung - vom ConSUMER zum PROsumer\" - Protect the Planet","isPartOf":{"@id":"https:\/\/www.protect-the-planet.de\/en\/#website"},"primaryImageOfPage":{"@id":"https:\/\/www.protect-the-planet.de\/en\/2024-02-29-prof-dr-hirschl-vom-consumer-zum-prosumer\/#primaryimage"},"image":{"@id":"https:\/\/www.protect-the-planet.de\/en\/2024-02-29-prof-dr-hirschl-vom-consumer-zum-prosumer\/#primaryimage"},"thumbnailUrl":"https:\/\/www.protect-the-planet.de\/wp-content\/uploads\/2023\/12\/Hirschl-YouTube-Miniatur.jpg","datePublished":"2024-02-29T16:01:00+00:00","dateModified":"2025-11-18T15:50:09+00:00","description":"Prof. Dr. Bernd Hirschl: \u201eKlima \u2013 neue Heizung? Was geht das mich an?\u201c: Energiewende in Eigenheim und Wohnung \u2013 vom ConSUMER zum PROsumer","breadcrumb":{"@id":"https:\/\/www.protect-the-planet.de\/en\/2024-02-29-prof-dr-hirschl-vom-consumer-zum-prosumer\/#breadcrumb"},"inLanguage":"en-US","potentialAction":[{"@type":"ReadAction","target":["https:\/\/www.protect-the-planet.de\/en\/2024-02-29-prof-dr-hirschl-vom-consumer-zum-prosumer\/"]}]},{"@type":"ImageObject","inLanguage":"en-US","@id":"https:\/\/www.protect-the-planet.de\/en\/2024-02-29-prof-dr-hirschl-vom-consumer-zum-prosumer\/#primaryimage","url":"https:\/\/www.protect-the-planet.de\/wp-content\/uploads\/2023\/12\/Hirschl-YouTube-Miniatur.jpg","contentUrl":"https:\/\/www.protect-the-planet.de\/wp-content\/uploads\/2023\/12\/Hirschl-YouTube-Miniatur.jpg","width":1280,"height":720},{"@type":"BreadcrumbList","@id":"https:\/\/www.protect-the-planet.de\/en\/2024-02-29-prof-dr-hirschl-vom-consumer-zum-prosumer\/#breadcrumb","itemListElement":[{"@type":"ListItem","position":1,"name":"Startseite","item":"https:\/\/www.protect-the-planet.de\/en\/home\/"},{"@type":"ListItem","position":2,"name":"&#8222;Energiewende in Eigenheim und Wohnung &#8211; vom ConSUMER zum PROsumer&#8220;"}]},{"@type":"WebSite","@id":"https:\/\/www.protect-the-planet.de\/en\/#website","url":"https:\/\/www.protect-the-planet.de\/en\/","name":"Protect the Planet","description":"If we don&#039;t change, the climate will.","publisher":{"@id":"https:\/\/www.protect-the-planet.de\/en\/#organization"},"alternateName":"Protect the Panet gGmbH","potentialAction":[{"@type":"SearchAction","target":{"@type":"EntryPoint","urlTemplate":"https:\/\/www.protect-the-planet.de\/en\/?s={search_term_string}"},"query-input":{"@type":"PropertyValueSpecification","valueRequired":true,"valueName":"search_term_string"}}],"inLanguage":"en-US"},{"@type":"Organization","@id":"https:\/\/www.protect-the-planet.de\/en\/#organization","name":"Protect the Planet","url":"https:\/\/www.protect-the-planet.de\/en\/","logo":{"@type":"ImageObject","inLanguage":"en-US","@id":"https:\/\/www.protect-the-planet.de\/en\/#\/schema\/logo\/image\/","url":"https:\/\/www.protect-the-planet.de\/wp-content\/uploads\/2023\/09\/LOGO-positiv_transparent-klein.png","contentUrl":"https:\/\/www.protect-the-planet.de\/wp-content\/uploads\/2023\/09\/LOGO-positiv_transparent-klein.png","width":123,"height":68,"caption":"Protect the Planet"},"image":{"@id":"https:\/\/www.protect-the-planet.de\/en\/#\/schema\/logo\/image\/"},"sameAs":["https:\/\/www.facebook.com\/protecttheplanetDE\/","https:\/\/x.com\/PtP_de","https:\/\/www.instagram.com\/protecttheplanetorg\/","https:\/\/www.linkedin.com\/company\/protect-the-planet","https:\/\/www.youtube.com\/@protecttheplanet"]},{"@type":"Person","@id":"https:\/\/www.protect-the-planet.de\/en\/#\/schema\/person\/94315f5fbca131d26764146a638b8fc6","name":"Jana H\u00e4fner","image":{"@type":"ImageObject","inLanguage":"en-US","@id":"https:\/\/www.protect-the-planet.de\/wp-content\/uploads\/2024\/04\/cropped-2310_ProtectThePlanet_206-96x96.jpg","url":"https:\/\/www.protect-the-planet.de\/wp-content\/uploads\/2024\/04\/cropped-2310_ProtectThePlanet_206-96x96.jpg","contentUrl":"https:\/\/www.protect-the-planet.de\/wp-content\/uploads\/2024\/04\/cropped-2310_ProtectThePlanet_206-96x96.jpg","caption":"Jana H\u00e4fner"},"description":"jana.haefner@protect-the-planet.de +49 152 53089270","url":"https:\/\/www.protect-the-planet.de\/en\/author\/jana-haefner\/"}]}},"_links":{"self":[{"href":"https:\/\/www.protect-the-planet.de\/en\/wp-json\/wp\/v2\/posts\/33679","targetHints":{"allow":["GET"]}}],"collection":[{"href":"https:\/\/www.protect-the-planet.de\/en\/wp-json\/wp\/v2\/posts"}],"about":[{"href":"https:\/\/www.protect-the-planet.de\/en\/wp-json\/wp\/v2\/types\/post"}],"author":[{"embeddable":true,"href":"https:\/\/www.protect-the-planet.de\/en\/wp-json\/wp\/v2\/users\/4"}],"replies":[{"embeddable":true,"href":"https:\/\/www.protect-the-planet.de\/en\/wp-json\/wp\/v2\/comments?post=33679"}],"version-history":[{"count":1,"href":"https:\/\/www.protect-the-planet.de\/en\/wp-json\/wp\/v2\/posts\/33679\/revisions"}],"predecessor-version":[{"id":33711,"href":"https:\/\/www.protect-the-planet.de\/en\/wp-json\/wp\/v2\/posts\/33679\/revisions\/33711"}],"wp:featuredmedia":[{"embeddable":true,"href":"https:\/\/www.protect-the-planet.de\/en\/wp-json\/wp\/v2\/media\/24186"}],"wp:attachment":[{"href":"https:\/\/www.protect-the-planet.de\/en\/wp-json\/wp\/v2\/media?parent=33679"}],"wp:term":[{"taxonomy":"category","embeddable":true,"href":"https:\/\/www.protect-the-planet.de\/en\/wp-json\/wp\/v2\/categories?post=33679"},{"taxonomy":"post_tag","embeddable":true,"href":"https:\/\/www.protect-the-planet.de\/en\/wp-json\/wp\/v2\/tags?post=33679"}],"curies":[{"name":"wp","href":"https:\/\/api.w.org\/{rel}","templated":true}]}}