{"id":33678,"date":"2024-03-11T17:50:00","date_gmt":"2024-03-11T16:50:00","guid":{"rendered":"https:\/\/www.protect-the-planet.de\/2024-03-11-heizungs-gesetze-wie-bin-ich-betroffen-als-mieterin-als-eigentuemer\/"},"modified":"2025-11-18T16:50:07","modified_gmt":"2025-11-18T15:50:07","slug":"2024-03-11-heizungs-gesetze-wie-bin-ich-betroffen-als-mieterin-als-eigentuemer","status":"publish","type":"post","link":"https:\/\/www.protect-the-planet.de\/en\/2024-03-11-heizungs-gesetze-wie-bin-ich-betroffen-als-mieterin-als-eigentuemer\/","title":{"rendered":"\u201eHeizungs-Gesetze: (Wie) Bin ich betroffen \u2013 als Mieterin, als Eigent\u00fcmer?\u201c"},"content":{"rendered":"\n<p class=\"has-text-align-center\"><strong>In unserer Reihe \u201eKlima \u2013 neue Heizung? Was geht mich das an?\u201c<\/strong><\/p>\n\n\n\n<h2 class=\"wp-block-heading has-text-align-center\">RA CHRISTOPH MEYER<\/h2>\n\n\n\n<p class=\"has-text-align-center\">Rechtsanwalt, SKW Schwarz Rechtsanw\u00e4lte Gesch\u00e4ftsf\u00fchrer SKW M\u00fcnchen<\/p>\n\n\n\n<div style=\"height:30px\" aria-hidden=\"true\" class=\"wp-block-spacer\"><\/div>\n\n\n\n<hr class=\"wp-block-separator has-alpha-channel-opacity\"\/>\n\n\n\n<div style=\"height:30px\" aria-hidden=\"true\" class=\"wp-block-spacer\"><\/div>\n\n\n\n<p class=\"has-text-align-center\"> <strong><a href=\"https:\/\/www.protect-the-planet.de\/wp-content\/uploads\/2024\/01\/Einladungstext-Meyer-11.03.2024.pdf\">Event-Info PDF | Dr. Helmut Paschlau<\/a><\/strong><\/p>\n\n\n\n <div class=\"brlbs-cmpnt-container brlbs-cmpnt-content-blocker brlbs-cmpnt-with-individual-styles\" data-borlabs-cookie-content-blocker-id=\"youtube-content-blocker\" data-borlabs-cookie-content=\"PGlmcmFtZSB3aWR0aD0iNTYwIiBoZWlnaHQ9IjMxNSIgc3JjPSJodHRwczovL3d3dy55b3V0dWJlLW5vY29va2llLmNvbS9lbWJlZC9MMEdYR3ZhTlpvRT9zaT1Mb3k1YUN0VE5SWmdxdHJpIiB0aXRsZT0iWW91VHViZSB2aWRlbyBwbGF5ZXIiIGZyYW1lYm9yZGVyPSIwIiBhbGxvdz0iYWNjZWxlcm9tZXRlcjsgYXV0b3BsYXk7IGNsaXBib2FyZC13cml0ZTsgZW5jcnlwdGVkLW1lZGlhOyBneXJvc2NvcGU7IHBpY3R1cmUtaW4tcGljdHVyZTsgd2ViLXNoYXJlIiByZWZlcnJlcnBvbGljeT0ic3RyaWN0LW9yaWdpbi13aGVuLWNyb3NzLW9yaWdpbiIgYWxsb3dmdWxsc2NyZWVuPjwvaWZyYW1lPg==\"><div class=\"brlbs-cmpnt-cb-preset-c brlbs-cmpnt-cb-youtube\"> <div class=\"brlbs-cmpnt-cb-thumbnail\" style=\"background-image: url('https:\/\/www.protect-the-planet.de\/wp-content\/uploads\/borlabs-cookie\/1\/yt_L0GXGvaNZoE_hqdefault.jpg')\"><\/div> <div class=\"brlbs-cmpnt-cb-main\"> <div class=\"brlbs-cmpnt-cb-play-button\"><\/div> <div class=\"brlbs-cmpnt-cb-content\"> <p class=\"brlbs-cmpnt-cb-description\">You are currently viewing a placeholder content from <strong>YouTube<\/strong>. To access the actual content, click the button below. Please note that doing so will share data with third-party providers.<\/p> <a class=\"brlbs-cmpnt-cb-provider-toggle\" href=\"#\" data-borlabs-cookie-show-provider-information role=\"button\">More Information<\/a> <\/div> <div class=\"brlbs-cmpnt-cb-buttons\"> <a class=\"brlbs-cmpnt-cb-btn\" href=\"#\" data-borlabs-cookie-unblock role=\"button\">Unblock content<\/a> <a class=\"brlbs-cmpnt-cb-btn\" href=\"#\" data-borlabs-cookie-accept-service role=\"button\" style=\"display: inherit\">Accept required service and unblock content<\/a> <\/div> <\/div> <\/div><\/div>\n\n\n\n<div style=\"height:30px\" aria-hidden=\"true\" class=\"wp-block-spacer\"><\/div>\n\n\n\n<p class=\"has-text-align-center\"> <a href=\"https:\/\/www.protect-the-planet.de\/wp-content\/uploads\/2024\/01\/Heizungsgesetz_Meyer.pdf\"><strong>Vortragsfolien PDF | RA Christoph Meyer\u00a0<\/strong><\/a><\/p>\n\n\n\n<div style=\"height:30px\" aria-hidden=\"true\" class=\"wp-block-spacer\"><\/div>\n\n\n\n<p>Das Heizungsgesetz war hei\u00df umstritten, seit 01.01.24 ist es Gesetz; ebenso wie das W\u00e4rmeplanungsgesetz. Mit beiden soll der Anteil klimafreundlicher Heizungen in den n\u00e4chsten Jahren deutlich gesteigert werden. Das betrifft Haus- und Wohnungseigent\u00fcmer*innen wie Mieter*innen \u2013 aber in unterschiedlichem zeitlichen, technischen und kostenseitigen Ausma\u00df. Im Vortrag des anerkannten Juristen Christoph Meyer von der Kanzlei SKW Rechtsanw\u00e4lte werden alle wesentlichen Auswirkungen, aber auch die F\u00f6rderm\u00f6glichkeiten, im \u00dcberblick und verst\u00e4ndlich dargestellt. Dies als sachliche Grundlage, wer, wie, was tun muss.<\/p>\n\n\n\n<h3 class=\"wp-block-heading\"><strong>Zum Weiterlesen:<\/strong><\/h3>\n\n\n\n<ul class=\"wp-block-list\">\n<li><a href=\"http:\/\/www.bundesregierung.de\/breg-de\/schwerpunkte\/klimaschutz\/neues-gebaeudeenergiegesetz-2184942\">Bundesregierung: F\u00fcr mehr klimafreundliche Heizungen; Stand 01_2024.<\/a><\/li>\n\n\n\n<li><a href=\"http:\/\/www.bundesregierung.de\/breg- de\/aktuelles\/waermeplanungsgesetz-2213692\">Bundesregierung: Kommunale W\u00e4rmeplanung f\u00fcr ganz Deutschland.<\/a><\/li>\n\n\n\n<li><a href=\"https:\/\/www.boell.de\/sites\/default\/files\/2021-03\/BoellFakten_Waermewende.pdf\">Heinrich\u00adB\u00f6ll\u00adStiftung e. V.: Besser wohnen mit Klimaschutz. 17 Fakten zur W\u00e4rmewende, 2021.<\/a><\/li>\n<\/ul>\n\n\n\n<div style=\"height:30px\" aria-hidden=\"true\" class=\"wp-block-spacer\"><\/div>\n\n\n\n<hr class=\"wp-block-separator has-alpha-channel-opacity\"\/>\n\n\n\n<div style=\"height:30px\" aria-hidden=\"true\" class=\"wp-block-spacer\"><\/div>\n\n\n\n<p class=\"has-text-align-center\"><strong>Die Veranstalter<\/strong>:<\/p>\n\n\n\n<p class=\"has-text-align-center\"><a href=\"https:\/\/energienetzwerk-muc.de\/\" target=\"_blank\" rel=\"noreferrer noopener\">Saubere Energie M\u00fcnchen e.V.<\/a> und <a href=\"https:\/\/www.protect-the-planet.de\/en\/\">Protect the Planet<\/a><\/p>\n\n\n\n<p class=\"has-text-align-left\"><strong>Event-Kooperationspartner:<\/strong><\/p>\n\n\n\n<ul class=\"wp-block-list\">\n<li><a href=\"https:\/\/twitter.com\/fff_muc\">Fridays for Future M\u00fcnchen<\/a><\/li>\n\n\n\n<li><a href=\"http:\/\/bn-muenchen.de\/\">Bund Naturschutz in Bayern e.V. Kreisgruppe M\u00fcnchen<\/a><\/li>\n\n\n\n<li><a href=\"https:\/\/www.greencity.de\/verein\/\">Greencity \u2013 der Verein<\/a><\/li>\n\n\n\n<li><a href=\"https:\/\/twitter.com\/Kohleausstieg_M\">Raus-aus-der-Steinkohle M\u00fcnchen<\/a><\/li>\n\n\n\n<li><a href=\"https:\/\/fossilfreemunich.wixsite.com\/home\">Fossil Free M\u00fcnchen<\/a><\/li>\n\n\n\n<li><a href=\"https:\/\/muenchen.scientists4future.org\/\">Scientists4Future M\u00fcnchen<\/a><\/li>\n\n\n\n<li><a href=\"https:\/\/oekom-verein.de\/\">oekom e.V.<\/a><\/li>\n\n\n\n<li><a href=\"https:\/\/www.bene-muenchen.de\/\">BenE M\u00fcnchen<\/a><\/li>\n\n\n\n<li><a href=\"https:\/\/germanzero.de\/\">M\u00fcnchen Zero<\/a><\/li>\n\n\n\n<li><a href=\"https:\/\/umwelt.asta.tum.de\/\">Studentische Vertretung der TUM \u2013 Referat f\u00fcr Umwelt<\/a><\/li>\n\n\n\n<li><a href=\"https:\/\/nachhaltigkeit-ev.de\">Verein f\u00fcr Nachhaltigkeit e.V.<\/a><\/li>\n\n\n\n<li><a href=\"https:\/\/www.dgs.de\/dgs\/organisation\/sektionen\/muenchen\/\">Deutsche Gesellschaft f\u00fcr Sonnenenergie e.V., Sektion M\u00fcnchen\/Oberbayern<\/a><\/li>\n<\/ul>\n\n\n\n<p><\/p>\n\n\n\n<p><strong>Medienpartner:<\/strong><\/p>\n\n\n\n<ul class=\"wp-block-list\">\n<li><a href=\"https:\/\/lora924.de\/\" target=\"_blank\" rel=\"noreferrer noopener\">Radio Lora 92.4<\/a><\/li>\n\n\n\n<li><a href=\"https:\/\/www.forum-csr.net\/\" target=\"_blank\" rel=\"noreferrer noopener\">forum nachhaltig wirtschaften<\/a><\/li>\n<\/ul>\n\n\n\n<div style=\"height:30px\" aria-hidden=\"true\" class=\"wp-block-spacer\"><\/div>\n\n\n\n<p><\/p>\n","protected":false},"excerpt":{"rendered":"<p>RA Christoph Meyer (Rechtsanwalt, SKW Schwarz Rechtsanw\u00e4lte Gesch\u00e4ftsf\u00fchrer SKW M\u00fcnchen)<\/p>\n","protected":false},"author":6,"featured_media":24738,"comment_status":"closed","ping_status":"closed","sticky":false,"template":"","format":"standard","meta":{"footnotes":""},"categories":[1552,1509],"tags":[1575,698,983,940,800,984,941,949,1706,733,952,753,957,702,703,1383],"class_list":["post-33678","post","type-post","status-publish","format-standard","has-post-thumbnail","hentry","category-energie-heizen-bauen-en","category-event-archive","tag-bauen-und-eigenheim-en","tag-dr-helmut-paschlau-en","tag-dr-kai-zosseder-en","tag-eigenheim-en","tag-energiewende-en","tag-fernwaerme-en","tag-heizung-en","tag-heizungsinnung-en","tag-klima-neue-heizung-was-geht-mich-das-an-en","tag-klimakrise-en","tag-kommunale-waermeplanung-en","tag-muenchen-en","tag-shk-innung-en","tag-vortrag-en","tag-vortragsreihe-en","tag-waermewende-en"],"yoast_head":"<!-- This site is optimized with the Yoast SEO plugin v27.5 - https:\/\/yoast.com\/product\/yoast-seo-wordpress\/ -->\n<title>\u201eHeizungs-Gesetze: (Wie) Bin ich betroffen \u2013 als Mieterin, als Eigent\u00fcmer?\u201c - Protect the Planet<\/title>\n<meta name=\"description\" content=\"Das Heizungsgesetz betrifft Eeigent\u00fcmer*innen wie Mieter*innen \u2013 aber in unterschiedlichem zeitlichen, technischen und kostenseitigen Ausma\u00df.\" \/>\n<meta name=\"robots\" content=\"index, follow, max-snippet:-1, max-image-preview:large, max-video-preview:-1\" \/>\n<link rel=\"canonical\" href=\"https:\/\/www.protect-the-planet.de\/en\/2024-03-11-heizungs-gesetze-wie-bin-ich-betroffen-als-mieterin-als-eigentuemer\/\" \/>\n<meta property=\"og:locale\" content=\"en_US\" \/>\n<meta property=\"og:type\" content=\"article\" \/>\n<meta property=\"og:title\" content=\"\u201eHeizungs-Gesetze: (Wie) Bin ich betroffen \u2013 als Mieterin, als Eigent\u00fcmer?\u201c - Protect the Planet\" \/>\n<meta property=\"og:description\" content=\"Das Heizungsgesetz betrifft Eeigent\u00fcmer*innen wie Mieter*innen \u2013 aber in unterschiedlichem zeitlichen, technischen und kostenseitigen Ausma\u00df.\" \/>\n<meta property=\"og:url\" content=\"https:\/\/www.protect-the-planet.de\/en\/2024-03-11-heizungs-gesetze-wie-bin-ich-betroffen-als-mieterin-als-eigentuemer\/\" \/>\n<meta property=\"og:site_name\" content=\"Protect the Planet\" \/>\n<meta property=\"article:publisher\" content=\"https:\/\/www.facebook.com\/protecttheplanetDE\/\" \/>\n<meta property=\"article:published_time\" content=\"2024-03-11T16:50:00+00:00\" \/>\n<meta property=\"article:modified_time\" content=\"2025-11-18T15:50:07+00:00\" \/>\n<meta property=\"og:image\" content=\"https:\/\/www.protect-the-planet.de\/wp-content\/uploads\/2024\/01\/Meyer-hp-fb-linkedin.jpg\" \/>\n\t<meta property=\"og:image:width\" content=\"1920\" \/>\n\t<meta property=\"og:image:height\" content=\"1080\" \/>\n\t<meta property=\"og:image:type\" content=\"image\/jpeg\" \/>\n<meta name=\"author\" content=\"Fenya Kirst\" \/>\n<meta name=\"twitter:card\" content=\"summary_large_image\" \/>\n<meta name=\"twitter:creator\" content=\"@PtP_de\" \/>\n<meta name=\"twitter:site\" content=\"@PtP_de\" \/>\n<meta name=\"twitter:label1\" content=\"Written by\" \/>\n\t<meta name=\"twitter:data1\" content=\"Fenya Kirst\" \/>\n\t<meta name=\"twitter:label2\" content=\"Est. reading time\" \/>\n\t<meta name=\"twitter:data2\" content=\"2 minutes\" \/>\n<script type=\"application\/ld+json\" class=\"yoast-schema-graph\">{\"@context\":\"https:\\\/\\\/schema.org\",\"@graph\":[{\"@type\":\"Article\",\"@id\":\"https:\\\/\\\/www.protect-the-planet.de\\\/en\\\/2024-03-11-heizungs-gesetze-wie-bin-ich-betroffen-als-mieterin-als-eigentuemer\\\/#article\",\"isPartOf\":{\"@id\":\"https:\\\/\\\/www.protect-the-planet.de\\\/en\\\/2024-03-11-heizungs-gesetze-wie-bin-ich-betroffen-als-mieterin-als-eigentuemer\\\/\"},\"author\":{\"name\":\"Fenya Kirst\",\"@id\":\"https:\\\/\\\/www.protect-the-planet.de\\\/en\\\/#\\\/schema\\\/person\\\/34a10854efaaf0bf11a3b6fbe966fcd0\"},\"headline\":\"\u201eHeizungs-Gesetze: (Wie) Bin ich betroffen \u2013 als Mieterin, als Eigent\u00fcmer?\u201c\",\"datePublished\":\"2024-03-11T16:50:00+00:00\",\"dateModified\":\"2025-11-18T15:50:07+00:00\",\"mainEntityOfPage\":{\"@id\":\"https:\\\/\\\/www.protect-the-planet.de\\\/en\\\/2024-03-11-heizungs-gesetze-wie-bin-ich-betroffen-als-mieterin-als-eigentuemer\\\/\"},\"wordCount\":242,\"publisher\":{\"@id\":\"https:\\\/\\\/www.protect-the-planet.de\\\/en\\\/#organization\"},\"image\":{\"@id\":\"https:\\\/\\\/www.protect-the-planet.de\\\/en\\\/2024-03-11-heizungs-gesetze-wie-bin-ich-betroffen-als-mieterin-als-eigentuemer\\\/#primaryimage\"},\"thumbnailUrl\":\"https:\\\/\\\/www.protect-the-planet.de\\\/wp-content\\\/uploads\\\/2024\\\/01\\\/Meyer-hp-fb-linkedin.jpg\",\"keywords\":[\"Bauen und Eigenheim\",\"Dr. Helmut Paschlau\",\"Dr. Kai Zosseder\",\"Eigenheim\",\"Energiewende\",\"Fernw\u00e4rme\",\"Heizung\",\"Heizungsinnung\",\"Klima &#8211; neue Heizung? Was geht mich das an?\",\"Klimakrise\",\"kommunale w\u00e4rmeplanung\",\"M\u00fcnchen\",\"SHK Innung\",\"Vortrag\",\"Vortragsreihe\",\"W\u00e4rmewende\"],\"articleSection\":[\"Energie, Heizen, Bauen\",\"Event archive\"],\"inLanguage\":\"en-US\"},{\"@type\":\"WebPage\",\"@id\":\"https:\\\/\\\/www.protect-the-planet.de\\\/en\\\/2024-03-11-heizungs-gesetze-wie-bin-ich-betroffen-als-mieterin-als-eigentuemer\\\/\",\"url\":\"https:\\\/\\\/www.protect-the-planet.de\\\/en\\\/2024-03-11-heizungs-gesetze-wie-bin-ich-betroffen-als-mieterin-als-eigentuemer\\\/\",\"name\":\"\u201eHeizungs-Gesetze: (Wie) Bin ich betroffen \u2013 als Mieterin, als Eigent\u00fcmer?\u201c - Protect the Planet\",\"isPartOf\":{\"@id\":\"https:\\\/\\\/www.protect-the-planet.de\\\/en\\\/#website\"},\"primaryImageOfPage\":{\"@id\":\"https:\\\/\\\/www.protect-the-planet.de\\\/en\\\/2024-03-11-heizungs-gesetze-wie-bin-ich-betroffen-als-mieterin-als-eigentuemer\\\/#primaryimage\"},\"image\":{\"@id\":\"https:\\\/\\\/www.protect-the-planet.de\\\/en\\\/2024-03-11-heizungs-gesetze-wie-bin-ich-betroffen-als-mieterin-als-eigentuemer\\\/#primaryimage\"},\"thumbnailUrl\":\"https:\\\/\\\/www.protect-the-planet.de\\\/wp-content\\\/uploads\\\/2024\\\/01\\\/Meyer-hp-fb-linkedin.jpg\",\"datePublished\":\"2024-03-11T16:50:00+00:00\",\"dateModified\":\"2025-11-18T15:50:07+00:00\",\"description\":\"Das Heizungsgesetz betrifft Eeigent\u00fcmer*innen wie Mieter*innen \u2013 aber in unterschiedlichem zeitlichen, technischen und kostenseitigen Ausma\u00df.\",\"breadcrumb\":{\"@id\":\"https:\\\/\\\/www.protect-the-planet.de\\\/en\\\/2024-03-11-heizungs-gesetze-wie-bin-ich-betroffen-als-mieterin-als-eigentuemer\\\/#breadcrumb\"},\"inLanguage\":\"en-US\",\"potentialAction\":[{\"@type\":\"ReadAction\",\"target\":[\"https:\\\/\\\/www.protect-the-planet.de\\\/en\\\/2024-03-11-heizungs-gesetze-wie-bin-ich-betroffen-als-mieterin-als-eigentuemer\\\/\"]}]},{\"@type\":\"ImageObject\",\"inLanguage\":\"en-US\",\"@id\":\"https:\\\/\\\/www.protect-the-planet.de\\\/en\\\/2024-03-11-heizungs-gesetze-wie-bin-ich-betroffen-als-mieterin-als-eigentuemer\\\/#primaryimage\",\"url\":\"https:\\\/\\\/www.protect-the-planet.de\\\/wp-content\\\/uploads\\\/2024\\\/01\\\/Meyer-hp-fb-linkedin.jpg\",\"contentUrl\":\"https:\\\/\\\/www.protect-the-planet.de\\\/wp-content\\\/uploads\\\/2024\\\/01\\\/Meyer-hp-fb-linkedin.jpg\",\"width\":1920,\"height\":1080},{\"@type\":\"BreadcrumbList\",\"@id\":\"https:\\\/\\\/www.protect-the-planet.de\\\/en\\\/2024-03-11-heizungs-gesetze-wie-bin-ich-betroffen-als-mieterin-als-eigentuemer\\\/#breadcrumb\",\"itemListElement\":[{\"@type\":\"ListItem\",\"position\":1,\"name\":\"Startseite\",\"item\":\"https:\\\/\\\/www.protect-the-planet.de\\\/en\\\/home\\\/\"},{\"@type\":\"ListItem\",\"position\":2,\"name\":\"\u201eHeizungs-Gesetze: (Wie) Bin ich betroffen \u2013 als Mieterin, als Eigent\u00fcmer?\u201c\"}]},{\"@type\":\"WebSite\",\"@id\":\"https:\\\/\\\/www.protect-the-planet.de\\\/en\\\/#website\",\"url\":\"https:\\\/\\\/www.protect-the-planet.de\\\/en\\\/\",\"name\":\"Protect the Planet\",\"description\":\"If we don&#039;t change, the climate will.\",\"publisher\":{\"@id\":\"https:\\\/\\\/www.protect-the-planet.de\\\/en\\\/#organization\"},\"alternateName\":\"Protect the Panet gGmbH\",\"potentialAction\":[{\"@type\":\"SearchAction\",\"target\":{\"@type\":\"EntryPoint\",\"urlTemplate\":\"https:\\\/\\\/www.protect-the-planet.de\\\/en\\\/?s={search_term_string}\"},\"query-input\":{\"@type\":\"PropertyValueSpecification\",\"valueRequired\":true,\"valueName\":\"search_term_string\"}}],\"inLanguage\":\"en-US\"},{\"@type\":\"Organization\",\"@id\":\"https:\\\/\\\/www.protect-the-planet.de\\\/en\\\/#organization\",\"name\":\"Protect the Planet\",\"url\":\"https:\\\/\\\/www.protect-the-planet.de\\\/en\\\/\",\"logo\":{\"@type\":\"ImageObject\",\"inLanguage\":\"en-US\",\"@id\":\"https:\\\/\\\/www.protect-the-planet.de\\\/en\\\/#\\\/schema\\\/logo\\\/image\\\/\",\"url\":\"https:\\\/\\\/www.protect-the-planet.de\\\/wp-content\\\/uploads\\\/2023\\\/09\\\/LOGO-positiv_transparent-klein.png\",\"contentUrl\":\"https:\\\/\\\/www.protect-the-planet.de\\\/wp-content\\\/uploads\\\/2023\\\/09\\\/LOGO-positiv_transparent-klein.png\",\"width\":123,\"height\":68,\"caption\":\"Protect the Planet\"},\"image\":{\"@id\":\"https:\\\/\\\/www.protect-the-planet.de\\\/en\\\/#\\\/schema\\\/logo\\\/image\\\/\"},\"sameAs\":[\"https:\\\/\\\/www.facebook.com\\\/protecttheplanetDE\\\/\",\"https:\\\/\\\/x.com\\\/PtP_de\",\"https:\\\/\\\/www.instagram.com\\\/protecttheplanetorg\\\/\",\"https:\\\/\\\/www.linkedin.com\\\/company\\\/protect-the-planet\",\"https:\\\/\\\/www.youtube.com\\\/@protecttheplanet\"]},{\"@type\":\"Person\",\"@id\":\"https:\\\/\\\/www.protect-the-planet.de\\\/en\\\/#\\\/schema\\\/person\\\/34a10854efaaf0bf11a3b6fbe966fcd0\",\"name\":\"Fenya Kirst\",\"image\":{\"@type\":\"ImageObject\",\"inLanguage\":\"en-US\",\"@id\":\"https:\\\/\\\/www.protect-the-planet.de\\\/wp-content\\\/uploads\\\/2024\\\/03\\\/cropped-2310_ProtectThePlanet_Portraet-Fenya-quadr-scaled-1-96x96.jpg\",\"url\":\"https:\\\/\\\/www.protect-the-planet.de\\\/wp-content\\\/uploads\\\/2024\\\/03\\\/cropped-2310_ProtectThePlanet_Portraet-Fenya-quadr-scaled-1-96x96.jpg\",\"contentUrl\":\"https:\\\/\\\/www.protect-the-planet.de\\\/wp-content\\\/uploads\\\/2024\\\/03\\\/cropped-2310_ProtectThePlanet_Portraet-Fenya-quadr-scaled-1-96x96.jpg\",\"caption\":\"Fenya Kirst\"},\"description\":\"fenya.kirst@protect-the-planet.de +49 162 9085805\",\"url\":\"https:\\\/\\\/www.protect-the-planet.de\\\/en\\\/author\\\/fenya-kirst\\\/\"}]}<\/script>\n<!-- \/ Yoast SEO plugin. -->","yoast_head_json":{"title":"\u201eHeizungs-Gesetze: (Wie) Bin ich betroffen \u2013 als Mieterin, als Eigent\u00fcmer?\u201c - Protect the Planet","description":"Das Heizungsgesetz betrifft Eeigent\u00fcmer*innen wie Mieter*innen \u2013 aber in unterschiedlichem zeitlichen, technischen und kostenseitigen Ausma\u00df.","robots":{"index":"index","follow":"follow","max-snippet":"max-snippet:-1","max-image-preview":"max-image-preview:large","max-video-preview":"max-video-preview:-1"},"canonical":"https:\/\/www.protect-the-planet.de\/en\/2024-03-11-heizungs-gesetze-wie-bin-ich-betroffen-als-mieterin-als-eigentuemer\/","og_locale":"en_US","og_type":"article","og_title":"\u201eHeizungs-Gesetze: (Wie) Bin ich betroffen \u2013 als Mieterin, als Eigent\u00fcmer?\u201c - Protect the Planet","og_description":"Das Heizungsgesetz betrifft Eeigent\u00fcmer*innen wie Mieter*innen \u2013 aber in unterschiedlichem zeitlichen, technischen und kostenseitigen Ausma\u00df.","og_url":"https:\/\/www.protect-the-planet.de\/en\/2024-03-11-heizungs-gesetze-wie-bin-ich-betroffen-als-mieterin-als-eigentuemer\/","og_site_name":"Protect the Planet","article_publisher":"https:\/\/www.facebook.com\/protecttheplanetDE\/","article_published_time":"2024-03-11T16:50:00+00:00","article_modified_time":"2025-11-18T15:50:07+00:00","og_image":[{"width":1920,"height":1080,"url":"https:\/\/www.protect-the-planet.de\/wp-content\/uploads\/2024\/01\/Meyer-hp-fb-linkedin.jpg","type":"image\/jpeg"}],"author":"Fenya Kirst","twitter_card":"summary_large_image","twitter_creator":"@PtP_de","twitter_site":"@PtP_de","twitter_misc":{"Written by":"Fenya Kirst","Est. reading time":"2 minutes"},"schema":{"@context":"https:\/\/schema.org","@graph":[{"@type":"Article","@id":"https:\/\/www.protect-the-planet.de\/en\/2024-03-11-heizungs-gesetze-wie-bin-ich-betroffen-als-mieterin-als-eigentuemer\/#article","isPartOf":{"@id":"https:\/\/www.protect-the-planet.de\/en\/2024-03-11-heizungs-gesetze-wie-bin-ich-betroffen-als-mieterin-als-eigentuemer\/"},"author":{"name":"Fenya Kirst","@id":"https:\/\/www.protect-the-planet.de\/en\/#\/schema\/person\/34a10854efaaf0bf11a3b6fbe966fcd0"},"headline":"\u201eHeizungs-Gesetze: (Wie) Bin ich betroffen \u2013 als Mieterin, als Eigent\u00fcmer?\u201c","datePublished":"2024-03-11T16:50:00+00:00","dateModified":"2025-11-18T15:50:07+00:00","mainEntityOfPage":{"@id":"https:\/\/www.protect-the-planet.de\/en\/2024-03-11-heizungs-gesetze-wie-bin-ich-betroffen-als-mieterin-als-eigentuemer\/"},"wordCount":242,"publisher":{"@id":"https:\/\/www.protect-the-planet.de\/en\/#organization"},"image":{"@id":"https:\/\/www.protect-the-planet.de\/en\/2024-03-11-heizungs-gesetze-wie-bin-ich-betroffen-als-mieterin-als-eigentuemer\/#primaryimage"},"thumbnailUrl":"https:\/\/www.protect-the-planet.de\/wp-content\/uploads\/2024\/01\/Meyer-hp-fb-linkedin.jpg","keywords":["Bauen und Eigenheim","Dr. Helmut Paschlau","Dr. Kai Zosseder","Eigenheim","Energiewende","Fernw\u00e4rme","Heizung","Heizungsinnung","Klima &#8211; neue Heizung? Was geht mich das an?","Klimakrise","kommunale w\u00e4rmeplanung","M\u00fcnchen","SHK Innung","Vortrag","Vortragsreihe","W\u00e4rmewende"],"articleSection":["Energie, Heizen, Bauen","Event archive"],"inLanguage":"en-US"},{"@type":"WebPage","@id":"https:\/\/www.protect-the-planet.de\/en\/2024-03-11-heizungs-gesetze-wie-bin-ich-betroffen-als-mieterin-als-eigentuemer\/","url":"https:\/\/www.protect-the-planet.de\/en\/2024-03-11-heizungs-gesetze-wie-bin-ich-betroffen-als-mieterin-als-eigentuemer\/","name":"\u201eHeizungs-Gesetze: (Wie) Bin ich betroffen \u2013 als Mieterin, als Eigent\u00fcmer?\u201c - Protect the Planet","isPartOf":{"@id":"https:\/\/www.protect-the-planet.de\/en\/#website"},"primaryImageOfPage":{"@id":"https:\/\/www.protect-the-planet.de\/en\/2024-03-11-heizungs-gesetze-wie-bin-ich-betroffen-als-mieterin-als-eigentuemer\/#primaryimage"},"image":{"@id":"https:\/\/www.protect-the-planet.de\/en\/2024-03-11-heizungs-gesetze-wie-bin-ich-betroffen-als-mieterin-als-eigentuemer\/#primaryimage"},"thumbnailUrl":"https:\/\/www.protect-the-planet.de\/wp-content\/uploads\/2024\/01\/Meyer-hp-fb-linkedin.jpg","datePublished":"2024-03-11T16:50:00+00:00","dateModified":"2025-11-18T15:50:07+00:00","description":"Das Heizungsgesetz betrifft Eeigent\u00fcmer*innen wie Mieter*innen \u2013 aber in unterschiedlichem zeitlichen, technischen und kostenseitigen Ausma\u00df.","breadcrumb":{"@id":"https:\/\/www.protect-the-planet.de\/en\/2024-03-11-heizungs-gesetze-wie-bin-ich-betroffen-als-mieterin-als-eigentuemer\/#breadcrumb"},"inLanguage":"en-US","potentialAction":[{"@type":"ReadAction","target":["https:\/\/www.protect-the-planet.de\/en\/2024-03-11-heizungs-gesetze-wie-bin-ich-betroffen-als-mieterin-als-eigentuemer\/"]}]},{"@type":"ImageObject","inLanguage":"en-US","@id":"https:\/\/www.protect-the-planet.de\/en\/2024-03-11-heizungs-gesetze-wie-bin-ich-betroffen-als-mieterin-als-eigentuemer\/#primaryimage","url":"https:\/\/www.protect-the-planet.de\/wp-content\/uploads\/2024\/01\/Meyer-hp-fb-linkedin.jpg","contentUrl":"https:\/\/www.protect-the-planet.de\/wp-content\/uploads\/2024\/01\/Meyer-hp-fb-linkedin.jpg","width":1920,"height":1080},{"@type":"BreadcrumbList","@id":"https:\/\/www.protect-the-planet.de\/en\/2024-03-11-heizungs-gesetze-wie-bin-ich-betroffen-als-mieterin-als-eigentuemer\/#breadcrumb","itemListElement":[{"@type":"ListItem","position":1,"name":"Startseite","item":"https:\/\/www.protect-the-planet.de\/en\/home\/"},{"@type":"ListItem","position":2,"name":"\u201eHeizungs-Gesetze: (Wie) Bin ich betroffen \u2013 als Mieterin, als Eigent\u00fcmer?\u201c"}]},{"@type":"WebSite","@id":"https:\/\/www.protect-the-planet.de\/en\/#website","url":"https:\/\/www.protect-the-planet.de\/en\/","name":"Protect the Planet","description":"If we don&#039;t change, the climate will.","publisher":{"@id":"https:\/\/www.protect-the-planet.de\/en\/#organization"},"alternateName":"Protect the Panet gGmbH","potentialAction":[{"@type":"SearchAction","target":{"@type":"EntryPoint","urlTemplate":"https:\/\/www.protect-the-planet.de\/en\/?s={search_term_string}"},"query-input":{"@type":"PropertyValueSpecification","valueRequired":true,"valueName":"search_term_string"}}],"inLanguage":"en-US"},{"@type":"Organization","@id":"https:\/\/www.protect-the-planet.de\/en\/#organization","name":"Protect the Planet","url":"https:\/\/www.protect-the-planet.de\/en\/","logo":{"@type":"ImageObject","inLanguage":"en-US","@id":"https:\/\/www.protect-the-planet.de\/en\/#\/schema\/logo\/image\/","url":"https:\/\/www.protect-the-planet.de\/wp-content\/uploads\/2023\/09\/LOGO-positiv_transparent-klein.png","contentUrl":"https:\/\/www.protect-the-planet.de\/wp-content\/uploads\/2023\/09\/LOGO-positiv_transparent-klein.png","width":123,"height":68,"caption":"Protect the Planet"},"image":{"@id":"https:\/\/www.protect-the-planet.de\/en\/#\/schema\/logo\/image\/"},"sameAs":["https:\/\/www.facebook.com\/protecttheplanetDE\/","https:\/\/x.com\/PtP_de","https:\/\/www.instagram.com\/protecttheplanetorg\/","https:\/\/www.linkedin.com\/company\/protect-the-planet","https:\/\/www.youtube.com\/@protecttheplanet"]},{"@type":"Person","@id":"https:\/\/www.protect-the-planet.de\/en\/#\/schema\/person\/34a10854efaaf0bf11a3b6fbe966fcd0","name":"Fenya Kirst","image":{"@type":"ImageObject","inLanguage":"en-US","@id":"https:\/\/www.protect-the-planet.de\/wp-content\/uploads\/2024\/03\/cropped-2310_ProtectThePlanet_Portraet-Fenya-quadr-scaled-1-96x96.jpg","url":"https:\/\/www.protect-the-planet.de\/wp-content\/uploads\/2024\/03\/cropped-2310_ProtectThePlanet_Portraet-Fenya-quadr-scaled-1-96x96.jpg","contentUrl":"https:\/\/www.protect-the-planet.de\/wp-content\/uploads\/2024\/03\/cropped-2310_ProtectThePlanet_Portraet-Fenya-quadr-scaled-1-96x96.jpg","caption":"Fenya Kirst"},"description":"fenya.kirst@protect-the-planet.de +49 162 9085805","url":"https:\/\/www.protect-the-planet.de\/en\/author\/fenya-kirst\/"}]}},"_links":{"self":[{"href":"https:\/\/www.protect-the-planet.de\/en\/wp-json\/wp\/v2\/posts\/33678","targetHints":{"allow":["GET"]}}],"collection":[{"href":"https:\/\/www.protect-the-planet.de\/en\/wp-json\/wp\/v2\/posts"}],"about":[{"href":"https:\/\/www.protect-the-planet.de\/en\/wp-json\/wp\/v2\/types\/post"}],"author":[{"embeddable":true,"href":"https:\/\/www.protect-the-planet.de\/en\/wp-json\/wp\/v2\/users\/6"}],"replies":[{"embeddable":true,"href":"https:\/\/www.protect-the-planet.de\/en\/wp-json\/wp\/v2\/comments?post=33678"}],"version-history":[{"count":1,"href":"https:\/\/www.protect-the-planet.de\/en\/wp-json\/wp\/v2\/posts\/33678\/revisions"}],"predecessor-version":[{"id":33709,"href":"https:\/\/www.protect-the-planet.de\/en\/wp-json\/wp\/v2\/posts\/33678\/revisions\/33709"}],"wp:featuredmedia":[{"embeddable":true,"href":"https:\/\/www.protect-the-planet.de\/en\/wp-json\/wp\/v2\/media\/24738"}],"wp:attachment":[{"href":"https:\/\/www.protect-the-planet.de\/en\/wp-json\/wp\/v2\/media?parent=33678"}],"wp:term":[{"taxonomy":"category","embeddable":true,"href":"https:\/\/www.protect-the-planet.de\/en\/wp-json\/wp\/v2\/categories?post=33678"},{"taxonomy":"post_tag","embeddable":true,"href":"https:\/\/www.protect-the-planet.de\/en\/wp-json\/wp\/v2\/tags?post=33678"}],"curies":[{"name":"wp","href":"https:\/\/api.w.org\/{rel}","templated":true}]}}