{"id":33676,"date":"2024-04-18T19:21:00","date_gmt":"2024-04-18T17:21:00","guid":{"rendered":"https:\/\/www.protect-the-planet.de\/2024-04-18-fernwaermeversorgung-muenchens-bis-2035-klimaneutral\/"},"modified":"2025-11-18T16:49:57","modified_gmt":"2025-11-18T15:49:57","slug":"2024-04-18-fernwaermeversorgung-muenchens-bis-2035-klimaneutral","status":"publish","type":"post","link":"https:\/\/www.protect-the-planet.de\/en\/2024-04-18-fernwaermeversorgung-muenchens-bis-2035-klimaneutral\/","title":{"rendered":"&#8220;Fernw\u00e4rmeversorgung M\u00fcnchens \u2013 bis 2035 klimaneutral?&#8221;"},"content":{"rendered":"\n<p class=\"has-text-align-center\"><strong>In unserer Reihe \u201eKlima \u2013 neue Heizung? Was geht mich das an?\u201c<\/strong><\/p>\n\n\n\n<h2 class=\"wp-block-heading has-text-align-center\">DR. KAI ZOSSEDER<\/h2>\n\n\n\n<p class=\"has-text-align-center\">TU M\u00fcnchen, Lehrstuhl Hydrogeologie, AG Geothermie<br>Scientists4Future, Mitglied im \u201eKlimarat M\u00fcnchen\u201c<\/p>\n\n\n\n<div style=\"height:30px\" aria-hidden=\"true\" class=\"wp-block-spacer\"><\/div>\n\n\n\n<hr class=\"wp-block-separator has-alpha-channel-opacity\"\/>\n\n\n\n<div style=\"height:30px\" aria-hidden=\"true\" class=\"wp-block-spacer\"><\/div>\n\n\n\n<p class=\"has-text-align-center\"><strong><a href=\"https:\/\/www.protect-the-planet.de\/wp-content\/uploads\/2024\/09\/Einladungstext-Mertens-31.10.2024.pdf\"><strong> <strong><a href=\"https:\/\/www.protect-the-planet.de\/wp-content\/uploads\/2024\/01\/Einladungstext-Zosseder-18.04.2024.pdf\">Event-Info PDF | Dr. Helmut Paschlau<\/a><\/strong><\/strong><\/a><\/strong><\/p>\n\n\n\n<p> <div class=\"brlbs-cmpnt-container brlbs-cmpnt-content-blocker brlbs-cmpnt-with-individual-styles\" data-borlabs-cookie-content-blocker-id=\"youtube-content-blocker\" data-borlabs-cookie-content=\"PGlmcmFtZSB3aWR0aD0iNTYwIiBoZWlnaHQ9IjMxNSIgc3JjPSJodHRwczovL3d3dy55b3V0dWJlLW5vY29va2llLmNvbS9lbWJlZC9WX2hzN1M4elpnMD9zaT1iZFJUdnd4REZWcmkxS2d5IiB0aXRsZT0iWW91VHViZSB2aWRlbyBwbGF5ZXIiIGZyYW1lYm9yZGVyPSIwIiBhbGxvdz0iYWNjZWxlcm9tZXRlcjsgYXV0b3BsYXk7IGNsaXBib2FyZC13cml0ZTsgZW5jcnlwdGVkLW1lZGlhOyBneXJvc2NvcGU7IHBpY3R1cmUtaW4tcGljdHVyZTsgd2ViLXNoYXJlIiByZWZlcnJlcnBvbGljeT0ic3RyaWN0LW9yaWdpbi13aGVuLWNyb3NzLW9yaWdpbiIgYWxsb3dmdWxsc2NyZWVuPSIiPjwvaWZyYW1lPg==\"><div class=\"brlbs-cmpnt-cb-preset-c brlbs-cmpnt-cb-youtube\"> <div class=\"brlbs-cmpnt-cb-thumbnail\" style=\"background-image: url('https:\/\/www.protect-the-planet.de\/wp-content\/uploads\/borlabs-cookie\/1\/yt_V_hs7S8zZg0_hqdefault.jpg')\"><\/div> <div class=\"brlbs-cmpnt-cb-main\"> <div class=\"brlbs-cmpnt-cb-play-button\"><\/div> <div class=\"brlbs-cmpnt-cb-content\"> <p class=\"brlbs-cmpnt-cb-description\">You are currently viewing a placeholder content from <strong>YouTube<\/strong>. To access the actual content, click the button below. Please note that doing so will share data with third-party providers.<\/p> <a class=\"brlbs-cmpnt-cb-provider-toggle\" href=\"#\" data-borlabs-cookie-show-provider-information role=\"button\">More Information<\/a> <\/div> <div class=\"brlbs-cmpnt-cb-buttons\"> <a class=\"brlbs-cmpnt-cb-btn\" href=\"#\" data-borlabs-cookie-unblock role=\"button\">Unblock content<\/a> <a class=\"brlbs-cmpnt-cb-btn\" href=\"#\" data-borlabs-cookie-accept-service role=\"button\" style=\"display: inherit\">Accept required service and unblock content<\/a> <\/div> <\/div> <\/div><\/div><\/p>\n\n\n\n<p class=\"has-text-align-center\"> <a href=\"https:\/\/www.protect-the-planet.de\/wp-content\/uploads\/2024\/04\/0001_Klimaneutrale_Heizung_Rolle-der-Geothermie_18.04.2024.pdf\"><strong>Vortragsfolien PDF | Dr. Kai Zosseder<\/strong><\/a><\/p>\n\n\n\n<div style=\"height:30px\" aria-hidden=\"true\" class=\"wp-block-spacer\"><\/div>\n\n\n\n<p>Das seit 01.01.2024 geltende W\u00e4rmeplanungsgesetz schafft die rechtliche Grundlage f\u00fcr die Einf\u00fchrung einer fl\u00e4chendeckenden W\u00e4rmeplanung in ganz Deutschland. Als wegweisendes Instrument soll die kommunale W\u00e4rmeplanung auf aufzeigen, wie k\u00fcnftig die W\u00e4rmeversorgung auf die Nutzung von Erneuerbaren Energien umgestellt werden kann. Das W\u00e4rmeplanungsgesetz enth\u00e4lt auch zeitlich gestaffelte Vorgaben an die W\u00e4rmenetzbetreiber zur Dekarbonisierung ihrer Netze: Ab Januar 2030 im Regelfall mit mindestens 30 %, ab Januar 2040 idR mind. 80 % erneuerbare Energien. F\u00fcr M\u00fcnchen hei\u00dft das insbesondere: \u201ezentrale\u201c W\u00e4rmeversorgung mit Umbau der fossilen Fernw\u00e4rme auf Geothermie. Erheblich anspruchsvoll. Ob und wie dabei das Ziel \u201eKlimaneutralit\u00e4t 2035\u201c erreicht wird, dar\u00fcber wird Dr. Kai Zosseder vom LS Hydrogeologie der TUM berichten.<\/p>\n\n\n\n<h3 class=\"wp-block-heading\"><strong>Zum Weiterlesen:<\/strong><\/h3>\n\n\n\n<ul class=\"wp-block-list\">\n<li>Stadt M\u00fcnchen, W\u00e4rmeplanung:&nbsp;<a href=\"https:\/\/stadt.muenchen.de\/infos\/waermewende-muenchen.html#:~:text=Es%20ist%20geplant%2C%20den%20W\u00e4rmeplan,der%20W\u00e4rmeplan%20nach%20der%20\u00d6ffentlichkeitsbeteiligung\">https:\/\/stadt.muenchen.de\/infos\/waermewende- muenchen.html<\/a><\/li>\n\n\n\n<li>Stadtwerke M\u00fcnchen: Fernw\u00e4rme \/ Geothermie:&nbsp;<a href=\"https:\/\/www.swm.de\/energiewende\/oekostrom-erzeugung\">https:\/\/www.swm.de\/energiewende\/oekostrom-erzeugung<\/a><\/li>\n\n\n\n<li><a href=\"https:\/\/www.boell.de\/sites\/default\/files\/2021-03\/BoellFakten_Waermewende.pdf\">Heinrich\u00adB\u00f6ll\u00adStiftung e. V.: Besser wohnen mit Klimaschutz. 17 Fakten zur W\u00e4rmewende, 2021.<\/a><\/li>\n<\/ul>\n\n\n\n<div style=\"height:30px\" aria-hidden=\"true\" class=\"wp-block-spacer\"><\/div>\n\n\n\n<hr class=\"wp-block-separator has-alpha-channel-opacity\"\/>\n\n\n\n<div style=\"height:30px\" aria-hidden=\"true\" class=\"wp-block-spacer\"><\/div>\n\n\n\n<p class=\"has-text-align-center\"><strong>Die Veranstalter<\/strong>:<\/p>\n\n\n\n<p class=\"has-text-align-center\"><a href=\"https:\/\/energienetzwerk-muc.de\/\" target=\"_blank\" rel=\"noreferrer noopener\">Saubere Energie M\u00fcnchen e.V.<\/a> und <a href=\"https:\/\/www.protect-the-planet.de\/en\/\">Protect the Planet<\/a><\/p>\n\n\n\n<p class=\"has-text-align-left\"><strong>Event-Kooperationspartner:<\/strong><\/p>\n\n\n\n<ul class=\"wp-block-list\">\n<li><a href=\"https:\/\/twitter.com\/fff_muc\">Fridays for Future M\u00fcnchen<\/a><\/li>\n\n\n\n<li><a href=\"http:\/\/bn-muenchen.de\/\">Bund Naturschutz in Bayern e.V. Kreisgruppe M\u00fcnchen<\/a><\/li>\n\n\n\n<li><a href=\"https:\/\/www.greencity.de\/verein\/\">Greencity \u2013 der Verein<\/a><\/li>\n\n\n\n<li><a href=\"https:\/\/twitter.com\/Kohleausstieg_M\">Raus-aus-der-Steinkohle M\u00fcnchen<\/a><\/li>\n\n\n\n<li><a href=\"https:\/\/fossilfreemunich.wixsite.com\/home\">Fossil Free M\u00fcnchen<\/a><\/li>\n\n\n\n<li><a href=\"https:\/\/muenchen.scientists4future.org\/\">Scientists4Future M\u00fcnchen<\/a><\/li>\n\n\n\n<li><a href=\"https:\/\/oekom-verein.de\/\">oekom e.V.<\/a><\/li>\n\n\n\n<li><a href=\"https:\/\/www.bene-muenchen.de\/\">BenE M\u00fcnchen<\/a><\/li>\n\n\n\n<li><a href=\"https:\/\/germanzero.de\/\">M\u00fcnchen Zero<\/a><\/li>\n\n\n\n<li><a href=\"https:\/\/umwelt.asta.tum.de\/\">Studentische Vertretung der TUM \u2013 Referat f\u00fcr Umwelt<\/a><\/li>\n\n\n\n<li><a href=\"https:\/\/nachhaltigkeit-ev.de\">Verein f\u00fcr Nachhaltigkeit e.V.<\/a><\/li>\n\n\n\n<li><a href=\"https:\/\/www.dgs.de\/dgs\/organisation\/sektionen\/muenchen\/\">Deutsche Gesellschaft f\u00fcr Sonnenenergie e.V., Sektion M\u00fcnchen\/Oberbayern<\/a><\/li>\n<\/ul>\n\n\n\n<p><\/p>\n\n\n\n<p><strong>Medienpartner:<\/strong><\/p>\n\n\n\n<ul class=\"wp-block-list\">\n<li><a href=\"https:\/\/lora924.de\/\" target=\"_blank\" rel=\"noreferrer noopener\">Radio Lora 92.4<\/a><\/li>\n\n\n\n<li><a href=\"https:\/\/www.forum-csr.net\/\" target=\"_blank\" rel=\"noreferrer noopener\">forum nachhaltig wirtschaften<\/a><\/li>\n<\/ul>\n\n\n\n<div style=\"height:30px\" aria-hidden=\"true\" class=\"wp-block-spacer\"><\/div>\n\n\n\n<p><\/p>\n\n\n\n<p><\/p>\n","protected":false},"excerpt":{"rendered":"<p>Dr. Kai Zosseder (TU M\u00fcnchen, Lehrstuhl Hydrogeologie, AG Geothermie, Scientists4Future, Mitglied im \u201eKlimarat M\u00fcnchen&#8221;)<\/p>\n","protected":false},"author":6,"featured_media":24839,"comment_status":"closed","ping_status":"closed","sticky":false,"template":"","format":"standard","meta":{"footnotes":""},"categories":[1552,1509,1637],"tags":[1575,698,983,940,800,984,941,949,1706,733,952,753,957,702,703,1383],"class_list":["post-33676","post","type-post","status-publish","format-standard","has-post-thumbnail","hentry","category-energie-heizen-bauen-en","category-event-archive","category-muenchen-llokales-en","tag-bauen-und-eigenheim-en","tag-dr-helmut-paschlau-en","tag-dr-kai-zosseder-en","tag-eigenheim-en","tag-energiewende-en","tag-fernwaerme-en","tag-heizung-en","tag-heizungsinnung-en","tag-klima-neue-heizung-was-geht-mich-das-an-en","tag-klimakrise-en","tag-kommunale-waermeplanung-en","tag-muenchen-en","tag-shk-innung-en","tag-vortrag-en","tag-vortragsreihe-en","tag-waermewende-en"],"yoast_head":"<!-- This site is optimized with the Yoast SEO plugin v27.5 - https:\/\/yoast.com\/product\/yoast-seo-wordpress\/ -->\n<title>&quot;Fernw\u00e4rmeversorgung M\u00fcnchens \u2013 bis 2035 klimaneutral?&quot; - Protect the Planet<\/title>\n<meta name=\"description\" content=\"Ab 2030 soll laut W\u00e4rmeplanungsgesetz mit mindestens 30 % erneuerbaren Energien geheizt werden. F\u00fcr M\u00fcnchen hei\u00dft das: Umbau auf Geothermie.\" \/>\n<meta name=\"robots\" content=\"index, follow, max-snippet:-1, max-image-preview:large, max-video-preview:-1\" \/>\n<link rel=\"canonical\" href=\"https:\/\/www.protect-the-planet.de\/en\/2024-04-18-fernwaermeversorgung-muenchens-bis-2035-klimaneutral\/\" \/>\n<meta property=\"og:locale\" content=\"en_US\" \/>\n<meta property=\"og:type\" content=\"article\" \/>\n<meta property=\"og:title\" content=\"&quot;Fernw\u00e4rmeversorgung M\u00fcnchens \u2013 bis 2035 klimaneutral?&quot; - Protect the Planet\" \/>\n<meta property=\"og:description\" content=\"Ab 2030 soll laut W\u00e4rmeplanungsgesetz mit mindestens 30 % erneuerbaren Energien geheizt werden. F\u00fcr M\u00fcnchen hei\u00dft das: Umbau auf Geothermie.\" \/>\n<meta property=\"og:url\" content=\"https:\/\/www.protect-the-planet.de\/en\/2024-04-18-fernwaermeversorgung-muenchens-bis-2035-klimaneutral\/\" \/>\n<meta property=\"og:site_name\" content=\"Protect the Planet\" \/>\n<meta property=\"article:publisher\" content=\"https:\/\/www.facebook.com\/protecttheplanetDE\/\" \/>\n<meta property=\"article:published_time\" content=\"2024-04-18T17:21:00+00:00\" \/>\n<meta property=\"article:modified_time\" content=\"2025-11-18T15:49:57+00:00\" \/>\n<meta property=\"og:image\" content=\"https:\/\/www.protect-the-planet.de\/wp-content\/uploads\/2023\/12\/Zosseder-hp-fb-linkedin.jpg\" \/>\n\t<meta property=\"og:image:width\" content=\"1920\" \/>\n\t<meta property=\"og:image:height\" content=\"1080\" \/>\n\t<meta property=\"og:image:type\" content=\"image\/jpeg\" \/>\n<meta name=\"author\" content=\"Fenya Kirst\" \/>\n<meta name=\"twitter:card\" content=\"summary_large_image\" \/>\n<meta name=\"twitter:creator\" content=\"@PtP_de\" \/>\n<meta name=\"twitter:site\" content=\"@PtP_de\" \/>\n<meta name=\"twitter:label1\" content=\"Written by\" \/>\n\t<meta name=\"twitter:data1\" content=\"Fenya Kirst\" \/>\n\t<meta name=\"twitter:label2\" content=\"Est. reading time\" \/>\n\t<meta name=\"twitter:data2\" content=\"2 minutes\" \/>\n<script type=\"application\/ld+json\" class=\"yoast-schema-graph\">{\"@context\":\"https:\\\/\\\/schema.org\",\"@graph\":[{\"@type\":\"Article\",\"@id\":\"https:\\\/\\\/www.protect-the-planet.de\\\/en\\\/2024-04-18-fernwaermeversorgung-muenchens-bis-2035-klimaneutral\\\/#article\",\"isPartOf\":{\"@id\":\"https:\\\/\\\/www.protect-the-planet.de\\\/en\\\/2024-04-18-fernwaermeversorgung-muenchens-bis-2035-klimaneutral\\\/\"},\"author\":{\"name\":\"Fenya Kirst\",\"@id\":\"https:\\\/\\\/www.protect-the-planet.de\\\/en\\\/#\\\/schema\\\/person\\\/34a10854efaaf0bf11a3b6fbe966fcd0\"},\"headline\":\"&#8220;Fernw\u00e4rmeversorgung M\u00fcnchens \u2013 bis 2035 klimaneutral?&#8221;\",\"datePublished\":\"2024-04-18T17:21:00+00:00\",\"dateModified\":\"2025-11-18T15:49:57+00:00\",\"mainEntityOfPage\":{\"@id\":\"https:\\\/\\\/www.protect-the-planet.de\\\/en\\\/2024-04-18-fernwaermeversorgung-muenchens-bis-2035-klimaneutral\\\/\"},\"wordCount\":286,\"publisher\":{\"@id\":\"https:\\\/\\\/www.protect-the-planet.de\\\/en\\\/#organization\"},\"image\":{\"@id\":\"https:\\\/\\\/www.protect-the-planet.de\\\/en\\\/2024-04-18-fernwaermeversorgung-muenchens-bis-2035-klimaneutral\\\/#primaryimage\"},\"thumbnailUrl\":\"https:\\\/\\\/www.protect-the-planet.de\\\/wp-content\\\/uploads\\\/2023\\\/12\\\/Zosseder-hp-fb-linkedin.jpg\",\"keywords\":[\"Bauen und Eigenheim\",\"Dr. Helmut Paschlau\",\"Dr. Kai Zosseder\",\"Eigenheim\",\"Energiewende\",\"Fernw\u00e4rme\",\"Heizung\",\"Heizungsinnung\",\"Klima &#8211; neue Heizung? Was geht mich das an?\",\"Klimakrise\",\"kommunale w\u00e4rmeplanung\",\"M\u00fcnchen\",\"SHK Innung\",\"Vortrag\",\"Vortragsreihe\",\"W\u00e4rmewende\"],\"articleSection\":[\"Energie, Heizen, Bauen\",\"Event archive\",\"M\u00fcnchen &amp; Lokales\"],\"inLanguage\":\"en-US\"},{\"@type\":\"WebPage\",\"@id\":\"https:\\\/\\\/www.protect-the-planet.de\\\/en\\\/2024-04-18-fernwaermeversorgung-muenchens-bis-2035-klimaneutral\\\/\",\"url\":\"https:\\\/\\\/www.protect-the-planet.de\\\/en\\\/2024-04-18-fernwaermeversorgung-muenchens-bis-2035-klimaneutral\\\/\",\"name\":\"\\\"Fernw\u00e4rmeversorgung M\u00fcnchens \u2013 bis 2035 klimaneutral?\\\" - Protect the Planet\",\"isPartOf\":{\"@id\":\"https:\\\/\\\/www.protect-the-planet.de\\\/en\\\/#website\"},\"primaryImageOfPage\":{\"@id\":\"https:\\\/\\\/www.protect-the-planet.de\\\/en\\\/2024-04-18-fernwaermeversorgung-muenchens-bis-2035-klimaneutral\\\/#primaryimage\"},\"image\":{\"@id\":\"https:\\\/\\\/www.protect-the-planet.de\\\/en\\\/2024-04-18-fernwaermeversorgung-muenchens-bis-2035-klimaneutral\\\/#primaryimage\"},\"thumbnailUrl\":\"https:\\\/\\\/www.protect-the-planet.de\\\/wp-content\\\/uploads\\\/2023\\\/12\\\/Zosseder-hp-fb-linkedin.jpg\",\"datePublished\":\"2024-04-18T17:21:00+00:00\",\"dateModified\":\"2025-11-18T15:49:57+00:00\",\"description\":\"Ab 2030 soll laut W\u00e4rmeplanungsgesetz mit mindestens 30 % erneuerbaren Energien geheizt werden. F\u00fcr M\u00fcnchen hei\u00dft das: Umbau auf Geothermie.\",\"breadcrumb\":{\"@id\":\"https:\\\/\\\/www.protect-the-planet.de\\\/en\\\/2024-04-18-fernwaermeversorgung-muenchens-bis-2035-klimaneutral\\\/#breadcrumb\"},\"inLanguage\":\"en-US\",\"potentialAction\":[{\"@type\":\"ReadAction\",\"target\":[\"https:\\\/\\\/www.protect-the-planet.de\\\/en\\\/2024-04-18-fernwaermeversorgung-muenchens-bis-2035-klimaneutral\\\/\"]}]},{\"@type\":\"ImageObject\",\"inLanguage\":\"en-US\",\"@id\":\"https:\\\/\\\/www.protect-the-planet.de\\\/en\\\/2024-04-18-fernwaermeversorgung-muenchens-bis-2035-klimaneutral\\\/#primaryimage\",\"url\":\"https:\\\/\\\/www.protect-the-planet.de\\\/wp-content\\\/uploads\\\/2023\\\/12\\\/Zosseder-hp-fb-linkedin.jpg\",\"contentUrl\":\"https:\\\/\\\/www.protect-the-planet.de\\\/wp-content\\\/uploads\\\/2023\\\/12\\\/Zosseder-hp-fb-linkedin.jpg\",\"width\":1920,\"height\":1080,\"caption\":\"Man sieht die Anlage \\\"Geothermie Fernw\u00e4rme M\u00fcnchen\\\" im Sommer mit B\u00fcschen und gr\u00fcner Wiese. Dazu ein Portr\u00e4t des Referenten Dr. Kai Zosseder.\"},{\"@type\":\"BreadcrumbList\",\"@id\":\"https:\\\/\\\/www.protect-the-planet.de\\\/en\\\/2024-04-18-fernwaermeversorgung-muenchens-bis-2035-klimaneutral\\\/#breadcrumb\",\"itemListElement\":[{\"@type\":\"ListItem\",\"position\":1,\"name\":\"Startseite\",\"item\":\"https:\\\/\\\/www.protect-the-planet.de\\\/en\\\/home\\\/\"},{\"@type\":\"ListItem\",\"position\":2,\"name\":\"&#8222;Fernw\u00e4rmeversorgung M\u00fcnchens \u2013 bis 2035 klimaneutral?&#8220;\"}]},{\"@type\":\"WebSite\",\"@id\":\"https:\\\/\\\/www.protect-the-planet.de\\\/en\\\/#website\",\"url\":\"https:\\\/\\\/www.protect-the-planet.de\\\/en\\\/\",\"name\":\"Protect the Planet\",\"description\":\"If we don&#039;t change, the climate will.\",\"publisher\":{\"@id\":\"https:\\\/\\\/www.protect-the-planet.de\\\/en\\\/#organization\"},\"alternateName\":\"Protect the Panet gGmbH\",\"potentialAction\":[{\"@type\":\"SearchAction\",\"target\":{\"@type\":\"EntryPoint\",\"urlTemplate\":\"https:\\\/\\\/www.protect-the-planet.de\\\/en\\\/?s={search_term_string}\"},\"query-input\":{\"@type\":\"PropertyValueSpecification\",\"valueRequired\":true,\"valueName\":\"search_term_string\"}}],\"inLanguage\":\"en-US\"},{\"@type\":\"Organization\",\"@id\":\"https:\\\/\\\/www.protect-the-planet.de\\\/en\\\/#organization\",\"name\":\"Protect the Planet\",\"url\":\"https:\\\/\\\/www.protect-the-planet.de\\\/en\\\/\",\"logo\":{\"@type\":\"ImageObject\",\"inLanguage\":\"en-US\",\"@id\":\"https:\\\/\\\/www.protect-the-planet.de\\\/en\\\/#\\\/schema\\\/logo\\\/image\\\/\",\"url\":\"https:\\\/\\\/www.protect-the-planet.de\\\/wp-content\\\/uploads\\\/2023\\\/09\\\/LOGO-positiv_transparent-klein.png\",\"contentUrl\":\"https:\\\/\\\/www.protect-the-planet.de\\\/wp-content\\\/uploads\\\/2023\\\/09\\\/LOGO-positiv_transparent-klein.png\",\"width\":123,\"height\":68,\"caption\":\"Protect the Planet\"},\"image\":{\"@id\":\"https:\\\/\\\/www.protect-the-planet.de\\\/en\\\/#\\\/schema\\\/logo\\\/image\\\/\"},\"sameAs\":[\"https:\\\/\\\/www.facebook.com\\\/protecttheplanetDE\\\/\",\"https:\\\/\\\/x.com\\\/PtP_de\",\"https:\\\/\\\/www.instagram.com\\\/protecttheplanetorg\\\/\",\"https:\\\/\\\/www.linkedin.com\\\/company\\\/protect-the-planet\",\"https:\\\/\\\/www.youtube.com\\\/@protecttheplanet\"]},{\"@type\":\"Person\",\"@id\":\"https:\\\/\\\/www.protect-the-planet.de\\\/en\\\/#\\\/schema\\\/person\\\/34a10854efaaf0bf11a3b6fbe966fcd0\",\"name\":\"Fenya Kirst\",\"image\":{\"@type\":\"ImageObject\",\"inLanguage\":\"en-US\",\"@id\":\"https:\\\/\\\/www.protect-the-planet.de\\\/wp-content\\\/uploads\\\/2024\\\/03\\\/cropped-2310_ProtectThePlanet_Portraet-Fenya-quadr-scaled-1-96x96.jpg\",\"url\":\"https:\\\/\\\/www.protect-the-planet.de\\\/wp-content\\\/uploads\\\/2024\\\/03\\\/cropped-2310_ProtectThePlanet_Portraet-Fenya-quadr-scaled-1-96x96.jpg\",\"contentUrl\":\"https:\\\/\\\/www.protect-the-planet.de\\\/wp-content\\\/uploads\\\/2024\\\/03\\\/cropped-2310_ProtectThePlanet_Portraet-Fenya-quadr-scaled-1-96x96.jpg\",\"caption\":\"Fenya Kirst\"},\"description\":\"fenya.kirst@protect-the-planet.de +49 162 9085805\",\"url\":\"https:\\\/\\\/www.protect-the-planet.de\\\/en\\\/author\\\/fenya-kirst\\\/\"}]}<\/script>\n<!-- \/ Yoast SEO plugin. -->","yoast_head_json":{"title":"\"Fernw\u00e4rmeversorgung M\u00fcnchens \u2013 bis 2035 klimaneutral?\" - Protect the Planet","description":"Ab 2030 soll laut W\u00e4rmeplanungsgesetz mit mindestens 30 % erneuerbaren Energien geheizt werden. F\u00fcr M\u00fcnchen hei\u00dft das: Umbau auf Geothermie.","robots":{"index":"index","follow":"follow","max-snippet":"max-snippet:-1","max-image-preview":"max-image-preview:large","max-video-preview":"max-video-preview:-1"},"canonical":"https:\/\/www.protect-the-planet.de\/en\/2024-04-18-fernwaermeversorgung-muenchens-bis-2035-klimaneutral\/","og_locale":"en_US","og_type":"article","og_title":"\"Fernw\u00e4rmeversorgung M\u00fcnchens \u2013 bis 2035 klimaneutral?\" - Protect the Planet","og_description":"Ab 2030 soll laut W\u00e4rmeplanungsgesetz mit mindestens 30 % erneuerbaren Energien geheizt werden. F\u00fcr M\u00fcnchen hei\u00dft das: Umbau auf Geothermie.","og_url":"https:\/\/www.protect-the-planet.de\/en\/2024-04-18-fernwaermeversorgung-muenchens-bis-2035-klimaneutral\/","og_site_name":"Protect the Planet","article_publisher":"https:\/\/www.facebook.com\/protecttheplanetDE\/","article_published_time":"2024-04-18T17:21:00+00:00","article_modified_time":"2025-11-18T15:49:57+00:00","og_image":[{"width":1920,"height":1080,"url":"https:\/\/www.protect-the-planet.de\/wp-content\/uploads\/2023\/12\/Zosseder-hp-fb-linkedin.jpg","type":"image\/jpeg"}],"author":"Fenya Kirst","twitter_card":"summary_large_image","twitter_creator":"@PtP_de","twitter_site":"@PtP_de","twitter_misc":{"Written by":"Fenya Kirst","Est. reading time":"2 minutes"},"schema":{"@context":"https:\/\/schema.org","@graph":[{"@type":"Article","@id":"https:\/\/www.protect-the-planet.de\/en\/2024-04-18-fernwaermeversorgung-muenchens-bis-2035-klimaneutral\/#article","isPartOf":{"@id":"https:\/\/www.protect-the-planet.de\/en\/2024-04-18-fernwaermeversorgung-muenchens-bis-2035-klimaneutral\/"},"author":{"name":"Fenya Kirst","@id":"https:\/\/www.protect-the-planet.de\/en\/#\/schema\/person\/34a10854efaaf0bf11a3b6fbe966fcd0"},"headline":"&#8220;Fernw\u00e4rmeversorgung M\u00fcnchens \u2013 bis 2035 klimaneutral?&#8221;","datePublished":"2024-04-18T17:21:00+00:00","dateModified":"2025-11-18T15:49:57+00:00","mainEntityOfPage":{"@id":"https:\/\/www.protect-the-planet.de\/en\/2024-04-18-fernwaermeversorgung-muenchens-bis-2035-klimaneutral\/"},"wordCount":286,"publisher":{"@id":"https:\/\/www.protect-the-planet.de\/en\/#organization"},"image":{"@id":"https:\/\/www.protect-the-planet.de\/en\/2024-04-18-fernwaermeversorgung-muenchens-bis-2035-klimaneutral\/#primaryimage"},"thumbnailUrl":"https:\/\/www.protect-the-planet.de\/wp-content\/uploads\/2023\/12\/Zosseder-hp-fb-linkedin.jpg","keywords":["Bauen und Eigenheim","Dr. Helmut Paschlau","Dr. Kai Zosseder","Eigenheim","Energiewende","Fernw\u00e4rme","Heizung","Heizungsinnung","Klima &#8211; neue Heizung? Was geht mich das an?","Klimakrise","kommunale w\u00e4rmeplanung","M\u00fcnchen","SHK Innung","Vortrag","Vortragsreihe","W\u00e4rmewende"],"articleSection":["Energie, Heizen, Bauen","Event archive","M\u00fcnchen &amp; Lokales"],"inLanguage":"en-US"},{"@type":"WebPage","@id":"https:\/\/www.protect-the-planet.de\/en\/2024-04-18-fernwaermeversorgung-muenchens-bis-2035-klimaneutral\/","url":"https:\/\/www.protect-the-planet.de\/en\/2024-04-18-fernwaermeversorgung-muenchens-bis-2035-klimaneutral\/","name":"\"Fernw\u00e4rmeversorgung M\u00fcnchens \u2013 bis 2035 klimaneutral?\" - Protect the Planet","isPartOf":{"@id":"https:\/\/www.protect-the-planet.de\/en\/#website"},"primaryImageOfPage":{"@id":"https:\/\/www.protect-the-planet.de\/en\/2024-04-18-fernwaermeversorgung-muenchens-bis-2035-klimaneutral\/#primaryimage"},"image":{"@id":"https:\/\/www.protect-the-planet.de\/en\/2024-04-18-fernwaermeversorgung-muenchens-bis-2035-klimaneutral\/#primaryimage"},"thumbnailUrl":"https:\/\/www.protect-the-planet.de\/wp-content\/uploads\/2023\/12\/Zosseder-hp-fb-linkedin.jpg","datePublished":"2024-04-18T17:21:00+00:00","dateModified":"2025-11-18T15:49:57+00:00","description":"Ab 2030 soll laut W\u00e4rmeplanungsgesetz mit mindestens 30 % erneuerbaren Energien geheizt werden. F\u00fcr M\u00fcnchen hei\u00dft das: Umbau auf Geothermie.","breadcrumb":{"@id":"https:\/\/www.protect-the-planet.de\/en\/2024-04-18-fernwaermeversorgung-muenchens-bis-2035-klimaneutral\/#breadcrumb"},"inLanguage":"en-US","potentialAction":[{"@type":"ReadAction","target":["https:\/\/www.protect-the-planet.de\/en\/2024-04-18-fernwaermeversorgung-muenchens-bis-2035-klimaneutral\/"]}]},{"@type":"ImageObject","inLanguage":"en-US","@id":"https:\/\/www.protect-the-planet.de\/en\/2024-04-18-fernwaermeversorgung-muenchens-bis-2035-klimaneutral\/#primaryimage","url":"https:\/\/www.protect-the-planet.de\/wp-content\/uploads\/2023\/12\/Zosseder-hp-fb-linkedin.jpg","contentUrl":"https:\/\/www.protect-the-planet.de\/wp-content\/uploads\/2023\/12\/Zosseder-hp-fb-linkedin.jpg","width":1920,"height":1080,"caption":"Man sieht die Anlage \"Geothermie Fernw\u00e4rme M\u00fcnchen\" im Sommer mit B\u00fcschen und gr\u00fcner Wiese. Dazu ein Portr\u00e4t des Referenten Dr. Kai Zosseder."},{"@type":"BreadcrumbList","@id":"https:\/\/www.protect-the-planet.de\/en\/2024-04-18-fernwaermeversorgung-muenchens-bis-2035-klimaneutral\/#breadcrumb","itemListElement":[{"@type":"ListItem","position":1,"name":"Startseite","item":"https:\/\/www.protect-the-planet.de\/en\/home\/"},{"@type":"ListItem","position":2,"name":"&#8222;Fernw\u00e4rmeversorgung M\u00fcnchens \u2013 bis 2035 klimaneutral?&#8220;"}]},{"@type":"WebSite","@id":"https:\/\/www.protect-the-planet.de\/en\/#website","url":"https:\/\/www.protect-the-planet.de\/en\/","name":"Protect the Planet","description":"If we don&#039;t change, the climate will.","publisher":{"@id":"https:\/\/www.protect-the-planet.de\/en\/#organization"},"alternateName":"Protect the Panet gGmbH","potentialAction":[{"@type":"SearchAction","target":{"@type":"EntryPoint","urlTemplate":"https:\/\/www.protect-the-planet.de\/en\/?s={search_term_string}"},"query-input":{"@type":"PropertyValueSpecification","valueRequired":true,"valueName":"search_term_string"}}],"inLanguage":"en-US"},{"@type":"Organization","@id":"https:\/\/www.protect-the-planet.de\/en\/#organization","name":"Protect the Planet","url":"https:\/\/www.protect-the-planet.de\/en\/","logo":{"@type":"ImageObject","inLanguage":"en-US","@id":"https:\/\/www.protect-the-planet.de\/en\/#\/schema\/logo\/image\/","url":"https:\/\/www.protect-the-planet.de\/wp-content\/uploads\/2023\/09\/LOGO-positiv_transparent-klein.png","contentUrl":"https:\/\/www.protect-the-planet.de\/wp-content\/uploads\/2023\/09\/LOGO-positiv_transparent-klein.png","width":123,"height":68,"caption":"Protect the Planet"},"image":{"@id":"https:\/\/www.protect-the-planet.de\/en\/#\/schema\/logo\/image\/"},"sameAs":["https:\/\/www.facebook.com\/protecttheplanetDE\/","https:\/\/x.com\/PtP_de","https:\/\/www.instagram.com\/protecttheplanetorg\/","https:\/\/www.linkedin.com\/company\/protect-the-planet","https:\/\/www.youtube.com\/@protecttheplanet"]},{"@type":"Person","@id":"https:\/\/www.protect-the-planet.de\/en\/#\/schema\/person\/34a10854efaaf0bf11a3b6fbe966fcd0","name":"Fenya Kirst","image":{"@type":"ImageObject","inLanguage":"en-US","@id":"https:\/\/www.protect-the-planet.de\/wp-content\/uploads\/2024\/03\/cropped-2310_ProtectThePlanet_Portraet-Fenya-quadr-scaled-1-96x96.jpg","url":"https:\/\/www.protect-the-planet.de\/wp-content\/uploads\/2024\/03\/cropped-2310_ProtectThePlanet_Portraet-Fenya-quadr-scaled-1-96x96.jpg","contentUrl":"https:\/\/www.protect-the-planet.de\/wp-content\/uploads\/2024\/03\/cropped-2310_ProtectThePlanet_Portraet-Fenya-quadr-scaled-1-96x96.jpg","caption":"Fenya Kirst"},"description":"fenya.kirst@protect-the-planet.de +49 162 9085805","url":"https:\/\/www.protect-the-planet.de\/en\/author\/fenya-kirst\/"}]}},"_links":{"self":[{"href":"https:\/\/www.protect-the-planet.de\/en\/wp-json\/wp\/v2\/posts\/33676","targetHints":{"allow":["GET"]}}],"collection":[{"href":"https:\/\/www.protect-the-planet.de\/en\/wp-json\/wp\/v2\/posts"}],"about":[{"href":"https:\/\/www.protect-the-planet.de\/en\/wp-json\/wp\/v2\/types\/post"}],"author":[{"embeddable":true,"href":"https:\/\/www.protect-the-planet.de\/en\/wp-json\/wp\/v2\/users\/6"}],"replies":[{"embeddable":true,"href":"https:\/\/www.protect-the-planet.de\/en\/wp-json\/wp\/v2\/comments?post=33676"}],"version-history":[{"count":1,"href":"https:\/\/www.protect-the-planet.de\/en\/wp-json\/wp\/v2\/posts\/33676\/revisions"}],"predecessor-version":[{"id":33704,"href":"https:\/\/www.protect-the-planet.de\/en\/wp-json\/wp\/v2\/posts\/33676\/revisions\/33704"}],"wp:featuredmedia":[{"embeddable":true,"href":"https:\/\/www.protect-the-planet.de\/en\/wp-json\/wp\/v2\/media\/24839"}],"wp:attachment":[{"href":"https:\/\/www.protect-the-planet.de\/en\/wp-json\/wp\/v2\/media?parent=33676"}],"wp:term":[{"taxonomy":"category","embeddable":true,"href":"https:\/\/www.protect-the-planet.de\/en\/wp-json\/wp\/v2\/categories?post=33676"},{"taxonomy":"post_tag","embeddable":true,"href":"https:\/\/www.protect-the-planet.de\/en\/wp-json\/wp\/v2\/tags?post=33676"}],"curies":[{"name":"wp","href":"https:\/\/api.w.org\/{rel}","templated":true}]}}