{"id":33674,"date":"2024-04-24T10:00:00","date_gmt":"2024-04-24T08:00:00","guid":{"rendered":"https:\/\/www.protect-the-planet.de\/2024-04-24-das-neue-eu-umweltstrafrecht\/"},"modified":"2025-12-03T13:02:09","modified_gmt":"2025-12-03T12:02:09","slug":"2024-04-24-das-neue-eu-umweltstrafrecht","status":"publish","type":"post","link":"https:\/\/www.protect-the-planet.de\/en\/2024-04-24-das-neue-eu-umweltstrafrecht\/","title":{"rendered":"Meilenstein der Rechtsgeschichte? Das neue EU-Umweltstrafrecht"},"content":{"rendered":"\n<h2 class=\"wp-block-heading\">Bedeutung f\u00fcr Deutschland, Europa und weltweit<\/h2>\n\n\n\n<h2 class=\"wp-block-heading has-text-align-center\"><strong><a href=\"https:\/\/www.greenlegal.eu\">Green Legal Impact<\/a> und <a href=\"https:\/\/www.stopecocide.de\">Stop Ecocide Germany<\/a><\/strong><\/h2>\n\n\n\n<p class=\"has-text-align-center\">Mit Unterst\u00fctzung von GLS Bank, Patagonia und Protect the Planet.<\/p>\n\n\n\n<div style=\"height:30px\" aria-hidden=\"true\" class=\"wp-block-spacer\"><\/div>\n\n\n\n<hr class=\"wp-block-separator has-alpha-channel-opacity\"\/>\n\n\n\n<div style=\"height:30px\" aria-hidden=\"true\" class=\"wp-block-spacer\"><\/div>\n\n\n\n<div style=\"height:30px\" aria-hidden=\"true\" class=\"wp-block-spacer\"><\/div>\n\n\n\n<p><strong>Programm:<\/strong><\/p>\n\n\n\n<ul class=\"wp-block-list\">\n<li><strong>Einf\u00fchrung: Zur Bedeutung der Umweltstrafrechtsrichtlinie<\/strong><br>Sue Miller (Stop Ecocide International)<\/li>\n\n\n\n<li><strong>Status Quo des Umweltstrafrechts in Deutschland<\/strong><br>Franziska Schultze (Umweltbundesamt)<\/li>\n\n\n\n<li><strong>Strafverfolgung nach der novellierten Umweltstrafrechtsrichtlinie<\/strong><br>Dr. Stephan Sina (Ecologic Institut)<\/li>\n\n\n\n<li><strong>Europ\u00e4ische Perspektive: Reformprozess der Umweltstrafrechtsrichtlinie<\/strong><br>Frederik Hafen (European Environmental Bureau)<\/li>\n\n\n\n<li><strong>Ausblick: Wo k\u00f6nnte es hingehen?<\/strong><br>Wolf Hingst (Stop Ecocide Deutschland)<\/li>\n<\/ul>\n\n\n\n<p><\/p>\n\n\n\n<p><strong>Hintergrund zur Veranstaltung:<\/strong><\/p>\n\n\n\n<p>Umweltschutz und Klimaschutz sind untrennbar, davon sind wir \u00fcberzeugt. Deshalb ist die neue <a href=\"https:\/\/www.consilium.europa.eu\/en\/press\/press-releases\/2024\/03\/26\/environmental-crime-council-clears-new-eu-law-with-tougher-sanctions-and-extended-list-of-offences\/\" target=\"_blank\" rel=\"noreferrer noopener\">Richtlinie \u00fcber den strafrechtlichen Schutz der Umwelt<\/a>, den die EU Ende M\u00e4rz 2024 verabschiedet hat, ein gro\u00dfer Etappensieg, gleicherma\u00dfen f\u00fcr Arten-, Umwelt- und Klimaschutz. Die EU verbessert damit relevant die Ermittlung und die Verfolgung von Umweltstraftaten und erm\u00f6glicht damit pr\u00e4ventiv eine st\u00e4rkere Abschreckung. Und das ist essenziell: Immerhin sind <strong>Umweltverbrechen<\/strong> weltweit die drittgr\u00f6\u00dfte kriminelle Aktivit\u00e4t, nehmen j\u00e4hrlich um 5-7% zu und verursachen jedes Jahr Sch\u00e4den von 110-281 Milliarden USD (<a href=\"https:\/\/www.consilium.europa.eu\/de\/infographics\/eu-fight-environmental-crime-2018-2021\/\" target=\"_blank\" rel=\"noreferrer noopener\">EU-Rat Januar 2023<\/a>).\u00a0\u00a0Als Umweltstraftaten gelten z.B. Besitz, Handel oder T\u00f6tung von gesch\u00fctzten wildlebenden Tier- und Pflanzenarten oder die illegale Freisetzung von Stoffen in Atmosph\u00e4re, Wasser oder Boden.<\/p>\n\n\n\n<p>Eine Einordnung der neuen Richtlinie bietet z.B. <strong>Stop Ecocide Deutschland<\/strong> <a href=\"https:\/\/www.stopecocide.de\/eilmeldungen-und-pressemitteilungen\/eu-beschliet-weltweit-strkstes-umweltrecht-deutschland-stimmt-als-einziges-land-nicht-dafr\" target=\"_blank\" rel=\"noreferrer noopener\">hier<\/a>.<\/p>\n\n\n\n<p><strong>Deutschland hat als einziges Land (!) nicht f\u00fcr die neue Richtlinie gestimmt. <\/strong>Trotzdem steht dem deutschen Umweltstrafrecht dadurch nun eine deutliche Versch\u00e4rfung bevor. Aber ob es gelingen wird, damit eine ausreichend abschreckende Wirkung zu erzielen, muss sich erst noch zeigen.<\/p>\n\n\n\n<p>Wir von Protect the Planet sind zuversichtlich, dass die Richtlinie etwas bewegen wird. Auch, weil wir aus unserer<a href=\"https:\/\/www.protect-the-planet.de\/en\/klimaklagen-3\/\" target=\"_blank\" rel=\"noreferrer noopener\"> fr\u00fcheren Beteiligung an Klima-Klagen<\/a> wissen, wie entscheidend Gerichte helfen k\u00f6nnen:<\/p>\n\n\n\n<p>\u201eEinige ihrer gr\u00f6\u00dften Erfolge hat die internationale Klimabewegung in den vergangenen Jahren auf dem Rechtsweg erzielt.\u201c, betont <strong>Dorothea Sick-Thies, Gr\u00fcnderin von Protect the Planet<\/strong>. \u201eNicht nur daran zeigt sich: Juristischer Druck wirkt \u2013 und ist einer der wichtigsten Hebel, um Klimakrise und Umweltzerst\u00f6rung einzud\u00e4mmen. Die neue Richtlinie des EU-Umweltstrafrechts wird nicht nur helfen, zerst\u00f6rerische Machenschaften und den Raubbau an nat\u00fcrlichen Lebensgrundlagen zu ahnden, sondern auch, sie in der gesellschaftlichen Wahrnehmung nachhaltig zu diskreditieren. Beides ist dringend notwendig.\u201c<\/p>\n\n\n\n<h3 class=\"wp-block-heading\"><strong><strong>Weiterf\u00fchrende Informationen:<\/strong><\/strong><\/h3>\n\n\n\n<ul class=\"wp-block-list\">\n<li><a href=\"https:\/\/www.consilium.europa.eu\/de\/press\/press-releases\/2024\/03\/26\/environmental-crime-council-clears-new-eu-law-with-tougher-sanctions-and-extended-list-of-offences\/\" target=\"_blank\" rel=\"noreferrer noopener\">Pressemitteilung Rat der Europ\u00e4ischen Union<\/a><\/li>\n\n\n\n<li><a href=\"https:\/\/www.stopecocide.de\/eilmeldungen-und-pressemitteilungen\/eu-beschliet-weltweit-strkstes-umweltrecht-deutschland-stimmt-als-einziges-land-nicht-dafr\" target=\"_blank\" rel=\"noreferrer noopener\">Pressemitteilung Stop Ecocide Deutschland<\/a><\/li>\n<\/ul>\n\n\n\n<div style=\"height:30px\" aria-hidden=\"true\" class=\"wp-block-spacer\"><\/div>\n","protected":false},"excerpt":{"rendered":"<p>Green Legal Impact und Stop Ecocide Germany, Mit Unterst\u00fctzung von GLS Bank, Patagonia und Protect the Planet.<\/p>\n","protected":false},"author":10,"featured_media":26083,"comment_status":"closed","ping_status":"closed","sticky":false,"template":"","format":"standard","meta":{"footnotes":""},"categories":[1509,1543],"tags":[],"class_list":["post-33674","post","type-post","status-publish","format-standard","has-post-thumbnail","hentry","category-event-archive","category-klima-recht-gerechtigkeit-en"],"yoast_head":"<!-- This site is optimized with the Yoast SEO plugin v27.5 - https:\/\/yoast.com\/product\/yoast-seo-wordpress\/ -->\n<title>Meilenstein der Rechtsgeschichte? Das neue EU-Umweltstrafrecht - Protect the Planet<\/title>\n<meta name=\"description\" content=\"Webinar (Green Legal Impact): Meilenstein der Rechtsgeschichte? Das neue EU-Umweltstrafrecht - Bedeutung f\u00fcr Deutschland, Europa und weltweit\" \/>\n<meta name=\"robots\" content=\"index, follow, max-snippet:-1, max-image-preview:large, max-video-preview:-1\" \/>\n<link rel=\"canonical\" href=\"https:\/\/www.protect-the-planet.de\/en\/2024-04-24-das-neue-eu-umweltstrafrecht\/\" \/>\n<meta property=\"og:locale\" content=\"en_US\" \/>\n<meta property=\"og:type\" content=\"article\" \/>\n<meta property=\"og:title\" content=\"Meilenstein der Rechtsgeschichte? Das neue EU-Umweltstrafrecht - Protect the Planet\" \/>\n<meta property=\"og:description\" content=\"Webinar (Green Legal Impact): Meilenstein der Rechtsgeschichte? Das neue EU-Umweltstrafrecht - Bedeutung f\u00fcr Deutschland, Europa und weltweit\" \/>\n<meta property=\"og:url\" content=\"https:\/\/www.protect-the-planet.de\/en\/2024-04-24-das-neue-eu-umweltstrafrecht\/\" \/>\n<meta property=\"og:site_name\" content=\"Protect the Planet\" \/>\n<meta property=\"article:publisher\" content=\"https:\/\/www.facebook.com\/protecttheplanetDE\/\" \/>\n<meta property=\"article:published_time\" content=\"2024-04-24T08:00:00+00:00\" \/>\n<meta property=\"article:modified_time\" content=\"2025-12-03T12:02:09+00:00\" \/>\n<meta property=\"og:image\" content=\"https:\/\/www.protect-the-planet.de\/wp-content\/uploads\/2024\/04\/Webinar-Meilenstein-der-Rechtsgeschichte.jpg\" \/>\n\t<meta property=\"og:image:width\" content=\"900\" \/>\n\t<meta property=\"og:image:height\" content=\"550\" \/>\n\t<meta property=\"og:image:type\" content=\"image\/jpeg\" \/>\n<meta name=\"author\" content=\"Marlene Schorr\" \/>\n<meta name=\"twitter:card\" content=\"summary_large_image\" \/>\n<meta name=\"twitter:creator\" content=\"@PtP_de\" \/>\n<meta name=\"twitter:site\" content=\"@PtP_de\" \/>\n<meta name=\"twitter:label1\" content=\"Written by\" \/>\n\t<meta name=\"twitter:data1\" content=\"Marlene Schorr\" \/>\n\t<meta name=\"twitter:label2\" content=\"Est. reading time\" \/>\n\t<meta name=\"twitter:data2\" content=\"3 minutes\" \/>\n<script type=\"application\/ld+json\" class=\"yoast-schema-graph\">{\"@context\":\"https:\\\/\\\/schema.org\",\"@graph\":[{\"@type\":\"Article\",\"@id\":\"https:\\\/\\\/www.protect-the-planet.de\\\/en\\\/2024-04-24-das-neue-eu-umweltstrafrecht\\\/#article\",\"isPartOf\":{\"@id\":\"https:\\\/\\\/www.protect-the-planet.de\\\/en\\\/2024-04-24-das-neue-eu-umweltstrafrecht\\\/\"},\"author\":{\"name\":\"Marlene Schorr\",\"@id\":\"https:\\\/\\\/www.protect-the-planet.de\\\/en\\\/#\\\/schema\\\/person\\\/c5f68fff219fefde61da571621343455\"},\"headline\":\"Meilenstein der Rechtsgeschichte? Das neue EU-Umweltstrafrecht\",\"datePublished\":\"2024-04-24T08:00:00+00:00\",\"dateModified\":\"2025-12-03T12:02:09+00:00\",\"mainEntityOfPage\":{\"@id\":\"https:\\\/\\\/www.protect-the-planet.de\\\/en\\\/2024-04-24-das-neue-eu-umweltstrafrecht\\\/\"},\"wordCount\":388,\"publisher\":{\"@id\":\"https:\\\/\\\/www.protect-the-planet.de\\\/en\\\/#organization\"},\"image\":{\"@id\":\"https:\\\/\\\/www.protect-the-planet.de\\\/en\\\/2024-04-24-das-neue-eu-umweltstrafrecht\\\/#primaryimage\"},\"thumbnailUrl\":\"https:\\\/\\\/www.protect-the-planet.de\\\/wp-content\\\/uploads\\\/2024\\\/04\\\/Webinar-Meilenstein-der-Rechtsgeschichte.jpg\",\"articleSection\":[\"Event archive\",\"Klima-Recht &amp; Gerechtigkeit\"],\"inLanguage\":\"en-US\"},{\"@type\":\"WebPage\",\"@id\":\"https:\\\/\\\/www.protect-the-planet.de\\\/en\\\/2024-04-24-das-neue-eu-umweltstrafrecht\\\/\",\"url\":\"https:\\\/\\\/www.protect-the-planet.de\\\/en\\\/2024-04-24-das-neue-eu-umweltstrafrecht\\\/\",\"name\":\"Meilenstein der Rechtsgeschichte? Das neue EU-Umweltstrafrecht - Protect the Planet\",\"isPartOf\":{\"@id\":\"https:\\\/\\\/www.protect-the-planet.de\\\/en\\\/#website\"},\"primaryImageOfPage\":{\"@id\":\"https:\\\/\\\/www.protect-the-planet.de\\\/en\\\/2024-04-24-das-neue-eu-umweltstrafrecht\\\/#primaryimage\"},\"image\":{\"@id\":\"https:\\\/\\\/www.protect-the-planet.de\\\/en\\\/2024-04-24-das-neue-eu-umweltstrafrecht\\\/#primaryimage\"},\"thumbnailUrl\":\"https:\\\/\\\/www.protect-the-planet.de\\\/wp-content\\\/uploads\\\/2024\\\/04\\\/Webinar-Meilenstein-der-Rechtsgeschichte.jpg\",\"datePublished\":\"2024-04-24T08:00:00+00:00\",\"dateModified\":\"2025-12-03T12:02:09+00:00\",\"description\":\"Webinar (Green Legal Impact): Meilenstein der Rechtsgeschichte? Das neue EU-Umweltstrafrecht - Bedeutung f\u00fcr Deutschland, Europa und weltweit\",\"breadcrumb\":{\"@id\":\"https:\\\/\\\/www.protect-the-planet.de\\\/en\\\/2024-04-24-das-neue-eu-umweltstrafrecht\\\/#breadcrumb\"},\"inLanguage\":\"en-US\",\"potentialAction\":[{\"@type\":\"ReadAction\",\"target\":[\"https:\\\/\\\/www.protect-the-planet.de\\\/en\\\/2024-04-24-das-neue-eu-umweltstrafrecht\\\/\"]}]},{\"@type\":\"ImageObject\",\"inLanguage\":\"en-US\",\"@id\":\"https:\\\/\\\/www.protect-the-planet.de\\\/en\\\/2024-04-24-das-neue-eu-umweltstrafrecht\\\/#primaryimage\",\"url\":\"https:\\\/\\\/www.protect-the-planet.de\\\/wp-content\\\/uploads\\\/2024\\\/04\\\/Webinar-Meilenstein-der-Rechtsgeschichte.jpg\",\"contentUrl\":\"https:\\\/\\\/www.protect-the-planet.de\\\/wp-content\\\/uploads\\\/2024\\\/04\\\/Webinar-Meilenstein-der-Rechtsgeschichte.jpg\",\"width\":900,\"height\":550,\"caption\":\"Man sieht in Nahaufnahme eine einfache goldene Waage auf einem bunt gef\u00e4rbtem Holzuntergrund, als Symbol f\u00fcr das Rechtssystem bzw. hier \\\"Umweltstrafrecht\\\".\"},{\"@type\":\"BreadcrumbList\",\"@id\":\"https:\\\/\\\/www.protect-the-planet.de\\\/en\\\/2024-04-24-das-neue-eu-umweltstrafrecht\\\/#breadcrumb\",\"itemListElement\":[{\"@type\":\"ListItem\",\"position\":1,\"name\":\"Startseite\",\"item\":\"https:\\\/\\\/www.protect-the-planet.de\\\/en\\\/home\\\/\"},{\"@type\":\"ListItem\",\"position\":2,\"name\":\"Meilenstein der Rechtsgeschichte? Das neue EU-Umweltstrafrecht\"}]},{\"@type\":\"WebSite\",\"@id\":\"https:\\\/\\\/www.protect-the-planet.de\\\/en\\\/#website\",\"url\":\"https:\\\/\\\/www.protect-the-planet.de\\\/en\\\/\",\"name\":\"Protect the Planet\",\"description\":\"If we don&#039;t change, the climate will.\",\"publisher\":{\"@id\":\"https:\\\/\\\/www.protect-the-planet.de\\\/en\\\/#organization\"},\"alternateName\":\"Protect the Panet gGmbH\",\"potentialAction\":[{\"@type\":\"SearchAction\",\"target\":{\"@type\":\"EntryPoint\",\"urlTemplate\":\"https:\\\/\\\/www.protect-the-planet.de\\\/en\\\/?s={search_term_string}\"},\"query-input\":{\"@type\":\"PropertyValueSpecification\",\"valueRequired\":true,\"valueName\":\"search_term_string\"}}],\"inLanguage\":\"en-US\"},{\"@type\":\"Organization\",\"@id\":\"https:\\\/\\\/www.protect-the-planet.de\\\/en\\\/#organization\",\"name\":\"Protect the Planet\",\"url\":\"https:\\\/\\\/www.protect-the-planet.de\\\/en\\\/\",\"logo\":{\"@type\":\"ImageObject\",\"inLanguage\":\"en-US\",\"@id\":\"https:\\\/\\\/www.protect-the-planet.de\\\/en\\\/#\\\/schema\\\/logo\\\/image\\\/\",\"url\":\"https:\\\/\\\/www.protect-the-planet.de\\\/wp-content\\\/uploads\\\/2023\\\/09\\\/LOGO-positiv_transparent-klein.png\",\"contentUrl\":\"https:\\\/\\\/www.protect-the-planet.de\\\/wp-content\\\/uploads\\\/2023\\\/09\\\/LOGO-positiv_transparent-klein.png\",\"width\":123,\"height\":68,\"caption\":\"Protect the Planet\"},\"image\":{\"@id\":\"https:\\\/\\\/www.protect-the-planet.de\\\/en\\\/#\\\/schema\\\/logo\\\/image\\\/\"},\"sameAs\":[\"https:\\\/\\\/www.facebook.com\\\/protecttheplanetDE\\\/\",\"https:\\\/\\\/x.com\\\/PtP_de\",\"https:\\\/\\\/www.instagram.com\\\/protecttheplanetorg\\\/\",\"https:\\\/\\\/www.linkedin.com\\\/company\\\/protect-the-planet\",\"https:\\\/\\\/www.youtube.com\\\/@protecttheplanet\"]},{\"@type\":\"Person\",\"@id\":\"https:\\\/\\\/www.protect-the-planet.de\\\/en\\\/#\\\/schema\\\/person\\\/c5f68fff219fefde61da571621343455\",\"name\":\"Marlene Schorr\",\"image\":{\"@type\":\"ImageObject\",\"inLanguage\":\"en-US\",\"@id\":\"https:\\\/\\\/secure.gravatar.com\\\/avatar\\\/78d101b05e6da18a98f007d6ad5f076a6c8fc0dcc2e943f6e304d20caf0c1806?s=96&d=mm&r=g\",\"url\":\"https:\\\/\\\/secure.gravatar.com\\\/avatar\\\/78d101b05e6da18a98f007d6ad5f076a6c8fc0dcc2e943f6e304d20caf0c1806?s=96&d=mm&r=g\",\"contentUrl\":\"https:\\\/\\\/secure.gravatar.com\\\/avatar\\\/78d101b05e6da18a98f007d6ad5f076a6c8fc0dcc2e943f6e304d20caf0c1806?s=96&d=mm&r=g\",\"caption\":\"Marlene Schorr\"},\"url\":\"https:\\\/\\\/www.protect-the-planet.de\\\/en\\\/author\\\/marlene-schorr\\\/\"}]}<\/script>\n<!-- \/ Yoast SEO plugin. -->","yoast_head_json":{"title":"Meilenstein der Rechtsgeschichte? Das neue EU-Umweltstrafrecht - Protect the Planet","description":"Webinar (Green Legal Impact): Meilenstein der Rechtsgeschichte? Das neue EU-Umweltstrafrecht - Bedeutung f\u00fcr Deutschland, Europa und weltweit","robots":{"index":"index","follow":"follow","max-snippet":"max-snippet:-1","max-image-preview":"max-image-preview:large","max-video-preview":"max-video-preview:-1"},"canonical":"https:\/\/www.protect-the-planet.de\/en\/2024-04-24-das-neue-eu-umweltstrafrecht\/","og_locale":"en_US","og_type":"article","og_title":"Meilenstein der Rechtsgeschichte? Das neue EU-Umweltstrafrecht - Protect the Planet","og_description":"Webinar (Green Legal Impact): Meilenstein der Rechtsgeschichte? Das neue EU-Umweltstrafrecht - Bedeutung f\u00fcr Deutschland, Europa und weltweit","og_url":"https:\/\/www.protect-the-planet.de\/en\/2024-04-24-das-neue-eu-umweltstrafrecht\/","og_site_name":"Protect the Planet","article_publisher":"https:\/\/www.facebook.com\/protecttheplanetDE\/","article_published_time":"2024-04-24T08:00:00+00:00","article_modified_time":"2025-12-03T12:02:09+00:00","og_image":[{"width":900,"height":550,"url":"https:\/\/www.protect-the-planet.de\/wp-content\/uploads\/2024\/04\/Webinar-Meilenstein-der-Rechtsgeschichte.jpg","type":"image\/jpeg"}],"author":"Marlene Schorr","twitter_card":"summary_large_image","twitter_creator":"@PtP_de","twitter_site":"@PtP_de","twitter_misc":{"Written by":"Marlene Schorr","Est. reading time":"3 minutes"},"schema":{"@context":"https:\/\/schema.org","@graph":[{"@type":"Article","@id":"https:\/\/www.protect-the-planet.de\/en\/2024-04-24-das-neue-eu-umweltstrafrecht\/#article","isPartOf":{"@id":"https:\/\/www.protect-the-planet.de\/en\/2024-04-24-das-neue-eu-umweltstrafrecht\/"},"author":{"name":"Marlene Schorr","@id":"https:\/\/www.protect-the-planet.de\/en\/#\/schema\/person\/c5f68fff219fefde61da571621343455"},"headline":"Meilenstein der Rechtsgeschichte? Das neue EU-Umweltstrafrecht","datePublished":"2024-04-24T08:00:00+00:00","dateModified":"2025-12-03T12:02:09+00:00","mainEntityOfPage":{"@id":"https:\/\/www.protect-the-planet.de\/en\/2024-04-24-das-neue-eu-umweltstrafrecht\/"},"wordCount":388,"publisher":{"@id":"https:\/\/www.protect-the-planet.de\/en\/#organization"},"image":{"@id":"https:\/\/www.protect-the-planet.de\/en\/2024-04-24-das-neue-eu-umweltstrafrecht\/#primaryimage"},"thumbnailUrl":"https:\/\/www.protect-the-planet.de\/wp-content\/uploads\/2024\/04\/Webinar-Meilenstein-der-Rechtsgeschichte.jpg","articleSection":["Event archive","Klima-Recht &amp; Gerechtigkeit"],"inLanguage":"en-US"},{"@type":"WebPage","@id":"https:\/\/www.protect-the-planet.de\/en\/2024-04-24-das-neue-eu-umweltstrafrecht\/","url":"https:\/\/www.protect-the-planet.de\/en\/2024-04-24-das-neue-eu-umweltstrafrecht\/","name":"Meilenstein der Rechtsgeschichte? Das neue EU-Umweltstrafrecht - Protect the Planet","isPartOf":{"@id":"https:\/\/www.protect-the-planet.de\/en\/#website"},"primaryImageOfPage":{"@id":"https:\/\/www.protect-the-planet.de\/en\/2024-04-24-das-neue-eu-umweltstrafrecht\/#primaryimage"},"image":{"@id":"https:\/\/www.protect-the-planet.de\/en\/2024-04-24-das-neue-eu-umweltstrafrecht\/#primaryimage"},"thumbnailUrl":"https:\/\/www.protect-the-planet.de\/wp-content\/uploads\/2024\/04\/Webinar-Meilenstein-der-Rechtsgeschichte.jpg","datePublished":"2024-04-24T08:00:00+00:00","dateModified":"2025-12-03T12:02:09+00:00","description":"Webinar (Green Legal Impact): Meilenstein der Rechtsgeschichte? Das neue EU-Umweltstrafrecht - Bedeutung f\u00fcr Deutschland, Europa und weltweit","breadcrumb":{"@id":"https:\/\/www.protect-the-planet.de\/en\/2024-04-24-das-neue-eu-umweltstrafrecht\/#breadcrumb"},"inLanguage":"en-US","potentialAction":[{"@type":"ReadAction","target":["https:\/\/www.protect-the-planet.de\/en\/2024-04-24-das-neue-eu-umweltstrafrecht\/"]}]},{"@type":"ImageObject","inLanguage":"en-US","@id":"https:\/\/www.protect-the-planet.de\/en\/2024-04-24-das-neue-eu-umweltstrafrecht\/#primaryimage","url":"https:\/\/www.protect-the-planet.de\/wp-content\/uploads\/2024\/04\/Webinar-Meilenstein-der-Rechtsgeschichte.jpg","contentUrl":"https:\/\/www.protect-the-planet.de\/wp-content\/uploads\/2024\/04\/Webinar-Meilenstein-der-Rechtsgeschichte.jpg","width":900,"height":550,"caption":"Man sieht in Nahaufnahme eine einfache goldene Waage auf einem bunt gef\u00e4rbtem Holzuntergrund, als Symbol f\u00fcr das Rechtssystem bzw. hier \"Umweltstrafrecht\"."},{"@type":"BreadcrumbList","@id":"https:\/\/www.protect-the-planet.de\/en\/2024-04-24-das-neue-eu-umweltstrafrecht\/#breadcrumb","itemListElement":[{"@type":"ListItem","position":1,"name":"Startseite","item":"https:\/\/www.protect-the-planet.de\/en\/home\/"},{"@type":"ListItem","position":2,"name":"Meilenstein der Rechtsgeschichte? Das neue EU-Umweltstrafrecht"}]},{"@type":"WebSite","@id":"https:\/\/www.protect-the-planet.de\/en\/#website","url":"https:\/\/www.protect-the-planet.de\/en\/","name":"Protect the Planet","description":"If we don&#039;t change, the climate will.","publisher":{"@id":"https:\/\/www.protect-the-planet.de\/en\/#organization"},"alternateName":"Protect the Panet gGmbH","potentialAction":[{"@type":"SearchAction","target":{"@type":"EntryPoint","urlTemplate":"https:\/\/www.protect-the-planet.de\/en\/?s={search_term_string}"},"query-input":{"@type":"PropertyValueSpecification","valueRequired":true,"valueName":"search_term_string"}}],"inLanguage":"en-US"},{"@type":"Organization","@id":"https:\/\/www.protect-the-planet.de\/en\/#organization","name":"Protect the Planet","url":"https:\/\/www.protect-the-planet.de\/en\/","logo":{"@type":"ImageObject","inLanguage":"en-US","@id":"https:\/\/www.protect-the-planet.de\/en\/#\/schema\/logo\/image\/","url":"https:\/\/www.protect-the-planet.de\/wp-content\/uploads\/2023\/09\/LOGO-positiv_transparent-klein.png","contentUrl":"https:\/\/www.protect-the-planet.de\/wp-content\/uploads\/2023\/09\/LOGO-positiv_transparent-klein.png","width":123,"height":68,"caption":"Protect the Planet"},"image":{"@id":"https:\/\/www.protect-the-planet.de\/en\/#\/schema\/logo\/image\/"},"sameAs":["https:\/\/www.facebook.com\/protecttheplanetDE\/","https:\/\/x.com\/PtP_de","https:\/\/www.instagram.com\/protecttheplanetorg\/","https:\/\/www.linkedin.com\/company\/protect-the-planet","https:\/\/www.youtube.com\/@protecttheplanet"]},{"@type":"Person","@id":"https:\/\/www.protect-the-planet.de\/en\/#\/schema\/person\/c5f68fff219fefde61da571621343455","name":"Marlene Schorr","image":{"@type":"ImageObject","inLanguage":"en-US","@id":"https:\/\/secure.gravatar.com\/avatar\/78d101b05e6da18a98f007d6ad5f076a6c8fc0dcc2e943f6e304d20caf0c1806?s=96&d=mm&r=g","url":"https:\/\/secure.gravatar.com\/avatar\/78d101b05e6da18a98f007d6ad5f076a6c8fc0dcc2e943f6e304d20caf0c1806?s=96&d=mm&r=g","contentUrl":"https:\/\/secure.gravatar.com\/avatar\/78d101b05e6da18a98f007d6ad5f076a6c8fc0dcc2e943f6e304d20caf0c1806?s=96&d=mm&r=g","caption":"Marlene Schorr"},"url":"https:\/\/www.protect-the-planet.de\/en\/author\/marlene-schorr\/"}]}},"_links":{"self":[{"href":"https:\/\/www.protect-the-planet.de\/en\/wp-json\/wp\/v2\/posts\/33674","targetHints":{"allow":["GET"]}}],"collection":[{"href":"https:\/\/www.protect-the-planet.de\/en\/wp-json\/wp\/v2\/posts"}],"about":[{"href":"https:\/\/www.protect-the-planet.de\/en\/wp-json\/wp\/v2\/types\/post"}],"author":[{"embeddable":true,"href":"https:\/\/www.protect-the-planet.de\/en\/wp-json\/wp\/v2\/users\/10"}],"replies":[{"embeddable":true,"href":"https:\/\/www.protect-the-planet.de\/en\/wp-json\/wp\/v2\/comments?post=33674"}],"version-history":[{"count":3,"href":"https:\/\/www.protect-the-planet.de\/en\/wp-json\/wp\/v2\/posts\/33674\/revisions"}],"predecessor-version":[{"id":33889,"href":"https:\/\/www.protect-the-planet.de\/en\/wp-json\/wp\/v2\/posts\/33674\/revisions\/33889"}],"wp:featuredmedia":[{"embeddable":true,"href":"https:\/\/www.protect-the-planet.de\/en\/wp-json\/wp\/v2\/media\/26083"}],"wp:attachment":[{"href":"https:\/\/www.protect-the-planet.de\/en\/wp-json\/wp\/v2\/media?parent=33674"}],"wp:term":[{"taxonomy":"category","embeddable":true,"href":"https:\/\/www.protect-the-planet.de\/en\/wp-json\/wp\/v2\/categories?post=33674"},{"taxonomy":"post_tag","embeddable":true,"href":"https:\/\/www.protect-the-planet.de\/en\/wp-json\/wp\/v2\/tags?post=33674"}],"curies":[{"name":"wp","href":"https:\/\/api.w.org\/{rel}","templated":true}]}}