{"id":33671,"date":"2024-06-13T19:00:00","date_gmt":"2024-06-13T17:00:00","guid":{"rendered":"https:\/\/www.protect-the-planet.de\/dr-rave-und-dr-koschel-kommunale-waermeplanung-muenchen\/"},"modified":"2025-12-03T12:55:28","modified_gmt":"2025-12-03T11:55:28","slug":"dr-rave-und-dr-koschel-kommunale-waermeplanung-muenchen","status":"publish","type":"post","link":"https:\/\/www.protect-the-planet.de\/en\/dr-rave-und-dr-koschel-kommunale-waermeplanung-muenchen\/","title":{"rendered":"&#8220;Kommunale W\u00e4rmeplanung M\u00fcnchen \u2013 Stand und Ausblick&#8221;"},"content":{"rendered":"\n<p class=\"has-text-align-center\">I<strong>n unserer Reihe &#8220;Klima &#8211; neue Heizung? Was geht mich das an?&#8221;<\/strong><\/p>\n\n\n\n<h2 class=\"wp-block-heading has-text-align-center\">Dr. Tilmann Rave<\/h2>\n\n\n\n<p class=\"has-text-align-center\">Referat f\u00fcr Klima- und Umweltschutz (RKU), Landeshauptstadt M\u00fcnchen, Sachgebiet \u201eW\u00e4rmestrategie und Quartier\u201c<\/p>\n\n\n\n<p class=\"has-text-align-center\">und<\/p>\n\n\n\n<h2 class=\"wp-block-heading has-text-align-center\">Dr. Herbert Koschel<\/h2>\n\n\n\n<p class=\"has-text-align-center\">Stadtwerke M\u00fcnchen GmbH (SWM), Netzanschlussmanagement, Fernw\u00e4rmeplanung, Marktkommunikation<\/p>\n\n\n\n<div style=\"height:30px\" aria-hidden=\"true\" class=\"wp-block-spacer\"><\/div>\n\n\n\n<hr class=\"wp-block-separator has-alpha-channel-opacity\"\/>\n\n\n\n<div style=\"height:30px\" aria-hidden=\"true\" class=\"wp-block-spacer\"><\/div>\n\n\n\n<p class=\"has-text-align-center\"><a href=\"https:\/\/www.protect-the-planet.de\/wp-content\/uploads\/2024\/04\/Einladungstext-Rave_Koschel-13.06.2024.pdf\"><strong>Event-Info PDF | Dr. Helmut Paschlau<\/strong><\/a><\/p>\n\n\n\n<p> <div class=\"brlbs-cmpnt-container brlbs-cmpnt-content-blocker brlbs-cmpnt-with-individual-styles\" data-borlabs-cookie-content-blocker-id=\"youtube-content-blocker\" data-borlabs-cookie-content=\"PGlmcmFtZSB3aWR0aD0iNTYwIiBoZWlnaHQ9IjMxNSIgc3JjPSJodHRwczovL3d3dy55b3V0dWJlLW5vY29va2llLmNvbS9lbWJlZC9vcVZFeDBEb05HYz9zaT1iTHBvR3BRVmwyZUJBcHlpIiB0aXRsZT0iWW91VHViZSB2aWRlbyBwbGF5ZXIiIGZyYW1lYm9yZGVyPSIwIiBhbGxvdz0iYWNjZWxlcm9tZXRlcjsgYXV0b3BsYXk7IGNsaXBib2FyZC13cml0ZTsgZW5jcnlwdGVkLW1lZGlhOyBneXJvc2NvcGU7IHBpY3R1cmUtaW4tcGljdHVyZTsgd2ViLXNoYXJlIiByZWZlcnJlcnBvbGljeT0ic3RyaWN0LW9yaWdpbi13aGVuLWNyb3NzLW9yaWdpbiIgYWxsb3dmdWxsc2NyZWVuPSIiPjwvaWZyYW1lPg==\"><div class=\"brlbs-cmpnt-cb-preset-c brlbs-cmpnt-cb-youtube\"> <div class=\"brlbs-cmpnt-cb-thumbnail\" style=\"background-image: url('https:\/\/www.protect-the-planet.de\/wp-content\/uploads\/borlabs-cookie\/1\/yt_oqVEx0DoNGc_hqdefault.jpg')\"><\/div> <div class=\"brlbs-cmpnt-cb-main\"> <div class=\"brlbs-cmpnt-cb-play-button\"><\/div> <div class=\"brlbs-cmpnt-cb-content\"> <p class=\"brlbs-cmpnt-cb-description\">You are currently viewing a placeholder content from <strong>YouTube<\/strong>. To access the actual content, click the button below. Please note that doing so will share data with third-party providers.<\/p> <a class=\"brlbs-cmpnt-cb-provider-toggle\" href=\"#\" data-borlabs-cookie-show-provider-information role=\"button\">More Information<\/a> <\/div> <div class=\"brlbs-cmpnt-cb-buttons\"> <a class=\"brlbs-cmpnt-cb-btn\" href=\"#\" data-borlabs-cookie-unblock role=\"button\">Unblock content<\/a> <a class=\"brlbs-cmpnt-cb-btn\" href=\"#\" data-borlabs-cookie-accept-service role=\"button\" style=\"display: inherit\">Accept required service and unblock content<\/a> <\/div> <\/div> <\/div><\/div><\/p>\n\n\n\n<div style=\"height:30px\" aria-hidden=\"true\" class=\"wp-block-spacer\"><\/div>\n\n\n\n<p class=\"has-text-align-center\"><strong><strong><a href=\"https:\/\/www.protect-the-planet.de\/wp-content\/uploads\/2024\/11\/ZAUM-betriebliche-und-gewerkschaftliche-Perspektiven.pdf\"><\/a><strong><a href=\"https:\/\/www.protect-the-planet.de\/wp-content\/uploads\/2024\/06\/2024_06_13_Vortragsfolien-Dr.-Rave_kommunale-Waermeplanung.pdf\">Vortragsfolien PDF | Dr. Tilman Rave<\/a><\/strong><\/strong><\/strong> , <strong><a href=\"https:\/\/www.protect-the-planet.de\/wp-content\/uploads\/2024\/06\/2024_06_13_Vortragsfolien-Dr.-Koschel_SWM-Waermewende.pdf\">Vortragsfolien PDF | Dr. Herbert Koschel<\/a><\/strong><\/p>\n\n\n\n<div style=\"height:30px\" aria-hidden=\"true\" class=\"wp-block-spacer\"><\/div>\n\n\n\n<p>Das seit 01.01.2024 geltende W\u00e4rmeplanungsgesetz schafft die rechtliche Grundlage f\u00fcr die Einf\u00fchrung einer fl\u00e4chendeckenden W\u00e4rmeplanung in ganz Deutschland. Als wegweisendes Instrument soll die kommunale W\u00e4rmeplanung auf aufzeigen, wie k\u00fcnftig die W\u00e4rmeversorgung auf die Nutzung von Erneuerbaren Energien umgestellt werden kann. Das W\u00e4rmeplanungsgesetz enth\u00e4lt auch zeitlich gestaffelte Vorgaben an die W\u00e4rmenetzbetreiber zur Dekarbonisierung ihrer Netze: Ab Januar 2030 im Regelfall mit mindestens 30 %, ab Januar 2040 idR mind. 80 % erneuerbare Energien. F\u00fcr M\u00fcnchen hei\u00dft das: \u201eDezentrale\u201c W\u00e4rmeversorgung mit Quartiersl\u00f6sungen (zB auf Basis Grundwasser-W\u00e4rmepumpen) und \u201ezentrale\u201c W\u00e4rmeversorgung mit Umbau der fossilen Fernw\u00e4rme auf Geothermie. Ob und wie dabei das Ziel \u201eKlimaneutralit\u00e4t 2035\u201c erreicht wird, dar\u00fcber werden die beiden Verantwortlichen aus der Stadtverwaltung, Dr. Tilman Rave, und von den Stadtwerken M\u00fcnchen, Dr. Herbert Koschel, aus erster Hand berichten.<\/p>\n\n\n\n<h3 class=\"wp-block-heading\"><strong>Zum Weiterlesen:<\/strong><\/h3>\n\n\n\n<ul class=\"wp-block-list\">\n<li>Stadt M\u00fcnchen, W\u00e4rmeplanung: <a href=\"https:\/\/ru.muenchen.de\/2023\/111\/Heizungsgesetz-Kommunale-Waermeplanung-in-%20Muenchen-startklar-107467\" target=\"_blank\" rel=\"noreferrer noopener\">https:\/\/ru.muenchen.de\/2023\/111\/Heizungsgesetz-Kommunale-Waermeplanung-in- Muenchen-startklar-107467<\/a><\/li>\n\n\n\n<li>Heinrich\u00adB\u00f6ll\u00adStiftung e. V.: <a href=\"https:\/\/www.boell.de\/sites\/default\/files\/2021-03\/BoellFakten_Waermewende.pdf\" target=\"_blank\" rel=\"noreferrer noopener\">Besser wohnen mit Klimaschutz. 17 Fakten zur W\u00e4rmewende, 2021.<\/a><\/li>\n<\/ul>\n\n\n\n<div style=\"height:30px\" aria-hidden=\"true\" class=\"wp-block-spacer\"><\/div>\n\n\n\n<hr class=\"wp-block-separator has-alpha-channel-opacity\"\/>\n\n\n\n<div style=\"height:30px\" aria-hidden=\"true\" class=\"wp-block-spacer\"><\/div>\n\n\n\n<p class=\"has-text-align-center\"><strong>Die Veranstalter<\/strong>:<\/p>\n\n\n\n<p class=\"has-text-align-center\"><a href=\"https:\/\/energienetzwerk-muc.de\/\" target=\"_blank\" rel=\"noreferrer noopener\">Saubere Energie M\u00fcnchen e.V.<\/a> und <a href=\"https:\/\/www.protect-the-planet.de\/en\/\">Protect the Planet<\/a><\/p>\n\n\n\n<p class=\"has-text-align-left\"><strong>Event-Kooperationspartner:<\/strong><\/p>\n\n\n\n<ul class=\"wp-block-list\">\n<li><a href=\"https:\/\/twitter.com\/fff_muc\" target=\"_blank\" rel=\"noreferrer noopener\">Fridays for Future M\u00fcnchen<\/a><\/li>\n\n\n\n<li><a href=\"http:\/\/bn-muenchen.de\/\" target=\"_blank\" rel=\"noreferrer noopener\">Bund Naturschutz in Bayern e.V. Kreisgruppe M\u00fcnchen<\/a><\/li>\n\n\n\n<li><a href=\"https:\/\/www.greencity.de\/verein\/\" target=\"_blank\" rel=\"noreferrer noopener\">Greencity \u2013 der Verein<\/a><\/li>\n\n\n\n<li><a href=\"https:\/\/twitter.com\/Kohleausstieg_M\" target=\"_blank\" rel=\"noreferrer noopener\">Raus-aus-der-Steinkohle M\u00fcnchen<\/a><\/li>\n\n\n\n<li><a href=\"https:\/\/fossilfreemunich.wixsite.com\/home\" target=\"_blank\" rel=\"noreferrer noopener\">Fossil Free M\u00fcnchen<\/a><\/li>\n\n\n\n<li><a href=\"https:\/\/muenchen.scientists4future.org\/\" target=\"_blank\" rel=\"noreferrer noopener\">Scientists4Future M\u00fcnchen<\/a><\/li>\n\n\n\n<li><a href=\"https:\/\/oekom-verein.de\/\" target=\"_blank\" rel=\"noreferrer noopener\">oekom e.V.<\/a><\/li>\n\n\n\n<li><a href=\"https:\/\/www.bene-muenchen.de\/\" target=\"_blank\" rel=\"noreferrer noopener\">BenE M\u00fcnchen<\/a><\/li>\n\n\n\n<li><a href=\"https:\/\/umwelt.asta.tum.de\/\" target=\"_blank\" rel=\"noreferrer noopener\">Studentische Vertretung der TUM \u2013 Referat f\u00fcr Umwelt<\/a><\/li>\n\n\n\n<li><a href=\"https:\/\/nachhaltigkeit-ev.de\" target=\"_blank\" rel=\"noreferrer noopener\">Verein f\u00fcr Nachhaltigkeit e.V.<\/a><\/li>\n\n\n\n<li><a href=\"https:\/\/www.dgs.de\/dgs\/organisation\/sektionen\/muenchen\/\" target=\"_blank\" rel=\"noreferrer noopener\">Deutsche Gesellschaft f\u00fcr Sonnenenergie e.V., Sektion M\u00fcnchen\/Oberbayern<\/a><\/li>\n\n\n\n<li><a href=\"https:\/\/muenchenzero.org\" target=\"_blank\" rel=\"noreferrer noopener\">M\u00fcnchen Zero<\/a><\/li>\n<\/ul>\n\n\n\n<p><\/p>\n\n\n\n<p><strong>Medienpartner:<\/strong><\/p>\n\n\n\n<ul class=\"wp-block-list\">\n<li><a href=\"https:\/\/lora924.de\/\" target=\"_blank\" rel=\"noreferrer noopener\">Radio Lora 92.4<\/a><\/li>\n\n\n\n<li><a href=\"https:\/\/www.forum-csr.net\/\" target=\"_blank\" rel=\"noreferrer noopener\">forum nachhaltig wirtschaften<\/a><\/li>\n<\/ul>\n\n\n\n<div style=\"height:30px\" aria-hidden=\"true\" class=\"wp-block-spacer\"><\/div>\n\n\n\n<p><strong>Diese Veranstaltung wird gef\u00f6rdert von:<\/strong><\/p>\n\n\n\n<p class=\"has-text-align-left\"><a href=\"https:\/\/www.sparda-m.de\/gemeinwohl-unsere-gemeinwohl-bilanz\/\" target=\"_blank\" rel=\"noreferrer noopener\">Sparda-Bank M\u00fcnchen, Deutschlands erste Gemeinwohl-Bank<\/a><\/p>\n\n\n\n<p><\/p>\n","protected":false},"excerpt":{"rendered":"<p>Dr. Tilmann Rave (Referat f\u00fcr Klima- und Umweltschutz (RKU), Landeshauptstadt M\u00fcnchen, Sachgebiet \u201eW\u00e4rmestrategie und Quartier\u201c) und Dr. Herbert Koschel (Stadtwerke M\u00fcnchen GmbH (SWM), Netzanschlussmanagement, Fernw\u00e4rmeplanung, Marktkommunikation)<\/p>\n","protected":false},"author":10,"featured_media":26586,"comment_status":"closed","ping_status":"closed","sticky":false,"template":"","format":"standard","meta":{"footnotes":""},"categories":[1552,1509,1637],"tags":[1246,1244,710,952,1056,702,703],"class_list":["post-33671","post","type-post","status-publish","format-standard","has-post-thumbnail","hentry","category-energie-heizen-bauen-en","category-event-archive","category-muenchen-llokales-en","tag-arbeit-en","tag-klimaherbst-2024-en","tag-klimaschutz-en","tag-kommunale-waermeplanung-en","tag-stadt-muenchen-en","tag-vortrag-en","tag-vortragsreihe-en"],"yoast_head":"<!-- This site is optimized with the Yoast SEO plugin v27.5 - https:\/\/yoast.com\/product\/yoast-seo-wordpress\/ -->\n<title>&quot;Kommunale W\u00e4rmeplanung M\u00fcnchen \u2013 Stand und Ausblick&quot; - Protect the Planet<\/title>\n<meta name=\"description\" content=\"Einen erheblichen Beitrag f\u00fcr eine b\u00fcrgernahe und partizipative Energiewende sollen B\u00fcrger-Energiegenossenschaften leisten.\" \/>\n<meta name=\"robots\" content=\"index, follow, max-snippet:-1, max-image-preview:large, max-video-preview:-1\" \/>\n<link rel=\"canonical\" href=\"https:\/\/www.protect-the-planet.de\/en\/dr-rave-und-dr-koschel-kommunale-waermeplanung-muenchen\/\" \/>\n<meta property=\"og:locale\" content=\"en_US\" \/>\n<meta property=\"og:type\" content=\"article\" \/>\n<meta property=\"og:title\" content=\"&quot;Kommunale W\u00e4rmeplanung M\u00fcnchen \u2013 Stand und Ausblick&quot; - Protect the Planet\" \/>\n<meta property=\"og:description\" content=\"Einen erheblichen Beitrag f\u00fcr eine b\u00fcrgernahe und partizipative Energiewende sollen B\u00fcrger-Energiegenossenschaften leisten.\" \/>\n<meta property=\"og:url\" content=\"https:\/\/www.protect-the-planet.de\/en\/dr-rave-und-dr-koschel-kommunale-waermeplanung-muenchen\/\" \/>\n<meta property=\"og:site_name\" content=\"Protect the Planet\" \/>\n<meta property=\"article:publisher\" content=\"https:\/\/www.facebook.com\/protecttheplanetDE\/\" \/>\n<meta property=\"article:published_time\" content=\"2024-06-13T17:00:00+00:00\" \/>\n<meta property=\"article:modified_time\" content=\"2025-12-03T11:55:28+00:00\" \/>\n<meta property=\"og:image\" content=\"https:\/\/www.protect-the-planet.de\/wp-content\/uploads\/2023\/12\/rave-koschel-hp-fb-linkedin-neu-13.06.jpg\" \/>\n\t<meta property=\"og:image:width\" content=\"1920\" \/>\n\t<meta property=\"og:image:height\" content=\"1080\" \/>\n\t<meta property=\"og:image:type\" content=\"image\/jpeg\" \/>\n<meta name=\"author\" content=\"Marlene Schorr\" \/>\n<meta name=\"twitter:card\" content=\"summary_large_image\" \/>\n<meta name=\"twitter:creator\" content=\"@PtP_de\" \/>\n<meta name=\"twitter:site\" content=\"@PtP_de\" \/>\n<meta name=\"twitter:label1\" content=\"Written by\" \/>\n\t<meta name=\"twitter:data1\" content=\"Marlene Schorr\" \/>\n\t<meta name=\"twitter:label2\" content=\"Est. reading time\" \/>\n\t<meta name=\"twitter:data2\" content=\"2 minutes\" \/>\n<script type=\"application\/ld+json\" class=\"yoast-schema-graph\">{\"@context\":\"https:\\\/\\\/schema.org\",\"@graph\":[{\"@type\":\"Article\",\"@id\":\"https:\\\/\\\/www.protect-the-planet.de\\\/en\\\/dr-rave-und-dr-koschel-kommunale-waermeplanung-muenchen\\\/#article\",\"isPartOf\":{\"@id\":\"https:\\\/\\\/www.protect-the-planet.de\\\/en\\\/dr-rave-und-dr-koschel-kommunale-waermeplanung-muenchen\\\/\"},\"author\":{\"name\":\"Marlene Schorr\",\"@id\":\"https:\\\/\\\/www.protect-the-planet.de\\\/en\\\/#\\\/schema\\\/person\\\/c5f68fff219fefde61da571621343455\"},\"headline\":\"&#8220;Kommunale W\u00e4rmeplanung M\u00fcnchen \u2013 Stand und Ausblick&#8221;\",\"datePublished\":\"2024-06-13T17:00:00+00:00\",\"dateModified\":\"2025-12-03T11:55:28+00:00\",\"mainEntityOfPage\":{\"@id\":\"https:\\\/\\\/www.protect-the-planet.de\\\/en\\\/dr-rave-und-dr-koschel-kommunale-waermeplanung-muenchen\\\/\"},\"wordCount\":327,\"publisher\":{\"@id\":\"https:\\\/\\\/www.protect-the-planet.de\\\/en\\\/#organization\"},\"image\":{\"@id\":\"https:\\\/\\\/www.protect-the-planet.de\\\/en\\\/dr-rave-und-dr-koschel-kommunale-waermeplanung-muenchen\\\/#primaryimage\"},\"thumbnailUrl\":\"https:\\\/\\\/www.protect-the-planet.de\\\/wp-content\\\/uploads\\\/2023\\\/12\\\/rave-koschel-hp-fb-linkedin-neu-13.06.jpg\",\"keywords\":[\"Arbeit\",\"Klimaherbst 2024\",\"Klimaschutz\",\"kommunale w\u00e4rmeplanung\",\"Stadt M\u00fcnchen\",\"Vortrag\",\"Vortragsreihe\"],\"articleSection\":[\"Energie, Heizen, Bauen\",\"Event archive\",\"M\u00fcnchen &amp; Lokales\"],\"inLanguage\":\"en-US\"},{\"@type\":\"WebPage\",\"@id\":\"https:\\\/\\\/www.protect-the-planet.de\\\/en\\\/dr-rave-und-dr-koschel-kommunale-waermeplanung-muenchen\\\/\",\"url\":\"https:\\\/\\\/www.protect-the-planet.de\\\/en\\\/dr-rave-und-dr-koschel-kommunale-waermeplanung-muenchen\\\/\",\"name\":\"\\\"Kommunale W\u00e4rmeplanung M\u00fcnchen \u2013 Stand und Ausblick\\\" - Protect the Planet\",\"isPartOf\":{\"@id\":\"https:\\\/\\\/www.protect-the-planet.de\\\/en\\\/#website\"},\"primaryImageOfPage\":{\"@id\":\"https:\\\/\\\/www.protect-the-planet.de\\\/en\\\/dr-rave-und-dr-koschel-kommunale-waermeplanung-muenchen\\\/#primaryimage\"},\"image\":{\"@id\":\"https:\\\/\\\/www.protect-the-planet.de\\\/en\\\/dr-rave-und-dr-koschel-kommunale-waermeplanung-muenchen\\\/#primaryimage\"},\"thumbnailUrl\":\"https:\\\/\\\/www.protect-the-planet.de\\\/wp-content\\\/uploads\\\/2023\\\/12\\\/rave-koschel-hp-fb-linkedin-neu-13.06.jpg\",\"datePublished\":\"2024-06-13T17:00:00+00:00\",\"dateModified\":\"2025-12-03T11:55:28+00:00\",\"description\":\"Einen erheblichen Beitrag f\u00fcr eine b\u00fcrgernahe und partizipative Energiewende sollen B\u00fcrger-Energiegenossenschaften leisten.\",\"breadcrumb\":{\"@id\":\"https:\\\/\\\/www.protect-the-planet.de\\\/en\\\/dr-rave-und-dr-koschel-kommunale-waermeplanung-muenchen\\\/#breadcrumb\"},\"inLanguage\":\"en-US\",\"potentialAction\":[{\"@type\":\"ReadAction\",\"target\":[\"https:\\\/\\\/www.protect-the-planet.de\\\/en\\\/dr-rave-und-dr-koschel-kommunale-waermeplanung-muenchen\\\/\"]}]},{\"@type\":\"ImageObject\",\"inLanguage\":\"en-US\",\"@id\":\"https:\\\/\\\/www.protect-the-planet.de\\\/en\\\/dr-rave-und-dr-koschel-kommunale-waermeplanung-muenchen\\\/#primaryimage\",\"url\":\"https:\\\/\\\/www.protect-the-planet.de\\\/wp-content\\\/uploads\\\/2023\\\/12\\\/rave-koschel-hp-fb-linkedin-neu-13.06.jpg\",\"contentUrl\":\"https:\\\/\\\/www.protect-the-planet.de\\\/wp-content\\\/uploads\\\/2023\\\/12\\\/rave-koschel-hp-fb-linkedin-neu-13.06.jpg\",\"width\":1920,\"height\":1080,\"caption\":\"2024-06-13\"},{\"@type\":\"BreadcrumbList\",\"@id\":\"https:\\\/\\\/www.protect-the-planet.de\\\/en\\\/dr-rave-und-dr-koschel-kommunale-waermeplanung-muenchen\\\/#breadcrumb\",\"itemListElement\":[{\"@type\":\"ListItem\",\"position\":1,\"name\":\"Startseite\",\"item\":\"https:\\\/\\\/www.protect-the-planet.de\\\/en\\\/home\\\/\"},{\"@type\":\"ListItem\",\"position\":2,\"name\":\"&#8222;Kommunale W\u00e4rmeplanung M\u00fcnchen \u2013 Stand und Ausblick&#8220;\"}]},{\"@type\":\"WebSite\",\"@id\":\"https:\\\/\\\/www.protect-the-planet.de\\\/en\\\/#website\",\"url\":\"https:\\\/\\\/www.protect-the-planet.de\\\/en\\\/\",\"name\":\"Protect the Planet\",\"description\":\"If we don&#039;t change, the climate will.\",\"publisher\":{\"@id\":\"https:\\\/\\\/www.protect-the-planet.de\\\/en\\\/#organization\"},\"alternateName\":\"Protect the Panet gGmbH\",\"potentialAction\":[{\"@type\":\"SearchAction\",\"target\":{\"@type\":\"EntryPoint\",\"urlTemplate\":\"https:\\\/\\\/www.protect-the-planet.de\\\/en\\\/?s={search_term_string}\"},\"query-input\":{\"@type\":\"PropertyValueSpecification\",\"valueRequired\":true,\"valueName\":\"search_term_string\"}}],\"inLanguage\":\"en-US\"},{\"@type\":\"Organization\",\"@id\":\"https:\\\/\\\/www.protect-the-planet.de\\\/en\\\/#organization\",\"name\":\"Protect the Planet\",\"url\":\"https:\\\/\\\/www.protect-the-planet.de\\\/en\\\/\",\"logo\":{\"@type\":\"ImageObject\",\"inLanguage\":\"en-US\",\"@id\":\"https:\\\/\\\/www.protect-the-planet.de\\\/en\\\/#\\\/schema\\\/logo\\\/image\\\/\",\"url\":\"https:\\\/\\\/www.protect-the-planet.de\\\/wp-content\\\/uploads\\\/2023\\\/09\\\/LOGO-positiv_transparent-klein.png\",\"contentUrl\":\"https:\\\/\\\/www.protect-the-planet.de\\\/wp-content\\\/uploads\\\/2023\\\/09\\\/LOGO-positiv_transparent-klein.png\",\"width\":123,\"height\":68,\"caption\":\"Protect the Planet\"},\"image\":{\"@id\":\"https:\\\/\\\/www.protect-the-planet.de\\\/en\\\/#\\\/schema\\\/logo\\\/image\\\/\"},\"sameAs\":[\"https:\\\/\\\/www.facebook.com\\\/protecttheplanetDE\\\/\",\"https:\\\/\\\/x.com\\\/PtP_de\",\"https:\\\/\\\/www.instagram.com\\\/protecttheplanetorg\\\/\",\"https:\\\/\\\/www.linkedin.com\\\/company\\\/protect-the-planet\",\"https:\\\/\\\/www.youtube.com\\\/@protecttheplanet\"]},{\"@type\":\"Person\",\"@id\":\"https:\\\/\\\/www.protect-the-planet.de\\\/en\\\/#\\\/schema\\\/person\\\/c5f68fff219fefde61da571621343455\",\"name\":\"Marlene Schorr\",\"image\":{\"@type\":\"ImageObject\",\"inLanguage\":\"en-US\",\"@id\":\"https:\\\/\\\/secure.gravatar.com\\\/avatar\\\/78d101b05e6da18a98f007d6ad5f076a6c8fc0dcc2e943f6e304d20caf0c1806?s=96&d=mm&r=g\",\"url\":\"https:\\\/\\\/secure.gravatar.com\\\/avatar\\\/78d101b05e6da18a98f007d6ad5f076a6c8fc0dcc2e943f6e304d20caf0c1806?s=96&d=mm&r=g\",\"contentUrl\":\"https:\\\/\\\/secure.gravatar.com\\\/avatar\\\/78d101b05e6da18a98f007d6ad5f076a6c8fc0dcc2e943f6e304d20caf0c1806?s=96&d=mm&r=g\",\"caption\":\"Marlene Schorr\"},\"url\":\"https:\\\/\\\/www.protect-the-planet.de\\\/en\\\/author\\\/marlene-schorr\\\/\"}]}<\/script>\n<!-- \/ Yoast SEO plugin. -->","yoast_head_json":{"title":"\"Kommunale W\u00e4rmeplanung M\u00fcnchen \u2013 Stand und Ausblick\" - Protect the Planet","description":"Einen erheblichen Beitrag f\u00fcr eine b\u00fcrgernahe und partizipative Energiewende sollen B\u00fcrger-Energiegenossenschaften leisten.","robots":{"index":"index","follow":"follow","max-snippet":"max-snippet:-1","max-image-preview":"max-image-preview:large","max-video-preview":"max-video-preview:-1"},"canonical":"https:\/\/www.protect-the-planet.de\/en\/dr-rave-und-dr-koschel-kommunale-waermeplanung-muenchen\/","og_locale":"en_US","og_type":"article","og_title":"\"Kommunale W\u00e4rmeplanung M\u00fcnchen \u2013 Stand und Ausblick\" - Protect the Planet","og_description":"Einen erheblichen Beitrag f\u00fcr eine b\u00fcrgernahe und partizipative Energiewende sollen B\u00fcrger-Energiegenossenschaften leisten.","og_url":"https:\/\/www.protect-the-planet.de\/en\/dr-rave-und-dr-koschel-kommunale-waermeplanung-muenchen\/","og_site_name":"Protect the Planet","article_publisher":"https:\/\/www.facebook.com\/protecttheplanetDE\/","article_published_time":"2024-06-13T17:00:00+00:00","article_modified_time":"2025-12-03T11:55:28+00:00","og_image":[{"width":1920,"height":1080,"url":"https:\/\/www.protect-the-planet.de\/wp-content\/uploads\/2023\/12\/rave-koschel-hp-fb-linkedin-neu-13.06.jpg","type":"image\/jpeg"}],"author":"Marlene Schorr","twitter_card":"summary_large_image","twitter_creator":"@PtP_de","twitter_site":"@PtP_de","twitter_misc":{"Written by":"Marlene Schorr","Est. reading time":"2 minutes"},"schema":{"@context":"https:\/\/schema.org","@graph":[{"@type":"Article","@id":"https:\/\/www.protect-the-planet.de\/en\/dr-rave-und-dr-koschel-kommunale-waermeplanung-muenchen\/#article","isPartOf":{"@id":"https:\/\/www.protect-the-planet.de\/en\/dr-rave-und-dr-koschel-kommunale-waermeplanung-muenchen\/"},"author":{"name":"Marlene Schorr","@id":"https:\/\/www.protect-the-planet.de\/en\/#\/schema\/person\/c5f68fff219fefde61da571621343455"},"headline":"&#8220;Kommunale W\u00e4rmeplanung M\u00fcnchen \u2013 Stand und Ausblick&#8221;","datePublished":"2024-06-13T17:00:00+00:00","dateModified":"2025-12-03T11:55:28+00:00","mainEntityOfPage":{"@id":"https:\/\/www.protect-the-planet.de\/en\/dr-rave-und-dr-koschel-kommunale-waermeplanung-muenchen\/"},"wordCount":327,"publisher":{"@id":"https:\/\/www.protect-the-planet.de\/en\/#organization"},"image":{"@id":"https:\/\/www.protect-the-planet.de\/en\/dr-rave-und-dr-koschel-kommunale-waermeplanung-muenchen\/#primaryimage"},"thumbnailUrl":"https:\/\/www.protect-the-planet.de\/wp-content\/uploads\/2023\/12\/rave-koschel-hp-fb-linkedin-neu-13.06.jpg","keywords":["Arbeit","Klimaherbst 2024","Klimaschutz","kommunale w\u00e4rmeplanung","Stadt M\u00fcnchen","Vortrag","Vortragsreihe"],"articleSection":["Energie, Heizen, Bauen","Event archive","M\u00fcnchen &amp; Lokales"],"inLanguage":"en-US"},{"@type":"WebPage","@id":"https:\/\/www.protect-the-planet.de\/en\/dr-rave-und-dr-koschel-kommunale-waermeplanung-muenchen\/","url":"https:\/\/www.protect-the-planet.de\/en\/dr-rave-und-dr-koschel-kommunale-waermeplanung-muenchen\/","name":"\"Kommunale W\u00e4rmeplanung M\u00fcnchen \u2013 Stand und Ausblick\" - Protect the Planet","isPartOf":{"@id":"https:\/\/www.protect-the-planet.de\/en\/#website"},"primaryImageOfPage":{"@id":"https:\/\/www.protect-the-planet.de\/en\/dr-rave-und-dr-koschel-kommunale-waermeplanung-muenchen\/#primaryimage"},"image":{"@id":"https:\/\/www.protect-the-planet.de\/en\/dr-rave-und-dr-koschel-kommunale-waermeplanung-muenchen\/#primaryimage"},"thumbnailUrl":"https:\/\/www.protect-the-planet.de\/wp-content\/uploads\/2023\/12\/rave-koschel-hp-fb-linkedin-neu-13.06.jpg","datePublished":"2024-06-13T17:00:00+00:00","dateModified":"2025-12-03T11:55:28+00:00","description":"Einen erheblichen Beitrag f\u00fcr eine b\u00fcrgernahe und partizipative Energiewende sollen B\u00fcrger-Energiegenossenschaften leisten.","breadcrumb":{"@id":"https:\/\/www.protect-the-planet.de\/en\/dr-rave-und-dr-koschel-kommunale-waermeplanung-muenchen\/#breadcrumb"},"inLanguage":"en-US","potentialAction":[{"@type":"ReadAction","target":["https:\/\/www.protect-the-planet.de\/en\/dr-rave-und-dr-koschel-kommunale-waermeplanung-muenchen\/"]}]},{"@type":"ImageObject","inLanguage":"en-US","@id":"https:\/\/www.protect-the-planet.de\/en\/dr-rave-und-dr-koschel-kommunale-waermeplanung-muenchen\/#primaryimage","url":"https:\/\/www.protect-the-planet.de\/wp-content\/uploads\/2023\/12\/rave-koschel-hp-fb-linkedin-neu-13.06.jpg","contentUrl":"https:\/\/www.protect-the-planet.de\/wp-content\/uploads\/2023\/12\/rave-koschel-hp-fb-linkedin-neu-13.06.jpg","width":1920,"height":1080,"caption":"2024-06-13"},{"@type":"BreadcrumbList","@id":"https:\/\/www.protect-the-planet.de\/en\/dr-rave-und-dr-koschel-kommunale-waermeplanung-muenchen\/#breadcrumb","itemListElement":[{"@type":"ListItem","position":1,"name":"Startseite","item":"https:\/\/www.protect-the-planet.de\/en\/home\/"},{"@type":"ListItem","position":2,"name":"&#8222;Kommunale W\u00e4rmeplanung M\u00fcnchen \u2013 Stand und Ausblick&#8220;"}]},{"@type":"WebSite","@id":"https:\/\/www.protect-the-planet.de\/en\/#website","url":"https:\/\/www.protect-the-planet.de\/en\/","name":"Protect the Planet","description":"If we don&#039;t change, the climate will.","publisher":{"@id":"https:\/\/www.protect-the-planet.de\/en\/#organization"},"alternateName":"Protect the Panet gGmbH","potentialAction":[{"@type":"SearchAction","target":{"@type":"EntryPoint","urlTemplate":"https:\/\/www.protect-the-planet.de\/en\/?s={search_term_string}"},"query-input":{"@type":"PropertyValueSpecification","valueRequired":true,"valueName":"search_term_string"}}],"inLanguage":"en-US"},{"@type":"Organization","@id":"https:\/\/www.protect-the-planet.de\/en\/#organization","name":"Protect the Planet","url":"https:\/\/www.protect-the-planet.de\/en\/","logo":{"@type":"ImageObject","inLanguage":"en-US","@id":"https:\/\/www.protect-the-planet.de\/en\/#\/schema\/logo\/image\/","url":"https:\/\/www.protect-the-planet.de\/wp-content\/uploads\/2023\/09\/LOGO-positiv_transparent-klein.png","contentUrl":"https:\/\/www.protect-the-planet.de\/wp-content\/uploads\/2023\/09\/LOGO-positiv_transparent-klein.png","width":123,"height":68,"caption":"Protect the Planet"},"image":{"@id":"https:\/\/www.protect-the-planet.de\/en\/#\/schema\/logo\/image\/"},"sameAs":["https:\/\/www.facebook.com\/protecttheplanetDE\/","https:\/\/x.com\/PtP_de","https:\/\/www.instagram.com\/protecttheplanetorg\/","https:\/\/www.linkedin.com\/company\/protect-the-planet","https:\/\/www.youtube.com\/@protecttheplanet"]},{"@type":"Person","@id":"https:\/\/www.protect-the-planet.de\/en\/#\/schema\/person\/c5f68fff219fefde61da571621343455","name":"Marlene Schorr","image":{"@type":"ImageObject","inLanguage":"en-US","@id":"https:\/\/secure.gravatar.com\/avatar\/78d101b05e6da18a98f007d6ad5f076a6c8fc0dcc2e943f6e304d20caf0c1806?s=96&d=mm&r=g","url":"https:\/\/secure.gravatar.com\/avatar\/78d101b05e6da18a98f007d6ad5f076a6c8fc0dcc2e943f6e304d20caf0c1806?s=96&d=mm&r=g","contentUrl":"https:\/\/secure.gravatar.com\/avatar\/78d101b05e6da18a98f007d6ad5f076a6c8fc0dcc2e943f6e304d20caf0c1806?s=96&d=mm&r=g","caption":"Marlene Schorr"},"url":"https:\/\/www.protect-the-planet.de\/en\/author\/marlene-schorr\/"}]}},"_links":{"self":[{"href":"https:\/\/www.protect-the-planet.de\/en\/wp-json\/wp\/v2\/posts\/33671","targetHints":{"allow":["GET"]}}],"collection":[{"href":"https:\/\/www.protect-the-planet.de\/en\/wp-json\/wp\/v2\/posts"}],"about":[{"href":"https:\/\/www.protect-the-planet.de\/en\/wp-json\/wp\/v2\/types\/post"}],"author":[{"embeddable":true,"href":"https:\/\/www.protect-the-planet.de\/en\/wp-json\/wp\/v2\/users\/10"}],"replies":[{"embeddable":true,"href":"https:\/\/www.protect-the-planet.de\/en\/wp-json\/wp\/v2\/comments?post=33671"}],"version-history":[{"count":2,"href":"https:\/\/www.protect-the-planet.de\/en\/wp-json\/wp\/v2\/posts\/33671\/revisions"}],"predecessor-version":[{"id":33885,"href":"https:\/\/www.protect-the-planet.de\/en\/wp-json\/wp\/v2\/posts\/33671\/revisions\/33885"}],"wp:featuredmedia":[{"embeddable":true,"href":"https:\/\/www.protect-the-planet.de\/en\/wp-json\/wp\/v2\/media\/26586"}],"wp:attachment":[{"href":"https:\/\/www.protect-the-planet.de\/en\/wp-json\/wp\/v2\/media?parent=33671"}],"wp:term":[{"taxonomy":"category","embeddable":true,"href":"https:\/\/www.protect-the-planet.de\/en\/wp-json\/wp\/v2\/categories?post=33671"},{"taxonomy":"post_tag","embeddable":true,"href":"https:\/\/www.protect-the-planet.de\/en\/wp-json\/wp\/v2\/tags?post=33671"}],"curies":[{"name":"wp","href":"https:\/\/api.w.org\/{rel}","templated":true}]}}