{"id":33665,"date":"2024-12-04T19:00:00","date_gmt":"2024-12-04T18:00:00","guid":{"rendered":"https:\/\/www.protect-the-planet.de\/2024-12-04-zukunfts-energie-genossenschaften-praesentationen-und-gespraeche\/"},"modified":"2025-11-18T16:49:25","modified_gmt":"2025-11-18T15:49:25","slug":"2024-12-04-zukunfts-energie-genossenschaften-praesentationen-und-gespraeche","status":"publish","type":"post","link":"https:\/\/www.protect-the-planet.de\/en\/2024-12-04-zukunfts-energie-genossenschaften-praesentationen-und-gespraeche\/","title":{"rendered":"&#8220;Zukunfts-Energie-Genossenschaften \u2013 Pr\u00e4sentationen und Gespr\u00e4che&#8221;"},"content":{"rendered":"\n<p class=\"has-text-align-center\"><strong>Im Rahmen des \u201eKlimaherbst 2024\u201c mit dem Schwerpunkt \u201eArbeit, Geld und Wirtschaft im Kontext der Klimakrise\u201c<\/strong><\/p>\n\n\n\n<h2 class=\"wp-block-heading has-text-align-center\">PASCAL LANG<\/h2>\n\n\n\n<p class=\"has-text-align-center\">EGIS eG B\u00fcrgerenergiegenossenschaft, Vorstandsvorsitzender<\/p>\n\n\n\n<p class=\"has-text-align-center\"><strong>und<\/strong><\/p>\n\n\n\n<h2 class=\"wp-block-heading has-text-align-center\">KATHARINA HABERSBRUNNER<\/h2>\n\n\n\n<p class=\"has-text-align-center\">BENG eG B\u00fcrgerenergiegenossenschaft, Vorst\u00e4ndin<\/p>\n\n\n\n<p class=\"has-text-align-center\"><strong>und<\/strong><\/p>\n\n\n\n<h2 class=\"wp-block-heading has-text-align-center\">SERENA KELLER<\/h2>\n\n\n\n<p class=\"has-text-align-center\">Energiegemeinschaften NEBourhoods Neuperlach, Mitgr\u00fcnderin<\/p>\n\n\n\n<div style=\"height:30px\" aria-hidden=\"true\" class=\"wp-block-spacer\"><\/div>\n\n\n\n<hr class=\"wp-block-separator has-alpha-channel-opacity\"\/>\n\n\n\n<div style=\"height:30px\" aria-hidden=\"true\" class=\"wp-block-spacer\"><\/div>\n\n\n\n<p class=\"has-text-align-center\"><a href=\"https:\/\/www.protect-the-planet.de\/wp-content\/uploads\/2024\/10\/Einladungstext-E-Genossenschaften-04.12.2024.pdf\"><strong>Event-Info PDF | Dr. Helmut Paschlau<\/strong><\/a><\/p>\n\n\n\n <div class=\"brlbs-cmpnt-container brlbs-cmpnt-content-blocker brlbs-cmpnt-with-individual-styles\" data-borlabs-cookie-content-blocker-id=\"youtube-content-blocker\" data-borlabs-cookie-content=\"PGlmcmFtZSB3aWR0aD0iNTYwIiBoZWlnaHQ9IjMxNSIgc3JjPSJodHRwczovL3d3dy55b3V0dWJlLW5vY29va2llLmNvbS9lbWJlZC85S05zQmN5RGp0RT9zaT1yck93NGE3TnZQUnMwSWZyIiB0aXRsZT0iWW91VHViZSB2aWRlbyBwbGF5ZXIiIGZyYW1lYm9yZGVyPSIwIiBhbGxvdz0iYWNjZWxlcm9tZXRlcjsgYXV0b3BsYXk7IGNsaXBib2FyZC13cml0ZTsgZW5jcnlwdGVkLW1lZGlhOyBneXJvc2NvcGU7IHBpY3R1cmUtaW4tcGljdHVyZTsgd2ViLXNoYXJlIiByZWZlcnJlcnBvbGljeT0ic3RyaWN0LW9yaWdpbi13aGVuLWNyb3NzLW9yaWdpbiIgYWxsb3dmdWxsc2NyZWVuPjwvaWZyYW1lPg==\"><div class=\"brlbs-cmpnt-cb-preset-c brlbs-cmpnt-cb-youtube\"> <div class=\"brlbs-cmpnt-cb-thumbnail\" style=\"background-image: url('https:\/\/www.protect-the-planet.de\/wp-content\/uploads\/borlabs-cookie\/1\/yt_9KNsBcyDjtE_hqdefault.jpg')\"><\/div> <div class=\"brlbs-cmpnt-cb-main\"> <div class=\"brlbs-cmpnt-cb-play-button\"><\/div> <div class=\"brlbs-cmpnt-cb-content\"> <p class=\"brlbs-cmpnt-cb-description\">You are currently viewing a placeholder content from <strong>YouTube<\/strong>. To access the actual content, click the button below. Please note that doing so will share data with third-party providers.<\/p> <a class=\"brlbs-cmpnt-cb-provider-toggle\" href=\"#\" data-borlabs-cookie-show-provider-information role=\"button\">More Information<\/a> <\/div> <div class=\"brlbs-cmpnt-cb-buttons\"> <a class=\"brlbs-cmpnt-cb-btn\" href=\"#\" data-borlabs-cookie-unblock role=\"button\">Unblock content<\/a> <a class=\"brlbs-cmpnt-cb-btn\" href=\"#\" data-borlabs-cookie-accept-service role=\"button\" style=\"display: inherit\">Accept required service and unblock content<\/a> <\/div> <\/div> <\/div><\/div>\n\n\n\n<div style=\"height:30px\" aria-hidden=\"true\" class=\"wp-block-spacer\"><\/div>\n\n\n\n<p class=\"has-text-align-center\"><strong>Vortragsfolien PDF |\u00a0<a href=\"https:\/\/www.protect-the-planet.de\/wp-content\/uploads\/2024\/12\/20241125_Protect-the-Planet-EGIS-Vortragsteil-1.pdf\">Pascal Lang<\/a>\u00a0|\u00a0<a href=\"https:\/\/www.protect-the-planet.de\/wp-content\/uploads\/2024\/12\/2024-21-BENG-Zukunftsgenossenschaften-Vortragsteil-2.pdf\">Katharina Habersbrunner<\/a>\u00a0|\u00a0<a href=\"https:\/\/www.protect-the-planet.de\/wp-content\/uploads\/2024\/12\/NEB-Praesentation_EnergyCommunities_SerenaKeller_Zukunftssalon-Vortragsteil-3.pdf\">Serena Keller<\/a><\/strong><\/p>\n\n\n\n<div style=\"height:30px\" aria-hidden=\"true\" class=\"wp-block-spacer\"><\/div>\n\n\n\n<p>Bis 2030 sollen 80 Prozent des Stroms in Deutschland aus erneuerbaren Energien stammen. Einen erheblichen Beitrag f\u00fcr eine b\u00fcrgernahe und partizipative Energiewende sollen B\u00fcrgerenergiegenossenschaften leisten. Es zeigt sich jedoch, dass insgesamt zu wenig B\u00fcrgerbeteiligung erreicht wird und nicht alle Bev\u00f6lkerungsgruppen gleicherma\u00dfen partizipieren und auch profitieren. Wenn B\u00fcrgerenergie zu einer breiten St\u00fctze der Energiewende werden soll, muss die Idee breiter bekannt und interessanter werden, auch im Geldbeutel. Deswegen kommen wir heute mit drei B\u00fcrger-Energiegenossenschaften ins pers\u00f6nliche Gespr\u00e4ch: Die bundesweit gr\u00f6\u00dfte EGIS eg mit Sitz in Neu\u00f6tting, die bekannte BENG eg in der Region M\u00fcnchen und die neugegr\u00fcndeten \u201eEnergiegemeinschaften eg\u201c M\u00fcnchen-Perlach: Sie werden sich je in kurzen Pr\u00e4sentationen vorstellen und dann an Infotischen mit Ihnen ins Gespr\u00e4ch kommen \u2013 vielleicht wollen Sie ja Mitglied werden?<\/p>\n\n\n\n<h3 class=\"wp-block-heading\"><strong>Zum Weiterlesen:<\/strong><\/h3>\n\n\n\n<ul class=\"wp-block-list\">\n<li>Energiegemeinschaft Neuperlach:\u00a0<a href=\"https:\/\/www.energiegemeinschaften-neuperlach.klima.ed.tum.de\">energycommunities-neb | Creating NEBourhoods Together (tum.de)<\/a><\/li>\n\n\n\n<li>Forschungszentrum f\u00fcr Nachhaltigkeit \u2013 Helmholtz-Zentrum Potsdam (RIFS), 2024:\u00a0<a href=\"https:\/\/www.rifs-potsdam.de\/de\/forschung\/buerger-energie-strukturstaerkung-und-teilhabe#:~:text=Das%20Projekt%20\u201eB\u00fcrger-Energie:%20Strukturst\u00e4rkung%20und%20Teilhabe%22\">B\u00fcrger-Energie: Strukturst\u00e4rkung und Teilhabe (BE:ST) | Forschungsinstitut f\u00fcr Nachhaltigkeit (rifs-potsdam.de)<\/a><\/li>\n\n\n\n<li>egis eg Energiegenossenschaft:\u00a0<a href=\"https:\/\/www.egis-energie.de\">EGIS: Genossenschaft mit Willenskraft \u2013 jetzt mehr erfahren! (egis-energie.de)<\/a><\/li>\n\n\n\n<li>BENG eg:\u00a0<a href=\"https:\/\/www.beng-eg.de\">B\u00fcrgerenergiegenossenschaft BENG eG (beng-eg.de)<\/a><\/li>\n<\/ul>\n\n\n\n<div style=\"height:30px\" aria-hidden=\"true\" class=\"wp-block-spacer\"><\/div>\n\n\n\n<hr class=\"wp-block-separator has-alpha-channel-opacity\"\/>\n\n\n\n<div style=\"height:30px\" aria-hidden=\"true\" class=\"wp-block-spacer\"><\/div>\n\n\n\n<p class=\"has-text-align-center\"><strong>Die Veranstalter<\/strong>:<\/p>\n\n\n\n<p class=\"has-text-align-center\"><a href=\"https:\/\/energienetzwerk-muc.de\/\" target=\"_blank\" rel=\"noreferrer noopener\">Saubere Energie M\u00fcnchen e.V.<\/a> und <a href=\"https:\/\/www.protect-the-planet.de\/en\/\">Protect the Planet<\/a><\/p>\n\n\n\n<p class=\"has-text-align-left\"><strong>Event-Kooperationspartner:<\/strong><\/p>\n\n\n\n<ul class=\"wp-block-list\">\n<li><a href=\"https:\/\/twitter.com\/fff_muc\" target=\"_blank\" rel=\"noreferrer noopener\">Fridays for Future M\u00fcnchen<\/a><\/li>\n\n\n\n<li><a href=\"http:\/\/bn-muenchen.de\/\" target=\"_blank\" rel=\"noreferrer noopener\">Bund Naturschutz in Bayern e.V. Kreisgruppe M\u00fcnchen<\/a><\/li>\n\n\n\n<li><a href=\"https:\/\/www.greencity.de\/verein\/\" target=\"_blank\" rel=\"noreferrer noopener\">Greencity \u2013 der Verein<\/a><\/li>\n\n\n\n<li><a href=\"https:\/\/twitter.com\/Kohleausstieg_M\" target=\"_blank\" rel=\"noreferrer noopener\">Raus-aus-der-Steinkohle M\u00fcnchen<\/a><\/li>\n\n\n\n<li><a href=\"https:\/\/fossilfreemunich.wixsite.com\/home\" target=\"_blank\" rel=\"noreferrer noopener\">Fossil Free M\u00fcnchen<\/a><\/li>\n\n\n\n<li><a href=\"https:\/\/muenchen.scientists4future.org\/\" target=\"_blank\" rel=\"noreferrer noopener\">Scientists4Future M\u00fcnchen<\/a><\/li>\n\n\n\n<li><a href=\"https:\/\/oekom-verein.de\/\" target=\"_blank\" rel=\"noreferrer noopener\">oekom e.V.<\/a><\/li>\n\n\n\n<li><a href=\"https:\/\/www.bene-muenchen.de\/\" target=\"_blank\" rel=\"noreferrer noopener\">BenE M\u00fcnchen<\/a><\/li>\n\n\n\n<li><a href=\"https:\/\/umwelt.asta.tum.de\/\" target=\"_blank\" rel=\"noreferrer noopener\">Studentische Vertretung der TUM \u2013 Referat f\u00fcr Umwelt<\/a><\/li>\n\n\n\n<li><a href=\"https:\/\/nachhaltigkeit-ev.de\" target=\"_blank\" rel=\"noreferrer noopener\">Verein f\u00fcr Nachhaltigkeit e.V.<\/a><\/li>\n\n\n\n<li><a href=\"https:\/\/www.dgs.de\/dgs\/organisation\/sektionen\/muenchen\/\" target=\"_blank\" rel=\"noreferrer noopener\">Deutsche Gesellschaft f\u00fcr Sonnenenergie e.V., Sektion M\u00fcnchen\/Oberbayern<\/a><\/li>\n\n\n\n<li><a href=\"https:\/\/muenchenzero.org\" target=\"_blank\" rel=\"noreferrer noopener\">M\u00fcnchen Zero<\/a><\/li>\n\n\n\n<li><a href=\"https:\/\/klimaherbst.de\">Netzwerk Klimaherbst e.V.<\/a><\/li>\n<\/ul>\n\n\n\n<p><\/p>\n\n\n\n<p><strong>Medienpartner:<\/strong><\/p>\n\n\n\n<ul class=\"wp-block-list\">\n<li><a href=\"https:\/\/lora924.de\/\" target=\"_blank\" rel=\"noreferrer noopener\">Radio Lora 92.4<\/a><\/li>\n\n\n\n<li><a href=\"https:\/\/www.forum-csr.net\/\" target=\"_blank\" rel=\"noreferrer noopener\">forum nachhaltig wirtschaften<\/a><\/li>\n<\/ul>\n\n\n\n<div style=\"height:30px\" aria-hidden=\"true\" class=\"wp-block-spacer\"><\/div>\n\n\n\n<p><strong>Diese Veranstaltung wird gef\u00f6rdert von:<\/strong><\/p>\n\n\n\n<p class=\"has-text-align-left\"><a href=\"https:\/\/www.sparda-m.de\/gemeinwohl-unsere-gemeinwohl-bilanz\/\" target=\"_blank\" rel=\"noreferrer noopener\">Sparda-Bank M\u00fcnchen, Deutschlands erste Gemeinwohl-Bank<\/a><\/p>\n\n\n\n<p><\/p>\n","protected":false},"excerpt":{"rendered":"<p>Pascal Lang (EGIS eG B\u00fcrgerenergiegenossenschaft), Katharina Habersbrunner (BENG eG B\u00fcrgerenergiegenossenschaft), Serena Keller (Energiegemeinschaften NEBourhoods Neuperlach)<\/p>\n","protected":false},"author":6,"featured_media":29043,"comment_status":"closed","ping_status":"closed","sticky":false,"template":"","format":"standard","meta":{"footnotes":""},"categories":[1552,1509],"tags":[1246,698,1291,1557,1701,855,1244,710,1245,856,702,703,712],"class_list":["post-33665","post","type-post","status-publish","format-standard","has-post-thumbnail","hentry","category-energie-heizen-bauen-en","category-event-archive","tag-arbeit-en","tag-dr-helmut-paschlau-en","tag-energiegenossenschaft-en","tag-energiewende-und-erneuerbare-en","tag-geld-und-wirtschaft-im-kontext-der-klimakrise-en","tag-klimaherbst-en","tag-klimaherbst-2024-en","tag-klimaschutz-en","tag-muenchner-klimaherbst-en","tag-netzwerk-klimaherbst-en","tag-vortrag-en","tag-vortragsreihe-en","tag-zukunftssalon-en"],"yoast_head":"<!-- This site is optimized with the Yoast SEO plugin v27.5 - https:\/\/yoast.com\/product\/yoast-seo-wordpress\/ -->\n<title>&quot;Zukunfts-Energie-Genossenschaften \u2013 Pr\u00e4sentationen und Gespr\u00e4che&quot; - Protect the Planet<\/title>\n<meta name=\"description\" content=\"Einen erheblichen Beitrag f\u00fcr eine b\u00fcrgernahe und partizipative Energiewende sollen B\u00fcrger-Energiegenossenschaften leisten.\" \/>\n<meta name=\"robots\" content=\"index, follow, max-snippet:-1, max-image-preview:large, max-video-preview:-1\" \/>\n<link rel=\"canonical\" href=\"https:\/\/www.protect-the-planet.de\/en\/2024-12-04-zukunfts-energie-genossenschaften-praesentationen-und-gespraeche\/\" \/>\n<meta property=\"og:locale\" content=\"en_US\" \/>\n<meta property=\"og:type\" content=\"article\" \/>\n<meta property=\"og:title\" content=\"&quot;Zukunfts-Energie-Genossenschaften \u2013 Pr\u00e4sentationen und Gespr\u00e4che&quot; - Protect the Planet\" \/>\n<meta property=\"og:description\" content=\"Einen erheblichen Beitrag f\u00fcr eine b\u00fcrgernahe und partizipative Energiewende sollen B\u00fcrger-Energiegenossenschaften leisten.\" \/>\n<meta property=\"og:url\" content=\"https:\/\/www.protect-the-planet.de\/en\/2024-12-04-zukunfts-energie-genossenschaften-praesentationen-und-gespraeche\/\" \/>\n<meta property=\"og:site_name\" content=\"Protect the Planet\" \/>\n<meta property=\"article:publisher\" content=\"https:\/\/www.facebook.com\/protecttheplanetDE\/\" \/>\n<meta property=\"article:published_time\" content=\"2024-12-04T18:00:00+00:00\" \/>\n<meta property=\"article:modified_time\" content=\"2025-11-18T15:49:25+00:00\" \/>\n<meta property=\"og:image\" content=\"https:\/\/www.protect-the-planet.de\/wp-content\/uploads\/2024\/10\/KH24-LangHabersbrunnerKeller-hp-fb-linkedin.jpg\" \/>\n\t<meta property=\"og:image:width\" content=\"1920\" \/>\n\t<meta property=\"og:image:height\" content=\"1080\" \/>\n\t<meta property=\"og:image:type\" content=\"image\/jpeg\" \/>\n<meta name=\"author\" content=\"Fenya Kirst\" \/>\n<meta name=\"twitter:card\" content=\"summary_large_image\" \/>\n<meta name=\"twitter:creator\" content=\"@PtP_de\" \/>\n<meta name=\"twitter:site\" content=\"@PtP_de\" \/>\n<meta name=\"twitter:label1\" content=\"Written by\" \/>\n\t<meta name=\"twitter:data1\" content=\"Fenya Kirst\" \/>\n\t<meta name=\"twitter:label2\" content=\"Est. reading time\" \/>\n\t<meta name=\"twitter:data2\" content=\"2 minutes\" \/>\n<script type=\"application\/ld+json\" class=\"yoast-schema-graph\">{\"@context\":\"https:\\\/\\\/schema.org\",\"@graph\":[{\"@type\":\"Article\",\"@id\":\"https:\\\/\\\/www.protect-the-planet.de\\\/en\\\/2024-12-04-zukunfts-energie-genossenschaften-praesentationen-und-gespraeche\\\/#article\",\"isPartOf\":{\"@id\":\"https:\\\/\\\/www.protect-the-planet.de\\\/en\\\/2024-12-04-zukunfts-energie-genossenschaften-praesentationen-und-gespraeche\\\/\"},\"author\":{\"name\":\"Fenya Kirst\",\"@id\":\"https:\\\/\\\/www.protect-the-planet.de\\\/en\\\/#\\\/schema\\\/person\\\/34a10854efaaf0bf11a3b6fbe966fcd0\"},\"headline\":\"&#8220;Zukunfts-Energie-Genossenschaften \u2013 Pr\u00e4sentationen und Gespr\u00e4che&#8221;\",\"datePublished\":\"2024-12-04T18:00:00+00:00\",\"dateModified\":\"2025-11-18T15:49:25+00:00\",\"mainEntityOfPage\":{\"@id\":\"https:\\\/\\\/www.protect-the-planet.de\\\/en\\\/2024-12-04-zukunfts-energie-genossenschaften-praesentationen-und-gespraeche\\\/\"},\"wordCount\":344,\"publisher\":{\"@id\":\"https:\\\/\\\/www.protect-the-planet.de\\\/en\\\/#organization\"},\"image\":{\"@id\":\"https:\\\/\\\/www.protect-the-planet.de\\\/en\\\/2024-12-04-zukunfts-energie-genossenschaften-praesentationen-und-gespraeche\\\/#primaryimage\"},\"thumbnailUrl\":\"https:\\\/\\\/www.protect-the-planet.de\\\/wp-content\\\/uploads\\\/2024\\\/10\\\/KH24-LangHabersbrunnerKeller-hp-fb-linkedin.jpg\",\"keywords\":[\"Arbeit\",\"Dr. Helmut Paschlau\",\"Energiegenossenschaft\",\"Energiewende und Erneuerbare\",\"Geld und Wirtschaft im Kontext der Klimakrise\",\"Klimaherbst\",\"Klimaherbst 2024\",\"Klimaschutz\",\"M\u00fcnchner Klimaherbst\",\"Netzwerk Klimaherbst\",\"Vortrag\",\"Vortragsreihe\",\"Zukunftssalon\"],\"articleSection\":[\"Energie, Heizen, Bauen\",\"Event archive\"],\"inLanguage\":\"en-US\"},{\"@type\":\"WebPage\",\"@id\":\"https:\\\/\\\/www.protect-the-planet.de\\\/en\\\/2024-12-04-zukunfts-energie-genossenschaften-praesentationen-und-gespraeche\\\/\",\"url\":\"https:\\\/\\\/www.protect-the-planet.de\\\/en\\\/2024-12-04-zukunfts-energie-genossenschaften-praesentationen-und-gespraeche\\\/\",\"name\":\"\\\"Zukunfts-Energie-Genossenschaften \u2013 Pr\u00e4sentationen und Gespr\u00e4che\\\" - Protect the Planet\",\"isPartOf\":{\"@id\":\"https:\\\/\\\/www.protect-the-planet.de\\\/en\\\/#website\"},\"primaryImageOfPage\":{\"@id\":\"https:\\\/\\\/www.protect-the-planet.de\\\/en\\\/2024-12-04-zukunfts-energie-genossenschaften-praesentationen-und-gespraeche\\\/#primaryimage\"},\"image\":{\"@id\":\"https:\\\/\\\/www.protect-the-planet.de\\\/en\\\/2024-12-04-zukunfts-energie-genossenschaften-praesentationen-und-gespraeche\\\/#primaryimage\"},\"thumbnailUrl\":\"https:\\\/\\\/www.protect-the-planet.de\\\/wp-content\\\/uploads\\\/2024\\\/10\\\/KH24-LangHabersbrunnerKeller-hp-fb-linkedin.jpg\",\"datePublished\":\"2024-12-04T18:00:00+00:00\",\"dateModified\":\"2025-11-18T15:49:25+00:00\",\"description\":\"Einen erheblichen Beitrag f\u00fcr eine b\u00fcrgernahe und partizipative Energiewende sollen B\u00fcrger-Energiegenossenschaften leisten.\",\"breadcrumb\":{\"@id\":\"https:\\\/\\\/www.protect-the-planet.de\\\/en\\\/2024-12-04-zukunfts-energie-genossenschaften-praesentationen-und-gespraeche\\\/#breadcrumb\"},\"inLanguage\":\"en-US\",\"potentialAction\":[{\"@type\":\"ReadAction\",\"target\":[\"https:\\\/\\\/www.protect-the-planet.de\\\/en\\\/2024-12-04-zukunfts-energie-genossenschaften-praesentationen-und-gespraeche\\\/\"]}]},{\"@type\":\"ImageObject\",\"inLanguage\":\"en-US\",\"@id\":\"https:\\\/\\\/www.protect-the-planet.de\\\/en\\\/2024-12-04-zukunfts-energie-genossenschaften-praesentationen-und-gespraeche\\\/#primaryimage\",\"url\":\"https:\\\/\\\/www.protect-the-planet.de\\\/wp-content\\\/uploads\\\/2024\\\/10\\\/KH24-LangHabersbrunnerKeller-hp-fb-linkedin.jpg\",\"contentUrl\":\"https:\\\/\\\/www.protect-the-planet.de\\\/wp-content\\\/uploads\\\/2024\\\/10\\\/KH24-LangHabersbrunnerKeller-hp-fb-linkedin.jpg\",\"width\":1920,\"height\":1080,\"caption\":\"2024-12-04 Vortragsreihe Beitragsbild Energiegenossenschaften\"},{\"@type\":\"BreadcrumbList\",\"@id\":\"https:\\\/\\\/www.protect-the-planet.de\\\/en\\\/2024-12-04-zukunfts-energie-genossenschaften-praesentationen-und-gespraeche\\\/#breadcrumb\",\"itemListElement\":[{\"@type\":\"ListItem\",\"position\":1,\"name\":\"Startseite\",\"item\":\"https:\\\/\\\/www.protect-the-planet.de\\\/en\\\/home\\\/\"},{\"@type\":\"ListItem\",\"position\":2,\"name\":\"&#8222;Zukunfts-Energie-Genossenschaften \u2013 Pr\u00e4sentationen und Gespr\u00e4che&#8220;\"}]},{\"@type\":\"WebSite\",\"@id\":\"https:\\\/\\\/www.protect-the-planet.de\\\/en\\\/#website\",\"url\":\"https:\\\/\\\/www.protect-the-planet.de\\\/en\\\/\",\"name\":\"Protect the Planet\",\"description\":\"If we don&#039;t change, the climate will.\",\"publisher\":{\"@id\":\"https:\\\/\\\/www.protect-the-planet.de\\\/en\\\/#organization\"},\"alternateName\":\"Protect the Panet gGmbH\",\"potentialAction\":[{\"@type\":\"SearchAction\",\"target\":{\"@type\":\"EntryPoint\",\"urlTemplate\":\"https:\\\/\\\/www.protect-the-planet.de\\\/en\\\/?s={search_term_string}\"},\"query-input\":{\"@type\":\"PropertyValueSpecification\",\"valueRequired\":true,\"valueName\":\"search_term_string\"}}],\"inLanguage\":\"en-US\"},{\"@type\":\"Organization\",\"@id\":\"https:\\\/\\\/www.protect-the-planet.de\\\/en\\\/#organization\",\"name\":\"Protect the Planet\",\"url\":\"https:\\\/\\\/www.protect-the-planet.de\\\/en\\\/\",\"logo\":{\"@type\":\"ImageObject\",\"inLanguage\":\"en-US\",\"@id\":\"https:\\\/\\\/www.protect-the-planet.de\\\/en\\\/#\\\/schema\\\/logo\\\/image\\\/\",\"url\":\"https:\\\/\\\/www.protect-the-planet.de\\\/wp-content\\\/uploads\\\/2023\\\/09\\\/LOGO-positiv_transparent-klein.png\",\"contentUrl\":\"https:\\\/\\\/www.protect-the-planet.de\\\/wp-content\\\/uploads\\\/2023\\\/09\\\/LOGO-positiv_transparent-klein.png\",\"width\":123,\"height\":68,\"caption\":\"Protect the Planet\"},\"image\":{\"@id\":\"https:\\\/\\\/www.protect-the-planet.de\\\/en\\\/#\\\/schema\\\/logo\\\/image\\\/\"},\"sameAs\":[\"https:\\\/\\\/www.facebook.com\\\/protecttheplanetDE\\\/\",\"https:\\\/\\\/x.com\\\/PtP_de\",\"https:\\\/\\\/www.instagram.com\\\/protecttheplanetorg\\\/\",\"https:\\\/\\\/www.linkedin.com\\\/company\\\/protect-the-planet\",\"https:\\\/\\\/www.youtube.com\\\/@protecttheplanet\"]},{\"@type\":\"Person\",\"@id\":\"https:\\\/\\\/www.protect-the-planet.de\\\/en\\\/#\\\/schema\\\/person\\\/34a10854efaaf0bf11a3b6fbe966fcd0\",\"name\":\"Fenya Kirst\",\"image\":{\"@type\":\"ImageObject\",\"inLanguage\":\"en-US\",\"@id\":\"https:\\\/\\\/www.protect-the-planet.de\\\/wp-content\\\/uploads\\\/2024\\\/03\\\/cropped-2310_ProtectThePlanet_Portraet-Fenya-quadr-scaled-1-96x96.jpg\",\"url\":\"https:\\\/\\\/www.protect-the-planet.de\\\/wp-content\\\/uploads\\\/2024\\\/03\\\/cropped-2310_ProtectThePlanet_Portraet-Fenya-quadr-scaled-1-96x96.jpg\",\"contentUrl\":\"https:\\\/\\\/www.protect-the-planet.de\\\/wp-content\\\/uploads\\\/2024\\\/03\\\/cropped-2310_ProtectThePlanet_Portraet-Fenya-quadr-scaled-1-96x96.jpg\",\"caption\":\"Fenya Kirst\"},\"description\":\"fenya.kirst@protect-the-planet.de +49 162 9085805\",\"url\":\"https:\\\/\\\/www.protect-the-planet.de\\\/en\\\/author\\\/fenya-kirst\\\/\"}]}<\/script>\n<!-- \/ Yoast SEO plugin. -->","yoast_head_json":{"title":"\"Zukunfts-Energie-Genossenschaften \u2013 Pr\u00e4sentationen und Gespr\u00e4che\" - Protect the Planet","description":"Einen erheblichen Beitrag f\u00fcr eine b\u00fcrgernahe und partizipative Energiewende sollen B\u00fcrger-Energiegenossenschaften leisten.","robots":{"index":"index","follow":"follow","max-snippet":"max-snippet:-1","max-image-preview":"max-image-preview:large","max-video-preview":"max-video-preview:-1"},"canonical":"https:\/\/www.protect-the-planet.de\/en\/2024-12-04-zukunfts-energie-genossenschaften-praesentationen-und-gespraeche\/","og_locale":"en_US","og_type":"article","og_title":"\"Zukunfts-Energie-Genossenschaften \u2013 Pr\u00e4sentationen und Gespr\u00e4che\" - Protect the Planet","og_description":"Einen erheblichen Beitrag f\u00fcr eine b\u00fcrgernahe und partizipative Energiewende sollen B\u00fcrger-Energiegenossenschaften leisten.","og_url":"https:\/\/www.protect-the-planet.de\/en\/2024-12-04-zukunfts-energie-genossenschaften-praesentationen-und-gespraeche\/","og_site_name":"Protect the Planet","article_publisher":"https:\/\/www.facebook.com\/protecttheplanetDE\/","article_published_time":"2024-12-04T18:00:00+00:00","article_modified_time":"2025-11-18T15:49:25+00:00","og_image":[{"width":1920,"height":1080,"url":"https:\/\/www.protect-the-planet.de\/wp-content\/uploads\/2024\/10\/KH24-LangHabersbrunnerKeller-hp-fb-linkedin.jpg","type":"image\/jpeg"}],"author":"Fenya Kirst","twitter_card":"summary_large_image","twitter_creator":"@PtP_de","twitter_site":"@PtP_de","twitter_misc":{"Written by":"Fenya Kirst","Est. reading time":"2 minutes"},"schema":{"@context":"https:\/\/schema.org","@graph":[{"@type":"Article","@id":"https:\/\/www.protect-the-planet.de\/en\/2024-12-04-zukunfts-energie-genossenschaften-praesentationen-und-gespraeche\/#article","isPartOf":{"@id":"https:\/\/www.protect-the-planet.de\/en\/2024-12-04-zukunfts-energie-genossenschaften-praesentationen-und-gespraeche\/"},"author":{"name":"Fenya Kirst","@id":"https:\/\/www.protect-the-planet.de\/en\/#\/schema\/person\/34a10854efaaf0bf11a3b6fbe966fcd0"},"headline":"&#8220;Zukunfts-Energie-Genossenschaften \u2013 Pr\u00e4sentationen und Gespr\u00e4che&#8221;","datePublished":"2024-12-04T18:00:00+00:00","dateModified":"2025-11-18T15:49:25+00:00","mainEntityOfPage":{"@id":"https:\/\/www.protect-the-planet.de\/en\/2024-12-04-zukunfts-energie-genossenschaften-praesentationen-und-gespraeche\/"},"wordCount":344,"publisher":{"@id":"https:\/\/www.protect-the-planet.de\/en\/#organization"},"image":{"@id":"https:\/\/www.protect-the-planet.de\/en\/2024-12-04-zukunfts-energie-genossenschaften-praesentationen-und-gespraeche\/#primaryimage"},"thumbnailUrl":"https:\/\/www.protect-the-planet.de\/wp-content\/uploads\/2024\/10\/KH24-LangHabersbrunnerKeller-hp-fb-linkedin.jpg","keywords":["Arbeit","Dr. Helmut Paschlau","Energiegenossenschaft","Energiewende und Erneuerbare","Geld und Wirtschaft im Kontext der Klimakrise","Klimaherbst","Klimaherbst 2024","Klimaschutz","M\u00fcnchner Klimaherbst","Netzwerk Klimaherbst","Vortrag","Vortragsreihe","Zukunftssalon"],"articleSection":["Energie, Heizen, Bauen","Event archive"],"inLanguage":"en-US"},{"@type":"WebPage","@id":"https:\/\/www.protect-the-planet.de\/en\/2024-12-04-zukunfts-energie-genossenschaften-praesentationen-und-gespraeche\/","url":"https:\/\/www.protect-the-planet.de\/en\/2024-12-04-zukunfts-energie-genossenschaften-praesentationen-und-gespraeche\/","name":"\"Zukunfts-Energie-Genossenschaften \u2013 Pr\u00e4sentationen und Gespr\u00e4che\" - Protect the Planet","isPartOf":{"@id":"https:\/\/www.protect-the-planet.de\/en\/#website"},"primaryImageOfPage":{"@id":"https:\/\/www.protect-the-planet.de\/en\/2024-12-04-zukunfts-energie-genossenschaften-praesentationen-und-gespraeche\/#primaryimage"},"image":{"@id":"https:\/\/www.protect-the-planet.de\/en\/2024-12-04-zukunfts-energie-genossenschaften-praesentationen-und-gespraeche\/#primaryimage"},"thumbnailUrl":"https:\/\/www.protect-the-planet.de\/wp-content\/uploads\/2024\/10\/KH24-LangHabersbrunnerKeller-hp-fb-linkedin.jpg","datePublished":"2024-12-04T18:00:00+00:00","dateModified":"2025-11-18T15:49:25+00:00","description":"Einen erheblichen Beitrag f\u00fcr eine b\u00fcrgernahe und partizipative Energiewende sollen B\u00fcrger-Energiegenossenschaften leisten.","breadcrumb":{"@id":"https:\/\/www.protect-the-planet.de\/en\/2024-12-04-zukunfts-energie-genossenschaften-praesentationen-und-gespraeche\/#breadcrumb"},"inLanguage":"en-US","potentialAction":[{"@type":"ReadAction","target":["https:\/\/www.protect-the-planet.de\/en\/2024-12-04-zukunfts-energie-genossenschaften-praesentationen-und-gespraeche\/"]}]},{"@type":"ImageObject","inLanguage":"en-US","@id":"https:\/\/www.protect-the-planet.de\/en\/2024-12-04-zukunfts-energie-genossenschaften-praesentationen-und-gespraeche\/#primaryimage","url":"https:\/\/www.protect-the-planet.de\/wp-content\/uploads\/2024\/10\/KH24-LangHabersbrunnerKeller-hp-fb-linkedin.jpg","contentUrl":"https:\/\/www.protect-the-planet.de\/wp-content\/uploads\/2024\/10\/KH24-LangHabersbrunnerKeller-hp-fb-linkedin.jpg","width":1920,"height":1080,"caption":"2024-12-04 Vortragsreihe Beitragsbild Energiegenossenschaften"},{"@type":"BreadcrumbList","@id":"https:\/\/www.protect-the-planet.de\/en\/2024-12-04-zukunfts-energie-genossenschaften-praesentationen-und-gespraeche\/#breadcrumb","itemListElement":[{"@type":"ListItem","position":1,"name":"Startseite","item":"https:\/\/www.protect-the-planet.de\/en\/home\/"},{"@type":"ListItem","position":2,"name":"&#8222;Zukunfts-Energie-Genossenschaften \u2013 Pr\u00e4sentationen und Gespr\u00e4che&#8220;"}]},{"@type":"WebSite","@id":"https:\/\/www.protect-the-planet.de\/en\/#website","url":"https:\/\/www.protect-the-planet.de\/en\/","name":"Protect the Planet","description":"If we don&#039;t change, the climate will.","publisher":{"@id":"https:\/\/www.protect-the-planet.de\/en\/#organization"},"alternateName":"Protect the Panet gGmbH","potentialAction":[{"@type":"SearchAction","target":{"@type":"EntryPoint","urlTemplate":"https:\/\/www.protect-the-planet.de\/en\/?s={search_term_string}"},"query-input":{"@type":"PropertyValueSpecification","valueRequired":true,"valueName":"search_term_string"}}],"inLanguage":"en-US"},{"@type":"Organization","@id":"https:\/\/www.protect-the-planet.de\/en\/#organization","name":"Protect the Planet","url":"https:\/\/www.protect-the-planet.de\/en\/","logo":{"@type":"ImageObject","inLanguage":"en-US","@id":"https:\/\/www.protect-the-planet.de\/en\/#\/schema\/logo\/image\/","url":"https:\/\/www.protect-the-planet.de\/wp-content\/uploads\/2023\/09\/LOGO-positiv_transparent-klein.png","contentUrl":"https:\/\/www.protect-the-planet.de\/wp-content\/uploads\/2023\/09\/LOGO-positiv_transparent-klein.png","width":123,"height":68,"caption":"Protect the Planet"},"image":{"@id":"https:\/\/www.protect-the-planet.de\/en\/#\/schema\/logo\/image\/"},"sameAs":["https:\/\/www.facebook.com\/protecttheplanetDE\/","https:\/\/x.com\/PtP_de","https:\/\/www.instagram.com\/protecttheplanetorg\/","https:\/\/www.linkedin.com\/company\/protect-the-planet","https:\/\/www.youtube.com\/@protecttheplanet"]},{"@type":"Person","@id":"https:\/\/www.protect-the-planet.de\/en\/#\/schema\/person\/34a10854efaaf0bf11a3b6fbe966fcd0","name":"Fenya Kirst","image":{"@type":"ImageObject","inLanguage":"en-US","@id":"https:\/\/www.protect-the-planet.de\/wp-content\/uploads\/2024\/03\/cropped-2310_ProtectThePlanet_Portraet-Fenya-quadr-scaled-1-96x96.jpg","url":"https:\/\/www.protect-the-planet.de\/wp-content\/uploads\/2024\/03\/cropped-2310_ProtectThePlanet_Portraet-Fenya-quadr-scaled-1-96x96.jpg","contentUrl":"https:\/\/www.protect-the-planet.de\/wp-content\/uploads\/2024\/03\/cropped-2310_ProtectThePlanet_Portraet-Fenya-quadr-scaled-1-96x96.jpg","caption":"Fenya Kirst"},"description":"fenya.kirst@protect-the-planet.de +49 162 9085805","url":"https:\/\/www.protect-the-planet.de\/en\/author\/fenya-kirst\/"}]}},"_links":{"self":[{"href":"https:\/\/www.protect-the-planet.de\/en\/wp-json\/wp\/v2\/posts\/33665","targetHints":{"allow":["GET"]}}],"collection":[{"href":"https:\/\/www.protect-the-planet.de\/en\/wp-json\/wp\/v2\/posts"}],"about":[{"href":"https:\/\/www.protect-the-planet.de\/en\/wp-json\/wp\/v2\/types\/post"}],"author":[{"embeddable":true,"href":"https:\/\/www.protect-the-planet.de\/en\/wp-json\/wp\/v2\/users\/6"}],"replies":[{"embeddable":true,"href":"https:\/\/www.protect-the-planet.de\/en\/wp-json\/wp\/v2\/comments?post=33665"}],"version-history":[{"count":1,"href":"https:\/\/www.protect-the-planet.de\/en\/wp-json\/wp\/v2\/posts\/33665\/revisions"}],"predecessor-version":[{"id":33684,"href":"https:\/\/www.protect-the-planet.de\/en\/wp-json\/wp\/v2\/posts\/33665\/revisions\/33684"}],"wp:featuredmedia":[{"embeddable":true,"href":"https:\/\/www.protect-the-planet.de\/en\/wp-json\/wp\/v2\/media\/29043"}],"wp:attachment":[{"href":"https:\/\/www.protect-the-planet.de\/en\/wp-json\/wp\/v2\/media?parent=33665"}],"wp:term":[{"taxonomy":"category","embeddable":true,"href":"https:\/\/www.protect-the-planet.de\/en\/wp-json\/wp\/v2\/categories?post=33665"},{"taxonomy":"post_tag","embeddable":true,"href":"https:\/\/www.protect-the-planet.de\/en\/wp-json\/wp\/v2\/tags?post=33665"}],"curies":[{"name":"wp","href":"https:\/\/api.w.org\/{rel}","templated":true}]}}