{"id":32977,"date":"2025-10-09T11:30:45","date_gmt":"2025-10-09T09:30:45","guid":{"rendered":"https:\/\/www.protect-the-planet.de\/?p=32977"},"modified":"2025-10-09T11:30:45","modified_gmt":"2025-10-09T09:30:45","slug":"webinar-klimaschutz-vor-gericht-top-jurist-erklaert-was-das-igh-gutachten-fuer-uns-bedeutet-3","status":"publish","type":"post","link":"https:\/\/www.protect-the-planet.de\/en\/webinar-klimaschutz-vor-gericht-top-jurist-erklaert-was-das-igh-gutachten-fuer-uns-bedeutet-3\/","title":{"rendered":"Webinar: &#8220;Klimaschutz vor Gericht: Top-Jurist erkl\u00e4rt, was das IGH-Gutachten f\u00fcr uns bedeutet&#8221;"},"content":{"rendered":"\n<p class=\"has-text-align-center\">mit<\/p>\n\n\n\n<h2 class=\"wp-block-heading has-text-align-center\">Prof. Dr. Dr. Felix Ekardt<\/h2>\n\n\n\n<p class=\"has-text-align-center\">Jurist, Philosoph und Soziologe<\/p>\n\n\n\n<div style=\"height:30px\" aria-hidden=\"true\" class=\"wp-block-spacer\"><\/div>\n\n\n\n<hr class=\"wp-block-separator has-alpha-channel-opacity\"\/>\n\n\n\n<div style=\"height:30px\" aria-hidden=\"true\" class=\"wp-block-spacer\"><\/div>\n\n\n\n<p class=\"has-text-align-center\"><\/p>\n\n\n\n<p class=\"has-text-align-center\"><\/p>\n\n\n\n<div style=\"height:30px\" aria-hidden=\"true\" class=\"wp-block-spacer\"><\/div>\n\n\n\n<p>Deutschland m\u00fcsste schon jetzt klimaneutral sein, und Staaten des Globalen S\u00fcdens k\u00f6nnen uns in Milliardenh\u00f6he verklagen \u2013&nbsp;unter anderem das sagt das j\u00fcngste Klima-Gutachten des Internationalen Gerichtshofs (IGH). Es gilt als juristischer Paukenschlag und k\u00f6nnte die weltweite Klimapolitik und die M\u00f6glichkeiten von Klimaklagen grundlegend ver\u00e4ndern. Doch was genau bedeutet dieses Gutachten? Und warum betrifft es nicht nur Regierungen, sondern jede und jeden von uns?<\/p>\n\n\n\n<p>Der Jurist, Philosoph und Soziologe&nbsp;<strong>Prof. Dr. Dr. Felix Ekardt<\/strong>, der auch zwei Klimaklagen vor dem BVerfG \u2013 und die weltweit erste Biodiv-Verfassungsklage \u2013 ma\u00dfgeblich angesto\u00dfen hat, hat das IGH-Klimagutachten umfassend analysiert: In einer einst\u00fcndigen Online-Veranstaltung wird er die Kernaussagen verst\u00e4ndlich erl\u00e4utern und zeigen, was das Gutachten f\u00fcr den globalen Kampf um Klimagerechtigkeit bedeuten kann. Es wird darum gehen, warum der IGH zu dem Schluss kommt, dass Industriestaaten wie Deutschland eigentlich&nbsp;<strong>schon heute klimaneutral sein m\u00fcssten<\/strong>, warum uns Staaten des Globalen S\u00fcdens bald auf&nbsp;<strong>Schadensersatz<\/strong>&nbsp;<strong>verklagen<\/strong>&nbsp;k\u00f6nnten \u2013 und warum es den&nbsp;<strong>USA<\/strong>&nbsp;nichts hilft, aus dem Pariser Klimaabkommen auszusteigen.<\/p>\n\n\n\n<p>Im Webinar werden folgende Fragen beleuchtet:<\/p>\n\n\n\n<ul class=\"wp-block-list\">\n<li>Welche Verpflichtungen ergeben sich aus dem Gutachten f\u00fcr Staaten weltweit?<\/li>\n\n\n\n<li>Wie st\u00e4rkt es Klimaklagen von B\u00fcrger*innen, NGOs und betroffenen L\u00e4ndern des Globalen S\u00fcdens?<\/li>\n\n\n\n<li>Welche Auswirkung ist auf andere Umweltthemen wie die Biodiversit\u00e4tskrise zu erwarten?<\/li>\n<\/ul>\n\n\n\n<p>Die Veranstaltung richtet sich an interessierte B\u00fcrger*innen ohne juristische Vorkenntnisse. Ziel ist es, die komplexen rechtlichen Zusammenh\u00e4nge verst\u00e4ndlich darzustellen und Raum f\u00fcr Fragen zu bieten.<\/p>\n\n\n\n<ul class=\"wp-block-list\">\n<li><strong>Termin:<\/strong>&nbsp;Donnerstag, 04.09.2025, 17:00-18:00 Uhr<\/li>\n\n\n\n<li><strong>Dauer:<\/strong>&nbsp;60 Minuten (inkl. Q&amp;A)<\/li>\n\n\n\n<li><strong>Ort:<\/strong>&nbsp;Online (Zoom &amp; YouTube Livestream)<\/li>\n<\/ul>\n\n\n\n<p><\/p>\n\n\n\n<p><strong>\u00dcber den Referenten: <\/strong><\/p>\n\n\n\n<div class=\"wp-block-media-text is-stacked-on-mobile\" style=\"padding-top:0;padding-right:0;padding-bottom:0;padding-left:0;grid-template-columns:25% auto\"><figure class=\"wp-block-media-text__media\"><img fetchpriority=\"high\" decoding=\"async\" width=\"300\" height=\"300\" src=\"https:\/\/www.protect-the-planet.de\/wp-content\/uploads\/2025\/08\/2.jpg\" alt=\"\" class=\"wp-image-32360 size-full\" srcset=\"https:\/\/www.protect-the-planet.de\/wp-content\/uploads\/2025\/08\/2.jpg 300w, https:\/\/www.protect-the-planet.de\/wp-content\/uploads\/2025\/08\/2-150x150.jpg 150w\" sizes=\"(max-width: 300px) 100vw, 300px\" \/><\/figure><div class=\"wp-block-media-text__content\">\n<p>Prof. Dr. Dr. Felix Ekardt ist Gr\u00fcnder und Leiter der Forschungsstelle Nachhaltigkeit und Klimapolitik in Leipzig und Berlin. Die Forschungsschwerpunkte sind Fragen der humanwissenschaftlichen Nachhaltigkeitsforschung. Der Professor f\u00fcr \u00d6ffentliches Recht und Rechtsphilosophie an der Universit\u00e4t Rostock ist st\u00e4ndiger Autor in \u00fcberregionalen Tageszeitungen und Gespr\u00e4chspartner in Radio und TV.<\/p>\n<\/div><\/div>\n\n\n\n<p><\/p>\n\n\n\n<div style=\"height:30px\" aria-hidden=\"true\" class=\"wp-block-spacer\"><\/div>\n\n\n\n<hr class=\"wp-block-separator has-alpha-channel-opacity\"\/>\n\n\n\n<div style=\"height:30px\" aria-hidden=\"true\" class=\"wp-block-spacer\"><\/div>\n\n\n\n<p class=\"has-text-align-center\"><strong>Die Veranstalter<\/strong>:<\/p>\n\n\n\n<p class=\"has-text-align-center\"><a href=\"https:\/\/twitter.com\/ptp_de\/\">Protect the Planet<\/a> und <a href=\"https:\/\/oekom-verein.de\/forum-nachhaltigkeit\/\">M\u00fcnchner Forum Nachhaltigkeit<\/a><\/p>\n\n\n\n<p class=\"has-text-align-center\"><strong>Mit F\u00f6rderung der Maria Opitz-D\u00f6llinger Stiftung.<\/strong><\/p>\n\n\n\n<figure class=\"wp-block-image aligncenter size-large is-resized\"><img decoding=\"async\" width=\"1024\" height=\"664\" src=\"https:\/\/www.protect-the-planet.de\/wp-content\/uploads\/2025\/04\/MOD_Logo-screenshot-1024x664.png\" alt=\"\" class=\"wp-image-30230\" style=\"width:204px;height:auto\" srcset=\"https:\/\/www.protect-the-planet.de\/wp-content\/uploads\/2025\/04\/MOD_Logo-screenshot-1024x664.png 1024w, https:\/\/www.protect-the-planet.de\/wp-content\/uploads\/2025\/04\/MOD_Logo-screenshot-300x195.png 300w, https:\/\/www.protect-the-planet.de\/wp-content\/uploads\/2025\/04\/MOD_Logo-screenshot-768x498.png 768w, https:\/\/www.protect-the-planet.de\/wp-content\/uploads\/2025\/04\/MOD_Logo-screenshot.png 1196w\" sizes=\"(max-width: 1024px) 100vw, 1024px\" \/><\/figure>\n\n\n\n<p class=\"has-text-align-center\"><\/p>\n\n\n\n<div style=\"height:30px\" aria-hidden=\"true\" class=\"wp-block-spacer\"><\/div>\n","protected":false},"excerpt":{"rendered":"<p>Der Jurist Felix Ekardt erkl\u00e4rt im Webinar am 04.09. um 17 Uhr, was das IGH-Klimagutachten bedeutet. <\/p>\n","protected":false},"author":10,"featured_media":32981,"comment_status":"closed","ping_status":"closed","sticky":false,"template":"","format":"standard","meta":{"footnotes":""},"categories":[729],"tags":[1682,857,855],"class_list":["post-32977","post","type-post","status-publish","format-standard","has-post-thumbnail","hentry","category-news","tag-klima-recht-2-en","tag-klimabildung-en","tag-klimaherbst-en"],"yoast_head":"<!-- This site is optimized with the Yoast SEO plugin v27.5 - https:\/\/yoast.com\/product\/yoast-seo-wordpress\/ -->\n<title>Webinar: &quot;Klimaschutz vor Gericht: Top-Jurist erkl\u00e4rt, was das IGH-Gutachten f\u00fcr uns bedeutet&quot; - Protect the Planet<\/title>\n<meta name=\"description\" content=\"Webinar: Der Jurist, Philosoph und Soziologe Prof. Dr. Dr. Felix Ekardt hat das IGH-Klimagutachten umfassend analysiert:\" \/>\n<meta name=\"robots\" content=\"index, follow, max-snippet:-1, max-image-preview:large, max-video-preview:-1\" \/>\n<link rel=\"canonical\" href=\"https:\/\/www.protect-the-planet.de\/en\/webinar-klimaschutz-vor-gericht-top-jurist-erklaert-was-das-igh-gutachten-fuer-uns-bedeutet-3\/\" \/>\n<meta property=\"og:locale\" content=\"en_US\" \/>\n<meta property=\"og:type\" content=\"article\" \/>\n<meta property=\"og:title\" content=\"Webinar: &quot;Klimaschutz vor Gericht: Top-Jurist erkl\u00e4rt, was das IGH-Gutachten f\u00fcr uns bedeutet&quot; - Protect the Planet\" \/>\n<meta property=\"og:description\" content=\"Webinar: Der Jurist, Philosoph und Soziologe Prof. Dr. Dr. Felix Ekardt hat das IGH-Klimagutachten umfassend analysiert:\" \/>\n<meta property=\"og:url\" content=\"https:\/\/www.protect-the-planet.de\/en\/webinar-klimaschutz-vor-gericht-top-jurist-erklaert-was-das-igh-gutachten-fuer-uns-bedeutet-3\/\" \/>\n<meta property=\"og:site_name\" content=\"Protect the Planet\" \/>\n<meta property=\"article:publisher\" content=\"https:\/\/www.facebook.com\/protecttheplanetDE\/\" \/>\n<meta property=\"article:published_time\" content=\"2025-10-09T09:30:45+00:00\" \/>\n<meta property=\"og:image\" content=\"https:\/\/www.protect-the-planet.de\/wp-content\/uploads\/2025\/10\/news_klimaherbst2025.png\" \/>\n\t<meta property=\"og:image:width\" content=\"900\" \/>\n\t<meta property=\"og:image:height\" content=\"550\" \/>\n\t<meta property=\"og:image:type\" content=\"image\/png\" \/>\n<meta name=\"author\" content=\"Marlene Schorr\" \/>\n<meta name=\"twitter:card\" content=\"summary_large_image\" \/>\n<meta name=\"twitter:creator\" content=\"@PtP_de\" \/>\n<meta name=\"twitter:site\" content=\"@PtP_de\" \/>\n<meta name=\"twitter:label1\" content=\"Written by\" \/>\n\t<meta name=\"twitter:data1\" content=\"Marlene Schorr\" \/>\n\t<meta name=\"twitter:label2\" content=\"Est. reading time\" \/>\n\t<meta name=\"twitter:data2\" content=\"3 minutes\" \/>\n<script type=\"application\/ld+json\" class=\"yoast-schema-graph\">{\"@context\":\"https:\\\/\\\/schema.org\",\"@graph\":[{\"@type\":\"Article\",\"@id\":\"https:\\\/\\\/www.protect-the-planet.de\\\/en\\\/webinar-klimaschutz-vor-gericht-top-jurist-erklaert-was-das-igh-gutachten-fuer-uns-bedeutet-3\\\/#article\",\"isPartOf\":{\"@id\":\"https:\\\/\\\/www.protect-the-planet.de\\\/en\\\/webinar-klimaschutz-vor-gericht-top-jurist-erklaert-was-das-igh-gutachten-fuer-uns-bedeutet-3\\\/\"},\"author\":{\"name\":\"Marlene Schorr\",\"@id\":\"https:\\\/\\\/www.protect-the-planet.de\\\/en\\\/#\\\/schema\\\/person\\\/c5f68fff219fefde61da571621343455\"},\"headline\":\"Webinar: &#8220;Klimaschutz vor Gericht: Top-Jurist erkl\u00e4rt, was das IGH-Gutachten f\u00fcr uns bedeutet&#8221;\",\"datePublished\":\"2025-10-09T09:30:45+00:00\",\"mainEntityOfPage\":{\"@id\":\"https:\\\/\\\/www.protect-the-planet.de\\\/en\\\/webinar-klimaschutz-vor-gericht-top-jurist-erklaert-was-das-igh-gutachten-fuer-uns-bedeutet-3\\\/\"},\"wordCount\":379,\"publisher\":{\"@id\":\"https:\\\/\\\/www.protect-the-planet.de\\\/en\\\/#organization\"},\"image\":{\"@id\":\"https:\\\/\\\/www.protect-the-planet.de\\\/en\\\/webinar-klimaschutz-vor-gericht-top-jurist-erklaert-was-das-igh-gutachten-fuer-uns-bedeutet-3\\\/#primaryimage\"},\"thumbnailUrl\":\"https:\\\/\\\/www.protect-the-planet.de\\\/wp-content\\\/uploads\\\/2025\\\/10\\\/news_klimaherbst2025.png\",\"keywords\":[\"Klima RECHT\",\"Klimabildung\",\"Klimaherbst\"],\"articleSection\":[\"News\"],\"inLanguage\":\"en-US\"},{\"@type\":\"WebPage\",\"@id\":\"https:\\\/\\\/www.protect-the-planet.de\\\/en\\\/webinar-klimaschutz-vor-gericht-top-jurist-erklaert-was-das-igh-gutachten-fuer-uns-bedeutet-3\\\/\",\"url\":\"https:\\\/\\\/www.protect-the-planet.de\\\/en\\\/webinar-klimaschutz-vor-gericht-top-jurist-erklaert-was-das-igh-gutachten-fuer-uns-bedeutet-3\\\/\",\"name\":\"Webinar: \\\"Klimaschutz vor Gericht: Top-Jurist erkl\u00e4rt, was das IGH-Gutachten f\u00fcr uns bedeutet\\\" - Protect the Planet\",\"isPartOf\":{\"@id\":\"https:\\\/\\\/www.protect-the-planet.de\\\/en\\\/#website\"},\"primaryImageOfPage\":{\"@id\":\"https:\\\/\\\/www.protect-the-planet.de\\\/en\\\/webinar-klimaschutz-vor-gericht-top-jurist-erklaert-was-das-igh-gutachten-fuer-uns-bedeutet-3\\\/#primaryimage\"},\"image\":{\"@id\":\"https:\\\/\\\/www.protect-the-planet.de\\\/en\\\/webinar-klimaschutz-vor-gericht-top-jurist-erklaert-was-das-igh-gutachten-fuer-uns-bedeutet-3\\\/#primaryimage\"},\"thumbnailUrl\":\"https:\\\/\\\/www.protect-the-planet.de\\\/wp-content\\\/uploads\\\/2025\\\/10\\\/news_klimaherbst2025.png\",\"datePublished\":\"2025-10-09T09:30:45+00:00\",\"description\":\"Webinar: Der Jurist, Philosoph und Soziologe Prof. Dr. Dr. Felix Ekardt hat das IGH-Klimagutachten umfassend analysiert:\",\"breadcrumb\":{\"@id\":\"https:\\\/\\\/www.protect-the-planet.de\\\/en\\\/webinar-klimaschutz-vor-gericht-top-jurist-erklaert-was-das-igh-gutachten-fuer-uns-bedeutet-3\\\/#breadcrumb\"},\"inLanguage\":\"en-US\",\"potentialAction\":[{\"@type\":\"ReadAction\",\"target\":[\"https:\\\/\\\/www.protect-the-planet.de\\\/en\\\/webinar-klimaschutz-vor-gericht-top-jurist-erklaert-was-das-igh-gutachten-fuer-uns-bedeutet-3\\\/\"]}]},{\"@type\":\"ImageObject\",\"inLanguage\":\"en-US\",\"@id\":\"https:\\\/\\\/www.protect-the-planet.de\\\/en\\\/webinar-klimaschutz-vor-gericht-top-jurist-erklaert-was-das-igh-gutachten-fuer-uns-bedeutet-3\\\/#primaryimage\",\"url\":\"https:\\\/\\\/www.protect-the-planet.de\\\/wp-content\\\/uploads\\\/2025\\\/10\\\/news_klimaherbst2025.png\",\"contentUrl\":\"https:\\\/\\\/www.protect-the-planet.de\\\/wp-content\\\/uploads\\\/2025\\\/10\\\/news_klimaherbst2025.png\",\"width\":900,\"height\":550,\"caption\":\"Man sieht auf beige-farbenem Hintergrund eine Hand, die Domino-Steine umkippt. Text im Bild: \\\"M\u00fcnchner Klimaherbst: 11.10.-9.11.2025 Demokratie am Kipppunkt?\\\"\"},{\"@type\":\"BreadcrumbList\",\"@id\":\"https:\\\/\\\/www.protect-the-planet.de\\\/en\\\/webinar-klimaschutz-vor-gericht-top-jurist-erklaert-was-das-igh-gutachten-fuer-uns-bedeutet-3\\\/#breadcrumb\",\"itemListElement\":[{\"@type\":\"ListItem\",\"position\":1,\"name\":\"Startseite\",\"item\":\"https:\\\/\\\/www.protect-the-planet.de\\\/en\\\/home\\\/\"},{\"@type\":\"ListItem\",\"position\":2,\"name\":\"Webinar: &#8222;Klimaschutz vor Gericht: Top-Jurist erkl\u00e4rt, was das IGH-Gutachten f\u00fcr uns bedeutet&#8220;\"}]},{\"@type\":\"WebSite\",\"@id\":\"https:\\\/\\\/www.protect-the-planet.de\\\/en\\\/#website\",\"url\":\"https:\\\/\\\/www.protect-the-planet.de\\\/en\\\/\",\"name\":\"Protect the Planet\",\"description\":\"If we don&#039;t change, the climate will.\",\"publisher\":{\"@id\":\"https:\\\/\\\/www.protect-the-planet.de\\\/en\\\/#organization\"},\"alternateName\":\"Protect the Panet gGmbH\",\"potentialAction\":[{\"@type\":\"SearchAction\",\"target\":{\"@type\":\"EntryPoint\",\"urlTemplate\":\"https:\\\/\\\/www.protect-the-planet.de\\\/en\\\/?s={search_term_string}\"},\"query-input\":{\"@type\":\"PropertyValueSpecification\",\"valueRequired\":true,\"valueName\":\"search_term_string\"}}],\"inLanguage\":\"en-US\"},{\"@type\":\"Organization\",\"@id\":\"https:\\\/\\\/www.protect-the-planet.de\\\/en\\\/#organization\",\"name\":\"Protect the Planet\",\"url\":\"https:\\\/\\\/www.protect-the-planet.de\\\/en\\\/\",\"logo\":{\"@type\":\"ImageObject\",\"inLanguage\":\"en-US\",\"@id\":\"https:\\\/\\\/www.protect-the-planet.de\\\/en\\\/#\\\/schema\\\/logo\\\/image\\\/\",\"url\":\"https:\\\/\\\/www.protect-the-planet.de\\\/wp-content\\\/uploads\\\/2023\\\/09\\\/LOGO-positiv_transparent-klein.png\",\"contentUrl\":\"https:\\\/\\\/www.protect-the-planet.de\\\/wp-content\\\/uploads\\\/2023\\\/09\\\/LOGO-positiv_transparent-klein.png\",\"width\":123,\"height\":68,\"caption\":\"Protect the Planet\"},\"image\":{\"@id\":\"https:\\\/\\\/www.protect-the-planet.de\\\/en\\\/#\\\/schema\\\/logo\\\/image\\\/\"},\"sameAs\":[\"https:\\\/\\\/www.facebook.com\\\/protecttheplanetDE\\\/\",\"https:\\\/\\\/x.com\\\/PtP_de\",\"https:\\\/\\\/www.instagram.com\\\/protecttheplanetorg\\\/\",\"https:\\\/\\\/www.linkedin.com\\\/company\\\/protect-the-planet\",\"https:\\\/\\\/www.youtube.com\\\/@protecttheplanet\"]},{\"@type\":\"Person\",\"@id\":\"https:\\\/\\\/www.protect-the-planet.de\\\/en\\\/#\\\/schema\\\/person\\\/c5f68fff219fefde61da571621343455\",\"name\":\"Marlene Schorr\",\"image\":{\"@type\":\"ImageObject\",\"inLanguage\":\"en-US\",\"@id\":\"https:\\\/\\\/secure.gravatar.com\\\/avatar\\\/78d101b05e6da18a98f007d6ad5f076a6c8fc0dcc2e943f6e304d20caf0c1806?s=96&d=mm&r=g\",\"url\":\"https:\\\/\\\/secure.gravatar.com\\\/avatar\\\/78d101b05e6da18a98f007d6ad5f076a6c8fc0dcc2e943f6e304d20caf0c1806?s=96&d=mm&r=g\",\"contentUrl\":\"https:\\\/\\\/secure.gravatar.com\\\/avatar\\\/78d101b05e6da18a98f007d6ad5f076a6c8fc0dcc2e943f6e304d20caf0c1806?s=96&d=mm&r=g\",\"caption\":\"Marlene Schorr\"},\"url\":\"https:\\\/\\\/www.protect-the-planet.de\\\/en\\\/author\\\/marlene-schorr\\\/\"}]}<\/script>\n<!-- \/ Yoast SEO plugin. -->","yoast_head_json":{"title":"Webinar: \"Klimaschutz vor Gericht: Top-Jurist erkl\u00e4rt, was das IGH-Gutachten f\u00fcr uns bedeutet\" - Protect the Planet","description":"Webinar: Der Jurist, Philosoph und Soziologe Prof. Dr. Dr. Felix Ekardt hat das IGH-Klimagutachten umfassend analysiert:","robots":{"index":"index","follow":"follow","max-snippet":"max-snippet:-1","max-image-preview":"max-image-preview:large","max-video-preview":"max-video-preview:-1"},"canonical":"https:\/\/www.protect-the-planet.de\/en\/webinar-klimaschutz-vor-gericht-top-jurist-erklaert-was-das-igh-gutachten-fuer-uns-bedeutet-3\/","og_locale":"en_US","og_type":"article","og_title":"Webinar: \"Klimaschutz vor Gericht: Top-Jurist erkl\u00e4rt, was das IGH-Gutachten f\u00fcr uns bedeutet\" - Protect the Planet","og_description":"Webinar: Der Jurist, Philosoph und Soziologe Prof. Dr. Dr. Felix Ekardt hat das IGH-Klimagutachten umfassend analysiert:","og_url":"https:\/\/www.protect-the-planet.de\/en\/webinar-klimaschutz-vor-gericht-top-jurist-erklaert-was-das-igh-gutachten-fuer-uns-bedeutet-3\/","og_site_name":"Protect the Planet","article_publisher":"https:\/\/www.facebook.com\/protecttheplanetDE\/","article_published_time":"2025-10-09T09:30:45+00:00","og_image":[{"width":900,"height":550,"url":"https:\/\/www.protect-the-planet.de\/wp-content\/uploads\/2025\/10\/news_klimaherbst2025.png","type":"image\/png"}],"author":"Marlene Schorr","twitter_card":"summary_large_image","twitter_creator":"@PtP_de","twitter_site":"@PtP_de","twitter_misc":{"Written by":"Marlene Schorr","Est. reading time":"3 minutes"},"schema":{"@context":"https:\/\/schema.org","@graph":[{"@type":"Article","@id":"https:\/\/www.protect-the-planet.de\/en\/webinar-klimaschutz-vor-gericht-top-jurist-erklaert-was-das-igh-gutachten-fuer-uns-bedeutet-3\/#article","isPartOf":{"@id":"https:\/\/www.protect-the-planet.de\/en\/webinar-klimaschutz-vor-gericht-top-jurist-erklaert-was-das-igh-gutachten-fuer-uns-bedeutet-3\/"},"author":{"name":"Marlene Schorr","@id":"https:\/\/www.protect-the-planet.de\/en\/#\/schema\/person\/c5f68fff219fefde61da571621343455"},"headline":"Webinar: &#8220;Klimaschutz vor Gericht: Top-Jurist erkl\u00e4rt, was das IGH-Gutachten f\u00fcr uns bedeutet&#8221;","datePublished":"2025-10-09T09:30:45+00:00","mainEntityOfPage":{"@id":"https:\/\/www.protect-the-planet.de\/en\/webinar-klimaschutz-vor-gericht-top-jurist-erklaert-was-das-igh-gutachten-fuer-uns-bedeutet-3\/"},"wordCount":379,"publisher":{"@id":"https:\/\/www.protect-the-planet.de\/en\/#organization"},"image":{"@id":"https:\/\/www.protect-the-planet.de\/en\/webinar-klimaschutz-vor-gericht-top-jurist-erklaert-was-das-igh-gutachten-fuer-uns-bedeutet-3\/#primaryimage"},"thumbnailUrl":"https:\/\/www.protect-the-planet.de\/wp-content\/uploads\/2025\/10\/news_klimaherbst2025.png","keywords":["Klima RECHT","Klimabildung","Klimaherbst"],"articleSection":["News"],"inLanguage":"en-US"},{"@type":"WebPage","@id":"https:\/\/www.protect-the-planet.de\/en\/webinar-klimaschutz-vor-gericht-top-jurist-erklaert-was-das-igh-gutachten-fuer-uns-bedeutet-3\/","url":"https:\/\/www.protect-the-planet.de\/en\/webinar-klimaschutz-vor-gericht-top-jurist-erklaert-was-das-igh-gutachten-fuer-uns-bedeutet-3\/","name":"Webinar: \"Klimaschutz vor Gericht: Top-Jurist erkl\u00e4rt, was das IGH-Gutachten f\u00fcr uns bedeutet\" - Protect the Planet","isPartOf":{"@id":"https:\/\/www.protect-the-planet.de\/en\/#website"},"primaryImageOfPage":{"@id":"https:\/\/www.protect-the-planet.de\/en\/webinar-klimaschutz-vor-gericht-top-jurist-erklaert-was-das-igh-gutachten-fuer-uns-bedeutet-3\/#primaryimage"},"image":{"@id":"https:\/\/www.protect-the-planet.de\/en\/webinar-klimaschutz-vor-gericht-top-jurist-erklaert-was-das-igh-gutachten-fuer-uns-bedeutet-3\/#primaryimage"},"thumbnailUrl":"https:\/\/www.protect-the-planet.de\/wp-content\/uploads\/2025\/10\/news_klimaherbst2025.png","datePublished":"2025-10-09T09:30:45+00:00","description":"Webinar: Der Jurist, Philosoph und Soziologe Prof. Dr. Dr. Felix Ekardt hat das IGH-Klimagutachten umfassend analysiert:","breadcrumb":{"@id":"https:\/\/www.protect-the-planet.de\/en\/webinar-klimaschutz-vor-gericht-top-jurist-erklaert-was-das-igh-gutachten-fuer-uns-bedeutet-3\/#breadcrumb"},"inLanguage":"en-US","potentialAction":[{"@type":"ReadAction","target":["https:\/\/www.protect-the-planet.de\/en\/webinar-klimaschutz-vor-gericht-top-jurist-erklaert-was-das-igh-gutachten-fuer-uns-bedeutet-3\/"]}]},{"@type":"ImageObject","inLanguage":"en-US","@id":"https:\/\/www.protect-the-planet.de\/en\/webinar-klimaschutz-vor-gericht-top-jurist-erklaert-was-das-igh-gutachten-fuer-uns-bedeutet-3\/#primaryimage","url":"https:\/\/www.protect-the-planet.de\/wp-content\/uploads\/2025\/10\/news_klimaherbst2025.png","contentUrl":"https:\/\/www.protect-the-planet.de\/wp-content\/uploads\/2025\/10\/news_klimaherbst2025.png","width":900,"height":550,"caption":"Man sieht auf beige-farbenem Hintergrund eine Hand, die Domino-Steine umkippt. Text im Bild: \"M\u00fcnchner Klimaherbst: 11.10.-9.11.2025 Demokratie am Kipppunkt?\""},{"@type":"BreadcrumbList","@id":"https:\/\/www.protect-the-planet.de\/en\/webinar-klimaschutz-vor-gericht-top-jurist-erklaert-was-das-igh-gutachten-fuer-uns-bedeutet-3\/#breadcrumb","itemListElement":[{"@type":"ListItem","position":1,"name":"Startseite","item":"https:\/\/www.protect-the-planet.de\/en\/home\/"},{"@type":"ListItem","position":2,"name":"Webinar: &#8222;Klimaschutz vor Gericht: Top-Jurist erkl\u00e4rt, was das IGH-Gutachten f\u00fcr uns bedeutet&#8220;"}]},{"@type":"WebSite","@id":"https:\/\/www.protect-the-planet.de\/en\/#website","url":"https:\/\/www.protect-the-planet.de\/en\/","name":"Protect the Planet","description":"If we don&#039;t change, the climate will.","publisher":{"@id":"https:\/\/www.protect-the-planet.de\/en\/#organization"},"alternateName":"Protect the Panet gGmbH","potentialAction":[{"@type":"SearchAction","target":{"@type":"EntryPoint","urlTemplate":"https:\/\/www.protect-the-planet.de\/en\/?s={search_term_string}"},"query-input":{"@type":"PropertyValueSpecification","valueRequired":true,"valueName":"search_term_string"}}],"inLanguage":"en-US"},{"@type":"Organization","@id":"https:\/\/www.protect-the-planet.de\/en\/#organization","name":"Protect the Planet","url":"https:\/\/www.protect-the-planet.de\/en\/","logo":{"@type":"ImageObject","inLanguage":"en-US","@id":"https:\/\/www.protect-the-planet.de\/en\/#\/schema\/logo\/image\/","url":"https:\/\/www.protect-the-planet.de\/wp-content\/uploads\/2023\/09\/LOGO-positiv_transparent-klein.png","contentUrl":"https:\/\/www.protect-the-planet.de\/wp-content\/uploads\/2023\/09\/LOGO-positiv_transparent-klein.png","width":123,"height":68,"caption":"Protect the Planet"},"image":{"@id":"https:\/\/www.protect-the-planet.de\/en\/#\/schema\/logo\/image\/"},"sameAs":["https:\/\/www.facebook.com\/protecttheplanetDE\/","https:\/\/x.com\/PtP_de","https:\/\/www.instagram.com\/protecttheplanetorg\/","https:\/\/www.linkedin.com\/company\/protect-the-planet","https:\/\/www.youtube.com\/@protecttheplanet"]},{"@type":"Person","@id":"https:\/\/www.protect-the-planet.de\/en\/#\/schema\/person\/c5f68fff219fefde61da571621343455","name":"Marlene Schorr","image":{"@type":"ImageObject","inLanguage":"en-US","@id":"https:\/\/secure.gravatar.com\/avatar\/78d101b05e6da18a98f007d6ad5f076a6c8fc0dcc2e943f6e304d20caf0c1806?s=96&d=mm&r=g","url":"https:\/\/secure.gravatar.com\/avatar\/78d101b05e6da18a98f007d6ad5f076a6c8fc0dcc2e943f6e304d20caf0c1806?s=96&d=mm&r=g","contentUrl":"https:\/\/secure.gravatar.com\/avatar\/78d101b05e6da18a98f007d6ad5f076a6c8fc0dcc2e943f6e304d20caf0c1806?s=96&d=mm&r=g","caption":"Marlene Schorr"},"url":"https:\/\/www.protect-the-planet.de\/en\/author\/marlene-schorr\/"}]}},"_links":{"self":[{"href":"https:\/\/www.protect-the-planet.de\/en\/wp-json\/wp\/v2\/posts\/32977","targetHints":{"allow":["GET"]}}],"collection":[{"href":"https:\/\/www.protect-the-planet.de\/en\/wp-json\/wp\/v2\/posts"}],"about":[{"href":"https:\/\/www.protect-the-planet.de\/en\/wp-json\/wp\/v2\/types\/post"}],"author":[{"embeddable":true,"href":"https:\/\/www.protect-the-planet.de\/en\/wp-json\/wp\/v2\/users\/10"}],"replies":[{"embeddable":true,"href":"https:\/\/www.protect-the-planet.de\/en\/wp-json\/wp\/v2\/comments?post=32977"}],"version-history":[{"count":1,"href":"https:\/\/www.protect-the-planet.de\/en\/wp-json\/wp\/v2\/posts\/32977\/revisions"}],"predecessor-version":[{"id":32982,"href":"https:\/\/www.protect-the-planet.de\/en\/wp-json\/wp\/v2\/posts\/32977\/revisions\/32982"}],"wp:featuredmedia":[{"embeddable":true,"href":"https:\/\/www.protect-the-planet.de\/en\/wp-json\/wp\/v2\/media\/32981"}],"wp:attachment":[{"href":"https:\/\/www.protect-the-planet.de\/en\/wp-json\/wp\/v2\/media?parent=32977"}],"wp:term":[{"taxonomy":"category","embeddable":true,"href":"https:\/\/www.protect-the-planet.de\/en\/wp-json\/wp\/v2\/categories?post=32977"},{"taxonomy":"post_tag","embeddable":true,"href":"https:\/\/www.protect-the-planet.de\/en\/wp-json\/wp\/v2\/tags?post=32977"}],"curies":[{"name":"wp","href":"https:\/\/api.w.org\/{rel}","templated":true}]}}