{"id":32573,"date":"2021-10-29T15:47:07","date_gmt":"2021-10-29T13:47:07","guid":{"rendered":"https:\/\/www.protect-the-planet.de\/luetzerath\/"},"modified":"2021-10-29T15:47:07","modified_gmt":"2021-10-29T13:47:07","slug":"luetzerath","status":"publish","type":"post","link":"https:\/\/www.protect-the-planet.de\/en\/luetzerath\/","title":{"rendered":"Unternehmen Klimaschutz &#8211; Aktion in L\u00fctzerath"},"content":{"rendered":"\t\t<div data-elementor-type=\"wp-post\" data-elementor-id=\"32573\" class=\"elementor elementor-32573 elementor-7834\" data-elementor-post-type=\"post\">\n\t\t\t\t\t\t<section class=\"elementor-section elementor-top-section elementor-element elementor-element-1d1e270b elementor-section-boxed elementor-section-height-default elementor-section-height-default\" data-id=\"1d1e270b\" data-element_type=\"section\" data-e-type=\"section\">\n\t\t\t\t\t\t<div class=\"elementor-container elementor-column-gap-default\">\n\t\t\t\t\t<div class=\"elementor-column elementor-col-100 elementor-top-column elementor-element elementor-element-1e93391d\" data-id=\"1e93391d\" data-element_type=\"column\" data-e-type=\"column\">\n\t\t\t<div class=\"elementor-widget-wrap elementor-element-populated\">\n\t\t\t\t\t\t<div class=\"elementor-element elementor-element-16561f63 elementor-widget elementor-widget-text-editor\" data-id=\"16561f63\" data-element_type=\"widget\" data-e-type=\"widget\" data-widget_type=\"text-editor.default\">\n\t\t\t\t<div class=\"elementor-widget-container\">\n\t\t\t\t\t\t\t\t\t<figure id=\"attachment_17211\" aria-describedby=\"caption-attachment-17211\" style=\"width: 637px\" class=\"wp-caption aligncenter\"><img fetchpriority=\"high\" decoding=\"async\" class=\" wp-image-17211\" src=\"https:\/\/www.protect-the-planet.de\/wp-content\/uploads\/2023\/07\/UnternehmenKlimaschutz_keepon-800x569-1-300x213.jpeg\" alt=\"Unternehmen Klimaschutz\" width=\"637\" height=\"452\" srcset=\"https:\/\/www.protect-the-planet.de\/wp-content\/uploads\/2023\/07\/UnternehmenKlimaschutz_keepon-800x569-1-300x213.jpeg 300w, https:\/\/www.protect-the-planet.de\/wp-content\/uploads\/2023\/07\/UnternehmenKlimaschutz_keepon-800x569-1-768x546.jpeg 768w, https:\/\/www.protect-the-planet.de\/wp-content\/uploads\/2023\/07\/UnternehmenKlimaschutz_keepon-800x569-1.jpeg 800w\" sizes=\"(max-width: 637px) 100vw, 637px\" \/><figcaption id=\"caption-attachment-17211\" class=\"wp-caption-text\"><em>Unternehmen Klimaschutz, Foto: <a href=\"https:\/\/www.keepon.studio\">keep on<\/a><\/em><\/figcaption><\/figure><h2><strong>\u201eWo Recht zu Unrecht wird, wird Widerstand zur Pflicht\u201c <\/strong><\/h2><p><strong>Bewegte Unternehmer:innen bekunden Solidarit\u00e4t mit L\u00fctzerath und sichern klagenden Landwirt finanzielle Unterst\u00fctzung zu.<\/strong><\/p><p>Am 29. Oktober 2021 versammelt sich eine Gruppe Unternehmer:innen vor dem Braunkohlekraftwerk Neurath zum Ausdruck ihrer Solidarit\u00e4t mit Eckart Heukamp und ihres Protestes gegen die klimasch\u00e4dliche Verstromung von Braunkohle durch RWE &#8211; mit all ihren Konsequenzen. Der Kohlekonzern will den Landwirt enteignen, um das Dorf L\u00fctzerath abbaggern zu k\u00f6nnen.<\/p><p>Ihr Statement:<\/p><p style=\"text-align: center;\"><em>\u201eWo Recht (Bergrecht, Abbaugenehmigung, etc.)<br \/><\/em><em>zu Unrecht wird (Enteignung, Landschafts- und Klimazerst\u00f6rung),<br \/><\/em><em>wird Widerstand zur Pflicht.\u201c<\/em><\/p><p>\u201eWird Herr Heukamp enteignet und sein Grund und Boden im Kraftwerk Neurath verfeuert, verst\u00f6\u00dft die Politik auf nicht tolerierbarer Art und Weise abermals gegen ihre Zusagen zur Einhaltung des 1,5-Grad-Ziels\u201c, sagt Dorothea Sick-Thies, eine der Unternehmervertreter:innen. \u201eDas Recht auf eine unversehrte Umwelt und eine gesunde Zukunft unserer Kinder wiegt schwerer als das Recht von RWE auf Profit. Noch mehr seit dem Urteil des Bundesverfassungsgerichts\u201c, so die Unternehmer:in und Gr\u00fcnderin von Protect the Planet.<\/p><p>Der Einsatz juristischer M\u00f6glichkeiten, um die Politik f\u00fcr wirksamen Klimaschutz in die Pflicht zu nehmen und von Klimafolgen betroffenen Menschen ein Gesicht und eine Stimme zu geben, ist seit mehreren Jahren ein zentraler Bestandteil der Arbeit von Protect the Planet. Die Initiierung der Europ\u00e4ischen Klimaklage (Peoples Climate Case), die Unterst\u00fctzung der <a href=\"https:\/\/www.protect-the-planet.de\/2021_04_29_verfassungsbeschwerde\/\">Verfassungsbeschwerde gegen das Klimaschutzgesetz<\/a> und die strategische Partnerschaft mit dem Verein \u201aGreen Legal Impact\u2018 stehen exemplarisch daf\u00fcr.<\/p>\t\t\t\t\t\t\t\t<\/div>\n\t\t\t\t<\/div>\n\t\t\t\t<div class=\"elementor-element elementor-element-c1c8b8a elementor-widget elementor-widget-spacer\" data-id=\"c1c8b8a\" data-element_type=\"widget\" data-e-type=\"widget\" data-widget_type=\"spacer.default\">\n\t\t\t\t<div class=\"elementor-widget-container\">\n\t\t\t\t\t\t\t<div class=\"elementor-spacer\">\n\t\t\t<div class=\"elementor-spacer-inner\"><\/div>\n\t\t<\/div>\n\t\t\t\t\t\t<\/div>\n\t\t\t\t<\/div>\n\t\t<div class=\"elementor-element elementor-element-246e38a e-flex e-con-boxed e-con e-parent\" data-id=\"246e38a\" data-element_type=\"container\" data-e-type=\"container\">\n\t\t\t\t\t<div class=\"e-con-inner\">\n\t\t\t\t<div class=\"elementor-element elementor-element-e727bc0 elementor-blockquote--skin-boxed elementor-widget elementor-widget-blockquote\" data-id=\"e727bc0\" data-element_type=\"widget\" data-e-type=\"widget\" data-widget_type=\"blockquote.default\">\n\t\t\t\t<div class=\"elementor-widget-container\">\n\t\t\t\t\t\t\t<blockquote class=\"elementor-blockquote\">\n\t\t\t<p class=\"elementor-blockquote__content\">\n\t\t\t\t\u201eUns ist es ein Anliegen, dass in ihren Grundrechten Betroffene die bestm\u00f6gliche rechtliche Vertretung, Hilfe und F\u00fcrsprache erhalten. Ob es um politische Ma\u00dfnahmen f\u00fcr besseren Klimaschutz oder gegen Folgen klimasch\u00e4dlichen Wirtschaftens geht. Daf\u00fcr treten wir ein und unterst\u00fctzen menschlich, finanziell und mit Fachwissen.\u201c\n\n\t\t\t<\/p>\n\t\t\t\t\t\t\t<div class=\"e-q-footer\">\n\t\t\t\t\t\t\t\t\t\t\t<cite class=\"elementor-blockquote__author\">Markus Gohr<\/cite>\n\t\t\t\t\t\t\t\t\t\t\t\t\t\t<\/div>\n\t\t\t\t\t<\/blockquote>\n\t\t\t\t\t\t<\/div>\n\t\t\t\t<\/div>\n\t\t\t\t\t<\/div>\n\t\t\t\t<\/div>\n\t\t\t\t<div class=\"elementor-element elementor-element-d9b2389 elementor-widget elementor-widget-spacer\" data-id=\"d9b2389\" data-element_type=\"widget\" data-e-type=\"widget\" data-widget_type=\"spacer.default\">\n\t\t\t\t<div class=\"elementor-widget-container\">\n\t\t\t\t\t\t\t<div class=\"elementor-spacer\">\n\t\t\t<div class=\"elementor-spacer-inner\"><\/div>\n\t\t<\/div>\n\t\t\t\t\t\t<\/div>\n\t\t\t\t<\/div>\n\t\t<div class=\"elementor-element elementor-element-66f9347 e-flex e-con-boxed e-con e-parent\" data-id=\"66f9347\" data-element_type=\"container\" data-e-type=\"container\">\n\t\t\t\t\t<div class=\"e-con-inner\">\n\t\t\t\t<div class=\"elementor-element elementor-element-b7e6bfd elementor-widget elementor-widget-text-editor\" data-id=\"b7e6bfd\" data-element_type=\"widget\" data-e-type=\"widget\" data-widget_type=\"text-editor.default\">\n\t\t\t\t<div class=\"elementor-widget-container\">\n\t\t\t\t\t\t\t\t\t<p>Dazu geh\u00f6rt auch die Unterst\u00fctzung von Menschen, die durch die Folgen einer klimasch\u00e4dlichen Wirtschaftsweise von Unternehmen in ihren Grundrechten betroffen und bereit sind, mit eigenem Risiko dagegen ein Zeichen zu setzen. So wie im Fall der Huaraz-Klage des peruanischen Bergf\u00fchrers gegen RWE oder aktuell bei den Klagen von Eckardt Heukamp gegen denselben Energiekonzern, um seine Enteignung und die Abbaggerung seines Hofs zu verhindern. Hier geht es um Klimagerechtigkeit, soziale Gerechtigkeit und Mitmenschlichkeit.<\/p>\t\t\t\t\t\t\t\t<\/div>\n\t\t\t\t<\/div>\n\t\t\t\t\t<\/div>\n\t\t\t\t<\/div>\n\t\t\t\t<div class=\"elementor-element elementor-element-ad121ac elementor-widget elementor-widget-spacer\" data-id=\"ad121ac\" data-element_type=\"widget\" data-e-type=\"widget\" data-widget_type=\"spacer.default\">\n\t\t\t\t<div class=\"elementor-widget-container\">\n\t\t\t\t\t\t\t<div class=\"elementor-spacer\">\n\t\t\t<div class=\"elementor-spacer-inner\"><\/div>\n\t\t<\/div>\n\t\t\t\t\t\t<\/div>\n\t\t\t\t<\/div>\n\t\t\t\t<div class=\"elementor-element elementor-element-0fb02fd elementor-blockquote--skin-boxed elementor-widget elementor-widget-blockquote\" data-id=\"0fb02fd\" data-element_type=\"widget\" data-e-type=\"widget\" data-widget_type=\"blockquote.default\">\n\t\t\t\t<div class=\"elementor-widget-container\">\n\t\t\t\t\t\t\t<blockquote class=\"elementor-blockquote\">\n\t\t\t<p class=\"elementor-blockquote__content\">\n\t\t\t\t\u201eWir bei Protect the Planet sind mindestens mental bereit, uns dem Unrecht entgegenzustellen und Grenzen zu \u00fcberschreiten.\"\t\t\t<\/p>\n\t\t\t\t\t\t\t<div class=\"e-q-footer\">\n\t\t\t\t\t\t\t\t\t\t\t<cite class=\"elementor-blockquote__author\">Carl-A. Fechner<\/cite>\n\t\t\t\t\t\t\t\t\t\t\t\t\t\t<\/div>\n\t\t\t\t\t<\/blockquote>\n\t\t\t\t\t\t<\/div>\n\t\t\t\t<\/div>\n\t\t\t\t<div class=\"elementor-element elementor-element-af3ec22 elementor-widget elementor-widget-spacer\" data-id=\"af3ec22\" data-element_type=\"widget\" data-e-type=\"widget\" data-widget_type=\"spacer.default\">\n\t\t\t\t<div class=\"elementor-widget-container\">\n\t\t\t\t\t\t\t<div class=\"elementor-spacer\">\n\t\t\t<div class=\"elementor-spacer-inner\"><\/div>\n\t\t<\/div>\n\t\t\t\t\t\t<\/div>\n\t\t\t\t<\/div>\n\t\t\t\t<div class=\"elementor-element elementor-element-74f66a0 elementor-widget elementor-widget-text-editor\" data-id=\"74f66a0\" data-element_type=\"widget\" data-e-type=\"widget\" data-widget_type=\"text-editor.default\">\n\t\t\t\t<div class=\"elementor-widget-container\">\n\t\t\t\t\t\t\t\t\t<p>In Garzweiler II und den anderen Braunkohlegruben West- und Ostdeutschlands darf bis 2038 Braunkohle gef\u00f6rdert und verbrannt werden. Damit ist das 1,5-Grad-Ziel, wie es im v\u00f6lkerrechtlich verbindlichen Pariser Klimaabkommen steht, nicht zu erreichen. Die Unternehmer*innen fordern von einer neuen Bundesregierung bis sp\u00e4testens 2030 aus der Braunkohleverstromung auszusteigen und dies im Koalitionsvertrag verbindlich festzulegen.<\/p>\t\t\t\t\t\t\t\t<\/div>\n\t\t\t\t<\/div>\n\t\t\t\t<div class=\"elementor-element elementor-element-540c7a9 elementor-widget elementor-widget-spacer\" data-id=\"540c7a9\" data-element_type=\"widget\" data-e-type=\"widget\" data-widget_type=\"spacer.default\">\n\t\t\t\t<div class=\"elementor-widget-container\">\n\t\t\t\t\t\t\t<div class=\"elementor-spacer\">\n\t\t\t<div class=\"elementor-spacer-inner\"><\/div>\n\t\t<\/div>\n\t\t\t\t\t\t<\/div>\n\t\t\t\t<\/div>\n\t\t\t\t<div class=\"elementor-element elementor-element-e26333e elementor-blockquote--skin-boxed elementor-widget elementor-widget-blockquote\" data-id=\"e26333e\" data-element_type=\"widget\" data-e-type=\"widget\" data-widget_type=\"blockquote.default\">\n\t\t\t\t<div class=\"elementor-widget-container\">\n\t\t\t\t\t\t\t<blockquote class=\"elementor-blockquote\">\n\t\t\t<p class=\"elementor-blockquote__content\">\n\t\t\t\t\u201eDas Beispiel L\u00fctzerath zeigt wie schizophren die aktuelle Klimaschutzpolitik ist. W\u00e4hrend seit Jahren gesetzlich ein Ausbaudeckel f\u00fcr Solar und Wind vorhanden ist, oder politisch definierte Abstandsregelungen f\u00fcr Windanlagen festgelegt wurden, d\u00fcrfen Kohlekraftbetreiber ganze D\u00f6rfer, Kirchen und Lebensgrundlagen zur Kohleverfeuerung enteignen.\nDie neue Bundesregierung wird diese Systemfehler und -widerspr\u00fcche des gegenw\u00e4rtigen Energiesystems beseitigen m\u00fcssen. Umso mehr freut es mich, dass die neue Bundesregierung das 1,5-Grad-Ziel als Richtschnur ihrer Politik sieht. Dem kann sie Rechnung tragen und das sofortige Abschalten von Garzweiler II und weiteren 10 GW Kohlekraftwerken beschlie\u00dfen. Dar\u00fcber wurde bereits bei den letzten Jamaika Gespr\u00e4chen vor vier Jahren ganz konkret verhandelt.\u201c\t\t\t<\/p>\n\t\t\t\t\t\t\t<div class=\"e-q-footer\">\n\t\t\t\t\t\t\t\t\t\t\t<cite class=\"elementor-blockquote__author\">Amir Roughani<\/cite>\n\t\t\t\t\t\t\t\t\t\t\t\t\t\t<\/div>\n\t\t\t\t\t<\/blockquote>\n\t\t\t\t\t\t<\/div>\n\t\t\t\t<\/div>\n\t\t\t\t<div class=\"elementor-element elementor-element-09fe7da elementor-widget elementor-widget-spacer\" data-id=\"09fe7da\" data-element_type=\"widget\" data-e-type=\"widget\" data-widget_type=\"spacer.default\">\n\t\t\t\t<div class=\"elementor-widget-container\">\n\t\t\t\t\t\t\t<div class=\"elementor-spacer\">\n\t\t\t<div class=\"elementor-spacer-inner\"><\/div>\n\t\t<\/div>\n\t\t\t\t\t\t<\/div>\n\t\t\t\t<\/div>\n\t\t\t\t<div class=\"elementor-element elementor-element-4ecb748 elementor-widget elementor-widget-text-editor\" data-id=\"4ecb748\" data-element_type=\"widget\" data-e-type=\"widget\" data-widget_type=\"text-editor.default\">\n\t\t\t\t<div class=\"elementor-widget-container\">\n\t\t\t\t\t\t\t\t\t<p>Protect the Planet ist bei der Aktion ein wichtiger Motor und versteht sich vor allem als Teil der engagierten Unternehmerschaft, mit denen eine unkonventionelle Allianz gebildet wird, die auf neuen Wegen den Schutz unserer Lebensgrundlagen zur Priorit\u00e4t macht. Im Hintergrund werden Jurist*innen und Expert*innen im unternehmerischen Sinne unterst\u00fctzt, damit die Enteignung verhindert wird. Zugleich verb\u00fcnden sich die bewegten Unternehmen, um der \u00d6ffentlichkeit die Ungerechtigkeit und Widersinnigkeit vor Augen zu f\u00fchren, die in Garzweiler bevorsteht.<\/p><h3><strong>Vertreter*innen bewegter Unternehmen, die teilgenommen haben<\/strong><\/h3><ul><li>Dorothea Sick-Thies (Gr\u00fcnderin Protect the Planet)<\/li><li>Carl-A. Fechner (Co-Gr\u00fcnder Protect the Planet, Produzent &amp; Regisseur)<\/li><li>Amir Roughani (Gr\u00fcnder &amp; CEO von VISPIRON GmbH)<\/li><li>Johannes Czwalina (Czwalina Consulting AG)<\/li><li>Claas Helmke (Wermuth Asset Management GmbH, Gr\u00fcnder &amp; Vorstand GermanZero e.V.)<\/li><li>Petra Stockamp (Deutsche Telekom),<\/li><li>Roland Sch\u00fcren (Ihr B\u00e4cker Sch\u00fcren, Seed &amp; Greet GmbH)<\/li><\/ul><h3><b><br \/>Weitere Informationen zur Aktion in L\u00fctzerath<\/b><\/h3><div><p><a href=\"https:\/\/www.unternehmenklimaschutz.de\" target=\"_blank\" rel=\"noopener\">www.unternehmenklimaschutz.de<\/a><br \/><a href=\"https:\/\/www.alle-doerfer-bleiben.de\/\" target=\"_blank\" rel=\"noopener\">www.alle-doerfer-bleiben.de<\/a><\/p><\/div>\t\t\t\t\t\t\t\t<\/div>\n\t\t\t\t<\/div>\n\t\t\t\t\t<\/div>\n\t\t<\/div>\n\t\t\t\t\t<\/div>\n\t\t<\/section>\n\t\t<div class=\"elementor-element elementor-element-4f5d57a e-flex e-con-boxed e-con e-parent\" data-id=\"4f5d57a\" data-element_type=\"container\" data-e-type=\"container\">\n\t\t\t\t\t<div class=\"e-con-inner\">\n\t\t\t\t\t<\/div>\n\t\t\t\t<\/div>\n\t\t\t\t<\/div>\n\t\t","protected":false},"excerpt":{"rendered":"<p>Unternehmer*innen dr\u00fccken  am 29.10.2021 ihre Solidarit\u00e4t aus gegen\u00fcber Eckardt Heukamp, dem letzten Landwirt und Unternehmer L\u00fctzeraths, sowie den Menschen vor Ort. Vor dem Kohlekraftwerk Neurath zeigen sie RWE die rote Karte gegen deren Vorgehen. <\/p>\n","protected":false},"author":3,"featured_media":21674,"comment_status":"open","ping_status":"open","sticky":false,"template":"","format":"standard","meta":{"footnotes":""},"categories":[729,730],"tags":[1690,806,1691,808],"class_list":["post-32573","post","type-post","status-publish","format-standard","has-post-thumbnail","hentry","category-news","category-pressemitteilungen-en","tag-alle-doerfer-bleiben-en","tag-luetzerath-en","tag-protest-en","tag-rwe-en"],"yoast_head":"<!-- This site is optimized with the Yoast SEO plugin v27.5 - https:\/\/yoast.com\/product\/yoast-seo-wordpress\/ -->\n<title>Unternehmen Klimaschutz - Aktion in L\u00fctzerath - Protect the Planet<\/title>\n<meta name=\"robots\" content=\"index, follow, max-snippet:-1, max-image-preview:large, max-video-preview:-1\" \/>\n<link rel=\"canonical\" href=\"https:\/\/www.protect-the-planet.de\/en\/luetzerath\/\" \/>\n<meta property=\"og:locale\" content=\"en_US\" \/>\n<meta property=\"og:type\" content=\"article\" \/>\n<meta property=\"og:title\" content=\"Unternehmen Klimaschutz - Aktion in L\u00fctzerath - Protect the Planet\" \/>\n<meta property=\"og:description\" content=\"Unternehmer*innen dr\u00fccken am 29.10.2021 ihre Solidarit\u00e4t aus gegen\u00fcber Eckardt Heukamp, dem letzten Landwirt und Unternehmer L\u00fctzeraths, sowie den Menschen vor Ort. Vor dem Kohlekraftwerk Neurath zeigen sie RWE die rote Karte gegen deren Vorgehen.\" \/>\n<meta property=\"og:url\" content=\"https:\/\/www.protect-the-planet.de\/en\/luetzerath\/\" \/>\n<meta property=\"og:site_name\" content=\"Protect the Planet\" \/>\n<meta property=\"article:publisher\" content=\"https:\/\/www.facebook.com\/protecttheplanetDE\/\" \/>\n<meta property=\"article:published_time\" content=\"2021-10-29T13:47:07+00:00\" \/>\n<meta property=\"og:image\" content=\"https:\/\/www.protect-the-planet.de\/wp-content\/uploads\/2023\/07\/UnternehmenKlimaschutz_keepon-800x569-1-300x213.jpeg\" \/>\n<meta name=\"author\" content=\"Fenja Jacobs\" \/>\n<meta name=\"twitter:card\" content=\"summary_large_image\" \/>\n<meta name=\"twitter:creator\" content=\"@PtP_de\" \/>\n<meta name=\"twitter:site\" content=\"@PtP_de\" \/>\n<meta name=\"twitter:label1\" content=\"Written by\" \/>\n\t<meta name=\"twitter:data1\" content=\"Fenja Jacobs\" \/>\n\t<meta name=\"twitter:label2\" content=\"Est. reading time\" \/>\n\t<meta name=\"twitter:data2\" content=\"4 minutes\" \/>\n<script type=\"application\/ld+json\" class=\"yoast-schema-graph\">{\"@context\":\"https:\\\/\\\/schema.org\",\"@graph\":[{\"@type\":\"Article\",\"@id\":\"https:\\\/\\\/www.protect-the-planet.de\\\/en\\\/luetzerath\\\/#article\",\"isPartOf\":{\"@id\":\"https:\\\/\\\/www.protect-the-planet.de\\\/en\\\/luetzerath\\\/\"},\"author\":{\"name\":\"Fenja Jacobs\",\"@id\":\"https:\\\/\\\/www.protect-the-planet.de\\\/en\\\/#\\\/schema\\\/person\\\/c843c153d0dd33ec584996931e438bce\"},\"headline\":\"Unternehmen Klimaschutz &#8211; Aktion in L\u00fctzerath\",\"datePublished\":\"2021-10-29T13:47:07+00:00\",\"mainEntityOfPage\":{\"@id\":\"https:\\\/\\\/www.protect-the-planet.de\\\/en\\\/luetzerath\\\/\"},\"wordCount\":742,\"commentCount\":0,\"publisher\":{\"@id\":\"https:\\\/\\\/www.protect-the-planet.de\\\/en\\\/#organization\"},\"image\":{\"@id\":\"https:\\\/\\\/www.protect-the-planet.de\\\/en\\\/luetzerath\\\/#primaryimage\"},\"thumbnailUrl\":\"https:\\\/\\\/www.protect-the-planet.de\\\/wp-content\\\/uploads\\\/2021\\\/10\\\/Luetzerath-bleibt-320x202-1.jpeg\",\"keywords\":[\"Alle D\u00f6rfer bleiben\",\"L\u00fctzerath\",\"Protest\",\"RWE\"],\"articleSection\":[\"News\",\"Pressemitteilungen\"],\"inLanguage\":\"en-US\",\"potentialAction\":[{\"@type\":\"CommentAction\",\"name\":\"Comment\",\"target\":[\"https:\\\/\\\/www.protect-the-planet.de\\\/en\\\/luetzerath\\\/#respond\"]}]},{\"@type\":\"WebPage\",\"@id\":\"https:\\\/\\\/www.protect-the-planet.de\\\/en\\\/luetzerath\\\/\",\"url\":\"https:\\\/\\\/www.protect-the-planet.de\\\/en\\\/luetzerath\\\/\",\"name\":\"Unternehmen Klimaschutz - Aktion in L\u00fctzerath - Protect the Planet\",\"isPartOf\":{\"@id\":\"https:\\\/\\\/www.protect-the-planet.de\\\/en\\\/#website\"},\"primaryImageOfPage\":{\"@id\":\"https:\\\/\\\/www.protect-the-planet.de\\\/en\\\/luetzerath\\\/#primaryimage\"},\"image\":{\"@id\":\"https:\\\/\\\/www.protect-the-planet.de\\\/en\\\/luetzerath\\\/#primaryimage\"},\"thumbnailUrl\":\"https:\\\/\\\/www.protect-the-planet.de\\\/wp-content\\\/uploads\\\/2021\\\/10\\\/Luetzerath-bleibt-320x202-1.jpeg\",\"datePublished\":\"2021-10-29T13:47:07+00:00\",\"breadcrumb\":{\"@id\":\"https:\\\/\\\/www.protect-the-planet.de\\\/en\\\/luetzerath\\\/#breadcrumb\"},\"inLanguage\":\"en-US\",\"potentialAction\":[{\"@type\":\"ReadAction\",\"target\":[\"https:\\\/\\\/www.protect-the-planet.de\\\/en\\\/luetzerath\\\/\"]}]},{\"@type\":\"ImageObject\",\"inLanguage\":\"en-US\",\"@id\":\"https:\\\/\\\/www.protect-the-planet.de\\\/en\\\/luetzerath\\\/#primaryimage\",\"url\":\"https:\\\/\\\/www.protect-the-planet.de\\\/wp-content\\\/uploads\\\/2021\\\/10\\\/Luetzerath-bleibt-320x202-1.jpeg\",\"contentUrl\":\"https:\\\/\\\/www.protect-the-planet.de\\\/wp-content\\\/uploads\\\/2021\\\/10\\\/Luetzerath-bleibt-320x202-1.jpeg\",\"width\":320,\"height\":202,\"caption\":\"L\u00fctzerath bleibt\"},{\"@type\":\"BreadcrumbList\",\"@id\":\"https:\\\/\\\/www.protect-the-planet.de\\\/en\\\/luetzerath\\\/#breadcrumb\",\"itemListElement\":[{\"@type\":\"ListItem\",\"position\":1,\"name\":\"Startseite\",\"item\":\"https:\\\/\\\/www.protect-the-planet.de\\\/en\\\/home\\\/\"},{\"@type\":\"ListItem\",\"position\":2,\"name\":\"Unternehmen Klimaschutz &#8211; Aktion in L\u00fctzerath\"}]},{\"@type\":\"WebSite\",\"@id\":\"https:\\\/\\\/www.protect-the-planet.de\\\/en\\\/#website\",\"url\":\"https:\\\/\\\/www.protect-the-planet.de\\\/en\\\/\",\"name\":\"Protect the Planet\",\"description\":\"If we don&#039;t change, the climate will.\",\"publisher\":{\"@id\":\"https:\\\/\\\/www.protect-the-planet.de\\\/en\\\/#organization\"},\"alternateName\":\"Protect the Panet gGmbH\",\"potentialAction\":[{\"@type\":\"SearchAction\",\"target\":{\"@type\":\"EntryPoint\",\"urlTemplate\":\"https:\\\/\\\/www.protect-the-planet.de\\\/en\\\/?s={search_term_string}\"},\"query-input\":{\"@type\":\"PropertyValueSpecification\",\"valueRequired\":true,\"valueName\":\"search_term_string\"}}],\"inLanguage\":\"en-US\"},{\"@type\":\"Organization\",\"@id\":\"https:\\\/\\\/www.protect-the-planet.de\\\/en\\\/#organization\",\"name\":\"Protect the Planet\",\"url\":\"https:\\\/\\\/www.protect-the-planet.de\\\/en\\\/\",\"logo\":{\"@type\":\"ImageObject\",\"inLanguage\":\"en-US\",\"@id\":\"https:\\\/\\\/www.protect-the-planet.de\\\/en\\\/#\\\/schema\\\/logo\\\/image\\\/\",\"url\":\"https:\\\/\\\/www.protect-the-planet.de\\\/wp-content\\\/uploads\\\/2023\\\/09\\\/LOGO-positiv_transparent-klein.png\",\"contentUrl\":\"https:\\\/\\\/www.protect-the-planet.de\\\/wp-content\\\/uploads\\\/2023\\\/09\\\/LOGO-positiv_transparent-klein.png\",\"width\":123,\"height\":68,\"caption\":\"Protect the Planet\"},\"image\":{\"@id\":\"https:\\\/\\\/www.protect-the-planet.de\\\/en\\\/#\\\/schema\\\/logo\\\/image\\\/\"},\"sameAs\":[\"https:\\\/\\\/www.facebook.com\\\/protecttheplanetDE\\\/\",\"https:\\\/\\\/x.com\\\/PtP_de\",\"https:\\\/\\\/www.instagram.com\\\/protecttheplanetorg\\\/\",\"https:\\\/\\\/www.linkedin.com\\\/company\\\/protect-the-planet\",\"https:\\\/\\\/www.youtube.com\\\/@protecttheplanet\"]},{\"@type\":\"Person\",\"@id\":\"https:\\\/\\\/www.protect-the-planet.de\\\/en\\\/#\\\/schema\\\/person\\\/c843c153d0dd33ec584996931e438bce\",\"name\":\"Fenja Jacobs\",\"image\":{\"@type\":\"ImageObject\",\"inLanguage\":\"en-US\",\"@id\":\"https:\\\/\\\/secure.gravatar.com\\\/avatar\\\/1319de9aaea70b6c6ed807392ef95d6582ceaf98cca9de0a0022ba8e0d3a7fc3?s=96&d=mm&r=g\",\"url\":\"https:\\\/\\\/secure.gravatar.com\\\/avatar\\\/1319de9aaea70b6c6ed807392ef95d6582ceaf98cca9de0a0022ba8e0d3a7fc3?s=96&d=mm&r=g\",\"contentUrl\":\"https:\\\/\\\/secure.gravatar.com\\\/avatar\\\/1319de9aaea70b6c6ed807392ef95d6582ceaf98cca9de0a0022ba8e0d3a7fc3?s=96&d=mm&r=g\",\"caption\":\"Fenja Jacobs\"},\"url\":\"https:\\\/\\\/www.protect-the-planet.de\\\/en\\\/author\\\/fenja-jacobs\\\/\"}]}<\/script>\n<!-- \/ Yoast SEO plugin. -->","yoast_head_json":{"title":"Unternehmen Klimaschutz - Aktion in L\u00fctzerath - Protect the Planet","robots":{"index":"index","follow":"follow","max-snippet":"max-snippet:-1","max-image-preview":"max-image-preview:large","max-video-preview":"max-video-preview:-1"},"canonical":"https:\/\/www.protect-the-planet.de\/en\/luetzerath\/","og_locale":"en_US","og_type":"article","og_title":"Unternehmen Klimaschutz - Aktion in L\u00fctzerath - Protect the Planet","og_description":"Unternehmer*innen dr\u00fccken am 29.10.2021 ihre Solidarit\u00e4t aus gegen\u00fcber Eckardt Heukamp, dem letzten Landwirt und Unternehmer L\u00fctzeraths, sowie den Menschen vor Ort. Vor dem Kohlekraftwerk Neurath zeigen sie RWE die rote Karte gegen deren Vorgehen.","og_url":"https:\/\/www.protect-the-planet.de\/en\/luetzerath\/","og_site_name":"Protect the Planet","article_publisher":"https:\/\/www.facebook.com\/protecttheplanetDE\/","article_published_time":"2021-10-29T13:47:07+00:00","og_image":[{"url":"https:\/\/www.protect-the-planet.de\/wp-content\/uploads\/2023\/07\/UnternehmenKlimaschutz_keepon-800x569-1-300x213.jpeg","type":"","width":"","height":""}],"author":"Fenja Jacobs","twitter_card":"summary_large_image","twitter_creator":"@PtP_de","twitter_site":"@PtP_de","twitter_misc":{"Written by":"Fenja Jacobs","Est. reading time":"4 minutes"},"schema":{"@context":"https:\/\/schema.org","@graph":[{"@type":"Article","@id":"https:\/\/www.protect-the-planet.de\/en\/luetzerath\/#article","isPartOf":{"@id":"https:\/\/www.protect-the-planet.de\/en\/luetzerath\/"},"author":{"name":"Fenja Jacobs","@id":"https:\/\/www.protect-the-planet.de\/en\/#\/schema\/person\/c843c153d0dd33ec584996931e438bce"},"headline":"Unternehmen Klimaschutz &#8211; Aktion in L\u00fctzerath","datePublished":"2021-10-29T13:47:07+00:00","mainEntityOfPage":{"@id":"https:\/\/www.protect-the-planet.de\/en\/luetzerath\/"},"wordCount":742,"commentCount":0,"publisher":{"@id":"https:\/\/www.protect-the-planet.de\/en\/#organization"},"image":{"@id":"https:\/\/www.protect-the-planet.de\/en\/luetzerath\/#primaryimage"},"thumbnailUrl":"https:\/\/www.protect-the-planet.de\/wp-content\/uploads\/2021\/10\/Luetzerath-bleibt-320x202-1.jpeg","keywords":["Alle D\u00f6rfer bleiben","L\u00fctzerath","Protest","RWE"],"articleSection":["News","Pressemitteilungen"],"inLanguage":"en-US","potentialAction":[{"@type":"CommentAction","name":"Comment","target":["https:\/\/www.protect-the-planet.de\/en\/luetzerath\/#respond"]}]},{"@type":"WebPage","@id":"https:\/\/www.protect-the-planet.de\/en\/luetzerath\/","url":"https:\/\/www.protect-the-planet.de\/en\/luetzerath\/","name":"Unternehmen Klimaschutz - Aktion in L\u00fctzerath - Protect the Planet","isPartOf":{"@id":"https:\/\/www.protect-the-planet.de\/en\/#website"},"primaryImageOfPage":{"@id":"https:\/\/www.protect-the-planet.de\/en\/luetzerath\/#primaryimage"},"image":{"@id":"https:\/\/www.protect-the-planet.de\/en\/luetzerath\/#primaryimage"},"thumbnailUrl":"https:\/\/www.protect-the-planet.de\/wp-content\/uploads\/2021\/10\/Luetzerath-bleibt-320x202-1.jpeg","datePublished":"2021-10-29T13:47:07+00:00","breadcrumb":{"@id":"https:\/\/www.protect-the-planet.de\/en\/luetzerath\/#breadcrumb"},"inLanguage":"en-US","potentialAction":[{"@type":"ReadAction","target":["https:\/\/www.protect-the-planet.de\/en\/luetzerath\/"]}]},{"@type":"ImageObject","inLanguage":"en-US","@id":"https:\/\/www.protect-the-planet.de\/en\/luetzerath\/#primaryimage","url":"https:\/\/www.protect-the-planet.de\/wp-content\/uploads\/2021\/10\/Luetzerath-bleibt-320x202-1.jpeg","contentUrl":"https:\/\/www.protect-the-planet.de\/wp-content\/uploads\/2021\/10\/Luetzerath-bleibt-320x202-1.jpeg","width":320,"height":202,"caption":"L\u00fctzerath bleibt"},{"@type":"BreadcrumbList","@id":"https:\/\/www.protect-the-planet.de\/en\/luetzerath\/#breadcrumb","itemListElement":[{"@type":"ListItem","position":1,"name":"Startseite","item":"https:\/\/www.protect-the-planet.de\/en\/home\/"},{"@type":"ListItem","position":2,"name":"Unternehmen Klimaschutz &#8211; Aktion in L\u00fctzerath"}]},{"@type":"WebSite","@id":"https:\/\/www.protect-the-planet.de\/en\/#website","url":"https:\/\/www.protect-the-planet.de\/en\/","name":"Protect the Planet","description":"If we don&#039;t change, the climate will.","publisher":{"@id":"https:\/\/www.protect-the-planet.de\/en\/#organization"},"alternateName":"Protect the Panet gGmbH","potentialAction":[{"@type":"SearchAction","target":{"@type":"EntryPoint","urlTemplate":"https:\/\/www.protect-the-planet.de\/en\/?s={search_term_string}"},"query-input":{"@type":"PropertyValueSpecification","valueRequired":true,"valueName":"search_term_string"}}],"inLanguage":"en-US"},{"@type":"Organization","@id":"https:\/\/www.protect-the-planet.de\/en\/#organization","name":"Protect the Planet","url":"https:\/\/www.protect-the-planet.de\/en\/","logo":{"@type":"ImageObject","inLanguage":"en-US","@id":"https:\/\/www.protect-the-planet.de\/en\/#\/schema\/logo\/image\/","url":"https:\/\/www.protect-the-planet.de\/wp-content\/uploads\/2023\/09\/LOGO-positiv_transparent-klein.png","contentUrl":"https:\/\/www.protect-the-planet.de\/wp-content\/uploads\/2023\/09\/LOGO-positiv_transparent-klein.png","width":123,"height":68,"caption":"Protect the Planet"},"image":{"@id":"https:\/\/www.protect-the-planet.de\/en\/#\/schema\/logo\/image\/"},"sameAs":["https:\/\/www.facebook.com\/protecttheplanetDE\/","https:\/\/x.com\/PtP_de","https:\/\/www.instagram.com\/protecttheplanetorg\/","https:\/\/www.linkedin.com\/company\/protect-the-planet","https:\/\/www.youtube.com\/@protecttheplanet"]},{"@type":"Person","@id":"https:\/\/www.protect-the-planet.de\/en\/#\/schema\/person\/c843c153d0dd33ec584996931e438bce","name":"Fenja Jacobs","image":{"@type":"ImageObject","inLanguage":"en-US","@id":"https:\/\/secure.gravatar.com\/avatar\/1319de9aaea70b6c6ed807392ef95d6582ceaf98cca9de0a0022ba8e0d3a7fc3?s=96&d=mm&r=g","url":"https:\/\/secure.gravatar.com\/avatar\/1319de9aaea70b6c6ed807392ef95d6582ceaf98cca9de0a0022ba8e0d3a7fc3?s=96&d=mm&r=g","contentUrl":"https:\/\/secure.gravatar.com\/avatar\/1319de9aaea70b6c6ed807392ef95d6582ceaf98cca9de0a0022ba8e0d3a7fc3?s=96&d=mm&r=g","caption":"Fenja Jacobs"},"url":"https:\/\/www.protect-the-planet.de\/en\/author\/fenja-jacobs\/"}]}},"_links":{"self":[{"href":"https:\/\/www.protect-the-planet.de\/en\/wp-json\/wp\/v2\/posts\/32573","targetHints":{"allow":["GET"]}}],"collection":[{"href":"https:\/\/www.protect-the-planet.de\/en\/wp-json\/wp\/v2\/posts"}],"about":[{"href":"https:\/\/www.protect-the-planet.de\/en\/wp-json\/wp\/v2\/types\/post"}],"author":[{"embeddable":true,"href":"https:\/\/www.protect-the-planet.de\/en\/wp-json\/wp\/v2\/users\/3"}],"replies":[{"embeddable":true,"href":"https:\/\/www.protect-the-planet.de\/en\/wp-json\/wp\/v2\/comments?post=32573"}],"version-history":[{"count":0,"href":"https:\/\/www.protect-the-planet.de\/en\/wp-json\/wp\/v2\/posts\/32573\/revisions"}],"wp:featuredmedia":[{"embeddable":true,"href":"https:\/\/www.protect-the-planet.de\/en\/wp-json\/wp\/v2\/media\/21674"}],"wp:attachment":[{"href":"https:\/\/www.protect-the-planet.de\/en\/wp-json\/wp\/v2\/media?parent=32573"}],"wp:term":[{"taxonomy":"category","embeddable":true,"href":"https:\/\/www.protect-the-planet.de\/en\/wp-json\/wp\/v2\/categories?post=32573"},{"taxonomy":"post_tag","embeddable":true,"href":"https:\/\/www.protect-the-planet.de\/en\/wp-json\/wp\/v2\/tags?post=32573"}],"curies":[{"name":"wp","href":"https:\/\/api.w.org\/{rel}","templated":true}]}}