{"id":31542,"date":"2022-06-02T12:50:00","date_gmt":"2022-06-02T10:50:00","guid":{"rendered":"https:\/\/www.protect-the-planet.de\/2022-06-02-grober-entdeckung-der-nachhaltigkeit\/"},"modified":"2025-07-09T12:57:20","modified_gmt":"2025-07-09T10:57:20","slug":"2022-06-02-grober-entdeckung-der-nachhaltigkeit","status":"publish","type":"post","link":"https:\/\/www.protect-the-planet.de\/en\/2022-06-02-grober-entdeckung-der-nachhaltigkeit\/","title":{"rendered":"&#8220;Die Entdeckung der Nachhaltigkeit: uralt und hochaktuell!&#8221;"},"content":{"rendered":"\n<p class=\"has-text-align-center\"><strong>In unserer Reihe &#8220;Nachhaltigkeit _ Sozial-\u00f6kologische Transformation&#8221;:<\/strong><\/p>\n\n\n\n<h2 class=\"wp-block-heading has-text-align-center\"><strong>Ulrich Grober<\/strong><\/h2>\n\n\n\n<p class=\"has-text-align-center\"><strong>Publizist und Journalist<\/strong><\/p>\n\n\n\n<div style=\"height:30px\" aria-hidden=\"true\" class=\"wp-block-spacer\"><\/div>\n\n\n\n<hr class=\"wp-block-separator has-alpha-channel-opacity\"\/>\n\n\n\n<div style=\"height:30px\" aria-hidden=\"true\" class=\"wp-block-spacer\"><\/div>\n\n\n\n<p class=\"has-text-align-center\"><a href=\"https:\/\/www.protect-the-planet.de\/wp-content\/uploads\/2023\/10\/2022_06_02-Einladungstext-Grober-Nachhaltigkeit.pdf\"><strong>Event-Info PDF | Dr. Helmut Paschlau<\/strong><\/a><\/p>\n\n\n\n <div class=\"brlbs-cmpnt-container brlbs-cmpnt-content-blocker brlbs-cmpnt-with-individual-styles\" data-borlabs-cookie-content-blocker-id=\"youtube-content-blocker\" data-borlabs-cookie-content=\"PGlmcmFtZSB3aWR0aD0iNTYwIiBoZWlnaHQ9IjMxNSIgc3JjPSJodHRwczovL3d3dy55b3V0dWJlLW5vY29va2llLmNvbS9lbWJlZC9NbGJ5a3lUTWFCQT9zaT05R2ItMVQ5MWJlYWZJNHktIiB0aXRsZT0iWW91VHViZSB2aWRlbyBwbGF5ZXIiIGZyYW1lYm9yZGVyPSIwIiBhbGxvdz0iYWNjZWxlcm9tZXRlcjsgYXV0b3BsYXk7IGNsaXBib2FyZC13cml0ZTsgZW5jcnlwdGVkLW1lZGlhOyBneXJvc2NvcGU7IHBpY3R1cmUtaW4tcGljdHVyZTsgd2ViLXNoYXJlIiByZWZlcnJlcnBvbGljeT0ic3RyaWN0LW9yaWdpbi13aGVuLWNyb3NzLW9yaWdpbiIgYWxsb3dmdWxsc2NyZWVuPjwvaWZyYW1lPg==\"><div class=\"brlbs-cmpnt-cb-preset-c brlbs-cmpnt-cb-youtube\"> <div class=\"brlbs-cmpnt-cb-thumbnail\" style=\"background-image: url('https:\/\/www.protect-the-planet.de\/wp-content\/uploads\/borlabs-cookie\/1\/yt_MlbykyTMaBA_hqdefault.jpg')\"><\/div> <div class=\"brlbs-cmpnt-cb-main\"> <div class=\"brlbs-cmpnt-cb-play-button\"><\/div> <div class=\"brlbs-cmpnt-cb-content\"> <p class=\"brlbs-cmpnt-cb-description\">You are currently viewing a placeholder content from <strong>YouTube<\/strong>. To access the actual content, click the button below. Please note that doing so will share data with third-party providers.<\/p> <a class=\"brlbs-cmpnt-cb-provider-toggle\" href=\"#\" data-borlabs-cookie-show-provider-information role=\"button\">More Information<\/a> <\/div> <div class=\"brlbs-cmpnt-cb-buttons\"> <a class=\"brlbs-cmpnt-cb-btn\" href=\"#\" data-borlabs-cookie-unblock role=\"button\">Unblock content<\/a> <a class=\"brlbs-cmpnt-cb-btn\" href=\"#\" data-borlabs-cookie-accept-service role=\"button\" style=\"display: inherit\">Accept required service and unblock content<\/a> <\/div> <\/div> <\/div><\/div>\n\n\n\n<p class=\"has-text-align-center\"><\/p>\n\n\n\n<div style=\"height:30px\" aria-hidden=\"true\" class=\"wp-block-spacer\"><\/div>\n\n\n\n<p>Entdeckung der Nachhaltigkeit: uralt und hochaktuell! &#8211; Der<strong> Autor Ulrich Grober<\/strong> schl\u00e4gt einen gro\u00dfen Bogen in der Suche nach dem \u201eguten Leben f\u00fcr alle\u201c: Von der Genesis 1.000 Jahre vor Christus, \u00fcber Seneca, dem \u201eSonnengesang\u201c des Franz von Assisi, \u00fcber die Inkas und Chinesische Philosophen, W.v.Goethe, Carlo Carlowitz, M. Gandhi und John Lennon \u2013 bis just zum 02.06.2022.<\/p>\n\n\n\n<p>Der 2. Juni 2022 ist der <strong>Tag der Konferenz der Vereinten Nationen \u201eSockholm+50\u201c, 50 Jahre nach \u201eGrenzen des Wachstums\u201c<\/strong>, zur dringlich erforderlichen Umsetzung der SDG-Ziele, der Ziele zur Erreichung der globalen Nachhaltigkeit bis 2030: Der dauerhaften Bed\u00fcrfnisbefriedigung aller Menschen durch Bewahrung der nat\u00fcrlichen Regenerationsf\u00e4higkeit aller Systeme.<\/p>\n\n\n\n<p>Dies vor dem Hintergrund der Klimakrise, des Artensterbens, der \u00dcberschreitung globaler Grenzen: \u201eEs ist Zeit f\u00fcr mutige Entscheidungen. Es ist Zeit f\u00fcr dringliche Aktionen. Es ist Zeit f\u00fcr eine bessere Zukunft auf einem gesunden Planeten. Die Sicherung eines gesunden und wohlhabenden Planeten f\u00fcr alle bedeutet, sich auf eine gemeinsame Reise zu begeben, wo unser Fu\u00dfabdruck von heute nicht das Wohlergehen von heutigen und zuk\u00fcnftigen Generationen beeintr\u00e4chtigt\u201c <strong>(Vereinten Nationen Stockholm+50)<\/strong><\/p>\n\n\n\n<h3 class=\"wp-block-heading\"><strong>Zum Weiterlesen:<\/strong><\/h3>\n\n\n\n<ul class=\"wp-block-list\">\n<li><a href=\"https:\/\/de.wikipedia.org\/wiki\/Ulrich_Grober\">Ulrich Grober bei Wikipedia<\/a><\/li>\n\n\n\n<li><a href=\"https:\/\/www.zeit.de\/2022\/04\/globale-umweltbewegung-geschichte-club-of-rome\">U. Grober, Die Erde zuerst \u2013 wie vor 50 Jahren die globale Umweltbewegung begann; DIE ZEIT, 20.01.2022<\/a><\/li>\n\n\n\n<li>U. Grober, Die Entdeckung der Nachhaltigkeit \u2013 Kulturgeschichte eines Begriffs, Kunstmann-Verlag, 2013<\/li>\n\n\n\n<li>U. Grober, Der leise Atem der Zukunft. Vom Aufstieg nachhaltiger Werte in Zeiten der Krise, Oekom-Verlag, 2018<\/li>\n\n\n\n<li>Vereinte Nationen, UNRIC Regionales Informationszentrum der VN; <a href=\"https:\/\/unric.org\/de\/17ziele\/\">Ziele f\u00fcr nachhaltige Entwicklung<\/a>, <a href=\"http:\/\/wikipedia.org\/wiki\/Ziele_f%C3%BCr_nachhaltige_Entwicklung\">siehe auch hier<\/a>.<\/li>\n\n\n\n<li>Vereinte Nationen; <a href=\"http:\/\/www.stockholm50.global\/\">A healthy planet for the prosperity of all \u2013 our responsibility, our iopportunity; high-level- Konferenz, Stockholm, 02.-03.Juni 2022<\/a><\/li>\n<\/ul>\n\n\n\n<div style=\"height:30px\" aria-hidden=\"true\" class=\"wp-block-spacer\"><\/div>\n\n\n\n<hr class=\"wp-block-separator has-alpha-channel-opacity\"\/>\n\n\n\n<div style=\"height:30px\" aria-hidden=\"true\" class=\"wp-block-spacer\"><\/div>\n\n\n\n<p class=\"has-text-align-center\"><strong>Die Veranstalter<\/strong>:<\/p>\n\n\n\n<p class=\"has-text-align-center\"><a href=\"https:\/\/twitter.com\/ptp_de\/\">Protect the Planet<\/a><a href=\"https:\/\/www.mvhs.de\/\">, <\/a><a href=\"https:\/\/twitter.com\/fff_muc\">Fridays for Future M\u00fcnchen<\/a><a href=\"https:\/\/www.mvhs.de\/\">, <\/a><a href=\"https:\/\/twitter.com\/stu4future_muc\">Students4Future M\u00fcnchen,<\/a><a href=\"https:\/\/twitter.com\/Parents4futureM\">Parents4Future M\u00fcnchen<\/a><a href=\"https:\/\/www.mvhs.de\/\">, <\/a><a href=\"http:\/\/bn-muenchen.de\/\">Bund Naturschutz in Bayern e.V. Kreisgruppe M\u00fcnchen<\/a><a href=\"https:\/\/www.mvhs.de\/\">, <\/a><a href=\"http:\/\/forum-csr.net\/\">forum Nachhaltig Wirtschaften<\/a><a href=\"https:\/\/www.mvhs.de\/\">, <\/a><a href=\"https:\/\/www.greencity.de\/verein\/\">Greencity \u2013 der Verein<\/a><a href=\"https:\/\/www.mvhs.de\/\">, <\/a><a href=\"https:\/\/www.m-i-n.net\/\">M\u00fcnchner Initiative Nachhaltigkeit,<\/a><a href=\"https:\/\/twitter.com\/Kohleausstieg_M\">Raus-aus-der-Steinkohle M\u00fcnchen<\/a><a href=\"https:\/\/www.mvhs.de\/\">, <\/a><a href=\"https:\/\/fossilfreemunich.wixsite.com\/home\">Fossil Free M\u00fcnchen<\/a><a href=\"https:\/\/www.mvhs.de\/\">, <\/a><a href=\"https:\/\/muenchen.scientists4future.org\/\">Scientists4Future M\u00fcnchen<\/a><a href=\"https:\/\/www.mvhs.de\/\">, <\/a><a href=\"https:\/\/www.greencity.de\/\">Greencity M\u00fcnchen e.V.<\/a><a href=\"https:\/\/www.mvhs.de\/\">, oekom e.V., <\/a><a href=\"https:\/\/www.google.com\/url?sa=t&amp;rct=j&amp;q=&amp;esrc=s&amp;source=web&amp;cd=&amp;cad=rja&amp;uact=8&amp;ved=2ahUKEwjqx_6r6_nzAhX3_rsIHYs5AYIQFnoECAQQAQ&amp;url=https%3A%2F%2Fwww.raus-aus-der-steinkohle.de%2Fwer-macht-mit%2F&amp;usg=AOvVaw3EF0W38zwWPTRrBslQu3WM\">Netzwerk Saubere Energie<\/a><\/p>\n\n\n\n<div style=\"height:30px\" aria-hidden=\"true\" class=\"wp-block-spacer\"><\/div>\n\n\n\n<p><\/p>\n","protected":false},"excerpt":{"rendered":"<p>Ulrich Grober (Publizist und Journalist)<\/p>\n","protected":false},"author":4,"featured_media":21890,"comment_status":"closed","ping_status":"closed","sticky":false,"template":"","format":"standard","meta":{"footnotes":""},"categories":[1509,1545],"tags":[],"class_list":["post-31542","post","type-post","status-publish","format-standard","has-post-thumbnail","hentry","category-event-archive","category-gesellschaft-wirtschaft-politik-2-en"],"yoast_head":"<!-- This site is optimized with the Yoast SEO plugin v27.5 - https:\/\/yoast.com\/product\/yoast-seo-wordpress\/ -->\n<title>&quot;Die Entdeckung der Nachhaltigkeit: uralt und hochaktuell!&quot; - Protect the Planet<\/title>\n<meta name=\"description\" content=\"Hybrid-Vortrag: Ulrich Grober: \u201eDie Entdeckung der Nachhaltigkeit: uralt und hochaktuell!&quot;\" \/>\n<meta name=\"robots\" content=\"index, follow, max-snippet:-1, max-image-preview:large, max-video-preview:-1\" \/>\n<link rel=\"canonical\" href=\"https:\/\/www.protect-the-planet.de\/en\/2022-06-02-grober-entdeckung-der-nachhaltigkeit\/\" \/>\n<meta property=\"og:locale\" content=\"en_US\" \/>\n<meta property=\"og:type\" content=\"article\" \/>\n<meta property=\"og:title\" content=\"&quot;Die Entdeckung der Nachhaltigkeit: uralt und hochaktuell!&quot; - Protect the Planet\" \/>\n<meta property=\"og:description\" content=\"Hybrid-Vortrag: Ulrich Grober: \u201eDie Entdeckung der Nachhaltigkeit: uralt und hochaktuell!&quot;\" \/>\n<meta property=\"og:url\" content=\"https:\/\/www.protect-the-planet.de\/en\/2022-06-02-grober-entdeckung-der-nachhaltigkeit\/\" \/>\n<meta property=\"og:site_name\" content=\"Protect the Planet\" \/>\n<meta property=\"article:publisher\" content=\"https:\/\/www.facebook.com\/protecttheplanetDE\/\" \/>\n<meta property=\"article:published_time\" content=\"2022-06-02T10:50:00+00:00\" \/>\n<meta property=\"article:modified_time\" content=\"2025-07-09T10:57:20+00:00\" \/>\n<meta property=\"og:image\" content=\"https:\/\/www.protect-the-planet.de\/wp-content\/uploads\/2022\/04\/homepage-facebook-linked-4-1024x576.png\" \/>\n\t<meta property=\"og:image:width\" content=\"1024\" \/>\n\t<meta property=\"og:image:height\" content=\"576\" \/>\n\t<meta property=\"og:image:type\" content=\"image\/png\" \/>\n<meta name=\"author\" content=\"Jana H\u00e4fner\" \/>\n<meta name=\"twitter:card\" content=\"summary_large_image\" \/>\n<meta name=\"twitter:creator\" content=\"@PtP_de\" \/>\n<meta name=\"twitter:site\" content=\"@PtP_de\" \/>\n<meta name=\"twitter:label1\" content=\"Written by\" \/>\n\t<meta name=\"twitter:data1\" content=\"Jana H\u00e4fner\" \/>\n\t<meta name=\"twitter:label2\" content=\"Est. reading time\" \/>\n\t<meta name=\"twitter:data2\" content=\"2 minutes\" \/>\n<script type=\"application\/ld+json\" class=\"yoast-schema-graph\">{\"@context\":\"https:\\\/\\\/schema.org\",\"@graph\":[{\"@type\":\"Article\",\"@id\":\"https:\\\/\\\/www.protect-the-planet.de\\\/en\\\/2022-06-02-grober-entdeckung-der-nachhaltigkeit\\\/#article\",\"isPartOf\":{\"@id\":\"https:\\\/\\\/www.protect-the-planet.de\\\/en\\\/2022-06-02-grober-entdeckung-der-nachhaltigkeit\\\/\"},\"author\":{\"name\":\"Jana H\u00e4fner\",\"@id\":\"https:\\\/\\\/www.protect-the-planet.de\\\/en\\\/#\\\/schema\\\/person\\\/94315f5fbca131d26764146a638b8fc6\"},\"headline\":\"&#8220;Die Entdeckung der Nachhaltigkeit: uralt und hochaktuell!&#8221;\",\"datePublished\":\"2022-06-02T10:50:00+00:00\",\"dateModified\":\"2025-07-09T10:57:20+00:00\",\"mainEntityOfPage\":{\"@id\":\"https:\\\/\\\/www.protect-the-planet.de\\\/en\\\/2022-06-02-grober-entdeckung-der-nachhaltigkeit\\\/\"},\"wordCount\":344,\"publisher\":{\"@id\":\"https:\\\/\\\/www.protect-the-planet.de\\\/en\\\/#organization\"},\"image\":{\"@id\":\"https:\\\/\\\/www.protect-the-planet.de\\\/en\\\/2022-06-02-grober-entdeckung-der-nachhaltigkeit\\\/#primaryimage\"},\"thumbnailUrl\":\"https:\\\/\\\/www.protect-the-planet.de\\\/wp-content\\\/uploads\\\/2022\\\/04\\\/homepage-facebook-linked-4.png\",\"articleSection\":[\"Event archive\",\"Gesellschaft, Wirtschaft, Politik\"],\"inLanguage\":\"en-US\"},{\"@type\":\"WebPage\",\"@id\":\"https:\\\/\\\/www.protect-the-planet.de\\\/en\\\/2022-06-02-grober-entdeckung-der-nachhaltigkeit\\\/\",\"url\":\"https:\\\/\\\/www.protect-the-planet.de\\\/en\\\/2022-06-02-grober-entdeckung-der-nachhaltigkeit\\\/\",\"name\":\"\\\"Die Entdeckung der Nachhaltigkeit: uralt und hochaktuell!\\\" - Protect the Planet\",\"isPartOf\":{\"@id\":\"https:\\\/\\\/www.protect-the-planet.de\\\/en\\\/#website\"},\"primaryImageOfPage\":{\"@id\":\"https:\\\/\\\/www.protect-the-planet.de\\\/en\\\/2022-06-02-grober-entdeckung-der-nachhaltigkeit\\\/#primaryimage\"},\"image\":{\"@id\":\"https:\\\/\\\/www.protect-the-planet.de\\\/en\\\/2022-06-02-grober-entdeckung-der-nachhaltigkeit\\\/#primaryimage\"},\"thumbnailUrl\":\"https:\\\/\\\/www.protect-the-planet.de\\\/wp-content\\\/uploads\\\/2022\\\/04\\\/homepage-facebook-linked-4.png\",\"datePublished\":\"2022-06-02T10:50:00+00:00\",\"dateModified\":\"2025-07-09T10:57:20+00:00\",\"description\":\"Hybrid-Vortrag: Ulrich Grober: \u201eDie Entdeckung der Nachhaltigkeit: uralt und hochaktuell!\\\"\",\"breadcrumb\":{\"@id\":\"https:\\\/\\\/www.protect-the-planet.de\\\/en\\\/2022-06-02-grober-entdeckung-der-nachhaltigkeit\\\/#breadcrumb\"},\"inLanguage\":\"en-US\",\"potentialAction\":[{\"@type\":\"ReadAction\",\"target\":[\"https:\\\/\\\/www.protect-the-planet.de\\\/en\\\/2022-06-02-grober-entdeckung-der-nachhaltigkeit\\\/\"]}]},{\"@type\":\"ImageObject\",\"inLanguage\":\"en-US\",\"@id\":\"https:\\\/\\\/www.protect-the-planet.de\\\/en\\\/2022-06-02-grober-entdeckung-der-nachhaltigkeit\\\/#primaryimage\",\"url\":\"https:\\\/\\\/www.protect-the-planet.de\\\/wp-content\\\/uploads\\\/2022\\\/04\\\/homepage-facebook-linked-4.png\",\"contentUrl\":\"https:\\\/\\\/www.protect-the-planet.de\\\/wp-content\\\/uploads\\\/2022\\\/04\\\/homepage-facebook-linked-4.png\",\"width\":1920,\"height\":1080,\"caption\":\"22\\\/06\\\/02 Vortrag Entdeckung der Nachhaltigkeit\"},{\"@type\":\"BreadcrumbList\",\"@id\":\"https:\\\/\\\/www.protect-the-planet.de\\\/en\\\/2022-06-02-grober-entdeckung-der-nachhaltigkeit\\\/#breadcrumb\",\"itemListElement\":[{\"@type\":\"ListItem\",\"position\":1,\"name\":\"Startseite\",\"item\":\"https:\\\/\\\/www.protect-the-planet.de\\\/en\\\/home\\\/\"},{\"@type\":\"ListItem\",\"position\":2,\"name\":\"&#8222;Die Entdeckung der Nachhaltigkeit: uralt und hochaktuell!&#8220;\"}]},{\"@type\":\"WebSite\",\"@id\":\"https:\\\/\\\/www.protect-the-planet.de\\\/en\\\/#website\",\"url\":\"https:\\\/\\\/www.protect-the-planet.de\\\/en\\\/\",\"name\":\"Protect the Planet\",\"description\":\"If we don&#039;t change, the climate will.\",\"publisher\":{\"@id\":\"https:\\\/\\\/www.protect-the-planet.de\\\/en\\\/#organization\"},\"alternateName\":\"Protect the Panet gGmbH\",\"potentialAction\":[{\"@type\":\"SearchAction\",\"target\":{\"@type\":\"EntryPoint\",\"urlTemplate\":\"https:\\\/\\\/www.protect-the-planet.de\\\/en\\\/?s={search_term_string}\"},\"query-input\":{\"@type\":\"PropertyValueSpecification\",\"valueRequired\":true,\"valueName\":\"search_term_string\"}}],\"inLanguage\":\"en-US\"},{\"@type\":\"Organization\",\"@id\":\"https:\\\/\\\/www.protect-the-planet.de\\\/en\\\/#organization\",\"name\":\"Protect the Planet\",\"url\":\"https:\\\/\\\/www.protect-the-planet.de\\\/en\\\/\",\"logo\":{\"@type\":\"ImageObject\",\"inLanguage\":\"en-US\",\"@id\":\"https:\\\/\\\/www.protect-the-planet.de\\\/en\\\/#\\\/schema\\\/logo\\\/image\\\/\",\"url\":\"https:\\\/\\\/www.protect-the-planet.de\\\/wp-content\\\/uploads\\\/2023\\\/09\\\/LOGO-positiv_transparent-klein.png\",\"contentUrl\":\"https:\\\/\\\/www.protect-the-planet.de\\\/wp-content\\\/uploads\\\/2023\\\/09\\\/LOGO-positiv_transparent-klein.png\",\"width\":123,\"height\":68,\"caption\":\"Protect the Planet\"},\"image\":{\"@id\":\"https:\\\/\\\/www.protect-the-planet.de\\\/en\\\/#\\\/schema\\\/logo\\\/image\\\/\"},\"sameAs\":[\"https:\\\/\\\/www.facebook.com\\\/protecttheplanetDE\\\/\",\"https:\\\/\\\/x.com\\\/PtP_de\",\"https:\\\/\\\/www.instagram.com\\\/protecttheplanetorg\\\/\",\"https:\\\/\\\/www.linkedin.com\\\/company\\\/protect-the-planet\",\"https:\\\/\\\/www.youtube.com\\\/@protecttheplanet\"]},{\"@type\":\"Person\",\"@id\":\"https:\\\/\\\/www.protect-the-planet.de\\\/en\\\/#\\\/schema\\\/person\\\/94315f5fbca131d26764146a638b8fc6\",\"name\":\"Jana H\u00e4fner\",\"image\":{\"@type\":\"ImageObject\",\"inLanguage\":\"en-US\",\"@id\":\"https:\\\/\\\/www.protect-the-planet.de\\\/wp-content\\\/uploads\\\/2024\\\/04\\\/cropped-2310_ProtectThePlanet_206-96x96.jpg\",\"url\":\"https:\\\/\\\/www.protect-the-planet.de\\\/wp-content\\\/uploads\\\/2024\\\/04\\\/cropped-2310_ProtectThePlanet_206-96x96.jpg\",\"contentUrl\":\"https:\\\/\\\/www.protect-the-planet.de\\\/wp-content\\\/uploads\\\/2024\\\/04\\\/cropped-2310_ProtectThePlanet_206-96x96.jpg\",\"caption\":\"Jana H\u00e4fner\"},\"description\":\"jana.haefner@protect-the-planet.de +49 152 53089270\",\"url\":\"https:\\\/\\\/www.protect-the-planet.de\\\/en\\\/author\\\/jana-haefner\\\/\"}]}<\/script>\n<!-- \/ Yoast SEO plugin. -->","yoast_head_json":{"title":"\"Die Entdeckung der Nachhaltigkeit: uralt und hochaktuell!\" - Protect the Planet","description":"Hybrid-Vortrag: Ulrich Grober: \u201eDie Entdeckung der Nachhaltigkeit: uralt und hochaktuell!\"","robots":{"index":"index","follow":"follow","max-snippet":"max-snippet:-1","max-image-preview":"max-image-preview:large","max-video-preview":"max-video-preview:-1"},"canonical":"https:\/\/www.protect-the-planet.de\/en\/2022-06-02-grober-entdeckung-der-nachhaltigkeit\/","og_locale":"en_US","og_type":"article","og_title":"\"Die Entdeckung der Nachhaltigkeit: uralt und hochaktuell!\" - Protect the Planet","og_description":"Hybrid-Vortrag: Ulrich Grober: \u201eDie Entdeckung der Nachhaltigkeit: uralt und hochaktuell!\"","og_url":"https:\/\/www.protect-the-planet.de\/en\/2022-06-02-grober-entdeckung-der-nachhaltigkeit\/","og_site_name":"Protect the Planet","article_publisher":"https:\/\/www.facebook.com\/protecttheplanetDE\/","article_published_time":"2022-06-02T10:50:00+00:00","article_modified_time":"2025-07-09T10:57:20+00:00","og_image":[{"width":1024,"height":576,"url":"https:\/\/www.protect-the-planet.de\/wp-content\/uploads\/2022\/04\/homepage-facebook-linked-4-1024x576.png","type":"image\/png"}],"author":"Jana H\u00e4fner","twitter_card":"summary_large_image","twitter_creator":"@PtP_de","twitter_site":"@PtP_de","twitter_misc":{"Written by":"Jana H\u00e4fner","Est. reading time":"2 minutes"},"schema":{"@context":"https:\/\/schema.org","@graph":[{"@type":"Article","@id":"https:\/\/www.protect-the-planet.de\/en\/2022-06-02-grober-entdeckung-der-nachhaltigkeit\/#article","isPartOf":{"@id":"https:\/\/www.protect-the-planet.de\/en\/2022-06-02-grober-entdeckung-der-nachhaltigkeit\/"},"author":{"name":"Jana H\u00e4fner","@id":"https:\/\/www.protect-the-planet.de\/en\/#\/schema\/person\/94315f5fbca131d26764146a638b8fc6"},"headline":"&#8220;Die Entdeckung der Nachhaltigkeit: uralt und hochaktuell!&#8221;","datePublished":"2022-06-02T10:50:00+00:00","dateModified":"2025-07-09T10:57:20+00:00","mainEntityOfPage":{"@id":"https:\/\/www.protect-the-planet.de\/en\/2022-06-02-grober-entdeckung-der-nachhaltigkeit\/"},"wordCount":344,"publisher":{"@id":"https:\/\/www.protect-the-planet.de\/en\/#organization"},"image":{"@id":"https:\/\/www.protect-the-planet.de\/en\/2022-06-02-grober-entdeckung-der-nachhaltigkeit\/#primaryimage"},"thumbnailUrl":"https:\/\/www.protect-the-planet.de\/wp-content\/uploads\/2022\/04\/homepage-facebook-linked-4.png","articleSection":["Event archive","Gesellschaft, Wirtschaft, Politik"],"inLanguage":"en-US"},{"@type":"WebPage","@id":"https:\/\/www.protect-the-planet.de\/en\/2022-06-02-grober-entdeckung-der-nachhaltigkeit\/","url":"https:\/\/www.protect-the-planet.de\/en\/2022-06-02-grober-entdeckung-der-nachhaltigkeit\/","name":"\"Die Entdeckung der Nachhaltigkeit: uralt und hochaktuell!\" - Protect the Planet","isPartOf":{"@id":"https:\/\/www.protect-the-planet.de\/en\/#website"},"primaryImageOfPage":{"@id":"https:\/\/www.protect-the-planet.de\/en\/2022-06-02-grober-entdeckung-der-nachhaltigkeit\/#primaryimage"},"image":{"@id":"https:\/\/www.protect-the-planet.de\/en\/2022-06-02-grober-entdeckung-der-nachhaltigkeit\/#primaryimage"},"thumbnailUrl":"https:\/\/www.protect-the-planet.de\/wp-content\/uploads\/2022\/04\/homepage-facebook-linked-4.png","datePublished":"2022-06-02T10:50:00+00:00","dateModified":"2025-07-09T10:57:20+00:00","description":"Hybrid-Vortrag: Ulrich Grober: \u201eDie Entdeckung der Nachhaltigkeit: uralt und hochaktuell!\"","breadcrumb":{"@id":"https:\/\/www.protect-the-planet.de\/en\/2022-06-02-grober-entdeckung-der-nachhaltigkeit\/#breadcrumb"},"inLanguage":"en-US","potentialAction":[{"@type":"ReadAction","target":["https:\/\/www.protect-the-planet.de\/en\/2022-06-02-grober-entdeckung-der-nachhaltigkeit\/"]}]},{"@type":"ImageObject","inLanguage":"en-US","@id":"https:\/\/www.protect-the-planet.de\/en\/2022-06-02-grober-entdeckung-der-nachhaltigkeit\/#primaryimage","url":"https:\/\/www.protect-the-planet.de\/wp-content\/uploads\/2022\/04\/homepage-facebook-linked-4.png","contentUrl":"https:\/\/www.protect-the-planet.de\/wp-content\/uploads\/2022\/04\/homepage-facebook-linked-4.png","width":1920,"height":1080,"caption":"22\/06\/02 Vortrag Entdeckung der Nachhaltigkeit"},{"@type":"BreadcrumbList","@id":"https:\/\/www.protect-the-planet.de\/en\/2022-06-02-grober-entdeckung-der-nachhaltigkeit\/#breadcrumb","itemListElement":[{"@type":"ListItem","position":1,"name":"Startseite","item":"https:\/\/www.protect-the-planet.de\/en\/home\/"},{"@type":"ListItem","position":2,"name":"&#8222;Die Entdeckung der Nachhaltigkeit: uralt und hochaktuell!&#8220;"}]},{"@type":"WebSite","@id":"https:\/\/www.protect-the-planet.de\/en\/#website","url":"https:\/\/www.protect-the-planet.de\/en\/","name":"Protect the Planet","description":"If we don&#039;t change, the climate will.","publisher":{"@id":"https:\/\/www.protect-the-planet.de\/en\/#organization"},"alternateName":"Protect the Panet gGmbH","potentialAction":[{"@type":"SearchAction","target":{"@type":"EntryPoint","urlTemplate":"https:\/\/www.protect-the-planet.de\/en\/?s={search_term_string}"},"query-input":{"@type":"PropertyValueSpecification","valueRequired":true,"valueName":"search_term_string"}}],"inLanguage":"en-US"},{"@type":"Organization","@id":"https:\/\/www.protect-the-planet.de\/en\/#organization","name":"Protect the Planet","url":"https:\/\/www.protect-the-planet.de\/en\/","logo":{"@type":"ImageObject","inLanguage":"en-US","@id":"https:\/\/www.protect-the-planet.de\/en\/#\/schema\/logo\/image\/","url":"https:\/\/www.protect-the-planet.de\/wp-content\/uploads\/2023\/09\/LOGO-positiv_transparent-klein.png","contentUrl":"https:\/\/www.protect-the-planet.de\/wp-content\/uploads\/2023\/09\/LOGO-positiv_transparent-klein.png","width":123,"height":68,"caption":"Protect the Planet"},"image":{"@id":"https:\/\/www.protect-the-planet.de\/en\/#\/schema\/logo\/image\/"},"sameAs":["https:\/\/www.facebook.com\/protecttheplanetDE\/","https:\/\/x.com\/PtP_de","https:\/\/www.instagram.com\/protecttheplanetorg\/","https:\/\/www.linkedin.com\/company\/protect-the-planet","https:\/\/www.youtube.com\/@protecttheplanet"]},{"@type":"Person","@id":"https:\/\/www.protect-the-planet.de\/en\/#\/schema\/person\/94315f5fbca131d26764146a638b8fc6","name":"Jana H\u00e4fner","image":{"@type":"ImageObject","inLanguage":"en-US","@id":"https:\/\/www.protect-the-planet.de\/wp-content\/uploads\/2024\/04\/cropped-2310_ProtectThePlanet_206-96x96.jpg","url":"https:\/\/www.protect-the-planet.de\/wp-content\/uploads\/2024\/04\/cropped-2310_ProtectThePlanet_206-96x96.jpg","contentUrl":"https:\/\/www.protect-the-planet.de\/wp-content\/uploads\/2024\/04\/cropped-2310_ProtectThePlanet_206-96x96.jpg","caption":"Jana H\u00e4fner"},"description":"jana.haefner@protect-the-planet.de +49 152 53089270","url":"https:\/\/www.protect-the-planet.de\/en\/author\/jana-haefner\/"}]}},"_links":{"self":[{"href":"https:\/\/www.protect-the-planet.de\/en\/wp-json\/wp\/v2\/posts\/31542","targetHints":{"allow":["GET"]}}],"collection":[{"href":"https:\/\/www.protect-the-planet.de\/en\/wp-json\/wp\/v2\/posts"}],"about":[{"href":"https:\/\/www.protect-the-planet.de\/en\/wp-json\/wp\/v2\/types\/post"}],"author":[{"embeddable":true,"href":"https:\/\/www.protect-the-planet.de\/en\/wp-json\/wp\/v2\/users\/4"}],"replies":[{"embeddable":true,"href":"https:\/\/www.protect-the-planet.de\/en\/wp-json\/wp\/v2\/comments?post=31542"}],"version-history":[{"count":1,"href":"https:\/\/www.protect-the-planet.de\/en\/wp-json\/wp\/v2\/posts\/31542\/revisions"}],"predecessor-version":[{"id":31543,"href":"https:\/\/www.protect-the-planet.de\/en\/wp-json\/wp\/v2\/posts\/31542\/revisions\/31543"}],"wp:featuredmedia":[{"embeddable":true,"href":"https:\/\/www.protect-the-planet.de\/en\/wp-json\/wp\/v2\/media\/21890"}],"wp:attachment":[{"href":"https:\/\/www.protect-the-planet.de\/en\/wp-json\/wp\/v2\/media?parent=31542"}],"wp:term":[{"taxonomy":"category","embeddable":true,"href":"https:\/\/www.protect-the-planet.de\/en\/wp-json\/wp\/v2\/categories?post=31542"},{"taxonomy":"post_tag","embeddable":true,"href":"https:\/\/www.protect-the-planet.de\/en\/wp-json\/wp\/v2\/tags?post=31542"}],"curies":[{"name":"wp","href":"https:\/\/api.w.org\/{rel}","templated":true}]}}