{"id":31470,"date":"2022-10-27T14:52:00","date_gmt":"2022-10-27T12:52:00","guid":{"rendered":"https:\/\/www.protect-the-planet.de\/2022-10-27-soerensen-kiezblocks\/"},"modified":"2025-07-07T15:02:04","modified_gmt":"2025-07-07T13:02:04","slug":"2022-10-27-soerensen-kiezblocks","status":"publish","type":"post","link":"https:\/\/www.protect-the-planet.de\/en\/2022-10-27-soerensen-kiezblocks\/","title":{"rendered":"\u201e&#8217;Klima&#8217; geht nur mit B\u00fcrger:innen: &#8216;Kiezblocks&#8217; als Baustein (nicht nur) der Verkehrswende&#8221;"},"content":{"rendered":"\n<p class=\"has-text-align-center\"><strong>In unserer Reihe &#8220;Klimastrategie M\u00fcnchen \/ Lebensraum Stadt&#8221;:<\/strong><\/p>\n\n\n\n<h2 class=\"wp-block-heading has-text-align-center\">Ragnhild S\u00f8rensen<\/h2>\n\n\n\n<p class=\"has-text-align-center\">Changing Cities e.V., Berlin Sprecherin<\/p>\n\n\n\n<div style=\"height:30px\" aria-hidden=\"true\" class=\"wp-block-spacer\"><\/div>\n\n\n\n<hr class=\"wp-block-separator has-alpha-channel-opacity\"\/>\n\n\n\n<div style=\"height:30px\" aria-hidden=\"true\" class=\"wp-block-spacer\"><\/div>\n\n\n\n<p class=\"has-text-align-center\"><a href=\"https:\/\/www.protect-the-planet.de\/wp-content\/uploads\/2023\/09\/Einladungstext-Klima_Buergerbeteiligung-2022_10_27.pdf\"><strong>Event-Info PDF | Dr. Helmut Paschlau<\/strong><\/a><\/p>\n\n\n\n <div class=\"brlbs-cmpnt-container brlbs-cmpnt-content-blocker brlbs-cmpnt-with-individual-styles\" data-borlabs-cookie-content-blocker-id=\"youtube-content-blocker\" data-borlabs-cookie-content=\"PGlmcmFtZSB3aWR0aD0iNTYwIiBoZWlnaHQ9IjMxNSIgc3JjPSJodHRwczovL3d3dy55b3V0dWJlLW5vY29va2llLmNvbS9lbWJlZC9rOTBGdjJsQVBxMD9zaT1zZ09PUE9FVElvXzVFU2VtIiB0aXRsZT0iWW91VHViZSB2aWRlbyBwbGF5ZXIiIGZyYW1lYm9yZGVyPSIwIiBhbGxvdz0iYWNjZWxlcm9tZXRlcjsgYXV0b3BsYXk7IGNsaXBib2FyZC13cml0ZTsgZW5jcnlwdGVkLW1lZGlhOyBneXJvc2NvcGU7IHBpY3R1cmUtaW4tcGljdHVyZTsgd2ViLXNoYXJlIiByZWZlcnJlcnBvbGljeT0ic3RyaWN0LW9yaWdpbi13aGVuLWNyb3NzLW9yaWdpbiIgYWxsb3dmdWxsc2NyZWVuPjwvaWZyYW1lPg==\"><div class=\"brlbs-cmpnt-cb-preset-c brlbs-cmpnt-cb-youtube\"> <div class=\"brlbs-cmpnt-cb-thumbnail\" style=\"background-image: url('https:\/\/www.protect-the-planet.de\/wp-content\/uploads\/borlabs-cookie\/1\/yt_k90Fv2lAPq0_hqdefault.jpg')\"><\/div> <div class=\"brlbs-cmpnt-cb-main\"> <div class=\"brlbs-cmpnt-cb-play-button\"><\/div> <div class=\"brlbs-cmpnt-cb-content\"> <p class=\"brlbs-cmpnt-cb-description\">You are currently viewing a placeholder content from <strong>YouTube<\/strong>. To access the actual content, click the button below. Please note that doing so will share data with third-party providers.<\/p> <a class=\"brlbs-cmpnt-cb-provider-toggle\" href=\"#\" data-borlabs-cookie-show-provider-information role=\"button\">More Information<\/a> <\/div> <div class=\"brlbs-cmpnt-cb-buttons\"> <a class=\"brlbs-cmpnt-cb-btn\" href=\"#\" data-borlabs-cookie-unblock role=\"button\">Unblock content<\/a> <a class=\"brlbs-cmpnt-cb-btn\" href=\"#\" data-borlabs-cookie-accept-service role=\"button\" style=\"display: inherit\">Accept required service and unblock content<\/a> <\/div> <\/div> <\/div><\/div>\n\n\n\n<p class=\"has-text-align-center\"><br><strong><a href=\"https:\/\/www.protect-the-planet.de\/wp-content\/uploads\/2023\/09\/2022_10_27-Ragnhild-Soerensen-changing-cities.pdf\">Vortragsfolien PDF | Ragnhild S\u00f8rensen<\/a><\/strong><\/p>\n\n\n\n<div style=\"height:30px\" aria-hidden=\"true\" class=\"wp-block-spacer\"><\/div>\n\n\n\n<p>In langen Sitzungen im Rathaus wird \u00fcber das \u201eKlima\u201c verhandelt \u2013 von den Beschl\u00fcssen erfahren die M\u00fcnchner:innen meist wenig. \u201eCool City\u201c hie\u00df die Mitmach-Kampagne der Stadt \u2013 die niemand kannte. Zu wenig Gedanken machen die Verantwortlichen sich, wie die Menschen informiert, aktiviert, beteiligt werden m\u00fcssen \u2013 bevor Entscheidungen getroffen werden.<\/p>\n\n\n\n<p>Dass es besser gehen kann, zeigen Erfahrungen aus anderen St\u00e4dten, z.B. die \u201eEnergiewender\u201c der Stadt Ludwigsburg, die Beteiligungs-Kampagnen Wuppertals, die \u201eKlimawende\u201c-Aktivit\u00e4ten in K\u00f6ln. Und in Berlin bezieht der Verein \u201eChanging Cities\u201c die \u201eKiez\u201c-Anwohner aktiv ein, Bottom-up, f\u00fcr neue Verkehrskonzepte, sichere Schulwege f\u00fcr Kids, lebenswerte St\u00e4dte. Mittlerweile mit bundesweiter Ausstrahlung. Davon wird die Sprecherin von Changing Cities berichten, von den Aktivit\u00e4ten der inzwischen 63 Ini\u2018s allein in Berlin, von Hemmnissen und Erfolge. &#8211; Ein Vorbild f\u00fcr die M\u00fcnchner \u201eQuartierskonzepte\u201c?<br><\/p>\n\n\n\n<h3 class=\"wp-block-heading\"><strong>Zum Weiterlesen:<\/strong><\/h3>\n\n\n\n<ul class=\"wp-block-list\">\n<li><a href=\"https:\/\/www.ludwigsburg.de\/start\/stadt_buerger\/ sanierungsmanagement.html\">\u201eEnergiewender\u201c Ludwigsburg<\/a><\/li>\n\n\n\n<li><a href=\"https:\/\/www.wuppertal.de\/klimaschutz\/\">\u201eWupperwandel\u201c Wuppertal<\/a><\/li>\n\n\n\n<li><a href=\"https:\/\/klimawende.koeln\/\">\u201eKlimawende K\u00f6ln\u201c<\/a><\/li>\n\n\n\n<li><a href=\"https:\/\/changing-cities.org\/\">Berlin: Changing cities<\/a><\/li>\n<\/ul>\n\n\n\n<div style=\"height:30px\" aria-hidden=\"true\" class=\"wp-block-spacer\"><\/div>\n\n\n\n<hr class=\"wp-block-separator has-alpha-channel-opacity\"\/>\n\n\n\n<div style=\"height:30px\" aria-hidden=\"true\" class=\"wp-block-spacer\"><\/div>\n\n\n\n<p class=\"has-text-align-center\"><strong>Die Veranstalter<\/strong>:<\/p>\n\n\n\n<p class=\"has-text-align-center\"><a href=\"https:\/\/twitter.com\/ptp_de\/\">Protect the Planet<\/a> und Partnerorganisationen: <a href=\"https:\/\/twitter.com\/fff_muc\">Fridays for Future M\u00fcnchen<\/a><a href=\"https:\/\/www.mvhs.de\/\">, <\/a><a href=\"http:\/\/bn-muenchen.de\/\">Bund Naturschutz in Bayern e.V. Kreisgruppe M\u00fcnchen<\/a><a href=\"https:\/\/www.mvhs.de\/\">, <\/a><a href=\"http:\/\/forum-csr.net\/\">forum Nachhaltig Wirtschaften<\/a><a href=\"https:\/\/www.mvhs.de\/\">, <\/a><a href=\"https:\/\/www.greencity.de\/verein\/\">Greencity \u2013 der Verein<\/a><a href=\"https:\/\/www.mvhs.de\/\">, <\/a><a href=\"https:\/\/www.m-i-n.net\/\">M\u00fcnchner Initiative Nachhaltigkeit,<\/a><a href=\"https:\/\/twitter.com\/Kohleausstieg_M\"> Raus-aus-der-Steinkohle M\u00fcnchen<\/a><a href=\"https:\/\/www.mvhs.de\/\">, <\/a><a href=\"https:\/\/fossilfreemunich.wixsite.com\/home\">Fossil Free M\u00fcnchen<\/a><a href=\"https:\/\/www.mvhs.de\/\">, <\/a><a href=\"https:\/\/muenchen.scientists4future.org\/\">Scientists4Future M\u00fcnchen<\/a><a href=\"https:\/\/www.mvhs.de\/\">, <\/a><a href=\"https:\/\/oekom-verein.de\/\">oekom e.V.,<\/a> eine Veranstaltung im Rahmen des <a href=\"https:\/\/twitter.com\/klimaherbst\">M\u00fcnchner Klimaherbst 2022<\/a><\/p>\n\n\n\n<p><strong><br><\/strong><\/p>\n\n\n\n<div style=\"height:30px\" aria-hidden=\"true\" class=\"wp-block-spacer\"><\/div>\n\n\n\n<p><\/p>\n","protected":false},"excerpt":{"rendered":"<p>Ragnhild S\u00f8rensen (Changing Cities e.V., Berlin Sprecherin)<\/p>\n","protected":false},"author":4,"featured_media":21887,"comment_status":"closed","ping_status":"closed","sticky":false,"template":"","format":"standard","meta":{"footnotes":""},"categories":[1509,1545,1640,1637],"tags":[1641,855,710,887,702,703],"class_list":["post-31470","post","type-post","status-publish","format-standard","has-post-thumbnail","hentry","category-event-archive","category-gesellschaft-wirtschaft-politik-2-en","category-klimaherbst-en","category-muenchen-llokales-en","tag-kiezblock-en","tag-klimaherbst-en","tag-klimaschutz-en","tag-verkehrswende-en","tag-vortrag-en","tag-vortragsreihe-en"],"yoast_head":"<!-- This site is optimized with the Yoast SEO plugin v27.5 - https:\/\/yoast.com\/product\/yoast-seo-wordpress\/ -->\n<title>\u201e&#039;Klima&#039; geht nur mit B\u00fcrger:innen: &#039;Kiezblocks&#039; als Baustein (nicht nur) der Verkehrswende&quot; - Protect the Planet<\/title>\n<meta name=\"description\" content=\"Online-Vortrag: Ragnhild S\u00f8rensen: \u201e&#039;Klima&#039; geht nur mit B\u00fcrger*innen: &#039;Kiezblocks&#039; als Baustein (nicht nur) der Verkehrswende&quot;\" \/>\n<meta name=\"robots\" content=\"index, follow, max-snippet:-1, max-image-preview:large, max-video-preview:-1\" \/>\n<link rel=\"canonical\" href=\"https:\/\/www.protect-the-planet.de\/en\/2022-10-27-soerensen-kiezblocks\/\" \/>\n<meta property=\"og:locale\" content=\"en_US\" \/>\n<meta property=\"og:type\" content=\"article\" \/>\n<meta property=\"og:title\" content=\"\u201e&#039;Klima&#039; geht nur mit B\u00fcrger:innen: &#039;Kiezblocks&#039; als Baustein (nicht nur) der Verkehrswende&quot; - Protect the Planet\" \/>\n<meta property=\"og:description\" content=\"Online-Vortrag: Ragnhild S\u00f8rensen: \u201e&#039;Klima&#039; geht nur mit B\u00fcrger*innen: &#039;Kiezblocks&#039; als Baustein (nicht nur) der Verkehrswende&quot;\" \/>\n<meta property=\"og:url\" content=\"https:\/\/www.protect-the-planet.de\/en\/2022-10-27-soerensen-kiezblocks\/\" \/>\n<meta property=\"og:site_name\" content=\"Protect the Planet\" \/>\n<meta property=\"article:publisher\" content=\"https:\/\/www.facebook.com\/protecttheplanetDE\/\" \/>\n<meta property=\"article:published_time\" content=\"2022-10-27T12:52:00+00:00\" \/>\n<meta property=\"article:modified_time\" content=\"2025-07-07T13:02:04+00:00\" \/>\n<meta property=\"og:image\" content=\"https:\/\/www.protect-the-planet.de\/wp-content\/uploads\/2022\/10\/sorensen.png\" \/>\n\t<meta property=\"og:image:width\" content=\"1920\" \/>\n\t<meta property=\"og:image:height\" content=\"1080\" \/>\n\t<meta property=\"og:image:type\" content=\"image\/png\" \/>\n<meta name=\"author\" content=\"Jana H\u00e4fner\" \/>\n<meta name=\"twitter:card\" content=\"summary_large_image\" \/>\n<meta name=\"twitter:creator\" content=\"@PtP_de\" \/>\n<meta name=\"twitter:site\" content=\"@PtP_de\" \/>\n<meta name=\"twitter:label1\" content=\"Written by\" \/>\n\t<meta name=\"twitter:data1\" content=\"Jana H\u00e4fner\" \/>\n\t<meta name=\"twitter:label2\" content=\"Est. reading time\" \/>\n\t<meta name=\"twitter:data2\" content=\"2 minutes\" \/>\n<script type=\"application\/ld+json\" class=\"yoast-schema-graph\">{\"@context\":\"https:\\\/\\\/schema.org\",\"@graph\":[{\"@type\":\"Article\",\"@id\":\"https:\\\/\\\/www.protect-the-planet.de\\\/en\\\/2022-10-27-soerensen-kiezblocks\\\/#article\",\"isPartOf\":{\"@id\":\"https:\\\/\\\/www.protect-the-planet.de\\\/en\\\/2022-10-27-soerensen-kiezblocks\\\/\"},\"author\":{\"name\":\"Jana H\u00e4fner\",\"@id\":\"https:\\\/\\\/www.protect-the-planet.de\\\/en\\\/#\\\/schema\\\/person\\\/94315f5fbca131d26764146a638b8fc6\"},\"headline\":\"\u201e&#8217;Klima&#8217; geht nur mit B\u00fcrger:innen: &#8216;Kiezblocks&#8217; als Baustein (nicht nur) der Verkehrswende&#8221;\",\"datePublished\":\"2022-10-27T12:52:00+00:00\",\"dateModified\":\"2025-07-07T13:02:04+00:00\",\"mainEntityOfPage\":{\"@id\":\"https:\\\/\\\/www.protect-the-planet.de\\\/en\\\/2022-10-27-soerensen-kiezblocks\\\/\"},\"wordCount\":247,\"publisher\":{\"@id\":\"https:\\\/\\\/www.protect-the-planet.de\\\/en\\\/#organization\"},\"image\":{\"@id\":\"https:\\\/\\\/www.protect-the-planet.de\\\/en\\\/2022-10-27-soerensen-kiezblocks\\\/#primaryimage\"},\"thumbnailUrl\":\"https:\\\/\\\/www.protect-the-planet.de\\\/wp-content\\\/uploads\\\/2022\\\/10\\\/sorensen.png\",\"keywords\":[\"Kiezblock\",\"Klimaherbst\",\"Klimaschutz\",\"Verkehrswende\",\"Vortrag\",\"Vortragsreihe\"],\"articleSection\":[\"Event archive\",\"Gesellschaft, Wirtschaft, Politik\",\"Klimaherbst\",\"M\u00fcnchen &amp; Lokales\"],\"inLanguage\":\"en-US\"},{\"@type\":\"WebPage\",\"@id\":\"https:\\\/\\\/www.protect-the-planet.de\\\/en\\\/2022-10-27-soerensen-kiezblocks\\\/\",\"url\":\"https:\\\/\\\/www.protect-the-planet.de\\\/en\\\/2022-10-27-soerensen-kiezblocks\\\/\",\"name\":\"\u201e'Klima' geht nur mit B\u00fcrger:innen: 'Kiezblocks' als Baustein (nicht nur) der Verkehrswende\\\" - Protect the Planet\",\"isPartOf\":{\"@id\":\"https:\\\/\\\/www.protect-the-planet.de\\\/en\\\/#website\"},\"primaryImageOfPage\":{\"@id\":\"https:\\\/\\\/www.protect-the-planet.de\\\/en\\\/2022-10-27-soerensen-kiezblocks\\\/#primaryimage\"},\"image\":{\"@id\":\"https:\\\/\\\/www.protect-the-planet.de\\\/en\\\/2022-10-27-soerensen-kiezblocks\\\/#primaryimage\"},\"thumbnailUrl\":\"https:\\\/\\\/www.protect-the-planet.de\\\/wp-content\\\/uploads\\\/2022\\\/10\\\/sorensen.png\",\"datePublished\":\"2022-10-27T12:52:00+00:00\",\"dateModified\":\"2025-07-07T13:02:04+00:00\",\"description\":\"Online-Vortrag: Ragnhild S\u00f8rensen: \u201e'Klima' geht nur mit B\u00fcrger*innen: 'Kiezblocks' als Baustein (nicht nur) der Verkehrswende\\\"\",\"breadcrumb\":{\"@id\":\"https:\\\/\\\/www.protect-the-planet.de\\\/en\\\/2022-10-27-soerensen-kiezblocks\\\/#breadcrumb\"},\"inLanguage\":\"en-US\",\"potentialAction\":[{\"@type\":\"ReadAction\",\"target\":[\"https:\\\/\\\/www.protect-the-planet.de\\\/en\\\/2022-10-27-soerensen-kiezblocks\\\/\"]}]},{\"@type\":\"ImageObject\",\"inLanguage\":\"en-US\",\"@id\":\"https:\\\/\\\/www.protect-the-planet.de\\\/en\\\/2022-10-27-soerensen-kiezblocks\\\/#primaryimage\",\"url\":\"https:\\\/\\\/www.protect-the-planet.de\\\/wp-content\\\/uploads\\\/2022\\\/10\\\/sorensen.png\",\"contentUrl\":\"https:\\\/\\\/www.protect-the-planet.de\\\/wp-content\\\/uploads\\\/2022\\\/10\\\/sorensen.png\",\"width\":1920,\"height\":1080,\"caption\":\"22\\\/10\\\/27 Vortrag \\\"Klima\\\" geht nur mit B\u00fcrger*innen\"},{\"@type\":\"BreadcrumbList\",\"@id\":\"https:\\\/\\\/www.protect-the-planet.de\\\/en\\\/2022-10-27-soerensen-kiezblocks\\\/#breadcrumb\",\"itemListElement\":[{\"@type\":\"ListItem\",\"position\":1,\"name\":\"Startseite\",\"item\":\"https:\\\/\\\/www.protect-the-planet.de\\\/en\\\/home\\\/\"},{\"@type\":\"ListItem\",\"position\":2,\"name\":\"\u201e&#8217;Klima&#8216; geht nur mit B\u00fcrger:innen: &#8218;Kiezblocks&#8216; als Baustein (nicht nur) der Verkehrswende&#8220;\"}]},{\"@type\":\"WebSite\",\"@id\":\"https:\\\/\\\/www.protect-the-planet.de\\\/en\\\/#website\",\"url\":\"https:\\\/\\\/www.protect-the-planet.de\\\/en\\\/\",\"name\":\"Protect the Planet\",\"description\":\"If we don&#039;t change, the climate will.\",\"publisher\":{\"@id\":\"https:\\\/\\\/www.protect-the-planet.de\\\/en\\\/#organization\"},\"alternateName\":\"Protect the Panet gGmbH\",\"potentialAction\":[{\"@type\":\"SearchAction\",\"target\":{\"@type\":\"EntryPoint\",\"urlTemplate\":\"https:\\\/\\\/www.protect-the-planet.de\\\/en\\\/?s={search_term_string}\"},\"query-input\":{\"@type\":\"PropertyValueSpecification\",\"valueRequired\":true,\"valueName\":\"search_term_string\"}}],\"inLanguage\":\"en-US\"},{\"@type\":\"Organization\",\"@id\":\"https:\\\/\\\/www.protect-the-planet.de\\\/en\\\/#organization\",\"name\":\"Protect the Planet\",\"url\":\"https:\\\/\\\/www.protect-the-planet.de\\\/en\\\/\",\"logo\":{\"@type\":\"ImageObject\",\"inLanguage\":\"en-US\",\"@id\":\"https:\\\/\\\/www.protect-the-planet.de\\\/en\\\/#\\\/schema\\\/logo\\\/image\\\/\",\"url\":\"https:\\\/\\\/www.protect-the-planet.de\\\/wp-content\\\/uploads\\\/2023\\\/09\\\/LOGO-positiv_transparent-klein.png\",\"contentUrl\":\"https:\\\/\\\/www.protect-the-planet.de\\\/wp-content\\\/uploads\\\/2023\\\/09\\\/LOGO-positiv_transparent-klein.png\",\"width\":123,\"height\":68,\"caption\":\"Protect the Planet\"},\"image\":{\"@id\":\"https:\\\/\\\/www.protect-the-planet.de\\\/en\\\/#\\\/schema\\\/logo\\\/image\\\/\"},\"sameAs\":[\"https:\\\/\\\/www.facebook.com\\\/protecttheplanetDE\\\/\",\"https:\\\/\\\/x.com\\\/PtP_de\",\"https:\\\/\\\/www.instagram.com\\\/protecttheplanetorg\\\/\",\"https:\\\/\\\/www.linkedin.com\\\/company\\\/protect-the-planet\",\"https:\\\/\\\/www.youtube.com\\\/@protecttheplanet\"]},{\"@type\":\"Person\",\"@id\":\"https:\\\/\\\/www.protect-the-planet.de\\\/en\\\/#\\\/schema\\\/person\\\/94315f5fbca131d26764146a638b8fc6\",\"name\":\"Jana H\u00e4fner\",\"image\":{\"@type\":\"ImageObject\",\"inLanguage\":\"en-US\",\"@id\":\"https:\\\/\\\/www.protect-the-planet.de\\\/wp-content\\\/uploads\\\/2024\\\/04\\\/cropped-2310_ProtectThePlanet_206-96x96.jpg\",\"url\":\"https:\\\/\\\/www.protect-the-planet.de\\\/wp-content\\\/uploads\\\/2024\\\/04\\\/cropped-2310_ProtectThePlanet_206-96x96.jpg\",\"contentUrl\":\"https:\\\/\\\/www.protect-the-planet.de\\\/wp-content\\\/uploads\\\/2024\\\/04\\\/cropped-2310_ProtectThePlanet_206-96x96.jpg\",\"caption\":\"Jana H\u00e4fner\"},\"description\":\"jana.haefner@protect-the-planet.de +49 152 53089270\",\"url\":\"https:\\\/\\\/www.protect-the-planet.de\\\/en\\\/author\\\/jana-haefner\\\/\"}]}<\/script>\n<!-- \/ Yoast SEO plugin. -->","yoast_head_json":{"title":"\u201e'Klima' geht nur mit B\u00fcrger:innen: 'Kiezblocks' als Baustein (nicht nur) der Verkehrswende\" - Protect the Planet","description":"Online-Vortrag: Ragnhild S\u00f8rensen: \u201e'Klima' geht nur mit B\u00fcrger*innen: 'Kiezblocks' als Baustein (nicht nur) der Verkehrswende\"","robots":{"index":"index","follow":"follow","max-snippet":"max-snippet:-1","max-image-preview":"max-image-preview:large","max-video-preview":"max-video-preview:-1"},"canonical":"https:\/\/www.protect-the-planet.de\/en\/2022-10-27-soerensen-kiezblocks\/","og_locale":"en_US","og_type":"article","og_title":"\u201e'Klima' geht nur mit B\u00fcrger:innen: 'Kiezblocks' als Baustein (nicht nur) der Verkehrswende\" - Protect the Planet","og_description":"Online-Vortrag: Ragnhild S\u00f8rensen: \u201e'Klima' geht nur mit B\u00fcrger*innen: 'Kiezblocks' als Baustein (nicht nur) der Verkehrswende\"","og_url":"https:\/\/www.protect-the-planet.de\/en\/2022-10-27-soerensen-kiezblocks\/","og_site_name":"Protect the Planet","article_publisher":"https:\/\/www.facebook.com\/protecttheplanetDE\/","article_published_time":"2022-10-27T12:52:00+00:00","article_modified_time":"2025-07-07T13:02:04+00:00","og_image":[{"width":1920,"height":1080,"url":"https:\/\/www.protect-the-planet.de\/wp-content\/uploads\/2022\/10\/sorensen.png","type":"image\/png"}],"author":"Jana H\u00e4fner","twitter_card":"summary_large_image","twitter_creator":"@PtP_de","twitter_site":"@PtP_de","twitter_misc":{"Written by":"Jana H\u00e4fner","Est. reading time":"2 minutes"},"schema":{"@context":"https:\/\/schema.org","@graph":[{"@type":"Article","@id":"https:\/\/www.protect-the-planet.de\/en\/2022-10-27-soerensen-kiezblocks\/#article","isPartOf":{"@id":"https:\/\/www.protect-the-planet.de\/en\/2022-10-27-soerensen-kiezblocks\/"},"author":{"name":"Jana H\u00e4fner","@id":"https:\/\/www.protect-the-planet.de\/en\/#\/schema\/person\/94315f5fbca131d26764146a638b8fc6"},"headline":"\u201e&#8217;Klima&#8217; geht nur mit B\u00fcrger:innen: &#8216;Kiezblocks&#8217; als Baustein (nicht nur) der Verkehrswende&#8221;","datePublished":"2022-10-27T12:52:00+00:00","dateModified":"2025-07-07T13:02:04+00:00","mainEntityOfPage":{"@id":"https:\/\/www.protect-the-planet.de\/en\/2022-10-27-soerensen-kiezblocks\/"},"wordCount":247,"publisher":{"@id":"https:\/\/www.protect-the-planet.de\/en\/#organization"},"image":{"@id":"https:\/\/www.protect-the-planet.de\/en\/2022-10-27-soerensen-kiezblocks\/#primaryimage"},"thumbnailUrl":"https:\/\/www.protect-the-planet.de\/wp-content\/uploads\/2022\/10\/sorensen.png","keywords":["Kiezblock","Klimaherbst","Klimaschutz","Verkehrswende","Vortrag","Vortragsreihe"],"articleSection":["Event archive","Gesellschaft, Wirtschaft, Politik","Klimaherbst","M\u00fcnchen &amp; Lokales"],"inLanguage":"en-US"},{"@type":"WebPage","@id":"https:\/\/www.protect-the-planet.de\/en\/2022-10-27-soerensen-kiezblocks\/","url":"https:\/\/www.protect-the-planet.de\/en\/2022-10-27-soerensen-kiezblocks\/","name":"\u201e'Klima' geht nur mit B\u00fcrger:innen: 'Kiezblocks' als Baustein (nicht nur) der Verkehrswende\" - Protect the Planet","isPartOf":{"@id":"https:\/\/www.protect-the-planet.de\/en\/#website"},"primaryImageOfPage":{"@id":"https:\/\/www.protect-the-planet.de\/en\/2022-10-27-soerensen-kiezblocks\/#primaryimage"},"image":{"@id":"https:\/\/www.protect-the-planet.de\/en\/2022-10-27-soerensen-kiezblocks\/#primaryimage"},"thumbnailUrl":"https:\/\/www.protect-the-planet.de\/wp-content\/uploads\/2022\/10\/sorensen.png","datePublished":"2022-10-27T12:52:00+00:00","dateModified":"2025-07-07T13:02:04+00:00","description":"Online-Vortrag: Ragnhild S\u00f8rensen: \u201e'Klima' geht nur mit B\u00fcrger*innen: 'Kiezblocks' als Baustein (nicht nur) der Verkehrswende\"","breadcrumb":{"@id":"https:\/\/www.protect-the-planet.de\/en\/2022-10-27-soerensen-kiezblocks\/#breadcrumb"},"inLanguage":"en-US","potentialAction":[{"@type":"ReadAction","target":["https:\/\/www.protect-the-planet.de\/en\/2022-10-27-soerensen-kiezblocks\/"]}]},{"@type":"ImageObject","inLanguage":"en-US","@id":"https:\/\/www.protect-the-planet.de\/en\/2022-10-27-soerensen-kiezblocks\/#primaryimage","url":"https:\/\/www.protect-the-planet.de\/wp-content\/uploads\/2022\/10\/sorensen.png","contentUrl":"https:\/\/www.protect-the-planet.de\/wp-content\/uploads\/2022\/10\/sorensen.png","width":1920,"height":1080,"caption":"22\/10\/27 Vortrag \"Klima\" geht nur mit B\u00fcrger*innen"},{"@type":"BreadcrumbList","@id":"https:\/\/www.protect-the-planet.de\/en\/2022-10-27-soerensen-kiezblocks\/#breadcrumb","itemListElement":[{"@type":"ListItem","position":1,"name":"Startseite","item":"https:\/\/www.protect-the-planet.de\/en\/home\/"},{"@type":"ListItem","position":2,"name":"\u201e&#8217;Klima&#8216; geht nur mit B\u00fcrger:innen: &#8218;Kiezblocks&#8216; als Baustein (nicht nur) der Verkehrswende&#8220;"}]},{"@type":"WebSite","@id":"https:\/\/www.protect-the-planet.de\/en\/#website","url":"https:\/\/www.protect-the-planet.de\/en\/","name":"Protect the Planet","description":"If we don&#039;t change, the climate will.","publisher":{"@id":"https:\/\/www.protect-the-planet.de\/en\/#organization"},"alternateName":"Protect the Panet gGmbH","potentialAction":[{"@type":"SearchAction","target":{"@type":"EntryPoint","urlTemplate":"https:\/\/www.protect-the-planet.de\/en\/?s={search_term_string}"},"query-input":{"@type":"PropertyValueSpecification","valueRequired":true,"valueName":"search_term_string"}}],"inLanguage":"en-US"},{"@type":"Organization","@id":"https:\/\/www.protect-the-planet.de\/en\/#organization","name":"Protect the Planet","url":"https:\/\/www.protect-the-planet.de\/en\/","logo":{"@type":"ImageObject","inLanguage":"en-US","@id":"https:\/\/www.protect-the-planet.de\/en\/#\/schema\/logo\/image\/","url":"https:\/\/www.protect-the-planet.de\/wp-content\/uploads\/2023\/09\/LOGO-positiv_transparent-klein.png","contentUrl":"https:\/\/www.protect-the-planet.de\/wp-content\/uploads\/2023\/09\/LOGO-positiv_transparent-klein.png","width":123,"height":68,"caption":"Protect the Planet"},"image":{"@id":"https:\/\/www.protect-the-planet.de\/en\/#\/schema\/logo\/image\/"},"sameAs":["https:\/\/www.facebook.com\/protecttheplanetDE\/","https:\/\/x.com\/PtP_de","https:\/\/www.instagram.com\/protecttheplanetorg\/","https:\/\/www.linkedin.com\/company\/protect-the-planet","https:\/\/www.youtube.com\/@protecttheplanet"]},{"@type":"Person","@id":"https:\/\/www.protect-the-planet.de\/en\/#\/schema\/person\/94315f5fbca131d26764146a638b8fc6","name":"Jana H\u00e4fner","image":{"@type":"ImageObject","inLanguage":"en-US","@id":"https:\/\/www.protect-the-planet.de\/wp-content\/uploads\/2024\/04\/cropped-2310_ProtectThePlanet_206-96x96.jpg","url":"https:\/\/www.protect-the-planet.de\/wp-content\/uploads\/2024\/04\/cropped-2310_ProtectThePlanet_206-96x96.jpg","contentUrl":"https:\/\/www.protect-the-planet.de\/wp-content\/uploads\/2024\/04\/cropped-2310_ProtectThePlanet_206-96x96.jpg","caption":"Jana H\u00e4fner"},"description":"jana.haefner@protect-the-planet.de +49 152 53089270","url":"https:\/\/www.protect-the-planet.de\/en\/author\/jana-haefner\/"}]}},"_links":{"self":[{"href":"https:\/\/www.protect-the-planet.de\/en\/wp-json\/wp\/v2\/posts\/31470","targetHints":{"allow":["GET"]}}],"collection":[{"href":"https:\/\/www.protect-the-planet.de\/en\/wp-json\/wp\/v2\/posts"}],"about":[{"href":"https:\/\/www.protect-the-planet.de\/en\/wp-json\/wp\/v2\/types\/post"}],"author":[{"embeddable":true,"href":"https:\/\/www.protect-the-planet.de\/en\/wp-json\/wp\/v2\/users\/4"}],"replies":[{"embeddable":true,"href":"https:\/\/www.protect-the-planet.de\/en\/wp-json\/wp\/v2\/comments?post=31470"}],"version-history":[{"count":1,"href":"https:\/\/www.protect-the-planet.de\/en\/wp-json\/wp\/v2\/posts\/31470\/revisions"}],"predecessor-version":[{"id":31471,"href":"https:\/\/www.protect-the-planet.de\/en\/wp-json\/wp\/v2\/posts\/31470\/revisions\/31471"}],"wp:featuredmedia":[{"embeddable":true,"href":"https:\/\/www.protect-the-planet.de\/en\/wp-json\/wp\/v2\/media\/21887"}],"wp:attachment":[{"href":"https:\/\/www.protect-the-planet.de\/en\/wp-json\/wp\/v2\/media?parent=31470"}],"wp:term":[{"taxonomy":"category","embeddable":true,"href":"https:\/\/www.protect-the-planet.de\/en\/wp-json\/wp\/v2\/categories?post=31470"},{"taxonomy":"post_tag","embeddable":true,"href":"https:\/\/www.protect-the-planet.de\/en\/wp-json\/wp\/v2\/tags?post=31470"}],"curies":[{"name":"wp","href":"https:\/\/api.w.org\/{rel}","templated":true}]}}