{"id":31460,"date":"2022-11-24T14:39:00","date_gmt":"2022-11-24T13:39:00","guid":{"rendered":"https:\/\/www.protect-the-planet.de\/2022-11-24-sprinz-langfristige-klima-und-umweltpolitik\/"},"modified":"2025-07-07T14:50:29","modified_gmt":"2025-07-07T12:50:29","slug":"2022-11-24-sprinz-langfristige-klima-und-umweltpolitik","status":"publish","type":"post","link":"https:\/\/www.protect-the-planet.de\/en\/2022-11-24-sprinz-langfristige-klima-und-umweltpolitik\/","title":{"rendered":"\u201eLangfristige Klima- und Umweltpolitik \u2013 (wie) k\u00f6nnen Barrieren abgebaut werden?&#8221;"},"content":{"rendered":"\n<p class=\"has-text-align-center\"><strong>In unserer Reihe &#8220;Klimastrategie M\u00fcnchen&#8221;<\/strong><\/p>\n\n\n\n<h2 class=\"wp-block-heading has-text-align-center\">Prof. Detlef F. Sprinz, Ph.D.<\/h2>\n\n\n\n<p class=\"has-text-align-center\">Senior Scientist am PIK Potsdam-Institut f\u00fcr Klimafolgenforschung e.V.,<br>Professor an der Wirtschafts- und Sozialwissenschaftlichen Fakult\u00e4t der Universit\u00e4t Potsdam <\/p>\n\n\n\n<div style=\"height:30px\" aria-hidden=\"true\" class=\"wp-block-spacer\"><\/div>\n\n\n\n<hr class=\"wp-block-separator has-alpha-channel-opacity\"\/>\n\n\n\n<div style=\"height:30px\" aria-hidden=\"true\" class=\"wp-block-spacer\"><\/div>\n\n\n\n<p class=\"has-text-align-center\"><a href=\"https:\/\/www.protect-the-planet.de\/wp-content\/uploads\/2023\/09\/2022_11_24-Prof.-Detlef-F.-Sprinz-Langfristige-Klima-und-Umweltpolitik.pdf\"><strong>Event-Info PDF | Dr. Helmut Paschlau<\/strong><\/a><\/p>\n\n\n\n <div class=\"brlbs-cmpnt-container brlbs-cmpnt-content-blocker brlbs-cmpnt-with-individual-styles\" data-borlabs-cookie-content-blocker-id=\"youtube-content-blocker\" data-borlabs-cookie-content=\"PGlmcmFtZSB3aWR0aD0iNTYwIiBoZWlnaHQ9IjMxNSIgc3JjPSJodHRwczovL3d3dy55b3V0dWJlLW5vY29va2llLmNvbS9lbWJlZC9HS3Z5Y1JWUTRMbz9zaT0wbi01QzhpbFg0U0lXZ2huIiB0aXRsZT0iWW91VHViZSB2aWRlbyBwbGF5ZXIiIGZyYW1lYm9yZGVyPSIwIiBhbGxvdz0iYWNjZWxlcm9tZXRlcjsgYXV0b3BsYXk7IGNsaXBib2FyZC13cml0ZTsgZW5jcnlwdGVkLW1lZGlhOyBneXJvc2NvcGU7IHBpY3R1cmUtaW4tcGljdHVyZTsgd2ViLXNoYXJlIiByZWZlcnJlcnBvbGljeT0ic3RyaWN0LW9yaWdpbi13aGVuLWNyb3NzLW9yaWdpbiIgYWxsb3dmdWxsc2NyZWVuPjwvaWZyYW1lPg==\"><div class=\"brlbs-cmpnt-cb-preset-c brlbs-cmpnt-cb-youtube\"> <div class=\"brlbs-cmpnt-cb-thumbnail\" style=\"background-image: url('https:\/\/www.protect-the-planet.de\/wp-content\/uploads\/borlabs-cookie\/1\/yt_GKvycRVQ4Lo_hqdefault.jpg')\"><\/div> <div class=\"brlbs-cmpnt-cb-main\"> <div class=\"brlbs-cmpnt-cb-play-button\"><\/div> <div class=\"brlbs-cmpnt-cb-content\"> <p class=\"brlbs-cmpnt-cb-description\">You are currently viewing a placeholder content from <strong>YouTube<\/strong>. To access the actual content, click the button below. Please note that doing so will share data with third-party providers.<\/p> <a class=\"brlbs-cmpnt-cb-provider-toggle\" href=\"#\" data-borlabs-cookie-show-provider-information role=\"button\">More Information<\/a> <\/div> <div class=\"brlbs-cmpnt-cb-buttons\"> <a class=\"brlbs-cmpnt-cb-btn\" href=\"#\" data-borlabs-cookie-unblock role=\"button\">Unblock content<\/a> <a class=\"brlbs-cmpnt-cb-btn\" href=\"#\" data-borlabs-cookie-accept-service role=\"button\" style=\"display: inherit\">Accept required service and unblock content<\/a> <\/div> <\/div> <\/div><\/div>\n\n\n\n<p class=\"has-text-align-center\"><br><strong><a href=\"https:\/\/www.protect-the-planet.de\/wp-content\/uploads\/2023\/09\/2022_11_24-Sprinz-Langfristige-Klima-und-Umweltpolitik.pdf\">Vortragsfolien PDF | Prof. Detlef F. Sprinz<\/a><\/strong><\/p>\n\n\n\n<div style=\"height:30px\" aria-hidden=\"true\" class=\"wp-block-spacer\"><\/div>\n\n\n\n<p>Politiken z.B. zur Klimakrise und zum Schutz der Biodiversit\u00e4t, bis hin nicht zuletzt zur Erhaltung von W\u00e4ldern sollen langfristig gew\u00fcnschte Ergebnisse zeitigen. Aber warum ist es so schwer, solche Politiken zu verabschieden und anschlie\u00dfend auch tats\u00e4chlich umzusetzen? Der Vortrag zeigt zun\u00e4chst die systematischen Beharrungen bei und die Probleme von Langfrist- Herausforderungen der Klima- und Umweltpolitik (wie auch anderer Politiken) auf, welche schnelle L\u00f6sungen behindern. Allerdings sind solche Schwierigkeiten begrenzbar, wenn auch selten v\u00f6llig l\u00f6sbar in einer (politischen) Welt, die ist, wie sie ist. Im Vortrag werden Langfrist-Herausforderungen der Klima- und Umweltpolitik (in Abgrenzung zu Kurzfrist-Herausforderungen) definiert, die Mechanismen ihrer Entstehung dargestellt und dann ein \u201eMen\u00fc\u201c der Politikoptionen zu deren Einhegung aufgezeigt. Dies insbesondere am Beispiel der Herausforderungen des planvollen CO2-Senken-Aufbaus mithilfe von W\u00e4ldern und deren \u201eHonorierung\u201c als wirtschaftlichen Anreiz.<\/p>\n\n\n\n<h3 class=\"wp-block-heading\"><strong>Zum Weiterlesen:<\/strong><\/h3>\n\n\n\n<ul class=\"wp-block-list\">\n<li><a href=\"http:\/\/www.doi.org\/doi:10.1162\/glep.2009.9.3.20\">Hovi, J., Sprinz, D. F., &amp; Underdal, A. (2009). Implementing Long-Term Climate Policy: Time Inconsistency, Domestic Politics, International Anarchy. Global Environmental Politics, 9(3), 20-39.<\/a><\/li>\n\n\n\n<li><a href=\"http:\/\/www.doi.org\/doi:10.1162\/glep.2009.9.3.1\">Sprinz, D. F. (2009). Long-Term Environmental Policy: Definition, Knowledge, Future Research. Global Environmental Politics, 9(3), 1-8.<\/a><\/li>\n\n\n\n<li><a href=\"http:\/\/www.doi.org\/https:\/\/doi.org\/10.1016\/j.futures.2020.102668\">Boston, J. (2021). Assessing the Options for Combatting Democratic Myopia and Safeguarding Long-Term Interests. Futures, 125, 102668.<\/a><\/li>\n\n\n\n<li><a href=\"http:\/\/www.idw-online.de\/de\/news246882\">\u201eWie gehen wir mit der Zukunft um?\u201c Internationaler Kongress 2008, Freie Universit\u00e4t Berlin<\/a><\/li>\n<\/ul>\n\n\n\n<div style=\"height:30px\" aria-hidden=\"true\" class=\"wp-block-spacer\"><\/div>\n\n\n\n<hr class=\"wp-block-separator has-alpha-channel-opacity\"\/>\n\n\n\n<div style=\"height:30px\" aria-hidden=\"true\" class=\"wp-block-spacer\"><\/div>\n\n\n\n<p class=\"has-text-align-center\"><strong>Die Veranstalter<\/strong>:<\/p>\n\n\n\n<p class=\"has-text-align-center\"><a href=\"https:\/\/twitter.com\/ptp_de\/\">Protect the Planet<\/a> und Partnerorganisationen: <a href=\"https:\/\/twitter.com\/fff_muc\">Fridays for Future M\u00fcnchen<\/a><a href=\"https:\/\/www.mvhs.de\/\">, <\/a><a href=\"https:\/\/twitter.com\/stu4future_muc\">Students4Future M\u00fcnchen,<\/a> <a href=\"https:\/\/twitter.com\/Parents4futureM\">Parents4Future M\u00fcnchen<\/a><a href=\"https:\/\/www.mvhs.de\/\">, <\/a><a href=\"http:\/\/bn-muenchen.de\/\">Bund Naturschutz in Bayern e.V. Kreisgruppe M\u00fcnchen<\/a><a href=\"https:\/\/www.mvhs.de\/\">, <\/a><a href=\"http:\/\/forum-csr.net\/\">forum Nachhaltig Wirtschaften<\/a><a href=\"https:\/\/www.mvhs.de\/\">, <\/a><a href=\"https:\/\/www.greencity.de\/verein\/\">Greencity \u2013 der Verein<\/a><a href=\"https:\/\/www.mvhs.de\/\">, <\/a><a href=\"https:\/\/www.m-i-n.net\/\">M\u00fcnchner Initiative Nachhaltigkeit,<\/a><a href=\"https:\/\/twitter.com\/Kohleausstieg_M\"> Raus-aus-der-Steinkohle M\u00fcnchen<\/a><a href=\"https:\/\/www.mvhs.de\/\">, <\/a><a href=\"https:\/\/fossilfreemunich.wixsite.com\/home\">Fossil Free M\u00fcnchen<\/a><a href=\"https:\/\/www.mvhs.de\/\">, <\/a><a href=\"https:\/\/muenchen.scientists4future.org\/\">Scientists4Future M\u00fcnchen<\/a><a href=\"https:\/\/www.mvhs.de\/\">, <\/a><a href=\"https:\/\/oekom-verein.de\/\">oekom e.V., <\/a><a href=\"https:\/\/www.google.com\/url?sa=t&amp;rct=j&amp;q=&amp;esrc=s&amp;source=web&amp;cd=&amp;cad=rja&amp;uact=8&amp;ved=2ahUKEwjqx_6r6_nzAhX3_rsIHYs5AYIQFnoECAQQAQ&amp;url=https%3A%2F%2Fwww.raus-aus-der-steinkohle.de%2Fwer-macht-mit%2F&amp;usg=AOvVaw3EF0W38zwWPTRrBslQu3WM\">Netzwerk Saubere Energie M\u00fcnchen<\/a>, <a href=\"https:\/\/twitter.com\/klimaherbst\">Klimaherbst M\u00fcnchen<\/a><\/p>\n\n\n\n<div style=\"height:30px\" aria-hidden=\"true\" class=\"wp-block-spacer\"><\/div>\n\n\n\n<p><\/p>\n","protected":false},"excerpt":{"rendered":"<p>Prof. Dr. Detlef F. Sprinz (PIK &#8211; Potsdam-Institut f\u00fcr Klimafolgenforschung e.V.)<\/p>\n","protected":false},"author":4,"featured_media":21886,"comment_status":"closed","ping_status":"closed","sticky":false,"template":"","format":"standard","meta":{"footnotes":""},"categories":[1509,1545],"tags":[],"class_list":["post-31460","post","type-post","status-publish","format-standard","has-post-thumbnail","hentry","category-event-archive","category-gesellschaft-wirtschaft-politik-2-en"],"yoast_head":"<!-- This site is optimized with the Yoast SEO plugin v27.5 - https:\/\/yoast.com\/product\/yoast-seo-wordpress\/ -->\n<title>\u201eLangfristige Klima- und Umweltpolitik \u2013 (wie) k\u00f6nnen Barrieren abgebaut werden?&quot; - Protect the Planet<\/title>\n<meta name=\"description\" content=\"Prof. Dr. Detlef F. Sprinz (PIK): \u201eLangfristige Klima- und Umweltpolitik \u2013 (wie) k\u00f6nnen Barrieren abgebaut werden?&quot;\" \/>\n<meta name=\"robots\" content=\"index, follow, max-snippet:-1, max-image-preview:large, max-video-preview:-1\" \/>\n<link rel=\"canonical\" href=\"https:\/\/www.protect-the-planet.de\/en\/2022-11-24-sprinz-langfristige-klima-und-umweltpolitik\/\" \/>\n<meta property=\"og:locale\" content=\"en_US\" \/>\n<meta property=\"og:type\" content=\"article\" \/>\n<meta property=\"og:title\" content=\"\u201eLangfristige Klima- und Umweltpolitik \u2013 (wie) k\u00f6nnen Barrieren abgebaut werden?&quot; - Protect the Planet\" \/>\n<meta property=\"og:description\" content=\"Prof. Dr. Detlef F. Sprinz (PIK): \u201eLangfristige Klima- und Umweltpolitik \u2013 (wie) k\u00f6nnen Barrieren abgebaut werden?&quot;\" \/>\n<meta property=\"og:url\" content=\"https:\/\/www.protect-the-planet.de\/en\/2022-11-24-sprinz-langfristige-klima-und-umweltpolitik\/\" \/>\n<meta property=\"og:site_name\" content=\"Protect the Planet\" \/>\n<meta property=\"article:publisher\" content=\"https:\/\/www.facebook.com\/protecttheplanetDE\/\" \/>\n<meta property=\"article:published_time\" content=\"2022-11-24T13:39:00+00:00\" \/>\n<meta property=\"article:modified_time\" content=\"2025-07-07T12:50:29+00:00\" \/>\n<meta property=\"og:image\" content=\"https:\/\/www.protect-the-planet.de\/wp-content\/uploads\/2022\/10\/homgepage-fb-li-1024x576.png\" \/>\n\t<meta property=\"og:image:width\" content=\"1024\" \/>\n\t<meta property=\"og:image:height\" content=\"576\" \/>\n\t<meta property=\"og:image:type\" content=\"image\/png\" \/>\n<meta name=\"author\" content=\"Jana H\u00e4fner\" \/>\n<meta name=\"twitter:card\" content=\"summary_large_image\" \/>\n<meta name=\"twitter:creator\" content=\"@PtP_de\" \/>\n<meta name=\"twitter:site\" content=\"@PtP_de\" \/>\n<meta name=\"twitter:label1\" content=\"Written by\" \/>\n\t<meta name=\"twitter:data1\" content=\"Jana H\u00e4fner\" \/>\n\t<meta name=\"twitter:label2\" content=\"Est. reading time\" \/>\n\t<meta name=\"twitter:data2\" content=\"2 minutes\" \/>\n<script type=\"application\/ld+json\" class=\"yoast-schema-graph\">{\"@context\":\"https:\\\/\\\/schema.org\",\"@graph\":[{\"@type\":\"Article\",\"@id\":\"https:\\\/\\\/www.protect-the-planet.de\\\/en\\\/2022-11-24-sprinz-langfristige-klima-und-umweltpolitik\\\/#article\",\"isPartOf\":{\"@id\":\"https:\\\/\\\/www.protect-the-planet.de\\\/en\\\/2022-11-24-sprinz-langfristige-klima-und-umweltpolitik\\\/\"},\"author\":{\"name\":\"Jana H\u00e4fner\",\"@id\":\"https:\\\/\\\/www.protect-the-planet.de\\\/en\\\/#\\\/schema\\\/person\\\/94315f5fbca131d26764146a638b8fc6\"},\"headline\":\"\u201eLangfristige Klima- und Umweltpolitik \u2013 (wie) k\u00f6nnen Barrieren abgebaut werden?&#8221;\",\"datePublished\":\"2022-11-24T13:39:00+00:00\",\"dateModified\":\"2025-07-07T12:50:29+00:00\",\"mainEntityOfPage\":{\"@id\":\"https:\\\/\\\/www.protect-the-planet.de\\\/en\\\/2022-11-24-sprinz-langfristige-klima-und-umweltpolitik\\\/\"},\"wordCount\":322,\"publisher\":{\"@id\":\"https:\\\/\\\/www.protect-the-planet.de\\\/en\\\/#organization\"},\"image\":{\"@id\":\"https:\\\/\\\/www.protect-the-planet.de\\\/en\\\/2022-11-24-sprinz-langfristige-klima-und-umweltpolitik\\\/#primaryimage\"},\"thumbnailUrl\":\"https:\\\/\\\/www.protect-the-planet.de\\\/wp-content\\\/uploads\\\/2022\\\/10\\\/homgepage-fb-li.png\",\"articleSection\":[\"Event archive\",\"Gesellschaft, Wirtschaft, Politik\"],\"inLanguage\":\"en-US\"},{\"@type\":\"WebPage\",\"@id\":\"https:\\\/\\\/www.protect-the-planet.de\\\/en\\\/2022-11-24-sprinz-langfristige-klima-und-umweltpolitik\\\/\",\"url\":\"https:\\\/\\\/www.protect-the-planet.de\\\/en\\\/2022-11-24-sprinz-langfristige-klima-und-umweltpolitik\\\/\",\"name\":\"\u201eLangfristige Klima- und Umweltpolitik \u2013 (wie) k\u00f6nnen Barrieren abgebaut werden?\\\" - Protect the Planet\",\"isPartOf\":{\"@id\":\"https:\\\/\\\/www.protect-the-planet.de\\\/en\\\/#website\"},\"primaryImageOfPage\":{\"@id\":\"https:\\\/\\\/www.protect-the-planet.de\\\/en\\\/2022-11-24-sprinz-langfristige-klima-und-umweltpolitik\\\/#primaryimage\"},\"image\":{\"@id\":\"https:\\\/\\\/www.protect-the-planet.de\\\/en\\\/2022-11-24-sprinz-langfristige-klima-und-umweltpolitik\\\/#primaryimage\"},\"thumbnailUrl\":\"https:\\\/\\\/www.protect-the-planet.de\\\/wp-content\\\/uploads\\\/2022\\\/10\\\/homgepage-fb-li.png\",\"datePublished\":\"2022-11-24T13:39:00+00:00\",\"dateModified\":\"2025-07-07T12:50:29+00:00\",\"description\":\"Prof. Dr. Detlef F. Sprinz (PIK): \u201eLangfristige Klima- und Umweltpolitik \u2013 (wie) k\u00f6nnen Barrieren abgebaut werden?\\\"\",\"breadcrumb\":{\"@id\":\"https:\\\/\\\/www.protect-the-planet.de\\\/en\\\/2022-11-24-sprinz-langfristige-klima-und-umweltpolitik\\\/#breadcrumb\"},\"inLanguage\":\"en-US\",\"potentialAction\":[{\"@type\":\"ReadAction\",\"target\":[\"https:\\\/\\\/www.protect-the-planet.de\\\/en\\\/2022-11-24-sprinz-langfristige-klima-und-umweltpolitik\\\/\"]}]},{\"@type\":\"ImageObject\",\"inLanguage\":\"en-US\",\"@id\":\"https:\\\/\\\/www.protect-the-planet.de\\\/en\\\/2022-11-24-sprinz-langfristige-klima-und-umweltpolitik\\\/#primaryimage\",\"url\":\"https:\\\/\\\/www.protect-the-planet.de\\\/wp-content\\\/uploads\\\/2022\\\/10\\\/homgepage-fb-li.png\",\"contentUrl\":\"https:\\\/\\\/www.protect-the-planet.de\\\/wp-content\\\/uploads\\\/2022\\\/10\\\/homgepage-fb-li.png\",\"width\":1920,\"height\":1080,\"caption\":\"22\\\/11\\\/24 Vortrag Langfristige Klima- und Umweltpolitik\"},{\"@type\":\"BreadcrumbList\",\"@id\":\"https:\\\/\\\/www.protect-the-planet.de\\\/en\\\/2022-11-24-sprinz-langfristige-klima-und-umweltpolitik\\\/#breadcrumb\",\"itemListElement\":[{\"@type\":\"ListItem\",\"position\":1,\"name\":\"Startseite\",\"item\":\"https:\\\/\\\/www.protect-the-planet.de\\\/en\\\/home\\\/\"},{\"@type\":\"ListItem\",\"position\":2,\"name\":\"\u201eLangfristige Klima- und Umweltpolitik \u2013 (wie) k\u00f6nnen Barrieren abgebaut werden?&#8220;\"}]},{\"@type\":\"WebSite\",\"@id\":\"https:\\\/\\\/www.protect-the-planet.de\\\/en\\\/#website\",\"url\":\"https:\\\/\\\/www.protect-the-planet.de\\\/en\\\/\",\"name\":\"Protect the Planet\",\"description\":\"If we don&#039;t change, the climate will.\",\"publisher\":{\"@id\":\"https:\\\/\\\/www.protect-the-planet.de\\\/en\\\/#organization\"},\"alternateName\":\"Protect the Panet gGmbH\",\"potentialAction\":[{\"@type\":\"SearchAction\",\"target\":{\"@type\":\"EntryPoint\",\"urlTemplate\":\"https:\\\/\\\/www.protect-the-planet.de\\\/en\\\/?s={search_term_string}\"},\"query-input\":{\"@type\":\"PropertyValueSpecification\",\"valueRequired\":true,\"valueName\":\"search_term_string\"}}],\"inLanguage\":\"en-US\"},{\"@type\":\"Organization\",\"@id\":\"https:\\\/\\\/www.protect-the-planet.de\\\/en\\\/#organization\",\"name\":\"Protect the Planet\",\"url\":\"https:\\\/\\\/www.protect-the-planet.de\\\/en\\\/\",\"logo\":{\"@type\":\"ImageObject\",\"inLanguage\":\"en-US\",\"@id\":\"https:\\\/\\\/www.protect-the-planet.de\\\/en\\\/#\\\/schema\\\/logo\\\/image\\\/\",\"url\":\"https:\\\/\\\/www.protect-the-planet.de\\\/wp-content\\\/uploads\\\/2023\\\/09\\\/LOGO-positiv_transparent-klein.png\",\"contentUrl\":\"https:\\\/\\\/www.protect-the-planet.de\\\/wp-content\\\/uploads\\\/2023\\\/09\\\/LOGO-positiv_transparent-klein.png\",\"width\":123,\"height\":68,\"caption\":\"Protect the Planet\"},\"image\":{\"@id\":\"https:\\\/\\\/www.protect-the-planet.de\\\/en\\\/#\\\/schema\\\/logo\\\/image\\\/\"},\"sameAs\":[\"https:\\\/\\\/www.facebook.com\\\/protecttheplanetDE\\\/\",\"https:\\\/\\\/x.com\\\/PtP_de\",\"https:\\\/\\\/www.instagram.com\\\/protecttheplanetorg\\\/\",\"https:\\\/\\\/www.linkedin.com\\\/company\\\/protect-the-planet\",\"https:\\\/\\\/www.youtube.com\\\/@protecttheplanet\"]},{\"@type\":\"Person\",\"@id\":\"https:\\\/\\\/www.protect-the-planet.de\\\/en\\\/#\\\/schema\\\/person\\\/94315f5fbca131d26764146a638b8fc6\",\"name\":\"Jana H\u00e4fner\",\"image\":{\"@type\":\"ImageObject\",\"inLanguage\":\"en-US\",\"@id\":\"https:\\\/\\\/www.protect-the-planet.de\\\/wp-content\\\/uploads\\\/2024\\\/04\\\/cropped-2310_ProtectThePlanet_206-96x96.jpg\",\"url\":\"https:\\\/\\\/www.protect-the-planet.de\\\/wp-content\\\/uploads\\\/2024\\\/04\\\/cropped-2310_ProtectThePlanet_206-96x96.jpg\",\"contentUrl\":\"https:\\\/\\\/www.protect-the-planet.de\\\/wp-content\\\/uploads\\\/2024\\\/04\\\/cropped-2310_ProtectThePlanet_206-96x96.jpg\",\"caption\":\"Jana H\u00e4fner\"},\"description\":\"jana.haefner@protect-the-planet.de +49 152 53089270\",\"url\":\"https:\\\/\\\/www.protect-the-planet.de\\\/en\\\/author\\\/jana-haefner\\\/\"}]}<\/script>\n<!-- \/ Yoast SEO plugin. -->","yoast_head_json":{"title":"\u201eLangfristige Klima- und Umweltpolitik \u2013 (wie) k\u00f6nnen Barrieren abgebaut werden?\" - Protect the Planet","description":"Prof. Dr. Detlef F. Sprinz (PIK): \u201eLangfristige Klima- und Umweltpolitik \u2013 (wie) k\u00f6nnen Barrieren abgebaut werden?\"","robots":{"index":"index","follow":"follow","max-snippet":"max-snippet:-1","max-image-preview":"max-image-preview:large","max-video-preview":"max-video-preview:-1"},"canonical":"https:\/\/www.protect-the-planet.de\/en\/2022-11-24-sprinz-langfristige-klima-und-umweltpolitik\/","og_locale":"en_US","og_type":"article","og_title":"\u201eLangfristige Klima- und Umweltpolitik \u2013 (wie) k\u00f6nnen Barrieren abgebaut werden?\" - Protect the Planet","og_description":"Prof. Dr. Detlef F. Sprinz (PIK): \u201eLangfristige Klima- und Umweltpolitik \u2013 (wie) k\u00f6nnen Barrieren abgebaut werden?\"","og_url":"https:\/\/www.protect-the-planet.de\/en\/2022-11-24-sprinz-langfristige-klima-und-umweltpolitik\/","og_site_name":"Protect the Planet","article_publisher":"https:\/\/www.facebook.com\/protecttheplanetDE\/","article_published_time":"2022-11-24T13:39:00+00:00","article_modified_time":"2025-07-07T12:50:29+00:00","og_image":[{"width":1024,"height":576,"url":"https:\/\/www.protect-the-planet.de\/wp-content\/uploads\/2022\/10\/homgepage-fb-li-1024x576.png","type":"image\/png"}],"author":"Jana H\u00e4fner","twitter_card":"summary_large_image","twitter_creator":"@PtP_de","twitter_site":"@PtP_de","twitter_misc":{"Written by":"Jana H\u00e4fner","Est. reading time":"2 minutes"},"schema":{"@context":"https:\/\/schema.org","@graph":[{"@type":"Article","@id":"https:\/\/www.protect-the-planet.de\/en\/2022-11-24-sprinz-langfristige-klima-und-umweltpolitik\/#article","isPartOf":{"@id":"https:\/\/www.protect-the-planet.de\/en\/2022-11-24-sprinz-langfristige-klima-und-umweltpolitik\/"},"author":{"name":"Jana H\u00e4fner","@id":"https:\/\/www.protect-the-planet.de\/en\/#\/schema\/person\/94315f5fbca131d26764146a638b8fc6"},"headline":"\u201eLangfristige Klima- und Umweltpolitik \u2013 (wie) k\u00f6nnen Barrieren abgebaut werden?&#8221;","datePublished":"2022-11-24T13:39:00+00:00","dateModified":"2025-07-07T12:50:29+00:00","mainEntityOfPage":{"@id":"https:\/\/www.protect-the-planet.de\/en\/2022-11-24-sprinz-langfristige-klima-und-umweltpolitik\/"},"wordCount":322,"publisher":{"@id":"https:\/\/www.protect-the-planet.de\/en\/#organization"},"image":{"@id":"https:\/\/www.protect-the-planet.de\/en\/2022-11-24-sprinz-langfristige-klima-und-umweltpolitik\/#primaryimage"},"thumbnailUrl":"https:\/\/www.protect-the-planet.de\/wp-content\/uploads\/2022\/10\/homgepage-fb-li.png","articleSection":["Event archive","Gesellschaft, Wirtschaft, Politik"],"inLanguage":"en-US"},{"@type":"WebPage","@id":"https:\/\/www.protect-the-planet.de\/en\/2022-11-24-sprinz-langfristige-klima-und-umweltpolitik\/","url":"https:\/\/www.protect-the-planet.de\/en\/2022-11-24-sprinz-langfristige-klima-und-umweltpolitik\/","name":"\u201eLangfristige Klima- und Umweltpolitik \u2013 (wie) k\u00f6nnen Barrieren abgebaut werden?\" - Protect the Planet","isPartOf":{"@id":"https:\/\/www.protect-the-planet.de\/en\/#website"},"primaryImageOfPage":{"@id":"https:\/\/www.protect-the-planet.de\/en\/2022-11-24-sprinz-langfristige-klima-und-umweltpolitik\/#primaryimage"},"image":{"@id":"https:\/\/www.protect-the-planet.de\/en\/2022-11-24-sprinz-langfristige-klima-und-umweltpolitik\/#primaryimage"},"thumbnailUrl":"https:\/\/www.protect-the-planet.de\/wp-content\/uploads\/2022\/10\/homgepage-fb-li.png","datePublished":"2022-11-24T13:39:00+00:00","dateModified":"2025-07-07T12:50:29+00:00","description":"Prof. Dr. Detlef F. Sprinz (PIK): \u201eLangfristige Klima- und Umweltpolitik \u2013 (wie) k\u00f6nnen Barrieren abgebaut werden?\"","breadcrumb":{"@id":"https:\/\/www.protect-the-planet.de\/en\/2022-11-24-sprinz-langfristige-klima-und-umweltpolitik\/#breadcrumb"},"inLanguage":"en-US","potentialAction":[{"@type":"ReadAction","target":["https:\/\/www.protect-the-planet.de\/en\/2022-11-24-sprinz-langfristige-klima-und-umweltpolitik\/"]}]},{"@type":"ImageObject","inLanguage":"en-US","@id":"https:\/\/www.protect-the-planet.de\/en\/2022-11-24-sprinz-langfristige-klima-und-umweltpolitik\/#primaryimage","url":"https:\/\/www.protect-the-planet.de\/wp-content\/uploads\/2022\/10\/homgepage-fb-li.png","contentUrl":"https:\/\/www.protect-the-planet.de\/wp-content\/uploads\/2022\/10\/homgepage-fb-li.png","width":1920,"height":1080,"caption":"22\/11\/24 Vortrag Langfristige Klima- und Umweltpolitik"},{"@type":"BreadcrumbList","@id":"https:\/\/www.protect-the-planet.de\/en\/2022-11-24-sprinz-langfristige-klima-und-umweltpolitik\/#breadcrumb","itemListElement":[{"@type":"ListItem","position":1,"name":"Startseite","item":"https:\/\/www.protect-the-planet.de\/en\/home\/"},{"@type":"ListItem","position":2,"name":"\u201eLangfristige Klima- und Umweltpolitik \u2013 (wie) k\u00f6nnen Barrieren abgebaut werden?&#8220;"}]},{"@type":"WebSite","@id":"https:\/\/www.protect-the-planet.de\/en\/#website","url":"https:\/\/www.protect-the-planet.de\/en\/","name":"Protect the Planet","description":"If we don&#039;t change, the climate will.","publisher":{"@id":"https:\/\/www.protect-the-planet.de\/en\/#organization"},"alternateName":"Protect the Panet gGmbH","potentialAction":[{"@type":"SearchAction","target":{"@type":"EntryPoint","urlTemplate":"https:\/\/www.protect-the-planet.de\/en\/?s={search_term_string}"},"query-input":{"@type":"PropertyValueSpecification","valueRequired":true,"valueName":"search_term_string"}}],"inLanguage":"en-US"},{"@type":"Organization","@id":"https:\/\/www.protect-the-planet.de\/en\/#organization","name":"Protect the Planet","url":"https:\/\/www.protect-the-planet.de\/en\/","logo":{"@type":"ImageObject","inLanguage":"en-US","@id":"https:\/\/www.protect-the-planet.de\/en\/#\/schema\/logo\/image\/","url":"https:\/\/www.protect-the-planet.de\/wp-content\/uploads\/2023\/09\/LOGO-positiv_transparent-klein.png","contentUrl":"https:\/\/www.protect-the-planet.de\/wp-content\/uploads\/2023\/09\/LOGO-positiv_transparent-klein.png","width":123,"height":68,"caption":"Protect the Planet"},"image":{"@id":"https:\/\/www.protect-the-planet.de\/en\/#\/schema\/logo\/image\/"},"sameAs":["https:\/\/www.facebook.com\/protecttheplanetDE\/","https:\/\/x.com\/PtP_de","https:\/\/www.instagram.com\/protecttheplanetorg\/","https:\/\/www.linkedin.com\/company\/protect-the-planet","https:\/\/www.youtube.com\/@protecttheplanet"]},{"@type":"Person","@id":"https:\/\/www.protect-the-planet.de\/en\/#\/schema\/person\/94315f5fbca131d26764146a638b8fc6","name":"Jana H\u00e4fner","image":{"@type":"ImageObject","inLanguage":"en-US","@id":"https:\/\/www.protect-the-planet.de\/wp-content\/uploads\/2024\/04\/cropped-2310_ProtectThePlanet_206-96x96.jpg","url":"https:\/\/www.protect-the-planet.de\/wp-content\/uploads\/2024\/04\/cropped-2310_ProtectThePlanet_206-96x96.jpg","contentUrl":"https:\/\/www.protect-the-planet.de\/wp-content\/uploads\/2024\/04\/cropped-2310_ProtectThePlanet_206-96x96.jpg","caption":"Jana H\u00e4fner"},"description":"jana.haefner@protect-the-planet.de +49 152 53089270","url":"https:\/\/www.protect-the-planet.de\/en\/author\/jana-haefner\/"}]}},"_links":{"self":[{"href":"https:\/\/www.protect-the-planet.de\/en\/wp-json\/wp\/v2\/posts\/31460","targetHints":{"allow":["GET"]}}],"collection":[{"href":"https:\/\/www.protect-the-planet.de\/en\/wp-json\/wp\/v2\/posts"}],"about":[{"href":"https:\/\/www.protect-the-planet.de\/en\/wp-json\/wp\/v2\/types\/post"}],"author":[{"embeddable":true,"href":"https:\/\/www.protect-the-planet.de\/en\/wp-json\/wp\/v2\/users\/4"}],"replies":[{"embeddable":true,"href":"https:\/\/www.protect-the-planet.de\/en\/wp-json\/wp\/v2\/comments?post=31460"}],"version-history":[{"count":1,"href":"https:\/\/www.protect-the-planet.de\/en\/wp-json\/wp\/v2\/posts\/31460\/revisions"}],"predecessor-version":[{"id":31461,"href":"https:\/\/www.protect-the-planet.de\/en\/wp-json\/wp\/v2\/posts\/31460\/revisions\/31461"}],"wp:featuredmedia":[{"embeddable":true,"href":"https:\/\/www.protect-the-planet.de\/en\/wp-json\/wp\/v2\/media\/21886"}],"wp:attachment":[{"href":"https:\/\/www.protect-the-planet.de\/en\/wp-json\/wp\/v2\/media?parent=31460"}],"wp:term":[{"taxonomy":"category","embeddable":true,"href":"https:\/\/www.protect-the-planet.de\/en\/wp-json\/wp\/v2\/categories?post=31460"},{"taxonomy":"post_tag","embeddable":true,"href":"https:\/\/www.protect-the-planet.de\/en\/wp-json\/wp\/v2\/tags?post=31460"}],"curies":[{"name":"wp","href":"https:\/\/api.w.org\/{rel}","templated":true}]}}