{"id":31453,"date":"2022-12-06T14:19:00","date_gmt":"2022-12-06T13:19:00","guid":{"rendered":"https:\/\/www.protect-the-planet.de\/2022-12-06-die-windwende-auch-in-bayern\/"},"modified":"2025-12-17T15:06:44","modified_gmt":"2025-12-17T14:06:44","slug":"2022-12-06-die-windwende-auch-in-bayern","status":"publish","type":"post","link":"https:\/\/www.protect-the-planet.de\/en\/2022-12-06-die-windwende-auch-in-bayern\/","title":{"rendered":"Ausbau der Windenergie &#8211; Die &#8220;Wind-Wende&#8221; auch in Bayern?"},"content":{"rendered":"\n<h2 class=\"wp-block-heading has-text-align-center\">Dr. Bernd Wust<\/h2>\n\n\n\n<p class=\"has-text-align-center\">Bundesverband WindEnergie (BWE)<br>Landesvorsitzender&nbsp; Bayern<\/p>\n\n\n\n<h2 class=\"wp-block-heading has-text-align-center\">Robert Sing<\/h2>\n\n\n\n<p class=\"has-text-align-center\">Gesch\u00e4ftsf\u00fchrer Ingenieurb\u00fcro IB-Sing<\/p>\n\n\n\n<h2 class=\"wp-block-heading has-text-align-center\">Peter Keller<\/h2>\n\n\n\n<p class=\"has-text-align-center\">Protect the Planet, Projektmanager f\u00fcr den &#8220;WindRat&#8221; <\/p>\n\n\n\n<div style=\"height:30px\" aria-hidden=\"true\" class=\"wp-block-spacer\"><\/div>\n\n\n\n<hr class=\"wp-block-separator has-alpha-channel-opacity\"\/>\n\n\n\n<div style=\"height:30px\" aria-hidden=\"true\" class=\"wp-block-spacer\"><\/div>\n\n\n\n<p class=\"has-text-align-center\"><a href=\"https:\/\/www.protect-the-planet.de\/wp-content\/uploads\/2023\/09\/Einladungstext-Windkraft-2022_12_06.pdf\"><strong>Event-Info PDF | Dr. Helmut Paschlau<\/strong><\/a><\/p>\n\n\n\n <div class=\"brlbs-cmpnt-container brlbs-cmpnt-content-blocker brlbs-cmpnt-with-individual-styles\" data-borlabs-cookie-content-blocker-id=\"youtube-content-blocker\" data-borlabs-cookie-content=\"PGlmcmFtZSB3aWR0aD0iNTYwIiBoZWlnaHQ9IjMxNSIgc3JjPSJodHRwczovL3d3dy55b3V0dWJlLW5vY29va2llLmNvbS9lbWJlZC9vQWFsSGRPa19qST9zaT1Yd2VVYmVCSlo4ZGZ6X05WIiB0aXRsZT0iWW91VHViZSB2aWRlbyBwbGF5ZXIiIGZyYW1lYm9yZGVyPSIwIiBhbGxvdz0iYWNjZWxlcm9tZXRlcjsgYXV0b3BsYXk7IGNsaXBib2FyZC13cml0ZTsgZW5jcnlwdGVkLW1lZGlhOyBneXJvc2NvcGU7IHBpY3R1cmUtaW4tcGljdHVyZTsgd2ViLXNoYXJlIiByZWZlcnJlcnBvbGljeT0ic3RyaWN0LW9yaWdpbi13aGVuLWNyb3NzLW9yaWdpbiIgYWxsb3dmdWxsc2NyZWVuPjwvaWZyYW1lPg==\"><div class=\"brlbs-cmpnt-cb-preset-c brlbs-cmpnt-cb-youtube\"> <div class=\"brlbs-cmpnt-cb-thumbnail\" style=\"background-image: url('https:\/\/www.protect-the-planet.de\/wp-content\/uploads\/borlabs-cookie\/1\/yt_oAalHdOk_jI_hqdefault.jpg')\"><\/div> <div class=\"brlbs-cmpnt-cb-main\"> <div class=\"brlbs-cmpnt-cb-play-button\"><\/div> <div class=\"brlbs-cmpnt-cb-content\"> <p class=\"brlbs-cmpnt-cb-description\">You are currently viewing a placeholder content from <strong>YouTube<\/strong>. To access the actual content, click the button below. Please note that doing so will share data with third-party providers.<\/p> <a class=\"brlbs-cmpnt-cb-provider-toggle\" href=\"#\" data-borlabs-cookie-show-provider-information role=\"button\">More Information<\/a> <\/div> <div class=\"brlbs-cmpnt-cb-buttons\"> <a class=\"brlbs-cmpnt-cb-btn\" href=\"#\" data-borlabs-cookie-unblock role=\"button\">Unblock content<\/a> <a class=\"brlbs-cmpnt-cb-btn\" href=\"#\" data-borlabs-cookie-accept-service role=\"button\" style=\"display: inherit\">Accept required service and unblock content<\/a> <\/div> <\/div> <\/div><\/div>\n\n\n\n<p class=\"has-text-align-center\"><strong><br><a href=\"https:\/\/www.protect-the-planet.de\/wp-content\/uploads\/2023\/09\/2022_12_06-Vortrag-Wust-Windenergie-in-BY-Stand.pdf\">Vortragsfolien PDF | Dr. Bernhard Wust<\/a>   <a href=\"https:\/\/www.protect-the-planet.de\/wp-content\/uploads\/2023\/09\/2022_12_06-Vortrag-Sing-Wind-Wende-in-Bayern.pdf\">Vortragsfolien PDF | Robert Sing<\/a>   <a href=\"https:\/\/www.protect-the-planet.de\/wp-content\/uploads\/2023\/09\/2022_12_06-Vortrag-Keller-Initiative-Windrat.pdf\">Vortragsfolien PDF | Peter Keller<\/a><\/strong><\/p>\n\n\n\n<div style=\"height:30px\" aria-hidden=\"true\" class=\"wp-block-spacer\"><\/div>\n\n\n\n<p>Kommt sie nun, die \u201eWindwende\u201c auch in Bayern? Mit dem neuen Windenergie-an-Land-Gesetz hat es jedenfalls die Bundesregierung eilig. Bekommen doch die Erneuerbaren Energien mit der Schl\u00fcsseltechnologie Windkraft mittlerweile auch strategische Bedeutung. Doch wie wird die dringend erforderliche h\u00f6here Ausbaugeschwindigkeit erreicht, welche (politischen) Hindernisse gerade in Bayern und auch (teils berechtigte) Einw\u00e4nde von B\u00fcrger:innen stehen einer Vervielfachung von Windkraftanlagen entgegen? 2 Prozent der Landesfl\u00e4che f\u00fcr WKA \u2013 wo wird das sein? F\u00e4llt die 10- H-Regel? Sind die Genehmigungsgesetze angepasst, B\u00fcrgerbeteiligungs-Konzepte erarbeitet? Und was sagt der Rot- Milan dazu? &#8211; Drei Experten aus dem Bereich der Windenergie sind zu Gast &#8211; es wird spannend!<\/p>\n\n\n\n<p><\/p>\n\n\n\n<h3 class=\"wp-block-heading\"><strong>Zum Weiterlesen:<\/strong><\/h3>\n\n\n\n<ul class=\"wp-block-list\">\n<li><a href=\"http:\/\/www.wind-energie.de\/verband\/lvs\/bayern\/\">Bundesverband WindEnergie, Landesverband Bayern<\/a><\/li>\n\n\n\n<li><a href=\"http:\/\/www.ib-sing.de\/\">Ingenieurb\u00fcro Sing<\/a><\/li>\n\n\n\n<li><a href=\"http:\/\/www.wind-rat.de\">Initiative<\/a> <a href=\"http:\/\/www.wind-rat.de\">WindRat von Protect the Planet<\/a><\/li>\n<\/ul>\n\n\n\n<div style=\"height:30px\" aria-hidden=\"true\" class=\"wp-block-spacer\"><\/div>\n\n\n\n<hr class=\"wp-block-separator has-alpha-channel-opacity\"\/>\n\n\n\n<div style=\"height:30px\" aria-hidden=\"true\" class=\"wp-block-spacer\"><\/div>\n\n\n\n<p class=\"has-text-align-center\"><strong>Die Veranstalter<\/strong>:<\/p>\n\n\n\n<ul class=\"wp-block-list\">\n<li><a href=\"https:\/\/twitter.com\/ptp_de\/\">Protect the Planet<\/a> und Partnerorganisationen: <a href=\"https:\/\/twitter.com\/fff_muc\">Fridays for Future M\u00fcnchen<\/a><a href=\"https:\/\/www.mvhs.de\/\">, <\/a><a href=\"https:\/\/twitter.com\/stu4future_muc\">Students4Future M\u00fcnchen,<\/a> <a href=\"https:\/\/twitter.com\/Parents4futureM\">Parents4Future M\u00fcnchen<\/a><a href=\"https:\/\/www.mvhs.de\/\">, <\/a><a href=\"http:\/\/bn-muenchen.de\/\">Bund Naturschutz in Bayern e.V. Kreisgruppe M\u00fcnchen<\/a><a href=\"https:\/\/www.mvhs.de\/\">, <\/a><a href=\"http:\/\/forum-csr.net\/\">forum Nachhaltig Wirtschaften<\/a><a href=\"https:\/\/www.mvhs.de\/\">, <\/a><a href=\"https:\/\/www.greencity.de\/verein\/\">Greencity \u2013 der Verein<\/a><a href=\"https:\/\/www.mvhs.de\/\">, <\/a><a href=\"https:\/\/www.m-i-n.net\/\">M\u00fcnchner Initiative Nachhaltigkeit,<\/a><a href=\"https:\/\/twitter.com\/Kohleausstieg_M\"> Raus-aus-der-Steinkohle M\u00fcnchen<\/a><a href=\"https:\/\/www.mvhs.de\/\">, <\/a><a href=\"https:\/\/fossilfreemunich.wixsite.com\/home\">Fossil Free M\u00fcnchen<\/a><a href=\"https:\/\/www.mvhs.de\/\">, <\/a><a href=\"https:\/\/muenchen.scientists4future.org\/\">Scientists4Future M\u00fcnchen<\/a><a href=\"https:\/\/www.mvhs.de\/\">, <\/a><a href=\"https:\/\/oekom-verein.de\/\">oekom e.V., <\/a><a href=\"https:\/\/www.google.com\/url?sa=t&amp;rct=j&amp;q=&amp;esrc=s&amp;source=web&amp;cd=&amp;cad=rja&amp;uact=8&amp;ved=2ahUKEwjqx_6r6_nzAhX3_rsIHYs5AYIQFnoECAQQAQ&amp;url=https%3A%2F%2Fwww.raus-aus-der-steinkohle.de%2Fwer-macht-mit%2F&amp;usg=AOvVaw3EF0W38zwWPTRrBslQu3WM\">Netzwerk Saubere Energie M\u00fcnchen<\/a>, <a href=\"https:\/\/twitter.com\/klimaherbst\">Klimaherbst M\u00fcnchen<\/a><\/li>\n<\/ul>\n\n\n\n<p><strong><br><\/strong><\/p>\n\n\n\n<p class=\"has-text-align-left\"><\/p>\n\n\n\n<div style=\"height:30px\" aria-hidden=\"true\" class=\"wp-block-spacer\"><\/div>\n\n\n\n<p><\/p>\n","protected":false},"excerpt":{"rendered":"<p>Dr. Bernd Wust (Bundesverband WindEnergie (BWE)<br \/>\nLandesvorsitzender\u00a0 Bayern)<br \/>\nRobert Sing (Gesch\u00e4ftsf\u00fchrer Ingenieurb\u00fcro IB-Sing)<br \/>\nPeter Keller (Protect the Planet, Projektmanager f\u00fcr den &#8220;WindRat&#8221;)<\/p>\n","protected":false},"author":4,"featured_media":23025,"comment_status":"closed","ping_status":"closed","sticky":false,"template":"","format":"standard","meta":{"footnotes":""},"categories":[1552,1509],"tags":[702,703,779,712],"class_list":["post-31453","post","type-post","status-publish","format-standard","has-post-thumbnail","hentry","category-energie-heizen-bauen-en","category-event-archive","tag-vortrag-en","tag-vortragsreihe-en","tag-windrat-en","tag-zukunftssalon-en"],"yoast_head":"<!-- This site is optimized with the Yoast SEO plugin v27.5 - https:\/\/yoast.com\/product\/yoast-seo-wordpress\/ -->\n<title>Ausbau der Windenergie - Die &quot;Wind-Wende&quot; auch in Bayern? - Protect the Planet<\/title>\n<meta name=\"description\" content=\"Hybrid-Vortrag: Ausbau der Windenergie - die &quot;Wind-Wende&quot; auch in Bayern?\" \/>\n<meta name=\"robots\" content=\"index, follow, max-snippet:-1, max-image-preview:large, max-video-preview:-1\" \/>\n<link rel=\"canonical\" href=\"https:\/\/www.protect-the-planet.de\/en\/2022-12-06-die-windwende-auch-in-bayern\/\" \/>\n<meta property=\"og:locale\" content=\"en_US\" \/>\n<meta property=\"og:type\" content=\"article\" \/>\n<meta property=\"og:title\" content=\"Ausbau der Windenergie - Die &quot;Wind-Wende&quot; auch in Bayern? - Protect the Planet\" \/>\n<meta property=\"og:description\" content=\"Hybrid-Vortrag: Ausbau der Windenergie - die &quot;Wind-Wende&quot; auch in Bayern?\" \/>\n<meta property=\"og:url\" content=\"https:\/\/www.protect-the-planet.de\/en\/2022-12-06-die-windwende-auch-in-bayern\/\" \/>\n<meta property=\"og:site_name\" content=\"Protect the Planet\" \/>\n<meta property=\"article:publisher\" content=\"https:\/\/www.facebook.com\/protecttheplanetDE\/\" \/>\n<meta property=\"article:published_time\" content=\"2022-12-06T13:19:00+00:00\" \/>\n<meta property=\"article:modified_time\" content=\"2025-12-17T14:06:44+00:00\" \/>\n<meta property=\"og:image\" content=\"https:\/\/www.protect-the-planet.de\/wp-content\/uploads\/2023\/11\/platzhalter.jpg\" \/>\n\t<meta property=\"og:image:width\" content=\"1920\" \/>\n\t<meta property=\"og:image:height\" content=\"1080\" \/>\n\t<meta property=\"og:image:type\" content=\"image\/jpeg\" \/>\n<meta name=\"author\" content=\"Jana H\u00e4fner\" \/>\n<meta name=\"twitter:card\" content=\"summary_large_image\" \/>\n<meta name=\"twitter:creator\" content=\"@PtP_de\" \/>\n<meta name=\"twitter:site\" content=\"@PtP_de\" \/>\n<meta name=\"twitter:label1\" content=\"Written by\" \/>\n\t<meta name=\"twitter:data1\" content=\"Jana H\u00e4fner\" \/>\n\t<meta name=\"twitter:label2\" content=\"Est. reading time\" \/>\n\t<meta name=\"twitter:data2\" content=\"2 minutes\" \/>\n<script type=\"application\/ld+json\" class=\"yoast-schema-graph\">{\"@context\":\"https:\\\/\\\/schema.org\",\"@graph\":[{\"@type\":\"Article\",\"@id\":\"https:\\\/\\\/www.protect-the-planet.de\\\/en\\\/2022-12-06-die-windwende-auch-in-bayern\\\/#article\",\"isPartOf\":{\"@id\":\"https:\\\/\\\/www.protect-the-planet.de\\\/en\\\/2022-12-06-die-windwende-auch-in-bayern\\\/\"},\"author\":{\"name\":\"Jana H\u00e4fner\",\"@id\":\"https:\\\/\\\/www.protect-the-planet.de\\\/en\\\/#\\\/schema\\\/person\\\/94315f5fbca131d26764146a638b8fc6\"},\"headline\":\"Ausbau der Windenergie &#8211; Die &#8220;Wind-Wende&#8221; auch in Bayern?\",\"datePublished\":\"2022-12-06T13:19:00+00:00\",\"dateModified\":\"2025-12-17T14:06:44+00:00\",\"mainEntityOfPage\":{\"@id\":\"https:\\\/\\\/www.protect-the-planet.de\\\/en\\\/2022-12-06-die-windwende-auch-in-bayern\\\/\"},\"wordCount\":239,\"publisher\":{\"@id\":\"https:\\\/\\\/www.protect-the-planet.de\\\/en\\\/#organization\"},\"image\":{\"@id\":\"https:\\\/\\\/www.protect-the-planet.de\\\/en\\\/2022-12-06-die-windwende-auch-in-bayern\\\/#primaryimage\"},\"thumbnailUrl\":\"https:\\\/\\\/www.protect-the-planet.de\\\/wp-content\\\/uploads\\\/2023\\\/11\\\/platzhalter.jpg\",\"keywords\":[\"Vortrag\",\"Vortragsreihe\",\"WindRat\",\"Zukunftssalon\"],\"articleSection\":[\"Energie, Heizen, Bauen\",\"Event archive\"],\"inLanguage\":\"en-US\"},{\"@type\":\"WebPage\",\"@id\":\"https:\\\/\\\/www.protect-the-planet.de\\\/en\\\/2022-12-06-die-windwende-auch-in-bayern\\\/\",\"url\":\"https:\\\/\\\/www.protect-the-planet.de\\\/en\\\/2022-12-06-die-windwende-auch-in-bayern\\\/\",\"name\":\"Ausbau der Windenergie - Die \\\"Wind-Wende\\\" auch in Bayern? - Protect the Planet\",\"isPartOf\":{\"@id\":\"https:\\\/\\\/www.protect-the-planet.de\\\/en\\\/#website\"},\"primaryImageOfPage\":{\"@id\":\"https:\\\/\\\/www.protect-the-planet.de\\\/en\\\/2022-12-06-die-windwende-auch-in-bayern\\\/#primaryimage\"},\"image\":{\"@id\":\"https:\\\/\\\/www.protect-the-planet.de\\\/en\\\/2022-12-06-die-windwende-auch-in-bayern\\\/#primaryimage\"},\"thumbnailUrl\":\"https:\\\/\\\/www.protect-the-planet.de\\\/wp-content\\\/uploads\\\/2023\\\/11\\\/platzhalter.jpg\",\"datePublished\":\"2022-12-06T13:19:00+00:00\",\"dateModified\":\"2025-12-17T14:06:44+00:00\",\"description\":\"Hybrid-Vortrag: Ausbau der Windenergie - die \\\"Wind-Wende\\\" auch in Bayern?\",\"breadcrumb\":{\"@id\":\"https:\\\/\\\/www.protect-the-planet.de\\\/en\\\/2022-12-06-die-windwende-auch-in-bayern\\\/#breadcrumb\"},\"inLanguage\":\"en-US\",\"potentialAction\":[{\"@type\":\"ReadAction\",\"target\":[\"https:\\\/\\\/www.protect-the-planet.de\\\/en\\\/2022-12-06-die-windwende-auch-in-bayern\\\/\"]}]},{\"@type\":\"ImageObject\",\"inLanguage\":\"en-US\",\"@id\":\"https:\\\/\\\/www.protect-the-planet.de\\\/en\\\/2022-12-06-die-windwende-auch-in-bayern\\\/#primaryimage\",\"url\":\"https:\\\/\\\/www.protect-the-planet.de\\\/wp-content\\\/uploads\\\/2023\\\/11\\\/platzhalter.jpg\",\"contentUrl\":\"https:\\\/\\\/www.protect-the-planet.de\\\/wp-content\\\/uploads\\\/2023\\\/11\\\/platzhalter.jpg\",\"width\":1920,\"height\":1080,\"caption\":\"Veranstaltungen Beitragsbild Platzhalter\"},{\"@type\":\"BreadcrumbList\",\"@id\":\"https:\\\/\\\/www.protect-the-planet.de\\\/en\\\/2022-12-06-die-windwende-auch-in-bayern\\\/#breadcrumb\",\"itemListElement\":[{\"@type\":\"ListItem\",\"position\":1,\"name\":\"Startseite\",\"item\":\"https:\\\/\\\/www.protect-the-planet.de\\\/en\\\/home\\\/\"},{\"@type\":\"ListItem\",\"position\":2,\"name\":\"Ausbau der Windenergie &#8211; Die &#8222;Wind-Wende&#8220; auch in Bayern?\"}]},{\"@type\":\"WebSite\",\"@id\":\"https:\\\/\\\/www.protect-the-planet.de\\\/en\\\/#website\",\"url\":\"https:\\\/\\\/www.protect-the-planet.de\\\/en\\\/\",\"name\":\"Protect the Planet\",\"description\":\"If we don&#039;t change, the climate will.\",\"publisher\":{\"@id\":\"https:\\\/\\\/www.protect-the-planet.de\\\/en\\\/#organization\"},\"alternateName\":\"Protect the Panet gGmbH\",\"potentialAction\":[{\"@type\":\"SearchAction\",\"target\":{\"@type\":\"EntryPoint\",\"urlTemplate\":\"https:\\\/\\\/www.protect-the-planet.de\\\/en\\\/?s={search_term_string}\"},\"query-input\":{\"@type\":\"PropertyValueSpecification\",\"valueRequired\":true,\"valueName\":\"search_term_string\"}}],\"inLanguage\":\"en-US\"},{\"@type\":\"Organization\",\"@id\":\"https:\\\/\\\/www.protect-the-planet.de\\\/en\\\/#organization\",\"name\":\"Protect the Planet\",\"url\":\"https:\\\/\\\/www.protect-the-planet.de\\\/en\\\/\",\"logo\":{\"@type\":\"ImageObject\",\"inLanguage\":\"en-US\",\"@id\":\"https:\\\/\\\/www.protect-the-planet.de\\\/en\\\/#\\\/schema\\\/logo\\\/image\\\/\",\"url\":\"https:\\\/\\\/www.protect-the-planet.de\\\/wp-content\\\/uploads\\\/2023\\\/09\\\/LOGO-positiv_transparent-klein.png\",\"contentUrl\":\"https:\\\/\\\/www.protect-the-planet.de\\\/wp-content\\\/uploads\\\/2023\\\/09\\\/LOGO-positiv_transparent-klein.png\",\"width\":123,\"height\":68,\"caption\":\"Protect the Planet\"},\"image\":{\"@id\":\"https:\\\/\\\/www.protect-the-planet.de\\\/en\\\/#\\\/schema\\\/logo\\\/image\\\/\"},\"sameAs\":[\"https:\\\/\\\/www.facebook.com\\\/protecttheplanetDE\\\/\",\"https:\\\/\\\/x.com\\\/PtP_de\",\"https:\\\/\\\/www.instagram.com\\\/protecttheplanetorg\\\/\",\"https:\\\/\\\/www.linkedin.com\\\/company\\\/protect-the-planet\",\"https:\\\/\\\/www.youtube.com\\\/@protecttheplanet\"]},{\"@type\":\"Person\",\"@id\":\"https:\\\/\\\/www.protect-the-planet.de\\\/en\\\/#\\\/schema\\\/person\\\/94315f5fbca131d26764146a638b8fc6\",\"name\":\"Jana H\u00e4fner\",\"image\":{\"@type\":\"ImageObject\",\"inLanguage\":\"en-US\",\"@id\":\"https:\\\/\\\/www.protect-the-planet.de\\\/wp-content\\\/uploads\\\/2024\\\/04\\\/cropped-2310_ProtectThePlanet_206-96x96.jpg\",\"url\":\"https:\\\/\\\/www.protect-the-planet.de\\\/wp-content\\\/uploads\\\/2024\\\/04\\\/cropped-2310_ProtectThePlanet_206-96x96.jpg\",\"contentUrl\":\"https:\\\/\\\/www.protect-the-planet.de\\\/wp-content\\\/uploads\\\/2024\\\/04\\\/cropped-2310_ProtectThePlanet_206-96x96.jpg\",\"caption\":\"Jana H\u00e4fner\"},\"description\":\"jana.haefner@protect-the-planet.de +49 152 53089270\",\"url\":\"https:\\\/\\\/www.protect-the-planet.de\\\/en\\\/author\\\/jana-haefner\\\/\"}]}<\/script>\n<!-- \/ Yoast SEO plugin. -->","yoast_head_json":{"title":"Ausbau der Windenergie - Die \"Wind-Wende\" auch in Bayern? - Protect the Planet","description":"Hybrid-Vortrag: Ausbau der Windenergie - die \"Wind-Wende\" auch in Bayern?","robots":{"index":"index","follow":"follow","max-snippet":"max-snippet:-1","max-image-preview":"max-image-preview:large","max-video-preview":"max-video-preview:-1"},"canonical":"https:\/\/www.protect-the-planet.de\/en\/2022-12-06-die-windwende-auch-in-bayern\/","og_locale":"en_US","og_type":"article","og_title":"Ausbau der Windenergie - Die \"Wind-Wende\" auch in Bayern? - Protect the Planet","og_description":"Hybrid-Vortrag: Ausbau der Windenergie - die \"Wind-Wende\" auch in Bayern?","og_url":"https:\/\/www.protect-the-planet.de\/en\/2022-12-06-die-windwende-auch-in-bayern\/","og_site_name":"Protect the Planet","article_publisher":"https:\/\/www.facebook.com\/protecttheplanetDE\/","article_published_time":"2022-12-06T13:19:00+00:00","article_modified_time":"2025-12-17T14:06:44+00:00","og_image":[{"width":1920,"height":1080,"url":"https:\/\/www.protect-the-planet.de\/wp-content\/uploads\/2023\/11\/platzhalter.jpg","type":"image\/jpeg"}],"author":"Jana H\u00e4fner","twitter_card":"summary_large_image","twitter_creator":"@PtP_de","twitter_site":"@PtP_de","twitter_misc":{"Written by":"Jana H\u00e4fner","Est. reading time":"2 minutes"},"schema":{"@context":"https:\/\/schema.org","@graph":[{"@type":"Article","@id":"https:\/\/www.protect-the-planet.de\/en\/2022-12-06-die-windwende-auch-in-bayern\/#article","isPartOf":{"@id":"https:\/\/www.protect-the-planet.de\/en\/2022-12-06-die-windwende-auch-in-bayern\/"},"author":{"name":"Jana H\u00e4fner","@id":"https:\/\/www.protect-the-planet.de\/en\/#\/schema\/person\/94315f5fbca131d26764146a638b8fc6"},"headline":"Ausbau der Windenergie &#8211; Die &#8220;Wind-Wende&#8221; auch in Bayern?","datePublished":"2022-12-06T13:19:00+00:00","dateModified":"2025-12-17T14:06:44+00:00","mainEntityOfPage":{"@id":"https:\/\/www.protect-the-planet.de\/en\/2022-12-06-die-windwende-auch-in-bayern\/"},"wordCount":239,"publisher":{"@id":"https:\/\/www.protect-the-planet.de\/en\/#organization"},"image":{"@id":"https:\/\/www.protect-the-planet.de\/en\/2022-12-06-die-windwende-auch-in-bayern\/#primaryimage"},"thumbnailUrl":"https:\/\/www.protect-the-planet.de\/wp-content\/uploads\/2023\/11\/platzhalter.jpg","keywords":["Vortrag","Vortragsreihe","WindRat","Zukunftssalon"],"articleSection":["Energie, Heizen, Bauen","Event archive"],"inLanguage":"en-US"},{"@type":"WebPage","@id":"https:\/\/www.protect-the-planet.de\/en\/2022-12-06-die-windwende-auch-in-bayern\/","url":"https:\/\/www.protect-the-planet.de\/en\/2022-12-06-die-windwende-auch-in-bayern\/","name":"Ausbau der Windenergie - Die \"Wind-Wende\" auch in Bayern? - Protect the Planet","isPartOf":{"@id":"https:\/\/www.protect-the-planet.de\/en\/#website"},"primaryImageOfPage":{"@id":"https:\/\/www.protect-the-planet.de\/en\/2022-12-06-die-windwende-auch-in-bayern\/#primaryimage"},"image":{"@id":"https:\/\/www.protect-the-planet.de\/en\/2022-12-06-die-windwende-auch-in-bayern\/#primaryimage"},"thumbnailUrl":"https:\/\/www.protect-the-planet.de\/wp-content\/uploads\/2023\/11\/platzhalter.jpg","datePublished":"2022-12-06T13:19:00+00:00","dateModified":"2025-12-17T14:06:44+00:00","description":"Hybrid-Vortrag: Ausbau der Windenergie - die \"Wind-Wende\" auch in Bayern?","breadcrumb":{"@id":"https:\/\/www.protect-the-planet.de\/en\/2022-12-06-die-windwende-auch-in-bayern\/#breadcrumb"},"inLanguage":"en-US","potentialAction":[{"@type":"ReadAction","target":["https:\/\/www.protect-the-planet.de\/en\/2022-12-06-die-windwende-auch-in-bayern\/"]}]},{"@type":"ImageObject","inLanguage":"en-US","@id":"https:\/\/www.protect-the-planet.de\/en\/2022-12-06-die-windwende-auch-in-bayern\/#primaryimage","url":"https:\/\/www.protect-the-planet.de\/wp-content\/uploads\/2023\/11\/platzhalter.jpg","contentUrl":"https:\/\/www.protect-the-planet.de\/wp-content\/uploads\/2023\/11\/platzhalter.jpg","width":1920,"height":1080,"caption":"Veranstaltungen Beitragsbild Platzhalter"},{"@type":"BreadcrumbList","@id":"https:\/\/www.protect-the-planet.de\/en\/2022-12-06-die-windwende-auch-in-bayern\/#breadcrumb","itemListElement":[{"@type":"ListItem","position":1,"name":"Startseite","item":"https:\/\/www.protect-the-planet.de\/en\/home\/"},{"@type":"ListItem","position":2,"name":"Ausbau der Windenergie &#8211; Die &#8222;Wind-Wende&#8220; auch in Bayern?"}]},{"@type":"WebSite","@id":"https:\/\/www.protect-the-planet.de\/en\/#website","url":"https:\/\/www.protect-the-planet.de\/en\/","name":"Protect the Planet","description":"If we don&#039;t change, the climate will.","publisher":{"@id":"https:\/\/www.protect-the-planet.de\/en\/#organization"},"alternateName":"Protect the Panet gGmbH","potentialAction":[{"@type":"SearchAction","target":{"@type":"EntryPoint","urlTemplate":"https:\/\/www.protect-the-planet.de\/en\/?s={search_term_string}"},"query-input":{"@type":"PropertyValueSpecification","valueRequired":true,"valueName":"search_term_string"}}],"inLanguage":"en-US"},{"@type":"Organization","@id":"https:\/\/www.protect-the-planet.de\/en\/#organization","name":"Protect the Planet","url":"https:\/\/www.protect-the-planet.de\/en\/","logo":{"@type":"ImageObject","inLanguage":"en-US","@id":"https:\/\/www.protect-the-planet.de\/en\/#\/schema\/logo\/image\/","url":"https:\/\/www.protect-the-planet.de\/wp-content\/uploads\/2023\/09\/LOGO-positiv_transparent-klein.png","contentUrl":"https:\/\/www.protect-the-planet.de\/wp-content\/uploads\/2023\/09\/LOGO-positiv_transparent-klein.png","width":123,"height":68,"caption":"Protect the Planet"},"image":{"@id":"https:\/\/www.protect-the-planet.de\/en\/#\/schema\/logo\/image\/"},"sameAs":["https:\/\/www.facebook.com\/protecttheplanetDE\/","https:\/\/x.com\/PtP_de","https:\/\/www.instagram.com\/protecttheplanetorg\/","https:\/\/www.linkedin.com\/company\/protect-the-planet","https:\/\/www.youtube.com\/@protecttheplanet"]},{"@type":"Person","@id":"https:\/\/www.protect-the-planet.de\/en\/#\/schema\/person\/94315f5fbca131d26764146a638b8fc6","name":"Jana H\u00e4fner","image":{"@type":"ImageObject","inLanguage":"en-US","@id":"https:\/\/www.protect-the-planet.de\/wp-content\/uploads\/2024\/04\/cropped-2310_ProtectThePlanet_206-96x96.jpg","url":"https:\/\/www.protect-the-planet.de\/wp-content\/uploads\/2024\/04\/cropped-2310_ProtectThePlanet_206-96x96.jpg","contentUrl":"https:\/\/www.protect-the-planet.de\/wp-content\/uploads\/2024\/04\/cropped-2310_ProtectThePlanet_206-96x96.jpg","caption":"Jana H\u00e4fner"},"description":"jana.haefner@protect-the-planet.de +49 152 53089270","url":"https:\/\/www.protect-the-planet.de\/en\/author\/jana-haefner\/"}]}},"_links":{"self":[{"href":"https:\/\/www.protect-the-planet.de\/en\/wp-json\/wp\/v2\/posts\/31453","targetHints":{"allow":["GET"]}}],"collection":[{"href":"https:\/\/www.protect-the-planet.de\/en\/wp-json\/wp\/v2\/posts"}],"about":[{"href":"https:\/\/www.protect-the-planet.de\/en\/wp-json\/wp\/v2\/types\/post"}],"author":[{"embeddable":true,"href":"https:\/\/www.protect-the-planet.de\/en\/wp-json\/wp\/v2\/users\/4"}],"replies":[{"embeddable":true,"href":"https:\/\/www.protect-the-planet.de\/en\/wp-json\/wp\/v2\/comments?post=31453"}],"version-history":[{"count":2,"href":"https:\/\/www.protect-the-planet.de\/en\/wp-json\/wp\/v2\/posts\/31453\/revisions"}],"predecessor-version":[{"id":34131,"href":"https:\/\/www.protect-the-planet.de\/en\/wp-json\/wp\/v2\/posts\/31453\/revisions\/34131"}],"wp:featuredmedia":[{"embeddable":true,"href":"https:\/\/www.protect-the-planet.de\/en\/wp-json\/wp\/v2\/media\/23025"}],"wp:attachment":[{"href":"https:\/\/www.protect-the-planet.de\/en\/wp-json\/wp\/v2\/media?parent=31453"}],"wp:term":[{"taxonomy":"category","embeddable":true,"href":"https:\/\/www.protect-the-planet.de\/en\/wp-json\/wp\/v2\/categories?post=31453"},{"taxonomy":"post_tag","embeddable":true,"href":"https:\/\/www.protect-the-planet.de\/en\/wp-json\/wp\/v2\/tags?post=31453"}],"curies":[{"name":"wp","href":"https:\/\/api.w.org\/{rel}","templated":true}]}}