{"id":31438,"date":"2023-05-25T10:44:00","date_gmt":"2023-05-25T08:44:00","guid":{"rendered":"https:\/\/www.protect-the-planet.de\/2023-05-25-schneider-dafe-klimakompensation\/"},"modified":"2025-07-07T14:15:44","modified_gmt":"2025-07-07T12:15:44","slug":"2023-05-25-schneider-dafe-klimakompensation","status":"publish","type":"post","link":"https:\/\/www.protect-the-planet.de\/en\/2023-05-25-schneider-dafe-klimakompensation\/","title":{"rendered":"&#8220;Klima-Kompensation: Ist drin was versprochen ist?&#8221;"},"content":{"rendered":"\n<p class=\"has-text-align-center\"><strong>In unserer Reihe &#8220;Klima &#8211; Was kann ich tun?\u201c<\/strong><\/p>\n\n\n\n<h2 class=\"wp-block-heading has-text-align-center\">Dr. Lambert Schneider<\/h2>\n\n\n\n<p class=\"has-text-align-center\">\u00d6ko-Institut Berlin, internationale Klimapolitik\u00a0<\/p>\n\n\n\n<p class=\"has-text-align-center\"><strong>und<\/strong><\/p>\n\n\n\n<h2 class=\"wp-block-heading has-text-align-center\">Phillip Dafe<\/h2>\n\n\n\n<p class=\"has-text-align-center\">\u00a0Landratsamt M\u00fcnchen, Projektleiter \u201eAktion Zukunft+\u201c<\/p>\n\n\n\n<div style=\"height:30px\" aria-hidden=\"true\" class=\"wp-block-spacer\"><\/div>\n\n\n\n<hr class=\"wp-block-separator has-alpha-channel-opacity\"\/>\n\n\n\n<div style=\"height:30px\" aria-hidden=\"true\" class=\"wp-block-spacer\"><\/div>\n\n\n\n<p class=\"has-text-align-center\"><a href=\"https:\/\/www.protect-the-planet.de\/wp-content\/uploads\/2023\/09\/Einladungstext-Kompensation-2023_05_25.pdf\"><strong>Event-Info PDF | Dr. Helmut Paschlau<\/strong><\/a><\/p>\n\n\n\n <div class=\"brlbs-cmpnt-container brlbs-cmpnt-content-blocker brlbs-cmpnt-with-individual-styles\" data-borlabs-cookie-content-blocker-id=\"youtube-content-blocker\" data-borlabs-cookie-content=\"PGlmcmFtZSB0aXRsZT0iWW91VHViZSB2aWRlbyBwbGF5ZXIiIHNyYz0iaHR0cHM6Ly93d3cueW91dHViZS1ub2Nvb2tpZS5jb20vZW1iZWQvQ0VyWE1YWjVNb3c\/c2k9c1J2ZF9nNnNKVmtzY2VxaiIgd2lkdGg9IjU2MCIgaGVpZ2h0PSIzMTUiIGZyYW1lYm9yZGVyPSIwIiBhbGxvd2Z1bGxzY3JlZW49ImFsbG93ZnVsbHNjcmVlbiI+PC9pZnJhbWU+\"><div class=\"brlbs-cmpnt-cb-preset-c brlbs-cmpnt-cb-youtube\"> <div class=\"brlbs-cmpnt-cb-thumbnail\" style=\"background-image: url('https:\/\/www.protect-the-planet.de\/wp-content\/uploads\/borlabs-cookie\/1\/yt_CErXMXZ5Mow_hqdefault.jpg')\"><\/div> <div class=\"brlbs-cmpnt-cb-main\"> <div class=\"brlbs-cmpnt-cb-play-button\"><\/div> <div class=\"brlbs-cmpnt-cb-content\"> <p class=\"brlbs-cmpnt-cb-description\">You are currently viewing a placeholder content from <strong>YouTube<\/strong>. To access the actual content, click the button below. Please note that doing so will share data with third-party providers.<\/p> <a class=\"brlbs-cmpnt-cb-provider-toggle\" href=\"#\" data-borlabs-cookie-show-provider-information role=\"button\">More Information<\/a> <\/div> <div class=\"brlbs-cmpnt-cb-buttons\"> <a class=\"brlbs-cmpnt-cb-btn\" href=\"#\" data-borlabs-cookie-unblock role=\"button\">Unblock content<\/a> <a class=\"brlbs-cmpnt-cb-btn\" href=\"#\" data-borlabs-cookie-accept-service role=\"button\" style=\"display: inherit\">Accept required service and unblock content<\/a> <\/div> <\/div> <\/div><\/div>\n\n\n\n<p class=\"has-text-align-center\"><br><strong><a href=\"https:\/\/www.protect-the-planet.de\/wp-content\/uploads\/2023\/09\/2023_05_25-Dr.-SCHNEIDER-Klimakompensation.pdf\">Vortragsfolien PDF | Dr. Lambert Schneider<\/a><\/strong>                       <a href=\"https:\/\/www.protect-the-planet.de\/wp-content\/uploads\/2023\/09\/2023_05_25-Phillip-Dafe-Klimakompensation.pdf\"><strong>Vortragsfolien PDF | Philip Dafe<\/strong><\/a><\/p>\n\n\n\n<div style=\"height:30px\" aria-hidden=\"true\" class=\"wp-block-spacer\"><\/div>\n\n\n\n<p>F\u00fcr 11\u20ac den Kurztrip M\u00fcnchen_Malle klimaseitig \u201ekompensieren\u201c \u2013 prima, kostet wenig und das schlechte Gewissen ist beruhigt!<\/p>\n\n\n\n<p>Sp\u00e4testens seit den neuesten Enth\u00fcllungen, dass CO2-Kompensations-Zertifikate vielfach nicht halten (k\u00f6nnen), was sie versprechen, ist Vertrauen zerst\u00f6rt. Etwa wenn 90% der \u201eWald-Kompensationen\u201c im Amazon durch den US-amerikanischen Marktf\u00fchrer unbrauchbar sind, weil sie keine einzige Tonne CO2 tats\u00e4chlich und auf Dauer \u201eausgleichen\u201c.<\/p>\n\n\n\n<p>In zwei Vortr\u00e4gen von <strong>Dr. Lambert Schneider und Phillip Dafe<\/strong> sollen Fakten her: Was sind CO2-Kompensations-Zertifikate wirklich wert? Wer \u00fcberpr\u00fcft sie? Was kosten sie derzeit auf dem \u201eMafia\u201c-Markt und was m\u00fcssten sie kosten? Gibt es seri\u00f6se? Andererseits ein neues Projekt des Landkreises M\u00fcnchen, \u201eAktion Zukunft+\u201c: Mittels Crowd-funding kann jede B\u00fcrger:in f\u00fcr kleines Geld selbstbestimmt und nachpr\u00fcfbar Klimaschutz-Projekte mit-finanzieren, global und vor der eigenen Haust\u00fcr.<\/p>\n\n\n\n<h3 class=\"wp-block-heading\"><strong>Zum Weiterlesen:<\/strong><\/h3>\n\n\n\n<ul class=\"wp-block-list\">\n<li>Umweltbundesamt (UBA), Kompensations-Tipps f\u00fcr den Alltag: <a href=\"https:\/\/www.umweltbundesamt.de\/umwelttipps-fuer-den-alltag\/uebergreifende-tipps\/kompensation-von-treibhausgasemissionen#unsere-tipps\" target=\"_blank\" rel=\"noreferrer noopener\">https:\/\/www.umweltbundesamt.de\/umwelttipps-fuer-den-alltag\/uebergreifende-tipps\/kompensation-von-treibhausgasemissionen#unsere-tipps<\/a><\/li>\n\n\n\n<li><em>DIE ZEIT<\/em>, 19.01.2023: \u201eGr\u00fcn getarnt \u2013 Die Geschichte eines globalen Skandals\u201c, 26.01.2023: \u201eDas Label ist im Grunde tot\u201c (Drogeriekette Rossmann) und: 02.02.2023 \u201eTaumelndes Einhorn \u2013 Missst\u00e4nde auf dem globalen Kompensations-markt\u201c<\/li>\n\n\n\n<li><em>S\u00fcddeutsche Zeitung<\/em>, 04.05.2023: \u201eUnausgeglichen\u201c<\/li>\n\n\n\n<li>VERRA homepage: <a href=\"https:\/\/verra.org\/\" target=\"_blank\" rel=\"noreferrer noopener\">https:\/\/verra.org\/<\/a><\/li>\n\n\n\n<li>Landkreis M\u00fcnchen, \u201eAktion Zukunft+\u201c:<a href=\"https:\/\/www.energieagentur-ebe-m.de\/News\/2536\/Alle-Informationen-zur-Aktion-Zukunft-jetzt-im-Video.html\" target=\"_blank\" rel=\"noreferrer noopener\"> https:\/\/www.energieagentur-ebe-m.de\/News\/2536\/Alle-Informationen-zur-Aktion-Zukunft-jetzt-im-Video.html<\/a> <\/li>\n\n\n\n<li>Energieagentur Ebersberg als Kooperationspartner des Landkreises M\u00fcnchen: <a href=\"https:\/\/www.energieagentur-ebe-m.de\" target=\"_blank\" rel=\"noreferrer noopener\">www.energieagentur-ebe-m.de<\/a><\/li>\n<\/ul>\n\n\n\n<div style=\"height:30px\" aria-hidden=\"true\" class=\"wp-block-spacer\"><\/div>\n\n\n\n<hr class=\"wp-block-separator has-alpha-channel-opacity\"\/>\n\n\n\n<div style=\"height:30px\" aria-hidden=\"true\" class=\"wp-block-spacer\"><\/div>\n\n\n\n<p class=\"has-text-align-center\"><strong>Die Veranstalter<\/strong>:<\/p>\n\n\n\n<p class=\"has-text-align-center\"><a href=\"https:\/\/energienetzwerk-muc.de\/\">Saubere Energie M\u00fcnchen e.V.<\/a> und <a href=\"https:\/\/twitter.com\/ptp_de\/\">Protect the Planet<\/a><\/p>\n\n\n\n<p class=\"has-text-align-left\"><strong>Event-Kooperationspartner:<\/strong><\/p>\n\n\n\n<p><a href=\"https:\/\/twitter.com\/fff_muc\">Fridays for Future M\u00fcnchen<\/a><a href=\"https:\/\/www.mvhs.de\/\">,<\/a> <a href=\"http:\/\/bn-muenchen.de\/\">Bund Naturschutz in Bayern e.V. Kreisgruppe M\u00fcnchen<\/a><a href=\"https:\/\/www.mvhs.de\/\">, <\/a><a href=\"http:\/\/forum-csr.net\/\">forum Nachhaltig Wirtschaften<\/a><a href=\"https:\/\/www.mvhs.de\/\">, <\/a><a href=\"https:\/\/www.greencity.de\/verein\/\">Greencity \u2013 der Verein<\/a><a href=\"https:\/\/www.mvhs.de\/\">, <\/a><a href=\"https:\/\/www.m-i-n.net\/\">M\u00fcnchner Initiative Nachhaltigkeit,<\/a><a href=\"https:\/\/twitter.com\/Kohleausstieg_M\"> Raus-aus-der-Steinkohle M\u00fcnchen<\/a><a href=\"https:\/\/www.mvhs.de\/\">, <\/a><a href=\"https:\/\/fossilfreemunich.wixsite.com\/home\">Fossil Free M\u00fcnchen<\/a><a href=\"https:\/\/www.mvhs.de\/\">, <\/a><a href=\"https:\/\/muenchen.scientists4future.org\/\">Scientists4Future M\u00fcnchen<\/a><a href=\"https:\/\/www.mvhs.de\/\">, <\/a><a href=\"https:\/\/oekom-verein.de\/\">oekom e.V.<\/a><\/p>\n\n\n\n<p><\/p>\n\n\n\n<p><strong>Medienpartner:<\/strong><br><a href=\"https:\/\/lora924.de\/\">Freies Radio LORA M\u00fcnchen<\/a><\/p>\n\n\n\n<p><strong>Diese Veranstaltung wird gef\u00f6rdert von der Spardabank M\u00fcnchen.<\/strong><\/p>\n\n\n\n<p class=\"has-text-align-left\"><\/p>\n\n\n\n<div style=\"height:30px\" aria-hidden=\"true\" class=\"wp-block-spacer\"><\/div>\n\n\n\n<p><\/p>\n","protected":false},"excerpt":{"rendered":"<p>Dr. Lambert Schneider (\u00d6ko-Institut Berlin, internationale Klimapolitik) und Phillip Dafe (Landratsamt M\u00fcnchen, Projektleiter \u201eAktion Zukunft+\u201c)<\/p>\n","protected":false},"author":4,"featured_media":21796,"comment_status":"closed","ping_status":"closed","sticky":false,"template":"","format":"standard","meta":{"footnotes":""},"categories":[1509,1543],"tags":[1367,1559,698,1450,1451,1452,710,1395,1453,1454,1455,1456,702,703],"class_list":["post-31438","post","type-post","status-publish","format-standard","has-post-thumbnail","hentry","category-event-archive","category-klima-recht-gerechtigkeit-en","tag-bildung-nachhaltige-entwicklung-en","tag-co2-und-klimaneutralitaet-en","tag-dr-helmut-paschlau-en","tag-dr-lambert-schneider-en","tag-finanzen-en","tag-green-finance-en","tag-klimaschutz-en","tag-kompensation-en","tag-lambert-schneider-en","tag-nachhaltige-finanzplanung-en","tag-nachhaltige-vermoegensplanung-en","tag-phillip-dafe-en","tag-vortrag-en","tag-vortragsreihe-en"],"yoast_head":"<!-- This site is optimized with the Yoast SEO plugin v27.4 - https:\/\/yoast.com\/product\/yoast-seo-wordpress\/ -->\n<title>&quot;Klima-Kompensation: Ist drin was versprochen ist?&quot; - Protect the Planet<\/title>\n<meta name=\"description\" content=\"Halten Klima-Kompensationsversprechen was sie versprechen? Dar\u00fcber sprechen wir in zwei Vortr\u00e4gen mit Dr. Lambert Schneider und Phillip Dafe.\" \/>\n<meta name=\"robots\" content=\"index, follow, max-snippet:-1, max-image-preview:large, max-video-preview:-1\" \/>\n<link rel=\"canonical\" href=\"https:\/\/www.protect-the-planet.de\/en\/2023-05-25-schneider-dafe-klimakompensation\/\" \/>\n<meta property=\"og:locale\" content=\"en_US\" \/>\n<meta property=\"og:type\" content=\"article\" \/>\n<meta property=\"og:title\" content=\"&quot;Klima-Kompensation: Ist drin was versprochen ist?&quot; - Protect the Planet\" \/>\n<meta property=\"og:description\" content=\"Halten Klima-Kompensationsversprechen was sie versprechen? Dar\u00fcber sprechen wir in zwei Vortr\u00e4gen mit Dr. Lambert Schneider und Phillip Dafe.\" \/>\n<meta property=\"og:url\" content=\"https:\/\/www.protect-the-planet.de\/en\/2023-05-25-schneider-dafe-klimakompensation\/\" \/>\n<meta property=\"og:site_name\" content=\"Protect the Planet\" \/>\n<meta property=\"article:publisher\" content=\"https:\/\/www.facebook.com\/protecttheplanetDE\/\" \/>\n<meta property=\"article:published_time\" content=\"2023-05-25T08:44:00+00:00\" \/>\n<meta property=\"article:modified_time\" content=\"2025-07-07T12:15:44+00:00\" \/>\n<meta property=\"og:image\" content=\"https:\/\/www.protect-the-planet.de\/wp-content\/uploads\/2023\/04\/2023_05_25-Dafe-Klimakompensation-hp-fb-li.png\" \/>\n\t<meta property=\"og:image:width\" content=\"1920\" \/>\n\t<meta property=\"og:image:height\" content=\"1080\" \/>\n\t<meta property=\"og:image:type\" content=\"image\/png\" \/>\n<meta name=\"author\" content=\"Jana H\u00e4fner\" \/>\n<meta name=\"twitter:card\" content=\"summary_large_image\" \/>\n<meta name=\"twitter:creator\" content=\"@PtP_de\" \/>\n<meta name=\"twitter:site\" content=\"@PtP_de\" \/>\n<meta name=\"twitter:label1\" content=\"Written by\" \/>\n\t<meta name=\"twitter:data1\" content=\"Jana H\u00e4fner\" \/>\n\t<meta name=\"twitter:label2\" content=\"Est. reading time\" \/>\n\t<meta name=\"twitter:data2\" content=\"2 minutes\" \/>\n<script type=\"application\/ld+json\" class=\"yoast-schema-graph\">{\"@context\":\"https:\\\/\\\/schema.org\",\"@graph\":[{\"@type\":\"Article\",\"@id\":\"https:\\\/\\\/www.protect-the-planet.de\\\/en\\\/2023-05-25-schneider-dafe-klimakompensation\\\/#article\",\"isPartOf\":{\"@id\":\"https:\\\/\\\/www.protect-the-planet.de\\\/en\\\/2023-05-25-schneider-dafe-klimakompensation\\\/\"},\"author\":{\"name\":\"Jana H\u00e4fner\",\"@id\":\"https:\\\/\\\/www.protect-the-planet.de\\\/en\\\/#\\\/schema\\\/person\\\/94315f5fbca131d26764146a638b8fc6\"},\"headline\":\"&#8220;Klima-Kompensation: Ist drin was versprochen ist?&#8221;\",\"datePublished\":\"2023-05-25T08:44:00+00:00\",\"dateModified\":\"2025-07-07T12:15:44+00:00\",\"mainEntityOfPage\":{\"@id\":\"https:\\\/\\\/www.protect-the-planet.de\\\/en\\\/2023-05-25-schneider-dafe-klimakompensation\\\/\"},\"wordCount\":329,\"publisher\":{\"@id\":\"https:\\\/\\\/www.protect-the-planet.de\\\/en\\\/#organization\"},\"image\":{\"@id\":\"https:\\\/\\\/www.protect-the-planet.de\\\/en\\\/2023-05-25-schneider-dafe-klimakompensation\\\/#primaryimage\"},\"thumbnailUrl\":\"https:\\\/\\\/www.protect-the-planet.de\\\/wp-content\\\/uploads\\\/2023\\\/04\\\/2023_05_25-Dafe-Klimakompensation-hp-fb-li.png\",\"keywords\":[\"Bildung Nachhaltige Entwicklung\",\"CO2 und Klimaneutralit\u00e4t\",\"Dr. Helmut Paschlau\",\"Dr. Lambert Schneider\",\"Finanzen\",\"green finance\",\"Klimaschutz\",\"Kompensation\",\"Lambert Schneider\",\"nachhaltige Finanzplanung\",\"nachhaltige Verm\u00f6gensplanung\",\"Phillip Dafe\",\"Vortrag\",\"Vortragsreihe\"],\"articleSection\":[\"Event archive\",\"Klima-Recht &amp; Gerechtigkeit\"],\"inLanguage\":\"en-US\"},{\"@type\":\"WebPage\",\"@id\":\"https:\\\/\\\/www.protect-the-planet.de\\\/en\\\/2023-05-25-schneider-dafe-klimakompensation\\\/\",\"url\":\"https:\\\/\\\/www.protect-the-planet.de\\\/en\\\/2023-05-25-schneider-dafe-klimakompensation\\\/\",\"name\":\"\\\"Klima-Kompensation: Ist drin was versprochen ist?\\\" - Protect the Planet\",\"isPartOf\":{\"@id\":\"https:\\\/\\\/www.protect-the-planet.de\\\/en\\\/#website\"},\"primaryImageOfPage\":{\"@id\":\"https:\\\/\\\/www.protect-the-planet.de\\\/en\\\/2023-05-25-schneider-dafe-klimakompensation\\\/#primaryimage\"},\"image\":{\"@id\":\"https:\\\/\\\/www.protect-the-planet.de\\\/en\\\/2023-05-25-schneider-dafe-klimakompensation\\\/#primaryimage\"},\"thumbnailUrl\":\"https:\\\/\\\/www.protect-the-planet.de\\\/wp-content\\\/uploads\\\/2023\\\/04\\\/2023_05_25-Dafe-Klimakompensation-hp-fb-li.png\",\"datePublished\":\"2023-05-25T08:44:00+00:00\",\"dateModified\":\"2025-07-07T12:15:44+00:00\",\"description\":\"Halten Klima-Kompensationsversprechen was sie versprechen? Dar\u00fcber sprechen wir in zwei Vortr\u00e4gen mit Dr. Lambert Schneider und Phillip Dafe.\",\"breadcrumb\":{\"@id\":\"https:\\\/\\\/www.protect-the-planet.de\\\/en\\\/2023-05-25-schneider-dafe-klimakompensation\\\/#breadcrumb\"},\"inLanguage\":\"en-US\",\"potentialAction\":[{\"@type\":\"ReadAction\",\"target\":[\"https:\\\/\\\/www.protect-the-planet.de\\\/en\\\/2023-05-25-schneider-dafe-klimakompensation\\\/\"]}]},{\"@type\":\"ImageObject\",\"inLanguage\":\"en-US\",\"@id\":\"https:\\\/\\\/www.protect-the-planet.de\\\/en\\\/2023-05-25-schneider-dafe-klimakompensation\\\/#primaryimage\",\"url\":\"https:\\\/\\\/www.protect-the-planet.de\\\/wp-content\\\/uploads\\\/2023\\\/04\\\/2023_05_25-Dafe-Klimakompensation-hp-fb-li.png\",\"contentUrl\":\"https:\\\/\\\/www.protect-the-planet.de\\\/wp-content\\\/uploads\\\/2023\\\/04\\\/2023_05_25-Dafe-Klimakompensation-hp-fb-li.png\",\"width\":1920,\"height\":1080,\"caption\":\"23\\\/05\\\/25 Schneider & Dafe\"},{\"@type\":\"BreadcrumbList\",\"@id\":\"https:\\\/\\\/www.protect-the-planet.de\\\/en\\\/2023-05-25-schneider-dafe-klimakompensation\\\/#breadcrumb\",\"itemListElement\":[{\"@type\":\"ListItem\",\"position\":1,\"name\":\"Startseite\",\"item\":\"https:\\\/\\\/www.protect-the-planet.de\\\/en\\\/home\\\/\"},{\"@type\":\"ListItem\",\"position\":2,\"name\":\"&#8222;Klima-Kompensation: Ist drin was versprochen ist?&#8220;\"}]},{\"@type\":\"WebSite\",\"@id\":\"https:\\\/\\\/www.protect-the-planet.de\\\/en\\\/#website\",\"url\":\"https:\\\/\\\/www.protect-the-planet.de\\\/en\\\/\",\"name\":\"Protect the Planet\",\"description\":\"If we don&#039;t change, the climate will.\",\"publisher\":{\"@id\":\"https:\\\/\\\/www.protect-the-planet.de\\\/en\\\/#organization\"},\"alternateName\":\"Protect the Panet gGmbH\",\"potentialAction\":[{\"@type\":\"SearchAction\",\"target\":{\"@type\":\"EntryPoint\",\"urlTemplate\":\"https:\\\/\\\/www.protect-the-planet.de\\\/en\\\/?s={search_term_string}\"},\"query-input\":{\"@type\":\"PropertyValueSpecification\",\"valueRequired\":true,\"valueName\":\"search_term_string\"}}],\"inLanguage\":\"en-US\"},{\"@type\":\"Organization\",\"@id\":\"https:\\\/\\\/www.protect-the-planet.de\\\/en\\\/#organization\",\"name\":\"Protect the Planet\",\"url\":\"https:\\\/\\\/www.protect-the-planet.de\\\/en\\\/\",\"logo\":{\"@type\":\"ImageObject\",\"inLanguage\":\"en-US\",\"@id\":\"https:\\\/\\\/www.protect-the-planet.de\\\/en\\\/#\\\/schema\\\/logo\\\/image\\\/\",\"url\":\"https:\\\/\\\/www.protect-the-planet.de\\\/wp-content\\\/uploads\\\/2023\\\/09\\\/LOGO-positiv_transparent-klein.png\",\"contentUrl\":\"https:\\\/\\\/www.protect-the-planet.de\\\/wp-content\\\/uploads\\\/2023\\\/09\\\/LOGO-positiv_transparent-klein.png\",\"width\":123,\"height\":68,\"caption\":\"Protect the Planet\"},\"image\":{\"@id\":\"https:\\\/\\\/www.protect-the-planet.de\\\/en\\\/#\\\/schema\\\/logo\\\/image\\\/\"},\"sameAs\":[\"https:\\\/\\\/www.facebook.com\\\/protecttheplanetDE\\\/\",\"https:\\\/\\\/x.com\\\/PtP_de\",\"https:\\\/\\\/www.instagram.com\\\/protecttheplanetorg\\\/\",\"https:\\\/\\\/www.linkedin.com\\\/company\\\/protect-the-planet\",\"https:\\\/\\\/www.youtube.com\\\/@protecttheplanet\"]},{\"@type\":\"Person\",\"@id\":\"https:\\\/\\\/www.protect-the-planet.de\\\/en\\\/#\\\/schema\\\/person\\\/94315f5fbca131d26764146a638b8fc6\",\"name\":\"Jana H\u00e4fner\",\"image\":{\"@type\":\"ImageObject\",\"inLanguage\":\"en-US\",\"@id\":\"https:\\\/\\\/www.protect-the-planet.de\\\/wp-content\\\/uploads\\\/2024\\\/04\\\/cropped-2310_ProtectThePlanet_206-96x96.jpg\",\"url\":\"https:\\\/\\\/www.protect-the-planet.de\\\/wp-content\\\/uploads\\\/2024\\\/04\\\/cropped-2310_ProtectThePlanet_206-96x96.jpg\",\"contentUrl\":\"https:\\\/\\\/www.protect-the-planet.de\\\/wp-content\\\/uploads\\\/2024\\\/04\\\/cropped-2310_ProtectThePlanet_206-96x96.jpg\",\"caption\":\"Jana H\u00e4fner\"},\"description\":\"jana.haefner@protect-the-planet.de +49 152 53089270\",\"url\":\"https:\\\/\\\/www.protect-the-planet.de\\\/en\\\/author\\\/jana-haefner\\\/\"}]}<\/script>\n<!-- \/ Yoast SEO plugin. -->","yoast_head_json":{"title":"\"Klima-Kompensation: Ist drin was versprochen ist?\" - Protect the Planet","description":"Halten Klima-Kompensationsversprechen was sie versprechen? Dar\u00fcber sprechen wir in zwei Vortr\u00e4gen mit Dr. Lambert Schneider und Phillip Dafe.","robots":{"index":"index","follow":"follow","max-snippet":"max-snippet:-1","max-image-preview":"max-image-preview:large","max-video-preview":"max-video-preview:-1"},"canonical":"https:\/\/www.protect-the-planet.de\/en\/2023-05-25-schneider-dafe-klimakompensation\/","og_locale":"en_US","og_type":"article","og_title":"\"Klima-Kompensation: Ist drin was versprochen ist?\" - Protect the Planet","og_description":"Halten Klima-Kompensationsversprechen was sie versprechen? Dar\u00fcber sprechen wir in zwei Vortr\u00e4gen mit Dr. Lambert Schneider und Phillip Dafe.","og_url":"https:\/\/www.protect-the-planet.de\/en\/2023-05-25-schneider-dafe-klimakompensation\/","og_site_name":"Protect the Planet","article_publisher":"https:\/\/www.facebook.com\/protecttheplanetDE\/","article_published_time":"2023-05-25T08:44:00+00:00","article_modified_time":"2025-07-07T12:15:44+00:00","og_image":[{"width":1920,"height":1080,"url":"https:\/\/www.protect-the-planet.de\/wp-content\/uploads\/2023\/04\/2023_05_25-Dafe-Klimakompensation-hp-fb-li.png","type":"image\/png"}],"author":"Jana H\u00e4fner","twitter_card":"summary_large_image","twitter_creator":"@PtP_de","twitter_site":"@PtP_de","twitter_misc":{"Written by":"Jana H\u00e4fner","Est. reading time":"2 minutes"},"schema":{"@context":"https:\/\/schema.org","@graph":[{"@type":"Article","@id":"https:\/\/www.protect-the-planet.de\/en\/2023-05-25-schneider-dafe-klimakompensation\/#article","isPartOf":{"@id":"https:\/\/www.protect-the-planet.de\/en\/2023-05-25-schneider-dafe-klimakompensation\/"},"author":{"name":"Jana H\u00e4fner","@id":"https:\/\/www.protect-the-planet.de\/en\/#\/schema\/person\/94315f5fbca131d26764146a638b8fc6"},"headline":"&#8220;Klima-Kompensation: Ist drin was versprochen ist?&#8221;","datePublished":"2023-05-25T08:44:00+00:00","dateModified":"2025-07-07T12:15:44+00:00","mainEntityOfPage":{"@id":"https:\/\/www.protect-the-planet.de\/en\/2023-05-25-schneider-dafe-klimakompensation\/"},"wordCount":329,"publisher":{"@id":"https:\/\/www.protect-the-planet.de\/en\/#organization"},"image":{"@id":"https:\/\/www.protect-the-planet.de\/en\/2023-05-25-schneider-dafe-klimakompensation\/#primaryimage"},"thumbnailUrl":"https:\/\/www.protect-the-planet.de\/wp-content\/uploads\/2023\/04\/2023_05_25-Dafe-Klimakompensation-hp-fb-li.png","keywords":["Bildung Nachhaltige Entwicklung","CO2 und Klimaneutralit\u00e4t","Dr. Helmut Paschlau","Dr. Lambert Schneider","Finanzen","green finance","Klimaschutz","Kompensation","Lambert Schneider","nachhaltige Finanzplanung","nachhaltige Verm\u00f6gensplanung","Phillip Dafe","Vortrag","Vortragsreihe"],"articleSection":["Event archive","Klima-Recht &amp; Gerechtigkeit"],"inLanguage":"en-US"},{"@type":"WebPage","@id":"https:\/\/www.protect-the-planet.de\/en\/2023-05-25-schneider-dafe-klimakompensation\/","url":"https:\/\/www.protect-the-planet.de\/en\/2023-05-25-schneider-dafe-klimakompensation\/","name":"\"Klima-Kompensation: Ist drin was versprochen ist?\" - Protect the Planet","isPartOf":{"@id":"https:\/\/www.protect-the-planet.de\/en\/#website"},"primaryImageOfPage":{"@id":"https:\/\/www.protect-the-planet.de\/en\/2023-05-25-schneider-dafe-klimakompensation\/#primaryimage"},"image":{"@id":"https:\/\/www.protect-the-planet.de\/en\/2023-05-25-schneider-dafe-klimakompensation\/#primaryimage"},"thumbnailUrl":"https:\/\/www.protect-the-planet.de\/wp-content\/uploads\/2023\/04\/2023_05_25-Dafe-Klimakompensation-hp-fb-li.png","datePublished":"2023-05-25T08:44:00+00:00","dateModified":"2025-07-07T12:15:44+00:00","description":"Halten Klima-Kompensationsversprechen was sie versprechen? Dar\u00fcber sprechen wir in zwei Vortr\u00e4gen mit Dr. Lambert Schneider und Phillip Dafe.","breadcrumb":{"@id":"https:\/\/www.protect-the-planet.de\/en\/2023-05-25-schneider-dafe-klimakompensation\/#breadcrumb"},"inLanguage":"en-US","potentialAction":[{"@type":"ReadAction","target":["https:\/\/www.protect-the-planet.de\/en\/2023-05-25-schneider-dafe-klimakompensation\/"]}]},{"@type":"ImageObject","inLanguage":"en-US","@id":"https:\/\/www.protect-the-planet.de\/en\/2023-05-25-schneider-dafe-klimakompensation\/#primaryimage","url":"https:\/\/www.protect-the-planet.de\/wp-content\/uploads\/2023\/04\/2023_05_25-Dafe-Klimakompensation-hp-fb-li.png","contentUrl":"https:\/\/www.protect-the-planet.de\/wp-content\/uploads\/2023\/04\/2023_05_25-Dafe-Klimakompensation-hp-fb-li.png","width":1920,"height":1080,"caption":"23\/05\/25 Schneider & Dafe"},{"@type":"BreadcrumbList","@id":"https:\/\/www.protect-the-planet.de\/en\/2023-05-25-schneider-dafe-klimakompensation\/#breadcrumb","itemListElement":[{"@type":"ListItem","position":1,"name":"Startseite","item":"https:\/\/www.protect-the-planet.de\/en\/home\/"},{"@type":"ListItem","position":2,"name":"&#8222;Klima-Kompensation: Ist drin was versprochen ist?&#8220;"}]},{"@type":"WebSite","@id":"https:\/\/www.protect-the-planet.de\/en\/#website","url":"https:\/\/www.protect-the-planet.de\/en\/","name":"Protect the Planet","description":"If we don&#039;t change, the climate will.","publisher":{"@id":"https:\/\/www.protect-the-planet.de\/en\/#organization"},"alternateName":"Protect the Panet gGmbH","potentialAction":[{"@type":"SearchAction","target":{"@type":"EntryPoint","urlTemplate":"https:\/\/www.protect-the-planet.de\/en\/?s={search_term_string}"},"query-input":{"@type":"PropertyValueSpecification","valueRequired":true,"valueName":"search_term_string"}}],"inLanguage":"en-US"},{"@type":"Organization","@id":"https:\/\/www.protect-the-planet.de\/en\/#organization","name":"Protect the Planet","url":"https:\/\/www.protect-the-planet.de\/en\/","logo":{"@type":"ImageObject","inLanguage":"en-US","@id":"https:\/\/www.protect-the-planet.de\/en\/#\/schema\/logo\/image\/","url":"https:\/\/www.protect-the-planet.de\/wp-content\/uploads\/2023\/09\/LOGO-positiv_transparent-klein.png","contentUrl":"https:\/\/www.protect-the-planet.de\/wp-content\/uploads\/2023\/09\/LOGO-positiv_transparent-klein.png","width":123,"height":68,"caption":"Protect the Planet"},"image":{"@id":"https:\/\/www.protect-the-planet.de\/en\/#\/schema\/logo\/image\/"},"sameAs":["https:\/\/www.facebook.com\/protecttheplanetDE\/","https:\/\/x.com\/PtP_de","https:\/\/www.instagram.com\/protecttheplanetorg\/","https:\/\/www.linkedin.com\/company\/protect-the-planet","https:\/\/www.youtube.com\/@protecttheplanet"]},{"@type":"Person","@id":"https:\/\/www.protect-the-planet.de\/en\/#\/schema\/person\/94315f5fbca131d26764146a638b8fc6","name":"Jana H\u00e4fner","image":{"@type":"ImageObject","inLanguage":"en-US","@id":"https:\/\/www.protect-the-planet.de\/wp-content\/uploads\/2024\/04\/cropped-2310_ProtectThePlanet_206-96x96.jpg","url":"https:\/\/www.protect-the-planet.de\/wp-content\/uploads\/2024\/04\/cropped-2310_ProtectThePlanet_206-96x96.jpg","contentUrl":"https:\/\/www.protect-the-planet.de\/wp-content\/uploads\/2024\/04\/cropped-2310_ProtectThePlanet_206-96x96.jpg","caption":"Jana H\u00e4fner"},"description":"jana.haefner@protect-the-planet.de +49 152 53089270","url":"https:\/\/www.protect-the-planet.de\/en\/author\/jana-haefner\/"}]}},"_links":{"self":[{"href":"https:\/\/www.protect-the-planet.de\/en\/wp-json\/wp\/v2\/posts\/31438","targetHints":{"allow":["GET"]}}],"collection":[{"href":"https:\/\/www.protect-the-planet.de\/en\/wp-json\/wp\/v2\/posts"}],"about":[{"href":"https:\/\/www.protect-the-planet.de\/en\/wp-json\/wp\/v2\/types\/post"}],"author":[{"embeddable":true,"href":"https:\/\/www.protect-the-planet.de\/en\/wp-json\/wp\/v2\/users\/4"}],"replies":[{"embeddable":true,"href":"https:\/\/www.protect-the-planet.de\/en\/wp-json\/wp\/v2\/comments?post=31438"}],"version-history":[{"count":1,"href":"https:\/\/www.protect-the-planet.de\/en\/wp-json\/wp\/v2\/posts\/31438\/revisions"}],"predecessor-version":[{"id":31440,"href":"https:\/\/www.protect-the-planet.de\/en\/wp-json\/wp\/v2\/posts\/31438\/revisions\/31440"}],"wp:featuredmedia":[{"embeddable":true,"href":"https:\/\/www.protect-the-planet.de\/en\/wp-json\/wp\/v2\/media\/21796"}],"wp:attachment":[{"href":"https:\/\/www.protect-the-planet.de\/en\/wp-json\/wp\/v2\/media?parent=31438"}],"wp:term":[{"taxonomy":"category","embeddable":true,"href":"https:\/\/www.protect-the-planet.de\/en\/wp-json\/wp\/v2\/categories?post=31438"},{"taxonomy":"post_tag","embeddable":true,"href":"https:\/\/www.protect-the-planet.de\/en\/wp-json\/wp\/v2\/tags?post=31438"}],"curies":[{"name":"wp","href":"https:\/\/api.w.org\/{rel}","templated":true}]}}