{"id":31432,"date":"2023-04-20T11:15:00","date_gmt":"2023-04-20T09:15:00","guid":{"rendered":"https:\/\/www.protect-the-planet.de\/2023-04-20-dallmer-suffizienz-glueck\/"},"modified":"2025-07-07T14:15:17","modified_gmt":"2025-07-07T12:15:17","slug":"2023-04-20-dallmer-suffizienz-glueck","status":"publish","type":"post","link":"https:\/\/www.protect-the-planet.de\/en\/2023-04-20-dallmer-suffizienz-glueck\/","title":{"rendered":"\u201eSuffizienz versus materialistische Lebensweise \u2013 Gl\u00fcck und Wohlbefinden nur getr\u00e4umt?&#8221;"},"content":{"rendered":"\n<p class=\"has-text-align-center\"><strong>In unserer Reihe&#8221;Klima &#8211; Was kann ich tun?\u201c<\/strong><\/p>\n\n\n\n<h2 class=\"wp-block-heading has-text-align-center\">Dr. Jochen Dallmer<\/h2>\n\n\n\n<p class=\"has-text-align-center\">Politologe, Projektleiter Bildung Nachhaltige Entwicklung \u201eGl\u00fcck &amp; Nachhaltigkeit\u201c<\/p>\n\n\n\n<div style=\"height:30px\" aria-hidden=\"true\" class=\"wp-block-spacer\"><\/div>\n\n\n\n<hr class=\"wp-block-separator has-alpha-channel-opacity\"\/>\n\n\n\n<div style=\"height:30px\" aria-hidden=\"true\" class=\"wp-block-spacer\"><\/div>\n\n\n\n<p class=\"has-text-align-center\"><a href=\"https:\/\/www.protect-the-planet.de\/wp-content\/uploads\/2023\/09\/2023_04_20-Einladungstext-Dallmer-Suffizienz_Glueck.pdf\"><strong>Event-Info PDF | Dr. Helmut Paschlau<\/strong><\/a><\/p>\n\n\n\n <div class=\"brlbs-cmpnt-container brlbs-cmpnt-content-blocker brlbs-cmpnt-with-individual-styles\" data-borlabs-cookie-content-blocker-id=\"youtube-content-blocker\" data-borlabs-cookie-content=\"PGlmcmFtZSB0aXRsZT0iWW91VHViZSB2aWRlbyBwbGF5ZXIiIHNyYz0iaHR0cHM6Ly93d3cueW91dHViZS1ub2Nvb2tpZS5jb20vZW1iZWQvaHNmaHNyb1F1WWs\/c2k9U211Y1p4Rms2SDkybjNObyIgd2lkdGg9IjU2MCIgaGVpZ2h0PSIzMTUiIGZyYW1lYm9yZGVyPSIwIiBhbGxvd2Z1bGxzY3JlZW49ImFsbG93ZnVsbHNjcmVlbiI+PC9pZnJhbWU+\"><div class=\"brlbs-cmpnt-cb-preset-c brlbs-cmpnt-cb-youtube\"> <div class=\"brlbs-cmpnt-cb-thumbnail\" style=\"background-image: url('https:\/\/www.protect-the-planet.de\/wp-content\/uploads\/borlabs-cookie\/1\/yt_hsfhsroQuYk_hqdefault.jpg')\"><\/div> <div class=\"brlbs-cmpnt-cb-main\"> <div class=\"brlbs-cmpnt-cb-play-button\"><\/div> <div class=\"brlbs-cmpnt-cb-content\"> <p class=\"brlbs-cmpnt-cb-description\">You are currently viewing a placeholder content from <strong>YouTube<\/strong>. To access the actual content, click the button below. Please note that doing so will share data with third-party providers.<\/p> <a class=\"brlbs-cmpnt-cb-provider-toggle\" href=\"#\" data-borlabs-cookie-show-provider-information role=\"button\">More Information<\/a> <\/div> <div class=\"brlbs-cmpnt-cb-buttons\"> <a class=\"brlbs-cmpnt-cb-btn\" href=\"#\" data-borlabs-cookie-unblock role=\"button\">Unblock content<\/a> <a class=\"brlbs-cmpnt-cb-btn\" href=\"#\" data-borlabs-cookie-accept-service role=\"button\" style=\"display: inherit\">Accept required service and unblock content<\/a> <\/div> <\/div> <\/div><\/div>\n\n\n\n<p class=\"has-text-align-center\"><br><strong><a href=\"https:\/\/www.protect-the-planet.de\/wp-content\/uploads\/2023\/09\/2023_04_20-Dallmer-Suffizienz.pdf\">Vortragsfolien PDF | Dr. Jochen Dallmer<\/a><\/strong><\/p>\n\n\n\n<div style=\"height:30px\" aria-hidden=\"true\" class=\"wp-block-spacer\"><\/div>\n\n\n\n<p>\u201e<strong>Klimafreundlicher Wohlstand f\u00fcr alle!<\/strong>\u201c \u2013 ausgetr\u00e4umt! Oder ausgetr\u00e4umt? Diesem \u201e?\u201c geht der <strong>Politologe und Friedens- \/Konfliktforscher J. Dallmer<\/strong> in seinen praktischen Projekten und unserem Vortrag \u00fcber Gl\u00fcck und Nachhaltigkeit fesselnd nach: Klimakrise und die planetaren Grenzen zeigen deutlich, dass das gegenw\u00e4rtige Modell unseres Wohlstand nicht nachhaltig und nicht zukunftsf\u00e4hig ist. Es hat massiv negative Folgen f\u00fcr die Lebensbedingungen bei uns und gro\u00dfer Teile der Menschheit. <strong>Postwachstum<\/strong> und <strong>Suffizienz<\/strong> sind die Gegenbegriffe,<strong> nicht Verzicht und pauschales Weniger<\/strong>: Es gilt <strong>Wohlstand und Wohlbefinden zu unterscheiden, Lebenskunst zu entwickeln<\/strong>. Denn \u2013 global und individuell: Ein aufgekl\u00e4rtes Streben nach Gl\u00fcck ist ein wichtiges Element zur Entwicklung einer nachhaltigen Lebensweise!<\/p>\n\n\n\n<h3 class=\"wp-block-heading\"><strong>Zum Weiterlesen:<\/strong><\/h3>\n\n\n\n<ul class=\"wp-block-list\">\n<li><a href=\"http:\/\/www.jochendallmer.net\/bildung\/\">Jochen Dallmer: mit einer Vielzahl von Projekten<\/a><\/li>\n\n\n\n<li>und: <a href=\"http:\/\/www.jochendallmer.net\/glueck-nachhaltigkeit\/\">Was haben Gl\u00fcck und Nachhaltigkeit miteinander zu tun?<\/a><\/li>\n\n\n\n<li>Alberto Costa, BUEN VIVIR \u2013 Vom Recht auf ein gutes Leben, oekom Verlag, M\u00fcnchen, 2012<\/li>\n\n\n\n<li><a href=\"https:\/\/www.spektrum.de\/thema\/gluecksforschung\/1166323\">Gl\u00fccks-Forschung, diverse Aspekte<\/a><\/li>\n\n\n\n<li><a href=\"https:\/\/www.bmuv.de\/themen\/nachhaltigkeit-digitalisierung\/nachhaltigkeit\/17- nachhaltigkeitsziele-sdgs\">Nachhaltigkeitsziele SDGs<\/a><\/li>\n\n\n\n<li><a href=\"https:\/\/de.wikipedia.org\/wiki\/Donut-%C3%96konomie\">Kate Raworth, Donut-\u00d6konomie<\/a><\/li>\n\n\n\n<li><a href=\"https:\/\/www.bmuv.de\/jugend\/wissen\/details\/was-brauchen-wir-fuer-ein-gutes-leben\">Bundesministerium f\u00fcr Umwelt und Verbraucherschutz (BMUV): &#8220;Was brauchen wir f\u00fcr \u201eein gutes Leben?\u201c<\/a><\/li>\n<\/ul>\n\n\n\n<div style=\"height:30px\" aria-hidden=\"true\" class=\"wp-block-spacer\"><\/div>\n\n\n\n<hr class=\"wp-block-separator has-alpha-channel-opacity\"\/>\n\n\n\n<div style=\"height:30px\" aria-hidden=\"true\" class=\"wp-block-spacer\"><\/div>\n\n\n\n<p class=\"has-text-align-center\"><strong>Die Veranstalter<\/strong>:<\/p>\n\n\n\n<p class=\"has-text-align-center\"><a href=\"https:\/\/energienetzwerk-muc.de\/\">Saubere Energie M\u00fcnchen e.V.<\/a> und <a href=\"https:\/\/twitter.com\/ptp_de\/\">Protect the Planet<\/a><\/p>\n\n\n\n<p class=\"has-text-align-left\"><strong>Event-Kooperationspartner:<\/strong><\/p>\n\n\n\n<p class=\"has-text-align-left\"><a href=\"https:\/\/twitter.com\/fff_muc\">Fridays for Future M\u00fcnchen<\/a><a href=\"https:\/\/www.mvhs.de\/\">,<\/a> <a href=\"http:\/\/bn-muenchen.de\/\">Bund Naturschutz in Bayern e.V. Kreisgruppe M\u00fcnchen<\/a><a href=\"https:\/\/www.mvhs.de\/\">, <\/a><a href=\"http:\/\/forum-csr.net\/\">forum Nachhaltig Wirtschaften<\/a><a href=\"https:\/\/www.mvhs.de\/\">, <\/a><a href=\"https:\/\/www.greencity.de\/verein\/\">Greencity \u2013 der Verein<\/a><a href=\"https:\/\/www.mvhs.de\/\">, <\/a><a href=\"https:\/\/www.m-i-n.net\/\">M\u00fcnchner Initiative Nachhaltigkeit,<\/a><a href=\"https:\/\/twitter.com\/Kohleausstieg_M\"> Raus-aus-der-Steinkohle M\u00fcnchen<\/a><a href=\"https:\/\/www.mvhs.de\/\">, <\/a><a href=\"https:\/\/fossilfreemunich.wixsite.com\/home\">Fossil Free M\u00fcnchen<\/a><a href=\"https:\/\/www.mvhs.de\/\">, <\/a><a href=\"https:\/\/muenchen.scientists4future.org\/\">Scientists4Future M\u00fcnchen<\/a><a href=\"https:\/\/www.mvhs.de\/\">, <\/a><a href=\"https:\/\/oekom-verein.de\/\">oekom e.V.<\/a><\/p>\n\n\n\n<p><strong><br>Medienpartner:<\/strong><\/p>\n\n\n\n<ul class=\"wp-block-list\">\n<li><a href=\"https:\/\/lora924.de\/\" target=\"_blank\" rel=\"noreferrer noopener\">Radio Lora 92.4<\/a><\/li>\n<\/ul>\n\n\n\n<p><br><strong>Diese Veranstaltung wird gef\u00f6rdert von:<\/strong><\/p>\n\n\n\n<ul class=\"wp-block-list\">\n<li><a href=\"https:\/\/www.sparda-m.de\/gemeinwohl-unsere-gemeinwohl-bilanz\/\">Sparda-Bank M\u00fcnchen, Deutschlands erste Gemeinwohl-Bank<\/a><\/li>\n<\/ul>\n\n\n\n<p class=\"has-text-align-left\"><\/p>\n\n\n\n<div style=\"height:30px\" aria-hidden=\"true\" class=\"wp-block-spacer\"><\/div>\n\n\n\n<p><\/p>\n","protected":false},"excerpt":{"rendered":"<p>Dr. Jochen Dallmer (Politologe, Projektleiter Bildung Nachhaltige Entwicklung \u201eGl\u00fcck &#038; Nachhaltigkeit&#8221;)<\/p>\n","protected":false},"author":4,"featured_media":21794,"comment_status":"closed","ping_status":"closed","sticky":false,"template":"","format":"standard","meta":{"footnotes":""},"categories":[1509,1545],"tags":[1367,698,1368,1369,1370,1636,1573,716,710,1371,1372,1373,1374,702,703,1375,712],"class_list":["post-31432","post","type-post","status-publish","format-standard","has-post-thumbnail","hentry","category-event-archive","category-gesellschaft-wirtschaft-politik-2-en","tag-bildung-nachhaltige-entwicklung-en","tag-dr-helmut-paschlau-en","tag-dr-jochen-dallmer-en","tag-glueck-en","tag-glueck-nachhaltigkeit-en","tag-kapitalismus-und-geld-en","tag-klima-was-kann-ich-tun-en","tag-klimaberater-en","tag-klimaschutz-en","tag-klimaschutz-ausreden-en","tag-materialistische-lebensweise-en","tag-politologie-en","tag-suffizienz-en","tag-vortrag-en","tag-vortragsreihe-en","tag-wohlbefinden-en","tag-zukunftssalon-en"],"yoast_head":"<!-- This site is optimized with the Yoast SEO plugin v27.4 - https:\/\/yoast.com\/product\/yoast-seo-wordpress\/ -->\n<title>\u201eSuffizienz versus materialistische Lebensweise \u2013 Gl\u00fcck und Wohlbefinden nur getr\u00e4umt?&quot; - Protect the Planet<\/title>\n<meta name=\"description\" content=\"Vortrag mit Diskussion: &quot;Suffizienz versus materialistische Lebensweise \u2013 Gl\u00fcck und Wohlbefinden nur getr\u00e4umt?&quot; Es spricht unser Experte Dr. Jochen Dallmer aus Berlin&quot;\" \/>\n<meta name=\"robots\" content=\"index, follow, max-snippet:-1, max-image-preview:large, max-video-preview:-1\" \/>\n<link rel=\"canonical\" href=\"https:\/\/www.protect-the-planet.de\/en\/2023-04-20-dallmer-suffizienz-glueck\/\" \/>\n<meta property=\"og:locale\" content=\"en_US\" \/>\n<meta property=\"og:type\" content=\"article\" \/>\n<meta property=\"og:title\" content=\"\u201eSuffizienz versus materialistische Lebensweise \u2013 Gl\u00fcck und Wohlbefinden nur getr\u00e4umt?&quot; - Protect the Planet\" \/>\n<meta property=\"og:description\" content=\"Vortrag mit Diskussion: &quot;Suffizienz versus materialistische Lebensweise \u2013 Gl\u00fcck und Wohlbefinden nur getr\u00e4umt?&quot; Es spricht unser Experte Dr. Jochen Dallmer aus Berlin&quot;\" \/>\n<meta property=\"og:url\" content=\"https:\/\/www.protect-the-planet.de\/en\/2023-04-20-dallmer-suffizienz-glueck\/\" \/>\n<meta property=\"og:site_name\" content=\"Protect the Planet\" \/>\n<meta property=\"article:publisher\" content=\"https:\/\/www.facebook.com\/protecttheplanetDE\/\" \/>\n<meta property=\"article:published_time\" content=\"2023-04-20T09:15:00+00:00\" \/>\n<meta property=\"article:modified_time\" content=\"2025-07-07T12:15:17+00:00\" \/>\n<meta property=\"og:image\" content=\"https:\/\/www.protect-the-planet.de\/wp-content\/uploads\/2023\/02\/2023_04_20-Jochen-Dallmer-Suffizienz-Glueck-hp-li-fb-1024x576.png\" \/>\n\t<meta property=\"og:image:width\" content=\"1024\" \/>\n\t<meta property=\"og:image:height\" content=\"576\" \/>\n\t<meta property=\"og:image:type\" content=\"image\/png\" \/>\n<meta name=\"author\" content=\"Jana H\u00e4fner\" \/>\n<meta name=\"twitter:card\" content=\"summary_large_image\" \/>\n<meta name=\"twitter:creator\" content=\"@PtP_de\" \/>\n<meta name=\"twitter:site\" content=\"@PtP_de\" \/>\n<meta name=\"twitter:label1\" content=\"Written by\" \/>\n\t<meta name=\"twitter:data1\" content=\"Jana H\u00e4fner\" \/>\n\t<meta name=\"twitter:label2\" content=\"Est. reading time\" \/>\n\t<meta name=\"twitter:data2\" content=\"2 minutes\" \/>\n<script type=\"application\/ld+json\" class=\"yoast-schema-graph\">{\"@context\":\"https:\\\/\\\/schema.org\",\"@graph\":[{\"@type\":\"Article\",\"@id\":\"https:\\\/\\\/www.protect-the-planet.de\\\/en\\\/2023-04-20-dallmer-suffizienz-glueck\\\/#article\",\"isPartOf\":{\"@id\":\"https:\\\/\\\/www.protect-the-planet.de\\\/en\\\/2023-04-20-dallmer-suffizienz-glueck\\\/\"},\"author\":{\"name\":\"Jana H\u00e4fner\",\"@id\":\"https:\\\/\\\/www.protect-the-planet.de\\\/en\\\/#\\\/schema\\\/person\\\/94315f5fbca131d26764146a638b8fc6\"},\"headline\":\"\u201eSuffizienz versus materialistische Lebensweise \u2013 Gl\u00fcck und Wohlbefinden nur getr\u00e4umt?&#8221;\",\"datePublished\":\"2023-04-20T09:15:00+00:00\",\"dateModified\":\"2025-07-07T12:15:17+00:00\",\"mainEntityOfPage\":{\"@id\":\"https:\\\/\\\/www.protect-the-planet.de\\\/en\\\/2023-04-20-dallmer-suffizienz-glueck\\\/\"},\"wordCount\":278,\"publisher\":{\"@id\":\"https:\\\/\\\/www.protect-the-planet.de\\\/en\\\/#organization\"},\"image\":{\"@id\":\"https:\\\/\\\/www.protect-the-planet.de\\\/en\\\/2023-04-20-dallmer-suffizienz-glueck\\\/#primaryimage\"},\"thumbnailUrl\":\"https:\\\/\\\/www.protect-the-planet.de\\\/wp-content\\\/uploads\\\/2023\\\/02\\\/2023_04_20-Jochen-Dallmer-Suffizienz-Glueck-hp-li-fb.png\",\"keywords\":[\"Bildung Nachhaltige Entwicklung\",\"Dr. Helmut Paschlau\",\"Dr. Jochen Dallmer\",\"Gl\u00fcck\",\"Gl\u00fcck &amp; Nachhaltigkeit\",\"Kapitalismus und Geld\",\"Klima &#8211; was kann ich tun?\",\"Klimaberater\",\"Klimaschutz\",\"Klimaschutz-Ausreden\",\"materialistische Lebensweise\",\"Politologie\",\"Suffizienz\",\"Vortrag\",\"Vortragsreihe\",\"Wohlbefinden\",\"Zukunftssalon\"],\"articleSection\":[\"Event archive\",\"Gesellschaft, Wirtschaft, Politik\"],\"inLanguage\":\"en-US\"},{\"@type\":\"WebPage\",\"@id\":\"https:\\\/\\\/www.protect-the-planet.de\\\/en\\\/2023-04-20-dallmer-suffizienz-glueck\\\/\",\"url\":\"https:\\\/\\\/www.protect-the-planet.de\\\/en\\\/2023-04-20-dallmer-suffizienz-glueck\\\/\",\"name\":\"\u201eSuffizienz versus materialistische Lebensweise \u2013 Gl\u00fcck und Wohlbefinden nur getr\u00e4umt?\\\" - Protect the Planet\",\"isPartOf\":{\"@id\":\"https:\\\/\\\/www.protect-the-planet.de\\\/en\\\/#website\"},\"primaryImageOfPage\":{\"@id\":\"https:\\\/\\\/www.protect-the-planet.de\\\/en\\\/2023-04-20-dallmer-suffizienz-glueck\\\/#primaryimage\"},\"image\":{\"@id\":\"https:\\\/\\\/www.protect-the-planet.de\\\/en\\\/2023-04-20-dallmer-suffizienz-glueck\\\/#primaryimage\"},\"thumbnailUrl\":\"https:\\\/\\\/www.protect-the-planet.de\\\/wp-content\\\/uploads\\\/2023\\\/02\\\/2023_04_20-Jochen-Dallmer-Suffizienz-Glueck-hp-li-fb.png\",\"datePublished\":\"2023-04-20T09:15:00+00:00\",\"dateModified\":\"2025-07-07T12:15:17+00:00\",\"description\":\"Vortrag mit Diskussion: \\\"Suffizienz versus materialistische Lebensweise \u2013 Gl\u00fcck und Wohlbefinden nur getr\u00e4umt?\\\" Es spricht unser Experte Dr. Jochen Dallmer aus Berlin\\\"\",\"breadcrumb\":{\"@id\":\"https:\\\/\\\/www.protect-the-planet.de\\\/en\\\/2023-04-20-dallmer-suffizienz-glueck\\\/#breadcrumb\"},\"inLanguage\":\"en-US\",\"potentialAction\":[{\"@type\":\"ReadAction\",\"target\":[\"https:\\\/\\\/www.protect-the-planet.de\\\/en\\\/2023-04-20-dallmer-suffizienz-glueck\\\/\"]}]},{\"@type\":\"ImageObject\",\"inLanguage\":\"en-US\",\"@id\":\"https:\\\/\\\/www.protect-the-planet.de\\\/en\\\/2023-04-20-dallmer-suffizienz-glueck\\\/#primaryimage\",\"url\":\"https:\\\/\\\/www.protect-the-planet.de\\\/wp-content\\\/uploads\\\/2023\\\/02\\\/2023_04_20-Jochen-Dallmer-Suffizienz-Glueck-hp-li-fb.png\",\"contentUrl\":\"https:\\\/\\\/www.protect-the-planet.de\\\/wp-content\\\/uploads\\\/2023\\\/02\\\/2023_04_20-Jochen-Dallmer-Suffizienz-Glueck-hp-li-fb.png\",\"width\":1920,\"height\":1080,\"caption\":\"23\\\/04\\\/20 Vortrag Dallmer\"},{\"@type\":\"BreadcrumbList\",\"@id\":\"https:\\\/\\\/www.protect-the-planet.de\\\/en\\\/2023-04-20-dallmer-suffizienz-glueck\\\/#breadcrumb\",\"itemListElement\":[{\"@type\":\"ListItem\",\"position\":1,\"name\":\"Startseite\",\"item\":\"https:\\\/\\\/www.protect-the-planet.de\\\/en\\\/home\\\/\"},{\"@type\":\"ListItem\",\"position\":2,\"name\":\"\u201eSuffizienz versus materialistische Lebensweise \u2013 Gl\u00fcck und Wohlbefinden nur getr\u00e4umt?&#8220;\"}]},{\"@type\":\"WebSite\",\"@id\":\"https:\\\/\\\/www.protect-the-planet.de\\\/en\\\/#website\",\"url\":\"https:\\\/\\\/www.protect-the-planet.de\\\/en\\\/\",\"name\":\"Protect the Planet\",\"description\":\"If we don&#039;t change, the climate will.\",\"publisher\":{\"@id\":\"https:\\\/\\\/www.protect-the-planet.de\\\/en\\\/#organization\"},\"alternateName\":\"Protect the Panet gGmbH\",\"potentialAction\":[{\"@type\":\"SearchAction\",\"target\":{\"@type\":\"EntryPoint\",\"urlTemplate\":\"https:\\\/\\\/www.protect-the-planet.de\\\/en\\\/?s={search_term_string}\"},\"query-input\":{\"@type\":\"PropertyValueSpecification\",\"valueRequired\":true,\"valueName\":\"search_term_string\"}}],\"inLanguage\":\"en-US\"},{\"@type\":\"Organization\",\"@id\":\"https:\\\/\\\/www.protect-the-planet.de\\\/en\\\/#organization\",\"name\":\"Protect the Planet\",\"url\":\"https:\\\/\\\/www.protect-the-planet.de\\\/en\\\/\",\"logo\":{\"@type\":\"ImageObject\",\"inLanguage\":\"en-US\",\"@id\":\"https:\\\/\\\/www.protect-the-planet.de\\\/en\\\/#\\\/schema\\\/logo\\\/image\\\/\",\"url\":\"https:\\\/\\\/www.protect-the-planet.de\\\/wp-content\\\/uploads\\\/2023\\\/09\\\/LOGO-positiv_transparent-klein.png\",\"contentUrl\":\"https:\\\/\\\/www.protect-the-planet.de\\\/wp-content\\\/uploads\\\/2023\\\/09\\\/LOGO-positiv_transparent-klein.png\",\"width\":123,\"height\":68,\"caption\":\"Protect the Planet\"},\"image\":{\"@id\":\"https:\\\/\\\/www.protect-the-planet.de\\\/en\\\/#\\\/schema\\\/logo\\\/image\\\/\"},\"sameAs\":[\"https:\\\/\\\/www.facebook.com\\\/protecttheplanetDE\\\/\",\"https:\\\/\\\/x.com\\\/PtP_de\",\"https:\\\/\\\/www.instagram.com\\\/protecttheplanetorg\\\/\",\"https:\\\/\\\/www.linkedin.com\\\/company\\\/protect-the-planet\",\"https:\\\/\\\/www.youtube.com\\\/@protecttheplanet\"]},{\"@type\":\"Person\",\"@id\":\"https:\\\/\\\/www.protect-the-planet.de\\\/en\\\/#\\\/schema\\\/person\\\/94315f5fbca131d26764146a638b8fc6\",\"name\":\"Jana H\u00e4fner\",\"image\":{\"@type\":\"ImageObject\",\"inLanguage\":\"en-US\",\"@id\":\"https:\\\/\\\/www.protect-the-planet.de\\\/wp-content\\\/uploads\\\/2024\\\/04\\\/cropped-2310_ProtectThePlanet_206-96x96.jpg\",\"url\":\"https:\\\/\\\/www.protect-the-planet.de\\\/wp-content\\\/uploads\\\/2024\\\/04\\\/cropped-2310_ProtectThePlanet_206-96x96.jpg\",\"contentUrl\":\"https:\\\/\\\/www.protect-the-planet.de\\\/wp-content\\\/uploads\\\/2024\\\/04\\\/cropped-2310_ProtectThePlanet_206-96x96.jpg\",\"caption\":\"Jana H\u00e4fner\"},\"description\":\"jana.haefner@protect-the-planet.de +49 152 53089270\",\"url\":\"https:\\\/\\\/www.protect-the-planet.de\\\/en\\\/author\\\/jana-haefner\\\/\"}]}<\/script>\n<!-- \/ Yoast SEO plugin. -->","yoast_head_json":{"title":"\u201eSuffizienz versus materialistische Lebensweise \u2013 Gl\u00fcck und Wohlbefinden nur getr\u00e4umt?\" - Protect the Planet","description":"Vortrag mit Diskussion: \"Suffizienz versus materialistische Lebensweise \u2013 Gl\u00fcck und Wohlbefinden nur getr\u00e4umt?\" Es spricht unser Experte Dr. Jochen Dallmer aus Berlin\"","robots":{"index":"index","follow":"follow","max-snippet":"max-snippet:-1","max-image-preview":"max-image-preview:large","max-video-preview":"max-video-preview:-1"},"canonical":"https:\/\/www.protect-the-planet.de\/en\/2023-04-20-dallmer-suffizienz-glueck\/","og_locale":"en_US","og_type":"article","og_title":"\u201eSuffizienz versus materialistische Lebensweise \u2013 Gl\u00fcck und Wohlbefinden nur getr\u00e4umt?\" - Protect the Planet","og_description":"Vortrag mit Diskussion: \"Suffizienz versus materialistische Lebensweise \u2013 Gl\u00fcck und Wohlbefinden nur getr\u00e4umt?\" Es spricht unser Experte Dr. Jochen Dallmer aus Berlin\"","og_url":"https:\/\/www.protect-the-planet.de\/en\/2023-04-20-dallmer-suffizienz-glueck\/","og_site_name":"Protect the Planet","article_publisher":"https:\/\/www.facebook.com\/protecttheplanetDE\/","article_published_time":"2023-04-20T09:15:00+00:00","article_modified_time":"2025-07-07T12:15:17+00:00","og_image":[{"width":1024,"height":576,"url":"https:\/\/www.protect-the-planet.de\/wp-content\/uploads\/2023\/02\/2023_04_20-Jochen-Dallmer-Suffizienz-Glueck-hp-li-fb-1024x576.png","type":"image\/png"}],"author":"Jana H\u00e4fner","twitter_card":"summary_large_image","twitter_creator":"@PtP_de","twitter_site":"@PtP_de","twitter_misc":{"Written by":"Jana H\u00e4fner","Est. reading time":"2 minutes"},"schema":{"@context":"https:\/\/schema.org","@graph":[{"@type":"Article","@id":"https:\/\/www.protect-the-planet.de\/en\/2023-04-20-dallmer-suffizienz-glueck\/#article","isPartOf":{"@id":"https:\/\/www.protect-the-planet.de\/en\/2023-04-20-dallmer-suffizienz-glueck\/"},"author":{"name":"Jana H\u00e4fner","@id":"https:\/\/www.protect-the-planet.de\/en\/#\/schema\/person\/94315f5fbca131d26764146a638b8fc6"},"headline":"\u201eSuffizienz versus materialistische Lebensweise \u2013 Gl\u00fcck und Wohlbefinden nur getr\u00e4umt?&#8221;","datePublished":"2023-04-20T09:15:00+00:00","dateModified":"2025-07-07T12:15:17+00:00","mainEntityOfPage":{"@id":"https:\/\/www.protect-the-planet.de\/en\/2023-04-20-dallmer-suffizienz-glueck\/"},"wordCount":278,"publisher":{"@id":"https:\/\/www.protect-the-planet.de\/en\/#organization"},"image":{"@id":"https:\/\/www.protect-the-planet.de\/en\/2023-04-20-dallmer-suffizienz-glueck\/#primaryimage"},"thumbnailUrl":"https:\/\/www.protect-the-planet.de\/wp-content\/uploads\/2023\/02\/2023_04_20-Jochen-Dallmer-Suffizienz-Glueck-hp-li-fb.png","keywords":["Bildung Nachhaltige Entwicklung","Dr. Helmut Paschlau","Dr. Jochen Dallmer","Gl\u00fcck","Gl\u00fcck &amp; Nachhaltigkeit","Kapitalismus und Geld","Klima &#8211; was kann ich tun?","Klimaberater","Klimaschutz","Klimaschutz-Ausreden","materialistische Lebensweise","Politologie","Suffizienz","Vortrag","Vortragsreihe","Wohlbefinden","Zukunftssalon"],"articleSection":["Event archive","Gesellschaft, Wirtschaft, Politik"],"inLanguage":"en-US"},{"@type":"WebPage","@id":"https:\/\/www.protect-the-planet.de\/en\/2023-04-20-dallmer-suffizienz-glueck\/","url":"https:\/\/www.protect-the-planet.de\/en\/2023-04-20-dallmer-suffizienz-glueck\/","name":"\u201eSuffizienz versus materialistische Lebensweise \u2013 Gl\u00fcck und Wohlbefinden nur getr\u00e4umt?\" - Protect the Planet","isPartOf":{"@id":"https:\/\/www.protect-the-planet.de\/en\/#website"},"primaryImageOfPage":{"@id":"https:\/\/www.protect-the-planet.de\/en\/2023-04-20-dallmer-suffizienz-glueck\/#primaryimage"},"image":{"@id":"https:\/\/www.protect-the-planet.de\/en\/2023-04-20-dallmer-suffizienz-glueck\/#primaryimage"},"thumbnailUrl":"https:\/\/www.protect-the-planet.de\/wp-content\/uploads\/2023\/02\/2023_04_20-Jochen-Dallmer-Suffizienz-Glueck-hp-li-fb.png","datePublished":"2023-04-20T09:15:00+00:00","dateModified":"2025-07-07T12:15:17+00:00","description":"Vortrag mit Diskussion: \"Suffizienz versus materialistische Lebensweise \u2013 Gl\u00fcck und Wohlbefinden nur getr\u00e4umt?\" Es spricht unser Experte Dr. Jochen Dallmer aus Berlin\"","breadcrumb":{"@id":"https:\/\/www.protect-the-planet.de\/en\/2023-04-20-dallmer-suffizienz-glueck\/#breadcrumb"},"inLanguage":"en-US","potentialAction":[{"@type":"ReadAction","target":["https:\/\/www.protect-the-planet.de\/en\/2023-04-20-dallmer-suffizienz-glueck\/"]}]},{"@type":"ImageObject","inLanguage":"en-US","@id":"https:\/\/www.protect-the-planet.de\/en\/2023-04-20-dallmer-suffizienz-glueck\/#primaryimage","url":"https:\/\/www.protect-the-planet.de\/wp-content\/uploads\/2023\/02\/2023_04_20-Jochen-Dallmer-Suffizienz-Glueck-hp-li-fb.png","contentUrl":"https:\/\/www.protect-the-planet.de\/wp-content\/uploads\/2023\/02\/2023_04_20-Jochen-Dallmer-Suffizienz-Glueck-hp-li-fb.png","width":1920,"height":1080,"caption":"23\/04\/20 Vortrag Dallmer"},{"@type":"BreadcrumbList","@id":"https:\/\/www.protect-the-planet.de\/en\/2023-04-20-dallmer-suffizienz-glueck\/#breadcrumb","itemListElement":[{"@type":"ListItem","position":1,"name":"Startseite","item":"https:\/\/www.protect-the-planet.de\/en\/home\/"},{"@type":"ListItem","position":2,"name":"\u201eSuffizienz versus materialistische Lebensweise \u2013 Gl\u00fcck und Wohlbefinden nur getr\u00e4umt?&#8220;"}]},{"@type":"WebSite","@id":"https:\/\/www.protect-the-planet.de\/en\/#website","url":"https:\/\/www.protect-the-planet.de\/en\/","name":"Protect the Planet","description":"If we don&#039;t change, the climate will.","publisher":{"@id":"https:\/\/www.protect-the-planet.de\/en\/#organization"},"alternateName":"Protect the Panet gGmbH","potentialAction":[{"@type":"SearchAction","target":{"@type":"EntryPoint","urlTemplate":"https:\/\/www.protect-the-planet.de\/en\/?s={search_term_string}"},"query-input":{"@type":"PropertyValueSpecification","valueRequired":true,"valueName":"search_term_string"}}],"inLanguage":"en-US"},{"@type":"Organization","@id":"https:\/\/www.protect-the-planet.de\/en\/#organization","name":"Protect the Planet","url":"https:\/\/www.protect-the-planet.de\/en\/","logo":{"@type":"ImageObject","inLanguage":"en-US","@id":"https:\/\/www.protect-the-planet.de\/en\/#\/schema\/logo\/image\/","url":"https:\/\/www.protect-the-planet.de\/wp-content\/uploads\/2023\/09\/LOGO-positiv_transparent-klein.png","contentUrl":"https:\/\/www.protect-the-planet.de\/wp-content\/uploads\/2023\/09\/LOGO-positiv_transparent-klein.png","width":123,"height":68,"caption":"Protect the Planet"},"image":{"@id":"https:\/\/www.protect-the-planet.de\/en\/#\/schema\/logo\/image\/"},"sameAs":["https:\/\/www.facebook.com\/protecttheplanetDE\/","https:\/\/x.com\/PtP_de","https:\/\/www.instagram.com\/protecttheplanetorg\/","https:\/\/www.linkedin.com\/company\/protect-the-planet","https:\/\/www.youtube.com\/@protecttheplanet"]},{"@type":"Person","@id":"https:\/\/www.protect-the-planet.de\/en\/#\/schema\/person\/94315f5fbca131d26764146a638b8fc6","name":"Jana H\u00e4fner","image":{"@type":"ImageObject","inLanguage":"en-US","@id":"https:\/\/www.protect-the-planet.de\/wp-content\/uploads\/2024\/04\/cropped-2310_ProtectThePlanet_206-96x96.jpg","url":"https:\/\/www.protect-the-planet.de\/wp-content\/uploads\/2024\/04\/cropped-2310_ProtectThePlanet_206-96x96.jpg","contentUrl":"https:\/\/www.protect-the-planet.de\/wp-content\/uploads\/2024\/04\/cropped-2310_ProtectThePlanet_206-96x96.jpg","caption":"Jana H\u00e4fner"},"description":"jana.haefner@protect-the-planet.de +49 152 53089270","url":"https:\/\/www.protect-the-planet.de\/en\/author\/jana-haefner\/"}]}},"_links":{"self":[{"href":"https:\/\/www.protect-the-planet.de\/en\/wp-json\/wp\/v2\/posts\/31432","targetHints":{"allow":["GET"]}}],"collection":[{"href":"https:\/\/www.protect-the-planet.de\/en\/wp-json\/wp\/v2\/posts"}],"about":[{"href":"https:\/\/www.protect-the-planet.de\/en\/wp-json\/wp\/v2\/types\/post"}],"author":[{"embeddable":true,"href":"https:\/\/www.protect-the-planet.de\/en\/wp-json\/wp\/v2\/users\/4"}],"replies":[{"embeddable":true,"href":"https:\/\/www.protect-the-planet.de\/en\/wp-json\/wp\/v2\/comments?post=31432"}],"version-history":[{"count":1,"href":"https:\/\/www.protect-the-planet.de\/en\/wp-json\/wp\/v2\/posts\/31432\/revisions"}],"predecessor-version":[{"id":31434,"href":"https:\/\/www.protect-the-planet.de\/en\/wp-json\/wp\/v2\/posts\/31432\/revisions\/31434"}],"wp:featuredmedia":[{"embeddable":true,"href":"https:\/\/www.protect-the-planet.de\/en\/wp-json\/wp\/v2\/media\/21794"}],"wp:attachment":[{"href":"https:\/\/www.protect-the-planet.de\/en\/wp-json\/wp\/v2\/media?parent=31432"}],"wp:term":[{"taxonomy":"category","embeddable":true,"href":"https:\/\/www.protect-the-planet.de\/en\/wp-json\/wp\/v2\/categories?post=31432"},{"taxonomy":"post_tag","embeddable":true,"href":"https:\/\/www.protect-the-planet.de\/en\/wp-json\/wp\/v2\/tags?post=31432"}],"curies":[{"name":"wp","href":"https:\/\/api.w.org\/{rel}","templated":true}]}}