{"id":31428,"date":"2023-02-27T12:16:00","date_gmt":"2023-02-27T11:16:00","guid":{"rendered":"https:\/\/www.protect-the-planet.de\/2023-02-27-marklstorfer-daemmung\/"},"modified":"2023-02-27T12:16:00","modified_gmt":"2023-02-27T11:16:00","slug":"2023-02-27-marklstorfer-daemmung","status":"publish","type":"post","link":"https:\/\/www.protect-the-planet.de\/en\/2023-02-27-marklstorfer-daemmung\/","title":{"rendered":"\u201eGeb\u00e4uded\u00e4mmung leicht gemacht!&#8221;"},"content":{"rendered":"\n<p class=\"has-text-align-center\"><strong>In unserer Reihe &#8220;Klima &#8211; Was kann ich tun?<\/strong>&#8220;<\/p>\n\n\n\n<h2 class=\"wp-block-heading has-text-align-center\">Andreas Marklstorfer<\/h2>\n\n\n\n<p class=\"has-text-align-center\">Energieberater HWK<\/p>\n\n\n\n<div style=\"height:30px\" aria-hidden=\"true\" class=\"wp-block-spacer\"><\/div>\n\n\n\n<hr class=\"wp-block-separator has-alpha-channel-opacity\"\/>\n\n\n\n<div style=\"height:30px\" aria-hidden=\"true\" class=\"wp-block-spacer\"><\/div>\n\n\n\n<p class=\"has-text-align-center\"><a href=\"https:\/\/www.protect-the-planet.de\/wp-content\/uploads\/2023\/09\/2023_02_27-Einladungstext-Daemmung.pdf\"><strong>Event-Info PDF | Dr. Helmut Paschlau<\/strong><\/a><\/p>\n\n\n\n <div class=\"brlbs-cmpnt-container brlbs-cmpnt-content-blocker brlbs-cmpnt-with-individual-styles\" data-borlabs-cookie-content-blocker-id=\"youtube-content-blocker\" data-borlabs-cookie-content=\"PGlmcmFtZSB0aXRsZT0iWW91VHViZSB2aWRlbyBwbGF5ZXIiIHNyYz0iaHR0cHM6Ly93d3cueW91dHViZS1ub2Nvb2tpZS5jb20vZW1iZWQvRU44MTNNSkI2cU0\/c2k9ajBYcmp2a0hYTUpkX1NwRCIgd2lkdGg9IjU2MCIgaGVpZ2h0PSIzMTUiIGZyYW1lYm9yZGVyPSIwIiBhbGxvd2Z1bGxzY3JlZW49ImFsbG93ZnVsbHNjcmVlbiI+PC9pZnJhbWU+\"><div class=\"brlbs-cmpnt-cb-preset-c brlbs-cmpnt-cb-youtube\"> <div class=\"brlbs-cmpnt-cb-thumbnail\" style=\"background-image: url('https:\/\/www.protect-the-planet.de\/wp-content\/uploads\/borlabs-cookie\/1\/yt_EN813MJB6qM_hqdefault.jpg')\"><\/div> <div class=\"brlbs-cmpnt-cb-main\"> <div class=\"brlbs-cmpnt-cb-play-button\"><\/div> <div class=\"brlbs-cmpnt-cb-content\"> <p class=\"brlbs-cmpnt-cb-description\">You are currently viewing a placeholder content from <strong>YouTube<\/strong>. To access the actual content, click the button below. Please note that doing so will share data with third-party providers.<\/p> <a class=\"brlbs-cmpnt-cb-provider-toggle\" href=\"#\" data-borlabs-cookie-show-provider-information role=\"button\">More Information<\/a> <\/div> <div class=\"brlbs-cmpnt-cb-buttons\"> <a class=\"brlbs-cmpnt-cb-btn\" href=\"#\" data-borlabs-cookie-unblock role=\"button\">Unblock content<\/a> <a class=\"brlbs-cmpnt-cb-btn\" href=\"#\" data-borlabs-cookie-accept-service role=\"button\" style=\"display: inherit\">Accept required service and unblock content<\/a> <\/div> <\/div> <\/div><\/div>\n\n\n\n<p class=\"has-text-align-center\"><br><strong><a href=\"https:\/\/www.protect-the-planet.de\/wp-content\/uploads\/2023\/09\/2023_02_27-Andreas-Marklstorfer-Gebaeudedaemmung-leicht-gemacht.pdf\">Vortragsfolien PDF | Andreas Marklstorfer<\/a><\/strong><\/p>\n\n\n\n<div style=\"height:30px\" aria-hidden=\"true\" class=\"wp-block-spacer\"><\/div>\n\n\n\n<p>Bis zu 80 % der Energie, die zum Heizen und Brauchwassererw\u00e4rmen genutzt wird, kann durch Aussend\u00e4mmung, mit dreifachverglasten Fenstern und Umstellung auf \u00f6ko-effiziente Heizsysteme eingespart werden. Wo sind die (technischen oder administrativen) Hindernisse, <strong>wer ber\u00e4t fachlich?<\/strong> <strong>Wo gibt es F\u00f6rdermittel?<\/strong> <strong>Muss meine Wand atmen?<\/strong> Was ist, wenn es zu schimmeln beginnt&#8230;? <strong>Wie hoch ist der zeitliche, planerische und finanzielle Aufwand? Lohnt sich das?<\/strong> Diese und andere Fragen sollen im Vortrag angesprochen, Hemmnisse abgebaut, die Motivation zur Sanierung verst\u00e4rkt werden \u2013 mit einschl\u00e4gigen Fotos und \u201eaus der Praxis, f\u00fcr die Praxis\u201c. Ein echter Experte und Praktiker ist unser Referent, der <strong>Energieberater<\/strong> <strong>Andreas Marklstorfer.<\/strong><br>Wir sind gespannt!<\/p>\n\n\n\n<h3 class=\"wp-block-heading\"><strong>Zum Weiterlesen:<\/strong><\/h3>\n\n\n\n<ul class=\"wp-block-list\">\n<li><a href=\"https:\/\/www.geb-marklstorfer.de\/\">Geb\u00e4ude-Energieberatung Marklstorfer<\/a><\/li>\n\n\n\n<li><a href=\"https:\/\/stadt.muenchen.de\/infos\/bauzentrum-muenchen.html\">Bauzentrum der LH M\u00fcnchen<\/a><\/li>\n\n\n\n<li><a href=\"https:\/\/www.co2online.de\/modernisieren-und-bauen\/daemmung\/warum- daemmen-acht-gute-gruende\/\">Warum d\u00e4mmen? 10 Gr\u00fcnde<\/a><\/li>\n\n\n\n<li><a href=\"https:\/\/www.bauen.de\/daemmung.html\">Wissen rund um\u2019s Bauen (immowelt)<\/a><\/li>\n<\/ul>\n\n\n\n<div style=\"height:30px\" aria-hidden=\"true\" class=\"wp-block-spacer\"><\/div>\n\n\n\n<hr class=\"wp-block-separator has-alpha-channel-opacity\"\/>\n\n\n\n<div style=\"height:30px\" aria-hidden=\"true\" class=\"wp-block-spacer\"><\/div>\n\n\n\n<p class=\"has-text-align-center\"><strong>Die Veranstalter<\/strong>:<\/p>\n\n\n\n<p class=\"has-text-align-center\"><a href=\"https:\/\/energienetzwerk-muc.de\/\">Saubere Energie M\u00fcnchen e.V.<\/a> und <a href=\"https:\/\/twitter.com\/ptp_de\/\">Protect the Planet<\/a><\/p>\n\n\n\n<p class=\"has-text-align-left\"><strong>Event-Kooperationspartner:<\/strong><\/p>\n\n\n\n<p><a href=\"https:\/\/twitter.com\/fff_muc\">Fridays for Future M\u00fcnchen<\/a><a href=\"https:\/\/www.mvhs.de\/\">,<\/a> <a href=\"http:\/\/bn-muenchen.de\/\">Bund Naturschutz in Bayern e.V. Kreisgruppe M\u00fcnchen<\/a><a href=\"https:\/\/www.mvhs.de\/\">, <\/a><a href=\"http:\/\/forum-csr.net\/\">forum Nachhaltig Wirtschaften<\/a><a href=\"https:\/\/www.mvhs.de\/\">, <\/a><a href=\"https:\/\/www.greencity.de\/verein\/\">Greencity \u2013 der Verein<\/a><a href=\"https:\/\/www.mvhs.de\/\">, <\/a><a href=\"https:\/\/www.m-i-n.net\/\">M\u00fcnchner Initiative Nachhaltigkeit,<\/a><a href=\"https:\/\/twitter.com\/Kohleausstieg_M\"> Raus-aus-der-Steinkohle M\u00fcnchen<\/a><a href=\"https:\/\/www.mvhs.de\/\">, <\/a><a href=\"https:\/\/fossilfreemunich.wixsite.com\/home\">Fossil Free M\u00fcnchen<\/a><a href=\"https:\/\/www.mvhs.de\/\">, <\/a><a href=\"https:\/\/muenchen.scientists4future.org\/\">Scientists4Future M\u00fcnchen<\/a><a href=\"https:\/\/www.mvhs.de\/\">, <\/a><a href=\"https:\/\/oekom-verein.de\/\">oekom e.V.<\/a><\/p>\n\n\n\n<p><\/p>\n\n\n\n<p class=\"has-text-align-left\"><\/p>\n\n\n\n<div style=\"height:30px\" aria-hidden=\"true\" class=\"wp-block-spacer\"><\/div>\n\n\n\n<p><\/p>\n","protected":false},"excerpt":{"rendered":"<p>Andreas Marklstorfer (Energieberater HWK)<\/p>\n","protected":false},"author":4,"featured_media":21883,"comment_status":"closed","ping_status":"closed","sticky":false,"template":"","format":"standard","meta":{"footnotes":""},"categories":[1552,1509],"tags":[1575,1629,1630,698,1631,1562,1632,1633,1573,716,710,1634,702,703,1383,712],"class_list":["post-31428","post","type-post","status-publish","format-standard","has-post-thumbnail","hentry","category-energie-heizen-bauen-en","category-event-archive","tag-bauen-und-eigenheim-en","tag-baumassnahmen-en","tag-daemmung-en","tag-dr-helmut-paschlau-en","tag-energetische-sanierung-en","tag-energie-sparen-en","tag-energieberatung-en","tag-gebaeudedaemmung-en","tag-klima-was-kann-ich-tun-en","tag-klimaberater-en","tag-klimaschutz-en","tag-marklstorfer-en","tag-vortrag-en","tag-vortragsreihe-en","tag-waermewende-en","tag-zukunftssalon-en"],"yoast_head":"<!-- This site is optimized with the Yoast SEO plugin v27.5 - https:\/\/yoast.com\/product\/yoast-seo-wordpress\/ -->\n<title>\u201eGeb\u00e4uded\u00e4mmung leicht gemacht!&quot; - Protect the Planet<\/title>\n<meta name=\"robots\" content=\"index, follow, max-snippet:-1, max-image-preview:large, max-video-preview:-1\" \/>\n<link rel=\"canonical\" href=\"https:\/\/www.protect-the-planet.de\/en\/2023-02-27-marklstorfer-daemmung\/\" \/>\n<meta property=\"og:locale\" content=\"en_US\" \/>\n<meta property=\"og:type\" content=\"article\" \/>\n<meta property=\"og:title\" content=\"\u201eGeb\u00e4uded\u00e4mmung leicht gemacht!&quot; - Protect the Planet\" \/>\n<meta property=\"og:description\" content=\"Andreas Marklstorfer (Energieberater HWK)\" \/>\n<meta property=\"og:url\" content=\"https:\/\/www.protect-the-planet.de\/en\/2023-02-27-marklstorfer-daemmung\/\" \/>\n<meta property=\"og:site_name\" content=\"Protect the Planet\" \/>\n<meta property=\"article:publisher\" content=\"https:\/\/www.facebook.com\/protecttheplanetDE\/\" \/>\n<meta property=\"article:published_time\" content=\"2023-02-27T11:16:00+00:00\" \/>\n<meta name=\"author\" content=\"Jana H\u00e4fner\" \/>\n<meta name=\"twitter:card\" content=\"summary_large_image\" \/>\n<meta name=\"twitter:creator\" content=\"@PtP_de\" \/>\n<meta name=\"twitter:site\" content=\"@PtP_de\" \/>\n<meta name=\"twitter:label1\" content=\"Written by\" \/>\n\t<meta name=\"twitter:data1\" content=\"Jana H\u00e4fner\" \/>\n\t<meta name=\"twitter:label2\" content=\"Est. reading time\" \/>\n\t<meta name=\"twitter:data2\" content=\"1 minute\" \/>\n<script type=\"application\/ld+json\" class=\"yoast-schema-graph\">{\"@context\":\"https:\\\/\\\/schema.org\",\"@graph\":[{\"@type\":\"Article\",\"@id\":\"https:\\\/\\\/www.protect-the-planet.de\\\/en\\\/2023-02-27-marklstorfer-daemmung\\\/#article\",\"isPartOf\":{\"@id\":\"https:\\\/\\\/www.protect-the-planet.de\\\/en\\\/2023-02-27-marklstorfer-daemmung\\\/\"},\"author\":{\"name\":\"Jana H\u00e4fner\",\"@id\":\"https:\\\/\\\/www.protect-the-planet.de\\\/en\\\/#\\\/schema\\\/person\\\/94315f5fbca131d26764146a638b8fc6\"},\"headline\":\"\u201eGeb\u00e4uded\u00e4mmung leicht gemacht!&#8221;\",\"datePublished\":\"2023-02-27T11:16:00+00:00\",\"mainEntityOfPage\":{\"@id\":\"https:\\\/\\\/www.protect-the-planet.de\\\/en\\\/2023-02-27-marklstorfer-daemmung\\\/\"},\"wordCount\":208,\"publisher\":{\"@id\":\"https:\\\/\\\/www.protect-the-planet.de\\\/en\\\/#organization\"},\"image\":{\"@id\":\"https:\\\/\\\/www.protect-the-planet.de\\\/en\\\/2023-02-27-marklstorfer-daemmung\\\/#primaryimage\"},\"thumbnailUrl\":\"https:\\\/\\\/www.protect-the-planet.de\\\/wp-content\\\/uploads\\\/2022\\\/12\\\/2023_02_27-Andreas-Marklstorfer-Gebaeudedaemmung-hp-fb-li.png\",\"keywords\":[\"Bauen und Eigenheim\",\"Bauma\u00dfnahmen\",\"D\u00e4mmung\",\"Dr. Helmut Paschlau\",\"energetische Sanierung\",\"Energie sparen\",\"Energieberatung\",\"Geb\u00e4uded\u00e4mmung\",\"Klima &#8211; was kann ich tun?\",\"Klimaberater\",\"Klimaschutz\",\"Marklstorfer\",\"Vortrag\",\"Vortragsreihe\",\"W\u00e4rmewende\",\"Zukunftssalon\"],\"articleSection\":[\"Energie, Heizen, Bauen\",\"Event archive\"],\"inLanguage\":\"en-US\"},{\"@type\":\"WebPage\",\"@id\":\"https:\\\/\\\/www.protect-the-planet.de\\\/en\\\/2023-02-27-marklstorfer-daemmung\\\/\",\"url\":\"https:\\\/\\\/www.protect-the-planet.de\\\/en\\\/2023-02-27-marklstorfer-daemmung\\\/\",\"name\":\"\u201eGeb\u00e4uded\u00e4mmung leicht gemacht!\\\" - Protect the Planet\",\"isPartOf\":{\"@id\":\"https:\\\/\\\/www.protect-the-planet.de\\\/en\\\/#website\"},\"primaryImageOfPage\":{\"@id\":\"https:\\\/\\\/www.protect-the-planet.de\\\/en\\\/2023-02-27-marklstorfer-daemmung\\\/#primaryimage\"},\"image\":{\"@id\":\"https:\\\/\\\/www.protect-the-planet.de\\\/en\\\/2023-02-27-marklstorfer-daemmung\\\/#primaryimage\"},\"thumbnailUrl\":\"https:\\\/\\\/www.protect-the-planet.de\\\/wp-content\\\/uploads\\\/2022\\\/12\\\/2023_02_27-Andreas-Marklstorfer-Gebaeudedaemmung-hp-fb-li.png\",\"datePublished\":\"2023-02-27T11:16:00+00:00\",\"breadcrumb\":{\"@id\":\"https:\\\/\\\/www.protect-the-planet.de\\\/en\\\/2023-02-27-marklstorfer-daemmung\\\/#breadcrumb\"},\"inLanguage\":\"en-US\",\"potentialAction\":[{\"@type\":\"ReadAction\",\"target\":[\"https:\\\/\\\/www.protect-the-planet.de\\\/en\\\/2023-02-27-marklstorfer-daemmung\\\/\"]}]},{\"@type\":\"ImageObject\",\"inLanguage\":\"en-US\",\"@id\":\"https:\\\/\\\/www.protect-the-planet.de\\\/en\\\/2023-02-27-marklstorfer-daemmung\\\/#primaryimage\",\"url\":\"https:\\\/\\\/www.protect-the-planet.de\\\/wp-content\\\/uploads\\\/2022\\\/12\\\/2023_02_27-Andreas-Marklstorfer-Gebaeudedaemmung-hp-fb-li.png\",\"contentUrl\":\"https:\\\/\\\/www.protect-the-planet.de\\\/wp-content\\\/uploads\\\/2022\\\/12\\\/2023_02_27-Andreas-Marklstorfer-Gebaeudedaemmung-hp-fb-li.png\",\"width\":1920,\"height\":1080,\"caption\":\"23\\\/02\\\/27 Vortrag Geb\u00e4uded\u00e4mmung leicht gemacht\"},{\"@type\":\"BreadcrumbList\",\"@id\":\"https:\\\/\\\/www.protect-the-planet.de\\\/en\\\/2023-02-27-marklstorfer-daemmung\\\/#breadcrumb\",\"itemListElement\":[{\"@type\":\"ListItem\",\"position\":1,\"name\":\"Startseite\",\"item\":\"https:\\\/\\\/www.protect-the-planet.de\\\/en\\\/home\\\/\"},{\"@type\":\"ListItem\",\"position\":2,\"name\":\"\u201eGeb\u00e4uded\u00e4mmung leicht gemacht!&#8221;\"}]},{\"@type\":\"WebSite\",\"@id\":\"https:\\\/\\\/www.protect-the-planet.de\\\/en\\\/#website\",\"url\":\"https:\\\/\\\/www.protect-the-planet.de\\\/en\\\/\",\"name\":\"Protect the Planet\",\"description\":\"If we don&#039;t change, the climate will.\",\"publisher\":{\"@id\":\"https:\\\/\\\/www.protect-the-planet.de\\\/en\\\/#organization\"},\"alternateName\":\"Protect the Panet gGmbH\",\"potentialAction\":[{\"@type\":\"SearchAction\",\"target\":{\"@type\":\"EntryPoint\",\"urlTemplate\":\"https:\\\/\\\/www.protect-the-planet.de\\\/en\\\/?s={search_term_string}\"},\"query-input\":{\"@type\":\"PropertyValueSpecification\",\"valueRequired\":true,\"valueName\":\"search_term_string\"}}],\"inLanguage\":\"en-US\"},{\"@type\":\"Organization\",\"@id\":\"https:\\\/\\\/www.protect-the-planet.de\\\/en\\\/#organization\",\"name\":\"Protect the Planet\",\"url\":\"https:\\\/\\\/www.protect-the-planet.de\\\/en\\\/\",\"logo\":{\"@type\":\"ImageObject\",\"inLanguage\":\"en-US\",\"@id\":\"https:\\\/\\\/www.protect-the-planet.de\\\/en\\\/#\\\/schema\\\/logo\\\/image\\\/\",\"url\":\"https:\\\/\\\/www.protect-the-planet.de\\\/wp-content\\\/uploads\\\/2023\\\/09\\\/LOGO-positiv_transparent-klein.png\",\"contentUrl\":\"https:\\\/\\\/www.protect-the-planet.de\\\/wp-content\\\/uploads\\\/2023\\\/09\\\/LOGO-positiv_transparent-klein.png\",\"width\":123,\"height\":68,\"caption\":\"Protect the Planet\"},\"image\":{\"@id\":\"https:\\\/\\\/www.protect-the-planet.de\\\/en\\\/#\\\/schema\\\/logo\\\/image\\\/\"},\"sameAs\":[\"https:\\\/\\\/www.facebook.com\\\/protecttheplanetDE\\\/\",\"https:\\\/\\\/x.com\\\/PtP_de\",\"https:\\\/\\\/www.instagram.com\\\/protecttheplanetorg\\\/\",\"https:\\\/\\\/www.linkedin.com\\\/company\\\/protect-the-planet\",\"https:\\\/\\\/www.youtube.com\\\/@protecttheplanet\"]},{\"@type\":\"Person\",\"@id\":\"https:\\\/\\\/www.protect-the-planet.de\\\/en\\\/#\\\/schema\\\/person\\\/94315f5fbca131d26764146a638b8fc6\",\"name\":\"Jana H\u00e4fner\",\"image\":{\"@type\":\"ImageObject\",\"inLanguage\":\"en-US\",\"@id\":\"https:\\\/\\\/www.protect-the-planet.de\\\/wp-content\\\/uploads\\\/2024\\\/04\\\/cropped-2310_ProtectThePlanet_206-96x96.jpg\",\"url\":\"https:\\\/\\\/www.protect-the-planet.de\\\/wp-content\\\/uploads\\\/2024\\\/04\\\/cropped-2310_ProtectThePlanet_206-96x96.jpg\",\"contentUrl\":\"https:\\\/\\\/www.protect-the-planet.de\\\/wp-content\\\/uploads\\\/2024\\\/04\\\/cropped-2310_ProtectThePlanet_206-96x96.jpg\",\"caption\":\"Jana H\u00e4fner\"},\"description\":\"jana.haefner@protect-the-planet.de +49 152 53089270\",\"url\":\"https:\\\/\\\/www.protect-the-planet.de\\\/en\\\/author\\\/jana-haefner\\\/\"}]}<\/script>\n<!-- \/ Yoast SEO plugin. -->","yoast_head_json":{"title":"\u201eGeb\u00e4uded\u00e4mmung leicht gemacht!\" - Protect the Planet","robots":{"index":"index","follow":"follow","max-snippet":"max-snippet:-1","max-image-preview":"max-image-preview:large","max-video-preview":"max-video-preview:-1"},"canonical":"https:\/\/www.protect-the-planet.de\/en\/2023-02-27-marklstorfer-daemmung\/","og_locale":"en_US","og_type":"article","og_title":"\u201eGeb\u00e4uded\u00e4mmung leicht gemacht!\" - Protect the Planet","og_description":"Andreas Marklstorfer (Energieberater HWK)","og_url":"https:\/\/www.protect-the-planet.de\/en\/2023-02-27-marklstorfer-daemmung\/","og_site_name":"Protect the Planet","article_publisher":"https:\/\/www.facebook.com\/protecttheplanetDE\/","article_published_time":"2023-02-27T11:16:00+00:00","author":"Jana H\u00e4fner","twitter_card":"summary_large_image","twitter_creator":"@PtP_de","twitter_site":"@PtP_de","twitter_misc":{"Written by":"Jana H\u00e4fner","Est. reading time":"1 minute"},"schema":{"@context":"https:\/\/schema.org","@graph":[{"@type":"Article","@id":"https:\/\/www.protect-the-planet.de\/en\/2023-02-27-marklstorfer-daemmung\/#article","isPartOf":{"@id":"https:\/\/www.protect-the-planet.de\/en\/2023-02-27-marklstorfer-daemmung\/"},"author":{"name":"Jana H\u00e4fner","@id":"https:\/\/www.protect-the-planet.de\/en\/#\/schema\/person\/94315f5fbca131d26764146a638b8fc6"},"headline":"\u201eGeb\u00e4uded\u00e4mmung leicht gemacht!&#8221;","datePublished":"2023-02-27T11:16:00+00:00","mainEntityOfPage":{"@id":"https:\/\/www.protect-the-planet.de\/en\/2023-02-27-marklstorfer-daemmung\/"},"wordCount":208,"publisher":{"@id":"https:\/\/www.protect-the-planet.de\/en\/#organization"},"image":{"@id":"https:\/\/www.protect-the-planet.de\/en\/2023-02-27-marklstorfer-daemmung\/#primaryimage"},"thumbnailUrl":"https:\/\/www.protect-the-planet.de\/wp-content\/uploads\/2022\/12\/2023_02_27-Andreas-Marklstorfer-Gebaeudedaemmung-hp-fb-li.png","keywords":["Bauen und Eigenheim","Bauma\u00dfnahmen","D\u00e4mmung","Dr. Helmut Paschlau","energetische Sanierung","Energie sparen","Energieberatung","Geb\u00e4uded\u00e4mmung","Klima &#8211; was kann ich tun?","Klimaberater","Klimaschutz","Marklstorfer","Vortrag","Vortragsreihe","W\u00e4rmewende","Zukunftssalon"],"articleSection":["Energie, Heizen, Bauen","Event archive"],"inLanguage":"en-US"},{"@type":"WebPage","@id":"https:\/\/www.protect-the-planet.de\/en\/2023-02-27-marklstorfer-daemmung\/","url":"https:\/\/www.protect-the-planet.de\/en\/2023-02-27-marklstorfer-daemmung\/","name":"\u201eGeb\u00e4uded\u00e4mmung leicht gemacht!\" - Protect the Planet","isPartOf":{"@id":"https:\/\/www.protect-the-planet.de\/en\/#website"},"primaryImageOfPage":{"@id":"https:\/\/www.protect-the-planet.de\/en\/2023-02-27-marklstorfer-daemmung\/#primaryimage"},"image":{"@id":"https:\/\/www.protect-the-planet.de\/en\/2023-02-27-marklstorfer-daemmung\/#primaryimage"},"thumbnailUrl":"https:\/\/www.protect-the-planet.de\/wp-content\/uploads\/2022\/12\/2023_02_27-Andreas-Marklstorfer-Gebaeudedaemmung-hp-fb-li.png","datePublished":"2023-02-27T11:16:00+00:00","breadcrumb":{"@id":"https:\/\/www.protect-the-planet.de\/en\/2023-02-27-marklstorfer-daemmung\/#breadcrumb"},"inLanguage":"en-US","potentialAction":[{"@type":"ReadAction","target":["https:\/\/www.protect-the-planet.de\/en\/2023-02-27-marklstorfer-daemmung\/"]}]},{"@type":"ImageObject","inLanguage":"en-US","@id":"https:\/\/www.protect-the-planet.de\/en\/2023-02-27-marklstorfer-daemmung\/#primaryimage","url":"https:\/\/www.protect-the-planet.de\/wp-content\/uploads\/2022\/12\/2023_02_27-Andreas-Marklstorfer-Gebaeudedaemmung-hp-fb-li.png","contentUrl":"https:\/\/www.protect-the-planet.de\/wp-content\/uploads\/2022\/12\/2023_02_27-Andreas-Marklstorfer-Gebaeudedaemmung-hp-fb-li.png","width":1920,"height":1080,"caption":"23\/02\/27 Vortrag Geb\u00e4uded\u00e4mmung leicht gemacht"},{"@type":"BreadcrumbList","@id":"https:\/\/www.protect-the-planet.de\/en\/2023-02-27-marklstorfer-daemmung\/#breadcrumb","itemListElement":[{"@type":"ListItem","position":1,"name":"Startseite","item":"https:\/\/www.protect-the-planet.de\/en\/home\/"},{"@type":"ListItem","position":2,"name":"\u201eGeb\u00e4uded\u00e4mmung leicht gemacht!&#8221;"}]},{"@type":"WebSite","@id":"https:\/\/www.protect-the-planet.de\/en\/#website","url":"https:\/\/www.protect-the-planet.de\/en\/","name":"Protect the Planet","description":"If we don&#039;t change, the climate will.","publisher":{"@id":"https:\/\/www.protect-the-planet.de\/en\/#organization"},"alternateName":"Protect the Panet gGmbH","potentialAction":[{"@type":"SearchAction","target":{"@type":"EntryPoint","urlTemplate":"https:\/\/www.protect-the-planet.de\/en\/?s={search_term_string}"},"query-input":{"@type":"PropertyValueSpecification","valueRequired":true,"valueName":"search_term_string"}}],"inLanguage":"en-US"},{"@type":"Organization","@id":"https:\/\/www.protect-the-planet.de\/en\/#organization","name":"Protect the Planet","url":"https:\/\/www.protect-the-planet.de\/en\/","logo":{"@type":"ImageObject","inLanguage":"en-US","@id":"https:\/\/www.protect-the-planet.de\/en\/#\/schema\/logo\/image\/","url":"https:\/\/www.protect-the-planet.de\/wp-content\/uploads\/2023\/09\/LOGO-positiv_transparent-klein.png","contentUrl":"https:\/\/www.protect-the-planet.de\/wp-content\/uploads\/2023\/09\/LOGO-positiv_transparent-klein.png","width":123,"height":68,"caption":"Protect the Planet"},"image":{"@id":"https:\/\/www.protect-the-planet.de\/en\/#\/schema\/logo\/image\/"},"sameAs":["https:\/\/www.facebook.com\/protecttheplanetDE\/","https:\/\/x.com\/PtP_de","https:\/\/www.instagram.com\/protecttheplanetorg\/","https:\/\/www.linkedin.com\/company\/protect-the-planet","https:\/\/www.youtube.com\/@protecttheplanet"]},{"@type":"Person","@id":"https:\/\/www.protect-the-planet.de\/en\/#\/schema\/person\/94315f5fbca131d26764146a638b8fc6","name":"Jana H\u00e4fner","image":{"@type":"ImageObject","inLanguage":"en-US","@id":"https:\/\/www.protect-the-planet.de\/wp-content\/uploads\/2024\/04\/cropped-2310_ProtectThePlanet_206-96x96.jpg","url":"https:\/\/www.protect-the-planet.de\/wp-content\/uploads\/2024\/04\/cropped-2310_ProtectThePlanet_206-96x96.jpg","contentUrl":"https:\/\/www.protect-the-planet.de\/wp-content\/uploads\/2024\/04\/cropped-2310_ProtectThePlanet_206-96x96.jpg","caption":"Jana H\u00e4fner"},"description":"jana.haefner@protect-the-planet.de +49 152 53089270","url":"https:\/\/www.protect-the-planet.de\/en\/author\/jana-haefner\/"}]}},"_links":{"self":[{"href":"https:\/\/www.protect-the-planet.de\/en\/wp-json\/wp\/v2\/posts\/31428","targetHints":{"allow":["GET"]}}],"collection":[{"href":"https:\/\/www.protect-the-planet.de\/en\/wp-json\/wp\/v2\/posts"}],"about":[{"href":"https:\/\/www.protect-the-planet.de\/en\/wp-json\/wp\/v2\/types\/post"}],"author":[{"embeddable":true,"href":"https:\/\/www.protect-the-planet.de\/en\/wp-json\/wp\/v2\/users\/4"}],"replies":[{"embeddable":true,"href":"https:\/\/www.protect-the-planet.de\/en\/wp-json\/wp\/v2\/comments?post=31428"}],"version-history":[{"count":0,"href":"https:\/\/www.protect-the-planet.de\/en\/wp-json\/wp\/v2\/posts\/31428\/revisions"}],"wp:featuredmedia":[{"embeddable":true,"href":"https:\/\/www.protect-the-planet.de\/en\/wp-json\/wp\/v2\/media\/21883"}],"wp:attachment":[{"href":"https:\/\/www.protect-the-planet.de\/en\/wp-json\/wp\/v2\/media?parent=31428"}],"wp:term":[{"taxonomy":"category","embeddable":true,"href":"https:\/\/www.protect-the-planet.de\/en\/wp-json\/wp\/v2\/categories?post=31428"},{"taxonomy":"post_tag","embeddable":true,"href":"https:\/\/www.protect-the-planet.de\/en\/wp-json\/wp\/v2\/tags?post=31428"}],"curies":[{"name":"wp","href":"https:\/\/api.w.org\/{rel}","templated":true}]}}