{"id":31316,"date":"2025-06-27T15:13:25","date_gmt":"2025-06-27T13:13:25","guid":{"rendered":"https:\/\/www.protect-the-planet.de\/?p=31316"},"modified":"2025-06-27T15:13:27","modified_gmt":"2025-06-27T13:13:27","slug":"ets-2-braucht-sozialen-kompass","status":"publish","type":"post","link":"https:\/\/www.protect-the-planet.de\/en\/ets-2-braucht-sozialen-kompass\/","title":{"rendered":"ETS 2: Verb\u00e4nde fordern gerechten EU\u2011Emissionshandel und haben 5-Punkte-Plan vorgelegt"},"content":{"rendered":"\n<h2 class=\"wp-block-heading\">EU-ETS 2 braucht sozialen Kompass!<\/h2>\n\n\n\n<p>15 Organisationen, darunter die <a href=\"https:\/\/www.klima-allianz.de\" target=\"_blank\" rel=\"noreferrer noopener\">Klima-Allianz Deutschland e.V.<\/a>, fordern in einem gemeinsamen <a href=\"https:\/\/www.klima-allianz.de\/presse\/meldung\/ets-2-braucht-sozialen-kompass-verbaende-fordern-gerechten-emissionshandel-und-legen-5-punkte-plan-vor\" target=\"_blank\" rel=\"noreferrer noopener\">Positionspapier<\/a>, dass Deutschland den EU-Emissionshandel f\u00fcr Geb\u00e4ude und Verkehr (EU-ETS 2) effektiv und sozial gerecht in Deutschland umsetzt. Dazu haben sie einen 5-Punkte-Plan f\u00fcr einen effektiven und sozial gerechten ETS 2 vorgelegt.<\/p>\n\n\n\n<ul class=\"wp-block-list\">\n<li>Die Bereiche Verkehr und Geb\u00e4ude m\u00fcssen z\u00fcgig dekarbonisiert werden.<\/li>\n\n\n\n<li>Deutschland muss einen wirksamen nationalen Klima-Sozialplan bei der EU einreichen.<\/li>\n\n\n\n<li>Der EU-Emissionshandel muss sozialpolitisch begleitet werden.<\/li>\n\n\n\n<li>Klimaschutzanforderungen m\u00fcssen in Sozialleistungen ber\u00fccksichtigt werden.<\/li>\n\n\n\n<li>Die finanziellen Mittel des EU-Klima-Sozialfonds m\u00fcssen deutlich aufgestockt werden.<br><br><\/li>\n<\/ul>\n\n\n\n<h3 class=\"wp-block-heading\"><strong>Was ist das EU-ETS 2?&nbsp;<\/strong><\/h3>\n\n\n\n<p>Das EU-ETS 2 ist eine im Rahmen des \u201aFit for 55\u2018 Pakets beschlossene Ma\u00dfnahme zur Senkung der CO\u2082-Emissionen in der EU. Erg\u00e4nzend zum ETS 1 soll ab 2027 ein separates Emissionshandelssystem f\u00fcr den Verbrauch fossiler Energien im Bereich Geb\u00e4ude, Stra\u00dfenverkehr sowie in zus\u00e4tzlichen Sektoren geschaffen werden. Aktuell l\u00e4uft die dreij\u00e4hrige Vorbereitungsphase.&nbsp;<\/p>\n\n\n\n<p>Im Gegensatz zum nationalen Emissionshandelssystem (nEHS) sind beim ETS 2 keine Festpreise und kein Preiskorridor vorgesehen. Die Preisbildung funktioniert wie beim ETS 1 am freien Markt nach dem Prinzip Angebot und Nachfrage. Auch wird es explizit keine Preisobergrenze geben.&nbsp;<\/p>\n\n\n\n<h3 class=\"wp-block-heading\">Steigende Preise erwartet <\/h3>\n\n\n\n<p>Es wird erwartet, dass ab 2027 die Kosten f\u00fcr \u00d6l, Gas und Benzin sp\u00fcrbar steigen. Die EU plant einen Klimasozialfonds, der besonders betroffene Haushalte finanziell entlasten soll. Voraussetzung ist, dass die EU-Mitgliedsstaaten bis zum 30. Juni Klima-Sozialpl\u00e4ne mit Ma\u00dfnahmenvorschl\u00e4gen bei der EU-Kommission einreichen.<\/p>\n\n\n\n<p>Im Rahmen des Positionspapiers fordern daher verschiedene Organisationen von der Bundesregierung begleitende politische und ordnungsrechtliche Ma\u00dfnahmen zum neuen Emissionshandel. Dazu z\u00e4hlen Investitionen in die \u00f6ffentliche Infrastruktur und gesetzliche Vorgaben zur CO\u2082-Minderung ebenso wie Ma\u00dfnahmen zur sozialen Abfederung. &nbsp;<\/p>\n\n\n\n<p>Als Klimaschutz-NGO sind wir ebenfalls<a href=\"https:\/\/www.protect-the-planet.de\/en\/climate-network\/\"> Mitglied<\/a> der Klima-Allianz und unterst\u00fctzen diesen Vorsto\u00df: Das Thema Emissionshandel wird uns voraussichtlich noch l\u00e4nger besch\u00e4ftigen.<\/p>\n\n\n\n<h3 class=\"wp-block-heading\"><strong>Zum Weiterlesen:&nbsp;<\/strong><\/h3>\n\n\n\n<ul class=\"wp-block-list\">\n<li>Pressemitteilung der Klima-Allianz, 25.05.2025: <a href=\"https:\/\/www.klima-allianz.de\/presse\/meldung\/ets-2-braucht-sozialen-kompass-verbaende-fordern-gerechten-emissionshandel-und-legen-5-punkte-plan-vor\" target=\"_blank\" rel=\"noreferrer noopener\">ETS-2 braucht sozialen Kompass: Verb\u00e4nde fordern gerechten Emissionshandel und legen 5-Punkte-Plan vor<\/a><\/li>\n\n\n\n<li>KlimaAllianz: <a href=\"https:\/\/www.klima-allianz.de\/fileadmin\/user_upload\/Dateien\/Daten\/Publikationen\/Positionen\/2025_06_29_KA_EU-Emmisionshandel.pdf\" target=\"_blank\" rel=\"noreferrer noopener\">Gemeinsames Forderungspapier: 5-Punkte-Plan: EU-Emissionshandel f\u00fcr Geb\u00e4ude und Verkehr effektiv und sozial gerecht in Deutschland umsetzen<\/a><\/li>\n\n\n\n<li>Umweltbundesamt Factsheet: <a href=\"https:\/\/www.umweltbundesamt.de\/publikationen\/einfuehrung-eines-emissionshandelssystems-fuer\" target=\"_blank\" rel=\"noreferrer noopener\">Einf\u00fchrung eines Emissionshandelssystems f\u00fcr Geb\u00e4ude, Stra\u00dfenverkehr und zus\u00e4tzliche Sektoren in der EU<\/a><\/li>\n<\/ul>\n","protected":false},"excerpt":{"rendered":"<p>15 Organisationen fordern in einem gemeinsamen Positionspapier, dass der EU-Emissionshandel f\u00fcr Geb\u00e4ude und Verkehr effektiv und sozial gerecht in Deutschland umgesetzt wird. Dazu haben sie einen 5-Punkte-Plan vorgelegt.<\/p>\n","protected":false},"author":4,"featured_media":31314,"comment_status":"closed","ping_status":"closed","sticky":false,"template":"","format":"standard","meta":{"footnotes":""},"categories":[729],"tags":[1615,1616,1617,1618,1619,1620,736],"class_list":["post-31316","post","type-post","status-publish","format-standard","has-post-thumbnail","hentry","category-news","tag-emissionshandel-en","tag-ets-en","tag-ets-2-en","tag-eu-ets-en","tag-eu-ets-2-en","tag-forderungspapier-en","tag-klimaallianz-en"],"yoast_head":"<!-- This site is optimized with the Yoast SEO plugin v27.5 - https:\/\/yoast.com\/product\/yoast-seo-wordpress\/ -->\n<title>ETS 2: Verb\u00e4nde fordern gerechten EU\u2011Emissionshandel und haben 5-Punkte-Plan vorgelegt - Protect the Planet<\/title>\n<meta name=\"description\" content=\"15 Organisationen fordern in einem gemeinsamen Positionspapier, dass der EU-Emissionshandel f\u00fcr Geb\u00e4ude und Verkehr effektiv und sozial gerecht in Deutschland umgesetzt wird. Dazu haben sie einen 5-Punkte-Plan vorgelegt.\" \/>\n<meta name=\"robots\" content=\"index, follow, max-snippet:-1, max-image-preview:large, max-video-preview:-1\" \/>\n<link rel=\"canonical\" href=\"https:\/\/www.protect-the-planet.de\/en\/ets-2-braucht-sozialen-kompass\/\" \/>\n<meta property=\"og:locale\" content=\"en_US\" \/>\n<meta property=\"og:type\" content=\"article\" \/>\n<meta property=\"og:title\" content=\"ETS 2: Verb\u00e4nde fordern gerechten EU\u2011Emissionshandel und haben 5-Punkte-Plan vorgelegt - Protect the Planet\" \/>\n<meta property=\"og:description\" content=\"15 Organisationen fordern in einem gemeinsamen Positionspapier, dass der EU-Emissionshandel f\u00fcr Geb\u00e4ude und Verkehr effektiv und sozial gerecht in Deutschland umgesetzt wird. Dazu haben sie einen 5-Punkte-Plan vorgelegt.\" \/>\n<meta property=\"og:url\" content=\"https:\/\/www.protect-the-planet.de\/en\/ets-2-braucht-sozialen-kompass\/\" \/>\n<meta property=\"og:site_name\" content=\"Protect the Planet\" \/>\n<meta property=\"article:publisher\" content=\"https:\/\/www.facebook.com\/protecttheplanetDE\/\" \/>\n<meta property=\"article:published_time\" content=\"2025-06-27T13:13:25+00:00\" \/>\n<meta property=\"article:modified_time\" content=\"2025-06-27T13:13:27+00:00\" \/>\n<meta property=\"og:image\" content=\"https:\/\/www.protect-the-planet.de\/wp-content\/uploads\/2025\/06\/ETS-2.jpg\" \/>\n\t<meta property=\"og:image:width\" content=\"900\" \/>\n\t<meta property=\"og:image:height\" content=\"550\" \/>\n\t<meta property=\"og:image:type\" content=\"image\/jpeg\" \/>\n<meta name=\"author\" content=\"Jana H\u00e4fner\" \/>\n<meta name=\"twitter:card\" content=\"summary_large_image\" \/>\n<meta name=\"twitter:creator\" content=\"@PtP_de\" \/>\n<meta name=\"twitter:site\" content=\"@PtP_de\" \/>\n<meta name=\"twitter:label1\" content=\"Written by\" \/>\n\t<meta name=\"twitter:data1\" content=\"Jana H\u00e4fner\" \/>\n\t<meta name=\"twitter:label2\" content=\"Est. reading time\" \/>\n\t<meta name=\"twitter:data2\" content=\"2 minutes\" \/>\n<script type=\"application\/ld+json\" class=\"yoast-schema-graph\">{\"@context\":\"https:\\\/\\\/schema.org\",\"@graph\":[{\"@type\":\"Article\",\"@id\":\"https:\\\/\\\/www.protect-the-planet.de\\\/en\\\/ets-2-braucht-sozialen-kompass\\\/#article\",\"isPartOf\":{\"@id\":\"https:\\\/\\\/www.protect-the-planet.de\\\/en\\\/ets-2-braucht-sozialen-kompass\\\/\"},\"author\":{\"name\":\"Jana H\u00e4fner\",\"@id\":\"https:\\\/\\\/www.protect-the-planet.de\\\/en\\\/#\\\/schema\\\/person\\\/94315f5fbca131d26764146a638b8fc6\"},\"headline\":\"ETS 2: Verb\u00e4nde fordern gerechten EU\u2011Emissionshandel und haben 5-Punkte-Plan vorgelegt\",\"datePublished\":\"2025-06-27T13:13:25+00:00\",\"dateModified\":\"2025-06-27T13:13:27+00:00\",\"mainEntityOfPage\":{\"@id\":\"https:\\\/\\\/www.protect-the-planet.de\\\/en\\\/ets-2-braucht-sozialen-kompass\\\/\"},\"wordCount\":376,\"publisher\":{\"@id\":\"https:\\\/\\\/www.protect-the-planet.de\\\/en\\\/#organization\"},\"image\":{\"@id\":\"https:\\\/\\\/www.protect-the-planet.de\\\/en\\\/ets-2-braucht-sozialen-kompass\\\/#primaryimage\"},\"thumbnailUrl\":\"https:\\\/\\\/www.protect-the-planet.de\\\/wp-content\\\/uploads\\\/2025\\\/06\\\/ETS-2.jpg\",\"keywords\":[\"Emissionshandel\",\"ETS\",\"ETS 2\",\"EU-ETS\",\"EU-ETS 2\",\"Forderungspapier\",\"Klimaallianz\"],\"articleSection\":[\"News\"],\"inLanguage\":\"en-US\"},{\"@type\":\"WebPage\",\"@id\":\"https:\\\/\\\/www.protect-the-planet.de\\\/en\\\/ets-2-braucht-sozialen-kompass\\\/\",\"url\":\"https:\\\/\\\/www.protect-the-planet.de\\\/en\\\/ets-2-braucht-sozialen-kompass\\\/\",\"name\":\"ETS 2: Verb\u00e4nde fordern gerechten EU\u2011Emissionshandel und haben 5-Punkte-Plan vorgelegt - Protect the Planet\",\"isPartOf\":{\"@id\":\"https:\\\/\\\/www.protect-the-planet.de\\\/en\\\/#website\"},\"primaryImageOfPage\":{\"@id\":\"https:\\\/\\\/www.protect-the-planet.de\\\/en\\\/ets-2-braucht-sozialen-kompass\\\/#primaryimage\"},\"image\":{\"@id\":\"https:\\\/\\\/www.protect-the-planet.de\\\/en\\\/ets-2-braucht-sozialen-kompass\\\/#primaryimage\"},\"thumbnailUrl\":\"https:\\\/\\\/www.protect-the-planet.de\\\/wp-content\\\/uploads\\\/2025\\\/06\\\/ETS-2.jpg\",\"datePublished\":\"2025-06-27T13:13:25+00:00\",\"dateModified\":\"2025-06-27T13:13:27+00:00\",\"description\":\"15 Organisationen fordern in einem gemeinsamen Positionspapier, dass der EU-Emissionshandel f\u00fcr Geb\u00e4ude und Verkehr effektiv und sozial gerecht in Deutschland umgesetzt wird. Dazu haben sie einen 5-Punkte-Plan vorgelegt.\",\"breadcrumb\":{\"@id\":\"https:\\\/\\\/www.protect-the-planet.de\\\/en\\\/ets-2-braucht-sozialen-kompass\\\/#breadcrumb\"},\"inLanguage\":\"en-US\",\"potentialAction\":[{\"@type\":\"ReadAction\",\"target\":[\"https:\\\/\\\/www.protect-the-planet.de\\\/en\\\/ets-2-braucht-sozialen-kompass\\\/\"]}]},{\"@type\":\"ImageObject\",\"inLanguage\":\"en-US\",\"@id\":\"https:\\\/\\\/www.protect-the-planet.de\\\/en\\\/ets-2-braucht-sozialen-kompass\\\/#primaryimage\",\"url\":\"https:\\\/\\\/www.protect-the-planet.de\\\/wp-content\\\/uploads\\\/2025\\\/06\\\/ETS-2.jpg\",\"contentUrl\":\"https:\\\/\\\/www.protect-the-planet.de\\\/wp-content\\\/uploads\\\/2025\\\/06\\\/ETS-2.jpg\",\"width\":900,\"height\":550,\"caption\":\"Beitragsbild_EU-ETS 2 braucht sozialen Kompass\"},{\"@type\":\"BreadcrumbList\",\"@id\":\"https:\\\/\\\/www.protect-the-planet.de\\\/en\\\/ets-2-braucht-sozialen-kompass\\\/#breadcrumb\",\"itemListElement\":[{\"@type\":\"ListItem\",\"position\":1,\"name\":\"Startseite\",\"item\":\"https:\\\/\\\/www.protect-the-planet.de\\\/en\\\/home\\\/\"},{\"@type\":\"ListItem\",\"position\":2,\"name\":\"ETS 2: Verb\u00e4nde fordern gerechten EU\u2011Emissionshandel und haben 5-Punkte-Plan vorgelegt\"}]},{\"@type\":\"WebSite\",\"@id\":\"https:\\\/\\\/www.protect-the-planet.de\\\/en\\\/#website\",\"url\":\"https:\\\/\\\/www.protect-the-planet.de\\\/en\\\/\",\"name\":\"Protect the Planet\",\"description\":\"If we don&#039;t change, the climate will.\",\"publisher\":{\"@id\":\"https:\\\/\\\/www.protect-the-planet.de\\\/en\\\/#organization\"},\"alternateName\":\"Protect the Panet gGmbH\",\"potentialAction\":[{\"@type\":\"SearchAction\",\"target\":{\"@type\":\"EntryPoint\",\"urlTemplate\":\"https:\\\/\\\/www.protect-the-planet.de\\\/en\\\/?s={search_term_string}\"},\"query-input\":{\"@type\":\"PropertyValueSpecification\",\"valueRequired\":true,\"valueName\":\"search_term_string\"}}],\"inLanguage\":\"en-US\"},{\"@type\":\"Organization\",\"@id\":\"https:\\\/\\\/www.protect-the-planet.de\\\/en\\\/#organization\",\"name\":\"Protect the Planet\",\"url\":\"https:\\\/\\\/www.protect-the-planet.de\\\/en\\\/\",\"logo\":{\"@type\":\"ImageObject\",\"inLanguage\":\"en-US\",\"@id\":\"https:\\\/\\\/www.protect-the-planet.de\\\/en\\\/#\\\/schema\\\/logo\\\/image\\\/\",\"url\":\"https:\\\/\\\/www.protect-the-planet.de\\\/wp-content\\\/uploads\\\/2023\\\/09\\\/LOGO-positiv_transparent-klein.png\",\"contentUrl\":\"https:\\\/\\\/www.protect-the-planet.de\\\/wp-content\\\/uploads\\\/2023\\\/09\\\/LOGO-positiv_transparent-klein.png\",\"width\":123,\"height\":68,\"caption\":\"Protect the Planet\"},\"image\":{\"@id\":\"https:\\\/\\\/www.protect-the-planet.de\\\/en\\\/#\\\/schema\\\/logo\\\/image\\\/\"},\"sameAs\":[\"https:\\\/\\\/www.facebook.com\\\/protecttheplanetDE\\\/\",\"https:\\\/\\\/x.com\\\/PtP_de\",\"https:\\\/\\\/www.instagram.com\\\/protecttheplanetorg\\\/\",\"https:\\\/\\\/www.linkedin.com\\\/company\\\/protect-the-planet\",\"https:\\\/\\\/www.youtube.com\\\/@protecttheplanet\"]},{\"@type\":\"Person\",\"@id\":\"https:\\\/\\\/www.protect-the-planet.de\\\/en\\\/#\\\/schema\\\/person\\\/94315f5fbca131d26764146a638b8fc6\",\"name\":\"Jana H\u00e4fner\",\"image\":{\"@type\":\"ImageObject\",\"inLanguage\":\"en-US\",\"@id\":\"https:\\\/\\\/www.protect-the-planet.de\\\/wp-content\\\/uploads\\\/2024\\\/04\\\/cropped-2310_ProtectThePlanet_206-96x96.jpg\",\"url\":\"https:\\\/\\\/www.protect-the-planet.de\\\/wp-content\\\/uploads\\\/2024\\\/04\\\/cropped-2310_ProtectThePlanet_206-96x96.jpg\",\"contentUrl\":\"https:\\\/\\\/www.protect-the-planet.de\\\/wp-content\\\/uploads\\\/2024\\\/04\\\/cropped-2310_ProtectThePlanet_206-96x96.jpg\",\"caption\":\"Jana H\u00e4fner\"},\"description\":\"jana.haefner@protect-the-planet.de +49 152 53089270\",\"url\":\"https:\\\/\\\/www.protect-the-planet.de\\\/en\\\/author\\\/jana-haefner\\\/\"}]}<\/script>\n<!-- \/ Yoast SEO plugin. -->","yoast_head_json":{"title":"ETS 2: Verb\u00e4nde fordern gerechten EU\u2011Emissionshandel und haben 5-Punkte-Plan vorgelegt - Protect the Planet","description":"15 Organisationen fordern in einem gemeinsamen Positionspapier, dass der EU-Emissionshandel f\u00fcr Geb\u00e4ude und Verkehr effektiv und sozial gerecht in Deutschland umgesetzt wird. Dazu haben sie einen 5-Punkte-Plan vorgelegt.","robots":{"index":"index","follow":"follow","max-snippet":"max-snippet:-1","max-image-preview":"max-image-preview:large","max-video-preview":"max-video-preview:-1"},"canonical":"https:\/\/www.protect-the-planet.de\/en\/ets-2-braucht-sozialen-kompass\/","og_locale":"en_US","og_type":"article","og_title":"ETS 2: Verb\u00e4nde fordern gerechten EU\u2011Emissionshandel und haben 5-Punkte-Plan vorgelegt - Protect the Planet","og_description":"15 Organisationen fordern in einem gemeinsamen Positionspapier, dass der EU-Emissionshandel f\u00fcr Geb\u00e4ude und Verkehr effektiv und sozial gerecht in Deutschland umgesetzt wird. Dazu haben sie einen 5-Punkte-Plan vorgelegt.","og_url":"https:\/\/www.protect-the-planet.de\/en\/ets-2-braucht-sozialen-kompass\/","og_site_name":"Protect the Planet","article_publisher":"https:\/\/www.facebook.com\/protecttheplanetDE\/","article_published_time":"2025-06-27T13:13:25+00:00","article_modified_time":"2025-06-27T13:13:27+00:00","og_image":[{"width":900,"height":550,"url":"https:\/\/www.protect-the-planet.de\/wp-content\/uploads\/2025\/06\/ETS-2.jpg","type":"image\/jpeg"}],"author":"Jana H\u00e4fner","twitter_card":"summary_large_image","twitter_creator":"@PtP_de","twitter_site":"@PtP_de","twitter_misc":{"Written by":"Jana H\u00e4fner","Est. reading time":"2 minutes"},"schema":{"@context":"https:\/\/schema.org","@graph":[{"@type":"Article","@id":"https:\/\/www.protect-the-planet.de\/en\/ets-2-braucht-sozialen-kompass\/#article","isPartOf":{"@id":"https:\/\/www.protect-the-planet.de\/en\/ets-2-braucht-sozialen-kompass\/"},"author":{"name":"Jana H\u00e4fner","@id":"https:\/\/www.protect-the-planet.de\/en\/#\/schema\/person\/94315f5fbca131d26764146a638b8fc6"},"headline":"ETS 2: Verb\u00e4nde fordern gerechten EU\u2011Emissionshandel und haben 5-Punkte-Plan vorgelegt","datePublished":"2025-06-27T13:13:25+00:00","dateModified":"2025-06-27T13:13:27+00:00","mainEntityOfPage":{"@id":"https:\/\/www.protect-the-planet.de\/en\/ets-2-braucht-sozialen-kompass\/"},"wordCount":376,"publisher":{"@id":"https:\/\/www.protect-the-planet.de\/en\/#organization"},"image":{"@id":"https:\/\/www.protect-the-planet.de\/en\/ets-2-braucht-sozialen-kompass\/#primaryimage"},"thumbnailUrl":"https:\/\/www.protect-the-planet.de\/wp-content\/uploads\/2025\/06\/ETS-2.jpg","keywords":["Emissionshandel","ETS","ETS 2","EU-ETS","EU-ETS 2","Forderungspapier","Klimaallianz"],"articleSection":["News"],"inLanguage":"en-US"},{"@type":"WebPage","@id":"https:\/\/www.protect-the-planet.de\/en\/ets-2-braucht-sozialen-kompass\/","url":"https:\/\/www.protect-the-planet.de\/en\/ets-2-braucht-sozialen-kompass\/","name":"ETS 2: Verb\u00e4nde fordern gerechten EU\u2011Emissionshandel und haben 5-Punkte-Plan vorgelegt - Protect the Planet","isPartOf":{"@id":"https:\/\/www.protect-the-planet.de\/en\/#website"},"primaryImageOfPage":{"@id":"https:\/\/www.protect-the-planet.de\/en\/ets-2-braucht-sozialen-kompass\/#primaryimage"},"image":{"@id":"https:\/\/www.protect-the-planet.de\/en\/ets-2-braucht-sozialen-kompass\/#primaryimage"},"thumbnailUrl":"https:\/\/www.protect-the-planet.de\/wp-content\/uploads\/2025\/06\/ETS-2.jpg","datePublished":"2025-06-27T13:13:25+00:00","dateModified":"2025-06-27T13:13:27+00:00","description":"15 Organisationen fordern in einem gemeinsamen Positionspapier, dass der EU-Emissionshandel f\u00fcr Geb\u00e4ude und Verkehr effektiv und sozial gerecht in Deutschland umgesetzt wird. Dazu haben sie einen 5-Punkte-Plan vorgelegt.","breadcrumb":{"@id":"https:\/\/www.protect-the-planet.de\/en\/ets-2-braucht-sozialen-kompass\/#breadcrumb"},"inLanguage":"en-US","potentialAction":[{"@type":"ReadAction","target":["https:\/\/www.protect-the-planet.de\/en\/ets-2-braucht-sozialen-kompass\/"]}]},{"@type":"ImageObject","inLanguage":"en-US","@id":"https:\/\/www.protect-the-planet.de\/en\/ets-2-braucht-sozialen-kompass\/#primaryimage","url":"https:\/\/www.protect-the-planet.de\/wp-content\/uploads\/2025\/06\/ETS-2.jpg","contentUrl":"https:\/\/www.protect-the-planet.de\/wp-content\/uploads\/2025\/06\/ETS-2.jpg","width":900,"height":550,"caption":"Beitragsbild_EU-ETS 2 braucht sozialen Kompass"},{"@type":"BreadcrumbList","@id":"https:\/\/www.protect-the-planet.de\/en\/ets-2-braucht-sozialen-kompass\/#breadcrumb","itemListElement":[{"@type":"ListItem","position":1,"name":"Startseite","item":"https:\/\/www.protect-the-planet.de\/en\/home\/"},{"@type":"ListItem","position":2,"name":"ETS 2: Verb\u00e4nde fordern gerechten EU\u2011Emissionshandel und haben 5-Punkte-Plan vorgelegt"}]},{"@type":"WebSite","@id":"https:\/\/www.protect-the-planet.de\/en\/#website","url":"https:\/\/www.protect-the-planet.de\/en\/","name":"Protect the Planet","description":"If we don&#039;t change, the climate will.","publisher":{"@id":"https:\/\/www.protect-the-planet.de\/en\/#organization"},"alternateName":"Protect the Panet gGmbH","potentialAction":[{"@type":"SearchAction","target":{"@type":"EntryPoint","urlTemplate":"https:\/\/www.protect-the-planet.de\/en\/?s={search_term_string}"},"query-input":{"@type":"PropertyValueSpecification","valueRequired":true,"valueName":"search_term_string"}}],"inLanguage":"en-US"},{"@type":"Organization","@id":"https:\/\/www.protect-the-planet.de\/en\/#organization","name":"Protect the Planet","url":"https:\/\/www.protect-the-planet.de\/en\/","logo":{"@type":"ImageObject","inLanguage":"en-US","@id":"https:\/\/www.protect-the-planet.de\/en\/#\/schema\/logo\/image\/","url":"https:\/\/www.protect-the-planet.de\/wp-content\/uploads\/2023\/09\/LOGO-positiv_transparent-klein.png","contentUrl":"https:\/\/www.protect-the-planet.de\/wp-content\/uploads\/2023\/09\/LOGO-positiv_transparent-klein.png","width":123,"height":68,"caption":"Protect the Planet"},"image":{"@id":"https:\/\/www.protect-the-planet.de\/en\/#\/schema\/logo\/image\/"},"sameAs":["https:\/\/www.facebook.com\/protecttheplanetDE\/","https:\/\/x.com\/PtP_de","https:\/\/www.instagram.com\/protecttheplanetorg\/","https:\/\/www.linkedin.com\/company\/protect-the-planet","https:\/\/www.youtube.com\/@protecttheplanet"]},{"@type":"Person","@id":"https:\/\/www.protect-the-planet.de\/en\/#\/schema\/person\/94315f5fbca131d26764146a638b8fc6","name":"Jana H\u00e4fner","image":{"@type":"ImageObject","inLanguage":"en-US","@id":"https:\/\/www.protect-the-planet.de\/wp-content\/uploads\/2024\/04\/cropped-2310_ProtectThePlanet_206-96x96.jpg","url":"https:\/\/www.protect-the-planet.de\/wp-content\/uploads\/2024\/04\/cropped-2310_ProtectThePlanet_206-96x96.jpg","contentUrl":"https:\/\/www.protect-the-planet.de\/wp-content\/uploads\/2024\/04\/cropped-2310_ProtectThePlanet_206-96x96.jpg","caption":"Jana H\u00e4fner"},"description":"jana.haefner@protect-the-planet.de +49 152 53089270","url":"https:\/\/www.protect-the-planet.de\/en\/author\/jana-haefner\/"}]}},"_links":{"self":[{"href":"https:\/\/www.protect-the-planet.de\/en\/wp-json\/wp\/v2\/posts\/31316","targetHints":{"allow":["GET"]}}],"collection":[{"href":"https:\/\/www.protect-the-planet.de\/en\/wp-json\/wp\/v2\/posts"}],"about":[{"href":"https:\/\/www.protect-the-planet.de\/en\/wp-json\/wp\/v2\/types\/post"}],"author":[{"embeddable":true,"href":"https:\/\/www.protect-the-planet.de\/en\/wp-json\/wp\/v2\/users\/4"}],"replies":[{"embeddable":true,"href":"https:\/\/www.protect-the-planet.de\/en\/wp-json\/wp\/v2\/comments?post=31316"}],"version-history":[{"count":5,"href":"https:\/\/www.protect-the-planet.de\/en\/wp-json\/wp\/v2\/posts\/31316\/revisions"}],"predecessor-version":[{"id":31328,"href":"https:\/\/www.protect-the-planet.de\/en\/wp-json\/wp\/v2\/posts\/31316\/revisions\/31328"}],"wp:featuredmedia":[{"embeddable":true,"href":"https:\/\/www.protect-the-planet.de\/en\/wp-json\/wp\/v2\/media\/31314"}],"wp:attachment":[{"href":"https:\/\/www.protect-the-planet.de\/en\/wp-json\/wp\/v2\/media?parent=31316"}],"wp:term":[{"taxonomy":"category","embeddable":true,"href":"https:\/\/www.protect-the-planet.de\/en\/wp-json\/wp\/v2\/categories?post=31316"},{"taxonomy":"post_tag","embeddable":true,"href":"https:\/\/www.protect-the-planet.de\/en\/wp-json\/wp\/v2\/tags?post=31316"}],"curies":[{"name":"wp","href":"https:\/\/api.w.org\/{rel}","templated":true}]}}