{"id":31309,"date":"2025-06-12T10:49:05","date_gmt":"2025-06-12T08:49:05","guid":{"rendered":"https:\/\/www.protect-the-planet.de\/mehr-gaskraftwerke-in-deutschland\/"},"modified":"2025-06-27T15:22:16","modified_gmt":"2025-06-27T13:22:16","slug":"mehr-gaskraftwerke-in-deutschland","status":"publish","type":"post","link":"https:\/\/www.protect-the-planet.de\/en\/mehr-gaskraftwerke-in-deutschland\/","title":{"rendered":"Mehr Gaskraftwerke in Deutschland?"},"content":{"rendered":"\n<h3 class=\"wp-block-heading\">Ein Kommentar von WindRat-Projektmanager Peter Keller.  <\/h3>\n\n\n\n<p>Viele Tage im Jahr gibt es \u00dcberschussstrom, vor allem mittags durch die Photovoltaik-Anlagen. Wenige Tage und Stunden im Jahr, meist bei windstillen und nebligen Dezembertagen, dagegen die sogenannte Dunkelflaute mit wenig Wind- und Solarenergie. Die idealen Vorkehrungen einer kombinierten Strategie w\u00e4ren hier Verst\u00e4rkung des europ\u00e4ischen Netzes, Ausbau und Netzintegration der Erneuerbaren Energien. Ebenso Nachfragemanagement und Smart Meter, Forcierung des fl\u00e4chendeckenden Ausbaus von Speichern, bidirektionales Laden bei E-Autos sowie Wasserstoffspeicher und -kraftwerke, die mit gr\u00fcnem Strom arbeiten und auf Wasserstoff umr\u00fcstbare Gaskraftwerke.<\/p>\n\n\n\n<p>Die Bundesregierung bevorzugt jedoch einen anderen Weg: Die neue Bundeswirtschaftsministerin Katharina Reiche k\u00fcndigte an,&nbsp;dass Deutschland Gaskraftwerke in der Gr\u00f6\u00dfenordnung von 20 Gigawatt braucht, die nun sehr schnell gebaut werden m\u00fcssen. Das wollte auch ihr Vorg\u00e4nger Robert Habeck \u2013 allerdings nur 10,5 Gigawatt und am besten solche, die sp\u00e4ter auch Wasserstoff verarbeiten k\u00f6nnen. Davon hat Reiche nichts verlauten lassen. Die ehemalige Managerin ist dem fossilen Brennstoff Erdgas offensichtlich sehr positiv aufgeschlossen. Das passt zu all denen in der Bundesregierung,&nbsp;&nbsp;die realit\u00e4tsfremd immer noch von g\u00fcnstigem russischem Gas tr\u00e4umen.<\/p>\n\n\n\n<p>Frau Reiche behauptet nun, die Gr\u00f6\u00dfenordnung von 20 Gigawatt sei notwendig, um etwaige Dunkelflauten zu \u00fcberbr\u00fccken. Und sie hat keine Probleme damit, dass ihrer ehemaligen Branche nun deutlich gr\u00f6\u00dfere Versorgungsauftr\u00e4ge winken. Sie verweist darauf, dass zuk\u00fcnftig CO\u2082 abgeschieden und gespeichert werden soll \u2013 eine technische Herausforderung, die f\u00fcr die Erreichung der vereinbarten Klimaschutzziele aber unabwendbar ist.<\/p>\n\n\n\n<h3 class=\"wp-block-heading\">Mehr Gaskraftwerke: Wenig sinnvoll<\/h3>\n\n\n\n<p>Die Strategie der neuen Bundeswirtschaftsministerin ist aus drei Gr\u00fcnden wenig sinnvoll: Zum einen m\u00fcssen die Gaskraftwerke nur wenige Stunden im Jahr laufen und brauchen deshalb hohe Subventionen. Teuer erkaufte \u00dcberkapazit\u00e4ten f\u00fchren zu steigenden Energiepreisen.\u00a0<\/p>\n\n\n\n<p>Zum anderen ist bei Gaskraftwerken die Abscheidung von CO<sub>2<\/sub>\u00a0aufwendig, weil die Konzentration im Abgas gering ist. Anders ist das bei Zementwerken oder Kohlekraftwerken. Die Abscheidung ben\u00f6tigt weitere 40 Prozent Energie. Die Kosten liegen damit bei 160 bis 200 Euro pro Tonne CO<sub>2<\/sub>.<\/p>\n\n\n\n<p>Und letztendlich ist die CO<sub>2<\/sub>-Reduktion nur gering, weil etwa 60 Prozent der CO<sub>2<\/sub>-Emissionen bei der Gas-F\u00f6rderung und dem Transport freigesetzt werden.<\/p>\n\n\n\n<h2 class=\"wp-block-heading\">Kritik von Wirtschaftsexpert*innen<\/h2>\n\n\n\n<p>Reiches Gaspl\u00e4ne rufen nicht nur die\u00a0Energieexpertin Claudia Kemfert vom Deutschen Institut f\u00fcr Wirtschaftsforschung\u00a0(DIW) auf den Plan, welche die Gaspl\u00e4ne als \u201ev\u00f6llig \u00fcberdimensioniert\u201c bezeichnet. &#8220;Auch die Wasserkraft, die Flexibilisierung des Energiesystems und der Einsatz von immer kosteng\u00fcnstigeren Gro\u00dfbatterien w\u00e4ren gangbare Alternativen&#8221;, so Prof. Kemfert.\u00a0Nach Einsch\u00e4tzung von Martin Kaiser, Klima-Experte von Greenpeace\u00a0m\u00fcsse Deutschland endlich die fossilen Ketten sprengen, die das Land an teure fossile Importe fesseln. \u201eStatt Deutschland mit einem beschleunigten Ausbau der Erneuerbaren unabh\u00e4ngiger zu machen, will Katherina Reiche uns in neue fossile Abh\u00e4ngigkeiten steuern.&#8221;<\/p>\n\n\n\n<p>Batterispeicher spielen in den \u00dcberlegungen der Bundeswirtschaftsministerin mit rd. 0,5, GW Abdeckung anscheind keine gro\u00dfe Rolle. Selbst Robert Zurawski, Deutschland-Chef von Vattenfall betont, dass 20 GW zu viel seien: \u201eSpeichern geh\u00f6rt die Zukunft. Gaskraftwerke k\u00f6nnen aber nur erzeugen \u2013 das ist die alte Welt. Nach meiner Einsch\u00e4tzung muss sich die Bundesregierung das Gesamtkonzept noch einmal anschauen\u201c, sagte er in einem Interview.\u00a0Und das sollte sie unserer Meinung nach auch tun.<\/p>\n\n\n\n<hr class=\"wp-block-separator has-alpha-channel-opacity\"\/>\n\n\n\n<figure class=\"wp-block-image size-full is-resized\"><img fetchpriority=\"high\" decoding=\"async\" width=\"520\" height=\"440\" src=\"https:\/\/www.protect-the-planet.de\/wp-content\/uploads\/2023\/06\/Gruppe-maskieren-11@2x.png\" alt=\"\" class=\"wp-image-16436\" style=\"width:279px;height:auto\" srcset=\"https:\/\/www.protect-the-planet.de\/wp-content\/uploads\/2023\/06\/Gruppe-maskieren-11@2x.png 520w, https:\/\/www.protect-the-planet.de\/wp-content\/uploads\/2023\/06\/Gruppe-maskieren-11@2x-300x254.png 300w\" sizes=\"(max-width: 520px) 100vw, 520px\" \/><figcaption class=\"wp-element-caption\"><strong>Peter Keller<\/strong><\/figcaption><\/figure>\n\n\n\n<p>Peter Keller ist Projektmanager des Protect the Planet-Projekts <a href=\"http:\/\/wind-rat.de\" target=\"_blank\" rel=\"noreferrer noopener\">WindRat<\/a>. Dabei ber\u00e4t er Kommunen rund um das Thema Windenergienutzung onshore, B\u00fcrgerbeteiligung, F\u00f6rderungen und Netzwerke.<\/p>\n\n\n\n<p>Seit \u00fcber 20 Jahren in den Themenfeldern Regionalentwicklung, Klimaschutz und Energiewende in verschiedensten Funktionen t\u00e4tig und unterwegs, verf\u00fcgt Peter Keller \u00fcber breite fachliche Expertise und gro\u00dfe Erfahrung speziell in der Akzeptanzf\u00f6rderung f\u00fcr Energiewendeprojekte bei der Bev\u00f6lkerung vor Ort.\u00a0\u00a0<\/p>\n\n\n\n<p>Bei der Green City AG war er u.a. neben dem Aufbau und Implementieren des Bereichs Kommunale Energieberatung mehrere Jahre t\u00e4tig als Bereichsleiter \u201ePlanen und Realisieren\u201c bei Planung, Projektierung und Realisation von Windkraftanlagen als \u00f6kologische B\u00fcrgerbeteiligungsmodelle in Deutschland. Dar\u00fcber hinaus verf\u00fcgt Peter Keller auch durch seine mehrj\u00e4hrige T\u00e4tigkeit zuletzt bei der Green City Experience GmbH \u00fcber langj\u00e4hrige Projekteerfahrung in Energiewendeprojekten auf regionaler, nationaler und internationaler Ebene.&nbsp;<\/p>\n","protected":false},"excerpt":{"rendered":"<p>Ein Kommentar von WindRat-Projektmanager Peter Keller.  <\/p>\n","protected":false},"author":10,"featured_media":31285,"comment_status":"closed","ping_status":"closed","sticky":false,"template":"","format":"standard","meta":{"footnotes":""},"categories":[729],"tags":[1606,826,710,1607],"class_list":["post-31309","post","type-post","status-publish","format-standard","has-post-thumbnail","hentry","category-news","tag-gaskraftwerke-en","tag-klimaneutralitaet-en","tag-klimaschutz-en","tag-politik-en"],"yoast_head":"<!-- This site is optimized with the Yoast SEO plugin v27.5 - https:\/\/yoast.com\/product\/yoast-seo-wordpress\/ -->\n<title>Mehr Gaskraftwerke in Deutschland? - Protect the Planet<\/title>\n<meta name=\"description\" content=\"Eine Einsch\u00e4tzung der neuen deutschen Gaskraftwerkstrategie von WindRat-Projektmanager Peter Keller.\" \/>\n<meta name=\"robots\" content=\"index, follow, max-snippet:-1, max-image-preview:large, max-video-preview:-1\" \/>\n<link rel=\"canonical\" href=\"https:\/\/www.protect-the-planet.de\/en\/mehr-gaskraftwerke-in-deutschland\/\" \/>\n<meta property=\"og:locale\" content=\"en_US\" \/>\n<meta property=\"og:type\" content=\"article\" \/>\n<meta property=\"og:title\" content=\"Mehr Gaskraftwerke in Deutschland? - Protect the Planet\" \/>\n<meta property=\"og:description\" content=\"Eine Einsch\u00e4tzung der neuen deutschen Gaskraftwerkstrategie von WindRat-Projektmanager Peter Keller.\" \/>\n<meta property=\"og:url\" content=\"https:\/\/www.protect-the-planet.de\/en\/mehr-gaskraftwerke-in-deutschland\/\" \/>\n<meta property=\"og:site_name\" content=\"Protect the Planet\" \/>\n<meta property=\"article:publisher\" content=\"https:\/\/www.facebook.com\/protecttheplanetDE\/\" \/>\n<meta property=\"article:published_time\" content=\"2025-06-12T08:49:05+00:00\" \/>\n<meta property=\"article:modified_time\" content=\"2025-06-27T13:22:16+00:00\" \/>\n<meta property=\"og:image\" content=\"https:\/\/www.protect-the-planet.de\/wp-content\/uploads\/2025\/06\/Kommentar-Mehr-Gaskraftwerke-in-Deutschland-.jpg\" \/>\n\t<meta property=\"og:image:width\" content=\"900\" \/>\n\t<meta property=\"og:image:height\" content=\"550\" \/>\n\t<meta property=\"og:image:type\" content=\"image\/jpeg\" \/>\n<meta name=\"author\" content=\"Marlene Schorr\" \/>\n<meta name=\"twitter:card\" content=\"summary_large_image\" \/>\n<meta name=\"twitter:creator\" content=\"@PtP_de\" \/>\n<meta name=\"twitter:site\" content=\"@PtP_de\" \/>\n<meta name=\"twitter:label1\" content=\"Written by\" \/>\n\t<meta name=\"twitter:data1\" content=\"Marlene Schorr\" \/>\n\t<meta name=\"twitter:label2\" content=\"Est. reading time\" \/>\n\t<meta name=\"twitter:data2\" content=\"4 minutes\" \/>\n<script type=\"application\/ld+json\" class=\"yoast-schema-graph\">{\"@context\":\"https:\\\/\\\/schema.org\",\"@graph\":[{\"@type\":\"Article\",\"@id\":\"https:\\\/\\\/www.protect-the-planet.de\\\/en\\\/mehr-gaskraftwerke-in-deutschland\\\/#article\",\"isPartOf\":{\"@id\":\"https:\\\/\\\/www.protect-the-planet.de\\\/en\\\/mehr-gaskraftwerke-in-deutschland\\\/\"},\"author\":{\"name\":\"Marlene Schorr\",\"@id\":\"https:\\\/\\\/www.protect-the-planet.de\\\/en\\\/#\\\/schema\\\/person\\\/c5f68fff219fefde61da571621343455\"},\"headline\":\"Mehr Gaskraftwerke in Deutschland?\",\"datePublished\":\"2025-06-12T08:49:05+00:00\",\"dateModified\":\"2025-06-27T13:22:16+00:00\",\"mainEntityOfPage\":{\"@id\":\"https:\\\/\\\/www.protect-the-planet.de\\\/en\\\/mehr-gaskraftwerke-in-deutschland\\\/\"},\"wordCount\":679,\"publisher\":{\"@id\":\"https:\\\/\\\/www.protect-the-planet.de\\\/en\\\/#organization\"},\"image\":{\"@id\":\"https:\\\/\\\/www.protect-the-planet.de\\\/en\\\/mehr-gaskraftwerke-in-deutschland\\\/#primaryimage\"},\"thumbnailUrl\":\"https:\\\/\\\/www.protect-the-planet.de\\\/wp-content\\\/uploads\\\/2025\\\/06\\\/Kommentar-Mehr-Gaskraftwerke-in-Deutschland-.jpg\",\"keywords\":[\"Gaskraftwerke\",\"Klimaneutralit\u00e4t\",\"Klimaschutz\",\"Politik\"],\"articleSection\":[\"News\"],\"inLanguage\":\"en-US\"},{\"@type\":\"WebPage\",\"@id\":\"https:\\\/\\\/www.protect-the-planet.de\\\/en\\\/mehr-gaskraftwerke-in-deutschland\\\/\",\"url\":\"https:\\\/\\\/www.protect-the-planet.de\\\/en\\\/mehr-gaskraftwerke-in-deutschland\\\/\",\"name\":\"Mehr Gaskraftwerke in Deutschland? - Protect the Planet\",\"isPartOf\":{\"@id\":\"https:\\\/\\\/www.protect-the-planet.de\\\/en\\\/#website\"},\"primaryImageOfPage\":{\"@id\":\"https:\\\/\\\/www.protect-the-planet.de\\\/en\\\/mehr-gaskraftwerke-in-deutschland\\\/#primaryimage\"},\"image\":{\"@id\":\"https:\\\/\\\/www.protect-the-planet.de\\\/en\\\/mehr-gaskraftwerke-in-deutschland\\\/#primaryimage\"},\"thumbnailUrl\":\"https:\\\/\\\/www.protect-the-planet.de\\\/wp-content\\\/uploads\\\/2025\\\/06\\\/Kommentar-Mehr-Gaskraftwerke-in-Deutschland-.jpg\",\"datePublished\":\"2025-06-12T08:49:05+00:00\",\"dateModified\":\"2025-06-27T13:22:16+00:00\",\"description\":\"Eine Einsch\u00e4tzung der neuen deutschen Gaskraftwerkstrategie von WindRat-Projektmanager Peter Keller.\",\"breadcrumb\":{\"@id\":\"https:\\\/\\\/www.protect-the-planet.de\\\/en\\\/mehr-gaskraftwerke-in-deutschland\\\/#breadcrumb\"},\"inLanguage\":\"en-US\",\"potentialAction\":[{\"@type\":\"ReadAction\",\"target\":[\"https:\\\/\\\/www.protect-the-planet.de\\\/en\\\/mehr-gaskraftwerke-in-deutschland\\\/\"]}]},{\"@type\":\"ImageObject\",\"inLanguage\":\"en-US\",\"@id\":\"https:\\\/\\\/www.protect-the-planet.de\\\/en\\\/mehr-gaskraftwerke-in-deutschland\\\/#primaryimage\",\"url\":\"https:\\\/\\\/www.protect-the-planet.de\\\/wp-content\\\/uploads\\\/2025\\\/06\\\/Kommentar-Mehr-Gaskraftwerke-in-Deutschland-.jpg\",\"contentUrl\":\"https:\\\/\\\/www.protect-the-planet.de\\\/wp-content\\\/uploads\\\/2025\\\/06\\\/Kommentar-Mehr-Gaskraftwerke-in-Deutschland-.jpg\",\"width\":900,\"height\":550,\"caption\":\"Gaskraftwerke in Deutschland\"},{\"@type\":\"BreadcrumbList\",\"@id\":\"https:\\\/\\\/www.protect-the-planet.de\\\/en\\\/mehr-gaskraftwerke-in-deutschland\\\/#breadcrumb\",\"itemListElement\":[{\"@type\":\"ListItem\",\"position\":1,\"name\":\"Startseite\",\"item\":\"https:\\\/\\\/www.protect-the-planet.de\\\/en\\\/home\\\/\"},{\"@type\":\"ListItem\",\"position\":2,\"name\":\"Mehr Gaskraftwerke in Deutschland?\"}]},{\"@type\":\"WebSite\",\"@id\":\"https:\\\/\\\/www.protect-the-planet.de\\\/en\\\/#website\",\"url\":\"https:\\\/\\\/www.protect-the-planet.de\\\/en\\\/\",\"name\":\"Protect the Planet\",\"description\":\"If we don&#039;t change, the climate will.\",\"publisher\":{\"@id\":\"https:\\\/\\\/www.protect-the-planet.de\\\/en\\\/#organization\"},\"alternateName\":\"Protect the Panet gGmbH\",\"potentialAction\":[{\"@type\":\"SearchAction\",\"target\":{\"@type\":\"EntryPoint\",\"urlTemplate\":\"https:\\\/\\\/www.protect-the-planet.de\\\/en\\\/?s={search_term_string}\"},\"query-input\":{\"@type\":\"PropertyValueSpecification\",\"valueRequired\":true,\"valueName\":\"search_term_string\"}}],\"inLanguage\":\"en-US\"},{\"@type\":\"Organization\",\"@id\":\"https:\\\/\\\/www.protect-the-planet.de\\\/en\\\/#organization\",\"name\":\"Protect the Planet\",\"url\":\"https:\\\/\\\/www.protect-the-planet.de\\\/en\\\/\",\"logo\":{\"@type\":\"ImageObject\",\"inLanguage\":\"en-US\",\"@id\":\"https:\\\/\\\/www.protect-the-planet.de\\\/en\\\/#\\\/schema\\\/logo\\\/image\\\/\",\"url\":\"https:\\\/\\\/www.protect-the-planet.de\\\/wp-content\\\/uploads\\\/2023\\\/09\\\/LOGO-positiv_transparent-klein.png\",\"contentUrl\":\"https:\\\/\\\/www.protect-the-planet.de\\\/wp-content\\\/uploads\\\/2023\\\/09\\\/LOGO-positiv_transparent-klein.png\",\"width\":123,\"height\":68,\"caption\":\"Protect the Planet\"},\"image\":{\"@id\":\"https:\\\/\\\/www.protect-the-planet.de\\\/en\\\/#\\\/schema\\\/logo\\\/image\\\/\"},\"sameAs\":[\"https:\\\/\\\/www.facebook.com\\\/protecttheplanetDE\\\/\",\"https:\\\/\\\/x.com\\\/PtP_de\",\"https:\\\/\\\/www.instagram.com\\\/protecttheplanetorg\\\/\",\"https:\\\/\\\/www.linkedin.com\\\/company\\\/protect-the-planet\",\"https:\\\/\\\/www.youtube.com\\\/@protecttheplanet\"]},{\"@type\":\"Person\",\"@id\":\"https:\\\/\\\/www.protect-the-planet.de\\\/en\\\/#\\\/schema\\\/person\\\/c5f68fff219fefde61da571621343455\",\"name\":\"Marlene Schorr\",\"image\":{\"@type\":\"ImageObject\",\"inLanguage\":\"en-US\",\"@id\":\"https:\\\/\\\/secure.gravatar.com\\\/avatar\\\/78d101b05e6da18a98f007d6ad5f076a6c8fc0dcc2e943f6e304d20caf0c1806?s=96&d=mm&r=g\",\"url\":\"https:\\\/\\\/secure.gravatar.com\\\/avatar\\\/78d101b05e6da18a98f007d6ad5f076a6c8fc0dcc2e943f6e304d20caf0c1806?s=96&d=mm&r=g\",\"contentUrl\":\"https:\\\/\\\/secure.gravatar.com\\\/avatar\\\/78d101b05e6da18a98f007d6ad5f076a6c8fc0dcc2e943f6e304d20caf0c1806?s=96&d=mm&r=g\",\"caption\":\"Marlene Schorr\"},\"url\":\"https:\\\/\\\/www.protect-the-planet.de\\\/en\\\/author\\\/marlene-schorr\\\/\"}]}<\/script>\n<!-- \/ Yoast SEO plugin. -->","yoast_head_json":{"title":"Mehr Gaskraftwerke in Deutschland? - Protect the Planet","description":"Eine Einsch\u00e4tzung der neuen deutschen Gaskraftwerkstrategie von WindRat-Projektmanager Peter Keller.","robots":{"index":"index","follow":"follow","max-snippet":"max-snippet:-1","max-image-preview":"max-image-preview:large","max-video-preview":"max-video-preview:-1"},"canonical":"https:\/\/www.protect-the-planet.de\/en\/mehr-gaskraftwerke-in-deutschland\/","og_locale":"en_US","og_type":"article","og_title":"Mehr Gaskraftwerke in Deutschland? - Protect the Planet","og_description":"Eine Einsch\u00e4tzung der neuen deutschen Gaskraftwerkstrategie von WindRat-Projektmanager Peter Keller.","og_url":"https:\/\/www.protect-the-planet.de\/en\/mehr-gaskraftwerke-in-deutschland\/","og_site_name":"Protect the Planet","article_publisher":"https:\/\/www.facebook.com\/protecttheplanetDE\/","article_published_time":"2025-06-12T08:49:05+00:00","article_modified_time":"2025-06-27T13:22:16+00:00","og_image":[{"width":900,"height":550,"url":"https:\/\/www.protect-the-planet.de\/wp-content\/uploads\/2025\/06\/Kommentar-Mehr-Gaskraftwerke-in-Deutschland-.jpg","type":"image\/jpeg"}],"author":"Marlene Schorr","twitter_card":"summary_large_image","twitter_creator":"@PtP_de","twitter_site":"@PtP_de","twitter_misc":{"Written by":"Marlene Schorr","Est. reading time":"4 minutes"},"schema":{"@context":"https:\/\/schema.org","@graph":[{"@type":"Article","@id":"https:\/\/www.protect-the-planet.de\/en\/mehr-gaskraftwerke-in-deutschland\/#article","isPartOf":{"@id":"https:\/\/www.protect-the-planet.de\/en\/mehr-gaskraftwerke-in-deutschland\/"},"author":{"name":"Marlene Schorr","@id":"https:\/\/www.protect-the-planet.de\/en\/#\/schema\/person\/c5f68fff219fefde61da571621343455"},"headline":"Mehr Gaskraftwerke in Deutschland?","datePublished":"2025-06-12T08:49:05+00:00","dateModified":"2025-06-27T13:22:16+00:00","mainEntityOfPage":{"@id":"https:\/\/www.protect-the-planet.de\/en\/mehr-gaskraftwerke-in-deutschland\/"},"wordCount":679,"publisher":{"@id":"https:\/\/www.protect-the-planet.de\/en\/#organization"},"image":{"@id":"https:\/\/www.protect-the-planet.de\/en\/mehr-gaskraftwerke-in-deutschland\/#primaryimage"},"thumbnailUrl":"https:\/\/www.protect-the-planet.de\/wp-content\/uploads\/2025\/06\/Kommentar-Mehr-Gaskraftwerke-in-Deutschland-.jpg","keywords":["Gaskraftwerke","Klimaneutralit\u00e4t","Klimaschutz","Politik"],"articleSection":["News"],"inLanguage":"en-US"},{"@type":"WebPage","@id":"https:\/\/www.protect-the-planet.de\/en\/mehr-gaskraftwerke-in-deutschland\/","url":"https:\/\/www.protect-the-planet.de\/en\/mehr-gaskraftwerke-in-deutschland\/","name":"Mehr Gaskraftwerke in Deutschland? - Protect the Planet","isPartOf":{"@id":"https:\/\/www.protect-the-planet.de\/en\/#website"},"primaryImageOfPage":{"@id":"https:\/\/www.protect-the-planet.de\/en\/mehr-gaskraftwerke-in-deutschland\/#primaryimage"},"image":{"@id":"https:\/\/www.protect-the-planet.de\/en\/mehr-gaskraftwerke-in-deutschland\/#primaryimage"},"thumbnailUrl":"https:\/\/www.protect-the-planet.de\/wp-content\/uploads\/2025\/06\/Kommentar-Mehr-Gaskraftwerke-in-Deutschland-.jpg","datePublished":"2025-06-12T08:49:05+00:00","dateModified":"2025-06-27T13:22:16+00:00","description":"Eine Einsch\u00e4tzung der neuen deutschen Gaskraftwerkstrategie von WindRat-Projektmanager Peter Keller.","breadcrumb":{"@id":"https:\/\/www.protect-the-planet.de\/en\/mehr-gaskraftwerke-in-deutschland\/#breadcrumb"},"inLanguage":"en-US","potentialAction":[{"@type":"ReadAction","target":["https:\/\/www.protect-the-planet.de\/en\/mehr-gaskraftwerke-in-deutschland\/"]}]},{"@type":"ImageObject","inLanguage":"en-US","@id":"https:\/\/www.protect-the-planet.de\/en\/mehr-gaskraftwerke-in-deutschland\/#primaryimage","url":"https:\/\/www.protect-the-planet.de\/wp-content\/uploads\/2025\/06\/Kommentar-Mehr-Gaskraftwerke-in-Deutschland-.jpg","contentUrl":"https:\/\/www.protect-the-planet.de\/wp-content\/uploads\/2025\/06\/Kommentar-Mehr-Gaskraftwerke-in-Deutschland-.jpg","width":900,"height":550,"caption":"Gaskraftwerke in Deutschland"},{"@type":"BreadcrumbList","@id":"https:\/\/www.protect-the-planet.de\/en\/mehr-gaskraftwerke-in-deutschland\/#breadcrumb","itemListElement":[{"@type":"ListItem","position":1,"name":"Startseite","item":"https:\/\/www.protect-the-planet.de\/en\/home\/"},{"@type":"ListItem","position":2,"name":"Mehr Gaskraftwerke in Deutschland?"}]},{"@type":"WebSite","@id":"https:\/\/www.protect-the-planet.de\/en\/#website","url":"https:\/\/www.protect-the-planet.de\/en\/","name":"Protect the Planet","description":"If we don&#039;t change, the climate will.","publisher":{"@id":"https:\/\/www.protect-the-planet.de\/en\/#organization"},"alternateName":"Protect the Panet gGmbH","potentialAction":[{"@type":"SearchAction","target":{"@type":"EntryPoint","urlTemplate":"https:\/\/www.protect-the-planet.de\/en\/?s={search_term_string}"},"query-input":{"@type":"PropertyValueSpecification","valueRequired":true,"valueName":"search_term_string"}}],"inLanguage":"en-US"},{"@type":"Organization","@id":"https:\/\/www.protect-the-planet.de\/en\/#organization","name":"Protect the Planet","url":"https:\/\/www.protect-the-planet.de\/en\/","logo":{"@type":"ImageObject","inLanguage":"en-US","@id":"https:\/\/www.protect-the-planet.de\/en\/#\/schema\/logo\/image\/","url":"https:\/\/www.protect-the-planet.de\/wp-content\/uploads\/2023\/09\/LOGO-positiv_transparent-klein.png","contentUrl":"https:\/\/www.protect-the-planet.de\/wp-content\/uploads\/2023\/09\/LOGO-positiv_transparent-klein.png","width":123,"height":68,"caption":"Protect the Planet"},"image":{"@id":"https:\/\/www.protect-the-planet.de\/en\/#\/schema\/logo\/image\/"},"sameAs":["https:\/\/www.facebook.com\/protecttheplanetDE\/","https:\/\/x.com\/PtP_de","https:\/\/www.instagram.com\/protecttheplanetorg\/","https:\/\/www.linkedin.com\/company\/protect-the-planet","https:\/\/www.youtube.com\/@protecttheplanet"]},{"@type":"Person","@id":"https:\/\/www.protect-the-planet.de\/en\/#\/schema\/person\/c5f68fff219fefde61da571621343455","name":"Marlene Schorr","image":{"@type":"ImageObject","inLanguage":"en-US","@id":"https:\/\/secure.gravatar.com\/avatar\/78d101b05e6da18a98f007d6ad5f076a6c8fc0dcc2e943f6e304d20caf0c1806?s=96&d=mm&r=g","url":"https:\/\/secure.gravatar.com\/avatar\/78d101b05e6da18a98f007d6ad5f076a6c8fc0dcc2e943f6e304d20caf0c1806?s=96&d=mm&r=g","contentUrl":"https:\/\/secure.gravatar.com\/avatar\/78d101b05e6da18a98f007d6ad5f076a6c8fc0dcc2e943f6e304d20caf0c1806?s=96&d=mm&r=g","caption":"Marlene Schorr"},"url":"https:\/\/www.protect-the-planet.de\/en\/author\/marlene-schorr\/"}]}},"_links":{"self":[{"href":"https:\/\/www.protect-the-planet.de\/en\/wp-json\/wp\/v2\/posts\/31309","targetHints":{"allow":["GET"]}}],"collection":[{"href":"https:\/\/www.protect-the-planet.de\/en\/wp-json\/wp\/v2\/posts"}],"about":[{"href":"https:\/\/www.protect-the-planet.de\/en\/wp-json\/wp\/v2\/types\/post"}],"author":[{"embeddable":true,"href":"https:\/\/www.protect-the-planet.de\/en\/wp-json\/wp\/v2\/users\/10"}],"replies":[{"embeddable":true,"href":"https:\/\/www.protect-the-planet.de\/en\/wp-json\/wp\/v2\/comments?post=31309"}],"version-history":[{"count":2,"href":"https:\/\/www.protect-the-planet.de\/en\/wp-json\/wp\/v2\/posts\/31309\/revisions"}],"predecessor-version":[{"id":31331,"href":"https:\/\/www.protect-the-planet.de\/en\/wp-json\/wp\/v2\/posts\/31309\/revisions\/31331"}],"wp:featuredmedia":[{"embeddable":true,"href":"https:\/\/www.protect-the-planet.de\/en\/wp-json\/wp\/v2\/media\/31285"}],"wp:attachment":[{"href":"https:\/\/www.protect-the-planet.de\/en\/wp-json\/wp\/v2\/media?parent=31309"}],"wp:term":[{"taxonomy":"category","embeddable":true,"href":"https:\/\/www.protect-the-planet.de\/en\/wp-json\/wp\/v2\/categories?post=31309"},{"taxonomy":"post_tag","embeddable":true,"href":"https:\/\/www.protect-the-planet.de\/en\/wp-json\/wp\/v2\/tags?post=31309"}],"curies":[{"name":"wp","href":"https:\/\/api.w.org\/{rel}","templated":true}]}}