{"id":31304,"date":"2025-06-26T16:58:40","date_gmt":"2025-06-26T14:58:40","guid":{"rendered":"https:\/\/www.protect-the-planet.de\/sondervermoegen-kein-spielraum-fuer-rueckschritte-beim-klimaschutz\/"},"modified":"2025-06-26T16:58:40","modified_gmt":"2025-06-26T14:58:40","slug":"sondervermoegen-kein-spielraum-fuer-rueckschritte-beim-klimaschutz","status":"publish","type":"post","link":"https:\/\/www.protect-the-planet.de\/en\/sondervermoegen-kein-spielraum-fuer-rueckschritte-beim-klimaschutz\/","title":{"rendered":"Sonderverm\u00f6gen: Kein Spielraum f\u00fcr R\u00fcckschritte beim Klimaschutz"},"content":{"rendered":"\n<h3 class=\"wp-block-heading\"><strong>Strompreissenkungen statt Klimainvestitionen? Ein verfassungsrechtlich gef\u00e4hrlicher Kurs<\/strong><\/h3>\n\n\n\n<p>Stra\u00dfen, Br\u00fccken, Schienen, Schulen, Krankenh\u00e4user und digitale Netze wurden in den letzten Jahren stark vernachl\u00e4ssigt. Viele Bereiche sind sanierungsbed\u00fcrftig, und Deutschland hinkt bei Investitionen hinterher. Gleichzeitig braucht es gro\u00dfe Anstrengungen, um die Ziele beim Klimaschutz und die Klimaneutralit\u00e4t bis 2045 zu erreichen.\u00a0<\/p>\n\n\n\n<p>Im M\u00e4rz 2025\u00a0hat der Bundestag\u00a0deshalb ein Sonderverm\u00f6gen von 500 Milliarden Euro\u00a0\u00fcber einen Zeitraum von zw\u00f6lf Jahren eingerichtet. Damit kann der Staat gezielt Schulden aufnehmen, ohne gegen die Schuldenbremse zu versto\u00dfen.\u00a0<\/p>\n\n\n\n<h3 class=\"wp-block-heading\"><strong>Mit dem Bundeshaushalt 2025\/2026 stellt der Bundestag die Weichen: Klimasichere Zukunft oder fossile Vergangenheit?<\/strong><\/h3>\n\n\n\n<p>Vor Kurzem hat Finanzminister Klingbeil die Kabinettsentw\u00fcrfe f\u00fcr die Bundeshaushalte 2025 und 2026 vorgestellt. Das Ergebnis ist entt\u00e4uschend.&nbsp;&nbsp;<\/p>\n\n\n\n<p>Trotz des neuen 500-Milliarden-Euro-Sonderverm\u00f6gens sollen die Investitionen in Klimaschutz gek\u00fcrzt werden. Stattdessen sollen mit diesen Geldern k\u00fcnftig Erdgasprojekte gef\u00f6rdert werden. Damit unterst\u00fctzt die Regierung nicht den dringend notwendigen Klimaschutz, sondern tr\u00e4gt durch diese Ma\u00dfnahmen sogar dazu bei, dass zus\u00e4tzliche Millionen Tonnen Treibhausgase ausgesto\u00dfen werden.<\/p>\n\n\n\n<p>Das Sonderverm\u00f6gen\u00a0ist wie folgt aufgeteilt:<\/p>\n\n\n\n<ul class=\"wp-block-list\">\n<li>100 Milliarden Euro gehen direkt an L\u00e4nder und Kommunen, zum Beispiel f\u00fcr Schulen, Krankenh\u00e4user, Stra\u00dfen und Br\u00fccken.<\/li>\n\n\n\n<li>100 Milliarden Euro flie\u00dfen in den Klima- und Transformationsfonds (KTF) \u2013 damit werden Projekte f\u00fcr erneuerbare Energien, den Umbau der Wirtschaft und Klimaschutzma\u00dfnahmen finanziert.<\/li>\n\n\n\n<li>300 Milliarden Euro stehen dem Bund f\u00fcr weitere Investitionen in Infrastruktur, Digitalisierung, Forschung, Energieversorgung und soziale Infrastruktur zur Verf\u00fcgung. <\/li>\n<\/ul>\n\n\n\n<p>Mehr dazu <a href=\"http:\/\/(2)\thttps:\/\/www.dihk.de\/de\/themen-und-positionen\/sondervermoegen-infrastruktur-500-milliarden-euro-fuer-investitionen-130180\" target=\"_blank\" rel=\"noreferrer noopener\">hier:<\/a> <\/p>\n\n\n\n<p>Zudem verankerte der Bundestag durch eine\u00a0<a href=\"http:\/\/(3)\thttps:\/\/www.bundestag.de\/dokumente\/textarchiv\/2025\/kw11-pa-haushalt-sonntag-1056790\">\u00c4nderung im Grundgesetz<\/a> das Sonderverm\u00f6gen im neuen Artikel 143h GG und schaffte somit\u00a0die\u00a0rechtliche Voraussetzung f\u00fcr die tats\u00e4chliche Planung und Umsetzung des 500-Milliarden-Euro-Sonderverm\u00f6gens. Vor der Grundgesetz\u00e4nderung war das Sonderverm\u00f6gen nur als Option angelegt, nicht als schon ausdetailliertes Finanzpaket f\u00fcr 2025. <\/p>\n\n\n\n<p><a href=\"http:\/\/(1)\thttps:\/\/www.bundesregierung.de\/breg-de\/aktuelles\/sondervermoegen-2356240\" target=\"_blank\" rel=\"noreferrer noopener\">F\u00fcr 2025 sind laut Bundesregierung bereits rund 19 Milliarden Euro aus dem Sonderverm\u00f6gen f\u00fcr Bundesinvestitionen vorgesehen<\/a>, zusammen mit anderen Mitteln insgesamt etwa 37 Milliarden Euro. <\/p>\n\n\n\n<h3 class=\"wp-block-heading\"><strong>Klimaschutz als Verfassungsauftrag<\/strong><\/h3>\n\n\n\n<p>Doch jetzt sollen ausgerechnet Mittel aus dem Klima- und Transformationsfonds (KTF) f\u00fcr Strompreissenkungen zweckentfremdet werden.&nbsp;Trotz des neuen 500-Milliarden-Euro-Sonderverm\u00f6gens sollen die Investitionen in den Klimaschutz im KTF gek\u00fcrzt werden. Stattdessen sollen mit Geldern aus dem KTF k\u00fcnftig Erdgasprojekte gef\u00f6rdert werden.&nbsp;<\/p>\n\n\n\n<p><a href=\"https:\/\/www.wwf.de\/fileadmin\/fm-wwf\/Publikationen-PDF\/Klima\/Finanzpaket-2025-Klimaperspektive.pdf\" target=\"_blank\" rel=\"noreferrer noopener\">Ein aktuelles Rechtsgutachten von Dr. Roda Verheyen im Auftrag des WWF<\/a> warnt: Dieser Kurs ist nicht nur klimapolitisch falsch \u2013 er ist verfassungsrechtlich fragw\u00fcrdig.<\/p>\n\n\n\n<p>Das Gutachten kommt zu dem Ergebnis, dass eine Strompreissenkung nicht als zus\u00e4tzliche Investition gilt und daher nicht aus dem Sonderverm\u00f6gen finanziert werden darf. Auch die Nutzung des Klima- und Transformationsfonds (KTF) f\u00fcr diesen Zweck wird aus juristischer Sicht als problematisch bewertet.&nbsp;<\/p>\n\n\n\n<p>Die rechtliche Grundlage ist klar: Artikel 20a des Grundgesetzes verpflichtet den Staat zum Schutz der nat\u00fcrlichen Lebensgrundlagen. <a href=\"https:\/\/www.protect-the-planet.de\/en\/german-constitutional-complaint\/\">Der Klimabeschluss des Bundesverfassungsgerichts\u00a0(BVerfG) von 2021<\/a>\u00a0verlangt die Transformation Deutschlands zu einer klimaneutralen Volkswirtschaft, die das CO2-Budget des <a href=\"https:\/\/www.bmz.de\/de\/service\/lexikon\/klimaabkommen-von-paris-14602\" target=\"_blank\" rel=\"noreferrer noopener\">Pariser Klimaabkommens von 2015<\/a> einh\u00e4lt. Mit\u00a0Artikel 143h \u00a0GG\u00a0wurde dieses Ziel 2023 konkretisiert: Die Klimaneutralit\u00e4t bis 2045 ist nun Verfassungsauftrag. Deswegen sollte der Klima- und Transformationsfonds (KTF) weiterhin das zentrale Instrument f\u00fcr den Klimaschutz in Deutschland bleiben und gezielt gest\u00e4rkt werden.<\/p>\n\n\n\n<p>Die Grundgesetz\u00e4nderung\u00a0wird dem Verfassungsauftrag zum Klimaschutz nicht ansatzweise gerecht.\u00a0&#8220;Erst gro\u00dfe Ank\u00fcndigungen machen und dann beim Klima- und Transformationsfonds k\u00fcrzen &#8211; das ist nichts anderes als Haushaltstrickserei&#8221;,\u00a0betonte\u00a0Gr\u00fcnen-Chef Felix Banaszak\u00a0bei einem Interview mit\u00a0der\u00a0<a href=\"https:\/\/www.sueddeutsche.de\/politik\/bundeshaushalt-lars-klingbeil-felix-banaszak-investitionen-die-gruenen-li.3257317?reduced=true\" target=\"_blank\" rel=\"noreferrer noopener\">S\u00fcddeutschen Zeitung.<\/a> <\/p>\n\n\n\n<h3 class=\"wp-block-heading\"><strong>Die Forderungen sind klar: H\u00e4nde weg vom Klima-Sonderverm\u00f6gen<\/strong><\/h3>\n\n\n\n<p>Wer jetzt beim Klima spart, riskiert nicht nur R\u00fcckschritte bei der Energiewende, sondern verst\u00f6\u00dft gegen geltendes Recht. Das Sonderverm\u00f6gen geh\u00f6rt der Zukunft und nicht der Vergangenheit.<\/p>\n\n\n\n<h3 class=\"wp-block-heading\">Wie kann ich aktiv werden? <\/h3>\n\n\n\n<ul class=\"wp-block-list\">\n<li>Schreibe deinen Wahlkreisabgeordneten, damit sie Druck machen auf die Bundesregierung<\/li>\n\n\n\n<li><a href=\"https:\/\/germanzero.de\/mitmachen\/online-kampagnen\/sondervermoegen-fuer-klimaschutz\" target=\"_blank\" rel=\"noreferrer noopener\">Nimm an der Kampagne von GermanZero teil<\/a><\/li>\n\n\n\n<li>Klick dich ins <a href=\"https:\/\/germanzero.de\/projekte\/klimafinanzierung#forderungen-sondervermoegen\" target=\"_blank\" rel=\"noreferrer noopener\">Verb\u00e4ndepapier von Germanwatch und Co.<\/a> k\u00f6nnte man am Schluss noch erw\u00e4hnen und verlinken<\/li>\n<\/ul>\n\n\n\n<p><\/p>\n\n\n\n<p>Bildquelle: <a href=\"https:\/\/germanzero.de\" target=\"_blank\" rel=\"noreferrer noopener\">GermanZero<\/a><\/p>\n","protected":false},"excerpt":{"rendered":"<p>Vor Kurzem hat Finanzminister Klingbeil die Kabinettsentw\u00fcrfe f\u00fcr die Bundeshaushalte vorgestellt. Ein Rechtsgutachten von Dr. Roda Verheyen warnt: Dieser Kurs ist nicht nur klimapolitisch falsch \u2013 er ist verfassungsrechtlich fragw\u00fcrdig.<\/p>\n","protected":false},"author":10,"featured_media":31291,"comment_status":"closed","ping_status":"closed","sticky":false,"template":"","format":"standard","meta":{"footnotes":""},"categories":[729],"tags":[1046,710,1605],"class_list":["post-31304","post","type-post","status-publish","format-standard","has-post-thumbnail","hentry","category-news","tag-klimaklagen-en","tag-klimaschutz-en","tag-sondervermoegen-en"],"yoast_head":"<!-- This site is optimized with the Yoast SEO plugin v27.5 - https:\/\/yoast.com\/product\/yoast-seo-wordpress\/ -->\n<title>Sonderverm\u00f6gen: Kein Spielraum f\u00fcr R\u00fcckschritte beim Klimaschutz - Protect the Planet<\/title>\n<meta name=\"robots\" content=\"index, follow, max-snippet:-1, max-image-preview:large, max-video-preview:-1\" \/>\n<link rel=\"canonical\" href=\"https:\/\/www.protect-the-planet.de\/en\/sondervermoegen-kein-spielraum-fuer-rueckschritte-beim-klimaschutz\/\" \/>\n<meta property=\"og:locale\" content=\"en_US\" \/>\n<meta property=\"og:type\" content=\"article\" \/>\n<meta property=\"og:title\" content=\"Sonderverm\u00f6gen: Kein Spielraum f\u00fcr R\u00fcckschritte beim Klimaschutz - Protect the Planet\" \/>\n<meta property=\"og:description\" content=\"Vor Kurzem hat Finanzminister Klingbeil die Kabinettsentw\u00fcrfe f\u00fcr die Bundeshaushalte vorgestellt. Ein Rechtsgutachten von Dr. Roda Verheyen warnt: Dieser Kurs ist nicht nur klimapolitisch falsch \u2013 er ist verfassungsrechtlich fragw\u00fcrdig.\" \/>\n<meta property=\"og:url\" content=\"https:\/\/www.protect-the-planet.de\/en\/sondervermoegen-kein-spielraum-fuer-rueckschritte-beim-klimaschutz\/\" \/>\n<meta property=\"og:site_name\" content=\"Protect the Planet\" \/>\n<meta property=\"article:publisher\" content=\"https:\/\/www.facebook.com\/protecttheplanetDE\/\" \/>\n<meta property=\"article:published_time\" content=\"2025-06-26T14:58:40+00:00\" \/>\n<meta name=\"author\" content=\"Marlene Schorr\" \/>\n<meta name=\"twitter:card\" content=\"summary_large_image\" \/>\n<meta name=\"twitter:creator\" content=\"@PtP_de\" \/>\n<meta name=\"twitter:site\" content=\"@PtP_de\" \/>\n<meta name=\"twitter:label1\" content=\"Written by\" \/>\n\t<meta name=\"twitter:data1\" content=\"Marlene Schorr\" \/>\n\t<meta name=\"twitter:label2\" content=\"Est. reading time\" \/>\n\t<meta name=\"twitter:data2\" content=\"3 minutes\" \/>\n<script type=\"application\/ld+json\" class=\"yoast-schema-graph\">{\"@context\":\"https:\\\/\\\/schema.org\",\"@graph\":[{\"@type\":\"Article\",\"@id\":\"https:\\\/\\\/www.protect-the-planet.de\\\/en\\\/sondervermoegen-kein-spielraum-fuer-rueckschritte-beim-klimaschutz\\\/#article\",\"isPartOf\":{\"@id\":\"https:\\\/\\\/www.protect-the-planet.de\\\/en\\\/sondervermoegen-kein-spielraum-fuer-rueckschritte-beim-klimaschutz\\\/\"},\"author\":{\"name\":\"Marlene Schorr\",\"@id\":\"https:\\\/\\\/www.protect-the-planet.de\\\/en\\\/#\\\/schema\\\/person\\\/c5f68fff219fefde61da571621343455\"},\"headline\":\"Sonderverm\u00f6gen: Kein Spielraum f\u00fcr R\u00fcckschritte beim Klimaschutz\",\"datePublished\":\"2025-06-26T14:58:40+00:00\",\"mainEntityOfPage\":{\"@id\":\"https:\\\/\\\/www.protect-the-planet.de\\\/en\\\/sondervermoegen-kein-spielraum-fuer-rueckschritte-beim-klimaschutz\\\/\"},\"wordCount\":669,\"publisher\":{\"@id\":\"https:\\\/\\\/www.protect-the-planet.de\\\/en\\\/#organization\"},\"image\":{\"@id\":\"https:\\\/\\\/www.protect-the-planet.de\\\/en\\\/sondervermoegen-kein-spielraum-fuer-rueckschritte-beim-klimaschutz\\\/#primaryimage\"},\"thumbnailUrl\":\"https:\\\/\\\/www.protect-the-planet.de\\\/wp-content\\\/uploads\\\/2025\\\/06\\\/Sondervermoegen.jpeg\",\"keywords\":[\"Klimaklagen\",\"Klimaschutz\",\"Sonderverm\u00f6gen\"],\"articleSection\":[\"News\"],\"inLanguage\":\"en-US\"},{\"@type\":\"WebPage\",\"@id\":\"https:\\\/\\\/www.protect-the-planet.de\\\/en\\\/sondervermoegen-kein-spielraum-fuer-rueckschritte-beim-klimaschutz\\\/\",\"url\":\"https:\\\/\\\/www.protect-the-planet.de\\\/en\\\/sondervermoegen-kein-spielraum-fuer-rueckschritte-beim-klimaschutz\\\/\",\"name\":\"Sonderverm\u00f6gen: Kein Spielraum f\u00fcr R\u00fcckschritte beim Klimaschutz - Protect the Planet\",\"isPartOf\":{\"@id\":\"https:\\\/\\\/www.protect-the-planet.de\\\/en\\\/#website\"},\"primaryImageOfPage\":{\"@id\":\"https:\\\/\\\/www.protect-the-planet.de\\\/en\\\/sondervermoegen-kein-spielraum-fuer-rueckschritte-beim-klimaschutz\\\/#primaryimage\"},\"image\":{\"@id\":\"https:\\\/\\\/www.protect-the-planet.de\\\/en\\\/sondervermoegen-kein-spielraum-fuer-rueckschritte-beim-klimaschutz\\\/#primaryimage\"},\"thumbnailUrl\":\"https:\\\/\\\/www.protect-the-planet.de\\\/wp-content\\\/uploads\\\/2025\\\/06\\\/Sondervermoegen.jpeg\",\"datePublished\":\"2025-06-26T14:58:40+00:00\",\"breadcrumb\":{\"@id\":\"https:\\\/\\\/www.protect-the-planet.de\\\/en\\\/sondervermoegen-kein-spielraum-fuer-rueckschritte-beim-klimaschutz\\\/#breadcrumb\"},\"inLanguage\":\"en-US\",\"potentialAction\":[{\"@type\":\"ReadAction\",\"target\":[\"https:\\\/\\\/www.protect-the-planet.de\\\/en\\\/sondervermoegen-kein-spielraum-fuer-rueckschritte-beim-klimaschutz\\\/\"]}]},{\"@type\":\"ImageObject\",\"inLanguage\":\"en-US\",\"@id\":\"https:\\\/\\\/www.protect-the-planet.de\\\/en\\\/sondervermoegen-kein-spielraum-fuer-rueckschritte-beim-klimaschutz\\\/#primaryimage\",\"url\":\"https:\\\/\\\/www.protect-the-planet.de\\\/wp-content\\\/uploads\\\/2025\\\/06\\\/Sondervermoegen.jpeg\",\"contentUrl\":\"https:\\\/\\\/www.protect-the-planet.de\\\/wp-content\\\/uploads\\\/2025\\\/06\\\/Sondervermoegen.jpeg\",\"width\":2048,\"height\":1463,\"caption\":\"Sonderverm\u00f6gen_germanzero\"},{\"@type\":\"BreadcrumbList\",\"@id\":\"https:\\\/\\\/www.protect-the-planet.de\\\/en\\\/sondervermoegen-kein-spielraum-fuer-rueckschritte-beim-klimaschutz\\\/#breadcrumb\",\"itemListElement\":[{\"@type\":\"ListItem\",\"position\":1,\"name\":\"Startseite\",\"item\":\"https:\\\/\\\/www.protect-the-planet.de\\\/en\\\/home\\\/\"},{\"@type\":\"ListItem\",\"position\":2,\"name\":\"Sonderverm\u00f6gen: Kein Spielraum f\u00fcr R\u00fcckschritte beim Klimaschutz\"}]},{\"@type\":\"WebSite\",\"@id\":\"https:\\\/\\\/www.protect-the-planet.de\\\/en\\\/#website\",\"url\":\"https:\\\/\\\/www.protect-the-planet.de\\\/en\\\/\",\"name\":\"Protect the Planet\",\"description\":\"If we don&#039;t change, the climate will.\",\"publisher\":{\"@id\":\"https:\\\/\\\/www.protect-the-planet.de\\\/en\\\/#organization\"},\"alternateName\":\"Protect the Panet gGmbH\",\"potentialAction\":[{\"@type\":\"SearchAction\",\"target\":{\"@type\":\"EntryPoint\",\"urlTemplate\":\"https:\\\/\\\/www.protect-the-planet.de\\\/en\\\/?s={search_term_string}\"},\"query-input\":{\"@type\":\"PropertyValueSpecification\",\"valueRequired\":true,\"valueName\":\"search_term_string\"}}],\"inLanguage\":\"en-US\"},{\"@type\":\"Organization\",\"@id\":\"https:\\\/\\\/www.protect-the-planet.de\\\/en\\\/#organization\",\"name\":\"Protect the Planet\",\"url\":\"https:\\\/\\\/www.protect-the-planet.de\\\/en\\\/\",\"logo\":{\"@type\":\"ImageObject\",\"inLanguage\":\"en-US\",\"@id\":\"https:\\\/\\\/www.protect-the-planet.de\\\/en\\\/#\\\/schema\\\/logo\\\/image\\\/\",\"url\":\"https:\\\/\\\/www.protect-the-planet.de\\\/wp-content\\\/uploads\\\/2023\\\/09\\\/LOGO-positiv_transparent-klein.png\",\"contentUrl\":\"https:\\\/\\\/www.protect-the-planet.de\\\/wp-content\\\/uploads\\\/2023\\\/09\\\/LOGO-positiv_transparent-klein.png\",\"width\":123,\"height\":68,\"caption\":\"Protect the Planet\"},\"image\":{\"@id\":\"https:\\\/\\\/www.protect-the-planet.de\\\/en\\\/#\\\/schema\\\/logo\\\/image\\\/\"},\"sameAs\":[\"https:\\\/\\\/www.facebook.com\\\/protecttheplanetDE\\\/\",\"https:\\\/\\\/x.com\\\/PtP_de\",\"https:\\\/\\\/www.instagram.com\\\/protecttheplanetorg\\\/\",\"https:\\\/\\\/www.linkedin.com\\\/company\\\/protect-the-planet\",\"https:\\\/\\\/www.youtube.com\\\/@protecttheplanet\"]},{\"@type\":\"Person\",\"@id\":\"https:\\\/\\\/www.protect-the-planet.de\\\/en\\\/#\\\/schema\\\/person\\\/c5f68fff219fefde61da571621343455\",\"name\":\"Marlene Schorr\",\"image\":{\"@type\":\"ImageObject\",\"inLanguage\":\"en-US\",\"@id\":\"https:\\\/\\\/secure.gravatar.com\\\/avatar\\\/78d101b05e6da18a98f007d6ad5f076a6c8fc0dcc2e943f6e304d20caf0c1806?s=96&d=mm&r=g\",\"url\":\"https:\\\/\\\/secure.gravatar.com\\\/avatar\\\/78d101b05e6da18a98f007d6ad5f076a6c8fc0dcc2e943f6e304d20caf0c1806?s=96&d=mm&r=g\",\"contentUrl\":\"https:\\\/\\\/secure.gravatar.com\\\/avatar\\\/78d101b05e6da18a98f007d6ad5f076a6c8fc0dcc2e943f6e304d20caf0c1806?s=96&d=mm&r=g\",\"caption\":\"Marlene Schorr\"},\"url\":\"https:\\\/\\\/www.protect-the-planet.de\\\/en\\\/author\\\/marlene-schorr\\\/\"}]}<\/script>\n<!-- \/ Yoast SEO plugin. -->","yoast_head_json":{"title":"Sonderverm\u00f6gen: Kein Spielraum f\u00fcr R\u00fcckschritte beim Klimaschutz - Protect the Planet","robots":{"index":"index","follow":"follow","max-snippet":"max-snippet:-1","max-image-preview":"max-image-preview:large","max-video-preview":"max-video-preview:-1"},"canonical":"https:\/\/www.protect-the-planet.de\/en\/sondervermoegen-kein-spielraum-fuer-rueckschritte-beim-klimaschutz\/","og_locale":"en_US","og_type":"article","og_title":"Sonderverm\u00f6gen: Kein Spielraum f\u00fcr R\u00fcckschritte beim Klimaschutz - Protect the Planet","og_description":"Vor Kurzem hat Finanzminister Klingbeil die Kabinettsentw\u00fcrfe f\u00fcr die Bundeshaushalte vorgestellt. Ein Rechtsgutachten von Dr. Roda Verheyen warnt: Dieser Kurs ist nicht nur klimapolitisch falsch \u2013 er ist verfassungsrechtlich fragw\u00fcrdig.","og_url":"https:\/\/www.protect-the-planet.de\/en\/sondervermoegen-kein-spielraum-fuer-rueckschritte-beim-klimaschutz\/","og_site_name":"Protect the Planet","article_publisher":"https:\/\/www.facebook.com\/protecttheplanetDE\/","article_published_time":"2025-06-26T14:58:40+00:00","author":"Marlene Schorr","twitter_card":"summary_large_image","twitter_creator":"@PtP_de","twitter_site":"@PtP_de","twitter_misc":{"Written by":"Marlene Schorr","Est. reading time":"3 minutes"},"schema":{"@context":"https:\/\/schema.org","@graph":[{"@type":"Article","@id":"https:\/\/www.protect-the-planet.de\/en\/sondervermoegen-kein-spielraum-fuer-rueckschritte-beim-klimaschutz\/#article","isPartOf":{"@id":"https:\/\/www.protect-the-planet.de\/en\/sondervermoegen-kein-spielraum-fuer-rueckschritte-beim-klimaschutz\/"},"author":{"name":"Marlene Schorr","@id":"https:\/\/www.protect-the-planet.de\/en\/#\/schema\/person\/c5f68fff219fefde61da571621343455"},"headline":"Sonderverm\u00f6gen: Kein Spielraum f\u00fcr R\u00fcckschritte beim Klimaschutz","datePublished":"2025-06-26T14:58:40+00:00","mainEntityOfPage":{"@id":"https:\/\/www.protect-the-planet.de\/en\/sondervermoegen-kein-spielraum-fuer-rueckschritte-beim-klimaschutz\/"},"wordCount":669,"publisher":{"@id":"https:\/\/www.protect-the-planet.de\/en\/#organization"},"image":{"@id":"https:\/\/www.protect-the-planet.de\/en\/sondervermoegen-kein-spielraum-fuer-rueckschritte-beim-klimaschutz\/#primaryimage"},"thumbnailUrl":"https:\/\/www.protect-the-planet.de\/wp-content\/uploads\/2025\/06\/Sondervermoegen.jpeg","keywords":["Klimaklagen","Klimaschutz","Sonderverm\u00f6gen"],"articleSection":["News"],"inLanguage":"en-US"},{"@type":"WebPage","@id":"https:\/\/www.protect-the-planet.de\/en\/sondervermoegen-kein-spielraum-fuer-rueckschritte-beim-klimaschutz\/","url":"https:\/\/www.protect-the-planet.de\/en\/sondervermoegen-kein-spielraum-fuer-rueckschritte-beim-klimaschutz\/","name":"Sonderverm\u00f6gen: Kein Spielraum f\u00fcr R\u00fcckschritte beim Klimaschutz - Protect the Planet","isPartOf":{"@id":"https:\/\/www.protect-the-planet.de\/en\/#website"},"primaryImageOfPage":{"@id":"https:\/\/www.protect-the-planet.de\/en\/sondervermoegen-kein-spielraum-fuer-rueckschritte-beim-klimaschutz\/#primaryimage"},"image":{"@id":"https:\/\/www.protect-the-planet.de\/en\/sondervermoegen-kein-spielraum-fuer-rueckschritte-beim-klimaschutz\/#primaryimage"},"thumbnailUrl":"https:\/\/www.protect-the-planet.de\/wp-content\/uploads\/2025\/06\/Sondervermoegen.jpeg","datePublished":"2025-06-26T14:58:40+00:00","breadcrumb":{"@id":"https:\/\/www.protect-the-planet.de\/en\/sondervermoegen-kein-spielraum-fuer-rueckschritte-beim-klimaschutz\/#breadcrumb"},"inLanguage":"en-US","potentialAction":[{"@type":"ReadAction","target":["https:\/\/www.protect-the-planet.de\/en\/sondervermoegen-kein-spielraum-fuer-rueckschritte-beim-klimaschutz\/"]}]},{"@type":"ImageObject","inLanguage":"en-US","@id":"https:\/\/www.protect-the-planet.de\/en\/sondervermoegen-kein-spielraum-fuer-rueckschritte-beim-klimaschutz\/#primaryimage","url":"https:\/\/www.protect-the-planet.de\/wp-content\/uploads\/2025\/06\/Sondervermoegen.jpeg","contentUrl":"https:\/\/www.protect-the-planet.de\/wp-content\/uploads\/2025\/06\/Sondervermoegen.jpeg","width":2048,"height":1463,"caption":"Sonderverm\u00f6gen_germanzero"},{"@type":"BreadcrumbList","@id":"https:\/\/www.protect-the-planet.de\/en\/sondervermoegen-kein-spielraum-fuer-rueckschritte-beim-klimaschutz\/#breadcrumb","itemListElement":[{"@type":"ListItem","position":1,"name":"Startseite","item":"https:\/\/www.protect-the-planet.de\/en\/home\/"},{"@type":"ListItem","position":2,"name":"Sonderverm\u00f6gen: Kein Spielraum f\u00fcr R\u00fcckschritte beim Klimaschutz"}]},{"@type":"WebSite","@id":"https:\/\/www.protect-the-planet.de\/en\/#website","url":"https:\/\/www.protect-the-planet.de\/en\/","name":"Protect the Planet","description":"If we don&#039;t change, the climate will.","publisher":{"@id":"https:\/\/www.protect-the-planet.de\/en\/#organization"},"alternateName":"Protect the Panet gGmbH","potentialAction":[{"@type":"SearchAction","target":{"@type":"EntryPoint","urlTemplate":"https:\/\/www.protect-the-planet.de\/en\/?s={search_term_string}"},"query-input":{"@type":"PropertyValueSpecification","valueRequired":true,"valueName":"search_term_string"}}],"inLanguage":"en-US"},{"@type":"Organization","@id":"https:\/\/www.protect-the-planet.de\/en\/#organization","name":"Protect the Planet","url":"https:\/\/www.protect-the-planet.de\/en\/","logo":{"@type":"ImageObject","inLanguage":"en-US","@id":"https:\/\/www.protect-the-planet.de\/en\/#\/schema\/logo\/image\/","url":"https:\/\/www.protect-the-planet.de\/wp-content\/uploads\/2023\/09\/LOGO-positiv_transparent-klein.png","contentUrl":"https:\/\/www.protect-the-planet.de\/wp-content\/uploads\/2023\/09\/LOGO-positiv_transparent-klein.png","width":123,"height":68,"caption":"Protect the Planet"},"image":{"@id":"https:\/\/www.protect-the-planet.de\/en\/#\/schema\/logo\/image\/"},"sameAs":["https:\/\/www.facebook.com\/protecttheplanetDE\/","https:\/\/x.com\/PtP_de","https:\/\/www.instagram.com\/protecttheplanetorg\/","https:\/\/www.linkedin.com\/company\/protect-the-planet","https:\/\/www.youtube.com\/@protecttheplanet"]},{"@type":"Person","@id":"https:\/\/www.protect-the-planet.de\/en\/#\/schema\/person\/c5f68fff219fefde61da571621343455","name":"Marlene Schorr","image":{"@type":"ImageObject","inLanguage":"en-US","@id":"https:\/\/secure.gravatar.com\/avatar\/78d101b05e6da18a98f007d6ad5f076a6c8fc0dcc2e943f6e304d20caf0c1806?s=96&d=mm&r=g","url":"https:\/\/secure.gravatar.com\/avatar\/78d101b05e6da18a98f007d6ad5f076a6c8fc0dcc2e943f6e304d20caf0c1806?s=96&d=mm&r=g","contentUrl":"https:\/\/secure.gravatar.com\/avatar\/78d101b05e6da18a98f007d6ad5f076a6c8fc0dcc2e943f6e304d20caf0c1806?s=96&d=mm&r=g","caption":"Marlene Schorr"},"url":"https:\/\/www.protect-the-planet.de\/en\/author\/marlene-schorr\/"}]}},"_links":{"self":[{"href":"https:\/\/www.protect-the-planet.de\/en\/wp-json\/wp\/v2\/posts\/31304","targetHints":{"allow":["GET"]}}],"collection":[{"href":"https:\/\/www.protect-the-planet.de\/en\/wp-json\/wp\/v2\/posts"}],"about":[{"href":"https:\/\/www.protect-the-planet.de\/en\/wp-json\/wp\/v2\/types\/post"}],"author":[{"embeddable":true,"href":"https:\/\/www.protect-the-planet.de\/en\/wp-json\/wp\/v2\/users\/10"}],"replies":[{"embeddable":true,"href":"https:\/\/www.protect-the-planet.de\/en\/wp-json\/wp\/v2\/comments?post=31304"}],"version-history":[{"count":0,"href":"https:\/\/www.protect-the-planet.de\/en\/wp-json\/wp\/v2\/posts\/31304\/revisions"}],"wp:featuredmedia":[{"embeddable":true,"href":"https:\/\/www.protect-the-planet.de\/en\/wp-json\/wp\/v2\/media\/31291"}],"wp:attachment":[{"href":"https:\/\/www.protect-the-planet.de\/en\/wp-json\/wp\/v2\/media?parent=31304"}],"wp:term":[{"taxonomy":"category","embeddable":true,"href":"https:\/\/www.protect-the-planet.de\/en\/wp-json\/wp\/v2\/categories?post=31304"},{"taxonomy":"post_tag","embeddable":true,"href":"https:\/\/www.protect-the-planet.de\/en\/wp-json\/wp\/v2\/tags?post=31304"}],"curies":[{"name":"wp","href":"https:\/\/api.w.org\/{rel}","templated":true}]}}