{"id":31064,"date":"2025-04-14T09:49:51","date_gmt":"2025-04-14T07:49:51","guid":{"rendered":"https:\/\/www.protect-the-planet.de\/verantwortung-fuer-deutschland-aber-auch-fuer-das-klima-der-neue-koalitionsvertrag\/"},"modified":"2025-06-16T11:17:03","modified_gmt":"2025-06-16T09:17:03","slug":"verantwortung-fuer-deutschland-aber-auch-fuer-das-klima-der-neue-koalitionsvertrag","status":"publish","type":"post","link":"https:\/\/www.protect-the-planet.de\/en\/verantwortung-fuer-deutschland-aber-auch-fuer-das-klima-der-neue-koalitionsvertrag\/","title":{"rendered":"Verantwortung f\u00fcr Deutschland \u2013 aber auch f\u00fcr das Klima? Der neue Koalitionsvertrag"},"content":{"rendered":"\n<p>Der neue Koalitionsvertrag steht (<a href=\"https:\/\/www.spd.de\/fileadmin\/Dokumente\/Koalitionsvertrag_2025.pdf\" target=\"_blank\" rel=\"noreferrer noopener\">hier z.B. bei der SPD<\/a>) \u2013 doch beim Lesen bleibt ein bitterer Beigeschmack.\u00a0<\/p>\n\n\n\n<p>W\u00e4hrend sich die neue Regierungskoalition ambitioniert zeigt, was Wettbewerbsf\u00e4higkeit und Wirtschaftswachstum betrifft, bleibt sie beim Klimaschutz vage \u2013 und riskiert damit, dass zentrale Klimaziele verfehlt werden. F\u00fcr uns ist klar: Halbherzige Kompromisse reichen nicht. Klimapolitik muss entschlossen, transparent und generationengerecht sein.<\/p>\n\n\n\n<p>Mit dem 144 Seiten langen Koalitionsvertrag von CDU, CSU und SPD spricht Friedrich Merz von einem \u201estarken Signal\u201c an die USA, Europa und die B\u00fcrger*innen. Ziel sei es, Deutschland \u201eals Industrieland klimaneutral\u201c zu machen.\u00a0In puncto Nachhaltigkeit bleibt der Vertrag aber hinter den Erwartungen vieler zivilgesellschaftlicher Akteure zur\u00fcck und l\u00e4sst bei vielen offene Fragen. Die Deutsche Umwelthilfe warnt: \u201eUnion und SPD werfen Umwelt- und Klimaschutz um Jahrzehnte zur\u00fcck.\u201c (<a href=\"https:\/\/www.duh.de\/presse\/pressemitteilungen\/pressemitteilung\/deutsche-umwelthilfe-zum-abschluss-der-koalitionsverhandlungen-union-und-spd-werfen-umwelt-und-kl\/\" target=\"_blank\" rel=\"noreferrer noopener\">Pressemeldung der DUH<\/a>)<\/p>\n\n\n\n<h2 class=\"wp-block-heading\"><strong>Klimaschutz: ein Schritt nach vorne und zehn zur\u00fcck<\/strong><\/h2>\n\n\n\n<p>Positiv ist, dass sich die Koalition zur Klimaneutralit\u00e4t bis 2045 weiterhin bekennt und an den Zielen festhalten will. Ein weiterer wichtiger Punkt ist der Ausbau erneuerbarer Energien, der Halt am Kohleausstieg 2038 und der Verzicht auf Atomkraft. Au\u00dferdem bleibt uns das Deutschlandticket f\u00fcr den Nahverkehr auch noch nach 2025 erhalten. Nutzer*innen m\u00fcssen sich nur von 2029 an auf Preiserh\u00f6hungen einstellen.<\/p>\n\n\n\n<p><strong>Doch die Kritik \u00fcberwiegt:&nbsp;<\/strong><\/p>\n\n\n\n<p>\u00a0\u201eDer Koalitionsvertrag zeigt: Es fehlt Mut, Reformwillen und eine Vision f\u00fcr dieses Land\u201c, so formulieren es die Gr\u00fcnen <a href=\"https:\/\/www.gruene.de\/artikel\/koalitionsvertrag-von-union-und-spd\" target=\"_blank\" rel=\"noreferrer noopener\">(B\u00fcndnis 90\/Die Gr\u00fcnen)<\/a>. Was fehlt, ist ein langfristiger Plan \u2013 ein durchdachtes Klimagesetz, das \u00fcber die Legislaturperiode hinausdenkt und die n\u00f6tigen Weichen stellt.<\/p>\n\n\n\n<p><strong>Auch bei der Energiepolitik mehren sich die Warnungen:<\/strong><\/p>\n\n\n\n<p>\u201eEnergiepolitisch birgt der Koalitionsvertrag herbe R\u00fcckschritte.\u201c (<a href=\"https:\/\/presseportal.greenpeace.de\/248847-greenpeace-stellungnahme-zum-koalitionsvertrag-von-union-und-spd\" target=\"_blank\" rel=\"noreferrer noopener\">Martin Kaiser, gesch\u00e4ftsf\u00fchrender Vorstand Greenpeace e.V<\/a>.)<br>\u201eVom Ausbau der Erneuerbaren und der Netze \u00fcber die W\u00e4rmewende bis zur Industrietransformation \u2013 der Vertrag zielt nur auf kurzfristige Erfolge.\u201c (<a href=\"https:\/\/www.agora-energiewende.de\/aktuelles\/statement-von-agora-energiewende-zum-koalitionsvertrag\" target=\"_blank\" rel=\"noreferrer noopener\">Agora Energiewende<\/a>)<\/p>\n\n\n\n<p>Das international anerkannte Heizungsgesetz wird gestrichen \u2013 ersetzt durch ein neues Geb\u00e4udeenergiegesetz, dessen Wirkung bislang unklar bleibt. Zudem soll der Ausbau von Gaskraftwerken vorangetrieben werden \u2013&nbsp;<strong>ohne<\/strong>&nbsp;eine klare Zusage, dass diese Anlagen vollst\u00e4ndig auf gr\u00fcnen Wasserstoff umgestellt werden. Auch die angedachte Nutzung der CCS-Technologie (CO\u2082-Abscheidung) in fossilen Kraftwerken sehen wir kritisch. <\/p>\n\n\n\n<p>Beim Emissionshandel bleibt es unkonkret: Zwar sollen Preisentwicklungen \u201e\u00f6konomisch tragf\u00e4hig\u201c und sozial vertr\u00e4glich sein \u2013 doch eine klare Strategie fehlt. Das urspr\u00fcnglich geplante <a href=\"https:\/\/www.protect-the-planet.de\/klimageld\/\">Klimageld<\/a> \u2013 als sozial gerechter Ausgleich zum CO\u2082-Preis \u2013 kommt im Vertrag nicht mehr vor. Stattdessen sollen Einnahmen \u00fcber F\u00f6rderprogramme verteilt werden \u2013 ungezielt und wenig transparent.<\/p>\n\n\n\n<h2 class=\"wp-block-heading\"><strong>Strukturelle Risiken f\u00fcr die Klimapolitik<\/strong><\/h2>\n\n\n\n<p>K\u00fcnftig wird die Klimapolitik vom Umweltministerium (SPD) verantwortet, w\u00e4hrend die Energiepolitik beim Wirtschaftsministerium (CDU) bleibt. Diese Trennung birgt erhebliches Konfliktpotenzial \u2013 und k\u00f6nnte ambitionierte Klimapolitik weiter ausbremsen.<\/p>\n\n\n\n<p>Auch demokratische Mitbestimmung ger\u00e4t unter Druck. Besonders kritisch sehen wir die geplante Einschr\u00e4nkung des Verbandsklagerechts sowie des Informationsfreiheitsgesetzes.<strong><\/strong><\/p>\n\n\n\n<p>\u201eMit der Ablehnung einer \u00f6kologisch orientierten Milliard\u00e4rssteuer ignoriert die neue Koalition die Chance, unsere Gesellschaft gerechter zu gestalten. W\u00e4hrend die Demokratie weltweit unter Druck ger\u00e4t, will die neue Koalition ausgerechnet Klage- und Mitbestimmungsrechte der Zivilgesellschaft einschr\u00e4nken. Dies sogar auf internationaler Ebene voranzutreiben, ist erschreckend falsch und unverst\u00e4ndlich.\u201c (<a href=\"https:\/\/presseportal.greenpeace.de\/248847-greenpeace-stellungnahme-zum-koalitionsvertrag-von-union-und-spd\" target=\"_blank\" rel=\"noreferrer noopener\">Martin Kaiser, gesch\u00e4ftsf\u00fchrender Vorstand Greenpeace e.V<\/a>.)<\/p>\n\n\n\n<h3 class=\"wp-block-heading\"><strong>Unser Fazit<\/strong><\/h3>\n\n\n\n<p>F\u00fcr den Klimaschutz ist dieser Vertrag nicht genug. Unser Appell: Wer die richtigen Stellschrauben sucht, muss beim Klima anfangen. Denn ohne konsequenten Klimaschutz gibt es keine gerechte Zukunft.<\/p>\n","protected":false},"excerpt":{"rendered":"<p>Der neue Koalitionsvertrag steht (hier z.B. bei der SPD) \u2013 doch beim Lesen bleibt ein bitterer Beigeschmack.\u00a0 W\u00e4hrend sich die neue Regierungskoalition ambitioniert zeigt, was Wettbewerbsf\u00e4higkeit und Wirtschaftswachstum betrifft, bleibt sie beim Klimaschutz vage \u2013 und riskiert damit, dass zentrale Klimaziele verfehlt werden. F\u00fcr uns ist klar: Halbherzige Kompromisse reichen nicht. Klimapolitik muss entschlossen, transparent [&hellip;]<\/p>\n","protected":false},"author":10,"featured_media":30006,"comment_status":"closed","ping_status":"closed","sticky":false,"template":"","format":"standard","meta":{"footnotes":""},"categories":[729],"tags":[710,1595],"class_list":["post-31064","post","type-post","status-publish","format-standard","has-post-thumbnail","hentry","category-news","tag-klimaschutz-en","tag-koalitionsvertrag-en"],"yoast_head":"<!-- This site is optimized with the Yoast SEO plugin v27.5 - https:\/\/yoast.com\/product\/yoast-seo-wordpress\/ -->\n<title>Verantwortung f\u00fcr Deutschland \u2013 aber auch f\u00fcr das Klima? Der neue Koalitionsvertrag - Protect the Planet<\/title>\n<meta name=\"description\" content=\"Der neue Koalitionsvertrag: ambitioniert bei Wettbewerbsf\u00e4higkeit und Wirtschaftswachstum, beim Klimaschutz aber viel zu vage.\" \/>\n<meta name=\"robots\" content=\"index, follow, max-snippet:-1, max-image-preview:large, max-video-preview:-1\" \/>\n<link rel=\"canonical\" href=\"https:\/\/www.protect-the-planet.de\/en\/verantwortung-fuer-deutschland-aber-auch-fuer-das-klima-der-neue-koalitionsvertrag\/\" \/>\n<meta property=\"og:locale\" content=\"en_US\" \/>\n<meta property=\"og:type\" content=\"article\" \/>\n<meta property=\"og:title\" content=\"Verantwortung f\u00fcr Deutschland \u2013 aber auch f\u00fcr das Klima? Der neue Koalitionsvertrag - Protect the Planet\" \/>\n<meta property=\"og:description\" content=\"Der neue Koalitionsvertrag: ambitioniert bei Wettbewerbsf\u00e4higkeit und Wirtschaftswachstum, beim Klimaschutz aber viel zu vage.\" \/>\n<meta property=\"og:url\" content=\"https:\/\/www.protect-the-planet.de\/en\/verantwortung-fuer-deutschland-aber-auch-fuer-das-klima-der-neue-koalitionsvertrag\/\" \/>\n<meta property=\"og:site_name\" content=\"Protect the Planet\" \/>\n<meta property=\"article:publisher\" content=\"https:\/\/www.facebook.com\/protecttheplanetDE\/\" \/>\n<meta property=\"article:published_time\" content=\"2025-04-14T07:49:51+00:00\" \/>\n<meta property=\"article:modified_time\" content=\"2025-06-16T09:17:03+00:00\" \/>\n<meta property=\"og:image\" content=\"https:\/\/www.protect-the-planet.de\/wp-content\/uploads\/2025\/04\/Koalitionsvertrag.jpg\" \/>\n\t<meta property=\"og:image:width\" content=\"900\" \/>\n\t<meta property=\"og:image:height\" content=\"550\" \/>\n\t<meta property=\"og:image:type\" content=\"image\/jpeg\" \/>\n<meta name=\"author\" content=\"Marlene Schorr\" \/>\n<meta name=\"twitter:card\" content=\"summary_large_image\" \/>\n<meta name=\"twitter:creator\" content=\"@PtP_de\" \/>\n<meta name=\"twitter:site\" content=\"@PtP_de\" \/>\n<meta name=\"twitter:label1\" content=\"Written by\" \/>\n\t<meta name=\"twitter:data1\" content=\"Marlene Schorr\" \/>\n\t<meta name=\"twitter:label2\" content=\"Est. reading time\" \/>\n\t<meta name=\"twitter:data2\" content=\"4 minutes\" \/>\n<script type=\"application\/ld+json\" class=\"yoast-schema-graph\">{\"@context\":\"https:\\\/\\\/schema.org\",\"@graph\":[{\"@type\":\"Article\",\"@id\":\"https:\\\/\\\/www.protect-the-planet.de\\\/en\\\/verantwortung-fuer-deutschland-aber-auch-fuer-das-klima-der-neue-koalitionsvertrag\\\/#article\",\"isPartOf\":{\"@id\":\"https:\\\/\\\/www.protect-the-planet.de\\\/en\\\/verantwortung-fuer-deutschland-aber-auch-fuer-das-klima-der-neue-koalitionsvertrag\\\/\"},\"author\":{\"name\":\"Marlene Schorr\",\"@id\":\"https:\\\/\\\/www.protect-the-planet.de\\\/en\\\/#\\\/schema\\\/person\\\/c5f68fff219fefde61da571621343455\"},\"headline\":\"Verantwortung f\u00fcr Deutschland \u2013 aber auch f\u00fcr das Klima? Der neue Koalitionsvertrag\",\"datePublished\":\"2025-04-14T07:49:51+00:00\",\"dateModified\":\"2025-06-16T09:17:03+00:00\",\"mainEntityOfPage\":{\"@id\":\"https:\\\/\\\/www.protect-the-planet.de\\\/en\\\/verantwortung-fuer-deutschland-aber-auch-fuer-das-klima-der-neue-koalitionsvertrag\\\/\"},\"wordCount\":570,\"publisher\":{\"@id\":\"https:\\\/\\\/www.protect-the-planet.de\\\/en\\\/#organization\"},\"image\":{\"@id\":\"https:\\\/\\\/www.protect-the-planet.de\\\/en\\\/verantwortung-fuer-deutschland-aber-auch-fuer-das-klima-der-neue-koalitionsvertrag\\\/#primaryimage\"},\"thumbnailUrl\":\"https:\\\/\\\/www.protect-the-planet.de\\\/wp-content\\\/uploads\\\/2025\\\/04\\\/Koalitionsvertrag.jpg\",\"keywords\":[\"Klimaschutz\",\"Koalitionsvertrag\"],\"articleSection\":[\"News\"],\"inLanguage\":\"en-US\"},{\"@type\":\"WebPage\",\"@id\":\"https:\\\/\\\/www.protect-the-planet.de\\\/en\\\/verantwortung-fuer-deutschland-aber-auch-fuer-das-klima-der-neue-koalitionsvertrag\\\/\",\"url\":\"https:\\\/\\\/www.protect-the-planet.de\\\/en\\\/verantwortung-fuer-deutschland-aber-auch-fuer-das-klima-der-neue-koalitionsvertrag\\\/\",\"name\":\"Verantwortung f\u00fcr Deutschland \u2013 aber auch f\u00fcr das Klima? Der neue Koalitionsvertrag - Protect the Planet\",\"isPartOf\":{\"@id\":\"https:\\\/\\\/www.protect-the-planet.de\\\/en\\\/#website\"},\"primaryImageOfPage\":{\"@id\":\"https:\\\/\\\/www.protect-the-planet.de\\\/en\\\/verantwortung-fuer-deutschland-aber-auch-fuer-das-klima-der-neue-koalitionsvertrag\\\/#primaryimage\"},\"image\":{\"@id\":\"https:\\\/\\\/www.protect-the-planet.de\\\/en\\\/verantwortung-fuer-deutschland-aber-auch-fuer-das-klima-der-neue-koalitionsvertrag\\\/#primaryimage\"},\"thumbnailUrl\":\"https:\\\/\\\/www.protect-the-planet.de\\\/wp-content\\\/uploads\\\/2025\\\/04\\\/Koalitionsvertrag.jpg\",\"datePublished\":\"2025-04-14T07:49:51+00:00\",\"dateModified\":\"2025-06-16T09:17:03+00:00\",\"description\":\"Der neue Koalitionsvertrag: ambitioniert bei Wettbewerbsf\u00e4higkeit und Wirtschaftswachstum, beim Klimaschutz aber viel zu vage.\",\"breadcrumb\":{\"@id\":\"https:\\\/\\\/www.protect-the-planet.de\\\/en\\\/verantwortung-fuer-deutschland-aber-auch-fuer-das-klima-der-neue-koalitionsvertrag\\\/#breadcrumb\"},\"inLanguage\":\"en-US\",\"potentialAction\":[{\"@type\":\"ReadAction\",\"target\":[\"https:\\\/\\\/www.protect-the-planet.de\\\/en\\\/verantwortung-fuer-deutschland-aber-auch-fuer-das-klima-der-neue-koalitionsvertrag\\\/\"]}]},{\"@type\":\"ImageObject\",\"inLanguage\":\"en-US\",\"@id\":\"https:\\\/\\\/www.protect-the-planet.de\\\/en\\\/verantwortung-fuer-deutschland-aber-auch-fuer-das-klima-der-neue-koalitionsvertrag\\\/#primaryimage\",\"url\":\"https:\\\/\\\/www.protect-the-planet.de\\\/wp-content\\\/uploads\\\/2025\\\/04\\\/Koalitionsvertrag.jpg\",\"contentUrl\":\"https:\\\/\\\/www.protect-the-planet.de\\\/wp-content\\\/uploads\\\/2025\\\/04\\\/Koalitionsvertrag.jpg\",\"width\":900,\"height\":550,\"caption\":\"Auf dem Bild ist die Bundestagskuppel zu sehen\"},{\"@type\":\"BreadcrumbList\",\"@id\":\"https:\\\/\\\/www.protect-the-planet.de\\\/en\\\/verantwortung-fuer-deutschland-aber-auch-fuer-das-klima-der-neue-koalitionsvertrag\\\/#breadcrumb\",\"itemListElement\":[{\"@type\":\"ListItem\",\"position\":1,\"name\":\"Startseite\",\"item\":\"https:\\\/\\\/www.protect-the-planet.de\\\/en\\\/home\\\/\"},{\"@type\":\"ListItem\",\"position\":2,\"name\":\"Verantwortung f\u00fcr Deutschland \u2013 aber auch f\u00fcr das Klima? Der neue Koalitionsvertrag\"}]},{\"@type\":\"WebSite\",\"@id\":\"https:\\\/\\\/www.protect-the-planet.de\\\/en\\\/#website\",\"url\":\"https:\\\/\\\/www.protect-the-planet.de\\\/en\\\/\",\"name\":\"Protect the Planet\",\"description\":\"If we don&#039;t change, the climate will.\",\"publisher\":{\"@id\":\"https:\\\/\\\/www.protect-the-planet.de\\\/en\\\/#organization\"},\"alternateName\":\"Protect the Panet gGmbH\",\"potentialAction\":[{\"@type\":\"SearchAction\",\"target\":{\"@type\":\"EntryPoint\",\"urlTemplate\":\"https:\\\/\\\/www.protect-the-planet.de\\\/en\\\/?s={search_term_string}\"},\"query-input\":{\"@type\":\"PropertyValueSpecification\",\"valueRequired\":true,\"valueName\":\"search_term_string\"}}],\"inLanguage\":\"en-US\"},{\"@type\":\"Organization\",\"@id\":\"https:\\\/\\\/www.protect-the-planet.de\\\/en\\\/#organization\",\"name\":\"Protect the Planet\",\"url\":\"https:\\\/\\\/www.protect-the-planet.de\\\/en\\\/\",\"logo\":{\"@type\":\"ImageObject\",\"inLanguage\":\"en-US\",\"@id\":\"https:\\\/\\\/www.protect-the-planet.de\\\/en\\\/#\\\/schema\\\/logo\\\/image\\\/\",\"url\":\"https:\\\/\\\/www.protect-the-planet.de\\\/wp-content\\\/uploads\\\/2023\\\/09\\\/LOGO-positiv_transparent-klein.png\",\"contentUrl\":\"https:\\\/\\\/www.protect-the-planet.de\\\/wp-content\\\/uploads\\\/2023\\\/09\\\/LOGO-positiv_transparent-klein.png\",\"width\":123,\"height\":68,\"caption\":\"Protect the Planet\"},\"image\":{\"@id\":\"https:\\\/\\\/www.protect-the-planet.de\\\/en\\\/#\\\/schema\\\/logo\\\/image\\\/\"},\"sameAs\":[\"https:\\\/\\\/www.facebook.com\\\/protecttheplanetDE\\\/\",\"https:\\\/\\\/x.com\\\/PtP_de\",\"https:\\\/\\\/www.instagram.com\\\/protecttheplanetorg\\\/\",\"https:\\\/\\\/www.linkedin.com\\\/company\\\/protect-the-planet\",\"https:\\\/\\\/www.youtube.com\\\/@protecttheplanet\"]},{\"@type\":\"Person\",\"@id\":\"https:\\\/\\\/www.protect-the-planet.de\\\/en\\\/#\\\/schema\\\/person\\\/c5f68fff219fefde61da571621343455\",\"name\":\"Marlene Schorr\",\"image\":{\"@type\":\"ImageObject\",\"inLanguage\":\"en-US\",\"@id\":\"https:\\\/\\\/secure.gravatar.com\\\/avatar\\\/78d101b05e6da18a98f007d6ad5f076a6c8fc0dcc2e943f6e304d20caf0c1806?s=96&d=mm&r=g\",\"url\":\"https:\\\/\\\/secure.gravatar.com\\\/avatar\\\/78d101b05e6da18a98f007d6ad5f076a6c8fc0dcc2e943f6e304d20caf0c1806?s=96&d=mm&r=g\",\"contentUrl\":\"https:\\\/\\\/secure.gravatar.com\\\/avatar\\\/78d101b05e6da18a98f007d6ad5f076a6c8fc0dcc2e943f6e304d20caf0c1806?s=96&d=mm&r=g\",\"caption\":\"Marlene Schorr\"},\"url\":\"https:\\\/\\\/www.protect-the-planet.de\\\/en\\\/author\\\/marlene-schorr\\\/\"}]}<\/script>\n<!-- \/ Yoast SEO plugin. -->","yoast_head_json":{"title":"Verantwortung f\u00fcr Deutschland \u2013 aber auch f\u00fcr das Klima? Der neue Koalitionsvertrag - Protect the Planet","description":"Der neue Koalitionsvertrag: ambitioniert bei Wettbewerbsf\u00e4higkeit und Wirtschaftswachstum, beim Klimaschutz aber viel zu vage.","robots":{"index":"index","follow":"follow","max-snippet":"max-snippet:-1","max-image-preview":"max-image-preview:large","max-video-preview":"max-video-preview:-1"},"canonical":"https:\/\/www.protect-the-planet.de\/en\/verantwortung-fuer-deutschland-aber-auch-fuer-das-klima-der-neue-koalitionsvertrag\/","og_locale":"en_US","og_type":"article","og_title":"Verantwortung f\u00fcr Deutschland \u2013 aber auch f\u00fcr das Klima? Der neue Koalitionsvertrag - Protect the Planet","og_description":"Der neue Koalitionsvertrag: ambitioniert bei Wettbewerbsf\u00e4higkeit und Wirtschaftswachstum, beim Klimaschutz aber viel zu vage.","og_url":"https:\/\/www.protect-the-planet.de\/en\/verantwortung-fuer-deutschland-aber-auch-fuer-das-klima-der-neue-koalitionsvertrag\/","og_site_name":"Protect the Planet","article_publisher":"https:\/\/www.facebook.com\/protecttheplanetDE\/","article_published_time":"2025-04-14T07:49:51+00:00","article_modified_time":"2025-06-16T09:17:03+00:00","og_image":[{"width":900,"height":550,"url":"https:\/\/www.protect-the-planet.de\/wp-content\/uploads\/2025\/04\/Koalitionsvertrag.jpg","type":"image\/jpeg"}],"author":"Marlene Schorr","twitter_card":"summary_large_image","twitter_creator":"@PtP_de","twitter_site":"@PtP_de","twitter_misc":{"Written by":"Marlene Schorr","Est. reading time":"4 minutes"},"schema":{"@context":"https:\/\/schema.org","@graph":[{"@type":"Article","@id":"https:\/\/www.protect-the-planet.de\/en\/verantwortung-fuer-deutschland-aber-auch-fuer-das-klima-der-neue-koalitionsvertrag\/#article","isPartOf":{"@id":"https:\/\/www.protect-the-planet.de\/en\/verantwortung-fuer-deutschland-aber-auch-fuer-das-klima-der-neue-koalitionsvertrag\/"},"author":{"name":"Marlene Schorr","@id":"https:\/\/www.protect-the-planet.de\/en\/#\/schema\/person\/c5f68fff219fefde61da571621343455"},"headline":"Verantwortung f\u00fcr Deutschland \u2013 aber auch f\u00fcr das Klima? Der neue Koalitionsvertrag","datePublished":"2025-04-14T07:49:51+00:00","dateModified":"2025-06-16T09:17:03+00:00","mainEntityOfPage":{"@id":"https:\/\/www.protect-the-planet.de\/en\/verantwortung-fuer-deutschland-aber-auch-fuer-das-klima-der-neue-koalitionsvertrag\/"},"wordCount":570,"publisher":{"@id":"https:\/\/www.protect-the-planet.de\/en\/#organization"},"image":{"@id":"https:\/\/www.protect-the-planet.de\/en\/verantwortung-fuer-deutschland-aber-auch-fuer-das-klima-der-neue-koalitionsvertrag\/#primaryimage"},"thumbnailUrl":"https:\/\/www.protect-the-planet.de\/wp-content\/uploads\/2025\/04\/Koalitionsvertrag.jpg","keywords":["Klimaschutz","Koalitionsvertrag"],"articleSection":["News"],"inLanguage":"en-US"},{"@type":"WebPage","@id":"https:\/\/www.protect-the-planet.de\/en\/verantwortung-fuer-deutschland-aber-auch-fuer-das-klima-der-neue-koalitionsvertrag\/","url":"https:\/\/www.protect-the-planet.de\/en\/verantwortung-fuer-deutschland-aber-auch-fuer-das-klima-der-neue-koalitionsvertrag\/","name":"Verantwortung f\u00fcr Deutschland \u2013 aber auch f\u00fcr das Klima? Der neue Koalitionsvertrag - Protect the Planet","isPartOf":{"@id":"https:\/\/www.protect-the-planet.de\/en\/#website"},"primaryImageOfPage":{"@id":"https:\/\/www.protect-the-planet.de\/en\/verantwortung-fuer-deutschland-aber-auch-fuer-das-klima-der-neue-koalitionsvertrag\/#primaryimage"},"image":{"@id":"https:\/\/www.protect-the-planet.de\/en\/verantwortung-fuer-deutschland-aber-auch-fuer-das-klima-der-neue-koalitionsvertrag\/#primaryimage"},"thumbnailUrl":"https:\/\/www.protect-the-planet.de\/wp-content\/uploads\/2025\/04\/Koalitionsvertrag.jpg","datePublished":"2025-04-14T07:49:51+00:00","dateModified":"2025-06-16T09:17:03+00:00","description":"Der neue Koalitionsvertrag: ambitioniert bei Wettbewerbsf\u00e4higkeit und Wirtschaftswachstum, beim Klimaschutz aber viel zu vage.","breadcrumb":{"@id":"https:\/\/www.protect-the-planet.de\/en\/verantwortung-fuer-deutschland-aber-auch-fuer-das-klima-der-neue-koalitionsvertrag\/#breadcrumb"},"inLanguage":"en-US","potentialAction":[{"@type":"ReadAction","target":["https:\/\/www.protect-the-planet.de\/en\/verantwortung-fuer-deutschland-aber-auch-fuer-das-klima-der-neue-koalitionsvertrag\/"]}]},{"@type":"ImageObject","inLanguage":"en-US","@id":"https:\/\/www.protect-the-planet.de\/en\/verantwortung-fuer-deutschland-aber-auch-fuer-das-klima-der-neue-koalitionsvertrag\/#primaryimage","url":"https:\/\/www.protect-the-planet.de\/wp-content\/uploads\/2025\/04\/Koalitionsvertrag.jpg","contentUrl":"https:\/\/www.protect-the-planet.de\/wp-content\/uploads\/2025\/04\/Koalitionsvertrag.jpg","width":900,"height":550,"caption":"Auf dem Bild ist die Bundestagskuppel zu sehen"},{"@type":"BreadcrumbList","@id":"https:\/\/www.protect-the-planet.de\/en\/verantwortung-fuer-deutschland-aber-auch-fuer-das-klima-der-neue-koalitionsvertrag\/#breadcrumb","itemListElement":[{"@type":"ListItem","position":1,"name":"Startseite","item":"https:\/\/www.protect-the-planet.de\/en\/home\/"},{"@type":"ListItem","position":2,"name":"Verantwortung f\u00fcr Deutschland \u2013 aber auch f\u00fcr das Klima? Der neue Koalitionsvertrag"}]},{"@type":"WebSite","@id":"https:\/\/www.protect-the-planet.de\/en\/#website","url":"https:\/\/www.protect-the-planet.de\/en\/","name":"Protect the Planet","description":"If we don&#039;t change, the climate will.","publisher":{"@id":"https:\/\/www.protect-the-planet.de\/en\/#organization"},"alternateName":"Protect the Panet gGmbH","potentialAction":[{"@type":"SearchAction","target":{"@type":"EntryPoint","urlTemplate":"https:\/\/www.protect-the-planet.de\/en\/?s={search_term_string}"},"query-input":{"@type":"PropertyValueSpecification","valueRequired":true,"valueName":"search_term_string"}}],"inLanguage":"en-US"},{"@type":"Organization","@id":"https:\/\/www.protect-the-planet.de\/en\/#organization","name":"Protect the Planet","url":"https:\/\/www.protect-the-planet.de\/en\/","logo":{"@type":"ImageObject","inLanguage":"en-US","@id":"https:\/\/www.protect-the-planet.de\/en\/#\/schema\/logo\/image\/","url":"https:\/\/www.protect-the-planet.de\/wp-content\/uploads\/2023\/09\/LOGO-positiv_transparent-klein.png","contentUrl":"https:\/\/www.protect-the-planet.de\/wp-content\/uploads\/2023\/09\/LOGO-positiv_transparent-klein.png","width":123,"height":68,"caption":"Protect the Planet"},"image":{"@id":"https:\/\/www.protect-the-planet.de\/en\/#\/schema\/logo\/image\/"},"sameAs":["https:\/\/www.facebook.com\/protecttheplanetDE\/","https:\/\/x.com\/PtP_de","https:\/\/www.instagram.com\/protecttheplanetorg\/","https:\/\/www.linkedin.com\/company\/protect-the-planet","https:\/\/www.youtube.com\/@protecttheplanet"]},{"@type":"Person","@id":"https:\/\/www.protect-the-planet.de\/en\/#\/schema\/person\/c5f68fff219fefde61da571621343455","name":"Marlene Schorr","image":{"@type":"ImageObject","inLanguage":"en-US","@id":"https:\/\/secure.gravatar.com\/avatar\/78d101b05e6da18a98f007d6ad5f076a6c8fc0dcc2e943f6e304d20caf0c1806?s=96&d=mm&r=g","url":"https:\/\/secure.gravatar.com\/avatar\/78d101b05e6da18a98f007d6ad5f076a6c8fc0dcc2e943f6e304d20caf0c1806?s=96&d=mm&r=g","contentUrl":"https:\/\/secure.gravatar.com\/avatar\/78d101b05e6da18a98f007d6ad5f076a6c8fc0dcc2e943f6e304d20caf0c1806?s=96&d=mm&r=g","caption":"Marlene Schorr"},"url":"https:\/\/www.protect-the-planet.de\/en\/author\/marlene-schorr\/"}]}},"_links":{"self":[{"href":"https:\/\/www.protect-the-planet.de\/en\/wp-json\/wp\/v2\/posts\/31064","targetHints":{"allow":["GET"]}}],"collection":[{"href":"https:\/\/www.protect-the-planet.de\/en\/wp-json\/wp\/v2\/posts"}],"about":[{"href":"https:\/\/www.protect-the-planet.de\/en\/wp-json\/wp\/v2\/types\/post"}],"author":[{"embeddable":true,"href":"https:\/\/www.protect-the-planet.de\/en\/wp-json\/wp\/v2\/users\/10"}],"replies":[{"embeddable":true,"href":"https:\/\/www.protect-the-planet.de\/en\/wp-json\/wp\/v2\/comments?post=31064"}],"version-history":[{"count":1,"href":"https:\/\/www.protect-the-planet.de\/en\/wp-json\/wp\/v2\/posts\/31064\/revisions"}],"predecessor-version":[{"id":31066,"href":"https:\/\/www.protect-the-planet.de\/en\/wp-json\/wp\/v2\/posts\/31064\/revisions\/31066"}],"wp:featuredmedia":[{"embeddable":true,"href":"https:\/\/www.protect-the-planet.de\/en\/wp-json\/wp\/v2\/media\/30006"}],"wp:attachment":[{"href":"https:\/\/www.protect-the-planet.de\/en\/wp-json\/wp\/v2\/media?parent=31064"}],"wp:term":[{"taxonomy":"category","embeddable":true,"href":"https:\/\/www.protect-the-planet.de\/en\/wp-json\/wp\/v2\/categories?post=31064"},{"taxonomy":"post_tag","embeddable":true,"href":"https:\/\/www.protect-the-planet.de\/en\/wp-json\/wp\/v2\/tags?post=31064"}],"curies":[{"name":"wp","href":"https:\/\/api.w.org\/{rel}","templated":true}]}}