{"id":31058,"date":"2025-04-25T16:19:35","date_gmt":"2025-04-25T14:19:35","guid":{"rendered":"https:\/\/www.protect-the-planet.de\/campaigning-school-warum-wir-mehr-gute-kampagnen-brauchen\/"},"modified":"2025-06-16T11:15:44","modified_gmt":"2025-06-16T09:15:44","slug":"campaigning-school-warum-wir-mehr-gute-kampagnen-brauchen","status":"publish","type":"post","link":"https:\/\/www.protect-the-planet.de\/en\/campaigning-school-warum-wir-mehr-gute-kampagnen-brauchen\/","title":{"rendered":"Campaigning School: Warum wir mehr gute Kampagnen brauchen"},"content":{"rendered":"\n<p>Ob Klimaschutz, soziale Gerechtigkeit, Frauenrechte oder Demokratie: Gute Ideen brauchen Aufmerksamkeit \u2013 und Durchsetzungskraft. Sie brauchen Menschen, die ihre Stimme erheben, Geschichten erz\u00e4hlen, Netzwerke kn\u00fcpfen und Menschen mobilisieren. Kurz: Wir brauchen starke Kampagnen. Genau deshalb gibt es die\u00a0<strong><a href=\"https:\/\/campaigningschool.de\" target=\"_blank\" rel=\"noreferrer noopener\">Campaigning School<\/a><\/strong>\u00a0\u2013 und genau deshalb unterst\u00fctzen wir von\u00a0<strong>Protect the Planet<\/strong>\u00a0diese einzigartige Fortbildung.<\/p>\n\n\n\n<h3 class=\"wp-block-heading\">Was ist die Campaigning School \u2013 und warum lohnt sich die Teilnahme?<\/h3>\n\n\n\n<p>Die Campaigning School ist eine praxisnahe Weiterbildung f\u00fcr alle, die gesellschaftliche Ver\u00e4nderungen ansto\u00dfen wollen. In mehreren Modulen lernen die Teilnehmenden, wie man Kampagnen von Grund auf entwickelt, strategisch kommuniziert und Menschen nachhaltig mobilisiert. Der Fokus liegt dabei auf \u00d6ffentlichkeitsarbeit, Marketing, Organisationsentwicklung und Netzwerkaufbau \u2013 also auf genau den F\u00e4higkeiten, die erfolgreiche Bewegungen heute brauchen.<\/p>\n\n\n\n<p>Besonders wertvoll ist dabei der&nbsp;<strong>interdisziplin\u00e4re Austausch<\/strong>: Teilnehmende kommen aus ganz unterschiedlichen Bereichen \u2013 von der Klima- und Frauenrechtsbewegung \u00fcber kirchliche Initiativen bis zur Lokalpolitik. Dieser Mix schafft nicht nur neue Perspektiven, sondern auch tragf\u00e4hige Netzwerke. Wer einmal dabei war, wei\u00df: Man geht nicht nur mit Wissen, sondern auch mit Verb\u00fcndeten nach Hause.<\/p>\n\n\n\n<p>Die Inhalte sind&nbsp;<strong>hochaktuell und praxisnah<\/strong>: Es werden reale Kampagnen analysiert \u2013 von der \u201ePotsdam-Recherche\u201c von Correctiv bis zu Aktionen von Campact oder Fridays for Future. Und: Die Dozierenden sind keine Theoretiker*innen, sondern erfahrene Campaigner*innen, die mitten im Geschehen stehen. Wann hat man schon die M\u00f6glichkeit, sich direkt mit den Menschen auszutauschen, die gro\u00dfe Aufdeckungen wie jene rund um das Potsdamer Treffen m\u00f6glich gemacht haben?<\/p>\n\n\n\n<h3 class=\"wp-block-heading\">Warum wir von Protect the Planet die Campaigning School unterst\u00fctzen<\/h3>\n\n\n\n<p>Protect the Planet hat die Campaigning School von Anfang an mitentwickelt, gemeinsam mit anderen gro\u00dfen NGOs aus Deutschland. Denn wir sind \u00fcberzeugt:&nbsp;<strong>Die Klimakrise und viele andere gesellschaftliche Herausforderungen lassen sich nur l\u00f6sen, wenn wir mehr Menschen zum Handeln bewegen.<\/strong>&nbsp;Dazu braucht es kraftvolle, professionelle Kampagnen \u2013 in m\u00f6glichst vielen Themenfeldern.<\/p>\n\n\n\n<p>Ein eindrucksvolles Beispiel daf\u00fcr ist die Mobilisierung im Fr\u00fchjahr 2024 nach der Ver\u00f6ffentlichung der Correctiv-Recherche zum Geheimtreffen rechter Kreise in Potsdam: Innerhalb weniger Tage gingen Millionen Menschen f\u00fcr Demokratie auf die Stra\u00dfe. Die Kampagne war gut vorbereitet, gut gemacht \u2013 und kam genau zum richtigen Zeitpunkt. Solche Erfolge sind kein Zufall. Sie basieren auf Wissen, Strategie und verl\u00e4sslichen Netzwerken.<\/p>\n\n\n\n<p>Genau hier setzt die Campaigning School an:\u00a0<strong>Sie bildet die n\u00e4chste Generation von Campaigner*innen aus, vernetzt sie und gibt ihnen das Handwerkszeug, das sie f\u00fcr ihre Arbeit brauchen.<\/strong>\u00a0Als Teil des Tr\u00e4gerkreises, gemeinsam mit der <a href=\"https:\/\/fundraising-akademie.de\" target=\"_blank\" rel=\"noreferrer noopener\">Fundraising Academy<\/a> und <a href=\"https:\/\/www.germanwatch.org\/de\" target=\"_blank\" rel=\"noreferrer noopener\">Germanwatch<\/a>, unterst\u00fctzen wir diese Mission mit voller \u00dcberzeugung \u2013 weil wir aus eigener Erfahrung wissen, wie viel man mit gutem Campaigning bewegen kann.<\/p>\n\n\n\n<h3 class=\"wp-block-heading\">Pers\u00f6nliche Einblicke: Was die Campaigning School bewirkt<\/h3>\n\n\n\n<p><a href=\"https:\/\/www.protect-the-planet.de\/en\/team\/\" target=\"_blank\" rel=\"noreferrer noopener\">Fenya Kirst<\/a> hat als Mitarbeiterin von Protect the Planet die Campaigning School absolviert. Sie sagt: &#8220;Die Fortbildung hat meinen Blick auf Kampagnenarbeit ver\u00e4ndert. Ich habe gelernt, wie wichtig Strategie ist \u2013 und wie sehr Erfolg davon abh\u00e4ngt, zur richtigen Zeit die richtigen Menschen zu erreichen. Besonders bereichernd war der Austausch mit Gleichgesinnten aus anderen Bewegungen: Trotz unterschiedlicher Themen teilen wir viele Herausforderungen \u2013 etwa den Umgang mit Hatespeech, Sorgen um demokratische R\u00fcckschritte oder schwindende F\u00f6rdermittel. Aber noch viel wichtiger: Wir teilen auch die Motivation, etwas zu ver\u00e4ndern. Und mit dem Know-how der Campaigning School sind wir daf\u00fcr jetzt besser gewappnet als je zuvor.&#8221;<\/p>\n\n\n\n<h3 class=\"wp-block-heading\"><strong>Interesse an der Campaigning School?<\/strong><\/h3>\n\n\n\n<p>Alle Infos zur n\u00e4chsten Fortbildungsrunde der Campaigning School finden Sie auf&nbsp;<a class=\"\" href=\"http:\/\/campaigningschool.de\/\">www.campaigningschool.de<\/a>. Melden Sie sich jederzeit bei Interesse oder Fragen beim Team, gerne auch telefonisch: +49 (0)69 580 98 &#8211; 124<\/p>\n\n\n\n<hr class=\"wp-block-separator has-alpha-channel-opacity\"\/>\n\n\n\n<div style=\"height:25px\" aria-hidden=\"true\" class=\"wp-block-spacer\"><\/div>\n\n\n\n<p><strong>Die Campaigning School ist eine Initiative von: <\/strong><\/p>\n\n\n\n<div class=\"wp-block-columns are-vertically-aligned-center is-layout-flex wp-container-core-columns-is-layout-28f84493 wp-block-columns-is-layout-flex\">\n<div class=\"wp-block-column is-vertically-aligned-center is-layout-flow wp-block-column-is-layout-flow\">\n<figure class=\"wp-block-image aligncenter size-full is-resized\"><a href=\"https:\/\/www.protect-the-planet.de\/en\/\"><img decoding=\"async\" width=\"300\" height=\"148\" src=\"https:\/\/www.protect-the-planet.de\/wp-content\/uploads\/2023\/06\/web_PtP-LOGO@2x.png\" alt=\"Protect the Planet Logo\" class=\"wp-image-16023\" style=\"width:233px;height:auto\"\/><\/a><\/figure>\n<\/div>\n\n\n\n<div class=\"wp-block-column is-vertically-aligned-center is-layout-flow wp-block-column-is-layout-flow\">\n<figure class=\"wp-block-image aligncenter size-large\"><a href=\"https:\/\/fundraising-akademie.de\"><img fetchpriority=\"high\" decoding=\"async\" width=\"1024\" height=\"1024\" src=\"https:\/\/www.protect-the-planet.de\/wp-content\/uploads\/2025\/04\/Fundraising-Akademie-Logo-1024x1024.jpeg\" alt=\"\" class=\"wp-image-30160\" srcset=\"https:\/\/www.protect-the-planet.de\/wp-content\/uploads\/2025\/04\/Fundraising-Akademie-Logo-1024x1024.jpeg 1024w, https:\/\/www.protect-the-planet.de\/wp-content\/uploads\/2025\/04\/Fundraising-Akademie-Logo-300x300.jpeg 300w, https:\/\/www.protect-the-planet.de\/wp-content\/uploads\/2025\/04\/Fundraising-Akademie-Logo-150x150.jpeg 150w, https:\/\/www.protect-the-planet.de\/wp-content\/uploads\/2025\/04\/Fundraising-Akademie-Logo-768x768.jpeg 768w, https:\/\/www.protect-the-planet.de\/wp-content\/uploads\/2025\/04\/Fundraising-Akademie-Logo.jpeg 1080w\" sizes=\"(max-width: 1024px) 100vw, 1024px\" \/><\/a><\/figure>\n<\/div>\n\n\n\n<div class=\"wp-block-column is-vertically-aligned-center is-layout-flow wp-block-column-is-layout-flow\">\n<figure class=\"wp-block-image size-full\"><a href=\"https:\/\/www.germanwatch.org\/de\"><img decoding=\"async\" width=\"480\" height=\"270\" src=\"https:\/\/www.protect-the-planet.de\/wp-content\/uploads\/2025\/04\/germanwatch-logo-violett-transparent-rgb-website-16zu9.png.jpeg\" alt=\"\" class=\"wp-image-30158\" srcset=\"https:\/\/www.protect-the-planet.de\/wp-content\/uploads\/2025\/04\/germanwatch-logo-violett-transparent-rgb-website-16zu9.png.jpeg 480w, https:\/\/www.protect-the-planet.de\/wp-content\/uploads\/2025\/04\/germanwatch-logo-violett-transparent-rgb-website-16zu9.png-300x169.jpeg 300w\" sizes=\"(max-width: 480px) 100vw, 480px\" \/><\/a><\/figure>\n<\/div>\n<\/div>\n","protected":false},"excerpt":{"rendered":"<p>Ob Klimaschutz, soziale Gerechtigkeit, Frauenrechte oder Demokratie: Gute Ideen brauchen Aufmerksamkeit \u2013 und Durchsetzungskraft. Sie brauchen Menschen, die ihre Stimme erheben, Geschichten erz\u00e4hlen, Netzwerke kn\u00fcpfen und Menschen mobilisieren. Kurz: Wir brauchen starke Kampagnen. Genau deshalb gibt es die\u00a0Campaigning School\u00a0\u2013 und genau deshalb unterst\u00fctzen wir von\u00a0Protect the Planet\u00a0diese einzigartige Fortbildung. Was ist die Campaigning School \u2013 [&hellip;]<\/p>\n","protected":false},"author":6,"featured_media":30163,"comment_status":"closed","ping_status":"closed","sticky":false,"template":"","format":"standard","meta":{"footnotes":""},"categories":[729],"tags":[],"class_list":["post-31058","post","type-post","status-publish","format-standard","has-post-thumbnail","hentry","category-news"],"yoast_head":"<!-- This site is optimized with the Yoast SEO plugin v27.5 - https:\/\/yoast.com\/product\/yoast-seo-wordpress\/ -->\n<title>Campaigning School: Warum wir mehr gute Kampagnen brauchen - Protect the Planet<\/title>\n<meta name=\"description\" content=\"Ob Klimaschutz, soziale Gerechtigkeit oder Demokratie: Gute Ideen brauchen Aufmerksamkeit. Deshalb gibt es die\u00a0Campaigning School.\" \/>\n<meta name=\"robots\" content=\"index, follow, max-snippet:-1, max-image-preview:large, max-video-preview:-1\" \/>\n<link rel=\"canonical\" href=\"https:\/\/www.protect-the-planet.de\/en\/campaigning-school-warum-wir-mehr-gute-kampagnen-brauchen\/\" \/>\n<meta property=\"og:locale\" content=\"en_US\" \/>\n<meta property=\"og:type\" content=\"article\" \/>\n<meta property=\"og:title\" content=\"Campaigning School: Warum wir mehr gute Kampagnen brauchen - Protect the Planet\" \/>\n<meta property=\"og:description\" content=\"Ob Klimaschutz, soziale Gerechtigkeit oder Demokratie: Gute Ideen brauchen Aufmerksamkeit. Deshalb gibt es die\u00a0Campaigning School.\" \/>\n<meta property=\"og:url\" content=\"https:\/\/www.protect-the-planet.de\/en\/campaigning-school-warum-wir-mehr-gute-kampagnen-brauchen\/\" \/>\n<meta property=\"og:site_name\" content=\"Protect the Planet\" \/>\n<meta property=\"article:publisher\" content=\"https:\/\/www.facebook.com\/protecttheplanetDE\/\" \/>\n<meta property=\"article:published_time\" content=\"2025-04-25T14:19:35+00:00\" \/>\n<meta property=\"article:modified_time\" content=\"2025-06-16T09:15:44+00:00\" \/>\n<meta property=\"og:image\" content=\"https:\/\/www.protect-the-planet.de\/wp-content\/uploads\/2025\/04\/news_campaigningschool.png\" \/>\n\t<meta property=\"og:image:width\" content=\"900\" \/>\n\t<meta property=\"og:image:height\" content=\"550\" \/>\n\t<meta property=\"og:image:type\" content=\"image\/png\" \/>\n<meta name=\"author\" content=\"Fenya Kirst\" \/>\n<meta name=\"twitter:card\" content=\"summary_large_image\" \/>\n<meta name=\"twitter:creator\" content=\"@PtP_de\" \/>\n<meta name=\"twitter:site\" content=\"@PtP_de\" \/>\n<meta name=\"twitter:label1\" content=\"Written by\" \/>\n\t<meta name=\"twitter:data1\" content=\"Fenya Kirst\" \/>\n\t<meta name=\"twitter:label2\" content=\"Est. reading time\" \/>\n\t<meta name=\"twitter:data2\" content=\"4 minutes\" \/>\n<script type=\"application\/ld+json\" class=\"yoast-schema-graph\">{\"@context\":\"https:\\\/\\\/schema.org\",\"@graph\":[{\"@type\":\"Article\",\"@id\":\"https:\\\/\\\/www.protect-the-planet.de\\\/en\\\/campaigning-school-warum-wir-mehr-gute-kampagnen-brauchen\\\/#article\",\"isPartOf\":{\"@id\":\"https:\\\/\\\/www.protect-the-planet.de\\\/en\\\/campaigning-school-warum-wir-mehr-gute-kampagnen-brauchen\\\/\"},\"author\":{\"name\":\"Fenya Kirst\",\"@id\":\"https:\\\/\\\/www.protect-the-planet.de\\\/en\\\/#\\\/schema\\\/person\\\/34a10854efaaf0bf11a3b6fbe966fcd0\"},\"headline\":\"Campaigning School: Warum wir mehr gute Kampagnen brauchen\",\"datePublished\":\"2025-04-25T14:19:35+00:00\",\"dateModified\":\"2025-06-16T09:15:44+00:00\",\"mainEntityOfPage\":{\"@id\":\"https:\\\/\\\/www.protect-the-planet.de\\\/en\\\/campaigning-school-warum-wir-mehr-gute-kampagnen-brauchen\\\/\"},\"wordCount\":607,\"publisher\":{\"@id\":\"https:\\\/\\\/www.protect-the-planet.de\\\/en\\\/#organization\"},\"image\":{\"@id\":\"https:\\\/\\\/www.protect-the-planet.de\\\/en\\\/campaigning-school-warum-wir-mehr-gute-kampagnen-brauchen\\\/#primaryimage\"},\"thumbnailUrl\":\"https:\\\/\\\/www.protect-the-planet.de\\\/wp-content\\\/uploads\\\/2025\\\/04\\\/news_campaigningschool.png\",\"articleSection\":[\"News\"],\"inLanguage\":\"en-US\"},{\"@type\":\"WebPage\",\"@id\":\"https:\\\/\\\/www.protect-the-planet.de\\\/en\\\/campaigning-school-warum-wir-mehr-gute-kampagnen-brauchen\\\/\",\"url\":\"https:\\\/\\\/www.protect-the-planet.de\\\/en\\\/campaigning-school-warum-wir-mehr-gute-kampagnen-brauchen\\\/\",\"name\":\"Campaigning School: Warum wir mehr gute Kampagnen brauchen - Protect the Planet\",\"isPartOf\":{\"@id\":\"https:\\\/\\\/www.protect-the-planet.de\\\/en\\\/#website\"},\"primaryImageOfPage\":{\"@id\":\"https:\\\/\\\/www.protect-the-planet.de\\\/en\\\/campaigning-school-warum-wir-mehr-gute-kampagnen-brauchen\\\/#primaryimage\"},\"image\":{\"@id\":\"https:\\\/\\\/www.protect-the-planet.de\\\/en\\\/campaigning-school-warum-wir-mehr-gute-kampagnen-brauchen\\\/#primaryimage\"},\"thumbnailUrl\":\"https:\\\/\\\/www.protect-the-planet.de\\\/wp-content\\\/uploads\\\/2025\\\/04\\\/news_campaigningschool.png\",\"datePublished\":\"2025-04-25T14:19:35+00:00\",\"dateModified\":\"2025-06-16T09:15:44+00:00\",\"description\":\"Ob Klimaschutz, soziale Gerechtigkeit oder Demokratie: Gute Ideen brauchen Aufmerksamkeit. Deshalb gibt es die\u00a0Campaigning School.\",\"breadcrumb\":{\"@id\":\"https:\\\/\\\/www.protect-the-planet.de\\\/en\\\/campaigning-school-warum-wir-mehr-gute-kampagnen-brauchen\\\/#breadcrumb\"},\"inLanguage\":\"en-US\",\"potentialAction\":[{\"@type\":\"ReadAction\",\"target\":[\"https:\\\/\\\/www.protect-the-planet.de\\\/en\\\/campaigning-school-warum-wir-mehr-gute-kampagnen-brauchen\\\/\"]}]},{\"@type\":\"ImageObject\",\"inLanguage\":\"en-US\",\"@id\":\"https:\\\/\\\/www.protect-the-planet.de\\\/en\\\/campaigning-school-warum-wir-mehr-gute-kampagnen-brauchen\\\/#primaryimage\",\"url\":\"https:\\\/\\\/www.protect-the-planet.de\\\/wp-content\\\/uploads\\\/2025\\\/04\\\/news_campaigningschool.png\",\"contentUrl\":\"https:\\\/\\\/www.protect-the-planet.de\\\/wp-content\\\/uploads\\\/2025\\\/04\\\/news_campaigningschool.png\",\"width\":900,\"height\":550,\"caption\":\"Man sieht das Logo der Campaigning School mit wei\u00dfen Buchstaben, mit einem orangefarbenen Balken hinterlegt, auf lilafarbenem Hintergrund.\"},{\"@type\":\"BreadcrumbList\",\"@id\":\"https:\\\/\\\/www.protect-the-planet.de\\\/en\\\/campaigning-school-warum-wir-mehr-gute-kampagnen-brauchen\\\/#breadcrumb\",\"itemListElement\":[{\"@type\":\"ListItem\",\"position\":1,\"name\":\"Startseite\",\"item\":\"https:\\\/\\\/www.protect-the-planet.de\\\/en\\\/home\\\/\"},{\"@type\":\"ListItem\",\"position\":2,\"name\":\"Campaigning School: Warum wir mehr gute Kampagnen brauchen\"}]},{\"@type\":\"WebSite\",\"@id\":\"https:\\\/\\\/www.protect-the-planet.de\\\/en\\\/#website\",\"url\":\"https:\\\/\\\/www.protect-the-planet.de\\\/en\\\/\",\"name\":\"Protect the Planet\",\"description\":\"If we don&#039;t change, the climate will.\",\"publisher\":{\"@id\":\"https:\\\/\\\/www.protect-the-planet.de\\\/en\\\/#organization\"},\"alternateName\":\"Protect the Panet gGmbH\",\"potentialAction\":[{\"@type\":\"SearchAction\",\"target\":{\"@type\":\"EntryPoint\",\"urlTemplate\":\"https:\\\/\\\/www.protect-the-planet.de\\\/en\\\/?s={search_term_string}\"},\"query-input\":{\"@type\":\"PropertyValueSpecification\",\"valueRequired\":true,\"valueName\":\"search_term_string\"}}],\"inLanguage\":\"en-US\"},{\"@type\":\"Organization\",\"@id\":\"https:\\\/\\\/www.protect-the-planet.de\\\/en\\\/#organization\",\"name\":\"Protect the Planet\",\"url\":\"https:\\\/\\\/www.protect-the-planet.de\\\/en\\\/\",\"logo\":{\"@type\":\"ImageObject\",\"inLanguage\":\"en-US\",\"@id\":\"https:\\\/\\\/www.protect-the-planet.de\\\/en\\\/#\\\/schema\\\/logo\\\/image\\\/\",\"url\":\"https:\\\/\\\/www.protect-the-planet.de\\\/wp-content\\\/uploads\\\/2023\\\/09\\\/LOGO-positiv_transparent-klein.png\",\"contentUrl\":\"https:\\\/\\\/www.protect-the-planet.de\\\/wp-content\\\/uploads\\\/2023\\\/09\\\/LOGO-positiv_transparent-klein.png\",\"width\":123,\"height\":68,\"caption\":\"Protect the Planet\"},\"image\":{\"@id\":\"https:\\\/\\\/www.protect-the-planet.de\\\/en\\\/#\\\/schema\\\/logo\\\/image\\\/\"},\"sameAs\":[\"https:\\\/\\\/www.facebook.com\\\/protecttheplanetDE\\\/\",\"https:\\\/\\\/x.com\\\/PtP_de\",\"https:\\\/\\\/www.instagram.com\\\/protecttheplanetorg\\\/\",\"https:\\\/\\\/www.linkedin.com\\\/company\\\/protect-the-planet\",\"https:\\\/\\\/www.youtube.com\\\/@protecttheplanet\"]},{\"@type\":\"Person\",\"@id\":\"https:\\\/\\\/www.protect-the-planet.de\\\/en\\\/#\\\/schema\\\/person\\\/34a10854efaaf0bf11a3b6fbe966fcd0\",\"name\":\"Fenya Kirst\",\"image\":{\"@type\":\"ImageObject\",\"inLanguage\":\"en-US\",\"@id\":\"https:\\\/\\\/www.protect-the-planet.de\\\/wp-content\\\/uploads\\\/2024\\\/03\\\/cropped-2310_ProtectThePlanet_Portraet-Fenya-quadr-scaled-1-96x96.jpg\",\"url\":\"https:\\\/\\\/www.protect-the-planet.de\\\/wp-content\\\/uploads\\\/2024\\\/03\\\/cropped-2310_ProtectThePlanet_Portraet-Fenya-quadr-scaled-1-96x96.jpg\",\"contentUrl\":\"https:\\\/\\\/www.protect-the-planet.de\\\/wp-content\\\/uploads\\\/2024\\\/03\\\/cropped-2310_ProtectThePlanet_Portraet-Fenya-quadr-scaled-1-96x96.jpg\",\"caption\":\"Fenya Kirst\"},\"description\":\"fenya.kirst@protect-the-planet.de +49 162 9085805\",\"url\":\"https:\\\/\\\/www.protect-the-planet.de\\\/en\\\/author\\\/fenya-kirst\\\/\"}]}<\/script>\n<!-- \/ Yoast SEO plugin. -->","yoast_head_json":{"title":"Campaigning School: Warum wir mehr gute Kampagnen brauchen - Protect the Planet","description":"Ob Klimaschutz, soziale Gerechtigkeit oder Demokratie: Gute Ideen brauchen Aufmerksamkeit. Deshalb gibt es die\u00a0Campaigning School.","robots":{"index":"index","follow":"follow","max-snippet":"max-snippet:-1","max-image-preview":"max-image-preview:large","max-video-preview":"max-video-preview:-1"},"canonical":"https:\/\/www.protect-the-planet.de\/en\/campaigning-school-warum-wir-mehr-gute-kampagnen-brauchen\/","og_locale":"en_US","og_type":"article","og_title":"Campaigning School: Warum wir mehr gute Kampagnen brauchen - Protect the Planet","og_description":"Ob Klimaschutz, soziale Gerechtigkeit oder Demokratie: Gute Ideen brauchen Aufmerksamkeit. Deshalb gibt es die\u00a0Campaigning School.","og_url":"https:\/\/www.protect-the-planet.de\/en\/campaigning-school-warum-wir-mehr-gute-kampagnen-brauchen\/","og_site_name":"Protect the Planet","article_publisher":"https:\/\/www.facebook.com\/protecttheplanetDE\/","article_published_time":"2025-04-25T14:19:35+00:00","article_modified_time":"2025-06-16T09:15:44+00:00","og_image":[{"width":900,"height":550,"url":"https:\/\/www.protect-the-planet.de\/wp-content\/uploads\/2025\/04\/news_campaigningschool.png","type":"image\/png"}],"author":"Fenya Kirst","twitter_card":"summary_large_image","twitter_creator":"@PtP_de","twitter_site":"@PtP_de","twitter_misc":{"Written by":"Fenya Kirst","Est. reading time":"4 minutes"},"schema":{"@context":"https:\/\/schema.org","@graph":[{"@type":"Article","@id":"https:\/\/www.protect-the-planet.de\/en\/campaigning-school-warum-wir-mehr-gute-kampagnen-brauchen\/#article","isPartOf":{"@id":"https:\/\/www.protect-the-planet.de\/en\/campaigning-school-warum-wir-mehr-gute-kampagnen-brauchen\/"},"author":{"name":"Fenya Kirst","@id":"https:\/\/www.protect-the-planet.de\/en\/#\/schema\/person\/34a10854efaaf0bf11a3b6fbe966fcd0"},"headline":"Campaigning School: Warum wir mehr gute Kampagnen brauchen","datePublished":"2025-04-25T14:19:35+00:00","dateModified":"2025-06-16T09:15:44+00:00","mainEntityOfPage":{"@id":"https:\/\/www.protect-the-planet.de\/en\/campaigning-school-warum-wir-mehr-gute-kampagnen-brauchen\/"},"wordCount":607,"publisher":{"@id":"https:\/\/www.protect-the-planet.de\/en\/#organization"},"image":{"@id":"https:\/\/www.protect-the-planet.de\/en\/campaigning-school-warum-wir-mehr-gute-kampagnen-brauchen\/#primaryimage"},"thumbnailUrl":"https:\/\/www.protect-the-planet.de\/wp-content\/uploads\/2025\/04\/news_campaigningschool.png","articleSection":["News"],"inLanguage":"en-US"},{"@type":"WebPage","@id":"https:\/\/www.protect-the-planet.de\/en\/campaigning-school-warum-wir-mehr-gute-kampagnen-brauchen\/","url":"https:\/\/www.protect-the-planet.de\/en\/campaigning-school-warum-wir-mehr-gute-kampagnen-brauchen\/","name":"Campaigning School: Warum wir mehr gute Kampagnen brauchen - Protect the Planet","isPartOf":{"@id":"https:\/\/www.protect-the-planet.de\/en\/#website"},"primaryImageOfPage":{"@id":"https:\/\/www.protect-the-planet.de\/en\/campaigning-school-warum-wir-mehr-gute-kampagnen-brauchen\/#primaryimage"},"image":{"@id":"https:\/\/www.protect-the-planet.de\/en\/campaigning-school-warum-wir-mehr-gute-kampagnen-brauchen\/#primaryimage"},"thumbnailUrl":"https:\/\/www.protect-the-planet.de\/wp-content\/uploads\/2025\/04\/news_campaigningschool.png","datePublished":"2025-04-25T14:19:35+00:00","dateModified":"2025-06-16T09:15:44+00:00","description":"Ob Klimaschutz, soziale Gerechtigkeit oder Demokratie: Gute Ideen brauchen Aufmerksamkeit. Deshalb gibt es die\u00a0Campaigning School.","breadcrumb":{"@id":"https:\/\/www.protect-the-planet.de\/en\/campaigning-school-warum-wir-mehr-gute-kampagnen-brauchen\/#breadcrumb"},"inLanguage":"en-US","potentialAction":[{"@type":"ReadAction","target":["https:\/\/www.protect-the-planet.de\/en\/campaigning-school-warum-wir-mehr-gute-kampagnen-brauchen\/"]}]},{"@type":"ImageObject","inLanguage":"en-US","@id":"https:\/\/www.protect-the-planet.de\/en\/campaigning-school-warum-wir-mehr-gute-kampagnen-brauchen\/#primaryimage","url":"https:\/\/www.protect-the-planet.de\/wp-content\/uploads\/2025\/04\/news_campaigningschool.png","contentUrl":"https:\/\/www.protect-the-planet.de\/wp-content\/uploads\/2025\/04\/news_campaigningschool.png","width":900,"height":550,"caption":"Man sieht das Logo der Campaigning School mit wei\u00dfen Buchstaben, mit einem orangefarbenen Balken hinterlegt, auf lilafarbenem Hintergrund."},{"@type":"BreadcrumbList","@id":"https:\/\/www.protect-the-planet.de\/en\/campaigning-school-warum-wir-mehr-gute-kampagnen-brauchen\/#breadcrumb","itemListElement":[{"@type":"ListItem","position":1,"name":"Startseite","item":"https:\/\/www.protect-the-planet.de\/en\/home\/"},{"@type":"ListItem","position":2,"name":"Campaigning School: Warum wir mehr gute Kampagnen brauchen"}]},{"@type":"WebSite","@id":"https:\/\/www.protect-the-planet.de\/en\/#website","url":"https:\/\/www.protect-the-planet.de\/en\/","name":"Protect the Planet","description":"If we don&#039;t change, the climate will.","publisher":{"@id":"https:\/\/www.protect-the-planet.de\/en\/#organization"},"alternateName":"Protect the Panet gGmbH","potentialAction":[{"@type":"SearchAction","target":{"@type":"EntryPoint","urlTemplate":"https:\/\/www.protect-the-planet.de\/en\/?s={search_term_string}"},"query-input":{"@type":"PropertyValueSpecification","valueRequired":true,"valueName":"search_term_string"}}],"inLanguage":"en-US"},{"@type":"Organization","@id":"https:\/\/www.protect-the-planet.de\/en\/#organization","name":"Protect the Planet","url":"https:\/\/www.protect-the-planet.de\/en\/","logo":{"@type":"ImageObject","inLanguage":"en-US","@id":"https:\/\/www.protect-the-planet.de\/en\/#\/schema\/logo\/image\/","url":"https:\/\/www.protect-the-planet.de\/wp-content\/uploads\/2023\/09\/LOGO-positiv_transparent-klein.png","contentUrl":"https:\/\/www.protect-the-planet.de\/wp-content\/uploads\/2023\/09\/LOGO-positiv_transparent-klein.png","width":123,"height":68,"caption":"Protect the Planet"},"image":{"@id":"https:\/\/www.protect-the-planet.de\/en\/#\/schema\/logo\/image\/"},"sameAs":["https:\/\/www.facebook.com\/protecttheplanetDE\/","https:\/\/x.com\/PtP_de","https:\/\/www.instagram.com\/protecttheplanetorg\/","https:\/\/www.linkedin.com\/company\/protect-the-planet","https:\/\/www.youtube.com\/@protecttheplanet"]},{"@type":"Person","@id":"https:\/\/www.protect-the-planet.de\/en\/#\/schema\/person\/34a10854efaaf0bf11a3b6fbe966fcd0","name":"Fenya Kirst","image":{"@type":"ImageObject","inLanguage":"en-US","@id":"https:\/\/www.protect-the-planet.de\/wp-content\/uploads\/2024\/03\/cropped-2310_ProtectThePlanet_Portraet-Fenya-quadr-scaled-1-96x96.jpg","url":"https:\/\/www.protect-the-planet.de\/wp-content\/uploads\/2024\/03\/cropped-2310_ProtectThePlanet_Portraet-Fenya-quadr-scaled-1-96x96.jpg","contentUrl":"https:\/\/www.protect-the-planet.de\/wp-content\/uploads\/2024\/03\/cropped-2310_ProtectThePlanet_Portraet-Fenya-quadr-scaled-1-96x96.jpg","caption":"Fenya Kirst"},"description":"fenya.kirst@protect-the-planet.de +49 162 9085805","url":"https:\/\/www.protect-the-planet.de\/en\/author\/fenya-kirst\/"}]}},"_links":{"self":[{"href":"https:\/\/www.protect-the-planet.de\/en\/wp-json\/wp\/v2\/posts\/31058","targetHints":{"allow":["GET"]}}],"collection":[{"href":"https:\/\/www.protect-the-planet.de\/en\/wp-json\/wp\/v2\/posts"}],"about":[{"href":"https:\/\/www.protect-the-planet.de\/en\/wp-json\/wp\/v2\/types\/post"}],"author":[{"embeddable":true,"href":"https:\/\/www.protect-the-planet.de\/en\/wp-json\/wp\/v2\/users\/6"}],"replies":[{"embeddable":true,"href":"https:\/\/www.protect-the-planet.de\/en\/wp-json\/wp\/v2\/comments?post=31058"}],"version-history":[{"count":1,"href":"https:\/\/www.protect-the-planet.de\/en\/wp-json\/wp\/v2\/posts\/31058\/revisions"}],"predecessor-version":[{"id":31060,"href":"https:\/\/www.protect-the-planet.de\/en\/wp-json\/wp\/v2\/posts\/31058\/revisions\/31060"}],"wp:featuredmedia":[{"embeddable":true,"href":"https:\/\/www.protect-the-planet.de\/en\/wp-json\/wp\/v2\/media\/30163"}],"wp:attachment":[{"href":"https:\/\/www.protect-the-planet.de\/en\/wp-json\/wp\/v2\/media?parent=31058"}],"wp:term":[{"taxonomy":"category","embeddable":true,"href":"https:\/\/www.protect-the-planet.de\/en\/wp-json\/wp\/v2\/categories?post=31058"},{"taxonomy":"post_tag","embeddable":true,"href":"https:\/\/www.protect-the-planet.de\/en\/wp-json\/wp\/v2\/tags?post=31058"}],"curies":[{"name":"wp","href":"https:\/\/api.w.org\/{rel}","templated":true}]}}