{"id":30988,"date":"2022-12-15T10:33:00","date_gmt":"2022-12-15T09:33:00","guid":{"rendered":"https:\/\/www.protect-the-planet.de\/2022-12-15-von-roon-faktencheck-bayern\/"},"modified":"2025-06-15T22:05:24","modified_gmt":"2025-06-15T20:05:24","slug":"2022-12-15-von-roon-faktencheck-bayern","status":"publish","type":"post","link":"https:\/\/www.protect-the-planet.de\/en\/2022-12-15-von-roon-faktencheck-bayern\/","title":{"rendered":"&#8220;Bayerische Energiewende &#8211; in der Spur?&#8221;"},"content":{"rendered":"\n<p class=\"has-text-align-center\"><\/p>\n\n<h2 class=\"wp-block-heading has-text-align-center\">Dr.-Ing. Serafin von Roon<\/h2>\n\n<p class=\"has-text-align-center\">Forschungsstelle f\u00fcr Energiewirtschaft (FfE), Gesch\u00e4ftsf\u00fchrer und stellv. Wissenschaftlicher Leiter<\/p>\n\n<div style=\"height:30px\" aria-hidden=\"true\" class=\"wp-block-spacer\"><\/div>\n\n<hr class=\"wp-block-separator has-alpha-channel-opacity\"\/>\n\n<div style=\"height:30px\" aria-hidden=\"true\" class=\"wp-block-spacer\"><\/div>\n\n<p class=\"has-text-align-center\"><a href=\"https:\/\/www.protect-the-planet.de\/wp-content\/uploads\/2023\/09\/Einladungstext-vRoon-2022_12_15.pdf\"><strong>Event-Info PDF | Dr. Helmut Paschlau<\/strong><\/a><\/p>\n\n <div class=\"brlbs-cmpnt-container brlbs-cmpnt-content-blocker brlbs-cmpnt-with-individual-styles\" data-borlabs-cookie-content-blocker-id=\"youtube-content-blocker\" data-borlabs-cookie-content=\"PGlmcmFtZSB3aWR0aD0iNTYwIiBoZWlnaHQ9IjMxNSIgc3JjPSJodHRwczovL3d3dy55b3V0dWJlLW5vY29va2llLmNvbS9lbWJlZC9iQ2NXYVUxeF9tRT9zaT0ybElCVExTb09wcXdVQlMyIiB0aXRsZT0iWW91VHViZSB2aWRlbyBwbGF5ZXIiIGZyYW1lYm9yZGVyPSIwIiBhbGxvdz0iYWNjZWxlcm9tZXRlcjsgYXV0b3BsYXk7IGNsaXBib2FyZC13cml0ZTsgZW5jcnlwdGVkLW1lZGlhOyBneXJvc2NvcGU7IHBpY3R1cmUtaW4tcGljdHVyZTsgd2ViLXNoYXJlIiByZWZlcnJlcnBvbGljeT0ic3RyaWN0LW9yaWdpbi13aGVuLWNyb3NzLW9yaWdpbiIgYWxsb3dmdWxsc2NyZWVuPSIiPjwvaWZyYW1lPg==\"><div class=\"brlbs-cmpnt-cb-preset-c brlbs-cmpnt-cb-youtube\"> <div class=\"brlbs-cmpnt-cb-thumbnail\" style=\"background-image: url('https:\/\/www.protect-the-planet.de\/wp-content\/uploads\/borlabs-cookie\/1\/yt_bCcWaU1x_mE_hqdefault.jpg')\"><\/div> <div class=\"brlbs-cmpnt-cb-main\"> <div class=\"brlbs-cmpnt-cb-play-button\"><\/div> <div class=\"brlbs-cmpnt-cb-content\"> <p class=\"brlbs-cmpnt-cb-description\">You are currently viewing a placeholder content from <strong>YouTube<\/strong>. To access the actual content, click the button below. Please note that doing so will share data with third-party providers.<\/p> <a class=\"brlbs-cmpnt-cb-provider-toggle\" href=\"#\" data-borlabs-cookie-show-provider-information role=\"button\">More Information<\/a> <\/div> <div class=\"brlbs-cmpnt-cb-buttons\"> <a class=\"brlbs-cmpnt-cb-btn\" href=\"#\" data-borlabs-cookie-unblock role=\"button\">Unblock content<\/a> <a class=\"brlbs-cmpnt-cb-btn\" href=\"#\" data-borlabs-cookie-accept-service role=\"button\" style=\"display: inherit\">Accept required service and unblock content<\/a> <\/div> <\/div> <\/div><\/div>\n\n<p class=\"has-text-align-center\"><br\/><strong><a href=\"https:\/\/www.protect-the-planet.de\/wp-content\/uploads\/2023\/09\/2022_12_15-Serafin-von-Roon-Bay-Energiewende-Check.pdf\">Presentation slides PDF | Dr.-Ing. Serafin von Roon<\/a><\/strong><\/p>\n\n<div style=\"height:30px\" aria-hidden=\"true\" class=\"wp-block-spacer\"><\/div>\n\n<p>Ist die \u201eBayerische Energiewende\u201c \u2013 wie von der Staatsregierung beschlossen \u2013 \u201eon the track\u201c, in der Spur? 160 Fu\u00dfballfelder mit Fl\u00e4chen-PV, 5 neue Windkraftanlagen, Verdopplung der Geb\u00e4udesanierungs-Rate, 2.300 Heizungsanlage \u201eregenerativ\u201c, 3 Batteriespeicher-Kraftwerke, 3 Elektrolyseure zur Erzeugung von gr\u00fcnem Wasserstoff, bis 2040 alle PkW \u201eklimaneutral\u201c und 1 neues Umspannwerk \u2013 das ist in Bayern erforderlich, wenn \u201eBayern klimaneutral bis 2040\u201c werden soll. Pro Woche (!!). Die Forschungsstelle f\u00fcr Energiewirtschaf (FfE) hat dies in einem Gutachten herausgearbeitet. Ja, Klimaneutralit\u00e4t im Energiesektor Bayerns bis 2040 geht. Mit Serafin von Roon haben wir einen ausgesprochen Experten gewinnen k\u00f6nnen \u2013 seien Sie gespannt.<\/p>\n\n<h3 class=\"wp-block-heading\"><strong>Zum Weiterlesen:<\/strong><\/h3>\n\n<ul class=\"wp-block-list\">\n<li><a href=\"https:\/\/www.ffe.de\/\">Research Center for Energy Economics (FfE)<\/a><\/li>\n\n\n\n<li><a href=\"https:\/\/www.vbew.de\/energie\/klimaneutrales-bayern-2040\">Verband der Bayer. Energie- und Wasserwirtschaft (VBEW)<\/a><\/li>\n\n\n\n<li><a href=\"https:\/\/www.foederal-erneuerbar.de\/landesinfo\/bundesland\/BY\/kategorie\/top+10\">Agency for Renewable Energies: \u201cEnergy consumption and CO2 emissions in the federal states\u201d, Bavaria<\/a><\/li>\n<\/ul>\n\n<div style=\"height:30px\" aria-hidden=\"true\" class=\"wp-block-spacer\"><\/div>\n\n<p class=\"has-text-align-center\"><\/p>\n\n<p><\/p>\n","protected":false},"excerpt":{"rendered":"<p>Dr.-Ing. Serafin von Roon (Forschungsstelle f\u00fcr Energiewirtschaft (FfE), Gesch\u00e4ftsf\u00fchrer und stellv. Wissenschaftlicher Leiter)<\/p>\n","protected":false},"author":4,"featured_media":21884,"comment_status":"closed","ping_status":"closed","sticky":false,"template":"","format":"standard","meta":{"footnotes":""},"categories":[1552,1509],"tags":[776,1553,1554,918,800,1555,1557,716,826,710,699,1556,753,921,854,973,702,703,712],"class_list":["post-30988","post","type-post","status-publish","format-standard","has-post-thumbnail","hentry","category-energie-heizen-bauen-en","category-event-archive","tag-bayern-en","tag-bayern-check-en","tag-bayern-wahl-en","tag-climateawareness-en","tag-energiewende-en","tag-energiewende-bayern-en","tag-energiewende-und-erneuerbare-en","tag-klimaberater-en","tag-klimaneutralitaet-en","tag-klimaschutz-en","tag-klimastrategie-en","tag-landtagswahl-2023-en","tag-muenchen-en","tag-nachhaltigkeit-en","tag-paschlau-en","tag-transformation-en","tag-vortrag-en","tag-vortragsreihe-en","tag-zukunftssalon-en"],"yoast_head":"<!-- This site is optimized with the Yoast SEO plugin v27.5 - https:\/\/yoast.com\/product\/yoast-seo-wordpress\/ -->\n<title>&quot;Bayerische Energiewende - in der Spur?&quot; - Protect the Planet<\/title>\n<meta name=\"description\" content=\"Bayerische Energiewende: Fakten-Check mit dem Experten Dr.-Ing. Serafin von Roon, der Forschungsstelle f\u00fcr Energiewirtschaft (FfE).\" \/>\n<meta name=\"robots\" content=\"index, follow, max-snippet:-1, max-image-preview:large, max-video-preview:-1\" \/>\n<link rel=\"canonical\" href=\"https:\/\/www.protect-the-planet.de\/en\/2022-12-15-von-roon-faktencheck-bayern\/\" \/>\n<meta property=\"og:locale\" content=\"en_US\" \/>\n<meta property=\"og:type\" content=\"article\" \/>\n<meta property=\"og:title\" content=\"&quot;Bayerische Energiewende - in der Spur?&quot; - Protect the Planet\" \/>\n<meta property=\"og:description\" content=\"Bayerische Energiewende: Fakten-Check mit dem Experten Dr.-Ing. Serafin von Roon, der Forschungsstelle f\u00fcr Energiewirtschaft (FfE).\" \/>\n<meta property=\"og:url\" content=\"https:\/\/www.protect-the-planet.de\/en\/2022-12-15-von-roon-faktencheck-bayern\/\" \/>\n<meta property=\"og:site_name\" content=\"Protect the Planet\" \/>\n<meta property=\"article:publisher\" content=\"https:\/\/www.facebook.com\/protecttheplanetDE\/\" \/>\n<meta property=\"article:published_time\" content=\"2022-12-15T09:33:00+00:00\" \/>\n<meta property=\"article:modified_time\" content=\"2025-06-15T20:05:24+00:00\" \/>\n<meta property=\"og:image\" content=\"https:\/\/www.protect-the-planet.de\/wp-content\/uploads\/2022\/11\/von-roon.png\" \/>\n\t<meta property=\"og:image:width\" content=\"1920\" \/>\n\t<meta property=\"og:image:height\" content=\"1080\" \/>\n\t<meta property=\"og:image:type\" content=\"image\/png\" \/>\n<meta name=\"author\" content=\"Jana H\u00e4fner\" \/>\n<meta name=\"twitter:card\" content=\"summary_large_image\" \/>\n<meta name=\"twitter:creator\" content=\"@PtP_de\" \/>\n<meta name=\"twitter:site\" content=\"@PtP_de\" \/>\n<meta name=\"twitter:label1\" content=\"Written by\" \/>\n\t<meta name=\"twitter:data1\" content=\"Jana H\u00e4fner\" \/>\n\t<meta name=\"twitter:label2\" content=\"Est. reading time\" \/>\n\t<meta name=\"twitter:data2\" content=\"1 minute\" \/>\n<script type=\"application\/ld+json\" class=\"yoast-schema-graph\">{\"@context\":\"https:\\\/\\\/schema.org\",\"@graph\":[{\"@type\":\"Article\",\"@id\":\"https:\\\/\\\/www.protect-the-planet.de\\\/en\\\/2022-12-15-von-roon-faktencheck-bayern\\\/#article\",\"isPartOf\":{\"@id\":\"https:\\\/\\\/www.protect-the-planet.de\\\/en\\\/2022-12-15-von-roon-faktencheck-bayern\\\/\"},\"author\":{\"name\":\"Jana H\u00e4fner\",\"@id\":\"https:\\\/\\\/www.protect-the-planet.de\\\/en\\\/#\\\/schema\\\/person\\\/94315f5fbca131d26764146a638b8fc6\"},\"headline\":\"&#8220;Bayerische Energiewende &#8211; in der Spur?&#8221;\",\"datePublished\":\"2022-12-15T09:33:00+00:00\",\"dateModified\":\"2025-06-15T20:05:24+00:00\",\"mainEntityOfPage\":{\"@id\":\"https:\\\/\\\/www.protect-the-planet.de\\\/en\\\/2022-12-15-von-roon-faktencheck-bayern\\\/\"},\"wordCount\":156,\"publisher\":{\"@id\":\"https:\\\/\\\/www.protect-the-planet.de\\\/en\\\/#organization\"},\"image\":{\"@id\":\"https:\\\/\\\/www.protect-the-planet.de\\\/en\\\/2022-12-15-von-roon-faktencheck-bayern\\\/#primaryimage\"},\"thumbnailUrl\":\"https:\\\/\\\/www.protect-the-planet.de\\\/wp-content\\\/uploads\\\/2022\\\/11\\\/von-roon.png\",\"keywords\":[\"Bayern\",\"Bayern-Check\",\"Bayern-Wahl\",\"Climateawareness\",\"Energiewende\",\"Energiewende Bayern\",\"Energiewende und Erneuerbare\",\"Klimaberater\",\"Klimaneutralit\u00e4t\",\"Klimaschutz\",\"Klimastrategie\",\"Landtagswahl 2023\",\"M\u00fcnchen\",\"Nachhaltigkeit\",\"Paschlau\",\"Transformation\",\"Vortrag\",\"Vortragsreihe\",\"Zukunftssalon\"],\"articleSection\":[\"Energie, Heizen, Bauen\",\"Event archive\"],\"inLanguage\":\"en-US\"},{\"@type\":\"WebPage\",\"@id\":\"https:\\\/\\\/www.protect-the-planet.de\\\/en\\\/2022-12-15-von-roon-faktencheck-bayern\\\/\",\"url\":\"https:\\\/\\\/www.protect-the-planet.de\\\/en\\\/2022-12-15-von-roon-faktencheck-bayern\\\/\",\"name\":\"\\\"Bayerische Energiewende - in der Spur?\\\" - Protect the Planet\",\"isPartOf\":{\"@id\":\"https:\\\/\\\/www.protect-the-planet.de\\\/en\\\/#website\"},\"primaryImageOfPage\":{\"@id\":\"https:\\\/\\\/www.protect-the-planet.de\\\/en\\\/2022-12-15-von-roon-faktencheck-bayern\\\/#primaryimage\"},\"image\":{\"@id\":\"https:\\\/\\\/www.protect-the-planet.de\\\/en\\\/2022-12-15-von-roon-faktencheck-bayern\\\/#primaryimage\"},\"thumbnailUrl\":\"https:\\\/\\\/www.protect-the-planet.de\\\/wp-content\\\/uploads\\\/2022\\\/11\\\/von-roon.png\",\"datePublished\":\"2022-12-15T09:33:00+00:00\",\"dateModified\":\"2025-06-15T20:05:24+00:00\",\"description\":\"Bayerische Energiewende: Fakten-Check mit dem Experten Dr.-Ing. Serafin von Roon, der Forschungsstelle f\u00fcr Energiewirtschaft (FfE).\",\"breadcrumb\":{\"@id\":\"https:\\\/\\\/www.protect-the-planet.de\\\/en\\\/2022-12-15-von-roon-faktencheck-bayern\\\/#breadcrumb\"},\"inLanguage\":\"en-US\",\"potentialAction\":[{\"@type\":\"ReadAction\",\"target\":[\"https:\\\/\\\/www.protect-the-planet.de\\\/en\\\/2022-12-15-von-roon-faktencheck-bayern\\\/\"]}]},{\"@type\":\"ImageObject\",\"inLanguage\":\"en-US\",\"@id\":\"https:\\\/\\\/www.protect-the-planet.de\\\/en\\\/2022-12-15-von-roon-faktencheck-bayern\\\/#primaryimage\",\"url\":\"https:\\\/\\\/www.protect-the-planet.de\\\/wp-content\\\/uploads\\\/2022\\\/11\\\/von-roon.png\",\"contentUrl\":\"https:\\\/\\\/www.protect-the-planet.de\\\/wp-content\\\/uploads\\\/2022\\\/11\\\/von-roon.png\",\"width\":1920,\"height\":1080,\"caption\":\"22\\\/12\\\/15 Vortrag Bayerische Energiewende\"},{\"@type\":\"BreadcrumbList\",\"@id\":\"https:\\\/\\\/www.protect-the-planet.de\\\/en\\\/2022-12-15-von-roon-faktencheck-bayern\\\/#breadcrumb\",\"itemListElement\":[{\"@type\":\"ListItem\",\"position\":1,\"name\":\"Startseite\",\"item\":\"https:\\\/\\\/www.protect-the-planet.de\\\/en\\\/home\\\/\"},{\"@type\":\"ListItem\",\"position\":2,\"name\":\"&#8220;Bayerische Energiewende &#8211; in der Spur?&#8221;\"}]},{\"@type\":\"WebSite\",\"@id\":\"https:\\\/\\\/www.protect-the-planet.de\\\/en\\\/#website\",\"url\":\"https:\\\/\\\/www.protect-the-planet.de\\\/en\\\/\",\"name\":\"Protect the Planet\",\"description\":\"If we don&#039;t change, the climate will.\",\"publisher\":{\"@id\":\"https:\\\/\\\/www.protect-the-planet.de\\\/en\\\/#organization\"},\"alternateName\":\"Protect the Panet gGmbH\",\"potentialAction\":[{\"@type\":\"SearchAction\",\"target\":{\"@type\":\"EntryPoint\",\"urlTemplate\":\"https:\\\/\\\/www.protect-the-planet.de\\\/en\\\/?s={search_term_string}\"},\"query-input\":{\"@type\":\"PropertyValueSpecification\",\"valueRequired\":true,\"valueName\":\"search_term_string\"}}],\"inLanguage\":\"en-US\"},{\"@type\":\"Organization\",\"@id\":\"https:\\\/\\\/www.protect-the-planet.de\\\/en\\\/#organization\",\"name\":\"Protect the Planet\",\"url\":\"https:\\\/\\\/www.protect-the-planet.de\\\/en\\\/\",\"logo\":{\"@type\":\"ImageObject\",\"inLanguage\":\"en-US\",\"@id\":\"https:\\\/\\\/www.protect-the-planet.de\\\/en\\\/#\\\/schema\\\/logo\\\/image\\\/\",\"url\":\"https:\\\/\\\/www.protect-the-planet.de\\\/wp-content\\\/uploads\\\/2023\\\/09\\\/LOGO-positiv_transparent-klein.png\",\"contentUrl\":\"https:\\\/\\\/www.protect-the-planet.de\\\/wp-content\\\/uploads\\\/2023\\\/09\\\/LOGO-positiv_transparent-klein.png\",\"width\":123,\"height\":68,\"caption\":\"Protect the Planet\"},\"image\":{\"@id\":\"https:\\\/\\\/www.protect-the-planet.de\\\/en\\\/#\\\/schema\\\/logo\\\/image\\\/\"},\"sameAs\":[\"https:\\\/\\\/www.facebook.com\\\/protecttheplanetDE\\\/\",\"https:\\\/\\\/x.com\\\/PtP_de\",\"https:\\\/\\\/www.instagram.com\\\/protecttheplanetorg\\\/\",\"https:\\\/\\\/www.linkedin.com\\\/company\\\/protect-the-planet\",\"https:\\\/\\\/www.youtube.com\\\/@protecttheplanet\"]},{\"@type\":\"Person\",\"@id\":\"https:\\\/\\\/www.protect-the-planet.de\\\/en\\\/#\\\/schema\\\/person\\\/94315f5fbca131d26764146a638b8fc6\",\"name\":\"Jana H\u00e4fner\",\"image\":{\"@type\":\"ImageObject\",\"inLanguage\":\"en-US\",\"@id\":\"https:\\\/\\\/www.protect-the-planet.de\\\/wp-content\\\/uploads\\\/2024\\\/04\\\/cropped-2310_ProtectThePlanet_206-96x96.jpg\",\"url\":\"https:\\\/\\\/www.protect-the-planet.de\\\/wp-content\\\/uploads\\\/2024\\\/04\\\/cropped-2310_ProtectThePlanet_206-96x96.jpg\",\"contentUrl\":\"https:\\\/\\\/www.protect-the-planet.de\\\/wp-content\\\/uploads\\\/2024\\\/04\\\/cropped-2310_ProtectThePlanet_206-96x96.jpg\",\"caption\":\"Jana H\u00e4fner\"},\"description\":\"jana.haefner@protect-the-planet.de +49 152 53089270\",\"url\":\"https:\\\/\\\/www.protect-the-planet.de\\\/en\\\/author\\\/jana-haefner\\\/\"}]}<\/script>\n<!-- \/ Yoast SEO plugin. -->","yoast_head_json":{"title":"\"Bayerische Energiewende - in der Spur?\" - Protect the Planet","description":"Bayerische Energiewende: Fakten-Check mit dem Experten Dr.-Ing. Serafin von Roon, der Forschungsstelle f\u00fcr Energiewirtschaft (FfE).","robots":{"index":"index","follow":"follow","max-snippet":"max-snippet:-1","max-image-preview":"max-image-preview:large","max-video-preview":"max-video-preview:-1"},"canonical":"https:\/\/www.protect-the-planet.de\/en\/2022-12-15-von-roon-faktencheck-bayern\/","og_locale":"en_US","og_type":"article","og_title":"\"Bayerische Energiewende - in der Spur?\" - Protect the Planet","og_description":"Bayerische Energiewende: Fakten-Check mit dem Experten Dr.-Ing. Serafin von Roon, der Forschungsstelle f\u00fcr Energiewirtschaft (FfE).","og_url":"https:\/\/www.protect-the-planet.de\/en\/2022-12-15-von-roon-faktencheck-bayern\/","og_site_name":"Protect the Planet","article_publisher":"https:\/\/www.facebook.com\/protecttheplanetDE\/","article_published_time":"2022-12-15T09:33:00+00:00","article_modified_time":"2025-06-15T20:05:24+00:00","og_image":[{"width":1920,"height":1080,"url":"https:\/\/www.protect-the-planet.de\/wp-content\/uploads\/2022\/11\/von-roon.png","type":"image\/png"}],"author":"Jana H\u00e4fner","twitter_card":"summary_large_image","twitter_creator":"@PtP_de","twitter_site":"@PtP_de","twitter_misc":{"Written by":"Jana H\u00e4fner","Est. reading time":"1 minute"},"schema":{"@context":"https:\/\/schema.org","@graph":[{"@type":"Article","@id":"https:\/\/www.protect-the-planet.de\/en\/2022-12-15-von-roon-faktencheck-bayern\/#article","isPartOf":{"@id":"https:\/\/www.protect-the-planet.de\/en\/2022-12-15-von-roon-faktencheck-bayern\/"},"author":{"name":"Jana H\u00e4fner","@id":"https:\/\/www.protect-the-planet.de\/en\/#\/schema\/person\/94315f5fbca131d26764146a638b8fc6"},"headline":"&#8220;Bayerische Energiewende &#8211; in der Spur?&#8221;","datePublished":"2022-12-15T09:33:00+00:00","dateModified":"2025-06-15T20:05:24+00:00","mainEntityOfPage":{"@id":"https:\/\/www.protect-the-planet.de\/en\/2022-12-15-von-roon-faktencheck-bayern\/"},"wordCount":156,"publisher":{"@id":"https:\/\/www.protect-the-planet.de\/en\/#organization"},"image":{"@id":"https:\/\/www.protect-the-planet.de\/en\/2022-12-15-von-roon-faktencheck-bayern\/#primaryimage"},"thumbnailUrl":"https:\/\/www.protect-the-planet.de\/wp-content\/uploads\/2022\/11\/von-roon.png","keywords":["Bayern","Bayern-Check","Bayern-Wahl","Climateawareness","Energiewende","Energiewende Bayern","Energiewende und Erneuerbare","Klimaberater","Klimaneutralit\u00e4t","Klimaschutz","Klimastrategie","Landtagswahl 2023","M\u00fcnchen","Nachhaltigkeit","Paschlau","Transformation","Vortrag","Vortragsreihe","Zukunftssalon"],"articleSection":["Energie, Heizen, Bauen","Event archive"],"inLanguage":"en-US"},{"@type":"WebPage","@id":"https:\/\/www.protect-the-planet.de\/en\/2022-12-15-von-roon-faktencheck-bayern\/","url":"https:\/\/www.protect-the-planet.de\/en\/2022-12-15-von-roon-faktencheck-bayern\/","name":"\"Bayerische Energiewende - in der Spur?\" - Protect the Planet","isPartOf":{"@id":"https:\/\/www.protect-the-planet.de\/en\/#website"},"primaryImageOfPage":{"@id":"https:\/\/www.protect-the-planet.de\/en\/2022-12-15-von-roon-faktencheck-bayern\/#primaryimage"},"image":{"@id":"https:\/\/www.protect-the-planet.de\/en\/2022-12-15-von-roon-faktencheck-bayern\/#primaryimage"},"thumbnailUrl":"https:\/\/www.protect-the-planet.de\/wp-content\/uploads\/2022\/11\/von-roon.png","datePublished":"2022-12-15T09:33:00+00:00","dateModified":"2025-06-15T20:05:24+00:00","description":"Bayerische Energiewende: Fakten-Check mit dem Experten Dr.-Ing. Serafin von Roon, der Forschungsstelle f\u00fcr Energiewirtschaft (FfE).","breadcrumb":{"@id":"https:\/\/www.protect-the-planet.de\/en\/2022-12-15-von-roon-faktencheck-bayern\/#breadcrumb"},"inLanguage":"en-US","potentialAction":[{"@type":"ReadAction","target":["https:\/\/www.protect-the-planet.de\/en\/2022-12-15-von-roon-faktencheck-bayern\/"]}]},{"@type":"ImageObject","inLanguage":"en-US","@id":"https:\/\/www.protect-the-planet.de\/en\/2022-12-15-von-roon-faktencheck-bayern\/#primaryimage","url":"https:\/\/www.protect-the-planet.de\/wp-content\/uploads\/2022\/11\/von-roon.png","contentUrl":"https:\/\/www.protect-the-planet.de\/wp-content\/uploads\/2022\/11\/von-roon.png","width":1920,"height":1080,"caption":"22\/12\/15 Vortrag Bayerische Energiewende"},{"@type":"BreadcrumbList","@id":"https:\/\/www.protect-the-planet.de\/en\/2022-12-15-von-roon-faktencheck-bayern\/#breadcrumb","itemListElement":[{"@type":"ListItem","position":1,"name":"Startseite","item":"https:\/\/www.protect-the-planet.de\/en\/home\/"},{"@type":"ListItem","position":2,"name":"&#8220;Bayerische Energiewende &#8211; in der Spur?&#8221;"}]},{"@type":"WebSite","@id":"https:\/\/www.protect-the-planet.de\/en\/#website","url":"https:\/\/www.protect-the-planet.de\/en\/","name":"Protect the Planet","description":"If we don&#039;t change, the climate will.","publisher":{"@id":"https:\/\/www.protect-the-planet.de\/en\/#organization"},"alternateName":"Protect the Panet gGmbH","potentialAction":[{"@type":"SearchAction","target":{"@type":"EntryPoint","urlTemplate":"https:\/\/www.protect-the-planet.de\/en\/?s={search_term_string}"},"query-input":{"@type":"PropertyValueSpecification","valueRequired":true,"valueName":"search_term_string"}}],"inLanguage":"en-US"},{"@type":"Organization","@id":"https:\/\/www.protect-the-planet.de\/en\/#organization","name":"Protect the Planet","url":"https:\/\/www.protect-the-planet.de\/en\/","logo":{"@type":"ImageObject","inLanguage":"en-US","@id":"https:\/\/www.protect-the-planet.de\/en\/#\/schema\/logo\/image\/","url":"https:\/\/www.protect-the-planet.de\/wp-content\/uploads\/2023\/09\/LOGO-positiv_transparent-klein.png","contentUrl":"https:\/\/www.protect-the-planet.de\/wp-content\/uploads\/2023\/09\/LOGO-positiv_transparent-klein.png","width":123,"height":68,"caption":"Protect the Planet"},"image":{"@id":"https:\/\/www.protect-the-planet.de\/en\/#\/schema\/logo\/image\/"},"sameAs":["https:\/\/www.facebook.com\/protecttheplanetDE\/","https:\/\/x.com\/PtP_de","https:\/\/www.instagram.com\/protecttheplanetorg\/","https:\/\/www.linkedin.com\/company\/protect-the-planet","https:\/\/www.youtube.com\/@protecttheplanet"]},{"@type":"Person","@id":"https:\/\/www.protect-the-planet.de\/en\/#\/schema\/person\/94315f5fbca131d26764146a638b8fc6","name":"Jana H\u00e4fner","image":{"@type":"ImageObject","inLanguage":"en-US","@id":"https:\/\/www.protect-the-planet.de\/wp-content\/uploads\/2024\/04\/cropped-2310_ProtectThePlanet_206-96x96.jpg","url":"https:\/\/www.protect-the-planet.de\/wp-content\/uploads\/2024\/04\/cropped-2310_ProtectThePlanet_206-96x96.jpg","contentUrl":"https:\/\/www.protect-the-planet.de\/wp-content\/uploads\/2024\/04\/cropped-2310_ProtectThePlanet_206-96x96.jpg","caption":"Jana H\u00e4fner"},"description":"jana.haefner@protect-the-planet.de +49 152 53089270","url":"https:\/\/www.protect-the-planet.de\/en\/author\/jana-haefner\/"}]}},"_links":{"self":[{"href":"https:\/\/www.protect-the-planet.de\/en\/wp-json\/wp\/v2\/posts\/30988","targetHints":{"allow":["GET"]}}],"collection":[{"href":"https:\/\/www.protect-the-planet.de\/en\/wp-json\/wp\/v2\/posts"}],"about":[{"href":"https:\/\/www.protect-the-planet.de\/en\/wp-json\/wp\/v2\/types\/post"}],"author":[{"embeddable":true,"href":"https:\/\/www.protect-the-planet.de\/en\/wp-json\/wp\/v2\/users\/4"}],"replies":[{"embeddable":true,"href":"https:\/\/www.protect-the-planet.de\/en\/wp-json\/wp\/v2\/comments?post=30988"}],"version-history":[{"count":2,"href":"https:\/\/www.protect-the-planet.de\/en\/wp-json\/wp\/v2\/posts\/30988\/revisions"}],"predecessor-version":[{"id":31003,"href":"https:\/\/www.protect-the-planet.de\/en\/wp-json\/wp\/v2\/posts\/30988\/revisions\/31003"}],"wp:featuredmedia":[{"embeddable":true,"href":"https:\/\/www.protect-the-planet.de\/en\/wp-json\/wp\/v2\/media\/21884"}],"wp:attachment":[{"href":"https:\/\/www.protect-the-planet.de\/en\/wp-json\/wp\/v2\/media?parent=30988"}],"wp:term":[{"taxonomy":"category","embeddable":true,"href":"https:\/\/www.protect-the-planet.de\/en\/wp-json\/wp\/v2\/categories?post=30988"},{"taxonomy":"post_tag","embeddable":true,"href":"https:\/\/www.protect-the-planet.de\/en\/wp-json\/wp\/v2\/tags?post=30988"}],"curies":[{"name":"wp","href":"https:\/\/api.w.org\/{rel}","templated":true}]}}