{"id":30911,"date":"2025-06-05T10:33:16","date_gmt":"2025-06-05T08:33:16","guid":{"rendered":"https:\/\/www.protect-the-planet.de\/weltumwelttag-2025-protect-the-planet-now\/"},"modified":"2025-07-28T11:49:08","modified_gmt":"2025-07-28T09:49:08","slug":"weltumwelttag-2025-protect-the-planet-now","status":"publish","type":"post","link":"https:\/\/www.protect-the-planet.de\/en\/weltumwelttag-2025-protect-the-planet-now\/","title":{"rendered":"Weltumwelttag 2025 &#8211; Protect the Planet NOW"},"content":{"rendered":"\n<p>Der\u00a0Weltumwelttag\u00a0erinnert an den Start der UN-Umweltkonferenz am 5. Juni 1972 in Stockholm. Seither nutzen \u00fcber 150 L\u00e4nder diesen Tag, um Umweltbewusstsein zu st\u00e4rken und zivilgesellschaftliches Engagement sichtbar zu machen. Auch in Deutschland finden jedes Jahr zahlreiche Aktionen statt, um konkrete L\u00f6sungen f\u00fcr die \u00f6kologischen Herausforderungen unserer Zeit zu f\u00f6rdern. Der Weltumwelttag ist mehr als ein symbolischer Anlass \u2013 er ist ein Weckruf f\u00fcr Politik, Wirtschaft und jeden Einzelnen. Denn Umwelt- und Klimaschutz beginnen mit der Haltung, unsere nat\u00fcrlichen Lebensgrundlagen nicht als selbstverst\u00e4ndlich hinzunehmen.<\/p>\n\n<h2 class=\"wp-block-heading\"><strong>Der Weltumwelttag 2025 in Deutschland steht unter dem Motto &#8220;Unser Wasser wertsch\u00fctzen&#8221;<\/strong><\/h2>\n\n<p>Wasser ist unverzichtbar \u2013 f\u00fcr uns Menschen, f\u00fcr Tiere, f\u00fcr \u00d6kosysteme. Doch der Druck auf unsere Wasserressourcen w\u00e4chst. Die Folgen der Klimakrise sind l\u00e4ngst sp\u00fcrbar: L\u00e4ngere Trockenperioden, versiegende Quellen, aber auch extreme Starkregen und \u00dcberschwemmungen geh\u00f6ren zunehmend zum Alltag. Diese Ver\u00e4nderungen zwingen uns zum Umdenken. Mehr dazu und zur. nationalen Wasserstrategie fahren sie <a href=\"https:\/\/www.bmuv.de\/buergerservice\/veranstaltungen\/kalender\/tag-der-umwelt\">hier<\/a>. <\/p>\n\n<p><strong>Protect the Planet<\/strong> unterst\u00fctzt diesen Kurs. Ein aktuelles sehr spannendes Projekt, das Protect the Planet unterst\u00fctzt ist z. B. das <a href=\"https:\/\/www.protect-the-planet.de\/fuerteventura\/\">Blue Green Projekt in Fuerteventura<\/a>. Das Problem der Wasserversorgung auf Fuerteventura ist altbekannt und gravierend. Seit Jahrhunderten wird mehr Grundwasser ben\u00f6tigt, als durch Regenwasser geliefert werden kann. Der zunehmende Tourismus hat die Situation weiter versch\u00e4rft. Der stetig sinkende Wasservorrat hat zur Desertifikation in Teilen der Insel gef\u00fchrt. Gemeinsam mit lokalen Initiativen und der lokalen Politik treiben wir die Vision von einer klimafreundlichen Meerwasserentsalzung auf der Insel voran.<\/p>\n\n<figure class=\"wp-block-image size-large\"><img fetchpriority=\"high\" decoding=\"async\" width=\"1024\" height=\"657\" src=\"https:\/\/www.protect-the-planet.de\/wp-content\/uploads\/2025\/03\/iStock_24059909_XXLARGE-1024x657.jpg\" alt=\"\" class=\"wp-image-29644\" srcset=\"https:\/\/www.protect-the-planet.de\/wp-content\/uploads\/2025\/03\/iStock_24059909_XXLARGE-1024x657.jpg 1024w, https:\/\/www.protect-the-planet.de\/wp-content\/uploads\/2025\/03\/iStock_24059909_XXLARGE-300x193.jpg 300w, https:\/\/www.protect-the-planet.de\/wp-content\/uploads\/2025\/03\/iStock_24059909_XXLARGE-768x493.jpg 768w, https:\/\/www.protect-the-planet.de\/wp-content\/uploads\/2025\/03\/iStock_24059909_XXLARGE-1536x986.jpg 1536w, https:\/\/www.protect-the-planet.de\/wp-content\/uploads\/2025\/03\/iStock_24059909_XXLARGE-2048x1314.jpg 2048w, https:\/\/www.protect-the-planet.de\/wp-content\/uploads\/2025\/03\/iStock_24059909_XXLARGE-1320x847.jpg 1320w\" sizes=\"(max-width: 1024px) 100vw, 1024px\" \/><figcaption class=\"wp-element-caption\">Southern Fuerteventura, Jandia, path from  Pico de Zarza, highest point of the island, towards Morro jable<\/figcaption><\/figure>\n\n<p><\/p>\n\n<h2 class=\"wp-block-heading\"><strong>Earth Overshoot day 2025<\/strong><\/h2>\n\n<p>Wasser ist nur eine von vielen lebenswichtigen Ressourcen unserer Erde, die wir sch\u00fctzen und mit Bedacht nutzen m\u00fcssen.\u00a0Denn unser Planet hat Grenzen \u2013 und die sind l\u00e4ngst \u00fcberschritten: Laut dem <a href=\"https:\/\/overshoot.footprintnetwork.org\">Global Footprint Network<\/a> war der Erd\u00fcberlastungstag in Deutschland schon am <strong>3. Mai<\/strong>. Seit diesem Tag leben wir auf dem &#8220;Kredit&#8221; von der Erde, was bedeutet, dass wir die Ressourcen zuk\u00fcnftiger Generationen angreifen. Wenn alle Menschen auf der Welt so leben w\u00fcrden wie die Menschen in Deutschland, w\u00e4ren bereits Anfang Mai alle nat\u00fcrlichen Ressourcen aufgebraucht. Dies entspricht den Ressourcen von drei Erden.\u00a0<\/p>\n\n<figure class=\"wp-block-image size-large\"><img decoding=\"async\" width=\"1024\" height=\"797\" src=\"https:\/\/www.protect-the-planet.de\/wp-content\/uploads\/2025\/06\/Country-Overshoot-Days-2025-small-1024x797.jpg\" alt=\"\" class=\"wp-image-30782\" srcset=\"https:\/\/www.protect-the-planet.de\/wp-content\/uploads\/2025\/06\/Country-Overshoot-Days-2025-small-1024x797.jpg 1024w, https:\/\/www.protect-the-planet.de\/wp-content\/uploads\/2025\/06\/Country-Overshoot-Days-2025-small-300x234.jpg 300w, https:\/\/www.protect-the-planet.de\/wp-content\/uploads\/2025\/06\/Country-Overshoot-Days-2025-small-768x598.jpg 768w, https:\/\/www.protect-the-planet.de\/wp-content\/uploads\/2025\/06\/Country-Overshoot-Days-2025-small.jpg 1156w\" sizes=\"(max-width: 1024px) 100vw, 1024px\" \/><\/figure>\n\n<p>Quelle: <a href=\"https:\/\/overshoot.footprintnetwork.org\/newsroom\/country-overshoot-days\">https:\/\/overshoot.footprintnetwork.org\/newsroom\/country-overshoot-days<\/a><\/p>\n\n<p><strong>#MoveTheDate\u00a0<\/strong><\/p>\n\n<p>Unser Planet ist zwar endlich, aber die menschlichen M\u00f6glichkeiten sind es nicht. Der Wandel zu einer nachhaltigen, kohlenstoffneutralen Welt wird gelingen, wenn wir die gr\u00f6\u00dften St\u00e4rken der Menschheit nutzen: Weitsicht, Innovation und F\u00fcrsorge f\u00fcreinander. Die gute Nachricht ist, dass dieser Wandel nicht nur technologisch m\u00f6glich, sondern auch wirtschaftlich vorteilhaft ist und unsere beste Chance auf eine prosperierende Zukunft darstellt.\u00a0<\/p>\n\n<p>Das Global Footprint Network konzentriert sich deshalb auf die Macht der M\u00f6glichkeiten: Sie haben f\u00fcnf Schl\u00fcsselbereiche (gesunder Planet, St\u00e4dte, Energie, Nahrungsmittel und Bev\u00f6lkerung) identifiziert, die unsere langfristigen Trends am st\u00e4rksten bestimmen und die alle durch unsere individuellen und kollektiven Entscheidungen gepr\u00e4gt sind. Die vielen bestehenden L\u00f6sungen sind auf der Website vom Footprint Network zu finden und zeigen, dass es M\u00f6glichkeiten gibt, die in gro\u00dfem Ma\u00dfstab eingesetzt werden k\u00f6nnen und die immense Kraft haben, den Earth Overshoot Day zu verschieben #MoveTheDate.\u00a0\u00a0<\/p>\n\n<figure class=\"wp-block-image size-large\"><img decoding=\"async\" width=\"1024\" height=\"748\" src=\"https:\/\/www.protect-the-planet.de\/wp-content\/uploads\/2025\/06\/Earth-over-shoot-day-1024x748.jpg\" alt=\"Earth overshot day&#10;\" class=\"wp-image-30784\" srcset=\"https:\/\/www.protect-the-planet.de\/wp-content\/uploads\/2025\/06\/Earth-over-shoot-day-1024x748.jpg 1024w, https:\/\/www.protect-the-planet.de\/wp-content\/uploads\/2025\/06\/Earth-over-shoot-day-300x219.jpg 300w, https:\/\/www.protect-the-planet.de\/wp-content\/uploads\/2025\/06\/Earth-over-shoot-day-768x561.jpg 768w, https:\/\/www.protect-the-planet.de\/wp-content\/uploads\/2025\/06\/Earth-over-shoot-day.jpg 1396w\" sizes=\"(max-width: 1024px) 100vw, 1024px\" \/><\/figure>\n\n<p><\/p>\n","protected":false},"excerpt":{"rendered":"<p>Der\u00a0Weltumwelttag\u00a0erinnert an den Start der UN-Umweltkonferenz am 5. Juni 1972 in Stockholm. Seither nutzen \u00fcber 150 L\u00e4nder diesen Tag, um Umweltbewusstsein zu st\u00e4rken und zivilgesellschaftliches Engagement sichtbar zu machen. Auch in Deutschland finden jedes Jahr zahlreiche Aktionen statt, um konkrete L\u00f6sungen f\u00fcr die \u00f6kologischen Herausforderungen unserer Zeit zu f\u00f6rdern. Der Weltumwelttag ist mehr als ein [&hellip;]<\/p>\n","protected":false},"author":10,"featured_media":30787,"comment_status":"closed","ping_status":"closed","sticky":false,"template":"","format":"standard","meta":{"footnotes":""},"categories":[729],"tags":[826,710,921,1551],"class_list":["post-30911","post","type-post","status-publish","format-standard","has-post-thumbnail","hentry","category-news","tag-klimaneutralitaet-en","tag-klimaschutz-en","tag-nachhaltigkeit-en","tag-weltumwelttag-en"],"yoast_head":"<!-- This site is optimized with the Yoast SEO plugin v27.5 - https:\/\/yoast.com\/product\/yoast-seo-wordpress\/ -->\n<title>Weltumwelttag 2025 - Protect the Planet NOW - Protect the Planet<\/title>\n<meta name=\"description\" content=\"Der Weltumwelttag ist mehr als ein symbolischer Anlass \u2013 er ist ein Weckruf f\u00fcr Politik, Wirtschaft und jeden Einzelnen.\" \/>\n<meta name=\"robots\" content=\"index, follow, max-snippet:-1, max-image-preview:large, max-video-preview:-1\" \/>\n<link rel=\"canonical\" href=\"https:\/\/www.protect-the-planet.de\/en\/weltumwelttag-2025-protect-the-planet-now\/\" \/>\n<meta property=\"og:locale\" content=\"en_US\" \/>\n<meta property=\"og:type\" content=\"article\" \/>\n<meta property=\"og:title\" content=\"Weltumwelttag 2025 - Protect the Planet NOW - Protect the Planet\" \/>\n<meta property=\"og:description\" content=\"Der Weltumwelttag ist mehr als ein symbolischer Anlass \u2013 er ist ein Weckruf f\u00fcr Politik, Wirtschaft und jeden Einzelnen.\" \/>\n<meta property=\"og:url\" content=\"https:\/\/www.protect-the-planet.de\/en\/weltumwelttag-2025-protect-the-planet-now\/\" \/>\n<meta property=\"og:site_name\" content=\"Protect the Planet\" \/>\n<meta property=\"article:publisher\" content=\"https:\/\/www.facebook.com\/protecttheplanetDE\/\" \/>\n<meta property=\"article:published_time\" content=\"2025-06-05T08:33:16+00:00\" \/>\n<meta property=\"article:modified_time\" content=\"2025-07-28T09:49:08+00:00\" \/>\n<meta property=\"og:image\" content=\"https:\/\/www.protect-the-planet.de\/wp-content\/uploads\/2025\/06\/Weltumwelttag.jpg\" \/>\n\t<meta property=\"og:image:width\" content=\"900\" \/>\n\t<meta property=\"og:image:height\" content=\"550\" \/>\n\t<meta property=\"og:image:type\" content=\"image\/jpeg\" \/>\n<meta name=\"author\" content=\"Marlene Schorr\" \/>\n<meta name=\"twitter:card\" content=\"summary_large_image\" \/>\n<meta name=\"twitter:creator\" content=\"@PtP_de\" \/>\n<meta name=\"twitter:site\" content=\"@PtP_de\" \/>\n<meta name=\"twitter:label1\" content=\"Written by\" \/>\n\t<meta name=\"twitter:data1\" content=\"Marlene Schorr\" \/>\n\t<meta name=\"twitter:label2\" content=\"Est. reading time\" \/>\n\t<meta name=\"twitter:data2\" content=\"4 minutes\" \/>\n<script type=\"application\/ld+json\" class=\"yoast-schema-graph\">{\"@context\":\"https:\\\/\\\/schema.org\",\"@graph\":[{\"@type\":\"Article\",\"@id\":\"https:\\\/\\\/www.protect-the-planet.de\\\/en\\\/weltumwelttag-2025-protect-the-planet-now\\\/#article\",\"isPartOf\":{\"@id\":\"https:\\\/\\\/www.protect-the-planet.de\\\/en\\\/weltumwelttag-2025-protect-the-planet-now\\\/\"},\"author\":{\"name\":\"Marlene Schorr\",\"@id\":\"https:\\\/\\\/www.protect-the-planet.de\\\/en\\\/#\\\/schema\\\/person\\\/c5f68fff219fefde61da571621343455\"},\"headline\":\"Weltumwelttag 2025 &#8211; Protect the Planet NOW\",\"datePublished\":\"2025-06-05T08:33:16+00:00\",\"dateModified\":\"2025-07-28T09:49:08+00:00\",\"mainEntityOfPage\":{\"@id\":\"https:\\\/\\\/www.protect-the-planet.de\\\/en\\\/weltumwelttag-2025-protect-the-planet-now\\\/\"},\"wordCount\":543,\"publisher\":{\"@id\":\"https:\\\/\\\/www.protect-the-planet.de\\\/en\\\/#organization\"},\"image\":{\"@id\":\"https:\\\/\\\/www.protect-the-planet.de\\\/en\\\/weltumwelttag-2025-protect-the-planet-now\\\/#primaryimage\"},\"thumbnailUrl\":\"https:\\\/\\\/www.protect-the-planet.de\\\/wp-content\\\/uploads\\\/2025\\\/06\\\/Weltumwelttag.jpg\",\"keywords\":[\"Klimaneutralit\u00e4t\",\"Klimaschutz\",\"Nachhaltigkeit\",\"Weltumwelttag\"],\"articleSection\":[\"News\"],\"inLanguage\":\"en-US\"},{\"@type\":\"WebPage\",\"@id\":\"https:\\\/\\\/www.protect-the-planet.de\\\/en\\\/weltumwelttag-2025-protect-the-planet-now\\\/\",\"url\":\"https:\\\/\\\/www.protect-the-planet.de\\\/en\\\/weltumwelttag-2025-protect-the-planet-now\\\/\",\"name\":\"Weltumwelttag 2025 - Protect the Planet NOW - Protect the Planet\",\"isPartOf\":{\"@id\":\"https:\\\/\\\/www.protect-the-planet.de\\\/en\\\/#website\"},\"primaryImageOfPage\":{\"@id\":\"https:\\\/\\\/www.protect-the-planet.de\\\/en\\\/weltumwelttag-2025-protect-the-planet-now\\\/#primaryimage\"},\"image\":{\"@id\":\"https:\\\/\\\/www.protect-the-planet.de\\\/en\\\/weltumwelttag-2025-protect-the-planet-now\\\/#primaryimage\"},\"thumbnailUrl\":\"https:\\\/\\\/www.protect-the-planet.de\\\/wp-content\\\/uploads\\\/2025\\\/06\\\/Weltumwelttag.jpg\",\"datePublished\":\"2025-06-05T08:33:16+00:00\",\"dateModified\":\"2025-07-28T09:49:08+00:00\",\"description\":\"Der Weltumwelttag ist mehr als ein symbolischer Anlass \u2013 er ist ein Weckruf f\u00fcr Politik, Wirtschaft und jeden Einzelnen.\",\"breadcrumb\":{\"@id\":\"https:\\\/\\\/www.protect-the-planet.de\\\/en\\\/weltumwelttag-2025-protect-the-planet-now\\\/#breadcrumb\"},\"inLanguage\":\"en-US\",\"potentialAction\":[{\"@type\":\"ReadAction\",\"target\":[\"https:\\\/\\\/www.protect-the-planet.de\\\/en\\\/weltumwelttag-2025-protect-the-planet-now\\\/\"]}]},{\"@type\":\"ImageObject\",\"inLanguage\":\"en-US\",\"@id\":\"https:\\\/\\\/www.protect-the-planet.de\\\/en\\\/weltumwelttag-2025-protect-the-planet-now\\\/#primaryimage\",\"url\":\"https:\\\/\\\/www.protect-the-planet.de\\\/wp-content\\\/uploads\\\/2025\\\/06\\\/Weltumwelttag.jpg\",\"contentUrl\":\"https:\\\/\\\/www.protect-the-planet.de\\\/wp-content\\\/uploads\\\/2025\\\/06\\\/Weltumwelttag.jpg\",\"width\":900,\"height\":550},{\"@type\":\"BreadcrumbList\",\"@id\":\"https:\\\/\\\/www.protect-the-planet.de\\\/en\\\/weltumwelttag-2025-protect-the-planet-now\\\/#breadcrumb\",\"itemListElement\":[{\"@type\":\"ListItem\",\"position\":1,\"name\":\"Startseite\",\"item\":\"https:\\\/\\\/www.protect-the-planet.de\\\/en\\\/home\\\/\"},{\"@type\":\"ListItem\",\"position\":2,\"name\":\"Weltumwelttag 2025 &#8211; Protect the Planet NOW\"}]},{\"@type\":\"WebSite\",\"@id\":\"https:\\\/\\\/www.protect-the-planet.de\\\/en\\\/#website\",\"url\":\"https:\\\/\\\/www.protect-the-planet.de\\\/en\\\/\",\"name\":\"Protect the Planet\",\"description\":\"If we don&#039;t change, the climate will.\",\"publisher\":{\"@id\":\"https:\\\/\\\/www.protect-the-planet.de\\\/en\\\/#organization\"},\"alternateName\":\"Protect the Panet gGmbH\",\"potentialAction\":[{\"@type\":\"SearchAction\",\"target\":{\"@type\":\"EntryPoint\",\"urlTemplate\":\"https:\\\/\\\/www.protect-the-planet.de\\\/en\\\/?s={search_term_string}\"},\"query-input\":{\"@type\":\"PropertyValueSpecification\",\"valueRequired\":true,\"valueName\":\"search_term_string\"}}],\"inLanguage\":\"en-US\"},{\"@type\":\"Organization\",\"@id\":\"https:\\\/\\\/www.protect-the-planet.de\\\/en\\\/#organization\",\"name\":\"Protect the Planet\",\"url\":\"https:\\\/\\\/www.protect-the-planet.de\\\/en\\\/\",\"logo\":{\"@type\":\"ImageObject\",\"inLanguage\":\"en-US\",\"@id\":\"https:\\\/\\\/www.protect-the-planet.de\\\/en\\\/#\\\/schema\\\/logo\\\/image\\\/\",\"url\":\"https:\\\/\\\/www.protect-the-planet.de\\\/wp-content\\\/uploads\\\/2023\\\/09\\\/LOGO-positiv_transparent-klein.png\",\"contentUrl\":\"https:\\\/\\\/www.protect-the-planet.de\\\/wp-content\\\/uploads\\\/2023\\\/09\\\/LOGO-positiv_transparent-klein.png\",\"width\":123,\"height\":68,\"caption\":\"Protect the Planet\"},\"image\":{\"@id\":\"https:\\\/\\\/www.protect-the-planet.de\\\/en\\\/#\\\/schema\\\/logo\\\/image\\\/\"},\"sameAs\":[\"https:\\\/\\\/www.facebook.com\\\/protecttheplanetDE\\\/\",\"https:\\\/\\\/x.com\\\/PtP_de\",\"https:\\\/\\\/www.instagram.com\\\/protecttheplanetorg\\\/\",\"https:\\\/\\\/www.linkedin.com\\\/company\\\/protect-the-planet\",\"https:\\\/\\\/www.youtube.com\\\/@protecttheplanet\"]},{\"@type\":\"Person\",\"@id\":\"https:\\\/\\\/www.protect-the-planet.de\\\/en\\\/#\\\/schema\\\/person\\\/c5f68fff219fefde61da571621343455\",\"name\":\"Marlene Schorr\",\"image\":{\"@type\":\"ImageObject\",\"inLanguage\":\"en-US\",\"@id\":\"https:\\\/\\\/secure.gravatar.com\\\/avatar\\\/78d101b05e6da18a98f007d6ad5f076a6c8fc0dcc2e943f6e304d20caf0c1806?s=96&d=mm&r=g\",\"url\":\"https:\\\/\\\/secure.gravatar.com\\\/avatar\\\/78d101b05e6da18a98f007d6ad5f076a6c8fc0dcc2e943f6e304d20caf0c1806?s=96&d=mm&r=g\",\"contentUrl\":\"https:\\\/\\\/secure.gravatar.com\\\/avatar\\\/78d101b05e6da18a98f007d6ad5f076a6c8fc0dcc2e943f6e304d20caf0c1806?s=96&d=mm&r=g\",\"caption\":\"Marlene Schorr\"},\"url\":\"https:\\\/\\\/www.protect-the-planet.de\\\/en\\\/author\\\/marlene-schorr\\\/\"}]}<\/script>\n<!-- \/ Yoast SEO plugin. -->","yoast_head_json":{"title":"Weltumwelttag 2025 - Protect the Planet NOW - Protect the Planet","description":"Der Weltumwelttag ist mehr als ein symbolischer Anlass \u2013 er ist ein Weckruf f\u00fcr Politik, Wirtschaft und jeden Einzelnen.","robots":{"index":"index","follow":"follow","max-snippet":"max-snippet:-1","max-image-preview":"max-image-preview:large","max-video-preview":"max-video-preview:-1"},"canonical":"https:\/\/www.protect-the-planet.de\/en\/weltumwelttag-2025-protect-the-planet-now\/","og_locale":"en_US","og_type":"article","og_title":"Weltumwelttag 2025 - Protect the Planet NOW - Protect the Planet","og_description":"Der Weltumwelttag ist mehr als ein symbolischer Anlass \u2013 er ist ein Weckruf f\u00fcr Politik, Wirtschaft und jeden Einzelnen.","og_url":"https:\/\/www.protect-the-planet.de\/en\/weltumwelttag-2025-protect-the-planet-now\/","og_site_name":"Protect the Planet","article_publisher":"https:\/\/www.facebook.com\/protecttheplanetDE\/","article_published_time":"2025-06-05T08:33:16+00:00","article_modified_time":"2025-07-28T09:49:08+00:00","og_image":[{"width":900,"height":550,"url":"https:\/\/www.protect-the-planet.de\/wp-content\/uploads\/2025\/06\/Weltumwelttag.jpg","type":"image\/jpeg"}],"author":"Marlene Schorr","twitter_card":"summary_large_image","twitter_creator":"@PtP_de","twitter_site":"@PtP_de","twitter_misc":{"Written by":"Marlene Schorr","Est. reading time":"4 minutes"},"schema":{"@context":"https:\/\/schema.org","@graph":[{"@type":"Article","@id":"https:\/\/www.protect-the-planet.de\/en\/weltumwelttag-2025-protect-the-planet-now\/#article","isPartOf":{"@id":"https:\/\/www.protect-the-planet.de\/en\/weltumwelttag-2025-protect-the-planet-now\/"},"author":{"name":"Marlene Schorr","@id":"https:\/\/www.protect-the-planet.de\/en\/#\/schema\/person\/c5f68fff219fefde61da571621343455"},"headline":"Weltumwelttag 2025 &#8211; Protect the Planet NOW","datePublished":"2025-06-05T08:33:16+00:00","dateModified":"2025-07-28T09:49:08+00:00","mainEntityOfPage":{"@id":"https:\/\/www.protect-the-planet.de\/en\/weltumwelttag-2025-protect-the-planet-now\/"},"wordCount":543,"publisher":{"@id":"https:\/\/www.protect-the-planet.de\/en\/#organization"},"image":{"@id":"https:\/\/www.protect-the-planet.de\/en\/weltumwelttag-2025-protect-the-planet-now\/#primaryimage"},"thumbnailUrl":"https:\/\/www.protect-the-planet.de\/wp-content\/uploads\/2025\/06\/Weltumwelttag.jpg","keywords":["Klimaneutralit\u00e4t","Klimaschutz","Nachhaltigkeit","Weltumwelttag"],"articleSection":["News"],"inLanguage":"en-US"},{"@type":"WebPage","@id":"https:\/\/www.protect-the-planet.de\/en\/weltumwelttag-2025-protect-the-planet-now\/","url":"https:\/\/www.protect-the-planet.de\/en\/weltumwelttag-2025-protect-the-planet-now\/","name":"Weltumwelttag 2025 - Protect the Planet NOW - Protect the Planet","isPartOf":{"@id":"https:\/\/www.protect-the-planet.de\/en\/#website"},"primaryImageOfPage":{"@id":"https:\/\/www.protect-the-planet.de\/en\/weltumwelttag-2025-protect-the-planet-now\/#primaryimage"},"image":{"@id":"https:\/\/www.protect-the-planet.de\/en\/weltumwelttag-2025-protect-the-planet-now\/#primaryimage"},"thumbnailUrl":"https:\/\/www.protect-the-planet.de\/wp-content\/uploads\/2025\/06\/Weltumwelttag.jpg","datePublished":"2025-06-05T08:33:16+00:00","dateModified":"2025-07-28T09:49:08+00:00","description":"Der Weltumwelttag ist mehr als ein symbolischer Anlass \u2013 er ist ein Weckruf f\u00fcr Politik, Wirtschaft und jeden Einzelnen.","breadcrumb":{"@id":"https:\/\/www.protect-the-planet.de\/en\/weltumwelttag-2025-protect-the-planet-now\/#breadcrumb"},"inLanguage":"en-US","potentialAction":[{"@type":"ReadAction","target":["https:\/\/www.protect-the-planet.de\/en\/weltumwelttag-2025-protect-the-planet-now\/"]}]},{"@type":"ImageObject","inLanguage":"en-US","@id":"https:\/\/www.protect-the-planet.de\/en\/weltumwelttag-2025-protect-the-planet-now\/#primaryimage","url":"https:\/\/www.protect-the-planet.de\/wp-content\/uploads\/2025\/06\/Weltumwelttag.jpg","contentUrl":"https:\/\/www.protect-the-planet.de\/wp-content\/uploads\/2025\/06\/Weltumwelttag.jpg","width":900,"height":550},{"@type":"BreadcrumbList","@id":"https:\/\/www.protect-the-planet.de\/en\/weltumwelttag-2025-protect-the-planet-now\/#breadcrumb","itemListElement":[{"@type":"ListItem","position":1,"name":"Startseite","item":"https:\/\/www.protect-the-planet.de\/en\/home\/"},{"@type":"ListItem","position":2,"name":"Weltumwelttag 2025 &#8211; Protect the Planet NOW"}]},{"@type":"WebSite","@id":"https:\/\/www.protect-the-planet.de\/en\/#website","url":"https:\/\/www.protect-the-planet.de\/en\/","name":"Protect the Planet","description":"If we don&#039;t change, the climate will.","publisher":{"@id":"https:\/\/www.protect-the-planet.de\/en\/#organization"},"alternateName":"Protect the Panet gGmbH","potentialAction":[{"@type":"SearchAction","target":{"@type":"EntryPoint","urlTemplate":"https:\/\/www.protect-the-planet.de\/en\/?s={search_term_string}"},"query-input":{"@type":"PropertyValueSpecification","valueRequired":true,"valueName":"search_term_string"}}],"inLanguage":"en-US"},{"@type":"Organization","@id":"https:\/\/www.protect-the-planet.de\/en\/#organization","name":"Protect the Planet","url":"https:\/\/www.protect-the-planet.de\/en\/","logo":{"@type":"ImageObject","inLanguage":"en-US","@id":"https:\/\/www.protect-the-planet.de\/en\/#\/schema\/logo\/image\/","url":"https:\/\/www.protect-the-planet.de\/wp-content\/uploads\/2023\/09\/LOGO-positiv_transparent-klein.png","contentUrl":"https:\/\/www.protect-the-planet.de\/wp-content\/uploads\/2023\/09\/LOGO-positiv_transparent-klein.png","width":123,"height":68,"caption":"Protect the Planet"},"image":{"@id":"https:\/\/www.protect-the-planet.de\/en\/#\/schema\/logo\/image\/"},"sameAs":["https:\/\/www.facebook.com\/protecttheplanetDE\/","https:\/\/x.com\/PtP_de","https:\/\/www.instagram.com\/protecttheplanetorg\/","https:\/\/www.linkedin.com\/company\/protect-the-planet","https:\/\/www.youtube.com\/@protecttheplanet"]},{"@type":"Person","@id":"https:\/\/www.protect-the-planet.de\/en\/#\/schema\/person\/c5f68fff219fefde61da571621343455","name":"Marlene Schorr","image":{"@type":"ImageObject","inLanguage":"en-US","@id":"https:\/\/secure.gravatar.com\/avatar\/78d101b05e6da18a98f007d6ad5f076a6c8fc0dcc2e943f6e304d20caf0c1806?s=96&d=mm&r=g","url":"https:\/\/secure.gravatar.com\/avatar\/78d101b05e6da18a98f007d6ad5f076a6c8fc0dcc2e943f6e304d20caf0c1806?s=96&d=mm&r=g","contentUrl":"https:\/\/secure.gravatar.com\/avatar\/78d101b05e6da18a98f007d6ad5f076a6c8fc0dcc2e943f6e304d20caf0c1806?s=96&d=mm&r=g","caption":"Marlene Schorr"},"url":"https:\/\/www.protect-the-planet.de\/en\/author\/marlene-schorr\/"}]}},"_links":{"self":[{"href":"https:\/\/www.protect-the-planet.de\/en\/wp-json\/wp\/v2\/posts\/30911","targetHints":{"allow":["GET"]}}],"collection":[{"href":"https:\/\/www.protect-the-planet.de\/en\/wp-json\/wp\/v2\/posts"}],"about":[{"href":"https:\/\/www.protect-the-planet.de\/en\/wp-json\/wp\/v2\/types\/post"}],"author":[{"embeddable":true,"href":"https:\/\/www.protect-the-planet.de\/en\/wp-json\/wp\/v2\/users\/10"}],"replies":[{"embeddable":true,"href":"https:\/\/www.protect-the-planet.de\/en\/wp-json\/wp\/v2\/comments?post=30911"}],"version-history":[{"count":2,"href":"https:\/\/www.protect-the-planet.de\/en\/wp-json\/wp\/v2\/posts\/30911\/revisions"}],"predecessor-version":[{"id":31952,"href":"https:\/\/www.protect-the-planet.de\/en\/wp-json\/wp\/v2\/posts\/30911\/revisions\/31952"}],"wp:featuredmedia":[{"embeddable":true,"href":"https:\/\/www.protect-the-planet.de\/en\/wp-json\/wp\/v2\/media\/30787"}],"wp:attachment":[{"href":"https:\/\/www.protect-the-planet.de\/en\/wp-json\/wp\/v2\/media?parent=30911"}],"wp:term":[{"taxonomy":"category","embeddable":true,"href":"https:\/\/www.protect-the-planet.de\/en\/wp-json\/wp\/v2\/categories?post=30911"},{"taxonomy":"post_tag","embeddable":true,"href":"https:\/\/www.protect-the-planet.de\/en\/wp-json\/wp\/v2\/tags?post=30911"}],"curies":[{"name":"wp","href":"https:\/\/api.w.org\/{rel}","templated":true}]}}