{"id":30908,"date":"2025-06-05T12:43:22","date_gmt":"2025-06-05T10:43:22","guid":{"rendered":"https:\/\/www.protect-the-planet.de\/monitoring-bestaetigt-windraeder-ungefaehrlich-gegenueber-greifvoegeln\/"},"modified":"2025-06-15T16:50:31","modified_gmt":"2025-06-15T14:50:31","slug":"monitoring-bestaetigt-windraeder-ungefaehrlich-gegenueber-greifvoegeln","status":"publish","type":"post","link":"https:\/\/www.protect-the-planet.de\/en\/monitoring-bestaetigt-windraeder-ungefaehrlich-gegenueber-greifvoegeln\/","title":{"rendered":"Monitoring best\u00e4tigt: WindR\u00e4der ungef\u00e4hrlich gegen\u00fcber Greifv\u00f6geln"},"content":{"rendered":"\n<p><\/p>\n\n\n\n<p>Das von Protect the Planet ins Leben gerufene B\u00fcndnis <a href=\"https:\/\/www.google.com\/url?sa=t&amp;source=web&amp;rct=j&amp;opi=89978449&amp;url=https:\/\/wind-rat.de\/&amp;ved=2ahUKEwiayYu4i9qNAxVY_7sIHc7qHC0QFnoECBkQAQ&amp;usg=AOvVaw3WInXAFT_9_AV8vFs16StX\">WindRat<\/a> hat es sich zum Ziel gemacht, den Windausbau in Deutschland massiv voranzutreiben \u2013 gemeinsam mit Umweltorganisationen, Energie- und Klimaschutzagenturen der Bundesl\u00e4nder, Wirtschaftsunternehmen, Verb\u00e4nden sowie Vereinen.<\/p>\n\n\n\n<p>Als unabh\u00e4ngiges und \u00fcberparteiliches Netzwerk verschiedenster Akteure aus unterschiedlichen Ebenen (z.B. Energie- und Klimaschutzagenturen der L\u00e4nder, Unternehmen, B\u00fcrgerenergienetzwerke, Vereine, Verb\u00e4nde, NGOs u.a.) wird durch Information und Kommunikation Wissen zum Thema Windenergie vermittelt. Au\u00dferdem werden durch gemeinsame Aktivit\u00e4ten und best-practice-Methoden im Rahmen vielf\u00e4ltiger Bildungs- und Beteiligungsformate Akteure vor Ort zur Umsetzung von Windenergie-Projekten inspiriert, ermutigt und tatkr\u00e4ftig unterst\u00fctzt. Das tr\u00e4gt zur Versachlichung und Verst\u00e4ndigung bei und st\u00e4rkt die Akzeptanz nachhaltig. Auf der <a href=\"https:\/\/www.google.com\/url?sa=t&amp;source=web&amp;rct=j&amp;opi=89978449&amp;url=https:\/\/wind-rat.de\/&amp;ved=2ahUKEwiayYu4i9qNAxVY_7sIHc7qHC0QFnoECBkQAQ&amp;usg=AOvVaw3WInXAFT_9_AV8vFs16StX\">Website<\/a> erfahren Sie aktuelle Neuigkeiten. Im Folgenden lesen Sie eine davon:<\/p>\n\n\n\n<h2 class=\"wp-block-heading\"><strong>Windenergie und Artenschutz \u2013 ein vermeintlicher Widerspruch?<\/strong><\/h2>\n\n\n\n<p>Nicht in Fuchstal! Ein Monitoringprojekt in Oberbayern liefert starke Fakten gegen pauschale Vorw\u00fcrfe. Bei neuen Windkraftprojekten sind Sorgen um den Vogelschutz ein h\u00e4ufig vorgebrachtes Argument \u2013 besonders der Rotmilan steht dabei oft im Fokus. Von Windkraftgegnern ist nicht selten die Rede von einem massenhaften \u201eVogelsterben\u201c durch Rotoren. Doch aktuelle Daten aus Bayern zeigen: Windenergie und Greifvogelschutz schlie\u00dfen sich nicht aus.<\/p>\n\n\n\n<p>Im oberbayerischen Windpark Fuchstal wurde ein&nbsp;<a href=\"https:\/\/www.e3-identiflight.de\/erstes-identiflight-system-an-einem-waldstandort\/\">umfangreiches Monitoring<\/a>&nbsp;durchgef\u00fchrt, das neue Ma\u00dfst\u00e4be f\u00fcr die Bewertung von Windkraftstandorten setzen k\u00f6nnte.<\/p>\n\n\n\n<h3 class=\"wp-block-heading\"><strong>Monitoring mit Hightech: Keine Kollisionen nachgewiesen<\/strong><\/h3>\n\n\n\n<p><a href=\"https:\/\/energiewinde.orsted.de\/trends-technik\/windenergie-artenschutz-voegel-konflikte-loesung-hightech-fuer-den-rotmilan\">Ein Monitoring im Windpark Fuchstal<\/a>&nbsp;im oberbayerischen Landkreis Landsberg am Lech hat eindeutig bewiesen: Die Windr\u00e4der haben in der Laufzeit des Monitorings, das vom bayerischen Umweltministerium in der Laufzeit von 2020-2026 wissenschaftlich begleitet wurde kein einziger Rotmilan get\u00f6tet.<\/p>\n\n\n\n<p>Zwischen den sieben Windkraftanlagen wurden daf\u00fcr 2 T\u00fcrme mit Kameras installiert, die das Flugverhalten der Greifv\u00f6gel dokumentiert haben. H\u00e4tten die Sensoren erkannt, dass ein Vogel direkt auf die Rotoren zufliegt, w\u00e4ren die Anlagen automatisch gestoppt worden. Doch das war in der bisherigen Laufzeit nicht notwendig. Die \u00dcberwachung wird noch bis 2026 fortgesetzt.<\/p>\n\n\n\n<h3 class=\"wp-block-heading\"><strong>Mehr Betriebszeit \u2013 mehr Nutzen f\u00fcr die Kommune<\/strong><\/h3>\n\n\n\n<p>Ein weiterer Effekt des erfolgreichen Monitorings:&nbsp;In Fuchstal m\u00fcssen die Anlagen aufgrund der Ergebnisse des Monitorings nun zwischen Mitte M\u00e4rz und Mitte August nicht mehr abgeschaltet werden. Das war bisher eine Auflage der Beh\u00f6rden.<\/p>\n\n\n\n<p>F\u00fcr die Gemeinde Fuchstal bedeutet das mehr Stromertrag und damit auch&nbsp;mehr Einnahmen f\u00fcr lokale Projekte (z.B. Anschaffung, Feuerwehrfahrzeuge, Anlage von Kinderspielpl\u00e4tzen etc.) Lt. Aussage des bayerischen Umweltministeriums ist damit auch die Sorge um Greifv\u00f6gel an vergleichbaren Windrad-Standorten entkr\u00e4ftet. Pauschale Behauptungen \u00fcber \u201eVogelmord\u201c durch Windr\u00e4der halten einem Faktencheck nicht stand.<\/p>\n\n\n\n<p>Weitere Informationen zum naturvertr\u00e4glichen Ausbau der Windenergie finden Sie auf&nbsp;<a href=\"http:\/\/wind-rat.de\/\">wind-rat.de<\/a>.<\/p>\n","protected":false},"excerpt":{"rendered":"<p>Das von Protect the Planet ins Leben gerufene B\u00fcndnis WindRat hat es sich zum Ziel gemacht, den Windausbau in Deutschland massiv voranzutreiben \u2013 gemeinsam mit Umweltorganisationen, Energie- und Klimaschutzagenturen der Bundesl\u00e4nder, Wirtschaftsunternehmen, Verb\u00e4nden sowie Vereinen. Als unabh\u00e4ngiges und \u00fcberparteiliches Netzwerk verschiedenster Akteure aus unterschiedlichen Ebenen (z.B. Energie- und Klimaschutzagenturen der L\u00e4nder, Unternehmen, B\u00fcrgerenergienetzwerke, Vereine, Verb\u00e4nde, [&hellip;]<\/p>\n","protected":false},"author":10,"featured_media":30792,"comment_status":"closed","ping_status":"closed","sticky":false,"template":"","format":"standard","meta":{"footnotes":""},"categories":[729],"tags":[1550,1083,754,779],"class_list":["post-30908","post","type-post","status-publish","format-standard","has-post-thumbnail","hentry","category-news","tag-artenschutz-en","tag-naturschutz-en","tag-windenergie-en","tag-windrat-en"],"yoast_head":"<!-- This site is optimized with the Yoast SEO plugin v27.5 - https:\/\/yoast.com\/product\/yoast-seo-wordpress\/ -->\n<title>Monitoring best\u00e4tigt: WindR\u00e4der ungef\u00e4hrlich gegen\u00fcber Greifv\u00f6geln - Protect the Planet<\/title>\n<meta name=\"description\" content=\"Windenergie und Artenschutz \u2013 ein Widerspruch? Nicht in Fuchstal! Ein Monitoringprojekt in Oberbayern liefert Fakten gegen pauschale Vorw\u00fcrfe.\" \/>\n<meta name=\"robots\" content=\"index, follow, max-snippet:-1, max-image-preview:large, max-video-preview:-1\" \/>\n<link rel=\"canonical\" href=\"https:\/\/www.protect-the-planet.de\/en\/monitoring-bestaetigt-windraeder-ungefaehrlich-gegenueber-greifvoegeln\/\" \/>\n<meta property=\"og:locale\" content=\"en_US\" \/>\n<meta property=\"og:type\" content=\"article\" \/>\n<meta property=\"og:title\" content=\"Monitoring best\u00e4tigt: WindR\u00e4der ungef\u00e4hrlich gegen\u00fcber Greifv\u00f6geln - Protect the Planet\" \/>\n<meta property=\"og:description\" content=\"Windenergie und Artenschutz \u2013 ein Widerspruch? Nicht in Fuchstal! Ein Monitoringprojekt in Oberbayern liefert Fakten gegen pauschale Vorw\u00fcrfe.\" \/>\n<meta property=\"og:url\" content=\"https:\/\/www.protect-the-planet.de\/en\/monitoring-bestaetigt-windraeder-ungefaehrlich-gegenueber-greifvoegeln\/\" \/>\n<meta property=\"og:site_name\" content=\"Protect the Planet\" \/>\n<meta property=\"article:publisher\" content=\"https:\/\/www.facebook.com\/protecttheplanetDE\/\" \/>\n<meta property=\"article:published_time\" content=\"2025-06-05T10:43:22+00:00\" \/>\n<meta property=\"article:modified_time\" content=\"2025-06-15T14:50:31+00:00\" \/>\n<meta property=\"og:image\" content=\"https:\/\/www.protect-the-planet.de\/wp-content\/uploads\/2025\/06\/Workshop-fuer-bundesweite-Leitlinien-2.jpg\" \/>\n\t<meta property=\"og:image:width\" content=\"1640\" \/>\n\t<meta property=\"og:image:height\" content=\"924\" \/>\n\t<meta property=\"og:image:type\" content=\"image\/jpeg\" \/>\n<meta name=\"author\" content=\"Marlene Schorr\" \/>\n<meta name=\"twitter:card\" content=\"summary_large_image\" \/>\n<meta name=\"twitter:creator\" content=\"@PtP_de\" \/>\n<meta name=\"twitter:site\" content=\"@PtP_de\" \/>\n<meta name=\"twitter:label1\" content=\"Written by\" \/>\n\t<meta name=\"twitter:data1\" content=\"Marlene Schorr\" \/>\n\t<meta name=\"twitter:label2\" content=\"Est. reading time\" \/>\n\t<meta name=\"twitter:data2\" content=\"3 minutes\" \/>\n<script type=\"application\/ld+json\" class=\"yoast-schema-graph\">{\"@context\":\"https:\\\/\\\/schema.org\",\"@graph\":[{\"@type\":\"Article\",\"@id\":\"https:\\\/\\\/www.protect-the-planet.de\\\/en\\\/monitoring-bestaetigt-windraeder-ungefaehrlich-gegenueber-greifvoegeln\\\/#article\",\"isPartOf\":{\"@id\":\"https:\\\/\\\/www.protect-the-planet.de\\\/en\\\/monitoring-bestaetigt-windraeder-ungefaehrlich-gegenueber-greifvoegeln\\\/\"},\"author\":{\"name\":\"Marlene Schorr\",\"@id\":\"https:\\\/\\\/www.protect-the-planet.de\\\/en\\\/#\\\/schema\\\/person\\\/c5f68fff219fefde61da571621343455\"},\"headline\":\"Monitoring best\u00e4tigt: WindR\u00e4der ungef\u00e4hrlich gegen\u00fcber Greifv\u00f6geln\",\"datePublished\":\"2025-06-05T10:43:22+00:00\",\"dateModified\":\"2025-06-15T14:50:31+00:00\",\"mainEntityOfPage\":{\"@id\":\"https:\\\/\\\/www.protect-the-planet.de\\\/en\\\/monitoring-bestaetigt-windraeder-ungefaehrlich-gegenueber-greifvoegeln\\\/\"},\"wordCount\":458,\"publisher\":{\"@id\":\"https:\\\/\\\/www.protect-the-planet.de\\\/en\\\/#organization\"},\"image\":{\"@id\":\"https:\\\/\\\/www.protect-the-planet.de\\\/en\\\/monitoring-bestaetigt-windraeder-ungefaehrlich-gegenueber-greifvoegeln\\\/#primaryimage\"},\"thumbnailUrl\":\"https:\\\/\\\/www.protect-the-planet.de\\\/wp-content\\\/uploads\\\/2025\\\/06\\\/Workshop-fuer-bundesweite-Leitlinien-2.jpg\",\"keywords\":[\"Artenschutz\",\"Naturschutz\",\"Windenergie\",\"WindRat\"],\"articleSection\":[\"News\"],\"inLanguage\":\"en-US\"},{\"@type\":\"WebPage\",\"@id\":\"https:\\\/\\\/www.protect-the-planet.de\\\/en\\\/monitoring-bestaetigt-windraeder-ungefaehrlich-gegenueber-greifvoegeln\\\/\",\"url\":\"https:\\\/\\\/www.protect-the-planet.de\\\/en\\\/monitoring-bestaetigt-windraeder-ungefaehrlich-gegenueber-greifvoegeln\\\/\",\"name\":\"Monitoring best\u00e4tigt: WindR\u00e4der ungef\u00e4hrlich gegen\u00fcber Greifv\u00f6geln - Protect the Planet\",\"isPartOf\":{\"@id\":\"https:\\\/\\\/www.protect-the-planet.de\\\/en\\\/#website\"},\"primaryImageOfPage\":{\"@id\":\"https:\\\/\\\/www.protect-the-planet.de\\\/en\\\/monitoring-bestaetigt-windraeder-ungefaehrlich-gegenueber-greifvoegeln\\\/#primaryimage\"},\"image\":{\"@id\":\"https:\\\/\\\/www.protect-the-planet.de\\\/en\\\/monitoring-bestaetigt-windraeder-ungefaehrlich-gegenueber-greifvoegeln\\\/#primaryimage\"},\"thumbnailUrl\":\"https:\\\/\\\/www.protect-the-planet.de\\\/wp-content\\\/uploads\\\/2025\\\/06\\\/Workshop-fuer-bundesweite-Leitlinien-2.jpg\",\"datePublished\":\"2025-06-05T10:43:22+00:00\",\"dateModified\":\"2025-06-15T14:50:31+00:00\",\"description\":\"Windenergie und Artenschutz \u2013 ein Widerspruch? Nicht in Fuchstal! Ein Monitoringprojekt in Oberbayern liefert Fakten gegen pauschale Vorw\u00fcrfe.\",\"breadcrumb\":{\"@id\":\"https:\\\/\\\/www.protect-the-planet.de\\\/en\\\/monitoring-bestaetigt-windraeder-ungefaehrlich-gegenueber-greifvoegeln\\\/#breadcrumb\"},\"inLanguage\":\"en-US\",\"potentialAction\":[{\"@type\":\"ReadAction\",\"target\":[\"https:\\\/\\\/www.protect-the-planet.de\\\/en\\\/monitoring-bestaetigt-windraeder-ungefaehrlich-gegenueber-greifvoegeln\\\/\"]}]},{\"@type\":\"ImageObject\",\"inLanguage\":\"en-US\",\"@id\":\"https:\\\/\\\/www.protect-the-planet.de\\\/en\\\/monitoring-bestaetigt-windraeder-ungefaehrlich-gegenueber-greifvoegeln\\\/#primaryimage\",\"url\":\"https:\\\/\\\/www.protect-the-planet.de\\\/wp-content\\\/uploads\\\/2025\\\/06\\\/Workshop-fuer-bundesweite-Leitlinien-2.jpg\",\"contentUrl\":\"https:\\\/\\\/www.protect-the-planet.de\\\/wp-content\\\/uploads\\\/2025\\\/06\\\/Workshop-fuer-bundesweite-Leitlinien-2.jpg\",\"width\":1640,\"height\":924,\"caption\":\"Artenschutz\"},{\"@type\":\"BreadcrumbList\",\"@id\":\"https:\\\/\\\/www.protect-the-planet.de\\\/en\\\/monitoring-bestaetigt-windraeder-ungefaehrlich-gegenueber-greifvoegeln\\\/#breadcrumb\",\"itemListElement\":[{\"@type\":\"ListItem\",\"position\":1,\"name\":\"Startseite\",\"item\":\"https:\\\/\\\/www.protect-the-planet.de\\\/en\\\/home\\\/\"},{\"@type\":\"ListItem\",\"position\":2,\"name\":\"Monitoring best\u00e4tigt: WindR\u00e4der ungef\u00e4hrlich gegen\u00fcber Greifv\u00f6geln\"}]},{\"@type\":\"WebSite\",\"@id\":\"https:\\\/\\\/www.protect-the-planet.de\\\/en\\\/#website\",\"url\":\"https:\\\/\\\/www.protect-the-planet.de\\\/en\\\/\",\"name\":\"Protect the Planet\",\"description\":\"If we don&#039;t change, the climate will.\",\"publisher\":{\"@id\":\"https:\\\/\\\/www.protect-the-planet.de\\\/en\\\/#organization\"},\"alternateName\":\"Protect the Panet gGmbH\",\"potentialAction\":[{\"@type\":\"SearchAction\",\"target\":{\"@type\":\"EntryPoint\",\"urlTemplate\":\"https:\\\/\\\/www.protect-the-planet.de\\\/en\\\/?s={search_term_string}\"},\"query-input\":{\"@type\":\"PropertyValueSpecification\",\"valueRequired\":true,\"valueName\":\"search_term_string\"}}],\"inLanguage\":\"en-US\"},{\"@type\":\"Organization\",\"@id\":\"https:\\\/\\\/www.protect-the-planet.de\\\/en\\\/#organization\",\"name\":\"Protect the Planet\",\"url\":\"https:\\\/\\\/www.protect-the-planet.de\\\/en\\\/\",\"logo\":{\"@type\":\"ImageObject\",\"inLanguage\":\"en-US\",\"@id\":\"https:\\\/\\\/www.protect-the-planet.de\\\/en\\\/#\\\/schema\\\/logo\\\/image\\\/\",\"url\":\"https:\\\/\\\/www.protect-the-planet.de\\\/wp-content\\\/uploads\\\/2023\\\/09\\\/LOGO-positiv_transparent-klein.png\",\"contentUrl\":\"https:\\\/\\\/www.protect-the-planet.de\\\/wp-content\\\/uploads\\\/2023\\\/09\\\/LOGO-positiv_transparent-klein.png\",\"width\":123,\"height\":68,\"caption\":\"Protect the Planet\"},\"image\":{\"@id\":\"https:\\\/\\\/www.protect-the-planet.de\\\/en\\\/#\\\/schema\\\/logo\\\/image\\\/\"},\"sameAs\":[\"https:\\\/\\\/www.facebook.com\\\/protecttheplanetDE\\\/\",\"https:\\\/\\\/x.com\\\/PtP_de\",\"https:\\\/\\\/www.instagram.com\\\/protecttheplanetorg\\\/\",\"https:\\\/\\\/www.linkedin.com\\\/company\\\/protect-the-planet\",\"https:\\\/\\\/www.youtube.com\\\/@protecttheplanet\"]},{\"@type\":\"Person\",\"@id\":\"https:\\\/\\\/www.protect-the-planet.de\\\/en\\\/#\\\/schema\\\/person\\\/c5f68fff219fefde61da571621343455\",\"name\":\"Marlene Schorr\",\"image\":{\"@type\":\"ImageObject\",\"inLanguage\":\"en-US\",\"@id\":\"https:\\\/\\\/secure.gravatar.com\\\/avatar\\\/78d101b05e6da18a98f007d6ad5f076a6c8fc0dcc2e943f6e304d20caf0c1806?s=96&d=mm&r=g\",\"url\":\"https:\\\/\\\/secure.gravatar.com\\\/avatar\\\/78d101b05e6da18a98f007d6ad5f076a6c8fc0dcc2e943f6e304d20caf0c1806?s=96&d=mm&r=g\",\"contentUrl\":\"https:\\\/\\\/secure.gravatar.com\\\/avatar\\\/78d101b05e6da18a98f007d6ad5f076a6c8fc0dcc2e943f6e304d20caf0c1806?s=96&d=mm&r=g\",\"caption\":\"Marlene Schorr\"},\"url\":\"https:\\\/\\\/www.protect-the-planet.de\\\/en\\\/author\\\/marlene-schorr\\\/\"}]}<\/script>\n<!-- \/ Yoast SEO plugin. -->","yoast_head_json":{"title":"Monitoring best\u00e4tigt: WindR\u00e4der ungef\u00e4hrlich gegen\u00fcber Greifv\u00f6geln - Protect the Planet","description":"Windenergie und Artenschutz \u2013 ein Widerspruch? Nicht in Fuchstal! Ein Monitoringprojekt in Oberbayern liefert Fakten gegen pauschale Vorw\u00fcrfe.","robots":{"index":"index","follow":"follow","max-snippet":"max-snippet:-1","max-image-preview":"max-image-preview:large","max-video-preview":"max-video-preview:-1"},"canonical":"https:\/\/www.protect-the-planet.de\/en\/monitoring-bestaetigt-windraeder-ungefaehrlich-gegenueber-greifvoegeln\/","og_locale":"en_US","og_type":"article","og_title":"Monitoring best\u00e4tigt: WindR\u00e4der ungef\u00e4hrlich gegen\u00fcber Greifv\u00f6geln - Protect the Planet","og_description":"Windenergie und Artenschutz \u2013 ein Widerspruch? Nicht in Fuchstal! Ein Monitoringprojekt in Oberbayern liefert Fakten gegen pauschale Vorw\u00fcrfe.","og_url":"https:\/\/www.protect-the-planet.de\/en\/monitoring-bestaetigt-windraeder-ungefaehrlich-gegenueber-greifvoegeln\/","og_site_name":"Protect the Planet","article_publisher":"https:\/\/www.facebook.com\/protecttheplanetDE\/","article_published_time":"2025-06-05T10:43:22+00:00","article_modified_time":"2025-06-15T14:50:31+00:00","og_image":[{"width":1640,"height":924,"url":"https:\/\/www.protect-the-planet.de\/wp-content\/uploads\/2025\/06\/Workshop-fuer-bundesweite-Leitlinien-2.jpg","type":"image\/jpeg"}],"author":"Marlene Schorr","twitter_card":"summary_large_image","twitter_creator":"@PtP_de","twitter_site":"@PtP_de","twitter_misc":{"Written by":"Marlene Schorr","Est. reading time":"3 minutes"},"schema":{"@context":"https:\/\/schema.org","@graph":[{"@type":"Article","@id":"https:\/\/www.protect-the-planet.de\/en\/monitoring-bestaetigt-windraeder-ungefaehrlich-gegenueber-greifvoegeln\/#article","isPartOf":{"@id":"https:\/\/www.protect-the-planet.de\/en\/monitoring-bestaetigt-windraeder-ungefaehrlich-gegenueber-greifvoegeln\/"},"author":{"name":"Marlene Schorr","@id":"https:\/\/www.protect-the-planet.de\/en\/#\/schema\/person\/c5f68fff219fefde61da571621343455"},"headline":"Monitoring best\u00e4tigt: WindR\u00e4der ungef\u00e4hrlich gegen\u00fcber Greifv\u00f6geln","datePublished":"2025-06-05T10:43:22+00:00","dateModified":"2025-06-15T14:50:31+00:00","mainEntityOfPage":{"@id":"https:\/\/www.protect-the-planet.de\/en\/monitoring-bestaetigt-windraeder-ungefaehrlich-gegenueber-greifvoegeln\/"},"wordCount":458,"publisher":{"@id":"https:\/\/www.protect-the-planet.de\/en\/#organization"},"image":{"@id":"https:\/\/www.protect-the-planet.de\/en\/monitoring-bestaetigt-windraeder-ungefaehrlich-gegenueber-greifvoegeln\/#primaryimage"},"thumbnailUrl":"https:\/\/www.protect-the-planet.de\/wp-content\/uploads\/2025\/06\/Workshop-fuer-bundesweite-Leitlinien-2.jpg","keywords":["Artenschutz","Naturschutz","Windenergie","WindRat"],"articleSection":["News"],"inLanguage":"en-US"},{"@type":"WebPage","@id":"https:\/\/www.protect-the-planet.de\/en\/monitoring-bestaetigt-windraeder-ungefaehrlich-gegenueber-greifvoegeln\/","url":"https:\/\/www.protect-the-planet.de\/en\/monitoring-bestaetigt-windraeder-ungefaehrlich-gegenueber-greifvoegeln\/","name":"Monitoring best\u00e4tigt: WindR\u00e4der ungef\u00e4hrlich gegen\u00fcber Greifv\u00f6geln - Protect the Planet","isPartOf":{"@id":"https:\/\/www.protect-the-planet.de\/en\/#website"},"primaryImageOfPage":{"@id":"https:\/\/www.protect-the-planet.de\/en\/monitoring-bestaetigt-windraeder-ungefaehrlich-gegenueber-greifvoegeln\/#primaryimage"},"image":{"@id":"https:\/\/www.protect-the-planet.de\/en\/monitoring-bestaetigt-windraeder-ungefaehrlich-gegenueber-greifvoegeln\/#primaryimage"},"thumbnailUrl":"https:\/\/www.protect-the-planet.de\/wp-content\/uploads\/2025\/06\/Workshop-fuer-bundesweite-Leitlinien-2.jpg","datePublished":"2025-06-05T10:43:22+00:00","dateModified":"2025-06-15T14:50:31+00:00","description":"Windenergie und Artenschutz \u2013 ein Widerspruch? Nicht in Fuchstal! Ein Monitoringprojekt in Oberbayern liefert Fakten gegen pauschale Vorw\u00fcrfe.","breadcrumb":{"@id":"https:\/\/www.protect-the-planet.de\/en\/monitoring-bestaetigt-windraeder-ungefaehrlich-gegenueber-greifvoegeln\/#breadcrumb"},"inLanguage":"en-US","potentialAction":[{"@type":"ReadAction","target":["https:\/\/www.protect-the-planet.de\/en\/monitoring-bestaetigt-windraeder-ungefaehrlich-gegenueber-greifvoegeln\/"]}]},{"@type":"ImageObject","inLanguage":"en-US","@id":"https:\/\/www.protect-the-planet.de\/en\/monitoring-bestaetigt-windraeder-ungefaehrlich-gegenueber-greifvoegeln\/#primaryimage","url":"https:\/\/www.protect-the-planet.de\/wp-content\/uploads\/2025\/06\/Workshop-fuer-bundesweite-Leitlinien-2.jpg","contentUrl":"https:\/\/www.protect-the-planet.de\/wp-content\/uploads\/2025\/06\/Workshop-fuer-bundesweite-Leitlinien-2.jpg","width":1640,"height":924,"caption":"Artenschutz"},{"@type":"BreadcrumbList","@id":"https:\/\/www.protect-the-planet.de\/en\/monitoring-bestaetigt-windraeder-ungefaehrlich-gegenueber-greifvoegeln\/#breadcrumb","itemListElement":[{"@type":"ListItem","position":1,"name":"Startseite","item":"https:\/\/www.protect-the-planet.de\/en\/home\/"},{"@type":"ListItem","position":2,"name":"Monitoring best\u00e4tigt: WindR\u00e4der ungef\u00e4hrlich gegen\u00fcber Greifv\u00f6geln"}]},{"@type":"WebSite","@id":"https:\/\/www.protect-the-planet.de\/en\/#website","url":"https:\/\/www.protect-the-planet.de\/en\/","name":"Protect the Planet","description":"If we don&#039;t change, the climate will.","publisher":{"@id":"https:\/\/www.protect-the-planet.de\/en\/#organization"},"alternateName":"Protect the Panet gGmbH","potentialAction":[{"@type":"SearchAction","target":{"@type":"EntryPoint","urlTemplate":"https:\/\/www.protect-the-planet.de\/en\/?s={search_term_string}"},"query-input":{"@type":"PropertyValueSpecification","valueRequired":true,"valueName":"search_term_string"}}],"inLanguage":"en-US"},{"@type":"Organization","@id":"https:\/\/www.protect-the-planet.de\/en\/#organization","name":"Protect the Planet","url":"https:\/\/www.protect-the-planet.de\/en\/","logo":{"@type":"ImageObject","inLanguage":"en-US","@id":"https:\/\/www.protect-the-planet.de\/en\/#\/schema\/logo\/image\/","url":"https:\/\/www.protect-the-planet.de\/wp-content\/uploads\/2023\/09\/LOGO-positiv_transparent-klein.png","contentUrl":"https:\/\/www.protect-the-planet.de\/wp-content\/uploads\/2023\/09\/LOGO-positiv_transparent-klein.png","width":123,"height":68,"caption":"Protect the Planet"},"image":{"@id":"https:\/\/www.protect-the-planet.de\/en\/#\/schema\/logo\/image\/"},"sameAs":["https:\/\/www.facebook.com\/protecttheplanetDE\/","https:\/\/x.com\/PtP_de","https:\/\/www.instagram.com\/protecttheplanetorg\/","https:\/\/www.linkedin.com\/company\/protect-the-planet","https:\/\/www.youtube.com\/@protecttheplanet"]},{"@type":"Person","@id":"https:\/\/www.protect-the-planet.de\/en\/#\/schema\/person\/c5f68fff219fefde61da571621343455","name":"Marlene Schorr","image":{"@type":"ImageObject","inLanguage":"en-US","@id":"https:\/\/secure.gravatar.com\/avatar\/78d101b05e6da18a98f007d6ad5f076a6c8fc0dcc2e943f6e304d20caf0c1806?s=96&d=mm&r=g","url":"https:\/\/secure.gravatar.com\/avatar\/78d101b05e6da18a98f007d6ad5f076a6c8fc0dcc2e943f6e304d20caf0c1806?s=96&d=mm&r=g","contentUrl":"https:\/\/secure.gravatar.com\/avatar\/78d101b05e6da18a98f007d6ad5f076a6c8fc0dcc2e943f6e304d20caf0c1806?s=96&d=mm&r=g","caption":"Marlene Schorr"},"url":"https:\/\/www.protect-the-planet.de\/en\/author\/marlene-schorr\/"}]}},"_links":{"self":[{"href":"https:\/\/www.protect-the-planet.de\/en\/wp-json\/wp\/v2\/posts\/30908","targetHints":{"allow":["GET"]}}],"collection":[{"href":"https:\/\/www.protect-the-planet.de\/en\/wp-json\/wp\/v2\/posts"}],"about":[{"href":"https:\/\/www.protect-the-planet.de\/en\/wp-json\/wp\/v2\/types\/post"}],"author":[{"embeddable":true,"href":"https:\/\/www.protect-the-planet.de\/en\/wp-json\/wp\/v2\/users\/10"}],"replies":[{"embeddable":true,"href":"https:\/\/www.protect-the-planet.de\/en\/wp-json\/wp\/v2\/comments?post=30908"}],"version-history":[{"count":1,"href":"https:\/\/www.protect-the-planet.de\/en\/wp-json\/wp\/v2\/posts\/30908\/revisions"}],"predecessor-version":[{"id":30910,"href":"https:\/\/www.protect-the-planet.de\/en\/wp-json\/wp\/v2\/posts\/30908\/revisions\/30910"}],"wp:featuredmedia":[{"embeddable":true,"href":"https:\/\/www.protect-the-planet.de\/en\/wp-json\/wp\/v2\/media\/30792"}],"wp:attachment":[{"href":"https:\/\/www.protect-the-planet.de\/en\/wp-json\/wp\/v2\/media?parent=30908"}],"wp:term":[{"taxonomy":"category","embeddable":true,"href":"https:\/\/www.protect-the-planet.de\/en\/wp-json\/wp\/v2\/categories?post=30908"},{"taxonomy":"post_tag","embeddable":true,"href":"https:\/\/www.protect-the-planet.de\/en\/wp-json\/wp\/v2\/tags?post=30908"}],"curies":[{"name":"wp","href":"https:\/\/api.w.org\/{rel}","templated":true}]}}