{"id":30077,"date":"2025-04-22T17:20:32","date_gmt":"2025-04-22T15:20:32","guid":{"rendered":"https:\/\/www.protect-the-planet.de\/tag-der-erde-2025-du-machst-den-unterschied-2\/"},"modified":"2025-04-22T17:27:35","modified_gmt":"2025-04-22T15:27:35","slug":"tag-der-erde-2025-du-machst-den-unterschied","status":"publish","type":"post","link":"https:\/\/www.protect-the-planet.de\/en\/tag-der-erde-2025-du-machst-den-unterschied\/","title":{"rendered":"Tag der Erde 2025: Du machst den Unterschied!"},"content":{"rendered":"\n<p>Mit dem 22. April 2025 liegt der Tag der Erde in diesem Jahr genau richtig: Kurz nach Ostern sind wir alle gest\u00e4rkt, entspannt und voller \u00f6sterlicher Hoffnung. Welche Voraussetzungen k\u00f6nnten besser sein, um sich intensiv mit dem diesj\u00e4hrigen Motto des Earth Days zu besch\u00e4ftigen? Der Fokus liegt 2025 n\u00e4mlich auf dem Beitrag, den jede und jeder einzelne mit seinem Konsumverhalten leisten kann:<\/p>\n\n\n\n<blockquote class=\"wp-block-quote is-layout-flow wp-block-quote-is-layout-flow\">\n<p><strong>Das Motto des Tag der Erde 2025: Du machst den Unterschied. Ver\u00e4nderung beginnt mit Engagement: Sei DU Teil der Ver\u00e4nderung!<\/strong> <\/p>\n<\/blockquote>\n\n\n\n<h2 class=\"wp-block-heading\">Unser Konsum: Der Schl\u00fcssel zum Klimaschutz?<\/h2>\n\n\n\n<p>Welchen Unterschied k\u00f6nnen wir machen mit unserem Konsumverhalten?<\/p>\n\n\n\n<p>Fakt ist: Die G20-Staaten, zu denen auch Deutschland geh\u00f6rt, verursachten im Jahr 2023 83 % der globalen fossilen CO<sub>2<\/sub>-Emissionen (<a href=\"https:\/\/www.destatis.de\/DE\/Themen\/Laender-Regionen\/Internationales\/Thema\/umwelt-energie\/umwelt\/_inhalt.html\">Statist. Bundesamt<\/a>). In Deutschland beispielsweise emittiert jede Person pro Kopf im Schnitt ca. 10 Tonnen CO2 pro Jahr, knapp ein Drittel davon geht auf Ern\u00e4hrung und Mobilit\u00e4t zur\u00fcck (<a href=\"https:\/\/www.umweltbundesamt.de\/themen\/landwirtschaft\/landwirtschaft-umweltfreundlich-gestalten\/fragen-antworten-zu-tierhaltung-ernaehrung#Frage2_1\">Umweltbundesamt<\/a>). Diese Emissionen k\u00f6nnen wir beeinflussen, mit jeder kleinen Entscheidung jeden Tag. <\/p>\n\n\n\n<p>Fakt ist jedoch auch, dass 57 Gro\u00dfkonzerne f\u00fcr 80 % aller CO2-Emissionen weltweit verantwortlich sind (<a href=\"https:\/\/kontrast.at\/konzerne-co2-klima\/\">Kontrast.at<\/a>). Wie sehr der europ\u00e4ische CO2-Preis steigt und wie hoch damit der Anreiz f\u00fcr die Industrie ist, endlich klimafreundlicher zu produzieren \u2013 oder wie hoch der Anreiz f\u00fcr namhafte deutsche Autokonzerne ist, endlich bezahlbare E-Fahrzeuge auf den Markt zu bringen \u2013 das entscheiden nicht die Verbraucher*innen, sondern die gew\u00e4hlten Parlamente. <\/p>\n\n\n\n<p>Mindestens genauso wichtig wie unser Konsumverhalten ist, wie wir uns politisch engagieren!<\/p>\n\n\n\n<h2 class=\"wp-block-heading\">Tag der Erde: Einmischen und laut werden!<\/h2>\n\n\n\n<p>Als Konsument*innen haben wir alle gemeinsam eine gro\u00dfe Macht. Wie stark zum Beispiel die Angebote an Bioprodukten in Superm\u00e4rkten zugenommen hat, belegt das anschaulich (<a href=\"https:\/\/de.statista.com\/statistik\/daten\/studie\/4109\/umfrage\/bio-lebensmittel-umsatz-zeitreihe\/#:~:text=Der%20Umsatz%20mit%20Bio%2DLebensmitteln,7%20Prozent%20gegen\u00fcber%20dem%20Vorjahr.\">Statista<\/a>). Ob es darum geht, Wasser zu sparen, den Energieverbrauch zu senken oder nachhaltige Produkte zu kaufen \u2013 jeder kleine Schritt z\u00e4hlt. <\/p>\n\n\n\n<p>Doch gerade in Zeiten, in denen in Deutschland, Europa und der Welt rechte Parteien und autokratische Systeme auf dem Vormarsch sind, k\u00f6nnen wir es uns nicht mehr leisten, uns nur darum zu k\u00fcmmern, ob wir den M\u00fcll richtig getrennt und einen reinen \u00d6kostromtarif gefunden haben. Denn:<\/p>\n\n\n\n<h3 class=\"wp-block-heading\">Politisches Engagement ist der Schl\u00fcssel zur Ver\u00e4nderung<\/h3>\n\n\n\n<p>Jetzt ist die Zeit, Haltung zu zeigen \u2013 bei der Wahl umweltfreundlicher Parteien, auf der n\u00e4chsten Klimademo oder im Gespr\u00e4ch mit Freund*innen, Nachbar*innen, Kolleg*innen. Wer kann, sollte auch Organisationen unterst\u00fctzen, die sich t\u00e4glich f\u00fcr konsequenten Klima- und Umweltschutz einsetzen \u2013 zum Beispiel durch eine Spende an NGOs wie\u00a0<a class=\"\" href=\"http:\/\/protect-the-planet.de\/spenden\/\">Protect the Planet<\/a>. Politisches Engagement hat die Kraft, systemische Ver\u00e4nderungen herbeizuf\u00fchren, die weit \u00fcber die individuellen Ma\u00dfnahmen hinausgehen. Denn nur gemeinsam als Gesellschaft k\u00f6nnen wir diese Jahrhundertaufgabe &#8220;Klimaschutz&#8221; angehen \u2013 nur gemeinsam k\u00f6nnen wir etwas bewirken.<\/p>\n\n\n\n<p><strong>Werde Teil der Ver\u00e4nderung<\/strong>\u00a0\u2013 nicht nur heute, sondern an jedem Tag im Jahr.<\/p>\n\n\n\n<figure class=\"wp-block-embed is-type-video is-provider-youtube wp-block-embed-youtube wp-embed-aspect-16-9 wp-has-aspect-ratio\"><div class=\"wp-block-embed__wrapper\">\n <div class=\"brlbs-cmpnt-container brlbs-cmpnt-content-blocker brlbs-cmpnt-with-individual-styles\" data-borlabs-cookie-content-blocker-id=\"youtube-content-blocker\" data-borlabs-cookie-content=\"PGlmcmFtZSB0aXRsZT0iQ2xpbWF0ZSBSZXZvbHV0aW9uIiB3aWR0aD0iODAwIiBoZWlnaHQ9IjQ1MCIgc3JjPSJodHRwczovL3d3dy55b3V0dWJlLW5vY29va2llLmNvbS9lbWJlZC9rRnowNXVXVW1vTT9mZWF0dXJlPW9lbWJlZCIgZnJhbWVib3JkZXI9IjAiIGFsbG93PSJhY2NlbGVyb21ldGVyOyBhdXRvcGxheTsgY2xpcGJvYXJkLXdyaXRlOyBlbmNyeXB0ZWQtbWVkaWE7IGd5cm9zY29wZTsgcGljdHVyZS1pbi1waWN0dXJlOyB3ZWItc2hhcmUiIHJlZmVycmVycG9saWN5PSJzdHJpY3Qtb3JpZ2luLXdoZW4tY3Jvc3Mtb3JpZ2luIiBhbGxvd2Z1bGxzY3JlZW4+PC9pZnJhbWU+\"><div class=\"brlbs-cmpnt-cb-preset-c brlbs-cmpnt-cb-youtube\"> <div class=\"brlbs-cmpnt-cb-thumbnail\" style=\"background-image: url('https:\/\/www.protect-the-planet.de\/wp-content\/uploads\/borlabs-cookie\/1\/yt_kFz05uWUmoM_hqdefault.jpg')\"><\/div> <div class=\"brlbs-cmpnt-cb-main\"> <div class=\"brlbs-cmpnt-cb-play-button\"><\/div> <div class=\"brlbs-cmpnt-cb-content\"> <p class=\"brlbs-cmpnt-cb-description\">You are currently viewing a placeholder content from <strong>YouTube<\/strong>. To access the actual content, click the button below. Please note that doing so will share data with third-party providers.<\/p> <a class=\"brlbs-cmpnt-cb-provider-toggle\" href=\"#\" data-borlabs-cookie-show-provider-information role=\"button\">More Information<\/a> <\/div> <div class=\"brlbs-cmpnt-cb-buttons\"> <a class=\"brlbs-cmpnt-cb-btn\" href=\"#\" data-borlabs-cookie-unblock role=\"button\">Unblock content<\/a> <a class=\"brlbs-cmpnt-cb-btn\" href=\"#\" data-borlabs-cookie-accept-service role=\"button\" style=\"display: inherit\">Accept required service and unblock content<\/a> <\/div> <\/div> <\/div><\/div>\n<\/div><\/figure>\n","protected":false},"excerpt":{"rendered":"<p>Mit dem 22. April 2025 liegt der Tag der Erde in diesem Jahr genau richtig: Kurz nach Ostern sind wir alle gest\u00e4rkt, entspannt und voller \u00f6sterlicher Hoffnung. Welche Voraussetzungen k\u00f6nnten besser sein, um sich intensiv mit dem diesj\u00e4hrigen Motto des Earth Days zu besch\u00e4ftigen? Der Fokus liegt 2025 n\u00e4mlich auf dem Beitrag, den jede und [&hellip;]<\/p>\n","protected":false},"author":6,"featured_media":30072,"comment_status":"closed","ping_status":"closed","sticky":false,"template":"","format":"standard","meta":{"footnotes":""},"categories":[729],"tags":[],"class_list":["post-30077","post","type-post","status-publish","format-standard","has-post-thumbnail","hentry","category-news"],"yoast_head":"<!-- This site is optimized with the Yoast SEO plugin v27.5 - https:\/\/yoast.com\/product\/yoast-seo-wordpress\/ -->\n<title>Tag der Erde 2025: Du machst den Unterschied! - Protect the Planet<\/title>\n<meta name=\"description\" content=\"Am Tag der Erde 2025 liegt der Fokus auf dem Beitrag, den jede und jeder einzelne zu mehr Umwelt- und Klimaschutz leisten kann.\" \/>\n<meta name=\"robots\" content=\"index, follow, max-snippet:-1, max-image-preview:large, max-video-preview:-1\" \/>\n<link rel=\"canonical\" href=\"https:\/\/www.protect-the-planet.de\/en\/tag-der-erde-2025-du-machst-den-unterschied\/\" \/>\n<meta property=\"og:locale\" content=\"en_US\" \/>\n<meta property=\"og:type\" content=\"article\" \/>\n<meta property=\"og:title\" content=\"Tag der Erde 2025: Du machst den Unterschied! - Protect the Planet\" \/>\n<meta property=\"og:description\" content=\"Am Tag der Erde 2025 liegt der Fokus auf dem Beitrag, den jede und jeder einzelne zu mehr Umwelt- und Klimaschutz leisten kann.\" \/>\n<meta property=\"og:url\" content=\"https:\/\/www.protect-the-planet.de\/en\/tag-der-erde-2025-du-machst-den-unterschied\/\" \/>\n<meta property=\"og:site_name\" content=\"Protect the Planet\" \/>\n<meta property=\"article:publisher\" content=\"https:\/\/www.facebook.com\/protecttheplanetDE\/\" \/>\n<meta property=\"article:published_time\" content=\"2025-04-22T15:20:32+00:00\" \/>\n<meta property=\"article:modified_time\" content=\"2025-04-22T15:27:35+00:00\" \/>\n<meta property=\"og:image\" content=\"https:\/\/www.protect-the-planet.de\/wp-content\/uploads\/2025\/04\/news_tagdererde2025_22042025.png\" \/>\n\t<meta property=\"og:image:width\" content=\"900\" \/>\n\t<meta property=\"og:image:height\" content=\"550\" \/>\n\t<meta property=\"og:image:type\" content=\"image\/png\" \/>\n<meta name=\"author\" content=\"Fenya Kirst\" \/>\n<meta name=\"twitter:card\" content=\"summary_large_image\" \/>\n<meta name=\"twitter:creator\" content=\"@PtP_de\" \/>\n<meta name=\"twitter:site\" content=\"@PtP_de\" \/>\n<meta name=\"twitter:label1\" content=\"Written by\" \/>\n\t<meta name=\"twitter:data1\" content=\"Fenya Kirst\" \/>\n\t<meta name=\"twitter:label2\" content=\"Est. reading time\" \/>\n\t<meta name=\"twitter:data2\" content=\"3 minutes\" \/>\n<script type=\"application\/ld+json\" class=\"yoast-schema-graph\">{\"@context\":\"https:\\\/\\\/schema.org\",\"@graph\":[{\"@type\":\"Article\",\"@id\":\"https:\\\/\\\/www.protect-the-planet.de\\\/en\\\/tag-der-erde-2025-du-machst-den-unterschied\\\/#article\",\"isPartOf\":{\"@id\":\"https:\\\/\\\/www.protect-the-planet.de\\\/en\\\/tag-der-erde-2025-du-machst-den-unterschied\\\/\"},\"author\":{\"name\":\"Fenya Kirst\",\"@id\":\"https:\\\/\\\/www.protect-the-planet.de\\\/en\\\/#\\\/schema\\\/person\\\/34a10854efaaf0bf11a3b6fbe966fcd0\"},\"headline\":\"Tag der Erde 2025: Du machst den Unterschied!\",\"datePublished\":\"2025-04-22T15:20:32+00:00\",\"dateModified\":\"2025-04-22T15:27:35+00:00\",\"mainEntityOfPage\":{\"@id\":\"https:\\\/\\\/www.protect-the-planet.de\\\/en\\\/tag-der-erde-2025-du-machst-den-unterschied\\\/\"},\"wordCount\":482,\"publisher\":{\"@id\":\"https:\\\/\\\/www.protect-the-planet.de\\\/en\\\/#organization\"},\"image\":{\"@id\":\"https:\\\/\\\/www.protect-the-planet.de\\\/en\\\/tag-der-erde-2025-du-machst-den-unterschied\\\/#primaryimage\"},\"thumbnailUrl\":\"https:\\\/\\\/www.protect-the-planet.de\\\/wp-content\\\/uploads\\\/2025\\\/04\\\/news_tagdererde2025_22042025.png\",\"articleSection\":[\"News\"],\"inLanguage\":\"en-US\"},{\"@type\":\"WebPage\",\"@id\":\"https:\\\/\\\/www.protect-the-planet.de\\\/en\\\/tag-der-erde-2025-du-machst-den-unterschied\\\/\",\"url\":\"https:\\\/\\\/www.protect-the-planet.de\\\/en\\\/tag-der-erde-2025-du-machst-den-unterschied\\\/\",\"name\":\"Tag der Erde 2025: Du machst den Unterschied! - Protect the Planet\",\"isPartOf\":{\"@id\":\"https:\\\/\\\/www.protect-the-planet.de\\\/en\\\/#website\"},\"primaryImageOfPage\":{\"@id\":\"https:\\\/\\\/www.protect-the-planet.de\\\/en\\\/tag-der-erde-2025-du-machst-den-unterschied\\\/#primaryimage\"},\"image\":{\"@id\":\"https:\\\/\\\/www.protect-the-planet.de\\\/en\\\/tag-der-erde-2025-du-machst-den-unterschied\\\/#primaryimage\"},\"thumbnailUrl\":\"https:\\\/\\\/www.protect-the-planet.de\\\/wp-content\\\/uploads\\\/2025\\\/04\\\/news_tagdererde2025_22042025.png\",\"datePublished\":\"2025-04-22T15:20:32+00:00\",\"dateModified\":\"2025-04-22T15:27:35+00:00\",\"description\":\"Am Tag der Erde 2025 liegt der Fokus auf dem Beitrag, den jede und jeder einzelne zu mehr Umwelt- und Klimaschutz leisten kann.\",\"breadcrumb\":{\"@id\":\"https:\\\/\\\/www.protect-the-planet.de\\\/en\\\/tag-der-erde-2025-du-machst-den-unterschied\\\/#breadcrumb\"},\"inLanguage\":\"en-US\",\"potentialAction\":[{\"@type\":\"ReadAction\",\"target\":[\"https:\\\/\\\/www.protect-the-planet.de\\\/en\\\/tag-der-erde-2025-du-machst-den-unterschied\\\/\"]}]},{\"@type\":\"ImageObject\",\"inLanguage\":\"en-US\",\"@id\":\"https:\\\/\\\/www.protect-the-planet.de\\\/en\\\/tag-der-erde-2025-du-machst-den-unterschied\\\/#primaryimage\",\"url\":\"https:\\\/\\\/www.protect-the-planet.de\\\/wp-content\\\/uploads\\\/2025\\\/04\\\/news_tagdererde2025_22042025.png\",\"contentUrl\":\"https:\\\/\\\/www.protect-the-planet.de\\\/wp-content\\\/uploads\\\/2025\\\/04\\\/news_tagdererde2025_22042025.png\",\"width\":900,\"height\":550,\"caption\":\"Man sieht eine Luftansicht des Planeten Erde aus dem Weltall, ein Ausschnitt mit Land und Wasser, in dem sich Sonnenstrahlen spiegeln. Text auf dem Bild: \\\"Tag der Erde 2025: DU machst den Unterschied!\\\"\"},{\"@type\":\"BreadcrumbList\",\"@id\":\"https:\\\/\\\/www.protect-the-planet.de\\\/en\\\/tag-der-erde-2025-du-machst-den-unterschied\\\/#breadcrumb\",\"itemListElement\":[{\"@type\":\"ListItem\",\"position\":1,\"name\":\"Startseite\",\"item\":\"https:\\\/\\\/www.protect-the-planet.de\\\/en\\\/home\\\/\"},{\"@type\":\"ListItem\",\"position\":2,\"name\":\"Tag der Erde 2025: Du machst den Unterschied!\"}]},{\"@type\":\"WebSite\",\"@id\":\"https:\\\/\\\/www.protect-the-planet.de\\\/en\\\/#website\",\"url\":\"https:\\\/\\\/www.protect-the-planet.de\\\/en\\\/\",\"name\":\"Protect the Planet\",\"description\":\"If we don&#039;t change, the climate will.\",\"publisher\":{\"@id\":\"https:\\\/\\\/www.protect-the-planet.de\\\/en\\\/#organization\"},\"alternateName\":\"Protect the Panet gGmbH\",\"potentialAction\":[{\"@type\":\"SearchAction\",\"target\":{\"@type\":\"EntryPoint\",\"urlTemplate\":\"https:\\\/\\\/www.protect-the-planet.de\\\/en\\\/?s={search_term_string}\"},\"query-input\":{\"@type\":\"PropertyValueSpecification\",\"valueRequired\":true,\"valueName\":\"search_term_string\"}}],\"inLanguage\":\"en-US\"},{\"@type\":\"Organization\",\"@id\":\"https:\\\/\\\/www.protect-the-planet.de\\\/en\\\/#organization\",\"name\":\"Protect the Planet\",\"url\":\"https:\\\/\\\/www.protect-the-planet.de\\\/en\\\/\",\"logo\":{\"@type\":\"ImageObject\",\"inLanguage\":\"en-US\",\"@id\":\"https:\\\/\\\/www.protect-the-planet.de\\\/en\\\/#\\\/schema\\\/logo\\\/image\\\/\",\"url\":\"https:\\\/\\\/www.protect-the-planet.de\\\/wp-content\\\/uploads\\\/2023\\\/09\\\/LOGO-positiv_transparent-klein.png\",\"contentUrl\":\"https:\\\/\\\/www.protect-the-planet.de\\\/wp-content\\\/uploads\\\/2023\\\/09\\\/LOGO-positiv_transparent-klein.png\",\"width\":123,\"height\":68,\"caption\":\"Protect the Planet\"},\"image\":{\"@id\":\"https:\\\/\\\/www.protect-the-planet.de\\\/en\\\/#\\\/schema\\\/logo\\\/image\\\/\"},\"sameAs\":[\"https:\\\/\\\/www.facebook.com\\\/protecttheplanetDE\\\/\",\"https:\\\/\\\/x.com\\\/PtP_de\",\"https:\\\/\\\/www.instagram.com\\\/protecttheplanetorg\\\/\",\"https:\\\/\\\/www.linkedin.com\\\/company\\\/protect-the-planet\",\"https:\\\/\\\/www.youtube.com\\\/@protecttheplanet\"]},{\"@type\":\"Person\",\"@id\":\"https:\\\/\\\/www.protect-the-planet.de\\\/en\\\/#\\\/schema\\\/person\\\/34a10854efaaf0bf11a3b6fbe966fcd0\",\"name\":\"Fenya Kirst\",\"image\":{\"@type\":\"ImageObject\",\"inLanguage\":\"en-US\",\"@id\":\"https:\\\/\\\/www.protect-the-planet.de\\\/wp-content\\\/uploads\\\/2024\\\/03\\\/cropped-2310_ProtectThePlanet_Portraet-Fenya-quadr-scaled-1-96x96.jpg\",\"url\":\"https:\\\/\\\/www.protect-the-planet.de\\\/wp-content\\\/uploads\\\/2024\\\/03\\\/cropped-2310_ProtectThePlanet_Portraet-Fenya-quadr-scaled-1-96x96.jpg\",\"contentUrl\":\"https:\\\/\\\/www.protect-the-planet.de\\\/wp-content\\\/uploads\\\/2024\\\/03\\\/cropped-2310_ProtectThePlanet_Portraet-Fenya-quadr-scaled-1-96x96.jpg\",\"caption\":\"Fenya Kirst\"},\"description\":\"fenya.kirst@protect-the-planet.de +49 162 9085805\",\"url\":\"https:\\\/\\\/www.protect-the-planet.de\\\/en\\\/author\\\/fenya-kirst\\\/\"}]}<\/script>\n<!-- \/ Yoast SEO plugin. -->","yoast_head_json":{"title":"Tag der Erde 2025: Du machst den Unterschied! - Protect the Planet","description":"Am Tag der Erde 2025 liegt der Fokus auf dem Beitrag, den jede und jeder einzelne zu mehr Umwelt- und Klimaschutz leisten kann.","robots":{"index":"index","follow":"follow","max-snippet":"max-snippet:-1","max-image-preview":"max-image-preview:large","max-video-preview":"max-video-preview:-1"},"canonical":"https:\/\/www.protect-the-planet.de\/en\/tag-der-erde-2025-du-machst-den-unterschied\/","og_locale":"en_US","og_type":"article","og_title":"Tag der Erde 2025: Du machst den Unterschied! - Protect the Planet","og_description":"Am Tag der Erde 2025 liegt der Fokus auf dem Beitrag, den jede und jeder einzelne zu mehr Umwelt- und Klimaschutz leisten kann.","og_url":"https:\/\/www.protect-the-planet.de\/en\/tag-der-erde-2025-du-machst-den-unterschied\/","og_site_name":"Protect the Planet","article_publisher":"https:\/\/www.facebook.com\/protecttheplanetDE\/","article_published_time":"2025-04-22T15:20:32+00:00","article_modified_time":"2025-04-22T15:27:35+00:00","og_image":[{"width":900,"height":550,"url":"https:\/\/www.protect-the-planet.de\/wp-content\/uploads\/2025\/04\/news_tagdererde2025_22042025.png","type":"image\/png"}],"author":"Fenya Kirst","twitter_card":"summary_large_image","twitter_creator":"@PtP_de","twitter_site":"@PtP_de","twitter_misc":{"Written by":"Fenya Kirst","Est. reading time":"3 minutes"},"schema":{"@context":"https:\/\/schema.org","@graph":[{"@type":"Article","@id":"https:\/\/www.protect-the-planet.de\/en\/tag-der-erde-2025-du-machst-den-unterschied\/#article","isPartOf":{"@id":"https:\/\/www.protect-the-planet.de\/en\/tag-der-erde-2025-du-machst-den-unterschied\/"},"author":{"name":"Fenya Kirst","@id":"https:\/\/www.protect-the-planet.de\/en\/#\/schema\/person\/34a10854efaaf0bf11a3b6fbe966fcd0"},"headline":"Tag der Erde 2025: Du machst den Unterschied!","datePublished":"2025-04-22T15:20:32+00:00","dateModified":"2025-04-22T15:27:35+00:00","mainEntityOfPage":{"@id":"https:\/\/www.protect-the-planet.de\/en\/tag-der-erde-2025-du-machst-den-unterschied\/"},"wordCount":482,"publisher":{"@id":"https:\/\/www.protect-the-planet.de\/en\/#organization"},"image":{"@id":"https:\/\/www.protect-the-planet.de\/en\/tag-der-erde-2025-du-machst-den-unterschied\/#primaryimage"},"thumbnailUrl":"https:\/\/www.protect-the-planet.de\/wp-content\/uploads\/2025\/04\/news_tagdererde2025_22042025.png","articleSection":["News"],"inLanguage":"en-US"},{"@type":"WebPage","@id":"https:\/\/www.protect-the-planet.de\/en\/tag-der-erde-2025-du-machst-den-unterschied\/","url":"https:\/\/www.protect-the-planet.de\/en\/tag-der-erde-2025-du-machst-den-unterschied\/","name":"Tag der Erde 2025: Du machst den Unterschied! - Protect the Planet","isPartOf":{"@id":"https:\/\/www.protect-the-planet.de\/en\/#website"},"primaryImageOfPage":{"@id":"https:\/\/www.protect-the-planet.de\/en\/tag-der-erde-2025-du-machst-den-unterschied\/#primaryimage"},"image":{"@id":"https:\/\/www.protect-the-planet.de\/en\/tag-der-erde-2025-du-machst-den-unterschied\/#primaryimage"},"thumbnailUrl":"https:\/\/www.protect-the-planet.de\/wp-content\/uploads\/2025\/04\/news_tagdererde2025_22042025.png","datePublished":"2025-04-22T15:20:32+00:00","dateModified":"2025-04-22T15:27:35+00:00","description":"Am Tag der Erde 2025 liegt der Fokus auf dem Beitrag, den jede und jeder einzelne zu mehr Umwelt- und Klimaschutz leisten kann.","breadcrumb":{"@id":"https:\/\/www.protect-the-planet.de\/en\/tag-der-erde-2025-du-machst-den-unterschied\/#breadcrumb"},"inLanguage":"en-US","potentialAction":[{"@type":"ReadAction","target":["https:\/\/www.protect-the-planet.de\/en\/tag-der-erde-2025-du-machst-den-unterschied\/"]}]},{"@type":"ImageObject","inLanguage":"en-US","@id":"https:\/\/www.protect-the-planet.de\/en\/tag-der-erde-2025-du-machst-den-unterschied\/#primaryimage","url":"https:\/\/www.protect-the-planet.de\/wp-content\/uploads\/2025\/04\/news_tagdererde2025_22042025.png","contentUrl":"https:\/\/www.protect-the-planet.de\/wp-content\/uploads\/2025\/04\/news_tagdererde2025_22042025.png","width":900,"height":550,"caption":"Man sieht eine Luftansicht des Planeten Erde aus dem Weltall, ein Ausschnitt mit Land und Wasser, in dem sich Sonnenstrahlen spiegeln. Text auf dem Bild: \"Tag der Erde 2025: DU machst den Unterschied!\""},{"@type":"BreadcrumbList","@id":"https:\/\/www.protect-the-planet.de\/en\/tag-der-erde-2025-du-machst-den-unterschied\/#breadcrumb","itemListElement":[{"@type":"ListItem","position":1,"name":"Startseite","item":"https:\/\/www.protect-the-planet.de\/en\/home\/"},{"@type":"ListItem","position":2,"name":"Tag der Erde 2025: Du machst den Unterschied!"}]},{"@type":"WebSite","@id":"https:\/\/www.protect-the-planet.de\/en\/#website","url":"https:\/\/www.protect-the-planet.de\/en\/","name":"Protect the Planet","description":"If we don&#039;t change, the climate will.","publisher":{"@id":"https:\/\/www.protect-the-planet.de\/en\/#organization"},"alternateName":"Protect the Panet gGmbH","potentialAction":[{"@type":"SearchAction","target":{"@type":"EntryPoint","urlTemplate":"https:\/\/www.protect-the-planet.de\/en\/?s={search_term_string}"},"query-input":{"@type":"PropertyValueSpecification","valueRequired":true,"valueName":"search_term_string"}}],"inLanguage":"en-US"},{"@type":"Organization","@id":"https:\/\/www.protect-the-planet.de\/en\/#organization","name":"Protect the Planet","url":"https:\/\/www.protect-the-planet.de\/en\/","logo":{"@type":"ImageObject","inLanguage":"en-US","@id":"https:\/\/www.protect-the-planet.de\/en\/#\/schema\/logo\/image\/","url":"https:\/\/www.protect-the-planet.de\/wp-content\/uploads\/2023\/09\/LOGO-positiv_transparent-klein.png","contentUrl":"https:\/\/www.protect-the-planet.de\/wp-content\/uploads\/2023\/09\/LOGO-positiv_transparent-klein.png","width":123,"height":68,"caption":"Protect the Planet"},"image":{"@id":"https:\/\/www.protect-the-planet.de\/en\/#\/schema\/logo\/image\/"},"sameAs":["https:\/\/www.facebook.com\/protecttheplanetDE\/","https:\/\/x.com\/PtP_de","https:\/\/www.instagram.com\/protecttheplanetorg\/","https:\/\/www.linkedin.com\/company\/protect-the-planet","https:\/\/www.youtube.com\/@protecttheplanet"]},{"@type":"Person","@id":"https:\/\/www.protect-the-planet.de\/en\/#\/schema\/person\/34a10854efaaf0bf11a3b6fbe966fcd0","name":"Fenya Kirst","image":{"@type":"ImageObject","inLanguage":"en-US","@id":"https:\/\/www.protect-the-planet.de\/wp-content\/uploads\/2024\/03\/cropped-2310_ProtectThePlanet_Portraet-Fenya-quadr-scaled-1-96x96.jpg","url":"https:\/\/www.protect-the-planet.de\/wp-content\/uploads\/2024\/03\/cropped-2310_ProtectThePlanet_Portraet-Fenya-quadr-scaled-1-96x96.jpg","contentUrl":"https:\/\/www.protect-the-planet.de\/wp-content\/uploads\/2024\/03\/cropped-2310_ProtectThePlanet_Portraet-Fenya-quadr-scaled-1-96x96.jpg","caption":"Fenya Kirst"},"description":"fenya.kirst@protect-the-planet.de +49 162 9085805","url":"https:\/\/www.protect-the-planet.de\/en\/author\/fenya-kirst\/"}]}},"_links":{"self":[{"href":"https:\/\/www.protect-the-planet.de\/en\/wp-json\/wp\/v2\/posts\/30077","targetHints":{"allow":["GET"]}}],"collection":[{"href":"https:\/\/www.protect-the-planet.de\/en\/wp-json\/wp\/v2\/posts"}],"about":[{"href":"https:\/\/www.protect-the-planet.de\/en\/wp-json\/wp\/v2\/types\/post"}],"author":[{"embeddable":true,"href":"https:\/\/www.protect-the-planet.de\/en\/wp-json\/wp\/v2\/users\/6"}],"replies":[{"embeddable":true,"href":"https:\/\/www.protect-the-planet.de\/en\/wp-json\/wp\/v2\/comments?post=30077"}],"version-history":[{"count":0,"href":"https:\/\/www.protect-the-planet.de\/en\/wp-json\/wp\/v2\/posts\/30077\/revisions"}],"wp:featuredmedia":[{"embeddable":true,"href":"https:\/\/www.protect-the-planet.de\/en\/wp-json\/wp\/v2\/media\/30072"}],"wp:attachment":[{"href":"https:\/\/www.protect-the-planet.de\/en\/wp-json\/wp\/v2\/media?parent=30077"}],"wp:term":[{"taxonomy":"category","embeddable":true,"href":"https:\/\/www.protect-the-planet.de\/en\/wp-json\/wp\/v2\/categories?post=30077"},{"taxonomy":"post_tag","embeddable":true,"href":"https:\/\/www.protect-the-planet.de\/en\/wp-json\/wp\/v2\/tags?post=30077"}],"curies":[{"name":"wp","href":"https:\/\/api.w.org\/{rel}","templated":true}]}}