{"id":30076,"date":"2025-04-22T09:59:57","date_gmt":"2025-04-22T07:59:57","guid":{"rendered":"https:\/\/www.protect-the-planet.de\/papst-franziskus-ist-tot-eine-stimme-fuer-umwelt-und-gerechtigkeit-verstummt\/"},"modified":"2025-04-22T17:23:36","modified_gmt":"2025-04-22T15:23:36","slug":"papst-franziskus-ist-tot-eine-stimme-fuer-umwelt-und-gerechtigkeit-verstummt","status":"publish","type":"post","link":"https:\/\/www.protect-the-planet.de\/en\/papst-franziskus-ist-tot-eine-stimme-fuer-umwelt-und-gerechtigkeit-verstummt\/","title":{"rendered":"Papst Franziskus ist tot \u2013 eine Stimme f\u00fcr Umwelt und Gerechtigkeit verstummt"},"content":{"rendered":"\n<p>Am Ostermontag, dem 21. April 2025, ist&nbsp;<strong>Papst Franziskus<\/strong>&nbsp;im Alter von 88 Jahren verstorben. Mit ihm verliert die Welt nicht nur ein religi\u00f6ses Oberhaupt, sondern auch eine der kraftvollsten moralischen Stimmen f\u00fcr Umwelt- und Klimaschutz.<\/p>\n\n\n\n<h3 class=\"wp-block-heading\">&#8220;Laudato si'&#8221; \u2013 Papst Franziskus und der kranke Planet<\/h3>\n\n\n\n<p>Bereits 2015 machte Papst Franziskus mit seiner Enzyklika\u00a0<strong>\u201eLaudato si&#8217;\u201c<\/strong>\u00a0deutlich, wie dringend die \u00f6kologische Krise unserer Zeit ist (eine Einordnung z.B. von <a href=\"https:\/\/www.misereor.de\/mitmachen\/gemeinden-gruppen\/enzyklika-laudato-si\">Misereor hier<\/a>). Darin verband er soziale Gerechtigkeit mit \u00f6kologischer Verantwortung \u2013 und rief zu einem neuen, nachhaltigen Verh\u00e4ltnis zwischen Mensch, Tier und Natur auf. Seine Worte richteten sich nicht nur an Gl\u00e4ubige, sondern an die gesamte Menschheit. Die Idee eines \u201egemeinsamen Hauses\u201c, das wir sch\u00fctzen m\u00fcssen, war ein Aufruf zu globaler Verantwortung \u2013 jenseits politischer und religi\u00f6ser Grenzen.<\/p>\n\n\n\n<h3 class=\"wp-block-heading\">Eine moralische Autorit\u00e4t im Einsatz f\u00fcr die Sch\u00f6pfung<\/h3>\n\n\n\n<p>Papst Franziskus sprach immer wieder vom \u201ekranken Planeten\u201c \u2013 und davon, dass wirtschaftliches Wachstum nicht auf Kosten der Umwelt gehen darf. In einer Zeit, in der Klimaschutz oft politisiert und polarisiert wird, war er eine moralische Instanz, die unerm\u00fcdlich auf den Erhalt der Sch\u00f6pfung dr\u00e4ngte. Sein Engagement bleibt ein Verm\u00e4chtnis f\u00fcr alle, die sich f\u00fcr Klimagerechtigkeit einsetzen.<\/p>\n\n\n\n<p>Wir von <a href=\"https:\/\/www.protect-the-planet.de\/en\/\">Protect the Planet<\/a>\u00a0verneigen uns vor dieser Haltung. Papst Franziskus hat Ma\u00dfst\u00e4be gesetzt, die weit \u00fcber die katholische Kirche hinauswirken \u2013 und uns alle daran erinnern, dass Klimaschutz eine Frage der Menschlichkeit ist. Schade, dass diese Stimme der Vernunft uns verlassen hat.<\/p>\n","protected":false},"excerpt":{"rendered":"<p>Am Ostermontag, dem 21. April 2025, ist&nbsp;Papst Franziskus&nbsp;im Alter von 88 Jahren verstorben. Mit ihm verliert die Welt nicht nur ein religi\u00f6ses Oberhaupt, sondern auch eine der kraftvollsten moralischen Stimmen f\u00fcr Umwelt- und Klimaschutz. &#8220;Laudato si&#8217;&#8221; \u2013 Papst Franziskus und der kranke Planet Bereits 2015 machte Papst Franziskus mit seiner Enzyklika\u00a0\u201eLaudato si&#8217;\u201c\u00a0deutlich, wie dringend die [&hellip;]<\/p>\n","protected":false},"author":6,"featured_media":30055,"comment_status":"closed","ping_status":"closed","sticky":false,"template":"","format":"standard","meta":{"footnotes":""},"categories":[729],"tags":[1488,710,1489,1490,1086],"class_list":["post-30076","post","type-post","status-publish","format-standard","has-post-thumbnail","hentry","category-news","tag-franziskus-en","tag-klimaschutz-en","tag-kranker-planet-en","tag-papst-en","tag-umweltschutz-en"],"yoast_head":"<!-- This site is optimized with the Yoast SEO plugin v27.5 - https:\/\/yoast.com\/product\/yoast-seo-wordpress\/ -->\n<title>Papst Franziskus ist tot \u2013 eine Stimme f\u00fcr Umwelt und Gerechtigkeit verstummt - Protect the Planet<\/title>\n<meta name=\"description\" content=\"Papst Franziskus\u00a0ist verstorben. Mit ihm verliert die Welt eine der kraftvollsten moralischen Stimmen f\u00fcr Umwelt- und Klimaschutz.\" \/>\n<meta name=\"robots\" content=\"index, follow, max-snippet:-1, max-image-preview:large, max-video-preview:-1\" \/>\n<link rel=\"canonical\" href=\"https:\/\/www.protect-the-planet.de\/en\/papst-franziskus-ist-tot-eine-stimme-fuer-umwelt-und-gerechtigkeit-verstummt\/\" \/>\n<meta property=\"og:locale\" content=\"en_US\" \/>\n<meta property=\"og:type\" content=\"article\" \/>\n<meta property=\"og:title\" content=\"Papst Franziskus ist tot \u2013 eine Stimme f\u00fcr Umwelt und Gerechtigkeit verstummt - Protect the Planet\" \/>\n<meta property=\"og:description\" content=\"Papst Franziskus\u00a0ist verstorben. Mit ihm verliert die Welt eine der kraftvollsten moralischen Stimmen f\u00fcr Umwelt- und Klimaschutz.\" \/>\n<meta property=\"og:url\" content=\"https:\/\/www.protect-the-planet.de\/en\/papst-franziskus-ist-tot-eine-stimme-fuer-umwelt-und-gerechtigkeit-verstummt\/\" \/>\n<meta property=\"og:site_name\" content=\"Protect the Planet\" \/>\n<meta property=\"article:publisher\" content=\"https:\/\/www.facebook.com\/protecttheplanetDE\/\" \/>\n<meta property=\"article:published_time\" content=\"2025-04-22T07:59:57+00:00\" \/>\n<meta property=\"article:modified_time\" content=\"2025-04-22T15:23:36+00:00\" \/>\n<meta property=\"og:image\" content=\"https:\/\/www.protect-the-planet.de\/wp-content\/uploads\/2025\/04\/news_papst-tot_22042025.png\" \/>\n\t<meta property=\"og:image:width\" content=\"900\" \/>\n\t<meta property=\"og:image:height\" content=\"550\" \/>\n\t<meta property=\"og:image:type\" content=\"image\/png\" \/>\n<meta name=\"author\" content=\"Fenya Kirst\" \/>\n<meta name=\"twitter:card\" content=\"summary_large_image\" \/>\n<meta name=\"twitter:creator\" content=\"@PtP_de\" \/>\n<meta name=\"twitter:site\" content=\"@PtP_de\" \/>\n<meta name=\"twitter:label1\" content=\"Written by\" \/>\n\t<meta name=\"twitter:data1\" content=\"Fenya Kirst\" \/>\n\t<meta name=\"twitter:label2\" content=\"Est. reading time\" \/>\n\t<meta name=\"twitter:data2\" content=\"2 minutes\" \/>\n<script type=\"application\/ld+json\" class=\"yoast-schema-graph\">{\"@context\":\"https:\\\/\\\/schema.org\",\"@graph\":[{\"@type\":\"Article\",\"@id\":\"https:\\\/\\\/www.protect-the-planet.de\\\/en\\\/papst-franziskus-ist-tot-eine-stimme-fuer-umwelt-und-gerechtigkeit-verstummt\\\/#article\",\"isPartOf\":{\"@id\":\"https:\\\/\\\/www.protect-the-planet.de\\\/en\\\/papst-franziskus-ist-tot-eine-stimme-fuer-umwelt-und-gerechtigkeit-verstummt\\\/\"},\"author\":{\"name\":\"Fenya Kirst\",\"@id\":\"https:\\\/\\\/www.protect-the-planet.de\\\/en\\\/#\\\/schema\\\/person\\\/34a10854efaaf0bf11a3b6fbe966fcd0\"},\"headline\":\"Papst Franziskus ist tot \u2013 eine Stimme f\u00fcr Umwelt und Gerechtigkeit verstummt\",\"datePublished\":\"2025-04-22T07:59:57+00:00\",\"dateModified\":\"2025-04-22T15:23:36+00:00\",\"mainEntityOfPage\":{\"@id\":\"https:\\\/\\\/www.protect-the-planet.de\\\/en\\\/papst-franziskus-ist-tot-eine-stimme-fuer-umwelt-und-gerechtigkeit-verstummt\\\/\"},\"wordCount\":259,\"publisher\":{\"@id\":\"https:\\\/\\\/www.protect-the-planet.de\\\/en\\\/#organization\"},\"image\":{\"@id\":\"https:\\\/\\\/www.protect-the-planet.de\\\/en\\\/papst-franziskus-ist-tot-eine-stimme-fuer-umwelt-und-gerechtigkeit-verstummt\\\/#primaryimage\"},\"thumbnailUrl\":\"https:\\\/\\\/www.protect-the-planet.de\\\/wp-content\\\/uploads\\\/2025\\\/04\\\/news_papst-tot_22042025.png\",\"keywords\":[\"Franziskus\",\"Klimaschutz\",\"Kranker Planet\",\"Papst\",\"Umweltschutz\"],\"articleSection\":[\"News\"],\"inLanguage\":\"en-US\"},{\"@type\":\"WebPage\",\"@id\":\"https:\\\/\\\/www.protect-the-planet.de\\\/en\\\/papst-franziskus-ist-tot-eine-stimme-fuer-umwelt-und-gerechtigkeit-verstummt\\\/\",\"url\":\"https:\\\/\\\/www.protect-the-planet.de\\\/en\\\/papst-franziskus-ist-tot-eine-stimme-fuer-umwelt-und-gerechtigkeit-verstummt\\\/\",\"name\":\"Papst Franziskus ist tot \u2013 eine Stimme f\u00fcr Umwelt und Gerechtigkeit verstummt - Protect the Planet\",\"isPartOf\":{\"@id\":\"https:\\\/\\\/www.protect-the-planet.de\\\/en\\\/#website\"},\"primaryImageOfPage\":{\"@id\":\"https:\\\/\\\/www.protect-the-planet.de\\\/en\\\/papst-franziskus-ist-tot-eine-stimme-fuer-umwelt-und-gerechtigkeit-verstummt\\\/#primaryimage\"},\"image\":{\"@id\":\"https:\\\/\\\/www.protect-the-planet.de\\\/en\\\/papst-franziskus-ist-tot-eine-stimme-fuer-umwelt-und-gerechtigkeit-verstummt\\\/#primaryimage\"},\"thumbnailUrl\":\"https:\\\/\\\/www.protect-the-planet.de\\\/wp-content\\\/uploads\\\/2025\\\/04\\\/news_papst-tot_22042025.png\",\"datePublished\":\"2025-04-22T07:59:57+00:00\",\"dateModified\":\"2025-04-22T15:23:36+00:00\",\"description\":\"Papst Franziskus\u00a0ist verstorben. Mit ihm verliert die Welt eine der kraftvollsten moralischen Stimmen f\u00fcr Umwelt- und Klimaschutz.\",\"breadcrumb\":{\"@id\":\"https:\\\/\\\/www.protect-the-planet.de\\\/en\\\/papst-franziskus-ist-tot-eine-stimme-fuer-umwelt-und-gerechtigkeit-verstummt\\\/#breadcrumb\"},\"inLanguage\":\"en-US\",\"potentialAction\":[{\"@type\":\"ReadAction\",\"target\":[\"https:\\\/\\\/www.protect-the-planet.de\\\/en\\\/papst-franziskus-ist-tot-eine-stimme-fuer-umwelt-und-gerechtigkeit-verstummt\\\/\"]}]},{\"@type\":\"ImageObject\",\"inLanguage\":\"en-US\",\"@id\":\"https:\\\/\\\/www.protect-the-planet.de\\\/en\\\/papst-franziskus-ist-tot-eine-stimme-fuer-umwelt-und-gerechtigkeit-verstummt\\\/#primaryimage\",\"url\":\"https:\\\/\\\/www.protect-the-planet.de\\\/wp-content\\\/uploads\\\/2025\\\/04\\\/news_papst-tot_22042025.png\",\"contentUrl\":\"https:\\\/\\\/www.protect-the-planet.de\\\/wp-content\\\/uploads\\\/2025\\\/04\\\/news_papst-tot_22042025.png\",\"width\":900,\"height\":550,\"caption\":\"Engelsburg in Rom mit beleuchteter Br\u00fccke in der Abendd\u00e4mmerung als Symbol f\u00fcr den Tod von Papst Franziskus\"},{\"@type\":\"BreadcrumbList\",\"@id\":\"https:\\\/\\\/www.protect-the-planet.de\\\/en\\\/papst-franziskus-ist-tot-eine-stimme-fuer-umwelt-und-gerechtigkeit-verstummt\\\/#breadcrumb\",\"itemListElement\":[{\"@type\":\"ListItem\",\"position\":1,\"name\":\"Startseite\",\"item\":\"https:\\\/\\\/www.protect-the-planet.de\\\/en\\\/home\\\/\"},{\"@type\":\"ListItem\",\"position\":2,\"name\":\"Papst Franziskus ist tot \u2013 eine Stimme f\u00fcr Umwelt und Gerechtigkeit verstummt\"}]},{\"@type\":\"WebSite\",\"@id\":\"https:\\\/\\\/www.protect-the-planet.de\\\/en\\\/#website\",\"url\":\"https:\\\/\\\/www.protect-the-planet.de\\\/en\\\/\",\"name\":\"Protect the Planet\",\"description\":\"If we don&#039;t change, the climate will.\",\"publisher\":{\"@id\":\"https:\\\/\\\/www.protect-the-planet.de\\\/en\\\/#organization\"},\"alternateName\":\"Protect the Panet gGmbH\",\"potentialAction\":[{\"@type\":\"SearchAction\",\"target\":{\"@type\":\"EntryPoint\",\"urlTemplate\":\"https:\\\/\\\/www.protect-the-planet.de\\\/en\\\/?s={search_term_string}\"},\"query-input\":{\"@type\":\"PropertyValueSpecification\",\"valueRequired\":true,\"valueName\":\"search_term_string\"}}],\"inLanguage\":\"en-US\"},{\"@type\":\"Organization\",\"@id\":\"https:\\\/\\\/www.protect-the-planet.de\\\/en\\\/#organization\",\"name\":\"Protect the Planet\",\"url\":\"https:\\\/\\\/www.protect-the-planet.de\\\/en\\\/\",\"logo\":{\"@type\":\"ImageObject\",\"inLanguage\":\"en-US\",\"@id\":\"https:\\\/\\\/www.protect-the-planet.de\\\/en\\\/#\\\/schema\\\/logo\\\/image\\\/\",\"url\":\"https:\\\/\\\/www.protect-the-planet.de\\\/wp-content\\\/uploads\\\/2023\\\/09\\\/LOGO-positiv_transparent-klein.png\",\"contentUrl\":\"https:\\\/\\\/www.protect-the-planet.de\\\/wp-content\\\/uploads\\\/2023\\\/09\\\/LOGO-positiv_transparent-klein.png\",\"width\":123,\"height\":68,\"caption\":\"Protect the Planet\"},\"image\":{\"@id\":\"https:\\\/\\\/www.protect-the-planet.de\\\/en\\\/#\\\/schema\\\/logo\\\/image\\\/\"},\"sameAs\":[\"https:\\\/\\\/www.facebook.com\\\/protecttheplanetDE\\\/\",\"https:\\\/\\\/x.com\\\/PtP_de\",\"https:\\\/\\\/www.instagram.com\\\/protecttheplanetorg\\\/\",\"https:\\\/\\\/www.linkedin.com\\\/company\\\/protect-the-planet\",\"https:\\\/\\\/www.youtube.com\\\/@protecttheplanet\"]},{\"@type\":\"Person\",\"@id\":\"https:\\\/\\\/www.protect-the-planet.de\\\/en\\\/#\\\/schema\\\/person\\\/34a10854efaaf0bf11a3b6fbe966fcd0\",\"name\":\"Fenya Kirst\",\"image\":{\"@type\":\"ImageObject\",\"inLanguage\":\"en-US\",\"@id\":\"https:\\\/\\\/www.protect-the-planet.de\\\/wp-content\\\/uploads\\\/2024\\\/03\\\/cropped-2310_ProtectThePlanet_Portraet-Fenya-quadr-scaled-1-96x96.jpg\",\"url\":\"https:\\\/\\\/www.protect-the-planet.de\\\/wp-content\\\/uploads\\\/2024\\\/03\\\/cropped-2310_ProtectThePlanet_Portraet-Fenya-quadr-scaled-1-96x96.jpg\",\"contentUrl\":\"https:\\\/\\\/www.protect-the-planet.de\\\/wp-content\\\/uploads\\\/2024\\\/03\\\/cropped-2310_ProtectThePlanet_Portraet-Fenya-quadr-scaled-1-96x96.jpg\",\"caption\":\"Fenya Kirst\"},\"description\":\"fenya.kirst@protect-the-planet.de +49 162 9085805\",\"url\":\"https:\\\/\\\/www.protect-the-planet.de\\\/en\\\/author\\\/fenya-kirst\\\/\"}]}<\/script>\n<!-- \/ Yoast SEO plugin. -->","yoast_head_json":{"title":"Papst Franziskus ist tot \u2013 eine Stimme f\u00fcr Umwelt und Gerechtigkeit verstummt - Protect the Planet","description":"Papst Franziskus\u00a0ist verstorben. Mit ihm verliert die Welt eine der kraftvollsten moralischen Stimmen f\u00fcr Umwelt- und Klimaschutz.","robots":{"index":"index","follow":"follow","max-snippet":"max-snippet:-1","max-image-preview":"max-image-preview:large","max-video-preview":"max-video-preview:-1"},"canonical":"https:\/\/www.protect-the-planet.de\/en\/papst-franziskus-ist-tot-eine-stimme-fuer-umwelt-und-gerechtigkeit-verstummt\/","og_locale":"en_US","og_type":"article","og_title":"Papst Franziskus ist tot \u2013 eine Stimme f\u00fcr Umwelt und Gerechtigkeit verstummt - Protect the Planet","og_description":"Papst Franziskus\u00a0ist verstorben. Mit ihm verliert die Welt eine der kraftvollsten moralischen Stimmen f\u00fcr Umwelt- und Klimaschutz.","og_url":"https:\/\/www.protect-the-planet.de\/en\/papst-franziskus-ist-tot-eine-stimme-fuer-umwelt-und-gerechtigkeit-verstummt\/","og_site_name":"Protect the Planet","article_publisher":"https:\/\/www.facebook.com\/protecttheplanetDE\/","article_published_time":"2025-04-22T07:59:57+00:00","article_modified_time":"2025-04-22T15:23:36+00:00","og_image":[{"width":900,"height":550,"url":"https:\/\/www.protect-the-planet.de\/wp-content\/uploads\/2025\/04\/news_papst-tot_22042025.png","type":"image\/png"}],"author":"Fenya Kirst","twitter_card":"summary_large_image","twitter_creator":"@PtP_de","twitter_site":"@PtP_de","twitter_misc":{"Written by":"Fenya Kirst","Est. reading time":"2 minutes"},"schema":{"@context":"https:\/\/schema.org","@graph":[{"@type":"Article","@id":"https:\/\/www.protect-the-planet.de\/en\/papst-franziskus-ist-tot-eine-stimme-fuer-umwelt-und-gerechtigkeit-verstummt\/#article","isPartOf":{"@id":"https:\/\/www.protect-the-planet.de\/en\/papst-franziskus-ist-tot-eine-stimme-fuer-umwelt-und-gerechtigkeit-verstummt\/"},"author":{"name":"Fenya Kirst","@id":"https:\/\/www.protect-the-planet.de\/en\/#\/schema\/person\/34a10854efaaf0bf11a3b6fbe966fcd0"},"headline":"Papst Franziskus ist tot \u2013 eine Stimme f\u00fcr Umwelt und Gerechtigkeit verstummt","datePublished":"2025-04-22T07:59:57+00:00","dateModified":"2025-04-22T15:23:36+00:00","mainEntityOfPage":{"@id":"https:\/\/www.protect-the-planet.de\/en\/papst-franziskus-ist-tot-eine-stimme-fuer-umwelt-und-gerechtigkeit-verstummt\/"},"wordCount":259,"publisher":{"@id":"https:\/\/www.protect-the-planet.de\/en\/#organization"},"image":{"@id":"https:\/\/www.protect-the-planet.de\/en\/papst-franziskus-ist-tot-eine-stimme-fuer-umwelt-und-gerechtigkeit-verstummt\/#primaryimage"},"thumbnailUrl":"https:\/\/www.protect-the-planet.de\/wp-content\/uploads\/2025\/04\/news_papst-tot_22042025.png","keywords":["Franziskus","Klimaschutz","Kranker Planet","Papst","Umweltschutz"],"articleSection":["News"],"inLanguage":"en-US"},{"@type":"WebPage","@id":"https:\/\/www.protect-the-planet.de\/en\/papst-franziskus-ist-tot-eine-stimme-fuer-umwelt-und-gerechtigkeit-verstummt\/","url":"https:\/\/www.protect-the-planet.de\/en\/papst-franziskus-ist-tot-eine-stimme-fuer-umwelt-und-gerechtigkeit-verstummt\/","name":"Papst Franziskus ist tot \u2013 eine Stimme f\u00fcr Umwelt und Gerechtigkeit verstummt - Protect the Planet","isPartOf":{"@id":"https:\/\/www.protect-the-planet.de\/en\/#website"},"primaryImageOfPage":{"@id":"https:\/\/www.protect-the-planet.de\/en\/papst-franziskus-ist-tot-eine-stimme-fuer-umwelt-und-gerechtigkeit-verstummt\/#primaryimage"},"image":{"@id":"https:\/\/www.protect-the-planet.de\/en\/papst-franziskus-ist-tot-eine-stimme-fuer-umwelt-und-gerechtigkeit-verstummt\/#primaryimage"},"thumbnailUrl":"https:\/\/www.protect-the-planet.de\/wp-content\/uploads\/2025\/04\/news_papst-tot_22042025.png","datePublished":"2025-04-22T07:59:57+00:00","dateModified":"2025-04-22T15:23:36+00:00","description":"Papst Franziskus\u00a0ist verstorben. Mit ihm verliert die Welt eine der kraftvollsten moralischen Stimmen f\u00fcr Umwelt- und Klimaschutz.","breadcrumb":{"@id":"https:\/\/www.protect-the-planet.de\/en\/papst-franziskus-ist-tot-eine-stimme-fuer-umwelt-und-gerechtigkeit-verstummt\/#breadcrumb"},"inLanguage":"en-US","potentialAction":[{"@type":"ReadAction","target":["https:\/\/www.protect-the-planet.de\/en\/papst-franziskus-ist-tot-eine-stimme-fuer-umwelt-und-gerechtigkeit-verstummt\/"]}]},{"@type":"ImageObject","inLanguage":"en-US","@id":"https:\/\/www.protect-the-planet.de\/en\/papst-franziskus-ist-tot-eine-stimme-fuer-umwelt-und-gerechtigkeit-verstummt\/#primaryimage","url":"https:\/\/www.protect-the-planet.de\/wp-content\/uploads\/2025\/04\/news_papst-tot_22042025.png","contentUrl":"https:\/\/www.protect-the-planet.de\/wp-content\/uploads\/2025\/04\/news_papst-tot_22042025.png","width":900,"height":550,"caption":"Engelsburg in Rom mit beleuchteter Br\u00fccke in der Abendd\u00e4mmerung als Symbol f\u00fcr den Tod von Papst Franziskus"},{"@type":"BreadcrumbList","@id":"https:\/\/www.protect-the-planet.de\/en\/papst-franziskus-ist-tot-eine-stimme-fuer-umwelt-und-gerechtigkeit-verstummt\/#breadcrumb","itemListElement":[{"@type":"ListItem","position":1,"name":"Startseite","item":"https:\/\/www.protect-the-planet.de\/en\/home\/"},{"@type":"ListItem","position":2,"name":"Papst Franziskus ist tot \u2013 eine Stimme f\u00fcr Umwelt und Gerechtigkeit verstummt"}]},{"@type":"WebSite","@id":"https:\/\/www.protect-the-planet.de\/en\/#website","url":"https:\/\/www.protect-the-planet.de\/en\/","name":"Protect the Planet","description":"If we don&#039;t change, the climate will.","publisher":{"@id":"https:\/\/www.protect-the-planet.de\/en\/#organization"},"alternateName":"Protect the Panet gGmbH","potentialAction":[{"@type":"SearchAction","target":{"@type":"EntryPoint","urlTemplate":"https:\/\/www.protect-the-planet.de\/en\/?s={search_term_string}"},"query-input":{"@type":"PropertyValueSpecification","valueRequired":true,"valueName":"search_term_string"}}],"inLanguage":"en-US"},{"@type":"Organization","@id":"https:\/\/www.protect-the-planet.de\/en\/#organization","name":"Protect the Planet","url":"https:\/\/www.protect-the-planet.de\/en\/","logo":{"@type":"ImageObject","inLanguage":"en-US","@id":"https:\/\/www.protect-the-planet.de\/en\/#\/schema\/logo\/image\/","url":"https:\/\/www.protect-the-planet.de\/wp-content\/uploads\/2023\/09\/LOGO-positiv_transparent-klein.png","contentUrl":"https:\/\/www.protect-the-planet.de\/wp-content\/uploads\/2023\/09\/LOGO-positiv_transparent-klein.png","width":123,"height":68,"caption":"Protect the Planet"},"image":{"@id":"https:\/\/www.protect-the-planet.de\/en\/#\/schema\/logo\/image\/"},"sameAs":["https:\/\/www.facebook.com\/protecttheplanetDE\/","https:\/\/x.com\/PtP_de","https:\/\/www.instagram.com\/protecttheplanetorg\/","https:\/\/www.linkedin.com\/company\/protect-the-planet","https:\/\/www.youtube.com\/@protecttheplanet"]},{"@type":"Person","@id":"https:\/\/www.protect-the-planet.de\/en\/#\/schema\/person\/34a10854efaaf0bf11a3b6fbe966fcd0","name":"Fenya Kirst","image":{"@type":"ImageObject","inLanguage":"en-US","@id":"https:\/\/www.protect-the-planet.de\/wp-content\/uploads\/2024\/03\/cropped-2310_ProtectThePlanet_Portraet-Fenya-quadr-scaled-1-96x96.jpg","url":"https:\/\/www.protect-the-planet.de\/wp-content\/uploads\/2024\/03\/cropped-2310_ProtectThePlanet_Portraet-Fenya-quadr-scaled-1-96x96.jpg","contentUrl":"https:\/\/www.protect-the-planet.de\/wp-content\/uploads\/2024\/03\/cropped-2310_ProtectThePlanet_Portraet-Fenya-quadr-scaled-1-96x96.jpg","caption":"Fenya Kirst"},"description":"fenya.kirst@protect-the-planet.de +49 162 9085805","url":"https:\/\/www.protect-the-planet.de\/en\/author\/fenya-kirst\/"}]}},"_links":{"self":[{"href":"https:\/\/www.protect-the-planet.de\/en\/wp-json\/wp\/v2\/posts\/30076","targetHints":{"allow":["GET"]}}],"collection":[{"href":"https:\/\/www.protect-the-planet.de\/en\/wp-json\/wp\/v2\/posts"}],"about":[{"href":"https:\/\/www.protect-the-planet.de\/en\/wp-json\/wp\/v2\/types\/post"}],"author":[{"embeddable":true,"href":"https:\/\/www.protect-the-planet.de\/en\/wp-json\/wp\/v2\/users\/6"}],"replies":[{"embeddable":true,"href":"https:\/\/www.protect-the-planet.de\/en\/wp-json\/wp\/v2\/comments?post=30076"}],"version-history":[{"count":0,"href":"https:\/\/www.protect-the-planet.de\/en\/wp-json\/wp\/v2\/posts\/30076\/revisions"}],"wp:featuredmedia":[{"embeddable":true,"href":"https:\/\/www.protect-the-planet.de\/en\/wp-json\/wp\/v2\/media\/30055"}],"wp:attachment":[{"href":"https:\/\/www.protect-the-planet.de\/en\/wp-json\/wp\/v2\/media?parent=30076"}],"wp:term":[{"taxonomy":"category","embeddable":true,"href":"https:\/\/www.protect-the-planet.de\/en\/wp-json\/wp\/v2\/categories?post=30076"},{"taxonomy":"post_tag","embeddable":true,"href":"https:\/\/www.protect-the-planet.de\/en\/wp-json\/wp\/v2\/tags?post=30076"}],"curies":[{"name":"wp","href":"https:\/\/api.w.org\/{rel}","templated":true}]}}