{"id":29989,"date":"2025-04-10T09:40:09","date_gmt":"2025-04-10T07:40:09","guid":{"rendered":"https:\/\/www.protect-the-planet.de\/?p=29989"},"modified":"2025-06-16T11:17:47","modified_gmt":"2025-06-16T09:17:47","slug":"save-the-date-tag-der-klimademokratie-am-14-juni-2025","status":"publish","type":"post","link":"https:\/\/www.protect-the-planet.de\/en\/save-the-date-tag-der-klimademokratie-am-14-juni-2025\/","title":{"rendered":"SAVE THE DATE  &#8211; Tag der Klimademokratie am 14. Juni 2025"},"content":{"rendered":"\n<p>Hallo neuer Bundestag, wir m\u00fcssen reden. Ja, \u00fcber\u2019s Klima! Welche #KlimaZukunft machen wir gemeinsam m\u00f6glich? \u2013\u00a0Diese Frage stellt auch in diesem Jahr der Tag der Klimademokratie an die Abgeordneten des neugew\u00e4hlten Bundestags.<\/p>\n\n\n\n<p>Seit ein paar Tagen steht der neue Koalitionsvertrag fest. Von Klimaschutz und Nachhaltigkeit ist darin aber recht wenig die Rede. Zudem ist unklar, wohin genau die neue Bundesregierung die 500 Milliarden Euro aus dem neuen Sonderverm\u00f6gen in Zukunft flie\u00dfen lassen wird. Wird damit wirksamer, sozial gerechter Klimaschutz finanziert? Beim Tag der Klimademokratie k\u00f6nnen Menschen aus der Zivilgesellschaft gemeinsam nachfragen: Am 14. Juni 2025 kann man sich mit einem konstruktiven Appell an die Politik wenden und seine Fragen stellen.<\/p>\n\n\n\n<p>Alles nach der Leitfrage, die im diesem Jahr lautet: <\/p>\n\n\n\n<p><strong>\u201cWelche #KlimaZukunft machen wir gemeinsam m\u00f6glich?\u201d<\/strong><\/p>\n\n\n\n<p>Protect the Planet unterst\u00fctzt diese Initiative und hat sich dem <a href=\"https:\/\/tagderklimademokratie.de\/buendnis\/\" target=\"_blank\" rel=\"noreferrer noopener\">B\u00fcndnis f\u00fcr Klimademokratie<\/a> aus <a href=\"https:\/\/tagderklimademokratie.de\/buendnis\/\" target=\"_blank\" rel=\"noreferrer noopener\">\u00fcber 40 Organisationen<\/a> angeschlossen. Beim gr\u00f6\u00dften digitalen Klimadialog des Jahres sprechen rund 1.000 B\u00fcrger*innen mit so vielen Politiker*innen des Bundestages wie noch nie. In der ganzt\u00e4gigen <strong>Videokonferenz<\/strong> am 14. Juni 2025 kann man seine eigenen Klimafragen pers\u00f6nlich an die Abgeordneten stellen und in sehr vielen moderierten Gespr\u00e4chsrunden live zuh\u00f6ren.<\/p>\n\n\n\n<p>Wir laden Sie auch herzlich ein: Jetzt <a href=\"https:\/\/tagderklimademokratie.de\" target=\"_blank\" rel=\"noreferrer noopener\">anmelden<\/a> und mitmachen auf:<\/p>\n\n\n\n<p><a href=\"https:\/\/TagDerKlimademokratie.de\" target=\"_blank\" rel=\"noreferrer noopener\">https:\/\/TagDerKlimademokratie.de<\/a><\/p>\n\n\n\n<p>Der Tag der Klimademokratie ist eine Initiative von <a href=\"https:\/\/www.ccl-d.org\" target=\"_blank\" rel=\"noreferrer noopener\">B\u00fcrgerlobby Klimaschutz<\/a><a href=\"https:\/\/tagderklimademokratie.de\/ueber-uns\/\" target=\"_blank\" rel=\"noreferrer noopener\">, <\/a><a href=\"https:\/\/germanzero.de\" target=\"_blank\" rel=\"noreferrer noopener\">GermanZero<\/a> und <a href=\"https:\/\/togetherforfuture.org\" target=\"_blank\" rel=\"noreferrer noopener\">Together for Future.<\/a><\/p>\n\n\n\n<figure class=\"wp-block-image aligncenter size-medium\"><img fetchpriority=\"high\" decoding=\"async\" width=\"300\" height=\"300\" src=\"https:\/\/www.protect-the-planet.de\/wp-content\/uploads\/2025\/04\/Mobilisierung-Typ-2-Quadrat-300x300.png\" alt=\"Auf dem Bild ist im Hintergrund der Bundestag mit einer Frau davor zu sehen. Davor steht der Schriftzug: Klimazukunft : Was ist deine Frage an den Bundestag? \" class=\"wp-image-29986\" srcset=\"https:\/\/www.protect-the-planet.de\/wp-content\/uploads\/2025\/04\/Mobilisierung-Typ-2-Quadrat-300x300.png 300w, https:\/\/www.protect-the-planet.de\/wp-content\/uploads\/2025\/04\/Mobilisierung-Typ-2-Quadrat-1024x1024.png 1024w, https:\/\/www.protect-the-planet.de\/wp-content\/uploads\/2025\/04\/Mobilisierung-Typ-2-Quadrat-150x150.png 150w, https:\/\/www.protect-the-planet.de\/wp-content\/uploads\/2025\/04\/Mobilisierung-Typ-2-Quadrat-768x768.png 768w, https:\/\/www.protect-the-planet.de\/wp-content\/uploads\/2025\/04\/Mobilisierung-Typ-2-Quadrat.png 1080w\" sizes=\"(max-width: 300px) 100vw, 300px\" \/><\/figure>\n\n\n\n<p><\/p>\n","protected":false},"excerpt":{"rendered":"<p>Hallo neuer Bundestag, wir m\u00fcssen reden. Ja, \u00fcber\u2019s Klima! Welche #KlimaZukunft machen wir gemeinsam m\u00f6glich? \u2013\u00a0Diese Frage stellt auch in diesem Jahr der Tag der Klimademokratie an die Abgeordneten des neugew\u00e4hlten Bundestags. Seit ein paar Tagen steht der neue Koalitionsvertrag fest. Von Klimaschutz und Nachhaltigkeit ist darin aber recht wenig die Rede. Zudem ist unklar, [&hellip;]<\/p>\n","protected":false},"author":10,"featured_media":29987,"comment_status":"closed","ping_status":"closed","sticky":false,"template":"","format":"standard","meta":{"footnotes":""},"categories":[729],"tags":[822,826,710,1477],"class_list":["post-29989","post","type-post","status-publish","format-standard","has-post-thumbnail","hentry","category-news","tag-klimademokratie-en","tag-klimaneutralitaet-en","tag-klimaschutz-en","tag-tag-der-klimademokratie-en"],"yoast_head":"<!-- This site is optimized with the Yoast SEO plugin v27.5 - https:\/\/yoast.com\/product\/yoast-seo-wordpress\/ -->\n<title>SAVE THE DATE - Tag der Klimademokratie am 14. Juni 2025 - Protect the Planet<\/title>\n<meta name=\"description\" content=\"Am 14. Juni 2025 findet der n\u00e4chste gro\u00dfe Tag der Klimademokratie statt. Melde dich jetzt an und stelle deine Fragen an die Abgeordneten.\" \/>\n<meta name=\"robots\" content=\"index, follow, max-snippet:-1, max-image-preview:large, max-video-preview:-1\" \/>\n<link rel=\"canonical\" href=\"https:\/\/www.protect-the-planet.de\/en\/save-the-date-tag-der-klimademokratie-am-14-juni-2025\/\" \/>\n<meta property=\"og:locale\" content=\"en_US\" \/>\n<meta property=\"og:type\" content=\"article\" \/>\n<meta property=\"og:title\" content=\"SAVE THE DATE - Tag der Klimademokratie am 14. Juni 2025 - Protect the Planet\" \/>\n<meta property=\"og:description\" content=\"Am 14. Juni 2025 findet der n\u00e4chste gro\u00dfe Tag der Klimademokratie statt. Melde dich jetzt an und stelle deine Fragen an die Abgeordneten.\" \/>\n<meta property=\"og:url\" content=\"https:\/\/www.protect-the-planet.de\/en\/save-the-date-tag-der-klimademokratie-am-14-juni-2025\/\" \/>\n<meta property=\"og:site_name\" content=\"Protect the Planet\" \/>\n<meta property=\"article:publisher\" content=\"https:\/\/www.facebook.com\/protecttheplanetDE\/\" \/>\n<meta property=\"article:published_time\" content=\"2025-04-10T07:40:09+00:00\" \/>\n<meta property=\"article:modified_time\" content=\"2025-06-16T09:17:47+00:00\" \/>\n<meta property=\"og:image\" content=\"https:\/\/www.protect-the-planet.de\/wp-content\/uploads\/2025\/04\/Mobilisierung-Typ-2-Quadrat.png\" \/>\n\t<meta property=\"og:image:width\" content=\"1080\" \/>\n\t<meta property=\"og:image:height\" content=\"1080\" \/>\n\t<meta property=\"og:image:type\" content=\"image\/png\" \/>\n<meta name=\"author\" content=\"Marlene Schorr\" \/>\n<meta name=\"twitter:card\" content=\"summary_large_image\" \/>\n<meta name=\"twitter:creator\" content=\"@PtP_de\" \/>\n<meta name=\"twitter:site\" content=\"@PtP_de\" \/>\n<meta name=\"twitter:label1\" content=\"Written by\" \/>\n\t<meta name=\"twitter:data1\" content=\"Marlene Schorr\" \/>\n\t<meta name=\"twitter:label2\" content=\"Est. reading time\" \/>\n\t<meta name=\"twitter:data2\" content=\"2 minutes\" \/>\n<script type=\"application\/ld+json\" class=\"yoast-schema-graph\">{\"@context\":\"https:\\\/\\\/schema.org\",\"@graph\":[{\"@type\":\"Article\",\"@id\":\"https:\\\/\\\/www.protect-the-planet.de\\\/en\\\/save-the-date-tag-der-klimademokratie-am-14-juni-2025\\\/#article\",\"isPartOf\":{\"@id\":\"https:\\\/\\\/www.protect-the-planet.de\\\/en\\\/save-the-date-tag-der-klimademokratie-am-14-juni-2025\\\/\"},\"author\":{\"name\":\"Marlene Schorr\",\"@id\":\"https:\\\/\\\/www.protect-the-planet.de\\\/en\\\/#\\\/schema\\\/person\\\/c5f68fff219fefde61da571621343455\"},\"headline\":\"SAVE THE DATE &#8211; Tag der Klimademokratie am 14. Juni 2025\",\"datePublished\":\"2025-04-10T07:40:09+00:00\",\"dateModified\":\"2025-06-16T09:17:47+00:00\",\"mainEntityOfPage\":{\"@id\":\"https:\\\/\\\/www.protect-the-planet.de\\\/en\\\/save-the-date-tag-der-klimademokratie-am-14-juni-2025\\\/\"},\"wordCount\":239,\"publisher\":{\"@id\":\"https:\\\/\\\/www.protect-the-planet.de\\\/en\\\/#organization\"},\"image\":{\"@id\":\"https:\\\/\\\/www.protect-the-planet.de\\\/en\\\/save-the-date-tag-der-klimademokratie-am-14-juni-2025\\\/#primaryimage\"},\"thumbnailUrl\":\"https:\\\/\\\/www.protect-the-planet.de\\\/wp-content\\\/uploads\\\/2025\\\/04\\\/Mobilisierung-Typ-2-Quadrat.png\",\"keywords\":[\"klimademokratie\",\"Klimaneutralit\u00e4t\",\"Klimaschutz\",\"tag der klimademokratie\"],\"articleSection\":[\"News\"],\"inLanguage\":\"en-US\"},{\"@type\":\"WebPage\",\"@id\":\"https:\\\/\\\/www.protect-the-planet.de\\\/en\\\/save-the-date-tag-der-klimademokratie-am-14-juni-2025\\\/\",\"url\":\"https:\\\/\\\/www.protect-the-planet.de\\\/en\\\/save-the-date-tag-der-klimademokratie-am-14-juni-2025\\\/\",\"name\":\"SAVE THE DATE - Tag der Klimademokratie am 14. Juni 2025 - Protect the Planet\",\"isPartOf\":{\"@id\":\"https:\\\/\\\/www.protect-the-planet.de\\\/en\\\/#website\"},\"primaryImageOfPage\":{\"@id\":\"https:\\\/\\\/www.protect-the-planet.de\\\/en\\\/save-the-date-tag-der-klimademokratie-am-14-juni-2025\\\/#primaryimage\"},\"image\":{\"@id\":\"https:\\\/\\\/www.protect-the-planet.de\\\/en\\\/save-the-date-tag-der-klimademokratie-am-14-juni-2025\\\/#primaryimage\"},\"thumbnailUrl\":\"https:\\\/\\\/www.protect-the-planet.de\\\/wp-content\\\/uploads\\\/2025\\\/04\\\/Mobilisierung-Typ-2-Quadrat.png\",\"datePublished\":\"2025-04-10T07:40:09+00:00\",\"dateModified\":\"2025-06-16T09:17:47+00:00\",\"description\":\"Am 14. Juni 2025 findet der n\u00e4chste gro\u00dfe Tag der Klimademokratie statt. Melde dich jetzt an und stelle deine Fragen an die Abgeordneten.\",\"breadcrumb\":{\"@id\":\"https:\\\/\\\/www.protect-the-planet.de\\\/en\\\/save-the-date-tag-der-klimademokratie-am-14-juni-2025\\\/#breadcrumb\"},\"inLanguage\":\"en-US\",\"potentialAction\":[{\"@type\":\"ReadAction\",\"target\":[\"https:\\\/\\\/www.protect-the-planet.de\\\/en\\\/save-the-date-tag-der-klimademokratie-am-14-juni-2025\\\/\"]}]},{\"@type\":\"ImageObject\",\"inLanguage\":\"en-US\",\"@id\":\"https:\\\/\\\/www.protect-the-planet.de\\\/en\\\/save-the-date-tag-der-klimademokratie-am-14-juni-2025\\\/#primaryimage\",\"url\":\"https:\\\/\\\/www.protect-the-planet.de\\\/wp-content\\\/uploads\\\/2025\\\/04\\\/Mobilisierung-Typ-2-Quadrat.png\",\"contentUrl\":\"https:\\\/\\\/www.protect-the-planet.de\\\/wp-content\\\/uploads\\\/2025\\\/04\\\/Mobilisierung-Typ-2-Quadrat.png\",\"width\":1080,\"height\":1080,\"caption\":\"Auf dem Bild ist der Bundestag mit einer Frau davor zu sehen. Davor ist ein Textfeld: KlimaZukunft: Was ist deine Frage an den Bundestag?\"},{\"@type\":\"BreadcrumbList\",\"@id\":\"https:\\\/\\\/www.protect-the-planet.de\\\/en\\\/save-the-date-tag-der-klimademokratie-am-14-juni-2025\\\/#breadcrumb\",\"itemListElement\":[{\"@type\":\"ListItem\",\"position\":1,\"name\":\"Startseite\",\"item\":\"https:\\\/\\\/www.protect-the-planet.de\\\/en\\\/home\\\/\"},{\"@type\":\"ListItem\",\"position\":2,\"name\":\"SAVE THE DATE &#8211; Tag der Klimademokratie am 14. Juni 2025\"}]},{\"@type\":\"WebSite\",\"@id\":\"https:\\\/\\\/www.protect-the-planet.de\\\/en\\\/#website\",\"url\":\"https:\\\/\\\/www.protect-the-planet.de\\\/en\\\/\",\"name\":\"Protect the Planet\",\"description\":\"If we don&#039;t change, the climate will.\",\"publisher\":{\"@id\":\"https:\\\/\\\/www.protect-the-planet.de\\\/en\\\/#organization\"},\"alternateName\":\"Protect the Panet gGmbH\",\"potentialAction\":[{\"@type\":\"SearchAction\",\"target\":{\"@type\":\"EntryPoint\",\"urlTemplate\":\"https:\\\/\\\/www.protect-the-planet.de\\\/en\\\/?s={search_term_string}\"},\"query-input\":{\"@type\":\"PropertyValueSpecification\",\"valueRequired\":true,\"valueName\":\"search_term_string\"}}],\"inLanguage\":\"en-US\"},{\"@type\":\"Organization\",\"@id\":\"https:\\\/\\\/www.protect-the-planet.de\\\/en\\\/#organization\",\"name\":\"Protect the Planet\",\"url\":\"https:\\\/\\\/www.protect-the-planet.de\\\/en\\\/\",\"logo\":{\"@type\":\"ImageObject\",\"inLanguage\":\"en-US\",\"@id\":\"https:\\\/\\\/www.protect-the-planet.de\\\/en\\\/#\\\/schema\\\/logo\\\/image\\\/\",\"url\":\"https:\\\/\\\/www.protect-the-planet.de\\\/wp-content\\\/uploads\\\/2023\\\/09\\\/LOGO-positiv_transparent-klein.png\",\"contentUrl\":\"https:\\\/\\\/www.protect-the-planet.de\\\/wp-content\\\/uploads\\\/2023\\\/09\\\/LOGO-positiv_transparent-klein.png\",\"width\":123,\"height\":68,\"caption\":\"Protect the Planet\"},\"image\":{\"@id\":\"https:\\\/\\\/www.protect-the-planet.de\\\/en\\\/#\\\/schema\\\/logo\\\/image\\\/\"},\"sameAs\":[\"https:\\\/\\\/www.facebook.com\\\/protecttheplanetDE\\\/\",\"https:\\\/\\\/x.com\\\/PtP_de\",\"https:\\\/\\\/www.instagram.com\\\/protecttheplanetorg\\\/\",\"https:\\\/\\\/www.linkedin.com\\\/company\\\/protect-the-planet\",\"https:\\\/\\\/www.youtube.com\\\/@protecttheplanet\"]},{\"@type\":\"Person\",\"@id\":\"https:\\\/\\\/www.protect-the-planet.de\\\/en\\\/#\\\/schema\\\/person\\\/c5f68fff219fefde61da571621343455\",\"name\":\"Marlene Schorr\",\"image\":{\"@type\":\"ImageObject\",\"inLanguage\":\"en-US\",\"@id\":\"https:\\\/\\\/secure.gravatar.com\\\/avatar\\\/78d101b05e6da18a98f007d6ad5f076a6c8fc0dcc2e943f6e304d20caf0c1806?s=96&d=mm&r=g\",\"url\":\"https:\\\/\\\/secure.gravatar.com\\\/avatar\\\/78d101b05e6da18a98f007d6ad5f076a6c8fc0dcc2e943f6e304d20caf0c1806?s=96&d=mm&r=g\",\"contentUrl\":\"https:\\\/\\\/secure.gravatar.com\\\/avatar\\\/78d101b05e6da18a98f007d6ad5f076a6c8fc0dcc2e943f6e304d20caf0c1806?s=96&d=mm&r=g\",\"caption\":\"Marlene Schorr\"},\"url\":\"https:\\\/\\\/www.protect-the-planet.de\\\/en\\\/author\\\/marlene-schorr\\\/\"}]}<\/script>\n<!-- \/ Yoast SEO plugin. -->","yoast_head_json":{"title":"SAVE THE DATE - Tag der Klimademokratie am 14. Juni 2025 - Protect the Planet","description":"Am 14. Juni 2025 findet der n\u00e4chste gro\u00dfe Tag der Klimademokratie statt. Melde dich jetzt an und stelle deine Fragen an die Abgeordneten.","robots":{"index":"index","follow":"follow","max-snippet":"max-snippet:-1","max-image-preview":"max-image-preview:large","max-video-preview":"max-video-preview:-1"},"canonical":"https:\/\/www.protect-the-planet.de\/en\/save-the-date-tag-der-klimademokratie-am-14-juni-2025\/","og_locale":"en_US","og_type":"article","og_title":"SAVE THE DATE - Tag der Klimademokratie am 14. Juni 2025 - Protect the Planet","og_description":"Am 14. Juni 2025 findet der n\u00e4chste gro\u00dfe Tag der Klimademokratie statt. Melde dich jetzt an und stelle deine Fragen an die Abgeordneten.","og_url":"https:\/\/www.protect-the-planet.de\/en\/save-the-date-tag-der-klimademokratie-am-14-juni-2025\/","og_site_name":"Protect the Planet","article_publisher":"https:\/\/www.facebook.com\/protecttheplanetDE\/","article_published_time":"2025-04-10T07:40:09+00:00","article_modified_time":"2025-06-16T09:17:47+00:00","og_image":[{"width":1080,"height":1080,"url":"https:\/\/www.protect-the-planet.de\/wp-content\/uploads\/2025\/04\/Mobilisierung-Typ-2-Quadrat.png","type":"image\/png"}],"author":"Marlene Schorr","twitter_card":"summary_large_image","twitter_creator":"@PtP_de","twitter_site":"@PtP_de","twitter_misc":{"Written by":"Marlene Schorr","Est. reading time":"2 minutes"},"schema":{"@context":"https:\/\/schema.org","@graph":[{"@type":"Article","@id":"https:\/\/www.protect-the-planet.de\/en\/save-the-date-tag-der-klimademokratie-am-14-juni-2025\/#article","isPartOf":{"@id":"https:\/\/www.protect-the-planet.de\/en\/save-the-date-tag-der-klimademokratie-am-14-juni-2025\/"},"author":{"name":"Marlene Schorr","@id":"https:\/\/www.protect-the-planet.de\/en\/#\/schema\/person\/c5f68fff219fefde61da571621343455"},"headline":"SAVE THE DATE &#8211; Tag der Klimademokratie am 14. Juni 2025","datePublished":"2025-04-10T07:40:09+00:00","dateModified":"2025-06-16T09:17:47+00:00","mainEntityOfPage":{"@id":"https:\/\/www.protect-the-planet.de\/en\/save-the-date-tag-der-klimademokratie-am-14-juni-2025\/"},"wordCount":239,"publisher":{"@id":"https:\/\/www.protect-the-planet.de\/en\/#organization"},"image":{"@id":"https:\/\/www.protect-the-planet.de\/en\/save-the-date-tag-der-klimademokratie-am-14-juni-2025\/#primaryimage"},"thumbnailUrl":"https:\/\/www.protect-the-planet.de\/wp-content\/uploads\/2025\/04\/Mobilisierung-Typ-2-Quadrat.png","keywords":["klimademokratie","Klimaneutralit\u00e4t","Klimaschutz","tag der klimademokratie"],"articleSection":["News"],"inLanguage":"en-US"},{"@type":"WebPage","@id":"https:\/\/www.protect-the-planet.de\/en\/save-the-date-tag-der-klimademokratie-am-14-juni-2025\/","url":"https:\/\/www.protect-the-planet.de\/en\/save-the-date-tag-der-klimademokratie-am-14-juni-2025\/","name":"SAVE THE DATE - Tag der Klimademokratie am 14. Juni 2025 - Protect the Planet","isPartOf":{"@id":"https:\/\/www.protect-the-planet.de\/en\/#website"},"primaryImageOfPage":{"@id":"https:\/\/www.protect-the-planet.de\/en\/save-the-date-tag-der-klimademokratie-am-14-juni-2025\/#primaryimage"},"image":{"@id":"https:\/\/www.protect-the-planet.de\/en\/save-the-date-tag-der-klimademokratie-am-14-juni-2025\/#primaryimage"},"thumbnailUrl":"https:\/\/www.protect-the-planet.de\/wp-content\/uploads\/2025\/04\/Mobilisierung-Typ-2-Quadrat.png","datePublished":"2025-04-10T07:40:09+00:00","dateModified":"2025-06-16T09:17:47+00:00","description":"Am 14. Juni 2025 findet der n\u00e4chste gro\u00dfe Tag der Klimademokratie statt. Melde dich jetzt an und stelle deine Fragen an die Abgeordneten.","breadcrumb":{"@id":"https:\/\/www.protect-the-planet.de\/en\/save-the-date-tag-der-klimademokratie-am-14-juni-2025\/#breadcrumb"},"inLanguage":"en-US","potentialAction":[{"@type":"ReadAction","target":["https:\/\/www.protect-the-planet.de\/en\/save-the-date-tag-der-klimademokratie-am-14-juni-2025\/"]}]},{"@type":"ImageObject","inLanguage":"en-US","@id":"https:\/\/www.protect-the-planet.de\/en\/save-the-date-tag-der-klimademokratie-am-14-juni-2025\/#primaryimage","url":"https:\/\/www.protect-the-planet.de\/wp-content\/uploads\/2025\/04\/Mobilisierung-Typ-2-Quadrat.png","contentUrl":"https:\/\/www.protect-the-planet.de\/wp-content\/uploads\/2025\/04\/Mobilisierung-Typ-2-Quadrat.png","width":1080,"height":1080,"caption":"Auf dem Bild ist der Bundestag mit einer Frau davor zu sehen. Davor ist ein Textfeld: KlimaZukunft: Was ist deine Frage an den Bundestag?"},{"@type":"BreadcrumbList","@id":"https:\/\/www.protect-the-planet.de\/en\/save-the-date-tag-der-klimademokratie-am-14-juni-2025\/#breadcrumb","itemListElement":[{"@type":"ListItem","position":1,"name":"Startseite","item":"https:\/\/www.protect-the-planet.de\/en\/home\/"},{"@type":"ListItem","position":2,"name":"SAVE THE DATE &#8211; Tag der Klimademokratie am 14. Juni 2025"}]},{"@type":"WebSite","@id":"https:\/\/www.protect-the-planet.de\/en\/#website","url":"https:\/\/www.protect-the-planet.de\/en\/","name":"Protect the Planet","description":"If we don&#039;t change, the climate will.","publisher":{"@id":"https:\/\/www.protect-the-planet.de\/en\/#organization"},"alternateName":"Protect the Panet gGmbH","potentialAction":[{"@type":"SearchAction","target":{"@type":"EntryPoint","urlTemplate":"https:\/\/www.protect-the-planet.de\/en\/?s={search_term_string}"},"query-input":{"@type":"PropertyValueSpecification","valueRequired":true,"valueName":"search_term_string"}}],"inLanguage":"en-US"},{"@type":"Organization","@id":"https:\/\/www.protect-the-planet.de\/en\/#organization","name":"Protect the Planet","url":"https:\/\/www.protect-the-planet.de\/en\/","logo":{"@type":"ImageObject","inLanguage":"en-US","@id":"https:\/\/www.protect-the-planet.de\/en\/#\/schema\/logo\/image\/","url":"https:\/\/www.protect-the-planet.de\/wp-content\/uploads\/2023\/09\/LOGO-positiv_transparent-klein.png","contentUrl":"https:\/\/www.protect-the-planet.de\/wp-content\/uploads\/2023\/09\/LOGO-positiv_transparent-klein.png","width":123,"height":68,"caption":"Protect the Planet"},"image":{"@id":"https:\/\/www.protect-the-planet.de\/en\/#\/schema\/logo\/image\/"},"sameAs":["https:\/\/www.facebook.com\/protecttheplanetDE\/","https:\/\/x.com\/PtP_de","https:\/\/www.instagram.com\/protecttheplanetorg\/","https:\/\/www.linkedin.com\/company\/protect-the-planet","https:\/\/www.youtube.com\/@protecttheplanet"]},{"@type":"Person","@id":"https:\/\/www.protect-the-planet.de\/en\/#\/schema\/person\/c5f68fff219fefde61da571621343455","name":"Marlene Schorr","image":{"@type":"ImageObject","inLanguage":"en-US","@id":"https:\/\/secure.gravatar.com\/avatar\/78d101b05e6da18a98f007d6ad5f076a6c8fc0dcc2e943f6e304d20caf0c1806?s=96&d=mm&r=g","url":"https:\/\/secure.gravatar.com\/avatar\/78d101b05e6da18a98f007d6ad5f076a6c8fc0dcc2e943f6e304d20caf0c1806?s=96&d=mm&r=g","contentUrl":"https:\/\/secure.gravatar.com\/avatar\/78d101b05e6da18a98f007d6ad5f076a6c8fc0dcc2e943f6e304d20caf0c1806?s=96&d=mm&r=g","caption":"Marlene Schorr"},"url":"https:\/\/www.protect-the-planet.de\/en\/author\/marlene-schorr\/"}]}},"_links":{"self":[{"href":"https:\/\/www.protect-the-planet.de\/en\/wp-json\/wp\/v2\/posts\/29989","targetHints":{"allow":["GET"]}}],"collection":[{"href":"https:\/\/www.protect-the-planet.de\/en\/wp-json\/wp\/v2\/posts"}],"about":[{"href":"https:\/\/www.protect-the-planet.de\/en\/wp-json\/wp\/v2\/types\/post"}],"author":[{"embeddable":true,"href":"https:\/\/www.protect-the-planet.de\/en\/wp-json\/wp\/v2\/users\/10"}],"replies":[{"embeddable":true,"href":"https:\/\/www.protect-the-planet.de\/en\/wp-json\/wp\/v2\/comments?post=29989"}],"version-history":[{"count":1,"href":"https:\/\/www.protect-the-planet.de\/en\/wp-json\/wp\/v2\/posts\/29989\/revisions"}],"predecessor-version":[{"id":31068,"href":"https:\/\/www.protect-the-planet.de\/en\/wp-json\/wp\/v2\/posts\/29989\/revisions\/31068"}],"wp:featuredmedia":[{"embeddable":true,"href":"https:\/\/www.protect-the-planet.de\/en\/wp-json\/wp\/v2\/media\/29987"}],"wp:attachment":[{"href":"https:\/\/www.protect-the-planet.de\/en\/wp-json\/wp\/v2\/media?parent=29989"}],"wp:term":[{"taxonomy":"category","embeddable":true,"href":"https:\/\/www.protect-the-planet.de\/en\/wp-json\/wp\/v2\/categories?post=29989"},{"taxonomy":"post_tag","embeddable":true,"href":"https:\/\/www.protect-the-planet.de\/en\/wp-json\/wp\/v2\/tags?post=29989"}],"curies":[{"name":"wp","href":"https:\/\/api.w.org\/{rel}","templated":true}]}}