{"id":29968,"date":"2025-03-28T11:49:56","date_gmt":"2025-03-28T10:49:56","guid":{"rendered":"https:\/\/www.protect-the-planet.de\/feminismus-und-klimaschutz\/"},"modified":"2025-04-04T10:48:16","modified_gmt":"2025-04-04T08:48:16","slug":"feminismus-und-klimaschutz","status":"publish","type":"post","link":"https:\/\/www.protect-the-planet.de\/en\/feminismus-und-klimaschutz\/","title":{"rendered":"\u00d6kofeminismus &#8211; Warum Feminismus und Klimaschutz zusammengeh\u00f6ren"},"content":{"rendered":"\n<p>Der Kampf f\u00fcr Umwelt- und Klimaschutz ist untrennbar mit dem Einsatz f\u00fcr soziale Gerechtigkeit verbunden. Besonders der Feminismus spielt dabei eine zentrale Rolle, denn Frauen*&nbsp;&nbsp;sind weltweit \u00fcberdurchschnittlich von Umweltzerst\u00f6rung und Klimawandel betroffen. Gleichzeitig sind sie oft treibende Kr\u00e4fte in \u00f6kologischen Bewegungen.&nbsp;Feminismus und Klimaschutz geh\u00f6ren zusammen: Das ist eine unserer Grund\u00fcberzeugungen als NGO f\u00fcr Klimagerechtigkeit.<\/p>\n\n\n\n<h3 class=\"wp-block-heading\">\u00d6kofeminismus &#8211; die Verbindung von Umwelt und Geschlechtergerechtigkeit<\/h3>\n\n\n\n<p>Der Begriff \u00d6kofeminismus beschreibt die Verbindung zwischen feministischen und \u00f6kologischen Bewegungen. Er entstand in den 1970er Jahren, als Frauen* begannen, patriarchale Strukturen mit Umweltzerst\u00f6rung in Zusammenhang zu bringen. \u00d6kofeminist*innen argumentieren, dass sowohl Frauen* als auch die Natur unterdr\u00fcckt und ausgebeutet werden \u2013 oft durch dieselben wirtschaftlichen und politischen Systeme.<\/p>\n\n\n\n<p>Zugunsten unseres Wirtschaftswachstums bedienen wir uns an nat\u00fcrlichen Ressourcen auf Kosten von Artenvielfalt und einer gesunden, sich selbst regenerierenden Umwelt. Genauso wird auch die Arbeitskraft von Frauen* und anderen sozial benachteiligten Menschen in wirtschaftlich schwachen Regionen ausgenutzt \u2013 zu Lasten ihrer Gesundheit und ihrer Rechte.&nbsp;<\/p>\n\n\n\n<p>\u00d6kofeminismus fordert ein Ende der Ausbeutung nat\u00fcrlicher und menschlicher Ressourcen und setzt sich f\u00fcr die St\u00e4rkung der Rechte von Mensch, Tier und Umwelt ein.<\/p>\n\n\n\n<p>Was hat das nun mit dem Klima zu tun?&nbsp;Klimagerechtigkeit bedeutet mehr als Umweltschutz. Sie erfordert einen intersektionalen Blick auf soziale Ungleichheiten, da Diskriminierung und Benachteiligung oft zusammenwirken. Um die Klimakrise nachhaltig zu bek\u00e4mpfen, m\u00fcssen wir \u00fcber \u00f6kologische Aspekte hinausgehen und ihre tieferliegenden Ursachen angehen.<\/p>\n\n\n\n<h3 class=\"wp-block-heading\"><strong>Die Klimakrise versch\u00e4rft Konflikte, oft zulasten von Frauen*<\/strong><\/h3>\n\n\n\n<p>Frauen*, insbesondere in L\u00e4ndern des Globalen S\u00fcdens, tragen oft die Hauptlast von Umweltkrisen:<\/p>\n\n\n\n<p>Sie sind zum Gro\u00dfteil f\u00fcr die Wasser- und Energieversorgung zust\u00e4ndig, beispielsweise beim Kochen, Waschen oder Heizen. D\u00fcrre, Trockenheit und gro\u00dffl\u00e4chige Abholzung von W\u00e4ldern erschweren die t\u00e4gliche Arbeit von weiblich sozialisierten Menschen in diesen Regionen massiv.&nbsp;<\/p>\n\n\n\n<p>Weltweit sind Frauen* h\u00e4ufiger als M\u00e4nner in der Landwirtschaft t\u00e4tig und k\u00e4mpfen unmittelbar mit der Vermeidung von Ernteausf\u00e4llen. Gleichzeitig sind weiblich sozialisierte Menschen st\u00e4rker von den Folgen der Klimakrise wie Naturkatastrophen betroffen, da sie oft weniger finanzielle Mittel, eingeschr\u00e4nkten Zugang zu Informationen und erschwerte Fluchtm\u00f6glichkeiten haben.<\/p>\n\n\n\n<p>Frauen* sind in politischen und wirtschaftlichen Entscheidungsgremien meist unterrepr\u00e4sentiert. Dadurch haben sie oft nicht die M\u00f6glichkeit, bei wichtigen Fragen \u2013 etwa zur Regulierung von Giftstoffen oder zum Zugang zu Wasser und Energie \u2013 mitzuentscheiden. Klimapolitik wird so oft ohne Ber\u00fccksichtigung von geschlechterspezifischen Perspektiven gestaltet.<\/p>\n\n\n\n<h3 class=\"wp-block-heading\"><strong>F\u00fcr Feminismus und Klimaschutz: Es braucht uns alle!<\/strong><\/h3>\n\n\n\n<p>Feminismus und Umweltschutz sind eng miteinander verbunden. Wer sich f\u00fcr eine nachhaltige Zukunft einsetzen m\u00f6chte, muss auch soziale Gerechtigkeit mitdenken. Nur durch eine inklusive und gerechte Umweltbewegung k\u00f6nnen wir langfristige L\u00f6sungen f\u00fcr die Klimakrise finden. Es liegt an uns allen, aktiv zu werden und sowohl f\u00fcr die Umwelt als auch f\u00fcr Gleichberechtigung zu k\u00e4mpfen.<\/p>\n\n\n\n<p><\/p>\n\n\n\n<p><\/p>\n\n\n\n<h3 class=\"wp-block-heading\">Zum Weiterlesen: <\/h3>\n\n\n\n<p><strong>Feminismus und Klimaschutz<\/strong><\/p>\n\n\n\n<ul class=\"wp-block-list\">\n<li>Taz: \u201eKlimagerechtigkeit und Feminismus \u2013 One struggle, one fight!\u201c (25.09.2020)&nbsp;<a href=\"https:\/\/taz.de\/Klimagerechtigkeit-und-Feminismus\/!5715271\/\">https:\/\/taz.de\/Klimagerechtigkeit-und-Feminismus\/!5715271\/<\/a><\/li>\n\n\n\n<li>Klimareporter\u00b0: Ein Gastbeitrag von Julika Zimmermann: \u201eKlimagerechtigkeit braucht Feminismus\u201c 26.10.2020)\u00a0<a href=\"https:\/\/www.klimareporter.de\/protest\/klimagerechtigkeit-braucht-feminismus\">https:\/\/www.klimareporter.de\/protest\/klimagerechtigkeit-braucht-feminismus<\/a><br>(unseren Vortrag mit Klimareporter\u00b0 J\u00f6rg Staude zum Thema &#8220;Klima in den Medien&#8221; gibt es <a href=\"https:\/\/www.protect-the-planet.de\/en\/event\/2023-12-18-staude-klima-in-den-medien\/\">hier<\/a>)<\/li>\n\n\n\n<li>Friedrich Ebert Stiftung: Interview mit Ulrike R\u00f6hr gef\u00fchrt von Lena Kronenb\u00fcrger: An Geschlechterperspektive fehlt es bei der Klimapolitik nach wie vor\u201c (01.06.2023)&nbsp;<a href=\"https:\/\/www.fes.de\/finanzpolitik\/artikelseite-progressive-finanzpolitik\/an-geschlechterperspektive-fehlt-es-bei-der-klimapolitik-nach-wie-vor\">https:\/\/www.fes.de\/finanzpolitik\/artikelseite-progressive-finanzpolitik\/an-geschlechterperspektive-fehlt-es-bei-der-klimapolitik-nach-wie-vor<\/a><\/li>\n\n\n\n<li>Heinrich B\u00f6ll Stiftung: eine Reportage von Miriam Mona Mukalazi: \u201eKlimaschutz braucht feministische Gerechtigkeit\u201c (12.02.2024)&nbsp;<a href=\"https:\/\/www.boell.de\/de\/2024\/02\/12\/klimaschutz-braucht-feministische-gerechtigkeit\">https:\/\/www.boell.de\/de\/2024\/02\/12\/klimaschutz-braucht-feministische-gerechtigkeit<\/a><\/li>\n<\/ul>\n\n\n\n<p><\/p>\n\n\n\n<p><strong>Frauen* st\u00e4rker vom Klimawandel betroffen&nbsp;<\/strong><\/p>\n\n\n\n<ul class=\"wp-block-list\">\n<li>Utopia: Warum Frauen besonders von der Klimakrise betroffen sind (21.09.2021)&nbsp;<a href=\"https:\/\/utopia.de\/ratgeber\/frauen-klimawandel_238314\/\">https:\/\/utopia.de\/ratgeber\/frauen-klimawandel_238314\/<\/a><\/li>\n\n\n\n<li>Heinrich B\u00f6ll Stiftung: Trifft der Klimawandel Frauen h\u00e4rter als M\u00e4nner? (05.10.2009)&nbsp;<a href=\"https:\/\/www.boell.de\/de\/2009\/10\/05\/trifft-der-klimawandel-frauen-haerter-als-maenner?\">https:\/\/www.boell.de\/de\/2009\/10\/05\/trifft-der-klimawandel-frauen-haerter-als-maenner<\/a><\/li>\n\n\n\n<li>Dr. G\u00fclay \u00c7a\u011flar, Prof. Dr. Mar\u00eda do Mar Castro Varela, Dr. Helen Schwenken:&nbsp;<a href=\"https:\/\/shop.budrich.de\/produkt\/geschlecht-macht-klima\/\">Geschlecht \u2013 Macht \u2013 Klima: Feministische Perspektiven auf Klima, gesellschaftliche Naturverh\u00e4ltnisse und Gerechtigkeit<\/a><\/li>\n\n\n\n<li><\/li>\n<\/ul>\n\n\n\n<p><\/p>\n\n\n\n<p>Frauen*: Das Gendersternchen hinter dem Wort &#8220;Frauen&#8221; soll verdeutlichen, dass sich das Wort auf alle Menschen bezieht, die sich als Frau definieren.&nbsp;Es soll damit auch signalisiert werden, dass nicht nur cis-gender Frauen gemeint sind.&nbsp;<br><\/p>\n","protected":false},"excerpt":{"rendered":"<p>\u00d6kofeminismus &#8211; die Verbindung von Umwelt und Geschlechtergerechtigkeit<\/p>\n","protected":false},"author":4,"featured_media":29924,"comment_status":"closed","ping_status":"closed","sticky":false,"template":"","format":"standard","meta":{"footnotes":""},"categories":[729],"tags":[],"class_list":["post-29968","post","type-post","status-publish","format-standard","has-post-thumbnail","hentry","category-news"],"yoast_head":"<!-- This site is optimized with the Yoast SEO plugin v27.5 - https:\/\/yoast.com\/product\/yoast-seo-wordpress\/ -->\n<title>\u00d6kofeminismus - Warum Feminismus und Klimaschutz zusammengeh\u00f6ren - Protect the Planet<\/title>\n<meta name=\"description\" content=\"\u00d6kofeminismus: Feminismus und Klimaschutz geh\u00f6ren zusammen: Das ist eine unserer Grund\u00fcberzeugungen als NGO f\u00fcr Klimagerechtigkeit.\" \/>\n<meta name=\"robots\" content=\"index, follow, max-snippet:-1, max-image-preview:large, max-video-preview:-1\" \/>\n<link rel=\"canonical\" href=\"https:\/\/www.protect-the-planet.de\/en\/feminismus-und-klimaschutz\/\" \/>\n<meta property=\"og:locale\" content=\"en_US\" \/>\n<meta property=\"og:type\" content=\"article\" \/>\n<meta property=\"og:title\" content=\"\u00d6kofeminismus - Warum Feminismus und Klimaschutz zusammengeh\u00f6ren - Protect the Planet\" \/>\n<meta property=\"og:description\" content=\"\u00d6kofeminismus: Feminismus und Klimaschutz geh\u00f6ren zusammen: Das ist eine unserer Grund\u00fcberzeugungen als NGO f\u00fcr Klimagerechtigkeit.\" \/>\n<meta property=\"og:url\" content=\"https:\/\/www.protect-the-planet.de\/en\/feminismus-und-klimaschutz\/\" \/>\n<meta property=\"og:site_name\" content=\"Protect the Planet\" \/>\n<meta property=\"article:publisher\" content=\"https:\/\/www.facebook.com\/protecttheplanetDE\/\" \/>\n<meta property=\"article:published_time\" content=\"2025-03-28T10:49:56+00:00\" \/>\n<meta property=\"article:modified_time\" content=\"2025-04-04T08:48:16+00:00\" \/>\n<meta property=\"og:image\" content=\"https:\/\/www.protect-the-planet.de\/wp-content\/uploads\/2025\/03\/Oekofeminismus.jpg\" \/>\n\t<meta property=\"og:image:width\" content=\"900\" \/>\n\t<meta property=\"og:image:height\" content=\"550\" \/>\n\t<meta property=\"og:image:type\" content=\"image\/jpeg\" \/>\n<meta name=\"author\" content=\"Jana H\u00e4fner\" \/>\n<meta name=\"twitter:card\" content=\"summary_large_image\" \/>\n<meta name=\"twitter:creator\" content=\"@PtP_de\" \/>\n<meta name=\"twitter:site\" content=\"@PtP_de\" \/>\n<meta name=\"twitter:label1\" content=\"Written by\" \/>\n\t<meta name=\"twitter:data1\" content=\"Jana H\u00e4fner\" \/>\n\t<meta name=\"twitter:label2\" content=\"Est. reading time\" \/>\n\t<meta name=\"twitter:data2\" content=\"4 minutes\" \/>\n<script type=\"application\/ld+json\" class=\"yoast-schema-graph\">{\"@context\":\"https:\\\/\\\/schema.org\",\"@graph\":[{\"@type\":\"Article\",\"@id\":\"https:\\\/\\\/www.protect-the-planet.de\\\/en\\\/feminismus-und-klimaschutz\\\/#article\",\"isPartOf\":{\"@id\":\"https:\\\/\\\/www.protect-the-planet.de\\\/en\\\/feminismus-und-klimaschutz\\\/\"},\"author\":{\"name\":\"Jana H\u00e4fner\",\"@id\":\"https:\\\/\\\/www.protect-the-planet.de\\\/en\\\/#\\\/schema\\\/person\\\/94315f5fbca131d26764146a638b8fc6\"},\"headline\":\"\u00d6kofeminismus &#8211; Warum Feminismus und Klimaschutz zusammengeh\u00f6ren\",\"datePublished\":\"2025-03-28T10:49:56+00:00\",\"dateModified\":\"2025-04-04T08:48:16+00:00\",\"mainEntityOfPage\":{\"@id\":\"https:\\\/\\\/www.protect-the-planet.de\\\/en\\\/feminismus-und-klimaschutz\\\/\"},\"wordCount\":702,\"publisher\":{\"@id\":\"https:\\\/\\\/www.protect-the-planet.de\\\/en\\\/#organization\"},\"image\":{\"@id\":\"https:\\\/\\\/www.protect-the-planet.de\\\/en\\\/feminismus-und-klimaschutz\\\/#primaryimage\"},\"thumbnailUrl\":\"https:\\\/\\\/www.protect-the-planet.de\\\/wp-content\\\/uploads\\\/2025\\\/03\\\/Oekofeminismus.jpg\",\"articleSection\":[\"News\"],\"inLanguage\":\"en-US\"},{\"@type\":\"WebPage\",\"@id\":\"https:\\\/\\\/www.protect-the-planet.de\\\/en\\\/feminismus-und-klimaschutz\\\/\",\"url\":\"https:\\\/\\\/www.protect-the-planet.de\\\/en\\\/feminismus-und-klimaschutz\\\/\",\"name\":\"\u00d6kofeminismus - Warum Feminismus und Klimaschutz zusammengeh\u00f6ren - Protect the Planet\",\"isPartOf\":{\"@id\":\"https:\\\/\\\/www.protect-the-planet.de\\\/en\\\/#website\"},\"primaryImageOfPage\":{\"@id\":\"https:\\\/\\\/www.protect-the-planet.de\\\/en\\\/feminismus-und-klimaschutz\\\/#primaryimage\"},\"image\":{\"@id\":\"https:\\\/\\\/www.protect-the-planet.de\\\/en\\\/feminismus-und-klimaschutz\\\/#primaryimage\"},\"thumbnailUrl\":\"https:\\\/\\\/www.protect-the-planet.de\\\/wp-content\\\/uploads\\\/2025\\\/03\\\/Oekofeminismus.jpg\",\"datePublished\":\"2025-03-28T10:49:56+00:00\",\"dateModified\":\"2025-04-04T08:48:16+00:00\",\"description\":\"\u00d6kofeminismus: Feminismus und Klimaschutz geh\u00f6ren zusammen: Das ist eine unserer Grund\u00fcberzeugungen als NGO f\u00fcr Klimagerechtigkeit.\",\"breadcrumb\":{\"@id\":\"https:\\\/\\\/www.protect-the-planet.de\\\/en\\\/feminismus-und-klimaschutz\\\/#breadcrumb\"},\"inLanguage\":\"en-US\",\"potentialAction\":[{\"@type\":\"ReadAction\",\"target\":[\"https:\\\/\\\/www.protect-the-planet.de\\\/en\\\/feminismus-und-klimaschutz\\\/\"]}]},{\"@type\":\"ImageObject\",\"inLanguage\":\"en-US\",\"@id\":\"https:\\\/\\\/www.protect-the-planet.de\\\/en\\\/feminismus-und-klimaschutz\\\/#primaryimage\",\"url\":\"https:\\\/\\\/www.protect-the-planet.de\\\/wp-content\\\/uploads\\\/2025\\\/03\\\/Oekofeminismus.jpg\",\"contentUrl\":\"https:\\\/\\\/www.protect-the-planet.de\\\/wp-content\\\/uploads\\\/2025\\\/03\\\/Oekofeminismus.jpg\",\"width\":900,\"height\":550,\"caption\":\"Beitragsbild\"},{\"@type\":\"BreadcrumbList\",\"@id\":\"https:\\\/\\\/www.protect-the-planet.de\\\/en\\\/feminismus-und-klimaschutz\\\/#breadcrumb\",\"itemListElement\":[{\"@type\":\"ListItem\",\"position\":1,\"name\":\"Startseite\",\"item\":\"https:\\\/\\\/www.protect-the-planet.de\\\/en\\\/home\\\/\"},{\"@type\":\"ListItem\",\"position\":2,\"name\":\"\u00d6kofeminismus &#8211; Warum Feminismus und Klimaschutz zusammengeh\u00f6ren\"}]},{\"@type\":\"WebSite\",\"@id\":\"https:\\\/\\\/www.protect-the-planet.de\\\/en\\\/#website\",\"url\":\"https:\\\/\\\/www.protect-the-planet.de\\\/en\\\/\",\"name\":\"Protect the Planet\",\"description\":\"If we don&#039;t change, the climate will.\",\"publisher\":{\"@id\":\"https:\\\/\\\/www.protect-the-planet.de\\\/en\\\/#organization\"},\"alternateName\":\"Protect the Panet gGmbH\",\"potentialAction\":[{\"@type\":\"SearchAction\",\"target\":{\"@type\":\"EntryPoint\",\"urlTemplate\":\"https:\\\/\\\/www.protect-the-planet.de\\\/en\\\/?s={search_term_string}\"},\"query-input\":{\"@type\":\"PropertyValueSpecification\",\"valueRequired\":true,\"valueName\":\"search_term_string\"}}],\"inLanguage\":\"en-US\"},{\"@type\":\"Organization\",\"@id\":\"https:\\\/\\\/www.protect-the-planet.de\\\/en\\\/#organization\",\"name\":\"Protect the Planet\",\"url\":\"https:\\\/\\\/www.protect-the-planet.de\\\/en\\\/\",\"logo\":{\"@type\":\"ImageObject\",\"inLanguage\":\"en-US\",\"@id\":\"https:\\\/\\\/www.protect-the-planet.de\\\/en\\\/#\\\/schema\\\/logo\\\/image\\\/\",\"url\":\"https:\\\/\\\/www.protect-the-planet.de\\\/wp-content\\\/uploads\\\/2023\\\/09\\\/LOGO-positiv_transparent-klein.png\",\"contentUrl\":\"https:\\\/\\\/www.protect-the-planet.de\\\/wp-content\\\/uploads\\\/2023\\\/09\\\/LOGO-positiv_transparent-klein.png\",\"width\":123,\"height\":68,\"caption\":\"Protect the Planet\"},\"image\":{\"@id\":\"https:\\\/\\\/www.protect-the-planet.de\\\/en\\\/#\\\/schema\\\/logo\\\/image\\\/\"},\"sameAs\":[\"https:\\\/\\\/www.facebook.com\\\/protecttheplanetDE\\\/\",\"https:\\\/\\\/x.com\\\/PtP_de\",\"https:\\\/\\\/www.instagram.com\\\/protecttheplanetorg\\\/\",\"https:\\\/\\\/www.linkedin.com\\\/company\\\/protect-the-planet\",\"https:\\\/\\\/www.youtube.com\\\/@protecttheplanet\"]},{\"@type\":\"Person\",\"@id\":\"https:\\\/\\\/www.protect-the-planet.de\\\/en\\\/#\\\/schema\\\/person\\\/94315f5fbca131d26764146a638b8fc6\",\"name\":\"Jana H\u00e4fner\",\"image\":{\"@type\":\"ImageObject\",\"inLanguage\":\"en-US\",\"@id\":\"https:\\\/\\\/www.protect-the-planet.de\\\/wp-content\\\/uploads\\\/2024\\\/04\\\/cropped-2310_ProtectThePlanet_206-96x96.jpg\",\"url\":\"https:\\\/\\\/www.protect-the-planet.de\\\/wp-content\\\/uploads\\\/2024\\\/04\\\/cropped-2310_ProtectThePlanet_206-96x96.jpg\",\"contentUrl\":\"https:\\\/\\\/www.protect-the-planet.de\\\/wp-content\\\/uploads\\\/2024\\\/04\\\/cropped-2310_ProtectThePlanet_206-96x96.jpg\",\"caption\":\"Jana H\u00e4fner\"},\"description\":\"jana.haefner@protect-the-planet.de +49 152 53089270\",\"url\":\"https:\\\/\\\/www.protect-the-planet.de\\\/en\\\/author\\\/jana-haefner\\\/\"}]}<\/script>\n<!-- \/ Yoast SEO plugin. -->","yoast_head_json":{"title":"\u00d6kofeminismus - Warum Feminismus und Klimaschutz zusammengeh\u00f6ren - Protect the Planet","description":"\u00d6kofeminismus: Feminismus und Klimaschutz geh\u00f6ren zusammen: Das ist eine unserer Grund\u00fcberzeugungen als NGO f\u00fcr Klimagerechtigkeit.","robots":{"index":"index","follow":"follow","max-snippet":"max-snippet:-1","max-image-preview":"max-image-preview:large","max-video-preview":"max-video-preview:-1"},"canonical":"https:\/\/www.protect-the-planet.de\/en\/feminismus-und-klimaschutz\/","og_locale":"en_US","og_type":"article","og_title":"\u00d6kofeminismus - Warum Feminismus und Klimaschutz zusammengeh\u00f6ren - Protect the Planet","og_description":"\u00d6kofeminismus: Feminismus und Klimaschutz geh\u00f6ren zusammen: Das ist eine unserer Grund\u00fcberzeugungen als NGO f\u00fcr Klimagerechtigkeit.","og_url":"https:\/\/www.protect-the-planet.de\/en\/feminismus-und-klimaschutz\/","og_site_name":"Protect the Planet","article_publisher":"https:\/\/www.facebook.com\/protecttheplanetDE\/","article_published_time":"2025-03-28T10:49:56+00:00","article_modified_time":"2025-04-04T08:48:16+00:00","og_image":[{"width":900,"height":550,"url":"https:\/\/www.protect-the-planet.de\/wp-content\/uploads\/2025\/03\/Oekofeminismus.jpg","type":"image\/jpeg"}],"author":"Jana H\u00e4fner","twitter_card":"summary_large_image","twitter_creator":"@PtP_de","twitter_site":"@PtP_de","twitter_misc":{"Written by":"Jana H\u00e4fner","Est. reading time":"4 minutes"},"schema":{"@context":"https:\/\/schema.org","@graph":[{"@type":"Article","@id":"https:\/\/www.protect-the-planet.de\/en\/feminismus-und-klimaschutz\/#article","isPartOf":{"@id":"https:\/\/www.protect-the-planet.de\/en\/feminismus-und-klimaschutz\/"},"author":{"name":"Jana H\u00e4fner","@id":"https:\/\/www.protect-the-planet.de\/en\/#\/schema\/person\/94315f5fbca131d26764146a638b8fc6"},"headline":"\u00d6kofeminismus &#8211; Warum Feminismus und Klimaschutz zusammengeh\u00f6ren","datePublished":"2025-03-28T10:49:56+00:00","dateModified":"2025-04-04T08:48:16+00:00","mainEntityOfPage":{"@id":"https:\/\/www.protect-the-planet.de\/en\/feminismus-und-klimaschutz\/"},"wordCount":702,"publisher":{"@id":"https:\/\/www.protect-the-planet.de\/en\/#organization"},"image":{"@id":"https:\/\/www.protect-the-planet.de\/en\/feminismus-und-klimaschutz\/#primaryimage"},"thumbnailUrl":"https:\/\/www.protect-the-planet.de\/wp-content\/uploads\/2025\/03\/Oekofeminismus.jpg","articleSection":["News"],"inLanguage":"en-US"},{"@type":"WebPage","@id":"https:\/\/www.protect-the-planet.de\/en\/feminismus-und-klimaschutz\/","url":"https:\/\/www.protect-the-planet.de\/en\/feminismus-und-klimaschutz\/","name":"\u00d6kofeminismus - Warum Feminismus und Klimaschutz zusammengeh\u00f6ren - Protect the Planet","isPartOf":{"@id":"https:\/\/www.protect-the-planet.de\/en\/#website"},"primaryImageOfPage":{"@id":"https:\/\/www.protect-the-planet.de\/en\/feminismus-und-klimaschutz\/#primaryimage"},"image":{"@id":"https:\/\/www.protect-the-planet.de\/en\/feminismus-und-klimaschutz\/#primaryimage"},"thumbnailUrl":"https:\/\/www.protect-the-planet.de\/wp-content\/uploads\/2025\/03\/Oekofeminismus.jpg","datePublished":"2025-03-28T10:49:56+00:00","dateModified":"2025-04-04T08:48:16+00:00","description":"\u00d6kofeminismus: Feminismus und Klimaschutz geh\u00f6ren zusammen: Das ist eine unserer Grund\u00fcberzeugungen als NGO f\u00fcr Klimagerechtigkeit.","breadcrumb":{"@id":"https:\/\/www.protect-the-planet.de\/en\/feminismus-und-klimaschutz\/#breadcrumb"},"inLanguage":"en-US","potentialAction":[{"@type":"ReadAction","target":["https:\/\/www.protect-the-planet.de\/en\/feminismus-und-klimaschutz\/"]}]},{"@type":"ImageObject","inLanguage":"en-US","@id":"https:\/\/www.protect-the-planet.de\/en\/feminismus-und-klimaschutz\/#primaryimage","url":"https:\/\/www.protect-the-planet.de\/wp-content\/uploads\/2025\/03\/Oekofeminismus.jpg","contentUrl":"https:\/\/www.protect-the-planet.de\/wp-content\/uploads\/2025\/03\/Oekofeminismus.jpg","width":900,"height":550,"caption":"Beitragsbild"},{"@type":"BreadcrumbList","@id":"https:\/\/www.protect-the-planet.de\/en\/feminismus-und-klimaschutz\/#breadcrumb","itemListElement":[{"@type":"ListItem","position":1,"name":"Startseite","item":"https:\/\/www.protect-the-planet.de\/en\/home\/"},{"@type":"ListItem","position":2,"name":"\u00d6kofeminismus &#8211; Warum Feminismus und Klimaschutz zusammengeh\u00f6ren"}]},{"@type":"WebSite","@id":"https:\/\/www.protect-the-planet.de\/en\/#website","url":"https:\/\/www.protect-the-planet.de\/en\/","name":"Protect the Planet","description":"If we don&#039;t change, the climate will.","publisher":{"@id":"https:\/\/www.protect-the-planet.de\/en\/#organization"},"alternateName":"Protect the Panet gGmbH","potentialAction":[{"@type":"SearchAction","target":{"@type":"EntryPoint","urlTemplate":"https:\/\/www.protect-the-planet.de\/en\/?s={search_term_string}"},"query-input":{"@type":"PropertyValueSpecification","valueRequired":true,"valueName":"search_term_string"}}],"inLanguage":"en-US"},{"@type":"Organization","@id":"https:\/\/www.protect-the-planet.de\/en\/#organization","name":"Protect the Planet","url":"https:\/\/www.protect-the-planet.de\/en\/","logo":{"@type":"ImageObject","inLanguage":"en-US","@id":"https:\/\/www.protect-the-planet.de\/en\/#\/schema\/logo\/image\/","url":"https:\/\/www.protect-the-planet.de\/wp-content\/uploads\/2023\/09\/LOGO-positiv_transparent-klein.png","contentUrl":"https:\/\/www.protect-the-planet.de\/wp-content\/uploads\/2023\/09\/LOGO-positiv_transparent-klein.png","width":123,"height":68,"caption":"Protect the Planet"},"image":{"@id":"https:\/\/www.protect-the-planet.de\/en\/#\/schema\/logo\/image\/"},"sameAs":["https:\/\/www.facebook.com\/protecttheplanetDE\/","https:\/\/x.com\/PtP_de","https:\/\/www.instagram.com\/protecttheplanetorg\/","https:\/\/www.linkedin.com\/company\/protect-the-planet","https:\/\/www.youtube.com\/@protecttheplanet"]},{"@type":"Person","@id":"https:\/\/www.protect-the-planet.de\/en\/#\/schema\/person\/94315f5fbca131d26764146a638b8fc6","name":"Jana H\u00e4fner","image":{"@type":"ImageObject","inLanguage":"en-US","@id":"https:\/\/www.protect-the-planet.de\/wp-content\/uploads\/2024\/04\/cropped-2310_ProtectThePlanet_206-96x96.jpg","url":"https:\/\/www.protect-the-planet.de\/wp-content\/uploads\/2024\/04\/cropped-2310_ProtectThePlanet_206-96x96.jpg","contentUrl":"https:\/\/www.protect-the-planet.de\/wp-content\/uploads\/2024\/04\/cropped-2310_ProtectThePlanet_206-96x96.jpg","caption":"Jana H\u00e4fner"},"description":"jana.haefner@protect-the-planet.de +49 152 53089270","url":"https:\/\/www.protect-the-planet.de\/en\/author\/jana-haefner\/"}]}},"_links":{"self":[{"href":"https:\/\/www.protect-the-planet.de\/en\/wp-json\/wp\/v2\/posts\/29968","targetHints":{"allow":["GET"]}}],"collection":[{"href":"https:\/\/www.protect-the-planet.de\/en\/wp-json\/wp\/v2\/posts"}],"about":[{"href":"https:\/\/www.protect-the-planet.de\/en\/wp-json\/wp\/v2\/types\/post"}],"author":[{"embeddable":true,"href":"https:\/\/www.protect-the-planet.de\/en\/wp-json\/wp\/v2\/users\/4"}],"replies":[{"embeddable":true,"href":"https:\/\/www.protect-the-planet.de\/en\/wp-json\/wp\/v2\/comments?post=29968"}],"version-history":[{"count":0,"href":"https:\/\/www.protect-the-planet.de\/en\/wp-json\/wp\/v2\/posts\/29968\/revisions"}],"wp:featuredmedia":[{"embeddable":true,"href":"https:\/\/www.protect-the-planet.de\/en\/wp-json\/wp\/v2\/media\/29924"}],"wp:attachment":[{"href":"https:\/\/www.protect-the-planet.de\/en\/wp-json\/wp\/v2\/media?parent=29968"}],"wp:term":[{"taxonomy":"category","embeddable":true,"href":"https:\/\/www.protect-the-planet.de\/en\/wp-json\/wp\/v2\/categories?post=29968"},{"taxonomy":"post_tag","embeddable":true,"href":"https:\/\/www.protect-the-planet.de\/en\/wp-json\/wp\/v2\/tags?post=29968"}],"curies":[{"name":"wp","href":"https:\/\/api.w.org\/{rel}","templated":true}]}}