{"id":29966,"date":"2025-03-28T12:45:16","date_gmt":"2025-03-28T11:45:16","guid":{"rendered":"https:\/\/www.protect-the-planet.de\/appell-wirtschaftsstandort-deutschland-wir-muessen-machen\/"},"modified":"2025-04-04T10:47:24","modified_gmt":"2025-04-04T08:47:24","slug":"appell-wirtschaftsstandort-deutschland-wir-muessen-machen","status":"publish","type":"post","link":"https:\/\/www.protect-the-planet.de\/en\/appell-wirtschaftsstandort-deutschland-wir-muessen-machen\/","title":{"rendered":"&#8220;Deutschland, wir m\u00fcssen machen!&#8221; &#8211; Unternehmen appellieren f\u00fcr einen starken und klimaneutralen Wirtschaftsstandort Deutschland"},"content":{"rendered":"\n<p>Die Initiative \u201e<a href=\"https:\/\/wir-muessen-machen.de\">Deutschland, wir m\u00fcssen machen!<\/a>\u201c fordert von den zuk\u00fcnftigen Regierungsparteien eine entschlossene Klimapolitik, die Unternehmen bei der Transformation zur Klimaneutralit\u00e4t unterst\u00fctzt. Der Appell betont, wie wichtig es ist, die richtigen Rahmenbedingungen zu schaffen und Investitionen zu f\u00f6rdern f\u00fcr einen starken Wirtschaftsstandort Deutschland und mehr Innovationen.\u00a0Die Initiative will vor allem w\u00e4hrend der Koalitionsverhandlungen auf die Regierungsparteien Einfluss nehmen.<\/p>\n\n\n\n<h3 class=\"wp-block-heading\">50 Unternehmen fordern konsequente Klimapolitik von neuer Regierung&nbsp;&nbsp;<\/h3>\n\n\n\n<p>Die rund 50 Unternehmen fordern, dass die Bundesregierung beim Klimaschutz Kurs h\u00e4lt, denn so k\u00f6nne die Wettbewerbsf\u00e4higkeit Deutschlands gest\u00e4rkt werden. Kernbotschaft des Appels ist, dass Klimaziele auch Innovationsziele sind, die den Wohlstand sichern.&nbsp;&nbsp;<\/p>\n\n\n\n<p>Als Klimaschutz-NGO unterst\u00fctzen wir den Appell. F\u00fcr eine z\u00fcgige und klimaneutrale Transformation ist es wichtig, dass die Bundesregierung verl\u00e4ssliche Rahmenbedingungen schafft, die Unternehmen langfristig Orientierung geben.&nbsp;&nbsp;<\/p>\n\n\n\n<blockquote class=\"wp-block-quote is-layout-flow wp-block-quote-is-layout-flow\">\n<p><strong>Sabine Nallinger, Vorst\u00e4ndin der Stiftung KlimaWirtschaft<\/strong>, erkl\u00e4rt: \u201eAls Stimme der Wirtschaft fordern wir von der kommenden Bundesregierung einen klaren Fahrplan zur Einhaltung der Klimaziele. Neben verl\u00e4sslichen Rahmenbedingungen und mehr Pragmatismus ist f\u00fcr die kommende Legislatur deshalb vor allem eine massive Investitionsoffensive gefragt, damit Deutschland wieder wettbewerbsf\u00e4hig wird. Ein Sonderverm\u00f6gen f\u00fcr die Infrastruktur, wie es die zuk\u00fcnftigen Koalitionsparteien ins Spiel gebracht haben, muss deshalb ganz klar auf die Transformation zur Klimaneutralit\u00e4t einzahlen.\u201c\u00a0\u00a0<\/p>\n<\/blockquote>\n\n\n\n<h3 class=\"wp-block-heading\"><strong>Mehr zu den Forderungen und Zielen der Initiative:&nbsp;<\/strong>&nbsp;<\/h3>\n\n\n\n<ul class=\"wp-block-list\">\n<li>Forderungen auf klimawirtschaft.org <a href=\"https:\/\/klimawirtschaft.org\/publikationen\/positionen\/wirmuessenmachen\" target=\"_blank\" rel=\"noreferrer noopener\">https:\/\/klimawirtschaft.org\/publikationen\/positionen\/wirmuessenmachen<\/a>&nbsp;&nbsp;<\/li>\n<\/ul>\n\n\n\n<ul class=\"wp-block-list\">\n<li>Offizielle Website der Initiative \u201cWir m\u00fcssen machen\u201d <a href=\"https:\/\/wir-muessen-machen.de\/\" target=\"_blank\" rel=\"noreferrer noopener\">https:\/\/wir-muessen-machen.de<\/a>&nbsp;&nbsp;<\/li>\n<\/ul>\n\n\n\n<ul class=\"wp-block-list\">\n<li>Pressemitteilung der Stiftung Klimawirtschaft <a href=\"https:\/\/klimawirtschaft.org\/wp-content\/uploads\/2025\/03\/250310_SKW_PM_Wir_muessen_machen.pdf\" target=\"_blank\" rel=\"noreferrer noopener\">https:\/\/klimawirtschaft.org\/wp-content\/uploads\/2025\/03\/250310_SKW_PM_Wir_muessen_machen.pdf<\/a>&nbsp;&nbsp;<\/li>\n<\/ul>\n\n\n\n<p><\/p>\n\n\n\n<h3 class=\"wp-block-heading\"><strong>Zu den Unterzeichnern des Appels f\u00fcr den Wirtschaftsstandort Deutschland geh\u00f6ren: <\/strong>\u00a0<\/h3>\n\n\n\n<p>1Komma5\u00b0 GmbH, ALDI S\u00dcD Dienstleistungs-SE &amp; CO. oHG, Alterric Deutschland GmbH, Aurubis AG, Bausparkasse Schw\u00e4bisch Hall AG, BNP Paribas S.A. Niederlassung Deutschland, DAIKIN Airconditioning Germany GmbH, Deutsche Rockwool GmbH, Dirk Rossmann GmbH, Ebersp\u00e4cher Gruppe GmbH &amp; Co KG, EnBW Energie Baden-W\u00fcrttemberg AG, Enercon GmbH, Enertrag SE, EWE Aktiengesellschaft, Flix SE, GLS Gemeinschaftsbank eG, Goldbeck GmbH, Heidelberg Materials, Hermes Germany GmbH, HOFFMANN + VOSS GmbH, IKEA Deutschland GmbH &amp; Co. KG, ING Deutschland, K+S AG, Kneipp Gruppe, MAN Energy Solutions SE, Naturstrom AG, Octopus Energy Germany GmbH, Otto Fuchs KG, Otto Group, Otto GmbH &amp; Co KG, Phoenix Contact Power Suppliers GmbH, Papier- und Kartonfabrik Varel GmbH &amp; Co KG, Saint-Gobain Germany &amp; Austria, Salzgitter AG, Sch\u00fcco International KG, Sick GmbH, Signify GmbH, SMA Solar Technology AG, SMS group GmbH, S. Siedle &amp; S\u00f6hne Telefon- und Telegrafenwerke OHG, Strabag SE, Sunfire AG, Thermondo, Trianel GmbH, Union Asset Management Holding AG, Vaude Sport GmbH &amp; Co KG, Velux Deutschland GmbH, VTG GmbH, Wacker Chemie AG, Wilkhahn+Hahne GmbH+Co. KG, ZINQ GmbH &amp; CO. KG\u00a0<\/p>\n","protected":false},"excerpt":{"rendered":"<p>&#8220;Deutschland, wir m\u00fcssen machen!&#8221; &#8211; 50 Unternehmen fordern konsequente Klimapolitik von der neuen Regierung.<\/p>\n","protected":false},"author":4,"featured_media":29919,"comment_status":"closed","ping_status":"closed","sticky":false,"template":"","format":"standard","meta":{"footnotes":""},"categories":[729],"tags":[826,710,778,1226],"class_list":["post-29966","post","type-post","status-publish","format-standard","has-post-thumbnail","hentry","category-news","tag-klimaneutralitaet-en","tag-klimaschutz-en","tag-unternehmen-en","tag-wirtschaft-en"],"yoast_head":"<!-- This site is optimized with the Yoast SEO plugin v27.5 - https:\/\/yoast.com\/product\/yoast-seo-wordpress\/ -->\n<title>&quot;Deutschland, wir m\u00fcssen machen!&quot; - Unternehmen appellieren f\u00fcr einen starken und klimaneutralen Wirtschaftsstandort Deutschland - Protect the Planet<\/title>\n<meta name=\"description\" content=\"&quot;Deutschland, wir m\u00fcssen machen!&quot; - 50 Unternehmen fordern konsequente Klimapolitik f\u00fcr den Wirtschaftsstandort Deutschland.\" \/>\n<meta name=\"robots\" content=\"index, follow, max-snippet:-1, max-image-preview:large, max-video-preview:-1\" \/>\n<link rel=\"canonical\" href=\"https:\/\/www.protect-the-planet.de\/en\/appell-wirtschaftsstandort-deutschland-wir-muessen-machen\/\" \/>\n<meta property=\"og:locale\" content=\"en_US\" \/>\n<meta property=\"og:type\" content=\"article\" \/>\n<meta property=\"og:title\" content=\"&quot;Deutschland, wir m\u00fcssen machen!&quot; - Unternehmen appellieren f\u00fcr einen starken und klimaneutralen Wirtschaftsstandort Deutschland - Protect the Planet\" \/>\n<meta property=\"og:description\" content=\"&quot;Deutschland, wir m\u00fcssen machen!&quot; - 50 Unternehmen fordern konsequente Klimapolitik f\u00fcr den Wirtschaftsstandort Deutschland.\" \/>\n<meta property=\"og:url\" content=\"https:\/\/www.protect-the-planet.de\/en\/appell-wirtschaftsstandort-deutschland-wir-muessen-machen\/\" \/>\n<meta property=\"og:site_name\" content=\"Protect the Planet\" \/>\n<meta property=\"article:publisher\" content=\"https:\/\/www.facebook.com\/protecttheplanetDE\/\" \/>\n<meta property=\"article:published_time\" content=\"2025-03-28T11:45:16+00:00\" \/>\n<meta property=\"article:modified_time\" content=\"2025-04-04T08:47:24+00:00\" \/>\n<meta property=\"og:image\" content=\"https:\/\/www.protect-the-planet.de\/wp-content\/uploads\/2025\/03\/2025-03-25-Appell-KlimaWirtschaft.jpg\" \/>\n\t<meta property=\"og:image:width\" content=\"900\" \/>\n\t<meta property=\"og:image:height\" content=\"550\" \/>\n\t<meta property=\"og:image:type\" content=\"image\/jpeg\" \/>\n<meta name=\"author\" content=\"Jana H\u00e4fner\" \/>\n<meta name=\"twitter:card\" content=\"summary_large_image\" \/>\n<meta name=\"twitter:creator\" content=\"@PtP_de\" \/>\n<meta name=\"twitter:site\" content=\"@PtP_de\" \/>\n<meta name=\"twitter:label1\" content=\"Written by\" \/>\n\t<meta name=\"twitter:data1\" content=\"Jana H\u00e4fner\" \/>\n\t<meta name=\"twitter:label2\" content=\"Est. reading time\" \/>\n\t<meta name=\"twitter:data2\" content=\"2 minutes\" \/>\n<script type=\"application\/ld+json\" class=\"yoast-schema-graph\">{\"@context\":\"https:\\\/\\\/schema.org\",\"@graph\":[{\"@type\":\"Article\",\"@id\":\"https:\\\/\\\/www.protect-the-planet.de\\\/en\\\/appell-wirtschaftsstandort-deutschland-wir-muessen-machen\\\/#article\",\"isPartOf\":{\"@id\":\"https:\\\/\\\/www.protect-the-planet.de\\\/en\\\/appell-wirtschaftsstandort-deutschland-wir-muessen-machen\\\/\"},\"author\":{\"name\":\"Jana H\u00e4fner\",\"@id\":\"https:\\\/\\\/www.protect-the-planet.de\\\/en\\\/#\\\/schema\\\/person\\\/94315f5fbca131d26764146a638b8fc6\"},\"headline\":\"&#8220;Deutschland, wir m\u00fcssen machen!&#8221; &#8211; Unternehmen appellieren f\u00fcr einen starken und klimaneutralen Wirtschaftsstandort Deutschland\",\"datePublished\":\"2025-03-28T11:45:16+00:00\",\"dateModified\":\"2025-04-04T08:47:24+00:00\",\"mainEntityOfPage\":{\"@id\":\"https:\\\/\\\/www.protect-the-planet.de\\\/en\\\/appell-wirtschaftsstandort-deutschland-wir-muessen-machen\\\/\"},\"wordCount\":485,\"publisher\":{\"@id\":\"https:\\\/\\\/www.protect-the-planet.de\\\/en\\\/#organization\"},\"image\":{\"@id\":\"https:\\\/\\\/www.protect-the-planet.de\\\/en\\\/appell-wirtschaftsstandort-deutschland-wir-muessen-machen\\\/#primaryimage\"},\"thumbnailUrl\":\"https:\\\/\\\/www.protect-the-planet.de\\\/wp-content\\\/uploads\\\/2025\\\/03\\\/2025-03-25-Appell-KlimaWirtschaft.jpg\",\"keywords\":[\"Klimaneutralit\u00e4t\",\"Klimaschutz\",\"unternehmen\",\"Wirtschaft\"],\"articleSection\":[\"News\"],\"inLanguage\":\"en-US\"},{\"@type\":\"WebPage\",\"@id\":\"https:\\\/\\\/www.protect-the-planet.de\\\/en\\\/appell-wirtschaftsstandort-deutschland-wir-muessen-machen\\\/\",\"url\":\"https:\\\/\\\/www.protect-the-planet.de\\\/en\\\/appell-wirtschaftsstandort-deutschland-wir-muessen-machen\\\/\",\"name\":\"\\\"Deutschland, wir m\u00fcssen machen!\\\" - Unternehmen appellieren f\u00fcr einen starken und klimaneutralen Wirtschaftsstandort Deutschland - Protect the Planet\",\"isPartOf\":{\"@id\":\"https:\\\/\\\/www.protect-the-planet.de\\\/en\\\/#website\"},\"primaryImageOfPage\":{\"@id\":\"https:\\\/\\\/www.protect-the-planet.de\\\/en\\\/appell-wirtschaftsstandort-deutschland-wir-muessen-machen\\\/#primaryimage\"},\"image\":{\"@id\":\"https:\\\/\\\/www.protect-the-planet.de\\\/en\\\/appell-wirtschaftsstandort-deutschland-wir-muessen-machen\\\/#primaryimage\"},\"thumbnailUrl\":\"https:\\\/\\\/www.protect-the-planet.de\\\/wp-content\\\/uploads\\\/2025\\\/03\\\/2025-03-25-Appell-KlimaWirtschaft.jpg\",\"datePublished\":\"2025-03-28T11:45:16+00:00\",\"dateModified\":\"2025-04-04T08:47:24+00:00\",\"description\":\"\\\"Deutschland, wir m\u00fcssen machen!\\\" - 50 Unternehmen fordern konsequente Klimapolitik f\u00fcr den Wirtschaftsstandort Deutschland.\",\"breadcrumb\":{\"@id\":\"https:\\\/\\\/www.protect-the-planet.de\\\/en\\\/appell-wirtschaftsstandort-deutschland-wir-muessen-machen\\\/#breadcrumb\"},\"inLanguage\":\"en-US\",\"potentialAction\":[{\"@type\":\"ReadAction\",\"target\":[\"https:\\\/\\\/www.protect-the-planet.de\\\/en\\\/appell-wirtschaftsstandort-deutschland-wir-muessen-machen\\\/\"]}]},{\"@type\":\"ImageObject\",\"inLanguage\":\"en-US\",\"@id\":\"https:\\\/\\\/www.protect-the-planet.de\\\/en\\\/appell-wirtschaftsstandort-deutschland-wir-muessen-machen\\\/#primaryimage\",\"url\":\"https:\\\/\\\/www.protect-the-planet.de\\\/wp-content\\\/uploads\\\/2025\\\/03\\\/2025-03-25-Appell-KlimaWirtschaft.jpg\",\"contentUrl\":\"https:\\\/\\\/www.protect-the-planet.de\\\/wp-content\\\/uploads\\\/2025\\\/03\\\/2025-03-25-Appell-KlimaWirtschaft.jpg\",\"width\":900,\"height\":550,\"caption\":\"2025-03-25 Beitragsbild Appell KlimaWirtschaft\"},{\"@type\":\"BreadcrumbList\",\"@id\":\"https:\\\/\\\/www.protect-the-planet.de\\\/en\\\/appell-wirtschaftsstandort-deutschland-wir-muessen-machen\\\/#breadcrumb\",\"itemListElement\":[{\"@type\":\"ListItem\",\"position\":1,\"name\":\"Startseite\",\"item\":\"https:\\\/\\\/www.protect-the-planet.de\\\/en\\\/home\\\/\"},{\"@type\":\"ListItem\",\"position\":2,\"name\":\"&#8222;Deutschland, wir m\u00fcssen machen!&#8220; &#8211; Unternehmen appellieren f\u00fcr einen starken und klimaneutralen Wirtschaftsstandort Deutschland\"}]},{\"@type\":\"WebSite\",\"@id\":\"https:\\\/\\\/www.protect-the-planet.de\\\/en\\\/#website\",\"url\":\"https:\\\/\\\/www.protect-the-planet.de\\\/en\\\/\",\"name\":\"Protect the Planet\",\"description\":\"If we don&#039;t change, the climate will.\",\"publisher\":{\"@id\":\"https:\\\/\\\/www.protect-the-planet.de\\\/en\\\/#organization\"},\"alternateName\":\"Protect the Panet gGmbH\",\"potentialAction\":[{\"@type\":\"SearchAction\",\"target\":{\"@type\":\"EntryPoint\",\"urlTemplate\":\"https:\\\/\\\/www.protect-the-planet.de\\\/en\\\/?s={search_term_string}\"},\"query-input\":{\"@type\":\"PropertyValueSpecification\",\"valueRequired\":true,\"valueName\":\"search_term_string\"}}],\"inLanguage\":\"en-US\"},{\"@type\":\"Organization\",\"@id\":\"https:\\\/\\\/www.protect-the-planet.de\\\/en\\\/#organization\",\"name\":\"Protect the Planet\",\"url\":\"https:\\\/\\\/www.protect-the-planet.de\\\/en\\\/\",\"logo\":{\"@type\":\"ImageObject\",\"inLanguage\":\"en-US\",\"@id\":\"https:\\\/\\\/www.protect-the-planet.de\\\/en\\\/#\\\/schema\\\/logo\\\/image\\\/\",\"url\":\"https:\\\/\\\/www.protect-the-planet.de\\\/wp-content\\\/uploads\\\/2023\\\/09\\\/LOGO-positiv_transparent-klein.png\",\"contentUrl\":\"https:\\\/\\\/www.protect-the-planet.de\\\/wp-content\\\/uploads\\\/2023\\\/09\\\/LOGO-positiv_transparent-klein.png\",\"width\":123,\"height\":68,\"caption\":\"Protect the Planet\"},\"image\":{\"@id\":\"https:\\\/\\\/www.protect-the-planet.de\\\/en\\\/#\\\/schema\\\/logo\\\/image\\\/\"},\"sameAs\":[\"https:\\\/\\\/www.facebook.com\\\/protecttheplanetDE\\\/\",\"https:\\\/\\\/x.com\\\/PtP_de\",\"https:\\\/\\\/www.instagram.com\\\/protecttheplanetorg\\\/\",\"https:\\\/\\\/www.linkedin.com\\\/company\\\/protect-the-planet\",\"https:\\\/\\\/www.youtube.com\\\/@protecttheplanet\"]},{\"@type\":\"Person\",\"@id\":\"https:\\\/\\\/www.protect-the-planet.de\\\/en\\\/#\\\/schema\\\/person\\\/94315f5fbca131d26764146a638b8fc6\",\"name\":\"Jana H\u00e4fner\",\"image\":{\"@type\":\"ImageObject\",\"inLanguage\":\"en-US\",\"@id\":\"https:\\\/\\\/www.protect-the-planet.de\\\/wp-content\\\/uploads\\\/2024\\\/04\\\/cropped-2310_ProtectThePlanet_206-96x96.jpg\",\"url\":\"https:\\\/\\\/www.protect-the-planet.de\\\/wp-content\\\/uploads\\\/2024\\\/04\\\/cropped-2310_ProtectThePlanet_206-96x96.jpg\",\"contentUrl\":\"https:\\\/\\\/www.protect-the-planet.de\\\/wp-content\\\/uploads\\\/2024\\\/04\\\/cropped-2310_ProtectThePlanet_206-96x96.jpg\",\"caption\":\"Jana H\u00e4fner\"},\"description\":\"jana.haefner@protect-the-planet.de +49 152 53089270\",\"url\":\"https:\\\/\\\/www.protect-the-planet.de\\\/en\\\/author\\\/jana-haefner\\\/\"}]}<\/script>\n<!-- \/ Yoast SEO plugin. -->","yoast_head_json":{"title":"\"Deutschland, wir m\u00fcssen machen!\" - Unternehmen appellieren f\u00fcr einen starken und klimaneutralen Wirtschaftsstandort Deutschland - Protect the Planet","description":"\"Deutschland, wir m\u00fcssen machen!\" - 50 Unternehmen fordern konsequente Klimapolitik f\u00fcr den Wirtschaftsstandort Deutschland.","robots":{"index":"index","follow":"follow","max-snippet":"max-snippet:-1","max-image-preview":"max-image-preview:large","max-video-preview":"max-video-preview:-1"},"canonical":"https:\/\/www.protect-the-planet.de\/en\/appell-wirtschaftsstandort-deutschland-wir-muessen-machen\/","og_locale":"en_US","og_type":"article","og_title":"\"Deutschland, wir m\u00fcssen machen!\" - Unternehmen appellieren f\u00fcr einen starken und klimaneutralen Wirtschaftsstandort Deutschland - Protect the Planet","og_description":"\"Deutschland, wir m\u00fcssen machen!\" - 50 Unternehmen fordern konsequente Klimapolitik f\u00fcr den Wirtschaftsstandort Deutschland.","og_url":"https:\/\/www.protect-the-planet.de\/en\/appell-wirtschaftsstandort-deutschland-wir-muessen-machen\/","og_site_name":"Protect the Planet","article_publisher":"https:\/\/www.facebook.com\/protecttheplanetDE\/","article_published_time":"2025-03-28T11:45:16+00:00","article_modified_time":"2025-04-04T08:47:24+00:00","og_image":[{"width":900,"height":550,"url":"https:\/\/www.protect-the-planet.de\/wp-content\/uploads\/2025\/03\/2025-03-25-Appell-KlimaWirtschaft.jpg","type":"image\/jpeg"}],"author":"Jana H\u00e4fner","twitter_card":"summary_large_image","twitter_creator":"@PtP_de","twitter_site":"@PtP_de","twitter_misc":{"Written by":"Jana H\u00e4fner","Est. reading time":"2 minutes"},"schema":{"@context":"https:\/\/schema.org","@graph":[{"@type":"Article","@id":"https:\/\/www.protect-the-planet.de\/en\/appell-wirtschaftsstandort-deutschland-wir-muessen-machen\/#article","isPartOf":{"@id":"https:\/\/www.protect-the-planet.de\/en\/appell-wirtschaftsstandort-deutschland-wir-muessen-machen\/"},"author":{"name":"Jana H\u00e4fner","@id":"https:\/\/www.protect-the-planet.de\/en\/#\/schema\/person\/94315f5fbca131d26764146a638b8fc6"},"headline":"&#8220;Deutschland, wir m\u00fcssen machen!&#8221; &#8211; Unternehmen appellieren f\u00fcr einen starken und klimaneutralen Wirtschaftsstandort Deutschland","datePublished":"2025-03-28T11:45:16+00:00","dateModified":"2025-04-04T08:47:24+00:00","mainEntityOfPage":{"@id":"https:\/\/www.protect-the-planet.de\/en\/appell-wirtschaftsstandort-deutschland-wir-muessen-machen\/"},"wordCount":485,"publisher":{"@id":"https:\/\/www.protect-the-planet.de\/en\/#organization"},"image":{"@id":"https:\/\/www.protect-the-planet.de\/en\/appell-wirtschaftsstandort-deutschland-wir-muessen-machen\/#primaryimage"},"thumbnailUrl":"https:\/\/www.protect-the-planet.de\/wp-content\/uploads\/2025\/03\/2025-03-25-Appell-KlimaWirtschaft.jpg","keywords":["Klimaneutralit\u00e4t","Klimaschutz","unternehmen","Wirtschaft"],"articleSection":["News"],"inLanguage":"en-US"},{"@type":"WebPage","@id":"https:\/\/www.protect-the-planet.de\/en\/appell-wirtschaftsstandort-deutschland-wir-muessen-machen\/","url":"https:\/\/www.protect-the-planet.de\/en\/appell-wirtschaftsstandort-deutschland-wir-muessen-machen\/","name":"\"Deutschland, wir m\u00fcssen machen!\" - Unternehmen appellieren f\u00fcr einen starken und klimaneutralen Wirtschaftsstandort Deutschland - Protect the Planet","isPartOf":{"@id":"https:\/\/www.protect-the-planet.de\/en\/#website"},"primaryImageOfPage":{"@id":"https:\/\/www.protect-the-planet.de\/en\/appell-wirtschaftsstandort-deutschland-wir-muessen-machen\/#primaryimage"},"image":{"@id":"https:\/\/www.protect-the-planet.de\/en\/appell-wirtschaftsstandort-deutschland-wir-muessen-machen\/#primaryimage"},"thumbnailUrl":"https:\/\/www.protect-the-planet.de\/wp-content\/uploads\/2025\/03\/2025-03-25-Appell-KlimaWirtschaft.jpg","datePublished":"2025-03-28T11:45:16+00:00","dateModified":"2025-04-04T08:47:24+00:00","description":"\"Deutschland, wir m\u00fcssen machen!\" - 50 Unternehmen fordern konsequente Klimapolitik f\u00fcr den Wirtschaftsstandort Deutschland.","breadcrumb":{"@id":"https:\/\/www.protect-the-planet.de\/en\/appell-wirtschaftsstandort-deutschland-wir-muessen-machen\/#breadcrumb"},"inLanguage":"en-US","potentialAction":[{"@type":"ReadAction","target":["https:\/\/www.protect-the-planet.de\/en\/appell-wirtschaftsstandort-deutschland-wir-muessen-machen\/"]}]},{"@type":"ImageObject","inLanguage":"en-US","@id":"https:\/\/www.protect-the-planet.de\/en\/appell-wirtschaftsstandort-deutschland-wir-muessen-machen\/#primaryimage","url":"https:\/\/www.protect-the-planet.de\/wp-content\/uploads\/2025\/03\/2025-03-25-Appell-KlimaWirtschaft.jpg","contentUrl":"https:\/\/www.protect-the-planet.de\/wp-content\/uploads\/2025\/03\/2025-03-25-Appell-KlimaWirtschaft.jpg","width":900,"height":550,"caption":"2025-03-25 Beitragsbild Appell KlimaWirtschaft"},{"@type":"BreadcrumbList","@id":"https:\/\/www.protect-the-planet.de\/en\/appell-wirtschaftsstandort-deutschland-wir-muessen-machen\/#breadcrumb","itemListElement":[{"@type":"ListItem","position":1,"name":"Startseite","item":"https:\/\/www.protect-the-planet.de\/en\/home\/"},{"@type":"ListItem","position":2,"name":"&#8222;Deutschland, wir m\u00fcssen machen!&#8220; &#8211; Unternehmen appellieren f\u00fcr einen starken und klimaneutralen Wirtschaftsstandort Deutschland"}]},{"@type":"WebSite","@id":"https:\/\/www.protect-the-planet.de\/en\/#website","url":"https:\/\/www.protect-the-planet.de\/en\/","name":"Protect the Planet","description":"If we don&#039;t change, the climate will.","publisher":{"@id":"https:\/\/www.protect-the-planet.de\/en\/#organization"},"alternateName":"Protect the Panet gGmbH","potentialAction":[{"@type":"SearchAction","target":{"@type":"EntryPoint","urlTemplate":"https:\/\/www.protect-the-planet.de\/en\/?s={search_term_string}"},"query-input":{"@type":"PropertyValueSpecification","valueRequired":true,"valueName":"search_term_string"}}],"inLanguage":"en-US"},{"@type":"Organization","@id":"https:\/\/www.protect-the-planet.de\/en\/#organization","name":"Protect the Planet","url":"https:\/\/www.protect-the-planet.de\/en\/","logo":{"@type":"ImageObject","inLanguage":"en-US","@id":"https:\/\/www.protect-the-planet.de\/en\/#\/schema\/logo\/image\/","url":"https:\/\/www.protect-the-planet.de\/wp-content\/uploads\/2023\/09\/LOGO-positiv_transparent-klein.png","contentUrl":"https:\/\/www.protect-the-planet.de\/wp-content\/uploads\/2023\/09\/LOGO-positiv_transparent-klein.png","width":123,"height":68,"caption":"Protect the Planet"},"image":{"@id":"https:\/\/www.protect-the-planet.de\/en\/#\/schema\/logo\/image\/"},"sameAs":["https:\/\/www.facebook.com\/protecttheplanetDE\/","https:\/\/x.com\/PtP_de","https:\/\/www.instagram.com\/protecttheplanetorg\/","https:\/\/www.linkedin.com\/company\/protect-the-planet","https:\/\/www.youtube.com\/@protecttheplanet"]},{"@type":"Person","@id":"https:\/\/www.protect-the-planet.de\/en\/#\/schema\/person\/94315f5fbca131d26764146a638b8fc6","name":"Jana H\u00e4fner","image":{"@type":"ImageObject","inLanguage":"en-US","@id":"https:\/\/www.protect-the-planet.de\/wp-content\/uploads\/2024\/04\/cropped-2310_ProtectThePlanet_206-96x96.jpg","url":"https:\/\/www.protect-the-planet.de\/wp-content\/uploads\/2024\/04\/cropped-2310_ProtectThePlanet_206-96x96.jpg","contentUrl":"https:\/\/www.protect-the-planet.de\/wp-content\/uploads\/2024\/04\/cropped-2310_ProtectThePlanet_206-96x96.jpg","caption":"Jana H\u00e4fner"},"description":"jana.haefner@protect-the-planet.de +49 152 53089270","url":"https:\/\/www.protect-the-planet.de\/en\/author\/jana-haefner\/"}]}},"_links":{"self":[{"href":"https:\/\/www.protect-the-planet.de\/en\/wp-json\/wp\/v2\/posts\/29966","targetHints":{"allow":["GET"]}}],"collection":[{"href":"https:\/\/www.protect-the-planet.de\/en\/wp-json\/wp\/v2\/posts"}],"about":[{"href":"https:\/\/www.protect-the-planet.de\/en\/wp-json\/wp\/v2\/types\/post"}],"author":[{"embeddable":true,"href":"https:\/\/www.protect-the-planet.de\/en\/wp-json\/wp\/v2\/users\/4"}],"replies":[{"embeddable":true,"href":"https:\/\/www.protect-the-planet.de\/en\/wp-json\/wp\/v2\/comments?post=29966"}],"version-history":[{"count":0,"href":"https:\/\/www.protect-the-planet.de\/en\/wp-json\/wp\/v2\/posts\/29966\/revisions"}],"wp:featuredmedia":[{"embeddable":true,"href":"https:\/\/www.protect-the-planet.de\/en\/wp-json\/wp\/v2\/media\/29919"}],"wp:attachment":[{"href":"https:\/\/www.protect-the-planet.de\/en\/wp-json\/wp\/v2\/media?parent=29966"}],"wp:term":[{"taxonomy":"category","embeddable":true,"href":"https:\/\/www.protect-the-planet.de\/en\/wp-json\/wp\/v2\/categories?post=29966"},{"taxonomy":"post_tag","embeddable":true,"href":"https:\/\/www.protect-the-planet.de\/en\/wp-json\/wp\/v2\/tags?post=29966"}],"curies":[{"name":"wp","href":"https:\/\/api.w.org\/{rel}","templated":true}]}}