{"id":29964,"date":"2025-04-03T13:26:29","date_gmt":"2025-04-03T11:26:29","guid":{"rendered":"https:\/\/www.protect-the-planet.de\/verstaerkung-im-team-marlene-schorr-unterstuetzt-protect-the-planet-als-werkstudentin\/"},"modified":"2025-04-04T10:46:39","modified_gmt":"2025-04-04T08:46:39","slug":"verstaerkung-im-team-marlene-schorr-unterstuetzt-protect-the-planet-als-werkstudentin","status":"publish","type":"post","link":"https:\/\/www.protect-the-planet.de\/en\/verstaerkung-im-team-marlene-schorr-unterstuetzt-protect-the-planet-als-werkstudentin\/","title":{"rendered":"Verst\u00e4rkung im Team! Marlene Schorr unterst\u00fctzt Protect the Planet als Werkstudentin"},"content":{"rendered":"\n<p>Wir haben Verst\u00e4rkung f\u00fcr Protect The Planet! Seit M\u00e4rz ist Marlene als Werkstudentin im Bereich Kommunikation und Events Teil unseres Teams. Mit ihrem Engagement und ihrer Kreativit\u00e4t sorgt sie f\u00fcr spannende und fachliche fundierte Beitr\u00e4ge und Events.<\/p>\n\n\n\n<p>Marlene hat im Bachelor internationale Betriebswirtschaftslehre und Volkswirtschaftslehre studiert und studiert und ist im Rahmen ihrer Bachelorarbeit auf die Themen Nachhaltigkeit und Klimaschutz gesto\u00dfen. W\u00e4hrend Ihres Studiums engagierte sie sich zus\u00e4tzlich in einer studentischen Beratung. Dort \u00fcbernahm sie die Leitung des \u00d6ffentlichkeitsressorts und sammelte wertvolle Erfahrungen in der internen Organisation sowie in der Durchf\u00fchrung externer Projekte. Zus\u00e4tzlich engagierte sie sich als Vorst\u00e4ndin und konnte somit Nachhaltikgeit mehr in den Verein bringen.&nbsp;<\/p>\n\n\n\n<p>W\u00e4hrend ihres Gap Years vertiefte Marlene ihr Wissen und ihre praktischen F\u00e4higkeiten durch verschiedene Praktika im Bereich Nachhaltigkeit, Umweltschutz und Kreislaufwirtschaft. Sie sammelte Erfahrungen in einem gro\u00dfen Konzern ebenso wie in kleineren und gr\u00f6\u00dferen Beratungsunternehmen. Diese Einblicke in die Wirtschaft erweitern nicht nur ihre Perspektive, sondern bringen auch wertvolle Impulse f\u00fcr unser Team und die wissenschaftliche Arbeit von Protect The Planet.&nbsp;<\/p>\n\n\n\n<p>Derzeit ist Marlene im Masterstudium \u201eNachhaltigkeit und Transformation\u201c an der Hochschule Landshut eingeschrieben. Durch ihr Studium, das einen interdisziplin\u00e4ren Ansatz verfolgt, erweitert sie ihr Wissen in den Bereichen nachhaltige Entwicklung, Klimaschutz und Umweltschutz. Mit ihrer Kombination aus theoretischem Wissen und praktischen Erfahrungen ist sie bestens ger\u00fcstet, um unser Team tatkr\u00e4ftig zu unterst\u00fctzen.<\/p>\n\n\n\n<p>Wir sind sehr froh, dass Marlene dabei ist und sind \u00fcberzeugt, dass sie mit ihrer Expertise und Leidenschaft einen wichtigen Beitrag zur Weiterentwicklung von Protect The Planet leisten wird.<\/p>\n\n\n\n<p>Willkommen im Team!&nbsp;<\/p>\n\n\n\n<p><\/p>\n","protected":false},"excerpt":{"rendered":"<p>Wir haben Verst\u00e4rkung f\u00fcr Protect The Planet! Seit M\u00e4rz ist Marlene als Werkstudentin im Bereich Kommunikation und Events Teil unseres Teams. Mit ihrem Engagement und ihrer Kreativit\u00e4t sorgt sie f\u00fcr spannende und fachliche fundierte Beitr\u00e4ge und Events. Marlene hat im Bachelor internationale Betriebswirtschaftslehre und Volkswirtschaftslehre studiert und studiert und ist im Rahmen ihrer Bachelorarbeit auf [&hellip;]<\/p>\n","protected":false},"author":10,"featured_media":29942,"comment_status":"closed","ping_status":"closed","sticky":false,"template":"","format":"standard","meta":{"footnotes":""},"categories":[729],"tags":[],"class_list":["post-29964","post","type-post","status-publish","format-standard","has-post-thumbnail","hentry","category-news"],"yoast_head":"<!-- This site is optimized with the Yoast SEO plugin v27.5 - https:\/\/yoast.com\/product\/yoast-seo-wordpress\/ -->\n<title>Verst\u00e4rkung im Team! Marlene Schorr unterst\u00fctzt Protect the Planet als Werkstudentin - Protect the Planet<\/title>\n<meta name=\"description\" content=\"Wir haben Verst\u00e4rkung f\u00fcr Protect The Planet! Seit M\u00e4rz ist Marlene als Werkstudentin im Bereich Kommunikation und Events Teil unseres Teams.\" \/>\n<meta name=\"robots\" content=\"index, follow, max-snippet:-1, max-image-preview:large, max-video-preview:-1\" \/>\n<link rel=\"canonical\" href=\"https:\/\/www.protect-the-planet.de\/en\/verstaerkung-im-team-marlene-schorr-unterstuetzt-protect-the-planet-als-werkstudentin\/\" \/>\n<meta property=\"og:locale\" content=\"en_US\" \/>\n<meta property=\"og:type\" content=\"article\" \/>\n<meta property=\"og:title\" content=\"Verst\u00e4rkung im Team! Marlene Schorr unterst\u00fctzt Protect the Planet als Werkstudentin - Protect the Planet\" \/>\n<meta property=\"og:description\" content=\"Wir haben Verst\u00e4rkung f\u00fcr Protect The Planet! Seit M\u00e4rz ist Marlene als Werkstudentin im Bereich Kommunikation und Events Teil unseres Teams.\" \/>\n<meta property=\"og:url\" content=\"https:\/\/www.protect-the-planet.de\/en\/verstaerkung-im-team-marlene-schorr-unterstuetzt-protect-the-planet-als-werkstudentin\/\" \/>\n<meta property=\"og:site_name\" content=\"Protect the Planet\" \/>\n<meta property=\"article:publisher\" content=\"https:\/\/www.facebook.com\/protecttheplanetDE\/\" \/>\n<meta property=\"article:published_time\" content=\"2025-04-03T11:26:29+00:00\" \/>\n<meta property=\"article:modified_time\" content=\"2025-04-04T08:46:39+00:00\" \/>\n<meta property=\"og:image\" content=\"https:\/\/www.protect-the-planet.de\/wp-content\/uploads\/2025\/04\/marlene-schorr.jpg\" \/>\n\t<meta property=\"og:image:width\" content=\"900\" \/>\n\t<meta property=\"og:image:height\" content=\"550\" \/>\n\t<meta property=\"og:image:type\" content=\"image\/jpeg\" \/>\n<meta name=\"author\" content=\"Marlene Schorr\" \/>\n<meta name=\"twitter:card\" content=\"summary_large_image\" \/>\n<meta name=\"twitter:creator\" content=\"@PtP_de\" \/>\n<meta name=\"twitter:site\" content=\"@PtP_de\" \/>\n<meta name=\"twitter:label1\" content=\"Written by\" \/>\n\t<meta name=\"twitter:data1\" content=\"Marlene Schorr\" \/>\n\t<meta name=\"twitter:label2\" content=\"Est. reading time\" \/>\n\t<meta name=\"twitter:data2\" content=\"2 minutes\" \/>\n<script type=\"application\/ld+json\" class=\"yoast-schema-graph\">{\"@context\":\"https:\\\/\\\/schema.org\",\"@graph\":[{\"@type\":\"Article\",\"@id\":\"https:\\\/\\\/www.protect-the-planet.de\\\/en\\\/verstaerkung-im-team-marlene-schorr-unterstuetzt-protect-the-planet-als-werkstudentin\\\/#article\",\"isPartOf\":{\"@id\":\"https:\\\/\\\/www.protect-the-planet.de\\\/en\\\/verstaerkung-im-team-marlene-schorr-unterstuetzt-protect-the-planet-als-werkstudentin\\\/\"},\"author\":{\"name\":\"Marlene Schorr\",\"@id\":\"https:\\\/\\\/www.protect-the-planet.de\\\/en\\\/#\\\/schema\\\/person\\\/c5f68fff219fefde61da571621343455\"},\"headline\":\"Verst\u00e4rkung im Team! Marlene Schorr unterst\u00fctzt Protect the Planet als Werkstudentin\",\"datePublished\":\"2025-04-03T11:26:29+00:00\",\"dateModified\":\"2025-04-04T08:46:39+00:00\",\"mainEntityOfPage\":{\"@id\":\"https:\\\/\\\/www.protect-the-planet.de\\\/en\\\/verstaerkung-im-team-marlene-schorr-unterstuetzt-protect-the-planet-als-werkstudentin\\\/\"},\"wordCount\":290,\"publisher\":{\"@id\":\"https:\\\/\\\/www.protect-the-planet.de\\\/en\\\/#organization\"},\"image\":{\"@id\":\"https:\\\/\\\/www.protect-the-planet.de\\\/en\\\/verstaerkung-im-team-marlene-schorr-unterstuetzt-protect-the-planet-als-werkstudentin\\\/#primaryimage\"},\"thumbnailUrl\":\"https:\\\/\\\/www.protect-the-planet.de\\\/wp-content\\\/uploads\\\/2025\\\/04\\\/marlene-schorr.jpg\",\"articleSection\":[\"News\"],\"inLanguage\":\"en-US\"},{\"@type\":\"WebPage\",\"@id\":\"https:\\\/\\\/www.protect-the-planet.de\\\/en\\\/verstaerkung-im-team-marlene-schorr-unterstuetzt-protect-the-planet-als-werkstudentin\\\/\",\"url\":\"https:\\\/\\\/www.protect-the-planet.de\\\/en\\\/verstaerkung-im-team-marlene-schorr-unterstuetzt-protect-the-planet-als-werkstudentin\\\/\",\"name\":\"Verst\u00e4rkung im Team! Marlene Schorr unterst\u00fctzt Protect the Planet als Werkstudentin - Protect the Planet\",\"isPartOf\":{\"@id\":\"https:\\\/\\\/www.protect-the-planet.de\\\/en\\\/#website\"},\"primaryImageOfPage\":{\"@id\":\"https:\\\/\\\/www.protect-the-planet.de\\\/en\\\/verstaerkung-im-team-marlene-schorr-unterstuetzt-protect-the-planet-als-werkstudentin\\\/#primaryimage\"},\"image\":{\"@id\":\"https:\\\/\\\/www.protect-the-planet.de\\\/en\\\/verstaerkung-im-team-marlene-schorr-unterstuetzt-protect-the-planet-als-werkstudentin\\\/#primaryimage\"},\"thumbnailUrl\":\"https:\\\/\\\/www.protect-the-planet.de\\\/wp-content\\\/uploads\\\/2025\\\/04\\\/marlene-schorr.jpg\",\"datePublished\":\"2025-04-03T11:26:29+00:00\",\"dateModified\":\"2025-04-04T08:46:39+00:00\",\"description\":\"Wir haben Verst\u00e4rkung f\u00fcr Protect The Planet! Seit M\u00e4rz ist Marlene als Werkstudentin im Bereich Kommunikation und Events Teil unseres Teams.\",\"breadcrumb\":{\"@id\":\"https:\\\/\\\/www.protect-the-planet.de\\\/en\\\/verstaerkung-im-team-marlene-schorr-unterstuetzt-protect-the-planet-als-werkstudentin\\\/#breadcrumb\"},\"inLanguage\":\"en-US\",\"potentialAction\":[{\"@type\":\"ReadAction\",\"target\":[\"https:\\\/\\\/www.protect-the-planet.de\\\/en\\\/verstaerkung-im-team-marlene-schorr-unterstuetzt-protect-the-planet-als-werkstudentin\\\/\"]}]},{\"@type\":\"ImageObject\",\"inLanguage\":\"en-US\",\"@id\":\"https:\\\/\\\/www.protect-the-planet.de\\\/en\\\/verstaerkung-im-team-marlene-schorr-unterstuetzt-protect-the-planet-als-werkstudentin\\\/#primaryimage\",\"url\":\"https:\\\/\\\/www.protect-the-planet.de\\\/wp-content\\\/uploads\\\/2025\\\/04\\\/marlene-schorr.jpg\",\"contentUrl\":\"https:\\\/\\\/www.protect-the-planet.de\\\/wp-content\\\/uploads\\\/2025\\\/04\\\/marlene-schorr.jpg\",\"width\":900,\"height\":550},{\"@type\":\"BreadcrumbList\",\"@id\":\"https:\\\/\\\/www.protect-the-planet.de\\\/en\\\/verstaerkung-im-team-marlene-schorr-unterstuetzt-protect-the-planet-als-werkstudentin\\\/#breadcrumb\",\"itemListElement\":[{\"@type\":\"ListItem\",\"position\":1,\"name\":\"Startseite\",\"item\":\"https:\\\/\\\/www.protect-the-planet.de\\\/en\\\/home\\\/\"},{\"@type\":\"ListItem\",\"position\":2,\"name\":\"Verst\u00e4rkung im Team! Marlene Schorr unterst\u00fctzt Protect the Planet als Werkstudentin\"}]},{\"@type\":\"WebSite\",\"@id\":\"https:\\\/\\\/www.protect-the-planet.de\\\/en\\\/#website\",\"url\":\"https:\\\/\\\/www.protect-the-planet.de\\\/en\\\/\",\"name\":\"Protect the Planet\",\"description\":\"If we don&#039;t change, the climate will.\",\"publisher\":{\"@id\":\"https:\\\/\\\/www.protect-the-planet.de\\\/en\\\/#organization\"},\"alternateName\":\"Protect the Panet gGmbH\",\"potentialAction\":[{\"@type\":\"SearchAction\",\"target\":{\"@type\":\"EntryPoint\",\"urlTemplate\":\"https:\\\/\\\/www.protect-the-planet.de\\\/en\\\/?s={search_term_string}\"},\"query-input\":{\"@type\":\"PropertyValueSpecification\",\"valueRequired\":true,\"valueName\":\"search_term_string\"}}],\"inLanguage\":\"en-US\"},{\"@type\":\"Organization\",\"@id\":\"https:\\\/\\\/www.protect-the-planet.de\\\/en\\\/#organization\",\"name\":\"Protect the Planet\",\"url\":\"https:\\\/\\\/www.protect-the-planet.de\\\/en\\\/\",\"logo\":{\"@type\":\"ImageObject\",\"inLanguage\":\"en-US\",\"@id\":\"https:\\\/\\\/www.protect-the-planet.de\\\/en\\\/#\\\/schema\\\/logo\\\/image\\\/\",\"url\":\"https:\\\/\\\/www.protect-the-planet.de\\\/wp-content\\\/uploads\\\/2023\\\/09\\\/LOGO-positiv_transparent-klein.png\",\"contentUrl\":\"https:\\\/\\\/www.protect-the-planet.de\\\/wp-content\\\/uploads\\\/2023\\\/09\\\/LOGO-positiv_transparent-klein.png\",\"width\":123,\"height\":68,\"caption\":\"Protect the Planet\"},\"image\":{\"@id\":\"https:\\\/\\\/www.protect-the-planet.de\\\/en\\\/#\\\/schema\\\/logo\\\/image\\\/\"},\"sameAs\":[\"https:\\\/\\\/www.facebook.com\\\/protecttheplanetDE\\\/\",\"https:\\\/\\\/x.com\\\/PtP_de\",\"https:\\\/\\\/www.instagram.com\\\/protecttheplanetorg\\\/\",\"https:\\\/\\\/www.linkedin.com\\\/company\\\/protect-the-planet\",\"https:\\\/\\\/www.youtube.com\\\/@protecttheplanet\"]},{\"@type\":\"Person\",\"@id\":\"https:\\\/\\\/www.protect-the-planet.de\\\/en\\\/#\\\/schema\\\/person\\\/c5f68fff219fefde61da571621343455\",\"name\":\"Marlene Schorr\",\"image\":{\"@type\":\"ImageObject\",\"inLanguage\":\"en-US\",\"@id\":\"https:\\\/\\\/secure.gravatar.com\\\/avatar\\\/78d101b05e6da18a98f007d6ad5f076a6c8fc0dcc2e943f6e304d20caf0c1806?s=96&d=mm&r=g\",\"url\":\"https:\\\/\\\/secure.gravatar.com\\\/avatar\\\/78d101b05e6da18a98f007d6ad5f076a6c8fc0dcc2e943f6e304d20caf0c1806?s=96&d=mm&r=g\",\"contentUrl\":\"https:\\\/\\\/secure.gravatar.com\\\/avatar\\\/78d101b05e6da18a98f007d6ad5f076a6c8fc0dcc2e943f6e304d20caf0c1806?s=96&d=mm&r=g\",\"caption\":\"Marlene Schorr\"},\"url\":\"https:\\\/\\\/www.protect-the-planet.de\\\/en\\\/author\\\/marlene-schorr\\\/\"}]}<\/script>\n<!-- \/ Yoast SEO plugin. -->","yoast_head_json":{"title":"Verst\u00e4rkung im Team! Marlene Schorr unterst\u00fctzt Protect the Planet als Werkstudentin - Protect the Planet","description":"Wir haben Verst\u00e4rkung f\u00fcr Protect The Planet! Seit M\u00e4rz ist Marlene als Werkstudentin im Bereich Kommunikation und Events Teil unseres Teams.","robots":{"index":"index","follow":"follow","max-snippet":"max-snippet:-1","max-image-preview":"max-image-preview:large","max-video-preview":"max-video-preview:-1"},"canonical":"https:\/\/www.protect-the-planet.de\/en\/verstaerkung-im-team-marlene-schorr-unterstuetzt-protect-the-planet-als-werkstudentin\/","og_locale":"en_US","og_type":"article","og_title":"Verst\u00e4rkung im Team! Marlene Schorr unterst\u00fctzt Protect the Planet als Werkstudentin - Protect the Planet","og_description":"Wir haben Verst\u00e4rkung f\u00fcr Protect The Planet! Seit M\u00e4rz ist Marlene als Werkstudentin im Bereich Kommunikation und Events Teil unseres Teams.","og_url":"https:\/\/www.protect-the-planet.de\/en\/verstaerkung-im-team-marlene-schorr-unterstuetzt-protect-the-planet-als-werkstudentin\/","og_site_name":"Protect the Planet","article_publisher":"https:\/\/www.facebook.com\/protecttheplanetDE\/","article_published_time":"2025-04-03T11:26:29+00:00","article_modified_time":"2025-04-04T08:46:39+00:00","og_image":[{"width":900,"height":550,"url":"https:\/\/www.protect-the-planet.de\/wp-content\/uploads\/2025\/04\/marlene-schorr.jpg","type":"image\/jpeg"}],"author":"Marlene Schorr","twitter_card":"summary_large_image","twitter_creator":"@PtP_de","twitter_site":"@PtP_de","twitter_misc":{"Written by":"Marlene Schorr","Est. reading time":"2 minutes"},"schema":{"@context":"https:\/\/schema.org","@graph":[{"@type":"Article","@id":"https:\/\/www.protect-the-planet.de\/en\/verstaerkung-im-team-marlene-schorr-unterstuetzt-protect-the-planet-als-werkstudentin\/#article","isPartOf":{"@id":"https:\/\/www.protect-the-planet.de\/en\/verstaerkung-im-team-marlene-schorr-unterstuetzt-protect-the-planet-als-werkstudentin\/"},"author":{"name":"Marlene Schorr","@id":"https:\/\/www.protect-the-planet.de\/en\/#\/schema\/person\/c5f68fff219fefde61da571621343455"},"headline":"Verst\u00e4rkung im Team! Marlene Schorr unterst\u00fctzt Protect the Planet als Werkstudentin","datePublished":"2025-04-03T11:26:29+00:00","dateModified":"2025-04-04T08:46:39+00:00","mainEntityOfPage":{"@id":"https:\/\/www.protect-the-planet.de\/en\/verstaerkung-im-team-marlene-schorr-unterstuetzt-protect-the-planet-als-werkstudentin\/"},"wordCount":290,"publisher":{"@id":"https:\/\/www.protect-the-planet.de\/en\/#organization"},"image":{"@id":"https:\/\/www.protect-the-planet.de\/en\/verstaerkung-im-team-marlene-schorr-unterstuetzt-protect-the-planet-als-werkstudentin\/#primaryimage"},"thumbnailUrl":"https:\/\/www.protect-the-planet.de\/wp-content\/uploads\/2025\/04\/marlene-schorr.jpg","articleSection":["News"],"inLanguage":"en-US"},{"@type":"WebPage","@id":"https:\/\/www.protect-the-planet.de\/en\/verstaerkung-im-team-marlene-schorr-unterstuetzt-protect-the-planet-als-werkstudentin\/","url":"https:\/\/www.protect-the-planet.de\/en\/verstaerkung-im-team-marlene-schorr-unterstuetzt-protect-the-planet-als-werkstudentin\/","name":"Verst\u00e4rkung im Team! Marlene Schorr unterst\u00fctzt Protect the Planet als Werkstudentin - Protect the Planet","isPartOf":{"@id":"https:\/\/www.protect-the-planet.de\/en\/#website"},"primaryImageOfPage":{"@id":"https:\/\/www.protect-the-planet.de\/en\/verstaerkung-im-team-marlene-schorr-unterstuetzt-protect-the-planet-als-werkstudentin\/#primaryimage"},"image":{"@id":"https:\/\/www.protect-the-planet.de\/en\/verstaerkung-im-team-marlene-schorr-unterstuetzt-protect-the-planet-als-werkstudentin\/#primaryimage"},"thumbnailUrl":"https:\/\/www.protect-the-planet.de\/wp-content\/uploads\/2025\/04\/marlene-schorr.jpg","datePublished":"2025-04-03T11:26:29+00:00","dateModified":"2025-04-04T08:46:39+00:00","description":"Wir haben Verst\u00e4rkung f\u00fcr Protect The Planet! Seit M\u00e4rz ist Marlene als Werkstudentin im Bereich Kommunikation und Events Teil unseres Teams.","breadcrumb":{"@id":"https:\/\/www.protect-the-planet.de\/en\/verstaerkung-im-team-marlene-schorr-unterstuetzt-protect-the-planet-als-werkstudentin\/#breadcrumb"},"inLanguage":"en-US","potentialAction":[{"@type":"ReadAction","target":["https:\/\/www.protect-the-planet.de\/en\/verstaerkung-im-team-marlene-schorr-unterstuetzt-protect-the-planet-als-werkstudentin\/"]}]},{"@type":"ImageObject","inLanguage":"en-US","@id":"https:\/\/www.protect-the-planet.de\/en\/verstaerkung-im-team-marlene-schorr-unterstuetzt-protect-the-planet-als-werkstudentin\/#primaryimage","url":"https:\/\/www.protect-the-planet.de\/wp-content\/uploads\/2025\/04\/marlene-schorr.jpg","contentUrl":"https:\/\/www.protect-the-planet.de\/wp-content\/uploads\/2025\/04\/marlene-schorr.jpg","width":900,"height":550},{"@type":"BreadcrumbList","@id":"https:\/\/www.protect-the-planet.de\/en\/verstaerkung-im-team-marlene-schorr-unterstuetzt-protect-the-planet-als-werkstudentin\/#breadcrumb","itemListElement":[{"@type":"ListItem","position":1,"name":"Startseite","item":"https:\/\/www.protect-the-planet.de\/en\/home\/"},{"@type":"ListItem","position":2,"name":"Verst\u00e4rkung im Team! Marlene Schorr unterst\u00fctzt Protect the Planet als Werkstudentin"}]},{"@type":"WebSite","@id":"https:\/\/www.protect-the-planet.de\/en\/#website","url":"https:\/\/www.protect-the-planet.de\/en\/","name":"Protect the Planet","description":"If we don&#039;t change, the climate will.","publisher":{"@id":"https:\/\/www.protect-the-planet.de\/en\/#organization"},"alternateName":"Protect the Panet gGmbH","potentialAction":[{"@type":"SearchAction","target":{"@type":"EntryPoint","urlTemplate":"https:\/\/www.protect-the-planet.de\/en\/?s={search_term_string}"},"query-input":{"@type":"PropertyValueSpecification","valueRequired":true,"valueName":"search_term_string"}}],"inLanguage":"en-US"},{"@type":"Organization","@id":"https:\/\/www.protect-the-planet.de\/en\/#organization","name":"Protect the Planet","url":"https:\/\/www.protect-the-planet.de\/en\/","logo":{"@type":"ImageObject","inLanguage":"en-US","@id":"https:\/\/www.protect-the-planet.de\/en\/#\/schema\/logo\/image\/","url":"https:\/\/www.protect-the-planet.de\/wp-content\/uploads\/2023\/09\/LOGO-positiv_transparent-klein.png","contentUrl":"https:\/\/www.protect-the-planet.de\/wp-content\/uploads\/2023\/09\/LOGO-positiv_transparent-klein.png","width":123,"height":68,"caption":"Protect the Planet"},"image":{"@id":"https:\/\/www.protect-the-planet.de\/en\/#\/schema\/logo\/image\/"},"sameAs":["https:\/\/www.facebook.com\/protecttheplanetDE\/","https:\/\/x.com\/PtP_de","https:\/\/www.instagram.com\/protecttheplanetorg\/","https:\/\/www.linkedin.com\/company\/protect-the-planet","https:\/\/www.youtube.com\/@protecttheplanet"]},{"@type":"Person","@id":"https:\/\/www.protect-the-planet.de\/en\/#\/schema\/person\/c5f68fff219fefde61da571621343455","name":"Marlene Schorr","image":{"@type":"ImageObject","inLanguage":"en-US","@id":"https:\/\/secure.gravatar.com\/avatar\/78d101b05e6da18a98f007d6ad5f076a6c8fc0dcc2e943f6e304d20caf0c1806?s=96&d=mm&r=g","url":"https:\/\/secure.gravatar.com\/avatar\/78d101b05e6da18a98f007d6ad5f076a6c8fc0dcc2e943f6e304d20caf0c1806?s=96&d=mm&r=g","contentUrl":"https:\/\/secure.gravatar.com\/avatar\/78d101b05e6da18a98f007d6ad5f076a6c8fc0dcc2e943f6e304d20caf0c1806?s=96&d=mm&r=g","caption":"Marlene Schorr"},"url":"https:\/\/www.protect-the-planet.de\/en\/author\/marlene-schorr\/"}]}},"_links":{"self":[{"href":"https:\/\/www.protect-the-planet.de\/en\/wp-json\/wp\/v2\/posts\/29964","targetHints":{"allow":["GET"]}}],"collection":[{"href":"https:\/\/www.protect-the-planet.de\/en\/wp-json\/wp\/v2\/posts"}],"about":[{"href":"https:\/\/www.protect-the-planet.de\/en\/wp-json\/wp\/v2\/types\/post"}],"author":[{"embeddable":true,"href":"https:\/\/www.protect-the-planet.de\/en\/wp-json\/wp\/v2\/users\/10"}],"replies":[{"embeddable":true,"href":"https:\/\/www.protect-the-planet.de\/en\/wp-json\/wp\/v2\/comments?post=29964"}],"version-history":[{"count":0,"href":"https:\/\/www.protect-the-planet.de\/en\/wp-json\/wp\/v2\/posts\/29964\/revisions"}],"wp:featuredmedia":[{"embeddable":true,"href":"https:\/\/www.protect-the-planet.de\/en\/wp-json\/wp\/v2\/media\/29942"}],"wp:attachment":[{"href":"https:\/\/www.protect-the-planet.de\/en\/wp-json\/wp\/v2\/media?parent=29964"}],"wp:term":[{"taxonomy":"category","embeddable":true,"href":"https:\/\/www.protect-the-planet.de\/en\/wp-json\/wp\/v2\/categories?post=29964"},{"taxonomy":"post_tag","embeddable":true,"href":"https:\/\/www.protect-the-planet.de\/en\/wp-json\/wp\/v2\/tags?post=29964"}],"curies":[{"name":"wp","href":"https:\/\/api.w.org\/{rel}","templated":true}]}}