{"id":29783,"date":"2024-12-10T09:07:52","date_gmt":"2024-12-10T08:07:52","guid":{"rendered":"https:\/\/www.protect-the-planet.de\/bundestagswahl-2025-mut-und-tatendrang-fuers-naechste-jahr\/"},"modified":"2025-03-17T13:03:56","modified_gmt":"2025-03-17T12:03:56","slug":"bundestagswahl-2025-mut-und-tatendrang-fuers-naechste-jahr","status":"publish","type":"post","link":"https:\/\/www.protect-the-planet.de\/en\/bundestagswahl-2025-mut-und-tatendrang-fuers-naechste-jahr\/","title":{"rendered":"Bundestagswahl 2025: Mut und Tatendrang f\u00fcrs n\u00e4chste Jahr!"},"content":{"rendered":"\n<h2 class=\"wp-block-heading\">Klima-Kommentar zum Jahresende 2024 von Dorothea Sick-Thies<\/h2>\n\n<p><br\/>Liebe Leserinnen und Leser,<\/p>\n\n<p>Trump-Sieg. Ampel-Aus. Vorgezogene Bundestagswahl. Friedrich Merz will Windr\u00e4der r\u00fcckbauen. Und die COP29 endet einmal mehr ohne Durchbruch. Der November war ein Monat voller Nachrichten, die politische Ambitionen und Visionen ins Wanken gebracht haben. Auch meine. F\u00fcr viele wird das keine beschauliche Weihnachtszeit. Deshalb ist das hier auch keine beschauliche Weihnachtsansprache \u2013 aber doch eine, die Mut machen soll!        <\/p>\n\n<h3 class=\"wp-block-heading\">&#8220;Gr\u00fcnen-Bashing&#8221; vor der Bundestagswahl<\/h3>\n\n<p>Wir stehen vor gro\u00dfen Herausforderungen \u2013 politisch, wirtschaftlich und gesellschaftlich. Uns stehen K\u00e4mpfe bevor, denen wir nicht ausweichen d\u00fcrfen. Nehmen wir die vorgezogene Bundestagswahl: Das <strong>\u201eGr\u00fcnen-Bashing\u201c<\/strong> in Medien und K\u00f6pfen ist unbegr\u00fcndet und gef\u00e4hrlich. Die Gr\u00fcnen haben vieles von dem richtig gemacht, was u. a. \u00d6konomen wie Jeremy Riffkin (z.B. <a href=\"https:\/\/www.fr.de\/wirtschaft\/jeremy-rifkin-wir-muessen-handeln-sonst-sind-verloren-13121497.html\">hier<\/a>) schon lange gefordert haben. So erm\u00f6glicht das <a href=\"https:\/\/www.bundesregierung.de\/breg-de\/aktuelles\/solarpaket-photovoltaik-balkonkraftwerke-2213726\">Solarpaket<\/a> Millionen von B\u00fcrger*innen unb\u00fcrokratisch eine Balkon-Solaranlage, das <a href=\"https:\/\/www.bmuv.de\/themen\/klimaanpassung\/das-klimaanpassungsgesetz-kang\">Klimaanpassungsgesetz<\/a> hilft Menschen, sich besser auf die Folgen der Klimakrise vorzubereiten. Mit dem Aktionsprogramm \u201e<a href=\"https:\/\/www.natuerlicher-klimaschutz.de\/\">Nat\u00fcrlicher Klimaschutz<\/a>\u201c werden Milliarden in die St\u00e4rkung von W\u00e4ldern, Mooren, B\u00f6den und W\u00e4ldern investiert werden. Und nicht zuletzt haben die Gr\u00fcnen ma\u00dfgeblich das Deutschlandticket erm\u00f6glicht. Doch trotzdem zeigen Umfrageergebnisse, dass die Gr\u00fcnen von diesen Erfolgen politisch nicht profitieren.       <\/p>\n\n<p>Nun will ausgerechnet die <strong>Union<\/strong> das Ruder \u00fcbernehmen\u2026? Die Partei, die die n\u00f6tige &lt;energiewende und die Wende hin zur Elektromobilit\u00e4t verschlafen und damit die Wirtschaft in die heutige Misere hineinman\u00f6vriert hat? CDU\/CSU bieten keine L\u00f6sungen an, die f\u00fcr soziale Gerechtigkeit und den Schutz des Planeten ausreichend w\u00e4ren. Die AfD wiederum bedroht unsere Demokratie in ihren Grundfesten und bietet \u00fcberhaupt keine L\u00f6sungen an. (Noch nie war <strong>Demokratiebildung<\/strong> so wichtig wie jetzt!)    <\/p>\n\n<h2 class=\"wp-block-heading\">Globale L\u00f6sungssuche: COP29 entt\u00e4uscht<\/h2>\n\n<p>Auch die globale L\u00f6sungssuche ist derzeit nicht einfach: Die <strong>COP 29 in Baku<\/strong> l\u00e4sst mich wieder einmal den Kopf sch\u00fctteln (mehr zu den Ergebnissen schreiben wir <a href=\"https:\/\/www.protect-the-planet.de\/en\/setback-in-climate-protection-shell-ruling-overturned\/?utm_source=mailpoet&amp;utm_medium=email&amp;utm_source_platform=mailpoet&amp;utm_campaign=Mut-und-tatendrang\">hier<\/a>). Umso mehr verstehe ich das, was u.a. Klimawissenschaftler Johan Rockstr\u00f6m (PiK) <a href=\"https:\/\/www.spiegel.de\/wissenschaft\/mensch\/johan-rockstroem-vor-cop28-forscher-kritisiert-klimakonferenzen-und-fordert-reform-a-a7f65563-7f6a-4a5a-9ebc-1f1f45b9bbce\">schon l\u00e4nger sagt<\/a>: Die Klima-COPs sind wichtig \u2013 m\u00fcssen aber anders strukturiert werden, fokussierter auf die Umsetzung von Klimaschutz, n\u00e4her dran an der Wissenschaft und weiter weg vom Einfluss fossiler Lobbygruppen. Die haben nat\u00fcrlich gerade in <strong>\u00d6lstaaten<\/strong> wie Aserbaidschan noch leichteres Spiel \u2013 nicht ohne Grund waren offiziell 1773 Lobbyist*innen der \u00d6l-, Gas- und Kohleindustrie in Baku akkreditiert (<a href=\"https:\/\/www.spiegel.de\/wissenschaft\/cop29-in-baku-beim-klimagipfel-waren-1773-lobbyisten-der-oel-gas-und-kohleindustrie-a-95d006e5-c9d5-4f14-95fc-302bfa2ad383\">Der Spiegel<\/a>).  <\/p>\n\n<p>Es gibt nur einen m\u00f6glichen Weg: Dranbleiben. Trotz aller St\u00f6rman\u00f6ver und Bremsversuche ist der Zug der gro\u00dfen Transformation Gott sei Dank nicht zu stoppen! Was machen wir also jetzt bei dieser Weltlage? Drei Ideen:   <\/p>\n\n<ul class=\"wp-block-list\">\n<li>Die kurze Zeit bis zur Bundestagswahl nutzen \u2013 im <strong>Wahlkampf<\/strong> helfen, f\u00fcr demokratische Parteien werben, demonstrieren gehen. Zum Beispiel am 14.02.2025 deutschlandweit mit <a href=\"https:\/\/fridaysforfuture.de\/klimastreik\/\">Fridays for Future<\/a>. <\/li>\n\n\n\n<li><strong>Lokale Themen<\/strong> im Blick behalten, wie die geplante Erdgas-Bohrung in Bayern. Dazu empfehle ich die Aufzeichnung unserer <a href=\"https:\/\/www.protect-the-planet.de\/en\/event\/2024-12-10-reinbeck-erdgas-am-ammersee\/?utm_source=mailpoet&amp;utm_medium=email&amp;utm_source_platform=mailpoet&amp;utm_campaign=Mut-und-tatendrang\">Informationsveranstaltung am 10.12.2024 mit Saskia Reinbeck von Greenpeace Bayern<\/a>. <\/li>\n\n\n\n<li><strong>Spenden statt Schenken zu Weihnachten!<\/strong> Geben Sie eine kleine Spende an Umwelt und Naturschutzorganisationen, die mit wenig Geld einen gro\u00dfen Beitrag f\u00fcr unsere Erde leisten. Oder wie w\u00e4r\u2019s mit einer Patenschaft? Mehr Ideen dazu schreiben wir <a href=\"https:\/\/www.protect-the-planet.de\/en\/spende-als-weihnachtsgeschenk-nachhaltig-freude-schenken\/\">hier<\/a>.  <\/li>\n<\/ul>\n\n<p>Und vor allem:<strong> Nicht verzagen.<\/strong> Auch mit Trump und egal, welche Koalition am Ende regiert \u2013 wir sind die Ver\u00e4nderung, die es braucht. Wie Luisa Neubauer <a href=\"https:\/\/www.instagram.com\/reel\/DCZN94DiN-i\/?igsh=MXIwbmxwdHM0enB0aQ==\">hier<\/a> formuliert: Aktivismus ist nicht dann wichtig, wenn es leicht ist, sondern gerade dann, wenn es hart wird. <\/p>\n\n<p><strong>Wir bleiben dran. Sie auch? <\/strong><\/p>\n\n<div class=\"wp-block-columns is-layout-flex wp-container-core-columns-is-layout-28f84493 wp-block-columns-is-layout-flex\">\n<div class=\"wp-block-column is-layout-flow wp-block-column-is-layout-flow\">\n<figure class=\"wp-block-image size-full\"><img fetchpriority=\"high\" decoding=\"async\" width=\"520\" height=\"440\" src=\"https:\/\/www.protect-the-planet.de\/wp-content\/uploads\/2023\/06\/Gruppe-maskieren-2@2x.png\" alt=\"\" class=\"wp-image-16421\" srcset=\"https:\/\/www.protect-the-planet.de\/wp-content\/uploads\/2023\/06\/Gruppe-maskieren-2@2x.png 520w, https:\/\/www.protect-the-planet.de\/wp-content\/uploads\/2023\/06\/Gruppe-maskieren-2@2x-300x254.png 300w\" sizes=\"(max-width: 520px) 100vw, 520px\" \/><\/figure>\n<\/div>\n\n\n\n<div class=\"wp-block-column is-layout-flow wp-block-column-is-layout-flow\">\n<p>In diesem Sinne: Frohe Feiertage, Mut und Entschlossenheit f\u00fcr das neue Jahr \u2013 und ein herzliches Dankesch\u00f6n f\u00fcr Ihre Unterst\u00fctzung!<br\/><br\/>Herzlichst<\/p>\n\n\n\n<p>Dorothea Sick-Thies<\/p>\n\n\n\n<p>Gr\u00fcnderin von und Aktivistin bei<br\/>Protect the Planet<\/p>\n<\/div>\n<\/div>\n","protected":false},"excerpt":{"rendered":"<p>Klima-Kommentar zum Jahresende 2024 von Dorothea Sick-Thies Liebe Leserinnen und Leser, Trump-Sieg. Ampel-Aus. Vorgezogene Bundestagswahl. Friedrich Merz will Windr\u00e4der r\u00fcckbauen. Und die COP29 endet einmal mehr ohne Durchbruch. Der November war ein Monat voller Nachrichten, die politische Ambitionen und Visionen ins Wanken gebracht haben. Auch meine. F\u00fcr viele wird das keine beschauliche Weihnachtszeit. Deshalb ist [&hellip;]<\/p>\n","protected":false},"author":6,"featured_media":29320,"comment_status":"closed","ping_status":"closed","sticky":false,"template":"","format":"standard","meta":{"footnotes":""},"categories":[729],"tags":[],"class_list":["post-29783","post","type-post","status-publish","format-standard","has-post-thumbnail","hentry","category-news"],"yoast_head":"<!-- This site is optimized with the Yoast SEO plugin v27.5 - https:\/\/yoast.com\/product\/yoast-seo-wordpress\/ -->\n<title>Bundestagswahl 2025: Mut und Tatendrang f\u00fcrs n\u00e4chste Jahr! - Protect the Planet<\/title>\n<meta name=\"description\" content=\"Klima-Kommentar zum Jahresende 2024 von Dorothea Sick-Thies, unter anderem zur Bundestagswahl 2025 und zu nachhaltigen Weihnachten.\" \/>\n<meta name=\"robots\" content=\"index, follow, max-snippet:-1, max-image-preview:large, max-video-preview:-1\" \/>\n<link rel=\"canonical\" href=\"https:\/\/www.protect-the-planet.de\/en\/bundestagswahl-2025-mut-und-tatendrang-fuers-naechste-jahr\/\" \/>\n<meta property=\"og:locale\" content=\"en_US\" \/>\n<meta property=\"og:type\" content=\"article\" \/>\n<meta property=\"og:title\" content=\"Bundestagswahl 2025: Mut und Tatendrang f\u00fcrs n\u00e4chste Jahr! - Protect the Planet\" \/>\n<meta property=\"og:description\" content=\"Klima-Kommentar zum Jahresende 2024 von Dorothea Sick-Thies, unter anderem zur Bundestagswahl 2025 und zu nachhaltigen Weihnachten.\" \/>\n<meta property=\"og:url\" content=\"https:\/\/www.protect-the-planet.de\/en\/bundestagswahl-2025-mut-und-tatendrang-fuers-naechste-jahr\/\" \/>\n<meta property=\"og:site_name\" content=\"Protect the Planet\" \/>\n<meta property=\"article:publisher\" content=\"https:\/\/www.facebook.com\/protecttheplanetDE\/\" \/>\n<meta property=\"article:published_time\" content=\"2024-12-10T08:07:52+00:00\" \/>\n<meta property=\"article:modified_time\" content=\"2025-03-17T12:03:56+00:00\" \/>\n<meta property=\"og:image\" content=\"https:\/\/www.protect-the-planet.de\/wp-content\/uploads\/2024\/12\/news_Klima-Kommentar-von-Dorothea-Sick-Thies_Winter-1.jpg\" \/>\n\t<meta property=\"og:image:width\" content=\"900\" \/>\n\t<meta property=\"og:image:height\" content=\"550\" \/>\n\t<meta property=\"og:image:type\" content=\"image\/jpeg\" \/>\n<meta name=\"author\" content=\"Fenya Kirst\" \/>\n<meta name=\"twitter:card\" content=\"summary_large_image\" \/>\n<meta name=\"twitter:creator\" content=\"@PtP_de\" \/>\n<meta name=\"twitter:site\" content=\"@PtP_de\" \/>\n<meta name=\"twitter:label1\" content=\"Written by\" \/>\n\t<meta name=\"twitter:data1\" content=\"Fenya Kirst\" \/>\n\t<meta name=\"twitter:label2\" content=\"Est. reading time\" \/>\n\t<meta name=\"twitter:data2\" content=\"3 minutes\" \/>\n<script type=\"application\/ld+json\" class=\"yoast-schema-graph\">{\"@context\":\"https:\\\/\\\/schema.org\",\"@graph\":[{\"@type\":\"Article\",\"@id\":\"https:\\\/\\\/www.protect-the-planet.de\\\/en\\\/bundestagswahl-2025-mut-und-tatendrang-fuers-naechste-jahr\\\/#article\",\"isPartOf\":{\"@id\":\"https:\\\/\\\/www.protect-the-planet.de\\\/en\\\/bundestagswahl-2025-mut-und-tatendrang-fuers-naechste-jahr\\\/\"},\"author\":{\"name\":\"Fenya Kirst\",\"@id\":\"https:\\\/\\\/www.protect-the-planet.de\\\/en\\\/#\\\/schema\\\/person\\\/34a10854efaaf0bf11a3b6fbe966fcd0\"},\"headline\":\"Bundestagswahl 2025: Mut und Tatendrang f\u00fcrs n\u00e4chste Jahr!\",\"datePublished\":\"2024-12-10T08:07:52+00:00\",\"dateModified\":\"2025-03-17T12:03:56+00:00\",\"mainEntityOfPage\":{\"@id\":\"https:\\\/\\\/www.protect-the-planet.de\\\/en\\\/bundestagswahl-2025-mut-und-tatendrang-fuers-naechste-jahr\\\/\"},\"wordCount\":624,\"publisher\":{\"@id\":\"https:\\\/\\\/www.protect-the-planet.de\\\/en\\\/#organization\"},\"image\":{\"@id\":\"https:\\\/\\\/www.protect-the-planet.de\\\/en\\\/bundestagswahl-2025-mut-und-tatendrang-fuers-naechste-jahr\\\/#primaryimage\"},\"thumbnailUrl\":\"https:\\\/\\\/www.protect-the-planet.de\\\/wp-content\\\/uploads\\\/2024\\\/12\\\/news_Klima-Kommentar-von-Dorothea-Sick-Thies_Winter-1.jpg\",\"articleSection\":[\"News\"],\"inLanguage\":\"en-US\"},{\"@type\":\"WebPage\",\"@id\":\"https:\\\/\\\/www.protect-the-planet.de\\\/en\\\/bundestagswahl-2025-mut-und-tatendrang-fuers-naechste-jahr\\\/\",\"url\":\"https:\\\/\\\/www.protect-the-planet.de\\\/en\\\/bundestagswahl-2025-mut-und-tatendrang-fuers-naechste-jahr\\\/\",\"name\":\"Bundestagswahl 2025: Mut und Tatendrang f\u00fcrs n\u00e4chste Jahr! - Protect the Planet\",\"isPartOf\":{\"@id\":\"https:\\\/\\\/www.protect-the-planet.de\\\/en\\\/#website\"},\"primaryImageOfPage\":{\"@id\":\"https:\\\/\\\/www.protect-the-planet.de\\\/en\\\/bundestagswahl-2025-mut-und-tatendrang-fuers-naechste-jahr\\\/#primaryimage\"},\"image\":{\"@id\":\"https:\\\/\\\/www.protect-the-planet.de\\\/en\\\/bundestagswahl-2025-mut-und-tatendrang-fuers-naechste-jahr\\\/#primaryimage\"},\"thumbnailUrl\":\"https:\\\/\\\/www.protect-the-planet.de\\\/wp-content\\\/uploads\\\/2024\\\/12\\\/news_Klima-Kommentar-von-Dorothea-Sick-Thies_Winter-1.jpg\",\"datePublished\":\"2024-12-10T08:07:52+00:00\",\"dateModified\":\"2025-03-17T12:03:56+00:00\",\"description\":\"Klima-Kommentar zum Jahresende 2024 von Dorothea Sick-Thies, unter anderem zur Bundestagswahl 2025 und zu nachhaltigen Weihnachten.\",\"breadcrumb\":{\"@id\":\"https:\\\/\\\/www.protect-the-planet.de\\\/en\\\/bundestagswahl-2025-mut-und-tatendrang-fuers-naechste-jahr\\\/#breadcrumb\"},\"inLanguage\":\"en-US\",\"potentialAction\":[{\"@type\":\"ReadAction\",\"target\":[\"https:\\\/\\\/www.protect-the-planet.de\\\/en\\\/bundestagswahl-2025-mut-und-tatendrang-fuers-naechste-jahr\\\/\"]}]},{\"@type\":\"ImageObject\",\"inLanguage\":\"en-US\",\"@id\":\"https:\\\/\\\/www.protect-the-planet.de\\\/en\\\/bundestagswahl-2025-mut-und-tatendrang-fuers-naechste-jahr\\\/#primaryimage\",\"url\":\"https:\\\/\\\/www.protect-the-planet.de\\\/wp-content\\\/uploads\\\/2024\\\/12\\\/news_Klima-Kommentar-von-Dorothea-Sick-Thies_Winter-1.jpg\",\"contentUrl\":\"https:\\\/\\\/www.protect-the-planet.de\\\/wp-content\\\/uploads\\\/2024\\\/12\\\/news_Klima-Kommentar-von-Dorothea-Sick-Thies_Winter-1.jpg\",\"width\":900,\"height\":550},{\"@type\":\"BreadcrumbList\",\"@id\":\"https:\\\/\\\/www.protect-the-planet.de\\\/en\\\/bundestagswahl-2025-mut-und-tatendrang-fuers-naechste-jahr\\\/#breadcrumb\",\"itemListElement\":[{\"@type\":\"ListItem\",\"position\":1,\"name\":\"Startseite\",\"item\":\"https:\\\/\\\/www.protect-the-planet.de\\\/en\\\/home\\\/\"},{\"@type\":\"ListItem\",\"position\":2,\"name\":\"Bundestagswahl 2025: Mut und Tatendrang f\u00fcrs n\u00e4chste Jahr!\"}]},{\"@type\":\"WebSite\",\"@id\":\"https:\\\/\\\/www.protect-the-planet.de\\\/en\\\/#website\",\"url\":\"https:\\\/\\\/www.protect-the-planet.de\\\/en\\\/\",\"name\":\"Protect the Planet\",\"description\":\"If we don&#039;t change, the climate will.\",\"publisher\":{\"@id\":\"https:\\\/\\\/www.protect-the-planet.de\\\/en\\\/#organization\"},\"alternateName\":\"Protect the Panet gGmbH\",\"potentialAction\":[{\"@type\":\"SearchAction\",\"target\":{\"@type\":\"EntryPoint\",\"urlTemplate\":\"https:\\\/\\\/www.protect-the-planet.de\\\/en\\\/?s={search_term_string}\"},\"query-input\":{\"@type\":\"PropertyValueSpecification\",\"valueRequired\":true,\"valueName\":\"search_term_string\"}}],\"inLanguage\":\"en-US\"},{\"@type\":\"Organization\",\"@id\":\"https:\\\/\\\/www.protect-the-planet.de\\\/en\\\/#organization\",\"name\":\"Protect the Planet\",\"url\":\"https:\\\/\\\/www.protect-the-planet.de\\\/en\\\/\",\"logo\":{\"@type\":\"ImageObject\",\"inLanguage\":\"en-US\",\"@id\":\"https:\\\/\\\/www.protect-the-planet.de\\\/en\\\/#\\\/schema\\\/logo\\\/image\\\/\",\"url\":\"https:\\\/\\\/www.protect-the-planet.de\\\/wp-content\\\/uploads\\\/2023\\\/09\\\/LOGO-positiv_transparent-klein.png\",\"contentUrl\":\"https:\\\/\\\/www.protect-the-planet.de\\\/wp-content\\\/uploads\\\/2023\\\/09\\\/LOGO-positiv_transparent-klein.png\",\"width\":123,\"height\":68,\"caption\":\"Protect the Planet\"},\"image\":{\"@id\":\"https:\\\/\\\/www.protect-the-planet.de\\\/en\\\/#\\\/schema\\\/logo\\\/image\\\/\"},\"sameAs\":[\"https:\\\/\\\/www.facebook.com\\\/protecttheplanetDE\\\/\",\"https:\\\/\\\/x.com\\\/PtP_de\",\"https:\\\/\\\/www.instagram.com\\\/protecttheplanetorg\\\/\",\"https:\\\/\\\/www.linkedin.com\\\/company\\\/protect-the-planet\",\"https:\\\/\\\/www.youtube.com\\\/@protecttheplanet\"]},{\"@type\":\"Person\",\"@id\":\"https:\\\/\\\/www.protect-the-planet.de\\\/en\\\/#\\\/schema\\\/person\\\/34a10854efaaf0bf11a3b6fbe966fcd0\",\"name\":\"Fenya Kirst\",\"image\":{\"@type\":\"ImageObject\",\"inLanguage\":\"en-US\",\"@id\":\"https:\\\/\\\/www.protect-the-planet.de\\\/wp-content\\\/uploads\\\/2024\\\/03\\\/cropped-2310_ProtectThePlanet_Portraet-Fenya-quadr-scaled-1-96x96.jpg\",\"url\":\"https:\\\/\\\/www.protect-the-planet.de\\\/wp-content\\\/uploads\\\/2024\\\/03\\\/cropped-2310_ProtectThePlanet_Portraet-Fenya-quadr-scaled-1-96x96.jpg\",\"contentUrl\":\"https:\\\/\\\/www.protect-the-planet.de\\\/wp-content\\\/uploads\\\/2024\\\/03\\\/cropped-2310_ProtectThePlanet_Portraet-Fenya-quadr-scaled-1-96x96.jpg\",\"caption\":\"Fenya Kirst\"},\"description\":\"fenya.kirst@protect-the-planet.de +49 162 9085805\",\"url\":\"https:\\\/\\\/www.protect-the-planet.de\\\/en\\\/author\\\/fenya-kirst\\\/\"}]}<\/script>\n<!-- \/ Yoast SEO plugin. -->","yoast_head_json":{"title":"Bundestagswahl 2025: Mut und Tatendrang f\u00fcrs n\u00e4chste Jahr! - Protect the Planet","description":"Klima-Kommentar zum Jahresende 2024 von Dorothea Sick-Thies, unter anderem zur Bundestagswahl 2025 und zu nachhaltigen Weihnachten.","robots":{"index":"index","follow":"follow","max-snippet":"max-snippet:-1","max-image-preview":"max-image-preview:large","max-video-preview":"max-video-preview:-1"},"canonical":"https:\/\/www.protect-the-planet.de\/en\/bundestagswahl-2025-mut-und-tatendrang-fuers-naechste-jahr\/","og_locale":"en_US","og_type":"article","og_title":"Bundestagswahl 2025: Mut und Tatendrang f\u00fcrs n\u00e4chste Jahr! - Protect the Planet","og_description":"Klima-Kommentar zum Jahresende 2024 von Dorothea Sick-Thies, unter anderem zur Bundestagswahl 2025 und zu nachhaltigen Weihnachten.","og_url":"https:\/\/www.protect-the-planet.de\/en\/bundestagswahl-2025-mut-und-tatendrang-fuers-naechste-jahr\/","og_site_name":"Protect the Planet","article_publisher":"https:\/\/www.facebook.com\/protecttheplanetDE\/","article_published_time":"2024-12-10T08:07:52+00:00","article_modified_time":"2025-03-17T12:03:56+00:00","og_image":[{"width":900,"height":550,"url":"https:\/\/www.protect-the-planet.de\/wp-content\/uploads\/2024\/12\/news_Klima-Kommentar-von-Dorothea-Sick-Thies_Winter-1.jpg","type":"image\/jpeg"}],"author":"Fenya Kirst","twitter_card":"summary_large_image","twitter_creator":"@PtP_de","twitter_site":"@PtP_de","twitter_misc":{"Written by":"Fenya Kirst","Est. reading time":"3 minutes"},"schema":{"@context":"https:\/\/schema.org","@graph":[{"@type":"Article","@id":"https:\/\/www.protect-the-planet.de\/en\/bundestagswahl-2025-mut-und-tatendrang-fuers-naechste-jahr\/#article","isPartOf":{"@id":"https:\/\/www.protect-the-planet.de\/en\/bundestagswahl-2025-mut-und-tatendrang-fuers-naechste-jahr\/"},"author":{"name":"Fenya Kirst","@id":"https:\/\/www.protect-the-planet.de\/en\/#\/schema\/person\/34a10854efaaf0bf11a3b6fbe966fcd0"},"headline":"Bundestagswahl 2025: Mut und Tatendrang f\u00fcrs n\u00e4chste Jahr!","datePublished":"2024-12-10T08:07:52+00:00","dateModified":"2025-03-17T12:03:56+00:00","mainEntityOfPage":{"@id":"https:\/\/www.protect-the-planet.de\/en\/bundestagswahl-2025-mut-und-tatendrang-fuers-naechste-jahr\/"},"wordCount":624,"publisher":{"@id":"https:\/\/www.protect-the-planet.de\/en\/#organization"},"image":{"@id":"https:\/\/www.protect-the-planet.de\/en\/bundestagswahl-2025-mut-und-tatendrang-fuers-naechste-jahr\/#primaryimage"},"thumbnailUrl":"https:\/\/www.protect-the-planet.de\/wp-content\/uploads\/2024\/12\/news_Klima-Kommentar-von-Dorothea-Sick-Thies_Winter-1.jpg","articleSection":["News"],"inLanguage":"en-US"},{"@type":"WebPage","@id":"https:\/\/www.protect-the-planet.de\/en\/bundestagswahl-2025-mut-und-tatendrang-fuers-naechste-jahr\/","url":"https:\/\/www.protect-the-planet.de\/en\/bundestagswahl-2025-mut-und-tatendrang-fuers-naechste-jahr\/","name":"Bundestagswahl 2025: Mut und Tatendrang f\u00fcrs n\u00e4chste Jahr! - Protect the Planet","isPartOf":{"@id":"https:\/\/www.protect-the-planet.de\/en\/#website"},"primaryImageOfPage":{"@id":"https:\/\/www.protect-the-planet.de\/en\/bundestagswahl-2025-mut-und-tatendrang-fuers-naechste-jahr\/#primaryimage"},"image":{"@id":"https:\/\/www.protect-the-planet.de\/en\/bundestagswahl-2025-mut-und-tatendrang-fuers-naechste-jahr\/#primaryimage"},"thumbnailUrl":"https:\/\/www.protect-the-planet.de\/wp-content\/uploads\/2024\/12\/news_Klima-Kommentar-von-Dorothea-Sick-Thies_Winter-1.jpg","datePublished":"2024-12-10T08:07:52+00:00","dateModified":"2025-03-17T12:03:56+00:00","description":"Klima-Kommentar zum Jahresende 2024 von Dorothea Sick-Thies, unter anderem zur Bundestagswahl 2025 und zu nachhaltigen Weihnachten.","breadcrumb":{"@id":"https:\/\/www.protect-the-planet.de\/en\/bundestagswahl-2025-mut-und-tatendrang-fuers-naechste-jahr\/#breadcrumb"},"inLanguage":"en-US","potentialAction":[{"@type":"ReadAction","target":["https:\/\/www.protect-the-planet.de\/en\/bundestagswahl-2025-mut-und-tatendrang-fuers-naechste-jahr\/"]}]},{"@type":"ImageObject","inLanguage":"en-US","@id":"https:\/\/www.protect-the-planet.de\/en\/bundestagswahl-2025-mut-und-tatendrang-fuers-naechste-jahr\/#primaryimage","url":"https:\/\/www.protect-the-planet.de\/wp-content\/uploads\/2024\/12\/news_Klima-Kommentar-von-Dorothea-Sick-Thies_Winter-1.jpg","contentUrl":"https:\/\/www.protect-the-planet.de\/wp-content\/uploads\/2024\/12\/news_Klima-Kommentar-von-Dorothea-Sick-Thies_Winter-1.jpg","width":900,"height":550},{"@type":"BreadcrumbList","@id":"https:\/\/www.protect-the-planet.de\/en\/bundestagswahl-2025-mut-und-tatendrang-fuers-naechste-jahr\/#breadcrumb","itemListElement":[{"@type":"ListItem","position":1,"name":"Startseite","item":"https:\/\/www.protect-the-planet.de\/en\/home\/"},{"@type":"ListItem","position":2,"name":"Bundestagswahl 2025: Mut und Tatendrang f\u00fcrs n\u00e4chste Jahr!"}]},{"@type":"WebSite","@id":"https:\/\/www.protect-the-planet.de\/en\/#website","url":"https:\/\/www.protect-the-planet.de\/en\/","name":"Protect the Planet","description":"If we don&#039;t change, the climate will.","publisher":{"@id":"https:\/\/www.protect-the-planet.de\/en\/#organization"},"alternateName":"Protect the Panet gGmbH","potentialAction":[{"@type":"SearchAction","target":{"@type":"EntryPoint","urlTemplate":"https:\/\/www.protect-the-planet.de\/en\/?s={search_term_string}"},"query-input":{"@type":"PropertyValueSpecification","valueRequired":true,"valueName":"search_term_string"}}],"inLanguage":"en-US"},{"@type":"Organization","@id":"https:\/\/www.protect-the-planet.de\/en\/#organization","name":"Protect the Planet","url":"https:\/\/www.protect-the-planet.de\/en\/","logo":{"@type":"ImageObject","inLanguage":"en-US","@id":"https:\/\/www.protect-the-planet.de\/en\/#\/schema\/logo\/image\/","url":"https:\/\/www.protect-the-planet.de\/wp-content\/uploads\/2023\/09\/LOGO-positiv_transparent-klein.png","contentUrl":"https:\/\/www.protect-the-planet.de\/wp-content\/uploads\/2023\/09\/LOGO-positiv_transparent-klein.png","width":123,"height":68,"caption":"Protect the Planet"},"image":{"@id":"https:\/\/www.protect-the-planet.de\/en\/#\/schema\/logo\/image\/"},"sameAs":["https:\/\/www.facebook.com\/protecttheplanetDE\/","https:\/\/x.com\/PtP_de","https:\/\/www.instagram.com\/protecttheplanetorg\/","https:\/\/www.linkedin.com\/company\/protect-the-planet","https:\/\/www.youtube.com\/@protecttheplanet"]},{"@type":"Person","@id":"https:\/\/www.protect-the-planet.de\/en\/#\/schema\/person\/34a10854efaaf0bf11a3b6fbe966fcd0","name":"Fenya Kirst","image":{"@type":"ImageObject","inLanguage":"en-US","@id":"https:\/\/www.protect-the-planet.de\/wp-content\/uploads\/2024\/03\/cropped-2310_ProtectThePlanet_Portraet-Fenya-quadr-scaled-1-96x96.jpg","url":"https:\/\/www.protect-the-planet.de\/wp-content\/uploads\/2024\/03\/cropped-2310_ProtectThePlanet_Portraet-Fenya-quadr-scaled-1-96x96.jpg","contentUrl":"https:\/\/www.protect-the-planet.de\/wp-content\/uploads\/2024\/03\/cropped-2310_ProtectThePlanet_Portraet-Fenya-quadr-scaled-1-96x96.jpg","caption":"Fenya Kirst"},"description":"fenya.kirst@protect-the-planet.de +49 162 9085805","url":"https:\/\/www.protect-the-planet.de\/en\/author\/fenya-kirst\/"}]}},"_links":{"self":[{"href":"https:\/\/www.protect-the-planet.de\/en\/wp-json\/wp\/v2\/posts\/29783","targetHints":{"allow":["GET"]}}],"collection":[{"href":"https:\/\/www.protect-the-planet.de\/en\/wp-json\/wp\/v2\/posts"}],"about":[{"href":"https:\/\/www.protect-the-planet.de\/en\/wp-json\/wp\/v2\/types\/post"}],"author":[{"embeddable":true,"href":"https:\/\/www.protect-the-planet.de\/en\/wp-json\/wp\/v2\/users\/6"}],"replies":[{"embeddable":true,"href":"https:\/\/www.protect-the-planet.de\/en\/wp-json\/wp\/v2\/comments?post=29783"}],"version-history":[{"count":0,"href":"https:\/\/www.protect-the-planet.de\/en\/wp-json\/wp\/v2\/posts\/29783\/revisions"}],"wp:featuredmedia":[{"embeddable":true,"href":"https:\/\/www.protect-the-planet.de\/en\/wp-json\/wp\/v2\/media\/29320"}],"wp:attachment":[{"href":"https:\/\/www.protect-the-planet.de\/en\/wp-json\/wp\/v2\/media?parent=29783"}],"wp:term":[{"taxonomy":"category","embeddable":true,"href":"https:\/\/www.protect-the-planet.de\/en\/wp-json\/wp\/v2\/categories?post=29783"},{"taxonomy":"post_tag","embeddable":true,"href":"https:\/\/www.protect-the-planet.de\/en\/wp-json\/wp\/v2\/tags?post=29783"}],"curies":[{"name":"wp","href":"https:\/\/api.w.org\/{rel}","templated":true}]}}