{"id":29779,"date":"2025-01-16T21:22:38","date_gmt":"2025-01-16T20:22:38","guid":{"rendered":"https:\/\/www.protect-the-planet.de\/unsere-klimaschutz-veranstaltungen-2024-im-rueckblick\/"},"modified":"2025-03-12T10:30:53","modified_gmt":"2025-03-12T09:30:53","slug":"unsere-klimaschutz-veranstaltungen-2024-im-rueckblick","status":"publish","type":"post","link":"https:\/\/www.protect-the-planet.de\/en\/unsere-klimaschutz-veranstaltungen-2024-im-rueckblick\/","title":{"rendered":"Unsere Klimaschutz-Veranstaltungen 2024 im R\u00fcckblick"},"content":{"rendered":"\n<p>Unsere Klimaschutz-Veranstaltungen sind seit Jahren ein festes Standbein unserer Klimabildungsarbeit. Wir schauen zur\u00fcck auf ein Jahr 2024 mit spannenden neuen und alten Kooperationen, inspirierenden Vortr\u00e4gen und intensiven Diskussionen. Ein herzliches Dankesch\u00f6n geht an dieser Stelle an den <a href=\"http:\/\/energienetzwerk-muc.de\/verein\/\">Verein Saubere Energie M\u00fcnchen e.V.<\/a>, der uns wie in den letzten Jahren als Kooperationspartner und Mitveranstalter der meisten unserer Events zur Seite stand!<\/p>\n\n\n\n<h2 class=\"wp-block-heading\">Unsere Klimaschutz-Veranstaltungen 2024<\/h2>\n\n\n\n<p>Insgesamt haben wir <strong>31 Veranstaltungen<\/strong> im Jahr 2024 durchgef\u00fchrt und damit <strong>\u00fcber 9.000 Menschen<\/strong> erreicht, mit Vortr\u00e4gen online und live, Exkursionen, Podiumsdiskussionen und Filmvorf\u00fchrungen. Mit einer durchschnittlichen Reichweite von 297 Menschen pro Veranstaltung konnten wir wie auch schon in den Vorjahren wertvolle Impulse in der interessierten Zivilgesellschaft setzen. Durch unser meist hybrides Veranstaltungsformat und einen YouTube-Livestream stehen unsere Angebote Menschen aus ganz Deutschland offen, vollst\u00e4ndig kostenfrei.<\/p>\n\n\n\n<p>Besonders stolz sind wir auf neue Partnerschaften und inhaltliche Schwerpunkte, die unsere Arbeit bereichert haben. Ein paar Ausz\u00fcge:<\/p>\n\n\n\n<h2 class=\"wp-block-heading\">Events for the Planet: Highlights im Jahr 2024<\/h2>\n\n\n\n<h3 class=\"wp-block-heading\">1.\u00a0<strong>Schwerpunkt \u201eHeizen\u201c<\/strong><\/h3>\n\n\n\n<p>Im Fr\u00fchjahr stand das Thema\u00a0<strong>klimafreundliches Heizen<\/strong>\u00a0im Fokus. In Zusammenarbeit mit dem Verein\u00a0<strong>Saubere Energie M\u00fcnchen<\/strong>\u00a0und der\u00a0<strong>M\u00fcnchner Heizungsinnung<\/strong>\u00a0organisierten wir sechs Veranstaltungen. Besonders herausragend war der Vortrag\u00a0<strong>\u201eMit Wasserstoff heizen?\u201c<\/strong>\u00a0von\u00a0<strong>Dr. Jens Clausen<\/strong>\u00a0am 27.03., der inklusive YouTube-Views \u00fcber\u00a0<strong>2.800 Zuschauer*innen<\/strong>\u00a0erreichte.\u00a0<a>Hier alle Vortr\u00e4ge zum Thema Heizen<\/a>.<\/p>\n\n\n\n<h3 class=\"wp-block-heading\">2.\u00a0Kino-Tour mit dem neuen <strong>urgewald-Dokumentarfilm<\/strong><\/h3>\n\n\n\n<p>Unsere Unterst\u00fctzung f\u00fcr den\u00a0<strong><a href=\"https:\/\/www.urgewald.org\/der-film\">urgewald-Dokumentarfilm<\/a><\/strong>\u00a0war ein voller Erfolg: Die\u00a0<strong>Premiere im Oktober in Berlin<\/strong> sowie das\u00a0<strong>Preview-Event im Juli in M\u00fcnchen<\/strong>\u00a0zogen jeweils rund\u00a0<strong>200 G\u00e4ste<\/strong>\u00a0an. Die\u00a0zus\u00e4tzliche <strong>Filmvorf\u00fchrung im Rahmen des Klimaherbstes<\/strong> 2024 in Kooperation mit dem <a href=\"https:\/\/oekom-verein.de\/forum-nachhaltigkeit\/\">M\u00fcnchner Forum Nachhaltigkeit<\/a> war komplett ausgebucht.\u00a0<\/p>\n\n\n\n<h3 class=\"wp-block-heading\">3.&nbsp;<strong>Klimarecht im Fokus: Vortrag von Dr. Roda Verheyen<\/strong><\/h3>\n\n\n\n<p>Der Vortrag von\u00a0<strong>Dr. Roda Verheyen<\/strong>, einer der profiliertesten Umweltjuristinnen Deutschlands, begeisterte \u00fcber\u00a0<strong>100 Live-Zuschauer*innen<\/strong>\u00a0und geh\u00f6rt damit zu unseren bestbesuchten klassischen Vortr\u00e4gen.\u00a0<a href=\"https:\/\/youtu.be\/Qdq35VoJ9kw\">Hier geht es zur Aufzeichnung<\/a>.<\/p>\n\n\n\n<h3 class=\"wp-block-heading\">4.\u00a0<strong>Jahresabschluss unserer Klimaschutz-Veranstaltungen mit Greenpeace-Aktivistin Saskia Reinbeck<\/strong><\/h3>\n\n\n\n<p>Zum Jahresabschluss informierte\u00a0<strong>Saskia Reinbeck<\/strong>\u00a0von Greenpeace \u00fcber die geplante\u00a0<strong>Erdgasbohrung am Ammersee<\/strong>. Mit \u00fcber\u00a0<strong>100 Live-Teilnehmenden<\/strong>\u00a0war dies nicht nur eine gut besuchte Veranstaltung, sondern auch ein wichtiger Impuls f\u00fcr unsere Zusammenarbeit mit der Zivilgesellschaft gegen fossile Energieprojekte in Bayern.\u00a0<a href=\"https:\/\/youtu.be\/_G4Boq3A9lE\">Hier geht es zur Aufzeichnung<\/a>.<\/p>\n\n\n\n<h2 class=\"wp-block-heading\">Gemeinsam f\u00fcr den Klimaschutz<\/h2>\n\n\n\n<p>Unsere Veranstaltungen zeigen: Klimaschutz lebt vom Dialog und von starker Vernetzung. Auch 2025 werden wir mit neuen Formaten, spannenden Themen und engagierten Partner*innen aktiv sein.\u00a0<strong>Bleibt informiert \u2013 abonniert unseren\u00a0<\/strong><a href=\"https:\/\/www.protect-the-planet.de\/en\/newsletters\/\"><strong>Newsletter<\/strong><\/a><strong>\u00a0und folgt uns auf\u00a0<\/strong><a href=\"https:\/\/www.youtube.com\/@protecttheplanet\"><strong>YouTube<\/strong><\/a><strong>\u00a0f\u00fcr kommende Veranstaltungen!<\/strong><\/p>\n\n\n\n<p>Dank geht au\u00dferdem an die <a href=\"http:\/\/protect-the-planet.de\/stiftung\/\">Dorothea-Laura-Janina Sick-Umweltstiftung<\/a>, die unsere Klimaschutz-Veranstaltungen \u2013 wie unsere anderen Projekte \u2013 m\u00f6glich machen.<\/p>\n","protected":false},"excerpt":{"rendered":"<p>Unsere Klimaschutz-Veranstaltungen sind seit Jahren ein festes Standbein unserer Klimabildungsarbeit. Wir schauen zur\u00fcck auf ein Jahr 2024 mit spannenden neuen und alten Kooperationen, inspirierenden Vortr\u00e4gen und intensiven Diskussionen. Ein herzliches Dankesch\u00f6n geht an dieser Stelle an den Verein Saubere Energie M\u00fcnchen e.V., der uns wie in den letzten Jahren als Kooperationspartner und Mitveranstalter der meisten [&hellip;]<\/p>\n","protected":false},"author":6,"featured_media":27784,"comment_status":"closed","ping_status":"closed","sticky":false,"template":"","format":"standard","meta":{"footnotes":""},"categories":[729],"tags":[710,703],"class_list":["post-29779","post","type-post","status-publish","format-standard","has-post-thumbnail","hentry","category-news","tag-klimaschutz-en","tag-vortragsreihe-en"],"yoast_head":"<!-- This site is optimized with the Yoast SEO plugin v27.5 - https:\/\/yoast.com\/product\/yoast-seo-wordpress\/ -->\n<title>Unsere Klimaschutz-Veranstaltungen 2024 im R\u00fcckblick - Protect the Planet<\/title>\n<meta name=\"description\" content=\"Unsere vielf\u00e4ltigen Klimaschutz-Veranstaltungen konnten im Jahr 2024 mit 31 Veranstaltungen \u00fcber 9.000 Menschen inspirieren.\" \/>\n<meta name=\"robots\" content=\"index, follow, max-snippet:-1, max-image-preview:large, max-video-preview:-1\" \/>\n<link rel=\"canonical\" href=\"https:\/\/www.protect-the-planet.de\/en\/unsere-klimaschutz-veranstaltungen-2024-im-rueckblick\/\" \/>\n<meta property=\"og:locale\" content=\"en_US\" \/>\n<meta property=\"og:type\" content=\"article\" \/>\n<meta property=\"og:title\" content=\"Unsere Klimaschutz-Veranstaltungen 2024 im R\u00fcckblick - Protect the Planet\" \/>\n<meta property=\"og:description\" content=\"Unsere vielf\u00e4ltigen Klimaschutz-Veranstaltungen konnten im Jahr 2024 mit 31 Veranstaltungen \u00fcber 9.000 Menschen inspirieren.\" \/>\n<meta property=\"og:url\" content=\"https:\/\/www.protect-the-planet.de\/en\/unsere-klimaschutz-veranstaltungen-2024-im-rueckblick\/\" \/>\n<meta property=\"og:site_name\" content=\"Protect the Planet\" \/>\n<meta property=\"article:publisher\" content=\"https:\/\/www.facebook.com\/protecttheplanetDE\/\" \/>\n<meta property=\"article:published_time\" content=\"2025-01-16T20:22:38+00:00\" \/>\n<meta property=\"article:modified_time\" content=\"2025-03-12T09:30:53+00:00\" \/>\n<meta property=\"og:image\" content=\"https:\/\/www.protect-the-planet.de\/wp-content\/uploads\/2024\/07\/2024-07-19-Rueckblick-Vortrag-Roda-2.jpg\" \/>\n\t<meta property=\"og:image:width\" content=\"900\" \/>\n\t<meta property=\"og:image:height\" content=\"550\" \/>\n\t<meta property=\"og:image:type\" content=\"image\/jpeg\" \/>\n<meta name=\"author\" content=\"Fenya Kirst\" \/>\n<meta name=\"twitter:card\" content=\"summary_large_image\" \/>\n<meta name=\"twitter:creator\" content=\"@PtP_de\" \/>\n<meta name=\"twitter:site\" content=\"@PtP_de\" \/>\n<meta name=\"twitter:label1\" content=\"Written by\" \/>\n\t<meta name=\"twitter:data1\" content=\"Fenya Kirst\" \/>\n\t<meta name=\"twitter:label2\" content=\"Est. reading time\" \/>\n\t<meta name=\"twitter:data2\" content=\"3 minutes\" \/>\n<script type=\"application\/ld+json\" class=\"yoast-schema-graph\">{\"@context\":\"https:\\\/\\\/schema.org\",\"@graph\":[{\"@type\":\"Article\",\"@id\":\"https:\\\/\\\/www.protect-the-planet.de\\\/en\\\/unsere-klimaschutz-veranstaltungen-2024-im-rueckblick\\\/#article\",\"isPartOf\":{\"@id\":\"https:\\\/\\\/www.protect-the-planet.de\\\/en\\\/unsere-klimaschutz-veranstaltungen-2024-im-rueckblick\\\/\"},\"author\":{\"name\":\"Fenya Kirst\",\"@id\":\"https:\\\/\\\/www.protect-the-planet.de\\\/en\\\/#\\\/schema\\\/person\\\/34a10854efaaf0bf11a3b6fbe966fcd0\"},\"headline\":\"Unsere Klimaschutz-Veranstaltungen 2024 im R\u00fcckblick\",\"datePublished\":\"2025-01-16T20:22:38+00:00\",\"dateModified\":\"2025-03-12T09:30:53+00:00\",\"mainEntityOfPage\":{\"@id\":\"https:\\\/\\\/www.protect-the-planet.de\\\/en\\\/unsere-klimaschutz-veranstaltungen-2024-im-rueckblick\\\/\"},\"wordCount\":430,\"publisher\":{\"@id\":\"https:\\\/\\\/www.protect-the-planet.de\\\/en\\\/#organization\"},\"image\":{\"@id\":\"https:\\\/\\\/www.protect-the-planet.de\\\/en\\\/unsere-klimaschutz-veranstaltungen-2024-im-rueckblick\\\/#primaryimage\"},\"thumbnailUrl\":\"https:\\\/\\\/www.protect-the-planet.de\\\/wp-content\\\/uploads\\\/2024\\\/07\\\/2024-07-19-Rueckblick-Vortrag-Roda-2.jpg\",\"keywords\":[\"Klimaschutz\",\"Vortragsreihe\"],\"articleSection\":[\"News\"],\"inLanguage\":\"en-US\"},{\"@type\":\"WebPage\",\"@id\":\"https:\\\/\\\/www.protect-the-planet.de\\\/en\\\/unsere-klimaschutz-veranstaltungen-2024-im-rueckblick\\\/\",\"url\":\"https:\\\/\\\/www.protect-the-planet.de\\\/en\\\/unsere-klimaschutz-veranstaltungen-2024-im-rueckblick\\\/\",\"name\":\"Unsere Klimaschutz-Veranstaltungen 2024 im R\u00fcckblick - Protect the Planet\",\"isPartOf\":{\"@id\":\"https:\\\/\\\/www.protect-the-planet.de\\\/en\\\/#website\"},\"primaryImageOfPage\":{\"@id\":\"https:\\\/\\\/www.protect-the-planet.de\\\/en\\\/unsere-klimaschutz-veranstaltungen-2024-im-rueckblick\\\/#primaryimage\"},\"image\":{\"@id\":\"https:\\\/\\\/www.protect-the-planet.de\\\/en\\\/unsere-klimaschutz-veranstaltungen-2024-im-rueckblick\\\/#primaryimage\"},\"thumbnailUrl\":\"https:\\\/\\\/www.protect-the-planet.de\\\/wp-content\\\/uploads\\\/2024\\\/07\\\/2024-07-19-Rueckblick-Vortrag-Roda-2.jpg\",\"datePublished\":\"2025-01-16T20:22:38+00:00\",\"dateModified\":\"2025-03-12T09:30:53+00:00\",\"description\":\"Unsere vielf\u00e4ltigen Klimaschutz-Veranstaltungen konnten im Jahr 2024 mit 31 Veranstaltungen \u00fcber 9.000 Menschen inspirieren.\",\"breadcrumb\":{\"@id\":\"https:\\\/\\\/www.protect-the-planet.de\\\/en\\\/unsere-klimaschutz-veranstaltungen-2024-im-rueckblick\\\/#breadcrumb\"},\"inLanguage\":\"en-US\",\"potentialAction\":[{\"@type\":\"ReadAction\",\"target\":[\"https:\\\/\\\/www.protect-the-planet.de\\\/en\\\/unsere-klimaschutz-veranstaltungen-2024-im-rueckblick\\\/\"]}]},{\"@type\":\"ImageObject\",\"inLanguage\":\"en-US\",\"@id\":\"https:\\\/\\\/www.protect-the-planet.de\\\/en\\\/unsere-klimaschutz-veranstaltungen-2024-im-rueckblick\\\/#primaryimage\",\"url\":\"https:\\\/\\\/www.protect-the-planet.de\\\/wp-content\\\/uploads\\\/2024\\\/07\\\/2024-07-19-Rueckblick-Vortrag-Roda-2.jpg\",\"contentUrl\":\"https:\\\/\\\/www.protect-the-planet.de\\\/wp-content\\\/uploads\\\/2024\\\/07\\\/2024-07-19-Rueckblick-Vortrag-Roda-2.jpg\",\"width\":900,\"height\":550,\"caption\":\"Man sieht ca. 20 Menschen von hinten auf St\u00fchlen in einem kleinen Saal, die einem Vortrag aus einer Reihe von Klimaschutz-Veranstaltungen zuh\u00f6ren.\"},{\"@type\":\"BreadcrumbList\",\"@id\":\"https:\\\/\\\/www.protect-the-planet.de\\\/en\\\/unsere-klimaschutz-veranstaltungen-2024-im-rueckblick\\\/#breadcrumb\",\"itemListElement\":[{\"@type\":\"ListItem\",\"position\":1,\"name\":\"Startseite\",\"item\":\"https:\\\/\\\/www.protect-the-planet.de\\\/en\\\/home\\\/\"},{\"@type\":\"ListItem\",\"position\":2,\"name\":\"Unsere Klimaschutz-Veranstaltungen 2024 im R\u00fcckblick\"}]},{\"@type\":\"WebSite\",\"@id\":\"https:\\\/\\\/www.protect-the-planet.de\\\/en\\\/#website\",\"url\":\"https:\\\/\\\/www.protect-the-planet.de\\\/en\\\/\",\"name\":\"Protect the Planet\",\"description\":\"If we don&#039;t change, the climate will.\",\"publisher\":{\"@id\":\"https:\\\/\\\/www.protect-the-planet.de\\\/en\\\/#organization\"},\"alternateName\":\"Protect the Panet gGmbH\",\"potentialAction\":[{\"@type\":\"SearchAction\",\"target\":{\"@type\":\"EntryPoint\",\"urlTemplate\":\"https:\\\/\\\/www.protect-the-planet.de\\\/en\\\/?s={search_term_string}\"},\"query-input\":{\"@type\":\"PropertyValueSpecification\",\"valueRequired\":true,\"valueName\":\"search_term_string\"}}],\"inLanguage\":\"en-US\"},{\"@type\":\"Organization\",\"@id\":\"https:\\\/\\\/www.protect-the-planet.de\\\/en\\\/#organization\",\"name\":\"Protect the Planet\",\"url\":\"https:\\\/\\\/www.protect-the-planet.de\\\/en\\\/\",\"logo\":{\"@type\":\"ImageObject\",\"inLanguage\":\"en-US\",\"@id\":\"https:\\\/\\\/www.protect-the-planet.de\\\/en\\\/#\\\/schema\\\/logo\\\/image\\\/\",\"url\":\"https:\\\/\\\/www.protect-the-planet.de\\\/wp-content\\\/uploads\\\/2023\\\/09\\\/LOGO-positiv_transparent-klein.png\",\"contentUrl\":\"https:\\\/\\\/www.protect-the-planet.de\\\/wp-content\\\/uploads\\\/2023\\\/09\\\/LOGO-positiv_transparent-klein.png\",\"width\":123,\"height\":68,\"caption\":\"Protect the Planet\"},\"image\":{\"@id\":\"https:\\\/\\\/www.protect-the-planet.de\\\/en\\\/#\\\/schema\\\/logo\\\/image\\\/\"},\"sameAs\":[\"https:\\\/\\\/www.facebook.com\\\/protecttheplanetDE\\\/\",\"https:\\\/\\\/x.com\\\/PtP_de\",\"https:\\\/\\\/www.instagram.com\\\/protecttheplanetorg\\\/\",\"https:\\\/\\\/www.linkedin.com\\\/company\\\/protect-the-planet\",\"https:\\\/\\\/www.youtube.com\\\/@protecttheplanet\"]},{\"@type\":\"Person\",\"@id\":\"https:\\\/\\\/www.protect-the-planet.de\\\/en\\\/#\\\/schema\\\/person\\\/34a10854efaaf0bf11a3b6fbe966fcd0\",\"name\":\"Fenya Kirst\",\"image\":{\"@type\":\"ImageObject\",\"inLanguage\":\"en-US\",\"@id\":\"https:\\\/\\\/www.protect-the-planet.de\\\/wp-content\\\/uploads\\\/2024\\\/03\\\/cropped-2310_ProtectThePlanet_Portraet-Fenya-quadr-scaled-1-96x96.jpg\",\"url\":\"https:\\\/\\\/www.protect-the-planet.de\\\/wp-content\\\/uploads\\\/2024\\\/03\\\/cropped-2310_ProtectThePlanet_Portraet-Fenya-quadr-scaled-1-96x96.jpg\",\"contentUrl\":\"https:\\\/\\\/www.protect-the-planet.de\\\/wp-content\\\/uploads\\\/2024\\\/03\\\/cropped-2310_ProtectThePlanet_Portraet-Fenya-quadr-scaled-1-96x96.jpg\",\"caption\":\"Fenya Kirst\"},\"description\":\"fenya.kirst@protect-the-planet.de +49 162 9085805\",\"url\":\"https:\\\/\\\/www.protect-the-planet.de\\\/en\\\/author\\\/fenya-kirst\\\/\"}]}<\/script>\n<!-- \/ Yoast SEO plugin. -->","yoast_head_json":{"title":"Unsere Klimaschutz-Veranstaltungen 2024 im R\u00fcckblick - Protect the Planet","description":"Unsere vielf\u00e4ltigen Klimaschutz-Veranstaltungen konnten im Jahr 2024 mit 31 Veranstaltungen \u00fcber 9.000 Menschen inspirieren.","robots":{"index":"index","follow":"follow","max-snippet":"max-snippet:-1","max-image-preview":"max-image-preview:large","max-video-preview":"max-video-preview:-1"},"canonical":"https:\/\/www.protect-the-planet.de\/en\/unsere-klimaschutz-veranstaltungen-2024-im-rueckblick\/","og_locale":"en_US","og_type":"article","og_title":"Unsere Klimaschutz-Veranstaltungen 2024 im R\u00fcckblick - Protect the Planet","og_description":"Unsere vielf\u00e4ltigen Klimaschutz-Veranstaltungen konnten im Jahr 2024 mit 31 Veranstaltungen \u00fcber 9.000 Menschen inspirieren.","og_url":"https:\/\/www.protect-the-planet.de\/en\/unsere-klimaschutz-veranstaltungen-2024-im-rueckblick\/","og_site_name":"Protect the Planet","article_publisher":"https:\/\/www.facebook.com\/protecttheplanetDE\/","article_published_time":"2025-01-16T20:22:38+00:00","article_modified_time":"2025-03-12T09:30:53+00:00","og_image":[{"width":900,"height":550,"url":"https:\/\/www.protect-the-planet.de\/wp-content\/uploads\/2024\/07\/2024-07-19-Rueckblick-Vortrag-Roda-2.jpg","type":"image\/jpeg"}],"author":"Fenya Kirst","twitter_card":"summary_large_image","twitter_creator":"@PtP_de","twitter_site":"@PtP_de","twitter_misc":{"Written by":"Fenya Kirst","Est. reading time":"3 minutes"},"schema":{"@context":"https:\/\/schema.org","@graph":[{"@type":"Article","@id":"https:\/\/www.protect-the-planet.de\/en\/unsere-klimaschutz-veranstaltungen-2024-im-rueckblick\/#article","isPartOf":{"@id":"https:\/\/www.protect-the-planet.de\/en\/unsere-klimaschutz-veranstaltungen-2024-im-rueckblick\/"},"author":{"name":"Fenya Kirst","@id":"https:\/\/www.protect-the-planet.de\/en\/#\/schema\/person\/34a10854efaaf0bf11a3b6fbe966fcd0"},"headline":"Unsere Klimaschutz-Veranstaltungen 2024 im R\u00fcckblick","datePublished":"2025-01-16T20:22:38+00:00","dateModified":"2025-03-12T09:30:53+00:00","mainEntityOfPage":{"@id":"https:\/\/www.protect-the-planet.de\/en\/unsere-klimaschutz-veranstaltungen-2024-im-rueckblick\/"},"wordCount":430,"publisher":{"@id":"https:\/\/www.protect-the-planet.de\/en\/#organization"},"image":{"@id":"https:\/\/www.protect-the-planet.de\/en\/unsere-klimaschutz-veranstaltungen-2024-im-rueckblick\/#primaryimage"},"thumbnailUrl":"https:\/\/www.protect-the-planet.de\/wp-content\/uploads\/2024\/07\/2024-07-19-Rueckblick-Vortrag-Roda-2.jpg","keywords":["Klimaschutz","Vortragsreihe"],"articleSection":["News"],"inLanguage":"en-US"},{"@type":"WebPage","@id":"https:\/\/www.protect-the-planet.de\/en\/unsere-klimaschutz-veranstaltungen-2024-im-rueckblick\/","url":"https:\/\/www.protect-the-planet.de\/en\/unsere-klimaschutz-veranstaltungen-2024-im-rueckblick\/","name":"Unsere Klimaschutz-Veranstaltungen 2024 im R\u00fcckblick - Protect the Planet","isPartOf":{"@id":"https:\/\/www.protect-the-planet.de\/en\/#website"},"primaryImageOfPage":{"@id":"https:\/\/www.protect-the-planet.de\/en\/unsere-klimaschutz-veranstaltungen-2024-im-rueckblick\/#primaryimage"},"image":{"@id":"https:\/\/www.protect-the-planet.de\/en\/unsere-klimaschutz-veranstaltungen-2024-im-rueckblick\/#primaryimage"},"thumbnailUrl":"https:\/\/www.protect-the-planet.de\/wp-content\/uploads\/2024\/07\/2024-07-19-Rueckblick-Vortrag-Roda-2.jpg","datePublished":"2025-01-16T20:22:38+00:00","dateModified":"2025-03-12T09:30:53+00:00","description":"Unsere vielf\u00e4ltigen Klimaschutz-Veranstaltungen konnten im Jahr 2024 mit 31 Veranstaltungen \u00fcber 9.000 Menschen inspirieren.","breadcrumb":{"@id":"https:\/\/www.protect-the-planet.de\/en\/unsere-klimaschutz-veranstaltungen-2024-im-rueckblick\/#breadcrumb"},"inLanguage":"en-US","potentialAction":[{"@type":"ReadAction","target":["https:\/\/www.protect-the-planet.de\/en\/unsere-klimaschutz-veranstaltungen-2024-im-rueckblick\/"]}]},{"@type":"ImageObject","inLanguage":"en-US","@id":"https:\/\/www.protect-the-planet.de\/en\/unsere-klimaschutz-veranstaltungen-2024-im-rueckblick\/#primaryimage","url":"https:\/\/www.protect-the-planet.de\/wp-content\/uploads\/2024\/07\/2024-07-19-Rueckblick-Vortrag-Roda-2.jpg","contentUrl":"https:\/\/www.protect-the-planet.de\/wp-content\/uploads\/2024\/07\/2024-07-19-Rueckblick-Vortrag-Roda-2.jpg","width":900,"height":550,"caption":"Man sieht ca. 20 Menschen von hinten auf St\u00fchlen in einem kleinen Saal, die einem Vortrag aus einer Reihe von Klimaschutz-Veranstaltungen zuh\u00f6ren."},{"@type":"BreadcrumbList","@id":"https:\/\/www.protect-the-planet.de\/en\/unsere-klimaschutz-veranstaltungen-2024-im-rueckblick\/#breadcrumb","itemListElement":[{"@type":"ListItem","position":1,"name":"Startseite","item":"https:\/\/www.protect-the-planet.de\/en\/home\/"},{"@type":"ListItem","position":2,"name":"Unsere Klimaschutz-Veranstaltungen 2024 im R\u00fcckblick"}]},{"@type":"WebSite","@id":"https:\/\/www.protect-the-planet.de\/en\/#website","url":"https:\/\/www.protect-the-planet.de\/en\/","name":"Protect the Planet","description":"If we don&#039;t change, the climate will.","publisher":{"@id":"https:\/\/www.protect-the-planet.de\/en\/#organization"},"alternateName":"Protect the Panet gGmbH","potentialAction":[{"@type":"SearchAction","target":{"@type":"EntryPoint","urlTemplate":"https:\/\/www.protect-the-planet.de\/en\/?s={search_term_string}"},"query-input":{"@type":"PropertyValueSpecification","valueRequired":true,"valueName":"search_term_string"}}],"inLanguage":"en-US"},{"@type":"Organization","@id":"https:\/\/www.protect-the-planet.de\/en\/#organization","name":"Protect the Planet","url":"https:\/\/www.protect-the-planet.de\/en\/","logo":{"@type":"ImageObject","inLanguage":"en-US","@id":"https:\/\/www.protect-the-planet.de\/en\/#\/schema\/logo\/image\/","url":"https:\/\/www.protect-the-planet.de\/wp-content\/uploads\/2023\/09\/LOGO-positiv_transparent-klein.png","contentUrl":"https:\/\/www.protect-the-planet.de\/wp-content\/uploads\/2023\/09\/LOGO-positiv_transparent-klein.png","width":123,"height":68,"caption":"Protect the Planet"},"image":{"@id":"https:\/\/www.protect-the-planet.de\/en\/#\/schema\/logo\/image\/"},"sameAs":["https:\/\/www.facebook.com\/protecttheplanetDE\/","https:\/\/x.com\/PtP_de","https:\/\/www.instagram.com\/protecttheplanetorg\/","https:\/\/www.linkedin.com\/company\/protect-the-planet","https:\/\/www.youtube.com\/@protecttheplanet"]},{"@type":"Person","@id":"https:\/\/www.protect-the-planet.de\/en\/#\/schema\/person\/34a10854efaaf0bf11a3b6fbe966fcd0","name":"Fenya Kirst","image":{"@type":"ImageObject","inLanguage":"en-US","@id":"https:\/\/www.protect-the-planet.de\/wp-content\/uploads\/2024\/03\/cropped-2310_ProtectThePlanet_Portraet-Fenya-quadr-scaled-1-96x96.jpg","url":"https:\/\/www.protect-the-planet.de\/wp-content\/uploads\/2024\/03\/cropped-2310_ProtectThePlanet_Portraet-Fenya-quadr-scaled-1-96x96.jpg","contentUrl":"https:\/\/www.protect-the-planet.de\/wp-content\/uploads\/2024\/03\/cropped-2310_ProtectThePlanet_Portraet-Fenya-quadr-scaled-1-96x96.jpg","caption":"Fenya Kirst"},"description":"fenya.kirst@protect-the-planet.de +49 162 9085805","url":"https:\/\/www.protect-the-planet.de\/en\/author\/fenya-kirst\/"}]}},"_links":{"self":[{"href":"https:\/\/www.protect-the-planet.de\/en\/wp-json\/wp\/v2\/posts\/29779","targetHints":{"allow":["GET"]}}],"collection":[{"href":"https:\/\/www.protect-the-planet.de\/en\/wp-json\/wp\/v2\/posts"}],"about":[{"href":"https:\/\/www.protect-the-planet.de\/en\/wp-json\/wp\/v2\/types\/post"}],"author":[{"embeddable":true,"href":"https:\/\/www.protect-the-planet.de\/en\/wp-json\/wp\/v2\/users\/6"}],"replies":[{"embeddable":true,"href":"https:\/\/www.protect-the-planet.de\/en\/wp-json\/wp\/v2\/comments?post=29779"}],"version-history":[{"count":0,"href":"https:\/\/www.protect-the-planet.de\/en\/wp-json\/wp\/v2\/posts\/29779\/revisions"}],"wp:featuredmedia":[{"embeddable":true,"href":"https:\/\/www.protect-the-planet.de\/en\/wp-json\/wp\/v2\/media\/27784"}],"wp:attachment":[{"href":"https:\/\/www.protect-the-planet.de\/en\/wp-json\/wp\/v2\/media?parent=29779"}],"wp:term":[{"taxonomy":"category","embeddable":true,"href":"https:\/\/www.protect-the-planet.de\/en\/wp-json\/wp\/v2\/categories?post=29779"},{"taxonomy":"post_tag","embeddable":true,"href":"https:\/\/www.protect-the-planet.de\/en\/wp-json\/wp\/v2\/tags?post=29779"}],"curies":[{"name":"wp","href":"https:\/\/api.w.org\/{rel}","templated":true}]}}