{"id":29773,"date":"2025-02-26T16:56:25","date_gmt":"2025-02-26T15:56:25","guid":{"rendered":"https:\/\/www.protect-the-planet.de\/angriff-auf-ngos-cdu-csu-stellt-gemeinnuetzigkeit-infrage\/"},"modified":"2025-03-12T10:27:53","modified_gmt":"2025-03-12T09:27:53","slug":"angriff-auf-ngos-cdu-csu-stellt-gemeinnuetzigkeit-infrage","status":"publish","type":"post","link":"https:\/\/www.protect-the-planet.de\/en\/angriff-auf-ngos-cdu-csu-stellt-gemeinnuetzigkeit-infrage\/","title":{"rendered":"Angriff auf NGOs? CDU\/CSU stellt Gemeinn\u00fctzigkeit  infrage"},"content":{"rendered":"\n<p>Kleine Anfrage, gro\u00dfe Bedeutung: Unmittelbar nach der Bundestagswahl am 23.02.2025 hat die Unionsfraktion im Bundestag eine&nbsp;<strong>Kleine Anfrage<\/strong>&nbsp;an die Bundesregierung gestellt \u2013 mit weitreichenden Konsequenzen. Auf 32 Seiten und in 551 Fragen (<a href=\"https:\/\/dserver.bundestag.de\/btd\/20\/150\/2015035.pdf\">Drucksache 20\/15035, Quelle 1<\/a>) stellt die Union dabei die politische Neutralit\u00e4t staatlich gef\u00f6rderter Organisationen infrage. Konkret geht es darum, ob 17 Nicht-Regierungsorganisationen in Deutschland staatlich gef\u00f6rdert werden und ob ihre T\u00e4tigkeiten mit ihrer Gemeinn\u00fctzigkeit im Einklang stehen. Der Fokus der Anfrage liegt auf NGOs, die sich im Vorfeld der Wahl kritisch zur Politik der Union ge\u00e4u\u00dfert oder Proteste organisiert hatten.<\/p>\n\n\n\n<p>Der Subtext der Anfrage ist deutlich: Die CDU\/CSU betrachtet politische Kritik an ihren Parteien von NGOs als potenziell problematisch und nicht vereinbar mit Gemeinn\u00fctzigkeit.<\/p>\n\n\n\n<p><strong>Diese NGOs stehen im Fokus der Anfrage von CDU\/CSU:<\/strong><\/p>\n\n\n\n<ul class=\"wp-block-list\">\n<li>CORRECTIV gGmbH (das Medienportal, das u.a. mit der Potsdam-Recherche 2024 rechte Netze hinter der AfD aufdeckte, hat <a href=\"https:\/\/correctiv.org\/in-eigener-sache\/2025\/02\/26\/kleine-anfrage-der-unionsfraktion-zu-ngo-unsere-antworten-auf-die-fragen-zu-correctiv\/\">hier<\/a> umfassend Selbstauskunft zu allen sie betreffenden Fragen geleistet)<\/li>\n\n\n\n<li>Omas gegen Rechts e. V. (Erkl\u00e4rung zur \u00dcberparteilichkeit <a href=\"https:\/\/www.omas-gegen-rechts.org\/2025\/02\/10\/erklaerung-der-omas-gegen-rechts-in-deutschland-zu-unserer-ueberparteilichkeit\/\">hier<\/a>)<\/li>\n\n\n\n<li>Campact e. V.<\/li>\n\n\n\n<li>Attac Tr\u00e4gerverein e. V. (Stellungnahme <a href=\"https:\/\/www.attac.de\/neuigkeiten\/detailansicht\/news\/kleine-anfrage-cdu\">hier<\/a>)<\/li>\n\n\n\n<li>Amadeu Antonio Stiftung (Stellungnahme <a href=\"https:\/\/www.amadeu-antonio-stiftung.de\/pressemitteilungen\/unionsanfrage-ist-misstrauenskampagne-gegen-die-demokratische-zivilgesellschaft\/\">hier<\/a>)<\/li>\n\n\n\n<li>Peta Deutschland e. V.&nbsp;<\/li>\n\n\n\n<li>Animal Rights Watch e. V.<\/li>\n\n\n\n<li>Foodwatch e. V. (Stellungnahme <a href=\"https:\/\/www.instagram.com\/p\/DGieH7gNUJD\/\">hier auf Instagram<\/a>)<\/li>\n\n\n\n<li>Dezernat Zukunft e. V.<\/li>\n\n\n\n<li>Deutsche Umwelthilfe e. V.<\/li>\n\n\n\n<li>Agora Agrar gGmbH<\/li>\n\n\n\n<li>Agora Energiewende gGmbH<\/li>\n\n\n\n<li>Greenpeace e. V.<\/li>\n\n\n\n<li>BUND e. V. (Stellungnahme <a href=\"https:\/\/www.bund.net\/service\/presse\/pressemitteilungen\/detail\/news\/demokratischer-zusammenhalt-statt-attacken-gegen-die-zivilgesellschaft\/\">hier<\/a>, mit dem BUND arbeiten wir z.B. <a href=\"https:\/\/www.protect-the-planet.de\/en\/bund-erhebt-verfassungsklage-auf-bessere-biodiversitaets-gesetzgebung\/\">hier<\/a> zusammen)<\/li>\n\n\n\n<li>Netzwerk Recherche e. V.<\/li>\n\n\n\n<li>Verein Neue deutsche Medienmacher*innen e. V.<\/li>\n\n\n\n<li>Delta1 gGmbH<\/li>\n<\/ul>\n\n\n\n<p>(Stellungnahmen nicht vollst\u00e4ndig und nur bis zum Zeitpunkt 26.02.2025, 15 Uhr recherchiert)<\/p>\n\n\n\n<h2 class=\"wp-block-heading\">CDU: <strong>Angriff auf NGOs statt inhaltlicher Auseinandersetzung<\/strong><\/h2>\n\n\n\n<p>Bemerkenswert ist das Timing: Der Angriff auf NGOs mit der Kleinen Anfrage geh\u00f6rt zu den ersten Handlungen, die die Union nach ihrem Wahlsieg am 23.02.2025 get\u00e4tigt hat. Die Union blickt nicht nach rechts auf das starke Wahlergebnis der AfD (\u00fcber 20 %). Sie schl\u00e4gt keine vers\u00f6hnlichen T\u00f6ne an, um der wahrscheinlichen Koalition aus CDU\/CSU und SPD den Weg zu ebnen. Stattdessen befeuert sie als erste Amtshandlung einen Kulturkampf gegen die organisierte Zivilgesellschaft, die sie als \u201eSchattenstruktur\u201c diffamiert (<a href=\"https:\/\/dserver.bundestag.de\/btd\/20\/150\/2015035.pdf\">Kleine Anfrage, Quelle 1<\/a>, S. 1).&nbsp;<\/p>\n\n\n\n<p>Dabei sind genau diese Gruppen essenziell f\u00fcr eine demokratische Gesellschaft. In Organisationen wie den Omas gegen Rechts oder dem BUND setzen sich Menschen aus breiten Bev\u00f6lkerungsschichten f\u00fcr z.B. Demokratie und Umweltschutz ein. Olaf Bandt, Vorsitzender des BUND, betont als Reaktion auf die Anfrage der CDU\/CSU die jahrelange gute Kooperation auf allen politischen Ebenen mit Vertreter*innen auch der Unionsparteien.&nbsp;<\/p>\n\n\n\n<p>In dieser Vorgehensweise der Unionsparteien offenbart sich auch eine Parallele zur AfD, die nach den Landtagswahlen in Sachsen, Th\u00fcringen und Brandenburg 2024 eine ganz \u00e4hnliche Kleine Anfrage zu den Finanzen von Campact e.V. an die Bundesregierung gestellt hatte&nbsp;(Quelle <a href=\"https:\/\/dserver.bundestag.de\/btd\/20\/137\/2013727.pdf\">2<\/a>, <a href=\"https:\/\/dserver.bundestag.de\/btd\/20\/139\/2013984.pdf\">3<\/a>).<\/p>\n\n\n\n<h2 class=\"wp-block-heading\"><strong>Protect the Planet steht an der Seite der Zivilgesellschaft<\/strong><\/h2>\n\n\n\n<p>Als gemeinn\u00fctzige Organisation stehen wir fest hinter dem Grundprinzip, dass eine starke Demokratie eine starke, involvierte Zivilgesellschaft braucht. Dazu geh\u00f6rt ein lebendiger, respektvoller Diskurs und Debatten, die Kritik aushalten.&nbsp;Eine Demokratie braucht Parteien ebenso wie engagierte Menschen, die sich f\u00fcr Umwelt, soziale Gerechtigkeit und Menschenrechte einsetzen.&nbsp;<\/p>\n\n\n\n<p>Auf der Kampagnen-Plattform WeAct! sammelt eine Petition gegen den Vorsto\u00df der CDU derzeit zehntausende Unterschriften: <\/p>\n\n\n\n<p>\ud83d\udd17&nbsp;<a href=\"https:\/\/weact.campact.de\/petitions\/schluss-mit-dem-angriff-auf-ngos-und-medien-keine-zensur-durch-die-cdu\">WeAct-Petition: Schluss mit dem Angriff auf NGOs!<\/a><\/p>\n\n\n\n<p><\/p>\n\n\n\n<h3 class=\"wp-block-heading\">Nachweise:<\/h3>\n\n\n\n<ul class=\"wp-block-list\">\n<li>Quelle 1: Kleine Anfrage der Fraktion der CDU\/CSU, Drucksache 20\/15035 vom 24.02.2025 <a href=\"https:\/\/dserver.bundestag.de\/btd\/20\/150\/2015035.pdf\">https:\/\/dserver.bundestag.de\/btd\/20\/150\/2015035.pdf<\/a>&nbsp;<\/li>\n\n\n\n<li>Quelle 2: Kleine Anfrage des Abgeordneten Jan Wenzel Schmidt und der Fraktion der AfD, Drucksache 20\/13727 vom 12.11.2024 <a href=\"https:\/\/dserver.bundestag.de\/btd\/20\/137\/2013727.pdf\">https:\/\/dserver.bundestag.de\/btd\/20\/137\/2013727.pdf<\/a><\/li>\n\n\n\n<li>Quelle 3: Antwort der Bundesregierung auf die Kleine Anfrage des Abgeordneten Jan Wenzel Schmidt und der Fraktion der AfD, Drucksache 20\/13727, vom 26.11.2024 <a href=\"https:\/\/dserver.bundestag.de\/btd\/20\/139\/2013984.pdf\">https:\/\/dserver.bundestag.de\/btd\/20\/139\/2013984.pdf<\/a><\/li>\n<\/ul>\n","protected":false},"excerpt":{"rendered":"<p>Kleine Anfrage, gro\u00dfe Bedeutung: Unmittelbar nach der Bundestagswahl am 23.02.2025 hat die Unionsfraktion im Bundestag eine&nbsp;Kleine Anfrage&nbsp;an die Bundesregierung gestellt \u2013 mit weitreichenden Konsequenzen. Auf 32 Seiten und in 551 Fragen (Drucksache 20\/15035, Quelle 1) stellt die Union dabei die politische Neutralit\u00e4t staatlich gef\u00f6rderter Organisationen infrage. Konkret geht es darum, ob 17 Nicht-Regierungsorganisationen in Deutschland [&hellip;]<\/p>\n","protected":false},"author":6,"featured_media":29618,"comment_status":"closed","ping_status":"closed","sticky":false,"template":"","format":"standard","meta":{"footnotes":""},"categories":[729],"tags":[772,1362,748,821,1363,1364],"class_list":["post-29773","post","type-post","status-publish","format-standard","has-post-thumbnail","hentry","category-news","tag-bundesregierung-en","tag-cdu-en","tag-csu-en","tag-demokratie-en","tag-ngos-en","tag-union-en"],"yoast_head":"<!-- This site is optimized with the Yoast SEO plugin v27.5 - https:\/\/yoast.com\/product\/yoast-seo-wordpress\/ -->\n<title>Angriff auf NGOs? CDU\/CSU stellt Gemeinn\u00fctzigkeit infrage - Protect the Planet<\/title>\n<meta name=\"description\" content=\"Unmittelbar nach der Bundestagswahl stellt die CDU\/CSU die politische Neutralit\u00e4t staatlich gef\u00f6rderter Organisationen und NGOs infrage.\" \/>\n<meta name=\"robots\" content=\"index, follow, max-snippet:-1, max-image-preview:large, max-video-preview:-1\" \/>\n<link rel=\"canonical\" href=\"https:\/\/www.protect-the-planet.de\/en\/angriff-auf-ngos-cdu-csu-stellt-gemeinnuetzigkeit-infrage\/\" \/>\n<meta property=\"og:locale\" content=\"en_US\" \/>\n<meta property=\"og:type\" content=\"article\" \/>\n<meta property=\"og:title\" content=\"Angriff auf NGOs? CDU\/CSU stellt Gemeinn\u00fctzigkeit infrage - Protect the Planet\" \/>\n<meta property=\"og:description\" content=\"Unmittelbar nach der Bundestagswahl stellt die CDU\/CSU die politische Neutralit\u00e4t staatlich gef\u00f6rderter Organisationen und NGOs infrage.\" \/>\n<meta property=\"og:url\" content=\"https:\/\/www.protect-the-planet.de\/en\/angriff-auf-ngos-cdu-csu-stellt-gemeinnuetzigkeit-infrage\/\" \/>\n<meta property=\"og:site_name\" content=\"Protect the Planet\" \/>\n<meta property=\"article:publisher\" content=\"https:\/\/www.facebook.com\/protecttheplanetDE\/\" \/>\n<meta property=\"article:published_time\" content=\"2025-02-26T15:56:25+00:00\" \/>\n<meta property=\"article:modified_time\" content=\"2025-03-12T09:27:53+00:00\" \/>\n<meta property=\"og:image\" content=\"https:\/\/www.protect-the-planet.de\/wp-content\/uploads\/2025\/02\/news_kleine-anfrage-union-26022025.jpg\" \/>\n\t<meta property=\"og:image:width\" content=\"900\" \/>\n\t<meta property=\"og:image:height\" content=\"550\" \/>\n\t<meta property=\"og:image:type\" content=\"image\/jpeg\" \/>\n<meta name=\"author\" content=\"Fenya Kirst\" \/>\n<meta name=\"twitter:card\" content=\"summary_large_image\" \/>\n<meta name=\"twitter:creator\" content=\"@PtP_de\" \/>\n<meta name=\"twitter:site\" content=\"@PtP_de\" \/>\n<meta name=\"twitter:label1\" content=\"Written by\" \/>\n\t<meta name=\"twitter:data1\" content=\"Fenya Kirst\" \/>\n\t<meta name=\"twitter:label2\" content=\"Est. reading time\" \/>\n\t<meta name=\"twitter:data2\" content=\"4 minutes\" \/>\n<script type=\"application\/ld+json\" class=\"yoast-schema-graph\">{\"@context\":\"https:\\\/\\\/schema.org\",\"@graph\":[{\"@type\":\"Article\",\"@id\":\"https:\\\/\\\/www.protect-the-planet.de\\\/en\\\/angriff-auf-ngos-cdu-csu-stellt-gemeinnuetzigkeit-infrage\\\/#article\",\"isPartOf\":{\"@id\":\"https:\\\/\\\/www.protect-the-planet.de\\\/en\\\/angriff-auf-ngos-cdu-csu-stellt-gemeinnuetzigkeit-infrage\\\/\"},\"author\":{\"name\":\"Fenya Kirst\",\"@id\":\"https:\\\/\\\/www.protect-the-planet.de\\\/en\\\/#\\\/schema\\\/person\\\/34a10854efaaf0bf11a3b6fbe966fcd0\"},\"headline\":\"Angriff auf NGOs? CDU\\\/CSU stellt Gemeinn\u00fctzigkeit infrage\",\"datePublished\":\"2025-02-26T15:56:25+00:00\",\"dateModified\":\"2025-03-12T09:27:53+00:00\",\"mainEntityOfPage\":{\"@id\":\"https:\\\/\\\/www.protect-the-planet.de\\\/en\\\/angriff-auf-ngos-cdu-csu-stellt-gemeinnuetzigkeit-infrage\\\/\"},\"wordCount\":610,\"publisher\":{\"@id\":\"https:\\\/\\\/www.protect-the-planet.de\\\/en\\\/#organization\"},\"image\":{\"@id\":\"https:\\\/\\\/www.protect-the-planet.de\\\/en\\\/angriff-auf-ngos-cdu-csu-stellt-gemeinnuetzigkeit-infrage\\\/#primaryimage\"},\"thumbnailUrl\":\"https:\\\/\\\/www.protect-the-planet.de\\\/wp-content\\\/uploads\\\/2025\\\/02\\\/news_kleine-anfrage-union-26022025.jpg\",\"keywords\":[\"bundesregierung\",\"CDU\",\"CSU\",\"Demokratie\",\"ngos\",\"Union\"],\"articleSection\":[\"News\"],\"inLanguage\":\"en-US\"},{\"@type\":\"WebPage\",\"@id\":\"https:\\\/\\\/www.protect-the-planet.de\\\/en\\\/angriff-auf-ngos-cdu-csu-stellt-gemeinnuetzigkeit-infrage\\\/\",\"url\":\"https:\\\/\\\/www.protect-the-planet.de\\\/en\\\/angriff-auf-ngos-cdu-csu-stellt-gemeinnuetzigkeit-infrage\\\/\",\"name\":\"Angriff auf NGOs? CDU\\\/CSU stellt Gemeinn\u00fctzigkeit infrage - Protect the Planet\",\"isPartOf\":{\"@id\":\"https:\\\/\\\/www.protect-the-planet.de\\\/en\\\/#website\"},\"primaryImageOfPage\":{\"@id\":\"https:\\\/\\\/www.protect-the-planet.de\\\/en\\\/angriff-auf-ngos-cdu-csu-stellt-gemeinnuetzigkeit-infrage\\\/#primaryimage\"},\"image\":{\"@id\":\"https:\\\/\\\/www.protect-the-planet.de\\\/en\\\/angriff-auf-ngos-cdu-csu-stellt-gemeinnuetzigkeit-infrage\\\/#primaryimage\"},\"thumbnailUrl\":\"https:\\\/\\\/www.protect-the-planet.de\\\/wp-content\\\/uploads\\\/2025\\\/02\\\/news_kleine-anfrage-union-26022025.jpg\",\"datePublished\":\"2025-02-26T15:56:25+00:00\",\"dateModified\":\"2025-03-12T09:27:53+00:00\",\"description\":\"Unmittelbar nach der Bundestagswahl stellt die CDU\\\/CSU die politische Neutralit\u00e4t staatlich gef\u00f6rderter Organisationen und NGOs infrage.\",\"breadcrumb\":{\"@id\":\"https:\\\/\\\/www.protect-the-planet.de\\\/en\\\/angriff-auf-ngos-cdu-csu-stellt-gemeinnuetzigkeit-infrage\\\/#breadcrumb\"},\"inLanguage\":\"en-US\",\"potentialAction\":[{\"@type\":\"ReadAction\",\"target\":[\"https:\\\/\\\/www.protect-the-planet.de\\\/en\\\/angriff-auf-ngos-cdu-csu-stellt-gemeinnuetzigkeit-infrage\\\/\"]}]},{\"@type\":\"ImageObject\",\"inLanguage\":\"en-US\",\"@id\":\"https:\\\/\\\/www.protect-the-planet.de\\\/en\\\/angriff-auf-ngos-cdu-csu-stellt-gemeinnuetzigkeit-infrage\\\/#primaryimage\",\"url\":\"https:\\\/\\\/www.protect-the-planet.de\\\/wp-content\\\/uploads\\\/2025\\\/02\\\/news_kleine-anfrage-union-26022025.jpg\",\"contentUrl\":\"https:\\\/\\\/www.protect-the-planet.de\\\/wp-content\\\/uploads\\\/2025\\\/02\\\/news_kleine-anfrage-union-26022025.jpg\",\"width\":900,\"height\":550,\"caption\":\"Man sieht ein Foto des leeren Plenarsaals des deutschen Bundestags.\"},{\"@type\":\"BreadcrumbList\",\"@id\":\"https:\\\/\\\/www.protect-the-planet.de\\\/en\\\/angriff-auf-ngos-cdu-csu-stellt-gemeinnuetzigkeit-infrage\\\/#breadcrumb\",\"itemListElement\":[{\"@type\":\"ListItem\",\"position\":1,\"name\":\"Startseite\",\"item\":\"https:\\\/\\\/www.protect-the-planet.de\\\/en\\\/home\\\/\"},{\"@type\":\"ListItem\",\"position\":2,\"name\":\"Angriff auf NGOs? CDU\\\/CSU stellt Gemeinn\u00fctzigkeit infrage\"}]},{\"@type\":\"WebSite\",\"@id\":\"https:\\\/\\\/www.protect-the-planet.de\\\/en\\\/#website\",\"url\":\"https:\\\/\\\/www.protect-the-planet.de\\\/en\\\/\",\"name\":\"Protect the Planet\",\"description\":\"If we don&#039;t change, the climate will.\",\"publisher\":{\"@id\":\"https:\\\/\\\/www.protect-the-planet.de\\\/en\\\/#organization\"},\"alternateName\":\"Protect the Panet gGmbH\",\"potentialAction\":[{\"@type\":\"SearchAction\",\"target\":{\"@type\":\"EntryPoint\",\"urlTemplate\":\"https:\\\/\\\/www.protect-the-planet.de\\\/en\\\/?s={search_term_string}\"},\"query-input\":{\"@type\":\"PropertyValueSpecification\",\"valueRequired\":true,\"valueName\":\"search_term_string\"}}],\"inLanguage\":\"en-US\"},{\"@type\":\"Organization\",\"@id\":\"https:\\\/\\\/www.protect-the-planet.de\\\/en\\\/#organization\",\"name\":\"Protect the Planet\",\"url\":\"https:\\\/\\\/www.protect-the-planet.de\\\/en\\\/\",\"logo\":{\"@type\":\"ImageObject\",\"inLanguage\":\"en-US\",\"@id\":\"https:\\\/\\\/www.protect-the-planet.de\\\/en\\\/#\\\/schema\\\/logo\\\/image\\\/\",\"url\":\"https:\\\/\\\/www.protect-the-planet.de\\\/wp-content\\\/uploads\\\/2023\\\/09\\\/LOGO-positiv_transparent-klein.png\",\"contentUrl\":\"https:\\\/\\\/www.protect-the-planet.de\\\/wp-content\\\/uploads\\\/2023\\\/09\\\/LOGO-positiv_transparent-klein.png\",\"width\":123,\"height\":68,\"caption\":\"Protect the Planet\"},\"image\":{\"@id\":\"https:\\\/\\\/www.protect-the-planet.de\\\/en\\\/#\\\/schema\\\/logo\\\/image\\\/\"},\"sameAs\":[\"https:\\\/\\\/www.facebook.com\\\/protecttheplanetDE\\\/\",\"https:\\\/\\\/x.com\\\/PtP_de\",\"https:\\\/\\\/www.instagram.com\\\/protecttheplanetorg\\\/\",\"https:\\\/\\\/www.linkedin.com\\\/company\\\/protect-the-planet\",\"https:\\\/\\\/www.youtube.com\\\/@protecttheplanet\"]},{\"@type\":\"Person\",\"@id\":\"https:\\\/\\\/www.protect-the-planet.de\\\/en\\\/#\\\/schema\\\/person\\\/34a10854efaaf0bf11a3b6fbe966fcd0\",\"name\":\"Fenya Kirst\",\"image\":{\"@type\":\"ImageObject\",\"inLanguage\":\"en-US\",\"@id\":\"https:\\\/\\\/www.protect-the-planet.de\\\/wp-content\\\/uploads\\\/2024\\\/03\\\/cropped-2310_ProtectThePlanet_Portraet-Fenya-quadr-scaled-1-96x96.jpg\",\"url\":\"https:\\\/\\\/www.protect-the-planet.de\\\/wp-content\\\/uploads\\\/2024\\\/03\\\/cropped-2310_ProtectThePlanet_Portraet-Fenya-quadr-scaled-1-96x96.jpg\",\"contentUrl\":\"https:\\\/\\\/www.protect-the-planet.de\\\/wp-content\\\/uploads\\\/2024\\\/03\\\/cropped-2310_ProtectThePlanet_Portraet-Fenya-quadr-scaled-1-96x96.jpg\",\"caption\":\"Fenya Kirst\"},\"description\":\"fenya.kirst@protect-the-planet.de +49 162 9085805\",\"url\":\"https:\\\/\\\/www.protect-the-planet.de\\\/en\\\/author\\\/fenya-kirst\\\/\"}]}<\/script>\n<!-- \/ Yoast SEO plugin. -->","yoast_head_json":{"title":"Angriff auf NGOs? CDU\/CSU stellt Gemeinn\u00fctzigkeit infrage - Protect the Planet","description":"Unmittelbar nach der Bundestagswahl stellt die CDU\/CSU die politische Neutralit\u00e4t staatlich gef\u00f6rderter Organisationen und NGOs infrage.","robots":{"index":"index","follow":"follow","max-snippet":"max-snippet:-1","max-image-preview":"max-image-preview:large","max-video-preview":"max-video-preview:-1"},"canonical":"https:\/\/www.protect-the-planet.de\/en\/angriff-auf-ngos-cdu-csu-stellt-gemeinnuetzigkeit-infrage\/","og_locale":"en_US","og_type":"article","og_title":"Angriff auf NGOs? CDU\/CSU stellt Gemeinn\u00fctzigkeit infrage - Protect the Planet","og_description":"Unmittelbar nach der Bundestagswahl stellt die CDU\/CSU die politische Neutralit\u00e4t staatlich gef\u00f6rderter Organisationen und NGOs infrage.","og_url":"https:\/\/www.protect-the-planet.de\/en\/angriff-auf-ngos-cdu-csu-stellt-gemeinnuetzigkeit-infrage\/","og_site_name":"Protect the Planet","article_publisher":"https:\/\/www.facebook.com\/protecttheplanetDE\/","article_published_time":"2025-02-26T15:56:25+00:00","article_modified_time":"2025-03-12T09:27:53+00:00","og_image":[{"width":900,"height":550,"url":"https:\/\/www.protect-the-planet.de\/wp-content\/uploads\/2025\/02\/news_kleine-anfrage-union-26022025.jpg","type":"image\/jpeg"}],"author":"Fenya Kirst","twitter_card":"summary_large_image","twitter_creator":"@PtP_de","twitter_site":"@PtP_de","twitter_misc":{"Written by":"Fenya Kirst","Est. reading time":"4 minutes"},"schema":{"@context":"https:\/\/schema.org","@graph":[{"@type":"Article","@id":"https:\/\/www.protect-the-planet.de\/en\/angriff-auf-ngos-cdu-csu-stellt-gemeinnuetzigkeit-infrage\/#article","isPartOf":{"@id":"https:\/\/www.protect-the-planet.de\/en\/angriff-auf-ngos-cdu-csu-stellt-gemeinnuetzigkeit-infrage\/"},"author":{"name":"Fenya Kirst","@id":"https:\/\/www.protect-the-planet.de\/en\/#\/schema\/person\/34a10854efaaf0bf11a3b6fbe966fcd0"},"headline":"Angriff auf NGOs? CDU\/CSU stellt Gemeinn\u00fctzigkeit infrage","datePublished":"2025-02-26T15:56:25+00:00","dateModified":"2025-03-12T09:27:53+00:00","mainEntityOfPage":{"@id":"https:\/\/www.protect-the-planet.de\/en\/angriff-auf-ngos-cdu-csu-stellt-gemeinnuetzigkeit-infrage\/"},"wordCount":610,"publisher":{"@id":"https:\/\/www.protect-the-planet.de\/en\/#organization"},"image":{"@id":"https:\/\/www.protect-the-planet.de\/en\/angriff-auf-ngos-cdu-csu-stellt-gemeinnuetzigkeit-infrage\/#primaryimage"},"thumbnailUrl":"https:\/\/www.protect-the-planet.de\/wp-content\/uploads\/2025\/02\/news_kleine-anfrage-union-26022025.jpg","keywords":["bundesregierung","CDU","CSU","Demokratie","ngos","Union"],"articleSection":["News"],"inLanguage":"en-US"},{"@type":"WebPage","@id":"https:\/\/www.protect-the-planet.de\/en\/angriff-auf-ngos-cdu-csu-stellt-gemeinnuetzigkeit-infrage\/","url":"https:\/\/www.protect-the-planet.de\/en\/angriff-auf-ngos-cdu-csu-stellt-gemeinnuetzigkeit-infrage\/","name":"Angriff auf NGOs? CDU\/CSU stellt Gemeinn\u00fctzigkeit infrage - Protect the Planet","isPartOf":{"@id":"https:\/\/www.protect-the-planet.de\/en\/#website"},"primaryImageOfPage":{"@id":"https:\/\/www.protect-the-planet.de\/en\/angriff-auf-ngos-cdu-csu-stellt-gemeinnuetzigkeit-infrage\/#primaryimage"},"image":{"@id":"https:\/\/www.protect-the-planet.de\/en\/angriff-auf-ngos-cdu-csu-stellt-gemeinnuetzigkeit-infrage\/#primaryimage"},"thumbnailUrl":"https:\/\/www.protect-the-planet.de\/wp-content\/uploads\/2025\/02\/news_kleine-anfrage-union-26022025.jpg","datePublished":"2025-02-26T15:56:25+00:00","dateModified":"2025-03-12T09:27:53+00:00","description":"Unmittelbar nach der Bundestagswahl stellt die CDU\/CSU die politische Neutralit\u00e4t staatlich gef\u00f6rderter Organisationen und NGOs infrage.","breadcrumb":{"@id":"https:\/\/www.protect-the-planet.de\/en\/angriff-auf-ngos-cdu-csu-stellt-gemeinnuetzigkeit-infrage\/#breadcrumb"},"inLanguage":"en-US","potentialAction":[{"@type":"ReadAction","target":["https:\/\/www.protect-the-planet.de\/en\/angriff-auf-ngos-cdu-csu-stellt-gemeinnuetzigkeit-infrage\/"]}]},{"@type":"ImageObject","inLanguage":"en-US","@id":"https:\/\/www.protect-the-planet.de\/en\/angriff-auf-ngos-cdu-csu-stellt-gemeinnuetzigkeit-infrage\/#primaryimage","url":"https:\/\/www.protect-the-planet.de\/wp-content\/uploads\/2025\/02\/news_kleine-anfrage-union-26022025.jpg","contentUrl":"https:\/\/www.protect-the-planet.de\/wp-content\/uploads\/2025\/02\/news_kleine-anfrage-union-26022025.jpg","width":900,"height":550,"caption":"Man sieht ein Foto des leeren Plenarsaals des deutschen Bundestags."},{"@type":"BreadcrumbList","@id":"https:\/\/www.protect-the-planet.de\/en\/angriff-auf-ngos-cdu-csu-stellt-gemeinnuetzigkeit-infrage\/#breadcrumb","itemListElement":[{"@type":"ListItem","position":1,"name":"Startseite","item":"https:\/\/www.protect-the-planet.de\/en\/home\/"},{"@type":"ListItem","position":2,"name":"Angriff auf NGOs? CDU\/CSU stellt Gemeinn\u00fctzigkeit infrage"}]},{"@type":"WebSite","@id":"https:\/\/www.protect-the-planet.de\/en\/#website","url":"https:\/\/www.protect-the-planet.de\/en\/","name":"Protect the Planet","description":"If we don&#039;t change, the climate will.","publisher":{"@id":"https:\/\/www.protect-the-planet.de\/en\/#organization"},"alternateName":"Protect the Panet gGmbH","potentialAction":[{"@type":"SearchAction","target":{"@type":"EntryPoint","urlTemplate":"https:\/\/www.protect-the-planet.de\/en\/?s={search_term_string}"},"query-input":{"@type":"PropertyValueSpecification","valueRequired":true,"valueName":"search_term_string"}}],"inLanguage":"en-US"},{"@type":"Organization","@id":"https:\/\/www.protect-the-planet.de\/en\/#organization","name":"Protect the Planet","url":"https:\/\/www.protect-the-planet.de\/en\/","logo":{"@type":"ImageObject","inLanguage":"en-US","@id":"https:\/\/www.protect-the-planet.de\/en\/#\/schema\/logo\/image\/","url":"https:\/\/www.protect-the-planet.de\/wp-content\/uploads\/2023\/09\/LOGO-positiv_transparent-klein.png","contentUrl":"https:\/\/www.protect-the-planet.de\/wp-content\/uploads\/2023\/09\/LOGO-positiv_transparent-klein.png","width":123,"height":68,"caption":"Protect the Planet"},"image":{"@id":"https:\/\/www.protect-the-planet.de\/en\/#\/schema\/logo\/image\/"},"sameAs":["https:\/\/www.facebook.com\/protecttheplanetDE\/","https:\/\/x.com\/PtP_de","https:\/\/www.instagram.com\/protecttheplanetorg\/","https:\/\/www.linkedin.com\/company\/protect-the-planet","https:\/\/www.youtube.com\/@protecttheplanet"]},{"@type":"Person","@id":"https:\/\/www.protect-the-planet.de\/en\/#\/schema\/person\/34a10854efaaf0bf11a3b6fbe966fcd0","name":"Fenya Kirst","image":{"@type":"ImageObject","inLanguage":"en-US","@id":"https:\/\/www.protect-the-planet.de\/wp-content\/uploads\/2024\/03\/cropped-2310_ProtectThePlanet_Portraet-Fenya-quadr-scaled-1-96x96.jpg","url":"https:\/\/www.protect-the-planet.de\/wp-content\/uploads\/2024\/03\/cropped-2310_ProtectThePlanet_Portraet-Fenya-quadr-scaled-1-96x96.jpg","contentUrl":"https:\/\/www.protect-the-planet.de\/wp-content\/uploads\/2024\/03\/cropped-2310_ProtectThePlanet_Portraet-Fenya-quadr-scaled-1-96x96.jpg","caption":"Fenya Kirst"},"description":"fenya.kirst@protect-the-planet.de +49 162 9085805","url":"https:\/\/www.protect-the-planet.de\/en\/author\/fenya-kirst\/"}]}},"_links":{"self":[{"href":"https:\/\/www.protect-the-planet.de\/en\/wp-json\/wp\/v2\/posts\/29773","targetHints":{"allow":["GET"]}}],"collection":[{"href":"https:\/\/www.protect-the-planet.de\/en\/wp-json\/wp\/v2\/posts"}],"about":[{"href":"https:\/\/www.protect-the-planet.de\/en\/wp-json\/wp\/v2\/types\/post"}],"author":[{"embeddable":true,"href":"https:\/\/www.protect-the-planet.de\/en\/wp-json\/wp\/v2\/users\/6"}],"replies":[{"embeddable":true,"href":"https:\/\/www.protect-the-planet.de\/en\/wp-json\/wp\/v2\/comments?post=29773"}],"version-history":[{"count":0,"href":"https:\/\/www.protect-the-planet.de\/en\/wp-json\/wp\/v2\/posts\/29773\/revisions"}],"wp:featuredmedia":[{"embeddable":true,"href":"https:\/\/www.protect-the-planet.de\/en\/wp-json\/wp\/v2\/media\/29618"}],"wp:attachment":[{"href":"https:\/\/www.protect-the-planet.de\/en\/wp-json\/wp\/v2\/media?parent=29773"}],"wp:term":[{"taxonomy":"category","embeddable":true,"href":"https:\/\/www.protect-the-planet.de\/en\/wp-json\/wp\/v2\/categories?post=29773"},{"taxonomy":"post_tag","embeddable":true,"href":"https:\/\/www.protect-the-planet.de\/en\/wp-json\/wp\/v2\/tags?post=29773"}],"curies":[{"name":"wp","href":"https:\/\/api.w.org\/{rel}","templated":true}]}}