{"id":29516,"date":"2025-02-12T15:04:49","date_gmt":"2025-02-12T14:04:49","guid":{"rendered":"https:\/\/www.protect-the-planet.de\/?p=29516"},"modified":"2025-02-12T15:06:13","modified_gmt":"2025-02-12T14:06:13","slug":"klimastreik-am-14-02-2025","status":"publish","type":"post","link":"https:\/\/www.protect-the-planet.de\/en\/klimastreik-am-14-02-2025\/","title":{"rendered":"#RechtAufZukunft &#8211; Klimastreik vor der Bundestagswahl am 14.02.2025"},"content":{"rendered":"\n<p>Der Wahlkampf l\u00e4uft \u2013 und obwohl die Klimakrise immer weiter eskaliert, dominieren im Wahlkampf populistische Scheindebatten (\u201e<a href=\"https:\/\/www.protect-the-planet.de\/scheindebatte-atomkraft\/\">Atomkraft<\/a>\u201c) und eine Ann\u00e4herung an den rechten Rand.<\/p>\n\n\n\n<p>Auch&nbsp;<a href=\"https:\/\/fridaysforfuture.de\/klimastreik\/\">Fridays for Future Deutschland<\/a>&nbsp;warnt: Die \u00f6ffentliche Debatte wurde in den letzten Monaten von rechten Themen dominiert. Wenn wir diese Entwicklung nicht stoppen, drohen bei der Bundestagswahl am 23. Februar Ergebnisse wie in Brandenburg, Sachsen und Th\u00fcringen. Eine vorgezogene Wahl bedeutet eine vorgezogene Entscheidung \u00fcber unsere Zukunft. Jetzt ist die Zeit, um zu handeln!<\/p>\n\n\n\n<h3 class=\"wp-block-heading\">Warum wir streiken m\u00fcssen<\/h3>\n\n\n\n<p>Die Klimakrise ist die gr\u00f6\u00dfte Bedrohung unserer Zeit. Dennoch fehlen ehrgeizige Ma\u00dfnahmen im Wahlkampf. Jana H\u00e4fner von Fridays for Future M\u00fcnchen betont:&nbsp;<em>\u201eRegierungen sind in der Pflicht, die Menschen vor den Folgen der Klimakrise zu sch\u00fctzen, ganz gleich welcher Partei sie angeh\u00f6ren. H\u00f6chste Zeit also, ehrliche und konsequente Pl\u00e4ne zum Klimaschutz vorzulegen. Denn wir haben ein Recht auf Zukunft!\u201c<\/em>&nbsp;<\/p>\n\n\n\n<p>Deshalb ruft Fridays for Future am 14. Februar 2025 bundesweit zum Klimastreik auf. Wir m\u00fcssen die Debatte zur\u00fcckerobern und gemeinsam f\u00fcr eine lebenswerte Zukunft k\u00e4mpfen. Auch wir von Protect the Planet <a href=\"https:\/\/www.klima-streik.org\/buendnis\">unterst\u00fctzen<\/a>&nbsp;den Aufruf zum Klimastreik. Der Streik findet in \u00fcber 140 St\u00e4dten in Deutschland statt \u2013 unter anderem in M\u00fcnchen um 14 Uhr am K\u00f6nigsplatz. Sei dabei und setze ein Zeichen f\u00fcr konsequenten Klimaschutz! Den Streik in deiner N\u00e4he findest du hier:&nbsp;<a href=\"https:\/\/fridaysforfuture.de\/klimastreik\/#karte\">https:\/\/fridaysforfuture.de\/klimastreik\/#karte<\/a><\/p>\n\n\n\n<h3 class=\"wp-block-heading\">Die Forderungen von Fridays for Future<\/h3>\n\n\n\n<p>Fridays for Future fordert von den Parteien konkrete Klimaschutzma\u00dfnahmen und kritisiert die aktuellen Wahlprogramme als unzureichend. Die&nbsp;<a href=\"https:\/\/fridaysforfuture.de\/forderungen\/forderungen-2025\/\">zentralen Forderungen<\/a>&nbsp;sind:<\/p>\n\n\n\n<ul class=\"wp-block-list\">\n<li><strong>Klimaneutralit\u00e4t bis 2035<\/strong>: Deutschland muss seine Emissionen drastisch senken.<\/li>\n\n\n\n<li><strong>Gasausstieg bis 2035<\/strong>: Ein klarer Fahrplan zum Ausstieg aus der Nutzung fossiler Energien.<\/li>\n\n\n\n<li><strong>Besteuerung von Superreichen und fossilen Konzernen<\/strong>: Die Hauptverursacher der Klimakrise sollen zur Finanzierung von Klimaschutzma\u00dfnahmen beitragen.<\/li>\n\n\n\n<li><strong>J\u00e4hrlich 300.000 neue Jobs f\u00fcr die Klimawende<\/strong>: Denn: Die Transformation zur Klimaneutralit\u00e4t 2035 liegt in den H\u00e4nden derer, die unser Energie- und Mobilit\u00e4tssystem umbauen<\/li>\n\n\n\n<li><strong>Eine Mobilit\u00e4ts- und W\u00e4rmegarantie f\u00fcr alle:&nbsp;<\/strong>Das bedeutet: Alle Grundbed\u00fcrfnisse m\u00fcssen bezahlbar klimaneutral erf\u00fcllt werden k\u00f6nnen.<\/li>\n\n\n\n<li><strong>Ein Fond f\u00fcr Klimaanpassung und Katastrophenhilfe<\/strong>: als Schutz vor den schlimmsten Folgen der Klimakrise&nbsp;<\/li>\n<\/ul>\n\n\n\n<h3 class=\"wp-block-heading\">W\u00e4hlen f\u00fcr die Zukunft<\/h3>\n\n\n\n<p>Eine Woche nach dem Klimastreik findet am 23. Februar die Bundestagswahl statt. Diese Wahl entscheidet mit \u00fcber den Kurs Deutschlands im Klimaschutz. Nutzt eure Stimme f\u00fcr eine nachhaltige und demokratische Zukunft!<\/p>\n\n\n\n<p>Wir haben uns angeschaut,\u00a0<a href=\"https:\/\/www.protect-the-planet.de\/en\/klimaschutz-bei-der-bundestagswahl-parteien-im-vergleich\/\">was die sechs gr\u00f6\u00dften Parteien zum Thema Klima in petto haben<\/a>. Um eine informierte Wahlentscheidung zu treffen,\u00a0empfehlen wir z.\u00a0B. folgende Online-Tools zur Unterst\u00fctzung Ihrer Recherche:<\/p>\n\n\n\n<ul class=\"wp-block-list\">\n<li><a href=\"https:\/\/www.wahl-o-mat.de\/\"><strong>Wahl-O-Mat<\/strong><\/a><strong>&nbsp;der Bundeszentrale f\u00fcr politische Bildung<\/strong><\/li>\n\n\n\n<li><a href=\"https:\/\/real-o-mat.de\"><strong>Real-O-Mat<\/strong><\/a>&nbsp;<strong>von FragDenStaat<\/strong><\/li>\n\n\n\n<li><a href=\"https:\/\/bundestagswahl.dnr.de\/wahlprogrammanalyse-2025\"><strong>Klima-Wahlprogrammanalyse des Deutschen Naturschutzrings<\/strong><\/a><\/li>\n\n\n\n<li><a href=\"https:\/\/www.nabu.de\/umwelt-und-ressourcen\/gesellschaft-und-politik\/deutschland\/wahl25\/BTW25Analyse.html\"><strong>NABU-Check zur Bundestagswahl<\/strong><\/a>&nbsp;<\/li>\n\n\n\n<li><a href=\"https:\/\/www.wwf.de\/themen-projekte\/politische-arbeit\/bundestagswahl-2025\/wwf-zukunftswahl-check-2025\"><strong>Zukunftswahlcheck des WWF<\/strong><\/a><\/li>\n<\/ul>\n\n\n\n<p><\/p>\n\n\n\n<p>Lasst uns gemeinsam f\u00fcr eine klimagerechte Zukunft k\u00e4mpfen! #RechtAufZukunft<\/p>\n\n\n\n<p><\/p>\n","protected":false},"excerpt":{"rendered":"<p>Der Wahlkampf l\u00e4uft \u2013 und obwohl die Klimakrise immer weiter eskaliert, dominieren im Wahlkampf populistische Scheindebatten (\u201eAtomkraft\u201c) und eine Ann\u00e4herung an den rechten Rand. Auch&nbsp;Fridays for Future Deutschland&nbsp;warnt: Die \u00f6ffentliche Debatte wurde in den letzten Monaten von rechten Themen dominiert. Wenn wir diese Entwicklung nicht stoppen, drohen bei der Bundestagswahl am 23. Februar Ergebnisse wie [&hellip;]<\/p>\n","protected":false},"author":4,"featured_media":29515,"comment_status":"closed","ping_status":"closed","sticky":false,"template":"","format":"standard","meta":{"footnotes":""},"categories":[729],"tags":[1357,763,710,766],"class_list":["post-29516","post","type-post","status-publish","format-standard","has-post-thumbnail","hentry","category-news","tag-btw2025-en","tag-fridays-for-future-en","tag-klimaschutz-en","tag-klimastreik-en"],"yoast_head":"<!-- This site is optimized with the Yoast SEO plugin v27.5 - https:\/\/yoast.com\/product\/yoast-seo-wordpress\/ -->\n<title>#RechtAufZukunft - Klimastreik vor der Bundestagswahl am 14.02.2025 - Protect the Planet<\/title>\n<meta name=\"description\" content=\"Eine Woche vor der Bundestagswahl ruft Fridays for Future zum Klimastreik auf. Wir sind mit dabei!\" \/>\n<meta name=\"robots\" content=\"index, follow, max-snippet:-1, max-image-preview:large, max-video-preview:-1\" \/>\n<link rel=\"canonical\" href=\"https:\/\/www.protect-the-planet.de\/en\/klimastreik-am-14-02-2025\/\" \/>\n<meta property=\"og:locale\" content=\"en_US\" \/>\n<meta property=\"og:type\" content=\"article\" \/>\n<meta property=\"og:title\" content=\"#RechtAufZukunft - Klimastreik vor der Bundestagswahl am 14.02.2025 - Protect the Planet\" \/>\n<meta property=\"og:description\" content=\"Eine Woche vor der Bundestagswahl ruft Fridays for Future zum Klimastreik auf. Wir sind mit dabei!\" \/>\n<meta property=\"og:url\" content=\"https:\/\/www.protect-the-planet.de\/en\/klimastreik-am-14-02-2025\/\" \/>\n<meta property=\"og:site_name\" content=\"Protect the Planet\" \/>\n<meta property=\"article:publisher\" content=\"https:\/\/www.facebook.com\/protecttheplanetDE\/\" \/>\n<meta property=\"article:published_time\" content=\"2025-02-12T14:04:49+00:00\" \/>\n<meta property=\"article:modified_time\" content=\"2025-02-12T14:06:13+00:00\" \/>\n<meta property=\"og:image\" content=\"https:\/\/www.protect-the-planet.de\/wp-content\/uploads\/2025\/02\/klimasteik-25.02.2025.jpg\" \/>\n\t<meta property=\"og:image:width\" content=\"900\" \/>\n\t<meta property=\"og:image:height\" content=\"550\" \/>\n\t<meta property=\"og:image:type\" content=\"image\/jpeg\" \/>\n<meta name=\"author\" content=\"Jana H\u00e4fner\" \/>\n<meta name=\"twitter:card\" content=\"summary_large_image\" \/>\n<meta name=\"twitter:creator\" content=\"@PtP_de\" \/>\n<meta name=\"twitter:site\" content=\"@PtP_de\" \/>\n<meta name=\"twitter:label1\" content=\"Written by\" \/>\n\t<meta name=\"twitter:data1\" content=\"Jana H\u00e4fner\" \/>\n\t<meta name=\"twitter:label2\" content=\"Est. reading time\" \/>\n\t<meta name=\"twitter:data2\" content=\"3 minutes\" \/>\n<script type=\"application\/ld+json\" class=\"yoast-schema-graph\">{\"@context\":\"https:\\\/\\\/schema.org\",\"@graph\":[{\"@type\":\"Article\",\"@id\":\"https:\\\/\\\/www.protect-the-planet.de\\\/en\\\/klimastreik-am-14-02-2025\\\/#article\",\"isPartOf\":{\"@id\":\"https:\\\/\\\/www.protect-the-planet.de\\\/en\\\/klimastreik-am-14-02-2025\\\/\"},\"author\":{\"name\":\"Jana H\u00e4fner\",\"@id\":\"https:\\\/\\\/www.protect-the-planet.de\\\/en\\\/#\\\/schema\\\/person\\\/94315f5fbca131d26764146a638b8fc6\"},\"headline\":\"#RechtAufZukunft &#8211; Klimastreik vor der Bundestagswahl am 14.02.2025\",\"datePublished\":\"2025-02-12T14:04:49+00:00\",\"dateModified\":\"2025-02-12T14:06:13+00:00\",\"mainEntityOfPage\":{\"@id\":\"https:\\\/\\\/www.protect-the-planet.de\\\/en\\\/klimastreik-am-14-02-2025\\\/\"},\"wordCount\":486,\"publisher\":{\"@id\":\"https:\\\/\\\/www.protect-the-planet.de\\\/en\\\/#organization\"},\"image\":{\"@id\":\"https:\\\/\\\/www.protect-the-planet.de\\\/en\\\/klimastreik-am-14-02-2025\\\/#primaryimage\"},\"thumbnailUrl\":\"https:\\\/\\\/www.protect-the-planet.de\\\/wp-content\\\/uploads\\\/2025\\\/02\\\/klimasteik-25.02.2025.jpg\",\"keywords\":[\"BTW2025\",\"Fridays for Future\",\"Klimaschutz\",\"Klimastreik\"],\"articleSection\":[\"News\"],\"inLanguage\":\"en-US\"},{\"@type\":\"WebPage\",\"@id\":\"https:\\\/\\\/www.protect-the-planet.de\\\/en\\\/klimastreik-am-14-02-2025\\\/\",\"url\":\"https:\\\/\\\/www.protect-the-planet.de\\\/en\\\/klimastreik-am-14-02-2025\\\/\",\"name\":\"#RechtAufZukunft - Klimastreik vor der Bundestagswahl am 14.02.2025 - Protect the Planet\",\"isPartOf\":{\"@id\":\"https:\\\/\\\/www.protect-the-planet.de\\\/en\\\/#website\"},\"primaryImageOfPage\":{\"@id\":\"https:\\\/\\\/www.protect-the-planet.de\\\/en\\\/klimastreik-am-14-02-2025\\\/#primaryimage\"},\"image\":{\"@id\":\"https:\\\/\\\/www.protect-the-planet.de\\\/en\\\/klimastreik-am-14-02-2025\\\/#primaryimage\"},\"thumbnailUrl\":\"https:\\\/\\\/www.protect-the-planet.de\\\/wp-content\\\/uploads\\\/2025\\\/02\\\/klimasteik-25.02.2025.jpg\",\"datePublished\":\"2025-02-12T14:04:49+00:00\",\"dateModified\":\"2025-02-12T14:06:13+00:00\",\"description\":\"Eine Woche vor der Bundestagswahl ruft Fridays for Future zum Klimastreik auf. Wir sind mit dabei!\",\"breadcrumb\":{\"@id\":\"https:\\\/\\\/www.protect-the-planet.de\\\/en\\\/klimastreik-am-14-02-2025\\\/#breadcrumb\"},\"inLanguage\":\"en-US\",\"potentialAction\":[{\"@type\":\"ReadAction\",\"target\":[\"https:\\\/\\\/www.protect-the-planet.de\\\/en\\\/klimastreik-am-14-02-2025\\\/\"]}]},{\"@type\":\"ImageObject\",\"inLanguage\":\"en-US\",\"@id\":\"https:\\\/\\\/www.protect-the-planet.de\\\/en\\\/klimastreik-am-14-02-2025\\\/#primaryimage\",\"url\":\"https:\\\/\\\/www.protect-the-planet.de\\\/wp-content\\\/uploads\\\/2025\\\/02\\\/klimasteik-25.02.2025.jpg\",\"contentUrl\":\"https:\\\/\\\/www.protect-the-planet.de\\\/wp-content\\\/uploads\\\/2025\\\/02\\\/klimasteik-25.02.2025.jpg\",\"width\":900,\"height\":550,\"caption\":\"new_klimastrei_am_14.02.2015\"},{\"@type\":\"BreadcrumbList\",\"@id\":\"https:\\\/\\\/www.protect-the-planet.de\\\/en\\\/klimastreik-am-14-02-2025\\\/#breadcrumb\",\"itemListElement\":[{\"@type\":\"ListItem\",\"position\":1,\"name\":\"Startseite\",\"item\":\"https:\\\/\\\/www.protect-the-planet.de\\\/en\\\/home\\\/\"},{\"@type\":\"ListItem\",\"position\":2,\"name\":\"#RechtAufZukunft &#8211; Klimastreik vor der Bundestagswahl am 14.02.2025\"}]},{\"@type\":\"WebSite\",\"@id\":\"https:\\\/\\\/www.protect-the-planet.de\\\/en\\\/#website\",\"url\":\"https:\\\/\\\/www.protect-the-planet.de\\\/en\\\/\",\"name\":\"Protect the Planet\",\"description\":\"If we don&#039;t change, the climate will.\",\"publisher\":{\"@id\":\"https:\\\/\\\/www.protect-the-planet.de\\\/en\\\/#organization\"},\"alternateName\":\"Protect the Panet gGmbH\",\"potentialAction\":[{\"@type\":\"SearchAction\",\"target\":{\"@type\":\"EntryPoint\",\"urlTemplate\":\"https:\\\/\\\/www.protect-the-planet.de\\\/en\\\/?s={search_term_string}\"},\"query-input\":{\"@type\":\"PropertyValueSpecification\",\"valueRequired\":true,\"valueName\":\"search_term_string\"}}],\"inLanguage\":\"en-US\"},{\"@type\":\"Organization\",\"@id\":\"https:\\\/\\\/www.protect-the-planet.de\\\/en\\\/#organization\",\"name\":\"Protect the Planet\",\"url\":\"https:\\\/\\\/www.protect-the-planet.de\\\/en\\\/\",\"logo\":{\"@type\":\"ImageObject\",\"inLanguage\":\"en-US\",\"@id\":\"https:\\\/\\\/www.protect-the-planet.de\\\/en\\\/#\\\/schema\\\/logo\\\/image\\\/\",\"url\":\"https:\\\/\\\/www.protect-the-planet.de\\\/wp-content\\\/uploads\\\/2023\\\/09\\\/LOGO-positiv_transparent-klein.png\",\"contentUrl\":\"https:\\\/\\\/www.protect-the-planet.de\\\/wp-content\\\/uploads\\\/2023\\\/09\\\/LOGO-positiv_transparent-klein.png\",\"width\":123,\"height\":68,\"caption\":\"Protect the Planet\"},\"image\":{\"@id\":\"https:\\\/\\\/www.protect-the-planet.de\\\/en\\\/#\\\/schema\\\/logo\\\/image\\\/\"},\"sameAs\":[\"https:\\\/\\\/www.facebook.com\\\/protecttheplanetDE\\\/\",\"https:\\\/\\\/x.com\\\/PtP_de\",\"https:\\\/\\\/www.instagram.com\\\/protecttheplanetorg\\\/\",\"https:\\\/\\\/www.linkedin.com\\\/company\\\/protect-the-planet\",\"https:\\\/\\\/www.youtube.com\\\/@protecttheplanet\"]},{\"@type\":\"Person\",\"@id\":\"https:\\\/\\\/www.protect-the-planet.de\\\/en\\\/#\\\/schema\\\/person\\\/94315f5fbca131d26764146a638b8fc6\",\"name\":\"Jana H\u00e4fner\",\"image\":{\"@type\":\"ImageObject\",\"inLanguage\":\"en-US\",\"@id\":\"https:\\\/\\\/www.protect-the-planet.de\\\/wp-content\\\/uploads\\\/2024\\\/04\\\/cropped-2310_ProtectThePlanet_206-96x96.jpg\",\"url\":\"https:\\\/\\\/www.protect-the-planet.de\\\/wp-content\\\/uploads\\\/2024\\\/04\\\/cropped-2310_ProtectThePlanet_206-96x96.jpg\",\"contentUrl\":\"https:\\\/\\\/www.protect-the-planet.de\\\/wp-content\\\/uploads\\\/2024\\\/04\\\/cropped-2310_ProtectThePlanet_206-96x96.jpg\",\"caption\":\"Jana H\u00e4fner\"},\"description\":\"jana.haefner@protect-the-planet.de +49 152 53089270\",\"url\":\"https:\\\/\\\/www.protect-the-planet.de\\\/en\\\/author\\\/jana-haefner\\\/\"}]}<\/script>\n<!-- \/ Yoast SEO plugin. -->","yoast_head_json":{"title":"#RechtAufZukunft - Klimastreik vor der Bundestagswahl am 14.02.2025 - Protect the Planet","description":"Eine Woche vor der Bundestagswahl ruft Fridays for Future zum Klimastreik auf. Wir sind mit dabei!","robots":{"index":"index","follow":"follow","max-snippet":"max-snippet:-1","max-image-preview":"max-image-preview:large","max-video-preview":"max-video-preview:-1"},"canonical":"https:\/\/www.protect-the-planet.de\/en\/klimastreik-am-14-02-2025\/","og_locale":"en_US","og_type":"article","og_title":"#RechtAufZukunft - Klimastreik vor der Bundestagswahl am 14.02.2025 - Protect the Planet","og_description":"Eine Woche vor der Bundestagswahl ruft Fridays for Future zum Klimastreik auf. Wir sind mit dabei!","og_url":"https:\/\/www.protect-the-planet.de\/en\/klimastreik-am-14-02-2025\/","og_site_name":"Protect the Planet","article_publisher":"https:\/\/www.facebook.com\/protecttheplanetDE\/","article_published_time":"2025-02-12T14:04:49+00:00","article_modified_time":"2025-02-12T14:06:13+00:00","og_image":[{"width":900,"height":550,"url":"https:\/\/www.protect-the-planet.de\/wp-content\/uploads\/2025\/02\/klimasteik-25.02.2025.jpg","type":"image\/jpeg"}],"author":"Jana H\u00e4fner","twitter_card":"summary_large_image","twitter_creator":"@PtP_de","twitter_site":"@PtP_de","twitter_misc":{"Written by":"Jana H\u00e4fner","Est. reading time":"3 minutes"},"schema":{"@context":"https:\/\/schema.org","@graph":[{"@type":"Article","@id":"https:\/\/www.protect-the-planet.de\/en\/klimastreik-am-14-02-2025\/#article","isPartOf":{"@id":"https:\/\/www.protect-the-planet.de\/en\/klimastreik-am-14-02-2025\/"},"author":{"name":"Jana H\u00e4fner","@id":"https:\/\/www.protect-the-planet.de\/en\/#\/schema\/person\/94315f5fbca131d26764146a638b8fc6"},"headline":"#RechtAufZukunft &#8211; Klimastreik vor der Bundestagswahl am 14.02.2025","datePublished":"2025-02-12T14:04:49+00:00","dateModified":"2025-02-12T14:06:13+00:00","mainEntityOfPage":{"@id":"https:\/\/www.protect-the-planet.de\/en\/klimastreik-am-14-02-2025\/"},"wordCount":486,"publisher":{"@id":"https:\/\/www.protect-the-planet.de\/en\/#organization"},"image":{"@id":"https:\/\/www.protect-the-planet.de\/en\/klimastreik-am-14-02-2025\/#primaryimage"},"thumbnailUrl":"https:\/\/www.protect-the-planet.de\/wp-content\/uploads\/2025\/02\/klimasteik-25.02.2025.jpg","keywords":["BTW2025","Fridays for Future","Klimaschutz","Klimastreik"],"articleSection":["News"],"inLanguage":"en-US"},{"@type":"WebPage","@id":"https:\/\/www.protect-the-planet.de\/en\/klimastreik-am-14-02-2025\/","url":"https:\/\/www.protect-the-planet.de\/en\/klimastreik-am-14-02-2025\/","name":"#RechtAufZukunft - Klimastreik vor der Bundestagswahl am 14.02.2025 - Protect the Planet","isPartOf":{"@id":"https:\/\/www.protect-the-planet.de\/en\/#website"},"primaryImageOfPage":{"@id":"https:\/\/www.protect-the-planet.de\/en\/klimastreik-am-14-02-2025\/#primaryimage"},"image":{"@id":"https:\/\/www.protect-the-planet.de\/en\/klimastreik-am-14-02-2025\/#primaryimage"},"thumbnailUrl":"https:\/\/www.protect-the-planet.de\/wp-content\/uploads\/2025\/02\/klimasteik-25.02.2025.jpg","datePublished":"2025-02-12T14:04:49+00:00","dateModified":"2025-02-12T14:06:13+00:00","description":"Eine Woche vor der Bundestagswahl ruft Fridays for Future zum Klimastreik auf. Wir sind mit dabei!","breadcrumb":{"@id":"https:\/\/www.protect-the-planet.de\/en\/klimastreik-am-14-02-2025\/#breadcrumb"},"inLanguage":"en-US","potentialAction":[{"@type":"ReadAction","target":["https:\/\/www.protect-the-planet.de\/en\/klimastreik-am-14-02-2025\/"]}]},{"@type":"ImageObject","inLanguage":"en-US","@id":"https:\/\/www.protect-the-planet.de\/en\/klimastreik-am-14-02-2025\/#primaryimage","url":"https:\/\/www.protect-the-planet.de\/wp-content\/uploads\/2025\/02\/klimasteik-25.02.2025.jpg","contentUrl":"https:\/\/www.protect-the-planet.de\/wp-content\/uploads\/2025\/02\/klimasteik-25.02.2025.jpg","width":900,"height":550,"caption":"new_klimastrei_am_14.02.2015"},{"@type":"BreadcrumbList","@id":"https:\/\/www.protect-the-planet.de\/en\/klimastreik-am-14-02-2025\/#breadcrumb","itemListElement":[{"@type":"ListItem","position":1,"name":"Startseite","item":"https:\/\/www.protect-the-planet.de\/en\/home\/"},{"@type":"ListItem","position":2,"name":"#RechtAufZukunft &#8211; Klimastreik vor der Bundestagswahl am 14.02.2025"}]},{"@type":"WebSite","@id":"https:\/\/www.protect-the-planet.de\/en\/#website","url":"https:\/\/www.protect-the-planet.de\/en\/","name":"Protect the Planet","description":"If we don&#039;t change, the climate will.","publisher":{"@id":"https:\/\/www.protect-the-planet.de\/en\/#organization"},"alternateName":"Protect the Panet gGmbH","potentialAction":[{"@type":"SearchAction","target":{"@type":"EntryPoint","urlTemplate":"https:\/\/www.protect-the-planet.de\/en\/?s={search_term_string}"},"query-input":{"@type":"PropertyValueSpecification","valueRequired":true,"valueName":"search_term_string"}}],"inLanguage":"en-US"},{"@type":"Organization","@id":"https:\/\/www.protect-the-planet.de\/en\/#organization","name":"Protect the Planet","url":"https:\/\/www.protect-the-planet.de\/en\/","logo":{"@type":"ImageObject","inLanguage":"en-US","@id":"https:\/\/www.protect-the-planet.de\/en\/#\/schema\/logo\/image\/","url":"https:\/\/www.protect-the-planet.de\/wp-content\/uploads\/2023\/09\/LOGO-positiv_transparent-klein.png","contentUrl":"https:\/\/www.protect-the-planet.de\/wp-content\/uploads\/2023\/09\/LOGO-positiv_transparent-klein.png","width":123,"height":68,"caption":"Protect the Planet"},"image":{"@id":"https:\/\/www.protect-the-planet.de\/en\/#\/schema\/logo\/image\/"},"sameAs":["https:\/\/www.facebook.com\/protecttheplanetDE\/","https:\/\/x.com\/PtP_de","https:\/\/www.instagram.com\/protecttheplanetorg\/","https:\/\/www.linkedin.com\/company\/protect-the-planet","https:\/\/www.youtube.com\/@protecttheplanet"]},{"@type":"Person","@id":"https:\/\/www.protect-the-planet.de\/en\/#\/schema\/person\/94315f5fbca131d26764146a638b8fc6","name":"Jana H\u00e4fner","image":{"@type":"ImageObject","inLanguage":"en-US","@id":"https:\/\/www.protect-the-planet.de\/wp-content\/uploads\/2024\/04\/cropped-2310_ProtectThePlanet_206-96x96.jpg","url":"https:\/\/www.protect-the-planet.de\/wp-content\/uploads\/2024\/04\/cropped-2310_ProtectThePlanet_206-96x96.jpg","contentUrl":"https:\/\/www.protect-the-planet.de\/wp-content\/uploads\/2024\/04\/cropped-2310_ProtectThePlanet_206-96x96.jpg","caption":"Jana H\u00e4fner"},"description":"jana.haefner@protect-the-planet.de +49 152 53089270","url":"https:\/\/www.protect-the-planet.de\/en\/author\/jana-haefner\/"}]}},"_links":{"self":[{"href":"https:\/\/www.protect-the-planet.de\/en\/wp-json\/wp\/v2\/posts\/29516","targetHints":{"allow":["GET"]}}],"collection":[{"href":"https:\/\/www.protect-the-planet.de\/en\/wp-json\/wp\/v2\/posts"}],"about":[{"href":"https:\/\/www.protect-the-planet.de\/en\/wp-json\/wp\/v2\/types\/post"}],"author":[{"embeddable":true,"href":"https:\/\/www.protect-the-planet.de\/en\/wp-json\/wp\/v2\/users\/4"}],"replies":[{"embeddable":true,"href":"https:\/\/www.protect-the-planet.de\/en\/wp-json\/wp\/v2\/comments?post=29516"}],"version-history":[{"count":0,"href":"https:\/\/www.protect-the-planet.de\/en\/wp-json\/wp\/v2\/posts\/29516\/revisions"}],"wp:featuredmedia":[{"embeddable":true,"href":"https:\/\/www.protect-the-planet.de\/en\/wp-json\/wp\/v2\/media\/29515"}],"wp:attachment":[{"href":"https:\/\/www.protect-the-planet.de\/en\/wp-json\/wp\/v2\/media?parent=29516"}],"wp:term":[{"taxonomy":"category","embeddable":true,"href":"https:\/\/www.protect-the-planet.de\/en\/wp-json\/wp\/v2\/categories?post=29516"},{"taxonomy":"post_tag","embeddable":true,"href":"https:\/\/www.protect-the-planet.de\/en\/wp-json\/wp\/v2\/tags?post=29516"}],"curies":[{"name":"wp","href":"https:\/\/api.w.org\/{rel}","templated":true}]}}