{"id":29136,"date":"2022-10-06T15:59:23","date_gmt":"2022-10-06T13:59:23","guid":{"rendered":"https:\/\/www.protect-the-planet.de\/rwe-luetzerath-abbaggern\/"},"modified":"2024-11-15T16:41:44","modified_gmt":"2024-11-15T15:41:44","slug":"rwe-luetzerath-abbaggern","status":"publish","type":"post","link":"https:\/\/www.protect-the-planet.de\/en\/rwe-luetzerath-abbaggern\/","title":{"rendered":"RWE darf L\u00fctzerath trotz Versorgungssicherheit abbaggern"},"content":{"rendered":"\t\t<div data-elementor-type=\"wp-post\" data-elementor-id=\"29136\" class=\"elementor elementor-29136 elementor-11683\" data-elementor-post-type=\"post\">\n\t\t\t\t<div class=\"elementor-element elementor-element-7bcad71 e-flex e-con-boxed e-con e-parent\" data-id=\"7bcad71\" data-element_type=\"container\" data-e-type=\"container\">\n\t\t\t\t\t<div class=\"e-con-inner\">\n\t\t<div class=\"elementor-element elementor-element-4b8a523 e-con-full e-flex e-con e-parent\" data-id=\"4b8a523\" data-element_type=\"container\" data-e-type=\"container\">\n\t\t\t\t<div class=\"elementor-element elementor-element-eb25a9b elementor-widget elementor-widget-text-editor\" data-id=\"eb25a9b\" data-element_type=\"widget\" data-e-type=\"widget\" data-widget_type=\"text-editor.default\">\n\t\t\t\t<div class=\"elementor-widget-container\">\n\t\t\t\t\t\t\t\t\t<div class=\"page\" title=\"Page 1\"><div class=\"section\"><div class=\"layoutArea\"><div class=\"column\"><p>In einer gemeinsamen <a href=\"https:\/\/www.spiegel.de\/wirtschaft\/sind-die-klimaziele-zu-halten-herr-habeck-a-e9a9e632-06de-4f0a-853b-3be7915d4a0c\">Pressekonferenz<\/a> mit dem RWE-Vorstand gaben Bundeswirtschaftsminister Robert Habeck und NRW-Wirtschaftsministerin Mona Neubaur am Dienstag bekannt, dass das Dorf L\u00fctzerath abgebaggert werden soll. Die Kohle unter L\u00fctzerath sei notwendig, um die Gasknappheit auszugleichen.<\/p><p>Dem widersprechen Wissenschafler*innen und Aktivist*innen aber klar. Erst Mitte August kam eine <a href=\"https:\/\/coaltransitions.org\/publications\/gasknappheit-auswirkungen-auf-die-auslastung-der-braunkohlekraftwerke-und-den-erhalt-von-lutzerath\/\">Studie der &#8220;CoalExit Reserach Group&#8221;<\/a> zu dem Ergebnis, dass die Braunkohle unter L\u00fctzerath aus energiepolitischer Sicht nicht ben\u00f6tigt werde, um Versorgungssicherheit zu gew\u00e4hrleisten. Demnach bestehe selbst bei Gasknappheit und einer (v\u00f6llig unrealistischen) Vollauslastung der reaktivierten Kohlekraftwerke, keine Notwendigkeit daf\u00fcr, L\u00fctzerath abzubaggern.<\/p><p>Die Bundesregierung gab au\u00dferdem bekannt, dass der Kohleausstieg in Nordrhein-Westfalen auf das Jahr 2030 vorgezogen werde. Daf\u00fcr will RWE <a href=\"https:\/\/taz.de\/Energiepolitik-in-NRW\/!5882363\/\">neue Gaskraftwerke<\/a> bauen. Zwei Braunkohlekraftwerke werden l\u00e4nger laufen als geplant.<\/p><p><img fetchpriority=\"high\" decoding=\"async\" class=\" wp-image-17097\" src=\"https:\/\/www.protect-the-planet.de\/wp-content\/uploads\/2023\/07\/15_grad_heisst_luetzerath_bleibt-300x149.jpg\" alt=\"1,5\u00b0C hei\u00dft: L\u00fctzerath bleibt!\" width=\"630\" height=\"313\" srcset=\"https:\/\/www.protect-the-planet.de\/wp-content\/uploads\/2023\/07\/15_grad_heisst_luetzerath_bleibt-300x149.jpg 300w, https:\/\/www.protect-the-planet.de\/wp-content\/uploads\/2023\/07\/15_grad_heisst_luetzerath_bleibt-1024x509.jpg 1024w, https:\/\/www.protect-the-planet.de\/wp-content\/uploads\/2023\/07\/15_grad_heisst_luetzerath_bleibt-768x382.jpg 768w, https:\/\/www.protect-the-planet.de\/wp-content\/uploads\/2023\/07\/15_grad_heisst_luetzerath_bleibt-1320x656.jpg 1320w, https:\/\/www.protect-the-planet.de\/wp-content\/uploads\/2023\/07\/15_grad_heisst_luetzerath_bleibt.jpg 1509w\" sizes=\"(max-width: 630px) 100vw, 630px\" \/><\/p><h3>Scharfe Kritik aus den Reihen der Klimabewegung am Vorhaben der Bundesregierung<\/h3><p>Die Klimabewegung kritisierte diese Vorhaben scharf. Alle D\u00f6rfer Bleiben schreiben in einer <a href=\"https:\/\/www.alle-doerfer-bleiben.de\/presse\/pressemitteilungen\/\">Pressemitteilung<\/a>:<\/p><p>&#8220;<em>Die Entscheidung, L\u00fctzerath zu opfern, bedeutet also einen Bruch der Gr\u00fcnen mit der Wissenschaft und damit auch mit der Klimabewegung. Heute ist ein schlechter Tag f\u00fcr den Klimaschutz, von Gerechtigkeit ganz zu schweigen.<\/em>&#8220;<\/p><\/div><p>Luisa Neubauer schrieb auf Twitter:<\/p><div class=\"column\"><blockquote class=\"twitter-tweet\"><p dir=\"ltr\" lang=\"de\">Die Energieversorgung kann laut DIW ohne die L\u00fctzerath-Kohle gesichert werden. Ein Kohleausstieg 2030 muss so oder so kommen. Und dennoch soll der klimafeindlichste Konzern Deutschlands jetzt auch L\u00fctzerath bekommen. Die Gr\u00fcnen sind vor RWE eingeknickt.<br \/>Wir nicht. <a href=\"https:\/\/twitter.com\/hashtag\/StandWithL%C3%BCtzi?src=hash&amp;ref_src=twsrc%5Etfw\">#StandWithL\u00fctzi<\/a><\/p><p>\u2014 Luisa Neubauer (@Luisamneubauer) <a href=\"https:\/\/twitter.com\/Luisamneubauer\/status\/1577270937434566656?ref_src=twsrc%5Etfw\">October 4, 2022<\/a><\/p><\/blockquote><p><script async src=\"https:\/\/platform.twitter.com\/widgets.js\" charset=\"utf-8\"><\/script><\/p><blockquote class=\"twitter-tweet\"><p dir=\"ltr\" lang=\"de\">Jetzt mit etwas mehr Ruhe zu <a href=\"https:\/\/twitter.com\/hashtag\/Luetzerath?src=hash&amp;ref_src=twsrc%5Etfw\">#Luetzerath<\/a>: das, was da heute passiert ist, ist ein riesiger Skandal. Ein \ud83e\uddf5zur Einordnung.<\/p><p>Beginnen wir mit den Fakten:<br \/>&#8211; 2 Kraftwerke, die bis Ende &#8217;22 abgeschaltet werden sollten, laufen nun bis 03\/24 weiter<br \/>&#8211; Der Braunkohleausstieg in NRW 1\/x<\/p><p>\u2014 Maximilian Becker (@bckrmx) <a href=\"https:\/\/twitter.com\/bckrmx\/status\/1577364260476305420?ref_src=twsrc%5Etfw\">October 4, 2022<\/a><\/p><\/blockquote><p><script async src=\"https:\/\/platform.twitter.com\/widgets.js\" charset=\"utf-8\"><\/script><\/p><h3>Abschied vom &#8220;letzten Landwirt L\u00fctzeraths&#8221; Eckardt Heukamp<\/h3><p>Am ersten Oktoberwochenende \u2013 wenige Tage vor der Pressekonferenz \u2013 ging der Hof von Eckardt Heukamp endg\u00fcltig an RWE \u00fcber. Der &#8220;letzte Landwirt L\u00fctzeraths&#8221; <a href=\"https:\/\/www.youtube.com\/watch?v=YFTbJBEBfeU\">hatte sich lange gegen seine Enteignung<\/a> durch RWE f\u00fcr die Erweiterung des Braunkohletagebaus Garzweiler II gewehrt. Nach einem l\u00e4ngeren Rechtsstreit und einer Niederlage vor Gericht hatte er seinen Hof im April 2022 <a href=\"https:\/\/www1.wdr.de\/nachrichten\/letzter-bauer-in-luetzerath-verkauft-hof-und-flaechen-an-rwe-100.html\">an RWE verkauft<\/a>. Dennoch setzt er sich bis heute f\u00fcr den Erhalt L\u00fctzeraths ein und k\u00e4mpft mit den Aktiven vor Ort daf\u00fcr, dass kein Dorf mehr der Braunkohle zum Opfer f\u00e4llt.<\/p><p>Auch wir waren im letzten Jahr mit dem Aktionsb\u00fcndnis &#8220;<a href=\"https:\/\/www.unternehmenklimaschutz.de\/luetzerath\/\">Unternehmen Klimaschutz<\/a>&#8221; in L\u00fctzerath, um die Menschen vor Ort zu unterst\u00fctzen und f\u00fcr den Erhalt des Dorfes zu protestieren. Wir haben auch Eckardt Heukamp auf seinem Hof besucht und bewundern seinen Mut und seine Ausdauer!<\/p><h3>L\u00fctzerath als Symbol der Klimabewegung<\/h3><p>Vor dem Hintergrund der aktuellen Entwicklungen bereiten sich die Aktivist*innen in L\u00fctzerath auf eine R\u00e4umung des Dorfes vor. Auf\u00a0 der Seite <a href=\"https:\/\/www.x-tausend-luetzerath.de\/\">x-tausend-luetzerath.de<\/a> kann man eine Absichtserkl\u00e4rung unterzeichnen. &#8220;<em>Wenn die Landesregierung L\u00fctzerath r\u00e4umen und abrei\u00dfen will, werde ich vor Ort sein und mich der Zerst\u00f6rung in den Weg stellen<\/em>.&#8221;, hei\u00dft es dort. Knapp 10.000 Menschen haben diese Absichtserkl\u00e4rung bereits unterzeichnet.<\/p><p>In den n\u00e4chsten Wochen und Monaten gilt es also weiterhin, den Druck auf die Regierung massiv zu erh\u00f6hen, damit L\u00fctzerath politisch unr\u00e4umbar und ein weiteres Symbol f\u00fcr gelungenen Einsatz f\u00fcr Klimagerechtigkeit wird.<\/p><\/div><\/div><\/div><\/div>\t\t\t\t\t\t\t\t<\/div>\n\t\t\t\t<\/div>\n\t\t\t\t<\/div>\n\t\t\t\t\t<\/div>\n\t\t\t\t<\/div>\n\t\t\t\t<\/div>\n\t\t","protected":false},"excerpt":{"rendered":"<p>Der Konzern RWE darf das Dorf L\u00fctzerath abbaggern, obwohl die Kohle darunter erwiesenerma\u00dfen nicht f\u00fcr die Versorgungssicherheit n\u00f6tig ist.<\/p>\n","protected":false},"author":3,"featured_media":21868,"comment_status":"open","ping_status":"open","sticky":false,"template":"","format":"standard","meta":{"footnotes":""},"categories":[729],"tags":[1305,781,772,1306,1307,1308,1304,806,921,808,1309],"class_list":["post-29136","post","type-post","status-publish","format-standard","has-post-thumbnail","hentry","category-news","tag-abbaggern-en","tag-braunkohle-en","tag-bundesregierung-en","tag-eckardt-heukamp-en","tag-gasknappheit-en","tag-kohle-en","tag-kohleausstieg-en","tag-luetzerath-en","tag-nachhaltigkeit-en","tag-rwe-en","tag-versorgungssicherheit-en"],"yoast_head":"<!-- This site is optimized with the Yoast SEO plugin v27.5 - https:\/\/yoast.com\/product\/yoast-seo-wordpress\/ -->\n<title>RWE darf L\u00fctzerath trotz Versorgungssicherheit abbaggern<\/title>\n<meta name=\"description\" content=\"Der Konzern RWE darf das Dorf L\u00fctzerath abbaggern, obwohl die Kohle darunter erwiesenerma\u00dfen nicht f\u00fcr die Versorgungssicherheit n\u00f6tig ist.\" \/>\n<meta name=\"robots\" content=\"index, follow, max-snippet:-1, max-image-preview:large, max-video-preview:-1\" \/>\n<link rel=\"canonical\" href=\"https:\/\/www.protect-the-planet.de\/en\/rwe-luetzerath-abbaggern\/\" \/>\n<meta property=\"og:locale\" content=\"en_US\" \/>\n<meta property=\"og:type\" content=\"article\" \/>\n<meta property=\"og:title\" content=\"RWE darf L\u00fctzerath trotz Versorgungssicherheit abbaggern\" \/>\n<meta property=\"og:description\" content=\"Der Konzern RWE darf das Dorf L\u00fctzerath abbaggern, obwohl die Kohle darunter erwiesenerma\u00dfen nicht f\u00fcr die Versorgungssicherheit n\u00f6tig ist.\" \/>\n<meta property=\"og:url\" content=\"https:\/\/www.protect-the-planet.de\/en\/rwe-luetzerath-abbaggern\/\" \/>\n<meta property=\"og:site_name\" content=\"Protect the Planet\" \/>\n<meta property=\"article:publisher\" content=\"https:\/\/www.facebook.com\/protecttheplanetDE\/\" \/>\n<meta property=\"article:published_time\" content=\"2022-10-06T13:59:23+00:00\" \/>\n<meta property=\"article:modified_time\" content=\"2024-11-15T15:41:44+00:00\" \/>\n<meta property=\"og:image\" content=\"https:\/\/www.protect-the-planet.de\/wp-content\/uploads\/2022\/10\/beitragsbild-rwe-luetzerath.png\" \/>\n\t<meta property=\"og:image:width\" content=\"800\" \/>\n\t<meta property=\"og:image:height\" content=\"500\" \/>\n\t<meta property=\"og:image:type\" content=\"image\/png\" \/>\n<meta name=\"author\" content=\"Fenja Jacobs\" \/>\n<meta name=\"twitter:card\" content=\"summary_large_image\" \/>\n<meta name=\"twitter:creator\" content=\"@PtP_de\" \/>\n<meta name=\"twitter:site\" content=\"@PtP_de\" \/>\n<meta name=\"twitter:label1\" content=\"Written by\" \/>\n\t<meta name=\"twitter:data1\" content=\"Fenja Jacobs\" \/>\n\t<meta name=\"twitter:label2\" content=\"Est. reading time\" \/>\n\t<meta name=\"twitter:data2\" content=\"3 minutes\" \/>\n<script type=\"application\/ld+json\" class=\"yoast-schema-graph\">{\"@context\":\"https:\\\/\\\/schema.org\",\"@graph\":[{\"@type\":\"Article\",\"@id\":\"https:\\\/\\\/www.protect-the-planet.de\\\/en\\\/rwe-luetzerath-abbaggern\\\/#article\",\"isPartOf\":{\"@id\":\"https:\\\/\\\/www.protect-the-planet.de\\\/en\\\/rwe-luetzerath-abbaggern\\\/\"},\"author\":{\"name\":\"Fenja Jacobs\",\"@id\":\"https:\\\/\\\/www.protect-the-planet.de\\\/en\\\/#\\\/schema\\\/person\\\/c843c153d0dd33ec584996931e438bce\"},\"headline\":\"RWE darf L\u00fctzerath trotz Versorgungssicherheit abbaggern\",\"datePublished\":\"2022-10-06T13:59:23+00:00\",\"dateModified\":\"2024-11-15T15:41:44+00:00\",\"mainEntityOfPage\":{\"@id\":\"https:\\\/\\\/www.protect-the-planet.de\\\/en\\\/rwe-luetzerath-abbaggern\\\/\"},\"wordCount\":555,\"commentCount\":0,\"publisher\":{\"@id\":\"https:\\\/\\\/www.protect-the-planet.de\\\/en\\\/#organization\"},\"image\":{\"@id\":\"https:\\\/\\\/www.protect-the-planet.de\\\/en\\\/rwe-luetzerath-abbaggern\\\/#primaryimage\"},\"thumbnailUrl\":\"https:\\\/\\\/www.protect-the-planet.de\\\/wp-content\\\/uploads\\\/2022\\\/10\\\/beitragsbild-rwe-luetzerath.png\",\"keywords\":[\"abbaggern\",\"braunkohle\",\"bundesregierung\",\"eckardt heukamp\",\"gasknappheit\",\"kohle\",\"Kohleausstieg\",\"L\u00fctzerath\",\"Nachhaltigkeit\",\"RWE\",\"versorgungssicherheit\"],\"articleSection\":[\"News\"],\"inLanguage\":\"en-US\",\"potentialAction\":[{\"@type\":\"CommentAction\",\"name\":\"Comment\",\"target\":[\"https:\\\/\\\/www.protect-the-planet.de\\\/en\\\/rwe-luetzerath-abbaggern\\\/#respond\"]}]},{\"@type\":\"WebPage\",\"@id\":\"https:\\\/\\\/www.protect-the-planet.de\\\/en\\\/rwe-luetzerath-abbaggern\\\/\",\"url\":\"https:\\\/\\\/www.protect-the-planet.de\\\/en\\\/rwe-luetzerath-abbaggern\\\/\",\"name\":\"RWE darf L\u00fctzerath trotz Versorgungssicherheit abbaggern\",\"isPartOf\":{\"@id\":\"https:\\\/\\\/www.protect-the-planet.de\\\/en\\\/#website\"},\"primaryImageOfPage\":{\"@id\":\"https:\\\/\\\/www.protect-the-planet.de\\\/en\\\/rwe-luetzerath-abbaggern\\\/#primaryimage\"},\"image\":{\"@id\":\"https:\\\/\\\/www.protect-the-planet.de\\\/en\\\/rwe-luetzerath-abbaggern\\\/#primaryimage\"},\"thumbnailUrl\":\"https:\\\/\\\/www.protect-the-planet.de\\\/wp-content\\\/uploads\\\/2022\\\/10\\\/beitragsbild-rwe-luetzerath.png\",\"datePublished\":\"2022-10-06T13:59:23+00:00\",\"dateModified\":\"2024-11-15T15:41:44+00:00\",\"description\":\"Der Konzern RWE darf das Dorf L\u00fctzerath abbaggern, obwohl die Kohle darunter erwiesenerma\u00dfen nicht f\u00fcr die Versorgungssicherheit n\u00f6tig ist.\",\"breadcrumb\":{\"@id\":\"https:\\\/\\\/www.protect-the-planet.de\\\/en\\\/rwe-luetzerath-abbaggern\\\/#breadcrumb\"},\"inLanguage\":\"en-US\",\"potentialAction\":[{\"@type\":\"ReadAction\",\"target\":[\"https:\\\/\\\/www.protect-the-planet.de\\\/en\\\/rwe-luetzerath-abbaggern\\\/\"]}]},{\"@type\":\"ImageObject\",\"inLanguage\":\"en-US\",\"@id\":\"https:\\\/\\\/www.protect-the-planet.de\\\/en\\\/rwe-luetzerath-abbaggern\\\/#primaryimage\",\"url\":\"https:\\\/\\\/www.protect-the-planet.de\\\/wp-content\\\/uploads\\\/2022\\\/10\\\/beitragsbild-rwe-luetzerath.png\",\"contentUrl\":\"https:\\\/\\\/www.protect-the-planet.de\\\/wp-content\\\/uploads\\\/2022\\\/10\\\/beitragsbild-rwe-luetzerath.png\",\"width\":800,\"height\":500,\"caption\":\"Beitragsbild RWE L\u00fctzerath\"},{\"@type\":\"BreadcrumbList\",\"@id\":\"https:\\\/\\\/www.protect-the-planet.de\\\/en\\\/rwe-luetzerath-abbaggern\\\/#breadcrumb\",\"itemListElement\":[{\"@type\":\"ListItem\",\"position\":1,\"name\":\"Startseite\",\"item\":\"https:\\\/\\\/www.protect-the-planet.de\\\/en\\\/home\\\/\"},{\"@type\":\"ListItem\",\"position\":2,\"name\":\"RWE darf L\u00fctzerath trotz Versorgungssicherheit abbaggern\"}]},{\"@type\":\"WebSite\",\"@id\":\"https:\\\/\\\/www.protect-the-planet.de\\\/en\\\/#website\",\"url\":\"https:\\\/\\\/www.protect-the-planet.de\\\/en\\\/\",\"name\":\"Protect the Planet\",\"description\":\"If we don&#039;t change, the climate will.\",\"publisher\":{\"@id\":\"https:\\\/\\\/www.protect-the-planet.de\\\/en\\\/#organization\"},\"alternateName\":\"Protect the Panet gGmbH\",\"potentialAction\":[{\"@type\":\"SearchAction\",\"target\":{\"@type\":\"EntryPoint\",\"urlTemplate\":\"https:\\\/\\\/www.protect-the-planet.de\\\/en\\\/?s={search_term_string}\"},\"query-input\":{\"@type\":\"PropertyValueSpecification\",\"valueRequired\":true,\"valueName\":\"search_term_string\"}}],\"inLanguage\":\"en-US\"},{\"@type\":\"Organization\",\"@id\":\"https:\\\/\\\/www.protect-the-planet.de\\\/en\\\/#organization\",\"name\":\"Protect the Planet\",\"url\":\"https:\\\/\\\/www.protect-the-planet.de\\\/en\\\/\",\"logo\":{\"@type\":\"ImageObject\",\"inLanguage\":\"en-US\",\"@id\":\"https:\\\/\\\/www.protect-the-planet.de\\\/en\\\/#\\\/schema\\\/logo\\\/image\\\/\",\"url\":\"https:\\\/\\\/www.protect-the-planet.de\\\/wp-content\\\/uploads\\\/2023\\\/09\\\/LOGO-positiv_transparent-klein.png\",\"contentUrl\":\"https:\\\/\\\/www.protect-the-planet.de\\\/wp-content\\\/uploads\\\/2023\\\/09\\\/LOGO-positiv_transparent-klein.png\",\"width\":123,\"height\":68,\"caption\":\"Protect the Planet\"},\"image\":{\"@id\":\"https:\\\/\\\/www.protect-the-planet.de\\\/en\\\/#\\\/schema\\\/logo\\\/image\\\/\"},\"sameAs\":[\"https:\\\/\\\/www.facebook.com\\\/protecttheplanetDE\\\/\",\"https:\\\/\\\/x.com\\\/PtP_de\",\"https:\\\/\\\/www.instagram.com\\\/protecttheplanetorg\\\/\",\"https:\\\/\\\/www.linkedin.com\\\/company\\\/protect-the-planet\",\"https:\\\/\\\/www.youtube.com\\\/@protecttheplanet\"]},{\"@type\":\"Person\",\"@id\":\"https:\\\/\\\/www.protect-the-planet.de\\\/en\\\/#\\\/schema\\\/person\\\/c843c153d0dd33ec584996931e438bce\",\"name\":\"Fenja Jacobs\",\"image\":{\"@type\":\"ImageObject\",\"inLanguage\":\"en-US\",\"@id\":\"https:\\\/\\\/secure.gravatar.com\\\/avatar\\\/1319de9aaea70b6c6ed807392ef95d6582ceaf98cca9de0a0022ba8e0d3a7fc3?s=96&d=mm&r=g\",\"url\":\"https:\\\/\\\/secure.gravatar.com\\\/avatar\\\/1319de9aaea70b6c6ed807392ef95d6582ceaf98cca9de0a0022ba8e0d3a7fc3?s=96&d=mm&r=g\",\"contentUrl\":\"https:\\\/\\\/secure.gravatar.com\\\/avatar\\\/1319de9aaea70b6c6ed807392ef95d6582ceaf98cca9de0a0022ba8e0d3a7fc3?s=96&d=mm&r=g\",\"caption\":\"Fenja Jacobs\"},\"url\":\"https:\\\/\\\/www.protect-the-planet.de\\\/en\\\/author\\\/fenja-jacobs\\\/\"}]}<\/script>\n<!-- \/ Yoast SEO plugin. -->","yoast_head_json":{"title":"RWE darf L\u00fctzerath trotz Versorgungssicherheit abbaggern","description":"Der Konzern RWE darf das Dorf L\u00fctzerath abbaggern, obwohl die Kohle darunter erwiesenerma\u00dfen nicht f\u00fcr die Versorgungssicherheit n\u00f6tig ist.","robots":{"index":"index","follow":"follow","max-snippet":"max-snippet:-1","max-image-preview":"max-image-preview:large","max-video-preview":"max-video-preview:-1"},"canonical":"https:\/\/www.protect-the-planet.de\/en\/rwe-luetzerath-abbaggern\/","og_locale":"en_US","og_type":"article","og_title":"RWE darf L\u00fctzerath trotz Versorgungssicherheit abbaggern","og_description":"Der Konzern RWE darf das Dorf L\u00fctzerath abbaggern, obwohl die Kohle darunter erwiesenerma\u00dfen nicht f\u00fcr die Versorgungssicherheit n\u00f6tig ist.","og_url":"https:\/\/www.protect-the-planet.de\/en\/rwe-luetzerath-abbaggern\/","og_site_name":"Protect the Planet","article_publisher":"https:\/\/www.facebook.com\/protecttheplanetDE\/","article_published_time":"2022-10-06T13:59:23+00:00","article_modified_time":"2024-11-15T15:41:44+00:00","og_image":[{"width":800,"height":500,"url":"https:\/\/www.protect-the-planet.de\/wp-content\/uploads\/2022\/10\/beitragsbild-rwe-luetzerath.png","type":"image\/png"}],"author":"Fenja Jacobs","twitter_card":"summary_large_image","twitter_creator":"@PtP_de","twitter_site":"@PtP_de","twitter_misc":{"Written by":"Fenja Jacobs","Est. reading time":"3 minutes"},"schema":{"@context":"https:\/\/schema.org","@graph":[{"@type":"Article","@id":"https:\/\/www.protect-the-planet.de\/en\/rwe-luetzerath-abbaggern\/#article","isPartOf":{"@id":"https:\/\/www.protect-the-planet.de\/en\/rwe-luetzerath-abbaggern\/"},"author":{"name":"Fenja Jacobs","@id":"https:\/\/www.protect-the-planet.de\/en\/#\/schema\/person\/c843c153d0dd33ec584996931e438bce"},"headline":"RWE darf L\u00fctzerath trotz Versorgungssicherheit abbaggern","datePublished":"2022-10-06T13:59:23+00:00","dateModified":"2024-11-15T15:41:44+00:00","mainEntityOfPage":{"@id":"https:\/\/www.protect-the-planet.de\/en\/rwe-luetzerath-abbaggern\/"},"wordCount":555,"commentCount":0,"publisher":{"@id":"https:\/\/www.protect-the-planet.de\/en\/#organization"},"image":{"@id":"https:\/\/www.protect-the-planet.de\/en\/rwe-luetzerath-abbaggern\/#primaryimage"},"thumbnailUrl":"https:\/\/www.protect-the-planet.de\/wp-content\/uploads\/2022\/10\/beitragsbild-rwe-luetzerath.png","keywords":["abbaggern","braunkohle","bundesregierung","eckardt heukamp","gasknappheit","kohle","Kohleausstieg","L\u00fctzerath","Nachhaltigkeit","RWE","versorgungssicherheit"],"articleSection":["News"],"inLanguage":"en-US","potentialAction":[{"@type":"CommentAction","name":"Comment","target":["https:\/\/www.protect-the-planet.de\/en\/rwe-luetzerath-abbaggern\/#respond"]}]},{"@type":"WebPage","@id":"https:\/\/www.protect-the-planet.de\/en\/rwe-luetzerath-abbaggern\/","url":"https:\/\/www.protect-the-planet.de\/en\/rwe-luetzerath-abbaggern\/","name":"RWE darf L\u00fctzerath trotz Versorgungssicherheit abbaggern","isPartOf":{"@id":"https:\/\/www.protect-the-planet.de\/en\/#website"},"primaryImageOfPage":{"@id":"https:\/\/www.protect-the-planet.de\/en\/rwe-luetzerath-abbaggern\/#primaryimage"},"image":{"@id":"https:\/\/www.protect-the-planet.de\/en\/rwe-luetzerath-abbaggern\/#primaryimage"},"thumbnailUrl":"https:\/\/www.protect-the-planet.de\/wp-content\/uploads\/2022\/10\/beitragsbild-rwe-luetzerath.png","datePublished":"2022-10-06T13:59:23+00:00","dateModified":"2024-11-15T15:41:44+00:00","description":"Der Konzern RWE darf das Dorf L\u00fctzerath abbaggern, obwohl die Kohle darunter erwiesenerma\u00dfen nicht f\u00fcr die Versorgungssicherheit n\u00f6tig ist.","breadcrumb":{"@id":"https:\/\/www.protect-the-planet.de\/en\/rwe-luetzerath-abbaggern\/#breadcrumb"},"inLanguage":"en-US","potentialAction":[{"@type":"ReadAction","target":["https:\/\/www.protect-the-planet.de\/en\/rwe-luetzerath-abbaggern\/"]}]},{"@type":"ImageObject","inLanguage":"en-US","@id":"https:\/\/www.protect-the-planet.de\/en\/rwe-luetzerath-abbaggern\/#primaryimage","url":"https:\/\/www.protect-the-planet.de\/wp-content\/uploads\/2022\/10\/beitragsbild-rwe-luetzerath.png","contentUrl":"https:\/\/www.protect-the-planet.de\/wp-content\/uploads\/2022\/10\/beitragsbild-rwe-luetzerath.png","width":800,"height":500,"caption":"Beitragsbild RWE L\u00fctzerath"},{"@type":"BreadcrumbList","@id":"https:\/\/www.protect-the-planet.de\/en\/rwe-luetzerath-abbaggern\/#breadcrumb","itemListElement":[{"@type":"ListItem","position":1,"name":"Startseite","item":"https:\/\/www.protect-the-planet.de\/en\/home\/"},{"@type":"ListItem","position":2,"name":"RWE darf L\u00fctzerath trotz Versorgungssicherheit abbaggern"}]},{"@type":"WebSite","@id":"https:\/\/www.protect-the-planet.de\/en\/#website","url":"https:\/\/www.protect-the-planet.de\/en\/","name":"Protect the Planet","description":"If we don&#039;t change, the climate will.","publisher":{"@id":"https:\/\/www.protect-the-planet.de\/en\/#organization"},"alternateName":"Protect the Panet gGmbH","potentialAction":[{"@type":"SearchAction","target":{"@type":"EntryPoint","urlTemplate":"https:\/\/www.protect-the-planet.de\/en\/?s={search_term_string}"},"query-input":{"@type":"PropertyValueSpecification","valueRequired":true,"valueName":"search_term_string"}}],"inLanguage":"en-US"},{"@type":"Organization","@id":"https:\/\/www.protect-the-planet.de\/en\/#organization","name":"Protect the Planet","url":"https:\/\/www.protect-the-planet.de\/en\/","logo":{"@type":"ImageObject","inLanguage":"en-US","@id":"https:\/\/www.protect-the-planet.de\/en\/#\/schema\/logo\/image\/","url":"https:\/\/www.protect-the-planet.de\/wp-content\/uploads\/2023\/09\/LOGO-positiv_transparent-klein.png","contentUrl":"https:\/\/www.protect-the-planet.de\/wp-content\/uploads\/2023\/09\/LOGO-positiv_transparent-klein.png","width":123,"height":68,"caption":"Protect the Planet"},"image":{"@id":"https:\/\/www.protect-the-planet.de\/en\/#\/schema\/logo\/image\/"},"sameAs":["https:\/\/www.facebook.com\/protecttheplanetDE\/","https:\/\/x.com\/PtP_de","https:\/\/www.instagram.com\/protecttheplanetorg\/","https:\/\/www.linkedin.com\/company\/protect-the-planet","https:\/\/www.youtube.com\/@protecttheplanet"]},{"@type":"Person","@id":"https:\/\/www.protect-the-planet.de\/en\/#\/schema\/person\/c843c153d0dd33ec584996931e438bce","name":"Fenja Jacobs","image":{"@type":"ImageObject","inLanguage":"en-US","@id":"https:\/\/secure.gravatar.com\/avatar\/1319de9aaea70b6c6ed807392ef95d6582ceaf98cca9de0a0022ba8e0d3a7fc3?s=96&d=mm&r=g","url":"https:\/\/secure.gravatar.com\/avatar\/1319de9aaea70b6c6ed807392ef95d6582ceaf98cca9de0a0022ba8e0d3a7fc3?s=96&d=mm&r=g","contentUrl":"https:\/\/secure.gravatar.com\/avatar\/1319de9aaea70b6c6ed807392ef95d6582ceaf98cca9de0a0022ba8e0d3a7fc3?s=96&d=mm&r=g","caption":"Fenja Jacobs"},"url":"https:\/\/www.protect-the-planet.de\/en\/author\/fenja-jacobs\/"}]}},"_links":{"self":[{"href":"https:\/\/www.protect-the-planet.de\/en\/wp-json\/wp\/v2\/posts\/29136","targetHints":{"allow":["GET"]}}],"collection":[{"href":"https:\/\/www.protect-the-planet.de\/en\/wp-json\/wp\/v2\/posts"}],"about":[{"href":"https:\/\/www.protect-the-planet.de\/en\/wp-json\/wp\/v2\/types\/post"}],"author":[{"embeddable":true,"href":"https:\/\/www.protect-the-planet.de\/en\/wp-json\/wp\/v2\/users\/3"}],"replies":[{"embeddable":true,"href":"https:\/\/www.protect-the-planet.de\/en\/wp-json\/wp\/v2\/comments?post=29136"}],"version-history":[{"count":0,"href":"https:\/\/www.protect-the-planet.de\/en\/wp-json\/wp\/v2\/posts\/29136\/revisions"}],"wp:featuredmedia":[{"embeddable":true,"href":"https:\/\/www.protect-the-planet.de\/en\/wp-json\/wp\/v2\/media\/21868"}],"wp:attachment":[{"href":"https:\/\/www.protect-the-planet.de\/en\/wp-json\/wp\/v2\/media?parent=29136"}],"wp:term":[{"taxonomy":"category","embeddable":true,"href":"https:\/\/www.protect-the-planet.de\/en\/wp-json\/wp\/v2\/categories?post=29136"},{"taxonomy":"post_tag","embeddable":true,"href":"https:\/\/www.protect-the-planet.de\/en\/wp-json\/wp\/v2\/tags?post=29136"}],"curies":[{"name":"wp","href":"https:\/\/api.w.org\/{rel}","templated":true}]}}