{"id":29117,"date":"2024-09-25T17:49:54","date_gmt":"2024-09-25T15:49:54","guid":{"rendered":"https:\/\/www.protect-the-planet.de\/kino-tour-urgewald-auf-den-spuren-des-geldes\/"},"modified":"2024-11-15T00:28:04","modified_gmt":"2024-11-14T23:28:04","slug":"kino-tour-urgewald-auf-den-spuren-des-geldes","status":"publish","type":"post","link":"https:\/\/www.protect-the-planet.de\/en\/kino-tour-urgewald-auf-den-spuren-des-geldes\/","title":{"rendered":"Kino-Tour: \u201eurgewald \u2013 Auf den Spuren des Geldes\u201c"},"content":{"rendered":"\n<h2 class=\"wp-block-heading\"><strong>Protect the Planet unterst\u00fctzt den Kinostart des urgewald-Dokumentarfilms&nbsp;<\/strong><\/h2>\n\n\n\n<p>Der neue Dokumentarfilm anl\u00e4sslich des 30-j\u00e4hrigen Bestehens der Umwelt- und Menschenrechtsorganisation <a href=\"http:\/\/urgewald.org\">urgewald<\/a> kommt im Oktober 2024 in die Kinos. Protect the Planet unterst\u00fctzt den Kinostart gemeinsam mit der <a href=\"http:\/\/protect-the-planet.de\/stiftung\/\">Dorothea-Laura-Janina Sick-Umweltstiftung<\/a> und den <a href=\"http:\/\/ews-schoenau.de\">Elektrizit\u00e4tswerken Sch\u00f6nau<\/a>: Gemeinsam mit urgewald und dem Film-Verleih <a href=\"https:\/\/www.wfilm.de\/urgewald\/inhalt\/\">W-Film<\/a> begleiten wir den Film mit einer Kino-Tour durch ganz Deutschland, mit prominent besetzten Talk-Runden aus der Umweltszene und zahlreichen lokalen Unterst\u00fctzer*innen in f\u00fcnf St\u00e4dten.\u00a0<\/p>\n\n\n\n<h2 class=\"wp-block-heading\"><strong>\u00dcber den Film<\/strong><\/h2>\n\n\n\n<p>Naturzerst\u00f6rung und Missachtung von Menschenrechten \u2013 dahinter stecken oft Gro\u00dfkonzerne und Banken, die auch unser Geld nutzen. <strong>Seit \u00fcber 30 Jahren deckt urgewald solche Finanzstr\u00f6me auf und leistet Widerstand gegen Zerst\u00f6rung und Vertreibung. <\/strong>Protect the Planet-Gr\u00fcnderin Dorothea Sick-Thies verfolgt die Arbeit von urgewald schon seit Jahren und betont:<\/p>\n\n\n\n<blockquote class=\"wp-block-quote is-layout-flow wp-block-quote-is-layout-flow\">\n<p>\u201eurgewald ist in meinen Augen eine der erfolgreichsten Organisationen im Umweltbereich, weil sie es mit den ganz Gro\u00dfen aufnehmen: den Banken. urgewald zeigt, wie viel Geld immer noch in die fossilen Energien gesteckt wird, fossile Energien, die unsere Erde letztendlich zerst\u00f6ren. Das muss endlich aufh\u00f6ren\u201c, so <strong>Dorothea Sick-Thies<\/strong>.<\/p>\n<\/blockquote>\n\n\n\n<p>urgewald hat Zwangsumsiedlungen verhindert, Streumunitionskredite blockiert und den Bau eines Atomkraftwerks gestoppt: Der Dokumentarfilm von Peter und Karin Wejdling erz\u00e4hlt die Geschichte des kleinen Vereins, der zur einflussreichen Organisation wurde \u2013 zum Anwalt f\u00fcr Umwelt und Menschenrechte. Er blickt auf die vergangenen Jahrzehnte zur\u00fcck und zeigt, wie aus einem kleinen Verein eine einflussreiche Organisation wurde,\u00a0die l\u00e4ngst auch <strong>in den Chefetagen der Finanzbranche als kritische Stimme respektiert<\/strong> und geh\u00f6rt wird. Neben den Gr\u00fcnderinnen und Teammitgliedern von urgewald kommen im Film auch Finanz-Insider*innen, Aktivist*innen und Politiker*innen wie <strong>Claudia Kemfert, Luisa Neubauer und J\u00fcrgen Trittin <\/strong>zu Wort.<\/p>\n\n\n\n<h3 class=\"wp-block-heading\"><strong>G\u00e4nsehaut beim Preview-Event am 12. Juli in M\u00fcnchen<\/strong><\/h3>\n\n\n\n<p>Im Juli haben wir zu einem <strong>Preview-Event im M\u00fcnchner Filmtheater Sendlinger Tor<\/strong> eingeladen, mit urgewald-Prominenz und der Klima-Anw\u00e4ltin Roda Verheyen. <a href=\"https:\/\/www.protect-the-planet.de\/en\/preview-zum-neuen-urgewald-dokumentarfilm\/\">Hier ein Eindruck des bewegenden Abends<\/a>, der einen Vorgeschmack auf die Premieren-Tour im Oktober gibt.<\/p>\n\n\n\n<h3 class=\"wp-block-heading has-text-align-center\"><strong>Wir m\u00f6chten Sie herzlich einladen, sich diesen mitrei\u00dfenden und inspirierenden Film mit uns im Kino anzusehen:\u00a0<\/strong><\/h3>\n\n\n\n<h2 class=\"wp-block-heading\"><strong>Die Kino-Tour des urgewald-Dokumentarfilms im \u00dcberblick<\/strong><\/h2>\n\n\n\n<p><a href=\"https:\/\/www.urgewald.org\/termin\/deutschlandpremiere-spuren-geldes-berlin\">09.10.2024 | 18 Uhr: Kant Kino, Kantstr. 54, 10627 <strong>Berlin (Premiere)<\/strong><\/a><strong>&nbsp;<\/strong><\/p>\n\n\n\n<p><a href=\"https:\/\/www.urgewald.org\/termin\/spuren-geldes-abaton-kino-hamburg\">17.10.2024 | 18 Uhr: Abaton, Allendeplatz 3 \/ Ecke Grindelhof, 20146 <strong>Hamburg<\/strong><\/a><\/p>\n\n\n\n<p><a href=\"https:\/\/www.urgewald.org\/termin\/spuren-geldes-filmbuehne-bonn\">20.10.2024 | 11 Uhr: Filmb\u00fchne, Friedrich-Breuer-Stra\u00dfe 68-70, 53225 <strong>Bonn<\/strong><\/a><\/p>\n\n\n\n<p><a href=\"https:\/\/www.urgewald.org\/termin\/spuren-geldes-odeon-koeln\">20.10.2024 | 14 Uhr: Odeon, Severinstra\u00dfe 81, 50678 <strong>K\u00f6ln<\/strong><\/a><\/p>\n\n\n\n<p><a href=\"https:\/\/www.urgewald.org\/termin\/spuren-geldes-friedrichsbau-lichtspiele-freiburg\">24.10.2024 | 18 Uhr: Friedrichsbau Lichtspiele, Kaiser-Joseph-Str. 268 &#8211; 270, 79098 <strong>Freiburg<\/strong><\/a><\/p>\n\n\n\n<h3 class=\"wp-block-heading\"><strong>Weitere Vorf\u00fchrungen des urgewald-Dokumentarfilms<\/strong><\/h3>\n\n\n\n<p>Wer den Film noch einmal in M\u00fcnchen sehen m\u00f6chte, sei schon vor dem offiziellen Kinostart herzlich eingeladen zum <strong>Film-Event im M\u00fcnchner Zukunftssalon<\/strong>, das wir im Rahmen des M\u00fcnchner Klimaherbstes zusammen mit dem M\u00fcnchner Forum Nachhaltigkeit veranstalten: Am <strong>16.10.<\/strong> im M\u00fcnchner Zukunftssalon mit urgewald-G\u00e4sten Olga Egli und Regine Richter zum Film-Gespr\u00e4ch (<a href=\"https:\/\/www.protect-the-planet.de\/en\/event\/2024-10-16-urgewald-film\/\">Infos und Anmeldelink hier<\/a>).<\/p>\n\n\n\n<p>Am 21.10. wird au\u00dferdem Protect the Planet-Gr\u00fcnder und Filmemacher Carl-A. Fechner bei einer Sondervorf\u00fchrung des Films in<a href=\"https:\/\/www.urgewald.org\/termin\/urgewald-doku-scala-kino-tuttlingen\"> Tuttlingen <\/a>dabei sein.<\/p>\n\n\n\n<p>Eine \u00dcbersicht aller Film-Events finden Sie bei <a href=\"https:\/\/www.wfilm.de\/urgewald\/inhalt\/\">W-Film<\/a> und <a href=\"https:\/\/www.urgewald.org\/der-film\">urgewald<\/a>.<\/p>\n\n\n\n<figure class=\"wp-block-embed is-type-video is-provider-youtube wp-block-embed-youtube wp-embed-aspect-16-9 wp-has-aspect-ratio\"><div class=\"wp-block-embed__wrapper\">\n <div class=\"brlbs-cmpnt-container brlbs-cmpnt-content-blocker brlbs-cmpnt-with-individual-styles\" data-borlabs-cookie-content-blocker-id=\"youtube-content-blocker\" data-borlabs-cookie-content=\"PGlmcmFtZSB0aXRsZT0iQXVmIGRlbiBTcHVyZW4gZGVzIEdlbGRlcyBmw7xyIFVtd2VsdCB1bmQgTWVuc2NoZW5yZWNodGUgLSBUUkFJTEVSIiB3aWR0aD0iODAwIiBoZWlnaHQ9IjQ1MCIgc3JjPSJodHRwczovL3d3dy55b3V0dWJlLW5vY29va2llLmNvbS9lbWJlZC95Ti1ySDZXR2hlaz9mZWF0dXJlPW9lbWJlZCIgZnJhbWVib3JkZXI9IjAiIGFsbG93PSJhY2NlbGVyb21ldGVyOyBhdXRvcGxheTsgY2xpcGJvYXJkLXdyaXRlOyBlbmNyeXB0ZWQtbWVkaWE7IGd5cm9zY29wZTsgcGljdHVyZS1pbi1waWN0dXJlOyB3ZWItc2hhcmUiIHJlZmVycmVycG9saWN5PSJzdHJpY3Qtb3JpZ2luLXdoZW4tY3Jvc3Mtb3JpZ2luIiBhbGxvd2Z1bGxzY3JlZW4+PC9pZnJhbWU+\"><div class=\"brlbs-cmpnt-cb-preset-c brlbs-cmpnt-cb-youtube\"> <div class=\"brlbs-cmpnt-cb-thumbnail\" style=\"background-image: url('https:\/\/www.protect-the-planet.de\/wp-content\/uploads\/borlabs-cookie\/1\/yt_yN-rH6WGhek_hqdefault.jpg')\"><\/div> <div class=\"brlbs-cmpnt-cb-main\"> <div class=\"brlbs-cmpnt-cb-play-button\"><\/div> <div class=\"brlbs-cmpnt-cb-content\"> <p class=\"brlbs-cmpnt-cb-description\">You are currently viewing a placeholder content from <strong>YouTube<\/strong>. To access the actual content, click the button below. Please note that doing so will share data with third-party providers.<\/p> <a class=\"brlbs-cmpnt-cb-provider-toggle\" href=\"#\" data-borlabs-cookie-show-provider-information role=\"button\">More Information<\/a> <\/div> <div class=\"brlbs-cmpnt-cb-buttons\"> <a class=\"brlbs-cmpnt-cb-btn\" href=\"#\" data-borlabs-cookie-unblock role=\"button\">Unblock content<\/a> <a class=\"brlbs-cmpnt-cb-btn\" href=\"#\" data-borlabs-cookie-accept-service role=\"button\" style=\"display: inherit\">Accept required service and unblock content<\/a> <\/div> <\/div> <\/div><\/div>\n<\/div><\/figure>\n","protected":false},"excerpt":{"rendered":"<p>Protect the Planet unterst\u00fctzt den Kinostart des neuen Dokumentarfilms der Umwelt- und Menschenrechtsorganisation urgewald. <\/p>\n","protected":false},"author":6,"featured_media":28549,"comment_status":"closed","ping_status":"closed","sticky":false,"template":"","format":"standard","meta":{"footnotes":""},"categories":[729],"tags":[],"class_list":["post-29117","post","type-post","status-publish","format-standard","has-post-thumbnail","hentry","category-news"],"yoast_head":"<!-- This site is optimized with the Yoast SEO plugin v27.5 - https:\/\/yoast.com\/product\/yoast-seo-wordpress\/ -->\n<title>Kino-Tour: \u201eurgewald \u2013 Auf den Spuren des Geldes\u201c - Protect the Planet<\/title>\n<meta name=\"description\" content=\"Protect the Planet unterst\u00fctzt den Kinostart des neuen Dokumentarfilms der Umwelt- und Menschenrechtsorganisation urgewald.\" \/>\n<meta name=\"robots\" content=\"index, follow, max-snippet:-1, max-image-preview:large, max-video-preview:-1\" \/>\n<link rel=\"canonical\" href=\"https:\/\/www.protect-the-planet.de\/en\/kino-tour-urgewald-auf-den-spuren-des-geldes\/\" \/>\n<meta property=\"og:locale\" content=\"en_US\" \/>\n<meta property=\"og:type\" content=\"article\" \/>\n<meta property=\"og:title\" content=\"Kino-Tour: \u201eurgewald \u2013 Auf den Spuren des Geldes\u201c - Protect the Planet\" \/>\n<meta property=\"og:description\" content=\"Protect the Planet unterst\u00fctzt den Kinostart des neuen Dokumentarfilms der Umwelt- und Menschenrechtsorganisation urgewald.\" \/>\n<meta property=\"og:url\" content=\"https:\/\/www.protect-the-planet.de\/en\/kino-tour-urgewald-auf-den-spuren-des-geldes\/\" \/>\n<meta property=\"og:site_name\" content=\"Protect the Planet\" \/>\n<meta property=\"article:publisher\" content=\"https:\/\/www.facebook.com\/protecttheplanetDE\/\" \/>\n<meta property=\"article:published_time\" content=\"2024-09-25T15:49:54+00:00\" \/>\n<meta property=\"article:modified_time\" content=\"2024-11-14T23:28:04+00:00\" \/>\n<meta property=\"og:image\" content=\"https:\/\/www.protect-the-planet.de\/wp-content\/uploads\/2024\/09\/urgewald_hell_news.jpg\" \/>\n\t<meta property=\"og:image:width\" content=\"900\" \/>\n\t<meta property=\"og:image:height\" content=\"550\" \/>\n\t<meta property=\"og:image:type\" content=\"image\/jpeg\" \/>\n<meta name=\"author\" content=\"Fenya Kirst\" \/>\n<meta name=\"twitter:card\" content=\"summary_large_image\" \/>\n<meta name=\"twitter:creator\" content=\"@PtP_de\" \/>\n<meta name=\"twitter:site\" content=\"@PtP_de\" \/>\n<meta name=\"twitter:label1\" content=\"Written by\" \/>\n\t<meta name=\"twitter:data1\" content=\"Fenya Kirst\" \/>\n\t<meta name=\"twitter:label2\" content=\"Est. reading time\" \/>\n\t<meta name=\"twitter:data2\" content=\"3 minutes\" \/>\n<script type=\"application\/ld+json\" class=\"yoast-schema-graph\">{\"@context\":\"https:\\\/\\\/schema.org\",\"@graph\":[{\"@type\":\"Article\",\"@id\":\"https:\\\/\\\/www.protect-the-planet.de\\\/en\\\/kino-tour-urgewald-auf-den-spuren-des-geldes\\\/#article\",\"isPartOf\":{\"@id\":\"https:\\\/\\\/www.protect-the-planet.de\\\/en\\\/kino-tour-urgewald-auf-den-spuren-des-geldes\\\/\"},\"author\":{\"name\":\"Fenya Kirst\",\"@id\":\"https:\\\/\\\/www.protect-the-planet.de\\\/en\\\/#\\\/schema\\\/person\\\/34a10854efaaf0bf11a3b6fbe966fcd0\"},\"headline\":\"Kino-Tour: \u201eurgewald \u2013 Auf den Spuren des Geldes\u201c\",\"datePublished\":\"2024-09-25T15:49:54+00:00\",\"dateModified\":\"2024-11-14T23:28:04+00:00\",\"mainEntityOfPage\":{\"@id\":\"https:\\\/\\\/www.protect-the-planet.de\\\/en\\\/kino-tour-urgewald-auf-den-spuren-des-geldes\\\/\"},\"wordCount\":507,\"publisher\":{\"@id\":\"https:\\\/\\\/www.protect-the-planet.de\\\/en\\\/#organization\"},\"image\":{\"@id\":\"https:\\\/\\\/www.protect-the-planet.de\\\/en\\\/kino-tour-urgewald-auf-den-spuren-des-geldes\\\/#primaryimage\"},\"thumbnailUrl\":\"https:\\\/\\\/www.protect-the-planet.de\\\/wp-content\\\/uploads\\\/2024\\\/09\\\/urgewald_hell_news.jpg\",\"articleSection\":[\"News\"],\"inLanguage\":\"en-US\"},{\"@type\":\"WebPage\",\"@id\":\"https:\\\/\\\/www.protect-the-planet.de\\\/en\\\/kino-tour-urgewald-auf-den-spuren-des-geldes\\\/\",\"url\":\"https:\\\/\\\/www.protect-the-planet.de\\\/en\\\/kino-tour-urgewald-auf-den-spuren-des-geldes\\\/\",\"name\":\"Kino-Tour: \u201eurgewald \u2013 Auf den Spuren des Geldes\u201c - Protect the Planet\",\"isPartOf\":{\"@id\":\"https:\\\/\\\/www.protect-the-planet.de\\\/en\\\/#website\"},\"primaryImageOfPage\":{\"@id\":\"https:\\\/\\\/www.protect-the-planet.de\\\/en\\\/kino-tour-urgewald-auf-den-spuren-des-geldes\\\/#primaryimage\"},\"image\":{\"@id\":\"https:\\\/\\\/www.protect-the-planet.de\\\/en\\\/kino-tour-urgewald-auf-den-spuren-des-geldes\\\/#primaryimage\"},\"thumbnailUrl\":\"https:\\\/\\\/www.protect-the-planet.de\\\/wp-content\\\/uploads\\\/2024\\\/09\\\/urgewald_hell_news.jpg\",\"datePublished\":\"2024-09-25T15:49:54+00:00\",\"dateModified\":\"2024-11-14T23:28:04+00:00\",\"description\":\"Protect the Planet unterst\u00fctzt den Kinostart des neuen Dokumentarfilms der Umwelt- und Menschenrechtsorganisation urgewald.\",\"breadcrumb\":{\"@id\":\"https:\\\/\\\/www.protect-the-planet.de\\\/en\\\/kino-tour-urgewald-auf-den-spuren-des-geldes\\\/#breadcrumb\"},\"inLanguage\":\"en-US\",\"potentialAction\":[{\"@type\":\"ReadAction\",\"target\":[\"https:\\\/\\\/www.protect-the-planet.de\\\/en\\\/kino-tour-urgewald-auf-den-spuren-des-geldes\\\/\"]}]},{\"@type\":\"ImageObject\",\"inLanguage\":\"en-US\",\"@id\":\"https:\\\/\\\/www.protect-the-planet.de\\\/en\\\/kino-tour-urgewald-auf-den-spuren-des-geldes\\\/#primaryimage\",\"url\":\"https:\\\/\\\/www.protect-the-planet.de\\\/wp-content\\\/uploads\\\/2024\\\/09\\\/urgewald_hell_news.jpg\",\"contentUrl\":\"https:\\\/\\\/www.protect-the-planet.de\\\/wp-content\\\/uploads\\\/2024\\\/09\\\/urgewald_hell_news.jpg\",\"width\":900,\"height\":550},{\"@type\":\"BreadcrumbList\",\"@id\":\"https:\\\/\\\/www.protect-the-planet.de\\\/en\\\/kino-tour-urgewald-auf-den-spuren-des-geldes\\\/#breadcrumb\",\"itemListElement\":[{\"@type\":\"ListItem\",\"position\":1,\"name\":\"Startseite\",\"item\":\"https:\\\/\\\/www.protect-the-planet.de\\\/en\\\/home\\\/\"},{\"@type\":\"ListItem\",\"position\":2,\"name\":\"Kino-Tour: \u201eurgewald \u2013 Auf den Spuren des Geldes\u201c\"}]},{\"@type\":\"WebSite\",\"@id\":\"https:\\\/\\\/www.protect-the-planet.de\\\/en\\\/#website\",\"url\":\"https:\\\/\\\/www.protect-the-planet.de\\\/en\\\/\",\"name\":\"Protect the Planet\",\"description\":\"If we don&#039;t change, the climate will.\",\"publisher\":{\"@id\":\"https:\\\/\\\/www.protect-the-planet.de\\\/en\\\/#organization\"},\"alternateName\":\"Protect the Panet gGmbH\",\"potentialAction\":[{\"@type\":\"SearchAction\",\"target\":{\"@type\":\"EntryPoint\",\"urlTemplate\":\"https:\\\/\\\/www.protect-the-planet.de\\\/en\\\/?s={search_term_string}\"},\"query-input\":{\"@type\":\"PropertyValueSpecification\",\"valueRequired\":true,\"valueName\":\"search_term_string\"}}],\"inLanguage\":\"en-US\"},{\"@type\":\"Organization\",\"@id\":\"https:\\\/\\\/www.protect-the-planet.de\\\/en\\\/#organization\",\"name\":\"Protect the Planet\",\"url\":\"https:\\\/\\\/www.protect-the-planet.de\\\/en\\\/\",\"logo\":{\"@type\":\"ImageObject\",\"inLanguage\":\"en-US\",\"@id\":\"https:\\\/\\\/www.protect-the-planet.de\\\/en\\\/#\\\/schema\\\/logo\\\/image\\\/\",\"url\":\"https:\\\/\\\/www.protect-the-planet.de\\\/wp-content\\\/uploads\\\/2023\\\/09\\\/LOGO-positiv_transparent-klein.png\",\"contentUrl\":\"https:\\\/\\\/www.protect-the-planet.de\\\/wp-content\\\/uploads\\\/2023\\\/09\\\/LOGO-positiv_transparent-klein.png\",\"width\":123,\"height\":68,\"caption\":\"Protect the Planet\"},\"image\":{\"@id\":\"https:\\\/\\\/www.protect-the-planet.de\\\/en\\\/#\\\/schema\\\/logo\\\/image\\\/\"},\"sameAs\":[\"https:\\\/\\\/www.facebook.com\\\/protecttheplanetDE\\\/\",\"https:\\\/\\\/x.com\\\/PtP_de\",\"https:\\\/\\\/www.instagram.com\\\/protecttheplanetorg\\\/\",\"https:\\\/\\\/www.linkedin.com\\\/company\\\/protect-the-planet\",\"https:\\\/\\\/www.youtube.com\\\/@protecttheplanet\"]},{\"@type\":\"Person\",\"@id\":\"https:\\\/\\\/www.protect-the-planet.de\\\/en\\\/#\\\/schema\\\/person\\\/34a10854efaaf0bf11a3b6fbe966fcd0\",\"name\":\"Fenya Kirst\",\"image\":{\"@type\":\"ImageObject\",\"inLanguage\":\"en-US\",\"@id\":\"https:\\\/\\\/www.protect-the-planet.de\\\/wp-content\\\/uploads\\\/2024\\\/03\\\/cropped-2310_ProtectThePlanet_Portraet-Fenya-quadr-scaled-1-96x96.jpg\",\"url\":\"https:\\\/\\\/www.protect-the-planet.de\\\/wp-content\\\/uploads\\\/2024\\\/03\\\/cropped-2310_ProtectThePlanet_Portraet-Fenya-quadr-scaled-1-96x96.jpg\",\"contentUrl\":\"https:\\\/\\\/www.protect-the-planet.de\\\/wp-content\\\/uploads\\\/2024\\\/03\\\/cropped-2310_ProtectThePlanet_Portraet-Fenya-quadr-scaled-1-96x96.jpg\",\"caption\":\"Fenya Kirst\"},\"description\":\"fenya.kirst@protect-the-planet.de +49 162 9085805\",\"url\":\"https:\\\/\\\/www.protect-the-planet.de\\\/en\\\/author\\\/fenya-kirst\\\/\"}]}<\/script>\n<!-- \/ Yoast SEO plugin. -->","yoast_head_json":{"title":"Kino-Tour: \u201eurgewald \u2013 Auf den Spuren des Geldes\u201c - Protect the Planet","description":"Protect the Planet unterst\u00fctzt den Kinostart des neuen Dokumentarfilms der Umwelt- und Menschenrechtsorganisation urgewald.","robots":{"index":"index","follow":"follow","max-snippet":"max-snippet:-1","max-image-preview":"max-image-preview:large","max-video-preview":"max-video-preview:-1"},"canonical":"https:\/\/www.protect-the-planet.de\/en\/kino-tour-urgewald-auf-den-spuren-des-geldes\/","og_locale":"en_US","og_type":"article","og_title":"Kino-Tour: \u201eurgewald \u2013 Auf den Spuren des Geldes\u201c - Protect the Planet","og_description":"Protect the Planet unterst\u00fctzt den Kinostart des neuen Dokumentarfilms der Umwelt- und Menschenrechtsorganisation urgewald.","og_url":"https:\/\/www.protect-the-planet.de\/en\/kino-tour-urgewald-auf-den-spuren-des-geldes\/","og_site_name":"Protect the Planet","article_publisher":"https:\/\/www.facebook.com\/protecttheplanetDE\/","article_published_time":"2024-09-25T15:49:54+00:00","article_modified_time":"2024-11-14T23:28:04+00:00","og_image":[{"width":900,"height":550,"url":"https:\/\/www.protect-the-planet.de\/wp-content\/uploads\/2024\/09\/urgewald_hell_news.jpg","type":"image\/jpeg"}],"author":"Fenya Kirst","twitter_card":"summary_large_image","twitter_creator":"@PtP_de","twitter_site":"@PtP_de","twitter_misc":{"Written by":"Fenya Kirst","Est. reading time":"3 minutes"},"schema":{"@context":"https:\/\/schema.org","@graph":[{"@type":"Article","@id":"https:\/\/www.protect-the-planet.de\/en\/kino-tour-urgewald-auf-den-spuren-des-geldes\/#article","isPartOf":{"@id":"https:\/\/www.protect-the-planet.de\/en\/kino-tour-urgewald-auf-den-spuren-des-geldes\/"},"author":{"name":"Fenya Kirst","@id":"https:\/\/www.protect-the-planet.de\/en\/#\/schema\/person\/34a10854efaaf0bf11a3b6fbe966fcd0"},"headline":"Kino-Tour: \u201eurgewald \u2013 Auf den Spuren des Geldes\u201c","datePublished":"2024-09-25T15:49:54+00:00","dateModified":"2024-11-14T23:28:04+00:00","mainEntityOfPage":{"@id":"https:\/\/www.protect-the-planet.de\/en\/kino-tour-urgewald-auf-den-spuren-des-geldes\/"},"wordCount":507,"publisher":{"@id":"https:\/\/www.protect-the-planet.de\/en\/#organization"},"image":{"@id":"https:\/\/www.protect-the-planet.de\/en\/kino-tour-urgewald-auf-den-spuren-des-geldes\/#primaryimage"},"thumbnailUrl":"https:\/\/www.protect-the-planet.de\/wp-content\/uploads\/2024\/09\/urgewald_hell_news.jpg","articleSection":["News"],"inLanguage":"en-US"},{"@type":"WebPage","@id":"https:\/\/www.protect-the-planet.de\/en\/kino-tour-urgewald-auf-den-spuren-des-geldes\/","url":"https:\/\/www.protect-the-planet.de\/en\/kino-tour-urgewald-auf-den-spuren-des-geldes\/","name":"Kino-Tour: \u201eurgewald \u2013 Auf den Spuren des Geldes\u201c - Protect the Planet","isPartOf":{"@id":"https:\/\/www.protect-the-planet.de\/en\/#website"},"primaryImageOfPage":{"@id":"https:\/\/www.protect-the-planet.de\/en\/kino-tour-urgewald-auf-den-spuren-des-geldes\/#primaryimage"},"image":{"@id":"https:\/\/www.protect-the-planet.de\/en\/kino-tour-urgewald-auf-den-spuren-des-geldes\/#primaryimage"},"thumbnailUrl":"https:\/\/www.protect-the-planet.de\/wp-content\/uploads\/2024\/09\/urgewald_hell_news.jpg","datePublished":"2024-09-25T15:49:54+00:00","dateModified":"2024-11-14T23:28:04+00:00","description":"Protect the Planet unterst\u00fctzt den Kinostart des neuen Dokumentarfilms der Umwelt- und Menschenrechtsorganisation urgewald.","breadcrumb":{"@id":"https:\/\/www.protect-the-planet.de\/en\/kino-tour-urgewald-auf-den-spuren-des-geldes\/#breadcrumb"},"inLanguage":"en-US","potentialAction":[{"@type":"ReadAction","target":["https:\/\/www.protect-the-planet.de\/en\/kino-tour-urgewald-auf-den-spuren-des-geldes\/"]}]},{"@type":"ImageObject","inLanguage":"en-US","@id":"https:\/\/www.protect-the-planet.de\/en\/kino-tour-urgewald-auf-den-spuren-des-geldes\/#primaryimage","url":"https:\/\/www.protect-the-planet.de\/wp-content\/uploads\/2024\/09\/urgewald_hell_news.jpg","contentUrl":"https:\/\/www.protect-the-planet.de\/wp-content\/uploads\/2024\/09\/urgewald_hell_news.jpg","width":900,"height":550},{"@type":"BreadcrumbList","@id":"https:\/\/www.protect-the-planet.de\/en\/kino-tour-urgewald-auf-den-spuren-des-geldes\/#breadcrumb","itemListElement":[{"@type":"ListItem","position":1,"name":"Startseite","item":"https:\/\/www.protect-the-planet.de\/en\/home\/"},{"@type":"ListItem","position":2,"name":"Kino-Tour: \u201eurgewald \u2013 Auf den Spuren des Geldes\u201c"}]},{"@type":"WebSite","@id":"https:\/\/www.protect-the-planet.de\/en\/#website","url":"https:\/\/www.protect-the-planet.de\/en\/","name":"Protect the Planet","description":"If we don&#039;t change, the climate will.","publisher":{"@id":"https:\/\/www.protect-the-planet.de\/en\/#organization"},"alternateName":"Protect the Panet gGmbH","potentialAction":[{"@type":"SearchAction","target":{"@type":"EntryPoint","urlTemplate":"https:\/\/www.protect-the-planet.de\/en\/?s={search_term_string}"},"query-input":{"@type":"PropertyValueSpecification","valueRequired":true,"valueName":"search_term_string"}}],"inLanguage":"en-US"},{"@type":"Organization","@id":"https:\/\/www.protect-the-planet.de\/en\/#organization","name":"Protect the Planet","url":"https:\/\/www.protect-the-planet.de\/en\/","logo":{"@type":"ImageObject","inLanguage":"en-US","@id":"https:\/\/www.protect-the-planet.de\/en\/#\/schema\/logo\/image\/","url":"https:\/\/www.protect-the-planet.de\/wp-content\/uploads\/2023\/09\/LOGO-positiv_transparent-klein.png","contentUrl":"https:\/\/www.protect-the-planet.de\/wp-content\/uploads\/2023\/09\/LOGO-positiv_transparent-klein.png","width":123,"height":68,"caption":"Protect the Planet"},"image":{"@id":"https:\/\/www.protect-the-planet.de\/en\/#\/schema\/logo\/image\/"},"sameAs":["https:\/\/www.facebook.com\/protecttheplanetDE\/","https:\/\/x.com\/PtP_de","https:\/\/www.instagram.com\/protecttheplanetorg\/","https:\/\/www.linkedin.com\/company\/protect-the-planet","https:\/\/www.youtube.com\/@protecttheplanet"]},{"@type":"Person","@id":"https:\/\/www.protect-the-planet.de\/en\/#\/schema\/person\/34a10854efaaf0bf11a3b6fbe966fcd0","name":"Fenya Kirst","image":{"@type":"ImageObject","inLanguage":"en-US","@id":"https:\/\/www.protect-the-planet.de\/wp-content\/uploads\/2024\/03\/cropped-2310_ProtectThePlanet_Portraet-Fenya-quadr-scaled-1-96x96.jpg","url":"https:\/\/www.protect-the-planet.de\/wp-content\/uploads\/2024\/03\/cropped-2310_ProtectThePlanet_Portraet-Fenya-quadr-scaled-1-96x96.jpg","contentUrl":"https:\/\/www.protect-the-planet.de\/wp-content\/uploads\/2024\/03\/cropped-2310_ProtectThePlanet_Portraet-Fenya-quadr-scaled-1-96x96.jpg","caption":"Fenya Kirst"},"description":"fenya.kirst@protect-the-planet.de +49 162 9085805","url":"https:\/\/www.protect-the-planet.de\/en\/author\/fenya-kirst\/"}]}},"_links":{"self":[{"href":"https:\/\/www.protect-the-planet.de\/en\/wp-json\/wp\/v2\/posts\/29117","targetHints":{"allow":["GET"]}}],"collection":[{"href":"https:\/\/www.protect-the-planet.de\/en\/wp-json\/wp\/v2\/posts"}],"about":[{"href":"https:\/\/www.protect-the-planet.de\/en\/wp-json\/wp\/v2\/types\/post"}],"author":[{"embeddable":true,"href":"https:\/\/www.protect-the-planet.de\/en\/wp-json\/wp\/v2\/users\/6"}],"replies":[{"embeddable":true,"href":"https:\/\/www.protect-the-planet.de\/en\/wp-json\/wp\/v2\/comments?post=29117"}],"version-history":[{"count":0,"href":"https:\/\/www.protect-the-planet.de\/en\/wp-json\/wp\/v2\/posts\/29117\/revisions"}],"wp:featuredmedia":[{"embeddable":true,"href":"https:\/\/www.protect-the-planet.de\/en\/wp-json\/wp\/v2\/media\/28549"}],"wp:attachment":[{"href":"https:\/\/www.protect-the-planet.de\/en\/wp-json\/wp\/v2\/media?parent=29117"}],"wp:term":[{"taxonomy":"category","embeddable":true,"href":"https:\/\/www.protect-the-planet.de\/en\/wp-json\/wp\/v2\/categories?post=29117"},{"taxonomy":"post_tag","embeddable":true,"href":"https:\/\/www.protect-the-planet.de\/en\/wp-json\/wp\/v2\/tags?post=29117"}],"curies":[{"name":"wp","href":"https:\/\/api.w.org\/{rel}","templated":true}]}}