{"id":29115,"date":"2024-09-30T17:49:06","date_gmt":"2024-09-30T15:49:06","guid":{"rendered":"https:\/\/www.protect-the-planet.de\/windrat-nominiert-fuer-bam-marketing-for-future-award-2024\/"},"modified":"2024-11-15T00:26:57","modified_gmt":"2024-11-14T23:26:57","slug":"windrat-nominiert-fuer-bam-marketing-for-future-award-2024","status":"publish","type":"post","link":"https:\/\/www.protect-the-planet.de\/en\/windrat-nominiert-fuer-bam-marketing-for-future-award-2024\/","title":{"rendered":"WindRat nominiert f\u00fcr BAM!-Marketing for Future-Award 2024"},"content":{"rendered":"\n<p>Ver\u00e4nderung braucht \u00d6ffentlichkeit \u2013 am besten: mutmachende, positive \u00d6ffentlichkeit. Umso mehr freuen wir uns dar\u00fcber, dass wir mit unserem Windenergie-Projekt WindRat f\u00fcr den diesj\u00e4hrigen\u00a0<a href=\"https:\/\/www.bock.am\/marketing-for-future-award\"><strong>Marketing for Future-Award 2024<\/strong><\/a>\u00a0nominiert wurden sein, der auf dem \u201e<strong>BAM! Bock auf morgen<\/strong>\u201c-Festival am 24.09.2024 in Berlin verliehen wurde. Die Nominierung gab es wir f\u00fcr die\u00a0<strong>Windkraft-Kampagne zur bayerischen Landtagswahl 2023<\/strong>: \u201e<a href=\"https:\/\/wind-rat.de\/projekte\/bayernwind\/\">Dem S\u00f6der den Bayernwind entfachen!<\/a>\u201c<\/p>\n\n\n\n<p>Zwar haben wir es mit unserer Bayernwind-Kampagne nicht auf das Award-Siegertreppchen geschafft: Den goldenen BAM-Award gewann zum Beispiel Burger King mit ihrer veganen Burger-Auswahl, sehr verdient! Mit unserem Platz 10 unter \u00fcber 100 Einsendungen und einer zus\u00e4tzlichen \u201e<strong>lobenden Erw\u00e4hnung<\/strong>\u201c sind wir aber dennoch zufrieden.&nbsp;<strong>Wir gratulieren allen Gewinner*innen des Awards und bedanken uns f\u00fcr die Ehre, dabei sein zu d\u00fcrfen!<\/strong><\/p>\n\n\n\n<p>Ein gro\u00dfes Dankesch\u00f6n gilt ebenfalls&nbsp;<strong>Jochen Kirch<\/strong>&nbsp;von der&nbsp;<a href=\"https:\/\/www.peperoni.berlin\/\">PEPERONI Kommunikationsagentur f\u00fcr gesellschaftlichen Wandel<\/a>&nbsp;und&nbsp;<strong>Heinrich Str\u00f6\u00dfenreuther<\/strong>&nbsp;(<a href=\"https:\/\/www.clevere-staedte.de\/\">Agentur f\u00fcr Clevere St\u00e4dte<\/a>), f\u00fcr die fruchtbare Zusammenarbeit bei der Kampagne sowie die w\u00fcrdige Vertretung bei der Preisverleihung in Berlin.<\/p>\n\n\n\n<p>Heinrich Str\u00f6\u00dfenreuther als wichtige strategische Unterst\u00fctzung der Kampagnenplanung hat die Aktion in einer<a href=\"https:\/\/clevere-staedte.de\/projekt\/S%C3%B6der_Bayernwind_Kampagne\">spannenden Geschichte<\/a>&nbsp;zusammengefasst. Wir empfehlen zur Lekt\u00fcre!&nbsp;<\/p>\n\n\n\n<figure class=\"wp-block-gallery has-nested-images columns-default is-cropped wp-block-gallery-1 is-layout-flex wp-block-gallery-is-layout-flex\">\n<figure class=\"wp-block-image size-large\"><img fetchpriority=\"high\" decoding=\"async\" width=\"480\" height=\"640\" data-id=\"28683\" src=\"https:\/\/www.protect-the-planet.de\/wp-content\/uploads\/2024\/09\/Mittel-Stroessenreuther_Kirch_ProtectThePlanet_MarketingForFuture-1-IMG_3449.jpeg\" alt=\"Heinrich Str\u00f6\u00dfenreuther und Jochen Kirch halten eine Urkunde mit einer &quot;lobenden Erw\u00e4hnung&quot; f\u00fcr Protect the Planet bzw. den &quot;WindRat&quot; auf der Preisverleihung des Marketing for Future-Awards 2024 in Berlin in die Kamera.\" class=\"wp-image-28683\" srcset=\"https:\/\/www.protect-the-planet.de\/wp-content\/uploads\/2024\/09\/Mittel-Stroessenreuther_Kirch_ProtectThePlanet_MarketingForFuture-1-IMG_3449.jpeg 480w, https:\/\/www.protect-the-planet.de\/wp-content\/uploads\/2024\/09\/Mittel-Stroessenreuther_Kirch_ProtectThePlanet_MarketingForFuture-1-IMG_3449-225x300.jpeg 225w\" sizes=\"(max-width: 480px) 100vw, 480px\" \/><\/figure>\n\n\n\n<figure class=\"wp-block-image size-large\"><img decoding=\"async\" width=\"640\" height=\"480\" data-id=\"28687\" src=\"https:\/\/www.protect-the-planet.de\/wp-content\/uploads\/2024\/09\/Mittel-Stroessenreuther_Kirch_ProtectThePlanet_MarketingForFuture-2-IMG_3438.jpeg\" alt=\"\" class=\"wp-image-28687\" srcset=\"https:\/\/www.protect-the-planet.de\/wp-content\/uploads\/2024\/09\/Mittel-Stroessenreuther_Kirch_ProtectThePlanet_MarketingForFuture-2-IMG_3438.jpeg 640w, https:\/\/www.protect-the-planet.de\/wp-content\/uploads\/2024\/09\/Mittel-Stroessenreuther_Kirch_ProtectThePlanet_MarketingForFuture-2-IMG_3438-300x225.jpeg 300w\" sizes=\"(max-width: 640px) 100vw, 640px\" \/><\/figure>\n\n\n\n<figure class=\"wp-block-image size-large\"><img decoding=\"async\" width=\"640\" height=\"480\" data-id=\"28688\" src=\"https:\/\/www.protect-the-planet.de\/wp-content\/uploads\/2024\/09\/Mittel-Stroessenreuther_Kirch_ProtectThePlanet_MarketingForFuture-3-IMG_3453.jpeg\" alt=\"\" class=\"wp-image-28688\" srcset=\"https:\/\/www.protect-the-planet.de\/wp-content\/uploads\/2024\/09\/Mittel-Stroessenreuther_Kirch_ProtectThePlanet_MarketingForFuture-3-IMG_3453.jpeg 640w, https:\/\/www.protect-the-planet.de\/wp-content\/uploads\/2024\/09\/Mittel-Stroessenreuther_Kirch_ProtectThePlanet_MarketingForFuture-3-IMG_3453-300x225.jpeg 300w\" sizes=\"(max-width: 640px) 100vw, 640px\" \/><\/figure>\n\n\n\n<figure class=\"wp-block-image size-large\"><img loading=\"lazy\" decoding=\"async\" width=\"640\" height=\"480\" data-id=\"28685\" src=\"https:\/\/www.protect-the-planet.de\/wp-content\/uploads\/2024\/09\/Mittel-Stroessenreuther_Kirch_ProtectThePlanet_MarketingForFuture-4-IMG_3456.jpeg\" alt=\"\" class=\"wp-image-28685\" srcset=\"https:\/\/www.protect-the-planet.de\/wp-content\/uploads\/2024\/09\/Mittel-Stroessenreuther_Kirch_ProtectThePlanet_MarketingForFuture-4-IMG_3456.jpeg 640w, https:\/\/www.protect-the-planet.de\/wp-content\/uploads\/2024\/09\/Mittel-Stroessenreuther_Kirch_ProtectThePlanet_MarketingForFuture-4-IMG_3456-300x225.jpeg 300w\" sizes=\"(max-width: 640px) 100vw, 640px\" \/><\/figure>\n<\/figure>\n","protected":false},"excerpt":{"rendered":"<p>Der WindRat (Protect the Planet) ist mit Bayernwind-Kampagne f\u00fcr Marketing for Future-Award 2024 nominiert und erh\u00e4lt &#8220;lobende Erw\u00e4hnung&#8221;.<\/p>\n","protected":false},"author":6,"featured_media":28682,"comment_status":"closed","ping_status":"closed","sticky":false,"template":"","format":"standard","meta":{"footnotes":""},"categories":[729],"tags":[1300,1301,971,1302,755,779],"class_list":["post-29115","post","type-post","status-publish","format-standard","has-post-thumbnail","hentry","category-news","tag-award-en","tag-bam-award-en","tag-berlin-en","tag-marketing-for-future-en","tag-windkraft-en","tag-windrat-en"],"yoast_head":"<!-- This site is optimized with the Yoast SEO plugin v27.5 - https:\/\/yoast.com\/product\/yoast-seo-wordpress\/ -->\n<title>WindRat nominiert f\u00fcr BAM!-Marketing for Future-Award 2024 - Protect the Planet<\/title>\n<meta name=\"description\" content=\"Der WindRat (Protect the Planet) ist mit Bayernwind-Kampagne f\u00fcr Marketing for Future-Award 2024 nominiert und erh\u00e4lt &quot;lobende Erw\u00e4hnung&quot;.\" \/>\n<meta name=\"robots\" content=\"index, follow, max-snippet:-1, max-image-preview:large, max-video-preview:-1\" \/>\n<link rel=\"canonical\" href=\"https:\/\/www.protect-the-planet.de\/en\/windrat-nominiert-fuer-bam-marketing-for-future-award-2024\/\" \/>\n<meta property=\"og:locale\" content=\"en_US\" \/>\n<meta property=\"og:type\" content=\"article\" \/>\n<meta property=\"og:title\" content=\"WindRat nominiert f\u00fcr BAM!-Marketing for Future-Award 2024 - Protect the Planet\" \/>\n<meta property=\"og:description\" content=\"Der WindRat (Protect the Planet) ist mit Bayernwind-Kampagne f\u00fcr Marketing for Future-Award 2024 nominiert und erh\u00e4lt &quot;lobende Erw\u00e4hnung&quot;.\" \/>\n<meta property=\"og:url\" content=\"https:\/\/www.protect-the-planet.de\/en\/windrat-nominiert-fuer-bam-marketing-for-future-award-2024\/\" \/>\n<meta property=\"og:site_name\" content=\"Protect the Planet\" \/>\n<meta property=\"article:publisher\" content=\"https:\/\/www.facebook.com\/protecttheplanetDE\/\" \/>\n<meta property=\"article:published_time\" content=\"2024-09-30T15:49:06+00:00\" \/>\n<meta property=\"article:modified_time\" content=\"2024-11-14T23:26:57+00:00\" \/>\n<meta property=\"og:image\" content=\"https:\/\/www.protect-the-planet.de\/wp-content\/uploads\/2024\/09\/WindRat-BAM-Award-2024.jpg\" \/>\n\t<meta property=\"og:image:width\" content=\"1640\" \/>\n\t<meta property=\"og:image:height\" content=\"924\" \/>\n\t<meta property=\"og:image:type\" content=\"image\/jpeg\" \/>\n<meta name=\"author\" content=\"Fenya Kirst\" \/>\n<meta name=\"twitter:card\" content=\"summary_large_image\" \/>\n<meta name=\"twitter:creator\" content=\"@PtP_de\" \/>\n<meta name=\"twitter:site\" content=\"@PtP_de\" \/>\n<meta name=\"twitter:label1\" content=\"Written by\" \/>\n\t<meta name=\"twitter:data1\" content=\"Fenya Kirst\" \/>\n\t<meta name=\"twitter:label2\" content=\"Est. reading time\" \/>\n\t<meta name=\"twitter:data2\" content=\"2 minutes\" \/>\n<script type=\"application\/ld+json\" class=\"yoast-schema-graph\">{\"@context\":\"https:\\\/\\\/schema.org\",\"@graph\":[{\"@type\":\"Article\",\"@id\":\"https:\\\/\\\/www.protect-the-planet.de\\\/en\\\/windrat-nominiert-fuer-bam-marketing-for-future-award-2024\\\/#article\",\"isPartOf\":{\"@id\":\"https:\\\/\\\/www.protect-the-planet.de\\\/en\\\/windrat-nominiert-fuer-bam-marketing-for-future-award-2024\\\/\"},\"author\":{\"name\":\"Fenya Kirst\",\"@id\":\"https:\\\/\\\/www.protect-the-planet.de\\\/en\\\/#\\\/schema\\\/person\\\/34a10854efaaf0bf11a3b6fbe966fcd0\"},\"headline\":\"WindRat nominiert f\u00fcr BAM!-Marketing for Future-Award 2024\",\"datePublished\":\"2024-09-30T15:49:06+00:00\",\"dateModified\":\"2024-11-14T23:26:57+00:00\",\"mainEntityOfPage\":{\"@id\":\"https:\\\/\\\/www.protect-the-planet.de\\\/en\\\/windrat-nominiert-fuer-bam-marketing-for-future-award-2024\\\/\"},\"wordCount\":211,\"publisher\":{\"@id\":\"https:\\\/\\\/www.protect-the-planet.de\\\/en\\\/#organization\"},\"image\":{\"@id\":\"https:\\\/\\\/www.protect-the-planet.de\\\/en\\\/windrat-nominiert-fuer-bam-marketing-for-future-award-2024\\\/#primaryimage\"},\"thumbnailUrl\":\"https:\\\/\\\/www.protect-the-planet.de\\\/wp-content\\\/uploads\\\/2024\\\/09\\\/WindRat-BAM-Award-2024.jpg\",\"keywords\":[\"Award\",\"BAM Award\",\"Berlin\",\"Marketing For Future\",\"Windkraft\",\"WindRat\"],\"articleSection\":[\"News\"],\"inLanguage\":\"en-US\"},{\"@type\":\"WebPage\",\"@id\":\"https:\\\/\\\/www.protect-the-planet.de\\\/en\\\/windrat-nominiert-fuer-bam-marketing-for-future-award-2024\\\/\",\"url\":\"https:\\\/\\\/www.protect-the-planet.de\\\/en\\\/windrat-nominiert-fuer-bam-marketing-for-future-award-2024\\\/\",\"name\":\"WindRat nominiert f\u00fcr BAM!-Marketing for Future-Award 2024 - Protect the Planet\",\"isPartOf\":{\"@id\":\"https:\\\/\\\/www.protect-the-planet.de\\\/en\\\/#website\"},\"primaryImageOfPage\":{\"@id\":\"https:\\\/\\\/www.protect-the-planet.de\\\/en\\\/windrat-nominiert-fuer-bam-marketing-for-future-award-2024\\\/#primaryimage\"},\"image\":{\"@id\":\"https:\\\/\\\/www.protect-the-planet.de\\\/en\\\/windrat-nominiert-fuer-bam-marketing-for-future-award-2024\\\/#primaryimage\"},\"thumbnailUrl\":\"https:\\\/\\\/www.protect-the-planet.de\\\/wp-content\\\/uploads\\\/2024\\\/09\\\/WindRat-BAM-Award-2024.jpg\",\"datePublished\":\"2024-09-30T15:49:06+00:00\",\"dateModified\":\"2024-11-14T23:26:57+00:00\",\"description\":\"Der WindRat (Protect the Planet) ist mit Bayernwind-Kampagne f\u00fcr Marketing for Future-Award 2024 nominiert und erh\u00e4lt \\\"lobende Erw\u00e4hnung\\\".\",\"breadcrumb\":{\"@id\":\"https:\\\/\\\/www.protect-the-planet.de\\\/en\\\/windrat-nominiert-fuer-bam-marketing-for-future-award-2024\\\/#breadcrumb\"},\"inLanguage\":\"en-US\",\"potentialAction\":[{\"@type\":\"ReadAction\",\"target\":[\"https:\\\/\\\/www.protect-the-planet.de\\\/en\\\/windrat-nominiert-fuer-bam-marketing-for-future-award-2024\\\/\"]}]},{\"@type\":\"ImageObject\",\"inLanguage\":\"en-US\",\"@id\":\"https:\\\/\\\/www.protect-the-planet.de\\\/en\\\/windrat-nominiert-fuer-bam-marketing-for-future-award-2024\\\/#primaryimage\",\"url\":\"https:\\\/\\\/www.protect-the-planet.de\\\/wp-content\\\/uploads\\\/2024\\\/09\\\/WindRat-BAM-Award-2024.jpg\",\"contentUrl\":\"https:\\\/\\\/www.protect-the-planet.de\\\/wp-content\\\/uploads\\\/2024\\\/09\\\/WindRat-BAM-Award-2024.jpg\",\"width\":1640,\"height\":924},{\"@type\":\"BreadcrumbList\",\"@id\":\"https:\\\/\\\/www.protect-the-planet.de\\\/en\\\/windrat-nominiert-fuer-bam-marketing-for-future-award-2024\\\/#breadcrumb\",\"itemListElement\":[{\"@type\":\"ListItem\",\"position\":1,\"name\":\"Startseite\",\"item\":\"https:\\\/\\\/www.protect-the-planet.de\\\/en\\\/home\\\/\"},{\"@type\":\"ListItem\",\"position\":2,\"name\":\"WindRat nominiert f\u00fcr BAM!-Marketing for Future-Award 2024\"}]},{\"@type\":\"WebSite\",\"@id\":\"https:\\\/\\\/www.protect-the-planet.de\\\/en\\\/#website\",\"url\":\"https:\\\/\\\/www.protect-the-planet.de\\\/en\\\/\",\"name\":\"Protect the Planet\",\"description\":\"If we don&#039;t change, the climate will.\",\"publisher\":{\"@id\":\"https:\\\/\\\/www.protect-the-planet.de\\\/en\\\/#organization\"},\"alternateName\":\"Protect the Panet gGmbH\",\"potentialAction\":[{\"@type\":\"SearchAction\",\"target\":{\"@type\":\"EntryPoint\",\"urlTemplate\":\"https:\\\/\\\/www.protect-the-planet.de\\\/en\\\/?s={search_term_string}\"},\"query-input\":{\"@type\":\"PropertyValueSpecification\",\"valueRequired\":true,\"valueName\":\"search_term_string\"}}],\"inLanguage\":\"en-US\"},{\"@type\":\"Organization\",\"@id\":\"https:\\\/\\\/www.protect-the-planet.de\\\/en\\\/#organization\",\"name\":\"Protect the Planet\",\"url\":\"https:\\\/\\\/www.protect-the-planet.de\\\/en\\\/\",\"logo\":{\"@type\":\"ImageObject\",\"inLanguage\":\"en-US\",\"@id\":\"https:\\\/\\\/www.protect-the-planet.de\\\/en\\\/#\\\/schema\\\/logo\\\/image\\\/\",\"url\":\"https:\\\/\\\/www.protect-the-planet.de\\\/wp-content\\\/uploads\\\/2023\\\/09\\\/LOGO-positiv_transparent-klein.png\",\"contentUrl\":\"https:\\\/\\\/www.protect-the-planet.de\\\/wp-content\\\/uploads\\\/2023\\\/09\\\/LOGO-positiv_transparent-klein.png\",\"width\":123,\"height\":68,\"caption\":\"Protect the Planet\"},\"image\":{\"@id\":\"https:\\\/\\\/www.protect-the-planet.de\\\/en\\\/#\\\/schema\\\/logo\\\/image\\\/\"},\"sameAs\":[\"https:\\\/\\\/www.facebook.com\\\/protecttheplanetDE\\\/\",\"https:\\\/\\\/x.com\\\/PtP_de\",\"https:\\\/\\\/www.instagram.com\\\/protecttheplanetorg\\\/\",\"https:\\\/\\\/www.linkedin.com\\\/company\\\/protect-the-planet\",\"https:\\\/\\\/www.youtube.com\\\/@protecttheplanet\"]},{\"@type\":\"Person\",\"@id\":\"https:\\\/\\\/www.protect-the-planet.de\\\/en\\\/#\\\/schema\\\/person\\\/34a10854efaaf0bf11a3b6fbe966fcd0\",\"name\":\"Fenya Kirst\",\"image\":{\"@type\":\"ImageObject\",\"inLanguage\":\"en-US\",\"@id\":\"https:\\\/\\\/www.protect-the-planet.de\\\/wp-content\\\/uploads\\\/2024\\\/03\\\/cropped-2310_ProtectThePlanet_Portraet-Fenya-quadr-scaled-1-96x96.jpg\",\"url\":\"https:\\\/\\\/www.protect-the-planet.de\\\/wp-content\\\/uploads\\\/2024\\\/03\\\/cropped-2310_ProtectThePlanet_Portraet-Fenya-quadr-scaled-1-96x96.jpg\",\"contentUrl\":\"https:\\\/\\\/www.protect-the-planet.de\\\/wp-content\\\/uploads\\\/2024\\\/03\\\/cropped-2310_ProtectThePlanet_Portraet-Fenya-quadr-scaled-1-96x96.jpg\",\"caption\":\"Fenya Kirst\"},\"description\":\"fenya.kirst@protect-the-planet.de +49 162 9085805\",\"url\":\"https:\\\/\\\/www.protect-the-planet.de\\\/en\\\/author\\\/fenya-kirst\\\/\"}]}<\/script>\n<!-- \/ Yoast SEO plugin. -->","yoast_head_json":{"title":"WindRat nominiert f\u00fcr BAM!-Marketing for Future-Award 2024 - Protect the Planet","description":"Der WindRat (Protect the Planet) ist mit Bayernwind-Kampagne f\u00fcr Marketing for Future-Award 2024 nominiert und erh\u00e4lt \"lobende Erw\u00e4hnung\".","robots":{"index":"index","follow":"follow","max-snippet":"max-snippet:-1","max-image-preview":"max-image-preview:large","max-video-preview":"max-video-preview:-1"},"canonical":"https:\/\/www.protect-the-planet.de\/en\/windrat-nominiert-fuer-bam-marketing-for-future-award-2024\/","og_locale":"en_US","og_type":"article","og_title":"WindRat nominiert f\u00fcr BAM!-Marketing for Future-Award 2024 - Protect the Planet","og_description":"Der WindRat (Protect the Planet) ist mit Bayernwind-Kampagne f\u00fcr Marketing for Future-Award 2024 nominiert und erh\u00e4lt \"lobende Erw\u00e4hnung\".","og_url":"https:\/\/www.protect-the-planet.de\/en\/windrat-nominiert-fuer-bam-marketing-for-future-award-2024\/","og_site_name":"Protect the Planet","article_publisher":"https:\/\/www.facebook.com\/protecttheplanetDE\/","article_published_time":"2024-09-30T15:49:06+00:00","article_modified_time":"2024-11-14T23:26:57+00:00","og_image":[{"width":1640,"height":924,"url":"https:\/\/www.protect-the-planet.de\/wp-content\/uploads\/2024\/09\/WindRat-BAM-Award-2024.jpg","type":"image\/jpeg"}],"author":"Fenya Kirst","twitter_card":"summary_large_image","twitter_creator":"@PtP_de","twitter_site":"@PtP_de","twitter_misc":{"Written by":"Fenya Kirst","Est. reading time":"2 minutes"},"schema":{"@context":"https:\/\/schema.org","@graph":[{"@type":"Article","@id":"https:\/\/www.protect-the-planet.de\/en\/windrat-nominiert-fuer-bam-marketing-for-future-award-2024\/#article","isPartOf":{"@id":"https:\/\/www.protect-the-planet.de\/en\/windrat-nominiert-fuer-bam-marketing-for-future-award-2024\/"},"author":{"name":"Fenya Kirst","@id":"https:\/\/www.protect-the-planet.de\/en\/#\/schema\/person\/34a10854efaaf0bf11a3b6fbe966fcd0"},"headline":"WindRat nominiert f\u00fcr BAM!-Marketing for Future-Award 2024","datePublished":"2024-09-30T15:49:06+00:00","dateModified":"2024-11-14T23:26:57+00:00","mainEntityOfPage":{"@id":"https:\/\/www.protect-the-planet.de\/en\/windrat-nominiert-fuer-bam-marketing-for-future-award-2024\/"},"wordCount":211,"publisher":{"@id":"https:\/\/www.protect-the-planet.de\/en\/#organization"},"image":{"@id":"https:\/\/www.protect-the-planet.de\/en\/windrat-nominiert-fuer-bam-marketing-for-future-award-2024\/#primaryimage"},"thumbnailUrl":"https:\/\/www.protect-the-planet.de\/wp-content\/uploads\/2024\/09\/WindRat-BAM-Award-2024.jpg","keywords":["Award","BAM Award","Berlin","Marketing For Future","Windkraft","WindRat"],"articleSection":["News"],"inLanguage":"en-US"},{"@type":"WebPage","@id":"https:\/\/www.protect-the-planet.de\/en\/windrat-nominiert-fuer-bam-marketing-for-future-award-2024\/","url":"https:\/\/www.protect-the-planet.de\/en\/windrat-nominiert-fuer-bam-marketing-for-future-award-2024\/","name":"WindRat nominiert f\u00fcr BAM!-Marketing for Future-Award 2024 - Protect the Planet","isPartOf":{"@id":"https:\/\/www.protect-the-planet.de\/en\/#website"},"primaryImageOfPage":{"@id":"https:\/\/www.protect-the-planet.de\/en\/windrat-nominiert-fuer-bam-marketing-for-future-award-2024\/#primaryimage"},"image":{"@id":"https:\/\/www.protect-the-planet.de\/en\/windrat-nominiert-fuer-bam-marketing-for-future-award-2024\/#primaryimage"},"thumbnailUrl":"https:\/\/www.protect-the-planet.de\/wp-content\/uploads\/2024\/09\/WindRat-BAM-Award-2024.jpg","datePublished":"2024-09-30T15:49:06+00:00","dateModified":"2024-11-14T23:26:57+00:00","description":"Der WindRat (Protect the Planet) ist mit Bayernwind-Kampagne f\u00fcr Marketing for Future-Award 2024 nominiert und erh\u00e4lt \"lobende Erw\u00e4hnung\".","breadcrumb":{"@id":"https:\/\/www.protect-the-planet.de\/en\/windrat-nominiert-fuer-bam-marketing-for-future-award-2024\/#breadcrumb"},"inLanguage":"en-US","potentialAction":[{"@type":"ReadAction","target":["https:\/\/www.protect-the-planet.de\/en\/windrat-nominiert-fuer-bam-marketing-for-future-award-2024\/"]}]},{"@type":"ImageObject","inLanguage":"en-US","@id":"https:\/\/www.protect-the-planet.de\/en\/windrat-nominiert-fuer-bam-marketing-for-future-award-2024\/#primaryimage","url":"https:\/\/www.protect-the-planet.de\/wp-content\/uploads\/2024\/09\/WindRat-BAM-Award-2024.jpg","contentUrl":"https:\/\/www.protect-the-planet.de\/wp-content\/uploads\/2024\/09\/WindRat-BAM-Award-2024.jpg","width":1640,"height":924},{"@type":"BreadcrumbList","@id":"https:\/\/www.protect-the-planet.de\/en\/windrat-nominiert-fuer-bam-marketing-for-future-award-2024\/#breadcrumb","itemListElement":[{"@type":"ListItem","position":1,"name":"Startseite","item":"https:\/\/www.protect-the-planet.de\/en\/home\/"},{"@type":"ListItem","position":2,"name":"WindRat nominiert f\u00fcr BAM!-Marketing for Future-Award 2024"}]},{"@type":"WebSite","@id":"https:\/\/www.protect-the-planet.de\/en\/#website","url":"https:\/\/www.protect-the-planet.de\/en\/","name":"Protect the Planet","description":"If we don&#039;t change, the climate will.","publisher":{"@id":"https:\/\/www.protect-the-planet.de\/en\/#organization"},"alternateName":"Protect the Panet gGmbH","potentialAction":[{"@type":"SearchAction","target":{"@type":"EntryPoint","urlTemplate":"https:\/\/www.protect-the-planet.de\/en\/?s={search_term_string}"},"query-input":{"@type":"PropertyValueSpecification","valueRequired":true,"valueName":"search_term_string"}}],"inLanguage":"en-US"},{"@type":"Organization","@id":"https:\/\/www.protect-the-planet.de\/en\/#organization","name":"Protect the Planet","url":"https:\/\/www.protect-the-planet.de\/en\/","logo":{"@type":"ImageObject","inLanguage":"en-US","@id":"https:\/\/www.protect-the-planet.de\/en\/#\/schema\/logo\/image\/","url":"https:\/\/www.protect-the-planet.de\/wp-content\/uploads\/2023\/09\/LOGO-positiv_transparent-klein.png","contentUrl":"https:\/\/www.protect-the-planet.de\/wp-content\/uploads\/2023\/09\/LOGO-positiv_transparent-klein.png","width":123,"height":68,"caption":"Protect the Planet"},"image":{"@id":"https:\/\/www.protect-the-planet.de\/en\/#\/schema\/logo\/image\/"},"sameAs":["https:\/\/www.facebook.com\/protecttheplanetDE\/","https:\/\/x.com\/PtP_de","https:\/\/www.instagram.com\/protecttheplanetorg\/","https:\/\/www.linkedin.com\/company\/protect-the-planet","https:\/\/www.youtube.com\/@protecttheplanet"]},{"@type":"Person","@id":"https:\/\/www.protect-the-planet.de\/en\/#\/schema\/person\/34a10854efaaf0bf11a3b6fbe966fcd0","name":"Fenya Kirst","image":{"@type":"ImageObject","inLanguage":"en-US","@id":"https:\/\/www.protect-the-planet.de\/wp-content\/uploads\/2024\/03\/cropped-2310_ProtectThePlanet_Portraet-Fenya-quadr-scaled-1-96x96.jpg","url":"https:\/\/www.protect-the-planet.de\/wp-content\/uploads\/2024\/03\/cropped-2310_ProtectThePlanet_Portraet-Fenya-quadr-scaled-1-96x96.jpg","contentUrl":"https:\/\/www.protect-the-planet.de\/wp-content\/uploads\/2024\/03\/cropped-2310_ProtectThePlanet_Portraet-Fenya-quadr-scaled-1-96x96.jpg","caption":"Fenya Kirst"},"description":"fenya.kirst@protect-the-planet.de +49 162 9085805","url":"https:\/\/www.protect-the-planet.de\/en\/author\/fenya-kirst\/"}]}},"_links":{"self":[{"href":"https:\/\/www.protect-the-planet.de\/en\/wp-json\/wp\/v2\/posts\/29115","targetHints":{"allow":["GET"]}}],"collection":[{"href":"https:\/\/www.protect-the-planet.de\/en\/wp-json\/wp\/v2\/posts"}],"about":[{"href":"https:\/\/www.protect-the-planet.de\/en\/wp-json\/wp\/v2\/types\/post"}],"author":[{"embeddable":true,"href":"https:\/\/www.protect-the-planet.de\/en\/wp-json\/wp\/v2\/users\/6"}],"replies":[{"embeddable":true,"href":"https:\/\/www.protect-the-planet.de\/en\/wp-json\/wp\/v2\/comments?post=29115"}],"version-history":[{"count":0,"href":"https:\/\/www.protect-the-planet.de\/en\/wp-json\/wp\/v2\/posts\/29115\/revisions"}],"wp:featuredmedia":[{"embeddable":true,"href":"https:\/\/www.protect-the-planet.de\/en\/wp-json\/wp\/v2\/media\/28682"}],"wp:attachment":[{"href":"https:\/\/www.protect-the-planet.de\/en\/wp-json\/wp\/v2\/media?parent=29115"}],"wp:term":[{"taxonomy":"category","embeddable":true,"href":"https:\/\/www.protect-the-planet.de\/en\/wp-json\/wp\/v2\/categories?post=29115"},{"taxonomy":"post_tag","embeddable":true,"href":"https:\/\/www.protect-the-planet.de\/en\/wp-json\/wp\/v2\/tags?post=29115"}],"curies":[{"name":"wp","href":"https:\/\/api.w.org\/{rel}","templated":true}]}}