{"id":29080,"date":"2024-10-11T12:59:16","date_gmt":"2024-10-11T10:59:16","guid":{"rendered":"https:\/\/www.protect-the-planet.de\/premiere-in-berlin-urgewald-dokumentarfilm-im-kino\/"},"modified":"2024-10-11T12:59:16","modified_gmt":"2024-10-11T10:59:16","slug":"premiere-in-berlin-urgewald-dokumentarfilm-im-kino","status":"publish","type":"post","link":"https:\/\/www.protect-the-planet.de\/en\/premiere-in-berlin-urgewald-dokumentarfilm-im-kino\/","title":{"rendered":"Premiere in Berlin: urgewald-Dokumentarfilm im Kino"},"content":{"rendered":"\n<p>Ab 9. Oktober feierte der urgewald-Dokumentarfilm im Kant-Kino in Berlin Premiere, mit urgewald-Gr\u00fcnderin Heffa Sch\u00fccking sowie Regisseur Peter Wejdling pers\u00f6nlich als G\u00e4sten auf dem Podium. Nach einem erfolgreichen <a href=\"https:\/\/www.protect-the-planet.de\/en\/preview-zum-neuen-urgewald-dokumentarfilm\/\">Preview-Event<\/a> im Juli in M\u00fcnchen unterst\u00fctzt Protect the Planet gemeinsam mit der <a href=\"https:\/\/www.protect-the-planet.de\/en\/foundation\/\">Sick-Umweltstiftung<\/a> und den <a href=\"http:\/\/ews-schoenau.de\">EWS Sch\u00f6nau<\/a> die Kino-Tour zur Premiere des neuen urgewald-Films. Denn 30 Jahre urgewald \u2013 das muss man feiern, w\u00fcrdigen und weitererz\u00e4hlen.<\/p>\n\n\n\n<p>Das Publikum in Berlin zeigte sich am Premierenabend beeindruckt von der Leidenschaft und dem selbstlosen Einsatz, den das Team von urgewald in ihre Arbeit steckt \u2013 und das schon seit 30 Jahren. Der Film selbst ist ein kraftvolles Werkzeug, um auf die dringenden Herausforderungen  aufmerksam zu machen, vor denen unsere Gesellschaft weltweit heute steht: Menschenrechte, Umweltschutz, Klimakrise.<\/p>\n\n\n\n<p>Wir bedanken uns bei W-Film f\u00fcr die gelungene Premiere und bei der Sick-Umweltstiftung sowie den Kolleg*innen von EWS f\u00fcr die tolle Zusammenarbeit. Wir w\u00fcnschen urgewald und dem Film viel Erfolg und volle Kinokassen und freuen uns darauf, weiterhin gemeinsam f\u00fcr eine nachhaltige Zukunft zu k\u00e4mpfen. <strong>Gemeinsam schaffen wir mehr! <\/strong><\/p>\n\n\n\n<p>Ab 17.10. l\u00e4uft der Film deutschlandweit in den Kinos. Die Premierentour f\u00fchrt uns noch nach Hamburg, K\u00f6ln, Bonn und Freiburg \u2013&nbsp;mehr Infos <a href=\"https:\/\/www.protect-the-planet.de\/kino-tour-urgewald-auf-den-spuren-des-geldes\/\">hier<\/a>.<\/p>\n\n\n\n<h3 class=\"wp-block-heading\"><strong>\u00dcber den urgewald-Dokumentarfilm<\/strong><\/h3>\n\n\n\n<p>Naturzerst\u00f6rung und Missachtung von Menschenrechten \u2013 dahinter stecken oft Gro\u00dfkonzerne und Banken, die auch unser Geld nutzen. <strong>Seit \u00fcber 30 Jahren deckt urgewald solche Finanzstr\u00f6me auf und leistet Widerstand gegen Zerst\u00f6rung und Vertreibung. <\/strong>Protect the Planet-Gr\u00fcnderin Dorothea Sick-Thies verfolgt die Arbeit von urgewald schon seit Jahren und betont:<\/p>\n\n\n\n<blockquote class=\"wp-block-quote is-layout-flow wp-block-quote-is-layout-flow\">\n<p>\u201eurgewald ist in meinen Augen eine der erfolgreichsten Organisationen im Umweltbereich, weil sie es mit den ganz Gro\u00dfen aufnehmen: den Banken. urgewald zeigt, wie viel Geld immer noch in die fossilen Energien gesteckt wird, fossile Energien, die unsere Erde letztendlich zerst\u00f6ren. Das muss endlich aufh\u00f6ren\u201c, so <strong>Dorothea Sick-Thies<\/strong>.<\/p>\n\n\n\n<figure class=\"wp-block-gallery has-nested-images columns-default is-cropped wp-block-gallery-1 is-layout-flex wp-block-gallery-is-layout-flex\">\n<figure class=\"wp-block-image size-large\"><img fetchpriority=\"high\" decoding=\"async\" width=\"1024\" height=\"682\" data-id=\"28807\" src=\"https:\/\/www.protect-the-planet.de\/wp-content\/uploads\/2024\/10\/2024-10-09-Urgewald-Premiere-Berlin-4_klein-1024x682.jpeg\" alt=\"\" class=\"wp-image-28807\" srcset=\"https:\/\/www.protect-the-planet.de\/wp-content\/uploads\/2024\/10\/2024-10-09-Urgewald-Premiere-Berlin-4_klein-1024x682.jpeg 1024w, https:\/\/www.protect-the-planet.de\/wp-content\/uploads\/2024\/10\/2024-10-09-Urgewald-Premiere-Berlin-4_klein-300x200.jpeg 300w, https:\/\/www.protect-the-planet.de\/wp-content\/uploads\/2024\/10\/2024-10-09-Urgewald-Premiere-Berlin-4_klein-768x512.jpeg 768w, https:\/\/www.protect-the-planet.de\/wp-content\/uploads\/2024\/10\/2024-10-09-Urgewald-Premiere-Berlin-4_klein.jpeg 1280w\" sizes=\"(max-width: 1024px) 100vw, 1024px\" \/><\/figure>\n\n\n\n<figure class=\"wp-block-image size-large\"><img decoding=\"async\" width=\"1024\" height=\"682\" data-id=\"28814\" src=\"https:\/\/www.protect-the-planet.de\/wp-content\/uploads\/2024\/10\/2024-10-09-Urgewald-Premiere-Berlin-6_klein-1024x682.jpeg\" alt=\"\" class=\"wp-image-28814\" srcset=\"https:\/\/www.protect-the-planet.de\/wp-content\/uploads\/2024\/10\/2024-10-09-Urgewald-Premiere-Berlin-6_klein-1024x682.jpeg 1024w, https:\/\/www.protect-the-planet.de\/wp-content\/uploads\/2024\/10\/2024-10-09-Urgewald-Premiere-Berlin-6_klein-300x200.jpeg 300w, https:\/\/www.protect-the-planet.de\/wp-content\/uploads\/2024\/10\/2024-10-09-Urgewald-Premiere-Berlin-6_klein-768x512.jpeg 768w, https:\/\/www.protect-the-planet.de\/wp-content\/uploads\/2024\/10\/2024-10-09-Urgewald-Premiere-Berlin-6_klein.jpeg 1280w\" sizes=\"(max-width: 1024px) 100vw, 1024px\" \/><\/figure>\n\n\n\n<figure class=\"wp-block-image size-large\"><img decoding=\"async\" width=\"1024\" height=\"682\" data-id=\"28819\" src=\"https:\/\/www.protect-the-planet.de\/wp-content\/uploads\/2024\/10\/2024-10-09-Urgewald-Premiere-Berlin-7_klein-1024x682.jpeg\" alt=\"\" class=\"wp-image-28819\" srcset=\"https:\/\/www.protect-the-planet.de\/wp-content\/uploads\/2024\/10\/2024-10-09-Urgewald-Premiere-Berlin-7_klein-1024x682.jpeg 1024w, https:\/\/www.protect-the-planet.de\/wp-content\/uploads\/2024\/10\/2024-10-09-Urgewald-Premiere-Berlin-7_klein-300x200.jpeg 300w, https:\/\/www.protect-the-planet.de\/wp-content\/uploads\/2024\/10\/2024-10-09-Urgewald-Premiere-Berlin-7_klein-768x512.jpeg 768w, https:\/\/www.protect-the-planet.de\/wp-content\/uploads\/2024\/10\/2024-10-09-Urgewald-Premiere-Berlin-7_klein.jpeg 1280w\" sizes=\"(max-width: 1024px) 100vw, 1024px\" \/><\/figure>\n\n\n\n<figure class=\"wp-block-image size-large\"><img loading=\"lazy\" decoding=\"async\" width=\"1024\" height=\"682\" data-id=\"28809\" src=\"https:\/\/www.protect-the-planet.de\/wp-content\/uploads\/2024\/10\/2024-10-09-Urgewald-Premiere-Berlin-9_klein-1024x682.jpeg\" alt=\"\" class=\"wp-image-28809\" srcset=\"https:\/\/www.protect-the-planet.de\/wp-content\/uploads\/2024\/10\/2024-10-09-Urgewald-Premiere-Berlin-9_klein-1024x682.jpeg 1024w, https:\/\/www.protect-the-planet.de\/wp-content\/uploads\/2024\/10\/2024-10-09-Urgewald-Premiere-Berlin-9_klein-300x200.jpeg 300w, https:\/\/www.protect-the-planet.de\/wp-content\/uploads\/2024\/10\/2024-10-09-Urgewald-Premiere-Berlin-9_klein-768x512.jpeg 768w, https:\/\/www.protect-the-planet.de\/wp-content\/uploads\/2024\/10\/2024-10-09-Urgewald-Premiere-Berlin-9_klein.jpeg 1280w\" sizes=\"(max-width: 1024px) 100vw, 1024px\" \/><\/figure>\n\n\n\n<figure class=\"wp-block-image size-large\"><img loading=\"lazy\" decoding=\"async\" width=\"1024\" height=\"682\" data-id=\"28821\" src=\"https:\/\/www.protect-the-planet.de\/wp-content\/uploads\/2024\/10\/2024-10-09-Urgewald-Premiere-Berlin-10_klein-1024x682.jpeg\" alt=\"\" class=\"wp-image-28821\" srcset=\"https:\/\/www.protect-the-planet.de\/wp-content\/uploads\/2024\/10\/2024-10-09-Urgewald-Premiere-Berlin-10_klein-1024x682.jpeg 1024w, https:\/\/www.protect-the-planet.de\/wp-content\/uploads\/2024\/10\/2024-10-09-Urgewald-Premiere-Berlin-10_klein-300x200.jpeg 300w, https:\/\/www.protect-the-planet.de\/wp-content\/uploads\/2024\/10\/2024-10-09-Urgewald-Premiere-Berlin-10_klein-768x512.jpeg 768w, https:\/\/www.protect-the-planet.de\/wp-content\/uploads\/2024\/10\/2024-10-09-Urgewald-Premiere-Berlin-10_klein.jpeg 1280w\" sizes=\"(max-width: 1024px) 100vw, 1024px\" \/><\/figure>\n\n\n\n<figure class=\"wp-block-image size-large\"><img loading=\"lazy\" decoding=\"async\" width=\"682\" height=\"1024\" data-id=\"28816\" src=\"https:\/\/www.protect-the-planet.de\/wp-content\/uploads\/2024\/10\/2024-10-09-Urgewald-Premiere-Berlin-12_klein-682x1024.jpeg\" alt=\"\" class=\"wp-image-28816\" srcset=\"https:\/\/www.protect-the-planet.de\/wp-content\/uploads\/2024\/10\/2024-10-09-Urgewald-Premiere-Berlin-12_klein-682x1024.jpeg 682w, https:\/\/www.protect-the-planet.de\/wp-content\/uploads\/2024\/10\/2024-10-09-Urgewald-Premiere-Berlin-12_klein-200x300.jpeg 200w, https:\/\/www.protect-the-planet.de\/wp-content\/uploads\/2024\/10\/2024-10-09-Urgewald-Premiere-Berlin-12_klein-768x1152.jpeg 768w, https:\/\/www.protect-the-planet.de\/wp-content\/uploads\/2024\/10\/2024-10-09-Urgewald-Premiere-Berlin-12_klein.jpeg 853w\" sizes=\"(max-width: 682px) 100vw, 682px\" \/><\/figure>\n\n\n\n<figure class=\"wp-block-image size-large\"><img loading=\"lazy\" decoding=\"async\" width=\"1024\" height=\"682\" data-id=\"28811\" src=\"https:\/\/www.protect-the-planet.de\/wp-content\/uploads\/2024\/10\/2024-10-09-Urgewald-Premiere-Berlin-13_klein-1024x682.jpeg\" alt=\"\" class=\"wp-image-28811\" srcset=\"https:\/\/www.protect-the-planet.de\/wp-content\/uploads\/2024\/10\/2024-10-09-Urgewald-Premiere-Berlin-13_klein-1024x682.jpeg 1024w, https:\/\/www.protect-the-planet.de\/wp-content\/uploads\/2024\/10\/2024-10-09-Urgewald-Premiere-Berlin-13_klein-300x200.jpeg 300w, https:\/\/www.protect-the-planet.de\/wp-content\/uploads\/2024\/10\/2024-10-09-Urgewald-Premiere-Berlin-13_klein-768x512.jpeg 768w, https:\/\/www.protect-the-planet.de\/wp-content\/uploads\/2024\/10\/2024-10-09-Urgewald-Premiere-Berlin-13_klein.jpeg 1280w\" sizes=\"(max-width: 1024px) 100vw, 1024px\" \/><\/figure>\n\n\n\n<figure class=\"wp-block-image size-large\"><img loading=\"lazy\" decoding=\"async\" width=\"1024\" height=\"682\" data-id=\"28813\" src=\"https:\/\/www.protect-the-planet.de\/wp-content\/uploads\/2024\/10\/2024-10-09-Urgewald-Premiere-Berlin-14_klein-1024x682.jpeg\" alt=\"\" class=\"wp-image-28813\" srcset=\"https:\/\/www.protect-the-planet.de\/wp-content\/uploads\/2024\/10\/2024-10-09-Urgewald-Premiere-Berlin-14_klein-1024x682.jpeg 1024w, https:\/\/www.protect-the-planet.de\/wp-content\/uploads\/2024\/10\/2024-10-09-Urgewald-Premiere-Berlin-14_klein-300x200.jpeg 300w, https:\/\/www.protect-the-planet.de\/wp-content\/uploads\/2024\/10\/2024-10-09-Urgewald-Premiere-Berlin-14_klein-768x512.jpeg 768w, https:\/\/www.protect-the-planet.de\/wp-content\/uploads\/2024\/10\/2024-10-09-Urgewald-Premiere-Berlin-14_klein.jpeg 1280w\" sizes=\"(max-width: 1024px) 100vw, 1024px\" \/><\/figure>\n<\/figure>\n<\/blockquote>\n","protected":false},"excerpt":{"rendered":"<p>Ab 9. Oktober feierte der urgewald-Dokumentarfilm im Kant-Kino in Berlin Premiere, mit urgewald-Gr\u00fcnderin Heffa Sch\u00fccking sowie Regisseur Peter Wejdling pers\u00f6nlich als G\u00e4sten auf dem Podium. Nach einem erfolgreichen Preview-Event im Juli in M\u00fcnchen unterst\u00fctzt Protect the Planet gemeinsam mit der Sick-Umweltstiftung und den EWS Sch\u00f6nau die Kino-Tour zur Premiere des neuen urgewald-Films. Denn 30 Jahre [&hellip;]<\/p>\n","protected":false},"author":6,"featured_media":28825,"comment_status":"closed","ping_status":"closed","sticky":false,"template":"","format":"standard","meta":{"footnotes":""},"categories":[729],"tags":[720,710,927,1101],"class_list":["post-29080","post","type-post","status-publish","format-standard","has-post-thumbnail","hentry","category-news","tag-dokumentarfilm-en","tag-klimaschutz-en","tag-protect-the-planet-en","tag-urgewald-en"],"yoast_head":"<!-- This site is optimized with the Yoast SEO plugin v27.5 - https:\/\/yoast.com\/product\/yoast-seo-wordpress\/ -->\n<title>Premiere in Berlin: urgewald-Dokumentarfilm im Kino - Protect the Planet<\/title>\n<meta name=\"robots\" content=\"index, follow, max-snippet:-1, max-image-preview:large, max-video-preview:-1\" \/>\n<link rel=\"canonical\" href=\"https:\/\/www.protect-the-planet.de\/en\/premiere-in-berlin-urgewald-dokumentarfilm-im-kino\/\" \/>\n<meta property=\"og:locale\" content=\"en_US\" \/>\n<meta property=\"og:type\" content=\"article\" \/>\n<meta property=\"og:title\" content=\"Premiere in Berlin: urgewald-Dokumentarfilm im Kino - Protect the Planet\" \/>\n<meta property=\"og:description\" content=\"Ab 9. Oktober feierte der urgewald-Dokumentarfilm im Kant-Kino in Berlin Premiere, mit urgewald-Gr\u00fcnderin Heffa Sch\u00fccking sowie Regisseur Peter Wejdling pers\u00f6nlich als G\u00e4sten auf dem Podium. Nach einem erfolgreichen Preview-Event im Juli in M\u00fcnchen unterst\u00fctzt Protect the Planet gemeinsam mit der Sick-Umweltstiftung und den EWS Sch\u00f6nau die Kino-Tour zur Premiere des neuen urgewald-Films. Denn 30 Jahre [&hellip;]\" \/>\n<meta property=\"og:url\" content=\"https:\/\/www.protect-the-planet.de\/en\/premiere-in-berlin-urgewald-dokumentarfilm-im-kino\/\" \/>\n<meta property=\"og:site_name\" content=\"Protect the Planet\" \/>\n<meta property=\"article:publisher\" content=\"https:\/\/www.facebook.com\/protecttheplanetDE\/\" \/>\n<meta property=\"article:published_time\" content=\"2024-10-11T10:59:16+00:00\" \/>\n<meta property=\"og:image\" content=\"https:\/\/www.protect-the-planet.de\/wp-content\/uploads\/2024\/10\/2024-10-09-Urgewald-Premiere-Berlin-4_klein.jpeg\" \/>\n\t<meta property=\"og:image:width\" content=\"1280\" \/>\n\t<meta property=\"og:image:height\" content=\"853\" \/>\n\t<meta property=\"og:image:type\" content=\"image\/jpeg\" \/>\n<meta name=\"author\" content=\"Fenya Kirst\" \/>\n<meta name=\"twitter:card\" content=\"summary_large_image\" \/>\n<meta name=\"twitter:creator\" content=\"@PtP_de\" \/>\n<meta name=\"twitter:site\" content=\"@PtP_de\" \/>\n<meta name=\"twitter:label1\" content=\"Written by\" \/>\n\t<meta name=\"twitter:data1\" content=\"Fenya Kirst\" \/>\n\t<meta name=\"twitter:label2\" content=\"Est. reading time\" \/>\n\t<meta name=\"twitter:data2\" content=\"2 minutes\" \/>\n<script type=\"application\/ld+json\" class=\"yoast-schema-graph\">{\"@context\":\"https:\\\/\\\/schema.org\",\"@graph\":[{\"@type\":\"Article\",\"@id\":\"https:\\\/\\\/www.protect-the-planet.de\\\/en\\\/premiere-in-berlin-urgewald-dokumentarfilm-im-kino\\\/#article\",\"isPartOf\":{\"@id\":\"https:\\\/\\\/www.protect-the-planet.de\\\/en\\\/premiere-in-berlin-urgewald-dokumentarfilm-im-kino\\\/\"},\"author\":{\"name\":\"Fenya Kirst\",\"@id\":\"https:\\\/\\\/www.protect-the-planet.de\\\/en\\\/#\\\/schema\\\/person\\\/34a10854efaaf0bf11a3b6fbe966fcd0\"},\"headline\":\"Premiere in Berlin: urgewald-Dokumentarfilm im Kino\",\"datePublished\":\"2024-10-11T10:59:16+00:00\",\"mainEntityOfPage\":{\"@id\":\"https:\\\/\\\/www.protect-the-planet.de\\\/en\\\/premiere-in-berlin-urgewald-dokumentarfilm-im-kino\\\/\"},\"wordCount\":317,\"publisher\":{\"@id\":\"https:\\\/\\\/www.protect-the-planet.de\\\/en\\\/#organization\"},\"image\":{\"@id\":\"https:\\\/\\\/www.protect-the-planet.de\\\/en\\\/premiere-in-berlin-urgewald-dokumentarfilm-im-kino\\\/#primaryimage\"},\"thumbnailUrl\":\"https:\\\/\\\/www.protect-the-planet.de\\\/wp-content\\\/uploads\\\/2024\\\/10\\\/news_urgewald-premiere-09.10.2024.jpg\",\"keywords\":[\"Dokumentarfilm\",\"Klimaschutz\",\"Protect the Planet\",\"urgewald\"],\"articleSection\":[\"News\"],\"inLanguage\":\"en-US\"},{\"@type\":\"WebPage\",\"@id\":\"https:\\\/\\\/www.protect-the-planet.de\\\/en\\\/premiere-in-berlin-urgewald-dokumentarfilm-im-kino\\\/\",\"url\":\"https:\\\/\\\/www.protect-the-planet.de\\\/en\\\/premiere-in-berlin-urgewald-dokumentarfilm-im-kino\\\/\",\"name\":\"Premiere in Berlin: urgewald-Dokumentarfilm im Kino - Protect the Planet\",\"isPartOf\":{\"@id\":\"https:\\\/\\\/www.protect-the-planet.de\\\/en\\\/#website\"},\"primaryImageOfPage\":{\"@id\":\"https:\\\/\\\/www.protect-the-planet.de\\\/en\\\/premiere-in-berlin-urgewald-dokumentarfilm-im-kino\\\/#primaryimage\"},\"image\":{\"@id\":\"https:\\\/\\\/www.protect-the-planet.de\\\/en\\\/premiere-in-berlin-urgewald-dokumentarfilm-im-kino\\\/#primaryimage\"},\"thumbnailUrl\":\"https:\\\/\\\/www.protect-the-planet.de\\\/wp-content\\\/uploads\\\/2024\\\/10\\\/news_urgewald-premiere-09.10.2024.jpg\",\"datePublished\":\"2024-10-11T10:59:16+00:00\",\"breadcrumb\":{\"@id\":\"https:\\\/\\\/www.protect-the-planet.de\\\/en\\\/premiere-in-berlin-urgewald-dokumentarfilm-im-kino\\\/#breadcrumb\"},\"inLanguage\":\"en-US\",\"potentialAction\":[{\"@type\":\"ReadAction\",\"target\":[\"https:\\\/\\\/www.protect-the-planet.de\\\/en\\\/premiere-in-berlin-urgewald-dokumentarfilm-im-kino\\\/\"]}]},{\"@type\":\"ImageObject\",\"inLanguage\":\"en-US\",\"@id\":\"https:\\\/\\\/www.protect-the-planet.de\\\/en\\\/premiere-in-berlin-urgewald-dokumentarfilm-im-kino\\\/#primaryimage\",\"url\":\"https:\\\/\\\/www.protect-the-planet.de\\\/wp-content\\\/uploads\\\/2024\\\/10\\\/news_urgewald-premiere-09.10.2024.jpg\",\"contentUrl\":\"https:\\\/\\\/www.protect-the-planet.de\\\/wp-content\\\/uploads\\\/2024\\\/10\\\/news_urgewald-premiere-09.10.2024.jpg\",\"width\":900,\"height\":550,\"caption\":\"Sechs Personen stehen im Kino-Foyer vor dem Plakat des neuen urgewald-dokumentarfilm. Von links nach rechts: Bernward Geier, Fenya Kirst, Jana Balter, Peter Wejdling, Heffa Sch\u00fccking, Stephan Winkler\"},{\"@type\":\"BreadcrumbList\",\"@id\":\"https:\\\/\\\/www.protect-the-planet.de\\\/en\\\/premiere-in-berlin-urgewald-dokumentarfilm-im-kino\\\/#breadcrumb\",\"itemListElement\":[{\"@type\":\"ListItem\",\"position\":1,\"name\":\"Startseite\",\"item\":\"https:\\\/\\\/www.protect-the-planet.de\\\/en\\\/home\\\/\"},{\"@type\":\"ListItem\",\"position\":2,\"name\":\"Premiere in Berlin: urgewald-Dokumentarfilm im Kino\"}]},{\"@type\":\"WebSite\",\"@id\":\"https:\\\/\\\/www.protect-the-planet.de\\\/en\\\/#website\",\"url\":\"https:\\\/\\\/www.protect-the-planet.de\\\/en\\\/\",\"name\":\"Protect the Planet\",\"description\":\"If we don&#039;t change, the climate will.\",\"publisher\":{\"@id\":\"https:\\\/\\\/www.protect-the-planet.de\\\/en\\\/#organization\"},\"alternateName\":\"Protect the Panet gGmbH\",\"potentialAction\":[{\"@type\":\"SearchAction\",\"target\":{\"@type\":\"EntryPoint\",\"urlTemplate\":\"https:\\\/\\\/www.protect-the-planet.de\\\/en\\\/?s={search_term_string}\"},\"query-input\":{\"@type\":\"PropertyValueSpecification\",\"valueRequired\":true,\"valueName\":\"search_term_string\"}}],\"inLanguage\":\"en-US\"},{\"@type\":\"Organization\",\"@id\":\"https:\\\/\\\/www.protect-the-planet.de\\\/en\\\/#organization\",\"name\":\"Protect the Planet\",\"url\":\"https:\\\/\\\/www.protect-the-planet.de\\\/en\\\/\",\"logo\":{\"@type\":\"ImageObject\",\"inLanguage\":\"en-US\",\"@id\":\"https:\\\/\\\/www.protect-the-planet.de\\\/en\\\/#\\\/schema\\\/logo\\\/image\\\/\",\"url\":\"https:\\\/\\\/www.protect-the-planet.de\\\/wp-content\\\/uploads\\\/2023\\\/09\\\/LOGO-positiv_transparent-klein.png\",\"contentUrl\":\"https:\\\/\\\/www.protect-the-planet.de\\\/wp-content\\\/uploads\\\/2023\\\/09\\\/LOGO-positiv_transparent-klein.png\",\"width\":123,\"height\":68,\"caption\":\"Protect the Planet\"},\"image\":{\"@id\":\"https:\\\/\\\/www.protect-the-planet.de\\\/en\\\/#\\\/schema\\\/logo\\\/image\\\/\"},\"sameAs\":[\"https:\\\/\\\/www.facebook.com\\\/protecttheplanetDE\\\/\",\"https:\\\/\\\/x.com\\\/PtP_de\",\"https:\\\/\\\/www.instagram.com\\\/protecttheplanetorg\\\/\",\"https:\\\/\\\/www.linkedin.com\\\/company\\\/protect-the-planet\",\"https:\\\/\\\/www.youtube.com\\\/@protecttheplanet\"]},{\"@type\":\"Person\",\"@id\":\"https:\\\/\\\/www.protect-the-planet.de\\\/en\\\/#\\\/schema\\\/person\\\/34a10854efaaf0bf11a3b6fbe966fcd0\",\"name\":\"Fenya Kirst\",\"image\":{\"@type\":\"ImageObject\",\"inLanguage\":\"en-US\",\"@id\":\"https:\\\/\\\/www.protect-the-planet.de\\\/wp-content\\\/uploads\\\/2024\\\/03\\\/cropped-2310_ProtectThePlanet_Portraet-Fenya-quadr-scaled-1-96x96.jpg\",\"url\":\"https:\\\/\\\/www.protect-the-planet.de\\\/wp-content\\\/uploads\\\/2024\\\/03\\\/cropped-2310_ProtectThePlanet_Portraet-Fenya-quadr-scaled-1-96x96.jpg\",\"contentUrl\":\"https:\\\/\\\/www.protect-the-planet.de\\\/wp-content\\\/uploads\\\/2024\\\/03\\\/cropped-2310_ProtectThePlanet_Portraet-Fenya-quadr-scaled-1-96x96.jpg\",\"caption\":\"Fenya Kirst\"},\"description\":\"fenya.kirst@protect-the-planet.de +49 162 9085805\",\"url\":\"https:\\\/\\\/www.protect-the-planet.de\\\/en\\\/author\\\/fenya-kirst\\\/\"}]}<\/script>\n<!-- \/ Yoast SEO plugin. -->","yoast_head_json":{"title":"Premiere in Berlin: urgewald-Dokumentarfilm im Kino - Protect the Planet","robots":{"index":"index","follow":"follow","max-snippet":"max-snippet:-1","max-image-preview":"max-image-preview:large","max-video-preview":"max-video-preview:-1"},"canonical":"https:\/\/www.protect-the-planet.de\/en\/premiere-in-berlin-urgewald-dokumentarfilm-im-kino\/","og_locale":"en_US","og_type":"article","og_title":"Premiere in Berlin: urgewald-Dokumentarfilm im Kino - Protect the Planet","og_description":"Ab 9. Oktober feierte der urgewald-Dokumentarfilm im Kant-Kino in Berlin Premiere, mit urgewald-Gr\u00fcnderin Heffa Sch\u00fccking sowie Regisseur Peter Wejdling pers\u00f6nlich als G\u00e4sten auf dem Podium. Nach einem erfolgreichen Preview-Event im Juli in M\u00fcnchen unterst\u00fctzt Protect the Planet gemeinsam mit der Sick-Umweltstiftung und den EWS Sch\u00f6nau die Kino-Tour zur Premiere des neuen urgewald-Films. Denn 30 Jahre [&hellip;]","og_url":"https:\/\/www.protect-the-planet.de\/en\/premiere-in-berlin-urgewald-dokumentarfilm-im-kino\/","og_site_name":"Protect the Planet","article_publisher":"https:\/\/www.facebook.com\/protecttheplanetDE\/","article_published_time":"2024-10-11T10:59:16+00:00","og_image":[{"width":1280,"height":853,"url":"https:\/\/www.protect-the-planet.de\/wp-content\/uploads\/2024\/10\/2024-10-09-Urgewald-Premiere-Berlin-4_klein.jpeg","type":"image\/jpeg"}],"author":"Fenya Kirst","twitter_card":"summary_large_image","twitter_creator":"@PtP_de","twitter_site":"@PtP_de","twitter_misc":{"Written by":"Fenya Kirst","Est. reading time":"2 minutes"},"schema":{"@context":"https:\/\/schema.org","@graph":[{"@type":"Article","@id":"https:\/\/www.protect-the-planet.de\/en\/premiere-in-berlin-urgewald-dokumentarfilm-im-kino\/#article","isPartOf":{"@id":"https:\/\/www.protect-the-planet.de\/en\/premiere-in-berlin-urgewald-dokumentarfilm-im-kino\/"},"author":{"name":"Fenya Kirst","@id":"https:\/\/www.protect-the-planet.de\/en\/#\/schema\/person\/34a10854efaaf0bf11a3b6fbe966fcd0"},"headline":"Premiere in Berlin: urgewald-Dokumentarfilm im Kino","datePublished":"2024-10-11T10:59:16+00:00","mainEntityOfPage":{"@id":"https:\/\/www.protect-the-planet.de\/en\/premiere-in-berlin-urgewald-dokumentarfilm-im-kino\/"},"wordCount":317,"publisher":{"@id":"https:\/\/www.protect-the-planet.de\/en\/#organization"},"image":{"@id":"https:\/\/www.protect-the-planet.de\/en\/premiere-in-berlin-urgewald-dokumentarfilm-im-kino\/#primaryimage"},"thumbnailUrl":"https:\/\/www.protect-the-planet.de\/wp-content\/uploads\/2024\/10\/news_urgewald-premiere-09.10.2024.jpg","keywords":["Dokumentarfilm","Klimaschutz","Protect the Planet","urgewald"],"articleSection":["News"],"inLanguage":"en-US"},{"@type":"WebPage","@id":"https:\/\/www.protect-the-planet.de\/en\/premiere-in-berlin-urgewald-dokumentarfilm-im-kino\/","url":"https:\/\/www.protect-the-planet.de\/en\/premiere-in-berlin-urgewald-dokumentarfilm-im-kino\/","name":"Premiere in Berlin: urgewald-Dokumentarfilm im Kino - Protect the Planet","isPartOf":{"@id":"https:\/\/www.protect-the-planet.de\/en\/#website"},"primaryImageOfPage":{"@id":"https:\/\/www.protect-the-planet.de\/en\/premiere-in-berlin-urgewald-dokumentarfilm-im-kino\/#primaryimage"},"image":{"@id":"https:\/\/www.protect-the-planet.de\/en\/premiere-in-berlin-urgewald-dokumentarfilm-im-kino\/#primaryimage"},"thumbnailUrl":"https:\/\/www.protect-the-planet.de\/wp-content\/uploads\/2024\/10\/news_urgewald-premiere-09.10.2024.jpg","datePublished":"2024-10-11T10:59:16+00:00","breadcrumb":{"@id":"https:\/\/www.protect-the-planet.de\/en\/premiere-in-berlin-urgewald-dokumentarfilm-im-kino\/#breadcrumb"},"inLanguage":"en-US","potentialAction":[{"@type":"ReadAction","target":["https:\/\/www.protect-the-planet.de\/en\/premiere-in-berlin-urgewald-dokumentarfilm-im-kino\/"]}]},{"@type":"ImageObject","inLanguage":"en-US","@id":"https:\/\/www.protect-the-planet.de\/en\/premiere-in-berlin-urgewald-dokumentarfilm-im-kino\/#primaryimage","url":"https:\/\/www.protect-the-planet.de\/wp-content\/uploads\/2024\/10\/news_urgewald-premiere-09.10.2024.jpg","contentUrl":"https:\/\/www.protect-the-planet.de\/wp-content\/uploads\/2024\/10\/news_urgewald-premiere-09.10.2024.jpg","width":900,"height":550,"caption":"Sechs Personen stehen im Kino-Foyer vor dem Plakat des neuen urgewald-dokumentarfilm. Von links nach rechts: Bernward Geier, Fenya Kirst, Jana Balter, Peter Wejdling, Heffa Sch\u00fccking, Stephan Winkler"},{"@type":"BreadcrumbList","@id":"https:\/\/www.protect-the-planet.de\/en\/premiere-in-berlin-urgewald-dokumentarfilm-im-kino\/#breadcrumb","itemListElement":[{"@type":"ListItem","position":1,"name":"Startseite","item":"https:\/\/www.protect-the-planet.de\/en\/home\/"},{"@type":"ListItem","position":2,"name":"Premiere in Berlin: urgewald-Dokumentarfilm im Kino"}]},{"@type":"WebSite","@id":"https:\/\/www.protect-the-planet.de\/en\/#website","url":"https:\/\/www.protect-the-planet.de\/en\/","name":"Protect the Planet","description":"If we don&#039;t change, the climate will.","publisher":{"@id":"https:\/\/www.protect-the-planet.de\/en\/#organization"},"alternateName":"Protect the Panet gGmbH","potentialAction":[{"@type":"SearchAction","target":{"@type":"EntryPoint","urlTemplate":"https:\/\/www.protect-the-planet.de\/en\/?s={search_term_string}"},"query-input":{"@type":"PropertyValueSpecification","valueRequired":true,"valueName":"search_term_string"}}],"inLanguage":"en-US"},{"@type":"Organization","@id":"https:\/\/www.protect-the-planet.de\/en\/#organization","name":"Protect the Planet","url":"https:\/\/www.protect-the-planet.de\/en\/","logo":{"@type":"ImageObject","inLanguage":"en-US","@id":"https:\/\/www.protect-the-planet.de\/en\/#\/schema\/logo\/image\/","url":"https:\/\/www.protect-the-planet.de\/wp-content\/uploads\/2023\/09\/LOGO-positiv_transparent-klein.png","contentUrl":"https:\/\/www.protect-the-planet.de\/wp-content\/uploads\/2023\/09\/LOGO-positiv_transparent-klein.png","width":123,"height":68,"caption":"Protect the Planet"},"image":{"@id":"https:\/\/www.protect-the-planet.de\/en\/#\/schema\/logo\/image\/"},"sameAs":["https:\/\/www.facebook.com\/protecttheplanetDE\/","https:\/\/x.com\/PtP_de","https:\/\/www.instagram.com\/protecttheplanetorg\/","https:\/\/www.linkedin.com\/company\/protect-the-planet","https:\/\/www.youtube.com\/@protecttheplanet"]},{"@type":"Person","@id":"https:\/\/www.protect-the-planet.de\/en\/#\/schema\/person\/34a10854efaaf0bf11a3b6fbe966fcd0","name":"Fenya Kirst","image":{"@type":"ImageObject","inLanguage":"en-US","@id":"https:\/\/www.protect-the-planet.de\/wp-content\/uploads\/2024\/03\/cropped-2310_ProtectThePlanet_Portraet-Fenya-quadr-scaled-1-96x96.jpg","url":"https:\/\/www.protect-the-planet.de\/wp-content\/uploads\/2024\/03\/cropped-2310_ProtectThePlanet_Portraet-Fenya-quadr-scaled-1-96x96.jpg","contentUrl":"https:\/\/www.protect-the-planet.de\/wp-content\/uploads\/2024\/03\/cropped-2310_ProtectThePlanet_Portraet-Fenya-quadr-scaled-1-96x96.jpg","caption":"Fenya Kirst"},"description":"fenya.kirst@protect-the-planet.de +49 162 9085805","url":"https:\/\/www.protect-the-planet.de\/en\/author\/fenya-kirst\/"}]}},"_links":{"self":[{"href":"https:\/\/www.protect-the-planet.de\/en\/wp-json\/wp\/v2\/posts\/29080","targetHints":{"allow":["GET"]}}],"collection":[{"href":"https:\/\/www.protect-the-planet.de\/en\/wp-json\/wp\/v2\/posts"}],"about":[{"href":"https:\/\/www.protect-the-planet.de\/en\/wp-json\/wp\/v2\/types\/post"}],"author":[{"embeddable":true,"href":"https:\/\/www.protect-the-planet.de\/en\/wp-json\/wp\/v2\/users\/6"}],"replies":[{"embeddable":true,"href":"https:\/\/www.protect-the-planet.de\/en\/wp-json\/wp\/v2\/comments?post=29080"}],"version-history":[{"count":0,"href":"https:\/\/www.protect-the-planet.de\/en\/wp-json\/wp\/v2\/posts\/29080\/revisions"}],"wp:featuredmedia":[{"embeddable":true,"href":"https:\/\/www.protect-the-planet.de\/en\/wp-json\/wp\/v2\/media\/28825"}],"wp:attachment":[{"href":"https:\/\/www.protect-the-planet.de\/en\/wp-json\/wp\/v2\/media?parent=29080"}],"wp:term":[{"taxonomy":"category","embeddable":true,"href":"https:\/\/www.protect-the-planet.de\/en\/wp-json\/wp\/v2\/categories?post=29080"},{"taxonomy":"post_tag","embeddable":true,"href":"https:\/\/www.protect-the-planet.de\/en\/wp-json\/wp\/v2\/tags?post=29080"}],"curies":[{"name":"wp","href":"https:\/\/api.w.org\/{rel}","templated":true}]}}