{"id":28390,"date":"2024-08-23T09:36:23","date_gmt":"2024-08-23T07:36:23","guid":{"rendered":"https:\/\/www.protect-the-planet.de\/umfrage-zu-landtagswahl-in-thueringen-2024\/"},"modified":"2024-10-25T12:20:07","modified_gmt":"2024-10-25T10:20:07","slug":"umfrage-zu-landtagswahl-in-thueringen-2024","status":"publish","type":"post","link":"https:\/\/www.protect-the-planet.de\/en\/umfrage-zu-landtagswahl-in-thueringen-2024\/","title":{"rendered":"Umfrage zu Landtagswahl in Th\u00fcringen: Konservativen W\u00e4hlern sind Heimat und Wirtschaft eher egal."},"content":{"rendered":"\n<p><strong>M\u00fcnchen\/Erfurt, 23. August 2024 \u2013\u00a0<\/strong>Eine neue repr\u00e4sentative Umfrage des bundesweiten Netzwerks <a href=\"https:\/\/www.protect-the-planet.de\/en\/windrat-wind-alliance\/\">WindRat<\/a> \u2013 einem Projekt von Protect the Planet \u2013 zur Landtagswahl in Th\u00fcringen zeigt, dass ausgerechnet den W\u00e4hlerinnen und W\u00e4hlern der konservativen Parteien (CDU, AfD und FDP) die Sicherung des Wirtschaftsstandorts und preiswerte Strompreise durch Windkraftausbau kaum wichtig sind. Den notwendigen Ausbau von Windenergie traut ein gro\u00dfer Teil der Th\u00fcringer generell keiner Partei so richtig zu \u2013 und nur jeder zweite ist wegen der drohenden Folgen der Klimakrise besorgt um die Th\u00fcringer Lebensqualit\u00e4t, unter AfD-W\u00e4hlern zeigen sich sogar 78 % sorglos.<\/p>\n\n\n\n<h2 class=\"wp-block-heading\"><strong>Einem Gro\u00dfteil der W\u00e4hler ist der Wirtschaftsstandort Th\u00fcringen nicht wichtig<\/strong><\/h2>\n\n\n\n<p>Laut der Umfrage sind einem Gro\u00dfteil der W\u00e4hler der CDU, FDP und AfD der Ausbau der Windenergie f\u00fcr den Wirtschaftsstandort Th\u00fcringen weitestgehend egal: Nur 43 % (CDU), 11 % (AfD) und 4 % (FDP) finden diesen Aspekt wichtig. Und das, obwohl Windkraft die regionale Wirtschaft entscheidend st\u00e4rken k\u00f6nnte, wie die Th\u00fcringer Energie- und GreenTech-Agentur (ThEGA) mit der aktuellen&nbsp;<a href=\"https:\/\/www.thega.de\/themen\/erneuerbare-energien\/windenergie-in-thueringen\/\">Kampagne &#8220;Bundesland Nr. 1<\/a>&#8221; anschaulich zeigt.<\/p>\n\n\n\n<p>Auch preiswerter Strom f\u00fcr Wirtschaft und Haushalte scheint f\u00fcr die W\u00e4hler b\u00fcrgerlicher Parteien unwichtig zu sein. Dagegen halten die W\u00e4hler von Linke, SPD und Gr\u00fcne den Ausbau der Windenergie f\u00fcr preiswerten Strom und den Standort Th\u00fcringen zu 81 bis 95 % f\u00fcr wichtige Aufgaben der neuen Landesregierung.<\/p>\n\n\n\n<p>Peter Keller, Projektmanager des WindRat, ist \u00fcber die Ergebnisse \u00fcberrascht:<\/p>\n\n\n\n<blockquote class=\"wp-block-quote is-layout-flow wp-block-quote-is-layout-flow\">\n<p>\u201eIch h\u00e4tte nie gedacht, dass gerade den W\u00e4hlern konservativer Parteien der Ausbau der Windenergie f\u00fcr den Wirtschaftsstandort Th\u00fcringen deutlich unwichtiger ist als den W\u00e4hlern anderer Parteien. Es bleibt f\u00fcr die langfristige Zukunftssicherung Th\u00fcringens zu hoffen, dass die W\u00e4hler von Linken, SPD und Gr\u00fcnen ihrem Anliegen, die Windenergie f\u00fcr preiswerten Strom und Standortsicherung st\u00e4rker auszubauen, politisch Geh\u00f6r verschaffen.\u201c, so&nbsp;<strong>Peter Keller<\/strong>.<\/p>\n<\/blockquote>\n\n\n\n<h2 class=\"wp-block-heading\"><strong>Jeder zweite W\u00e4hler traut keiner Partei den Windkraftausbau zu<\/strong><\/h2>\n\n\n\n<p>42 % der Befragten gaben an, dass sie keiner der etablierten Parteien generell einen Ausbau der Windenergie in Th\u00fcringen zutrauen, der den Wirtschaftsstandort erh\u00e4lt und st\u00e4rkt. Mit 19 % sind die Gr\u00fcnen noch die Partei, der die meisten W\u00e4hler den Windausbau zutrauen, gefolgt von der CDU mit 17 %.<\/p>\n\n\n\n<p>Selbst unter den CDU-W\u00e4hler trauen ihrer eigenen Partei den Windkraftausbau nur 46% zu \u2013 und nur 27 % der AfD-W\u00e4hler glauben an einen Windausbau zur St\u00e4rkung der heimischen Wirtschaft durch die AfD. Dahingegen haben 91 % der Gr\u00fcnen-W\u00e4hler Vertrauen darauf, dass ihre pr\u00e4ferierte Partei den Windkraftausbau zugunsten der Wirtschaft voranbringen w\u00fcrde.<\/p>\n\n\n\n<blockquote class=\"wp-block-quote is-layout-flow wp-block-quote-is-layout-flow\">\n<p><strong>Markus Raschke<\/strong>, Gesch\u00e4ftsf\u00fchrer der NGO Protect the Planet, die hinter dem WindRat steht, zeigt sich erschrocken: \u201eFast jeder zweite W\u00e4hler traut generell keiner Partei zu, die Windenergie in Th\u00fcringen auszubauen. Auch Werte unter 20% f\u00fcr Gr\u00fcne und CDU sind nicht zufriedenstellend, schon gar nicht bei der CDU mit der ihr zugeschriebenen Wirtschaftskompetenz.\u201c<\/p>\n<\/blockquote>\n\n\n\n<blockquote class=\"wp-block-quote is-layout-flow wp-block-quote-is-layout-flow\">\n<p>WindRat-Manager&nbsp;<strong>Peter Keller<\/strong>&nbsp;f\u00fcgt hinzu: \u201eDie Tatsache, dass 42 % der Befragten keine politische Partei f\u00fcr besonders kompetent in Bezug auf den Ausbau erneuerbarer Energien h\u00e4lt, ist ein alarmierendes Signal und zeigt, dass Parteien in diesem Bereich Antworten geben m\u00fcssen, um das Vertrauen der W\u00e4hler*innen zu gewinnen.\u201d<\/p>\n<\/blockquote>\n\n\n\n<h2 class=\"wp-block-heading\"><strong>Nur einer von f\u00fcnf AfD-W\u00e4hlern sorgt sich um seine Heimat<\/strong><\/h2>\n\n\n\n<p>Erg\u00e4nzend offenbart die Befragung: Den AfD-W\u00e4hlern ist ihre Heimat weitestgehend egal. Nur einer von f\u00fcnf W\u00e4hlern sorgt sich um die Lebensqualit\u00e4t in Th\u00fcringen aufgrund des Klimawandels mit Hitze, D\u00fcrre und Waldsterben. Die W\u00e4hler anderer Parteien sorgen sich um 53 bis 100 % um die Th\u00fcringer Lebensqualit\u00e4t.&nbsp;<\/p>\n\n\n\n<h3 class=\"wp-block-heading\">\u00dcber die Umfrage<\/h3>\n\n\n\n<ul class=\"wp-block-list\">\n<li>In Auftrag gegeben von dem bundesweiten,\u00a0\u00fcberparteilichen Netzwerk WindRat\u00a0<\/li>\n\n\n\n<li>Repr\u00e4sentative Stichprobe von 1.000 B\u00fcrgerinnen und B\u00fcrgern.<\/li>\n\n\n\n<li>Durchgef\u00fchrt zwischen dem 26.07. und 09.08.2024\u00a0<\/li>\n<\/ul>\n\n\n\n<p>Die Umfrage konzentriert sich auf die Wichtigkeit des Windausbaus f\u00fcr preiswerte Strompreise und Standortsicherung in Th\u00fcringen und das Zutrauen in die Parteien, diesen Ausbau zu stemmen. Erg\u00e4nzend wurden auch die Sorgen der Th\u00fcringer \u00fcber den Klimawandel mit seinen Extremen wie Hitze, D\u00fcrre und Starkregen und seinen Auswirkungen auf die Lebensqualit\u00e4t in Th\u00fcringen abgefragt.<\/p>\n\n\n\n<p>Die Ergebnisse bieten Politiker*innen, Interessengruppen und der \u00d6ffentlichkeit wertvolle Einblicke in die Meinungen der B\u00fcrger*innen kurz vor den Landtagswahlen in Th\u00fcringen am 1. September 2024.&nbsp;<\/p>\n\n\n\n<h3 class=\"wp-block-heading\"><strong>Weitere Links<\/strong><\/h3>\n\n\n\n<ul class=\"wp-block-list\">\n<li><a href=\"https:\/\/wind-rat.de\/wp-content\/uploads\/WindRat_Auswertung-Civey-Windumfrage-Thueringen-zur-LTW-2024.pdf\">Ausf\u00fchrliche Pr\u00e4sentation mit den Ergebnissen zum Download (PDF)<\/a><\/li>\n\n\n\n<li><a href=\"https:\/\/wind-rat.de\/wp-content\/uploads\/240809_WindRat_Rohdaten-Umfrage-Windkraft-in-Thueringen_LTW-2024.xlsx\">Rohdaten der Umfrage von Civey zum Download (Excel)<\/a><\/li>\n\n\n\n<li><a href=\"https:\/\/www.thega.de\/themen\/erneuerbare-energien\/windenergie-in-thueringen\/\">&#8220;Bundesland Nr. 1&#8221;-Windkampagne der ThEGA, in Kooperation mit dem WindRat<\/a><br><a href=\"https:\/\/www.youtube.com\/playlist?list=PL6ivZD2Z0Vba8QJglHWQLmEyOb2q0vEnv\"><\/a><\/li>\n\n\n\n<li><a href=\"https:\/\/www.youtube.com\/playlist?list=PL6ivZD2Z0Vba8QJglHWQLmEyOb2q0vEnv\">&#8220;Bayern vs. Th\u00fcringen&#8221;-Video-Clipps auf YouTube<\/a><\/li>\n<\/ul>\n","protected":false},"excerpt":{"rendered":"<p>M\u00fcnchen\/Erfurt, 23. August 2024 \u2013\u00a0Eine neue repr\u00e4sentative Umfrage des bundesweiten Netzwerks WindRat \u2013 einem Projekt von Protect the Planet \u2013 zur Landtagswahl in Th\u00fcringen zeigt, dass ausgerechnet den W\u00e4hlerinnen und W\u00e4hlern der konservativen Parteien (CDU, AfD und FDP) die Sicherung des Wirtschaftsstandorts und preiswerte Strompreise durch Windkraftausbau kaum wichtig sind. Den notwendigen Ausbau von Windenergie [&hellip;]<\/p>\n","protected":false},"author":6,"featured_media":28163,"comment_status":"closed","ping_status":"closed","sticky":false,"template":"","format":"standard","meta":{"footnotes":""},"categories":[729,730],"tags":[1256,800,1257,1258,1259,754,755,779,1260],"class_list":["post-28390","post","type-post","status-publish","format-standard","has-post-thumbnail","hentry","category-news","category-pressemitteilungen-en","tag-2024-en","tag-energiewende-en","tag-landtagswahl-en","tag-landtagswahl-thueringen-2024-en","tag-thueringen-en","tag-windenergie-en","tag-windkraft-en","tag-windrat-en","tag-windwende-en"],"yoast_head":"<!-- This site is optimized with the Yoast SEO plugin v27.5 - https:\/\/yoast.com\/product\/yoast-seo-wordpress\/ -->\n<title>Umfrage zu Landtagswahl in Th\u00fcringen: Konservativen W\u00e4hlern sind Heimat und Wirtschaft eher egal. - Protect the Planet<\/title>\n<meta name=\"description\" content=\"Umfrage zur Landtagswahl Th\u00fcringen: W\u00e4hlern der konservativen Parteien ist Sicherung des Wirtschaftsstandorts durch Windkraft kaum wichtig.\" \/>\n<meta name=\"robots\" content=\"index, follow, max-snippet:-1, max-image-preview:large, max-video-preview:-1\" \/>\n<link rel=\"canonical\" href=\"https:\/\/www.protect-the-planet.de\/en\/umfrage-zu-landtagswahl-in-thueringen-2024\/\" \/>\n<meta property=\"og:locale\" content=\"en_US\" \/>\n<meta property=\"og:type\" content=\"article\" \/>\n<meta property=\"og:title\" content=\"Umfrage zu Landtagswahl in Th\u00fcringen: Konservativen W\u00e4hlern sind Heimat und Wirtschaft eher egal. - Protect the Planet\" \/>\n<meta property=\"og:description\" content=\"Umfrage zur Landtagswahl Th\u00fcringen: W\u00e4hlern der konservativen Parteien ist Sicherung des Wirtschaftsstandorts durch Windkraft kaum wichtig.\" \/>\n<meta property=\"og:url\" content=\"https:\/\/www.protect-the-planet.de\/en\/umfrage-zu-landtagswahl-in-thueringen-2024\/\" \/>\n<meta property=\"og:site_name\" content=\"Protect the Planet\" \/>\n<meta property=\"article:publisher\" content=\"https:\/\/www.facebook.com\/protecttheplanetDE\/\" \/>\n<meta property=\"article:published_time\" content=\"2024-08-23T07:36:23+00:00\" \/>\n<meta property=\"article:modified_time\" content=\"2024-10-25T10:20:07+00:00\" \/>\n<meta property=\"og:image\" content=\"https:\/\/www.protect-the-planet.de\/wp-content\/uploads\/2024\/08\/Civey-Umfrage-Thueringen-2024-PtP-News.jpg\" \/>\n\t<meta property=\"og:image:width\" content=\"900\" \/>\n\t<meta property=\"og:image:height\" content=\"550\" \/>\n\t<meta property=\"og:image:type\" content=\"image\/jpeg\" \/>\n<meta name=\"author\" content=\"Fenya Kirst\" \/>\n<meta name=\"twitter:card\" content=\"summary_large_image\" \/>\n<meta name=\"twitter:creator\" content=\"@PtP_de\" \/>\n<meta name=\"twitter:site\" content=\"@PtP_de\" \/>\n<meta name=\"twitter:label1\" content=\"Written by\" \/>\n\t<meta name=\"twitter:data1\" content=\"Fenya Kirst\" \/>\n\t<meta name=\"twitter:label2\" content=\"Est. reading time\" \/>\n\t<meta name=\"twitter:data2\" content=\"4 minutes\" \/>\n<script type=\"application\/ld+json\" class=\"yoast-schema-graph\">{\"@context\":\"https:\\\/\\\/schema.org\",\"@graph\":[{\"@type\":\"Article\",\"@id\":\"https:\\\/\\\/www.protect-the-planet.de\\\/en\\\/umfrage-zu-landtagswahl-in-thueringen-2024\\\/#article\",\"isPartOf\":{\"@id\":\"https:\\\/\\\/www.protect-the-planet.de\\\/en\\\/umfrage-zu-landtagswahl-in-thueringen-2024\\\/\"},\"author\":{\"name\":\"Fenya Kirst\",\"@id\":\"https:\\\/\\\/www.protect-the-planet.de\\\/en\\\/#\\\/schema\\\/person\\\/34a10854efaaf0bf11a3b6fbe966fcd0\"},\"headline\":\"Umfrage zu Landtagswahl in Th\u00fcringen: Konservativen W\u00e4hlern sind Heimat und Wirtschaft eher egal.\",\"datePublished\":\"2024-08-23T07:36:23+00:00\",\"dateModified\":\"2024-10-25T10:20:07+00:00\",\"mainEntityOfPage\":{\"@id\":\"https:\\\/\\\/www.protect-the-planet.de\\\/en\\\/umfrage-zu-landtagswahl-in-thueringen-2024\\\/\"},\"wordCount\":762,\"publisher\":{\"@id\":\"https:\\\/\\\/www.protect-the-planet.de\\\/en\\\/#organization\"},\"image\":{\"@id\":\"https:\\\/\\\/www.protect-the-planet.de\\\/en\\\/umfrage-zu-landtagswahl-in-thueringen-2024\\\/#primaryimage\"},\"thumbnailUrl\":\"https:\\\/\\\/www.protect-the-planet.de\\\/wp-content\\\/uploads\\\/2024\\\/08\\\/Civey-Umfrage-Thueringen-2024-PtP-News.jpg\",\"keywords\":[\"2024\",\"Energiewende\",\"Landtagswahl\",\"Landtagswahl Th\u00fcringen 2024\",\"Th\u00fcringen\",\"Windenergie\",\"Windkraft\",\"WindRat\",\"Windwende\"],\"articleSection\":[\"News\",\"Pressemitteilungen\"],\"inLanguage\":\"en-US\"},{\"@type\":\"WebPage\",\"@id\":\"https:\\\/\\\/www.protect-the-planet.de\\\/en\\\/umfrage-zu-landtagswahl-in-thueringen-2024\\\/\",\"url\":\"https:\\\/\\\/www.protect-the-planet.de\\\/en\\\/umfrage-zu-landtagswahl-in-thueringen-2024\\\/\",\"name\":\"Umfrage zu Landtagswahl in Th\u00fcringen: Konservativen W\u00e4hlern sind Heimat und Wirtschaft eher egal. - Protect the Planet\",\"isPartOf\":{\"@id\":\"https:\\\/\\\/www.protect-the-planet.de\\\/en\\\/#website\"},\"primaryImageOfPage\":{\"@id\":\"https:\\\/\\\/www.protect-the-planet.de\\\/en\\\/umfrage-zu-landtagswahl-in-thueringen-2024\\\/#primaryimage\"},\"image\":{\"@id\":\"https:\\\/\\\/www.protect-the-planet.de\\\/en\\\/umfrage-zu-landtagswahl-in-thueringen-2024\\\/#primaryimage\"},\"thumbnailUrl\":\"https:\\\/\\\/www.protect-the-planet.de\\\/wp-content\\\/uploads\\\/2024\\\/08\\\/Civey-Umfrage-Thueringen-2024-PtP-News.jpg\",\"datePublished\":\"2024-08-23T07:36:23+00:00\",\"dateModified\":\"2024-10-25T10:20:07+00:00\",\"description\":\"Umfrage zur Landtagswahl Th\u00fcringen: W\u00e4hlern der konservativen Parteien ist Sicherung des Wirtschaftsstandorts durch Windkraft kaum wichtig.\",\"breadcrumb\":{\"@id\":\"https:\\\/\\\/www.protect-the-planet.de\\\/en\\\/umfrage-zu-landtagswahl-in-thueringen-2024\\\/#breadcrumb\"},\"inLanguage\":\"en-US\",\"potentialAction\":[{\"@type\":\"ReadAction\",\"target\":[\"https:\\\/\\\/www.protect-the-planet.de\\\/en\\\/umfrage-zu-landtagswahl-in-thueringen-2024\\\/\"]}]},{\"@type\":\"ImageObject\",\"inLanguage\":\"en-US\",\"@id\":\"https:\\\/\\\/www.protect-the-planet.de\\\/en\\\/umfrage-zu-landtagswahl-in-thueringen-2024\\\/#primaryimage\",\"url\":\"https:\\\/\\\/www.protect-the-planet.de\\\/wp-content\\\/uploads\\\/2024\\\/08\\\/Civey-Umfrage-Thueringen-2024-PtP-News.jpg\",\"contentUrl\":\"https:\\\/\\\/www.protect-the-planet.de\\\/wp-content\\\/uploads\\\/2024\\\/08\\\/Civey-Umfrage-Thueringen-2024-PtP-News.jpg\",\"width\":900,\"height\":550},{\"@type\":\"BreadcrumbList\",\"@id\":\"https:\\\/\\\/www.protect-the-planet.de\\\/en\\\/umfrage-zu-landtagswahl-in-thueringen-2024\\\/#breadcrumb\",\"itemListElement\":[{\"@type\":\"ListItem\",\"position\":1,\"name\":\"Startseite\",\"item\":\"https:\\\/\\\/www.protect-the-planet.de\\\/en\\\/home\\\/\"},{\"@type\":\"ListItem\",\"position\":2,\"name\":\"Umfrage zu Landtagswahl in Th\u00fcringen: Konservativen W\u00e4hlern sind Heimat und Wirtschaft eher egal.\"}]},{\"@type\":\"WebSite\",\"@id\":\"https:\\\/\\\/www.protect-the-planet.de\\\/en\\\/#website\",\"url\":\"https:\\\/\\\/www.protect-the-planet.de\\\/en\\\/\",\"name\":\"Protect the Planet\",\"description\":\"If we don&#039;t change, the climate will.\",\"publisher\":{\"@id\":\"https:\\\/\\\/www.protect-the-planet.de\\\/en\\\/#organization\"},\"alternateName\":\"Protect the Panet gGmbH\",\"potentialAction\":[{\"@type\":\"SearchAction\",\"target\":{\"@type\":\"EntryPoint\",\"urlTemplate\":\"https:\\\/\\\/www.protect-the-planet.de\\\/en\\\/?s={search_term_string}\"},\"query-input\":{\"@type\":\"PropertyValueSpecification\",\"valueRequired\":true,\"valueName\":\"search_term_string\"}}],\"inLanguage\":\"en-US\"},{\"@type\":\"Organization\",\"@id\":\"https:\\\/\\\/www.protect-the-planet.de\\\/en\\\/#organization\",\"name\":\"Protect the Planet\",\"url\":\"https:\\\/\\\/www.protect-the-planet.de\\\/en\\\/\",\"logo\":{\"@type\":\"ImageObject\",\"inLanguage\":\"en-US\",\"@id\":\"https:\\\/\\\/www.protect-the-planet.de\\\/en\\\/#\\\/schema\\\/logo\\\/image\\\/\",\"url\":\"https:\\\/\\\/www.protect-the-planet.de\\\/wp-content\\\/uploads\\\/2023\\\/09\\\/LOGO-positiv_transparent-klein.png\",\"contentUrl\":\"https:\\\/\\\/www.protect-the-planet.de\\\/wp-content\\\/uploads\\\/2023\\\/09\\\/LOGO-positiv_transparent-klein.png\",\"width\":123,\"height\":68,\"caption\":\"Protect the Planet\"},\"image\":{\"@id\":\"https:\\\/\\\/www.protect-the-planet.de\\\/en\\\/#\\\/schema\\\/logo\\\/image\\\/\"},\"sameAs\":[\"https:\\\/\\\/www.facebook.com\\\/protecttheplanetDE\\\/\",\"https:\\\/\\\/x.com\\\/PtP_de\",\"https:\\\/\\\/www.instagram.com\\\/protecttheplanetorg\\\/\",\"https:\\\/\\\/www.linkedin.com\\\/company\\\/protect-the-planet\",\"https:\\\/\\\/www.youtube.com\\\/@protecttheplanet\"]},{\"@type\":\"Person\",\"@id\":\"https:\\\/\\\/www.protect-the-planet.de\\\/en\\\/#\\\/schema\\\/person\\\/34a10854efaaf0bf11a3b6fbe966fcd0\",\"name\":\"Fenya Kirst\",\"image\":{\"@type\":\"ImageObject\",\"inLanguage\":\"en-US\",\"@id\":\"https:\\\/\\\/www.protect-the-planet.de\\\/wp-content\\\/uploads\\\/2024\\\/03\\\/cropped-2310_ProtectThePlanet_Portraet-Fenya-quadr-scaled-1-96x96.jpg\",\"url\":\"https:\\\/\\\/www.protect-the-planet.de\\\/wp-content\\\/uploads\\\/2024\\\/03\\\/cropped-2310_ProtectThePlanet_Portraet-Fenya-quadr-scaled-1-96x96.jpg\",\"contentUrl\":\"https:\\\/\\\/www.protect-the-planet.de\\\/wp-content\\\/uploads\\\/2024\\\/03\\\/cropped-2310_ProtectThePlanet_Portraet-Fenya-quadr-scaled-1-96x96.jpg\",\"caption\":\"Fenya Kirst\"},\"description\":\"fenya.kirst@protect-the-planet.de +49 162 9085805\",\"url\":\"https:\\\/\\\/www.protect-the-planet.de\\\/en\\\/author\\\/fenya-kirst\\\/\"}]}<\/script>\n<!-- \/ Yoast SEO plugin. -->","yoast_head_json":{"title":"Umfrage zu Landtagswahl in Th\u00fcringen: Konservativen W\u00e4hlern sind Heimat und Wirtschaft eher egal. - Protect the Planet","description":"Umfrage zur Landtagswahl Th\u00fcringen: W\u00e4hlern der konservativen Parteien ist Sicherung des Wirtschaftsstandorts durch Windkraft kaum wichtig.","robots":{"index":"index","follow":"follow","max-snippet":"max-snippet:-1","max-image-preview":"max-image-preview:large","max-video-preview":"max-video-preview:-1"},"canonical":"https:\/\/www.protect-the-planet.de\/en\/umfrage-zu-landtagswahl-in-thueringen-2024\/","og_locale":"en_US","og_type":"article","og_title":"Umfrage zu Landtagswahl in Th\u00fcringen: Konservativen W\u00e4hlern sind Heimat und Wirtschaft eher egal. - Protect the Planet","og_description":"Umfrage zur Landtagswahl Th\u00fcringen: W\u00e4hlern der konservativen Parteien ist Sicherung des Wirtschaftsstandorts durch Windkraft kaum wichtig.","og_url":"https:\/\/www.protect-the-planet.de\/en\/umfrage-zu-landtagswahl-in-thueringen-2024\/","og_site_name":"Protect the Planet","article_publisher":"https:\/\/www.facebook.com\/protecttheplanetDE\/","article_published_time":"2024-08-23T07:36:23+00:00","article_modified_time":"2024-10-25T10:20:07+00:00","og_image":[{"width":900,"height":550,"url":"https:\/\/www.protect-the-planet.de\/wp-content\/uploads\/2024\/08\/Civey-Umfrage-Thueringen-2024-PtP-News.jpg","type":"image\/jpeg"}],"author":"Fenya Kirst","twitter_card":"summary_large_image","twitter_creator":"@PtP_de","twitter_site":"@PtP_de","twitter_misc":{"Written by":"Fenya Kirst","Est. reading time":"4 minutes"},"schema":{"@context":"https:\/\/schema.org","@graph":[{"@type":"Article","@id":"https:\/\/www.protect-the-planet.de\/en\/umfrage-zu-landtagswahl-in-thueringen-2024\/#article","isPartOf":{"@id":"https:\/\/www.protect-the-planet.de\/en\/umfrage-zu-landtagswahl-in-thueringen-2024\/"},"author":{"name":"Fenya Kirst","@id":"https:\/\/www.protect-the-planet.de\/en\/#\/schema\/person\/34a10854efaaf0bf11a3b6fbe966fcd0"},"headline":"Umfrage zu Landtagswahl in Th\u00fcringen: Konservativen W\u00e4hlern sind Heimat und Wirtschaft eher egal.","datePublished":"2024-08-23T07:36:23+00:00","dateModified":"2024-10-25T10:20:07+00:00","mainEntityOfPage":{"@id":"https:\/\/www.protect-the-planet.de\/en\/umfrage-zu-landtagswahl-in-thueringen-2024\/"},"wordCount":762,"publisher":{"@id":"https:\/\/www.protect-the-planet.de\/en\/#organization"},"image":{"@id":"https:\/\/www.protect-the-planet.de\/en\/umfrage-zu-landtagswahl-in-thueringen-2024\/#primaryimage"},"thumbnailUrl":"https:\/\/www.protect-the-planet.de\/wp-content\/uploads\/2024\/08\/Civey-Umfrage-Thueringen-2024-PtP-News.jpg","keywords":["2024","Energiewende","Landtagswahl","Landtagswahl Th\u00fcringen 2024","Th\u00fcringen","Windenergie","Windkraft","WindRat","Windwende"],"articleSection":["News","Pressemitteilungen"],"inLanguage":"en-US"},{"@type":"WebPage","@id":"https:\/\/www.protect-the-planet.de\/en\/umfrage-zu-landtagswahl-in-thueringen-2024\/","url":"https:\/\/www.protect-the-planet.de\/en\/umfrage-zu-landtagswahl-in-thueringen-2024\/","name":"Umfrage zu Landtagswahl in Th\u00fcringen: Konservativen W\u00e4hlern sind Heimat und Wirtschaft eher egal. - Protect the Planet","isPartOf":{"@id":"https:\/\/www.protect-the-planet.de\/en\/#website"},"primaryImageOfPage":{"@id":"https:\/\/www.protect-the-planet.de\/en\/umfrage-zu-landtagswahl-in-thueringen-2024\/#primaryimage"},"image":{"@id":"https:\/\/www.protect-the-planet.de\/en\/umfrage-zu-landtagswahl-in-thueringen-2024\/#primaryimage"},"thumbnailUrl":"https:\/\/www.protect-the-planet.de\/wp-content\/uploads\/2024\/08\/Civey-Umfrage-Thueringen-2024-PtP-News.jpg","datePublished":"2024-08-23T07:36:23+00:00","dateModified":"2024-10-25T10:20:07+00:00","description":"Umfrage zur Landtagswahl Th\u00fcringen: W\u00e4hlern der konservativen Parteien ist Sicherung des Wirtschaftsstandorts durch Windkraft kaum wichtig.","breadcrumb":{"@id":"https:\/\/www.protect-the-planet.de\/en\/umfrage-zu-landtagswahl-in-thueringen-2024\/#breadcrumb"},"inLanguage":"en-US","potentialAction":[{"@type":"ReadAction","target":["https:\/\/www.protect-the-planet.de\/en\/umfrage-zu-landtagswahl-in-thueringen-2024\/"]}]},{"@type":"ImageObject","inLanguage":"en-US","@id":"https:\/\/www.protect-the-planet.de\/en\/umfrage-zu-landtagswahl-in-thueringen-2024\/#primaryimage","url":"https:\/\/www.protect-the-planet.de\/wp-content\/uploads\/2024\/08\/Civey-Umfrage-Thueringen-2024-PtP-News.jpg","contentUrl":"https:\/\/www.protect-the-planet.de\/wp-content\/uploads\/2024\/08\/Civey-Umfrage-Thueringen-2024-PtP-News.jpg","width":900,"height":550},{"@type":"BreadcrumbList","@id":"https:\/\/www.protect-the-planet.de\/en\/umfrage-zu-landtagswahl-in-thueringen-2024\/#breadcrumb","itemListElement":[{"@type":"ListItem","position":1,"name":"Startseite","item":"https:\/\/www.protect-the-planet.de\/en\/home\/"},{"@type":"ListItem","position":2,"name":"Umfrage zu Landtagswahl in Th\u00fcringen: Konservativen W\u00e4hlern sind Heimat und Wirtschaft eher egal."}]},{"@type":"WebSite","@id":"https:\/\/www.protect-the-planet.de\/en\/#website","url":"https:\/\/www.protect-the-planet.de\/en\/","name":"Protect the Planet","description":"If we don&#039;t change, the climate will.","publisher":{"@id":"https:\/\/www.protect-the-planet.de\/en\/#organization"},"alternateName":"Protect the Panet gGmbH","potentialAction":[{"@type":"SearchAction","target":{"@type":"EntryPoint","urlTemplate":"https:\/\/www.protect-the-planet.de\/en\/?s={search_term_string}"},"query-input":{"@type":"PropertyValueSpecification","valueRequired":true,"valueName":"search_term_string"}}],"inLanguage":"en-US"},{"@type":"Organization","@id":"https:\/\/www.protect-the-planet.de\/en\/#organization","name":"Protect the Planet","url":"https:\/\/www.protect-the-planet.de\/en\/","logo":{"@type":"ImageObject","inLanguage":"en-US","@id":"https:\/\/www.protect-the-planet.de\/en\/#\/schema\/logo\/image\/","url":"https:\/\/www.protect-the-planet.de\/wp-content\/uploads\/2023\/09\/LOGO-positiv_transparent-klein.png","contentUrl":"https:\/\/www.protect-the-planet.de\/wp-content\/uploads\/2023\/09\/LOGO-positiv_transparent-klein.png","width":123,"height":68,"caption":"Protect the Planet"},"image":{"@id":"https:\/\/www.protect-the-planet.de\/en\/#\/schema\/logo\/image\/"},"sameAs":["https:\/\/www.facebook.com\/protecttheplanetDE\/","https:\/\/x.com\/PtP_de","https:\/\/www.instagram.com\/protecttheplanetorg\/","https:\/\/www.linkedin.com\/company\/protect-the-planet","https:\/\/www.youtube.com\/@protecttheplanet"]},{"@type":"Person","@id":"https:\/\/www.protect-the-planet.de\/en\/#\/schema\/person\/34a10854efaaf0bf11a3b6fbe966fcd0","name":"Fenya Kirst","image":{"@type":"ImageObject","inLanguage":"en-US","@id":"https:\/\/www.protect-the-planet.de\/wp-content\/uploads\/2024\/03\/cropped-2310_ProtectThePlanet_Portraet-Fenya-quadr-scaled-1-96x96.jpg","url":"https:\/\/www.protect-the-planet.de\/wp-content\/uploads\/2024\/03\/cropped-2310_ProtectThePlanet_Portraet-Fenya-quadr-scaled-1-96x96.jpg","contentUrl":"https:\/\/www.protect-the-planet.de\/wp-content\/uploads\/2024\/03\/cropped-2310_ProtectThePlanet_Portraet-Fenya-quadr-scaled-1-96x96.jpg","caption":"Fenya Kirst"},"description":"fenya.kirst@protect-the-planet.de +49 162 9085805","url":"https:\/\/www.protect-the-planet.de\/en\/author\/fenya-kirst\/"}]}},"_links":{"self":[{"href":"https:\/\/www.protect-the-planet.de\/en\/wp-json\/wp\/v2\/posts\/28390","targetHints":{"allow":["GET"]}}],"collection":[{"href":"https:\/\/www.protect-the-planet.de\/en\/wp-json\/wp\/v2\/posts"}],"about":[{"href":"https:\/\/www.protect-the-planet.de\/en\/wp-json\/wp\/v2\/types\/post"}],"author":[{"embeddable":true,"href":"https:\/\/www.protect-the-planet.de\/en\/wp-json\/wp\/v2\/users\/6"}],"replies":[{"embeddable":true,"href":"https:\/\/www.protect-the-planet.de\/en\/wp-json\/wp\/v2\/comments?post=28390"}],"version-history":[{"count":0,"href":"https:\/\/www.protect-the-planet.de\/en\/wp-json\/wp\/v2\/posts\/28390\/revisions"}],"wp:featuredmedia":[{"embeddable":true,"href":"https:\/\/www.protect-the-planet.de\/en\/wp-json\/wp\/v2\/media\/28163"}],"wp:attachment":[{"href":"https:\/\/www.protect-the-planet.de\/en\/wp-json\/wp\/v2\/media?parent=28390"}],"wp:term":[{"taxonomy":"category","embeddable":true,"href":"https:\/\/www.protect-the-planet.de\/en\/wp-json\/wp\/v2\/categories?post=28390"},{"taxonomy":"post_tag","embeddable":true,"href":"https:\/\/www.protect-the-planet.de\/en\/wp-json\/wp\/v2\/tags?post=28390"}],"curies":[{"name":"wp","href":"https:\/\/api.w.org\/{rel}","templated":true}]}}