{"id":28003,"date":"2024-07-16T11:21:45","date_gmt":"2024-07-16T09:21:45","guid":{"rendered":"https:\/\/www.protect-the-planet.de\/preview-zum-neuen-urgewald-dokumentarfilm\/"},"modified":"2024-07-29T09:53:50","modified_gmt":"2024-07-29T07:53:50","slug":"preview-zum-neuen-urgewald-dokumentarfilm","status":"publish","type":"post","link":"https:\/\/www.protect-the-planet.de\/en\/preview-zum-neuen-urgewald-dokumentarfilm\/","title":{"rendered":"Preview zum neuen urgewald-Dokumentarfilm: Auf den Spuren des Geldes"},"content":{"rendered":"\n<p>Auf ins historische M\u00fcnchner Filmtheater Sendlinger Tor: \u00dcber 150 Menschen sind der Einladung von Protect the Planet und <a href=\"https:\/\/www.urgewald.org\">urgewald e.V.<\/a> am Freitag, den 12.07.2024 gefolgt und haben auf dem exklusiven Preview-Event den neuen urgewald-Dokumentarfilm \u201e<em><a href=\"https:\/\/www.urgewald.org\/der-film\">Auf den Spuren des Geldes f\u00fcr Umwelt und Menschenrechte<\/a><\/em>\u201c angesehen. Schon vor dem Kino\u00a0sammelten sich die Zuschauer*innen in langen Schlangen \u2013 ein Abend auch f\u00fcr neue und alte Begegnungen, zum Vernetzen der M\u00fcnchner Klima-Szene und f\u00fcr spannende Erkenntnisse. Auch Protect the Planet-Gr\u00fcnderin und Aktivistin Dorothea Sick-Thies war f\u00fcr ein Gru\u00dfwort und anschlie\u00dfende Gespr\u00e4che vor Ort.<\/p>\n\n\n\n<blockquote class=\"wp-block-quote is-layout-flow wp-block-quote-is-layout-flow\">\n<p>In der anschlie\u00dfenden Talkrunde lobte die bekannte Klimaanw\u00e4ltin <a href=\"https:\/\/www.protect-the-planet.de\/en\/event\/2024-07-11-dr-roda-verheyen\/\">Roda Verheyen<\/a> die Doku: \u201eEs ist unheimlich wichtig, den Menschen so abstrakte Zusammenh\u00e4nge, wie die Geldfl\u00fcsse an den Kapitalm\u00e4rkten, emotional nahezubringen. Das schafft dieser Film. Wir m\u00fcssen dranbleiben!\u201c.<\/p>\n<\/blockquote>\n\n\n\n<h2 class=\"wp-block-heading\">\u00dcber den urgewald-Dokumentarfilm<\/h2>\n\n\n\n<p>Seit 1992 offenbart die Umwelt- und Menschenrechtsorganisation urgewald die Geldquellen hinter Projekten, die Natur zerst\u00f6ren, Klimaziele missachteen und Menschenrechte verletzen. Der neue Dokumentarfilm zeigt, wie vor 30 Jahren eine Hand voll Aktivist*innen an einem WG-Tisch den Grundstein legten. Und, wie aus dem kleinen Verein in der m\u00fcnsterl\u00e4ndischen Provinz eine anerkannte, schlagkr\u00e4ftige Organisation wurde, die auf internationalen Klima-Konferenzen und in den Vorstandsetagen der Gro\u00dfkonzerne geh\u00f6rt wird.<\/p>\n\n\n\n<p>Die Preview entstand in Zusammenarbeit mit urgewald, Protect the Planet und W-Film, unterst\u00fctzt von der Sick-Umweltstiftung.<\/p>\n\n\n\n<p>F\u00fcr die Projektpartner*innen war es ein gelungener Auftakt f\u00fcr den Kinostart der Doku im Oktober 2024. Bleiben Sie am Ball \u2013 weitere Vorstellungen mit spannende Talk-Runden erwarten Sie im Herbst! <a href=\"https:\/\/www.protect-the-planet.de\/en\/newsletters\/\">Melden Sie sich zu unserem Newsletter an<\/a>, um nichts zu verpassen.<\/p>\n\n\n\n<p>Wenn Sie nicht bis Oktober warten m\u00f6chten, finden Sie weitere Film-Termine unter www.urgewald.org\/der-film.<\/p>\n\n\n\n<div class=\"wp-block-columns is-layout-flex wp-container-core-columns-is-layout-28f84493 wp-block-columns-is-layout-flex\">\n<div class=\"wp-block-column is-layout-flow wp-block-column-is-layout-flow\" style=\"flex-basis:100%\">\n<figure class=\"wp-block-gallery has-nested-images columns-default is-cropped wp-block-gallery-1 is-layout-flex wp-block-gallery-is-layout-flex\">\n<figure class=\"wp-block-image size-large\"><img fetchpriority=\"high\" decoding=\"async\" width=\"768\" height=\"1024\" data-id=\"27773\" src=\"https:\/\/www.protect-the-planet.de\/wp-content\/uploads\/2024\/07\/2024-07-12_urgewald-Preview-Muc_c-Fenya-Kirst-PtP-IMG_0614-768x1024.jpg\" alt=\"\" class=\"wp-image-27773\" srcset=\"https:\/\/www.protect-the-planet.de\/wp-content\/uploads\/2024\/07\/2024-07-12_urgewald-Preview-Muc_c-Fenya-Kirst-PtP-IMG_0614-768x1024.jpg 768w, https:\/\/www.protect-the-planet.de\/wp-content\/uploads\/2024\/07\/2024-07-12_urgewald-Preview-Muc_c-Fenya-Kirst-PtP-IMG_0614-225x300.jpg 225w, https:\/\/www.protect-the-planet.de\/wp-content\/uploads\/2024\/07\/2024-07-12_urgewald-Preview-Muc_c-Fenya-Kirst-PtP-IMG_0614-1152x1536.jpg 1152w, https:\/\/www.protect-the-planet.de\/wp-content\/uploads\/2024\/07\/2024-07-12_urgewald-Preview-Muc_c-Fenya-Kirst-PtP-IMG_0614-1536x2048.jpg 1536w, https:\/\/www.protect-the-planet.de\/wp-content\/uploads\/2024\/07\/2024-07-12_urgewald-Preview-Muc_c-Fenya-Kirst-PtP-IMG_0614-1320x1760.jpg 1320w, https:\/\/www.protect-the-planet.de\/wp-content\/uploads\/2024\/07\/2024-07-12_urgewald-Preview-Muc_c-Fenya-Kirst-PtP-IMG_0614-scaled.jpg 1920w\" sizes=\"(max-width: 768px) 100vw, 768px\" \/><\/figure>\n\n\n\n<figure class=\"wp-block-image size-large\"><img decoding=\"async\" width=\"768\" height=\"1024\" data-id=\"27801\" src=\"https:\/\/www.protect-the-planet.de\/wp-content\/uploads\/2024\/07\/2024-07-12_urgewald-Preview-Muc_c-Fritz-Lietsch-1-768x1024.jpg\" alt=\"\" class=\"wp-image-27801\" srcset=\"https:\/\/www.protect-the-planet.de\/wp-content\/uploads\/2024\/07\/2024-07-12_urgewald-Preview-Muc_c-Fritz-Lietsch-1-768x1024.jpg 768w, https:\/\/www.protect-the-planet.de\/wp-content\/uploads\/2024\/07\/2024-07-12_urgewald-Preview-Muc_c-Fritz-Lietsch-1-225x300.jpg 225w, https:\/\/www.protect-the-planet.de\/wp-content\/uploads\/2024\/07\/2024-07-12_urgewald-Preview-Muc_c-Fritz-Lietsch-1-1152x1536.jpg 1152w, https:\/\/www.protect-the-planet.de\/wp-content\/uploads\/2024\/07\/2024-07-12_urgewald-Preview-Muc_c-Fritz-Lietsch-1.jpg 1200w\" sizes=\"(max-width: 768px) 100vw, 768px\" \/><\/figure>\n\n\n\n<figure class=\"wp-block-image size-large\"><img decoding=\"async\" width=\"768\" height=\"1024\" data-id=\"27799\" src=\"https:\/\/www.protect-the-planet.de\/wp-content\/uploads\/2024\/07\/2024-07-12_urgewald-Preview-Muc_c-Fenya-Kirst-PtP-IMG_0686-768x1024.jpg\" alt=\"\" class=\"wp-image-27799\" srcset=\"https:\/\/www.protect-the-planet.de\/wp-content\/uploads\/2024\/07\/2024-07-12_urgewald-Preview-Muc_c-Fenya-Kirst-PtP-IMG_0686-768x1024.jpg 768w, https:\/\/www.protect-the-planet.de\/wp-content\/uploads\/2024\/07\/2024-07-12_urgewald-Preview-Muc_c-Fenya-Kirst-PtP-IMG_0686-225x300.jpg 225w, https:\/\/www.protect-the-planet.de\/wp-content\/uploads\/2024\/07\/2024-07-12_urgewald-Preview-Muc_c-Fenya-Kirst-PtP-IMG_0686-1152x1536.jpg 1152w, https:\/\/www.protect-the-planet.de\/wp-content\/uploads\/2024\/07\/2024-07-12_urgewald-Preview-Muc_c-Fenya-Kirst-PtP-IMG_0686-1536x2048.jpg 1536w, https:\/\/www.protect-the-planet.de\/wp-content\/uploads\/2024\/07\/2024-07-12_urgewald-Preview-Muc_c-Fenya-Kirst-PtP-IMG_0686-1320x1760.jpg 1320w, https:\/\/www.protect-the-planet.de\/wp-content\/uploads\/2024\/07\/2024-07-12_urgewald-Preview-Muc_c-Fenya-Kirst-PtP-IMG_0686-scaled.jpg 1920w\" sizes=\"(max-width: 768px) 100vw, 768px\" \/><\/figure>\n\n\n\n<figure class=\"wp-block-image size-large\"><img loading=\"lazy\" decoding=\"async\" width=\"768\" height=\"1024\" data-id=\"27797\" src=\"https:\/\/www.protect-the-planet.de\/wp-content\/uploads\/2024\/07\/2024-07-12_urgewald-Preview-Muc_c-Fenya-Kirst-PtP-IMG_0677-768x1024.jpg\" alt=\"\" class=\"wp-image-27797\" srcset=\"https:\/\/www.protect-the-planet.de\/wp-content\/uploads\/2024\/07\/2024-07-12_urgewald-Preview-Muc_c-Fenya-Kirst-PtP-IMG_0677-768x1024.jpg 768w, https:\/\/www.protect-the-planet.de\/wp-content\/uploads\/2024\/07\/2024-07-12_urgewald-Preview-Muc_c-Fenya-Kirst-PtP-IMG_0677-225x300.jpg 225w, https:\/\/www.protect-the-planet.de\/wp-content\/uploads\/2024\/07\/2024-07-12_urgewald-Preview-Muc_c-Fenya-Kirst-PtP-IMG_0677-1152x1536.jpg 1152w, https:\/\/www.protect-the-planet.de\/wp-content\/uploads\/2024\/07\/2024-07-12_urgewald-Preview-Muc_c-Fenya-Kirst-PtP-IMG_0677-1536x2048.jpg 1536w, https:\/\/www.protect-the-planet.de\/wp-content\/uploads\/2024\/07\/2024-07-12_urgewald-Preview-Muc_c-Fenya-Kirst-PtP-IMG_0677-1320x1760.jpg 1320w, https:\/\/www.protect-the-planet.de\/wp-content\/uploads\/2024\/07\/2024-07-12_urgewald-Preview-Muc_c-Fenya-Kirst-PtP-IMG_0677-scaled.jpg 1920w\" sizes=\"(max-width: 768px) 100vw, 768px\" \/><\/figure>\n\n\n\n<figure class=\"wp-block-image size-large\"><img loading=\"lazy\" decoding=\"async\" width=\"1024\" height=\"768\" data-id=\"27795\" src=\"https:\/\/www.protect-the-planet.de\/wp-content\/uploads\/2024\/07\/2024-07-12_urgewald-Preview-Muc_c-Fenya-Kirst-PtP-IMG_0641-1024x768.jpg\" alt=\"\" class=\"wp-image-27795\" srcset=\"https:\/\/www.protect-the-planet.de\/wp-content\/uploads\/2024\/07\/2024-07-12_urgewald-Preview-Muc_c-Fenya-Kirst-PtP-IMG_0641-1024x768.jpg 1024w, https:\/\/www.protect-the-planet.de\/wp-content\/uploads\/2024\/07\/2024-07-12_urgewald-Preview-Muc_c-Fenya-Kirst-PtP-IMG_0641-300x225.jpg 300w, https:\/\/www.protect-the-planet.de\/wp-content\/uploads\/2024\/07\/2024-07-12_urgewald-Preview-Muc_c-Fenya-Kirst-PtP-IMG_0641-768x576.jpg 768w, https:\/\/www.protect-the-planet.de\/wp-content\/uploads\/2024\/07\/2024-07-12_urgewald-Preview-Muc_c-Fenya-Kirst-PtP-IMG_0641-1536x1152.jpg 1536w, https:\/\/www.protect-the-planet.de\/wp-content\/uploads\/2024\/07\/2024-07-12_urgewald-Preview-Muc_c-Fenya-Kirst-PtP-IMG_0641-2048x1536.jpg 2048w, https:\/\/www.protect-the-planet.de\/wp-content\/uploads\/2024\/07\/2024-07-12_urgewald-Preview-Muc_c-Fenya-Kirst-PtP-IMG_0641-1320x990.jpg 1320w\" sizes=\"(max-width: 1024px) 100vw, 1024px\" \/><\/figure>\n\n\n\n<figure class=\"wp-block-image size-large\"><img loading=\"lazy\" decoding=\"async\" width=\"1024\" height=\"768\" data-id=\"27793\" src=\"https:\/\/www.protect-the-planet.de\/wp-content\/uploads\/2024\/07\/2024-07-12_urgewald-Preview-Muc_c-Fenya-Kirst-PtP-IMG_0602-1024x768.jpg\" alt=\"\" class=\"wp-image-27793\" srcset=\"https:\/\/www.protect-the-planet.de\/wp-content\/uploads\/2024\/07\/2024-07-12_urgewald-Preview-Muc_c-Fenya-Kirst-PtP-IMG_0602-1024x768.jpg 1024w, https:\/\/www.protect-the-planet.de\/wp-content\/uploads\/2024\/07\/2024-07-12_urgewald-Preview-Muc_c-Fenya-Kirst-PtP-IMG_0602-300x225.jpg 300w, https:\/\/www.protect-the-planet.de\/wp-content\/uploads\/2024\/07\/2024-07-12_urgewald-Preview-Muc_c-Fenya-Kirst-PtP-IMG_0602-768x576.jpg 768w, https:\/\/www.protect-the-planet.de\/wp-content\/uploads\/2024\/07\/2024-07-12_urgewald-Preview-Muc_c-Fenya-Kirst-PtP-IMG_0602-1536x1152.jpg 1536w, https:\/\/www.protect-the-planet.de\/wp-content\/uploads\/2024\/07\/2024-07-12_urgewald-Preview-Muc_c-Fenya-Kirst-PtP-IMG_0602-2048x1536.jpg 2048w, https:\/\/www.protect-the-planet.de\/wp-content\/uploads\/2024\/07\/2024-07-12_urgewald-Preview-Muc_c-Fenya-Kirst-PtP-IMG_0602-1320x990.jpg 1320w\" sizes=\"(max-width: 1024px) 100vw, 1024px\" \/><\/figure>\n\n\n\n<figure class=\"wp-block-image size-large\"><img loading=\"lazy\" decoding=\"async\" width=\"1024\" height=\"768\" data-id=\"27791\" src=\"https:\/\/www.protect-the-planet.de\/wp-content\/uploads\/2024\/07\/2024-07-12_urgewald-Preview-Muc_c-Fenya-Kirst-PtP-IMG_0583-1024x768.jpg\" alt=\"\" class=\"wp-image-27791\" srcset=\"https:\/\/www.protect-the-planet.de\/wp-content\/uploads\/2024\/07\/2024-07-12_urgewald-Preview-Muc_c-Fenya-Kirst-PtP-IMG_0583-1024x768.jpg 1024w, https:\/\/www.protect-the-planet.de\/wp-content\/uploads\/2024\/07\/2024-07-12_urgewald-Preview-Muc_c-Fenya-Kirst-PtP-IMG_0583-300x225.jpg 300w, https:\/\/www.protect-the-planet.de\/wp-content\/uploads\/2024\/07\/2024-07-12_urgewald-Preview-Muc_c-Fenya-Kirst-PtP-IMG_0583-768x576.jpg 768w, https:\/\/www.protect-the-planet.de\/wp-content\/uploads\/2024\/07\/2024-07-12_urgewald-Preview-Muc_c-Fenya-Kirst-PtP-IMG_0583-1536x1152.jpg 1536w, https:\/\/www.protect-the-planet.de\/wp-content\/uploads\/2024\/07\/2024-07-12_urgewald-Preview-Muc_c-Fenya-Kirst-PtP-IMG_0583-2048x1536.jpg 2048w, https:\/\/www.protect-the-planet.de\/wp-content\/uploads\/2024\/07\/2024-07-12_urgewald-Preview-Muc_c-Fenya-Kirst-PtP-IMG_0583-1320x990.jpg 1320w\" sizes=\"(max-width: 1024px) 100vw, 1024px\" \/><\/figure>\n\n\n\n<figure class=\"wp-block-image size-large\"><img loading=\"lazy\" decoding=\"async\" width=\"1024\" height=\"768\" data-id=\"27789\" src=\"https:\/\/www.protect-the-planet.de\/wp-content\/uploads\/2024\/07\/2024-07-12_urgewald-Preview-Muc_c-Fenya-Kirst-PtP-IMG_0662-1024x768.jpg\" alt=\"\" class=\"wp-image-27789\" srcset=\"https:\/\/www.protect-the-planet.de\/wp-content\/uploads\/2024\/07\/2024-07-12_urgewald-Preview-Muc_c-Fenya-Kirst-PtP-IMG_0662-1024x768.jpg 1024w, https:\/\/www.protect-the-planet.de\/wp-content\/uploads\/2024\/07\/2024-07-12_urgewald-Preview-Muc_c-Fenya-Kirst-PtP-IMG_0662-300x225.jpg 300w, https:\/\/www.protect-the-planet.de\/wp-content\/uploads\/2024\/07\/2024-07-12_urgewald-Preview-Muc_c-Fenya-Kirst-PtP-IMG_0662-768x576.jpg 768w, https:\/\/www.protect-the-planet.de\/wp-content\/uploads\/2024\/07\/2024-07-12_urgewald-Preview-Muc_c-Fenya-Kirst-PtP-IMG_0662-1536x1152.jpg 1536w, https:\/\/www.protect-the-planet.de\/wp-content\/uploads\/2024\/07\/2024-07-12_urgewald-Preview-Muc_c-Fenya-Kirst-PtP-IMG_0662-2048x1536.jpg 2048w, https:\/\/www.protect-the-planet.de\/wp-content\/uploads\/2024\/07\/2024-07-12_urgewald-Preview-Muc_c-Fenya-Kirst-PtP-IMG_0662-1320x990.jpg 1320w\" sizes=\"(max-width: 1024px) 100vw, 1024px\" \/><\/figure>\n\n\n\n<figure class=\"wp-block-image size-large\"><img loading=\"lazy\" decoding=\"async\" width=\"1024\" height=\"768\" data-id=\"27787\" src=\"https:\/\/www.protect-the-planet.de\/wp-content\/uploads\/2024\/07\/2024-07-12_urgewald-Preview-Muc_c-Stefan-Barbarino-IMG_4275-1024x768.jpeg\" alt=\"\" class=\"wp-image-27787\" srcset=\"https:\/\/www.protect-the-planet.de\/wp-content\/uploads\/2024\/07\/2024-07-12_urgewald-Preview-Muc_c-Stefan-Barbarino-IMG_4275-1024x768.jpeg 1024w, https:\/\/www.protect-the-planet.de\/wp-content\/uploads\/2024\/07\/2024-07-12_urgewald-Preview-Muc_c-Stefan-Barbarino-IMG_4275-300x225.jpeg 300w, https:\/\/www.protect-the-planet.de\/wp-content\/uploads\/2024\/07\/2024-07-12_urgewald-Preview-Muc_c-Stefan-Barbarino-IMG_4275-768x576.jpeg 768w, https:\/\/www.protect-the-planet.de\/wp-content\/uploads\/2024\/07\/2024-07-12_urgewald-Preview-Muc_c-Stefan-Barbarino-IMG_4275.jpeg 1280w\" sizes=\"(max-width: 1024px) 100vw, 1024px\" \/><\/figure>\n<\/figure>\n<\/div>\n<\/div>\n","protected":false},"excerpt":{"rendered":"<p>Auf ins historische M\u00fcnchner Filmtheater Sendlinger Tor: \u00dcber 150 Menschen sind der Einladung von Protect the Planet und urgewald e.V. am Freitag, den 12.07.2024 gefolgt und haben auf dem exklusiven Preview-Event den neuen urgewald-Dokumentarfilm \u201eAuf den Spuren des Geldes f\u00fcr Umwelt und Menschenrechte\u201c angesehen. Schon vor dem Kino\u00a0sammelten sich die Zuschauer*innen in langen Schlangen \u2013 [&hellip;]<\/p>\n","protected":false},"author":6,"featured_media":27769,"comment_status":"closed","ping_status":"closed","sticky":false,"template":"","format":"standard","meta":{"footnotes":""},"categories":[729],"tags":[1199,710,753,1101,1200,1201],"class_list":["post-28003","post","type-post","status-publish","format-standard","has-post-thumbnail","hentry","category-news","tag-filmtheater-sendlinger-tor-en","tag-klimaschutz-en","tag-muenchen-en","tag-urgewald-en","tag-urgewald-dokumentarfilm-en","tag-veranstaltung-en"],"yoast_head":"<!-- This site is optimized with the Yoast SEO plugin v27.5 - https:\/\/yoast.com\/product\/yoast-seo-wordpress\/ -->\n<title>Preview zum neuen urgewald-Dokumentarfilm: Auf den Spuren des Geldes - Protect the Planet<\/title>\n<meta name=\"description\" content=\"\u00dcber 150 Menschen beim Preview-Event zum neuen urgewald-Dokumentarfilm in M\u00fcnchen: ein Abend f\u00fcr spannende Gespr\u00e4che und Erkenntnisse.\" \/>\n<meta name=\"robots\" content=\"index, follow, max-snippet:-1, max-image-preview:large, max-video-preview:-1\" \/>\n<link rel=\"canonical\" href=\"https:\/\/www.protect-the-planet.de\/en\/preview-zum-neuen-urgewald-dokumentarfilm\/\" \/>\n<meta property=\"og:locale\" content=\"en_US\" \/>\n<meta property=\"og:type\" content=\"article\" \/>\n<meta property=\"og:title\" content=\"Preview zum neuen urgewald-Dokumentarfilm: Auf den Spuren des Geldes - Protect the Planet\" \/>\n<meta property=\"og:description\" content=\"\u00dcber 150 Menschen beim Preview-Event zum neuen urgewald-Dokumentarfilm in M\u00fcnchen: ein Abend f\u00fcr spannende Gespr\u00e4che und Erkenntnisse.\" \/>\n<meta property=\"og:url\" content=\"https:\/\/www.protect-the-planet.de\/en\/preview-zum-neuen-urgewald-dokumentarfilm\/\" \/>\n<meta property=\"og:site_name\" content=\"Protect the Planet\" \/>\n<meta property=\"article:publisher\" content=\"https:\/\/www.facebook.com\/protecttheplanetDE\/\" \/>\n<meta property=\"article:published_time\" content=\"2024-07-16T09:21:45+00:00\" \/>\n<meta property=\"article:modified_time\" content=\"2024-07-29T07:53:50+00:00\" \/>\n<meta property=\"og:image\" content=\"https:\/\/www.protect-the-planet.de\/wp-content\/uploads\/2024\/07\/news_urgewald-preview-11.07.jpg\" \/>\n\t<meta property=\"og:image:width\" content=\"900\" \/>\n\t<meta property=\"og:image:height\" content=\"550\" \/>\n\t<meta property=\"og:image:type\" content=\"image\/jpeg\" \/>\n<meta name=\"author\" content=\"Fenya Kirst\" \/>\n<meta name=\"twitter:card\" content=\"summary_large_image\" \/>\n<meta name=\"twitter:creator\" content=\"@PtP_de\" \/>\n<meta name=\"twitter:site\" content=\"@PtP_de\" \/>\n<meta name=\"twitter:label1\" content=\"Written by\" \/>\n\t<meta name=\"twitter:data1\" content=\"Fenya Kirst\" \/>\n\t<meta name=\"twitter:label2\" content=\"Est. reading time\" \/>\n\t<meta name=\"twitter:data2\" content=\"4 minutes\" \/>\n<script type=\"application\/ld+json\" class=\"yoast-schema-graph\">{\"@context\":\"https:\\\/\\\/schema.org\",\"@graph\":[{\"@type\":\"Article\",\"@id\":\"https:\\\/\\\/www.protect-the-planet.de\\\/en\\\/preview-zum-neuen-urgewald-dokumentarfilm\\\/#article\",\"isPartOf\":{\"@id\":\"https:\\\/\\\/www.protect-the-planet.de\\\/en\\\/preview-zum-neuen-urgewald-dokumentarfilm\\\/\"},\"author\":{\"name\":\"Fenya Kirst\",\"@id\":\"https:\\\/\\\/www.protect-the-planet.de\\\/en\\\/#\\\/schema\\\/person\\\/34a10854efaaf0bf11a3b6fbe966fcd0\"},\"headline\":\"Preview zum neuen urgewald-Dokumentarfilm: Auf den Spuren des Geldes\",\"datePublished\":\"2024-07-16T09:21:45+00:00\",\"dateModified\":\"2024-07-29T07:53:50+00:00\",\"mainEntityOfPage\":{\"@id\":\"https:\\\/\\\/www.protect-the-planet.de\\\/en\\\/preview-zum-neuen-urgewald-dokumentarfilm\\\/\"},\"wordCount\":299,\"publisher\":{\"@id\":\"https:\\\/\\\/www.protect-the-planet.de\\\/en\\\/#organization\"},\"image\":{\"@id\":\"https:\\\/\\\/www.protect-the-planet.de\\\/en\\\/preview-zum-neuen-urgewald-dokumentarfilm\\\/#primaryimage\"},\"thumbnailUrl\":\"https:\\\/\\\/www.protect-the-planet.de\\\/wp-content\\\/uploads\\\/2024\\\/07\\\/news_urgewald-preview-11.07.jpg\",\"keywords\":[\"filmtheater Sendlinger tor\",\"Klimaschutz\",\"M\u00fcnchen\",\"urgewald\",\"urgewald dokumentarfilm\",\"veranstaltung\"],\"articleSection\":[\"News\"],\"inLanguage\":\"en-US\"},{\"@type\":\"WebPage\",\"@id\":\"https:\\\/\\\/www.protect-the-planet.de\\\/en\\\/preview-zum-neuen-urgewald-dokumentarfilm\\\/\",\"url\":\"https:\\\/\\\/www.protect-the-planet.de\\\/en\\\/preview-zum-neuen-urgewald-dokumentarfilm\\\/\",\"name\":\"Preview zum neuen urgewald-Dokumentarfilm: Auf den Spuren des Geldes - Protect the Planet\",\"isPartOf\":{\"@id\":\"https:\\\/\\\/www.protect-the-planet.de\\\/en\\\/#website\"},\"primaryImageOfPage\":{\"@id\":\"https:\\\/\\\/www.protect-the-planet.de\\\/en\\\/preview-zum-neuen-urgewald-dokumentarfilm\\\/#primaryimage\"},\"image\":{\"@id\":\"https:\\\/\\\/www.protect-the-planet.de\\\/en\\\/preview-zum-neuen-urgewald-dokumentarfilm\\\/#primaryimage\"},\"thumbnailUrl\":\"https:\\\/\\\/www.protect-the-planet.de\\\/wp-content\\\/uploads\\\/2024\\\/07\\\/news_urgewald-preview-11.07.jpg\",\"datePublished\":\"2024-07-16T09:21:45+00:00\",\"dateModified\":\"2024-07-29T07:53:50+00:00\",\"description\":\"\u00dcber 150 Menschen beim Preview-Event zum neuen urgewald-Dokumentarfilm in M\u00fcnchen: ein Abend f\u00fcr spannende Gespr\u00e4che und Erkenntnisse.\",\"breadcrumb\":{\"@id\":\"https:\\\/\\\/www.protect-the-planet.de\\\/en\\\/preview-zum-neuen-urgewald-dokumentarfilm\\\/#breadcrumb\"},\"inLanguage\":\"en-US\",\"potentialAction\":[{\"@type\":\"ReadAction\",\"target\":[\"https:\\\/\\\/www.protect-the-planet.de\\\/en\\\/preview-zum-neuen-urgewald-dokumentarfilm\\\/\"]}]},{\"@type\":\"ImageObject\",\"inLanguage\":\"en-US\",\"@id\":\"https:\\\/\\\/www.protect-the-planet.de\\\/en\\\/preview-zum-neuen-urgewald-dokumentarfilm\\\/#primaryimage\",\"url\":\"https:\\\/\\\/www.protect-the-planet.de\\\/wp-content\\\/uploads\\\/2024\\\/07\\\/news_urgewald-preview-11.07.jpg\",\"contentUrl\":\"https:\\\/\\\/www.protect-the-planet.de\\\/wp-content\\\/uploads\\\/2024\\\/07\\\/news_urgewald-preview-11.07.jpg\",\"width\":900,\"height\":550},{\"@type\":\"BreadcrumbList\",\"@id\":\"https:\\\/\\\/www.protect-the-planet.de\\\/en\\\/preview-zum-neuen-urgewald-dokumentarfilm\\\/#breadcrumb\",\"itemListElement\":[{\"@type\":\"ListItem\",\"position\":1,\"name\":\"Startseite\",\"item\":\"https:\\\/\\\/www.protect-the-planet.de\\\/en\\\/home\\\/\"},{\"@type\":\"ListItem\",\"position\":2,\"name\":\"Preview zum neuen urgewald-Dokumentarfilm: Auf den Spuren des Geldes\"}]},{\"@type\":\"WebSite\",\"@id\":\"https:\\\/\\\/www.protect-the-planet.de\\\/en\\\/#website\",\"url\":\"https:\\\/\\\/www.protect-the-planet.de\\\/en\\\/\",\"name\":\"Protect the Planet\",\"description\":\"If we don&#039;t change, the climate will.\",\"publisher\":{\"@id\":\"https:\\\/\\\/www.protect-the-planet.de\\\/en\\\/#organization\"},\"alternateName\":\"Protect the Panet gGmbH\",\"potentialAction\":[{\"@type\":\"SearchAction\",\"target\":{\"@type\":\"EntryPoint\",\"urlTemplate\":\"https:\\\/\\\/www.protect-the-planet.de\\\/en\\\/?s={search_term_string}\"},\"query-input\":{\"@type\":\"PropertyValueSpecification\",\"valueRequired\":true,\"valueName\":\"search_term_string\"}}],\"inLanguage\":\"en-US\"},{\"@type\":\"Organization\",\"@id\":\"https:\\\/\\\/www.protect-the-planet.de\\\/en\\\/#organization\",\"name\":\"Protect the Planet\",\"url\":\"https:\\\/\\\/www.protect-the-planet.de\\\/en\\\/\",\"logo\":{\"@type\":\"ImageObject\",\"inLanguage\":\"en-US\",\"@id\":\"https:\\\/\\\/www.protect-the-planet.de\\\/en\\\/#\\\/schema\\\/logo\\\/image\\\/\",\"url\":\"https:\\\/\\\/www.protect-the-planet.de\\\/wp-content\\\/uploads\\\/2023\\\/09\\\/LOGO-positiv_transparent-klein.png\",\"contentUrl\":\"https:\\\/\\\/www.protect-the-planet.de\\\/wp-content\\\/uploads\\\/2023\\\/09\\\/LOGO-positiv_transparent-klein.png\",\"width\":123,\"height\":68,\"caption\":\"Protect the Planet\"},\"image\":{\"@id\":\"https:\\\/\\\/www.protect-the-planet.de\\\/en\\\/#\\\/schema\\\/logo\\\/image\\\/\"},\"sameAs\":[\"https:\\\/\\\/www.facebook.com\\\/protecttheplanetDE\\\/\",\"https:\\\/\\\/x.com\\\/PtP_de\",\"https:\\\/\\\/www.instagram.com\\\/protecttheplanetorg\\\/\",\"https:\\\/\\\/www.linkedin.com\\\/company\\\/protect-the-planet\",\"https:\\\/\\\/www.youtube.com\\\/@protecttheplanet\"]},{\"@type\":\"Person\",\"@id\":\"https:\\\/\\\/www.protect-the-planet.de\\\/en\\\/#\\\/schema\\\/person\\\/34a10854efaaf0bf11a3b6fbe966fcd0\",\"name\":\"Fenya Kirst\",\"image\":{\"@type\":\"ImageObject\",\"inLanguage\":\"en-US\",\"@id\":\"https:\\\/\\\/www.protect-the-planet.de\\\/wp-content\\\/uploads\\\/2024\\\/03\\\/cropped-2310_ProtectThePlanet_Portraet-Fenya-quadr-scaled-1-96x96.jpg\",\"url\":\"https:\\\/\\\/www.protect-the-planet.de\\\/wp-content\\\/uploads\\\/2024\\\/03\\\/cropped-2310_ProtectThePlanet_Portraet-Fenya-quadr-scaled-1-96x96.jpg\",\"contentUrl\":\"https:\\\/\\\/www.protect-the-planet.de\\\/wp-content\\\/uploads\\\/2024\\\/03\\\/cropped-2310_ProtectThePlanet_Portraet-Fenya-quadr-scaled-1-96x96.jpg\",\"caption\":\"Fenya Kirst\"},\"description\":\"fenya.kirst@protect-the-planet.de +49 162 9085805\",\"url\":\"https:\\\/\\\/www.protect-the-planet.de\\\/en\\\/author\\\/fenya-kirst\\\/\"}]}<\/script>\n<!-- \/ Yoast SEO plugin. -->","yoast_head_json":{"title":"Preview zum neuen urgewald-Dokumentarfilm: Auf den Spuren des Geldes - Protect the Planet","description":"\u00dcber 150 Menschen beim Preview-Event zum neuen urgewald-Dokumentarfilm in M\u00fcnchen: ein Abend f\u00fcr spannende Gespr\u00e4che und Erkenntnisse.","robots":{"index":"index","follow":"follow","max-snippet":"max-snippet:-1","max-image-preview":"max-image-preview:large","max-video-preview":"max-video-preview:-1"},"canonical":"https:\/\/www.protect-the-planet.de\/en\/preview-zum-neuen-urgewald-dokumentarfilm\/","og_locale":"en_US","og_type":"article","og_title":"Preview zum neuen urgewald-Dokumentarfilm: Auf den Spuren des Geldes - Protect the Planet","og_description":"\u00dcber 150 Menschen beim Preview-Event zum neuen urgewald-Dokumentarfilm in M\u00fcnchen: ein Abend f\u00fcr spannende Gespr\u00e4che und Erkenntnisse.","og_url":"https:\/\/www.protect-the-planet.de\/en\/preview-zum-neuen-urgewald-dokumentarfilm\/","og_site_name":"Protect the Planet","article_publisher":"https:\/\/www.facebook.com\/protecttheplanetDE\/","article_published_time":"2024-07-16T09:21:45+00:00","article_modified_time":"2024-07-29T07:53:50+00:00","og_image":[{"width":900,"height":550,"url":"https:\/\/www.protect-the-planet.de\/wp-content\/uploads\/2024\/07\/news_urgewald-preview-11.07.jpg","type":"image\/jpeg"}],"author":"Fenya Kirst","twitter_card":"summary_large_image","twitter_creator":"@PtP_de","twitter_site":"@PtP_de","twitter_misc":{"Written by":"Fenya Kirst","Est. reading time":"4 minutes"},"schema":{"@context":"https:\/\/schema.org","@graph":[{"@type":"Article","@id":"https:\/\/www.protect-the-planet.de\/en\/preview-zum-neuen-urgewald-dokumentarfilm\/#article","isPartOf":{"@id":"https:\/\/www.protect-the-planet.de\/en\/preview-zum-neuen-urgewald-dokumentarfilm\/"},"author":{"name":"Fenya Kirst","@id":"https:\/\/www.protect-the-planet.de\/en\/#\/schema\/person\/34a10854efaaf0bf11a3b6fbe966fcd0"},"headline":"Preview zum neuen urgewald-Dokumentarfilm: Auf den Spuren des Geldes","datePublished":"2024-07-16T09:21:45+00:00","dateModified":"2024-07-29T07:53:50+00:00","mainEntityOfPage":{"@id":"https:\/\/www.protect-the-planet.de\/en\/preview-zum-neuen-urgewald-dokumentarfilm\/"},"wordCount":299,"publisher":{"@id":"https:\/\/www.protect-the-planet.de\/en\/#organization"},"image":{"@id":"https:\/\/www.protect-the-planet.de\/en\/preview-zum-neuen-urgewald-dokumentarfilm\/#primaryimage"},"thumbnailUrl":"https:\/\/www.protect-the-planet.de\/wp-content\/uploads\/2024\/07\/news_urgewald-preview-11.07.jpg","keywords":["filmtheater Sendlinger tor","Klimaschutz","M\u00fcnchen","urgewald","urgewald dokumentarfilm","veranstaltung"],"articleSection":["News"],"inLanguage":"en-US"},{"@type":"WebPage","@id":"https:\/\/www.protect-the-planet.de\/en\/preview-zum-neuen-urgewald-dokumentarfilm\/","url":"https:\/\/www.protect-the-planet.de\/en\/preview-zum-neuen-urgewald-dokumentarfilm\/","name":"Preview zum neuen urgewald-Dokumentarfilm: Auf den Spuren des Geldes - Protect the Planet","isPartOf":{"@id":"https:\/\/www.protect-the-planet.de\/en\/#website"},"primaryImageOfPage":{"@id":"https:\/\/www.protect-the-planet.de\/en\/preview-zum-neuen-urgewald-dokumentarfilm\/#primaryimage"},"image":{"@id":"https:\/\/www.protect-the-planet.de\/en\/preview-zum-neuen-urgewald-dokumentarfilm\/#primaryimage"},"thumbnailUrl":"https:\/\/www.protect-the-planet.de\/wp-content\/uploads\/2024\/07\/news_urgewald-preview-11.07.jpg","datePublished":"2024-07-16T09:21:45+00:00","dateModified":"2024-07-29T07:53:50+00:00","description":"\u00dcber 150 Menschen beim Preview-Event zum neuen urgewald-Dokumentarfilm in M\u00fcnchen: ein Abend f\u00fcr spannende Gespr\u00e4che und Erkenntnisse.","breadcrumb":{"@id":"https:\/\/www.protect-the-planet.de\/en\/preview-zum-neuen-urgewald-dokumentarfilm\/#breadcrumb"},"inLanguage":"en-US","potentialAction":[{"@type":"ReadAction","target":["https:\/\/www.protect-the-planet.de\/en\/preview-zum-neuen-urgewald-dokumentarfilm\/"]}]},{"@type":"ImageObject","inLanguage":"en-US","@id":"https:\/\/www.protect-the-planet.de\/en\/preview-zum-neuen-urgewald-dokumentarfilm\/#primaryimage","url":"https:\/\/www.protect-the-planet.de\/wp-content\/uploads\/2024\/07\/news_urgewald-preview-11.07.jpg","contentUrl":"https:\/\/www.protect-the-planet.de\/wp-content\/uploads\/2024\/07\/news_urgewald-preview-11.07.jpg","width":900,"height":550},{"@type":"BreadcrumbList","@id":"https:\/\/www.protect-the-planet.de\/en\/preview-zum-neuen-urgewald-dokumentarfilm\/#breadcrumb","itemListElement":[{"@type":"ListItem","position":1,"name":"Startseite","item":"https:\/\/www.protect-the-planet.de\/en\/home\/"},{"@type":"ListItem","position":2,"name":"Preview zum neuen urgewald-Dokumentarfilm: Auf den Spuren des Geldes"}]},{"@type":"WebSite","@id":"https:\/\/www.protect-the-planet.de\/en\/#website","url":"https:\/\/www.protect-the-planet.de\/en\/","name":"Protect the Planet","description":"If we don&#039;t change, the climate will.","publisher":{"@id":"https:\/\/www.protect-the-planet.de\/en\/#organization"},"alternateName":"Protect the Panet gGmbH","potentialAction":[{"@type":"SearchAction","target":{"@type":"EntryPoint","urlTemplate":"https:\/\/www.protect-the-planet.de\/en\/?s={search_term_string}"},"query-input":{"@type":"PropertyValueSpecification","valueRequired":true,"valueName":"search_term_string"}}],"inLanguage":"en-US"},{"@type":"Organization","@id":"https:\/\/www.protect-the-planet.de\/en\/#organization","name":"Protect the Planet","url":"https:\/\/www.protect-the-planet.de\/en\/","logo":{"@type":"ImageObject","inLanguage":"en-US","@id":"https:\/\/www.protect-the-planet.de\/en\/#\/schema\/logo\/image\/","url":"https:\/\/www.protect-the-planet.de\/wp-content\/uploads\/2023\/09\/LOGO-positiv_transparent-klein.png","contentUrl":"https:\/\/www.protect-the-planet.de\/wp-content\/uploads\/2023\/09\/LOGO-positiv_transparent-klein.png","width":123,"height":68,"caption":"Protect the Planet"},"image":{"@id":"https:\/\/www.protect-the-planet.de\/en\/#\/schema\/logo\/image\/"},"sameAs":["https:\/\/www.facebook.com\/protecttheplanetDE\/","https:\/\/x.com\/PtP_de","https:\/\/www.instagram.com\/protecttheplanetorg\/","https:\/\/www.linkedin.com\/company\/protect-the-planet","https:\/\/www.youtube.com\/@protecttheplanet"]},{"@type":"Person","@id":"https:\/\/www.protect-the-planet.de\/en\/#\/schema\/person\/34a10854efaaf0bf11a3b6fbe966fcd0","name":"Fenya Kirst","image":{"@type":"ImageObject","inLanguage":"en-US","@id":"https:\/\/www.protect-the-planet.de\/wp-content\/uploads\/2024\/03\/cropped-2310_ProtectThePlanet_Portraet-Fenya-quadr-scaled-1-96x96.jpg","url":"https:\/\/www.protect-the-planet.de\/wp-content\/uploads\/2024\/03\/cropped-2310_ProtectThePlanet_Portraet-Fenya-quadr-scaled-1-96x96.jpg","contentUrl":"https:\/\/www.protect-the-planet.de\/wp-content\/uploads\/2024\/03\/cropped-2310_ProtectThePlanet_Portraet-Fenya-quadr-scaled-1-96x96.jpg","caption":"Fenya Kirst"},"description":"fenya.kirst@protect-the-planet.de +49 162 9085805","url":"https:\/\/www.protect-the-planet.de\/en\/author\/fenya-kirst\/"}]}},"_links":{"self":[{"href":"https:\/\/www.protect-the-planet.de\/en\/wp-json\/wp\/v2\/posts\/28003","targetHints":{"allow":["GET"]}}],"collection":[{"href":"https:\/\/www.protect-the-planet.de\/en\/wp-json\/wp\/v2\/posts"}],"about":[{"href":"https:\/\/www.protect-the-planet.de\/en\/wp-json\/wp\/v2\/types\/post"}],"author":[{"embeddable":true,"href":"https:\/\/www.protect-the-planet.de\/en\/wp-json\/wp\/v2\/users\/6"}],"replies":[{"embeddable":true,"href":"https:\/\/www.protect-the-planet.de\/en\/wp-json\/wp\/v2\/comments?post=28003"}],"version-history":[{"count":0,"href":"https:\/\/www.protect-the-planet.de\/en\/wp-json\/wp\/v2\/posts\/28003\/revisions"}],"wp:featuredmedia":[{"embeddable":true,"href":"https:\/\/www.protect-the-planet.de\/en\/wp-json\/wp\/v2\/media\/27769"}],"wp:attachment":[{"href":"https:\/\/www.protect-the-planet.de\/en\/wp-json\/wp\/v2\/media?parent=28003"}],"wp:term":[{"taxonomy":"category","embeddable":true,"href":"https:\/\/www.protect-the-planet.de\/en\/wp-json\/wp\/v2\/categories?post=28003"},{"taxonomy":"post_tag","embeddable":true,"href":"https:\/\/www.protect-the-planet.de\/en\/wp-json\/wp\/v2\/tags?post=28003"}],"curies":[{"name":"wp","href":"https:\/\/api.w.org\/{rel}","templated":true}]}}